{"id":20157,"date":"2022-02-05T10:33:30","date_gmt":"2022-02-05T09:33:30","guid":{"rendered":"https:\/\/gaudiumetspes-blog.pl\/?p=20157"},"modified":"2022-02-05T10:33:30","modified_gmt":"2022-02-05T09:33:30","slug":"jak-sobie-radzic-ze-szczesciem","status":"publish","type":"post","link":"https:\/\/gaudiumetspes-blog.pl\/index.php\/2022\/02\/05\/jak-sobie-radzic-ze-szczesciem\/","title":{"rendered":"Jak sobie radzi\u0107 ze&#8230; szcz\u0119\u015bciem?&#8230;"},"content":{"rendered":"<p align=\"justify\"><span style=\"color: #000000;\"><span style=\"font-family: Book Antiqua, serif;\"><span style=\"font-size: large;\">Szcz\u0119\u015b\u0107 Bo\u017ce! Moi Drodzy, <b>w dniu <\/b><b>wczorajszym imieniny prze\u017cywa\u0142a nasza (czyli Marka i moja) Siostrzenica, Weronika Nied\u017awiedzka. Dzi\u0119kuj\u0105c Bogu za <\/b><b>Ni\u0105 i za <\/b><b>to, \u017ce codziennie czyni takie post\u0119py w m\u0105dro\u015bci, w \u0142asce u Boga i u ludzi, ca\u0142ym sercem \u017cyczymy, aby ani na moment nie zesz\u0142a z drogi, wskazanej przez Jezusa, ale sz\u0142a ni\u0105 bardzo wytrwale. Niech Jezus, kt\u00f3rego mo\u017ce ju\u017c przyjmowa\u0107 do serca w Komunii \u015awi\u0119tej, nape\u0142nia J\u0105 wszelkimi swoimi dobrami!<\/b><\/span><\/span><\/span><\/p>\n<p align=\"justify\"><span style=\"color: #000000;\"><span style=\"font-family: Book Antiqua, serif;\"><span style=\"font-size: large;\"><b>Imieniny prze\u017cywa\u0142 tak\u017ce wczoraj Ksi\u0105dz Andrzej Biernat, Dziekan mojego rodzinnego Dekanatu, w Bia\u0142ej Podlaskiej.<\/b><\/span><\/span><\/span><\/p>\n<p align=\"justify\"><span style=\"color: #000000;\"><span style=\"font-family: Book Antiqua, serif;\"><span style=\"font-size: large;\"><b>Dzisiaj natomiast siedemnast\u0105 rocznic\u0119 \u015bwi\u0119ce\u0144 biskupich prze\u017cywa Ksi\u0105dz Biskup Kazimierz Gurda, Pasterz Diecezji siedleckiej. Niech Najwy\u017cszy Pasterz udziela wszelkich \u0142ask i dobrych natchnie\u0144!<\/b><\/span><\/span><\/span><\/p>\n<p align=\"justify\"><span style=\"color: #000000;\"><span style=\"font-family: Book Antiqua, serif;\"><span style=\"font-size: large;\"><b>Imieniny natomiast prze\u017cywaj\u0105 dzi\u015b:<\/b><\/span><\/span><\/span><\/p>\n<p align=\"justify\"><span style=\"color: #000000;\">\u25ba<span style=\"font-family: Book Antiqua, serif;\"><span style=\"font-size: large;\"><b>Agata Witek, nale\u017c\u0105ca w swoim czasie do jednej z m\u0142odzie\u017cowych Wsp\u00f3lnot;<\/b><\/span><\/span><\/span><\/p>\n<p align=\"justify\"><span style=\"color: #000000;\">\u25ba<span style=\"font-family: Book Antiqua, serif;\"><span style=\"font-size: large;\"><b>Agata Bogusz, moja by\u0142a Uczennica w Liceum w \u017belechowie, zaanga\u017cowana w dzia\u0142alno\u015b\u0107 m\u0142odzie\u017cow\u0105 w tej\u017ce Parafii.<\/b><\/span><\/span><\/span><\/p>\n<p align=\"justify\"><span style=\"color: #000000;\"><span style=\"font-family: Book Antiqua, serif;\"><span style=\"font-size: large;\"><b>Wszystkim \u015bwi\u0119tuj\u0105cym \u017cycz\u0119 Bo\u017cej opieki i wszelkiego dobra! Zapewniam o modlitwie!<\/b><\/span><\/span><\/span><\/p>\n<p align=\"justify\"><span style=\"color: #000000;\"><span style=\"font-family: Book Antiqua, serif;\"><span style=\"font-size: large;\">Moi Drodzy, serdecznie dzi\u0119kujemy Ksi\u0119dzu Markowi i Siostrze Teresie za wczorajsze s\u0142\u00f3wko z Syberii. Dzi\u0119kujemy za to ciekawe zestawienie panowania dw\u00f3ch kr\u00f3l\u00f3w: Dawida i Heroda. Rzeczywi\u015bcie, tak r\u00f3\u017cnie obaj rozegrali swoje \u017cycie\u2026 To wa\u017cne wskazanie dla nas! Daje do my\u015blenia\u2026 <\/span><\/span><\/span><\/p>\n<p align=\"justify\"><span style=\"color: #000000;\"><span style=\"font-family: Book Antiqua, serif;\"><span style=\"font-size: large;\">Do\u0142\u0105czamy si\u0119 do \u017cycze\u0144 szybkiego powrotu do zdrowia Drogich Si\u00f3str \u2013 i zar\u00f3wno Siostry w Tiumenii, jaki i Siostry w Surgucie, jak i Ksi\u0119dza Marka, jak i ca\u0142\u0105 syberyjsk\u0105 Ekip\u0119 \u2013 otaczamy nasz\u0105 serdeczn\u0105 modlitw\u0105! Niech Ich Pan ma w swojej opiece, i Matka Naj\u015bwi\u0119tsza, i \u015awi\u0119ty J\u00f3zef Robotnik, i wszyscy \u015awi\u0119ci!<\/span><\/span><\/span><\/p>\n<p align=\"justify\"><span style=\"color: #000000;\"><span style=\"font-family: Book Antiqua, serif;\"><span style=\"font-size: large;\">Moi Drodzy, pami\u0119tajmy, \u017ce dzisiaj pierwsza sobota miesi\u0105ca. Osoby, kt\u00f3re obchodz\u0105 ten dzie\u0144, niech nie zapomn\u0105 w\u0142\u0105czy\u0107 si\u0119 w modlitw\u0119, ku czci Niepokalanego Serca Naj\u015bwi\u0119tszej Maryi Panny.<\/span><\/span><\/span><\/p>\n<p align=\"justify\"><span style=\"color: #000000;\"><span style=\"font-family: Book Antiqua, serif;\"><span style=\"font-size: large;\">Zach\u0119cam tak\u017ce do w\u0142\u0105czania si\u0119 w inicjatyw\u0119 <b>GIGANTYCZNEGO SZTURMU DO NIEBA<\/b> w intencji Duszpasterstwa Akademickiego, \u015arodowiska Akademickiego i M\u0142odzie\u017cy w Ko\u015bciele.<\/span><\/span><\/span><\/p>\n<p align=\"justify\"><span style=\"color: #000000;\"><span style=\"font-family: Book Antiqua, serif;\"><span style=\"font-size: large;\">A teraz ju\u017c zapraszam do pochylenia si\u0119 nad Bo\u017cym s\u0142owem dzisiejszej liturgii. <b>Co konkretnie m\u00f3wi dzi\u015b do mnie Pan? Z jakim przes\u0142aniem osobi\u015bcie do mnie si\u0119 zwraca?<\/b> Duchu \u015awi\u0119ty, przyjd\u017a z pomoc\u0105\u2026<\/span><\/span><\/span><\/p>\n<p align=\"justify\"><span style=\"color: #000000;\"><span style=\"font-family: Book Antiqua, serif;\"><span style=\"font-size: large;\"><b>Niech Was b\u0142ogos\u0142awi B\u00f3g Wszechmog\u0105cy: Ojciec + i Syn, i Duch \u015awi\u0119ty. Amen<\/b><\/span><\/span><\/span><\/p>\n<p align=\"center\"><span style=\"color: #000000;\"><span style=\"font-family: Book Antiqua, serif;\"><span style=\"font-size: large;\">Gaudium et spes! Ks. Jacek<\/span><\/span><\/span><\/p>\n<p align=\"center\">\n<p align=\"center\">\n<p align=\"center\">\n<p align=\"center\">\n<p align=\"center\">\n<p align=\"justify\"><span style=\"color: #000000;\"><span style=\"font-family: Book Antiqua, serif;\"><span style=\"font-size: large;\"><b>Sobota 4 Tygodnia zwyk\u0142ego, rok II,<\/b><\/span><\/span><\/span><\/p>\n<p align=\"justify\"><span style=\"color: #000000;\"><span style=\"font-family: Book Antiqua, serif;\"><span style=\"font-size: large;\"><b>Wspomnienie \u015aw. Agaty, Dziewicy i M\u0119czennicy,<\/b><\/span><\/span><\/span><\/p>\n<p align=\"justify\"><span style=\"color: #000000;\"><span style=\"font-family: Book Antiqua, serif;\"><span style=\"font-size: large;\"><b>5 lutego 2022.,<\/b><\/span><\/span><\/span><\/p>\n<p align=\"justify\"><span style=\"color: #000000;\"><span style=\"font-family: Book Antiqua, serif;\"><span style=\"font-size: large;\"><b>do czyta\u0144: 1 Krl 3,4\u201313; Mk 6,30\u201334<\/b><\/span><\/span><\/span><\/p>\n<p align=\"justify\">\n<p align=\"justify\">\n<p align=\"justify\">\n<p align=\"justify\">\n<p align=\"justify\">\n<p align=\"justify\"><span style=\"color: #000000;\"><span style=\"font-family: Book Antiqua, serif;\"><span style=\"font-size: large;\"><b>CZYTANIE Z PIERWSZEJ KSI\u0118GI KR\u00d3LEWSKIEJ:<\/b><\/span><\/span><\/span><\/p>\n<p align=\"justify\"><span style=\"color: #000000;\"><span style=\"font-family: Book Antiqua, serif;\"><span style=\"font-size: large;\"><b>Kr\u00f3l Salomon uda\u0142 si\u0119 do Gibeonu, aby tam z\u0142o\u017cy\u0107 ofiar\u0119, bo tam by\u0142a wielka wy\u017cyna. Salomon z\u0142o\u017cy\u0142 na owym o\u0142tarzu tysi\u0105c ofiar ca\u0142opalnych. W Gibeonie Pan ukaza\u0142 si\u0119 Salomonowi w nocy, we \u015bnie. Wtedy rzek\u0142 B\u00f3g: \u201ePro\u015b o to, co mam ci da\u0107\u201d. <\/b><\/span><\/span><\/span><\/p>\n<p align=\"justify\"><span style=\"color: #000000;\"><span style=\"font-family: Book Antiqua, serif;\"><span style=\"font-size: large;\"><b>A Salomon odrzek\u0142: \u201eTy\u015b okazywa\u0142 Twemu s\u0142udze Dawidowi, memu ojcu, wielk\u0105 \u0142ask\u0119, bo post\u0119powa\u0142 wobec Ciebie szczerze, sprawiedliwie i w prostocie serca. Ponadto zachowa\u0142e\u015b dla niego t\u0119 wielk\u0105 \u0142ask\u0119, \u017ce da\u0142e\u015b mu syna, zasiadaj\u0105cego na jego tronie po dzi\u015b dzie\u0144. Teraz wi\u0119c, o Panie Bo\u017ce m\u00f3j, Ty\u015b ustanowi\u0142 kr\u00f3lem Twego s\u0142ug\u0119 w miejsce Dawida, mego ojca, a ja jestem bardzo m\u0142ody. Brak mi do\u015bwiadczenia. Ponadto Tw\u00f3j s\u0142uga jest po\u015br\u00f3d Twego ludu, kt\u00f3ry\u015b wybra\u0142, ludu mnogiego, kt\u00f3ry nie da si\u0119 zliczy\u0107 ani te\u017c spisa\u0107 z powodu jego mn\u00f3stwa. Racz wi\u0119c da\u0107 Twemu s\u0142udze serce pe\u0142ne rozs\u0105dku do s\u0105dzenia Twego ludu i rozr\u00f3\u017cniania dobra i z\u0142a, bo kt\u00f3\u017c zdo\u0142a s\u0105dzi\u0107 ten lud Tw\u00f3j tak znaczny?\u201d <\/b><\/span><\/span><\/span><\/p>\n<p align=\"justify\"><span style=\"color: #000000;\"><span style=\"font-family: Book Antiqua, serif;\"><span style=\"font-size: large;\"><b>Spodoba\u0142o si\u0119 Panu, \u017ce w\u0142a\u015bnie o to Salomon poprosi\u0142. B\u00f3g wi\u0119c mu powiedzia\u0142: \u201ePoniewa\u017c poprosi\u0142e\u015b o to, a nie poprosi\u0142e\u015b dla siebie o d\u0142ugie \u017cycie ani te\u017c o bogactwa i nie poprosi\u0142e\u015b o zgub\u0119 twoich nieprzyjaci\u00f3\u0142, ale prosi\u0142e\u015b dla siebie o umiej\u0119tno\u015b\u0107 rozstrzygania spraw s\u0105dowych, wi\u0119c spe\u0142niam twoje pragnienie i daj\u0119 ci serce m\u0105dre i rozs\u0105dne, takie, \u017ce podobnego tobie przed tob\u0105 nie by\u0142o i po tobie nie b\u0119dzie. I cho\u0107 nie prosi\u0142e\u015b, daj\u0119 ci ponadto bogactwo i s\u0142aw\u0119, tak i\u017c za twoich dni podobnego tobie nie b\u0119dzie w\u015br\u00f3d kr\u00f3l\u00f3w\u201d.<\/b><\/span><\/span><\/span><\/p>\n<p align=\"justify\">\n<p align=\"justify\">\n<p align=\"justify\">\n<p align=\"justify\">\n<p align=\"justify\">\n<p align=\"justify\"><span style=\"color: #000000;\"><span style=\"font-family: Book Antiqua, serif;\"><span style=\"font-size: large;\"><b>S\u0141OWA EWANGELII WED\u0141UG \u015aWI\u0118TEGO MARKA: <\/b><\/span><\/span><\/span><\/p>\n<p align=\"justify\"><span style=\"color: #000000;\"><span style=\"font-family: Book Antiqua, serif;\"><span style=\"font-size: large;\"><b>Po swojej pracy aposto\u0142owie zebrali si\u0119 u Jezusa i opowiedzieli Mu wszystko, co zdzia\u0142ali i czego nauczali. A On rzek\u0142 do nich: \u201eP\u00f3jd\u017acie wy sami osobno na miejsce pustynne i wypocznijcie nieco\u201d. Tak wielu bowiem przychodzi\u0142o i odchodzi\u0142o, \u017ce nawet na posi\u0142ek nie mieli czasu. <\/b><\/span><\/span><\/span><\/p>\n<p align=\"justify\"><span style=\"color: #000000;\"><span style=\"font-family: Book Antiqua, serif;\"><span style=\"font-size: large;\"><b>Odp\u0142yn\u0119li wi\u0119c \u0142odzi\u0105 na miejsce pustynne osobno. Lecz widziano ich odp\u0142ywaj\u0105cych. Wielu zauwa\u017cy\u0142o to i zbiegli si\u0119 tam pieszo ze wszystkich miast, a nawet ich uprzedzili. <\/b><\/span><\/span><\/span><\/p>\n<p align=\"justify\"><span style=\"color: #000000;\"><span style=\"font-family: Book Antiqua, serif;\"><span style=\"font-size: large;\"><b>Gdy Jezus wysiad\u0142, ujrza\u0142 wielki t\u0142um i zdj\u0119\u0142a Go lito\u015b\u0107 nad nimi; byli bowiem jak owce nie maj\u0105ce pasterza. I zacz\u0105\u0142 ich naucza\u0107.<\/b><\/span><\/span><\/span><\/p>\n<p align=\"justify\">\n<p align=\"justify\">\n<p align=\"justify\">\n<p align=\"justify\">\n<p align=\"justify\">\n<p align=\"justify\"><span style=\"color: #000000;\"><span style=\"font-family: Book Antiqua, serif;\"><span style=\"font-size: large;\">W\u0142a\u015bciwie, to po tej pro\u015bbie, jak\u0105 dzi\u015b wypowiedzia\u0142 przed Bogiem Salomon i po jej spe\u0142nieniu przez Boga, <b>do dzi\u015b <\/b><b>dnia<\/b><b> rozpoznajemy<\/b> tego kr\u00f3la dok\u0142adniej po tym darze, o jaki prosi\u0142 i jaki otrzyma\u0142. Wszak nawet w codziennej mowie u\u017cywamy okre\u015blenia: <b>\u201em\u0105dro\u015b\u0107 salomonowa\u201d, <\/b>maj\u0105c na my\u015bli<b> jakie\u015b rozstrzygni\u0119cie, <\/b>kt\u00f3re wszyscy mog\u0105 uzna\u0107 za najlepsze z mo\u017cliwych, w jakiej\u015b skomplikowanej sytuacji. <\/span><\/span><\/span><\/p>\n<p align=\"justify\"><span style=\"color: #000000;\"><span style=\"font-family: Book Antiqua, serif;\"><span style=\"font-size: large;\">Wiemy, \u017ce Salomon takich rozstrzygni\u0119\u0107 dokonywa\u0142 \u2013 kiedy ludzie <b>przychodzili przed jego trybuna\u0142<\/b> z bardzo nieraz zawik\u0142anymi historiami swego \u017cycia i bardzo skomplikowanymi sporami, kt\u00f3rych tak po ludzku<b> nie da\u0142o si\u0119 w og\u00f3le rozwi\u0105za\u0107. <\/b>On zawsze znajdowa\u0142 rozwi\u0105zanie \u2013 i to cz\u0119sto bardzo proste, a jednocze\u015bnie sprawiedliwe i w\u0142a\u015bciwe. <\/span><\/span><\/span><\/p>\n<p align=\"justify\"><span style=\"color: #000000;\"><span style=\"font-family: Book Antiqua, serif;\"><span style=\"font-size: large;\">Ale m\u00f3g\u0142 tak robi\u0107, bo <b>B\u00f3g obdarzy\u0142 go<\/b> \u00absercem pe\u0142nym rozs\u0105dku do s\u0105dzenia swego ludu i rozr\u00f3\u017cniania dobra i z\u0142a\u00bb. Zaiste, to <b>wielka umiej\u0119tno\u015b\u0107 \u2013 tak\u017ce dzisiaj, <\/b>tak\u017ce w naszym przypadku. To jest w\u0142a\u015bciwie taka umiej\u0119tno\u015b\u0107, kt\u00f3ra w \u017cyciu cz\u0142owieka <b>decyduje o wszystkim!<\/b> Tak, o wszystkim, bo w ostatecznym rozrachunku decyduje <b>nawet o \u017cyciu wiecznym!<\/b> Je\u017celi bowiem cz\u0142owiek umie odr\u00f3\u017cnia\u0107 dobro od z\u0142a i wybiera\u0107 dobro, w\u00f3wczas czyni swoje \u017cycie na ziemi szcz\u0119\u015bliwym (co nie znaczy, \u017ce \u0142atwym i beztroskim) i osi\u0105ga \u017cycie wieczne! <b>C\u00f3\u017c mo\u017ce zyska\u0107 wi\u0119cej? <\/b><\/span><\/span><\/span><\/p>\n<p align=\"justify\"><span style=\"color: #000000;\"><span style=\"font-family: Book Antiqua, serif;\"><span style=\"font-size: large;\">Czy\u017c to nie jest w\u0142a\u015bnie owo \u201ewszystko\u201d, jakie jest w stanie zdoby\u0107 i osi\u0105gn\u0105\u0107 cz\u0142owiek? Tak, tyle \u017ce to jedno t<b>rzeba tu doprecyzowa\u0107,<\/b> i\u017c my m\u00f3wimy o umiej\u0119tno\u015bci odr\u00f3\u017cniania dobra od z\u0142a, uwa\u017caj\u0105c za oczywiste, \u017ce je\u015bli si\u0119 ju\u017c to odr\u00f3\u017cni i pozna, co jest dobre, a co z\u0142e, to <b>niejako automatycznie wybierze si\u0119 dobro. <\/b>Tymczasem, to wcale nie jest takie oczywiste\u2026 Niestety, nawet przypadek Salomona to potwierdza. <\/span><\/span><\/span><\/p>\n<p align=\"justify\"><span style=\"color: #000000;\"><span style=\"font-family: Book Antiqua, serif;\"><span style=\"font-size: large;\">On bowiem otrzyma\u0142 to, o co prosi\u0142, <b>a nawet otrzyma\u0142 wi\u0119cej, <\/b>skoro bowiem Bogu tak bardzo spodoba\u0142a si\u0119 jego pro\u015bba i uzna\u0142, \u017ce Dawid ju\u017c w tym momencie, <b>zanim otrzyma\u0142 od Boga<\/b> dar umiej\u0119tno\u015bci odr\u00f3\u017cniania dobra od z\u0142a, <b>ju\u017c dobrze odr\u00f3\u017cni\u0142<\/b> potrzeb\u0119 najwa\u017cniejsz\u0105 od tych mniej wa\u017cnych \u2013 skoro tak si\u0119 sta\u0142o, to B\u00f3g da\u0142 mu zar\u00f3wno to, o co prosi\u0142, i <b>to, o co nie prosi\u0142,<\/b> a co te\u017c mia\u0142o przyczyni\u0107 si\u0119 do umocnienia jego kr\u00f3lestwa w pot\u0119dze i wielko\u015bci. <\/span><\/span><\/span><\/p>\n<p align=\"justify\"><span style=\"color: #000000;\"><span style=\"font-family: Book Antiqua, serif;\"><span style=\"font-size: large;\">Wszystko to Salomon otrzyma\u0142 i czyni\u0142 z tego dobry u\u017cytek, dlatego faktycznie<b> jego kr\u00f3lestwo umocni\u0142o si\u0119, <\/b>staj\u0105c si\u0119 wielkim i mocnym, skonsolidowanym i sprawiedliwym. Niestety, do czasu\u2026 <\/span><\/span><\/span><\/p>\n<p align=\"justify\"><span style=\"color: #000000;\"><span style=\"font-family: Book Antiqua, serif;\"><span style=\"font-size: large;\">Okaza\u0142o si\u0119 bowiem, \u017ce by\u0142o tak pi\u0119knie i dobrze, tak s\u0142odko, \u017ce w kt\u00f3rym\u015b momencie <b>zrobi\u0142o si\u0119 \u201eza s\u0142odko\u201d\u2026<\/b> Salomon uwierzy\u0142 w siebie, w swoj\u0105 w\u0142asn\u0105 m\u0105dro\u015b\u0107 \u2013 w\u0142a\u015bnie, w swoj\u0105, <b>jakby zapomnia\u0142, kogo o ni\u0105 prosi\u0142<\/b> \u2013 i zwyczajnie uleg\u0142 r\u00f3\u017cnym pokusom, tak\u017ce tym nieczystym, rozwi\u0105z\u0142ym\u2026 I bardzo <b>straci\u0142 w oczach Bo\u017cych,<\/b> i bardzo straci\u0142o na tym jego panowanie i jego kr\u00f3lestwo\u2026 <\/span><\/span><\/span><\/p>\n<p align=\"justify\"><span style=\"color: #000000;\"><span style=\"font-family: Book Antiqua, serif;\"><span style=\"font-size: large;\">Okazuje si\u0119 bowiem, \u017ce kiedy cz\u0142owiekowi <b>dobrze si\u0119 powodzi<\/b> i wszystko uk\u0142ada si\u0119 po jego my\u015bli, B\u00f3g obdarza go r\u00f3\u017cnymi swoimi dobrodziejstwami i czyni pomy\u015bln\u0105 jego codzienno\u015b\u0107, w\u00f3wczas <b>mo\u017ce <\/b><b>mu zagra\u017ca\u0107 <\/b><b>pycha<\/b> i przekonanie o swojej w\u0142asnej wielko\u015bci, o swojej m\u0105dro\u015bci, o swoich zas\u0142ugach. Niestety, w tak\u0105 pu\u0142apk\u0105 wpad\u0142 Salomon.<\/span><\/span><\/span><\/p>\n<p align=\"justify\"><span style=\"color: #000000;\"><span style=\"font-family: Book Antiqua, serif;\"><span style=\"font-size: large;\">Na szcz\u0119\u015bcie, uczniowie Jezusa, powr\u00f3ciwszy z misji, na kt\u00f3r\u0105 ich wys\u0142a\u0142, <b>przepe\u0142nieni szcz\u0119\u015bciem<\/b> z powodu wszystkiego, czego dokonali moc\u0105 swego Mistrza,<b> od razu przyszli z tym do Niego <\/b>i to przed Nim si\u0119 pochwalili swymi osi\u0105gni\u0119ciami. A On \u2013 i to bardzo znamienne \u2013 <b>kaza\u0142 im odpocz\u0105\u0107,<\/b> sam jednak nie odpoczywa\u0142, ale kiedy zobaczy\u0142 przed sob\u0105 <i><b>wielki t\u0142um,<\/b><\/i><b> [\u2026] <\/b><i><b>zdj\u0119\u0142a Go lito\u015b\u0107 nad nimi; byli bowiem jak owce nie maj\u0105ce pasterza. I zacz\u0105\u0142 ich naucza\u0107. <\/b><\/i><\/span><\/span><\/span><\/p>\n<p align=\"justify\"><span style=\"color: #000000;\"><span style=\"font-family: Book Antiqua, serif;\"><span style=\"font-size: large;\">Zar\u00f3wno<b> <\/b>jedno, jak i drugie, a wi\u0119c <b>polecenie odpoczynku i w\u0142asne zaanga\u017cowanie w pomoc ludziom,<\/b> by\u0142o czytelnym znakiem dla Aposto\u0142\u00f3w i uczni\u00f3w, \u017ce ca\u0142a moc do tego dobra, jakiego oni dokonali i jakim si\u0119 w\u0142a\u015bnie chwalili, <b>tak naprawd\u0119 pochodzi od Niego, <\/b>czyli<b> <\/b>od Jezusa. Co wcale nie oznacza, \u017ce <b>trud Aposto\u0142\u00f3w by\u0142 niewa\u017cny, <\/b>\u017ce mogli w og\u00f3le nie wyrusza\u0107, bo i tak On wszystko by za nich zrobi\u0142 \u2013 w\u0142a\u015bnie nie! <\/span><\/span><\/span><\/p>\n<p align=\"justify\"><span style=\"color: #000000;\"><span style=\"font-family: Book Antiqua, serif;\"><span style=\"font-size: large;\"><b>On chcia\u0142 ich wsp\u00f3\u0142pracy<\/b> i bardzo na ni\u0105 liczy\u0142, ale od samego pocz\u0105tku jasno im to m\u00f3wi\u0142, \u017ce <b>id\u0105 w Jego imi\u0119<\/b> i b\u0119d\u0105 mieli <b>Jego wsparcie.<\/b> I tak si\u0119 sta\u0142o, i dlatego tak wielkich rzeczy dokonali \u2013 i potem dokonywali wielkich rzeczy, ju\u017c pe\u0142ni\u0105c samodzieln\u0105 pos\u0142ug\u0119, bo ci\u0105gle pami\u0119tali, \u017ce<b> Jezus jest z nimi,<\/b> \u017ce Jego moc\u0105 dzia\u0142aj\u0105, w Jego imi\u0119.<\/span><\/span><\/span><\/p>\n<p align=\"justify\"><span style=\"color: #000000;\"><span style=\"font-family: Book Antiqua, serif;\"><span style=\"font-size: large;\">Salomon, <b>dop\u00f3ki o tym pami\u0119ta\u0142,<\/b> czyni\u0142 wiele dobra, umacnia\u0142 swe kr\u00f3lestwo, wydawa\u0142 sprawiedliwe wyroki, m\u0105drze prowadzi\u0142 sw\u00f3j lud. Kiedy jednak <b>uwierzy\u0142 w siebie, a o Bogu zapomnia\u0142 \u2013<\/b> wszystko popsu\u0142 i straci\u0142, czyni\u0105c wiele g\u0142upstw!<\/span><\/span><\/span><\/p>\n<p align=\"justify\"><span style=\"color: #000000;\"><span style=\"font-family: Book Antiqua, serif;\"><span style=\"font-size: large;\">Moi Drodzy, czy i nasze do\u015bwiadczenie \u017cyciowe i nasza obserwacja nie pokazuje nam, \u017ce kiedy <b>jest nam mo\u017ce i trudniej w \u017cyciu, <\/b>i wszystko nie tak si\u0119 uk\u0142ada, jak by\u015bmy chcieli; kiedy musimy zmaga\u0107 si\u0119 z trudno\u015bciami i przeciwno\u015bciami, w\u00f3wczas jakby <b>\u0142atwiej<\/b><b> <\/b><b>nam <\/b><b>zwr<\/b><b>\u00f3ci\u0107<\/b><b> si\u0119 do Boga,<\/b> na Niego liczy\u0107 bardziej, ni\u017c na siebie i do\u015bwiadczy\u0107 Jego opieki?\u2026 <\/span><\/span><\/span><\/p>\n<p align=\"justify\"><span style=\"color: #000000;\"><span style=\"font-family: Book Antiqua, serif;\"><span style=\"font-size: large;\">Kiedy <b>jednak zbyt d\u0142ugo dzieje si\u0119 <\/b><b>nam<\/b><b> zbyt dobrze,<\/b> wszystko uk\u0142ada si\u0119 nam w \u017cyciu codziennym, w pracy, dobre s\u0105 zarobki, udaje si\u0119 realizowa\u0107 zamierzone plany \u2013 w\u00f3wczas, w kt\u00f3rym\u015b momencie, <b>B\u00f3g jakby przestawa\u0142 by\u0107 potrzebny,<\/b> bo dochodzimy do wniosku, \u017ce my przecie\u017c bardzo dobrze radzimy sobie bez Niego?\u2026 <\/span><\/span><\/span><\/p>\n<p align=\"justify\"><span style=\"color: #000000;\"><span style=\"font-family: Book Antiqua, serif;\"><span style=\"font-size: large;\">Przenosz\u0105c to nawet na p\u0142aszczyzn\u0119 historyczn\u0105, mo\u017cemy zauwa\u017cy\u0107, \u017ce chocia\u017c mamy, <b>jako Nar\u00f3d, \u015bwiadomo\u015b\u0107 \u201eogrania\u201d nas<\/b> po Drugiej Wojnie \u015awiatowej przez wielkie mocarstwa Zachodu i oddania nas w szpony systemu komunistycznego, podczas gdy one same \u2013 \u0142\u0105cznie z tym, kt\u00f3re spowodowa\u0142o wojn\u0119 i tyle szk\u00f3d wyrz\u0105dzi\u0142o \u2013 <b>rozwin\u0119\u0142y si\u0119 gospodarczo <\/b>i osi\u0105gn\u0119\u0142y wysoki poziom cywilizacyjny, to duchowo <b>jednak my na tym wygrali\u015bmy?<\/b> Bo dzi\u0119ki temu ocalili\u015bmy, a wr\u0119cz <b>wzmocnili\u015bmy wiar\u0119,<\/b> nasze ko\u015bcio\u0142y by\u0142by pe\u0142ne, tak\u017ce seminaria duchowne i klasztory. <b>Rozwija\u0142a si\u0119 nasza religijno\u015b\u0107<\/b> i mieli\u015bmy jak\u0105\u015b mocn\u0105 <b>\u015bwiadomo\u015b\u0107 blisko\u015bci Boga. <\/b>A kiedy teraz zacz\u0119\u0142o si\u0119 lepiej powodzi\u0107, a niekt\u00f3rym nawet bardzo dobrze, to okazuje si\u0119, \u017ce <b>B\u00f3g ju\u017c nie jest za bardzo potrzebny\u2026 <\/b>Mamy wi\u0119c coraz bardziej do czynienia ze zjawiskami, kt\u00f3re na Zachodzie wida\u0107 ju\u017c od dawna\u2026 <\/span><\/span><\/span><\/p>\n<p align=\"justify\"><span style=\"color: #000000;\"><span style=\"font-family: Book Antiqua, serif;\"><span style=\"font-size: large;\">Jak jest wi\u0119c lepiej? <b>Co bardziej si\u0119 liczy:<\/b> doczesne powodzenie, czy wieczne szcz\u0119\u015bcie? <b>Najlepiej mie\u0107 jedno i drugie,<\/b> ale to zale\u017cy od tego, kto do\u015bwiadczy\u0142 tu, na ziemi, jakiego\u015b wielkiego powodzenia, szcz\u0119\u015bcia, rado\u015bci: czy zawsze <b>ma \u015bwiadomo\u015b\u0107, \u017ce otrzyma\u0142 to od Pana<\/b> i \u017ce bez Niego nic by nie mia\u0142 i nic by nie znaczy\u0142?\u2026 <\/span><\/span><\/span><\/p>\n<p align=\"justify\"><span style=\"color: #000000;\"><span style=\"font-family: Book Antiqua, serif;\"><span style=\"font-size: large;\">Moi Drodzy, to bardzo wa\u017cne pytanie, kt\u00f3re mo\u017ce zbyt rzadko sobie stawiamy: Czy <b>do\u015bwiadczenie szcz\u0119\u015bcia,<\/b> powodzenia i rado\u015bci \u2013 <b>nie oddala nas od Jezusa,<\/b> zamiast w\u0142a\u015bnie do Niego przybli\u017ca\u0107? <b>Czy nie wbija nas w diabelsk\u0105 pych\u0119,<\/b> rozbudzaj\u0105c przekonanie, <b>\u017ce to wszystko nasza zas\u0142uga, <\/b>nasza m\u0105dro\u015b\u0107, nasze dokonania? Jak radzimy sobie ze szcz\u0119\u015bciem, jakie nas spotyka?\u2026<\/span><\/span><\/span><\/p>\n<p align=\"justify\"><span style=\"color: #000000;\"><span style=\"font-family: Book Antiqua, serif;\"><span style=\"font-size: large;\">Warto w poszukiwaniu odpowiedzi na to pytanie skorzysta\u0107 z wzoru zaufania do Boga i bezgranicznej mi\u0142o\u015bci do Niego, jaki daje nam Patronka dnia dzisiejszego, <b>\u015awi\u0119ta Agata, Dziewica i M\u0119czennica.<\/b><\/span><\/span><\/span><\/p>\n<p align=\"justify\"><span style=\"color: #000000;\"><span style=\"font-family: Book Antiqua, serif;\"><span style=\"font-size: large;\">Jej imi\u0119 etymologicznie oznacza: <b>\u201edobra\u201d, \u201edobrze urodzona\u201d, \u201eze szlachetnego rodu\u201d.<\/b> Wiadomo\u015bci o niej czerpiemy zasadniczo <b>z akt jej m\u0119cze\u0144stwa. <\/b>W pierwszych wiekach chrze\u015bcija\u0144stwa istnia\u0142 bowiem zwyczaj, \u017ce sporz\u0105dzano akta M\u0119czennik\u00f3w. Wi\u0119kszo\u015b\u0107 z nich nie doczeka\u0142a \u2013 niestety \u2013 do naszych czas\u00f3w. <\/span><\/span><\/span><\/p>\n<p align=\"justify\"><span style=\"color: #000000;\"><span style=\"font-family: Book Antiqua, serif;\"><span style=\"font-size: large;\">Akta m\u0119cze\u0144stwa Agaty <b>pochodz\u0105 dopiero z V wieku <\/b>i wed\u0142ug nich urodzi\u0142a si\u0119 ona w Katanii na Sycylii, oko\u0142o 235 roku. Po przyj\u0119ciu Chrztu postanowi\u0142a <b>po\u015bwi\u0119ci\u0107 si\u0119 Chrystusowi<\/b> i \u017cy\u0107 w dziewictwie. Jej wyj\u0105tkowa uroda zwr\u00f3ci\u0142a uwag\u0119 Kwincjana, namiestnika Sycylii, kt\u00f3ry zaproponowa\u0142 jej ma\u0142\u017ce\u0144stwo. Agata jednak<b> <\/b><b>odm\u00f3wi\u0142a, <\/b>czym wzbudzi\u0142a w odrzuconym senatorze<b> nienawi\u015b\u0107 i pragnienie zemsty.<\/b> Trwa\u0142y w\u00f3wczas prze\u015bladowania chrze\u015bcijan, zarz\u0105dzone przez cesarza Decjusza. <\/span><\/span><\/span><\/p>\n<p align=\"justify\"><span style=\"color: #000000;\"><span style=\"font-family: Book Antiqua, serif;\"><span style=\"font-size: large;\">Kwincjan aresztowa\u0142 Agat\u0119. <b>Pr\u00f3bowa\u0142 j\u0105 znies\u0142awi\u0107 <\/b>przez pozbawienie jej dziewiczej niewinno\u015bci, dlatego odda\u0142 j\u0105 pod \u201eopiek\u0119\u201d pewnej rozpustnej kobiety. Kiedy te zabiegi spe\u0142z\u0142y na niczym, <b>namiestnik skaza\u0142 Agat\u0119 na tortury, <\/b>podczas kt\u00f3rych odci\u0119to jej piersi. W tym jednak czasie miasto nawiedzi\u0142o <b>trz\u0119sienie ziemi, wynikiem czego zgin\u0119\u0142o wielu pogan. <\/b>Przera\u017cony namiestnik nakaza\u0142 zaprzesta\u0107 m\u0105k, gdy\u017c dostrzeg\u0142 w tym kar\u0119 Bo\u017c\u0105. Ostatecznie Agata ponios\u0142a \u015bmier\u0107, <b>rzucona na roz\u017carzone w\u0119gle, 5 lutego 251 roku. <\/b><\/span><\/span><\/span><\/p>\n<p align=\"justify\"><span style=\"color: #000000;\"><span style=\"font-family: Book Antiqua, serif;\"><span style=\"font-size: large;\">Jej cia\u0142o chrze\u015bcijanie z\u0142o\u017cyli w bezpiecznym miejscu poza miastem. W nast\u0119pnych wiekach kolejni Papie\u017ce wystawili ku jej czci kilka \u015bwi\u0105ty\u0144. <b>Dowodzi to wielkie<\/b><b>go<\/b><b> <\/b><b>szacunku<\/b><b>, jak<\/b><b>im<\/b><b> otaczano j\u0105 w owych czasach. <\/b>Obecnie cia\u0142o Agaty znajduje si\u0119 w katedrze w Katanii.<\/span><\/span><\/span><\/p>\n<p align=\"justify\"><span style=\"color: #000000;\"><span style=\"font-family: Book Antiqua, serif;\"><span style=\"font-size: large;\">Wpatruj\u0105c si\u0119 w przyk\u0142ad jej \u015bwi\u0119to\u015bci, a jednocze\u015bnie ws\u0142uchuj\u0105c si\u0119 uwa\u017cnie w Bo\u017ce s\u0142owo dzisiejszej liturgii, warto sobie raz jeszcze odpowiedzie\u0107 na pytanie, <b>czy zawsze jestem blisko Boga:<\/b> zar\u00f3wno w chwilach trudnych, jak i tych radosnych, szcz\u0119\u015bliwych? I czy nie jest przypadkiem tak, \u017ce <b>w tych drugich \u2013 jest nawet trudniej,<\/b> bo tak \u0142atwo mo\u017cna wpa\u015b\u0107 w pu\u0142apk\u0119 pychy i przekonania o samowystarczalno\u015bci? Jak wytrwa\u0107 przy Panu <b>\u2013 zawsze?\u2026<\/b><\/span><\/span><\/span><\/p>\n","protected":false},"excerpt":{"rendered":"<p>Szcz\u0119\u015b\u0107 Bo\u017ce! Moi Drodzy, w dniu wczorajszym imieniny prze\u017cywa\u0142a nasza (czyli Marka i moja) Siostrzenica, Weronika Nied\u017awiedzka. Dzi\u0119kuj\u0105c Bogu za Ni\u0105 i za to, \u017ce codziennie czyni takie post\u0119py w m\u0105dro\u015bci, w \u0142asce u Boga i u ludzi, ca\u0142ym sercem \u017cyczymy, aby ani na moment nie zesz\u0142a z drogi, wskazanej przez Jezusa, ale sz\u0142a ni\u0105 [&hellip;]<\/p>\n","protected":false},"author":1,"featured_media":0,"comment_status":"open","ping_status":"open","sticky":false,"template":"","format":"standard","meta":{"jetpack_post_was_ever_published":false,"_jetpack_newsletter_access":"","_jetpack_dont_email_post_to_subs":false,"_jetpack_newsletter_tier_id":0,"_jetpack_memberships_contains_paywalled_content":false,"_jetpack_memberships_contains_paid_content":false,"footnotes":""},"categories":[1],"tags":[],"class_list":["post-20157","post","type-post","status-publish","format-standard","hentry","category-bez-kategorii"],"yoast_head":"<!-- This site is optimized with the Yoast SEO plugin v25.1 - https:\/\/yoast.com\/wordpress\/plugins\/seo\/ -->\n<title>Jak sobie radzi\u0107 ze... szcz\u0119\u015bciem?... - Gaudium Et Spes<\/title>\n<meta name=\"robots\" content=\"index, follow, max-snippet:-1, max-image-preview:large, max-video-preview:-1\" \/>\n<link rel=\"canonical\" href=\"https:\/\/gaudiumetspes-blog.pl\/index.php\/2022\/02\/05\/jak-sobie-radzic-ze-szczesciem\/\" \/>\n<meta property=\"og:locale\" content=\"pl_PL\" \/>\n<meta property=\"og:type\" content=\"article\" \/>\n<meta property=\"og:title\" content=\"Jak sobie radzi\u0107 ze... szcz\u0119\u015bciem?... - Gaudium Et Spes\" \/>\n<meta property=\"og:description\" content=\"Szcz\u0119\u015b\u0107 Bo\u017ce! Moi Drodzy, w dniu wczorajszym imieniny prze\u017cywa\u0142a nasza (czyli Marka i moja) Siostrzenica, Weronika Nied\u017awiedzka. Dzi\u0119kuj\u0105c Bogu za Ni\u0105 i za to, \u017ce codziennie czyni takie post\u0119py w m\u0105dro\u015bci, w \u0142asce u Boga i u ludzi, ca\u0142ym sercem \u017cyczymy, aby ani na moment nie zesz\u0142a z drogi, wskazanej przez Jezusa, ale sz\u0142a ni\u0105 [&hellip;]\" \/>\n<meta property=\"og:url\" content=\"https:\/\/gaudiumetspes-blog.pl\/index.php\/2022\/02\/05\/jak-sobie-radzic-ze-szczesciem\/\" \/>\n<meta property=\"og:site_name\" content=\"Gaudium Et Spes\" \/>\n<meta property=\"article:published_time\" content=\"2022-02-05T09:33:30+00:00\" \/>\n<meta name=\"author\" content=\"Ks. Jacek\" \/>\n<meta name=\"twitter:card\" content=\"summary_large_image\" \/>\n<meta name=\"twitter:label1\" content=\"Napisane przez\" \/>\n\t<meta name=\"twitter:data1\" content=\"Ks. Jacek\" \/>\n\t<meta name=\"twitter:label2\" content=\"Szacowany czas czytania\" \/>\n\t<meta name=\"twitter:data2\" content=\"13 minut\" \/>\n<script type=\"application\/ld+json\" class=\"yoast-schema-graph\">{\"@context\":\"https:\/\/schema.org\",\"@graph\":[{\"@type\":\"WebPage\",\"@id\":\"https:\/\/gaudiumetspes-blog.pl\/index.php\/2022\/02\/05\/jak-sobie-radzic-ze-szczesciem\/\",\"url\":\"https:\/\/gaudiumetspes-blog.pl\/index.php\/2022\/02\/05\/jak-sobie-radzic-ze-szczesciem\/\",\"name\":\"Jak sobie radzi\u0107 ze... szcz\u0119\u015bciem?... - Gaudium Et Spes\",\"isPartOf\":{\"@id\":\"https:\/\/gaudiumetspes-blog.pl\/#website\"},\"datePublished\":\"2022-02-05T09:33:30+00:00\",\"author\":{\"@id\":\"https:\/\/gaudiumetspes-blog.pl\/#\/schema\/person\/1661982992b752dea8dff0d4ed845a65\"},\"breadcrumb\":{\"@id\":\"https:\/\/gaudiumetspes-blog.pl\/index.php\/2022\/02\/05\/jak-sobie-radzic-ze-szczesciem\/#breadcrumb\"},\"inLanguage\":\"pl-PL\",\"potentialAction\":[{\"@type\":\"ReadAction\",\"target\":[\"https:\/\/gaudiumetspes-blog.pl\/index.php\/2022\/02\/05\/jak-sobie-radzic-ze-szczesciem\/\"]}]},{\"@type\":\"BreadcrumbList\",\"@id\":\"https:\/\/gaudiumetspes-blog.pl\/index.php\/2022\/02\/05\/jak-sobie-radzic-ze-szczesciem\/#breadcrumb\",\"itemListElement\":[{\"@type\":\"ListItem\",\"position\":1,\"name\":\"Strona g\u0142\u00f3wna\",\"item\":\"https:\/\/gaudiumetspes-blog.pl\/\"},{\"@type\":\"ListItem\",\"position\":2,\"name\":\"Jak sobie radzi\u0107 ze&#8230; szcz\u0119\u015bciem?&#8230;\"}]},{\"@type\":\"WebSite\",\"@id\":\"https:\/\/gaudiumetspes-blog.pl\/#website\",\"url\":\"https:\/\/gaudiumetspes-blog.pl\/\",\"name\":\"Gaudium Et Spes\",\"description\":\"Blog Ks. Jacka Ja\u015bkowskiego\",\"potentialAction\":[{\"@type\":\"SearchAction\",\"target\":{\"@type\":\"EntryPoint\",\"urlTemplate\":\"https:\/\/gaudiumetspes-blog.pl\/?s={search_term_string}\"},\"query-input\":{\"@type\":\"PropertyValueSpecification\",\"valueRequired\":true,\"valueName\":\"search_term_string\"}}],\"inLanguage\":\"pl-PL\"},{\"@type\":\"Person\",\"@id\":\"https:\/\/gaudiumetspes-blog.pl\/#\/schema\/person\/1661982992b752dea8dff0d4ed845a65\",\"name\":\"Ks. Jacek\",\"image\":{\"@type\":\"ImageObject\",\"inLanguage\":\"pl-PL\",\"@id\":\"https:\/\/gaudiumetspes-blog.pl\/#\/schema\/person\/image\/\",\"url\":\"https:\/\/gaudiumetspes-blog.pl\/wp-content\/uploads\/2019\/07\/avatar-JJ-150x150.jpg\",\"contentUrl\":\"https:\/\/gaudiumetspes-blog.pl\/wp-content\/uploads\/2019\/07\/avatar-JJ-150x150.jpg\",\"caption\":\"Ks. Jacek\"},\"description\":\"Witam serdecznie! K\u0142ania si\u0119 Ks. Jacek Ja\u015bkowski. Nie jestem ani kim\u015b wa\u017cnym, ani kim\u015b znanym. Jestem ksi\u0119dzem, kt\u00f3ry po prostu chce rozmawia\u0107. Codzienna kap\u0142a\u0144ska pos\u0142uga pokazuje mi, \u017ce temat\u00f3w do rozm\u00f3w z ksi\u0119dzem jest coraz wi\u0119cej i dzisiaj \u017caden ksi\u0105dz nie mo\u017ce od nich ucieka\u0107, ale - wprost przeciwnie - podejmowa\u0107 nowe wyzwania. To przekonanie sk\u0142oni\u0142o mnie do pr\u00f3by otwarcia tego\u017c bloga, chocia\u017c okazji do rozm\u00f3w na co dzie\u0144 - w konfesjonale i poza nim - na szcz\u0119\u015bcie nie brakuje. My\u015bl\u0119 jednak, \u017ce ten blog b\u0119dzie jeszcze jednym sposobem i przestrzeni\u0105 nawi\u0105zania kontaktu z lud\u017ami dobrej woli, otwartymi na dialog.\",\"url\":\"https:\/\/gaudiumetspes-blog.pl\/index.php\/author\/ks-jacek\/\"}]}<\/script>\n<!-- \/ Yoast SEO plugin. -->","yoast_head_json":{"title":"Jak sobie radzi\u0107 ze... szcz\u0119\u015bciem?... - Gaudium Et Spes","robots":{"index":"index","follow":"follow","max-snippet":"max-snippet:-1","max-image-preview":"max-image-preview:large","max-video-preview":"max-video-preview:-1"},"canonical":"https:\/\/gaudiumetspes-blog.pl\/index.php\/2022\/02\/05\/jak-sobie-radzic-ze-szczesciem\/","og_locale":"pl_PL","og_type":"article","og_title":"Jak sobie radzi\u0107 ze... szcz\u0119\u015bciem?... - Gaudium Et Spes","og_description":"Szcz\u0119\u015b\u0107 Bo\u017ce! Moi Drodzy, w dniu wczorajszym imieniny prze\u017cywa\u0142a nasza (czyli Marka i moja) Siostrzenica, Weronika Nied\u017awiedzka. Dzi\u0119kuj\u0105c Bogu za Ni\u0105 i za to, \u017ce codziennie czyni takie post\u0119py w m\u0105dro\u015bci, w \u0142asce u Boga i u ludzi, ca\u0142ym sercem \u017cyczymy, aby ani na moment nie zesz\u0142a z drogi, wskazanej przez Jezusa, ale sz\u0142a ni\u0105 [&hellip;]","og_url":"https:\/\/gaudiumetspes-blog.pl\/index.php\/2022\/02\/05\/jak-sobie-radzic-ze-szczesciem\/","og_site_name":"Gaudium Et Spes","article_published_time":"2022-02-05T09:33:30+00:00","author":"Ks. Jacek","twitter_card":"summary_large_image","twitter_misc":{"Napisane przez":"Ks. Jacek","Szacowany czas czytania":"13 minut"},"schema":{"@context":"https:\/\/schema.org","@graph":[{"@type":"WebPage","@id":"https:\/\/gaudiumetspes-blog.pl\/index.php\/2022\/02\/05\/jak-sobie-radzic-ze-szczesciem\/","url":"https:\/\/gaudiumetspes-blog.pl\/index.php\/2022\/02\/05\/jak-sobie-radzic-ze-szczesciem\/","name":"Jak sobie radzi\u0107 ze... szcz\u0119\u015bciem?... - Gaudium Et Spes","isPartOf":{"@id":"https:\/\/gaudiumetspes-blog.pl\/#website"},"datePublished":"2022-02-05T09:33:30+00:00","author":{"@id":"https:\/\/gaudiumetspes-blog.pl\/#\/schema\/person\/1661982992b752dea8dff0d4ed845a65"},"breadcrumb":{"@id":"https:\/\/gaudiumetspes-blog.pl\/index.php\/2022\/02\/05\/jak-sobie-radzic-ze-szczesciem\/#breadcrumb"},"inLanguage":"pl-PL","potentialAction":[{"@type":"ReadAction","target":["https:\/\/gaudiumetspes-blog.pl\/index.php\/2022\/02\/05\/jak-sobie-radzic-ze-szczesciem\/"]}]},{"@type":"BreadcrumbList","@id":"https:\/\/gaudiumetspes-blog.pl\/index.php\/2022\/02\/05\/jak-sobie-radzic-ze-szczesciem\/#breadcrumb","itemListElement":[{"@type":"ListItem","position":1,"name":"Strona g\u0142\u00f3wna","item":"https:\/\/gaudiumetspes-blog.pl\/"},{"@type":"ListItem","position":2,"name":"Jak sobie radzi\u0107 ze&#8230; szcz\u0119\u015bciem?&#8230;"}]},{"@type":"WebSite","@id":"https:\/\/gaudiumetspes-blog.pl\/#website","url":"https:\/\/gaudiumetspes-blog.pl\/","name":"Gaudium Et Spes","description":"Blog Ks. Jacka Ja\u015bkowskiego","potentialAction":[{"@type":"SearchAction","target":{"@type":"EntryPoint","urlTemplate":"https:\/\/gaudiumetspes-blog.pl\/?s={search_term_string}"},"query-input":{"@type":"PropertyValueSpecification","valueRequired":true,"valueName":"search_term_string"}}],"inLanguage":"pl-PL"},{"@type":"Person","@id":"https:\/\/gaudiumetspes-blog.pl\/#\/schema\/person\/1661982992b752dea8dff0d4ed845a65","name":"Ks. Jacek","image":{"@type":"ImageObject","inLanguage":"pl-PL","@id":"https:\/\/gaudiumetspes-blog.pl\/#\/schema\/person\/image\/","url":"https:\/\/gaudiumetspes-blog.pl\/wp-content\/uploads\/2019\/07\/avatar-JJ-150x150.jpg","contentUrl":"https:\/\/gaudiumetspes-blog.pl\/wp-content\/uploads\/2019\/07\/avatar-JJ-150x150.jpg","caption":"Ks. Jacek"},"description":"Witam serdecznie! K\u0142ania si\u0119 Ks. Jacek Ja\u015bkowski. Nie jestem ani kim\u015b wa\u017cnym, ani kim\u015b znanym. Jestem ksi\u0119dzem, kt\u00f3ry po prostu chce rozmawia\u0107. Codzienna kap\u0142a\u0144ska pos\u0142uga pokazuje mi, \u017ce temat\u00f3w do rozm\u00f3w z ksi\u0119dzem jest coraz wi\u0119cej i dzisiaj \u017caden ksi\u0105dz nie mo\u017ce od nich ucieka\u0107, ale - wprost przeciwnie - podejmowa\u0107 nowe wyzwania. To przekonanie sk\u0142oni\u0142o mnie do pr\u00f3by otwarcia tego\u017c bloga, chocia\u017c okazji do rozm\u00f3w na co dzie\u0144 - w konfesjonale i poza nim - na szcz\u0119\u015bcie nie brakuje. My\u015bl\u0119 jednak, \u017ce ten blog b\u0119dzie jeszcze jednym sposobem i przestrzeni\u0105 nawi\u0105zania kontaktu z lud\u017ami dobrej woli, otwartymi na dialog.","url":"https:\/\/gaudiumetspes-blog.pl\/index.php\/author\/ks-jacek\/"}]}},"jetpack_featured_media_url":"","jetpack_sharing_enabled":true,"_links":{"self":[{"href":"https:\/\/gaudiumetspes-blog.pl\/index.php\/wp-json\/wp\/v2\/posts\/20157","targetHints":{"allow":["GET"]}}],"collection":[{"href":"https:\/\/gaudiumetspes-blog.pl\/index.php\/wp-json\/wp\/v2\/posts"}],"about":[{"href":"https:\/\/gaudiumetspes-blog.pl\/index.php\/wp-json\/wp\/v2\/types\/post"}],"author":[{"embeddable":true,"href":"https:\/\/gaudiumetspes-blog.pl\/index.php\/wp-json\/wp\/v2\/users\/1"}],"replies":[{"embeddable":true,"href":"https:\/\/gaudiumetspes-blog.pl\/index.php\/wp-json\/wp\/v2\/comments?post=20157"}],"version-history":[{"count":1,"href":"https:\/\/gaudiumetspes-blog.pl\/index.php\/wp-json\/wp\/v2\/posts\/20157\/revisions"}],"predecessor-version":[{"id":20158,"href":"https:\/\/gaudiumetspes-blog.pl\/index.php\/wp-json\/wp\/v2\/posts\/20157\/revisions\/20158"}],"wp:attachment":[{"href":"https:\/\/gaudiumetspes-blog.pl\/index.php\/wp-json\/wp\/v2\/media?parent=20157"}],"wp:term":[{"taxonomy":"category","embeddable":true,"href":"https:\/\/gaudiumetspes-blog.pl\/index.php\/wp-json\/wp\/v2\/categories?post=20157"},{"taxonomy":"post_tag","embeddable":true,"href":"https:\/\/gaudiumetspes-blog.pl\/index.php\/wp-json\/wp\/v2\/tags?post=20157"}],"curies":[{"name":"wp","href":"https:\/\/api.w.org\/{rel}","templated":true}]}}