{"id":20216,"date":"2022-02-23T07:35:14","date_gmt":"2022-02-23T06:35:14","guid":{"rendered":"https:\/\/gaudiumetspes-blog.pl\/?p=20216"},"modified":"2022-02-23T07:35:14","modified_gmt":"2022-02-23T06:35:14","slug":"planowac-czy-nie-planowac","status":"publish","type":"post","link":"https:\/\/gaudiumetspes-blog.pl\/index.php\/2022\/02\/23\/planowac-czy-nie-planowac\/","title":{"rendered":"Planowa\u0107 &#8211; czy nie planowa\u0107?&#8230;"},"content":{"rendered":"<p align=\"justify\"><span style=\"color: #000000;\"><span style=\"font-family: Book Antiqua, serif;\"><span style=\"font-size: large;\">Szcz\u0119\u015b\u0107 Bo\u017ce! Moi Drodzy, serdecznie pozdrawiamy ca\u0142\u0105 Ekip\u0105 ze Szklarskiej Por\u0119by. Pami\u0119tamy o Was w naszych modlitwach. Pami\u0119tamy tak\u017ce o GIGANTYCZNYM SZTURMIE DO NIEBA. W\u0142a\u015bnie dzisiaj, w \u015brod\u0119 \u2013 tak, jak to jest zwykle w O\u015brodku \u2013 b\u0119dziemy mieli o godzinie 19:00 Msz\u0119 \u015awi\u0119t\u0105 w intencji \u015arodowiska Akademickiego, Duszpasterstwa Akademickiego i M\u0142odzie\u017cy w Ko\u015bciele. A po Mszy \u015awi\u0119tej \u2013 adoracja Naj\u015bwi\u0119tszego Sakramentu, do godz. 21:00. \u0141\u0105czcie si\u0119 z nami!<\/span><\/span><\/span><\/p>\n<p align=\"justify\"><span style=\"color: #000000;\"><span style=\"font-family: Book Antiqua, serif;\"><span style=\"font-size: large;\">A teraz ju\u017c zapraszam do pochylenia si\u0119 nad Bo\u017cym s\u0142owem dzisiejszej liturgii. <b>Co konkretnie m\u00f3wi dzi\u015b do mnie Pan? Z jakim przes\u0142aniem zwraca si\u0119 do mnie osobi\u015bcie?<\/b> Duchu \u015awi\u0119ty, podpowiedz\u2026<\/span><\/span><\/span><\/p>\n<p align=\"justify\"><span style=\"color: #000000;\"><span style=\"font-family: Book Antiqua, serif;\"><span style=\"font-size: large;\"><b>Niech Was b\u0142ogos\u0142awi B\u00f3g Wszechmog\u0105cy: Ojciec + i Syn, i Duch \u015awi\u0119ty. Amen<\/b><\/span><\/span><\/span><\/p>\n<p align=\"center\"><span style=\"color: #000000;\"><span style=\"font-family: Book Antiqua, serif;\"><span style=\"font-size: large;\">Gaudium et spes! Ks. Jacek<\/span><\/span><\/span><\/p>\n<p align=\"center\">\n<p align=\"center\">\n<p align=\"center\">\n<p align=\"center\">\n<p align=\"center\">\n<p align=\"justify\"><span style=\"color: #000000;\"><span style=\"font-family: Book Antiqua, serif;\"><span style=\"font-size: large;\"><b>\u015aroda 7 Tygodnia zwyk\u0142ego, rok II,<\/b><\/span><\/span><\/span><\/p>\n<p align=\"justify\"><span style=\"color: #000000;\"><span style=\"font-family: Book Antiqua, serif;\"><span style=\"font-size: large;\"><b>Wspomnienie \u015aw. Polikarpa, Biskupa i M\u0119czennika, <\/b><\/span><\/span><\/span><\/p>\n<p align=\"justify\"><span style=\"color: #000000;\"><span style=\"font-family: Book Antiqua, serif;\"><span style=\"font-size: large;\"><b>23 lutego 2022.,<\/b><\/span><\/span><\/span><\/p>\n<p align=\"justify\"><span style=\"color: #000000;\"><span style=\"font-family: Book Antiqua, serif;\"><span style=\"font-size: large;\"><b>do czyta\u0144: Jk 4,13\u201317; Mk 9,38\u201340<\/b><\/span><\/span><\/span><\/p>\n<p align=\"justify\">\n<p align=\"justify\">\n<p align=\"justify\">\n<p align=\"justify\">\n<p align=\"justify\">\n<p align=\"justify\"><span style=\"color: #000000;\"><span style=\"font-family: Book Antiqua, serif;\"><span style=\"font-size: large;\"><b>CZYTANIE Z LISTU \u015aWI\u0118TEGO JAKUBA APOSTO\u0141A: <\/b><\/span><\/span><\/span><\/p>\n<p align=\"justify\"><span style=\"color: #000000;\"><span style=\"font-family: Book Antiqua, serif;\"><span style=\"font-size: large;\"><b>Najmilsi: Zwracam si\u0119 do was, kt\u00f3rzy m\u00f3wicie: \u201eDzi\u015b albo jutro udamy si\u0119 do tego miasta i sp\u0119dzimy tam rok, b\u0119dziemy uprawia\u0107 handel i osi\u0105gniemy zyski\u201d, wy, kt\u00f3rzy nie wiecie nawet, co jutro b\u0119dzie. Bo czym\u017ce jest \u017cycie wasze? Par\u0105 jeste\u015bcie, co si\u0119 ukazuje na kr\u00f3tko, a potem znika. <\/b><\/span><\/span><\/span><\/p>\n<p align=\"justify\"><span style=\"color: #000000;\"><span style=\"font-family: Book Antiqua, serif;\"><span style=\"font-size: large;\"><b>Zamiast tego powinni\u015bcie m\u00f3wi\u0107: \u201eJe\u017celi Pan zechce i b\u0119dziemy \u017cyli, zrobimy to lub owo\u201d. Teraz za\u015b che\u0142picie si\u0119 w swej wynios\u0142o\u015bci. Ka\u017cda taka che\u0142pliwo\u015b\u0107 jest przewrotna. Kto za\u015b umie dobrze czyni\u0107, a nie czyni, grzeszy.<\/b><\/span><\/span><\/span><\/p>\n<p align=\"justify\">\n<p align=\"justify\">\n<p align=\"justify\">\n<p align=\"justify\">\n<p align=\"justify\">\n<p align=\"justify\"><span style=\"color: #000000;\"><span style=\"font-family: Book Antiqua, serif;\"><span style=\"font-size: large;\"><b>S\u0141OWA EWANGELII WED\u0141UG \u015aWI\u0118TEGO MARKA: <\/b><\/span><\/span><\/span><\/p>\n<p align=\"justify\"><span style=\"color: #000000;\"><span style=\"font-family: Book Antiqua, serif;\"><span style=\"font-size: large;\"><b>Aposto\u0142 Jan rzek\u0142 do Jezusa: \u201eNauczycielu, widzieli\u015bmy kogo\u015b, kto nie chodzi z nami, jak w imi\u0119 Twoje wyrzuca\u0142 z\u0142e duchy, i zabraniali\u015bmy mu, bo nie chodzi\u0142 z nami\u201d. <\/b><\/span><\/span><\/span><\/p>\n<p align=\"justify\"><span style=\"color: #000000;\"><span style=\"font-family: Book Antiqua, serif;\"><span style=\"font-size: large;\"><b>Lecz Jezus odrzek\u0142: \u201eNie zabraniajcie mu, bo nikt, kto czyni cuda w imi\u0119 moje, nie b\u0119dzie m\u00f3g\u0142 zaraz \u017ale m\u00f3wi\u0107 o Mnie. Kto bowiem nie jest przeciwko nam, ten jest z nami\u201d.<\/b><\/span><\/span><\/span><\/p>\n<p align=\"justify\">\n<p align=\"justify\">\n<p align=\"justify\">\n<p align=\"justify\">\n<p align=\"justify\">\n<p align=\"justify\"><span style=\"color: #000000;\"><span style=\"font-size: large;\"><span style=\"font-family: Book Antiqua, serif;\">C\u00f3\u017c z\u0142ego w tym, \u017ce <\/span><span style=\"font-family: Book Antiqua, serif;\"><b>planujemy sobie najbli\u017csz\u0105 przysz\u0142o\u015b\u0107 \u2013<\/b><\/span><span style=\"font-family: Book Antiqua, serif;\"> zw\u0142aszcza, je\u015bli jest to rzeczywi\u015bcie <\/span><span style=\"font-family: Book Antiqua, serif;\"><b>przysz\u0142o\u015b\u0107 najbli\u017csza,<\/b><\/span><span style=\"font-family: Book Antiqua, serif;\"> bo dotycz\u0105ca nast\u0119pnego dnia?\u2026 Czy\u017c mamy si\u0119 zdawa\u0107 na tak zwany <\/span><span style=\"font-family: Book Antiqua, serif;\"><b>\u201espontan\u201d<\/b><\/span><span style=\"font-family: Book Antiqua, serif;\"> i niczego nie planuj\u0105c, oczekiwa\u0107, \u017ce \u201ejako\u015b to b\u0119dzie\u201d i jako\u015b si\u0119 <\/span><span style=\"font-family: Book Antiqua, serif;\"><b>samo wszystko u\u0142o\u017cy?<\/b><\/span> <\/span><\/span><\/p>\n<p align=\"justify\"><span style=\"color: #000000;\"><span style=\"font-size: large;\"><span style=\"font-family: Book Antiqua, serif;\">Jako\u015b tak wewn\u0119trznie odczuwamy, \u017ce <\/span><span style=\"font-family: Book Antiqua, serif;\"><b>nie o to chodzi <\/b><\/span><span style=\"font-family: Book Antiqua, serif;\"><b>Jakubowi<\/b><\/span><span style=\"font-family: Book Antiqua, serif;\"><b>, <\/b><\/span><span style=\"font-family: Book Antiqua, serif;\">bo takie nieplanowanie z pewno\u015bci\u0105 by\u0142oby <\/span><span style=\"font-family: Book Antiqua, serif;\"><b>bardzo uci\u0105\u017cliwe<\/b><\/span><span style=\"font-family: Book Antiqua, serif;\"> dla os\u00f3b, z kt\u00f3rymi wsp\u00f3\u0142pracujemy, z kt\u00f3rymi tworzymy zesp\u00f3\u0142. A przecie\u017c ci, kt\u00f3rzy <\/span><span style=\"font-family: Book Antiqua, serif;\">prowadz\u0105 jak\u0105kolwiek <\/span><span style=\"font-family: Book Antiqua, serif;\"><b>zorganizowan\u0105 dzia\u0142alno\u015b\u0107<\/b><\/span><span style=\"font-family: Book Antiqua, serif;\"> \u2013 czy to gospodarcz\u0105, czy turystyczn\u0105, ale i naukow\u0105, czy wreszcie tak\u017ce duszpastersk\u0105 \u2013 <\/span><span style=\"font-family: Book Antiqua, serif;\"><b>jak mog\u0105 nie zaplanowa\u0107<\/b><\/span><span style=\"font-family: Book Antiqua, serif;\"> pewnych dzia\u0142a\u0144 na najbli\u017csz\u0105 cho\u0107by przysz\u0142o\u015b\u0107, a mo\u017ce tak\u017ce t\u0119 nieco dalsz\u0105?\u2026 <\/span><\/span><\/span><\/p>\n<p align=\"justify\"><span style=\"color: #000000;\"><span style=\"font-size: large;\"><span style=\"font-family: Book Antiqua, serif;\">Zdajemy sobie spraw\u0119, \u017ce jest to <\/span><span style=\"font-family: Book Antiqua, serif;\"><b>co\u015b oczywistego<\/b><\/span><span style=\"font-family: Book Antiqua, serif;\"> i raczej nie o to chodzi\u0142o Jakubowi, \u017ceby nam wszystkim <\/span><span style=\"font-family: Book Antiqua, serif;\"><b>utrudni\u0107 \u017cycie. <\/b><\/span><span style=\"font-family: Book Antiqua, serif;\">Je\u017celi dobrze ws\u0142uchamy si\u0119 w tre\u015b\u0107 jego wypowiedzi, to w\u0142a\u015bciwie odczytamy intencje, jakimi si\u0119 kierowa\u0142. <\/span><\/span><\/span><\/p>\n<p align=\"justify\"><span style=\"color: #000000;\"><span style=\"font-size: large;\"><span style=\"font-family: Book Antiqua, serif;\">Z pewno\u015bci\u0105, zwraca uwag\u0119 to stwierdzenie: <\/span><span style=\"font-family: Book Antiqua, serif;\"><i><b>Zwracam si\u0119 do was, kt\u00f3rzy m\u00f3wicie: \u201eDzi\u015b albo jutro udamy si\u0119 do tego miasta i sp\u0119dzimy tam rok, b\u0119dziemy uprawia\u0107 handel i osi\u0105gniemy zyski\u201d\u2026 <\/b><\/i><\/span><span style=\"font-family: Book Antiqua, serif;\">Z jak\u0105 postaw\u0105 kojarz\u0105 si\u0119 nam tacy ludzie? Czy nie z tak\u0105 <\/span><span style=\"font-family: Book Antiqua, serif;\"><b>absolutn\u0105 pewno\u015bci\u0105 siebie,<\/b><\/span><span style=\"font-family: Book Antiqua, serif;\"> polegaj\u0105c\u0105 na tym, \u017ce oni ju\u017c dok\u0142adnie wiedz\u0105, co zrobi\u0105 dzi\u015b, jutro, za rok \u2013 i \u017ce jeszcze osi\u0105gn\u0105 zyski z handlu?\u2026 <\/span><\/span><\/span><\/p>\n<p align=\"justify\"><span style=\"color: #000000;\"><span style=\"font-size: large;\"><span style=\"font-family: Book Antiqua, serif;\">Na pewno Jakub <\/span><span style=\"font-family: Book Antiqua, serif;\"><b>nie \u017ca\u0142uje im tych zysk\u00f3w \u2013<\/b><\/span><span style=\"font-family: Book Antiqua, serif;\"> niechby sobie zarobili uczciw<\/span><span style=\"font-family: Book Antiqua, serif;\">\u0105<\/span><span style=\"font-family: Book Antiqua, serif;\"> prac<\/span><span style=\"font-family: Book Antiqua, serif;\">\u0105<\/span><span style=\"font-family: Book Antiqua, serif;\"> (oby tylko uczciw<\/span><span style=\"font-family: Book Antiqua, serif;\">\u0105<\/span><span style=\"font-family: Book Antiqua, serif;\">\u2026). Sk\u0105d jednak ta pewno\u015b\u0107,<\/span><span style=\"font-family: Book Antiqua, serif;\"><b> \u017ce do\u017cyj\u0105 jutra,<\/b><\/span><span style=\"font-family: Book Antiqua, serif;\"> \u017ce prze\u017cyj\u0105 rok, \u017ce b\u0119d\u0105 podr\u00f3\u017cowa\u0107 do tego, czy tamtego miasta, \u017ce b\u0119d\u0105 z korzy\u015bci\u0105 handlowa\u0107?\u2026 Raczej w tej zacytowanej wypowiedzi pobrzmiewa ton <\/span><span style=\"font-family: Book Antiqua, serif;\"><b>nadmiernej pewno\u015bci siebie, <\/b><\/span><span style=\"font-family: Book Antiqua, serif;\">nadmiernego przekonania o swoim powodzeniu, o swoich talentach kupieckich, o swojej zaradno\u015bci <\/span><span style=\"font-family: Book Antiqua, serif;\">i samowystarczalno\u015bci.<\/span> <\/span><\/span><\/p>\n<p align=\"justify\"><span style=\"color: #000000;\"><span style=\"font-size: large;\"><span style=\"font-family: Book Antiqua, serif;\">I to w\u0142a\u015bnie tak\u0105 postaw\u0119 Jakub chce dzi\u015b skorygowa\u0107, bardzo racjonalnie <\/span><span style=\"font-family: Book Antiqua, serif;\">zwracaj\u0105c im uwag\u0119: <\/span><span style=\"font-family: Book Antiqua, serif;\"><i><b>N<\/b><\/i><\/span><span style=\"font-family: Book Antiqua, serif;\"><i><b>ie wiecie nawet, co jutro b\u0119dzie. Bo czym\u017ce jest \u017cycie wasze? Par\u0105 jeste\u015bcie, co si\u0119 ukazuje na kr\u00f3tko, a potem znika.<\/b><\/i><\/span><b> <\/b><span style=\"font-family: Book Antiqua, serif;\">A nieco dalej dopowiada: <\/span><span style=\"font-family: Book Antiqua, serif;\"><i><b>Teraz za\u015b che\u0142picie si\u0119 w swej wynios\u0142o\u015bci. Ka\u017cda taka che\u0142pliwo\u015b\u0107 jest przewrotna.<\/b><\/i><\/span><b> <\/b><\/span><\/span><\/p>\n<p align=\"justify\"><span style=\"color: #000000;\"><span style=\"font-size: large;\"><span style=\"font-family: Book Antiqua, serif;\">Jednak<\/span><span style=\"font-family: Book Antiqua, serif;\"> w nast\u0119pnym zdaniu pada stwierdzenie: <\/span><span style=\"font-family: Book Antiqua, serif;\"><i><b>Kto za\u015b umie dobrze czyni\u0107, a nie czyni, grzeszy. <\/b><\/i><\/span><span style=\"font-family: Book Antiqua, serif;\">Czyli je\u017celi kto\u015b ma mo\u017cliwo\u015b\u0107 podj\u0119cia jakiego\u015b dobrego dzia\u0142ania i osi\u0105gni\u0119cia jakiego\u015b dobra, a tego nie czyni \u2013 tak\u017ce <\/span><span style=\"font-family: Book Antiqua, serif;\"><b>nie post\u0119puje w\u0142a\u015bciwie.<\/b><\/span><span style=\"font-family: Book Antiqua, serif;\"> Nawet, je\u017celi b\u0119dzie to t\u0142umaczy\u0142 tym, \u017ce on nie chce nic nadmiernie planowa\u0107, bo nie wie,<\/span><span style=\"font-family: Book Antiqua, serif;\"><i><b> co jutro b\u0119dzie. <\/b><\/i><\/span><span style=\"font-family: Book Antiqua, serif;\">To nie b\u0119dzie w tym momencie w\u0142a\u015bciwym t\u0142umaczeniem\u2026 <\/span><\/span><\/span><\/p>\n<p align=\"justify\"><span style=\"color: #000000;\"><span style=\"font-size: large;\"><span style=\"font-family: Book Antiqua, serif;\">Trzeba zatem w\u0142a\u015bciwie zrozumie\u0107 przes\u0142anie dzisiejszego pouczenia Jakuba. I nie jest to chyba wcale takie trudne. Po prostu, <\/span><span style=\"font-family: Book Antiqua, serif;\"><b>mamy robi\u0107 swoje,<\/b><\/span><span style=\"font-family: Book Antiqua, serif;\"> mamy \u2013 owszem \u2013 <\/span><span style=\"font-family: Book Antiqua, serif;\"><b>planowa\u0107 przysz\u0142o\u015b\u0107, <\/b><\/span><span style=\"font-family: Book Antiqua, serif;\">zw\u0142aszcza najbli\u017csz\u0105, i zw\u0142aszcza wsp\u00f3ln\u0105, z innymi. Nie da si\u0119 po prostu inaczej \u2013 <\/span><span style=\"font-family: Book Antiqua, serif;\"><b>trzeba poczyni\u0107 wsp\u00f3lne ustalenia, <\/b><\/span><span style=\"font-family: Book Antiqua, serif;\">kt\u00f3rych wszyscy b\u0119d\u0105 si\u0119 mogli trzyma\u0107. <\/span><\/span><\/span><\/p>\n<p align=\"justify\"><span style=\"color: #000000;\"><span style=\"font-size: large;\"><span style=\"font-family: Book Antiqua, serif;\">Trzeba jednak te swojej ustalenia i plany \u2013 tak obrazowo rzecz ujmuj\u0105c \u2013 <\/span><span style=\"font-family: Book Antiqua, serif;\"><b>opatrzy\u0107 gwiazdk\u0105,<\/b><\/span><span style=\"font-family: Book Antiqua, serif;\"> pod kt\u00f3r\u0105 nie tyle na dole strony, male\u0144kim druczkiem, jak to si\u0119 zwykle dzieje przy r\u00f3\u017cnego rodzaju podst\u0119pnych umowach lub ofertach, <\/span><span style=\"font-family: Book Antiqua, serif;\"><b>ale na g\u00f3rze strony, wielkim drukiem,<\/b><\/span><span style=\"font-family: Book Antiqua, serif;\"> napisa\u0107: \u201eJe\u015bli B\u00f3g pozwoli!\u201d \u201eJe\u017celi do\u017cyjemy jutra, czy przysz\u0142ego miesi\u0105ca, czy przysz\u0142ego roku\u2026\u201d. \u201eJe\u015bli B\u00f3g zechce\u2026\u201d. W\u0142a\u015bnie takie zastrze\u017cenie trzeba nam czyni\u0107 zawsze \u2013 i tak\u0105 \u015bwiadomo\u015b\u0107 w swoim sercu zachowywa\u0107. <\/span><\/span><\/span><\/p>\n<p align=\"justify\"><span style=\"color: #000000;\"><span style=\"font-size: large;\"><span style=\"font-family: Book Antiqua, serif;\">A wtedy spokojnie <\/span><span style=\"font-family: Book Antiqua, serif;\"><b>mo\u017cna planowa\u0107,<\/b><\/span><span style=\"font-family: Book Antiqua, serif;\"> a nawet <\/span><span style=\"font-family: Book Antiqua, serif;\"><b>trzeba to robi\u0107,<\/b><\/span><span style=\"font-family: Book Antiqua, serif;\"> aby dobrze wykorzysta\u0107 wszelkie okazje do dobrego, jakie si\u0119 nam nadarzaj\u0105. Do tego zreszt\u0105 zach\u0119ca dzi\u015b Jezus w Ewangelii, m\u00f3wi\u0105c: <\/span><span style=\"font-family: Book Antiqua, serif;\"><i><b>N<\/b><\/i><\/span><span style=\"font-family: Book Antiqua, serif;\"><i><b>ikt, kto czyni cuda w imi\u0119 moje, nie b\u0119dzie m\u00f3g\u0142 zaraz \u017ale m\u00f3wi\u0107 o Mnie. Kto bowiem nie jest przeciwko nam, ten jest z nami. <\/b><\/i><\/span><\/span><\/span><\/p>\n<p align=\"justify\"><span style=\"color: #000000;\"><span style=\"font-size: large;\"><span style=\"font-family: Book Antiqua, serif;\">Warto zatem<\/span><span style=\"font-family: Book Antiqua, serif;\"><b> dostrzega\u0107 dobro w innych, <\/b><\/span><span style=\"font-family: Book Antiqua, serif;\">ich dobre intencje; warto tak\u017ce \u2013 a wr\u0119cz nale\u017cy \u2013 wykorzystywa\u0107 <\/span><span style=\"font-family: Book Antiqua, serif;\"><b>wszystkie okoliczno\u015bci i okazje,<\/b><\/span><span style=\"font-family: Book Antiqua, serif;\"> jakie pojawiaj\u0105 si\u0119 w naszym \u017cyciu, aby uczyni\u0107 co\u015b dobrego, aby podj\u0105\u0107 jak\u0105\u015b rzeteln\u0105 prac\u0119, tak\u017ce wsp\u00f3ln\u0105; aby jakie\u015b szlachetne i dobre plany zrealizowa\u0107. Trzeba to dobro w ludziach i w otaczaj\u0105cej rzeczywisto\u015bci <\/span><span style=\"font-family: Book Antiqua, serif;\"><b>widzie\u0107 \u2013 i na nim budowa\u0107. <\/b><\/span><\/span><\/span><\/p>\n<p align=\"justify\"><span style=\"color: #000000;\"><span style=\"font-size: large;\"><span style=\"font-family: Book Antiqua, serif;\">Ale zawsze ze \u015bwiadomo\u015bci\u0105, \u017ce <\/span><span style=\"font-family: Book Antiqua, serif;\"><b>nad nami i nad tym wszystkim jest jeszcze Pan, <\/b><\/span><span style=\"font-family: Book Antiqua, serif;\">do kt\u00f3rego nale\u017cy ostateczna decyzja, <\/span><span style=\"font-family: Book Antiqua, serif;\">jakie<\/span><span style=\"font-family: Book Antiqua, serif;\"> dobro i jak zrealizujemy. Takie zdanie si\u0119 na Niego i oddanie w Jego r\u0119ce naszych plan\u00f3w, oddanie si\u0119 do Jego dyspozycji, aby to <\/span><span style=\"font-family: Book Antiqua, serif;\"><b>On swoje plany<\/b><\/span><span style=\"font-family: Book Antiqua, serif;\"> w naszym \u017cyciu realizowa\u0142 \u2013 z pewno\u015bci\u0105 jest <\/span><span style=\"font-family: Book Antiqua, serif;\"><b>gwarancj\u0105 dobrych i licznych owoc\u00f3w<\/b><\/span><span style=\"font-family: Book Antiqua, serif;\"> naszej pracy i naszego codziennego zabiegania\u2026 Naszego m\u0105drego planowania\u2026 <\/span><\/span><\/span><\/p>\n<p align=\"justify\"><span style=\"color: #000000;\"><span style=\"font-size: large;\"><span style=\"font-family: Book Antiqua, serif;\">J<\/span><span style=\"font-family: Book Antiqua, serif;\">e\u017celi za\u015b szukaliby\u015bmy przyk\u0142adu takiego totalnego zdania si\u0119 na Pana i ca\u0142kowitego zaufania Jego m\u0105dro\u015bci, to z pewno\u015bci\u0105 znajdziemy go w postawie dzisiejszego Patrona, <\/span><span style=\"font-family: Book Antiqua, serif;\"><b>\u015awi\u0119tego Polikarpa, Biskupa i M\u0119czennika.<\/b><\/span><\/span><\/span><\/p>\n<p align=\"justify\"><span style=\"color: #000000;\"><span style=\"font-size: large;\"><span style=\"font-family: Book Antiqua, serif;\">Nale\u017cy <\/span><span style=\"font-family: Book Antiqua, serif;\">on <\/span><span style=\"font-family: Book Antiqua, serif;\">do Ojc\u00f3w Apostolskich. Mianem tym od XVII wieku okre\u015bla si\u0119 \u015bwi\u0119tych <\/span><span style=\"font-family: Book Antiqua, serif;\">P<\/span><span style=\"font-family: Book Antiqua, serif;\">isarzy ko\u015bcielnych, kt\u00f3rzy \u017cyli jeszcze w czasach apostolskich i od nich przekazali nam pewne tre\u015bci. Ojcowie ci s\u0105 <\/span><span style=\"font-family: Book Antiqua, serif;\"><b>bezpo\u015brednim \u0142\u0105cznikiem pomi\u0119dzy uczniami Chrystusa a chrze\u015bcija\u0144stwem lat p\u00f3\u017aniejszych.<\/b><\/span> <\/span><\/span><\/p>\n<p align=\"justify\"><span style=\"color: #000000;\"><span style=\"font-size: large;\"><span style=\"font-family: Book Antiqua, serif;\">Od Ojc\u00f3w Apostolskich nale\u017cy <\/span><span style=\"font-family: Book Antiqua, serif;\"><b>odr\u00f3\u017cni\u0107 Ojc\u00f3w Ko\u015bcio\u0142a,<\/b><\/span><span style=\"font-family: Book Antiqua, serif;\"> czyli tych <\/span><span style=\"font-family: Book Antiqua, serif;\">\u015a<\/span><span style=\"font-family: Book Antiqua, serif;\">wi\u0119tych, kt\u00f3rzy <\/span><span style=\"font-family: Book Antiqua, serif;\"><b>\u017cyli w pierwszych wiekach chrze\u015bcija\u0144stwa,<\/b><\/span><span style=\"font-family: Book Antiqua, serif;\"> a swoj\u0105 wiedz\u0105 i pismami przyczynili si\u0119 do <\/span><span style=\"font-family: Book Antiqua, serif;\"><b>wyja\u015bnienia wiary i jej obrony przeciwko b\u0142\u0119dom.<\/b><\/span><span style=\"font-family: Book Antiqua, serif;\"> Jako dat\u0119 graniczn\u0105 dla Ojc\u00f3w Ko\u015bcio\u0142a <\/span><span style=\"font-family: Book Antiqua, serif;\"><b>na Zachodzie zwyk\u0142o si\u0119 podawa\u0107 rok 636,<\/b><\/span><span style=\"font-family: Book Antiqua, serif;\"> czyli \u015bmier\u0107 \u015awi\u0119tego Izydora z Sewilli, <\/span><span style=\"font-family: Book Antiqua, serif;\"><b>a na Wschodzie rok oko\u0142o 749,<\/b><\/span><span style=\"font-family: Book Antiqua, serif;\"> czyli \u015bmier\u0107 \u015awi\u0119tego Jana Damasce\u0144skiego. <\/span><\/span><\/span><\/p>\n<p align=\"justify\"><span style=\"color: #000000;\"><span style=\"font-size: large;\"><span style=\"font-family: Book Antiqua, serif;\">Od Ojc\u00f3w Ko\u015bcio\u0142a odr\u00f3\u017cniamy wreszcie <\/span><span style=\"font-family: Book Antiqua, serif;\"><b>doktor\u00f3w Ko\u015bcio\u0142a,<\/b><\/span><span style=\"font-family: Book Antiqua, serif;\"> kt\u00f3rzy \u017cyli w r\u00f3\u017cnych czasach, a wyr\u00f3\u017cniali si\u0119 niezwyk\u0142\u0105 wiedz\u0105 i obron\u0105 wiary. <\/span><\/span><\/span><\/p>\n<p align=\"justify\"><span style=\"color: #000000;\"><span style=\"font-size: large;\"><span style=\"font-family: Book Antiqua, serif;\">Polikarp zatem by\u0142 <\/span><span style=\"font-family: Book Antiqua, serif;\"><b>uczniem \u015awi\u0119tego Jana Ewangelisty, <\/b><\/span><span style=\"font-family: Book Antiqua, serif;\">kt\u00f3ry ustanowi\u0142 go <\/span><span style=\"font-family: Book Antiqua, serif;\">B<\/span><span style=\"font-family: Book Antiqua, serif;\">iskupem w Smyrnie, w Ma\u0142ej Azji. Oko\u0142o roku 107, \u015awi\u0119ty Ignacy z Antiochii \u2013 kiedy by\u0142 wieziony okr\u0119tem do Rzymu, by tam ponie\u015b\u0107 \u015bmier\u0107 m\u0119cze\u0144sk\u0105, i zatrzyma\u0142 si\u0119 w Troadzie \u2013 napisa\u0142 pi\u0119kny <\/span><span style=\"font-family: Book Antiqua, serif;\"><b>list do Polikarpa, <\/b><\/span><span style=\"font-family: Book Antiqua, serif;\">w kt\u00f3rym to <\/span><span style=\"font-family: Book Antiqua, serif;\">li\u015bcie kieruje do niego najwy\u017csze pochwa\u0142y, nazywaj\u0105c go <\/span><span style=\"font-family: Book Antiqua, serif;\"><b>dobrym pasterzem, niez\u0142omnym w wierze i m\u0119\u017cnym atlet\u0105 Chrystusa.<\/b><\/span><span style=\"font-family: Book Antiqua, serif;\"> Takim by\u0142 faktycznie. <\/span><\/span><\/span><\/p>\n<p align=\"justify\"><span style=\"color: #000000;\"><span style=\"font-size: large;\"><span style=\"font-family: Book Antiqua, serif;\">W Rzymie z <\/span><span style=\"font-family: Book Antiqua, serif;\">P<\/span><span style=\"font-family: Book Antiqua, serif;\">apie\u017cem Anicetem w 155 roku prowadzi\u0142 nasz \u015awi\u0119ty <\/span><span style=\"font-family: Book Antiqua, serif;\"><b>rozmowy ustalaj\u0105ce termin obchodzenia Wielkanocy.<\/b><\/span><span style=\"font-family: Book Antiqua, serif;\"> Wed\u0142ug relacji pierwszego historyka Ko\u015bcio\u0142a, Euzebiusza z Cezarei Palesty\u0144skiej, mia\u0142 \u015awi\u0119ty Polikarp <\/span><span style=\"font-family: Book Antiqua, serif;\"><b>rz\u0105dzi\u0107 Ko\u015bcio\u0142em w Smyrnie oko\u0142o sze\u015b\u0107dziesi<\/b><\/span><span style=\"font-family: Book Antiqua, serif;\"><b>\u0105t<\/b><\/span><span style=\"font-family: Book Antiqua, serif;\"><b> lat<\/b><\/span><span style=\"font-family: Book Antiqua, serif;\"> i ukoronowa\u0107 \u017cycie \u015bmierci\u0105 m\u0119cze\u0144sk\u0105. Mia\u0142 ju\u017c bowiem ponad osiemdziesi\u0105t sze\u015b\u0107 lat, kiedy <\/span><span style=\"font-family: Book Antiqua, serif;\">oskar\u017cono go<\/span><span style=\"font-family: Book Antiqua, serif;\"><b> o lekcewa\u017cenie poga\u0144skiej religii i jej obrz\u0119d\u00f3w, <\/b><\/span><span style=\"font-family: Book Antiqua, serif;\">jak te\u017c zwyczaj\u00f3w. <\/span><\/span><\/span><\/p>\n<p align=\"justify\"><span style=\"color: #000000;\"><span style=\"font-size: large;\"><span style=\"font-family: Book Antiqua, serif;\">Oskar\u017cono go przed prokonsulem rzymskim, Stacjuszem Kodratosem. Na oskar\u017cenia Polikarp odpowiedzia\u0142: <\/span><span style=\"font-family: Book Antiqua, serif;\"><b>\u201eOsiemdziesi\u0105t sze\u015b\u0107 lat s\u0142u\u017c\u0119 Chrystusowi, nigdy nie wyrz\u0105dzi\u0142 mi krzywdy, jak\u017cebym m\u00f3g\u0142 blu\u017ani\u0107 memu Kr\u00f3lowi i Zbawcy?\u201d<\/b><\/span><span style=\"font-family: Book Antiqua, serif;\"> Kiedy za\u015b s\u0119dzia grodzi\u0142 \u015awi\u0119temu, \u017ce go ka\u017ce spali\u0107 \u017cywcem, ten odpar\u0142: <\/span><span style=\"font-family: Book Antiqua, serif;\"><b>\u201eOgniem grozisz, kt\u00f3ry p\u0142onie przez chwil\u0119 i wkr\u00f3tce zga\u015bnie, bo nie znasz ognia s\u0105du, kt\u00f3ry przyjdzie, i kary wiecznej.\u201d<\/b><\/span> <\/span><\/span><\/p>\n<p align=\"justify\"><span style=\"color: #000000;\"><span style=\"font-size: large;\"><span style=\"font-family: Book Antiqua, serif;\">Stacjusz skaza\u0142 Polikarpa na \u015bmier\u0107 przez spalenie na stosie. Gdy za\u015b p\u0142omienie nie chcia\u0142y si\u0119 ima\u0107 m\u0119czennika, zgin\u0105\u0142 od pchni\u0119cia pugina\u0142u. Dzia\u0142o si\u0119 to <\/span><span style=\"font-family: Book Antiqua, serif;\"><b>na stadionie w Smyrnie pomi\u0119dzy rokiem 155 a 169.<\/b><\/span><span style=\"font-family: Book Antiqua, serif;\"> Polikarp pozostawi\u0142 po sobie cenny list do Filipian \u2013 \u015bwiadectwo tradycji apostolskiej. <\/span><\/span><\/span><\/p>\n<p align=\"justify\"><span style=\"color: #000000;\"><span style=\"font-size: large;\"><span style=\"font-family: Book Antiqua, serif;\">Innym wa\u017cnym pomnikiem literatury starochrze\u015bcija\u0144skiej jest <\/span><span style=\"font-family: Book Antiqua, serif;\"><b>opis jego m\u0119ki,<\/b><\/span><span style=\"font-family: Book Antiqua, serif;\"> w kt\u00f3rym \u2013 mi\u0119dzy innymi \u2013 czytamy: \u201eGdy u\u0142o\u017cono stos, Polikarp zdj\u0105\u0142 ubranie, rozwi\u0105za\u0142 pas i pr\u00f3bowa\u0142 zdj\u0105\u0107 tak\u017ce sanda\u0142y. Przedtem nie czyni\u0142 tego sam, albowiem wszyscy wierni wsp\u00f3\u0142zawodniczyli w oddawaniu mu us\u0142ug. <\/span><span style=\"font-family: Book Antiqua, serif;\"><b>Tak bardzo bowiem otaczany by\u0142 czci\u0105 z powodu swojej \u015bwi\u0119to\u015bci ju\u017c przed m\u0119cze\u0144stwem.<\/b><\/span><span style=\"font-family: Book Antiqua, serif;\"> Zaraz te\u017c z\u0142o\u017cono wok\u00f3\u0142 niego wszystko, co przygotowano do spalenia. <\/span><\/span><\/span><\/p>\n<p align=\"justify\"><span style=\"color: #000000;\"><span style=\"font-size: large;\"><span style=\"font-family: Book Antiqua, serif;\">Kiedy chciano go przytwierdzi\u0107 gwo\u017adziami, powiedzia\u0142: \u201eDajcie pok\u00f3j! Ten, kt\u00f3ry daje mi si\u0142\u0119 znie\u015b\u0107 ogie\u0144, pomo\u017ce mi bez waszych gwo\u017adzi znie\u015b\u0107 go spokojnie.\u201d Nie przybito go zatem gwo\u017adziami, tylko silnie zwi\u0105zano. On za\u015b z r\u0119koma skr\u0119powanymi z ty\u0142u, <\/span><span style=\"font-family: Book Antiqua, serif;\"><b>podobny do pi\u0119knego jagni\u0119cia, wybranego na mi\u0142\u0105 i ca\u0142opaln\u0105 ofiar\u0119 Bogu,<\/b><\/span><span style=\"font-family: Book Antiqua, serif;\"> podni\u00f3s\u0142 oczy w g\u00f3r\u0119 i rzek\u0142: <\/span><\/span><\/span><\/p>\n<p align=\"justify\"><span style=\"color: #000000;\">\u201e<span style=\"font-size: large;\"><span style=\"font-family: Book Antiqua, serif;\">Panie Bo\u017ce, Ojcze umi\u0142owanego i b\u0142ogos\u0142awionego Syna Twego, Jezusa Chrystusa, przez kt\u00f3rego poznali\u015bmy Ciebie; [\u2026] b\u0142ogos\u0142awi\u0119 Ci\u0119 za to, i\u017c zechcia\u0142e\u015b, bym w tym dniu i w tej godzinie <\/span><span style=\"font-family: Book Antiqua, serif;\"><b>wraz z ca\u0142\u0105 rzesz\u0105 <\/b><\/span><span style=\"font-family: Book Antiqua, serif;\"><b>M<\/b><\/span><span style=\"font-family: Book Antiqua, serif;\"><b>\u0119czennik\u00f3w mia\u0142 udzia\u0142 w kielichu Chrystusa Twego,<\/b><\/span><span style=\"font-family: Book Antiqua, serif;\"> dla zmartwychwstania na wieki duszy i cia\u0142a, w nieskazitelno\u015bci Ducha \u015awi\u0119tego. Wraz z nimi przyjmij mnie dzi\u015b do siebie, Bo\u017ce prawdziwy i prawdom\u00f3wny, jako ofiar\u0119 hojn\u0105 i przyjemn\u0105, kt\u00f3r\u0105 przygotowa\u0142e\u015b, kt\u00f3r\u0105 mi zapowiedzia\u0142e\u015b i kt\u00f3r\u0105 teraz dope\u0142ni\u0142e\u015b. <\/span><\/span><\/span><\/p>\n<p align=\"justify\"><span style=\"color: #000000;\"><span style=\"font-size: large;\"><span style=\"font-family: Book Antiqua, serif;\"><b>Dlatego wielbi\u0119 Ci\u0119 za wszystko,<\/b><\/span><span style=\"font-family: Book Antiqua, serif;\"> b\u0142ogos\u0142awi\u0119 Tobie i wys\u0142awiam Ciebie przez wiecznego i niebieskiego Arcykap\u0142ana Jezusa Chrystusa, umi\u0142owanego Syna Twego, przez kt\u00f3rego Tobie, Jemu samemu oraz \u015awi\u0119temu Duchowi niech b\u0119dzie chwa\u0142a na wieki wiek\u00f3w. Amen.\u201d<\/span><\/span><\/span><\/p>\n<p align=\"justify\"><span style=\"color: #000000;\"><span style=\"font-size: large;\"><span style=\"font-family: Book Antiqua, serif;\">Gdy wypowiedzia\u0142 \u201eAmen\u201d i zako\u0144czy\u0142 modlitw\u0119, wyznaczeni do tego ludzie rozniecili ogie\u0144. Kiedy buchn\u0105\u0142 pot\u0119\u017cny p\u0142omie\u0144, <\/span><span style=\"font-family: Book Antiqua, serif;\"><b>dane nam by\u0142o zobaczy\u0107 na w\u0142asne oczy przedziwne zjawisko.<\/b><\/span><span style=\"font-family: Book Antiqua, serif;\"> Dlatego zostali\u015bmy zachowani, aby innym opowiedzie\u0107 o tym, co zasz\u0142o. <\/span><span style=\"font-family: Book Antiqua, serif;\"><b>P\u0142omienie tworz\u0105c kszta\u0142t \u0142uku, jak \u017cagiel wichrem wzd\u0119ty, otoczy\u0142y m\u0119czennika.<\/b><\/span><span style=\"font-family: Book Antiqua, serif;\"> On za\u015b sta\u0142 po\u015brodku, nie jak pal\u0105ce si\u0119 cia\u0142o, lecz jak chleb rumieni\u0105cy si\u0119 w piecu, jak ja\u015bniej\u0105ce w ogniu srebro lub z\u0142oto. R\u00f3wnocze\u015bnie poczuli\u015bmy przemi\u0142y zapach, jakby wo\u0144 palonego kadzid\u0142a albo innych drogocennych wonno\u015bci.\u201d<\/span><\/span><\/span><\/p>\n<p align=\"justify\"><span style=\"color: #000000;\"><span style=\"font-size: large;\"><span style=\"font-family: Book Antiqua, serif;\">Tyle z opisu m\u0119cze\u0144stwa \u015awi\u0119tego Polikarpa. <\/span><span style=\"font-family: Book Antiqua, serif;\">Wpatrzeni w przyk\u0142ad jego heroicznej postawy, ale te\u017c zas\u0142uchani w Bo\u017ce s\u0142owo dzisiejszej liturgii, <\/span><span style=\"font-family: Book Antiqua, serif;\">zapytajmy raz jeszcze o nasze <\/span><span style=\"font-family: Book Antiqua, serif;\"><b>zaufanie do Pana<\/b><\/span><span style=\"font-family: Book Antiqua, serif;\"> i nasze <\/span><span style=\"font-family: Book Antiqua, serif;\"><b>zdanie si\u0119 na Niego<\/b><\/span><span style=\"font-family: Book Antiqua, serif;\"> \u2013 we wszystkim! Tak\u017ce w planowaniu bli\u017cszej i dalszej przysz\u0142o\u015bci\u2026 <\/span><\/span><\/span><\/p>\n","protected":false},"excerpt":{"rendered":"<p>Szcz\u0119\u015b\u0107 Bo\u017ce! Moi Drodzy, serdecznie pozdrawiamy ca\u0142\u0105 Ekip\u0105 ze Szklarskiej Por\u0119by. Pami\u0119tamy o Was w naszych modlitwach. Pami\u0119tamy tak\u017ce o GIGANTYCZNYM SZTURMIE DO NIEBA. W\u0142a\u015bnie dzisiaj, w \u015brod\u0119 \u2013 tak, jak to jest zwykle w O\u015brodku \u2013 b\u0119dziemy mieli o godzinie 19:00 Msz\u0119 \u015awi\u0119t\u0105 w intencji \u015arodowiska Akademickiego, Duszpasterstwa Akademickiego i M\u0142odzie\u017cy w Ko\u015bciele. A [&hellip;]<\/p>\n","protected":false},"author":1,"featured_media":0,"comment_status":"open","ping_status":"open","sticky":false,"template":"","format":"standard","meta":{"jetpack_post_was_ever_published":false,"_jetpack_newsletter_access":"","_jetpack_dont_email_post_to_subs":false,"_jetpack_newsletter_tier_id":0,"_jetpack_memberships_contains_paywalled_content":false,"_jetpack_memberships_contains_paid_content":false,"footnotes":""},"categories":[1],"tags":[],"class_list":["post-20216","post","type-post","status-publish","format-standard","hentry","category-bez-kategorii"],"yoast_head":"<!-- This site is optimized with the Yoast SEO plugin v25.1 - https:\/\/yoast.com\/wordpress\/plugins\/seo\/ -->\n<title>Planowa\u0107 - czy nie planowa\u0107?... - Gaudium Et Spes<\/title>\n<meta name=\"robots\" content=\"index, follow, max-snippet:-1, max-image-preview:large, max-video-preview:-1\" \/>\n<link rel=\"canonical\" href=\"https:\/\/gaudiumetspes-blog.pl\/index.php\/2022\/02\/23\/planowac-czy-nie-planowac\/\" \/>\n<meta property=\"og:locale\" content=\"pl_PL\" \/>\n<meta property=\"og:type\" content=\"article\" \/>\n<meta property=\"og:title\" content=\"Planowa\u0107 - czy nie planowa\u0107?... - Gaudium Et Spes\" \/>\n<meta property=\"og:description\" content=\"Szcz\u0119\u015b\u0107 Bo\u017ce! Moi Drodzy, serdecznie pozdrawiamy ca\u0142\u0105 Ekip\u0105 ze Szklarskiej Por\u0119by. Pami\u0119tamy o Was w naszych modlitwach. Pami\u0119tamy tak\u017ce o GIGANTYCZNYM SZTURMIE DO NIEBA. W\u0142a\u015bnie dzisiaj, w \u015brod\u0119 \u2013 tak, jak to jest zwykle w O\u015brodku \u2013 b\u0119dziemy mieli o godzinie 19:00 Msz\u0119 \u015awi\u0119t\u0105 w intencji \u015arodowiska Akademickiego, Duszpasterstwa Akademickiego i M\u0142odzie\u017cy w Ko\u015bciele. A [&hellip;]\" \/>\n<meta property=\"og:url\" content=\"https:\/\/gaudiumetspes-blog.pl\/index.php\/2022\/02\/23\/planowac-czy-nie-planowac\/\" \/>\n<meta property=\"og:site_name\" content=\"Gaudium Et Spes\" \/>\n<meta property=\"article:published_time\" content=\"2022-02-23T06:35:14+00:00\" \/>\n<meta name=\"author\" content=\"Ks. Jacek\" \/>\n<meta name=\"twitter:card\" content=\"summary_large_image\" \/>\n<meta name=\"twitter:label1\" content=\"Napisane przez\" \/>\n\t<meta name=\"twitter:data1\" content=\"Ks. Jacek\" \/>\n\t<meta name=\"twitter:label2\" content=\"Szacowany czas czytania\" \/>\n\t<meta name=\"twitter:data2\" content=\"11 minut\" \/>\n<script type=\"application\/ld+json\" class=\"yoast-schema-graph\">{\"@context\":\"https:\/\/schema.org\",\"@graph\":[{\"@type\":\"WebPage\",\"@id\":\"https:\/\/gaudiumetspes-blog.pl\/index.php\/2022\/02\/23\/planowac-czy-nie-planowac\/\",\"url\":\"https:\/\/gaudiumetspes-blog.pl\/index.php\/2022\/02\/23\/planowac-czy-nie-planowac\/\",\"name\":\"Planowa\u0107 - czy nie planowa\u0107?... - Gaudium Et Spes\",\"isPartOf\":{\"@id\":\"https:\/\/gaudiumetspes-blog.pl\/#website\"},\"datePublished\":\"2022-02-23T06:35:14+00:00\",\"author\":{\"@id\":\"https:\/\/gaudiumetspes-blog.pl\/#\/schema\/person\/1661982992b752dea8dff0d4ed845a65\"},\"breadcrumb\":{\"@id\":\"https:\/\/gaudiumetspes-blog.pl\/index.php\/2022\/02\/23\/planowac-czy-nie-planowac\/#breadcrumb\"},\"inLanguage\":\"pl-PL\",\"potentialAction\":[{\"@type\":\"ReadAction\",\"target\":[\"https:\/\/gaudiumetspes-blog.pl\/index.php\/2022\/02\/23\/planowac-czy-nie-planowac\/\"]}]},{\"@type\":\"BreadcrumbList\",\"@id\":\"https:\/\/gaudiumetspes-blog.pl\/index.php\/2022\/02\/23\/planowac-czy-nie-planowac\/#breadcrumb\",\"itemListElement\":[{\"@type\":\"ListItem\",\"position\":1,\"name\":\"Strona g\u0142\u00f3wna\",\"item\":\"https:\/\/gaudiumetspes-blog.pl\/\"},{\"@type\":\"ListItem\",\"position\":2,\"name\":\"Planowa\u0107 &#8211; czy&nbsp;nie&nbsp;planowa\u0107?&#8230;\"}]},{\"@type\":\"WebSite\",\"@id\":\"https:\/\/gaudiumetspes-blog.pl\/#website\",\"url\":\"https:\/\/gaudiumetspes-blog.pl\/\",\"name\":\"Gaudium Et Spes\",\"description\":\"Blog Ks. Jacka Ja\u015bkowskiego\",\"potentialAction\":[{\"@type\":\"SearchAction\",\"target\":{\"@type\":\"EntryPoint\",\"urlTemplate\":\"https:\/\/gaudiumetspes-blog.pl\/?s={search_term_string}\"},\"query-input\":{\"@type\":\"PropertyValueSpecification\",\"valueRequired\":true,\"valueName\":\"search_term_string\"}}],\"inLanguage\":\"pl-PL\"},{\"@type\":\"Person\",\"@id\":\"https:\/\/gaudiumetspes-blog.pl\/#\/schema\/person\/1661982992b752dea8dff0d4ed845a65\",\"name\":\"Ks. Jacek\",\"image\":{\"@type\":\"ImageObject\",\"inLanguage\":\"pl-PL\",\"@id\":\"https:\/\/gaudiumetspes-blog.pl\/#\/schema\/person\/image\/\",\"url\":\"https:\/\/gaudiumetspes-blog.pl\/wp-content\/uploads\/2019\/07\/avatar-JJ-150x150.jpg\",\"contentUrl\":\"https:\/\/gaudiumetspes-blog.pl\/wp-content\/uploads\/2019\/07\/avatar-JJ-150x150.jpg\",\"caption\":\"Ks. Jacek\"},\"description\":\"Witam serdecznie! K\u0142ania si\u0119 Ks. Jacek Ja\u015bkowski. Nie jestem ani kim\u015b wa\u017cnym, ani kim\u015b znanym. Jestem ksi\u0119dzem, kt\u00f3ry po prostu chce rozmawia\u0107. Codzienna kap\u0142a\u0144ska pos\u0142uga pokazuje mi, \u017ce temat\u00f3w do rozm\u00f3w z ksi\u0119dzem jest coraz wi\u0119cej i dzisiaj \u017caden ksi\u0105dz nie mo\u017ce od nich ucieka\u0107, ale - wprost przeciwnie - podejmowa\u0107 nowe wyzwania. To przekonanie sk\u0142oni\u0142o mnie do pr\u00f3by otwarcia tego\u017c bloga, chocia\u017c okazji do rozm\u00f3w na co dzie\u0144 - w konfesjonale i poza nim - na szcz\u0119\u015bcie nie brakuje. My\u015bl\u0119 jednak, \u017ce ten blog b\u0119dzie jeszcze jednym sposobem i przestrzeni\u0105 nawi\u0105zania kontaktu z lud\u017ami dobrej woli, otwartymi na dialog.\",\"url\":\"https:\/\/gaudiumetspes-blog.pl\/index.php\/author\/ks-jacek\/\"}]}<\/script>\n<!-- \/ Yoast SEO plugin. -->","yoast_head_json":{"title":"Planowa\u0107 - czy nie planowa\u0107?... - Gaudium Et Spes","robots":{"index":"index","follow":"follow","max-snippet":"max-snippet:-1","max-image-preview":"max-image-preview:large","max-video-preview":"max-video-preview:-1"},"canonical":"https:\/\/gaudiumetspes-blog.pl\/index.php\/2022\/02\/23\/planowac-czy-nie-planowac\/","og_locale":"pl_PL","og_type":"article","og_title":"Planowa\u0107 - czy nie planowa\u0107?... - Gaudium Et Spes","og_description":"Szcz\u0119\u015b\u0107 Bo\u017ce! Moi Drodzy, serdecznie pozdrawiamy ca\u0142\u0105 Ekip\u0105 ze Szklarskiej Por\u0119by. Pami\u0119tamy o Was w naszych modlitwach. Pami\u0119tamy tak\u017ce o GIGANTYCZNYM SZTURMIE DO NIEBA. W\u0142a\u015bnie dzisiaj, w \u015brod\u0119 \u2013 tak, jak to jest zwykle w O\u015brodku \u2013 b\u0119dziemy mieli o godzinie 19:00 Msz\u0119 \u015awi\u0119t\u0105 w intencji \u015arodowiska Akademickiego, Duszpasterstwa Akademickiego i M\u0142odzie\u017cy w Ko\u015bciele. A [&hellip;]","og_url":"https:\/\/gaudiumetspes-blog.pl\/index.php\/2022\/02\/23\/planowac-czy-nie-planowac\/","og_site_name":"Gaudium Et Spes","article_published_time":"2022-02-23T06:35:14+00:00","author":"Ks. Jacek","twitter_card":"summary_large_image","twitter_misc":{"Napisane przez":"Ks. Jacek","Szacowany czas czytania":"11 minut"},"schema":{"@context":"https:\/\/schema.org","@graph":[{"@type":"WebPage","@id":"https:\/\/gaudiumetspes-blog.pl\/index.php\/2022\/02\/23\/planowac-czy-nie-planowac\/","url":"https:\/\/gaudiumetspes-blog.pl\/index.php\/2022\/02\/23\/planowac-czy-nie-planowac\/","name":"Planowa\u0107 - czy nie planowa\u0107?... - Gaudium Et Spes","isPartOf":{"@id":"https:\/\/gaudiumetspes-blog.pl\/#website"},"datePublished":"2022-02-23T06:35:14+00:00","author":{"@id":"https:\/\/gaudiumetspes-blog.pl\/#\/schema\/person\/1661982992b752dea8dff0d4ed845a65"},"breadcrumb":{"@id":"https:\/\/gaudiumetspes-blog.pl\/index.php\/2022\/02\/23\/planowac-czy-nie-planowac\/#breadcrumb"},"inLanguage":"pl-PL","potentialAction":[{"@type":"ReadAction","target":["https:\/\/gaudiumetspes-blog.pl\/index.php\/2022\/02\/23\/planowac-czy-nie-planowac\/"]}]},{"@type":"BreadcrumbList","@id":"https:\/\/gaudiumetspes-blog.pl\/index.php\/2022\/02\/23\/planowac-czy-nie-planowac\/#breadcrumb","itemListElement":[{"@type":"ListItem","position":1,"name":"Strona g\u0142\u00f3wna","item":"https:\/\/gaudiumetspes-blog.pl\/"},{"@type":"ListItem","position":2,"name":"Planowa\u0107 &#8211; czy&nbsp;nie&nbsp;planowa\u0107?&#8230;"}]},{"@type":"WebSite","@id":"https:\/\/gaudiumetspes-blog.pl\/#website","url":"https:\/\/gaudiumetspes-blog.pl\/","name":"Gaudium Et Spes","description":"Blog Ks. Jacka Ja\u015bkowskiego","potentialAction":[{"@type":"SearchAction","target":{"@type":"EntryPoint","urlTemplate":"https:\/\/gaudiumetspes-blog.pl\/?s={search_term_string}"},"query-input":{"@type":"PropertyValueSpecification","valueRequired":true,"valueName":"search_term_string"}}],"inLanguage":"pl-PL"},{"@type":"Person","@id":"https:\/\/gaudiumetspes-blog.pl\/#\/schema\/person\/1661982992b752dea8dff0d4ed845a65","name":"Ks. Jacek","image":{"@type":"ImageObject","inLanguage":"pl-PL","@id":"https:\/\/gaudiumetspes-blog.pl\/#\/schema\/person\/image\/","url":"https:\/\/gaudiumetspes-blog.pl\/wp-content\/uploads\/2019\/07\/avatar-JJ-150x150.jpg","contentUrl":"https:\/\/gaudiumetspes-blog.pl\/wp-content\/uploads\/2019\/07\/avatar-JJ-150x150.jpg","caption":"Ks. Jacek"},"description":"Witam serdecznie! K\u0142ania si\u0119 Ks. Jacek Ja\u015bkowski. Nie jestem ani kim\u015b wa\u017cnym, ani kim\u015b znanym. Jestem ksi\u0119dzem, kt\u00f3ry po prostu chce rozmawia\u0107. Codzienna kap\u0142a\u0144ska pos\u0142uga pokazuje mi, \u017ce temat\u00f3w do rozm\u00f3w z ksi\u0119dzem jest coraz wi\u0119cej i dzisiaj \u017caden ksi\u0105dz nie mo\u017ce od nich ucieka\u0107, ale - wprost przeciwnie - podejmowa\u0107 nowe wyzwania. To przekonanie sk\u0142oni\u0142o mnie do pr\u00f3by otwarcia tego\u017c bloga, chocia\u017c okazji do rozm\u00f3w na co dzie\u0144 - w konfesjonale i poza nim - na szcz\u0119\u015bcie nie brakuje. My\u015bl\u0119 jednak, \u017ce ten blog b\u0119dzie jeszcze jednym sposobem i przestrzeni\u0105 nawi\u0105zania kontaktu z lud\u017ami dobrej woli, otwartymi na dialog.","url":"https:\/\/gaudiumetspes-blog.pl\/index.php\/author\/ks-jacek\/"}]}},"jetpack_featured_media_url":"","jetpack_sharing_enabled":true,"_links":{"self":[{"href":"https:\/\/gaudiumetspes-blog.pl\/index.php\/wp-json\/wp\/v2\/posts\/20216","targetHints":{"allow":["GET"]}}],"collection":[{"href":"https:\/\/gaudiumetspes-blog.pl\/index.php\/wp-json\/wp\/v2\/posts"}],"about":[{"href":"https:\/\/gaudiumetspes-blog.pl\/index.php\/wp-json\/wp\/v2\/types\/post"}],"author":[{"embeddable":true,"href":"https:\/\/gaudiumetspes-blog.pl\/index.php\/wp-json\/wp\/v2\/users\/1"}],"replies":[{"embeddable":true,"href":"https:\/\/gaudiumetspes-blog.pl\/index.php\/wp-json\/wp\/v2\/comments?post=20216"}],"version-history":[{"count":1,"href":"https:\/\/gaudiumetspes-blog.pl\/index.php\/wp-json\/wp\/v2\/posts\/20216\/revisions"}],"predecessor-version":[{"id":20217,"href":"https:\/\/gaudiumetspes-blog.pl\/index.php\/wp-json\/wp\/v2\/posts\/20216\/revisions\/20217"}],"wp:attachment":[{"href":"https:\/\/gaudiumetspes-blog.pl\/index.php\/wp-json\/wp\/v2\/media?parent=20216"}],"wp:term":[{"taxonomy":"category","embeddable":true,"href":"https:\/\/gaudiumetspes-blog.pl\/index.php\/wp-json\/wp\/v2\/categories?post=20216"},{"taxonomy":"post_tag","embeddable":true,"href":"https:\/\/gaudiumetspes-blog.pl\/index.php\/wp-json\/wp\/v2\/tags?post=20216"}],"curies":[{"name":"wp","href":"https:\/\/api.w.org\/{rel}","templated":true}]}}