{"id":20231,"date":"2022-03-02T09:03:56","date_gmt":"2022-03-02T08:03:56","guid":{"rendered":"https:\/\/gaudiumetspes-blog.pl\/?p=20231"},"modified":"2022-03-02T09:03:56","modified_gmt":"2022-03-02T08:03:56","slug":"jezus-wzywa","status":"publish","type":"post","link":"https:\/\/gaudiumetspes-blog.pl\/index.php\/2022\/03\/02\/jezus-wzywa\/","title":{"rendered":"Jezus wzywa!"},"content":{"rendered":"<p align=\"justify\"><span style=\"color: #000000;\"><span style=\"font-family: Book Antiqua, serif;\"><span style=\"font-size: large;\">Niech b\u0119dzie pochwalony Jezus Chrystus! Moi Drodzy, rozpoczynamy Wielki Post. A dzisiaj \u2013 Popielec. Dzie\u0144 ten nie zobowi\u0105zuje nas do uczestnictwa we Mszy \u015awi\u0119tej, ale chc\u0119 Was bardzo prosi\u0107: je\u017celi macie tylko tak\u0105 mo\u017cliwo\u015b\u0107, p\u00f3jd\u017acie dzisiaj na Msz\u0119 \u015awi\u0119t\u0105. Naprawd\u0119, to bardzo wa\u017cne! Serdecznie Wszystkich zach\u0119cam! <\/span><\/span><\/span><\/p>\n<p align=\"justify\"><span style=\"color: #000000;\"><span style=\"font-family: Book Antiqua, serif;\"><span style=\"font-size: large;\">Chodzi o dobre i mocne wej\u015bcie w ten \u015bwi\u0119ty czas. Je\u017celi zatem macie tylko tak\u0105 mo\u017cliwo\u015b\u0107, p\u00f3jd\u017acie na Msz\u0119 \u015awi\u0119t\u0105 i prze\u017cyjcie j\u0105 w wielkim skupieniu. Tak\u017ce po to, aby modli\u0107 si\u0119 o pok\u00f3j na Ukrainie \u2013 i na ca\u0142ym \u015bwiecie. W tej intencji dzisiaj modlimy si\u0119 i podejmujemy post.<\/span><\/span><\/span><\/p>\n<p align=\"justify\"><span style=\"color: #000000;\"><span style=\"font-family: Book Antiqua, serif;\"><span style=\"font-size: large;\">A w\u0142a\u015bnie przypominam, \u017ce dzisiaj obowi\u0105zuje nas wstrzemi\u0119\u017aliwo\u015b\u0107 od pokarm\u00f3w mi\u0119snych i post ilo\u015bciowy. <\/span><\/span><\/span><\/p>\n<p align=\"justify\"><span style=\"color: #000000;\"><span style=\"font-family: Book Antiqua, serif;\"><span style=\"font-size: large;\">Pochylmy si\u0119 teraz nad Bo\u017cym s\u0142owem dzisiejszej liturgii, aby odczyta\u0107 to <b>jedno, konkretne przes\u0142anie, z jakim Pan do ka\u017cdej i ka\u017cdego z nas indywidualnie si\u0119 zwraca.<\/b> Wzywajmy mocy i pomocy Ducha \u015awi\u0119tego!<\/span><\/span><\/span><\/p>\n<p align=\"justify\"><span style=\"color: #000000;\"><span style=\"font-family: Book Antiqua, serif;\"><span style=\"font-size: large;\"><b>Niech Was b\u0142ogos\u0142awi B\u00f3g Wszechmog\u0105cy: Ojciec + i Syn, i Duch \u015awi\u0119ty. Amen<\/b><\/span><\/span><\/span><\/p>\n<p align=\"center\"><span style=\"color: #000000;\"><span style=\"font-family: Book Antiqua, serif;\"><span style=\"font-size: large;\">Gaudium et spes! Ks. Jacek<\/span><\/span><\/span><\/p>\n<p align=\"center\">\n<p align=\"center\">\n<p align=\"center\">\n<p align=\"center\">\n<p align=\"center\">\n<p align=\"justify\"><span style=\"color: #000000;\"><span style=\"font-family: Book Antiqua, serif;\"><span style=\"font-size: large;\"><b>\u015aroda Popielcowa,<\/b><\/span><\/span><\/span><\/p>\n<p align=\"justify\"><span style=\"color: #000000;\"><span style=\"font-family: Book Antiqua, serif;\"><span style=\"font-size: large;\"><b>2 marca 2022.,<\/b><\/span><\/span><\/span><\/p>\n<p align=\"justify\"><span style=\"color: #000000;\"><span style=\"font-family: Book Antiqua, serif;\"><span style=\"font-size: large;\"><b>do czyta\u0144: Jl 2,12\u201318; 2 Kor 5,20\u20136,3; Mt 6,1\u20136.16\u201318<\/b><\/span><\/span><\/span><\/p>\n<p align=\"justify\">\n<p align=\"justify\">\n<p align=\"justify\">\n<p align=\"justify\">\n<p align=\"justify\">\n<p align=\"justify\"><span style=\"color: #000000;\"><span style=\"font-family: Book Antiqua, serif;\"><span style=\"font-size: large;\"><b>CZYTANIE Z KSI\u0118GI PROROKA JOELA: <\/b><\/span><\/span><\/span><\/p>\n<p align=\"justify\"><span style=\"color: #000000;\"><span style=\"font-family: Book Antiqua, serif;\"><span style=\"font-size: large;\"><b>Tak m\u00f3wi Pan: \u201eNawr\u00f3\u0107cie si\u0119 do Mnie ca\u0142ym swym sercem, przez post i p\u0142acz, i lament. Rozdzierajcie jednak wasze serca, a nie szaty! Nawr\u00f3\u0107cie si\u0119 do Pana, Boga waszego! On bowiem jest \u0142askawy, mi\u0142osierny, nieskory do gniewu i wielki w \u0142askawo\u015bci, a lituje si\u0119 na widok niedoli. Kt\u00f3\u017c wie, czy si\u0119 nie zastanowi, czy si\u0119 nie zlituje i pozostawi po sobie b\u0142ogos\u0142awie\u0144stwo plon\u00f3w na ofiar\u0119 z pokarm\u00f3w i ofiar\u0119 p\u0142ynn\u0105 dla Pana, Boga waszego. <\/b><\/span><\/span><\/span><\/p>\n<p align=\"justify\"><span style=\"color: #000000;\"><span style=\"font-family: Book Antiqua, serif;\"><span style=\"font-size: large;\"><b>Dmijcie w r\u00f3g na Syjonie, zarz\u0105d\u017acie \u015bwi\u0119ty post, og\u0142o\u015bcie zgromadzenie. Zbierzcie lud, zwo\u0142ajcie \u015bwi\u0119t\u0105 spo\u0142eczno\u015b\u0107, zgromad\u017acie starc\u00f3w, zbierzcie dzieci i ss\u0105cych piersi; niech wyjdzie oblubieniec ze swojej komnaty, a oblubienica ze swego pokoju. <\/b><\/span><\/span><\/span><\/p>\n<p align=\"justify\"><span style=\"color: #000000;\"><span style=\"font-family: Book Antiqua, serif;\"><span style=\"font-size: large;\"><b>Mi\u0119dzy przedsionkiem a o\u0142tarzem niechaj p\u0142acz\u0105 kap\u0142ani, s\u0142udzy Pana! Niech m\u00f3wi\u0105: \u00abPrzepu\u015b\u0107, Panie, ludowi Twojemu i nie daj dziedzictwa swego na poha\u0144bienie, aby poganie nie zapanowali nad nami. Czemu\u017c m\u00f3wi\u0107 maj\u0105 mi\u0119dzy narodami: Gdzie\u017c jest ich B\u00f3g?\u00bb\u201d <\/b><\/span><\/span><\/span><\/p>\n<p align=\"justify\"><span style=\"color: #000000;\"><span style=\"font-family: Book Antiqua, serif;\"><span style=\"font-size: large;\"><b>Pan zapali\u0142 si\u0119 zazdrosn\u0105 mi\u0142o\u015bci\u0105 ku swojej ziemi, i zmi\u0142owa\u0142 si\u0119 nad swoim ludem.<\/b><\/span><\/span><\/span><\/p>\n<p align=\"justify\">\n<p align=\"justify\">\n<p align=\"justify\">\n<p align=\"justify\">\n<p align=\"justify\">\n<p align=\"justify\"><span style=\"color: #000000;\"><span style=\"font-family: Book Antiqua, serif;\"><span style=\"font-size: large;\"><b>CZYTANIE Z DRUGIEGO LISTU \u015aWI\u0118TEGO PAW\u0141A APOSTO\u0141A DO KORYNTIAN: <\/b><\/span><\/span><\/span><\/p>\n<p align=\"justify\"><span style=\"color: #000000;\"><span style=\"font-family: Book Antiqua, serif;\"><span style=\"font-size: large;\"><b>Bracia: W imieniu Chrystusa spe\u0142niamy pos\u0142annictwo jakby Boga samego, kt\u00f3ry przez nas udziela napomnie\u0144. W imi\u0119 Chrystusa prosimy: pojednajcie si\u0119 z Bogiem. On to dla nas grzechem uczyni\u0142 Tego, kt\u00f3ry nie zna\u0142 grzechu, aby\u015bmy si\u0119 stali w Nim sprawiedliwo\u015bci\u0105 Bo\u017c\u0105. <\/b><\/span><\/span><\/span><\/p>\n<p align=\"justify\"><span style=\"color: #000000;\"><span style=\"font-family: Book Antiqua, serif;\"><span style=\"font-size: large;\"><b>Wsp\u00f3\u0142pracuj\u0105c za\u015b z Nim napominamy was, aby\u015bcie nie przyjmowali na pr\u00f3\u017cno \u0142aski Bo\u017cej. M\u00f3wi bowiem Pismo: <\/b><\/span><\/span><\/span><\/p>\n<p align=\"justify\"><span style=\"color: #000000;\">\u201e<span style=\"font-family: Book Antiqua, serif;\"><span style=\"font-size: large;\"><b>W czasie pomy\u015blnym wys\u0142ucha\u0142em ciebie, <\/b><\/span><\/span><\/span><\/p>\n<p align=\"justify\"><span style=\"color: #000000;\"><span style=\"font-family: Book Antiqua, serif;\"><span style=\"font-size: large;\"><b>w dniu zbawienia przyszed\u0142em ci z pomoc\u0105\u201d. <\/b><\/span><\/span><\/span><\/p>\n<p align=\"justify\"><span style=\"color: #000000;\"><span style=\"font-family: Book Antiqua, serif;\"><span style=\"font-size: large;\"><b>Oto teraz czas upragniony, oto teraz dzie\u0144 zbawienia.<\/b><\/span><\/span><\/span><\/p>\n<p align=\"justify\">\n<p align=\"justify\">\n<p align=\"justify\">\n<p align=\"justify\">\n<p align=\"justify\">\n<p align=\"justify\"><span style=\"color: #000000;\"><span style=\"font-family: Book Antiqua, serif;\"><span style=\"font-size: large;\"><b>S\u0141OWA EWANGELII WED\u0141UG \u015aWI\u0118TEGO MATEUSZA: <\/b><\/span><\/span><\/span><\/p>\n<p align=\"justify\"><span style=\"color: #000000;\"><span style=\"font-family: Book Antiqua, serif;\"><span style=\"font-size: large;\"><b>Jezus powiedzia\u0142 do swoich uczni\u00f3w: \u201eStrze\u017ccie si\u0119, \u017ceby\u015bcie uczynk\u00f3w pobo\u017cnych nie wykonywali przed lud\u017ami po to, aby was widzieli; inaczej nie b\u0119dziecie mieli nagrody u Ojca waszego, kt\u00f3ry jest w niebie. <\/b><\/span><\/span><\/span><\/p>\n<p align=\"justify\"><span style=\"color: #000000;\"><span style=\"font-family: Book Antiqua, serif;\"><span style=\"font-size: large;\"><b>Kiedy wi\u0119c dajesz ja\u0142mu\u017cn\u0119, nie tr\u0105b przed sob\u0105, jak ob\u0142udnicy czyni\u0105 w synagogach i na ulicach, aby ich ludzie chwalili. Zaprawd\u0119 powiadam wam: ci otrzymali ju\u017c swoj\u0105 nagrod\u0119. Kiedy za\u015b ty dajesz ja\u0142mu\u017cn\u0119, niech nie wie lewa twoja r\u0119ka, co czyni prawa, aby twoja ja\u0142mu\u017cna pozosta\u0142a w ukryciu. A Ojciec tw\u00f3j, kt\u00f3ry widzi w ukryciu, odda tobie. <\/b><\/span><\/span><\/span><\/p>\n<p align=\"justify\"><span style=\"color: #000000;\"><span style=\"font-family: Book Antiqua, serif;\"><span style=\"font-size: large;\"><b>Gdy si\u0119 modlicie, nie b\u0105d\u017acie jak ob\u0142udnicy. Oni lubi\u0105 w synagogach i na rogach ulic wystawa\u0107 i modli\u0107 si\u0119, \u017ceby si\u0119 ludziom pokaza\u0107. Zaprawd\u0119 powiadam wam: otrzymali ju\u017c swoj\u0105 nagrod\u0119. Ty za\u015b gdy chcesz si\u0119 modli\u0107, wejd\u017a do swej izdebki, zamknij drzwi i m\u00f3dl si\u0119 do Ojca twego, kt\u00f3ry jest w ukryciu. A Ojciec tw\u00f3j, kt\u00f3ry widzi w ukryciu, odda tobie. <\/b><\/span><\/span><\/span><\/p>\n<p align=\"justify\"><span style=\"color: #000000;\"><span style=\"font-family: Book Antiqua, serif;\"><span style=\"font-size: large;\"><b>Kiedy po\u015bcicie, nie b\u0105d\u017acie pos\u0119pni jak ob\u0142udnicy. Przybieraj\u0105 oni wygl\u0105d ponury, aby pokaza\u0107 ludziom, \u017ce poszcz\u0105. Zaprawd\u0119 powiadam wam: ju\u017c odebrali swoj\u0105 nagrod\u0119. Ty za\u015b gdy po\u015bcisz, nama\u015b\u0107 sobie g\u0142ow\u0119 i umyj twarz, aby nie ludziom pokaza\u0107, \u017ce po\u015bcisz, ale Ojcu twemu, kt\u00f3ry jest w ukryciu. A Ojciec tw\u00f3j, kt\u00f3ry widzi w ukryciu, odda tobie\u201d.<\/b><\/span><\/span><\/span><\/p>\n<p align=\"justify\">\n<p align=\"justify\">\n<p align=\"justify\">\n<p align=\"justify\">\n<p align=\"justify\">\n<p align=\"justify\"><span style=\"color: #000000;\"><span style=\"font-family: Book Antiqua, serif;\"><span style=\"font-size: large;\">Kt\u00f3ry to ju\u017c Wielki Post w moim \u017cyciu? Kt\u00f3ry raz przychodz\u0119 do ko\u015bcio\u0142a, aby przyj\u0105\u0107 szczypt\u0119 po\u015bwi\u0119conego popio\u0142u na g\u0142ow\u0119 i us\u0142ysze\u0107: <b>\u201eNawracajcie si\u0119 i wierzcie w Ewangeli\u0119!\u201d;<\/b> albo: <b>\u201ePami\u0119taj, \u017ce prochem jeste\u015b i w proch si\u0119 obr\u00f3cisz!\u201d<\/b> \u2013 kt\u00f3ry to ju\u017c raz w \u017cyciu? I co si\u0119 zmieni\u0142o we mnie \u2013 chocia\u017cby <b>po ostatnim Wielkim Po\u015bcie?\u2026<\/b> A mo\u017ce po kt\u00f3rym\u015b poprzednim?\u2026<\/span><\/span><\/span><\/p>\n<p align=\"justify\"><span style=\"color: #000000;\"><span style=\"font-family: Book Antiqua, serif;\"><span style=\"font-size: large;\">Sytuacja, w jakiej jeste\u015bmy <b>od dw\u00f3ch lat, <\/b>oraz ta, w kt\u00f3rej jeste\u015bmy <b>od siedmiu dni, <\/b>ka\u017ce ka\u017cdej i ka\u017cdemu z nas osobi\u015bcie postawi\u0107 <b>fundamentalne pytania<\/b> \u2013 o kierunek, cel i sens mojego \u017cycia. Bo w kontek\u015bcie <b>ca\u0142ego tego szale\u0144stwa,<\/b> w jakim \u015bwiat \u017cyje od dw\u00f3ch lat, oraz tego, w jakim \u017cyje od siedmiu dni, chyba czas najwy\u017cszy przesta\u0107 <b>ws\u0142uchiwa\u0107 si\u0119 w bzdurne opinie <\/b>wszelakich ekspert\u00f3w i puste co do tre\u015bci, natomiast pe\u0142ne frazes\u00f3w deklaracje polityk\u00f3w. <\/span><\/span><\/span><\/p>\n<p align=\"justify\"><span style=\"color: #000000;\"><span style=\"font-family: Book Antiqua, serif;\"><span style=\"font-size: large;\">To jest ten czas, kiedy ze szczeg\u00f3ln\u0105 moc\u0105 brzmi\u0105 s\u0142owa samego Boga: <i><b>Nawr\u00f3\u0107cie si\u0119 do Mnie ca\u0142ym swym sercem, przez post i p\u0142acz, i lament. Rozdzierajcie jednak wasze serca, a nie szaty! Nawr\u00f3\u0107cie si\u0119 do Pana, Boga waszego! On bowiem jest \u0142askawy, mi\u0142osierny, nieskory do gniewu i wielki w \u0142askawo\u015bci, a lituje si\u0119 na widok niedoli. Kt\u00f3\u017c wie, czy si\u0119 nie zastanowi, czy si\u0119 nie zlituje?\u2026 <\/b><\/i><\/span><\/span><\/span><\/p>\n<p align=\"justify\"><span style=\"color: #000000;\"><span style=\"font-family: Book Antiqua, serif;\"><span style=\"font-size: large;\">Kto wie, czy si\u0119 nie zlituje i si\u0119 nie zastanowi?\u2026 Tylko \u2013 czy On jeszcze <b>ma si\u0119 nad czym zastanawia\u0107, <\/b>czy cz\u0142owiek dzisiaj ju\u017c swego Bogu nie pozbawia pola manewru, dlatego musi On cz\u0142owiekiem mocno potrz\u0105sn\u0105\u0107, \u017ceby go <b>wybudzi\u0107 z u\u015bpienia?\u2026 <\/b>I samozadowolenia?\u2026<\/span><\/span><\/span><\/p>\n<p align=\"justify\"><span style=\"color: #000000;\"><span style=\"font-family: Book Antiqua, serif;\"><span style=\"font-size: large;\">P\u00f3ki co, jeste\u015bmy tu dzi\u015b, mamy ten Popielec, rozpoczynamy kolejny Wielki Post, a s\u0142owo Bo\u017ce \u2013 po raz kolejny, cierpliwie i wytrwale \u2013 m\u00f3wi do nas ustami i pi\u00f3rem Paw\u0142a Aposto\u0142a, w drugim czytaniu: <i><b>W imieniu Chrystusa spe\u0142niamy pos\u0142annictwo jakby Boga samego, kt\u00f3ry przez nas udziela napomnie\u0144. W imi\u0119 Chrystusa prosimy: pojednajcie si\u0119 z Bogiem.<\/b><\/i><b> <\/b>A tak\u017ce: <i><b>Wsp\u00f3\u0142pracuj\u0105c za\u015b z Nim napominamy was, aby\u015bcie nie przyjmowali na pr\u00f3\u017cno \u0142aski Bo\u017cej<\/b><\/i><b>. <\/b><b>[\u2026] <\/b><i><b>Oto teraz czas upragniony, oto teraz dzie\u0144 zbawienia.<\/b><\/i><\/span><\/span><\/span><\/p>\n<p align=\"justify\"><span style=\"color: #000000;\"><span style=\"font-family: Book Antiqua, serif;\"><span style=\"font-size: large;\">Moi Drodzy, czy mo\u017cna jeszcze ja\u015bniej? Aby\u015bmy nie przyjmowali <b>na pr\u00f3\u017cno \u0142aski Bo\u017cej! <\/b>Aby\u015bmy nie przyjmowali<b> na pr\u00f3\u017cno popio\u0142u na swoje g\u0142owy! <\/b>Aby\u015bmy <b>nie zmarnowali tego czasu<\/b> \u2013 wyj\u0105tkowego czasu \u0142aski! I aby\u015bmy us\u0142yszeli raz jeszcze to wezwanie \u2013 i mocno si\u0119 nim przej\u0119li: <i><b>W imi\u0119 Chrystusa prosimy: pojednajcie si\u0119 z Bogiem!<\/b><\/i><b> <\/b><\/span><\/span><\/span><\/p>\n<p align=\"justify\"><span style=\"color: #000000;\"><span style=\"font-family: Book Antiqua, serif;\"><span style=\"font-size: large;\">Mo\u017ce to dobra okazja do podj\u0119cia postanowienia o tym, \u017ce od dzisiaj <b>zawsze b\u0119d\u0119 w stanie \u0142aski u\u015bwi\u0119caj\u0105cej, <\/b>a wi\u0119c moja Spowied\u017a nie b\u0119dzie rzadziej, jak co miesi\u0105c, a mo\u017ce i cz\u0119\u015bciej, aby m\u00f3c zawsze, na ka\u017cdej Mszy \u015awi\u0119tej, <b>przyjmowa\u0107 Komuni\u0119 \u015awi\u0119t\u0105?\u2026<\/b> To by\u0142by jaki\u015b konkret, a dzisiaj w\u0142a\u015bnie konkret\u00f3w potrzeba. Jezus dzisiaj wo\u0142a <b>o konkrety, nie o puste s\u0142owa. <\/b><\/span><\/span><\/span><\/p>\n<p align=\"justify\"><span style=\"color: #000000;\"><span style=\"font-family: Book Antiqua, serif;\"><span style=\"font-size: large;\">Tak\u017ce m\u00f3wi\u0105c dzisiaj, w Ewangelii: <i><b>Strze\u017ccie si\u0119, \u017ceby\u015bcie uczynk\u00f3w pobo\u017cnych nie wykonywali przed lud\u017ami po to, aby was widzieli; inaczej nie b\u0119dziecie mieli nagrody u Ojca waszego, kt\u00f3ry jest w niebie. <\/b><\/i><\/span><\/span><\/span><\/p>\n<p align=\"justify\"><span style=\"color: #000000;\"><span style=\"font-family: Book Antiqua, serif;\"><span style=\"font-size: large;\">A potem ju\u017c bardzo konkretnie: <i><b>Kiedy wi\u0119c dajesz ja\u0142mu\u017cn\u0119, nie tr\u0105b przed sob\u0105, jak ob\u0142udnicy czyni\u0105 w synagogach i na ulicach, aby ich ludzie chwalili. Zaprawd\u0119 powiadam wam: ci otrzymali ju\u017c swoj\u0105 nagrod\u0119. Kiedy za\u015b ty dajesz ja\u0142mu\u017cn\u0119, niech nie wie lewa twoja r\u0119ka, co czyni prawa, aby twoja ja\u0142mu\u017cna pozosta\u0142a w ukryciu. A Ojciec tw\u00f3j, kt\u00f3ry widzi w ukryciu, odda tobie. <\/b><\/i><\/span><\/span><\/span><\/p>\n<p align=\"justify\"><span style=\"color: #000000;\"><span style=\"font-family: Book Antiqua, serif;\"><span style=\"font-size: large;\"><i><b>Gdy si\u0119 modlicie, nie b\u0105d\u017acie jak ob\u0142udnicy. Oni lubi\u0105 w synagogach i na rogach ulic wystawa\u0107 i modli\u0107 si\u0119, \u017ceby si\u0119 ludziom pokaza\u0107. Zaprawd\u0119 powiadam wam: otrzymali ju\u017c swoj\u0105 nagrod\u0119. Ty za\u015b gdy chcesz si\u0119 modli\u0107, wejd\u017a do swej izdebki, zamknij drzwi i m\u00f3dl si\u0119 do Ojca twego, kt\u00f3ry jest w ukryciu. A Ojciec tw\u00f3j, kt\u00f3ry widzi w ukryciu, odda tobie. <\/b><\/i><\/span><\/span><\/span><\/p>\n<p align=\"justify\"><span style=\"color: #000000;\"><span style=\"font-family: Book Antiqua, serif;\"><span style=\"font-size: large;\"><i><b>Kiedy po\u015bcicie, nie b\u0105d\u017acie pos\u0119pni jak ob\u0142udnicy. Przybieraj\u0105 oni wygl\u0105d ponury, aby pokaza\u0107 ludziom, \u017ce poszcz\u0105. Zaprawd\u0119 powiadam wam: ju\u017c odebrali swoj\u0105 nagrod\u0119. Ty za\u015b gdy po\u015bcisz, nama\u015b\u0107 sobie g\u0142ow\u0119 i umyj twarz, aby nie ludziom pokaza\u0107, \u017ce po\u015bcisz, ale Ojcu twemu, kt\u00f3ry jest w ukryciu. A Ojciec tw\u00f3j, kt\u00f3ry widzi w ukryciu, odda tobie.<\/b><\/i><\/span><\/span><\/span><\/p>\n<p align=\"justify\"><span style=\"color: #000000;\"><span style=\"font-family: Book Antiqua, serif;\"><span style=\"font-size: large;\">Co tu jeszcze mo\u017cna dopowiedzie\u0107? Co tu nie jest jasne? Co mo\u017cna <b>wyt\u0142umaczy\u0107 jeszcze<\/b><b> ja\u015bniej i bardziej? <\/b>Tutaj nie trzeba rozleg\u0142ego wykszta\u0142cenia i tytu\u0142\u00f3w przed nazwiskiem do przeprowadzenia analiz teologicznych czy j\u0119zykowych us\u0142yszanego tekstu. Tu <b>trzeba odwagi, <\/b>\u017ceby sobie jasno powiedzie\u0107, \u017ce nie wystarczy \u2013 w tej obecnej sytuacji \u2013 <b>przynie\u015b\u0107 paczki pampers\u00f3w<\/b> dla biednych, ukrai\u0144skich dzieci; i nie wystarczy nawet <b>wzrusza\u0107 si\u0119 do \u0142ez<\/b> ich losem, ich krzywd\u0105; nie wystarczy <b>godzinami pracowa\u0107 w r\u00f3\u017cnych punktach pomocy<\/b> i zbiera\u0107 artyku\u0142y pierwszej potrzeby dla poszkodowanych przez wojn\u0119 Ukrai\u0144c\u00f3w, biegaj\u0105c z wypiekami na twarzy i z telefonem przy uchu, aby za\u0142atwi\u0107 tysi\u0105c dwie\u015bcie spraw z tym zwi\u0105zanych. <\/span><\/span><\/span><\/p>\n<p align=\"justify\"><span style=\"color: #000000;\"><span style=\"font-family: Book Antiqua, serif;\"><span style=\"font-size: large;\">Podobnie zreszt\u0105, jak nie nie wystarczy <b>zaliczy\u0107 wszystkich Dr\u00f3g Krzy\u017cowych i Gorzkich \u017bali<\/b> w Wielkim Po\u015bcie, a nawet <b>godzinami modli\u0107 si\u0119<\/b> i przesiadywa\u0107 na adoracjach w ko\u015bciele, czy podejmowa\u0107 cho\u0107by najsurowsze wyrzeczenia \u2013 nie wystarczy. <b>To wszystko jest bardzo wa\u017cne i bardzo potrzebne <\/b>\u2013 szczeg\u00f3lnie, je\u015bli idzie o pomoc ludziom, tak straszliwie skrzywdzonym przez bandyck\u0105 napa\u015b\u0107 tyrana. <\/span><\/span><\/span><\/p>\n<p align=\"justify\"><span style=\"color: #000000;\"><span style=\"font-family: Book Antiqua, serif;\"><span style=\"font-size: large;\">Ale to wszystko \u2013 jak dzisiaj ostrzega Jezus \u2013 mo\u017ce si\u0119 okaza\u0107 <b>par\u0105 w gwizdek.<\/b> I jedynie motywem do samozadowolenia, kolejnym punktem, jaki <b>wpisz<\/b><b>\u0119<\/b><b> do mojego cv,<\/b> \u017ce tak \u015bwietnie zaanga\u017cowa\u0142em si\u0119 w akcj\u0119 pomocow\u0105\u2026 Albo do mojego <b>wewn\u0119trznego cv \u2013 tego niepisanego, <\/b>ale ci\u0105gle gdzie\u015b tam pokazywanego Bogu, aby si\u0119 pochwali\u0107, jaki to ja jestem pobo\u017cny, porz\u0105dny, i w og\u00f3le\u2026 <\/span><\/span><\/span><\/p>\n<p align=\"justify\"><span style=\"color: #000000;\"><span style=\"font-family: Book Antiqua, serif;\"><span style=\"font-size: large;\">Te wszystkie dzia\u0142ania, chocia\u017c same w sobie pi\u0119kne i godne podziwu, pochwa\u0142y i na\u015bladowania \u2013 dla mnie samego mog\u0105<b> okaza\u0107 si\u0119 puste i bezsensowne,<\/b> mog\u0105 okaza\u0107 si\u0119 wspomnian\u0105 par\u0105 w gwizdek, je\u017celi <b>nie b\u0119d<\/b><b>\u0105<\/b><b> wyp\u0142ywa\u0142<\/b><b>y<\/b><b> z mojej prawdziwej mi\u0142o\u015bci do Jezusa<\/b> i do tego drugiego, bardzo konkretnego, <b>potrzebuj\u0105cego cz\u0142owieka. <\/b><\/span><\/span><\/span><\/p>\n<p align=\"justify\"><span style=\"color: #000000;\"><span style=\"font-family: Book Antiqua, serif;\"><span style=\"font-size: large;\">Czyli, je\u017celi przez te wszystkie dzia\u0142ania \u2013 zar\u00f3wno praktyki wielkopostne, jak i akcje pomocowe \u2013<b> nie zbli\u017c\u0119 si\u0119 sercem do Jezusa, <\/b>nie b\u0119d\u0119 g\u0142\u0119biej prze\u017cywa\u0107 spotkania z Nim w Komunii \u015awi\u0119tej i w Jego s\u0142owie, je\u017celi moja modlitwa nie stanie si\u0119 <b>codzienn\u0105 i g\u0142\u0119bsz\u0105, <\/b>a moje <b>odniesienie do<\/b><b> drugiego cz\u0142owieka<\/b> \u2013 ale to codzienne, a nie to, spowodowane sytuacj\u0105 kryzysow\u0105, kiedy ca\u0142y \u015bwiat patrzy i podziwia \u2013 nie b\u0119dzie nacechowane prawdziw\u0105 \u017cyczliwo\u015bci\u0105 i otwarto\u015bci\u0105, <b>to wszystko \u201epsu na bud\u0119\u201d!<\/b> Mo\u017cna to sobie wszystko odpu\u015bci\u0107. <\/span><\/span><\/span><\/p>\n<p align=\"justify\"><span style=\"color: #000000;\"><span style=\"font-family: Book Antiqua, serif;\"><span style=\"font-size: large;\">Jezus dzisiaj m\u00f3wi jasno: <i><b>Nawr\u00f3\u0107cie si\u0119 do Mnie ca\u0142ym swym sercem!<\/b><\/i><b> <\/b><b>[\u2026] <\/b><i><b>Rozdzierajcie jednak wasze serca, a nie szaty! Nawr\u00f3\u0107cie si\u0119 do Pana, Boga waszego! <\/b><\/i><\/span><\/span><\/span><\/p>\n<p align=\"justify\"><span style=\"color: #000000;\"><span style=\"font-family: Book Antiqua, serif;\"><span style=\"font-size: large;\"><b><i>Pojednajcie si\u0119 z Bogiem! <\/i>[\u2026] <i>A<\/i><i>by\u015bcie nie przyjmowali na pr\u00f3\u017cno \u0142aski Bo\u017cej. <\/i>[\u2026] <i>Oto teraz czas upragniony, oto teraz dzie\u0144 zbawienia.<\/i><\/b><\/span><\/span><\/span><\/p>\n<p align=\"justify\"><span style=\"color: #000000;\"><span style=\"font-family: Book Antiqua, serif;\"><span style=\"font-size: large;\"><b><i>Strze\u017ccie si\u0119, \u017ceby\u015bcie uczynk\u00f3w pobo\u017cnych nie wykonywali przed lud\u017ami po to, aby was widzieli.<\/i> [\u2026]<\/b><\/span><\/span><\/span><\/p>\n<p align=\"justify\"><span style=\"color: #000000;\"><span style=\"font-family: Book Antiqua, serif;\"><span style=\"font-size: large;\"><b><i>Kiedy wi\u0119c dajesz ja\u0142mu\u017cn\u0119, nie tr\u0105b przed sob\u0105, jak ob\u0142udnicy czyni\u0105 w synagogach i na ulicach, aby ich ludzie chwalili.<\/i> [\u2026]<\/b><\/span><\/span><\/span><\/p>\n<p align=\"justify\"><span style=\"color: #000000;\"><span style=\"font-family: Book Antiqua, serif;\"><span style=\"font-size: large;\"><b><i>Gdy si\u0119 modlicie, nie b\u0105d\u017acie jak ob\u0142udnicy. Oni lubi\u0105 w synagogach i na rogach ulic wystawa\u0107 i modli\u0107 si\u0119, \u017ceby si\u0119 ludziom pokaza\u0107.<\/i> [\u2026]<\/b><\/span><\/span><\/span><\/p>\n<p align=\"justify\"><span style=\"color: #000000;\"><span style=\"font-family: Book Antiqua, serif;\"><span style=\"font-size: large;\"><i><b>Kiedy po\u015bcicie, nie b\u0105d\u017acie pos\u0119pni jak ob\u0142udnicy. Przybieraj\u0105 oni wygl\u0105d ponury, aby pokaza\u0107 ludziom, \u017ce poszcz\u0105. Zaprawd\u0119 powiadam wam: ju\u017c odebrali swoj\u0105 nagrod\u0119.<\/b><\/i><\/span><\/span><\/span><\/p>\n<p align=\"justify\"><span style=\"color: #000000;\"><span style=\"font-family: Book Antiqua, serif;\"><span style=\"font-size: large;\">To m\u00f3wi Jezus \u2013 nie ksi\u0105dz. M\u00f3wi to po raz kolejny. By\u0107 mo\u017ce \u2013 po raz ostatni.<\/span><\/span><\/span><\/p>\n","protected":false},"excerpt":{"rendered":"<p>Niech b\u0119dzie pochwalony Jezus Chrystus! Moi Drodzy, rozpoczynamy Wielki Post. A dzisiaj \u2013 Popielec. Dzie\u0144 ten nie zobowi\u0105zuje nas do uczestnictwa we Mszy \u015awi\u0119tej, ale chc\u0119 Was bardzo prosi\u0107: je\u017celi macie tylko tak\u0105 mo\u017cliwo\u015b\u0107, p\u00f3jd\u017acie dzisiaj na Msz\u0119 \u015awi\u0119t\u0105. Naprawd\u0119, to bardzo wa\u017cne! Serdecznie Wszystkich zach\u0119cam! Chodzi o dobre i mocne wej\u015bcie w ten \u015bwi\u0119ty [&hellip;]<\/p>\n","protected":false},"author":1,"featured_media":0,"comment_status":"open","ping_status":"open","sticky":false,"template":"","format":"standard","meta":{"jetpack_post_was_ever_published":false,"_jetpack_newsletter_access":"","_jetpack_dont_email_post_to_subs":false,"_jetpack_newsletter_tier_id":0,"_jetpack_memberships_contains_paywalled_content":false,"_jetpack_memberships_contains_paid_content":false,"footnotes":""},"categories":[1],"tags":[],"class_list":["post-20231","post","type-post","status-publish","format-standard","hentry","category-bez-kategorii"],"yoast_head":"<!-- This site is optimized with the Yoast SEO plugin v25.1 - https:\/\/yoast.com\/wordpress\/plugins\/seo\/ -->\n<title>Jezus wzywa! - Gaudium Et Spes<\/title>\n<meta name=\"robots\" content=\"index, follow, max-snippet:-1, max-image-preview:large, max-video-preview:-1\" \/>\n<link rel=\"canonical\" href=\"https:\/\/gaudiumetspes-blog.pl\/index.php\/2022\/03\/02\/jezus-wzywa\/\" \/>\n<meta property=\"og:locale\" content=\"pl_PL\" \/>\n<meta property=\"og:type\" content=\"article\" \/>\n<meta property=\"og:title\" content=\"Jezus wzywa! - Gaudium Et Spes\" \/>\n<meta property=\"og:description\" content=\"Niech b\u0119dzie pochwalony Jezus Chrystus! Moi Drodzy, rozpoczynamy Wielki Post. A dzisiaj \u2013 Popielec. Dzie\u0144 ten nie zobowi\u0105zuje nas do uczestnictwa we Mszy \u015awi\u0119tej, ale chc\u0119 Was bardzo prosi\u0107: je\u017celi macie tylko tak\u0105 mo\u017cliwo\u015b\u0107, p\u00f3jd\u017acie dzisiaj na Msz\u0119 \u015awi\u0119t\u0105. Naprawd\u0119, to bardzo wa\u017cne! Serdecznie Wszystkich zach\u0119cam! Chodzi o dobre i mocne wej\u015bcie w ten \u015bwi\u0119ty [&hellip;]\" \/>\n<meta property=\"og:url\" content=\"https:\/\/gaudiumetspes-blog.pl\/index.php\/2022\/03\/02\/jezus-wzywa\/\" \/>\n<meta property=\"og:site_name\" content=\"Gaudium Et Spes\" \/>\n<meta property=\"article:published_time\" content=\"2022-03-02T08:03:56+00:00\" \/>\n<meta name=\"author\" content=\"Ks. Jacek\" \/>\n<meta name=\"twitter:card\" content=\"summary_large_image\" \/>\n<meta name=\"twitter:label1\" content=\"Napisane przez\" \/>\n\t<meta name=\"twitter:data1\" content=\"Ks. Jacek\" \/>\n\t<meta name=\"twitter:label2\" content=\"Szacowany czas czytania\" \/>\n\t<meta name=\"twitter:data2\" content=\"11 minut\" \/>\n<script type=\"application\/ld+json\" class=\"yoast-schema-graph\">{\"@context\":\"https:\/\/schema.org\",\"@graph\":[{\"@type\":\"WebPage\",\"@id\":\"https:\/\/gaudiumetspes-blog.pl\/index.php\/2022\/03\/02\/jezus-wzywa\/\",\"url\":\"https:\/\/gaudiumetspes-blog.pl\/index.php\/2022\/03\/02\/jezus-wzywa\/\",\"name\":\"Jezus wzywa! - Gaudium Et Spes\",\"isPartOf\":{\"@id\":\"https:\/\/gaudiumetspes-blog.pl\/#website\"},\"datePublished\":\"2022-03-02T08:03:56+00:00\",\"author\":{\"@id\":\"https:\/\/gaudiumetspes-blog.pl\/#\/schema\/person\/1661982992b752dea8dff0d4ed845a65\"},\"breadcrumb\":{\"@id\":\"https:\/\/gaudiumetspes-blog.pl\/index.php\/2022\/03\/02\/jezus-wzywa\/#breadcrumb\"},\"inLanguage\":\"pl-PL\",\"potentialAction\":[{\"@type\":\"ReadAction\",\"target\":[\"https:\/\/gaudiumetspes-blog.pl\/index.php\/2022\/03\/02\/jezus-wzywa\/\"]}]},{\"@type\":\"BreadcrumbList\",\"@id\":\"https:\/\/gaudiumetspes-blog.pl\/index.php\/2022\/03\/02\/jezus-wzywa\/#breadcrumb\",\"itemListElement\":[{\"@type\":\"ListItem\",\"position\":1,\"name\":\"Strona g\u0142\u00f3wna\",\"item\":\"https:\/\/gaudiumetspes-blog.pl\/\"},{\"@type\":\"ListItem\",\"position\":2,\"name\":\"Jezus wzywa!\"}]},{\"@type\":\"WebSite\",\"@id\":\"https:\/\/gaudiumetspes-blog.pl\/#website\",\"url\":\"https:\/\/gaudiumetspes-blog.pl\/\",\"name\":\"Gaudium Et Spes\",\"description\":\"Blog Ks. Jacka Ja\u015bkowskiego\",\"potentialAction\":[{\"@type\":\"SearchAction\",\"target\":{\"@type\":\"EntryPoint\",\"urlTemplate\":\"https:\/\/gaudiumetspes-blog.pl\/?s={search_term_string}\"},\"query-input\":{\"@type\":\"PropertyValueSpecification\",\"valueRequired\":true,\"valueName\":\"search_term_string\"}}],\"inLanguage\":\"pl-PL\"},{\"@type\":\"Person\",\"@id\":\"https:\/\/gaudiumetspes-blog.pl\/#\/schema\/person\/1661982992b752dea8dff0d4ed845a65\",\"name\":\"Ks. Jacek\",\"image\":{\"@type\":\"ImageObject\",\"inLanguage\":\"pl-PL\",\"@id\":\"https:\/\/gaudiumetspes-blog.pl\/#\/schema\/person\/image\/\",\"url\":\"https:\/\/gaudiumetspes-blog.pl\/wp-content\/uploads\/2019\/07\/avatar-JJ-150x150.jpg\",\"contentUrl\":\"https:\/\/gaudiumetspes-blog.pl\/wp-content\/uploads\/2019\/07\/avatar-JJ-150x150.jpg\",\"caption\":\"Ks. Jacek\"},\"description\":\"Witam serdecznie! K\u0142ania si\u0119 Ks. Jacek Ja\u015bkowski. Nie jestem ani kim\u015b wa\u017cnym, ani kim\u015b znanym. Jestem ksi\u0119dzem, kt\u00f3ry po prostu chce rozmawia\u0107. Codzienna kap\u0142a\u0144ska pos\u0142uga pokazuje mi, \u017ce temat\u00f3w do rozm\u00f3w z ksi\u0119dzem jest coraz wi\u0119cej i dzisiaj \u017caden ksi\u0105dz nie mo\u017ce od nich ucieka\u0107, ale - wprost przeciwnie - podejmowa\u0107 nowe wyzwania. To przekonanie sk\u0142oni\u0142o mnie do pr\u00f3by otwarcia tego\u017c bloga, chocia\u017c okazji do rozm\u00f3w na co dzie\u0144 - w konfesjonale i poza nim - na szcz\u0119\u015bcie nie brakuje. My\u015bl\u0119 jednak, \u017ce ten blog b\u0119dzie jeszcze jednym sposobem i przestrzeni\u0105 nawi\u0105zania kontaktu z lud\u017ami dobrej woli, otwartymi na dialog.\",\"url\":\"https:\/\/gaudiumetspes-blog.pl\/index.php\/author\/ks-jacek\/\"}]}<\/script>\n<!-- \/ Yoast SEO plugin. -->","yoast_head_json":{"title":"Jezus wzywa! - Gaudium Et Spes","robots":{"index":"index","follow":"follow","max-snippet":"max-snippet:-1","max-image-preview":"max-image-preview:large","max-video-preview":"max-video-preview:-1"},"canonical":"https:\/\/gaudiumetspes-blog.pl\/index.php\/2022\/03\/02\/jezus-wzywa\/","og_locale":"pl_PL","og_type":"article","og_title":"Jezus wzywa! - Gaudium Et Spes","og_description":"Niech b\u0119dzie pochwalony Jezus Chrystus! Moi Drodzy, rozpoczynamy Wielki Post. A dzisiaj \u2013 Popielec. Dzie\u0144 ten nie zobowi\u0105zuje nas do uczestnictwa we Mszy \u015awi\u0119tej, ale chc\u0119 Was bardzo prosi\u0107: je\u017celi macie tylko tak\u0105 mo\u017cliwo\u015b\u0107, p\u00f3jd\u017acie dzisiaj na Msz\u0119 \u015awi\u0119t\u0105. Naprawd\u0119, to bardzo wa\u017cne! Serdecznie Wszystkich zach\u0119cam! Chodzi o dobre i mocne wej\u015bcie w ten \u015bwi\u0119ty [&hellip;]","og_url":"https:\/\/gaudiumetspes-blog.pl\/index.php\/2022\/03\/02\/jezus-wzywa\/","og_site_name":"Gaudium Et Spes","article_published_time":"2022-03-02T08:03:56+00:00","author":"Ks. Jacek","twitter_card":"summary_large_image","twitter_misc":{"Napisane przez":"Ks. Jacek","Szacowany czas czytania":"11 minut"},"schema":{"@context":"https:\/\/schema.org","@graph":[{"@type":"WebPage","@id":"https:\/\/gaudiumetspes-blog.pl\/index.php\/2022\/03\/02\/jezus-wzywa\/","url":"https:\/\/gaudiumetspes-blog.pl\/index.php\/2022\/03\/02\/jezus-wzywa\/","name":"Jezus wzywa! - Gaudium Et Spes","isPartOf":{"@id":"https:\/\/gaudiumetspes-blog.pl\/#website"},"datePublished":"2022-03-02T08:03:56+00:00","author":{"@id":"https:\/\/gaudiumetspes-blog.pl\/#\/schema\/person\/1661982992b752dea8dff0d4ed845a65"},"breadcrumb":{"@id":"https:\/\/gaudiumetspes-blog.pl\/index.php\/2022\/03\/02\/jezus-wzywa\/#breadcrumb"},"inLanguage":"pl-PL","potentialAction":[{"@type":"ReadAction","target":["https:\/\/gaudiumetspes-blog.pl\/index.php\/2022\/03\/02\/jezus-wzywa\/"]}]},{"@type":"BreadcrumbList","@id":"https:\/\/gaudiumetspes-blog.pl\/index.php\/2022\/03\/02\/jezus-wzywa\/#breadcrumb","itemListElement":[{"@type":"ListItem","position":1,"name":"Strona g\u0142\u00f3wna","item":"https:\/\/gaudiumetspes-blog.pl\/"},{"@type":"ListItem","position":2,"name":"Jezus wzywa!"}]},{"@type":"WebSite","@id":"https:\/\/gaudiumetspes-blog.pl\/#website","url":"https:\/\/gaudiumetspes-blog.pl\/","name":"Gaudium Et Spes","description":"Blog Ks. Jacka Ja\u015bkowskiego","potentialAction":[{"@type":"SearchAction","target":{"@type":"EntryPoint","urlTemplate":"https:\/\/gaudiumetspes-blog.pl\/?s={search_term_string}"},"query-input":{"@type":"PropertyValueSpecification","valueRequired":true,"valueName":"search_term_string"}}],"inLanguage":"pl-PL"},{"@type":"Person","@id":"https:\/\/gaudiumetspes-blog.pl\/#\/schema\/person\/1661982992b752dea8dff0d4ed845a65","name":"Ks. Jacek","image":{"@type":"ImageObject","inLanguage":"pl-PL","@id":"https:\/\/gaudiumetspes-blog.pl\/#\/schema\/person\/image\/","url":"https:\/\/gaudiumetspes-blog.pl\/wp-content\/uploads\/2019\/07\/avatar-JJ-150x150.jpg","contentUrl":"https:\/\/gaudiumetspes-blog.pl\/wp-content\/uploads\/2019\/07\/avatar-JJ-150x150.jpg","caption":"Ks. Jacek"},"description":"Witam serdecznie! K\u0142ania si\u0119 Ks. Jacek Ja\u015bkowski. Nie jestem ani kim\u015b wa\u017cnym, ani kim\u015b znanym. Jestem ksi\u0119dzem, kt\u00f3ry po prostu chce rozmawia\u0107. Codzienna kap\u0142a\u0144ska pos\u0142uga pokazuje mi, \u017ce temat\u00f3w do rozm\u00f3w z ksi\u0119dzem jest coraz wi\u0119cej i dzisiaj \u017caden ksi\u0105dz nie mo\u017ce od nich ucieka\u0107, ale - wprost przeciwnie - podejmowa\u0107 nowe wyzwania. To przekonanie sk\u0142oni\u0142o mnie do pr\u00f3by otwarcia tego\u017c bloga, chocia\u017c okazji do rozm\u00f3w na co dzie\u0144 - w konfesjonale i poza nim - na szcz\u0119\u015bcie nie brakuje. My\u015bl\u0119 jednak, \u017ce ten blog b\u0119dzie jeszcze jednym sposobem i przestrzeni\u0105 nawi\u0105zania kontaktu z lud\u017ami dobrej woli, otwartymi na dialog.","url":"https:\/\/gaudiumetspes-blog.pl\/index.php\/author\/ks-jacek\/"}]}},"jetpack_featured_media_url":"","jetpack_sharing_enabled":true,"_links":{"self":[{"href":"https:\/\/gaudiumetspes-blog.pl\/index.php\/wp-json\/wp\/v2\/posts\/20231","targetHints":{"allow":["GET"]}}],"collection":[{"href":"https:\/\/gaudiumetspes-blog.pl\/index.php\/wp-json\/wp\/v2\/posts"}],"about":[{"href":"https:\/\/gaudiumetspes-blog.pl\/index.php\/wp-json\/wp\/v2\/types\/post"}],"author":[{"embeddable":true,"href":"https:\/\/gaudiumetspes-blog.pl\/index.php\/wp-json\/wp\/v2\/users\/1"}],"replies":[{"embeddable":true,"href":"https:\/\/gaudiumetspes-blog.pl\/index.php\/wp-json\/wp\/v2\/comments?post=20231"}],"version-history":[{"count":1,"href":"https:\/\/gaudiumetspes-blog.pl\/index.php\/wp-json\/wp\/v2\/posts\/20231\/revisions"}],"predecessor-version":[{"id":20232,"href":"https:\/\/gaudiumetspes-blog.pl\/index.php\/wp-json\/wp\/v2\/posts\/20231\/revisions\/20232"}],"wp:attachment":[{"href":"https:\/\/gaudiumetspes-blog.pl\/index.php\/wp-json\/wp\/v2\/media?parent=20231"}],"wp:term":[{"taxonomy":"category","embeddable":true,"href":"https:\/\/gaudiumetspes-blog.pl\/index.php\/wp-json\/wp\/v2\/categories?post=20231"},{"taxonomy":"post_tag","embeddable":true,"href":"https:\/\/gaudiumetspes-blog.pl\/index.php\/wp-json\/wp\/v2\/tags?post=20231"}],"curies":[{"name":"wp","href":"https:\/\/api.w.org\/{rel}","templated":true}]}}