{"id":20293,"date":"2022-03-20T06:37:17","date_gmt":"2022-03-20T05:37:17","guid":{"rendered":"https:\/\/gaudiumetspes-blog.pl\/?p=20293"},"modified":"2022-03-20T06:37:17","modified_gmt":"2022-03-20T05:37:17","slug":"juz-dzisiaj-juz-teraz","status":"publish","type":"post","link":"https:\/\/gaudiumetspes-blog.pl\/index.php\/2022\/03\/20\/juz-dzisiaj-juz-teraz\/","title":{"rendered":"Ju\u017c dzisiaj! Ju\u017c teraz!"},"content":{"rendered":"<p align=\"justify\"><span style=\"color: #000000;\"><span style=\"font-family: Book Antiqua, serif;\"><span style=\"font-size: large;\">Niech b\u0119dzie pochwalony Jezus Chrystus! Moi Drodzy, o dzisiejszych Jubilatach wspomn\u0119 jutro, bo ju\u017c ruszam do Parafii Brzeziny, w Dekanacie ryckim, gdzie dzisiaj rozpoczynam prowadzenie Misji parafialnych, jakie w naszej Diecezji prowadzone s\u0105 w zwi\u0105zku z niedawnym Jubileuszem dwustulecia Diecezji. B\u0119d\u0119 Was na bie\u017c\u0105co informowa\u0142, co si\u0119 b\u0119dzie dzia\u0142o w kolejne dni. Dzisiaj inauguracja oraz uroczyste wprowadzenie do \u015bwi\u0105tyni Ksi\u0119gi Pisma \u015awi\u0119tego i wr\u0119czenie jej Rodzinom. Ju\u017c dzi\u015b dzi\u0119kuj\u0119 mojemu Przyjacielowi, Ksi\u0119dzu Mariuszowi Szyszko, Proboszczowi Parafii, za zaproszenie!<\/span><\/span><\/span><\/p>\n<p align=\"justify\"><span style=\"color: #000000;\"><span style=\"font-family: Book Antiqua, serif;\"><span style=\"font-size: large;\">A oto s\u0142\u00f3wko Ksi\u0119dza Marka na dzi\u015b:<\/span><\/span><\/span><\/p>\n<p align=\"justify\"><span style=\"color: #000000;\"><span style=\"font-family: Book Antiqua, serif;\"><span style=\"font-size: medium;\"><a href=\"https:\/\/www.youtube.com\/c\/CatholicSurgut\"><span style=\"font-size: large;\"><b>https:\/\/www.youtube.com\/c\/CatholicSurgut<\/b><\/span><\/a> <\/span><\/span><\/span><\/p>\n<p align=\"justify\"><span style=\"color: #000000;\"><span style=\"font-family: Book Antiqua, serif;\"><span style=\"font-size: large;\">Zapraszam do pochylenia si\u0119 nad Bo\u017cym s\u0142owem dzisiejszej niedzieli!<\/span><\/span><\/span><\/p>\n<p align=\"justify\"><span style=\"color: #000000;\"><span style=\"font-family: Book Antiqua, serif;\"><span style=\"font-size: large;\"><b>Niech Was b\u0142ogos\u0142awi B\u00f3g Wszechmog\u0105cy: Ojciec + i Syn, i Duch \u015awi\u0119ty. Amen<\/b><\/span><\/span><\/span><\/p>\n<p align=\"center\"><span style=\"color: #000000;\"><span style=\"font-family: Book Antiqua, serif;\"><span style=\"font-size: large;\">Gaudium et spes! Ks. Jacek<\/span><\/span><\/span><\/p>\n<p align=\"center\">\n<p align=\"center\">\n<p align=\"center\">\n<p align=\"center\">\n<p align=\"center\">\n<p align=\"justify\"><span style=\"color: #000000;\"><span style=\"font-family: Book Antiqua, serif;\"><span style=\"font-size: large;\"><b>3 Niedziela Wielkiego Postu, C,<\/b><\/span><\/span><\/span><\/p>\n<p align=\"justify\"><span style=\"color: #000000;\"><span style=\"font-family: Book Antiqua, serif;\"><span style=\"font-size: large;\"><b>20 marca 2022.,<\/b><\/span><\/span><\/span><\/p>\n<p align=\"justify\"><span style=\"color: #000000;\"><span style=\"font-family: Book Antiqua, serif;\"><span style=\"font-size: large;\"><b>do czyta\u0144: Wj 3,1\u20138a.13\u201315; 1 Kor 10,1\u20136.10\u201312; \u0141k 13,1\u20139<\/b><\/span><\/span><\/span><\/p>\n<p align=\"justify\">\n<p align=\"justify\">\n<p align=\"justify\">\n<p align=\"justify\">\n<p align=\"justify\">\n<p align=\"justify\"><span style=\"color: #000000;\"><span style=\"font-family: Book Antiqua, serif;\"><span style=\"font-size: large;\"><b>CZYTANIE Z KSI\u0118GI WYJ\u015aCIA: <\/b><\/span><\/span><\/span><\/p>\n<p align=\"justify\"><span style=\"color: #000000;\"><span style=\"font-family: Book Antiqua, serif;\"><span style=\"font-size: large;\"><b>Moj\u017cesz pas\u0142 owce te\u015bcia swego Jetry, kap\u0142ana Madianit\u00f3w; zawi\u00f3d\u0142 pewnego razu owce w g\u0142\u0105b pustyni i przyszed\u0142 do g\u00f3ry Bo\u017cej Horeb. Wtedy ukaza\u0142 mu si\u0119 anio\u0142 Pana w p\u0142omieniu ognia w \u015brodku krzewu. Moj\u017cesz widzia\u0142, jak krzew p\u0142on\u0105\u0142 ogniem, a nie sp\u0142on\u0105\u0142 od niego. <\/b><\/span><\/span><\/span><\/p>\n<p align=\"justify\"><span style=\"color: #000000;\"><span style=\"font-family: Book Antiqua, serif;\"><span style=\"font-size: large;\"><b>Rzek\u0142 wtedy Moj\u017cesz: \u201eZbli\u017c\u0119 si\u0119, aby ujrze\u0107 lepiej to niezwyk\u0142e zjawisko, dlaczego krzew si\u0119 nie spala\u201d. Gdy za\u015b Pan ujrza\u0142, \u017ce Moj\u017cesz si\u0119 zbli\u017ca\u0142, aby lepiej m\u00f3g\u0142 ujrze\u0107, zawo\u0142a\u0142 do\u0144 B\u00f3g: \u201eMoj\u017ceszu, Moj\u017ceszu!\u201d <\/b><\/span><\/span><\/span><\/p>\n<p align=\"justify\"><span style=\"color: #000000;\"><span style=\"font-family: Book Antiqua, serif;\"><span style=\"font-size: large;\"><b>On za\u015b odpowiedzia\u0142: \u201eOto jestem\u201d. <\/b><\/span><\/span><\/span><\/p>\n<p align=\"justify\"><span style=\"color: #000000;\"><span style=\"font-family: Book Antiqua, serif;\"><span style=\"font-size: large;\"><b>Rzek\u0142 mu: \u201eNie zbli\u017caj si\u0119 tu. Zdejm sanda\u0142y z n\u00f3g, gdy\u017c miejsce, na kt\u00f3rym stoisz, jest ziemi\u0105 \u015bwi\u0119t\u0105\u201d. Powiedzia\u0142 jeszcze Pan: \u201eJestem Bogiem ojca twego, Bogiem Abrahama, Bogiem Izaaka i Bogiem Jakuba\u201d.<\/b><\/span><\/span><\/span><\/p>\n<p align=\"justify\"><span style=\"color: #000000;\"><span style=\"font-family: Book Antiqua, serif;\"><span style=\"font-size: large;\"><b>Moj\u017cesz zas\u0142oni\u0142 twarz, ba\u0142 si\u0119 bowiem ujrze\u0107 Boga. <\/b><\/span><\/span><\/span><\/p>\n<p align=\"justify\"><span style=\"color: #000000;\"><span style=\"font-family: Book Antiqua, serif;\"><span style=\"font-size: large;\"><b>Pan m\u00f3wi\u0142: \u201eDosy\u0107 napatrzy\u0142em si\u0119 na udr\u0119k\u0119 ludu mego w Egipcie i nas\u0142ucha\u0142em si\u0119 narzeka\u0144 jego na ciemi\u0119zc\u00f3w, znam tedy dobrze jego uciemi\u0119\u017cenie. Zst\u0105pi\u0142em, aby go wyrwa\u0107 z jarzma egipskiego i wyprowadzi\u0107 z tej ziemi do ziemi \u017cyznej i przestronnej, do ziemi, kt\u00f3ra op\u0142ywa w mleko i mi\u00f3d\u201d.<\/b><\/span><\/span><\/span><\/p>\n<p align=\"justify\"><span style=\"color: #000000;\"><span style=\"font-family: Book Antiqua, serif;\"><span style=\"font-size: large;\"><b>Moj\u017cesz za\u015b rzek\u0142 Bogu: \u201eOto p\u00f3jd\u0119 do syn\u00f3w Izraela i powiem im: B\u00f3g ojc\u00f3w naszych pos\u0142a\u0142 mnie do was. Lecz gdy oni mnie zapytaj\u0105, jakie jest Jego imi\u0119, to c\u00f3\u017c im mam powiedzie\u0107?\u201d Odpowiedzia\u0142 B\u00f3g Moj\u017ceszowi: \u201eJa jestem, kt\u00f3ry jestem\u201d. I doda\u0142: \u201eTak powiesz synom Izraela: Ja jestem pos\u0142a\u0142 mnie do was\u201d. <\/b><\/span><\/span><\/span><\/p>\n<p align=\"justify\"><span style=\"color: #000000;\"><span style=\"font-family: Book Antiqua, serif;\"><span style=\"font-size: large;\"><b>M\u00f3wi\u0142 dalej B\u00f3g do Moj\u017cesza: \u201eTak powiesz synom Izraela: Pan, B\u00f3g ojc\u00f3w waszych, B\u00f3g Abrahama, B\u00f3g Izaaka i B\u00f3g Jakuba przys\u0142a\u0142 mnie do was. To jest imi\u0119 moje na wieki i to jest moje zawo\u0142anie na najdalsze pokolenia\u201d.<\/b><\/span><\/span><\/span><\/p>\n<p align=\"justify\">\n<p align=\"justify\">\n<p align=\"justify\">\n<p align=\"justify\">\n<p align=\"justify\">\n<p align=\"justify\"><span style=\"color: #000000;\"><span style=\"font-family: Book Antiqua, serif;\"><span style=\"font-size: large;\"><b>CZYTANIE Z PIERWSZEGO LISTU \u015aWI\u0118TEGO PAW\u0141A APOSTO\u0141A DO KORYNTIAN: <\/b><\/span><\/span><\/span><\/p>\n<p align=\"justify\"><span style=\"color: #000000;\"><span style=\"font-family: Book Antiqua, serif;\"><span style=\"font-size: large;\"><b>Nie chcia\u0142bym, bracia, \u017ceby\u015bcie nie wiedzieli, \u017ce nasi ojcowie wszyscy co prawda zostawali pod ob\u0142okiem, wszyscy przeszli przez morze i wszyscy byli ochrzczeni w imi\u0119 Moj\u017cesza, w ob\u0142oku i w morzu; wszyscy te\u017c spo\u017cywali ten sam pokarm duchowy i pili ten sam duchowy nap\u00f3j. Pili za\u015b z towarzysz\u0105cej im duchowej ska\u0142y, a ska\u0142\u0105 by\u0142 Chrystus. Lecz w wi\u0119kszo\u015bci z nich nie upodoba\u0142 sobie B\u00f3g; polegli bowiem na pustyni. <\/b><\/span><\/span><\/span><\/p>\n<p align=\"justify\"><span style=\"color: #000000;\"><span style=\"font-family: Book Antiqua, serif;\"><span style=\"font-size: large;\"><b>Sta\u0142o si\u0119 za\u015b to wszystko, by mog\u0142o pos\u0142u\u017cy\u0107 za przyk\u0142ad dla nas, i\u017cby\u015bmy nie byli sk\u0142onni do z\u0142ego, jak oni z\u0142a pragn\u0119li. Nie szemrajcie, jak niekt\u00f3rzy z nich szemrali i zostali wytraceni przez dokonuj\u0105cego zag\u0142ady. <\/b><\/span><\/span><\/span><\/p>\n<p align=\"justify\"><span style=\"color: #000000;\"><span style=\"font-family: Book Antiqua, serif;\"><span style=\"font-size: large;\"><b>A wszystko to przydarzy\u0142o si\u0119 im jako zapowied\u017a rzeczy przysz\u0142ych, spisane za\u015b zosta\u0142o ku pouczeniu nas, kt\u00f3rych dosi\u0119ga kres czas\u00f3w. Niech przeto ten, komu si\u0119 zdaje, \u017ce stoi, baczy, aby nie upad\u0142.<\/b><\/span><\/span><\/span><\/p>\n<p align=\"justify\">\n<p align=\"justify\">\n<p align=\"justify\">\n<p align=\"justify\">\n<p align=\"justify\">\n<p align=\"justify\"><span style=\"color: #000000;\"><span style=\"font-family: Book Antiqua, serif;\"><span style=\"font-size: large;\"><b>S\u0141OWA EWANGELII WED\u0141UG \u015aWI\u0118TEGO \u0141UKASZA: <\/b><\/span><\/span><\/span><\/p>\n<p align=\"justify\"><span style=\"color: #000000;\"><span style=\"font-family: Book Antiqua, serif;\"><span style=\"font-size: large;\"><b>W tym czasie przyszli niekt\u00f3rzy i donie\u015bli Jezusowi o Galilejczykach, kt\u00f3rych krew Pi\u0142at zmiesza\u0142 z krwi\u0105 ich ofiar. <\/b><\/span><\/span><\/span><\/p>\n<p align=\"justify\"><span style=\"color: #000000;\"><span style=\"font-family: Book Antiqua, serif;\"><span style=\"font-size: large;\"><b>Jezus im odpowiedzia\u0142: \u201eCzy\u017c my\u015blicie, \u017ce ci Galilejczycy byli wi\u0119kszymi grzesznikami ni\u017c inni mieszka\u0144cy Galilei, \u017ce to ucierpieli? Bynajmniej, powiadam wam; lecz je\u015bli si\u0119 nie nawr\u00f3cicie, wszyscy podobnie zginiecie. Albo my\u015blicie, \u017ce owych osiemnastu, na kt\u00f3rych zwali\u0142a si\u0119 wie\u017ca w Siloe i zabi\u0142a ich, by\u0142o wi\u0119kszymi grzesznikami ni\u017c inni mieszka\u0144cy Jerozolimy? Bynajmniej, powiadam wam; lecz je\u015bli si\u0119 nie nawr\u00f3cicie, wszyscy tak samo zginiecie\u201d.<\/b><\/span><\/span><\/span><\/p>\n<p align=\"justify\"><span style=\"color: #000000;\"><span style=\"font-family: Book Antiqua, serif;\"><span style=\"font-size: large;\"><b>I opowiedzia\u0142 im nast\u0119puj\u0105c\u0105 przypowie\u015b\u0107: \u201ePewien cz\u0142owiek mia\u0142 drzewo figowe zasadzone w swojej winnicy; przyszed\u0142 i szuka\u0142 na nim owoc\u00f3w, ale nie znalaz\u0142. Rzek\u0142 wi\u0119c do ogrodnika: \u00abOto ju\u017c trzy lata, odk\u0105d przychodz\u0119 i szukam owocu na tym drzewie figowym, a nie znajduj\u0119. Wytnij je: po co jeszcze ziemi\u0119 wyja\u0142awia?\u00bb Lecz on mu odpowiedzia\u0142: \u00abPanie, jeszcze na ten rok je pozostaw; ja okopi\u0119 je i ob\u0142o\u017c\u0119 nawozem; mo\u017ce wyda owoc. A je\u015bli nie, w przysz\u0142o\u015bci mo\u017cesz je wyci\u0105\u0107\u00bb\u201d.<\/b><\/span><\/span><\/span><\/p>\n<p align=\"justify\">\n<p align=\"justify\">\n<p align=\"justify\">\n<p align=\"justify\">\n<p align=\"justify\">\n<p align=\"justify\"><span style=\"color: #000000;\"><span style=\"font-family: Book Antiqua, serif;\"><span style=\"font-size: large;\">Po czterystu trzydziestu latach udr\u0119czenia w egipskiej niewoli, nar\u00f3d wybrany <b>doczeka\u0142 si\u0119 Bo\u017cej interwencji, <\/b>maj\u0105cej go ostatecznie z tego stanu wyzwoli\u0107. D\u0142ugo Izraelici j\u0119czeli pod batem swoich ciemi\u0119\u017cycieli, ale teraz oto doczekali, \u017ce <b>ich p\u0142acz poruszy\u0142 \u2013 by tak to uj\u0105\u0107 \u2013 serce Bo\u017ce<\/b> i mieli wyruszy\u0107 ku wolno\u015bci, ku Ziemi Obiecanej. <\/span><\/span><\/span><\/p>\n<p align=\"justify\"><span style=\"color: #000000;\"><span style=\"font-family: Book Antiqua, serif;\"><span style=\"font-size: large;\">W tym celu B\u00f3g powo\u0142a\u0142 \u2013 w tak niezwyk\u0142y spos\u00f3b, jak to dzisiaj us\u0142yszeli\u015bmy \u2013 <b>Moj\u017cesza, <\/b><b>cz\u0142owieka <\/b><b>cudownie ocalonego<\/b> w dzieci\u0144stwie z pogromu, zgotowanego przez faraona, a nast\u0119pnie wychowuj\u0105cego si\u0119 i \u017cyj\u0105cego na tym dworze \u2013 a\u017c do dnia, kiedy to <b>stan\u0105\u0142 on w obronie<\/b> bitych swoich i poniewieranych rodak\u00f3w, za co faraon chcia\u0142 go zabi\u0107, ale ten na szcz\u0119\u015bcie <b>uratowa\u0142 si\u0119 ucieczk\u0105.<\/b> <\/span><\/span><\/span><\/p>\n<p align=\"justify\"><span style=\"color: #000000;\"><span style=\"font-family: Book Antiqua, serif;\"><span style=\"font-size: large;\">Id\u0105c przez pustyni\u0119, dotar\u0142 szcz\u0119\u015bliwie do kraju Madianit\u00f3w, tam osiad\u0142, tam si\u0119 o\u017ceni\u0142, doczeka\u0142 si\u0119 potomstwa\u2026 \u017by\u0142o mu si\u0119 <b>bardzo dobrze, spokojnie i dostatnio, <\/b>a\u017c przyszed\u0142 \u00f3w dzie\u0144, kiedy to Pan powo\u0142a\u0142 go do zadania naprawd\u0119 wyj\u0105tkowego. Zreszt\u0105, samo powo\u0142anie tak\u017ce dokona\u0142o si\u0119 w spos\u00f3b wyj\u0105tkowy: <b>B\u00f3g osobi\u015bcie przem\u00f3wi\u0142 do Moj\u017cesza,<\/b> ukazuj\u0105c si\u0119 mu w krzaku gorej\u0105cym. <\/span><\/span><\/span><\/p>\n<p align=\"justify\"><span style=\"color: #000000;\"><span style=\"font-family: Book Antiqua, serif;\"><span style=\"font-size: large;\">Od tego momentu wszystko si\u0119 zacz\u0119\u0142o \u2013 mo\u017cna powiedzie\u0107: <b>wszystko nowe zacz\u0119\u0142o si\u0119 <\/b>dla ludu wybranego. Zacz\u0105\u0142 si\u0119 <b>nowy etap ich historii<\/b> \u2013 etap rozpocz\u0119ty wyj\u015bciem z Egiptu, by potem d\u0142ugo <b>uczy\u0107 si\u0119 wolno\u015bci<\/b> i pokonywa\u0107 w sobie syndrom niewolnika \u2013 na to B\u00f3g da\u0142 im <b>czterdzie\u015bci lat na pustyni,<\/b> bo a\u017c do takiego czasu przed\u0142u\u017cy\u0142 ich w\u0119dr\u00f3wk\u0119 po to, aby pokolenie przesi\u0105kni\u0119te niewol\u0105 wymar\u0142o, a do Ziemi Obiecanej <b>wesz\u0142o ju\u017c pokolenie nowe.<\/b> <\/span><\/span><\/span><\/p>\n<p align=\"justify\"><span style=\"color: #000000;\"><span style=\"font-family: Book Antiqua, serif;\"><span style=\"font-size: large;\">O trudach tej w\u0119dr\u00f3wki \u2013 a bardziej: o trudach uczenia si\u0119 wolno\u015bci \u2013 m\u00f3wi dzisiejsze drugie czytanie, w kt\u00f3rym Pawe\u0142 Aposto\u0142 stwierdza: <i><b>Nie chcia\u0142bym, bracia, \u017ceby\u015bcie nie wiedzieli, \u017ce nasi ojcowie wszyscy co prawda zostawali pod ob\u0142okiem, wszyscy przeszli przez morze i wszyscy byli ochrzczeni w imi\u0119 Moj\u017cesza, w ob\u0142oku i w morzu; wszyscy te\u017c spo\u017cywali ten sam pokarm duchowy i<\/b><\/i><b> <\/b><i><b>pili ten sam duchowy nap\u00f3j. Pili za\u015b z towarzysz\u0105cej im duchowej ska\u0142y, a ska\u0142\u0105 by\u0142 Chrystus. Lecz w wi\u0119kszo\u015bci z nich nie upodoba\u0142 sobie B\u00f3g; polegli bowiem na pustyni.<\/b><\/i><b> <\/b><\/span><\/span><\/span><\/p>\n<p align=\"justify\"><span style=\"color: #000000;\"><span style=\"font-family: Book Antiqua, serif;\"><span style=\"font-size: large;\">Ob\u0142ok, o kt\u00f3rym tu mowa, to oczywi\u015bcie ten, kt\u00f3ry os\u0142ania\u0142 Izraelit\u00f3w za dnia, przed \u017carem s\u0142o\u0144ca, ale to r\u00f3wnie\u017c ten, z kt\u00f3rego <b>B\u00f3g przemawia\u0142 do swego ludu.<\/b> W nocy by\u0142a to pochodnia ognia. Pokarm, o kt\u00f3rym mowa, <b>to manna, <\/b>a woda \u2013 to ta, kt\u00f3ra <b>wyp\u0142yn\u0119\u0142a ze ska\u0142y,<\/b> po uderzeniu przez Moj\u017cesza drewnian\u0105 lask\u0105. Ska\u0142a za\u015b jest <b>symbolem Chrystusa, <\/b>kt\u00f3ry zdroje swoich \u0142ask \u2013 niczym zdroje wody na pustyni \u2013 b\u0119dzie rozlewa\u0142 na wszystkich, kt\u00f3rzy w Niego uwierz\u0105. <\/span><\/span><\/span><\/p>\n<p align=\"justify\"><span style=\"color: #000000;\"><span style=\"font-family: Book Antiqua, serif;\"><span style=\"font-size: large;\">Na pustyni jednak <b>wielu nie uwierzy\u0142o,<\/b> dlatego B\u00f3g sobie w nich nie upodoba\u0142\u2026 Dlatego \u2013 jak s\u0142yszeli\u015bmy \u2013 <b>polegli oni na pustyni. <\/b>Tam pomarli, tam zostali pochowani, a do Ziemi Obiecanej wesz\u0142o pokolenie zrodzone ju\u017c na pustyni \u2013 tak, w\u0142a\u015bnie w tym trudnym czasie w\u0119dr\u00f3wki \u2013 kt\u00f3re <b>nie zosta\u0142o ska\u017cone niewol\u0105<\/b> i my\u015bleniem niewolnika. <\/span><\/span><\/span><\/p>\n<p align=\"justify\"><span style=\"color: #000000;\"><span style=\"font-family: Book Antiqua, serif;\"><span style=\"font-size: large;\">Dlatego te\u017c Pawe\u0142 Aposto\u0142 ka\u017ce wiernym Koryntu \u2013 ale i nam wszystkim, w drugim dzisiejszym czytaniu \u2013 wyci\u0105gn\u0105\u0107 konkretne wnioski z tych wydarze\u0144. Pisze: <i><b>Sta\u0142o si\u0119 za\u015b to wszystko, by mog\u0142o pos\u0142u\u017cy\u0107 za przyk\u0142ad dla nas, i\u017cby\u015bmy nie byli sk\u0142onni do z\u0142ego, jak oni z\u0142a pragn\u0119li. Nie szemrajcie, jak niekt\u00f3rzy z nich szemrali i zostali wytraceni przez dokonuj\u0105cego zag\u0142ady.<\/b><\/i> I ko\u0144czy bardzo dosadnym zdaniem: <i><b>Niech przeto ten, komu si\u0119 zdaje, \u017ce stoi, baczy, aby nie upad\u0142. <\/b><\/i><\/span><\/span><\/span><\/p>\n<p align=\"justify\"><span style=\"color: #000000;\"><span style=\"font-family: Book Antiqua, serif;\"><span style=\"font-size: large;\">I to samo m\u00f3wi dzi\u015b Jezus w Ewangelii. Wskazuj\u0105c na dwa mocne przyk\u0142ady nieszcz\u0119\u015bcia, jakie spotka\u0142o najpierw Galilejczyk\u00f3w, <i><b>kt\u00f3rych krew Pi\u0142at zmiesza\u0142 z krwi\u0105 ich ofiar,<\/b><\/i> a nast\u0119pnie <i><b>osiemnastu, na kt\u00f3rych zwali\u0142a si\u0119 wie\u017ca w Siloe i zabi\u0142a ich,<\/b><\/i><b> <\/b> stwierdza bardzo jednoznacznie: <i><b>J<\/b><\/i><i><b>e\u015bli si\u0119 nie nawr\u00f3cicie, wszyscy tak samo zginiecie. <\/b><\/i>Oczywi\u015bcie, to nie musi by\u0107 \u015bmier\u0107, zadana dok\u0142adnie w taki spos\u00f3b, jaki spotka\u0142 tamtych \u2013 i nie chodzi Jezusowi o \u015bmier\u0107 cielesn\u0105 \u2013 ale <b>o \u015bmier\u0107 duchow\u0105, <\/b>o wieczne pot\u0119pienie. <i><b>Je\u015bli si\u0119 nie nawr\u00f3cicie\u2026<\/b><\/i> <\/span><\/span><\/span><\/p>\n<p align=\"justify\"><span style=\"color: #000000;\"><span style=\"font-family: Book Antiqua, serif;\"><span style=\"font-size: large;\">Stwierdzenie o tyle jasne, co kategoryczne i nie pozostawiaj\u0105ce w\u0105tpliwo\u015bci. Aczkolwiek nie oznaczaj\u0105ce <b>jakiego\u015b czyhania na cz\u0142owieka,<\/b> \u017ceby go przy\u0142apa\u0107 na jakimkolwiek b\u0142\u0119dzie, na jakim\u015b potkni\u0119ciu, i powiedzie\u0107: \u201eA, mam Ci\u0119, gagatku\u2026 Teraz mi si\u0119 nie wymkniesz!\u201d To nie tak. <\/span><\/span><\/span><\/p>\n<p align=\"justify\"><span style=\"color: #000000;\"><span style=\"font-family: Book Antiqua, serif;\"><span style=\"font-size: large;\">\u015awiadczy o tym pi\u0119kny obraz drzewa, kt\u00f3re pomimo i\u017c nie przynosi owoc\u00f3w, <b>otrzymuje jeszcze szans\u0119. <\/b>Chocia\u017c pan, w\u0142a\u015bciciel tego pola, ch\u0119tnie by je wyci\u0105\u0142 i nawet poleci\u0142 to ogrodnikowi, to jednak w\u0142a\u015bnie \u00f3w ogrodnik <b>staje w obronie drzewa.<\/b> Sam obiecuje podj\u0105\u0107 dzia\u0142ania zaradcze, aby <b>da\u0107 szans\u0119 drzewu.<\/b> Mo\u017ce jeszcze wyda owoce\u2026 Ale i on stwierdza wyra\u017anie, \u017ce je\u015bli to si\u0119 nie stanie, w\u00f3wczas ju\u017c nie b\u0119dzie innego wyj\u015bcia, <b>jak tylko drzewo wyci\u0105\u0107\u2026<\/b> <\/span><\/span><\/span><\/p>\n<p align=\"justify\"><span style=\"color: #000000;\"><span style=\"font-family: Book Antiqua, serif;\"><span style=\"font-size: large;\">Moi Drodzy, zbierzmy sobie te wszystkie przes\u0142ania, te wszystkie obrazy, jakie zosta\u0142y nam dzisiaj ukazane. Oto Pan <b>sam wychodzi do nas<\/b> i wyci\u0105ga r\u0119k\u0119, aby nas poprowadzi\u0107 przez \u017cycie, aby nas <b>wyprowadzi\u0107 z niewoli grzechu.<\/b> Zapala przed nami <b>krzak gorej\u0105cy,<\/b> z kt\u00f3rego do nas przemawia i kt\u00f3rym rozja\u015bnia nasze umys\u0142y i serca. Takim znakiem z pewno\u015bci\u0105 s\u0105 <b>misje parafialne,<\/b> takim znakiem s\u0105 <b>rekolekcje wielkopostne,<\/b> takim znakiem jest <b>ka\u017cda Spowied\u017a,<\/b> takim znakiem jest <b>Bo\u017ce s\u0142owo,<\/b> takim gorej\u0105cym krzakiem jest ka\u017cde spotkanie z Panem <b>na Mszy \u015awi\u0119tej i na modlitwie.<\/b> <\/span><\/span><\/span><\/p>\n<p align=\"justify\"><span style=\"color: #000000;\"><span style=\"font-family: Book Antiqua, serif;\"><span style=\"font-size: large;\">Za ka\u017cdym razem, jest to na tyle <b>wyra\u017any i mocny znak,<\/b> \u017ce nie da si\u0119 go nie zauwa\u017cy\u0107. Moj\u017cesz nie m\u00f3g\u0142 \u2013 ot, tak sobie \u2013 powiedzie\u0107, \u017ce nic si\u0119 nie dzieje, na zasadzie, \u017ce owszem, jaki\u015b krzak si\u0119 zapali\u0142, ale to si\u0119 w ko\u0144cu zdarza. Nie, <b>on od razu rozpozna\u0142, <\/b>\u017ce jest to jaki\u015b znak dla niego. Potwierdzi\u0142y to zreszt\u0105 s\u0142owa, jakie za chwil\u0119 us\u0142ysza\u0142. <\/span><\/span><\/span><\/p>\n<p align=\"justify\"><span style=\"color: #000000;\"> <span style=\"font-family: Book Antiqua, serif;\"><span style=\"font-size: large;\">do nas tak\u017ce Pan przemawia przez te konkretne znaki. \u017beby to jeszcze raz powt\u00f3rzy\u0107: <b>zapala przed nami mocny ogie\u0144, <\/b>blask swojej obecno\u015bci, m\u00f3wi do nas, wzywa do konkretnego dzia\u0142ania. <b>I towarzyszy nam,<\/b> jak narodowi wybranemu na pustyni, w naszej w\u0119dr\u00f3wce przez \u017cycie i w naszym <b>trudnym uczeniu si\u0119 wolno\u015bci <\/b>\u2013 tej duchowej wolno\u015bci, bo tematu wolno\u015bci politycznej w tym momencie nie ruszamy. <\/span><\/span><\/span><\/p>\n<p align=\"justify\"><span style=\"color: #000000;\"><span style=\"font-family: Book Antiqua, serif;\"><span style=\"font-size: large;\">On sam <b>os\u0142ania nas od z\u0142a <\/b>i prowadzi przez pustyni\u0119, <b>rozlewa zdroje \u0142aski<\/b> \u2013 dok\u0142adnie tak, jak na pustyni, rozlewa\u0142 zdroje \u017cywej wody ze ska\u0142y. <b>I to wszystko dla nas,<\/b> moi Drodzy \u2013 to s\u0105 czytelne znaki, wobec kt\u00f3rych nie mo\u017cemy przej\u015b\u0107 oboj\u0119tnie. Nie powinni\u015bmy! <\/span><\/span><\/span><\/p>\n<p align=\"justify\"><span style=\"color: #000000;\"><span style=\"font-family: Book Antiqua, serif;\"><span style=\"font-size: large;\">Wiemy jednak, \u017ce <b>r\u00f3\u017cnie bywa\u2026<\/b> Bo cho\u0107 to wydaje si\u0119 wr\u0119cz niemo\u017cliwe, to jednak mo\u017cna zachowa\u0107 si\u0119 zupe\u0142nie inaczej, ni\u017c zachowa\u0142 si\u0119 Moj\u017cesz.<b> On przej\u0105\u0142 si\u0119 tym,<\/b> co zobaczy\u0142 i us\u0142ysza\u0142, a potem <b>uwa\u017cnie nas\u0142uchiwa\u0142, <\/b>co B\u00f3g ka\u017cdorazowo m\u00f3wi\u0142 do niego, kiedy pyta\u0142 Go o r\u00f3\u017cne sprawy, zwi\u0105zane z prowadzeniem swego ludu do Ziemi Obiecanej. Moj\u017cesz pozosta\u0142 wierny Bogu. <\/span><\/span><\/span><\/p>\n<p align=\"justify\"><span style=\"color: #000000;\"><span style=\"font-family: Book Antiqua, serif;\"><span style=\"font-size: large;\">Czego nie mo\u017cna powiedzie\u0107 o jego narodzie, bo ten niejednokrotnie <b>przypomina\u0142 owo drzewo, <\/b>opisane w dzisiejszej Ewangelii \u2013 drzewo, kt\u00f3remu dano szans\u0119, ale kt\u00f3re tej szansy nie wykorzysta\u0142o. M\u00f3wimy o narodzie, bo jak by\u0142o z ewangelicznym drzewem, nie wiemy, natomiast wiemy, \u017ce nar\u00f3d wybrany <b>niejednokrotnie mocno zawodzi\u0142 <\/b>swego Boga\u2026 I nie przynosi\u0142 dobrych owoc\u00f3w nawr\u00f3cenia. <\/span><\/span><\/span><\/p>\n<p align=\"justify\"><span style=\"color: #000000;\"><span style=\"font-family: Book Antiqua, serif;\"><span style=\"font-size: large;\">Dlatego tak mocne zdanie Jezusa: <b>J<\/b><i><b>e\u015bli si\u0119 nie nawr\u00f3cicie, wszyscy tak samo zginiecie.<\/b><\/i><b> <\/b>I r\u00f3wnie mocne zdanie \u015awi\u0119tego Paw\u0142a: <i><b>Niech przeto ten, komu si\u0119 zdaje, \u017ce stoi, baczy, aby nie upad\u0142.<\/b><\/i><b> <\/b><\/span><\/span><\/span><\/p>\n<p align=\"justify\"><span style=\"color: #000000;\"><span style=\"font-family: Book Antiqua, serif;\"><span style=\"font-size: large;\">Moi Drodzy, niech nas B\u00f3g broni przed zbytni\u0105 pewno\u015bci\u0105 siebie, niech nas broni przed zbytnim <b>przekonaniem o swojej \u015bwi\u0119to\u015bci i doskona\u0142o\u015bci. <\/b>Oczywi\u015bcie, my tu, dzisiaj obecni, z pewno\u015bci\u0105 nie jeste\u015bmy jakimi\u015b <b>ci\u0119\u017ckimi grzesznikami, <\/b>kt\u00f3rzy otwarcie buntuj\u0105 si\u0119 przeciwko Bogu i b\u0142\u0105dz\u0105 z dala od Niego. Skoro tu dzi\u015b \u2013 i w ka\u017cd\u0105 niedziel\u0119, a nieraz i w dni powszednie \u2013 przychodzimy, to znaczy, \u017ce<b> jeste\u015bmy blisko Boga i staramy si\u0119 by\u0107 Mu wierni. <\/b><\/span><\/span><\/span><\/p>\n<p align=\"justify\"><span style=\"color: #000000;\"><span style=\"font-family: Book Antiqua, serif;\"><span style=\"font-size: large;\">Ale to nie oznacza, \u017ce nie potrzebujemy <b>ci\u0105g\u0142ego nawracania si\u0119<\/b> z wad i grzech\u00f3w, kt\u00f3re powtarzaj\u0105 si\u0119 w naszym \u017cyciu, do kt\u00f3rych mo\u017ce si\u0119 ju\u017c przyzwyczaili\u015bmy si\u0119 i z kt\u00f3rymi \u2013 niestety \u2013 <b>jest nam dobrze! <\/b>My\u015blimy tu <b>o naszej wadzie g\u0142\u00f3wnej, <\/b>czyli takim zachowaniu, takim jakim\u015b z\u0142ym przyzwyczajeniu, kt\u00f3re <b>wros\u0142o w nasze serce<\/b> i ci\u0105gle powoduje zamieszanie w naszym \u017cyciu, jest \u017ar\u00f3d\u0142em wielu innych grzech\u00f3w. <\/span><\/span><\/span><\/p>\n<p align=\"justify\"><span style=\"color: #000000;\"><span style=\"font-family: Book Antiqua, serif;\"><span style=\"font-size: large;\">Ka\u017cdy z nas ma jak\u0105\u015b tak\u0105 swoj\u0105 z\u0142\u0105 sk\u0142onno\u015b\u0107, z\u0142e przyzwyczajenie, do kt\u00f3rego podchodzi si\u0119 na tej zasadzie, \u017ce <b>\u201eja po prostu ju\u017c taki jestem<\/b> i raczej si\u0119 nie zmieni\u0119. \u015awiat musi mnie takim zaakceptowa\u0107\u201d. Ot\u00f3\u017c, nie musi i <b>nie g\u00f3d\u017amy si\u0119 na to,<\/b> \u017ce to si\u0119 nie da zmieni\u0107. Je\u017celi jest to takie przyzwyczajenie, kt\u00f3re istotnie powoduje zamieszanie w naszym \u017cyciu i jest \u017ar\u00f3d\u0142em grzech\u00f3w, to <b>trzeba si\u0119 z nim rozprawi\u0107!<\/b> Mo\u017ce w\u0142a\u015bnie w tym Wielkim Po\u015bcie. <\/span><\/span><\/span><\/p>\n<p align=\"justify\"><span style=\"color: #000000;\"><span style=\"font-family: Book Antiqua, serif;\"><span style=\"font-size: large;\">Mo\u017ce w\u0142a\u015bnie ten czas jest najlepszym na to, by si\u0119 tym zaj\u0105\u0107. Bo kto wie, czy dla kogo\u015b z nas, tu obecnych, <b>nie jest to ostatni Wielki Post,<\/b> a mo\u017ce nawet <b>ostatni dzie\u0144 \u017cycia.<\/b> Nigdy tego nie wiemy. I nie chodzi mi tu o jakie\u015b straszenie, ale <b>o jasno\u015b\u0107 sytuacji,<\/b> \u017ce Pan naprawd\u0119 daje nam czas, daje nam szans\u0119, zapala przed nami nawet nie jeden, a <b>wiele takich mocno gorej\u0105cych i mocno ja\u015bniej\u0105cych krzak\u00f3w, <\/b>z kt\u00f3rych przemawia do nas, wzywaj\u0105c do nawr\u00f3cenia. Naprawd\u0119, nie mo\u017cemy udawa\u0107, \u017ce ich nie widzimy! <\/span><\/span><\/span><\/p>\n<p align=\"justify\"><span style=\"color: #000000;\"><span style=\"font-family: Book Antiqua, serif;\"><span style=\"font-size: large;\">I nie mo\u017cemy<b> odk\u0142ada\u0107 na inny czas <\/b>\u2013 jaki\u015b rzekomo lepszy czas \u2013 naszego nawr\u00f3cenia, swojej <b>odwa\u017cnej decyzji o zerwaniu z wad\u0105 g\u0142\u00f3wn\u0105, <\/b>o zerwaniu ze z\u0142ym przyzwyczajeniem, o zerwaniu z grzechem. Naprawd\u0119, ten czas i to zaproszenie, kt\u00f3re dzisiaj po raz kolejny otrzymujemy, <b>to jest w\u0142a\u015bnie najlepszy czas i najlepsza okazja,<\/b> aby pos\u0142ucha\u0107 Pana i da\u0107 si\u0119 poprowadzi\u0107. Nie czekajmy ju\u017c d\u0142u\u017cej, nie odk\u0142adajmy na p\u00f3\u017aniej. <\/span><\/span><\/span><\/p>\n<p align=\"justify\"><span style=\"color: #000000;\"><span style=\"font-family: Book Antiqua, serif;\"><span style=\"font-size: large;\"><b>Ju\u017c dzisiaj, ju\u017c teraz<\/b> \u2013 p\u00f3jd\u017amy za Panem, uwierzmy Mu, przynie\u015bmy Mu dobre owoce naszego \u017cycia! <b>Ju\u017c dzisiaj! Ju\u017c teraz!<\/b><\/span><\/span><\/span><\/p>\n","protected":false},"excerpt":{"rendered":"<p>Niech b\u0119dzie pochwalony Jezus Chrystus! Moi Drodzy, o dzisiejszych Jubilatach wspomn\u0119 jutro, bo ju\u017c ruszam do Parafii Brzeziny, w Dekanacie ryckim, gdzie dzisiaj rozpoczynam prowadzenie Misji parafialnych, jakie w naszej Diecezji prowadzone s\u0105 w zwi\u0105zku z niedawnym Jubileuszem dwustulecia Diecezji. B\u0119d\u0119 Was na bie\u017c\u0105co informowa\u0142, co si\u0119 b\u0119dzie dzia\u0142o w kolejne dni. Dzisiaj inauguracja oraz [&hellip;]<\/p>\n","protected":false},"author":1,"featured_media":0,"comment_status":"open","ping_status":"open","sticky":false,"template":"","format":"standard","meta":{"jetpack_post_was_ever_published":false,"_jetpack_newsletter_access":"","_jetpack_dont_email_post_to_subs":false,"_jetpack_newsletter_tier_id":0,"_jetpack_memberships_contains_paywalled_content":false,"_jetpack_memberships_contains_paid_content":false,"footnotes":""},"categories":[1],"tags":[],"class_list":["post-20293","post","type-post","status-publish","format-standard","hentry","category-bez-kategorii"],"yoast_head":"<!-- This site is optimized with the Yoast SEO plugin v25.1 - https:\/\/yoast.com\/wordpress\/plugins\/seo\/ -->\n<title>Ju\u017c dzisiaj! Ju\u017c teraz! - Gaudium Et Spes<\/title>\n<meta name=\"robots\" content=\"index, follow, max-snippet:-1, max-image-preview:large, max-video-preview:-1\" \/>\n<link rel=\"canonical\" href=\"https:\/\/gaudiumetspes-blog.pl\/index.php\/2022\/03\/20\/juz-dzisiaj-juz-teraz\/\" \/>\n<meta property=\"og:locale\" content=\"pl_PL\" \/>\n<meta property=\"og:type\" content=\"article\" \/>\n<meta property=\"og:title\" content=\"Ju\u017c dzisiaj! Ju\u017c teraz! - Gaudium Et Spes\" \/>\n<meta property=\"og:description\" content=\"Niech b\u0119dzie pochwalony Jezus Chrystus! Moi Drodzy, o dzisiejszych Jubilatach wspomn\u0119 jutro, bo ju\u017c ruszam do Parafii Brzeziny, w Dekanacie ryckim, gdzie dzisiaj rozpoczynam prowadzenie Misji parafialnych, jakie w naszej Diecezji prowadzone s\u0105 w zwi\u0105zku z niedawnym Jubileuszem dwustulecia Diecezji. B\u0119d\u0119 Was na bie\u017c\u0105co informowa\u0142, co si\u0119 b\u0119dzie dzia\u0142o w kolejne dni. Dzisiaj inauguracja oraz [&hellip;]\" \/>\n<meta property=\"og:url\" content=\"https:\/\/gaudiumetspes-blog.pl\/index.php\/2022\/03\/20\/juz-dzisiaj-juz-teraz\/\" \/>\n<meta property=\"og:site_name\" content=\"Gaudium Et Spes\" \/>\n<meta property=\"article:published_time\" content=\"2022-03-20T05:37:17+00:00\" \/>\n<meta name=\"author\" content=\"Ks. Jacek\" \/>\n<meta name=\"twitter:card\" content=\"summary_large_image\" \/>\n<meta name=\"twitter:label1\" content=\"Napisane przez\" \/>\n\t<meta name=\"twitter:data1\" content=\"Ks. Jacek\" \/>\n\t<meta name=\"twitter:label2\" content=\"Szacowany czas czytania\" \/>\n\t<meta name=\"twitter:data2\" content=\"13 minut\" \/>\n<script type=\"application\/ld+json\" class=\"yoast-schema-graph\">{\"@context\":\"https:\/\/schema.org\",\"@graph\":[{\"@type\":\"WebPage\",\"@id\":\"https:\/\/gaudiumetspes-blog.pl\/index.php\/2022\/03\/20\/juz-dzisiaj-juz-teraz\/\",\"url\":\"https:\/\/gaudiumetspes-blog.pl\/index.php\/2022\/03\/20\/juz-dzisiaj-juz-teraz\/\",\"name\":\"Ju\u017c dzisiaj! Ju\u017c teraz! - Gaudium Et Spes\",\"isPartOf\":{\"@id\":\"https:\/\/gaudiumetspes-blog.pl\/#website\"},\"datePublished\":\"2022-03-20T05:37:17+00:00\",\"author\":{\"@id\":\"https:\/\/gaudiumetspes-blog.pl\/#\/schema\/person\/1661982992b752dea8dff0d4ed845a65\"},\"breadcrumb\":{\"@id\":\"https:\/\/gaudiumetspes-blog.pl\/index.php\/2022\/03\/20\/juz-dzisiaj-juz-teraz\/#breadcrumb\"},\"inLanguage\":\"pl-PL\",\"potentialAction\":[{\"@type\":\"ReadAction\",\"target\":[\"https:\/\/gaudiumetspes-blog.pl\/index.php\/2022\/03\/20\/juz-dzisiaj-juz-teraz\/\"]}]},{\"@type\":\"BreadcrumbList\",\"@id\":\"https:\/\/gaudiumetspes-blog.pl\/index.php\/2022\/03\/20\/juz-dzisiaj-juz-teraz\/#breadcrumb\",\"itemListElement\":[{\"@type\":\"ListItem\",\"position\":1,\"name\":\"Strona g\u0142\u00f3wna\",\"item\":\"https:\/\/gaudiumetspes-blog.pl\/\"},{\"@type\":\"ListItem\",\"position\":2,\"name\":\"Ju\u017c dzisiaj! Ju\u017c teraz!\"}]},{\"@type\":\"WebSite\",\"@id\":\"https:\/\/gaudiumetspes-blog.pl\/#website\",\"url\":\"https:\/\/gaudiumetspes-blog.pl\/\",\"name\":\"Gaudium Et Spes\",\"description\":\"Blog Ks. Jacka Ja\u015bkowskiego\",\"potentialAction\":[{\"@type\":\"SearchAction\",\"target\":{\"@type\":\"EntryPoint\",\"urlTemplate\":\"https:\/\/gaudiumetspes-blog.pl\/?s={search_term_string}\"},\"query-input\":{\"@type\":\"PropertyValueSpecification\",\"valueRequired\":true,\"valueName\":\"search_term_string\"}}],\"inLanguage\":\"pl-PL\"},{\"@type\":\"Person\",\"@id\":\"https:\/\/gaudiumetspes-blog.pl\/#\/schema\/person\/1661982992b752dea8dff0d4ed845a65\",\"name\":\"Ks. Jacek\",\"image\":{\"@type\":\"ImageObject\",\"inLanguage\":\"pl-PL\",\"@id\":\"https:\/\/gaudiumetspes-blog.pl\/#\/schema\/person\/image\/\",\"url\":\"https:\/\/gaudiumetspes-blog.pl\/wp-content\/uploads\/2019\/07\/avatar-JJ-150x150.jpg\",\"contentUrl\":\"https:\/\/gaudiumetspes-blog.pl\/wp-content\/uploads\/2019\/07\/avatar-JJ-150x150.jpg\",\"caption\":\"Ks. Jacek\"},\"description\":\"Witam serdecznie! K\u0142ania si\u0119 Ks. Jacek Ja\u015bkowski. Nie jestem ani kim\u015b wa\u017cnym, ani kim\u015b znanym. Jestem ksi\u0119dzem, kt\u00f3ry po prostu chce rozmawia\u0107. Codzienna kap\u0142a\u0144ska pos\u0142uga pokazuje mi, \u017ce temat\u00f3w do rozm\u00f3w z ksi\u0119dzem jest coraz wi\u0119cej i dzisiaj \u017caden ksi\u0105dz nie mo\u017ce od nich ucieka\u0107, ale - wprost przeciwnie - podejmowa\u0107 nowe wyzwania. To przekonanie sk\u0142oni\u0142o mnie do pr\u00f3by otwarcia tego\u017c bloga, chocia\u017c okazji do rozm\u00f3w na co dzie\u0144 - w konfesjonale i poza nim - na szcz\u0119\u015bcie nie brakuje. My\u015bl\u0119 jednak, \u017ce ten blog b\u0119dzie jeszcze jednym sposobem i przestrzeni\u0105 nawi\u0105zania kontaktu z lud\u017ami dobrej woli, otwartymi na dialog.\",\"url\":\"https:\/\/gaudiumetspes-blog.pl\/index.php\/author\/ks-jacek\/\"}]}<\/script>\n<!-- \/ Yoast SEO plugin. -->","yoast_head_json":{"title":"Ju\u017c dzisiaj! Ju\u017c teraz! - Gaudium Et Spes","robots":{"index":"index","follow":"follow","max-snippet":"max-snippet:-1","max-image-preview":"max-image-preview:large","max-video-preview":"max-video-preview:-1"},"canonical":"https:\/\/gaudiumetspes-blog.pl\/index.php\/2022\/03\/20\/juz-dzisiaj-juz-teraz\/","og_locale":"pl_PL","og_type":"article","og_title":"Ju\u017c dzisiaj! Ju\u017c teraz! - Gaudium Et Spes","og_description":"Niech b\u0119dzie pochwalony Jezus Chrystus! Moi Drodzy, o dzisiejszych Jubilatach wspomn\u0119 jutro, bo ju\u017c ruszam do Parafii Brzeziny, w Dekanacie ryckim, gdzie dzisiaj rozpoczynam prowadzenie Misji parafialnych, jakie w naszej Diecezji prowadzone s\u0105 w zwi\u0105zku z niedawnym Jubileuszem dwustulecia Diecezji. B\u0119d\u0119 Was na bie\u017c\u0105co informowa\u0142, co si\u0119 b\u0119dzie dzia\u0142o w kolejne dni. Dzisiaj inauguracja oraz [&hellip;]","og_url":"https:\/\/gaudiumetspes-blog.pl\/index.php\/2022\/03\/20\/juz-dzisiaj-juz-teraz\/","og_site_name":"Gaudium Et Spes","article_published_time":"2022-03-20T05:37:17+00:00","author":"Ks. Jacek","twitter_card":"summary_large_image","twitter_misc":{"Napisane przez":"Ks. Jacek","Szacowany czas czytania":"13 minut"},"schema":{"@context":"https:\/\/schema.org","@graph":[{"@type":"WebPage","@id":"https:\/\/gaudiumetspes-blog.pl\/index.php\/2022\/03\/20\/juz-dzisiaj-juz-teraz\/","url":"https:\/\/gaudiumetspes-blog.pl\/index.php\/2022\/03\/20\/juz-dzisiaj-juz-teraz\/","name":"Ju\u017c dzisiaj! Ju\u017c teraz! - Gaudium Et Spes","isPartOf":{"@id":"https:\/\/gaudiumetspes-blog.pl\/#website"},"datePublished":"2022-03-20T05:37:17+00:00","author":{"@id":"https:\/\/gaudiumetspes-blog.pl\/#\/schema\/person\/1661982992b752dea8dff0d4ed845a65"},"breadcrumb":{"@id":"https:\/\/gaudiumetspes-blog.pl\/index.php\/2022\/03\/20\/juz-dzisiaj-juz-teraz\/#breadcrumb"},"inLanguage":"pl-PL","potentialAction":[{"@type":"ReadAction","target":["https:\/\/gaudiumetspes-blog.pl\/index.php\/2022\/03\/20\/juz-dzisiaj-juz-teraz\/"]}]},{"@type":"BreadcrumbList","@id":"https:\/\/gaudiumetspes-blog.pl\/index.php\/2022\/03\/20\/juz-dzisiaj-juz-teraz\/#breadcrumb","itemListElement":[{"@type":"ListItem","position":1,"name":"Strona g\u0142\u00f3wna","item":"https:\/\/gaudiumetspes-blog.pl\/"},{"@type":"ListItem","position":2,"name":"Ju\u017c dzisiaj! Ju\u017c teraz!"}]},{"@type":"WebSite","@id":"https:\/\/gaudiumetspes-blog.pl\/#website","url":"https:\/\/gaudiumetspes-blog.pl\/","name":"Gaudium Et Spes","description":"Blog Ks. Jacka Ja\u015bkowskiego","potentialAction":[{"@type":"SearchAction","target":{"@type":"EntryPoint","urlTemplate":"https:\/\/gaudiumetspes-blog.pl\/?s={search_term_string}"},"query-input":{"@type":"PropertyValueSpecification","valueRequired":true,"valueName":"search_term_string"}}],"inLanguage":"pl-PL"},{"@type":"Person","@id":"https:\/\/gaudiumetspes-blog.pl\/#\/schema\/person\/1661982992b752dea8dff0d4ed845a65","name":"Ks. Jacek","image":{"@type":"ImageObject","inLanguage":"pl-PL","@id":"https:\/\/gaudiumetspes-blog.pl\/#\/schema\/person\/image\/","url":"https:\/\/gaudiumetspes-blog.pl\/wp-content\/uploads\/2019\/07\/avatar-JJ-150x150.jpg","contentUrl":"https:\/\/gaudiumetspes-blog.pl\/wp-content\/uploads\/2019\/07\/avatar-JJ-150x150.jpg","caption":"Ks. Jacek"},"description":"Witam serdecznie! K\u0142ania si\u0119 Ks. Jacek Ja\u015bkowski. Nie jestem ani kim\u015b wa\u017cnym, ani kim\u015b znanym. Jestem ksi\u0119dzem, kt\u00f3ry po prostu chce rozmawia\u0107. Codzienna kap\u0142a\u0144ska pos\u0142uga pokazuje mi, \u017ce temat\u00f3w do rozm\u00f3w z ksi\u0119dzem jest coraz wi\u0119cej i dzisiaj \u017caden ksi\u0105dz nie mo\u017ce od nich ucieka\u0107, ale - wprost przeciwnie - podejmowa\u0107 nowe wyzwania. To przekonanie sk\u0142oni\u0142o mnie do pr\u00f3by otwarcia tego\u017c bloga, chocia\u017c okazji do rozm\u00f3w na co dzie\u0144 - w konfesjonale i poza nim - na szcz\u0119\u015bcie nie brakuje. My\u015bl\u0119 jednak, \u017ce ten blog b\u0119dzie jeszcze jednym sposobem i przestrzeni\u0105 nawi\u0105zania kontaktu z lud\u017ami dobrej woli, otwartymi na dialog.","url":"https:\/\/gaudiumetspes-blog.pl\/index.php\/author\/ks-jacek\/"}]}},"jetpack_featured_media_url":"","jetpack_sharing_enabled":true,"_links":{"self":[{"href":"https:\/\/gaudiumetspes-blog.pl\/index.php\/wp-json\/wp\/v2\/posts\/20293","targetHints":{"allow":["GET"]}}],"collection":[{"href":"https:\/\/gaudiumetspes-blog.pl\/index.php\/wp-json\/wp\/v2\/posts"}],"about":[{"href":"https:\/\/gaudiumetspes-blog.pl\/index.php\/wp-json\/wp\/v2\/types\/post"}],"author":[{"embeddable":true,"href":"https:\/\/gaudiumetspes-blog.pl\/index.php\/wp-json\/wp\/v2\/users\/1"}],"replies":[{"embeddable":true,"href":"https:\/\/gaudiumetspes-blog.pl\/index.php\/wp-json\/wp\/v2\/comments?post=20293"}],"version-history":[{"count":1,"href":"https:\/\/gaudiumetspes-blog.pl\/index.php\/wp-json\/wp\/v2\/posts\/20293\/revisions"}],"predecessor-version":[{"id":20294,"href":"https:\/\/gaudiumetspes-blog.pl\/index.php\/wp-json\/wp\/v2\/posts\/20293\/revisions\/20294"}],"wp:attachment":[{"href":"https:\/\/gaudiumetspes-blog.pl\/index.php\/wp-json\/wp\/v2\/media?parent=20293"}],"wp:term":[{"taxonomy":"category","embeddable":true,"href":"https:\/\/gaudiumetspes-blog.pl\/index.php\/wp-json\/wp\/v2\/categories?post=20293"},{"taxonomy":"post_tag","embeddable":true,"href":"https:\/\/gaudiumetspes-blog.pl\/index.php\/wp-json\/wp\/v2\/tags?post=20293"}],"curies":[{"name":"wp","href":"https:\/\/api.w.org\/{rel}","templated":true}]}}