{"id":20433,"date":"2022-04-21T07:13:35","date_gmt":"2022-04-21T05:13:35","guid":{"rendered":"https:\/\/gaudiumetspes-blog.pl\/?p=20433"},"modified":"2022-04-21T07:13:35","modified_gmt":"2022-04-21T05:13:35","slug":"o-co-chodzi-z-tym-jezusem","status":"publish","type":"post","link":"https:\/\/gaudiumetspes-blog.pl\/index.php\/2022\/04\/21\/o-co-chodzi-z-tym-jezusem\/","title":{"rendered":"O co chodzi z tym Jezusem?&#8230;"},"content":{"rendered":"<p align=\"justify\"><span style=\"color: #000000;\"><span style=\"font-family: Book Antiqua, serif;\"><span style=\"font-size: large;\">Szcz\u0119\u015b\u0107 Bo\u017ce! Moi Drodzy, w dniu dzisiejszym <b>urodziny prze\u017cywa Ksi\u0105dz Marek Andrzejuk, m\u00f3j Kolega kursowy, Proboszcz Parafii Jeziorzany w Diecezji siedleckiej. \u017bycz\u0119 nieustannego zapa\u0142u duszpasterskiego i ludzkiej \u017cyczliwo\u015bci! Zapewniam o modlitwie!<\/b><\/span><\/span><\/span><\/p>\n<p align=\"justify\"><span style=\"color: #000000;\"><span style=\"font-family: Book Antiqua, serif;\"><span style=\"font-size: large;\">A ja dzisiaj pozdrawiam z Siedlec, ale zaraz wyruszam do Pratulina, do Sanktuarium M\u0119czennik\u00f3w Podlaskich, gdzie poprowadz\u0119 dzie\u0144 skupienia dla Kandydat\u00f3w do Bierzmowania z Parafii Sk\u00f3rzec, niedaleko Siedlec. <\/span><\/span><\/span><\/p>\n<p align=\"justify\"><span style=\"color: #000000;\"><span style=\"font-family: Book Antiqua, serif;\"><span style=\"font-size: large;\">Takie dni skupienia wprowadzone zosta\u0142y w naszej Diecezji jeszcze przed epidemi\u0105. Zamys\u0142 Ksi\u0119dza Biskupa Kazimierza by\u0142 taki, aby ka\u017cda grupa Kandydat\u00f3w do Bierzmowania \u2013 w ramach przygotowa\u0144 do tego Sakramentu \u2013 odby\u0142a takie skupienie w\u0142a\u015bnie w Pratulinie, wpatruj\u0105c si\u0119 w bohaterskie \u015bwiadectwo B\u0142ogos\u0142awionych M\u0119czennik\u00f3w Podlaskich. <\/span><\/span><\/span><\/p>\n<p align=\"justify\"><span style=\"color: #000000;\"><span style=\"font-family: Book Antiqua, serif;\"><span style=\"font-size: large;\">Spotkanie takie ma zasadniczo prowadzi\u0107 kt\u00f3ry\u015b z Duszpasterzy Akademickich, albo Dyrektor Diecezjalnej Szko\u0142y Nowej Ewangelizacji. Epidemia spowodowa\u0142a przerw\u0119 w tych dzia\u0142aniach \u2013 dzisiaj pierwsze takie skupienie po dw\u00f3ch latach. Od pocz\u0105tku by\u0142o nas pi\u0119ciu do ich prowadzenia, teraz jest nas czterech, ale jako\u015b tak si\u0119 sk\u0142ada\u0142o, \u017ce Dyrektor Domu Pielgrzyma z Pratulina dzwoni\u0142 w tej sprawie najcz\u0119\u015bciej do mnie. Uczyni\u0142 to tak\u017ce i tym razem. <\/span><\/span><\/span><\/p>\n<p align=\"justify\"><span style=\"color: #000000;\"><span style=\"font-family: Book Antiqua, serif;\"><span style=\"font-size: large;\">Ciesz\u0119 si\u0119 z tego, bo \u2013 szczerze m\u00f3wi\u0105c \u2013 polubi\u0142em te spotkania. Nawet przygotowa\u0142em specjalne przes\u0142anie, kt\u00f3re chcia\u0142bym kierowa\u0107 do m\u0142odych Ludzi przy ka\u017cdej tego typu okazji. Odbieram to jako du\u017ce wyzwanie dla mnie i szans\u0119 na przekazanie Im czego\u015b wa\u017cnego. Skoro taka szansa zosta\u0142a mi dana, nie chcia\u0142bym jej zmarnowa\u0107. <\/span><\/span><\/span><\/p>\n<p align=\"justify\"><span style=\"color: #000000;\"><span style=\"font-family: Book Antiqua, serif;\"><span style=\"font-size: large;\">Polecam ca\u0142\u0105 t\u0119 spraw\u0119 Waszym modlitwom. Tym bardziej, \u017ce wpisuje si\u0119 ona jako\u015b w dzie\u0142o GIGANTYCZNEGO SZTURMU DO NIEBA w intencji \u015arodowiska Akademickiego, Duszpasterstwa Akademickiego i M\u0142odzie\u017cy w Ko\u015bciele. Kandydaci do Bierzmowania to te\u017c M\u0142odzie\u017c, kt\u00f3r\u0105 ogarniamy modlitw\u0105 w tej inicjatywie. Pami\u0119tajcie o Nich!<\/span><\/span><\/span><\/p>\n<p align=\"justify\"><span style=\"color: #000000;\"><span style=\"font-family: Book Antiqua, serif;\"><span style=\"font-size: large;\">A ja, b\u0119d\u0105c u M\u0119czennik\u00f3w Podlaskich, b\u0119d\u0119 pami\u0119ta\u0142 tak\u017ce o Was \u2013 tak, jak pami\u0119tam, kiedy jestem w Kodniu.<\/span><\/span><\/span><\/p>\n<p align=\"justify\"><span style=\"color: #000000;\"><span style=\"font-family: Book Antiqua, serif;\"><span style=\"font-size: large;\">Moi Drodzy, poniewa\u017c jutro na naszym forum \u2013 jak na pi\u0105tek przysta\u0142o, tym bardziej pi\u0105tek w Oktawie Wielkanocy \u2013 b\u0119dzie s\u0142\u00f3wko z Syberii, dlatego ju\u017c dzisiaj zapowiadam jutrzejsz\u0105 audycj\u0119 w Katolickim Radiu Podlasie, w ramach cyklu DROGAMI M\u0141ODO\u015aCI, o godzinie 21:40. Tematem rozmowy b\u0119dzie: Pok\u00f3j i niepok\u00f3j w sercu Cz\u0142owieka m\u0142odego. Przypominam, \u017ce mo\u017cna b\u0119dzie nas s\u0142ucha\u0107 tak\u017ce w internecie. Zapraszam!<\/span><\/span><\/span><\/p>\n<p align=\"justify\"><span style=\"color: #000000;\"><span style=\"font-family: Book Antiqua, serif;\"><span style=\"font-size: large;\">Przypominam przy okazji, \u017ce jutro nie obowi\u0105zuje nas wstrzemi\u0119\u017aliwo\u015b\u0107 od pokarm\u00f3w mi\u0119snych!<\/span><\/span><\/span><\/p>\n<p align=\"justify\"><span style=\"color: #000000;\"><span style=\"font-family: Book Antiqua, serif;\"><span style=\"font-size: large;\">A oto s\u0142\u00f3wko Ksi\u0119dza Marka na dzi\u015b:<\/span><\/span><\/span><\/p>\n<p align=\"justify\"><span style=\"color: #000000;\"><span style=\"font-family: Book Antiqua, serif;\"><span style=\"font-size: medium;\"><a href=\"https:\/\/www.youtube.com\/c\/CatholicSurgut\"><span style=\"font-size: large;\"><b>https:\/\/www.youtube.com\/c\/CatholicSurgut<\/b><\/span><\/a><b> <\/b><\/span><\/span><\/span><\/p>\n<p align=\"justify\"><span style=\"color: #000000;\"><span style=\"font-family: Book Antiqua, serif;\"><span style=\"font-size: large;\">I ju\u017c zapraszam do pochylenia si\u0119 nad Bo\u017cym s\u0142owem dzisiejszej liturgii. Co konkretnie m\u00f3wi dzi\u015b do mnie Pan? Z jakim konkretnym przes\u0142aniem zwraca si\u0119 do mnie? Duchu \u015awi\u0119ty, rozja\u015bnij umys\u0142y i wzmocnij serca!<\/span><\/span><\/span><\/p>\n<p align=\"justify\"><span style=\"color: #000000;\"><span style=\"font-family: Book Antiqua, serif;\"><span style=\"font-size: large;\"><b>Niech Was b\u0142ogos\u0142awi B\u00f3g Wszechmog\u0105cy: Ojciec + i Syn, i Duch \u015awi\u0119ty. Amen<\/b><\/span><\/span><\/span><\/p>\n<p align=\"center\"><span style=\"color: #000000;\"><span style=\"font-family: Book Antiqua, serif;\"><span style=\"font-size: large;\">Gaudium et spes! Ks. Jacek<\/span><\/span><\/span><\/p>\n<p align=\"center\">\n<p align=\"center\">\n<p align=\"center\">\n<p align=\"center\">\n<p align=\"center\">\n<p align=\"justify\"><span style=\"color: #000000;\"><span style=\"font-family: Book Antiqua, serif;\"><span style=\"font-size: large;\"><b>Czwartek w Oktawie Wielkanocy,<\/b><\/span><\/span><\/span><\/p>\n<p align=\"justify\"><span style=\"color: #000000;\"><span style=\"font-family: Book Antiqua, serif;\"><span style=\"font-size: large;\"><b>21 kwietnia 2022.,<\/b><\/span><\/span><\/span><\/p>\n<p align=\"justify\"><span style=\"color: #000000;\"><span style=\"font-family: Book Antiqua, serif;\"><span style=\"font-size: large;\"><b>do czyta\u0144: Dz 3,11\u201326; \u0141k 24,35\u201348<\/b><\/span><\/span><\/span><\/p>\n<p align=\"justify\">\n<p align=\"justify\">\n<p align=\"justify\">\n<p align=\"justify\">\n<p align=\"justify\">\n<p align=\"justify\"><span style=\"color: #000000;\"><span style=\"font-family: Book Antiqua, serif;\"><span style=\"font-size: large;\"><b>CZYTANIE Z DZIEJ\u00d3W APOSTOLSKICH:<\/b><\/span><\/span><\/span><\/p>\n<p align=\"justify\"><span style=\"color: #000000;\"><span style=\"font-family: Book Antiqua, serif;\"><span style=\"font-size: large;\"><b>Gdy chromy, uzdrowiony, trzyma\u0142 si\u0119 Piotra i Jana, ca\u0142y lud zdumiony zbieg\u0142 si\u0119 do nich w kru\u017cganku, kt\u00f3ry zwano Salomonowym. <\/b><\/span><\/span><\/span><\/p>\n<p align=\"justify\"><span style=\"color: #000000;\"><span style=\"font-family: Book Antiqua, serif;\"><span style=\"font-size: large;\"><b>Na ten widok Piotr przem\u00f3wi\u0142 do ludu: \u201eM\u0119\u017cowie izraelscy! Dlaczego dziwicie si\u0119 temu? I dlaczego tak\u017ce patrzycie na nas, jakby\u015bmy w\u0142asn\u0105 moc\u0105 lub pobo\u017cno\u015bci\u0105 sprawili, \u017ce on chodzi? B\u00f3g naszych ojc\u00f3w, B\u00f3g Abrahama, Izaaka i Jakuba ws\u0142awi\u0142 S\u0142ug\u0119 swego, Jezusa, wy jednak wydali\u015bcie Go i zaparli\u015bcie si\u0119 Go przed Pi\u0142atem, gdy postanowi\u0142 Go uwolni\u0107. Zaparli\u015bcie si\u0119 \u015bwi\u0119tego i sprawiedliwego, a wyprosili\u015bcie u\u0142askawienie dla zab\u00f3jcy. Zabili\u015bcie Dawc\u0119 \u017cycia, ale B\u00f3g wskrzesi\u0142 Go z martwych, czego my jeste\u015bmy \u015bwiadkami. <\/b><\/span><\/span><\/span><\/p>\n<p align=\"justify\"><span style=\"color: #000000;\"><span style=\"font-family: Book Antiqua, serif;\"><span style=\"font-size: large;\"><b>I przez wiar\u0119 w Jego imi\u0119 temu cz\u0142owiekowi, kt\u00f3rego widzicie i kt\u00f3rego znacie, Imi\u0119 to przywr\u00f3ci\u0142o si\u0142y. Wiara wzbudzona przez niego da\u0142a mu t\u0119 pe\u0142ni\u0119 si\u0142, kt\u00f3r\u0105 wszyscy widzicie. <\/b><\/span><\/span><\/span><\/p>\n<p align=\"justify\"><span style=\"color: #000000;\"><span style=\"font-family: Book Antiqua, serif;\"><span style=\"font-size: large;\"><b>Lecz teraz wiem, bracia, \u017ce dzia\u0142ali\u015bcie w nie\u015bwiadomo\u015bci, tak samo jak prze\u0142o\u017ceni wasi. A B\u00f3g w ten spos\u00f3b spe\u0142ni\u0142 to, co zapowiedzia\u0142 przez usta wszystkich prorok\u00f3w, \u017ce Jego Mesjasz b\u0119dzie cierpia\u0142. Pokutujcie wi\u0119c i nawr\u00f3\u0107cie si\u0119, aby grzechy wasze zosta\u0142y zg\u0142adzone, aby nadesz\u0142y od Pana dni och\u0142ody, aby te\u017c pos\u0142a\u0142 wam zapowiedzianego Mesjasza, Jezusa, kt\u00f3rego niebo musi zatrzyma\u0107 a\u017c do czasu odnowienia wszystkich rzeczy, co od wiek\u00f3w przepowiedzia\u0142 B\u00f3g przez usta swoich \u015bwi\u0119tych prorok\u00f3w. <\/b><\/span><\/span><\/span><\/p>\n<p align=\"justify\"><span style=\"color: #000000;\"><span style=\"font-family: Book Antiqua, serif;\"><span style=\"font-size: large;\"><b>Powiedzia\u0142 przecie\u017c Moj\u017cesz: \u00abProroka jak ja wzbudzi wam Pan, B\u00f3g nasz, spo\u015br\u00f3d braci waszych. S\u0142uchajcie Go we wszystkim, co wam powie. A ka\u017cdy, kto nie pos\u0142ucha tego Proroka, zostanie usuni\u0119ty z ludu\u00bb. Zapowiadali te dni tak\u017ce pozostali prorocy, kt\u00f3rzy przemawiali od czas\u00f3w Samuela i jego nast\u0119pc\u00f3w. <\/b><\/span><\/span><\/span><\/p>\n<p align=\"justify\"><span style=\"color: #000000;\"><span style=\"font-family: Book Antiqua, serif;\"><span style=\"font-size: large;\"><b>Wy jeste\u015bcie synami prorok\u00f3w i przymierza, kt\u00f3re B\u00f3g zawar\u0142 z waszymi ojcami, kiedy rzek\u0142 do Abrahama: \u00abB\u0142ogos\u0142awione b\u0119d\u0105 w potomstwie twoim wszystkie narody ziemi\u00bb. Dla was w pierwszym rz\u0119dzie wskrzesi\u0142 B\u00f3g S\u0142ug\u0119 swego i pos\u0142a\u0142 Go, aby b\u0142ogos\u0142awi\u0142 wam w sprawie odwr\u00f3cenia si\u0119 ka\u017cdego z was od swoich grzech\u00f3w\u201d.<\/b><\/span><\/span><\/span><\/p>\n<p align=\"justify\">\n<p align=\"justify\">\n<p align=\"justify\">\n<p align=\"justify\">\n<p align=\"justify\">\n<p align=\"justify\"><span style=\"color: #000000;\"><span style=\"font-family: Book Antiqua, serif;\"><span style=\"font-size: large;\"><b>S\u0141OWA EWANGELII WED\u0141UG \u015aWI\u0118TEGO \u0141UKASZA:<\/b><\/span><\/span><\/span><\/p>\n<p align=\"justify\"><span style=\"color: #000000;\"><span style=\"font-family: Book Antiqua, serif;\"><span style=\"font-size: large;\"><b>Uczniowie opowiadali, co ich spotka\u0142o w drodze, i jak poznali Jezusa przy \u0142amaniu chleba. <\/b><\/span><\/span><\/span><\/p>\n<p align=\"justify\"><span style=\"color: #000000;\"><span style=\"font-family: Book Antiqua, serif;\"><span style=\"font-size: large;\"><b>A gdy rozmawiali o tym, On sam stan\u0105\u0142 po\u015br\u00f3d nich i rzek\u0142 do nich: \u201ePok\u00f3j wam\u201d. <\/b><\/span><\/span><\/span><\/p>\n<p align=\"justify\"><span style=\"color: #000000;\"><span style=\"font-family: Book Antiqua, serif;\"><span style=\"font-size: large;\"><b>Zatrwo\u017conym i wyl\u0119k\u0142ym zdawa\u0142o si\u0119, \u017ce widz\u0105 ducha. Lecz On rzek\u0142 do nich: \u201eCzemu jeste\u015bcie zmieszani i dlaczego w\u0105tpliwo\u015bci budz\u0105 si\u0119 w waszych sercach? Popatrzcie na moje r\u0119ce i nogi: to Ja jestem. Dotknijcie si\u0119 Mnie i przekonajcie: duch nie ma cia\u0142a ani ko\u015bci, jak widzicie, \u017ce Ja mam\u201d. Przy tych s\u0142owach pokaza\u0142 im swoje r\u0119ce i nogi. <\/b><\/span><\/span><\/span><\/p>\n<p align=\"justify\"><span style=\"color: #000000;\"><span style=\"font-family: Book Antiqua, serif;\"><span style=\"font-size: large;\"><b>Lecz gdy oni z rado\u015bci jeszcze nie wierzyli i pe\u0142ni byli zdumienia, rzek\u0142 do nich: \u201eMacie tu co\u015b do jedzenia?\u201d Oni podali Mu kawa\u0142ek pieczonej ryby. Wzi\u0105\u0142 i jad\u0142 wobec wszystkich. <\/b><\/span><\/span><\/span><\/p>\n<p align=\"justify\"><span style=\"color: #000000;\"><span style=\"font-family: Book Antiqua, serif;\"><span style=\"font-size: large;\"><b>Potem rzek\u0142 do nich: \u201eTo w\u0142a\u015bnie znaczy\u0142y s\u0142owa, kt\u00f3re m\u00f3wi\u0142em do was, gdy by\u0142em jeszcze z wami: Musi si\u0119 wype\u0142ni\u0107 wszystko, co napisane jest o Mnie w Prawie Moj\u017cesza, u Prorok\u00f3w i w Psalmach\u201d. Wtedy o\u015bwieci\u0142 ich umys\u0142y, aby rozumieli Pisma. <\/b><\/span><\/span><\/span><\/p>\n<p align=\"justify\"><span style=\"color: #000000;\"><span style=\"font-family: Book Antiqua, serif;\"><span style=\"font-size: large;\"><b>I rzek\u0142 do nich: \u201eTak jest napisane: Mesjasz b\u0119dzie cierpia\u0142 i trzeciego dnia zmartwychwstanie; w imi\u0119 Jego g\u0142oszone b\u0119dzie nawr\u00f3cenie i odpuszczenie grzech\u00f3w wszystkim narodom pocz\u0105wszy od Jerozolimy. Wy jeste\u015bcie \u015bwiadkami tego\u201d.<\/b><\/span><\/span><\/span><\/p>\n<p align=\"justify\">\n<p align=\"justify\">\n<p align=\"justify\">\n<p align=\"justify\">\n<p align=\"justify\">\n<p align=\"justify\"><span style=\"color: #000000;\"><span style=\"font-family: Book Antiqua, serif;\"><span style=\"font-size: large;\">Wczoraj us\u0142yszeli\u015bmy w pierwszym czytaniu o cudownym uzdrowieniu cz\u0142owieka chromego od urodzenia. Dzisiaj s\u0142yszymy dalszy ci\u0105g tej historii, a konkretnie \u2013 <b>rozwa\u017cania, jak to si\u0119 sta\u0142o,<\/b> dlaczego si\u0119 sta\u0142o, przez kogo si\u0119 sta\u0142o\u2026 I co to wszystko w og\u00f3le oznacza.<\/span><\/span><\/span><\/p>\n<p align=\"justify\"><span style=\"color: #000000;\"><span style=\"font-family: Book Antiqua, serif;\"><span style=\"font-size: large;\">Oto bowiem poruszenie, wywo\u0142ane uzdrowieniem, by\u0142o tak wielkie, \u017ce \u2013 m\u00f3wi\u0105c wprost i konkretnie \u2013 <b>trzeba to by\u0142o jako\u015b ludziom wyt\u0142umaczy\u0107.<\/b> I mo\u017ce dobrze si\u0119 sta\u0142o, \u017ce dosz\u0142o do takiego poruszenia serc i do tego wyt\u0142umaczenia, bo dzi\u0119ki temu ca\u0142a sprawa nie pozosta\u0142a <b>jedynie na poziomie taniej sensacji<\/b> czy ciekawostki, ale sta\u0142a si\u0119 <b>mocnym<\/b> <b>przes\u0142aniem<\/b> <b>i \u015bwiadectwem<\/b> o dzia\u0142aniu Boga. <\/span><\/span><\/span><\/p>\n<p align=\"justify\"><span style=\"color: #000000;\"><span style=\"font-family: Book Antiqua, serif;\"><span style=\"font-size: large;\">Sta\u0142a si\u0119 okazj\u0105 do wyg\u0142oszenia katechezy na temat Jezusa, Jego misji w \u015bwiecie, a nade wszystko \u2013 <b>J<\/b><b>ego Zmartwychwstania,<\/b> kt\u00f3re <b>nadaje sens<\/b> i tej misji, i w og\u00f3le wszystkiemu, co si\u0119 dokona\u0142o, dokonuje i jeszcze ma si\u0119 dokona\u0107. W kontek\u015bcie Zmartwychwstania tak\u017ce uzdrowienie chromego, o kt\u00f3rym tu mowa, <b>nab<\/b><b>ra\u0142o<\/b><b> szczeg\u00f3lnego znaczenia.<\/b> I wszystko w \u017cyciu tych ludzi, do kt\u00f3rych Piotr m\u00f3wi\u0142, nabra\u0142o nowego znaczenia. <\/span><\/span><\/span><\/p>\n<p align=\"justify\"><span style=\"color: #000000;\"><span style=\"font-family: Book Antiqua, serif;\"><span style=\"font-size: large;\">Oni o tym jeszcze nie wiedzieli, ale w\u0142a\u015bnie dlatego Piotr wyg\u0142osi\u0142 swoj\u0105 katechez\u0119, <b>aby si\u0119 dowiedzieli,<\/b> aby inaczej, to znaczy <b>g\u0142\u0119biej i m\u0105drzej <\/b>spojrzeli na samo to uzdrowienie, ale przede wszystkim \u2013 na ca\u0142e trzy lata dzia\u0142alno\u015bci Jezusa, na Niego samego i na <b>to wszystko, co ma si\u0119 sta\u0107<\/b> po Jego Wniebowst\u0105pieniu i po Zes\u0142aniu Ducha \u015awi\u0119tego. A co ma si\u0119 sta\u0107? <\/span><\/span><\/span><\/p>\n<p align=\"justify\"><span style=\"color: #000000;\"><span style=\"font-family: Book Antiqua, serif;\"><span style=\"font-size: large;\"><b>Ko\u015bci\u00f3\u0142 ma si\u0119 sta\u0107! <\/b>Ma si\u0119 rozwija\u0107 i \u017cy\u0107 Wsp\u00f3lnota wiernych Jezusowi, kochaj\u0105cych Go i id\u0105cych za Nim. <b>Wsp\u00f3lnota d\u0105\u017c\u0105cych do zbawienia,<\/b> poniewa\u017c taka szansa zosta\u0142a przed nimi otwarta \u2013 Chrystusowe zwyci\u0119stwo nad \u015bmierci\u0105, piek\u0142em i szatanem otworzy\u0142o im t\u0119 drog\u0119. <b>Oby tylko chcieli z niej <\/b><b>s<\/b><b>korzysta\u0107! <\/b>To w\u0142a\u015bnie Piotr dzisiaj stara\u0142 si\u0119 wyt\u0142umaczy\u0107 \u2013 korzystaj\u0105c z ca\u0142ego tego poruszenia serc, jakie wywo\u0142a\u0142o uzdrowienie chromego. <\/span><\/span><\/span><\/p>\n<p align=\"justify\"><span style=\"color: #000000;\"><span style=\"font-family: Book Antiqua, serif;\"><span style=\"font-size: large;\">I teraz, moi Drodzy, mo\u017cemy si\u0119 zastanawia\u0107, <b>w kt\u00f3rym momencie dokona\u0142o si\u0119 tak naprawd\u0119 wi\u0119ksze dobro:<\/b> czy w\u00f3wczas, kiedy nast\u0105pi\u0142o cudowne uzdrowienie, czy w\u00f3wczas, kiedy Piotr przem\u00f3wi\u0142 do ogromnej rzeszy ludzi <b>i wyja\u015bni\u0142 im, co si\u0119 sta\u0142o,<\/b> aby oni \u2013 wiedz\u0105c o tym i rozumiej\u0105c nieco wi\u0119cej \u2013 \u017cyli teraz t\u0105 prawd\u0105, <b>\u017cyli z Jezusem, s<\/b>zli Jego drog\u0105. Kiedy sta\u0142o si\u0119 <b>wi\u0119cej dobra? <\/b><\/span><\/span><\/span><\/p>\n<p align=\"justify\"><span style=\"color: #000000;\"><span style=\"font-family: Book Antiqua, serif;\"><span style=\"font-size: large;\">Oczywi\u015bcie, to trudno tak po prostu zmierzy\u0107, ale w pierwszym odruchu serca i rozumu odpowied\u017a nasuwa si\u0119 sama: tam skorzysta\u0142 <b>tylko jeden cz\u0142owiek. <\/b>Owszem, to by\u0142o czym\u015b niezwyk\u0142ym, ale tak naprawd\u0119 dotyczy\u0142o <b>tylko jego samego. <\/b><\/span><\/span><\/span><\/p>\n<p align=\"justify\"><span style=\"color: #000000;\"><span style=\"font-family: Book Antiqua, serif;\"><span style=\"font-size: large;\">Natomiast wyja\u015bnienie ca\u0142ej sprawy i wskazanie na Jezusa Chrystusa, kt\u00f3ry sam tego znaku przez Aposto\u0142\u00f3w dokona\u0142 \u2013 wskazanie po to, aby zach\u0119ci\u0107 wszystkich do p\u00f3j\u015bcia za Jezusem \u2013 to ju\u017c <b>na pewno du\u017co wi\u0119cej! <\/b>Bo dotyczy\u0142o tak wielu os\u00f3b \u2013 i to na d\u0142u\u017cej, bo na ca\u0142e ich \u017cycie! \u017bycie doczesne, ale i wieczne! Potrzeba by\u0142o tylko takiego <b>precyzyjnego<\/b> <b>wyja\u015bnienia,<\/b> \u017ceby znak nie pozosta\u0142 sam dla siebie, tylko na poziomie sensacji, poruszenia serca, ale niczego wi\u0119cej\u2026 \u017beby w\u0142a\u015bnie mog\u0142o si\u0119 dokona\u0107 <b>du\u017co, du\u017co wi\u0119cej\u2026<\/b><\/span><\/span><\/span><\/p>\n<p align=\"justify\"><span style=\"color: #000000;\"><span style=\"font-family: Book Antiqua, serif;\"><span style=\"font-size: large;\">A czy\u017c z czym\u015b podobnym nie mamy do czynienia w dzisiejszej Ewangelii? Tylko, \u017ce <b>na <\/b><b>znacznie<\/b><b> wi\u0119ksz\u0105 skal\u0119,<\/b> bo tutaj ju\u017c m\u00f3wimy o najwi\u0119kszym znaku, najwi\u0119kszym cudzie, dokonanym przez Jezusa, jakim by\u0142o <b>Jego<\/b> <b>Zmartwychwstanie. <\/b>Ono te\u017c mog\u0142o pozosta\u0107 na poziomie jakiego\u015b zewn\u0119trznego zdziwienia \u2013 \u017ceby nie powiedzie\u0107: <b>jakiego\u015b tricku, czy magicznej sztuczki <\/b>\u2013 albo, jak wymy\u015blili uczeni w Pi\u015bmie i faryzeusze: <b>wykradzenia Cia\u0142a Jezusa<\/b> przez Jego Aposto\u0142\u00f3w. <\/span><\/span><\/span><\/p>\n<p align=\"justify\"><span style=\"color: #000000;\"><span style=\"font-family: Book Antiqua, serif;\"><span style=\"font-size: large;\">W\u0142a\u015bnie po to Jezus dzisiaj pojawia si\u0119 w\u015br\u00f3d swoich \u2013 po\u015br\u00f3d swego rodz\u0105cego si\u0119 Ko\u015bcio\u0142a \u2013 <b>aby ich przekona\u0107, <\/b>\u017ce naprawd\u0119 \u017cyje, ale te\u017c \u017ceby im powiedzie\u0107: <i><b>To w\u0142a\u015bnie znaczy\u0142y s\u0142owa, kt\u00f3re m\u00f3wi\u0142em do was, gdy by\u0142em jeszcze z wami: Musi si\u0119 wype\u0142ni\u0107 wszystko, co napisane jest o Mnie w Prawie Moj\u017cesza, u Prorok\u00f3w i w Psalmach<\/b><\/i><b>. <\/b><\/span><\/span><\/span><\/p>\n<p align=\"justify\"><span style=\"color: #000000;\"><span style=\"font-family: Book Antiqua, serif;\"><span style=\"font-size: large;\">Jednocze\u015bnie <i><b>wtedy o\u015bwieci\u0142 ich umys\u0142y, aby rozumieli Pisma.<\/b><\/i><b> <\/b>Po czym doda\u0142: <i><b>Tak jest napisane: Mesjasz b\u0119dzie cierpia\u0142 i trzeciego dnia zmartwychwstanie; w imi\u0119 Jego g\u0142oszone b\u0119dzie nawr\u00f3cenie i odpuszczenie grzech\u00f3w wszystkim narodom pocz\u0105wszy od Jerozolimy. Wy jeste\u015bcie \u015bwiadkami tego. <\/b><\/i><\/span><\/span><\/span><\/p>\n<p align=\"justify\"><span style=\"color: #000000;\"><span style=\"font-family: Book Antiqua, serif;\"><span style=\"font-size: large;\">Ot\u00f3\u017c, w\u0142a\u015bnie, moi Drodzy! My te\u017c jeste\u015bmy \u2013 a przynajmniej: mamy by\u0107 \u2013<b> \u015bwiadkami tego wszystkiego, <\/b>czego Jezus dokonuje w naszym \u017cyciu i w \u017cyciu Ko\u015bcio\u0142a. Ale \u017ceby podj\u0105\u0107 si\u0119 tego zadania, musimy <b>jednak co\u015b wi\u0119cej z tego wszystkiego rozumie\u0107<\/b> \u2013 chocia\u017c troch\u0119 wi\u0119cej\u2026 Chcie\u0107 zrozumie\u0107, stara\u0107 si\u0119 zrozumie\u0107, <b>poszuka\u0107<\/b> <b>wyja\u015bnienia<\/b> <b>s\u0142\u00f3w i znak\u00f3w, <\/b>z jakimi zwraca si\u0119 do nas Pan. <\/span><\/span><\/span><\/p>\n<p align=\"justify\"><span style=\"color: #000000;\"><span style=\"font-family: Book Antiqua, serif;\"><span style=\"font-size: large;\">Dzisiejsze s\u0142owo Bo\u017ce jest skierowan\u0105 do ka\u017cdej i ka\u017cdego z nas zach\u0119t\u0105, by\u015bmy <b>d\u0105\u017cyli do jak najwi\u0119kszego i jak najpe\u0142niejszego zrozumienia<\/b> tego wszystkiego, co dzieje si\u0119 w Ko\u015bciele \u2013 czym w og\u00f3le jest Ko\u015bci\u00f3\u0142, kim jest Jezus \u2013 <b>i o co w og\u00f3le chodzi<\/b> z tym Zmartwychwstaniem\u2026 <\/span><\/span><\/span><\/p>\n<p align=\"justify\"><span style=\"color: #000000;\"><span style=\"font-family: Book Antiqua, serif;\"><span style=\"font-size: large;\">Tak, to mo\u017ce brzmi nieco dziwnie, ale wydaje si\u0119, \u017ce my dzisiaj chyba musimy <b>wraca\u0107 do poj\u0119\u0107 jak najbardziej podstawowych<\/b> i pyta\u0107 o zrozumienie tego, co do tej pory ludziom wierz\u0105cym wydawa\u0142o si\u0119 oczywiste. Dzisiaj wiele tych spraw <b>wcale nie jest oczywist<\/b><b>ymi<\/b><b>,<\/b> a ju\u017c szczeg\u00f3lnie dla M\u0142odych. Starajmy si\u0119 zatem <b>rozumie\u0107 Pisma, rozumie\u0107 znaki,<\/b> coraz bardziej rozumie\u0107 Jezusa i Jego przes\u0142anie\u2026 <\/span><\/span><\/span><\/p>\n<p align=\"justify\"><span style=\"color: #000000;\"><span style=\"font-family: Book Antiqua, serif;\"><span style=\"font-size: large;\">To jasne, \u017ce <b>nie zrozumiemy tego w ca\u0142ej pe\u0142ni, <\/b>bo w ko\u0144cu m\u00f3wimy o wierze, a nie o pe\u0142nej wiedzy. Ale na pewno mo\u017cemy zrozumie\u0107 <b>w jakim\u015b stopniu<\/b> \u2013 i to wcale nie takim ma\u0142ym \u2013 a na pewno<b> wi\u0119kszym, ni\u017c do tej pory rozumiemy. <\/b><\/span><\/span><\/span><\/p>\n<p align=\"justify\"><span style=\"color: #000000;\"><span style=\"font-family: Book Antiqua, serif;\"><span style=\"font-size: large;\">Dlatego pytajmy o to, dr\u0105\u017cmy te tematy, rozmawiajmy o tym, a przede wszystkim: <b>m\u00f3dlmy si\u0119 o \u015bwiat\u0142o Ducha \u015awi\u0119tego<\/b> do jak najpe\u0142niejszego zrozumienia, a przez to \u2013 <b>mocniejszego uwierzenia,<\/b> a przez to: do jak najbardziej \u015bwiadomego naszego bycia w Ko\u015bciele. \u017beby\u015bmy sami wiedzieli i innym pomagali zrozumie\u0107 \u2013 o co tak naprawd\u0119 chodzi z tym Zmartwychwstaniem?\u2026 <b>O co w og\u00f3le chodzi z tym Jezusem \u2013 i z tym Jego Ko\u015bcio\u0142em?\u2026<\/b><\/span><\/span><\/span><\/p>\n","protected":false},"excerpt":{"rendered":"<p>Szcz\u0119\u015b\u0107 Bo\u017ce! Moi Drodzy, w dniu dzisiejszym urodziny prze\u017cywa Ksi\u0105dz Marek Andrzejuk, m\u00f3j Kolega kursowy, Proboszcz Parafii Jeziorzany w Diecezji siedleckiej. \u017bycz\u0119 nieustannego zapa\u0142u duszpasterskiego i ludzkiej \u017cyczliwo\u015bci! Zapewniam o modlitwie! A ja dzisiaj pozdrawiam z Siedlec, ale zaraz wyruszam do Pratulina, do Sanktuarium M\u0119czennik\u00f3w Podlaskich, gdzie poprowadz\u0119 dzie\u0144 skupienia dla Kandydat\u00f3w do Bierzmowania z [&hellip;]<\/p>\n","protected":false},"author":1,"featured_media":0,"comment_status":"open","ping_status":"open","sticky":false,"template":"","format":"standard","meta":{"jetpack_post_was_ever_published":false,"_jetpack_newsletter_access":"","_jetpack_dont_email_post_to_subs":false,"_jetpack_newsletter_tier_id":0,"_jetpack_memberships_contains_paywalled_content":false,"_jetpack_memberships_contains_paid_content":false,"footnotes":""},"categories":[1],"tags":[],"class_list":["post-20433","post","type-post","status-publish","format-standard","hentry","category-bez-kategorii"],"yoast_head":"<!-- This site is optimized with the Yoast SEO plugin v25.1 - https:\/\/yoast.com\/wordpress\/plugins\/seo\/ -->\n<title>O co chodzi z tym Jezusem?... - Gaudium Et Spes<\/title>\n<meta name=\"robots\" content=\"index, follow, max-snippet:-1, max-image-preview:large, max-video-preview:-1\" \/>\n<link rel=\"canonical\" href=\"https:\/\/gaudiumetspes-blog.pl\/index.php\/2022\/04\/21\/o-co-chodzi-z-tym-jezusem\/\" \/>\n<meta property=\"og:locale\" content=\"pl_PL\" \/>\n<meta property=\"og:type\" content=\"article\" \/>\n<meta property=\"og:title\" content=\"O co chodzi z tym Jezusem?... - Gaudium Et Spes\" \/>\n<meta property=\"og:description\" content=\"Szcz\u0119\u015b\u0107 Bo\u017ce! Moi Drodzy, w dniu dzisiejszym urodziny prze\u017cywa Ksi\u0105dz Marek Andrzejuk, m\u00f3j Kolega kursowy, Proboszcz Parafii Jeziorzany w Diecezji siedleckiej. \u017bycz\u0119 nieustannego zapa\u0142u duszpasterskiego i ludzkiej \u017cyczliwo\u015bci! Zapewniam o modlitwie! A ja dzisiaj pozdrawiam z Siedlec, ale zaraz wyruszam do Pratulina, do Sanktuarium M\u0119czennik\u00f3w Podlaskich, gdzie poprowadz\u0119 dzie\u0144 skupienia dla Kandydat\u00f3w do Bierzmowania z [&hellip;]\" \/>\n<meta property=\"og:url\" content=\"https:\/\/gaudiumetspes-blog.pl\/index.php\/2022\/04\/21\/o-co-chodzi-z-tym-jezusem\/\" \/>\n<meta property=\"og:site_name\" content=\"Gaudium Et Spes\" \/>\n<meta property=\"article:published_time\" content=\"2022-04-21T05:13:35+00:00\" \/>\n<meta name=\"author\" content=\"Ks. Jacek\" \/>\n<meta name=\"twitter:card\" content=\"summary_large_image\" \/>\n<meta name=\"twitter:label1\" content=\"Napisane przez\" \/>\n\t<meta name=\"twitter:data1\" content=\"Ks. Jacek\" \/>\n\t<meta name=\"twitter:label2\" content=\"Szacowany czas czytania\" \/>\n\t<meta name=\"twitter:data2\" content=\"11 minut\" \/>\n<script type=\"application\/ld+json\" class=\"yoast-schema-graph\">{\"@context\":\"https:\/\/schema.org\",\"@graph\":[{\"@type\":\"WebPage\",\"@id\":\"https:\/\/gaudiumetspes-blog.pl\/index.php\/2022\/04\/21\/o-co-chodzi-z-tym-jezusem\/\",\"url\":\"https:\/\/gaudiumetspes-blog.pl\/index.php\/2022\/04\/21\/o-co-chodzi-z-tym-jezusem\/\",\"name\":\"O co chodzi z tym Jezusem?... - Gaudium Et Spes\",\"isPartOf\":{\"@id\":\"https:\/\/gaudiumetspes-blog.pl\/#website\"},\"datePublished\":\"2022-04-21T05:13:35+00:00\",\"author\":{\"@id\":\"https:\/\/gaudiumetspes-blog.pl\/#\/schema\/person\/1661982992b752dea8dff0d4ed845a65\"},\"breadcrumb\":{\"@id\":\"https:\/\/gaudiumetspes-blog.pl\/index.php\/2022\/04\/21\/o-co-chodzi-z-tym-jezusem\/#breadcrumb\"},\"inLanguage\":\"pl-PL\",\"potentialAction\":[{\"@type\":\"ReadAction\",\"target\":[\"https:\/\/gaudiumetspes-blog.pl\/index.php\/2022\/04\/21\/o-co-chodzi-z-tym-jezusem\/\"]}]},{\"@type\":\"BreadcrumbList\",\"@id\":\"https:\/\/gaudiumetspes-blog.pl\/index.php\/2022\/04\/21\/o-co-chodzi-z-tym-jezusem\/#breadcrumb\",\"itemListElement\":[{\"@type\":\"ListItem\",\"position\":1,\"name\":\"Strona g\u0142\u00f3wna\",\"item\":\"https:\/\/gaudiumetspes-blog.pl\/\"},{\"@type\":\"ListItem\",\"position\":2,\"name\":\"O&nbsp;co chodzi z&nbsp;tym Jezusem?&#8230;\"}]},{\"@type\":\"WebSite\",\"@id\":\"https:\/\/gaudiumetspes-blog.pl\/#website\",\"url\":\"https:\/\/gaudiumetspes-blog.pl\/\",\"name\":\"Gaudium Et Spes\",\"description\":\"Blog Ks. Jacka Ja\u015bkowskiego\",\"potentialAction\":[{\"@type\":\"SearchAction\",\"target\":{\"@type\":\"EntryPoint\",\"urlTemplate\":\"https:\/\/gaudiumetspes-blog.pl\/?s={search_term_string}\"},\"query-input\":{\"@type\":\"PropertyValueSpecification\",\"valueRequired\":true,\"valueName\":\"search_term_string\"}}],\"inLanguage\":\"pl-PL\"},{\"@type\":\"Person\",\"@id\":\"https:\/\/gaudiumetspes-blog.pl\/#\/schema\/person\/1661982992b752dea8dff0d4ed845a65\",\"name\":\"Ks. Jacek\",\"image\":{\"@type\":\"ImageObject\",\"inLanguage\":\"pl-PL\",\"@id\":\"https:\/\/gaudiumetspes-blog.pl\/#\/schema\/person\/image\/\",\"url\":\"https:\/\/gaudiumetspes-blog.pl\/wp-content\/uploads\/2019\/07\/avatar-JJ-150x150.jpg\",\"contentUrl\":\"https:\/\/gaudiumetspes-blog.pl\/wp-content\/uploads\/2019\/07\/avatar-JJ-150x150.jpg\",\"caption\":\"Ks. Jacek\"},\"description\":\"Witam serdecznie! K\u0142ania si\u0119 Ks. Jacek Ja\u015bkowski. Nie jestem ani kim\u015b wa\u017cnym, ani kim\u015b znanym. Jestem ksi\u0119dzem, kt\u00f3ry po prostu chce rozmawia\u0107. Codzienna kap\u0142a\u0144ska pos\u0142uga pokazuje mi, \u017ce temat\u00f3w do rozm\u00f3w z ksi\u0119dzem jest coraz wi\u0119cej i dzisiaj \u017caden ksi\u0105dz nie mo\u017ce od nich ucieka\u0107, ale - wprost przeciwnie - podejmowa\u0107 nowe wyzwania. To przekonanie sk\u0142oni\u0142o mnie do pr\u00f3by otwarcia tego\u017c bloga, chocia\u017c okazji do rozm\u00f3w na co dzie\u0144 - w konfesjonale i poza nim - na szcz\u0119\u015bcie nie brakuje. My\u015bl\u0119 jednak, \u017ce ten blog b\u0119dzie jeszcze jednym sposobem i przestrzeni\u0105 nawi\u0105zania kontaktu z lud\u017ami dobrej woli, otwartymi na dialog.\",\"url\":\"https:\/\/gaudiumetspes-blog.pl\/index.php\/author\/ks-jacek\/\"}]}<\/script>\n<!-- \/ Yoast SEO plugin. -->","yoast_head_json":{"title":"O co chodzi z tym Jezusem?... - Gaudium Et Spes","robots":{"index":"index","follow":"follow","max-snippet":"max-snippet:-1","max-image-preview":"max-image-preview:large","max-video-preview":"max-video-preview:-1"},"canonical":"https:\/\/gaudiumetspes-blog.pl\/index.php\/2022\/04\/21\/o-co-chodzi-z-tym-jezusem\/","og_locale":"pl_PL","og_type":"article","og_title":"O co chodzi z tym Jezusem?... - Gaudium Et Spes","og_description":"Szcz\u0119\u015b\u0107 Bo\u017ce! Moi Drodzy, w dniu dzisiejszym urodziny prze\u017cywa Ksi\u0105dz Marek Andrzejuk, m\u00f3j Kolega kursowy, Proboszcz Parafii Jeziorzany w Diecezji siedleckiej. \u017bycz\u0119 nieustannego zapa\u0142u duszpasterskiego i ludzkiej \u017cyczliwo\u015bci! Zapewniam o modlitwie! A ja dzisiaj pozdrawiam z Siedlec, ale zaraz wyruszam do Pratulina, do Sanktuarium M\u0119czennik\u00f3w Podlaskich, gdzie poprowadz\u0119 dzie\u0144 skupienia dla Kandydat\u00f3w do Bierzmowania z [&hellip;]","og_url":"https:\/\/gaudiumetspes-blog.pl\/index.php\/2022\/04\/21\/o-co-chodzi-z-tym-jezusem\/","og_site_name":"Gaudium Et Spes","article_published_time":"2022-04-21T05:13:35+00:00","author":"Ks. Jacek","twitter_card":"summary_large_image","twitter_misc":{"Napisane przez":"Ks. Jacek","Szacowany czas czytania":"11 minut"},"schema":{"@context":"https:\/\/schema.org","@graph":[{"@type":"WebPage","@id":"https:\/\/gaudiumetspes-blog.pl\/index.php\/2022\/04\/21\/o-co-chodzi-z-tym-jezusem\/","url":"https:\/\/gaudiumetspes-blog.pl\/index.php\/2022\/04\/21\/o-co-chodzi-z-tym-jezusem\/","name":"O co chodzi z tym Jezusem?... - Gaudium Et Spes","isPartOf":{"@id":"https:\/\/gaudiumetspes-blog.pl\/#website"},"datePublished":"2022-04-21T05:13:35+00:00","author":{"@id":"https:\/\/gaudiumetspes-blog.pl\/#\/schema\/person\/1661982992b752dea8dff0d4ed845a65"},"breadcrumb":{"@id":"https:\/\/gaudiumetspes-blog.pl\/index.php\/2022\/04\/21\/o-co-chodzi-z-tym-jezusem\/#breadcrumb"},"inLanguage":"pl-PL","potentialAction":[{"@type":"ReadAction","target":["https:\/\/gaudiumetspes-blog.pl\/index.php\/2022\/04\/21\/o-co-chodzi-z-tym-jezusem\/"]}]},{"@type":"BreadcrumbList","@id":"https:\/\/gaudiumetspes-blog.pl\/index.php\/2022\/04\/21\/o-co-chodzi-z-tym-jezusem\/#breadcrumb","itemListElement":[{"@type":"ListItem","position":1,"name":"Strona g\u0142\u00f3wna","item":"https:\/\/gaudiumetspes-blog.pl\/"},{"@type":"ListItem","position":2,"name":"O&nbsp;co chodzi z&nbsp;tym Jezusem?&#8230;"}]},{"@type":"WebSite","@id":"https:\/\/gaudiumetspes-blog.pl\/#website","url":"https:\/\/gaudiumetspes-blog.pl\/","name":"Gaudium Et Spes","description":"Blog Ks. Jacka Ja\u015bkowskiego","potentialAction":[{"@type":"SearchAction","target":{"@type":"EntryPoint","urlTemplate":"https:\/\/gaudiumetspes-blog.pl\/?s={search_term_string}"},"query-input":{"@type":"PropertyValueSpecification","valueRequired":true,"valueName":"search_term_string"}}],"inLanguage":"pl-PL"},{"@type":"Person","@id":"https:\/\/gaudiumetspes-blog.pl\/#\/schema\/person\/1661982992b752dea8dff0d4ed845a65","name":"Ks. Jacek","image":{"@type":"ImageObject","inLanguage":"pl-PL","@id":"https:\/\/gaudiumetspes-blog.pl\/#\/schema\/person\/image\/","url":"https:\/\/gaudiumetspes-blog.pl\/wp-content\/uploads\/2019\/07\/avatar-JJ-150x150.jpg","contentUrl":"https:\/\/gaudiumetspes-blog.pl\/wp-content\/uploads\/2019\/07\/avatar-JJ-150x150.jpg","caption":"Ks. Jacek"},"description":"Witam serdecznie! K\u0142ania si\u0119 Ks. Jacek Ja\u015bkowski. Nie jestem ani kim\u015b wa\u017cnym, ani kim\u015b znanym. Jestem ksi\u0119dzem, kt\u00f3ry po prostu chce rozmawia\u0107. Codzienna kap\u0142a\u0144ska pos\u0142uga pokazuje mi, \u017ce temat\u00f3w do rozm\u00f3w z ksi\u0119dzem jest coraz wi\u0119cej i dzisiaj \u017caden ksi\u0105dz nie mo\u017ce od nich ucieka\u0107, ale - wprost przeciwnie - podejmowa\u0107 nowe wyzwania. To przekonanie sk\u0142oni\u0142o mnie do pr\u00f3by otwarcia tego\u017c bloga, chocia\u017c okazji do rozm\u00f3w na co dzie\u0144 - w konfesjonale i poza nim - na szcz\u0119\u015bcie nie brakuje. My\u015bl\u0119 jednak, \u017ce ten blog b\u0119dzie jeszcze jednym sposobem i przestrzeni\u0105 nawi\u0105zania kontaktu z lud\u017ami dobrej woli, otwartymi na dialog.","url":"https:\/\/gaudiumetspes-blog.pl\/index.php\/author\/ks-jacek\/"}]}},"jetpack_featured_media_url":"","jetpack_sharing_enabled":true,"_links":{"self":[{"href":"https:\/\/gaudiumetspes-blog.pl\/index.php\/wp-json\/wp\/v2\/posts\/20433","targetHints":{"allow":["GET"]}}],"collection":[{"href":"https:\/\/gaudiumetspes-blog.pl\/index.php\/wp-json\/wp\/v2\/posts"}],"about":[{"href":"https:\/\/gaudiumetspes-blog.pl\/index.php\/wp-json\/wp\/v2\/types\/post"}],"author":[{"embeddable":true,"href":"https:\/\/gaudiumetspes-blog.pl\/index.php\/wp-json\/wp\/v2\/users\/1"}],"replies":[{"embeddable":true,"href":"https:\/\/gaudiumetspes-blog.pl\/index.php\/wp-json\/wp\/v2\/comments?post=20433"}],"version-history":[{"count":1,"href":"https:\/\/gaudiumetspes-blog.pl\/index.php\/wp-json\/wp\/v2\/posts\/20433\/revisions"}],"predecessor-version":[{"id":20434,"href":"https:\/\/gaudiumetspes-blog.pl\/index.php\/wp-json\/wp\/v2\/posts\/20433\/revisions\/20434"}],"wp:attachment":[{"href":"https:\/\/gaudiumetspes-blog.pl\/index.php\/wp-json\/wp\/v2\/media?parent=20433"}],"wp:term":[{"taxonomy":"category","embeddable":true,"href":"https:\/\/gaudiumetspes-blog.pl\/index.php\/wp-json\/wp\/v2\/categories?post=20433"},{"taxonomy":"post_tag","embeddable":true,"href":"https:\/\/gaudiumetspes-blog.pl\/index.php\/wp-json\/wp\/v2\/tags?post=20433"}],"curies":[{"name":"wp","href":"https:\/\/api.w.org\/{rel}","templated":true}]}}