{"id":20734,"date":"2022-07-08T09:35:22","date_gmt":"2022-07-08T07:35:22","guid":{"rendered":"https:\/\/gaudiumetspes-blog.pl\/?p=20734"},"modified":"2022-07-08T10:53:15","modified_gmt":"2022-07-08T08:53:15","slug":"ja-was-posylam-jak-owce-miedzy-wilki","status":"publish","type":"post","link":"https:\/\/gaudiumetspes-blog.pl\/index.php\/2022\/07\/08\/ja-was-posylam-jak-owce-miedzy-wilki\/","title":{"rendered":"Ja was posy\u0142am jak owce mi\u0119dzy wilki"},"content":{"rendered":"<p>Niech b\u0119dzie pochwalony Jezus Chrystus!<span class=\"Apple-converted-space\">\u00a0<\/span><\/p>\n<p>&nbsp;<\/p>\n<p><img loading=\"lazy\" decoding=\"async\" class=\"size-medium wp-image-20736 alignright\" src=\"https:\/\/gaudiumetspes-blog.pl\/wp-content\/uploads\/2022\/07\/Zrzut-ekranu-2022-05-10-o-01.10.47-300x211.jpg\" alt=\"\" width=\"300\" height=\"211\" srcset=\"https:\/\/gaudiumetspes-blog.pl\/wp-content\/uploads\/2022\/07\/Zrzut-ekranu-2022-05-10-o-01.10.47-300x211.jpg 300w, https:\/\/gaudiumetspes-blog.pl\/wp-content\/uploads\/2022\/07\/Zrzut-ekranu-2022-05-10-o-01.10.47-1024x719.jpg 1024w, https:\/\/gaudiumetspes-blog.pl\/wp-content\/uploads\/2022\/07\/Zrzut-ekranu-2022-05-10-o-01.10.47-768x539.jpg 768w, https:\/\/gaudiumetspes-blog.pl\/wp-content\/uploads\/2022\/07\/Zrzut-ekranu-2022-05-10-o-01.10.47-720x505.jpg 720w, https:\/\/gaudiumetspes-blog.pl\/wp-content\/uploads\/2022\/07\/Zrzut-ekranu-2022-05-10-o-01.10.47-580x407.jpg 580w, https:\/\/gaudiumetspes-blog.pl\/wp-content\/uploads\/2022\/07\/Zrzut-ekranu-2022-05-10-o-01.10.47-320x225.jpg 320w, https:\/\/gaudiumetspes-blog.pl\/wp-content\/uploads\/2022\/07\/Zrzut-ekranu-2022-05-10-o-01.10.47.jpg 1130w\" sizes=\"auto, (max-width: 300px) 100vw, 300px\" \/><\/p>\n<p>Pozdrawiam bardzo serdecznie z Syberii, z Surgutu, mo\u017cna doda\u0107 &#8211; z gor\u0105cej Syberii. Dzi\u015b +27, to chyba najcieplejszy dzie\u0144 w tym roku, po d\u0142ugich ch\u0142odach i deszczach nast\u0105pi\u0142y prawdziwe upa\u0142y (ju\u017c 2, czy nawet 3 dzie\u0144). Dlatego bardzo gor\u0105co zapraszam do wsp\u00f3lnego rozmy\u015blania nad S\u0142owem Bo\u017cym.<span class=\"Apple-converted-space\">\u00a0<\/span><\/p>\n<p>Niech Duch \u015awi\u0119ty da nam \u015bwiat\u0142o i m\u0105dro\u015b\u0107.<span class=\"Apple-converted-space\">\u00a0<\/span><\/p>\n<p>&nbsp;<\/p>\n<p><em><strong>(Oz 14,2-10) <\/strong><\/em><br \/>\n<em><strong>To m\u00f3wi Pan: Wr\u00f3\u0107, Izraelu, do Pana Boga twojego, upad\u0142e\u015b bowiem przez w\u0142asn\u0105 tw\u0105 win\u0119. Zabierzcie ze sob\u0105 s\u0142owa i nawr\u00f3\u0107cie si\u0119 do Pana! M\u00f3wcie do Niego: Przebacz nam ca\u0142\u0105 nasz\u0105 win\u0119, w ten spos\u00f3b otrzymamy dobro za owoc naszych warg. Asyria nie mo\u017ce nas zbawi\u0107 &#8211; nie chcemy ju\u017c wsiada\u0107 na konie ani te\u017c m\u00f3wi\u0107 &#8222;nasz Bo\u017ce&#8221; do dzie\u0142a r\u0105k naszych. U Ciebie bowiem znajdzie lito\u015b\u0107 sierota. Ulecz\u0119 ich niewierno\u015b\u0107 i umi\u0142uj\u0119 ich z serca, bo gniew m\u00f3j odwr\u00f3ci\u0142 si\u0119 od nich. Stan\u0119 si\u0119 jakby ros\u0105 dla Izraela, tak \u017ce rozkwitnie jak lilia i jak topola rozpu\u015bci korzenie. Rozwin\u0105 si\u0119 jego latoro\u015ble, b\u0119dzie wspania\u0142y jak drzewo oliwne, wo\u0144 jego b\u0119dzie jak wo\u0144 Libanu. I wr\u00f3c\u0105 znowu, by usi\u0105\u015b\u0107 w mym cieniu, i zbo\u017ca uprawia\u0107 b\u0119d\u0105, winnice sadzi\u0107, kt\u00f3rych s\u0142awa b\u0119dzie tak wielka, jak wina liba\u0144skiego. Co ma jeszcze Efraim wsp\u00f3lnego z bo\u017ckami? Ja go wys\u0142uchuj\u0119 i Ja na\u0144 spogl\u0105dam, Ja jestem jak cyprys zielony i Mnie zawdzi\u0119cza sw\u00f3j owoc. Kt\u00f3\u017c jest tak m\u0105dry, aby to poj\u0105\u0142, i tak rozumny, aby to rozwa\u017cy\u0142? Bo drogi Pa\u0144skie s\u0105 proste: krocz\u0105 nimi sprawiedliwi, lecz potykaj\u0105 si\u0119 na nich grzesznicy.<\/strong><\/em><\/p>\n<p>&nbsp;<\/p>\n<p><em><strong>(Mt 10,16-23) <\/strong><\/em><br \/>\n<em><strong>Jezus powiedzia\u0142 do swoich aposto\u0142\u00f3w: Oto Ja was posy\u0142am jak owce mi\u0119dzy wilki. B\u0105d\u017acie wi\u0119c roztropni jak w\u0119\u017ce, a nieskazitelni jak go\u0142\u0119bie! Miejcie si\u0119 na baczno\u015bci przed lud\u017ami! B\u0119d\u0105 was wydawa\u0107 s\u0105dom i w swych synagogach b\u0119d\u0105 was biczowa\u0107. Nawet przed namiestnik\u00f3w i kr\u00f3l\u00f3w b\u0119d\u0105 was wodzi\u0107 z mego powodu, na \u015bwiadectwo im i poganom. Kiedy was wydadz\u0105, nie martwcie si\u0119 o to, jak ani co macie m\u00f3wi\u0107. W owej bowiem godzinie b\u0119dzie wam poddane, co macie m\u00f3wi\u0107, gdy\u017c nie wy b\u0119dziecie m\u00f3wili, lecz Duch Ojca waszego b\u0119dzie m\u00f3wi\u0142 przez was. Brat wyda brata na \u015bmier\u0107 i ojciec syna; dzieci powstan\u0105 przeciw rodzicom i o \u015bmier\u0107 ich przyprawi\u0105. B\u0119dziecie w nienawi\u015bci u wszystkich z powodu mego imienia. Lecz kto wytrwa do ko\u0144ca, ten b\u0119dzie zbawiony. Gdy was prze\u015bladowa\u0107 b\u0119d\u0105 w tym mie\u015bcie, uciekajcie do innego. Zaprawd\u0119, powiadam wam: Nie zd\u0105\u017cycie obej\u015b\u0107 miast Izraela, nim przyjdzie Syn Cz\u0142owieczy.<\/strong><\/em><\/p>\n<p>&nbsp;<\/p>\n<p>B\u0119d\u0105 was wydawa\u0107 s\u0105dom, b\u0119d\u0105 was biczowa\u0107, b\u0119d\u0105 was wodzi\u0107 przed namiestnik\u00f3w i kr\u00f3l\u00f3w\u2026.<\/p>\n<p>Brat wyda brata na \u015bmier\u0107 i ojciec syna\u2026<\/p>\n<p>B\u0119dziecie w nienawi\u015bci u wszystkich z powodu mego imienia.<span class=\"Apple-converted-space\">\u00a0<\/span><\/p>\n<p>Takie s\u0142owa dzi\u015b czytamy w Ewangelii.<span class=\"Apple-converted-space\">\u00a0<\/span><\/p>\n<p>Mo\u017cemy d\u0142ugo opowiada\u0107, jak prze\u015bladowane jest chrze\u015bcija\u0144stwo, jak te s\u0142owa sprawdzaj\u0105 si\u0119 w historii, jak realizuj\u0105 si\u0119 w \u017cyciu i \u015bmierci m\u0119czennik\u00f3w, jak chrze\u015bcija\u0144stwo i dzi\u015b jest prze\u015bladowane.<span class=\"Apple-converted-space\">\u00a0<\/span><\/p>\n<p>Jednak S\u0142owo B\u00f3g nam daje tu i teraz, i do nas.<span class=\"Apple-converted-space\">\u00a0<\/span><\/p>\n<p>I my\u015bl\u0119 sobie &#8211; co\u015b nie tak\u2026<\/p>\n<p>Poszed\u0142em dzi\u015b do ko\u015bcio\u0142a, otworzy\u0142em drzwi i furtk\u0119, razem z ministrantem Ili\u0105 pomodlili\u015bmy si\u0119 jutrzni\u0105, porozmy\u015blali\u015bmy nad tym S\u0142owem i\u2026 nikt nas nie prze\u015bladuje, nie bije, nie podaje do s\u0105du\u2026 Brat te\u017c na \u015bmier\u0107 nie wydaje, a wprost przeciwnie wspiera i pomaga. Nie mog\u0119 powiedzie\u0107 \u017cebym by\u0142 tutaj w nienawi\u015bci u wszystkich, a nawet u kogokolwiek, mo\u017ce kto\u015b mnie nie lubi, ale nawet o tym nie wiem. Do namiestnik\u00f3w i kr\u00f3l\u00f3w te\u017c nikt mnie nie prowadzi.<span class=\"Apple-converted-space\">\u00a0<\/span><\/p>\n<p>Jest dobrze, dzi\u0119kuj\u0119 za to Panu Bogu i uwielbiam Go w tym, ale co\u015b nie gra\u2026 Po co takie S\u0142owo? Co ono znaczy dla mnie dzi\u015b?<span class=\"Apple-converted-space\">\u00a0<\/span><\/p>\n<p>I tu mnie zatrz\u0119s\u0142a pewna my\u015bl. Dzisiejszy fragment zaczyna si\u0119 od s\u0142\u00f3w: \u201eOto Ja was posy\u0142am jak owce mi\u0119dzy wilki\u201d. I to wielokrotnie powtarzaj\u0105ce si\u0119 w ostatnich dniach &#8211; \u201eid\u017acie!\u201d<\/p>\n<p>Czy ja id\u0119? Czy ja id\u0119 mi\u0119dzy wilki? Czy id\u0119 do wilk\u00f3w nie jak wilk, nie jak jeden z nich, ale jak owca? Czy id\u0119 do wilk\u00f3w z dobroci\u0105 i mi\u0142o\u015bci\u0105 i z Ewangeli\u0105?<span class=\"Apple-converted-space\">\u00a0<\/span><\/p>\n<p>A mo\u017ce siedz\u0119 sobie w swojej owczej zagrodzie, otoczony murem od wilk\u00f3w?<span class=\"Apple-converted-space\">\u00a0<\/span><\/p>\n<p>Wspominam r\u00f3\u017cne ostatnie spotkania z lud\u017ami (nie m\u00f3wi\u0119 o ko\u015bciele) i my\u015bl\u0119 &#8211; co ja im powiedzia\u0142em o Panu Bogu? Jak \u015bwiadczy\u0142em?<\/p>\n<p>A mo\u017ce ja sam jestem jak wilk?<span class=\"Apple-converted-space\">\u00a0<\/span><\/p>\n<p>Fajnie to kto\u015b okre\u015bli\u0142 &#8211; je\u015bli owca p\u00f3jdzie mi\u0119dzy wilki, to wcale nie najgorsze b\u0119dzie to, \u017ce wilki owc\u0119 zjedz\u0105, najgorsze b\u0119dzie to, je\u015bli owca stanie si\u0119 wilkiem.<span class=\"Apple-converted-space\">\u00a0<\/span><\/p>\n<p>I je\u015bli nas prze\u015bladuj\u0105 dlatego, \u017ce jeste\u015bmy jak wilki &#8211; \u017ali, nerwowi, niegrzeczni, pokazujemy k\u0142y, to nie o takich prze\u015bladowaniach dzi\u015b Jezus m\u00f3wi.<span class=\"Apple-converted-space\">\u00a0<\/span><\/p>\n<p>Jezus m\u00f3wi o tym, \u017ce nas jako owce b\u0119d\u0105 prze\u015bladowa\u0107, dlatego, \u017ce g\u0142osimy Jezusa i dlatego, \u017ce \u017cyjemy jak Pan B\u00f3g przykaza\u0142.<span class=\"Apple-converted-space\">\u00a0<\/span><\/p>\n<p>Je\u015bli jeste\u015bmy jak wilki to maj\u0105 racj\u0119, \u017ce nas prze\u015bladuj\u0105.<span class=\"Apple-converted-space\">\u00a0<\/span><\/p>\n<p>Jezus m\u00f3wi o prze\u015bladowaniach z powodu Jego imienia.<span class=\"Apple-converted-space\">\u00a0<\/span><\/p>\n<p>A was prze\u015bladuj\u0105?<span class=\"Apple-converted-space\">\u00a0<\/span><\/p>\n<p>Wydaj\u0105 do s\u0105d\u00f3w, zabijaj\u0105, maj\u0105 w nienawi\u015bci? Z powodu Jezusa, z powodu wiary?<span class=\"Apple-converted-space\">\u00a0<\/span><\/p>\n<p>A mo\u017ce jeste\u015bmy s\u0142abi? Mo\u017ce jeste\u015bmy mdli, niewyra\u017ani, jako chrze\u015bcijanie?<span class=\"Apple-converted-space\">\u00a0<\/span><\/p>\n<p>Mo\u017ce weszli\u015bmy w orkiestr\u0119 tego \u015bwiata i jak nami dyryguj\u0105, tak i gramy, i \u015bpiewamy? Niczym nie r\u00f3\u017cnimy si\u0119 od niewierz\u0105cych, nie mamy nic do zaproponowania temu \u015bwiatu, nie dra\u017cnimy tego \u015bwiata swoj\u0105 mi\u0142o\u015bci\u0105, dobroci\u0105 i wiar\u0105 i radykalizmem wiary\u2026<span class=\"Apple-converted-space\">\u00a0<\/span><\/p>\n<p>Jezus nas posy\u0142a &#8211; id\u017acie! Mi\u0119dzy wilki! Jako owce! Niewinni i dobrzy id\u017acie do z\u0142ych i strasznych. Nie dajcie si\u0119 zarazi\u0107, zostawajcie owcami z ca\u0142\u0105 swoj\u0105 to\u017csamo\u015bci\u0105 owcy.<span class=\"Apple-converted-space\">\u00a0<\/span><\/p>\n<p>Pomy\u015blmy &#8211; do kogo nas dzi\u015b Pan posy\u0142a? Co mamy robi\u0107? Co mamy m\u00f3wi\u0107?<span class=\"Apple-converted-space\">\u00a0<\/span><\/p>\n<p>&nbsp;<\/p>\n<p>I jeszcze pi\u0105tkowa my\u015bl z I czytania:<span class=\"Apple-converted-space\">\u00a0<\/span><\/p>\n<p>\u201eWr\u00f3\u0107, Izraelu, do Pana Boga twojego, upad\u0142e\u015b bowiem przez w\u0142asn\u0105 tw\u0105 win\u0119\u201d.<\/p>\n<p>Pokuta, przyznanie si\u0119 do winy, u\u015bwiadomienie sobie &#8211; tak, jestem grzeszny, jestem winny i chc\u0119 wr\u00f3ci\u0107 do Pana. Dobry temat, zw\u0142aszcza w pi\u0105tek\u2026<span class=\"Apple-converted-space\">\u00a0<\/span><\/p>\n<p>\u201eAsyria nie mo\u017ce nas zbawi\u0107 &#8211; nie chcemy ju\u017c wsiada\u0107 na konie ani te\u017c m\u00f3wi\u0107 &#8222;nasz Bo\u017ce&#8221; do dzie\u0142a r\u0105k naszych\u201d.<span class=\"Apple-converted-space\">\u00a0<\/span><\/p>\n<p>Ile\u017c tych Asyrii w naszym \u017cyciu\u2026 Oczekujemy, \u017ce kto\u015b, \u017ce co\u015b nas zbawi\u2026 Liczymy na w\u0142adze, na polityk\u00f3w, na rz\u0105dz\u0105cych, na nauk\u0119 i jej osi\u0105gni\u0119cia, na wielkich i wp\u0142ywowych\u2026<span class=\"Apple-converted-space\">\u00a0<\/span><\/p>\n<p>Czym bardziej obserwuj\u0119 sytuacj\u0119 w \u015bwiecie, tym bardziej si\u0119 przekonuj\u0119, \u017ce tzw. wielcy tego \u015bwiata nic nie mog\u0105 i nic nie umiej\u0105\u2026 Spotykaj\u0105 si\u0119, dyskutuj\u0105, omawiaj\u0105, planuj\u0105 i je\u015bli si\u0119 co\u015b zmienia to tylko na gorsze.<span class=\"Apple-converted-space\">\u00a0<\/span><\/p>\n<p>Asyria nie mo\u017ce nas zbawi\u0107\u2026 I \u017cadne mocarstwo, i \u017cadni przyw\u00f3dcy, i nauka i technika i nowoczesno\u015b\u0107 &#8211; nie mo\u017ce nas zbawi\u0107\u2026 Tylko Jezus, tylko B\u00f3g mo\u017ce nas zbawi\u0107. I nie tylko mam na my\u015bli wieczne zbawienie, ale i tu, na ziemi &#8211; tylko B\u00f3g mo\u017ce nas zbawi\u0107.<span class=\"Apple-converted-space\">\u00a0<\/span><\/p>\n<p>I mo\u017ce to co si\u0119 dzieje na \u015bwiecie jest po to, \u017ceby wreszcie do nas dotar\u0142o &#8211; tylko B\u00f3g mo\u017ce nas zbawi\u0107, mo\u017ce nam pom\u00f3c.<span class=\"Apple-converted-space\">\u00a0<\/span><\/p>\n<p>Wielcy tego \u015bwiata, zamiast dyskutowa\u0107, powinni wej\u015b\u0107 do ko\u015bcio\u0142a, upa\u015b\u0107 na kolana przed Naj\u015bwi\u0119tszym Sakramentem, p\u00f3j\u015b\u0107 do spowiedzi i do Komunii i modli\u0107 si\u0119, i da\u0107 przyk\u0142ad ludziom, co trzeba robi\u0107. A je\u015bli nie robi\u0105 tego wielcy, zr\u00f3bmy to my &#8211; zwykli ludzie, bo Asyria nie mo\u017ce nas zbawi\u0107.<span class=\"Apple-converted-space\">\u00a0<\/span><\/p>\n<p>A ile w naszym, zwyczajnym \u017cyciu takich Asyrii? Ile jest tych bo\u017ck\u00f3w na kt\u00f3re liczymy, w kt\u00f3rych pok\u0142adamy nadziej\u0119? &#8211; \u017ce co\u015b nam przyniesie szcz\u0119\u015bcie, \u017ce kto\u015b nas zbawi, pomo\u017ce\u2026 Tylko Jezus.<span class=\"Apple-converted-space\">\u00a0<\/span><\/p>\n<p>Nawr\u00f3ci\u0107 si\u0119 do Pana &#8211; to przyj\u0105\u0107 t\u0119 prawd\u0119, to zaufa\u0107 Panu i tylko Jemu. Jest jeden Zbawiciel, Jezus. Nie ma w innym imieniu zbawienia &#8211; tylko w imieniu Jezus!<span class=\"Apple-converted-space\">\u00a0<\/span><\/p>\n<p>Stw\u00f3rz we mnie serce czyste, serce prawe, serce dobre, kt\u00f3re b\u0119dzie to przyjmowa\u0142o i rozumia\u0142o.<span class=\"Apple-converted-space\">\u00a0<\/span><\/p>\n<p>Ciekawe, \u017ce w psalmie jest s\u0142owo \u201estw\u00f3rz\u201d serce. Jest tam takie s\u0142owo jak przy stworzeniu \u015bwiata \u201ebara\u201d. Znaczy nie zmie\u0144 moje serce, nawr\u00f3\u0107, napraw, ale stw\u00f3rz. To serce moje jest tak daleko od Boga, \u017ce potrzebuje nowego serca.<span class=\"Apple-converted-space\">\u00a0<\/span><\/p>\n<p>Stw\u00f3rz we mnie serce czyste! <span class=\"Apple-converted-space\">\u00a0<\/span><\/p>\n<p>A zatem nawr\u00f3\u0107my si\u0119 do Pana, uwierzmy, \u017ce On jest naszym zbawicielem i id\u017amy do wilk\u00f3w, ale nie stawajmy si\u0119 wilkami, nawet za cen\u0119 tego, \u017ce wilki nas zjedz\u0105. Je\u015bli b\u0119d\u0105 nas je\u015b\u0107, \u017cyczymy im smacznego.<span class=\"Apple-converted-space\">\u00a0<\/span><\/p>\n<p>&nbsp;<\/p>\n<p>Prosz\u0119 o Wasz\u0105 modlitw\u0119 za mnie i moj\u0105 parafi\u0119.<span class=\"Apple-converted-space\">\u00a0<\/span><\/p>\n<p>A Was b\u0142ogos\u0142awi\u0119 &#8211; w imi\u0119 Ojca + i Syna, i Ducha \u015awi\u0119tego. Amen.<span class=\"Apple-converted-space\">\u00a0<\/span><\/p>\n<p>&nbsp;<\/p>\n<p>P.s.<\/p>\n<p>Zapraszam na S\u0142\u00f3wko gadane &#8211; S\u0142\u00f3wko z Syberii, zapraszam codziennie. subskrybujcie nasz kana\u0142 i s\u0142uchajcie rozwa\u017ca\u0144. Koniec reklamy \ud83d\ude42 \u00a0I bardzo dzi\u0119kuj\u0119 Ks. Jackowi za codzienne promowanie tych rozwa\u017ca\u0144. Polskie rozwa\u017cania nagrywam, \u017ce tak powiem, przy okazji. Przede wszystkim nagrywam rosyjskie i te mnie zadziwiaj\u0105, jak wiele os\u00f3b ogl\u0105da, s\u0142ucha. Ale polskie r\u00f3wnie\u017c polecam i zapraszam!<\/p>\n<p>Z Bogiem!<\/p>\n<p>&nbsp;<\/p>\n<p><iframe loading=\"lazy\" title=\"S\u0142\u00f3wko z Syberii - 8.07.2022 Pl\" width=\"720\" height=\"405\" src=\"https:\/\/www.youtube.com\/embed\/oXR-RY_kU2Q?feature=oembed\" frameborder=\"0\" allow=\"accelerometer; autoplay; clipboard-write; encrypted-media; gyroscope; picture-in-picture\" allowfullscreen><\/iframe><\/p>\n<p>&nbsp;<\/p>\n<p><img loading=\"lazy\" decoding=\"async\" class=\"alignnone wp-image-20740\" src=\"https:\/\/gaudiumetspes-blog.pl\/wp-content\/uploads\/2022\/07\/IMG_9338-300x133.jpg\" alt=\"\" width=\"582\" height=\"258\" srcset=\"https:\/\/gaudiumetspes-blog.pl\/wp-content\/uploads\/2022\/07\/IMG_9338-300x133.jpg 300w, https:\/\/gaudiumetspes-blog.pl\/wp-content\/uploads\/2022\/07\/IMG_9338-1024x454.jpg 1024w, https:\/\/gaudiumetspes-blog.pl\/wp-content\/uploads\/2022\/07\/IMG_9338-768x340.jpg 768w, https:\/\/gaudiumetspes-blog.pl\/wp-content\/uploads\/2022\/07\/IMG_9338-1536x681.jpg 1536w, https:\/\/gaudiumetspes-blog.pl\/wp-content\/uploads\/2022\/07\/IMG_9338-2048x908.jpg 2048w, https:\/\/gaudiumetspes-blog.pl\/wp-content\/uploads\/2022\/07\/IMG_9338-1920x851.jpg 1920w, https:\/\/gaudiumetspes-blog.pl\/wp-content\/uploads\/2022\/07\/IMG_9338-720x319.jpg 720w, https:\/\/gaudiumetspes-blog.pl\/wp-content\/uploads\/2022\/07\/IMG_9338-580x257.jpg 580w, https:\/\/gaudiumetspes-blog.pl\/wp-content\/uploads\/2022\/07\/IMG_9338-320x142.jpg 320w\" sizes=\"auto, (max-width: 582px) 100vw, 582px\" \/><\/p>\n<p><img loading=\"lazy\" decoding=\"async\" class=\"alignnone wp-image-20741\" src=\"https:\/\/gaudiumetspes-blog.pl\/wp-content\/uploads\/2022\/07\/E6CC7DEB-D0AA-47DC-ADA5-C7A8B6DF5FA4_1_102_o-300x169.jpeg\" alt=\"\" width=\"442\" height=\"249\" srcset=\"https:\/\/gaudiumetspes-blog.pl\/wp-content\/uploads\/2022\/07\/E6CC7DEB-D0AA-47DC-ADA5-C7A8B6DF5FA4_1_102_o-300x169.jpeg 300w, https:\/\/gaudiumetspes-blog.pl\/wp-content\/uploads\/2022\/07\/E6CC7DEB-D0AA-47DC-ADA5-C7A8B6DF5FA4_1_102_o-1024x576.jpeg 1024w, https:\/\/gaudiumetspes-blog.pl\/wp-content\/uploads\/2022\/07\/E6CC7DEB-D0AA-47DC-ADA5-C7A8B6DF5FA4_1_102_o-768x432.jpeg 768w, https:\/\/gaudiumetspes-blog.pl\/wp-content\/uploads\/2022\/07\/E6CC7DEB-D0AA-47DC-ADA5-C7A8B6DF5FA4_1_102_o-720x405.jpeg 720w, https:\/\/gaudiumetspes-blog.pl\/wp-content\/uploads\/2022\/07\/E6CC7DEB-D0AA-47DC-ADA5-C7A8B6DF5FA4_1_102_o-580x326.jpeg 580w, https:\/\/gaudiumetspes-blog.pl\/wp-content\/uploads\/2022\/07\/E6CC7DEB-D0AA-47DC-ADA5-C7A8B6DF5FA4_1_102_o-320x180.jpeg 320w, https:\/\/gaudiumetspes-blog.pl\/wp-content\/uploads\/2022\/07\/E6CC7DEB-D0AA-47DC-ADA5-C7A8B6DF5FA4_1_102_o.jpeg 1334w\" sizes=\"auto, (max-width: 442px) 100vw, 442px\" \/> <img loading=\"lazy\" decoding=\"async\" class=\"alignnone wp-image-20742\" src=\"https:\/\/gaudiumetspes-blog.pl\/wp-content\/uploads\/2022\/07\/53D8DAEF-E864-4E4C-B7ED-B45DD0143A70_1_102_o-300x169.jpeg\" alt=\"\" width=\"451\" height=\"254\" srcset=\"https:\/\/gaudiumetspes-blog.pl\/wp-content\/uploads\/2022\/07\/53D8DAEF-E864-4E4C-B7ED-B45DD0143A70_1_102_o-300x169.jpeg 300w, https:\/\/gaudiumetspes-blog.pl\/wp-content\/uploads\/2022\/07\/53D8DAEF-E864-4E4C-B7ED-B45DD0143A70_1_102_o-1024x576.jpeg 1024w, https:\/\/gaudiumetspes-blog.pl\/wp-content\/uploads\/2022\/07\/53D8DAEF-E864-4E4C-B7ED-B45DD0143A70_1_102_o-768x432.jpeg 768w, https:\/\/gaudiumetspes-blog.pl\/wp-content\/uploads\/2022\/07\/53D8DAEF-E864-4E4C-B7ED-B45DD0143A70_1_102_o-720x405.jpeg 720w, https:\/\/gaudiumetspes-blog.pl\/wp-content\/uploads\/2022\/07\/53D8DAEF-E864-4E4C-B7ED-B45DD0143A70_1_102_o-580x326.jpeg 580w, https:\/\/gaudiumetspes-blog.pl\/wp-content\/uploads\/2022\/07\/53D8DAEF-E864-4E4C-B7ED-B45DD0143A70_1_102_o-320x180.jpeg 320w, https:\/\/gaudiumetspes-blog.pl\/wp-content\/uploads\/2022\/07\/53D8DAEF-E864-4E4C-B7ED-B45DD0143A70_1_102_o.jpeg 1334w\" sizes=\"auto, (max-width: 451px) 100vw, 451px\" \/><\/p>\n","protected":false},"excerpt":{"rendered":"<p>Niech b\u0119dzie pochwalony Jezus Chrystus!\u00a0 &nbsp; Pozdrawiam bardzo serdecznie z Syberii, z Surgutu, mo\u017cna doda\u0107 &#8211; z gor\u0105cej Syberii. Dzi\u015b +27, to chyba najcieplejszy dzie\u0144 w tym roku, po d\u0142ugich ch\u0142odach i deszczach nast\u0105pi\u0142y prawdziwe upa\u0142y (ju\u017c 2, czy nawet 3 dzie\u0144). Dlatego bardzo gor\u0105co zapraszam do wsp\u00f3lnego rozmy\u015blania nad S\u0142owem Bo\u017cym.\u00a0 Niech Duch \u015awi\u0119ty [&hellip;]<\/p>\n","protected":false},"author":3,"featured_media":0,"comment_status":"open","ping_status":"open","sticky":false,"template":"","format":"standard","meta":{"jetpack_post_was_ever_published":false,"_jetpack_newsletter_access":"","_jetpack_dont_email_post_to_subs":false,"_jetpack_newsletter_tier_id":0,"_jetpack_memberships_contains_paywalled_content":false,"_jetpack_memberships_contains_paid_content":false,"footnotes":""},"categories":[1],"tags":[],"class_list":["post-20734","post","type-post","status-publish","format-standard","hentry","category-bez-kategorii"],"yoast_head":"<!-- This site is optimized with the Yoast SEO plugin v25.1 - https:\/\/yoast.com\/wordpress\/plugins\/seo\/ -->\n<title>Ja was posy\u0142am jak owce mi\u0119dzy wilki - Gaudium Et Spes<\/title>\n<meta name=\"robots\" content=\"index, follow, max-snippet:-1, max-image-preview:large, max-video-preview:-1\" \/>\n<link rel=\"canonical\" href=\"https:\/\/gaudiumetspes-blog.pl\/index.php\/2022\/07\/08\/ja-was-posylam-jak-owce-miedzy-wilki\/\" \/>\n<meta property=\"og:locale\" content=\"pl_PL\" \/>\n<meta property=\"og:type\" content=\"article\" \/>\n<meta property=\"og:title\" content=\"Ja was posy\u0142am jak owce mi\u0119dzy wilki - Gaudium Et Spes\" \/>\n<meta property=\"og:description\" content=\"Niech b\u0119dzie pochwalony Jezus Chrystus!\u00a0 &nbsp; Pozdrawiam bardzo serdecznie z Syberii, z Surgutu, mo\u017cna doda\u0107 &#8211; z gor\u0105cej Syberii. Dzi\u015b +27, to chyba najcieplejszy dzie\u0144 w tym roku, po d\u0142ugich ch\u0142odach i deszczach nast\u0105pi\u0142y prawdziwe upa\u0142y (ju\u017c 2, czy nawet 3 dzie\u0144). Dlatego bardzo gor\u0105co zapraszam do wsp\u00f3lnego rozmy\u015blania nad S\u0142owem Bo\u017cym.\u00a0 Niech Duch \u015awi\u0119ty [&hellip;]\" \/>\n<meta property=\"og:url\" content=\"https:\/\/gaudiumetspes-blog.pl\/index.php\/2022\/07\/08\/ja-was-posylam-jak-owce-miedzy-wilki\/\" \/>\n<meta property=\"og:site_name\" content=\"Gaudium Et Spes\" \/>\n<meta property=\"article:published_time\" content=\"2022-07-08T07:35:22+00:00\" \/>\n<meta property=\"article:modified_time\" content=\"2022-07-08T08:53:15+00:00\" \/>\n<meta property=\"og:image\" content=\"https:\/\/gaudiumetspes-blog.pl\/wp-content\/uploads\/2022\/07\/Zrzut-ekranu-2022-05-10-o-01.10.47-300x211.jpg\" \/>\n<meta name=\"author\" content=\"Ks. Marek\" \/>\n<meta name=\"twitter:card\" content=\"summary_large_image\" \/>\n<meta name=\"twitter:label1\" content=\"Napisane przez\" \/>\n\t<meta name=\"twitter:data1\" content=\"Ks. Marek\" \/>\n\t<meta name=\"twitter:label2\" content=\"Szacowany czas czytania\" \/>\n\t<meta name=\"twitter:data2\" content=\"8 minut\" \/>\n<script type=\"application\/ld+json\" class=\"yoast-schema-graph\">{\"@context\":\"https:\/\/schema.org\",\"@graph\":[{\"@type\":\"WebPage\",\"@id\":\"https:\/\/gaudiumetspes-blog.pl\/index.php\/2022\/07\/08\/ja-was-posylam-jak-owce-miedzy-wilki\/\",\"url\":\"https:\/\/gaudiumetspes-blog.pl\/index.php\/2022\/07\/08\/ja-was-posylam-jak-owce-miedzy-wilki\/\",\"name\":\"Ja was posy\u0142am jak owce mi\u0119dzy wilki - Gaudium Et Spes\",\"isPartOf\":{\"@id\":\"https:\/\/gaudiumetspes-blog.pl\/#website\"},\"primaryImageOfPage\":{\"@id\":\"https:\/\/gaudiumetspes-blog.pl\/index.php\/2022\/07\/08\/ja-was-posylam-jak-owce-miedzy-wilki\/#primaryimage\"},\"image\":{\"@id\":\"https:\/\/gaudiumetspes-blog.pl\/index.php\/2022\/07\/08\/ja-was-posylam-jak-owce-miedzy-wilki\/#primaryimage\"},\"thumbnailUrl\":\"https:\/\/gaudiumetspes-blog.pl\/wp-content\/uploads\/2022\/07\/Zrzut-ekranu-2022-05-10-o-01.10.47-300x211.jpg\",\"datePublished\":\"2022-07-08T07:35:22+00:00\",\"dateModified\":\"2022-07-08T08:53:15+00:00\",\"author\":{\"@id\":\"https:\/\/gaudiumetspes-blog.pl\/#\/schema\/person\/12bc173d67dadb67c1c90d9c6c34c643\"},\"breadcrumb\":{\"@id\":\"https:\/\/gaudiumetspes-blog.pl\/index.php\/2022\/07\/08\/ja-was-posylam-jak-owce-miedzy-wilki\/#breadcrumb\"},\"inLanguage\":\"pl-PL\",\"potentialAction\":[{\"@type\":\"ReadAction\",\"target\":[\"https:\/\/gaudiumetspes-blog.pl\/index.php\/2022\/07\/08\/ja-was-posylam-jak-owce-miedzy-wilki\/\"]}]},{\"@type\":\"ImageObject\",\"inLanguage\":\"pl-PL\",\"@id\":\"https:\/\/gaudiumetspes-blog.pl\/index.php\/2022\/07\/08\/ja-was-posylam-jak-owce-miedzy-wilki\/#primaryimage\",\"url\":\"https:\/\/gaudiumetspes-blog.pl\/wp-content\/uploads\/2022\/07\/Zrzut-ekranu-2022-05-10-o-01.10.47.jpg\",\"contentUrl\":\"https:\/\/gaudiumetspes-blog.pl\/wp-content\/uploads\/2022\/07\/Zrzut-ekranu-2022-05-10-o-01.10.47.jpg\",\"width\":1130,\"height\":793},{\"@type\":\"BreadcrumbList\",\"@id\":\"https:\/\/gaudiumetspes-blog.pl\/index.php\/2022\/07\/08\/ja-was-posylam-jak-owce-miedzy-wilki\/#breadcrumb\",\"itemListElement\":[{\"@type\":\"ListItem\",\"position\":1,\"name\":\"Strona g\u0142\u00f3wna\",\"item\":\"https:\/\/gaudiumetspes-blog.pl\/\"},{\"@type\":\"ListItem\",\"position\":2,\"name\":\"Ja was posy\u0142am jak owce mi\u0119dzy wilki\"}]},{\"@type\":\"WebSite\",\"@id\":\"https:\/\/gaudiumetspes-blog.pl\/#website\",\"url\":\"https:\/\/gaudiumetspes-blog.pl\/\",\"name\":\"Gaudium Et Spes\",\"description\":\"Blog Ks. Jacka Ja\u015bkowskiego\",\"potentialAction\":[{\"@type\":\"SearchAction\",\"target\":{\"@type\":\"EntryPoint\",\"urlTemplate\":\"https:\/\/gaudiumetspes-blog.pl\/?s={search_term_string}\"},\"query-input\":{\"@type\":\"PropertyValueSpecification\",\"valueRequired\":true,\"valueName\":\"search_term_string\"}}],\"inLanguage\":\"pl-PL\"},{\"@type\":\"Person\",\"@id\":\"https:\/\/gaudiumetspes-blog.pl\/#\/schema\/person\/12bc173d67dadb67c1c90d9c6c34c643\",\"name\":\"Ks. Marek\",\"image\":{\"@type\":\"ImageObject\",\"inLanguage\":\"pl-PL\",\"@id\":\"https:\/\/gaudiumetspes-blog.pl\/#\/schema\/person\/image\/\",\"url\":\"https:\/\/gaudiumetspes-blog.pl\/wp-content\/uploads\/2019\/08\/73914d81-03a2-41a3-a2c0-9e0651fc6189-150x150.jpg\",\"contentUrl\":\"https:\/\/gaudiumetspes-blog.pl\/wp-content\/uploads\/2019\/08\/73914d81-03a2-41a3-a2c0-9e0651fc6189-150x150.jpg\",\"caption\":\"Ks. Marek\"},\"description\":\"Nazywam si\u0119 Ks. Marek Ja\u015bkowski i jestem Proboszczem Parafii \u015aw. J\u00f3zefa Robotnika w Surgucie i Parafii \u015aw. Paw\u0142a Aposto\u0142a w Nojabrsku. Moja Parafia to p\u00f3\u0142nocna cz\u0119\u015b\u0107 zachodniej Syberii \u2013 mo\u017cna powiedzie\u0107, \u017ce terytorialnie to prawie po\u0142owa Diecezji nowosybirskiej, jej p\u00f3\u0142nocna cz\u0119\u015b\u0107. Nasz Biskup okre\u015bli\u0142 kiedy\u015b, \u017ce jest to terytorialnie najwi\u0119ksza Parafia na \u015bwiecie! Terytorium Parafii jest czterokrotnie wi\u0119ksze od terytorium Polski! Przez kilka lat by\u0142em jedynym rzymskokatolickim ksi\u0119dzem na tym terytorium, od wrze\u015bnia 2019 roku pos\u0142ug\u0119 podejmuje Wsp\u00f3\u0142pracownik, Ks. Pawe\u0142 Czelu\u015bci\u0144ski. W Parafii pos\u0142uguj\u0105 tak\u017ce dwie Siostry od Anio\u0142\u00f3w, S. Joann i S. Teresa. Terytorium naszej Parafii to Chanty-Mansyjski Autonomiczny Okr\u0119g i Jamalsko-Nieniecki Autonomiczny Okr\u0119g. Jest to terytorium, kt\u00f3re s\u0142ynie z wydobycia ropy i gazu. Wi\u0119kszo\u015b\u0107 ropy, wydobywanej w Rosji \u2013 wydobywa si\u0119 z terenu mojej Parafii. W zwi\u0105zku z tym, w ostatnich kilku dziesi\u0119cioleciach, przyby\u0142o mn\u00f3stwo ludzi w poszukiwaniu pracy. Na tym terenie jest kilkana\u015bcie, a mo\u017ce i kilkadziesi\u0105t \u2013 cz\u0119sto nowych miast, w kt\u00f3rych osiedlaj\u0105 si\u0119 owi przyje\u017cd\u017caj\u0105cy ludzie. Odwiedzamy miasta: Jugorsk i Sowiecki, oddalone 650 km od Surgutu; Uraj \u2013 730 km; Niaga\u0144 \u2013 600 km; Chanty-Mansyjsk \u2013 300 km. To kierunek po\u0142udniowo \u2013 zachodni. Natomiast na p\u00f3\u0142nocy odwiedzamy Nojabrsk \u2013 320 km i Koga\u0142ym \u2013 190 km, Gubkinskij \u2013 500 km; Tarko-Sale \u2013 600 km; Nowyj Urengoj \u2013 760 km. Je\u017adzimy te\u017c do Tiumenii, \u017ceby stamt\u0105d polecie\u0107 samolotem do Salechardu, na ko\u0142o podbiegunowe \u2013 ponad 1100 km w prostej linii \u2013 \u017ceby i tam odwiedzi\u0107 naszych Parafian, kt\u00f3rzy cz\u0119sto bior\u0105 urlop w pracy, aby spotka\u0107 si\u0119 z nami, uczestniczy\u0107 we Mszy \u015awi\u0119tej i w katechizacji. Do Salechardu nie ma drogi, mo\u017cna dotrze\u0107 tylko samolotem, albo (latem) statkiem. Wymienione miasta to tylko niekt\u00f3re z miejsc, kt\u00f3re odwiedzamy. W ca\u0142ej naszej Parafii mamy jeden ko\u015bci\u00f3\u0142 \u2013 w Surgucie \u2013 i jedn\u0105 kaplic\u0119, w Nojabrsku, w jednym z blok\u00f3w. W innych miejscach spotykamy si\u0119 w mieszkaniach Parafian. Ludzie jednak cz\u0119sto kr\u0119puj\u0105 si\u0119 przychodzi\u0107 do kogo\u015b, do domu. A Parafia najbardziej rozwija si\u0119 tam, gdzie jest \u015bwi\u0105tynia. Ostatnio kupili\u015bmy dom na kaplic\u0119 w Koga\u0142ymie. Konieczny jest tam jednak gruntowny remont, kt\u00f3ry aktualnie prowadzimy. Nast\u0119pnym miejscem oczekuj\u0105cym na swoj\u0105 \u015bwi\u0105tyni\u0119 - kaplic\u0119 jest Chanty-Mansyjsk. Dramatycznie potrzeba tu ksi\u0119\u017cy! \u017beby kr\u00f3lestwo Bo\u017ce mog\u0142o wzrasta\u0107 w sercach ludzi, musz\u0105 mie\u0107 oni cz\u0119stszy dost\u0119p do Sakrament\u00f3w. Na terenie naszej Parafii mieszka jakie\u015b 2,5 miliona ludzi, w samym Surgucie \u2013 350 tysi\u0119cy. A tylko dw\u00f3ch Ksi\u0119\u017cy i dwie Siostry. Prosimy Was zatem o dwojak\u0105 pomoc: Modlitwa \u2013 to najwa\u017cniejsze! Prosz\u0119 Was, pom\u00f3dlcie si\u0119 za nasz\u0105 Parafi\u0119 przynajmniej dziesi\u0105tkiem R\u00f3\u017ca\u0144ca, a potem pom\u00f3dlcie si\u0119 przez wstawiennictwo naszych \u015awi\u0119tych Patron\u00f3w: Matki Bo\u017cej Fatimskiej, \u015aw. J\u00f3zefa Robotnika, \u015aw. Paw\u0142a Aposto\u0142a, \u015aw. Jana Paw\u0142a II, Micha\u0142a Archanio\u0142a i Anio\u0142\u00f3w Str\u00f3\u017c\u00f3w. Ofiara \u2013 materialna pomoc tak\u017ce jest nam niezmiernie potrzebna ze wzgl\u0119du na budow\u0119 domu parafialnego w Surgucie, remont domu na kaplic\u0119 w Koga\u0142ymie, oraz organizowanie spotka\u0144 wsp\u00f3lnot i miejsc modlitwy w wielu innych miastach. Wszystkim Darczy\u0144com z serca dzi\u0119kujemy i obiecujemy modlitw\u0119! Niech Was b\u0142ogos\u0142awi B\u00f3g Wszechmog\u0105cy: Ojciec + i Syn, i Duch \u015awi\u0119ty. Amen o.marek@mail.ru www.catholicsurgut.ru Dane do przelewu: Marek Ja\u015bkowski ul. K\u0105pielowa 19\/2 21-500 Bia\u0142a Podlaska Nr konta: 50 1020 5558 1111 1548 2400 0027\",\"url\":\"https:\/\/gaudiumetspes-blog.pl\/index.php\/author\/ks-marek\/\"}]}<\/script>\n<!-- \/ Yoast SEO plugin. -->","yoast_head_json":{"title":"Ja was posy\u0142am jak owce mi\u0119dzy wilki - Gaudium Et Spes","robots":{"index":"index","follow":"follow","max-snippet":"max-snippet:-1","max-image-preview":"max-image-preview:large","max-video-preview":"max-video-preview:-1"},"canonical":"https:\/\/gaudiumetspes-blog.pl\/index.php\/2022\/07\/08\/ja-was-posylam-jak-owce-miedzy-wilki\/","og_locale":"pl_PL","og_type":"article","og_title":"Ja was posy\u0142am jak owce mi\u0119dzy wilki - Gaudium Et Spes","og_description":"Niech b\u0119dzie pochwalony Jezus Chrystus!\u00a0 &nbsp; Pozdrawiam bardzo serdecznie z Syberii, z Surgutu, mo\u017cna doda\u0107 &#8211; z gor\u0105cej Syberii. Dzi\u015b +27, to chyba najcieplejszy dzie\u0144 w tym roku, po d\u0142ugich ch\u0142odach i deszczach nast\u0105pi\u0142y prawdziwe upa\u0142y (ju\u017c 2, czy nawet 3 dzie\u0144). Dlatego bardzo gor\u0105co zapraszam do wsp\u00f3lnego rozmy\u015blania nad S\u0142owem Bo\u017cym.\u00a0 Niech Duch \u015awi\u0119ty [&hellip;]","og_url":"https:\/\/gaudiumetspes-blog.pl\/index.php\/2022\/07\/08\/ja-was-posylam-jak-owce-miedzy-wilki\/","og_site_name":"Gaudium Et Spes","article_published_time":"2022-07-08T07:35:22+00:00","article_modified_time":"2022-07-08T08:53:15+00:00","og_image":[{"url":"https:\/\/gaudiumetspes-blog.pl\/wp-content\/uploads\/2022\/07\/Zrzut-ekranu-2022-05-10-o-01.10.47-300x211.jpg","type":"","width":"","height":""}],"author":"Ks. Marek","twitter_card":"summary_large_image","twitter_misc":{"Napisane przez":"Ks. Marek","Szacowany czas czytania":"8 minut"},"schema":{"@context":"https:\/\/schema.org","@graph":[{"@type":"WebPage","@id":"https:\/\/gaudiumetspes-blog.pl\/index.php\/2022\/07\/08\/ja-was-posylam-jak-owce-miedzy-wilki\/","url":"https:\/\/gaudiumetspes-blog.pl\/index.php\/2022\/07\/08\/ja-was-posylam-jak-owce-miedzy-wilki\/","name":"Ja was posy\u0142am jak owce mi\u0119dzy wilki - Gaudium Et Spes","isPartOf":{"@id":"https:\/\/gaudiumetspes-blog.pl\/#website"},"primaryImageOfPage":{"@id":"https:\/\/gaudiumetspes-blog.pl\/index.php\/2022\/07\/08\/ja-was-posylam-jak-owce-miedzy-wilki\/#primaryimage"},"image":{"@id":"https:\/\/gaudiumetspes-blog.pl\/index.php\/2022\/07\/08\/ja-was-posylam-jak-owce-miedzy-wilki\/#primaryimage"},"thumbnailUrl":"https:\/\/gaudiumetspes-blog.pl\/wp-content\/uploads\/2022\/07\/Zrzut-ekranu-2022-05-10-o-01.10.47-300x211.jpg","datePublished":"2022-07-08T07:35:22+00:00","dateModified":"2022-07-08T08:53:15+00:00","author":{"@id":"https:\/\/gaudiumetspes-blog.pl\/#\/schema\/person\/12bc173d67dadb67c1c90d9c6c34c643"},"breadcrumb":{"@id":"https:\/\/gaudiumetspes-blog.pl\/index.php\/2022\/07\/08\/ja-was-posylam-jak-owce-miedzy-wilki\/#breadcrumb"},"inLanguage":"pl-PL","potentialAction":[{"@type":"ReadAction","target":["https:\/\/gaudiumetspes-blog.pl\/index.php\/2022\/07\/08\/ja-was-posylam-jak-owce-miedzy-wilki\/"]}]},{"@type":"ImageObject","inLanguage":"pl-PL","@id":"https:\/\/gaudiumetspes-blog.pl\/index.php\/2022\/07\/08\/ja-was-posylam-jak-owce-miedzy-wilki\/#primaryimage","url":"https:\/\/gaudiumetspes-blog.pl\/wp-content\/uploads\/2022\/07\/Zrzut-ekranu-2022-05-10-o-01.10.47.jpg","contentUrl":"https:\/\/gaudiumetspes-blog.pl\/wp-content\/uploads\/2022\/07\/Zrzut-ekranu-2022-05-10-o-01.10.47.jpg","width":1130,"height":793},{"@type":"BreadcrumbList","@id":"https:\/\/gaudiumetspes-blog.pl\/index.php\/2022\/07\/08\/ja-was-posylam-jak-owce-miedzy-wilki\/#breadcrumb","itemListElement":[{"@type":"ListItem","position":1,"name":"Strona g\u0142\u00f3wna","item":"https:\/\/gaudiumetspes-blog.pl\/"},{"@type":"ListItem","position":2,"name":"Ja was posy\u0142am jak owce mi\u0119dzy wilki"}]},{"@type":"WebSite","@id":"https:\/\/gaudiumetspes-blog.pl\/#website","url":"https:\/\/gaudiumetspes-blog.pl\/","name":"Gaudium Et Spes","description":"Blog Ks. Jacka Ja\u015bkowskiego","potentialAction":[{"@type":"SearchAction","target":{"@type":"EntryPoint","urlTemplate":"https:\/\/gaudiumetspes-blog.pl\/?s={search_term_string}"},"query-input":{"@type":"PropertyValueSpecification","valueRequired":true,"valueName":"search_term_string"}}],"inLanguage":"pl-PL"},{"@type":"Person","@id":"https:\/\/gaudiumetspes-blog.pl\/#\/schema\/person\/12bc173d67dadb67c1c90d9c6c34c643","name":"Ks. Marek","image":{"@type":"ImageObject","inLanguage":"pl-PL","@id":"https:\/\/gaudiumetspes-blog.pl\/#\/schema\/person\/image\/","url":"https:\/\/gaudiumetspes-blog.pl\/wp-content\/uploads\/2019\/08\/73914d81-03a2-41a3-a2c0-9e0651fc6189-150x150.jpg","contentUrl":"https:\/\/gaudiumetspes-blog.pl\/wp-content\/uploads\/2019\/08\/73914d81-03a2-41a3-a2c0-9e0651fc6189-150x150.jpg","caption":"Ks. Marek"},"description":"Nazywam si\u0119 Ks. Marek Ja\u015bkowski i jestem Proboszczem Parafii \u015aw. J\u00f3zefa Robotnika w Surgucie i Parafii \u015aw. Paw\u0142a Aposto\u0142a w Nojabrsku. Moja Parafia to p\u00f3\u0142nocna cz\u0119\u015b\u0107 zachodniej Syberii \u2013 mo\u017cna powiedzie\u0107, \u017ce terytorialnie to prawie po\u0142owa Diecezji nowosybirskiej, jej p\u00f3\u0142nocna cz\u0119\u015b\u0107. Nasz Biskup okre\u015bli\u0142 kiedy\u015b, \u017ce jest to terytorialnie najwi\u0119ksza Parafia na \u015bwiecie! Terytorium Parafii jest czterokrotnie wi\u0119ksze od terytorium Polski! Przez kilka lat by\u0142em jedynym rzymskokatolickim ksi\u0119dzem na tym terytorium, od wrze\u015bnia 2019 roku pos\u0142ug\u0119 podejmuje Wsp\u00f3\u0142pracownik, Ks. Pawe\u0142 Czelu\u015bci\u0144ski. W Parafii pos\u0142uguj\u0105 tak\u017ce dwie Siostry od Anio\u0142\u00f3w, S. Joann i S. Teresa. Terytorium naszej Parafii to Chanty-Mansyjski Autonomiczny Okr\u0119g i Jamalsko-Nieniecki Autonomiczny Okr\u0119g. Jest to terytorium, kt\u00f3re s\u0142ynie z wydobycia ropy i gazu. Wi\u0119kszo\u015b\u0107 ropy, wydobywanej w Rosji \u2013 wydobywa si\u0119 z terenu mojej Parafii. W zwi\u0105zku z tym, w ostatnich kilku dziesi\u0119cioleciach, przyby\u0142o mn\u00f3stwo ludzi w poszukiwaniu pracy. Na tym terenie jest kilkana\u015bcie, a mo\u017ce i kilkadziesi\u0105t \u2013 cz\u0119sto nowych miast, w kt\u00f3rych osiedlaj\u0105 si\u0119 owi przyje\u017cd\u017caj\u0105cy ludzie. Odwiedzamy miasta: Jugorsk i Sowiecki, oddalone 650 km od Surgutu; Uraj \u2013 730 km; Niaga\u0144 \u2013 600 km; Chanty-Mansyjsk \u2013 300 km. To kierunek po\u0142udniowo \u2013 zachodni. Natomiast na p\u00f3\u0142nocy odwiedzamy Nojabrsk \u2013 320 km i Koga\u0142ym \u2013 190 km, Gubkinskij \u2013 500 km; Tarko-Sale \u2013 600 km; Nowyj Urengoj \u2013 760 km. Je\u017adzimy te\u017c do Tiumenii, \u017ceby stamt\u0105d polecie\u0107 samolotem do Salechardu, na ko\u0142o podbiegunowe \u2013 ponad 1100 km w prostej linii \u2013 \u017ceby i tam odwiedzi\u0107 naszych Parafian, kt\u00f3rzy cz\u0119sto bior\u0105 urlop w pracy, aby spotka\u0107 si\u0119 z nami, uczestniczy\u0107 we Mszy \u015awi\u0119tej i w katechizacji. Do Salechardu nie ma drogi, mo\u017cna dotrze\u0107 tylko samolotem, albo (latem) statkiem. Wymienione miasta to tylko niekt\u00f3re z miejsc, kt\u00f3re odwiedzamy. W ca\u0142ej naszej Parafii mamy jeden ko\u015bci\u00f3\u0142 \u2013 w Surgucie \u2013 i jedn\u0105 kaplic\u0119, w Nojabrsku, w jednym z blok\u00f3w. W innych miejscach spotykamy si\u0119 w mieszkaniach Parafian. Ludzie jednak cz\u0119sto kr\u0119puj\u0105 si\u0119 przychodzi\u0107 do kogo\u015b, do domu. A Parafia najbardziej rozwija si\u0119 tam, gdzie jest \u015bwi\u0105tynia. Ostatnio kupili\u015bmy dom na kaplic\u0119 w Koga\u0142ymie. Konieczny jest tam jednak gruntowny remont, kt\u00f3ry aktualnie prowadzimy. Nast\u0119pnym miejscem oczekuj\u0105cym na swoj\u0105 \u015bwi\u0105tyni\u0119 - kaplic\u0119 jest Chanty-Mansyjsk. Dramatycznie potrzeba tu ksi\u0119\u017cy! \u017beby kr\u00f3lestwo Bo\u017ce mog\u0142o wzrasta\u0107 w sercach ludzi, musz\u0105 mie\u0107 oni cz\u0119stszy dost\u0119p do Sakrament\u00f3w. Na terenie naszej Parafii mieszka jakie\u015b 2,5 miliona ludzi, w samym Surgucie \u2013 350 tysi\u0119cy. A tylko dw\u00f3ch Ksi\u0119\u017cy i dwie Siostry. Prosimy Was zatem o dwojak\u0105 pomoc: Modlitwa \u2013 to najwa\u017cniejsze! Prosz\u0119 Was, pom\u00f3dlcie si\u0119 za nasz\u0105 Parafi\u0119 przynajmniej dziesi\u0105tkiem R\u00f3\u017ca\u0144ca, a potem pom\u00f3dlcie si\u0119 przez wstawiennictwo naszych \u015awi\u0119tych Patron\u00f3w: Matki Bo\u017cej Fatimskiej, \u015aw. J\u00f3zefa Robotnika, \u015aw. Paw\u0142a Aposto\u0142a, \u015aw. Jana Paw\u0142a II, Micha\u0142a Archanio\u0142a i Anio\u0142\u00f3w Str\u00f3\u017c\u00f3w. Ofiara \u2013 materialna pomoc tak\u017ce jest nam niezmiernie potrzebna ze wzgl\u0119du na budow\u0119 domu parafialnego w Surgucie, remont domu na kaplic\u0119 w Koga\u0142ymie, oraz organizowanie spotka\u0144 wsp\u00f3lnot i miejsc modlitwy w wielu innych miastach. Wszystkim Darczy\u0144com z serca dzi\u0119kujemy i obiecujemy modlitw\u0119! Niech Was b\u0142ogos\u0142awi B\u00f3g Wszechmog\u0105cy: Ojciec + i Syn, i Duch \u015awi\u0119ty. Amen o.marek@mail.ru www.catholicsurgut.ru Dane do przelewu: Marek Ja\u015bkowski ul. K\u0105pielowa 19\/2 21-500 Bia\u0142a Podlaska Nr konta: 50 1020 5558 1111 1548 2400 0027","url":"https:\/\/gaudiumetspes-blog.pl\/index.php\/author\/ks-marek\/"}]}},"jetpack_featured_media_url":"","jetpack_sharing_enabled":true,"_links":{"self":[{"href":"https:\/\/gaudiumetspes-blog.pl\/index.php\/wp-json\/wp\/v2\/posts\/20734","targetHints":{"allow":["GET"]}}],"collection":[{"href":"https:\/\/gaudiumetspes-blog.pl\/index.php\/wp-json\/wp\/v2\/posts"}],"about":[{"href":"https:\/\/gaudiumetspes-blog.pl\/index.php\/wp-json\/wp\/v2\/types\/post"}],"author":[{"embeddable":true,"href":"https:\/\/gaudiumetspes-blog.pl\/index.php\/wp-json\/wp\/v2\/users\/3"}],"replies":[{"embeddable":true,"href":"https:\/\/gaudiumetspes-blog.pl\/index.php\/wp-json\/wp\/v2\/comments?post=20734"}],"version-history":[{"count":4,"href":"https:\/\/gaudiumetspes-blog.pl\/index.php\/wp-json\/wp\/v2\/posts\/20734\/revisions"}],"predecessor-version":[{"id":20743,"href":"https:\/\/gaudiumetspes-blog.pl\/index.php\/wp-json\/wp\/v2\/posts\/20734\/revisions\/20743"}],"wp:attachment":[{"href":"https:\/\/gaudiumetspes-blog.pl\/index.php\/wp-json\/wp\/v2\/media?parent=20734"}],"wp:term":[{"taxonomy":"category","embeddable":true,"href":"https:\/\/gaudiumetspes-blog.pl\/index.php\/wp-json\/wp\/v2\/categories?post=20734"},{"taxonomy":"post_tag","embeddable":true,"href":"https:\/\/gaudiumetspes-blog.pl\/index.php\/wp-json\/wp\/v2\/tags?post=20734"}],"curies":[{"name":"wp","href":"https:\/\/api.w.org\/{rel}","templated":true}]}}