{"id":20776,"date":"2022-07-18T06:51:17","date_gmt":"2022-07-18T04:51:17","guid":{"rendered":"https:\/\/gaudiumetspes-blog.pl\/?p=20776"},"modified":"2022-07-18T21:14:32","modified_gmt":"2022-07-18T19:14:32","slug":"chcielibysmy-widziec-znak-od-ciebie","status":"publish","type":"post","link":"https:\/\/gaudiumetspes-blog.pl\/index.php\/2022\/07\/18\/chcielibysmy-widziec-znak-od-ciebie\/","title":{"rendered":"Chcieliby\u015bmy widzie\u0107 znak od Ciebie!"},"content":{"rendered":"<p align=\"justify\"><span style=\"color: #000000;\"><span style=\"font-family: Book Antiqua, serif;\"><span style=\"font-size: large;\">Szcz\u0119\u015b\u0107 Bo\u017ce! Moi Drodzy, w dniu dzisiejszym <b>imieniny prze\u017cywa m\u00f3j Szwagier, Kamil Nied\u017awiedzki. Dzi\u0119kuj\u0105c za przyja\u017a\u0144, wsparcie i wielorak\u0105 pomoc, \u017cycz\u0119, aby ka\u017cdego dnia coraz bardziej spe\u0142nia\u0142 si\u0119 w roli M\u0119\u017ca, Ojca, Szwagra \u2013 i w ka\u017cdej roli, w jakiej Pan ju\u017c Go postawi\u0142, a jeszcze postawi w przysz\u0142o\u015bci. Niech daje Mu jak najwi\u0119cej dobrych natchnie\u0144 i b\u0142ogos\u0142awi we wszystkim, co dobre!<\/b><\/span><\/span><\/span><\/p>\n<p align=\"justify\"><span style=\"color: #000000;\"><span style=\"font-family: Book Antiqua, serif;\"><span style=\"font-size: large;\"><b>Imieniny prze\u017cywa dzi\u015b tak\u017ce Szymon Olender, m\u00f3j by\u0142y Lektor z Parafii w Celestynowie, a obecnie M\u0105\u017c i Ojciec, a tak w og\u00f3le: Cz\u0142owiek bardzo bliski i \u017cyczliwy, z kt\u00f3rym \u2013 podobnie, jak i z Jego Rodzicami \u2013 pozostaj\u0119 w sta\u0142ym kontakcie.<\/b><\/span><\/span><\/span><\/p>\n<p align=\"justify\"><span style=\"color: #000000;\"><span style=\"font-family: Book Antiqua, serif;\"><span style=\"font-size: large;\"><b>Urodziny natomiast prze\u017cywaj\u0105:<\/b><\/span><\/span><\/span><\/p>\n<p align=\"justify\"><span style=\"color: #000000;\">\u25ba<span style=\"font-family: Book Antiqua, serif;\"><span style=\"font-size: large;\"><b>Micha\u0142 Ja\u015bkowski \u2013 m\u00f3j Brat stryjeczny z Olsztyna;<\/b><\/span><\/span><\/span><\/p>\n<p align=\"justify\"><span style=\"color: #000000;\">\u25ba<span style=\"font-family: Book Antiqua, serif;\"><span style=\"font-size: large;\"><b>A\u0142\u0142a Michaj\u0142owa &#8211; w swoim czasie Osoba zaanga\u017cowana w \u017cycie i funkcjonowanie Parafii w Surgucie i wspieraj\u0105ca Ksi\u0119dza Marka w Jego pos\u0142udze.<\/b><\/span><\/span><\/span><\/p>\n<p align=\"justify\"><span style=\"color: #000000;\"><span style=\"font-family: Book Antiqua, serif;\"><span style=\"font-size: large;\"><b>Wszystkim \u015bwi\u0119tuj\u0105cym \u017cycz\u0119 bezmiaru \u0142ask niebieskich, o kt\u00f3re te\u017c b\u0119d\u0119 si\u0119 dla Nich modli\u0142. Nie tylko dzisiaj.<\/b><\/span><\/span><\/span><\/p>\n<p align=\"justify\"><span style=\"color: #000000;\"><span style=\"font-family: Book Antiqua, serif;\"><span style=\"font-size: large;\"><b>A oto dzisiaj tak\u017ce, w mojej Parafii rodzinnej, w Bia\u0142ej Podlaskiej, odb\u0119dzie si\u0119 pogrzeb \u015b.p. Wac\u0142awa Szostakiewicza \u2013 Ojca mojego starszego Kolegi, Ksi\u0119dza Jacka. Zna\u0142em si\u0119 z Panem Wac\u0142awem od lat, podobnie jak i z Jego \u017bon\u0105, Mam\u0105 Ksi\u0119dza Jacka, Pani\u0105 Krystyn\u0105, kt\u00f3ra za czas\u00f3w mojej nauki w Szkole Podstawowej nr 6 w Bia\u0142ej Podlaskiej by\u0142a tam Nauczycielk\u0105 i Wicedyrektork\u0105. <\/b><\/span><\/span><\/span><\/p>\n<p align=\"justify\"><span style=\"color: #000000;\"><span style=\"font-family: Book Antiqua, serif;\"><span style=\"font-size: large;\"><b>\u0141\u0105cz\u0119 si\u0119 w modlitwie z Pani\u0105 Krystyn\u0105, Ksi\u0119dzem Jackiem i ca\u0142\u0105 Rodzin\u0105. Niech zmartwychwsta\u0142y Chrystus przyjmie Pana Wac\u0142awa do rado\u015bci Kr\u00f3lestwa niebieskiego.<\/b><\/span><\/span><\/span><\/p>\n<p align=\"justify\"><span style=\"color: #000000;\"><span style=\"font-family: Book Antiqua, serif;\"><span style=\"font-size: large;\">Teraz za\u015b ju\u017c zapraszam do pochylenia si\u0119 nas Bo\u017cym s\u0142owem dzisiejszej liturgii. Oto s\u0142\u00f3wko Ksi\u0119dza Marka na dzi\u015b:<\/span><\/span><\/span><\/p>\n<p align=\"justify\"><span style=\"color: #000000;\"><span style=\"font-family: Book Antiqua, serif;\"><span style=\"font-size: medium;\"><a href=\"https:\/\/www.youtube.com\/c\/CatholicSurgut\"><span style=\"font-size: large;\"><b>https:\/\/www.youtube.com\/c\/CatholicSurgut<\/b><\/span><\/a><\/span><\/span><\/span><\/p>\n<p align=\"justify\"><span style=\"color: #000000;\"><span style=\"font-family: Book Antiqua, serif;\"><span style=\"font-size: large;\">Poni\u017cej za\u015b \u2013 s\u0142\u00f3wko Janka. Bardzo Mu dzi\u0119kuj\u0119 za przygotowanie rozwa\u017cania, ale tak\u017ce za wczorajsze wsp\u00f3lne prze\u017cywanie Uroczysto\u015bci odpustowej w Samogoszczy. Janek by\u0142 w bezpo\u015bredniej mojej asy\u015bcie \u2013 jako Prezes S\u0142u\u017cby Liturgicznej w tej Parafii. Dzi\u0119kuj\u0119 za to Jego zaanga\u017cowanie w \u017cycie Parafii i w pomoc, okazywan\u0105 swojemu Proboszczowi; dzi\u0119kuj\u0119 za wczorajsz\u0105 wsp\u00f3lnie prze\u017cywan\u0105 Uroczysto\u015b\u0107, dzi\u0119kuj\u0119 za nasz sta\u0142y kontakt i za zamieszczanie Og\u0142osze\u0144 na stronie Duszpasterstwa Akademickiego, a wreszcie tak\u017ce \u2013 za dzisiejsze s\u0142\u00f3wko i za ka\u017cde s\u0142\u00f3wko, jakie zechcia\u0142 przygotowa\u0107.<\/span><\/span><\/span><\/p>\n<p align=\"justify\"><span style=\"color: #000000;\"><span style=\"font-family: Book Antiqua, serif;\"><span style=\"font-size: large;\">Zatem, <b>co dzi\u015b m\u00f3wi do mnie osobi\u015bcie Pan? Z jakim konkretnym przes\u0142aniem zwraca si\u0119 w\u0142a\u015bnie do mnie?<\/b> Duchu \u015awi\u0119ty, podpowiedz\u2026 <\/span><\/span><\/span><\/p>\n<p align=\"justify\"><span style=\"color: #000000;\"><span style=\"font-family: Book Antiqua, serif;\"><span style=\"font-size: large;\"><b>Niech Was b\u0142ogos\u0142awi B\u00f3g Wszechmog\u0105cy: Ojciec + i Syn, i Duch \u015awi\u0119ty. Amen<\/b><\/span><\/span><\/span><\/p>\n<p align=\"center\"><span style=\"color: #000000;\"><span style=\"font-family: Book Antiqua, serif;\"><span style=\"font-size: large;\">Gaudium et spes! Ks. Jacek<\/span><\/span><\/span><\/p>\n<p align=\"center\">\n<p align=\"center\">\n<p align=\"center\">\n<p align=\"center\">\n<p align=\"center\">\n<p align=\"justify\"><span style=\"color: #000000;\"><span style=\"font-family: Book Antiqua, serif;\"><span style=\"font-size: large;\"><b>Poniedzia\u0142ek 16 Tygodnia zwyk\u0142ego, rok II,<\/b><\/span><\/span><\/span><\/p>\n<p align=\"justify\"><span style=\"color: #000000;\"><span style=\"font-family: Book Antiqua, serif;\"><span style=\"font-size: large;\"><b>18 lipca 2022.,<\/b><\/span><\/span><\/span><\/p>\n<p align=\"justify\"><span style=\"color: #000000;\"><span style=\"font-family: Book Antiqua, serif;\"><span style=\"font-size: large;\"><b>do czyta\u0144: Mi 6,1\u20134.6\u20138; Mt 12,38\u201342<\/b><\/span><\/span><\/span><\/p>\n<p align=\"justify\">\n<p align=\"justify\">\n<p align=\"justify\">\n<p align=\"justify\">\n<p align=\"justify\">\n<p align=\"justify\"><span style=\"color: #000000;\"><span style=\"font-family: Book Antiqua, serif;\"><span style=\"font-size: large;\"><b>CZYTANIE Z KSI\u0118GI MICHEASZA: <\/b><\/span><\/span><\/span><\/p>\n<p align=\"justify\"><span style=\"color: #000000;\"><span style=\"font-family: Book Antiqua, serif;\"><span style=\"font-size: large;\"><b>S\u0142uchajcie tego, co Pan powiedzia\u0142: \u201eSta\u0144, prowad\u017a sp\u00f3r wobec g\u00f3r, niech s\u0142uchaj\u0105 pag\u00f3rki twego g\u0142osu! S\u0142uchajcie, g\u00f3ry, sporu Pana, nak\u0142o\u0144cie uszu, posady ziemi! Oto Pan ma sp\u00f3r ze swym ludem i oskar\u017ca\u0107 b\u0119dzie Izraela. <\/b><\/span><\/span><\/span><\/p>\n<p align=\"justify\"><span style=\"color: #000000;\"><span style=\"font-family: Book Antiqua, serif;\"><span style=\"font-size: large;\"><b>Ludu m\u00f3j, c\u00f3\u017cem ci uczyni\u0142? W czym ci si\u0119 uprzykrzy\u0142em? Odpowiedz Mi! Otom ci\u0119 wywi\u00f3d\u0142 z ziemi egipskiej, z domu niewoli wybawi\u0142em ciebie i pos\u0142a\u0142em przed obliczem twoim Moj\u017cesza, Aarona i Miriam\u201d. <\/b><\/span><\/span><\/span><\/p>\n<p align=\"justify\"><span style=\"color: #000000;\"><span style=\"font-family: Book Antiqua, serif;\"><span style=\"font-size: large;\"><b>Z czym stan\u0119 przed Panem i pok\u0142oni\u0119 si\u0119 Bogu wysokiemu? Czy stan\u0119 przed Nim z ofiar\u0105 ca\u0142opaln\u0105, z ciel\u0119tami rocznymi? Czy Pan si\u0119 zadowoli tysi\u0105cami baran\u00f3w, dziesi\u0105tkami tysi\u0119cy potok\u00f3w oliwy? Czy trzeba, bym wyda\u0142 pierworodnego mego za m\u00f3j wyst\u0119pek, owoc \u0142ona mego, za grzech mojej duszy? <\/b><\/span><\/span><\/span><\/p>\n<p align=\"justify\"><span style=\"color: #000000;\"><span style=\"font-family: Book Antiqua, serif;\"><span style=\"font-size: large;\"><b>Powiedziano ci, cz\u0142owiecze, co jest dobre. I czego \u017c\u0105da Pan od ciebie: pe\u0142nienia sprawiedliwo\u015bci, umi\u0142owania \u017cyczliwo\u015bci i pokornego obcowania z Bogiem twoim.<\/b><\/span><\/span><\/span><\/p>\n<p align=\"justify\">\n<p align=\"justify\">\n<p align=\"justify\">\n<p align=\"justify\">\n<p align=\"justify\">\n<p align=\"justify\"><span style=\"color: #000000;\"><span style=\"font-family: Book Antiqua, serif;\"><span style=\"font-size: large;\"><b>S\u0141OWA EWANGELII WED\u0141UG \u015aWI\u0118TEGO MATEUSZA: <\/b><\/span><\/span><\/span><\/p>\n<p align=\"justify\"><span style=\"color: #000000;\"><span style=\"font-family: Book Antiqua, serif;\"><span style=\"font-size: large;\"><b>Niekt\u00f3rzy z uczonych w Pi\u015bmie i faryzeusz\u00f3w rzekli do Jezusa: \u201eNauczycielu, chcieli\u015bmy jaki\u015b znak widzie\u0107 od Ciebie\u201d. Lecz On im odpowiedzia\u0142: <\/b><\/span><\/span><\/span><\/p>\n<p align=\"justify\"><span style=\"color: #000000;\">\u201e<span style=\"font-family: Book Antiqua, serif;\"><span style=\"font-size: large;\"><b>Plemi\u0119 przewrotne i wiaro\u0142omne \u017c\u0105da znaku, ale \u017caden znak nie b\u0119dzie mu dany, pr\u00f3cz znaku proroka Jonasza. Albowiem jak Jonasz by\u0142 trzy dni i trzy noce we wn\u0119trzno\u015bciach wielkiej ryby, tak Syn Cz\u0142owieczy b\u0119dzie trzy dni i trzy noce w \u0142onie ziemi. <\/b><\/span><\/span><\/span><\/p>\n<p align=\"justify\"><span style=\"color: #000000;\"><span style=\"font-family: Book Antiqua, serif;\"><span style=\"font-size: large;\"><b>Ludzie z Niniwy powstan\u0105 na s\u0105dzie przeciw temu plemieniu i pot\u0119pi\u0105 je; poniewa\u017c oni wskutek nawo\u0142ywania Jonasza si\u0119 nawr\u00f3cili, a oto tu jest co\u015b wi\u0119cej ni\u017c Jonasz. <\/b><\/span><\/span><\/span><\/p>\n<p align=\"justify\"><span style=\"color: #000000;\"><span style=\"font-family: Book Antiqua, serif;\"><span style=\"font-size: large;\"><b>Kr\u00f3lowa z Po\u0142udnia powstanie na s\u0105dzie przeciw temu plemieniu i pot\u0119pi je; poniewa\u017c ona z kra\u0144c\u00f3w ziemi przyby\u0142a s\u0142ucha\u0107 m\u0105dro\u015bci Salomona, a oto tu jest co\u015b wi\u0119cej ni\u017c Salomon\u201d.<\/b><\/span><\/span><\/span><\/p>\n<p align=\"justify\">\n<p align=\"justify\">\n<p align=\"justify\">\n<p align=\"justify\">\n<p align=\"justify\">\n<p align=\"center\"><span style=\"color: #000000;\"><span style=\"font-family: Book Antiqua, serif;\"><span style=\"font-size: large;\"><b>A <\/b><b>OTO S\u0141\u00d3WKO JANKA:<\/b><\/span><\/span><\/span><\/p>\n<p align=\"center\">\n<p align=\"center\">\n<p align=\"center\">\n<p align=\"center\">\n<p align=\"center\">\n<p align=\"justify\"><span style=\"color: #000000;\"><span style=\"font-family: Book Antiqua, serif;\"><span style=\"font-size: large;\">W<\/span><\/span><\/span><span style=\"color: #000000;\"><span style=\"font-family: Book Antiqua, serif;\"><span style=\"font-size: large;\"> dzisiejsz<\/span><\/span><\/span><span style=\"color: #000000;\"><span style=\"font-family: Book Antiqua, serif;\"><span style=\"font-size: large;\">ym<\/span><\/span><\/span><span style=\"color: #000000;\"><span style=\"font-family: Book Antiqua, serif;\"><span style=\"font-size: large;\"> Bo\u017c<\/span><\/span><\/span><span style=\"color: #000000;\"><span style=\"font-family: Book Antiqua, serif;\"><span style=\"font-size: large;\">ym<\/span><\/span><\/span><span style=\"color: #000000;\"><span style=\"font-family: Book Antiqua, serif;\"><span style=\"font-size: large;\"> s\u0142ow<\/span><\/span><\/span><span style=\"color: #000000;\"><span style=\"font-family: Book Antiqua, serif;\"><span style=\"font-size: large;\">ie<\/span><\/span><\/span><span style=\"color: #000000;\"><span style=\"font-family: Book Antiqua, serif;\"><span style=\"font-size: large;\"> jako\u015b najbardziej dotkn\u0119\u0142o mnie to zdanie:<\/span><\/span><\/span> <span style=\"color: #000000;\"><span style=\"font-family: Book Antiqua, serif;\"><span style=\"font-size: large;\"><i><b>Z czym stan\u0119 przed Panem i pok\u0142oni\u0119 si\u0119 Bogu wysokiemu?<\/b><\/i><\/span><\/span><\/span><span style=\"color: #000000;\"><span style=\"font-family: Book Antiqua, serif;\"><span style=\"font-size: large;\"> Gdy to zdanie przeczyta\u0142em, to zada\u0142em sobie konkretne pytanie, z czym w\u0142a\u015bnie <\/span><\/span><\/span><span style=\"color: #000000;\"><span style=\"font-family: Book Antiqua, serif;\"><span style=\"font-size: large;\">j<\/span><\/span><\/span><span style=\"color: #000000;\"><span style=\"font-family: Book Antiqua, serif;\"><span style=\"font-size: large;\">a &#8211; Jan \u2013 stan\u0119 przed Bogiem? I zach\u0119cam ka\u017cdego, by\u015bcie zadali w\u0142a\u015bnie to pytanie <\/span><\/span><\/span><span style=\"color: #000000;\"><span style=\"font-family: Book Antiqua, serif;\"><span style=\"font-size: large;\">tak\u017ce <\/span><\/span><\/span><span style=\"color: #000000;\"><span style=\"font-family: Book Antiqua, serif;\"><span style=\"font-size: large;\">sobie: Z <\/span><\/span><\/span><span style=\"color: #000000;\"><span style=\"font-family: Book Antiqua, serif;\"><span style=\"font-size: large;\">c<\/span><\/span><\/span><span style=\"color: #000000;\"><span style=\"font-family: Book Antiqua, serif;\"><span style=\"font-size: large;\">zym staniemy przed Bogiem? <\/span><\/span><\/span><\/p>\n<p align=\"justify\"><span style=\"font-family: Book Antiqua, serif;\"><span style=\"font-size: large;\"><span style=\"color: #000000;\">Ostatnio <\/span><span style=\"color: #000000;\">s\u0142ucha\u0142em<\/span><span style=\"color: #000000;\"> na facebooku <\/span><span style=\"color: #000000;\">fragmentu<\/span><span style=\"color: #000000;\"> kazania ks. Dominika Chmielewskiego, <\/span><span style=\"color: #000000;\">w kt\u00f3rym <\/span><span style=\"color: #000000;\">m\u00f3wi\u0142 <\/span><span style=\"color: #000000;\">on<\/span><span style=\"color: #000000;\">, \u017ce s\u0105d ostateczny ju\u017c trwa! To prawda. Trwa ju\u017c wiele lat. Bo my teraz na <\/span><span style=\"color: #000000;\">z<\/span><span style=\"color: #000000;\">iemi dokonujemy wybor\u00f3w, jakie B\u00f3g nam na s\u0105dzie prz<\/span><span style=\"color: #000000;\">ypomni i o kt\u00f3re nas zapyta<\/span><span style=\"color: #000000;\">. <\/span><span style=\"color: #000000;\">Dlatego warto ju\u017c teraz zastanowi\u0107 si\u0119, czy <\/span><span style=\"color: #000000;\">my dokonujemy wybor\u00f3w z mi\u0142o\u015bci do Pana i ludzi, czy przeciw Panu i ludziom? <\/span><\/span><\/span><\/p>\n<p align=\"justify\"><span style=\"color: #000000;\"><span style=\"font-family: Book Antiqua, serif;\"><span style=\"font-size: large;\">A najlepszym sposobem na <\/span><\/span><\/span><span style=\"color: #000000;\"><span style=\"font-family: Book Antiqua, serif;\"><span style=\"font-size: large;\">dokonywanie<\/span><\/span><\/span><span style=\"color: #000000;\"><span style=\"font-family: Book Antiqua, serif;\"><span style=\"font-size: large;\"> wybory z mi\u0142o\u015bci do Pana <\/span><\/span><\/span><span style=\"color: #000000;\"><span style=\"font-family: Book Antiqua, serif;\"><span style=\"font-size: large;\">jest <\/span><\/span><\/span><span style=\"color: #000000;\"><span style=\"font-family: Book Antiqua, serif;\"><span style=\"font-size: large;\">odnalezienie w\u0142a\u015bciwej<\/span><\/span><\/span><span style=\"color: #000000;\"><span style=\"font-family: Book Antiqua, serif;\"><span style=\"font-size: large;\"> odpowiedzi na pytanie, <\/span><\/span><\/span><span style=\"color: #000000;\"><span style=\"font-family: Book Antiqua, serif;\"><span style=\"font-size: large;\">jakie rodzi si\u0119 w sercu po tych z<\/span><\/span><\/span><span style=\"color: #000000;\"><span style=\"font-family: Book Antiqua, serif;\"><span style=\"font-size: large;\"> dzisiejsz<\/span><\/span><\/span><span style=\"color: #000000;\"><span style=\"font-family: Book Antiqua, serif;\"><span style=\"font-size: large;\">ego<\/span><\/span><\/span><span style=\"color: #000000;\"><span style=\"font-family: Book Antiqua, serif;\"><span style=\"font-size: large;\"> czytani<\/span><\/span><\/span><span style=\"color: #000000;\"><span style=\"font-family: Book Antiqua, serif;\"><span style=\"font-size: large;\">a<\/span><\/span><\/span><span style=\"color: #000000;\"><span style=\"font-family: Book Antiqua, serif;\"><span style=\"font-size: large;\">:<\/span><\/span><\/span> <span style=\"color: #000000;\"><span style=\"font-family: Book Antiqua, serif;\"><span style=\"font-size: large;\"><i><b>S\u0142uchajcie, tego, co Pan powiedzia\u0142 \u2013<\/b><\/i><\/span><\/span><\/span> <span style=\"color: #000000;\"><span style=\"font-family: Book Antiqua, serif;\"><span style=\"font-size: large;\">i<\/span><\/span><\/span><i><b> <\/b><\/i><span style=\"color: #000000;\"><span style=\"font-family: Book Antiqua, serif;\"><span style=\"font-size: large;\">w\u0142a\u015bnie:<\/span><\/span><\/span> <span style=\"color: #000000;\"><span style=\"font-family: Book Antiqua, serif;\"><span style=\"font-size: large;\">Czy my s\u0142uchamy tego, co <\/span><\/span><\/span><span style=\"color: #000000;\"><span style=\"font-family: Book Antiqua, serif;\"><span style=\"font-size: large;\">P<\/span><\/span><\/span><span style=\"color: #000000;\"><span style=\"font-family: Book Antiqua, serif;\"><span style=\"font-size: large;\">an m\u00f3wi? Albo czy staramy si\u0119 us\u0142ysze\u0107 g\u0142os Pana? <\/span><\/span><\/span><\/p>\n<p align=\"justify\"><span style=\"font-family: Book Antiqua, serif;\"><span style=\"font-size: large;\"><span style=\"color: #000000;\">Nieraz w \u017cyciu naszym prosimy na modlitwie Pana, <\/span><span style=\"color: #000000;\">aby nam podpowiedzia\u0142,<\/span><span style=\"color: #000000;\"> co mamy robi\u0107 <\/span><span style=\"color: #000000;\">w takiej, czy innej sytuacji:<\/span><span style=\"color: #000000;\"> \u201ePanie m\u00f3w <\/span><span style=\"color: #000000;\">do mnie<\/span><span style=\"color: #000000;\">! <\/span><span style=\"color: #000000;\">Podpowiedz\u2026\u201d.<\/span><span style=\"color: #000000;\"> I Pan m\u00f3wi! Lecz czy my go s\u0142yszymy? On mo\u017ce m\u00f3wi\u0107 przez wiele wydarze\u0144. Mo\u017ce m\u00f3wi\u0107 przez ludzi, a nawet przez nasze my\u015bli! Lecz my nieraz szukamy innej odpowiedzi. My szukamy Jego g\u0142osu <\/span><span style=\"color: #000000;\">i uwa\u017camy, \u017ce nic nie s\u0142yszymy, podczas gdy On<\/span><span style=\"color: #000000;\"> mo\u017ce wr\u0119cz wo\u0142a\u0107 do nas! <\/span><\/span><\/span><\/p>\n<p align=\"justify\"><span style=\"color: #000000;\"><span style=\"font-family: Book Antiqua, serif;\"><span style=\"font-size: medium;\"><span style=\"font-size: large;\">Niekiedy te\u017c mo\u017ce m\u00f3wimy do Pana:<\/span><span style=\"font-size: large;\"> \u201e<\/span><span style=\"font-size: large;\">D<\/span><span style=\"font-size: large;\">aj <\/span><span style=\"font-size: large;\">mi jaki\u015b <\/span><span style=\"font-size: large;\">znak, abym wiedzia\u0142, \u017ce to, co robi\u0119, pochodzi od Ciebie\u201d\u2026 Tak, jak w Ewangelii dzi\u015b s\u0142yszymy:<\/span> <span style=\"font-size: large;\"><i><b>Niekt\u00f3rzy z uczonych w Pi\u015bmie i faryzeusz\u00f3w rzekli do Jezusa: Nauczycielu, chcieliby\u015bmy jaki\u015b znak widzie\u0107 od Ciebie.<\/b><\/i><\/span><span style=\"font-size: large;\"> On <\/span><span style=\"font-size: large;\">daje <\/span><span style=\"font-size: large;\">nam znaki ka\u017cdego dnia. Naprawd\u0119 \u2013 ka\u017cdego dnia! W ko\u0144cu On jest Panem \u017cycia i \u015bmierci. <\/span><span style=\"font-size: large;\">Dlatego j<\/span><span style=\"font-size: large;\">eden <\/span><span style=\"font-size: large;\">rano <\/span><span style=\"font-size: large;\">si\u0119 obudzi, a drugiego Pan <\/span><span style=\"font-size: large;\">w nocy<\/span><span style=\"font-size: large;\"> wezwie do siebie. I to jeden z wielu znak\u00f3w. <\/span><span style=\"font-size: large;\">I jest ich wiele \u2013 takich codziennych, zwyczajnych\u2026<\/span><\/span><\/span><\/span><\/p>\n<p align=\"justify\"><span style=\"color: #000000;\"><span style=\"font-family: Book Antiqua, serif;\"><span style=\"font-size: medium;\"><span style=\"font-size: large;\">A<\/span><span style=\"font-size: large;\"> najwi\u0119kszym to jest Msza \u015awi\u0119ta! <\/span><span style=\"font-size: large;\">Pierwsz\u0105 odprawi\u0142<\/span><span style=\"font-size: large;\"> Jezus, <\/span><span style=\"font-size: large;\">po Nim odprawiali j\u0105<\/span><span style=\"font-size: large;\"> Aposto\u0142owie, <\/span><span style=\"font-size: large;\">a teraz m<\/span><span style=\"font-size: large;\">y \u2013 po tylu latach \u2013 nadal mo\u017cemy <\/span><span style=\"font-size: large;\">w tym uczestniczy\u0107 i prze\u017cywa\u0107 to<\/span><span style=\"font-size: large;\">, co Jezus zapocz\u0105tkowa\u0142! I to jest wielki znak! Mimo, i\u017c ponad <\/span><span style=\"font-size: large;\">dwa<\/span><span style=\"font-size: large;\"> tysi\u0105ce lat min\u0119\u0142o \u2013 <\/span><span style=\"font-size: large;\">chrze\u015bcija\u0144stwo nie min\u0119\u0142o! I Ko\u015bci\u00f3\u0142 nie przemin\u0105\u0142! I <\/span><span style=\"font-size: large;\">nasza wiara nie zgin\u0119\u0142a! Nasza wiara nie zosta\u0142a przerwana. Msza \u015awi\u0119ta by\u0142a, jest i b\u0119dzie. A w niej mo\u017cemy przyj\u0105\u0107 Jego \u2013 <\/span><span style=\"font-size: large;\">s<\/span><span style=\"font-size: large;\">amego Jezusa! I to kolejny cud! Kolejny znak! <\/span><\/span><\/span><\/span><\/p>\n<p align=\"justify\"><span style=\"color: #000000;\"><span style=\"font-family: Book Antiqua, serif;\"><span style=\"font-size: medium;\"><span style=\"font-size: large;\">Lecz czy my w to wierzymy? Wiara mo\u017ce naprawd\u0119 wszystko! Dos\u0142ownie WSZYSTKO! I je\u017celi wierzymy \u2013 wszystko w Nim mo\u017cemy! Je\u017celi On nam da <\/span><span style=\"font-size: large;\">w jakiej\u015b sprawie <\/span><span style=\"font-size: large;\">zielone \u015bwiat\u0142o, <\/span><span style=\"font-size: large;\">to<\/span><span style=\"font-size: large;\"> tak si\u0119 stanie. Bo Jezus nie chce dla nas \u017ale \u2013 On chce dla nas <\/span><span style=\"font-size: large;\">tylko <\/span><span style=\"font-size: large;\">dobra! <\/span><\/span><\/span><\/span><\/p>\n<p align=\"justify\"><span style=\"color: #000000;\"><span style=\"font-family: Book Antiqua, serif;\"><span style=\"font-size: medium;\"><span style=\"font-size: large;\">Wi\u0119c id\u017amy za tym dobrem! Nie za naszym \u201ewidzimisi\u0119\u201d, lecz za nim, bo ON JEST DROG\u0104, PRAWD\u0104<\/span><span style=\"font-size: large;\">\u00a0I \u017bYCIEM!<\/span><\/span><\/span><\/span><\/p>\n","protected":false},"excerpt":{"rendered":"<p>Szcz\u0119\u015b\u0107 Bo\u017ce! Moi Drodzy, w dniu dzisiejszym imieniny prze\u017cywa m\u00f3j Szwagier, Kamil Nied\u017awiedzki. Dzi\u0119kuj\u0105c za przyja\u017a\u0144, wsparcie i wielorak\u0105 pomoc, \u017cycz\u0119, aby ka\u017cdego dnia coraz bardziej spe\u0142nia\u0142 si\u0119 w roli M\u0119\u017ca, Ojca, Szwagra \u2013 i w ka\u017cdej roli, w jakiej Pan ju\u017c Go postawi\u0142, a jeszcze postawi w przysz\u0142o\u015bci. Niech daje Mu jak najwi\u0119cej dobrych [&hellip;]<\/p>\n","protected":false},"author":1,"featured_media":0,"comment_status":"open","ping_status":"open","sticky":false,"template":"","format":"standard","meta":{"jetpack_post_was_ever_published":false,"_jetpack_newsletter_access":"","_jetpack_dont_email_post_to_subs":false,"_jetpack_newsletter_tier_id":0,"_jetpack_memberships_contains_paywalled_content":false,"_jetpack_memberships_contains_paid_content":false,"footnotes":""},"categories":[1],"tags":[],"class_list":["post-20776","post","type-post","status-publish","format-standard","hentry","category-bez-kategorii"],"yoast_head":"<!-- This site is optimized with the Yoast SEO plugin v25.1 - https:\/\/yoast.com\/wordpress\/plugins\/seo\/ -->\n<title>Chcieliby\u015bmy widzie\u0107 znak od Ciebie! - Gaudium Et Spes<\/title>\n<meta name=\"robots\" content=\"index, follow, max-snippet:-1, max-image-preview:large, max-video-preview:-1\" \/>\n<link rel=\"canonical\" href=\"https:\/\/gaudiumetspes-blog.pl\/index.php\/2022\/07\/18\/chcielibysmy-widziec-znak-od-ciebie\/\" \/>\n<meta property=\"og:locale\" content=\"pl_PL\" \/>\n<meta property=\"og:type\" content=\"article\" \/>\n<meta property=\"og:title\" content=\"Chcieliby\u015bmy widzie\u0107 znak od Ciebie! - Gaudium Et Spes\" \/>\n<meta property=\"og:description\" content=\"Szcz\u0119\u015b\u0107 Bo\u017ce! Moi Drodzy, w dniu dzisiejszym imieniny prze\u017cywa m\u00f3j Szwagier, Kamil Nied\u017awiedzki. Dzi\u0119kuj\u0105c za przyja\u017a\u0144, wsparcie i wielorak\u0105 pomoc, \u017cycz\u0119, aby ka\u017cdego dnia coraz bardziej spe\u0142nia\u0142 si\u0119 w roli M\u0119\u017ca, Ojca, Szwagra \u2013 i w ka\u017cdej roli, w jakiej Pan ju\u017c Go postawi\u0142, a jeszcze postawi w przysz\u0142o\u015bci. Niech daje Mu jak najwi\u0119cej dobrych [&hellip;]\" \/>\n<meta property=\"og:url\" content=\"https:\/\/gaudiumetspes-blog.pl\/index.php\/2022\/07\/18\/chcielibysmy-widziec-znak-od-ciebie\/\" \/>\n<meta property=\"og:site_name\" content=\"Gaudium Et Spes\" \/>\n<meta property=\"article:published_time\" content=\"2022-07-18T04:51:17+00:00\" \/>\n<meta property=\"article:modified_time\" content=\"2022-07-18T19:14:32+00:00\" \/>\n<meta name=\"author\" content=\"Ks. Jacek\" \/>\n<meta name=\"twitter:card\" content=\"summary_large_image\" \/>\n<meta name=\"twitter:label1\" content=\"Napisane przez\" \/>\n\t<meta name=\"twitter:data1\" content=\"Ks. Jacek\" \/>\n\t<meta name=\"twitter:label2\" content=\"Szacowany czas czytania\" \/>\n\t<meta name=\"twitter:data2\" content=\"7 minut\" \/>\n<script type=\"application\/ld+json\" class=\"yoast-schema-graph\">{\"@context\":\"https:\/\/schema.org\",\"@graph\":[{\"@type\":\"WebPage\",\"@id\":\"https:\/\/gaudiumetspes-blog.pl\/index.php\/2022\/07\/18\/chcielibysmy-widziec-znak-od-ciebie\/\",\"url\":\"https:\/\/gaudiumetspes-blog.pl\/index.php\/2022\/07\/18\/chcielibysmy-widziec-znak-od-ciebie\/\",\"name\":\"Chcieliby\u015bmy widzie\u0107 znak od Ciebie! - Gaudium Et Spes\",\"isPartOf\":{\"@id\":\"https:\/\/gaudiumetspes-blog.pl\/#website\"},\"datePublished\":\"2022-07-18T04:51:17+00:00\",\"dateModified\":\"2022-07-18T19:14:32+00:00\",\"author\":{\"@id\":\"https:\/\/gaudiumetspes-blog.pl\/#\/schema\/person\/1661982992b752dea8dff0d4ed845a65\"},\"breadcrumb\":{\"@id\":\"https:\/\/gaudiumetspes-blog.pl\/index.php\/2022\/07\/18\/chcielibysmy-widziec-znak-od-ciebie\/#breadcrumb\"},\"inLanguage\":\"pl-PL\",\"potentialAction\":[{\"@type\":\"ReadAction\",\"target\":[\"https:\/\/gaudiumetspes-blog.pl\/index.php\/2022\/07\/18\/chcielibysmy-widziec-znak-od-ciebie\/\"]}]},{\"@type\":\"BreadcrumbList\",\"@id\":\"https:\/\/gaudiumetspes-blog.pl\/index.php\/2022\/07\/18\/chcielibysmy-widziec-znak-od-ciebie\/#breadcrumb\",\"itemListElement\":[{\"@type\":\"ListItem\",\"position\":1,\"name\":\"Strona g\u0142\u00f3wna\",\"item\":\"https:\/\/gaudiumetspes-blog.pl\/\"},{\"@type\":\"ListItem\",\"position\":2,\"name\":\"Chcieliby\u015bmy widzie\u0107 znak od&nbsp;Ciebie!\"}]},{\"@type\":\"WebSite\",\"@id\":\"https:\/\/gaudiumetspes-blog.pl\/#website\",\"url\":\"https:\/\/gaudiumetspes-blog.pl\/\",\"name\":\"Gaudium Et Spes\",\"description\":\"Blog Ks. Jacka Ja\u015bkowskiego\",\"potentialAction\":[{\"@type\":\"SearchAction\",\"target\":{\"@type\":\"EntryPoint\",\"urlTemplate\":\"https:\/\/gaudiumetspes-blog.pl\/?s={search_term_string}\"},\"query-input\":{\"@type\":\"PropertyValueSpecification\",\"valueRequired\":true,\"valueName\":\"search_term_string\"}}],\"inLanguage\":\"pl-PL\"},{\"@type\":\"Person\",\"@id\":\"https:\/\/gaudiumetspes-blog.pl\/#\/schema\/person\/1661982992b752dea8dff0d4ed845a65\",\"name\":\"Ks. Jacek\",\"image\":{\"@type\":\"ImageObject\",\"inLanguage\":\"pl-PL\",\"@id\":\"https:\/\/gaudiumetspes-blog.pl\/#\/schema\/person\/image\/\",\"url\":\"https:\/\/gaudiumetspes-blog.pl\/wp-content\/uploads\/2019\/07\/avatar-JJ-150x150.jpg\",\"contentUrl\":\"https:\/\/gaudiumetspes-blog.pl\/wp-content\/uploads\/2019\/07\/avatar-JJ-150x150.jpg\",\"caption\":\"Ks. Jacek\"},\"description\":\"Witam serdecznie! K\u0142ania si\u0119 Ks. Jacek Ja\u015bkowski. Nie jestem ani kim\u015b wa\u017cnym, ani kim\u015b znanym. Jestem ksi\u0119dzem, kt\u00f3ry po prostu chce rozmawia\u0107. Codzienna kap\u0142a\u0144ska pos\u0142uga pokazuje mi, \u017ce temat\u00f3w do rozm\u00f3w z ksi\u0119dzem jest coraz wi\u0119cej i dzisiaj \u017caden ksi\u0105dz nie mo\u017ce od nich ucieka\u0107, ale - wprost przeciwnie - podejmowa\u0107 nowe wyzwania. To przekonanie sk\u0142oni\u0142o mnie do pr\u00f3by otwarcia tego\u017c bloga, chocia\u017c okazji do rozm\u00f3w na co dzie\u0144 - w konfesjonale i poza nim - na szcz\u0119\u015bcie nie brakuje. My\u015bl\u0119 jednak, \u017ce ten blog b\u0119dzie jeszcze jednym sposobem i przestrzeni\u0105 nawi\u0105zania kontaktu z lud\u017ami dobrej woli, otwartymi na dialog.\",\"url\":\"https:\/\/gaudiumetspes-blog.pl\/index.php\/author\/ks-jacek\/\"}]}<\/script>\n<!-- \/ Yoast SEO plugin. -->","yoast_head_json":{"title":"Chcieliby\u015bmy widzie\u0107 znak od Ciebie! - Gaudium Et Spes","robots":{"index":"index","follow":"follow","max-snippet":"max-snippet:-1","max-image-preview":"max-image-preview:large","max-video-preview":"max-video-preview:-1"},"canonical":"https:\/\/gaudiumetspes-blog.pl\/index.php\/2022\/07\/18\/chcielibysmy-widziec-znak-od-ciebie\/","og_locale":"pl_PL","og_type":"article","og_title":"Chcieliby\u015bmy widzie\u0107 znak od Ciebie! - Gaudium Et Spes","og_description":"Szcz\u0119\u015b\u0107 Bo\u017ce! Moi Drodzy, w dniu dzisiejszym imieniny prze\u017cywa m\u00f3j Szwagier, Kamil Nied\u017awiedzki. Dzi\u0119kuj\u0105c za przyja\u017a\u0144, wsparcie i wielorak\u0105 pomoc, \u017cycz\u0119, aby ka\u017cdego dnia coraz bardziej spe\u0142nia\u0142 si\u0119 w roli M\u0119\u017ca, Ojca, Szwagra \u2013 i w ka\u017cdej roli, w jakiej Pan ju\u017c Go postawi\u0142, a jeszcze postawi w przysz\u0142o\u015bci. Niech daje Mu jak najwi\u0119cej dobrych [&hellip;]","og_url":"https:\/\/gaudiumetspes-blog.pl\/index.php\/2022\/07\/18\/chcielibysmy-widziec-znak-od-ciebie\/","og_site_name":"Gaudium Et Spes","article_published_time":"2022-07-18T04:51:17+00:00","article_modified_time":"2022-07-18T19:14:32+00:00","author":"Ks. Jacek","twitter_card":"summary_large_image","twitter_misc":{"Napisane przez":"Ks. Jacek","Szacowany czas czytania":"7 minut"},"schema":{"@context":"https:\/\/schema.org","@graph":[{"@type":"WebPage","@id":"https:\/\/gaudiumetspes-blog.pl\/index.php\/2022\/07\/18\/chcielibysmy-widziec-znak-od-ciebie\/","url":"https:\/\/gaudiumetspes-blog.pl\/index.php\/2022\/07\/18\/chcielibysmy-widziec-znak-od-ciebie\/","name":"Chcieliby\u015bmy widzie\u0107 znak od Ciebie! - Gaudium Et Spes","isPartOf":{"@id":"https:\/\/gaudiumetspes-blog.pl\/#website"},"datePublished":"2022-07-18T04:51:17+00:00","dateModified":"2022-07-18T19:14:32+00:00","author":{"@id":"https:\/\/gaudiumetspes-blog.pl\/#\/schema\/person\/1661982992b752dea8dff0d4ed845a65"},"breadcrumb":{"@id":"https:\/\/gaudiumetspes-blog.pl\/index.php\/2022\/07\/18\/chcielibysmy-widziec-znak-od-ciebie\/#breadcrumb"},"inLanguage":"pl-PL","potentialAction":[{"@type":"ReadAction","target":["https:\/\/gaudiumetspes-blog.pl\/index.php\/2022\/07\/18\/chcielibysmy-widziec-znak-od-ciebie\/"]}]},{"@type":"BreadcrumbList","@id":"https:\/\/gaudiumetspes-blog.pl\/index.php\/2022\/07\/18\/chcielibysmy-widziec-znak-od-ciebie\/#breadcrumb","itemListElement":[{"@type":"ListItem","position":1,"name":"Strona g\u0142\u00f3wna","item":"https:\/\/gaudiumetspes-blog.pl\/"},{"@type":"ListItem","position":2,"name":"Chcieliby\u015bmy widzie\u0107 znak od&nbsp;Ciebie!"}]},{"@type":"WebSite","@id":"https:\/\/gaudiumetspes-blog.pl\/#website","url":"https:\/\/gaudiumetspes-blog.pl\/","name":"Gaudium Et Spes","description":"Blog Ks. Jacka Ja\u015bkowskiego","potentialAction":[{"@type":"SearchAction","target":{"@type":"EntryPoint","urlTemplate":"https:\/\/gaudiumetspes-blog.pl\/?s={search_term_string}"},"query-input":{"@type":"PropertyValueSpecification","valueRequired":true,"valueName":"search_term_string"}}],"inLanguage":"pl-PL"},{"@type":"Person","@id":"https:\/\/gaudiumetspes-blog.pl\/#\/schema\/person\/1661982992b752dea8dff0d4ed845a65","name":"Ks. Jacek","image":{"@type":"ImageObject","inLanguage":"pl-PL","@id":"https:\/\/gaudiumetspes-blog.pl\/#\/schema\/person\/image\/","url":"https:\/\/gaudiumetspes-blog.pl\/wp-content\/uploads\/2019\/07\/avatar-JJ-150x150.jpg","contentUrl":"https:\/\/gaudiumetspes-blog.pl\/wp-content\/uploads\/2019\/07\/avatar-JJ-150x150.jpg","caption":"Ks. Jacek"},"description":"Witam serdecznie! K\u0142ania si\u0119 Ks. Jacek Ja\u015bkowski. Nie jestem ani kim\u015b wa\u017cnym, ani kim\u015b znanym. Jestem ksi\u0119dzem, kt\u00f3ry po prostu chce rozmawia\u0107. Codzienna kap\u0142a\u0144ska pos\u0142uga pokazuje mi, \u017ce temat\u00f3w do rozm\u00f3w z ksi\u0119dzem jest coraz wi\u0119cej i dzisiaj \u017caden ksi\u0105dz nie mo\u017ce od nich ucieka\u0107, ale - wprost przeciwnie - podejmowa\u0107 nowe wyzwania. To przekonanie sk\u0142oni\u0142o mnie do pr\u00f3by otwarcia tego\u017c bloga, chocia\u017c okazji do rozm\u00f3w na co dzie\u0144 - w konfesjonale i poza nim - na szcz\u0119\u015bcie nie brakuje. My\u015bl\u0119 jednak, \u017ce ten blog b\u0119dzie jeszcze jednym sposobem i przestrzeni\u0105 nawi\u0105zania kontaktu z lud\u017ami dobrej woli, otwartymi na dialog.","url":"https:\/\/gaudiumetspes-blog.pl\/index.php\/author\/ks-jacek\/"}]}},"jetpack_featured_media_url":"","jetpack_sharing_enabled":true,"_links":{"self":[{"href":"https:\/\/gaudiumetspes-blog.pl\/index.php\/wp-json\/wp\/v2\/posts\/20776","targetHints":{"allow":["GET"]}}],"collection":[{"href":"https:\/\/gaudiumetspes-blog.pl\/index.php\/wp-json\/wp\/v2\/posts"}],"about":[{"href":"https:\/\/gaudiumetspes-blog.pl\/index.php\/wp-json\/wp\/v2\/types\/post"}],"author":[{"embeddable":true,"href":"https:\/\/gaudiumetspes-blog.pl\/index.php\/wp-json\/wp\/v2\/users\/1"}],"replies":[{"embeddable":true,"href":"https:\/\/gaudiumetspes-blog.pl\/index.php\/wp-json\/wp\/v2\/comments?post=20776"}],"version-history":[{"count":3,"href":"https:\/\/gaudiumetspes-blog.pl\/index.php\/wp-json\/wp\/v2\/posts\/20776\/revisions"}],"predecessor-version":[{"id":20779,"href":"https:\/\/gaudiumetspes-blog.pl\/index.php\/wp-json\/wp\/v2\/posts\/20776\/revisions\/20779"}],"wp:attachment":[{"href":"https:\/\/gaudiumetspes-blog.pl\/index.php\/wp-json\/wp\/v2\/media?parent=20776"}],"wp:term":[{"taxonomy":"category","embeddable":true,"href":"https:\/\/gaudiumetspes-blog.pl\/index.php\/wp-json\/wp\/v2\/categories?post=20776"},{"taxonomy":"post_tag","embeddable":true,"href":"https:\/\/gaudiumetspes-blog.pl\/index.php\/wp-json\/wp\/v2\/tags?post=20776"}],"curies":[{"name":"wp","href":"https:\/\/api.w.org\/{rel}","templated":true}]}}