{"id":20799,"date":"2022-07-25T09:46:15","date_gmt":"2022-07-25T07:46:15","guid":{"rendered":"https:\/\/gaudiumetspes-blog.pl\/?p=20799"},"modified":"2022-07-25T09:46:15","modified_gmt":"2022-07-25T07:46:15","slug":"lecz-nie-poddajemy-sie-zwatpieniu","status":"publish","type":"post","link":"https:\/\/gaudiumetspes-blog.pl\/index.php\/2022\/07\/25\/lecz-nie-poddajemy-sie-zwatpieniu\/","title":{"rendered":"Lecz nie poddajemy si\u0119 zw\u0105tpieniu&#8230;"},"content":{"rendered":"<p align=\"justify\"><span style=\"color: #000000;\"><span style=\"font-family: Book antiqua, serif;\"><span style=\"font-size: large;\">Szcz\u0119\u015b\u0107 Bo\u017ce! Moi Drodzy, <b>w dniu dzisiejszym imieniny obchodz\u0105:<\/b><\/span><\/span><\/span><\/p>\n<p align=\"justify\"><span style=\"color: #000000;\">\u25ba<span style=\"font-family: Book antiqua, serif;\"><span style=\"font-size: large;\"><b>Krzysztof Fabisiak, Moderator naszego bloga;<\/b><\/span><\/span><\/span><\/p>\n<p align=\"justify\"><span style=\"color: #000000;\">\u25ba<span style=\"font-family: Book antiqua, serif;\"><span style=\"font-size: large;\"><b>Ksi\u0105dz Krzysztof Garwoli\u0144ski, m\u00f3j Kolega kursowy;<\/b><\/span><\/span><\/span><\/p>\n<p align=\"justify\"><span style=\"color: #000000;\">\u25ba<span style=\"font-family: Book antiqua, serif;\"><span style=\"font-size: large;\"><b>Ksi\u0105dz Profesor Krzysztof Burczak, Profesor \u201ebelwederski\u201d, pracuj\u0105cy na KUL a m\u00f3j Kaznodzieja prymicyjny;<\/b><\/span><\/span><\/span><\/p>\n<p align=\"justify\"><span style=\"color: #000000;\">\u25ba<span style=\"font-family: Book antiqua, serif;\"><span style=\"font-size: large;\"><b>Kap\u0142ani spotkani w r\u00f3\u017cnym czasie i miejscu:<\/b><\/span><\/span><\/span><\/p>\n<p align=\"justify\"><span style=\"color: #000000;\"><span style=\"font-family: Book antiqua, serif;\"><span style=\"font-size: large;\"><b> * Ksi\u0105dz Krzysztof Banasiuk, <\/b><\/span><\/span><\/span><\/p>\n<p align=\"justify\"><span style=\"color: #000000;\"><span style=\"font-family: Book antiqua, serif;\"><span style=\"font-size: large;\"><b> * Ksi\u0105dz Krzysztof Doma\u0144ski,<\/b><\/span><\/span><\/span><\/p>\n<p align=\"justify\"><span style=\"color: #000000;\"><span style=\"font-family: Book antiqua, serif;\"><span style=\"font-size: large;\"><b> * Ksi\u0105dz Krzysztof Chaci\u0144ski,<\/b><\/span><\/span><\/span><\/p>\n<p align=\"justify\"><span style=\"color: #000000;\"><span style=\"font-family: Book antiqua, serif;\"><span style=\"font-size: large;\"><b> * Ksi\u0105dz Krzysztof Hapon<\/b><\/span><\/span><\/span><\/p>\n<p align=\"justify\"><span style=\"color: #000000;\"><span style=\"font-family: Book antiqua, serif;\"><span style=\"font-size: large;\"><b> * Ksi\u0105dz Krzysztof Pe\u0142ka,<\/b><\/span><\/span><\/span><\/p>\n<p align=\"justify\"><span style=\"color: #000000;\"><span style=\"font-family: Book antiqua, serif;\"><span style=\"font-size: large;\"><b> * Ksi\u0105dz Krzysztof Pi\u00f3rkowski,<\/b><\/span><\/span><\/span><\/p>\n<p align=\"justify\"><span style=\"color: #000000;\"><span style=\"font-family: Book antiqua, serif;\"><span style=\"font-size: large;\"><b> * Ksi\u0105dz Jakub Wyroz\u0119bski,<\/b><\/span><\/span><\/span><\/p>\n<p align=\"justify\"><span style=\"color: #000000;\"><span style=\"font-family: Book antiqua, serif;\"><span style=\"font-size: large;\"><b> *Ksi\u0105dz Jakub Kozak,<\/b><\/span><\/span><\/span><\/p>\n<p align=\"justify\"><span style=\"color: #000000;\">\u25ba<span style=\"font-family: Book antiqua, serif;\"><span style=\"font-size: large;\"><b>Oblaci pos\u0142uguj\u0105cy obecnie, lub w przesz\u0142o\u015bci, w Kodniu:<\/b><\/span><\/span><\/span><\/p>\n<p align=\"justify\"><span style=\"color: #000000;\"><span style=\"font-family: Book antiqua, serif;\"><span style=\"font-size: large;\"><b> * Ojciec Krzysztof Borodziej \u2013 obecny Superior, czyli Prze\u0142o\u017cony tamtejszej Wsp\u00f3lnoty zakonnej,<\/b><\/span><\/span><\/span><\/p>\n<p align=\"justify\"><span style=\"color: #000000;\"><span style=\"font-family: Book antiqua, serif;\"><span style=\"font-size: large;\"><b> * Ojciec Krzysztof Tarwacki,<\/b><\/span><\/span><\/span><\/p>\n<p align=\"justify\"><span style=\"color: #000000;\"><span style=\"font-family: Book antiqua, serif;\"><span style=\"font-size: large;\"><b> * Ojciec Krzysztof Wrzos \u2013 do niedawna Wikariusz tamtejszej Parafii;<\/b><\/span><\/span><\/span><\/p>\n<p align=\"justify\"><span style=\"color: #000000;\">\u25ba<span style=\"font-family: Book antiqua, serif;\"><span style=\"font-size: large;\"><b>Krzysztof Ja\u015bkowski, m\u00f3j Brat stryjeczny;<\/b><\/span><\/span><\/span><\/p>\n<p align=\"justify\"><span style=\"color: #000000;\">\u25ba<span style=\"font-family: Book antiqua, serif;\"><span style=\"font-size: large;\"><b>Znajomi z r\u00f3\u017cnych czas\u00f3w i miejsc:<\/b><\/span><\/span><\/span><\/p>\n<p align=\"justify\"><span style=\"color: #000000;\"><span style=\"font-family: Book antiqua, serif;\"><span style=\"font-size: large;\"><b> * Krzysztof Ba\u0144kowski, <\/b><\/span><\/span><\/span><\/p>\n<p align=\"justify\"><span style=\"color: #000000;\"><span style=\"font-family: Book antiqua, serif;\"><span style=\"font-size: large;\"><b> * Krzysztof Borowicz,<\/b><\/span><\/span><\/span><\/p>\n<p align=\"justify\"><span style=\"color: #000000;\"><span style=\"font-family: Book antiqua, serif;\"><span style=\"font-size: large;\"><b> * Krzysztof Ga\u0142\u0105zka,<\/b><\/span><\/span><\/span><\/p>\n<p align=\"justify\"><span style=\"color: #000000;\"><span style=\"font-family: Book antiqua, serif;\"><span style=\"font-size: large;\"><b> * Krzysztof Kula, <\/b><\/span><\/span><\/span><\/p>\n<p align=\"justify\"><span style=\"color: #000000;\"><span style=\"font-family: Book antiqua, serif;\"><span style=\"font-size: large;\"><b> * Krzysztof Jedynak,<\/b><\/span><\/span><\/span><\/p>\n<p align=\"justify\"><span style=\"color: #000000;\"><span style=\"font-family: Book antiqua, serif;\"><span style=\"font-size: large;\"><b> * Krzysztof Skorupka \u2013 Realizator naszych audycji, w ramach cyklu DROGAMI M\u0141ODO\u015aCI, w Katolickim Radiu Podlasie,<\/b><\/span><\/span><\/span><\/p>\n<p align=\"justify\"><span style=\"color: #000000;\"><span style=\"font-family: Book antiqua, serif;\"><span style=\"font-size: large;\"><b> * Krzysztof \u0141ubkowski \u2013 jak wy\u017cej.<\/b><\/span><\/span><\/span><\/p>\n<p align=\"justify\"><span style=\"color: #000000;\"><span style=\"font-family: Book antiqua, serif;\"><span style=\"font-size: large;\"><b>Lektorzy z Celestynowa \u2013 za czas\u00f3w mojego wikariatu:<\/b><\/span><\/span><\/span><\/p>\n<p align=\"justify\"><span style=\"color: #000000;\"><span style=\"font-family: Book antiqua, serif;\"><span style=\"font-size: large;\"><b> * Krzysztof Jaworski, <\/b><\/span><\/span><\/span><\/p>\n<p align=\"justify\"><span style=\"color: #000000;\"><span style=\"font-family: Book antiqua, serif;\"><span style=\"font-size: large;\"><b> * Krzysztof Kalbarczyk, <\/b><\/span><\/span><\/span><\/p>\n<p align=\"justify\"><span style=\"color: #000000;\"><span style=\"font-family: Book antiqua, serif;\"><span style=\"font-size: large;\"><b> * Krzysztof Ros\u0142aniec;<\/b><\/span><\/span><\/span><\/p>\n<p align=\"justify\"><span style=\"color: #000000;\">\u25ba<span style=\"font-family: Book antiqua, serif;\"><span style=\"font-size: large;\"><b>dawni Lektorzy z Parafii w Radory\u017cu Ko\u015bcielnym.<\/b><\/span><\/span><\/span><\/p>\n<p align=\"justify\"><span style=\"color: #000000;\"><span style=\"font-family: Book antiqua, serif;\"><span style=\"font-size: large;\"><b> * Krzysztof Sopy\u0142a, <\/b><\/span><\/span><\/span><\/p>\n<p align=\"justify\"><span style=\"color: #000000;\"><span style=\"font-family: Book antiqua, serif;\"><span style=\"font-size: large;\"><b> * Krzysztof Kryczka.<\/b><\/span><\/span><\/span><\/p>\n<p align=\"justify\"><span style=\"color: #000000;\">\u25ba<span style=\"font-family: Book antiqua, serif;\"><span style=\"font-size: large;\"><b><span style=\"font-family: Book Antiqua, serif;\">Jakub Pa\u0142ysa, za moich czas\u00f3w \u2013 Prezes S\u0142u\u017cby liturgicznej w Miastkowie, a obecnie: Lektor w tej\u017ce Parafii, <\/span><span style=\"font-family: Book Antiqua, serif;\">Uczestnik<\/span> <span style=\"font-family: Book Antiqua, serif;\">wspomnianych wy\u017ce<\/span><span style=\"font-family: Book Antiqua, serif;\">j<\/span> <span style=\"font-family: Book Antiqua, serif;\">audycj<\/span><span style=\"font-family: Book Antiqua, serif;\">i<\/span><span style=\"font-family: Book Antiqua, serif;\">, <\/span><span style=\"font-family: Book Antiqua, serif;\">w ramach cyklu DROGAMI M\u0141ODO\u015aCI.<\/span><\/b><\/span><\/span><\/span><\/p>\n<p align=\"justify\"><span style=\"color: #000000;\"><span style=\"font-family: Book antiqua, serif;\"><span style=\"font-size: large;\"><b>Wszystkim \u015bwi\u0119tuj\u0105cym \u017cycz\u0119, aby \u2013 jak \u015awi\u0119ty Krzysztof \u2013 nie\u015bli innym Boga. Nie tyle na ramieniu, co w sercu. Zapewniam o modlitwie!<\/b><\/span><\/span><\/span><\/p>\n<p align=\"justify\"><span style=\"color: #000000;\"><span style=\"font-family: Book antiqua, serif;\"><span style=\"font-size: large;\"><b>Nie spos\u00f3b dzisiaj nie wspomnie\u0107 jeszcze jednego Solenizanta, kt\u00f3ry swoje imieniny prze\u017cywa ju\u017c w Domu Ojca. To zmar\u0142y zupe\u0142nie niespodziewanie \u2013 w czasie g\u0142oszenia Bo\u017cego s\u0142owa \u2013 Ksi\u0105dz Krzysztof Skwierczy\u0144ski, Ojciec Duchowny naszego Seminarium, odpowiedzialny za formacj\u0119 Kap\u0142an\u00f3w naszej Diecezji, a niegdy\u015b tak\u017ce Duszpasterz akademicki w Siedlcach. Niech Pan nape\u0142ni Go rado\u015bci\u0105 swojej obecno\u015bci.<\/b><\/span><\/span><\/span><\/p>\n<p align=\"justify\"><span style=\"color: #000000;\"><span style=\"font-family: Book antiqua, serif;\"><span style=\"font-size: large;\">Dzisiaj w spos\u00f3b szczeg\u00f3lny otaczamy modlitw\u0105 wszystkich Kierowc\u00f3w, b\u0142ogos\u0142awi\u0105c w czasie nabo\u017ce\u0144stw \u2013 to ju\u017c w\u0142a\u015bciwie od wczoraj \u2013 Ich samych i ich pojazdy. Niech Pan b\u0142ogos\u0142awi wszystkim Kierowcom, obdarzaj\u0105c ich wszelkimi dobrymi darami i natchnieniami, a szczeg\u00f3lnie \u2013 trze\u017awym my\u015bleniem i zdrowym rozs\u0105dkiem!<\/span><\/span><\/span><\/p>\n<p align=\"justify\"><span style=\"color: #000000;\"><span style=\"font-family: Book antiqua, serif;\"><span style=\"font-size: large;\">A oto s\u0142\u00f3wko Ksi\u0119dza Marka na dzi\u015b:<\/span><\/span><\/span><\/p>\n<p align=\"justify\"><span style=\"color: #000000;\"><span style=\"font-family: Book Antiqua, serif;\"><span style=\"font-size: medium;\"><a href=\"https:\/\/www.youtube.com\/c\/CatholicSurgut\"><span style=\"font-size: large;\"><b>https:\/\/www.youtube.com\/c\/CatholicSurgut<\/b><\/span><\/a><\/span><\/span><\/span><\/p>\n<p align=\"justify\"><span style=\"color: #000000;\"><span style=\"font-family: Book antiqua, serif;\"><span style=\"font-size: large;\">Poni\u017cej natomiast \u2013 s\u0142\u00f3wko Janka na dzi\u015b! Serdecznie dzi\u0119kuj\u0119 za jego przygotowanie \u2013 i za ogromn\u0105 \u017cyczliwo\u015b\u0107, jakiej z Jego strony stale do\u015bwiadczam.<\/span><\/span><\/span><\/p>\n<p align=\"justify\"><span style=\"color: #000000;\"><span style=\"font-family: Book antiqua, serif;\"><span style=\"font-size: large;\"><b>N<\/b><b>iech Was b\u0142ogos\u0142awi B\u00f3g Wszechmog\u0105cy: Ojciec + i Syn, i Duch \u015awi\u0119ty. Amen<\/b><\/span><\/span><\/span><\/p>\n<p align=\"center\"><span style=\"color: #000000;\"><span style=\"font-family: Book antiqua, serif;\"><span style=\"font-size: large;\">Gaudium et spes! Ks. Jacek<\/span><\/span><\/span><\/p>\n<p align=\"center\">\n<p align=\"center\">\n<p align=\"center\">\n<p align=\"center\">\n<p align=\"center\">\n<p align=\"justify\"><span style=\"color: #000000;\"><span style=\"font-family: Book antiqua, serif;\"><span style=\"font-size: large;\"><b>\u015awi\u0119to \u015aw. Jakuba, Aposto\u0142a,<\/b><\/span><\/span><\/span><\/p>\n<p align=\"justify\"><span style=\"color: #000000;\"><span style=\"font-family: Book antiqua, serif;\"><span style=\"font-size: large;\"><b>25 lipca 2022.,<\/b><\/span><\/span><\/span><\/p>\n<p align=\"justify\"><span style=\"color: #000000;\"><span style=\"font-family: Book antiqua, serif;\"><span style=\"font-size: large;\"><b>do czyta\u0144 z t. VI Lekcjonarza: 2 Kor 4,7\u201315; Mt 20,20\u201328<\/b><\/span><\/span><\/span><\/p>\n<p align=\"justify\">\n<p align=\"justify\">\n<p align=\"justify\">\n<p align=\"justify\">\n<p align=\"justify\">\n<p align=\"justify\"><span style=\"color: #000000;\"><span style=\"font-family: Book antiqua, serif;\"><span style=\"font-size: large;\"><b>CZYTANIE Z DRUGIEGO LISTU \u015aWI\u0118TEGO PAW\u0141A APOSTO\u0141A DO KORYNTIAN:<\/b><\/span><\/span><\/span><\/p>\n<p align=\"justify\"><span style=\"color: #000000;\"><span style=\"font-family: Book antiqua, serif;\"><span style=\"font-size: large;\"><b>Bracia: Przechowujemy skarb w naczyniach glinianych, aby z Boga by\u0142a owa przeogromna moc, a nie z nas. Zewsz\u0105d znosimy cierpienia, lecz nie poddajemy si\u0119 zw\u0105tpieniu; \u017cyjemy w niedostatku, lecz nie rozpaczamy; znosimy prze\u015bladowania, lecz nie czujemy si\u0119 osamotnieni, obalaj\u0105 nas na ziemi\u0119, lecz nie giniemy. Nosimy nieustannie w ciele naszym konanie Jezusa, aby \u017cycie Jezusa objawia\u0142o si\u0119 w naszym ciele. Ci\u0105gle bowiem jeste\u015bmy wydawani na \u015bmier\u0107 z powodu Jezusa, aby \u017cycie Jezusa objawi\u0142o si\u0119 w naszym \u015bmiertelnym ciele. Tak wi\u0119c dzia\u0142a w nas \u015bmier\u0107, podczas gdy w was \u2013 \u017cycie.<\/b><\/span><\/span><\/span><\/p>\n<p align=\"justify\"><span style=\"color: #000000;\"><span style=\"font-family: Book antiqua, serif;\"><span style=\"font-size: large;\"><b>Ciesz\u0119 si\u0119 przeto owym duchem wiary, wed\u0142ug kt\u00f3rego napisano: \u201eUwierzy\u0142em, dlatego przem\u00f3wi\u0142em\u201d; my tak\u017ce wierzymy i dlatego m\u00f3wimy, przekonani, \u017ce Ten, kt\u00f3ry wskrzesi\u0142 Jezusa, z Jezusem przywr\u00f3ci \u017cycie tak\u017ce nam i stawi nas przed sob\u0105 razem z wami. Wszystko to bowiem dla was, a\u017ceby w pe\u0142ni obfituj\u0105ca \u0142aska zwi\u0119kszy\u0142a chwa\u0142\u0119 Bo\u017c\u0105 przez dzi\u0119kczynienie wielu.<\/b><\/span><\/span><\/span><\/p>\n<p align=\"justify\">\n<p align=\"justify\">\n<p align=\"justify\">\n<p align=\"justify\">\n<p align=\"justify\">\n<p align=\"justify\"><span style=\"color: #000000;\"><span style=\"font-family: Book antiqua, serif;\"><span style=\"font-size: large;\"><b>S\u0141OWA EWANGELII WED\u0141UG \u015aWI\u0118TEGO MATEUSZA:<\/b><\/span><\/span><\/span><\/p>\n<p align=\"justify\"><span style=\"color: #000000;\"><span style=\"font-family: Book antiqua, serif;\"><span style=\"font-size: large;\"><b>Matka syn\u00f3w Zebedeusza podesz\u0142a do Jezusa ze swoimi synami i oddaj\u0105c Mu pok\u0142on, o co\u015b Go prosi\u0142a.<\/b><\/span><\/span><\/span><\/p>\n<p align=\"justify\"><span style=\"color: #000000;\"><span style=\"font-family: Book antiqua, serif;\"><span style=\"font-size: large;\"><b>On j\u0105 zapyta\u0142: \u201eCzego pragniesz?\u201d.<\/b><\/span><\/span><\/span><\/p>\n<p align=\"justify\"><span style=\"color: #000000;\"><span style=\"font-family: Book antiqua, serif;\"><span style=\"font-size: large;\"><b>Rzek\u0142a Mu: \u201ePowiedz, \u017ceby ci dwaj moi synowie zasiedli w Twoim kr\u00f3lestwie, jeden po prawej, a drugi po lewej Twej stronie\u201d.<\/b><\/span><\/span><\/span><\/p>\n<p align=\"justify\"><span style=\"color: #000000;\"><span style=\"font-family: Book antiqua, serif;\"><span style=\"font-size: large;\"><b>Odpowiadaj\u0105c, Jezus rzek\u0142: \u201eNie wiecie, o co prosicie. Czy mo\u017cecie pi\u0107 kielich, kt\u00f3ry Ja mam pi\u0107?\u201d.<\/b><\/span><\/span><\/span><\/p>\n<p align=\"justify\"><span style=\"color: #000000;\"><span style=\"font-family: Book antiqua, serif;\"><span style=\"font-size: large;\"><b>Odpowiedzieli Mu: \u201eMo\u017cemy\u201d.<\/b><\/span><\/span><\/span><\/p>\n<p align=\"justify\"><span style=\"color: #000000;\"><span style=\"font-family: Book antiqua, serif;\"><span style=\"font-size: large;\"><b>On rzek\u0142 do nich: \u201eKielich m\u00f3j pi\u0107 b\u0119dziecie. Nie do Mnie jednak nale\u017cy da\u0107 miejsce po mojej stronie prawej i lewej, ale dostanie si\u0119 ono tym, dla kt\u00f3rych m\u00f3j Ojciec je przygotowa\u0142\u201d.<\/b><\/span><\/span><\/span><\/p>\n<p align=\"justify\"><span style=\"color: #000000;\"><span style=\"font-family: Book antiqua, serif;\"><span style=\"font-size: large;\"><b>Gdy dziesi\u0119ciu pozosta\u0142ych to us\u0142ysza\u0142o, oburzyli si\u0119 na tych dw\u00f3ch braci.<\/b><\/span><\/span><\/span><\/p>\n<p align=\"justify\"><span style=\"color: #000000;\"><span style=\"font-family: Book antiqua, serif;\"><span style=\"font-size: large;\"><b>A Jezus przywo\u0142a\u0142 ich do siebie i rzek\u0142: \u201eWiecie, \u017ce w\u0142adcy narod\u00f3w uciskaj\u0105 je, a wielcy daj\u0105 im odczu\u0107 sw\u0105 w\u0142adz\u0119. Nie tak b\u0119dzie u was. Lecz kto by mi\u0119dzy wami chcia\u0142 si\u0119 sta\u0107 wielkim, niech b\u0119dzie waszym s\u0142ug\u0105. A kto by chcia\u0142 by\u0107 pierwszym mi\u0119dzy wami, niech b\u0119dzie niewolnikiem waszym. Na wz\u00f3r Syna Cz\u0142owieczego, kt\u00f3ry nie przyszed\u0142, aby Mu s\u0142u\u017cono, lecz aby s\u0142u\u017cy\u0107 i da\u0107 swoje \u017cycie na okup za wielu\u201d.<\/b><\/span><\/span><\/span><\/p>\n<p align=\"justify\">\n<p align=\"justify\">\n<p align=\"justify\">\n<p align=\"justify\">\n<p align=\"justify\">\n<p align=\"center\"><span style=\"color: #000000;\"><span style=\"font-family: Book antiqua, serif;\"><span style=\"font-size: large;\"><b>A OTO S\u0141\u00d3WKO JANKA:<\/b><\/span><\/span><\/span><\/p>\n<p align=\"center\">\n<p align=\"center\">\n<p align=\"center\">\n<p align=\"center\">\n<p align=\"center\">\n<p align=\"justify\"><span style=\"color: #000000;\"><span style=\"font-family: Book Antiqua, serif;\"><span style=\"font-size: large;\">W <\/span><\/span><\/span><span style=\"color: #000000;\"><span style=\"font-family: Book Antiqua, serif;\"><span style=\"font-size: large;\">S<\/span><\/span><\/span><span style=\"color: #000000;\"><span style=\"font-family: Book Antiqua, serif;\"><span style=\"font-size: large;\">\u0142owie, kt\u00f3re sam B\u00f3g do nas kieruje, mo\u017cemy dzi\u015b, w \u015bwi\u0119to \u015bw. Jakuba Aposto\u0142a, us\u0142ysze\u0107 w czytaniu bardzo pi\u0119kne zdanie:<\/span><\/span><\/span> <span style=\"color: #000000;\"><span style=\"font-family: Book Antiqua, serif;\"><span style=\"font-size: large;\"><i><b>M<\/b><\/i><\/span><\/span><\/span><span style=\"color: #000000;\"><span style=\"font-family: Book Antiqua, serif;\"><span style=\"font-size: large;\"><i><b>y<\/b><\/i><\/span><\/span><\/span><span style=\"color: #000000;\"><span style=\"font-family: Book Antiqua, serif;\"><span style=\"font-size: large;\"><i><b> tak\u017ce wierzymy i dlatego m\u00f3wimy, przekonani, \u017ce Ten, kt\u00f3ry wskrzesi\u0142 Jezusa, z Jezusem przywr\u00f3ci \u017cycie tak\u017ce nam i stawi nas przed sob\u0105 razem z wami. <\/b><\/i><\/span><\/span><\/span><\/p>\n<p align=\"justify\"><span style=\"color: #000000;\"><span style=\"font-size: large;\"><span style=\"font-family: Book Antiqua, serif;\">A czy my jeste\u015bmy przekonani? Czy my wierzymy ogromnie <\/span><span style=\"font-family: Book Antiqua, serif;\">w <\/span><span style=\"font-family: Book Antiqua, serif;\">to, \u017ce B\u00f3g nam przywr\u00f3ci \u017cycie? Wielu ludzi <\/span><span style=\"font-family: Book Antiqua, serif;\">m\u00f3wi, \u017ce <\/span><span style=\"font-family: Book Antiqua, serif;\">wierzy <\/span><span style=\"font-family: Book Antiqua, serif;\">w Boga, a jednocze\u015bnie<\/span><span style=\"font-family: Book Antiqua, serif;\"> m\u00f3wi, po \u015bmierci nic nie ma! \u017bycie ko\u0144czy si\u0119 na \u015bmierci i koniec! <\/span><\/span><\/span><\/p>\n<p align=\"justify\"><span style=\"color: #000000;\"><span style=\"font-size: large;\"><span style=\"font-family: Book Antiqua, serif;\">Ludzie te\u017c m\u00f3wi\u0105, \u017ce po \u017cyciu jest \u015bmier\u0107. Nie, tak nie jest! Poniewa\u017c najpierw jest \u015bmier\u0107, a potem \u017cycie! I \u015bw. Jakub to wiedzia\u0142! Lecz przede wszystkim w to ogromnie wierzy\u0142! A czy my w to wierzymy? Czy w to wierzymy?! <\/span><\/span><\/span><\/p>\n<p align=\"justify\"><span style=\"color: #000000;\"><span style=\"font-size: large;\"><span style=\"font-family: Book Antiqua, serif;\">Ostatnio, jak by\u0142em na cmentarzu, to tak westchn\u0105\u0142em i taka my\u015bl <\/span><span style=\"font-family: Book Antiqua, serif;\">przysz\u0142a mi do g\u0142owy<\/span><span style=\"font-family: Book Antiqua, serif;\">, \u017ce jaka to musi by\u0107 rado\u015b\u0107 przeogromna, <\/span><span style=\"font-family: Book Antiqua, serif;\">kiedy<\/span><span style=\"font-family: Book Antiqua, serif;\"> osoba, kt\u00f3ra bardzo wierzy w Boga, odchodzi do domu Pana! Jaka ona musi by\u0107 szcz\u0119\u015bliwa! A wiecie, dlaczego? Bo ona wie, \u017ce \u015bmier\u0107 nie ko\u0144czy \u017cycia, <\/span><span style=\"font-family: Book Antiqua, serif;\">l<\/span><span style=\"font-family: Book Antiqua, serif;\">ecz je zmienia i przemienia!<\/span><\/span><\/span><\/p>\n<p align=\"justify\"><span style=\"color: #000000;\"><span style=\"font-family: Book Antiqua, serif;\"><span style=\"font-size: large;\">Bardzo lubi\u0119 <\/span><\/span><\/span><span style=\"color: #000000;\"><span style=\"font-family: Book Antiqua, serif;\"><span style=\"font-size: large;\">Pierwsz\u0105 P<\/span><\/span><\/span><span style=\"color: #000000;\"><span style=\"font-family: Book Antiqua, serif;\"><span style=\"font-size: large;\">refacje<\/span><\/span><\/span><span style=\"color: #000000;\"><span style=\"font-family: Book Antiqua, serif;\"><span style=\"font-size: large;\">\u0119<\/span><\/span><\/span><span style=\"color: #000000;\"><span style=\"font-family: Book Antiqua, serif;\"><span style=\"font-size: large;\"> pogrzebow<\/span><\/span><\/span><span style=\"color: #000000;\"><span style=\"font-family: Book Antiqua, serif;\"><span style=\"font-size: large;\">\u0105<\/span><\/span><\/span><span style=\"color: #000000;\"><span style=\"font-family: Book Antiqua, serif;\"><span style=\"font-size: large;\">, w niej jest napisane tak: <\/span><\/span><\/span><span style=\"color: #000000;\"><span style=\"font-family: Book Antiqua, serif;\"><span style=\"font-size: large;\"><b>\u201eW Nim zab\u0142ys\u0142a dla nas nadzieja chwalebnego zmartwychwstania i cho\u0107 nas zasmuca nieunikniona konieczno\u015b\u0107 \u015bmierci, <\/b><\/span><\/span><\/span><span style=\"color: #000000;\"><span style=\"font-family: Book Antiqua, serif;\"><span style=\"font-size: large;\"><b>z<\/b><\/span><\/span><\/span><span style=\"color: #000000;\"><span style=\"font-family: Book Antiqua, serif;\"><span style=\"font-size: large;\"><b>najdujemy pociech\u0119 w obietnicy przysz\u0142ej nie\u015bmiertelno\u015bci. Albowiem \u017cycie Twoich wiernych, o Panie, zmienia si\u0119, ale si\u0119 nie ko\u0144czy, i gdy rozpadnie si\u0119 dom doczesnej pielgrzymki, znajd\u0105 przygotowane w niebie wieczne mieszkanie.\u201d <\/b><\/span><\/span><\/span><\/p>\n<p align=\"justify\"><span style=\"color: #000000;\"><span style=\"font-size: large;\"><span style=\"font-family: Book Antiqua, serif;\">W\u0142a\u015bnie! <\/span><span style=\"font-family: Book Antiqua, serif;\"><b>\u017b<\/b><\/span><span style=\"font-family: Book Antiqua, serif;\"><b>YCIE<\/b><\/span><span style=\"font-family: Book Antiqua, serif;\"><b> TWOICH WIERNYCH, O PANIE ZMIENIA SI\u0118, ALE SI\u0118 NIE KO\u0143CZY!<\/b><\/span><\/span><\/span><\/p>\n<p align=\"justify\"><span style=\"color: #000000;\"><span style=\"font-family: Book Antiqua, serif;\"><span style=\"font-size: large;\">Nieraz \u017cycie mo\u017ce by\u0107 trudne, tak jak pisze \u015bw. <\/span><\/span><\/span><span style=\"color: #000000;\"><span style=\"font-family: Book Antiqua, serif;\"><span style=\"font-size: large;\">Pawe\u0142<\/span><\/span><\/span><span style=\"color: #000000;\"><span style=\"font-family: Book Antiqua, serif;\"><span style=\"font-size: large;\"> w swoim czytaniu:<\/span><\/span><\/span> <span style=\"color: #000000;\"><span style=\"font-family: Book Antiqua, serif;\"><span style=\"font-size: large;\"><i><b>Zewsz\u0105d znosimy cierpienia, lecz nie poddajemy si\u0119 zw\u0105tpieniu; \u017cyjemy w niedostatku, lecz nie rozpaczamy; znosimy prze\u015bladowania, lecz nie czujemy si\u0119 osamotnieni, obalaj\u0105 nas na ziemi\u0119, lecz nie giniemy. Nosimy nieustannie w ciele naszym konanie Jezusa, aby \u017cycie Jezusa objawia\u0142o si\u0119 w naszym ciele. Ci\u0105gle bowiem jeste\u015bmy wydawani na \u015bmier\u0107 z powodu Jezusa, aby \u017cycie Jezusa sta\u0142o si\u0119 widoczne w naszym \u015bmiertelnym ciele. Tak wi\u0119c dzia\u0142a w nas \u015bmier\u0107, podczas gdy w was \u017cycie. <\/b><\/i><\/span><\/span><\/span><\/p>\n<p align=\"justify\"><span style=\"color: #000000;\"><span style=\"font-size: large;\"><span style=\"font-family: Book Antiqua, serif;\">\u017bycie b\u0119dzie trudne. B\u0119dziemy napotyka\u0107 r\u00f3\u017cne trudno\u015bci w \u017cyciu. Lecz to b\u0119dzie dobry trud! I B\u00f3g za ten trud nam wynagrodzi! Mo\u017ce by\u0107 ci\u0119\u017cko, lecz nie zapominajmy, \u017ce B\u00f3g jest z nami! B\u00f3g jest z nami 24 godziny na dob\u0119 i b\u0119dzie z nami ca\u0142y czas, nawet, gdy my z Nim nie b\u0119dziemy! To jest co\u015b wspania\u0142ego! B\u00f3g jest wspania\u0142y! <\/span><\/span><\/span><\/p>\n<p align=\"justify\"><span style=\"color: #000000;\"><span style=\"font-size: large;\"><span style=\"font-family: Book Antiqua, serif;\">Ale czy my w to wierzymy? Czy mamy taki obraz Boga? Zastan\u00f3wmy si\u0119 na tym i udzielmy sobie na to pytanie odpowiedzi, jaki ja mam obraz Boga? Jak ja postrzegam Boga?<\/span><\/span><\/span><\/p>\n<p align=\"justify\"><span style=\"color: #000000;\"><span style=\"font-family: Book Antiqua, serif;\"><span style=\"font-size: large;\">W Ewangelii dzi\u015b mo\u017cemy us\u0142ysze\u0107 takie zdania: <\/span><\/span><\/span><span style=\"color: #000000;\"><span style=\"font-family: Book Antiqua, serif;\"><span style=\"font-size: large;\"><i><b>Lecz kto by mi\u0119dzy wami chcia\u0142 si\u0119 sta\u0107 wielkim, niech b\u0119dzie waszym s\u0142ug\u0105. A kto by chcia\u0142 by\u0107 pierwszym mi\u0119dzy wami, niech b\u0119dzie niewolnikiem waszym. Na wz\u00f3r Syna Cz\u0142owieczego, kt\u00f3ry nie przyszed\u0142, aby Mu s\u0142u\u017cono, lecz aby s\u0142u\u017cy\u0107 i da\u0107 swoje \u017cycie na okup za wielu&#8221;.<\/b><\/i><\/span><\/span><\/span><\/p>\n<p align=\"justify\"><span style=\"color: #000000;\"><span style=\"font-family: Book Antiqua, serif;\"><span style=\"font-size: large;\">Jezus na ziemi, gdy by\u0142 mi\u0119dzy nami i by\u0142 jednym z nas, nigdy si\u0119 nie wywy\u017csza\u0142. Lecz wr\u0119cz przeciwnie: uni\u017ca\u0142 si\u0119. Jada\u0142 z celnikami, faryzeuszami, grzesznikami. Nie mieszka\u0142 w jakich\u015b pa\u0142acach. Pomaga\u0142 biedniejszym. Umar\u0142 nawet jak przest\u0119pca i to pomi\u0119dzy grzesznikami, razem ze z\u0142oczy\u0144cami! I si\u0119 nie wywy\u017csza\u0142! <\/span><\/span><\/span><\/p>\n<p align=\"justify\"><span style=\"color: #000000;\"><span style=\"font-family: Book Antiqua, serif;\"><span style=\"font-size: large;\">I tak, jak czytamy \u2013 my tak samo mamy post\u0119powa\u0107 na wz\u00f3r Jezusa! Bo to nam da najwi\u0119ksz\u0105 korzy\u015b\u0107! A ja \u2013 jak post\u0119puj\u0119? Wol\u0119 si\u0119 wywy\u017cszy\u0107, czy uni\u017cy\u0107? Wol\u0119 komu\u015b s\u0142u\u017cy\u0107, czy chc\u0119, by mi s\u0142u\u017cono?\u2026<\/span><\/span><\/span><\/p>\n","protected":false},"excerpt":{"rendered":"<p>Szcz\u0119\u015b\u0107 Bo\u017ce! Moi Drodzy, w dniu dzisiejszym imieniny obchodz\u0105: \u25baKrzysztof Fabisiak, Moderator naszego bloga; \u25baKsi\u0105dz Krzysztof Garwoli\u0144ski, m\u00f3j Kolega kursowy; \u25baKsi\u0105dz Profesor Krzysztof Burczak, Profesor \u201ebelwederski\u201d, pracuj\u0105cy na KUL a m\u00f3j Kaznodzieja prymicyjny; \u25baKap\u0142ani spotkani w r\u00f3\u017cnym czasie i miejscu: * Ksi\u0105dz Krzysztof Banasiuk, * Ksi\u0105dz Krzysztof Doma\u0144ski, * Ksi\u0105dz Krzysztof Chaci\u0144ski, * Ksi\u0105dz Krzysztof [&hellip;]<\/p>\n","protected":false},"author":1,"featured_media":0,"comment_status":"open","ping_status":"open","sticky":false,"template":"","format":"standard","meta":{"jetpack_post_was_ever_published":false,"_jetpack_newsletter_access":"","_jetpack_dont_email_post_to_subs":false,"_jetpack_newsletter_tier_id":0,"_jetpack_memberships_contains_paywalled_content":false,"_jetpack_memberships_contains_paid_content":false,"footnotes":""},"categories":[1],"tags":[],"class_list":["post-20799","post","type-post","status-publish","format-standard","hentry","category-bez-kategorii"],"yoast_head":"<!-- This site is optimized with the Yoast SEO plugin v25.1 - https:\/\/yoast.com\/wordpress\/plugins\/seo\/ -->\n<title>Lecz nie poddajemy si\u0119 zw\u0105tpieniu... - Gaudium Et Spes<\/title>\n<meta name=\"robots\" content=\"index, follow, max-snippet:-1, max-image-preview:large, max-video-preview:-1\" \/>\n<link rel=\"canonical\" href=\"https:\/\/gaudiumetspes-blog.pl\/index.php\/2022\/07\/25\/lecz-nie-poddajemy-sie-zwatpieniu\/\" \/>\n<meta property=\"og:locale\" content=\"pl_PL\" \/>\n<meta property=\"og:type\" content=\"article\" \/>\n<meta property=\"og:title\" content=\"Lecz nie poddajemy si\u0119 zw\u0105tpieniu... - Gaudium Et Spes\" \/>\n<meta property=\"og:description\" content=\"Szcz\u0119\u015b\u0107 Bo\u017ce! Moi Drodzy, w dniu dzisiejszym imieniny obchodz\u0105: \u25baKrzysztof Fabisiak, Moderator naszego bloga; \u25baKsi\u0105dz Krzysztof Garwoli\u0144ski, m\u00f3j Kolega kursowy; \u25baKsi\u0105dz Profesor Krzysztof Burczak, Profesor \u201ebelwederski\u201d, pracuj\u0105cy na KUL a m\u00f3j Kaznodzieja prymicyjny; \u25baKap\u0142ani spotkani w r\u00f3\u017cnym czasie i miejscu: * Ksi\u0105dz Krzysztof Banasiuk, * Ksi\u0105dz Krzysztof Doma\u0144ski, * Ksi\u0105dz Krzysztof Chaci\u0144ski, * Ksi\u0105dz Krzysztof [&hellip;]\" \/>\n<meta property=\"og:url\" content=\"https:\/\/gaudiumetspes-blog.pl\/index.php\/2022\/07\/25\/lecz-nie-poddajemy-sie-zwatpieniu\/\" \/>\n<meta property=\"og:site_name\" content=\"Gaudium Et Spes\" \/>\n<meta property=\"article:published_time\" content=\"2022-07-25T07:46:15+00:00\" \/>\n<meta name=\"author\" content=\"Ks. Jacek\" \/>\n<meta name=\"twitter:card\" content=\"summary_large_image\" \/>\n<meta name=\"twitter:label1\" content=\"Napisane przez\" \/>\n\t<meta name=\"twitter:data1\" content=\"Ks. Jacek\" \/>\n\t<meta name=\"twitter:label2\" content=\"Szacowany czas czytania\" \/>\n\t<meta name=\"twitter:data2\" content=\"8 minut\" \/>\n<script type=\"application\/ld+json\" class=\"yoast-schema-graph\">{\"@context\":\"https:\/\/schema.org\",\"@graph\":[{\"@type\":\"WebPage\",\"@id\":\"https:\/\/gaudiumetspes-blog.pl\/index.php\/2022\/07\/25\/lecz-nie-poddajemy-sie-zwatpieniu\/\",\"url\":\"https:\/\/gaudiumetspes-blog.pl\/index.php\/2022\/07\/25\/lecz-nie-poddajemy-sie-zwatpieniu\/\",\"name\":\"Lecz nie poddajemy si\u0119 zw\u0105tpieniu... - Gaudium Et Spes\",\"isPartOf\":{\"@id\":\"https:\/\/gaudiumetspes-blog.pl\/#website\"},\"datePublished\":\"2022-07-25T07:46:15+00:00\",\"author\":{\"@id\":\"https:\/\/gaudiumetspes-blog.pl\/#\/schema\/person\/1661982992b752dea8dff0d4ed845a65\"},\"breadcrumb\":{\"@id\":\"https:\/\/gaudiumetspes-blog.pl\/index.php\/2022\/07\/25\/lecz-nie-poddajemy-sie-zwatpieniu\/#breadcrumb\"},\"inLanguage\":\"pl-PL\",\"potentialAction\":[{\"@type\":\"ReadAction\",\"target\":[\"https:\/\/gaudiumetspes-blog.pl\/index.php\/2022\/07\/25\/lecz-nie-poddajemy-sie-zwatpieniu\/\"]}]},{\"@type\":\"BreadcrumbList\",\"@id\":\"https:\/\/gaudiumetspes-blog.pl\/index.php\/2022\/07\/25\/lecz-nie-poddajemy-sie-zwatpieniu\/#breadcrumb\",\"itemListElement\":[{\"@type\":\"ListItem\",\"position\":1,\"name\":\"Strona g\u0142\u00f3wna\",\"item\":\"https:\/\/gaudiumetspes-blog.pl\/\"},{\"@type\":\"ListItem\",\"position\":2,\"name\":\"Lecz&nbsp;nie&nbsp;poddajemy si\u0119 zw\u0105tpieniu&#8230;\"}]},{\"@type\":\"WebSite\",\"@id\":\"https:\/\/gaudiumetspes-blog.pl\/#website\",\"url\":\"https:\/\/gaudiumetspes-blog.pl\/\",\"name\":\"Gaudium Et Spes\",\"description\":\"Blog Ks. Jacka Ja\u015bkowskiego\",\"potentialAction\":[{\"@type\":\"SearchAction\",\"target\":{\"@type\":\"EntryPoint\",\"urlTemplate\":\"https:\/\/gaudiumetspes-blog.pl\/?s={search_term_string}\"},\"query-input\":{\"@type\":\"PropertyValueSpecification\",\"valueRequired\":true,\"valueName\":\"search_term_string\"}}],\"inLanguage\":\"pl-PL\"},{\"@type\":\"Person\",\"@id\":\"https:\/\/gaudiumetspes-blog.pl\/#\/schema\/person\/1661982992b752dea8dff0d4ed845a65\",\"name\":\"Ks. Jacek\",\"image\":{\"@type\":\"ImageObject\",\"inLanguage\":\"pl-PL\",\"@id\":\"https:\/\/gaudiumetspes-blog.pl\/#\/schema\/person\/image\/\",\"url\":\"https:\/\/gaudiumetspes-blog.pl\/wp-content\/uploads\/2019\/07\/avatar-JJ-150x150.jpg\",\"contentUrl\":\"https:\/\/gaudiumetspes-blog.pl\/wp-content\/uploads\/2019\/07\/avatar-JJ-150x150.jpg\",\"caption\":\"Ks. Jacek\"},\"description\":\"Witam serdecznie! K\u0142ania si\u0119 Ks. Jacek Ja\u015bkowski. Nie jestem ani kim\u015b wa\u017cnym, ani kim\u015b znanym. Jestem ksi\u0119dzem, kt\u00f3ry po prostu chce rozmawia\u0107. Codzienna kap\u0142a\u0144ska pos\u0142uga pokazuje mi, \u017ce temat\u00f3w do rozm\u00f3w z ksi\u0119dzem jest coraz wi\u0119cej i dzisiaj \u017caden ksi\u0105dz nie mo\u017ce od nich ucieka\u0107, ale - wprost przeciwnie - podejmowa\u0107 nowe wyzwania. To przekonanie sk\u0142oni\u0142o mnie do pr\u00f3by otwarcia tego\u017c bloga, chocia\u017c okazji do rozm\u00f3w na co dzie\u0144 - w konfesjonale i poza nim - na szcz\u0119\u015bcie nie brakuje. My\u015bl\u0119 jednak, \u017ce ten blog b\u0119dzie jeszcze jednym sposobem i przestrzeni\u0105 nawi\u0105zania kontaktu z lud\u017ami dobrej woli, otwartymi na dialog.\",\"url\":\"https:\/\/gaudiumetspes-blog.pl\/index.php\/author\/ks-jacek\/\"}]}<\/script>\n<!-- \/ Yoast SEO plugin. -->","yoast_head_json":{"title":"Lecz nie poddajemy si\u0119 zw\u0105tpieniu... - Gaudium Et Spes","robots":{"index":"index","follow":"follow","max-snippet":"max-snippet:-1","max-image-preview":"max-image-preview:large","max-video-preview":"max-video-preview:-1"},"canonical":"https:\/\/gaudiumetspes-blog.pl\/index.php\/2022\/07\/25\/lecz-nie-poddajemy-sie-zwatpieniu\/","og_locale":"pl_PL","og_type":"article","og_title":"Lecz nie poddajemy si\u0119 zw\u0105tpieniu... - Gaudium Et Spes","og_description":"Szcz\u0119\u015b\u0107 Bo\u017ce! Moi Drodzy, w dniu dzisiejszym imieniny obchodz\u0105: \u25baKrzysztof Fabisiak, Moderator naszego bloga; \u25baKsi\u0105dz Krzysztof Garwoli\u0144ski, m\u00f3j Kolega kursowy; \u25baKsi\u0105dz Profesor Krzysztof Burczak, Profesor \u201ebelwederski\u201d, pracuj\u0105cy na KUL a m\u00f3j Kaznodzieja prymicyjny; \u25baKap\u0142ani spotkani w r\u00f3\u017cnym czasie i miejscu: * Ksi\u0105dz Krzysztof Banasiuk, * Ksi\u0105dz Krzysztof Doma\u0144ski, * Ksi\u0105dz Krzysztof Chaci\u0144ski, * Ksi\u0105dz Krzysztof [&hellip;]","og_url":"https:\/\/gaudiumetspes-blog.pl\/index.php\/2022\/07\/25\/lecz-nie-poddajemy-sie-zwatpieniu\/","og_site_name":"Gaudium Et Spes","article_published_time":"2022-07-25T07:46:15+00:00","author":"Ks. Jacek","twitter_card":"summary_large_image","twitter_misc":{"Napisane przez":"Ks. Jacek","Szacowany czas czytania":"8 minut"},"schema":{"@context":"https:\/\/schema.org","@graph":[{"@type":"WebPage","@id":"https:\/\/gaudiumetspes-blog.pl\/index.php\/2022\/07\/25\/lecz-nie-poddajemy-sie-zwatpieniu\/","url":"https:\/\/gaudiumetspes-blog.pl\/index.php\/2022\/07\/25\/lecz-nie-poddajemy-sie-zwatpieniu\/","name":"Lecz nie poddajemy si\u0119 zw\u0105tpieniu... - Gaudium Et Spes","isPartOf":{"@id":"https:\/\/gaudiumetspes-blog.pl\/#website"},"datePublished":"2022-07-25T07:46:15+00:00","author":{"@id":"https:\/\/gaudiumetspes-blog.pl\/#\/schema\/person\/1661982992b752dea8dff0d4ed845a65"},"breadcrumb":{"@id":"https:\/\/gaudiumetspes-blog.pl\/index.php\/2022\/07\/25\/lecz-nie-poddajemy-sie-zwatpieniu\/#breadcrumb"},"inLanguage":"pl-PL","potentialAction":[{"@type":"ReadAction","target":["https:\/\/gaudiumetspes-blog.pl\/index.php\/2022\/07\/25\/lecz-nie-poddajemy-sie-zwatpieniu\/"]}]},{"@type":"BreadcrumbList","@id":"https:\/\/gaudiumetspes-blog.pl\/index.php\/2022\/07\/25\/lecz-nie-poddajemy-sie-zwatpieniu\/#breadcrumb","itemListElement":[{"@type":"ListItem","position":1,"name":"Strona g\u0142\u00f3wna","item":"https:\/\/gaudiumetspes-blog.pl\/"},{"@type":"ListItem","position":2,"name":"Lecz&nbsp;nie&nbsp;poddajemy si\u0119 zw\u0105tpieniu&#8230;"}]},{"@type":"WebSite","@id":"https:\/\/gaudiumetspes-blog.pl\/#website","url":"https:\/\/gaudiumetspes-blog.pl\/","name":"Gaudium Et Spes","description":"Blog Ks. Jacka Ja\u015bkowskiego","potentialAction":[{"@type":"SearchAction","target":{"@type":"EntryPoint","urlTemplate":"https:\/\/gaudiumetspes-blog.pl\/?s={search_term_string}"},"query-input":{"@type":"PropertyValueSpecification","valueRequired":true,"valueName":"search_term_string"}}],"inLanguage":"pl-PL"},{"@type":"Person","@id":"https:\/\/gaudiumetspes-blog.pl\/#\/schema\/person\/1661982992b752dea8dff0d4ed845a65","name":"Ks. Jacek","image":{"@type":"ImageObject","inLanguage":"pl-PL","@id":"https:\/\/gaudiumetspes-blog.pl\/#\/schema\/person\/image\/","url":"https:\/\/gaudiumetspes-blog.pl\/wp-content\/uploads\/2019\/07\/avatar-JJ-150x150.jpg","contentUrl":"https:\/\/gaudiumetspes-blog.pl\/wp-content\/uploads\/2019\/07\/avatar-JJ-150x150.jpg","caption":"Ks. Jacek"},"description":"Witam serdecznie! K\u0142ania si\u0119 Ks. Jacek Ja\u015bkowski. Nie jestem ani kim\u015b wa\u017cnym, ani kim\u015b znanym. Jestem ksi\u0119dzem, kt\u00f3ry po prostu chce rozmawia\u0107. Codzienna kap\u0142a\u0144ska pos\u0142uga pokazuje mi, \u017ce temat\u00f3w do rozm\u00f3w z ksi\u0119dzem jest coraz wi\u0119cej i dzisiaj \u017caden ksi\u0105dz nie mo\u017ce od nich ucieka\u0107, ale - wprost przeciwnie - podejmowa\u0107 nowe wyzwania. To przekonanie sk\u0142oni\u0142o mnie do pr\u00f3by otwarcia tego\u017c bloga, chocia\u017c okazji do rozm\u00f3w na co dzie\u0144 - w konfesjonale i poza nim - na szcz\u0119\u015bcie nie brakuje. My\u015bl\u0119 jednak, \u017ce ten blog b\u0119dzie jeszcze jednym sposobem i przestrzeni\u0105 nawi\u0105zania kontaktu z lud\u017ami dobrej woli, otwartymi na dialog.","url":"https:\/\/gaudiumetspes-blog.pl\/index.php\/author\/ks-jacek\/"}]}},"jetpack_featured_media_url":"","jetpack_sharing_enabled":true,"_links":{"self":[{"href":"https:\/\/gaudiumetspes-blog.pl\/index.php\/wp-json\/wp\/v2\/posts\/20799","targetHints":{"allow":["GET"]}}],"collection":[{"href":"https:\/\/gaudiumetspes-blog.pl\/index.php\/wp-json\/wp\/v2\/posts"}],"about":[{"href":"https:\/\/gaudiumetspes-blog.pl\/index.php\/wp-json\/wp\/v2\/types\/post"}],"author":[{"embeddable":true,"href":"https:\/\/gaudiumetspes-blog.pl\/index.php\/wp-json\/wp\/v2\/users\/1"}],"replies":[{"embeddable":true,"href":"https:\/\/gaudiumetspes-blog.pl\/index.php\/wp-json\/wp\/v2\/comments?post=20799"}],"version-history":[{"count":1,"href":"https:\/\/gaudiumetspes-blog.pl\/index.php\/wp-json\/wp\/v2\/posts\/20799\/revisions"}],"predecessor-version":[{"id":20800,"href":"https:\/\/gaudiumetspes-blog.pl\/index.php\/wp-json\/wp\/v2\/posts\/20799\/revisions\/20800"}],"wp:attachment":[{"href":"https:\/\/gaudiumetspes-blog.pl\/index.php\/wp-json\/wp\/v2\/media?parent=20799"}],"wp:term":[{"taxonomy":"category","embeddable":true,"href":"https:\/\/gaudiumetspes-blog.pl\/index.php\/wp-json\/wp\/v2\/categories?post=20799"},{"taxonomy":"post_tag","embeddable":true,"href":"https:\/\/gaudiumetspes-blog.pl\/index.php\/wp-json\/wp\/v2\/tags?post=20799"}],"curies":[{"name":"wp","href":"https:\/\/api.w.org\/{rel}","templated":true}]}}