{"id":20832,"date":"2022-08-03T09:23:46","date_gmt":"2022-08-03T07:23:46","guid":{"rendered":"https:\/\/gaudiumetspes-blog.pl\/?p=20832"},"modified":"2022-08-03T09:23:46","modified_gmt":"2022-08-03T07:23:46","slug":"bo-krzyczy-za-nami","status":"publish","type":"post","link":"https:\/\/gaudiumetspes-blog.pl\/index.php\/2022\/08\/03\/bo-krzyczy-za-nami\/","title":{"rendered":"Bo krzyczy za nami&#8230;"},"content":{"rendered":"<p align=\"justify\"><span style=\"color: #000000;\"><span style=\"font-family: Book Antiqua, serif;\"><span style=\"font-size: large;\">Szcz\u0119\u015b\u0107 Bo\u017ce! Moi Drodzy, w dniu dzisiejszym <b>urodziny prze\u017cywa Albert Dudzik, za moich czas\u00f3w \u2013 Lektor w Parafii w \u017belech\u00f3w, a obecnie M\u0105\u017c i Ojciec, a tak w og\u00f3le, to fantastyczny Cz\u0142owiek. \u017bycz\u0119 mu stale dobrych natchnie\u0144 i Bo\u017cej opieki na ka\u017cdy dzie\u0144. Zapewniam o modlitwie!<\/b><\/span><\/span><\/span><\/p>\n<p align=\"justify\"><span style=\"color: #000000;\"><span style=\"font-family: Book Antiqua, serif;\"><span style=\"font-size: large;\">Moi Drodzy, w dniu dzisiejszym kilka kolejnych Grup Pielgrzymki Podlaskiej rozpoczyna pielgrzymowanie na Jasn\u0105 G\u00f3r\u0119. A na drogach ca\u0142ej naszej Ojczyzny takich Grup pielgrzymuje znacznie wi\u0119cej. Niech Pan sam b\u0119dzie Przewodnikiem i Opiekunem Wszystkich, kt\u00f3rzy zapragn\u0119li prze\u017cy\u0107 Rekolekcje w drodze. Do nich do\u0142\u0105czamy tych, kt\u00f3rzy zechc\u0105 w\u0142\u0105czy\u0107 si\u0119 w pielgrzymowanie duchowe, w swoich Parafiach. <\/span><\/span><\/span><\/p>\n<p align=\"justify\"><span style=\"color: #000000;\"><span style=\"font-family: Book Antiqua, serif;\"><span style=\"font-size: large;\">A oto s\u0142\u00f3wko Ksi\u0119dza Marka na dzi\u015b:<\/span><\/span><\/span><\/p>\n<p align=\"justify\"><span style=\"color: #000000;\"><span style=\"font-family: Book Antiqua, serif;\"><span style=\"font-size: medium;\"><a href=\"https:\/\/www.youtube.com\/c\/CatholicSurgut\"><span style=\"font-size: large;\"><b>https:\/\/www.youtube.com\/c\/CatholicSurgut<\/b><\/span><\/a><\/span><\/span><\/span><\/p>\n<p align=\"justify\"><span style=\"color: #000000;\"><span style=\"font-family: Book Antiqua, serif;\"><span style=\"font-size: large;\">Zatem, <b>co dzi\u015b m\u00f3wi do mnie osobi\u015bcie Pan? Z jakim przes\u0142aniem zwraca si\u0119 do mnie w\u0142a\u015bnie dzisiaj \u2013 <\/b><b>w mojej konkretneh, \u017cyciowej sytuacji<\/b><b>?<\/b> Duchu \u015awi\u0119ty, b\u0105d\u017a \u015bwiat\u0142em i natchnieniem dla naszych serc i umys\u0142\u00f3w!<\/span><\/span><\/span><\/p>\n<p align=\"justify\"><span style=\"color: #000000;\"><span style=\"font-family: Book Antiqua, serif;\"><span style=\"font-size: large;\"><b>N<\/b><b>iech Was b\u0142ogos\u0142awi B\u00f3g Wszechmog\u0105cy: Ojciec + i Syn, i Duch \u015awi\u0119ty. Amen<\/b><\/span><\/span><\/span><\/p>\n<p align=\"center\"><span style=\"color: #000000;\"><span style=\"font-family: Book Antiqua, serif;\"><span style=\"font-size: large;\">Gaudium et spes! Ks. Jacek<\/span><\/span><\/span><\/p>\n<p align=\"center\">\n<p align=\"center\">\n<p align=\"center\">\n<p align=\"center\">\n<p align=\"center\">\n<p align=\"justify\"><span style=\"color: #000000;\"><span style=\"font-family: Book Antiqua, serif;\"><span style=\"font-size: large;\"><b>\u015aroda 18 Tygodnia zwyk\u0142ego, rok II,<\/b><\/span><\/span><\/span><\/p>\n<p align=\"justify\"><span style=\"color: #000000;\"><span style=\"font-family: Book Antiqua, serif;\"><span style=\"font-size: large;\"><b>3 sierpnia 2022.,<\/b><\/span><\/span><\/span><\/p>\n<p align=\"justify\"><span style=\"color: #000000;\"><span style=\"font-family: Book Antiqua, serif;\"><span style=\"font-size: large;\"><b>do czyta\u0144: Jr 31,1\u20137; Mt 15,21\u201328<\/b><\/span><\/span><\/span><\/p>\n<p align=\"justify\">\n<p align=\"justify\">\n<p align=\"justify\">\n<p align=\"justify\">\n<p align=\"justify\">\n<p align=\"justify\"><span style=\"color: #000000;\"><span style=\"font-family: Book Antiqua, serif;\"><span style=\"font-size: large;\"><b>CZYTANIE Z KSI\u0118GI PROROKA JEREMIASZA:<\/b><\/span><\/span><\/span><\/p>\n<p align=\"justify\"><span style=\"color: #000000;\">\u201e<span style=\"font-family: Book Antiqua, serif;\"><span style=\"font-size: large;\"><b>W tamtych czasach, m\u00f3wi Pan, b\u0119d\u0119 Bogiem dla wszystkich pokole\u0144 Izraela, one za\u015b b\u0119d\u0105 moim narodem\u201d.<\/b><\/span><\/span><\/span><\/p>\n<p align=\"justify\"><span style=\"color: #000000;\"><span style=\"font-family: Book Antiqua, serif;\"><span style=\"font-size: large;\"><b>To m\u00f3wi Pan: \u201eZnajdzie \u0142ask\u0119 na pustyni nar\u00f3d ocala\u0142y od miecza; Izrael p\u00f3jdzie do miejsca swego odpoczynku. Pan si\u0119 mu uka\u017ce z daleka. Ukocha\u0142em ci\u0119 odwieczn\u0105 mi\u0142o\u015bci\u0105, dlatego te\u017c zachowa\u0142em dla ciebie \u0142askawo\u015b\u0107. Znowu ci\u0119 zbuduj\u0119 i b\u0119dziesz odbudowana, Dziewico \u2013 Izraelu. Przyozdobisz si\u0119 zn\u00f3w swymi b\u0119benkami i wyjdziesz w\u015br\u00f3d ta\u0144c\u00f3w pe\u0142nych wesela. B\u0119dziesz zn\u00f3w sadzi\u0107 winnice na wzg\u00f3rzach Samarii; uprawiaj\u0105cy b\u0119d\u0105 sadzi\u0107 i zbiera\u0107. Nadejdzie bowiem dzie\u0144, kiedy stra\u017cnicy zn\u00f3w zawo\u0142aj\u0105 na wzg\u00f3rzach Efraima: \u00abWsta\u0144cie, wst\u0105pmy na Syjon, do Pana, Boga naszego!\u00bb\u201d<\/b><\/span><\/span><\/span><\/p>\n<p align=\"justify\"><span style=\"color: #000000;\"><span style=\"font-family: Book Antiqua, serif;\"><span style=\"font-size: large;\"><b>To bowiem m\u00f3wi Pan: \u201eWykrzykujcie rado\u015bnie na cze\u015b\u0107 Jakuba, weselcie si\u0119 pierwszym w\u015br\u00f3d narod\u00f3w! G\u0142o\u015bcie, wychwalajcie i m\u00f3wcie: \u00abPan wybawi\u0142 sw\u00f3j lud, Reszt\u0119 Izraela!\u00bb\u201d<\/b><\/span><\/span><\/span><\/p>\n<p align=\"justify\">\n<p align=\"justify\">\n<p align=\"justify\">\n<p align=\"justify\">\n<p align=\"justify\">\n<p align=\"justify\"><span style=\"color: #000000;\"><span style=\"font-family: Book Antiqua, serif;\"><span style=\"font-size: large;\"><b>S\u0141OWA EWANGELII WED\u0141UG \u015aWI\u0118TEGO MATEUSZA:<\/b><\/span><\/span><\/span><\/p>\n<p align=\"justify\"><span style=\"color: #000000;\"><span style=\"font-family: Book Antiqua, serif;\"><span style=\"font-size: large;\"><b>Jezus pod\u0105\u017cy\u0142 w stron\u0119 Tyru i Sydonu. A oto kobieta kananejska, wyszed\u0142szy z tamtych okolic, wo\u0142a\u0142a: \u201eUlituj si\u0119 nade mn\u0105, Panie, Synu Dawida! Moja c\u00f3rka jest ci\u0119\u017cko dr\u0119czona przez z\u0142ego ducha\u201d. Lecz On nie odezwa\u0142 si\u0119 do niej ani s\u0142owem.<\/b><\/span><\/span><\/span><\/p>\n<p align=\"justify\"><span style=\"color: #000000;\"><span style=\"font-family: Book Antiqua, serif;\"><span style=\"font-size: large;\"><b>Na to zbli\u017cyli si\u0119 do Niego uczniowie i prosili: \u201eOdpraw j\u0105, bo krzyczy za nami\u201d.<\/b><\/span><\/span><\/span><\/p>\n<p align=\"justify\"><span style=\"color: #000000;\"><span style=\"font-family: Book Antiqua, serif;\"><span style=\"font-size: large;\"><b>Lecz On odpowiedzia\u0142: \u201eJestem pos\u0142any tylko do owiec, kt\u00f3re pogin\u0119\u0142y z domu Izraela\u201d.<\/b><\/span><\/span><\/span><\/p>\n<p align=\"justify\"><span style=\"color: #000000;\"><span style=\"font-family: Book Antiqua, serif;\"><span style=\"font-size: large;\"><b>A ona przysz\u0142a, upad\u0142a przed Nim i prosi\u0142a: \u201ePanie, dopom\u00f3\u017c mi\u201d.<\/b><\/span><\/span><\/span><\/p>\n<p align=\"justify\"><span style=\"color: #000000;\"><span style=\"font-family: Book Antiqua, serif;\"><span style=\"font-size: large;\"><b>On jednak odpar\u0142: \u201eNiedobrze jest bra\u0107 chleb dzieciom i rzuca\u0107 psom\u201d.<\/b><\/span><\/span><\/span><\/p>\n<p align=\"justify\"><span style=\"color: #000000;\"><span style=\"font-family: Book Antiqua, serif;\"><span style=\"font-size: large;\"><b>A ona odrzek\u0142a: \u201eTak, Panie, lecz i szczeni\u0119ta jedz\u0105 z okruszyn, kt\u00f3re spadaj\u0105 ze sto\u0142u ich pan\u00f3w\u201d.<\/b><\/span><\/span><\/span><\/p>\n<p align=\"justify\"><span style=\"color: #000000;\"><span style=\"font-family: Book Antiqua, serif;\"><span style=\"font-size: large;\"><b>Wtedy Jezus jej odpowiedzia\u0142: \u201eO niewiasto, wielka jest twoja wiara; niech ci si\u0119 stanie, jak chcesz\u201d. Od tej chwili jej c\u00f3rka zosta\u0142a uzdrowiona.<\/b><\/span><\/span><\/span><\/p>\n<p align=\"justify\">\n<p align=\"justify\">\n<p align=\"justify\">\n<p align=\"justify\">\n<p align=\"justify\">\n<p align=\"justify\"><span style=\"color: #000000;\"><span style=\"font-family: Book Antiqua, serif;\"><span style=\"font-size: large;\">Z jednej strony \u2013 <b>radosna i pe\u0142na optymizmu<\/b> zapowied\u017a wielkiego szcz\u0119\u015bcia i pokoju, jaki Pan ze\u015ble na sw\u00f3j lud, jak\u0105 s\u0142yszmy w pierwszym czytaniu; z drugiej strony: <b>bardzo surowe, wr\u0119cz odpychaj\u0105ce<\/b> s\u0142owa Jezusa, skierowane do kobiety kananejskiej, szczerze zmartwionej nieszcz\u0119\u015bciem swojego dziecka\u2026 <b>Jak zestawi\u0107 te dwa obrazy Boga? <\/b><\/span><\/span><\/span><\/p>\n<p align=\"justify\"><span style=\"color: #000000;\"><span style=\"font-family: Book Antiqua, serif;\"><span style=\"font-size: large;\">Oczywi\u015bcie, gdyby\u015bmy poczytali wi\u0119cej i innych fragment\u00f3w zar\u00f3wno Starego, jak i Nowego Testamentu, to mogliby\u015bmy zrobi\u0107<b> zestawienie dok\u0142adnie odwrotne: <\/b>pierwsze czytanie mog\u0142oby zion\u0105\u0107 groz\u0105, kiedy zawiera\u0142oby opis <b>kary, zes\u0142anej przez Boga<\/b> na sw\u00f3j lud za jego nieprawo\u015bci, a znowu Ewangelia mog\u0142aby pokaza\u0107 <b>Jezusa, jak chodzi i uzdrawia, przebacza i pociesza, <\/b>tul\u0105c do serca niemal\u017ce ca\u0142y \u015bwiat. Jaki wi\u0119c jest <b>tak naprawd\u0119 obraz Boga?<\/b> <\/span><\/span><\/span><\/p>\n<p align=\"justify\"><span style=\"color: #000000;\"><span style=\"font-family: Book Antiqua, serif;\"><span style=\"font-size: large;\">To <b>surowy S\u0119dzia,<\/b> czy <b>kapry\u015bny wielmo\u017ca,<\/b> kt\u00f3ry wiele mo\u017ce, ale da temu, komu zechce Mu si\u0119 da\u0107 \u2013 czy jednak <b>mi\u0142osierny Ojciec, Pan i B\u00f3g, <\/b>Zbawiciel i Przyjaciel? Jak wspomnieli\u015bmy, czytaj\u0105c Pismo \u015awi\u0119te uwa\u017cnie i wnikliwie, albo w taki sam spos\u00f3b go s\u0142uchaj\u0105c, mo\u017cemy <b>natrafi\u0107 na r\u00f3\u017cne obrazy i r\u00f3\u017cne sytuacje, <\/b>w kt\u00f3rych B\u00f3g wyst\u0119puje <b>jakby w r\u00f3\u017cnych rolach<\/b> i kt\u00f3re B\u00f3g bardzo r\u00f3\u017cnie rozwi\u0105zuje. Czy jednak tak jest naprawd\u0119? Czy B\u00f3g naprawd\u0119 jest <b>a\u017c tak zmienny? <\/b><\/span><\/span><\/span><\/p>\n<p align=\"justify\"><span style=\"color: #000000;\"><span style=\"font-family: Book Antiqua, serif;\"><span style=\"font-size: large;\">Wydaje si\u0119, \u017ce odpowied\u017a na tak sformu\u0142owane pytania mo\u017ce nam przynie\u015b\u0107 <b>uwa\u017cne przemy\u015blenie rozmowy<\/b> Jezusa z kobiet\u0105 kananejsk\u0105, o czym mowa w dzisiejszej Ewangelii. Kobieta ta zwraca si\u0119 do Jezusa <b>z wielk\u0105 i ufn\u0105 pro\u015bb\u0105 o pomoc.<\/b> Ma pe\u0142n\u0105 \u015bwiadomo\u015b\u0107, \u017ce <b>nie nale\u017cy do narodu wybranego, <\/b>ma te\u017c \u015bwiadomo\u015b\u0107, \u017ce Jezus do tego w\u0142a\u015bnie narodu przyby\u0142 i jest jego cz\u0105stk\u0105, bo zwraca si\u0119 do Niego tytu\u0142em: <i><b>Synu Dawida! <\/b><\/i><\/span><\/span><\/span><\/p>\n<p align=\"justify\"><span style=\"color: #000000;\"><span style=\"font-family: Book Antiqua, serif;\"><span style=\"font-size: large;\">Jezus na pewno dobrze us\u0142ysza\u0142 jej pro\u015bb\u0119, ale <i><b>nie odezwa\u0142 si\u0119 do niej ani s\u0142owem.<\/b><\/i><b> <\/b>Tak\u0105 informacj\u0119 otrzymali\u015bmy. Dlaczego si\u0119 nie odezwa\u0142? Mo\u017cna snu\u0107 wiele domys\u0142\u00f3w, ale chyba najbardziej prawdopodobnym jest ten, \u017ce <b>to ju\u017c by\u0142 element pr\u00f3by,<\/b> kt\u00f3rej Jezus chcia\u0142 podda\u0107 kobiet\u0119. Wzi\u0105\u0142 j\u0105 wi\u0119c<b> na swoiste \u201eprzeczekanie\u201d,<\/b> co jednak kobiety <b>wcale nie zniech\u0119ci\u0142o<\/b> do tego, by nadal bardzo nalega\u0107 na spe\u0142nienie jej pro\u015bby.<\/span><\/span><\/span><\/p>\n<p align=\"justify\"><span style=\"color: #000000;\"><span style=\"font-family: Book Antiqua, serif;\"><span style=\"font-size: large;\">To na pewno by\u0142o <b>pierwszym du\u017cym plusem,<\/b> jaki Jezus jej w sercu przyzna\u0142, bo zobaczy\u0142, \u017ce jej <b>naprawd\u0119 zale\u017cy na uwolnieniu dziecka<\/b> z mocy z\u0142ego ducha, \u017ce zwr\u00f3ci\u0142a si\u0119 w tej sprawie <b>pod w\u0142a\u015bciwy adres <\/b>\u2013 i \u017ce nie ust\u0119puje, pomimo pocz\u0105tkowego ch\u0142odnego milczenia Jezusa. Mo\u017cna powiedzie\u0107, \u017ce ona t\u0119 pierwsz\u0105 cz\u0119\u015b\u0107 pr\u00f3by zda\u0142a bardzo dobrze, <b>czego nie mo\u017cna powiedzie\u0107 o Jezusowych uczniach,<\/b> kt\u00f3rzy z ca\u0142ej sytuacji niczego nie zrozumieli. Wzi\u0119li bowiem milczenie swego Mistrza <b>za znak niech\u0119ci, dezaprobaty<\/b> wobec kobiety i brak ch\u0119ci okazania jej pomocy. <\/span><\/span><\/span><\/p>\n<p align=\"justify\"><span style=\"color: #000000;\"><span style=\"font-family: Book Antiqua, serif;\"><span style=\"font-size: large;\">Kobieta wi\u0119c \u2013 mo\u017cna powiedzie\u0107 \u2013 <b>mia\u0142a jeszcze trudniej,<\/b> bo nie do\u015b\u0107, \u017ce musia\u0142a jako\u015b <b>przetrwa\u0107 to Jezusowe milczenie,<\/b> kt\u00f3rego zapewne nie rozumia\u0142a, to jeszcze trzeba jej by\u0142o przebi\u0107 si\u0119 <b>przez op\u00f3r otoczenia Jezusa, <\/b>kt\u00f3re mocno zniech\u0119ca\u0142o Go do jakiegokolwiek zajmowania si\u0119 jej spraw\u0105. Pomimo jednak tych wszystkich utrudnie\u0144 \u2013 <b>kobieta si\u0119 nie podda\u0142a!<\/b> Ca\u0142y czas \u00abkrzycza\u0142a za nimi\u00bb. <\/span><\/span><\/span><\/p>\n<p align=\"justify\"><span style=\"color: #000000;\"><span style=\"font-family: Book Antiqua, serif;\"><span style=\"font-size: large;\">A w\u00f3wczas<b> ju\u017c Jezus zareagowa\u0142, <\/b>ale chyba nikt nie chcia\u0142by us\u0142ysze\u0107 s\u0142\u00f3w, jakie wtedy us\u0142ysza\u0142a kobieta. By\u0142o to bowiem stwierdzenie <b>jakkolwiek prawdziwe, to jednak bardzo trudne do przyj\u0119cia,<\/b> a nawet odpychaj\u0105ce i zniech\u0119caj\u0105ce. Bo Jezus powiedzia\u0142 jej, \u017ce tak w og\u00f3le, to\u2026 <b>nie przyszed\u0142 do niej. <\/b>Czas \u0142aski dla niej i jej rodak\u00f3w \u2013 i ludzi z innych nacji \u2013 <b>przyjdzie p\u00f3\u017aniej. <\/b>Najpierw jest nar\u00f3d wybrany. <\/span><\/span><\/span><\/p>\n<p align=\"justify\"><span style=\"color: #000000;\"><span style=\"font-family: Book Antiqua, serif;\"><span style=\"font-size: large;\">W dodatku, Jezus wyrazi\u0142 to <b>w spos\u00f3b bardzo obrazowy,<\/b> pos\u0142uguj\u0105c si\u0119 obrazem posi\u0142ku, kt\u00f3ry najpierw trzeba <b>poda\u0107 dzieciom, a p\u00f3\u017aniej psom. Nie odwrotnie. <\/b>Dodajmy przy tym, \u017ce pies by\u0142 \u2013 wed\u0142ug przepis\u00f3w Prawa Moj\u017ceszowego \u2013 <b>zwierz\u0119ciem nieczystym,<\/b> zatem pr\u00f3ba, jakiej kobieta zosta\u0142a poddana, <b>by\u0142a naprawd\u0119 mocna.<\/b> <\/span><\/span><\/span><\/p>\n<p align=\"justify\"><span style=\"color: #000000;\"><span style=\"font-family: Book Antiqua, serif;\"><span style=\"font-size: large;\">Okaza\u0142o si\u0119 jednak, \u017ce i z niej wysz\u0142a zwyci\u0119sko, a w\u00f3wczas <b>nie tylko otrzyma\u0142a \u0142ask\u0119,<\/b> o kt\u00f3r\u0105 prosi\u0142a, ale zosta\u0142a <b>postawiona za wz\u00f3r<\/b> wszystkim, b\u0119d\u0105cym w\u00f3wczas w pobli\u017cu. Jezus bowiem powiedzia\u0142 do niej: <i><b>O niewiasto, wielka jest twoja wiara; niech ci si\u0119 stanie, jak chcesz.<\/b><\/i><b> <\/b><\/span><\/span><\/span><\/p>\n<p align=\"justify\"><span style=\"color: #000000;\"><span style=\"font-family: Book Antiqua, serif;\"><span style=\"font-size: large;\">A skoro wydarzenie to zosta\u0142o opisane na kartach Ewangelii, to <b>nie tylko ta garstka ludzi, <\/b>obecnych w\u00f3wczas w owym miejscu, ale <b>niezliczone rzesze czytelnik\u00f3w i s\u0142uchaczy<\/b> Mateuszowej Ewangelii, na przestrzeni dw\u00f3ch tysi\u0119cy lat istnienia Ko\u015bcio\u0142a, <b>zachwyca si\u0119 wielk\u0105 wiar<\/b><b>\u0105<\/b> tej prostej, biednej kobiety, dotkni\u0119tej tak wielkim nieszcz\u0119\u015bciem, ale w\u0142a\u015bnie w obliczu tego nieszcz\u0119\u015bcia \u2013 <b>tak bardzo ufaj\u0105cej Jezusowi i licz\u0105cej na Jego \u0142ask\u0119.<\/b> <\/span><\/span><\/span><\/p>\n<p align=\"justify\"><span style=\"color: #000000;\"><span style=\"font-family: Book Antiqua, serif;\"><span style=\"font-size: large;\">Wracaj\u0105c zatem do pytania, kt\u00f3re postawili\u015bmy na pocz\u0105tku, mo\u017cemy raz jeszcze zastanowi\u0107 si\u0119: <b>czy to B\u00f3g jest zmienny<\/b> w swoim podej\u015bciu do cz\u0142owieka, <b>czy bardziej cz\u0142owiek jest zmienny<\/b> w podej\u015bciu do Boga? I je\u017celi cz\u0142owiek <b>wyka\u017ce si\u0119 <\/b><b>wiar\u0105,<\/b> to do\u015bwiadczy Bo\u017cej pomocy i \u0142aski, ale je\u017celi <b>b\u0119dzie si\u0119 buntowa\u0142 i od Boga odchodzi\u0142,<\/b> to B\u00f3g b\u0119dzie musia\u0142 po prostu uszanowa\u0107 jego wyb\u00f3r?\u2026 <\/span><\/span><\/span><\/p>\n<p align=\"justify\"><span style=\"color: #000000;\"><span style=\"font-family: Book Antiqua, serif;\"><span style=\"font-size: large;\">Mo\u017ce zatem ten <b>pozorn<\/b><b>ie<\/b><b> zmienny obraz Boga, <\/b>jawi\u0105cy si\u0119 na kartach Pisma \u015awi\u0119tego, ale i w wielu \u017cyciowych sytuacjach, dziej\u0105cych si\u0119 w naszej rzeczywisto\u015bci, jest w istocie <b>sposobem <\/b><b>na<\/b><b> dotarci<\/b><b>e Boga do serca<\/b><b> cz\u0142owieka? <\/b>Mo\u017ce to jednak nie B\u00f3g si\u0119 zmienia, tylko cz\u0142owiek jest zmienny, a B\u00f3g \u2013<b> w zale\u017cno\u015bci od sytuacji \u2013 stara si\u0119 poruszy\u0107 ludzkie serce<\/b> w spos\u00f3b najbardziej odpowiedni? <\/span><\/span><\/span><\/p>\n<p align=\"justify\"><span style=\"color: #000000;\"><span style=\"font-family: Book Antiqua, serif;\"><span style=\"font-size: large;\">Oczywi\u015bcie, je\u017celi m\u00f3wimy o wizerunku Boga i o naszych z Nim relacjach, zawsze <b>dotykamy wielkiej tajemnicy,<\/b> przeto proste i jednozdaniowe odpowiedzi b\u0119d\u0105 niewyczerpuj\u0105ce. Natomiast tego jednego mo\u017cemy by\u0107 pewni, \u017ce B\u00f3g jest bardzo, ale to bardzo sta\u0142y w jednym: <b>w pragnieniu <\/b><b>prawdziwego i trwa\u0142ego <\/b><b>szcz\u0119\u015bcia cz\u0142owieka \u2013 i <\/b><b>w<\/b><b> d\u0105\u017ceniu do niego. <\/b><\/span><\/span><\/span><\/p>\n<p align=\"justify\"><span style=\"color: #000000;\"><span style=\"font-family: Book Antiqua, serif;\"><span style=\"font-size: large;\">Oby tak samo zdecydowana by\u0142a nasza odpowied\u017a na to pragnienie \u2013 odpowied\u017a <b>wynikaj\u0105ca z naszej wiary, <\/b>kt\u00f3ra oby tak\u017ce by\u0142a <b>jak najbardziej sta\u0142a i konsekwentna!<\/b><\/span><\/span><\/span><\/p>\n","protected":false},"excerpt":{"rendered":"<p>Szcz\u0119\u015b\u0107 Bo\u017ce! Moi Drodzy, w dniu dzisiejszym urodziny prze\u017cywa Albert Dudzik, za moich czas\u00f3w \u2013 Lektor w Parafii w \u017belech\u00f3w, a obecnie M\u0105\u017c i Ojciec, a tak w og\u00f3le, to fantastyczny Cz\u0142owiek. \u017bycz\u0119 mu stale dobrych natchnie\u0144 i Bo\u017cej opieki na ka\u017cdy dzie\u0144. Zapewniam o modlitwie! Moi Drodzy, w dniu dzisiejszym kilka kolejnych Grup Pielgrzymki [&hellip;]<\/p>\n","protected":false},"author":1,"featured_media":0,"comment_status":"open","ping_status":"open","sticky":false,"template":"","format":"standard","meta":{"jetpack_post_was_ever_published":false,"_jetpack_newsletter_access":"","_jetpack_dont_email_post_to_subs":false,"_jetpack_newsletter_tier_id":0,"_jetpack_memberships_contains_paywalled_content":false,"_jetpack_memberships_contains_paid_content":false,"footnotes":""},"categories":[1],"tags":[],"class_list":["post-20832","post","type-post","status-publish","format-standard","hentry","category-bez-kategorii"],"yoast_head":"<!-- This site is optimized with the Yoast SEO plugin v25.1 - https:\/\/yoast.com\/wordpress\/plugins\/seo\/ -->\n<title>Bo krzyczy za nami... - Gaudium Et Spes<\/title>\n<meta name=\"robots\" content=\"index, follow, max-snippet:-1, max-image-preview:large, max-video-preview:-1\" \/>\n<link rel=\"canonical\" href=\"https:\/\/gaudiumetspes-blog.pl\/index.php\/2022\/08\/03\/bo-krzyczy-za-nami\/\" \/>\n<meta property=\"og:locale\" content=\"pl_PL\" \/>\n<meta property=\"og:type\" content=\"article\" \/>\n<meta property=\"og:title\" content=\"Bo krzyczy za nami... - Gaudium Et Spes\" \/>\n<meta property=\"og:description\" content=\"Szcz\u0119\u015b\u0107 Bo\u017ce! Moi Drodzy, w dniu dzisiejszym urodziny prze\u017cywa Albert Dudzik, za moich czas\u00f3w \u2013 Lektor w Parafii w \u017belech\u00f3w, a obecnie M\u0105\u017c i Ojciec, a tak w og\u00f3le, to fantastyczny Cz\u0142owiek. \u017bycz\u0119 mu stale dobrych natchnie\u0144 i Bo\u017cej opieki na ka\u017cdy dzie\u0144. Zapewniam o modlitwie! Moi Drodzy, w dniu dzisiejszym kilka kolejnych Grup Pielgrzymki [&hellip;]\" \/>\n<meta property=\"og:url\" content=\"https:\/\/gaudiumetspes-blog.pl\/index.php\/2022\/08\/03\/bo-krzyczy-za-nami\/\" \/>\n<meta property=\"og:site_name\" content=\"Gaudium Et Spes\" \/>\n<meta property=\"article:published_time\" content=\"2022-08-03T07:23:46+00:00\" \/>\n<meta name=\"author\" content=\"Ks. Jacek\" \/>\n<meta name=\"twitter:card\" content=\"summary_large_image\" \/>\n<meta name=\"twitter:label1\" content=\"Napisane przez\" \/>\n\t<meta name=\"twitter:data1\" content=\"Ks. Jacek\" \/>\n\t<meta name=\"twitter:label2\" content=\"Szacowany czas czytania\" \/>\n\t<meta name=\"twitter:data2\" content=\"8 minut\" \/>\n<script type=\"application\/ld+json\" class=\"yoast-schema-graph\">{\"@context\":\"https:\/\/schema.org\",\"@graph\":[{\"@type\":\"WebPage\",\"@id\":\"https:\/\/gaudiumetspes-blog.pl\/index.php\/2022\/08\/03\/bo-krzyczy-za-nami\/\",\"url\":\"https:\/\/gaudiumetspes-blog.pl\/index.php\/2022\/08\/03\/bo-krzyczy-za-nami\/\",\"name\":\"Bo krzyczy za nami... - Gaudium Et Spes\",\"isPartOf\":{\"@id\":\"https:\/\/gaudiumetspes-blog.pl\/#website\"},\"datePublished\":\"2022-08-03T07:23:46+00:00\",\"author\":{\"@id\":\"https:\/\/gaudiumetspes-blog.pl\/#\/schema\/person\/1661982992b752dea8dff0d4ed845a65\"},\"breadcrumb\":{\"@id\":\"https:\/\/gaudiumetspes-blog.pl\/index.php\/2022\/08\/03\/bo-krzyczy-za-nami\/#breadcrumb\"},\"inLanguage\":\"pl-PL\",\"potentialAction\":[{\"@type\":\"ReadAction\",\"target\":[\"https:\/\/gaudiumetspes-blog.pl\/index.php\/2022\/08\/03\/bo-krzyczy-za-nami\/\"]}]},{\"@type\":\"BreadcrumbList\",\"@id\":\"https:\/\/gaudiumetspes-blog.pl\/index.php\/2022\/08\/03\/bo-krzyczy-za-nami\/#breadcrumb\",\"itemListElement\":[{\"@type\":\"ListItem\",\"position\":1,\"name\":\"Strona g\u0142\u00f3wna\",\"item\":\"https:\/\/gaudiumetspes-blog.pl\/\"},{\"@type\":\"ListItem\",\"position\":2,\"name\":\"Bo krzyczy za&nbsp;nami&#8230;\"}]},{\"@type\":\"WebSite\",\"@id\":\"https:\/\/gaudiumetspes-blog.pl\/#website\",\"url\":\"https:\/\/gaudiumetspes-blog.pl\/\",\"name\":\"Gaudium Et Spes\",\"description\":\"Blog Ks. Jacka Ja\u015bkowskiego\",\"potentialAction\":[{\"@type\":\"SearchAction\",\"target\":{\"@type\":\"EntryPoint\",\"urlTemplate\":\"https:\/\/gaudiumetspes-blog.pl\/?s={search_term_string}\"},\"query-input\":{\"@type\":\"PropertyValueSpecification\",\"valueRequired\":true,\"valueName\":\"search_term_string\"}}],\"inLanguage\":\"pl-PL\"},{\"@type\":\"Person\",\"@id\":\"https:\/\/gaudiumetspes-blog.pl\/#\/schema\/person\/1661982992b752dea8dff0d4ed845a65\",\"name\":\"Ks. Jacek\",\"image\":{\"@type\":\"ImageObject\",\"inLanguage\":\"pl-PL\",\"@id\":\"https:\/\/gaudiumetspes-blog.pl\/#\/schema\/person\/image\/\",\"url\":\"https:\/\/gaudiumetspes-blog.pl\/wp-content\/uploads\/2019\/07\/avatar-JJ-150x150.jpg\",\"contentUrl\":\"https:\/\/gaudiumetspes-blog.pl\/wp-content\/uploads\/2019\/07\/avatar-JJ-150x150.jpg\",\"caption\":\"Ks. Jacek\"},\"description\":\"Witam serdecznie! K\u0142ania si\u0119 Ks. Jacek Ja\u015bkowski. Nie jestem ani kim\u015b wa\u017cnym, ani kim\u015b znanym. Jestem ksi\u0119dzem, kt\u00f3ry po prostu chce rozmawia\u0107. Codzienna kap\u0142a\u0144ska pos\u0142uga pokazuje mi, \u017ce temat\u00f3w do rozm\u00f3w z ksi\u0119dzem jest coraz wi\u0119cej i dzisiaj \u017caden ksi\u0105dz nie mo\u017ce od nich ucieka\u0107, ale - wprost przeciwnie - podejmowa\u0107 nowe wyzwania. To przekonanie sk\u0142oni\u0142o mnie do pr\u00f3by otwarcia tego\u017c bloga, chocia\u017c okazji do rozm\u00f3w na co dzie\u0144 - w konfesjonale i poza nim - na szcz\u0119\u015bcie nie brakuje. My\u015bl\u0119 jednak, \u017ce ten blog b\u0119dzie jeszcze jednym sposobem i przestrzeni\u0105 nawi\u0105zania kontaktu z lud\u017ami dobrej woli, otwartymi na dialog.\",\"url\":\"https:\/\/gaudiumetspes-blog.pl\/index.php\/author\/ks-jacek\/\"}]}<\/script>\n<!-- \/ Yoast SEO plugin. -->","yoast_head_json":{"title":"Bo krzyczy za nami... - Gaudium Et Spes","robots":{"index":"index","follow":"follow","max-snippet":"max-snippet:-1","max-image-preview":"max-image-preview:large","max-video-preview":"max-video-preview:-1"},"canonical":"https:\/\/gaudiumetspes-blog.pl\/index.php\/2022\/08\/03\/bo-krzyczy-za-nami\/","og_locale":"pl_PL","og_type":"article","og_title":"Bo krzyczy za nami... - Gaudium Et Spes","og_description":"Szcz\u0119\u015b\u0107 Bo\u017ce! Moi Drodzy, w dniu dzisiejszym urodziny prze\u017cywa Albert Dudzik, za moich czas\u00f3w \u2013 Lektor w Parafii w \u017belech\u00f3w, a obecnie M\u0105\u017c i Ojciec, a tak w og\u00f3le, to fantastyczny Cz\u0142owiek. \u017bycz\u0119 mu stale dobrych natchnie\u0144 i Bo\u017cej opieki na ka\u017cdy dzie\u0144. Zapewniam o modlitwie! Moi Drodzy, w dniu dzisiejszym kilka kolejnych Grup Pielgrzymki [&hellip;]","og_url":"https:\/\/gaudiumetspes-blog.pl\/index.php\/2022\/08\/03\/bo-krzyczy-za-nami\/","og_site_name":"Gaudium Et Spes","article_published_time":"2022-08-03T07:23:46+00:00","author":"Ks. Jacek","twitter_card":"summary_large_image","twitter_misc":{"Napisane przez":"Ks. Jacek","Szacowany czas czytania":"8 minut"},"schema":{"@context":"https:\/\/schema.org","@graph":[{"@type":"WebPage","@id":"https:\/\/gaudiumetspes-blog.pl\/index.php\/2022\/08\/03\/bo-krzyczy-za-nami\/","url":"https:\/\/gaudiumetspes-blog.pl\/index.php\/2022\/08\/03\/bo-krzyczy-za-nami\/","name":"Bo krzyczy za nami... - Gaudium Et Spes","isPartOf":{"@id":"https:\/\/gaudiumetspes-blog.pl\/#website"},"datePublished":"2022-08-03T07:23:46+00:00","author":{"@id":"https:\/\/gaudiumetspes-blog.pl\/#\/schema\/person\/1661982992b752dea8dff0d4ed845a65"},"breadcrumb":{"@id":"https:\/\/gaudiumetspes-blog.pl\/index.php\/2022\/08\/03\/bo-krzyczy-za-nami\/#breadcrumb"},"inLanguage":"pl-PL","potentialAction":[{"@type":"ReadAction","target":["https:\/\/gaudiumetspes-blog.pl\/index.php\/2022\/08\/03\/bo-krzyczy-za-nami\/"]}]},{"@type":"BreadcrumbList","@id":"https:\/\/gaudiumetspes-blog.pl\/index.php\/2022\/08\/03\/bo-krzyczy-za-nami\/#breadcrumb","itemListElement":[{"@type":"ListItem","position":1,"name":"Strona g\u0142\u00f3wna","item":"https:\/\/gaudiumetspes-blog.pl\/"},{"@type":"ListItem","position":2,"name":"Bo krzyczy za&nbsp;nami&#8230;"}]},{"@type":"WebSite","@id":"https:\/\/gaudiumetspes-blog.pl\/#website","url":"https:\/\/gaudiumetspes-blog.pl\/","name":"Gaudium Et Spes","description":"Blog Ks. Jacka Ja\u015bkowskiego","potentialAction":[{"@type":"SearchAction","target":{"@type":"EntryPoint","urlTemplate":"https:\/\/gaudiumetspes-blog.pl\/?s={search_term_string}"},"query-input":{"@type":"PropertyValueSpecification","valueRequired":true,"valueName":"search_term_string"}}],"inLanguage":"pl-PL"},{"@type":"Person","@id":"https:\/\/gaudiumetspes-blog.pl\/#\/schema\/person\/1661982992b752dea8dff0d4ed845a65","name":"Ks. Jacek","image":{"@type":"ImageObject","inLanguage":"pl-PL","@id":"https:\/\/gaudiumetspes-blog.pl\/#\/schema\/person\/image\/","url":"https:\/\/gaudiumetspes-blog.pl\/wp-content\/uploads\/2019\/07\/avatar-JJ-150x150.jpg","contentUrl":"https:\/\/gaudiumetspes-blog.pl\/wp-content\/uploads\/2019\/07\/avatar-JJ-150x150.jpg","caption":"Ks. Jacek"},"description":"Witam serdecznie! K\u0142ania si\u0119 Ks. Jacek Ja\u015bkowski. Nie jestem ani kim\u015b wa\u017cnym, ani kim\u015b znanym. Jestem ksi\u0119dzem, kt\u00f3ry po prostu chce rozmawia\u0107. Codzienna kap\u0142a\u0144ska pos\u0142uga pokazuje mi, \u017ce temat\u00f3w do rozm\u00f3w z ksi\u0119dzem jest coraz wi\u0119cej i dzisiaj \u017caden ksi\u0105dz nie mo\u017ce od nich ucieka\u0107, ale - wprost przeciwnie - podejmowa\u0107 nowe wyzwania. To przekonanie sk\u0142oni\u0142o mnie do pr\u00f3by otwarcia tego\u017c bloga, chocia\u017c okazji do rozm\u00f3w na co dzie\u0144 - w konfesjonale i poza nim - na szcz\u0119\u015bcie nie brakuje. My\u015bl\u0119 jednak, \u017ce ten blog b\u0119dzie jeszcze jednym sposobem i przestrzeni\u0105 nawi\u0105zania kontaktu z lud\u017ami dobrej woli, otwartymi na dialog.","url":"https:\/\/gaudiumetspes-blog.pl\/index.php\/author\/ks-jacek\/"}]}},"jetpack_featured_media_url":"","jetpack_sharing_enabled":true,"_links":{"self":[{"href":"https:\/\/gaudiumetspes-blog.pl\/index.php\/wp-json\/wp\/v2\/posts\/20832","targetHints":{"allow":["GET"]}}],"collection":[{"href":"https:\/\/gaudiumetspes-blog.pl\/index.php\/wp-json\/wp\/v2\/posts"}],"about":[{"href":"https:\/\/gaudiumetspes-blog.pl\/index.php\/wp-json\/wp\/v2\/types\/post"}],"author":[{"embeddable":true,"href":"https:\/\/gaudiumetspes-blog.pl\/index.php\/wp-json\/wp\/v2\/users\/1"}],"replies":[{"embeddable":true,"href":"https:\/\/gaudiumetspes-blog.pl\/index.php\/wp-json\/wp\/v2\/comments?post=20832"}],"version-history":[{"count":1,"href":"https:\/\/gaudiumetspes-blog.pl\/index.php\/wp-json\/wp\/v2\/posts\/20832\/revisions"}],"predecessor-version":[{"id":20833,"href":"https:\/\/gaudiumetspes-blog.pl\/index.php\/wp-json\/wp\/v2\/posts\/20832\/revisions\/20833"}],"wp:attachment":[{"href":"https:\/\/gaudiumetspes-blog.pl\/index.php\/wp-json\/wp\/v2\/media?parent=20832"}],"wp:term":[{"taxonomy":"category","embeddable":true,"href":"https:\/\/gaudiumetspes-blog.pl\/index.php\/wp-json\/wp\/v2\/categories?post=20832"},{"taxonomy":"post_tag","embeddable":true,"href":"https:\/\/gaudiumetspes-blog.pl\/index.php\/wp-json\/wp\/v2\/tags?post=20832"}],"curies":[{"name":"wp","href":"https:\/\/api.w.org\/{rel}","templated":true}]}}