{"id":20844,"date":"2022-08-07T05:23:03","date_gmt":"2022-08-07T03:23:03","guid":{"rendered":"https:\/\/gaudiumetspes-blog.pl\/?p=20844"},"modified":"2022-08-07T00:26:41","modified_gmt":"2022-08-06T22:26:41","slug":"przepasane-biodra-i-zapalone-pochodnie","status":"publish","type":"post","link":"https:\/\/gaudiumetspes-blog.pl\/index.php\/2022\/08\/07\/przepasane-biodra-i-zapalone-pochodnie\/","title":{"rendered":"Przepasane biodra &#8211; i zapalone pochodnie!"},"content":{"rendered":"<p align=\"justify\"><span style=\"color: #000000;\"><span style=\"font-family: Book Antiqua, serif;\"><span style=\"font-size: large;\">Niech b\u0119dzie pochwalony Jezus Chrystus! Moi Drodzy, w dniu dzisiejszym <b>urodziny prze\u017cywa Ksi\u0105dz Arkadiusz Bylinka, w swoim czasie aktywnie dzia\u0142aj\u0105cy we Wsp\u00f3lnocie m\u0142odzie\u017cowej w Tr\u0105bkach. \u017bycz\u0119 Jubilatowi <\/b><b>gorliwo\u015bci i zapa\u0142u, aby w sprawach Bo\u017cych i duszpasterskich dawa\u0142 z siebie jak najwi\u0119cej! Wspieram modlitw\u0105!<\/b><\/span><\/span><\/span><\/p>\n<p align=\"justify\"><span style=\"color: #000000;\"><span style=\"font-family: Book Antiqua, serif;\"><span style=\"font-size: large;\">Moi Drodzy, z pewno\u015bci\u0105 jeste\u015bmy wszyscy poruszeni wiadomo\u015bci\u0105 o wczorajszym wypadku polskiego autokaru w Chorwacji. Otoczmy modlitw\u0105 wszystkich Uczestnik\u00f3w tego wydarzenia \u2013 zar\u00f3wno tych, kt\u00f3rzy prze\u017cyli, jak i tych, kt\u00f3rzy zostali odwo\u0142ani z tego \u015bwiata \u2013 oraz Rodziny. <\/span><\/span><\/span><\/p>\n<p align=\"justify\"><span style=\"color: #000000;\"><span style=\"font-family: Book Antiqua, serif;\"><span style=\"font-size: large;\">Przypominam, \u017ce dzisiaj jest pierwsza niedziela miesi\u0105ca. Niech nie zabraknie naszego dzi\u0119kczynienia za eucharystyczn\u0105 Obecno\u015b\u0107 Jezusa w\u015br\u00f3d nas i za ca\u0142ego Dzie\u0142o zbawienia, jakiego dokonuje w Ko\u015bciele. Za t\u0119 szans\u0119 zbawienia, jak\u0105 ka\u017cda i ka\u017cdy z nas od Niego otrzyma\u0142.<\/span><\/span><\/span><\/p>\n<p align=\"justify\"><span style=\"color: #000000;\"><span style=\"font-family: Book Antiqua, serif;\"><span style=\"font-size: large;\">Ja to dzi\u0119kczynienie b\u0119d\u0119 zanosi\u0142 w Parafii Brzeziny, w Dekanacie ryckim naszej Diecezji, gdzie zast\u0119puj\u0119 Proboszcza, mojego Przyjaciela, Ksi\u0119dza Mariusza Szyszko, kt\u00f3remu dzi\u0119kuj\u0119 za wszelk\u0105 \u017cyczliwo\u015b\u0107, pomoc i przyja\u017a\u0144 \u2013 i serdecznie pozdrawiam! Niech tam, na urlopie, wypocznie, ale tak nie za bardzo \u2013 czyli nie tak, \u017ceby Mu si\u0119 ju\u017c odechcia\u0142o wraca\u0107 do Parafii! <\/span><\/span><\/span><\/p>\n<p align=\"justify\"><span style=\"color: #000000;\"><span style=\"font-family: Book Antiqua, serif;\"><span style=\"font-size: large;\">Tymczasem \u2013 pochylmy si\u0119 ju\u017c nad Bo\u017cym s\u0142owem dzisiejszej liturgii. Oto s\u0142\u00f3wko Ksi\u0119dza Marka na dzi\u015b:<\/span><\/span><\/span><\/p>\n<p align=\"justify\"><span style=\"color: #000000;\"><span style=\"font-family: Book Antiqua, serif;\"><span style=\"font-size: medium;\"><a href=\"https:\/\/www.youtube.com\/c\/CatholicSurgut\"><span style=\"font-size: large;\"><b>https:\/\/www.youtube.com\/c\/CatholicSurgut<\/b><\/span><\/a><\/span><\/span><\/span><\/p>\n<p align=\"justify\"><span style=\"color: #000000;\"><span style=\"font-family: Book Antiqua, serif;\"><span style=\"font-size: large;\">Zatem, <b>co konkretnie m\u00f3wi dzi\u015b do mnie Pan? Co szczeg\u00f3lnie chce mi dzisiaj powiedzie\u0107?<\/b> Duchu \u015awi\u0119ty, tchni!<\/span><\/span><\/span><\/p>\n<p align=\"justify\"><span style=\"color: #000000;\"><span style=\"font-family: Book Antiqua, serif;\"><span style=\"font-size: large;\">Na g\u0142\u0119bokie i radosne prze\u017cywanie Dnia Pa\u0144skiego \u2013 <b>niech Was b\u0142ogos\u0142awi B\u00f3g Wszechmog\u0105cy: Ojciec + i Syn, i Duch \u015awi\u0119ty. Amen<\/b><\/span><\/span><\/span><\/p>\n<p align=\"center\"><span style=\"color: #000000;\"><span style=\"font-family: Book Antiqua, serif;\"><span style=\"font-size: large;\">Gaudium et spes! Ks. Jacek<\/span><\/span><\/span><\/p>\n<p align=\"center\">\n<p align=\"center\">\n<p align=\"center\">\n<p align=\"center\">\n<p align=\"center\">\n<p align=\"justify\"><span style=\"color: #000000;\"><span style=\"font-family: Book Antiqua, serif;\"><span style=\"font-size: large;\"><b>19 Niedziela zwyk\u0142a, C,<\/b><\/span><\/span><\/span><\/p>\n<p align=\"justify\"><span style=\"color: #000000;\"><span style=\"font-family: Book Antiqua, serif;\"><span style=\"font-size: large;\"><b>7 sierpnia 2022.,\u00a0<\/b><\/span><\/span><\/span><\/p>\n<p align=\"justify\"><span style=\"color: #000000;\"><span style=\"font-family: Book Antiqua, serif;\"><span style=\"font-size: large;\"><b>do czyta\u0144: Mdr 18,6\u20139; Hbr 11,1\u20132.8\u201319; \u0141k 12,32\u201348<\/b><\/span><\/span><\/span><\/p>\n<p align=\"justify\">\n<p align=\"justify\">\n<p align=\"justify\">\n<p align=\"justify\">\n<p align=\"justify\">\n<p align=\"justify\"><span style=\"color: #000000;\"><span style=\"font-family: Book Antiqua, serif;\"><span style=\"font-size: large;\"><b>CZYTANIE Z KSI\u0118GI M\u0104DRO\u015aCI: <\/b><\/span><\/span><\/span><\/p>\n<p align=\"justify\"><span style=\"color: #000000;\"><span style=\"font-family: Book Antiqua, serif;\"><span style=\"font-size: large;\"><b>Noc wyzwolenia oznajmiono wcze\u015bniej naszym ojcom, by nabrali otuchy wiedz\u0105c niechybnie, jakim przysi\u0119gom zawierzyli. I lud Tw\u00f3j wyczekiwa\u0142 ocalenia sprawiedliwych, a zatraty wrog\u00f3w. Czym bowiem pokara\u0142e\u015b przeciwnik\u00f3w tym uwielbi\u0142e\u015b nas, powo\u0142anych. <\/b><\/span><\/span><\/span><\/p>\n<p align=\"justify\"><span style=\"color: #000000;\"><span style=\"font-family: Book Antiqua, serif;\"><span style=\"font-size: large;\"><b>Pobo\u017cni synowie dobrych sk\u0142adali w ukryciu ofiary i ustanowili zgodnie Boskie prawo, \u017ce te same dobra i niebezpiecze\u0144stwa \u015bwi\u0119ci podejm\u0105 jednakowo. I ju\u017c zaczynali \u015bpiewa\u0107 hymny przodk\u00f3w.<\/b><\/span><\/span><\/span><\/p>\n<p align=\"justify\">\n<p align=\"justify\">\n<p align=\"justify\">\n<p align=\"justify\">\n<p align=\"justify\">\n<p align=\"justify\"><span style=\"color: #000000;\"><span style=\"font-family: Book Antiqua, serif;\"><span style=\"font-size: large;\"><b>CZYTANIE Z LISTU DO HEBRAJCZYK\u00d3W: <\/b><\/span><\/span><\/span><\/p>\n<p align=\"justify\"><span style=\"color: #000000;\"><span style=\"font-family: Book Antiqua, serif;\"><span style=\"font-size: large;\"><b>Bracia: Wiara jest por\u0119k\u0105 tych d\u00f3br, kt\u00f3rych si\u0119 spodziewamy, dowodem tych rzeczywisto\u015bci, kt\u00f3rych nie widzimy. Dla niej to przodkowie otrzymali \u015bwiadectwo. <\/b><\/span><\/span><\/span><\/p>\n<p align=\"justify\"><span style=\"color: #000000;\"><span style=\"font-family: Book Antiqua, serif;\"><span style=\"font-size: large;\"><b>Przez wiar\u0119 ten, kt\u00f3rego nazwano Abrahamem, us\u0142ucha\u0142 wezwania Bo\u017cego, by wyruszy\u0107 do ziemi, kt\u00f3r\u0105 mia\u0142 obj\u0105\u0107 w posiadanie. Wyszed\u0142 nie wiedz\u0105c, dok\u0105d idzie. Przez wiar\u0119 przyw\u0119drowa\u0142 do Ziemi Obiecanej jako ziemi obcej, pod namiotami mieszkaj\u0105c z Izaakiem i Jakubem, wsp\u00f3\u0142dziedzicami tej samej obietnicy. Oczekiwa\u0142 bowiem miasta zbudowanego na silnych fundamentach, kt\u00f3rego architektem i budowniczym jest sam B\u00f3g. <\/b><\/span><\/span><\/span><\/p>\n<p align=\"justify\"><span style=\"color: #000000;\"><span style=\"font-family: Book Antiqua, serif;\"><span style=\"font-size: large;\"><b>Przez wiar\u0119 tak\u017ce i sama Sara mimo podesz\u0142ego wieku otrzyma\u0142a moc pocz\u0119cia. Uzna\u0142a bowiem za godnego wiary Tego, kt\u00f3ry udzieli\u0142 obietnicy. Przeto z cz\u0142owieka jednego, i to ju\u017c niemal obumar\u0142ego, powsta\u0142o potomstwo tak liczne, jak gwiazdy niebieskie, jak niezliczony piasek, kt\u00f3ry jest nad brzegiem morskim. <\/b><\/span><\/span><\/span><\/p>\n<p align=\"justify\"><span style=\"color: #000000;\"><span style=\"font-family: Book Antiqua, serif;\"><span style=\"font-size: large;\"><b>W wierze pomarli oni wszyscy, nie osi\u0105gn\u0105wszy tego, co im przyrzeczono, lecz patrzyli na to z daleka i pozdrawiali, uznawszy siebie za go\u015bci i pielgrzym\u00f3w tej ziemi. Ci bowiem, co tak m\u00f3wi\u0105, okazuj\u0105, \u017ce szukaj\u0105 ojczyzny. Gdyby za\u015b t\u0119 wspominali, z kt\u00f3rej wyszli, znale\u017aliby sposobno\u015b\u0107 powrotu do niej. Teraz za\u015b do lepszej d\u0105\u017c\u0105, to jest do niebieskiej. Dlatego B\u00f3g nie wstydzi si\u0119 nosi\u0107 imi\u0119 ich Boga, gdy\u017c przysposobi\u0142 im miasto. <\/b><\/span><\/span><\/span><\/p>\n<p align=\"justify\"><span style=\"color: #000000;\"><span style=\"font-family: Book Antiqua, serif;\"><span style=\"font-size: large;\"><b>Przez wiar\u0119 Abraham, wystawiony na pr\u00f3b\u0119, ofiarowa\u0142 Izaaka, i to jedynego syna sk\u0142ada\u0142 na ofiar\u0119, on, kt\u00f3ry otrzyma\u0142 obietnic\u0119, kt\u00f3remu powiedziane by\u0142o: \u201eZ Izaaka b\u0119dzie dla ciebie potomstwo\u201d. Pomy\u015bla\u0142 bowiem, i\u017c B\u00f3g mocen wskrzesi\u0107 tak\u017ce umar\u0142ych, i dlatego odzyska\u0142 go jako podobie\u0144stwo \u015bmierci i zmartwychwstania Chrystusa.<\/b><\/span><\/span><\/span><\/p>\n<p align=\"justify\">\n<p align=\"justify\">\n<p align=\"justify\">\n<p align=\"justify\">\n<p align=\"justify\">\n<p align=\"justify\"><span style=\"color: #000000;\"><span style=\"font-family: Book Antiqua, serif;\"><span style=\"font-size: large;\"><b>S\u0141OWA EWANGELII WED\u0141UG \u015aWI\u0118TEGO \u0141UKASZA: <\/b><\/span><\/span><\/span><\/p>\n<p align=\"justify\"><span style=\"color: #000000;\"><span style=\"font-family: Book Antiqua, serif;\"><span style=\"font-size: large;\"><b>Jezus powiedzia\u0142 do swoich uczni\u00f3w: \u201eNie b\u00f3j si\u0119, ma\u0142a trz\u00f3dko, gdy\u017c spodoba\u0142o si\u0119 Ojcu waszemu da\u0107 wam kr\u00f3lestwo. Sprzedajcie wasze mienie i dajcie ja\u0142mu\u017cn\u0119. Sprawcie sobie trzosy, kt\u00f3re nie niszczej\u0105, skarb niewyczerpany w niebie, gdzie z\u0142odziej si\u0119 nie dostaje ani m\u00f3l nie niszczy. Bo gdzie jest skarb wasz, tam b\u0119dzie i serce wasze. <\/b><\/span><\/span><\/span><\/p>\n<p align=\"justify\"><span style=\"color: #000000;\"><span style=\"font-family: Book Antiqua, serif;\"><span style=\"font-size: large;\"><b>Niech b\u0119d\u0105 przepasane biodra wasze i zapalone pochodnie. A wy podobni do ludzi, oczekuj\u0105cych swego pana, kiedy z uczty weselnej powr\u00f3ci; aby mu zaraz otworzy\u0107, gdy nadejdzie i zako\u0142acze. Szcz\u0119\u015bliwi owi s\u0142udzy, kt\u00f3rych pan zastanie czuwaj\u0105cych, gdy nadejdzie. Zaprawd\u0119 powiadam wam: Przepasze si\u0119 i ka\u017ce im zasi\u0105\u015b\u0107 do sto\u0142u, a obchodz\u0105c b\u0119dzie im us\u0142ugiwa\u0142. Czy o drugiej, czy o trzeciej stra\u017cy przyjdzie, szcz\u0119\u015bliwi oni, gdy ich tak zastanie. <\/b><\/span><\/span><\/span><\/p>\n<p align=\"justify\"><span style=\"color: #000000;\"><span style=\"font-family: Book Antiqua, serif;\"><span style=\"font-size: large;\"><b>A to rozumiejcie, \u017ce gdyby gospodarz wiedzia\u0142, o kt\u00f3rej godzinie z\u0142odziej ma przyj\u015b\u0107, nie pozwoli\u0142by w\u0142ama\u0107 si\u0119 do swego domu. Wy te\u017c b\u0105d\u017acie gotowi, gdy\u017c o godzinie, kt\u00f3rej si\u0119 nie domy\u015blacie, Syn Cz\u0142owieczy przyjdzie\u201d. <\/b><\/span><\/span><\/span><\/p>\n<p align=\"justify\"><span style=\"color: #000000;\"><span style=\"font-family: Book Antiqua, serif;\"><span style=\"font-size: large;\"><b>Wtedy Piotr zapyta\u0142: \u201ePanie, czy do nas m\u00f3wisz t\u0119 przypowie\u015b\u0107, czy te\u017c do wszystkich?\u201d Pan odpowiedzia\u0142: \u201eKt\u00f3\u017c jest owym rz\u0105dc\u0105 wiernym i roztropnym, kt\u00f3rego pan ustanowi nad swoj\u0105 s\u0142u\u017cb\u0105, \u017ceby na czas wydziela\u0142 jej \u017cywno\u015b\u0107? Szcz\u0119\u015bliwy ten s\u0142uga, kt\u00f3rego pan, powr\u00f3ciwszy, zastanie przy tej czynno\u015bci. Prawdziwie powiadam wam: Postawi go nad ca\u0142ym swoim mieniem. Lecz je\u015bli \u00f3w s\u0142uga powie sobie w duszy: M\u00f3j pan oci\u0105ga si\u0119 z powrotem \u2013 i zacznie bi\u0107 s\u0142ugi i s\u0142u\u017cebnice, a przy tym je\u015b\u0107, pi\u0107 i upija\u0107 si\u0119, to nadejdzie pan tego s\u0142ugi w dniu, kiedy si\u0119 nie spodziewa, i o godzinie, kt\u00f3rej nie zna; ka\u017ce go \u0107wiartowa\u0107 i z niewiernymi wyznaczy mu miejsce. <\/b><\/span><\/span><\/span><\/p>\n<p align=\"justify\"><span style=\"color: #000000;\"><span style=\"font-family: Book Antiqua, serif;\"><span style=\"font-size: large;\"><b>S\u0142uga, kt\u00f3ry zna wol\u0119 swego pana, a nic nie przyrz\u0105dzi\u0142 i nie uczyni\u0142 zgodnie z jego wol\u0105, otrzyma wielk\u0105 ch\u0142ost\u0119. Ten za\u015b, kt\u00f3ry nie zna jego woli i uczyni\u0142 co\u015b godnego kary, otrzyma ma\u0142\u0105 ch\u0142ost\u0119. <\/b><\/span><\/span><\/span><\/p>\n<p align=\"justify\"><span style=\"color: #000000;\"><span style=\"font-family: Book Antiqua, serif;\"><span style=\"font-size: large;\"><b>Komu wiele dano, od tego wiele wymaga\u0107 si\u0119 b\u0119dzie; a komu wiele zlecono, tym wi\u0119cej od niego \u017c\u0105da\u0107 b\u0119d\u0105\u201d.<\/b><\/span><\/span><\/span><\/p>\n<p align=\"justify\">\n<p align=\"justify\">\n<p align=\"justify\">\n<p align=\"justify\">\n<p align=\"justify\">\n<p align=\"justify\"><span style=\"color: #000000;\"><span style=\"font-family: Book Antiqua, serif;\"><span style=\"font-size: large;\">S\u0142uchaj\u0105c pierwszego dzisiejszego czytania, zapewne zauwa\u017camy \u2013 odczuwamy \u2013 <b>aur\u0119 pewnej tajemniczo\u015bci<\/b> w przekazie Autora biblijnego, ale te\u017c tej tajemniczo\u015bci, kt\u00f3ra towarzyszy\u0142a opisywanym wydarzeniom. Ju\u017c bowiem na pocz\u0105tku s\u0142yszymy: <i><b>Noc wyzwolenia oznajmiono wcze\u015bniej naszym ojcom, by nabrali otuchy wiedz\u0105c niechybnie, jakim przysi\u0119gom zawierzyli.<\/b><\/i><b> <\/b><\/span><\/span><\/span><\/p>\n<p align=\"justify\"><span style=\"color: #000000;\"><span style=\"font-family: Book Antiqua, serif;\"><span style=\"font-size: large;\">Rzecz jasna, chodzi o <b>noc wyzwolenia Izraelit\u00f3w z niewoli egipskiej,<\/b> kt\u00f3re to wydarzenie by\u0142o zapowiadane przez Prorok\u00f3w, a tak wyra\u017anie, ostatecznie i szczeg\u00f3\u0142owo \u2013 <b>przez Moj\u017cesza<\/b> oraz tych, kt\u00f3rzy mu towarzyszyli i wspierali w dziele wyprowadzenia narodu na wolno\u015b\u0107. Im wszystkim za\u015b \u2013 to oczywiste \u2013 <b>nowin\u0119 t\u0119 objawi\u0142 B\u00f3g.<\/b> W tym sensie by\u0142a ona <b>\u00ab<\/b><b>oznajmiona ojcom<\/b><b>\u00bb<\/b><b>,<\/b> aby oni mogli wzbudza\u0107 w sercach swoich rodak\u00f3w <b>nadziej\u0119,<\/b> \u017ce czas uciemi\u0119\u017cenia wreszcie si\u0119 sko\u0144czy i B\u00f3g zainterweniuje. <\/span><\/span><\/span><\/p>\n<p align=\"justify\"><span style=\"color: #000000;\"><span style=\"font-family: Book Antiqua, serif;\"><span style=\"font-size: large;\">Nie trzeba jednak dodawa\u0107, \u017ce t\u0119 nowin\u0119 \u2013 zw\u0142aszcza w warunkach niewoli \u2013 <b>przekazywano sobie potajemnie,<\/b> podobnie jak <b>potajemnie czyniono przygotowania<\/b> do wyj\u015bcia z Egiptu, oraz do poprzedzaj\u0105cej je bezpo\u015brednio uczty paschalnej, kt\u00f3r\u0105 nale\u017ca\u0142o spo\u017cy\u0107 owej nocy w swoich domach \u2013 w\u0142a\u015bnie: <b>w pe\u0142nej gotowo\u015bci do wymarszu! <\/b>Tak to si\u0119 wszystko odby\u0142o \u2013<b> dyskretnie, w ciszy, bez szumu i rozg\u0142osu,<\/b> kt\u00f3ry z pewno\u015bci\u0105 spowodowa\u0142by zainteresowanie Egipcjan i pr\u00f3b\u0119 udaremnienia plan\u00f3w Bo\u017cych. <\/span><\/span><\/span><\/p>\n<p align=\"justify\"><span style=\"color: #000000;\"><span style=\"font-family: Book Antiqua, serif;\"><span style=\"font-size: large;\">Mo\u017cna nawet pr\u00f3bowa\u0107 wyobrazi\u0107 sobie <b>rzeczywisto\u015b\u0107 \u00f3wczesnego Egiptu,<\/b> w kt\u00f3rej to \u017cydowscy niewolnicy ci\u0119\u017cko pracowali, <b>znosz\u0105c uciemi\u0119\u017cenie<\/b> ze strony swoich \u201epan\u00f3w\u201d, ci z kolei <b>pastwili si\u0119 nad nimi<\/b> i mog\u0142oby si\u0119 wydawa\u0107, \u017ce <b>tej sytuacji nie da si\u0119 odmieni\u0107.<\/b> Bo wszystko wskazywa\u0142o na niezwyci\u0119\u017con\u0105 pot\u0119g\u0119 Egiptu, przy jednoczesnej zupe\u0142nej bezradno\u015bci i braku nadziei po stronie zniewolonych Izraelit\u00f3w. <\/span><\/span><\/span><\/p>\n<p align=\"justify\"><span style=\"color: #000000;\"><span style=\"font-family: Book Antiqua, serif;\"><span style=\"font-size: large;\">A tymczasem \u2013 jakby <b>w drugim obiegu, <\/b>w swoistym podziemiu, w ciszy i tajemnicy \u2013 <b>B\u00f3g ju\u017c dzia\u0142a\u0142<\/b> i ludzie dzia\u0142ali pod Jego kierunkiem. B\u00f3g kierowa\u0142 obietnice i zapowiedzi, a kiedy nadszed\u0142 czas w\u0142a\u015bciwy, <b>skierowa\u0142 ju\u017c konkretnego cz\u0142owieka,<\/b> z kt\u00f3rym pozostawa\u0142 w sta\u0142ym kontakcie i kt\u00f3ry \u2013 <b>zgodnie z precyzyjnymi wskazaniami Boga<\/b> \u2013 mia\u0142 doprowadzi\u0107 do uwolnienia rodak\u00f3w. <\/span><\/span><\/span><\/p>\n<p align=\"justify\"><span style=\"color: #000000;\"><span style=\"font-family: Book Antiqua, serif;\"><span style=\"font-size: large;\">Z opis\u00f3w <b>bezpo\u015brednich przygotowa\u0144<\/b> do tego wydarzenia, zapisanych szczeg\u00f3lnie w Ksi\u0119dze Wyj\u015bcia, mo\u017cemy powiedzie\u0107, \u017ce B\u00f3g naprawd\u0119 \u2013 w tym ostatnim czasie, tu\u017c przed wyj\u015bciem \u2013 <b>bardzo si\u0119 osobi\u015bcie zaanga\u017cowa\u0142,<\/b> daj\u0105c wiele szczeg\u00f3\u0142owych wskaza\u0144 i jasno m\u00f3wi\u0105c, <b>co i gdzie, jak i kiedy, nale\u017cy czyni\u0107, <\/b>aby dobrze przygotowa\u0107 si\u0119 do tego tak bardzo oczekiwanego dnia. <\/span><\/span><\/span><\/p>\n<p align=\"justify\"><span style=\"color: #000000;\"><span style=\"font-family: Book Antiqua, serif;\"><span style=\"font-size: large;\">Jednocze\u015bnie tak\u017ce spuszcza\u0142<b> kary i plagi na Egipt,<\/b> co z pewno\u015bci\u0105 powinno da\u0107 do my\u015blenia faraonowi i jego poddanym \u2013 tym bardziej, \u017ce Moj\u017cesz ka\u017cd\u0105 z tych plag <b>osobi\u015bcie faraonowi zapowiada\u0142 i jasno t\u0142umaczy\u0142,<\/b> dlaczego one nast\u0119puj\u0105. By\u0142y wi\u0119c pewne wyra\u017ane znaki na zewn\u0105trz, <b>wi\u0119cej jednak dzia\u0142o si\u0119 w tajemnicy<\/b> \u2013 w ciszy dom\u00f3w Izraelit\u00f3w. Ale poniewa\u017c dzia\u0142o si\u0119 to <b>pod kierunkiem Bo\u017cym,<\/b> dlatego przynios\u0142o d\u0142ugie oczekiwane owoce: nar\u00f3d wybrany po prostu opu\u015bci\u0142 egipsk\u0105 niewol\u0119. <\/span><\/span><\/span><\/p>\n<p align=\"justify\"><span style=\"color: #000000;\"><span style=\"font-family: Book Antiqua, serif;\"><span style=\"font-size: large;\">Mo\u017cemy wi\u0119c powiedzie\u0107, \u017ce dzia\u0142ania podejmowane <b>w ciszy i dyskrecji \u2013 w owym drugim obiegu <\/b>\u2013 przynios\u0142y rozstrzygni\u0119cia na forum publicznym; takie, o kt\u00f3rych mia\u0142a m\u00f3wi\u0107 historia. I w\u0142a\u015bnie po tych wydarzeniach, po ich przebiegu, a potem skutku, ka\u017cdy my\u015bl\u0105cy dochodzi\u0142 do wniosku, \u017ce <b>s\u0105 one<\/b><b> efektem dzia\u0142ania Boga. <\/b>Chocia\u017c Jego interwencji \u2013 w spos\u00f3b fizyczny, zewn\u0119trzny \u2013 <b>wi\u0119kszo\u015b\u0107 nie widzia\u0142a. <\/b><\/span><\/span><\/span><\/p>\n<p align=\"justify\"><span style=\"color: #000000;\"><span style=\"font-family: Book Antiqua, serif;\"><span style=\"font-size: large;\">I podobnie jest <b>z wiar\u0105 cz\u0142owieka. <\/b>W drugim dzisiejszym czytaniu, Autor Listu do Hebrajczyk\u00f3w, daje nam przyk\u0142ady konkretnych ludzi, postaci wa\u017cnych i dobrze znanych, kt\u00f3rych <b>postawa \u2013 i <\/b><b>w og\u00f3le: ca\u0142e \u017cycie \u2013<\/b><b> by\u0142y \u015bwiadectwem wiary.<\/b> Dokonywali oni rzeczy naprawd\u0119 wielkich i wielkie sprawy dzia\u0142y si\u0119 w ich \u017cyciu, ale \u017ar\u00f3d\u0142em tego wszystkiego <b>nie by\u0142a ich osobista wielko\u015b\u0107<\/b> \u2013 a je\u017celi ju\u017c, to polega\u0142a ona na tym, \u017ce <b>byli <\/b><b>oni<\/b><b> lud\u017ami g\u0142\u0119bokiej wiary. <\/b>I pozwalali swemu Bogu dzia\u0142a\u0107 w swoim \u017cyciu. <\/span><\/span><\/span><\/p>\n<p align=\"justify\"><span style=\"color: #000000;\"><span style=\"font-family: Book Antiqua, serif;\"><span style=\"font-size: large;\">A w takiej sytuacji mo\u017cemy m\u00f3wi\u0107 o prawdziwej wielko\u015bci cz\u0142owieka, bo cz\u0142owiek zawsze okazuje si\u0119 <b>prawdziwie wielki, je\u017celi odda si\u0119 ca\u0142kowicie do dyspozycji Boga <\/b>i pozwoli Mu w swoim \u017cyciu dzia\u0142a\u0107 bez przeszk\u00f3d. Dzisiaj s\u0142yszymy <b>o wierze Abrahama i jego \u017cony Sary,<\/b> ale tak\u017ce o wielkiej liczbie tych syn\u00f3w i c\u00f3rek narodu wybranego, kt\u00f3rzy <b>w wierze oczekiwali wype\u0142nienia obietnic Bo\u017cych,<\/b> og\u0142aszanych przez Prorok\u00f3w, a szczeg\u00f3lnie tej najwa\u017cniejszej \u2013 o przyj\u015bciu na \u015bwiat Mesjasza, Syna Bo\u017cego.<b> Wielu nie doczeka\u0142o wype\u0142nienia <\/b>tej zapowiedzi, ale poniewa\u017c w wierze wytrwali, przeto znale\u017ali si\u0119 w wiecznej Ojczy\u017anie. Wiar\u0119 jednak swoj\u0105<b> g\u0142\u0119boko nosili w sercu<\/b> i to ona pozwala\u0142a im przetrwa\u0107 to, co trudne \u2013 i \u017cy\u0107 w spos\u00f3b godny. <\/span><\/span><\/span><\/p>\n<p align=\"justify\"><span style=\"color: #000000;\"><span style=\"font-family: Book Antiqua, serif;\"><span style=\"font-size: large;\">Do takiej w\u0142a\u015bnie postawy zach\u0119ca dzisiaj swoich uczni\u00f3w \u2013 a wi\u0119c tak\u017ce nas wszystkich \u2013 Jezus w swojej Ewangelii. M\u00f3wi: <i><b>Nie b\u00f3j si\u0119, ma\u0142a trz\u00f3dko, gdy\u017c spodoba\u0142o si\u0119 Ojcu waszemu da\u0107 wam kr\u00f3lestwo. Sprzedajcie wasze mienie i dajcie ja\u0142mu\u017cn\u0119. <\/b><\/i><\/span><\/span><\/span><\/p>\n<p align=\"justify\"><span style=\"color: #000000;\"><span style=\"font-family: Book Antiqua, serif;\"><span style=\"font-size: large;\">Powiedzmy sobie szczerze, \u017ce to do\u015b\u0107 <b>odwa\u017cna i \u015bmia\u0142a propozycja:<\/b> sprzedaj wszystko i b\u0105d\u017a szcz\u0119\u015bliwy! Ot, tak sobie! Na szcz\u0119\u015bcie,<b> nasze do\u015bwiadczenie<\/b> w kontakcie z Bo\u017cym s\u0142owem i nasze \u2013 miejmy nadziej\u0119 \u2013 <b>coraz uwa\u017cniejsze s\u0142uchanie <\/b>tego\u017c S\u0142owa pomaga nam zrozumie\u0107, \u017ce tu nie chodzi o <b>dos\u0142owne wyprzedanie wszystkiego, co si\u0119 ma,<\/b> by potem beztrosko \u017cy\u0107, niczym jaki\u015b niebieski ptak. Tylko, \u017ceby by\u0142o jeszcze wiadomo, <b>za co \u017cy\u0107\u2026<\/b> Nie, to nie w tym rzecz. <\/span><\/span><\/span><\/p>\n<p align=\"justify\"><span style=\"color: #000000;\"><span style=\"font-family: Book Antiqua, serif;\"><span style=\"font-size: large;\">Zreszt\u0105, kolejne zdania Jezusowej wypowiedzi pomagaj\u0105 nam zrozumie\u0107 Jego my\u015bl. A chocia\u017cby te s\u0142owa:<i> <\/i><i><b>Sprawcie sobie trzosy, kt\u00f3re nie niszczej\u0105, skarb niewyczerpany w niebie, gdzie z\u0142odziej si\u0119 nie dostaje ani m\u00f3l nie niszczy. Bo gdzie jest skarb wasz, tam b\u0119dzie i serce wasze.<\/b><\/i><b> <\/b>Czy tak\u017ce te: <i><b>Niech b\u0119d\u0105 przepasane biodra wasze i zapalone pochodnie. A wy podobni do ludzi, oczekuj\u0105cych swego pana, kiedy z uczty weselnej powr\u00f3ci; aby mu zaraz otworzy\u0107, gdy nadejdzie i zako\u0142acze. Szcz\u0119\u015bliwi owi s\u0142udzy, kt\u00f3rych pan zastanie czuwaj\u0105cych, gdy nadejdzie.<\/b><\/i><b> <\/b><b>[\u2026]<\/b><b> <\/b><i><b>Wy te\u017c b\u0105d\u017acie gotowi, gdy\u017c o godzinie, kt\u00f3rej si\u0119 nie domy\u015blacie, Syn Cz\u0142owieczy przyjdzie.<\/b><\/i><b> <\/b><\/span><\/span><\/span><\/p>\n<p align=\"justify\"><span style=\"color: #000000;\"><span style=\"font-family: Book Antiqua, serif;\"><span style=\"font-size: large;\">Czy ju\u017c rozumiemy, o co chodzi? Tak, w\u0142a\u015bnie o to, by nie tyle pozby\u0107 si\u0119 wszystkiego, co si\u0119 posiada i \u017cy\u0107, nie wiadomo jak i za co, ale \u017ceby <b>nie przywi\u0105zywa\u0107 si\u0119 <\/b>do tego, co si\u0119 posiada na tym \u015bwiecie. I aby <b>do tego \u015bwiata si\u0119 nie przywi\u0105zywa\u0107,<\/b> bo nasza Ojczyzna jest w Niebie. A zatem, aby <b>\u017cy\u0107 na tym \u015bwiecie<\/b> i robi\u0107 to, co do nas nale\u017cy, ale <b>w g\u0142\u0119bi swego serca utrzymywa\u0107 g\u0142\u0119bok\u0105 <\/b><b>i mocn\u0105<\/b><b> wi\u0119\u017a z Bogiem:<\/b> aby trwa\u0107 na modlitwie, aby z Bogiem rozmawia\u0107 o wszystkim, co si\u0119 w naszym \u017cyciu dzieje, co nas martwi i niepokoi, ale te\u017c cieszy i na duchu podnosi \u2013 o wszystkim. <\/span><\/span><\/span><\/p>\n<p align=\"justify\"><span style=\"color: #000000;\"><span style=\"font-family: Book Antiqua, serif;\"><span style=\"font-size: large;\">I aby\u015bmy byli jak owi s\u0142udzy, <b>gotowi na przyj\u015bcie swego pana,<\/b> czy te\u017c jak Izraelici, kt\u00f3rzy wieczerz\u0119 paschaln\u0105 tamtej pami\u0119tnej nocy <b>mieli spo\u017cywa\u0107 w po\u015bpiechu, gotowi do drogi,<\/b> niemal\u017ce na stoj\u0105co, <b>ubrani i przepasani, <\/b>z laskami w\u0119drownymi w r\u0119ku! Bo ju\u017c zaraz mieli wyruszy\u0107 ku wolno\u015bci! Podobnie i s\u0142udzy z dzisiejszej Ewangelii \u2013 <b>mieli by\u0107 przepasani i gotowi,<\/b> by w ka\u017cdej chwili wyj\u015b\u0107 na spotkanie Pana. <\/span><\/span><\/span><\/p>\n<p align=\"justify\"><span style=\"color: #000000;\"><span style=\"font-family: Book Antiqua, serif;\"><span style=\"font-size: large;\">Wiemy, \u017ce nie zawsze tak by\u0142o i dzi\u015b nie zawsze tak jest \u2013 <b>nie wszyscy s\u0105 gotowi na spotkanie z Panem.<\/b> St\u0105d ostrze\u017cenie, jakie winno dla nas p\u0142yn\u0105\u0107 z postawy z\u0142ego s\u0142ugi, ukazanego w drugiej cz\u0119\u015bci Ewangelii. S\u0142yszymy o nim, \u017ce<b> <\/b><i><b>je\u015bli<\/b><\/i><b> <\/b><b>[taki]<\/b><b> <\/b><i><b>s\u0142uga powie sobie w duszy: M\u00f3j pan oci\u0105ga si\u0119 z powrotem \u2013 i zacznie bi\u0107 s\u0142ugi i s\u0142u\u017cebnice, a przy tym je\u015b\u0107, pi\u0107 i upija\u0107 si\u0119, to nadejdzie pan tego s\u0142ugi w dniu, kiedy si\u0119 nie spodziewa, i o godzinie, kt\u00f3rej nie zna; ka\u017ce go \u0107wiartowa\u0107 i z niewiernymi wyznaczy mu miejsce.<\/b><\/i><b> <\/b><\/span><\/span><\/span><\/p>\n<p align=\"justify\"><span style=\"color: #000000;\"><span style=\"font-family: Book Antiqua, serif;\"><span style=\"font-size: large;\">S\u0142uga \u00f3w, to uosobienie ka\u017cdego, kto zbyt szybko i zbyt \u0142atwo <b>uwierzy\u0142 w siebie, a zapomnia\u0142, komu s\u0142u\u017cy<\/b> i od kogo ma wszystko, co ma. Taki cz\u0142owiek oczywi\u015bcie<b> jest zaskoczony spotkaniem<\/b> ze swoim Panem, a je\u015bli m\u00f3wimy o tym spotkaniu na S\u0105dzie Bo\u017cym, to takie zaskoczenie <b>skutkuje wielk\u0105 tragedi\u0105,<\/b> bo niestety oznacza <b>wyrok pot\u0119pienia na wieki.<\/b> <\/span><\/span><\/span><\/p>\n<p align=\"justify\"><span style=\"color: #000000;\"><span style=\"font-family: Book Antiqua, serif;\"><span style=\"font-size: large;\">Dlatego my, chrze\u015bcijanie \u2013 przyjaciele i wyznawcy Jezusa Chrystusa, a tak\u017ce Jego uczniowie, zas\u0142uchani w Jego s\u0142owo \u2013 <b>nie chcemy koncentrowa\u0107 ca\u0142ej naszej uwagi<\/b> na tym \u017cyciu doczesnym. Owszem, mamy zabiega\u0107 <b>o godziwy poziom<\/b> tego \u017cycia, bo trzeba co\u015b je\u015b\u0107, w co\u015b si\u0119 ubra\u0107, trzeba te\u017c na jaki\u015b wypoczynek wyjecha\u0107 \u2013 <b>to nie s\u0105 jakie\u015b luksusy,<\/b> zarezerwowane dla kasty najwy\u017cej postawionych osobisto\u015bci w spo\u0142ecze\u0144stwie. <\/span><\/span><\/span><\/p>\n<p align=\"justify\"><span style=\"color: #000000;\"><span style=\"font-family: Book Antiqua, serif;\"><span style=\"font-size: large;\">To s\u0105 <b>prawa, przys\u0142uguj\u0105ce ka\u017cdemu cz\u0142owiekowi,<\/b> uczciwie pracuj\u0105cemu na chleb. Mamy prawo zabiega\u0107 o jaki\u015b <b>rozs\u0105dny standard naszego \u017cycia,<\/b> mieszka\u0107 w porz\u0105dnym domu, je\u017adzi\u0107 sprawnym, bezpiecznym autem \u2013 wcale nie jakim\u015b \u201esypi\u0105cym si\u0119 truposzem\u201d \u2013 mamy te\u017c <b>rozwija\u0107 swoje pasje,<\/b> zainteresowania, mo\u017ce tak\u017ce kolekcjonowa\u0107 jakie\u015b przedmioty, kt\u00f3re lubimy\u2026 To wszystko jest <b>dobre, potrzebne, ciekawe.<\/b> To wszystko jako\u015b cz\u0142owieka rozwija. <\/span><\/span><\/span><\/p>\n<p align=\"justify\"><span style=\"color: #000000;\"><span style=\"font-family: Book Antiqua, serif;\"><span style=\"font-size: large;\">Ale <b>nie mo\u017ce mu w g\u0142owie zawr\u00f3ci\u0107!<\/b> I nie mo\u017ce on z tego wszystkiego <b>uczyni\u0107 bo\u017cka! <\/b>Podobnie, jak i z kariery, i z wysokiego stanowiska, czy tytu\u0142u naukowego. To wszystko ma <b>s\u0142u\u017cy\u0107 cz\u0142owiekowi w jego d\u0105\u017ceniu do wiecznej Ojczyzny,<\/b> ale nie mo\u017ce si\u0119 sta\u0107 <b>celem samym w sobie!<\/b> <\/span><\/span><\/span><\/p>\n<p align=\"justify\"><span style=\"color: #000000;\"><span style=\"font-family: Book Antiqua, serif;\"><span style=\"font-size: large;\">\u017beby to jeszcze raz powt\u00f3rzy\u0107:<b> nie mo\u017ce si\u0119 sta\u0107 bo\u017ckiem, w kt\u00f3rego si\u0119 wierzy,<\/b> jak wierzy si\u0119 w tego prawdziwego Boga. Bo \u2013 niestety \u2013 je\u017celi si\u0119 w tamte, fa\u0142szywe b\u00f3stwa zbytnio wierzy, to ju\u017c w tego <b>prawdziwego Boga zwykle si\u0119 nie wierzy. <\/b>A to w\u0142a\u015bnie w tego prawdziwego i jedynego Boga mamy wierzy\u0107! Mamy <b>\u017cy\u0107 na tej ziemi,<\/b> tu uczy\u0107 si\u0119 i pracowa\u0107, zdobywa\u0107 kolejne stopnie wykszta\u0142cenia i awansu, zdobywa\u0107 tak\u017ce \u015brodki na utrzymanie i godziwe \u017cycie \u2013 ale to wszystko <b>ma by\u0107 nasz\u0105 drog\u0105 do Nieba, <\/b>czyli do tej <b>jedynej i prawdziwej Ojczyzny,<\/b> kt\u00f3ra winna by\u0107 celem naszych d\u0105\u017ce\u0144. <\/span><\/span><\/span><\/p>\n<p align=\"justify\"><span style=\"color: #000000;\"><span style=\"font-family: Book Antiqua, serif;\"><span style=\"font-size: large;\">Czyli \u2013 pos\u0142uguj\u0105c si\u0119 obrazami z dzisiejszej liturgii S\u0142owa \u2013 mamy by\u0107 <b>przepasani i gotowi do drogi.<\/b> Mamy by\u0107 <b>ci\u0105gle w drodze<\/b> \u2013 w tej drodze przez \u017cycie \u2013 a jednocze\u015bnie <b>gotowi do drogi,<\/b> tej do domu Ojca, <b>gdyby Pan <\/b><b>nagle <\/b><b>przyszed\u0142<\/b> i zaprosi\u0142 nas do siebie. <\/span><\/span><\/span><\/p>\n<p align=\"justify\"><span style=\"color: #000000;\"><span style=\"font-family: Book Antiqua, serif;\"><span style=\"font-size: large;\"><b>Jak to sprawdzi\u0107,<\/b> moi Drodzy, czy jestem na w\u0142a\u015bciwej drodze, czy nie? Czy mam biodra przepasane i<b> mog\u0119 wyj\u015b\u0107 na spotkanie Pana, <\/b>czy nie? Czy to wszystko, co posiadam i czym si\u0119 zajmuj\u0119, <b>jest dla mnie tylko \u015brodkiem<\/b> do tego jednego i prawdziwego celu \u2013 czy celem samym w sobie? Jak to sprawdzi\u0107? <\/span><\/span><\/span><\/p>\n<p align=\"justify\"><span style=\"color: #000000;\"><span style=\"font-family: Book Antiqua, serif;\"><span style=\"font-size: large;\">Wbrew pozorom \u2013<b> bardzo \u0142atwo. <\/b>Trzeba sobie po prostu odpowiedzie\u0107 na pytanie, czy jestem gotowy <b>w tej chwili <\/b><b>zostawi\u0107 to wszystko<\/b> i odej\u015b\u0107 z tego \u015bwiata, czy nie? Czyli: co bym zrobi\u0142, gdybym si\u0119 dowiedzia\u0142, \u017ce<b> jeszcze dzisiaj zako\u0144cz\u0119 \u017cycie?<\/b> Czy przyj\u0105\u0142bym to <b>ze spokojem, <\/b>czy dopiero zacz\u0119\u0142aby si\u0119 panika i <b>szukanie konfesjona\u0142u, <\/b>\u017ceby si\u0119 jeszcze wyspowiada\u0107, i <b>telefonu, <\/b>\u017ceby zadzwoni\u0107 do tysi\u0105ca os\u00f3b, \u017ceby jakie\u015b sprawy przekaza\u0107, a mo\u017ce jeszcze kogo\u015b przeprosi\u0107, a mo\u017ce jeszcze <b>jakie\u015b zadawnione sprawy uregulowa\u0107?\u2026 <\/b>Czy jestem gotowy <b>dzisiaj zostawi\u0107 wszystko<\/b> i i\u015b\u0107 na spotkanie Pana?<\/span><\/span><\/span><\/p>\n<p align=\"justify\"><span style=\"color: #000000;\"><span style=\"font-family: Book Antiqua, serif;\"><span style=\"font-size: large;\">Ja mam \u015bwiadomo\u015b\u0107, \u017ce to<b> bardzo trudne pytanie,<\/b> a jeszcze trudniejsza na nie jest odpowied\u017a, bo to<b> nie takie wszystko proste.<\/b> Bo nawet nie musimy mie\u0107 jakich\u015b zatarg\u00f3w z lud\u017ami, a i <b>z Bogiem mo\u017cemy by\u0107 blisko,<\/b> chocia\u017cby pozostaj\u0105c w sta\u0142ym stanie \u0142aski u\u015bwi\u0119caj\u0105cej, a i tak pewnie <b>by\u015bmy si\u0119 martwili,<\/b> kto i jak zajmie si\u0119 naszym domem, nasz\u0105 rodzin\u0105; kto i jak b\u0119dzie kontynuowa\u0142 nasze prace i nasze starania\u2026 To takie <b>naturalne odruchy ludzkiego serca.<\/b> <\/span><\/span><\/span><\/p>\n<p align=\"justify\"><span style=\"color: #000000;\"><span style=\"font-family: Book Antiqua, serif;\"><span style=\"font-size: large;\">Ale przecie\u017c wiemy, \u017ce tego typu sytuacje <b>dziej\u0105 si\u0119 na naszych oczach \u2013<\/b> ludzie odchodz\u0105 <b>nagle, z marszu,<\/b> bez ostrze\u017cenia i bez d\u0142ugiego przygotowywania si\u0119: a to <b>w wyniku wypadku,<\/b> a to w wyniku <b>zawa\u0142u czy ataku serca, <\/b>czy z r\u00f3\u017cnych jeszcze innych przyczyn\u2026 Zatem, pytania, jakie tu sobie postawili\u015bmy, nie s\u0105 ani czym\u015b bezsensownym, ani czym\u015b na wyrost. <\/span><\/span><\/span><\/p>\n<p align=\"justify\"><span style=\"color: #000000;\"><span style=\"font-family: Book Antiqua, serif;\"><span style=\"font-size: large;\">I nie chodzi tu o to, <b>aby\u015bmy \u017cyli w ci\u0105g\u0142ym strachu,<\/b> siej\u0105c jeszcze panik\u0119 dooko\u0142a, \u017ce co to b\u0119dzie, jak nagle zaraz wszyscy pomrzemy. Nie, nie trzeba \u017cy\u0107 strachem. <b>Trzeba \u017cy\u0107 wiar\u0105! <\/b>Po prostu <b>\u2013 trzeba \u017cy\u0107 wiar\u0105! <\/b><\/span><\/span><\/span><\/p>\n<p align=\"justify\"><span style=\"color: #000000;\"><span style=\"font-family: Book Antiqua, serif;\"><span style=\"font-size: large;\">Ale nie tak\u0105, kt\u00f3ra si\u0119 afiszuje i obnosi, kt\u00f3ra du\u017co szumu wok\u00f3\u0142 siebie robi, lecz nie wida\u0107 jej w \u017cyciu i postawie \u2013 tylko dok\u0142adnie odwrotnie: <b>tak\u0105 wiar\u0105, kt\u00f3rej przyk\u0142ad daje Abraham<\/b> i wielcy ludzie Starego Testamentu, ale tak\u017ce wielcy \u015awi\u0119ci Ko\u015bcio\u0142a, czyli tak\u0105 wiar\u0105, kt\u00f3rej <b>symbolem <\/b><b>s\u0105 owi<\/b><b> dobr<\/b><b>zy<\/b><b> s\u0142u<\/b><b>dzy<\/b> z dzisiejszej Ewangelii, o kt\u00f3rych Jezus powiedzia\u0142 dzi\u015b: <i><b>Szcz\u0119\u015bliwi owi s\u0142udzy, kt\u00f3rych pan zastanie czuwaj\u0105cych, gdy nadejdzie. Zaprawd\u0119 powiadam wam: Przepasze si\u0119 i ka\u017ce im zasi\u0105\u015b\u0107 do sto\u0142u, a obchodz\u0105c b\u0119dzie im us\u0142ugiwa\u0142. Czy o drugiej, czy o trzeciej stra\u017cy przyjdzie, szcz\u0119\u015bliwi oni, gdy ich tak zastanie.<\/b><\/i><b> <\/b>Oby i o nas m\u00f3g\u0142 tak powiedzie\u0107!<\/span><\/span><\/span><\/p>\n<p align=\"justify\"><span style=\"color: #000000;\"><span style=\"font-family: Book Antiqua, serif;\"><span style=\"font-size: large;\">Oby nasze \u017cycie i nasza postawa by\u0142y ci\u0105g\u0142ym pod\u0105\u017caniem, ci\u0105g\u0142ym <b>byciem w drodze \u2013 do wiecznej Ojczyzny. <\/b>Niech nam w tym pomagaj\u0105 te wszystkie wskazania, jakich Pan dzisiaj udzieli\u0142 nam, w swoim S\u0142owie. <\/span><\/span><\/span><\/p>\n<p align=\"justify\"><span style=\"color: #000000;\"><span style=\"font-family: Book Antiqua, serif;\"><span style=\"font-size: large;\">A tak wyra\u017anie i mocno niech wybrzmi\u0105 w naszych sercach ostatnie s\u0142owa z dzisiejszej Ewangelii \u2013 s\u0142owa <b>dotycz\u0105<\/b><b>ce<\/b><b> w\u0142a\u015bnie nas,<\/b> kt\u00f3rym Pan tak du\u017co da\u0142 i tak bardzo zaufa\u0142 \u2013 te oto mocne s\u0142owa: <i><b>Komu wiele dano, od tego wiele wymaga\u0107 si\u0119 b\u0119dzie; a komu wiele zlecono, tym wi\u0119cej od niego \u017c\u0105da\u0107 b\u0119d\u0105\u2026<\/b><\/i>Ale po to, by\u015bmy potem, w Domu Ojca, mogli otrzyma\u0107<b> jeszcze wi\u0119cej! <\/b>Du\u017co, du\u017co wi\u0119cej!<\/span><\/span><\/span><\/p>\n","protected":false},"excerpt":{"rendered":"<p>Niech b\u0119dzie pochwalony Jezus Chrystus! Moi Drodzy, w dniu dzisiejszym urodziny prze\u017cywa Ksi\u0105dz Arkadiusz Bylinka, w swoim czasie aktywnie dzia\u0142aj\u0105cy we Wsp\u00f3lnocie m\u0142odzie\u017cowej w Tr\u0105bkach. \u017bycz\u0119 Jubilatowi gorliwo\u015bci i zapa\u0142u, aby w sprawach Bo\u017cych i duszpasterskich dawa\u0142 z siebie jak najwi\u0119cej! Wspieram modlitw\u0105! Moi Drodzy, z pewno\u015bci\u0105 jeste\u015bmy wszyscy poruszeni wiadomo\u015bci\u0105 o wczorajszym wypadku polskiego [&hellip;]<\/p>\n","protected":false},"author":1,"featured_media":0,"comment_status":"open","ping_status":"open","sticky":false,"template":"","format":"standard","meta":{"jetpack_post_was_ever_published":false,"_jetpack_newsletter_access":"","_jetpack_dont_email_post_to_subs":false,"_jetpack_newsletter_tier_id":0,"_jetpack_memberships_contains_paywalled_content":false,"_jetpack_memberships_contains_paid_content":false,"footnotes":""},"categories":[1],"tags":[],"class_list":["post-20844","post","type-post","status-publish","format-standard","hentry","category-bez-kategorii"],"yoast_head":"<!-- This site is optimized with the Yoast SEO plugin v25.1 - https:\/\/yoast.com\/wordpress\/plugins\/seo\/ -->\n<title>Przepasane biodra - i zapalone pochodnie! - Gaudium Et Spes<\/title>\n<meta name=\"robots\" content=\"index, follow, max-snippet:-1, max-image-preview:large, max-video-preview:-1\" \/>\n<link rel=\"canonical\" href=\"https:\/\/gaudiumetspes-blog.pl\/index.php\/2022\/08\/07\/przepasane-biodra-i-zapalone-pochodnie\/\" \/>\n<meta property=\"og:locale\" content=\"pl_PL\" \/>\n<meta property=\"og:type\" content=\"article\" \/>\n<meta property=\"og:title\" content=\"Przepasane biodra - i zapalone pochodnie! - Gaudium Et Spes\" \/>\n<meta property=\"og:description\" content=\"Niech b\u0119dzie pochwalony Jezus Chrystus! Moi Drodzy, w dniu dzisiejszym urodziny prze\u017cywa Ksi\u0105dz Arkadiusz Bylinka, w swoim czasie aktywnie dzia\u0142aj\u0105cy we Wsp\u00f3lnocie m\u0142odzie\u017cowej w Tr\u0105bkach. \u017bycz\u0119 Jubilatowi gorliwo\u015bci i zapa\u0142u, aby w sprawach Bo\u017cych i duszpasterskich dawa\u0142 z siebie jak najwi\u0119cej! Wspieram modlitw\u0105! Moi Drodzy, z pewno\u015bci\u0105 jeste\u015bmy wszyscy poruszeni wiadomo\u015bci\u0105 o wczorajszym wypadku polskiego [&hellip;]\" \/>\n<meta property=\"og:url\" content=\"https:\/\/gaudiumetspes-blog.pl\/index.php\/2022\/08\/07\/przepasane-biodra-i-zapalone-pochodnie\/\" \/>\n<meta property=\"og:site_name\" content=\"Gaudium Et Spes\" \/>\n<meta property=\"article:published_time\" content=\"2022-08-07T03:23:03+00:00\" \/>\n<meta name=\"author\" content=\"Ks. Jacek\" \/>\n<meta name=\"twitter:card\" content=\"summary_large_image\" \/>\n<meta name=\"twitter:label1\" content=\"Napisane przez\" \/>\n\t<meta name=\"twitter:data1\" content=\"Ks. Jacek\" \/>\n\t<meta name=\"twitter:label2\" content=\"Szacowany czas czytania\" \/>\n\t<meta name=\"twitter:data2\" content=\"17 minut\" \/>\n<script type=\"application\/ld+json\" class=\"yoast-schema-graph\">{\"@context\":\"https:\/\/schema.org\",\"@graph\":[{\"@type\":\"WebPage\",\"@id\":\"https:\/\/gaudiumetspes-blog.pl\/index.php\/2022\/08\/07\/przepasane-biodra-i-zapalone-pochodnie\/\",\"url\":\"https:\/\/gaudiumetspes-blog.pl\/index.php\/2022\/08\/07\/przepasane-biodra-i-zapalone-pochodnie\/\",\"name\":\"Przepasane biodra - i zapalone pochodnie! - Gaudium Et Spes\",\"isPartOf\":{\"@id\":\"https:\/\/gaudiumetspes-blog.pl\/#website\"},\"datePublished\":\"2022-08-07T03:23:03+00:00\",\"author\":{\"@id\":\"https:\/\/gaudiumetspes-blog.pl\/#\/schema\/person\/1661982992b752dea8dff0d4ed845a65\"},\"breadcrumb\":{\"@id\":\"https:\/\/gaudiumetspes-blog.pl\/index.php\/2022\/08\/07\/przepasane-biodra-i-zapalone-pochodnie\/#breadcrumb\"},\"inLanguage\":\"pl-PL\",\"potentialAction\":[{\"@type\":\"ReadAction\",\"target\":[\"https:\/\/gaudiumetspes-blog.pl\/index.php\/2022\/08\/07\/przepasane-biodra-i-zapalone-pochodnie\/\"]}]},{\"@type\":\"BreadcrumbList\",\"@id\":\"https:\/\/gaudiumetspes-blog.pl\/index.php\/2022\/08\/07\/przepasane-biodra-i-zapalone-pochodnie\/#breadcrumb\",\"itemListElement\":[{\"@type\":\"ListItem\",\"position\":1,\"name\":\"Strona g\u0142\u00f3wna\",\"item\":\"https:\/\/gaudiumetspes-blog.pl\/\"},{\"@type\":\"ListItem\",\"position\":2,\"name\":\"Przepasane biodra &#8211; i&nbsp;zapalone pochodnie!\"}]},{\"@type\":\"WebSite\",\"@id\":\"https:\/\/gaudiumetspes-blog.pl\/#website\",\"url\":\"https:\/\/gaudiumetspes-blog.pl\/\",\"name\":\"Gaudium Et Spes\",\"description\":\"Blog Ks. Jacka Ja\u015bkowskiego\",\"potentialAction\":[{\"@type\":\"SearchAction\",\"target\":{\"@type\":\"EntryPoint\",\"urlTemplate\":\"https:\/\/gaudiumetspes-blog.pl\/?s={search_term_string}\"},\"query-input\":{\"@type\":\"PropertyValueSpecification\",\"valueRequired\":true,\"valueName\":\"search_term_string\"}}],\"inLanguage\":\"pl-PL\"},{\"@type\":\"Person\",\"@id\":\"https:\/\/gaudiumetspes-blog.pl\/#\/schema\/person\/1661982992b752dea8dff0d4ed845a65\",\"name\":\"Ks. Jacek\",\"image\":{\"@type\":\"ImageObject\",\"inLanguage\":\"pl-PL\",\"@id\":\"https:\/\/gaudiumetspes-blog.pl\/#\/schema\/person\/image\/\",\"url\":\"https:\/\/gaudiumetspes-blog.pl\/wp-content\/uploads\/2019\/07\/avatar-JJ-150x150.jpg\",\"contentUrl\":\"https:\/\/gaudiumetspes-blog.pl\/wp-content\/uploads\/2019\/07\/avatar-JJ-150x150.jpg\",\"caption\":\"Ks. Jacek\"},\"description\":\"Witam serdecznie! K\u0142ania si\u0119 Ks. Jacek Ja\u015bkowski. Nie jestem ani kim\u015b wa\u017cnym, ani kim\u015b znanym. Jestem ksi\u0119dzem, kt\u00f3ry po prostu chce rozmawia\u0107. Codzienna kap\u0142a\u0144ska pos\u0142uga pokazuje mi, \u017ce temat\u00f3w do rozm\u00f3w z ksi\u0119dzem jest coraz wi\u0119cej i dzisiaj \u017caden ksi\u0105dz nie mo\u017ce od nich ucieka\u0107, ale - wprost przeciwnie - podejmowa\u0107 nowe wyzwania. To przekonanie sk\u0142oni\u0142o mnie do pr\u00f3by otwarcia tego\u017c bloga, chocia\u017c okazji do rozm\u00f3w na co dzie\u0144 - w konfesjonale i poza nim - na szcz\u0119\u015bcie nie brakuje. My\u015bl\u0119 jednak, \u017ce ten blog b\u0119dzie jeszcze jednym sposobem i przestrzeni\u0105 nawi\u0105zania kontaktu z lud\u017ami dobrej woli, otwartymi na dialog.\",\"url\":\"https:\/\/gaudiumetspes-blog.pl\/index.php\/author\/ks-jacek\/\"}]}<\/script>\n<!-- \/ Yoast SEO plugin. -->","yoast_head_json":{"title":"Przepasane biodra - i zapalone pochodnie! - Gaudium Et Spes","robots":{"index":"index","follow":"follow","max-snippet":"max-snippet:-1","max-image-preview":"max-image-preview:large","max-video-preview":"max-video-preview:-1"},"canonical":"https:\/\/gaudiumetspes-blog.pl\/index.php\/2022\/08\/07\/przepasane-biodra-i-zapalone-pochodnie\/","og_locale":"pl_PL","og_type":"article","og_title":"Przepasane biodra - i zapalone pochodnie! - Gaudium Et Spes","og_description":"Niech b\u0119dzie pochwalony Jezus Chrystus! Moi Drodzy, w dniu dzisiejszym urodziny prze\u017cywa Ksi\u0105dz Arkadiusz Bylinka, w swoim czasie aktywnie dzia\u0142aj\u0105cy we Wsp\u00f3lnocie m\u0142odzie\u017cowej w Tr\u0105bkach. \u017bycz\u0119 Jubilatowi gorliwo\u015bci i zapa\u0142u, aby w sprawach Bo\u017cych i duszpasterskich dawa\u0142 z siebie jak najwi\u0119cej! Wspieram modlitw\u0105! Moi Drodzy, z pewno\u015bci\u0105 jeste\u015bmy wszyscy poruszeni wiadomo\u015bci\u0105 o wczorajszym wypadku polskiego [&hellip;]","og_url":"https:\/\/gaudiumetspes-blog.pl\/index.php\/2022\/08\/07\/przepasane-biodra-i-zapalone-pochodnie\/","og_site_name":"Gaudium Et Spes","article_published_time":"2022-08-07T03:23:03+00:00","author":"Ks. Jacek","twitter_card":"summary_large_image","twitter_misc":{"Napisane przez":"Ks. Jacek","Szacowany czas czytania":"17 minut"},"schema":{"@context":"https:\/\/schema.org","@graph":[{"@type":"WebPage","@id":"https:\/\/gaudiumetspes-blog.pl\/index.php\/2022\/08\/07\/przepasane-biodra-i-zapalone-pochodnie\/","url":"https:\/\/gaudiumetspes-blog.pl\/index.php\/2022\/08\/07\/przepasane-biodra-i-zapalone-pochodnie\/","name":"Przepasane biodra - i zapalone pochodnie! - Gaudium Et Spes","isPartOf":{"@id":"https:\/\/gaudiumetspes-blog.pl\/#website"},"datePublished":"2022-08-07T03:23:03+00:00","author":{"@id":"https:\/\/gaudiumetspes-blog.pl\/#\/schema\/person\/1661982992b752dea8dff0d4ed845a65"},"breadcrumb":{"@id":"https:\/\/gaudiumetspes-blog.pl\/index.php\/2022\/08\/07\/przepasane-biodra-i-zapalone-pochodnie\/#breadcrumb"},"inLanguage":"pl-PL","potentialAction":[{"@type":"ReadAction","target":["https:\/\/gaudiumetspes-blog.pl\/index.php\/2022\/08\/07\/przepasane-biodra-i-zapalone-pochodnie\/"]}]},{"@type":"BreadcrumbList","@id":"https:\/\/gaudiumetspes-blog.pl\/index.php\/2022\/08\/07\/przepasane-biodra-i-zapalone-pochodnie\/#breadcrumb","itemListElement":[{"@type":"ListItem","position":1,"name":"Strona g\u0142\u00f3wna","item":"https:\/\/gaudiumetspes-blog.pl\/"},{"@type":"ListItem","position":2,"name":"Przepasane biodra &#8211; i&nbsp;zapalone pochodnie!"}]},{"@type":"WebSite","@id":"https:\/\/gaudiumetspes-blog.pl\/#website","url":"https:\/\/gaudiumetspes-blog.pl\/","name":"Gaudium Et Spes","description":"Blog Ks. Jacka Ja\u015bkowskiego","potentialAction":[{"@type":"SearchAction","target":{"@type":"EntryPoint","urlTemplate":"https:\/\/gaudiumetspes-blog.pl\/?s={search_term_string}"},"query-input":{"@type":"PropertyValueSpecification","valueRequired":true,"valueName":"search_term_string"}}],"inLanguage":"pl-PL"},{"@type":"Person","@id":"https:\/\/gaudiumetspes-blog.pl\/#\/schema\/person\/1661982992b752dea8dff0d4ed845a65","name":"Ks. Jacek","image":{"@type":"ImageObject","inLanguage":"pl-PL","@id":"https:\/\/gaudiumetspes-blog.pl\/#\/schema\/person\/image\/","url":"https:\/\/gaudiumetspes-blog.pl\/wp-content\/uploads\/2019\/07\/avatar-JJ-150x150.jpg","contentUrl":"https:\/\/gaudiumetspes-blog.pl\/wp-content\/uploads\/2019\/07\/avatar-JJ-150x150.jpg","caption":"Ks. Jacek"},"description":"Witam serdecznie! K\u0142ania si\u0119 Ks. Jacek Ja\u015bkowski. Nie jestem ani kim\u015b wa\u017cnym, ani kim\u015b znanym. Jestem ksi\u0119dzem, kt\u00f3ry po prostu chce rozmawia\u0107. Codzienna kap\u0142a\u0144ska pos\u0142uga pokazuje mi, \u017ce temat\u00f3w do rozm\u00f3w z ksi\u0119dzem jest coraz wi\u0119cej i dzisiaj \u017caden ksi\u0105dz nie mo\u017ce od nich ucieka\u0107, ale - wprost przeciwnie - podejmowa\u0107 nowe wyzwania. To przekonanie sk\u0142oni\u0142o mnie do pr\u00f3by otwarcia tego\u017c bloga, chocia\u017c okazji do rozm\u00f3w na co dzie\u0144 - w konfesjonale i poza nim - na szcz\u0119\u015bcie nie brakuje. My\u015bl\u0119 jednak, \u017ce ten blog b\u0119dzie jeszcze jednym sposobem i przestrzeni\u0105 nawi\u0105zania kontaktu z lud\u017ami dobrej woli, otwartymi na dialog.","url":"https:\/\/gaudiumetspes-blog.pl\/index.php\/author\/ks-jacek\/"}]}},"jetpack_featured_media_url":"","jetpack_sharing_enabled":true,"_links":{"self":[{"href":"https:\/\/gaudiumetspes-blog.pl\/index.php\/wp-json\/wp\/v2\/posts\/20844","targetHints":{"allow":["GET"]}}],"collection":[{"href":"https:\/\/gaudiumetspes-blog.pl\/index.php\/wp-json\/wp\/v2\/posts"}],"about":[{"href":"https:\/\/gaudiumetspes-blog.pl\/index.php\/wp-json\/wp\/v2\/types\/post"}],"author":[{"embeddable":true,"href":"https:\/\/gaudiumetspes-blog.pl\/index.php\/wp-json\/wp\/v2\/users\/1"}],"replies":[{"embeddable":true,"href":"https:\/\/gaudiumetspes-blog.pl\/index.php\/wp-json\/wp\/v2\/comments?post=20844"}],"version-history":[{"count":1,"href":"https:\/\/gaudiumetspes-blog.pl\/index.php\/wp-json\/wp\/v2\/posts\/20844\/revisions"}],"predecessor-version":[{"id":20845,"href":"https:\/\/gaudiumetspes-blog.pl\/index.php\/wp-json\/wp\/v2\/posts\/20844\/revisions\/20845"}],"wp:attachment":[{"href":"https:\/\/gaudiumetspes-blog.pl\/index.php\/wp-json\/wp\/v2\/media?parent=20844"}],"wp:term":[{"taxonomy":"category","embeddable":true,"href":"https:\/\/gaudiumetspes-blog.pl\/index.php\/wp-json\/wp\/v2\/categories?post=20844"},{"taxonomy":"post_tag","embeddable":true,"href":"https:\/\/gaudiumetspes-blog.pl\/index.php\/wp-json\/wp\/v2\/tags?post=20844"}],"curies":[{"name":"wp","href":"https:\/\/api.w.org\/{rel}","templated":true}]}}