{"id":20913,"date":"2022-08-31T08:19:13","date_gmt":"2022-08-31T06:19:13","guid":{"rendered":"https:\/\/gaudiumetspes-blog.pl\/?p=20913"},"modified":"2022-08-31T08:19:13","modified_gmt":"2022-08-31T06:19:13","slug":"znasz-sie-na-ludziach","status":"publish","type":"post","link":"https:\/\/gaudiumetspes-blog.pl\/index.php\/2022\/08\/31\/znasz-sie-na-ludziach\/","title":{"rendered":"Znasz si\u0119 na ludziach?&#8230;"},"content":{"rendered":"<p align=\"justify\"><span style=\"color: #000000;\"><span style=\"font-family: Book Antiqua, serif;\"><span style=\"font-size: large;\">Szcz\u0119\u015b\u0107 Bo\u017ce! Moi Drodzy, <b>w dniu dzisiejszym urodziny \u2013 <\/b><b>i to pi\u0119\u0107dziesi\u0105te \u2013 prze\u017cywa Ksi\u0105dz Kanonik Doktor Jacek Sereda, Dziekan naszego Kursu, Diecezjalny Duszpasterz Rodzin, wspania\u0142y Duszpasterz i Rekolekcjonista, a w og\u00f3le: Potomek B\u0142ogos\u0142awionych Unit\u00f3w Podlaskich i pochodz\u0105cy z Parafii Pratulin. Dzi\u0119kuj\u0105c Jubilatowi za wielorakie i owocne zaanga\u017cowanie w budowanie kr\u00f3lestwa Bo\u017cego w sercach ludzi i kszta\u0142towaniu katolickiego obrazu rodziny \u2013 \u017cycz\u0119 niegasn\u0105cego zapa\u0142u i tej wielkiej gorliwo\u015bci, z jakiej jest znany. Ca\u0142\u0105 nasz\u0105 Ekip\u0105 \u2013 tu, w Szklarskiej Por\u0119bie \u2013 otaczamy Go naszymi modlitwami. Niech B\u00f3g Mu we wszystkim b\u0142ogos\u0142awi \u2013 o co prosimy przez wstawiennictwo Matki Bo\u017cej Kode\u0144skiej i B\u0142ogos\u0142awionych M\u0119czennik\u00f3w Podlaskich.<\/b><\/span><\/span><\/span><\/p>\n<p align=\"justify\"><span style=\"color: #000000;\"><span style=\"font-family: Book Antiqua, serif;\"><span style=\"font-size: large;\">Serdecznie pozdrawiamy ze Szklarskiej Por\u0119by. Mamy tu naprawd\u0119 wspania\u0142\u0105 pogod\u0119 \u2013 ani za gor\u0105co, ani za zimno. Dzisiaj w planach \u2013 wyjazd do Czech, do Pragi.<\/span><\/span><\/span><\/p>\n<p align=\"justify\"><span style=\"color: #000000;\"><span style=\"font-family: Book Antiqua, serif;\"><span style=\"font-size: large;\">Zapraszam ju\u017c do pochylenia si\u0119 nad Bo\u017cym s\u0142owem dzisiejszej liturgii. Oto s\u0142\u00f3wko Ksi\u0119dza Marka na dzi\u015b:<\/span><\/span><\/span><\/p>\n<p align=\"justify\"><span style=\"color: #000000;\"><span style=\"font-family: Book Antiqua, serif;\"><span style=\"font-size: medium;\"><a href=\"https:\/\/www.youtube.com\/c\/CatholicSurgut\"><span style=\"font-size: large;\"><span lang=\"zxx\"><u><b>https:\/\/www.youtube.com\/c\/CatholicSurgut<\/b><\/u><\/span><\/span><\/a><\/span><\/span><\/span><\/p>\n<p align=\"justify\"><span style=\"color: #000000;\"><span style=\"font-family: Book Antiqua, serif;\"><span style=\"font-size: large;\">Zatem, <b>co dzi\u015b m\u00f3wi do mnie Pan \u2013 w\u0142a\u015bnie do mnie, osobi\u015bcie i konkretnie?<\/b> Duchu \u015awi\u0119ty, rozja\u015bnij umys\u0142y i serca!<\/span><\/span><\/span><\/p>\n<p align=\"justify\"><span style=\"color: #000000;\"><span style=\"font-family: Book Antiqua, serif;\"><span style=\"font-size: large;\"><b>Niech Was b\u0142ogos\u0142awi B\u00f3g Wszechmog\u0105cy: Ojciec + i Syn, i Duch \u015awi\u0119ty. Amen<\/b><\/span><\/span><\/span><\/p>\n<p align=\"center\"><span style=\"color: #000000;\"><span style=\"font-family: Book Antiqua, serif;\"><span style=\"font-size: large;\">Gaudium et spes! Ks. Jacek<\/span><\/span><\/span><\/p>\n<p align=\"center\">\n<p align=\"center\">\n<p align=\"center\">\n<p align=\"center\">\n<p align=\"center\">\n<p align=\"justify\"><span style=\"color: #000000;\"><span style=\"font-family: Book Antiqua, serif;\"><span style=\"font-size: large;\"><b>\u015aroda 22 Tygodnia zwyk\u0142ego, rok II,<\/b><\/span><\/span><\/span><\/p>\n<p align=\"justify\"><span style=\"color: #000000;\"><span style=\"font-family: Book Antiqua, serif;\"><span style=\"font-size: large;\"><b>31 sierpnia 2022.,<\/b><\/span><\/span><\/span><\/p>\n<p align=\"justify\"><span style=\"color: #000000;\"><span style=\"font-family: Book Antiqua, serif;\"><span style=\"font-size: large;\"><b>do czyta\u0144: 1 Kor 3,1\u20139; \u0141k 4,38\u201344<\/b><\/span><\/span><\/span><\/p>\n<p align=\"justify\">\n<p align=\"justify\">\n<p align=\"justify\">\n<p align=\"justify\">\n<p align=\"justify\">\n<p align=\"justify\"><span style=\"color: #000000;\"><span style=\"font-family: Book Antiqua, serif;\"><span style=\"font-size: large;\"><b>CZYTANIE Z PIERWSZEGO LISTU \u015aWI\u0118TEGO PAW\u0141A APOSTO\u0141A DO KORYNTIAN:<\/b><\/span><\/span><\/span><\/p>\n<p align=\"justify\"><span style=\"color: #000000;\"><span style=\"font-family: Book Antiqua, serif;\"><span style=\"font-size: large;\"><b>Nie mog\u0142em, bracia, przemawia\u0107 do was jako do ludzi duchowych, lecz jako do cielesnych, jak do niemowl\u0105t w Chrystusie.<\/b><\/span><\/span><\/span><\/p>\n<p align=\"justify\"><span style=\"color: #000000;\"><span style=\"font-family: Book Antiqua, serif;\"><span style=\"font-size: large;\"><b>Mleko wam dawa\u0142em, a nie pokarm sta\u0142y, bo\u015bcie byli niemocni; zreszt\u0105 i nadal nie jeste\u015bcie mocni. Ci\u0105gle przecie\u017c jeszcze jeste\u015bcie ciele\u015bni. Je\u017celi bowiem jest mi\u0119dzy wami zawi\u015b\u0107 i niezgoda, to czy\u017c nie jeste\u015bcie ciele\u015bni i nie post\u0119pujecie tylko po ludzku?<\/b><\/span><\/span><\/span><\/p>\n<p align=\"justify\"><span style=\"color: #000000;\"><span style=\"font-family: Book Antiqua, serif;\"><span style=\"font-size: large;\"><b>Skoro jeden m\u00f3wi: \u201eJa jestem Paw\u0142a\u201d, a drugi: \u201eJa jestem Apollosa\u201d, to czy\u017c nie post\u0119pujecie tylko po ludzku? Kim\u017ce jest Apollos? Albo kim jest Pawe\u0142? S\u0142ugami, przez kt\u00f3rych uwierzyli\u015bcie wed\u0142ug tego, co ka\u017cdemu da\u0142 Pan. Ja sia\u0142em, Apollos podlewa\u0142, lecz B\u00f3g da\u0142 wzrost. Ot\u00f3\u017c nic nie znaczy ten, kt\u00f3ry sieje, ani ten, kt\u00f3ry podlewa, tylko Ten, kt\u00f3ry daje wzrost \u2013 B\u00f3g.<\/b><\/span><\/span><\/span><\/p>\n<p align=\"justify\"><span style=\"color: #000000;\"><span style=\"font-family: Book Antiqua, serif;\"><span style=\"font-size: large;\"><b>Ten, kt\u00f3ry sieje, i ten, kt\u00f3ry podlewa, stanowi\u0105 jedno; ka\u017cdy wed\u0142ug w\u0142asnego trudu otrzyma nale\u017cn\u0105 mu zap\u0142at\u0119. My bowiem jeste\u015bmy pomocnikami Boga, wy za\u015b jeste\u015bcie uprawn\u0105 rol\u0105 Bo\u017c\u0105 i Bo\u017c\u0105 budowl\u0105.<\/b><\/span><\/span><\/span><\/p>\n<p align=\"justify\">\n<p align=\"justify\">\n<p align=\"justify\">\n<p align=\"justify\">\n<p align=\"justify\">\n<p align=\"justify\"><span style=\"color: #000000;\"><span style=\"font-family: Book Antiqua, serif;\"><span style=\"font-size: large;\"><b>S\u0141OWA EWANGELII WED\u0141UG \u015aWI\u0118TEGO \u0141UKASZA:<\/b><\/span><\/span><\/span><\/p>\n<p align=\"justify\"><span style=\"color: #000000;\"><span style=\"font-family: Book Antiqua, serif;\"><span style=\"font-size: large;\"><b>Po opuszczeniu synagogi w Kafarnaum Jezus przyszed\u0142 do domu Szymona. A wysoka gor\u0105czka trawi\u0142a te\u015bciow\u0105 Szymona. I prosi\u0142 Go za ni\u0105.<\/b><\/span><\/span><\/span><\/p>\n<p align=\"justify\"><span style=\"color: #000000;\"><span style=\"font-family: Book Antiqua, serif;\"><span style=\"font-size: large;\"><b>On, stan\u0105wszy nad ni\u0105, rozkaza\u0142 gor\u0105czce, i opu\u015bci\u0142a j\u0105. Zaraz te\u017c wsta\u0142a i us\u0142ugiwa\u0142a im.<\/b><\/span><\/span><\/span><\/p>\n<p align=\"justify\"><span style=\"color: #000000;\"><span style=\"font-family: Book Antiqua, serif;\"><span style=\"font-size: large;\"><b>O zachodzie s\u0142o\u0144ca wszyscy, kt\u00f3rzy mieli cierpi\u0105cych na rozmaite choroby, przynosili ich do Niego. On za\u015b na ka\u017cdego z nich k\u0142ad\u0142 r\u0119ce i uzdrawia\u0142 ich.<\/b><\/span><\/span><\/span><\/p>\n<p align=\"justify\"><span style=\"color: #000000;\"><span style=\"font-family: Book Antiqua, serif;\"><span style=\"font-size: large;\"><b>Tak\u017ce z\u0142e duchy wychodzi\u0142y z wielu, wo\u0142aj\u0105c: \u201eTy jeste\u015b Syn Bo\u017cy\u201d. Lecz On je gromi\u0142 i nie pozwala\u0142 im m\u00f3wi\u0107, poniewa\u017c wiedzia\u0142y, \u017ce On jest Mesjaszem.<\/b><\/span><\/span><\/span><\/p>\n<p align=\"justify\"><span style=\"color: #000000;\"><span style=\"font-family: Book Antiqua, serif;\"><span style=\"font-size: large;\"><b>Z nastaniem dnia wyszed\u0142 i uda\u0142 si\u0119 na miejsce pustynne. A t\u0142umy szuka\u0142y Go i przysz\u0142y a\u017c do Niego; chcia\u0142y Go zatrzyma\u0107, \u017ceby nie odchodzi\u0142 od nich.<\/b><\/span><\/span><\/span><\/p>\n<p align=\"justify\"><span style=\"color: #000000;\"><span style=\"font-family: Book Antiqua, serif;\"><span style=\"font-size: large;\"><b>Lecz On rzek\u0142 do nich: \u201eTak\u017ce innym miastom musz\u0119 g\u0142osi\u0107 Dobr\u0105 Nowin\u0119 o kr\u00f3lestwie Bo\u017cym, bo na to zosta\u0142em pos\u0142any\u201d.<\/b><\/span><\/span><\/span><\/p>\n<p align=\"justify\"><span style=\"color: #000000;\"><span style=\"font-family: Book Antiqua, serif;\"><span style=\"font-size: large;\"><b>I g\u0142osi\u0142 s\u0142owo w synagogach Judei.<\/b><\/span><\/span><\/span><\/p>\n<p align=\"justify\">\n<p align=\"justify\">\n<p align=\"justify\">\n<p align=\"justify\">\n<p align=\"justify\">\n<p align=\"justify\"><span style=\"color: #000000;\"><span style=\"font-family: Book Antiqua, serif;\"><span style=\"font-size: large;\">Nawet Bo\u017ce dzie\u0142o, pe\u0142nione w imi\u0119 Boga i wed\u0142ug Bo\u017cych wskaza\u0144, mo\u017ce sta\u0107 si\u0119 jedynie <b>po\u017cywk\u0105 dla budowania ludzkiej chwa\u0142y.<\/b> Okazuje si\u0119 bowiem, \u017ce mo\u017cna koncentrowa\u0107 ca\u0142\u0105 swoj\u0105 uwag\u0119 <b>wok\u00f3\u0142 Paw\u0142a,<\/b> albo <b>wok\u00f3\u0142 Apollosa,<\/b> a pomin\u0105\u0107 przy tym Chrystusa. Mo\u017cna zwr\u00f3ci\u0107 si\u0119 ku temu, kt\u00f3ry sieje, <b>zamiast ku temu, kt\u00f3ry daje wzrost. <\/b><\/span><\/span><\/span><\/p>\n<p align=\"justify\"><span style=\"color: #000000;\"><span style=\"font-family: Book Antiqua, serif;\"><span style=\"font-size: large;\">Mo\u017cna zatrzyma\u0107 si\u0119 na jakim\u015b niskim, <b>przyziemnym poziomie my\u015blenia i postrzegania<\/b> \u2013 i za pos\u0142ug\u0105 s\u0142ug Bo\u017cych nie dostrzec samego Boga, kt\u00f3ry przez Nich dzia\u0142a. I kt\u00f3ry \u2013 jako jedyny \u2013 <b>jest Sprawc\u0105 tego\u017c dobra,<\/b> i kt\u00f3ry jest celem ludzkich dzia\u0142a\u0144 i d\u0105\u017ce\u0144. <\/span><\/span><\/span><\/p>\n<p align=\"justify\"><span style=\"color: #000000;\"><span style=\"font-family: Book Antiqua, serif;\"><span style=\"font-size: large;\">Oczywi\u015bcie, to nie znaczy, \u017ce mo\u017cemy zupe\u0142nie<b> zlekcewa\u017cy\u0107 tych, kt\u00f3rzy siej\u0105,<\/b> kt\u00f3rzy g\u0142osz\u0105 Bo\u017ce s\u0142owo, kt\u00f3rzy pe\u0142ni\u0105 pos\u0142ug\u0119. Tak\u017ce<b> oni sami nie mog\u0105 zlekcewa\u017cy\u0107 swojej misji<\/b> w Ko\u015bciele. Zostali do niej powo\u0142ani przez Pana i maj\u0105 j\u0105 spe\u0142nia\u0107 najlepiej, jak potrafi\u0105, bo <b>ich rola i zadanie s\u0105 bardzo wa\u017cne. <\/b>Ale to nie oni s\u0105 w centrum ca\u0142ej tej sprawy, nie na nich ma si\u0119 skupia\u0107 uwaga ludzi, to <b>nie swoj\u0105 moc\u0105 dokonuj\u0105<\/b> tego, czego dokonuj\u0105. <\/span><\/span><\/span><\/p>\n<p align=\"justify\"><span style=\"color: #000000;\"><span style=\"font-family: Book Antiqua, serif;\"><span style=\"font-size: large;\">Oni s\u0105 <b>narz\u0119dziami w r\u0119ku Boga, <\/b>s\u0105 wykonawcami Bo\u017cego zamys\u0142u. I o tym powinni pami\u0119ta\u0107 <b>oni sami <\/b>\u2013 i powinni pami\u0119ta\u0107 ci, <b>kt\u00f3rzy z ich pos\u0142ugi korzystaj\u0105.<\/b> <\/span><\/span><\/span><\/p>\n<p align=\"justify\"><span style=\"color: #000000;\"><span style=\"font-family: Book Antiqua, serif;\"><span style=\"font-size: large;\">Moi Drodzy, to naprawd\u0119 bardzo wa\u017cne, aby Ko\u015bci\u00f3\u0142 w swoim dzia\u0142aniu zawsze szuka\u0142 <b>bezpo\u015bredniego odniesienia do swego Mistrza,<\/b> unikaj\u0105c w ten spos\u00f3b koncentrowania uwagi na ludziach i w og\u00f3le na tym, co przyziemne. Bo mo\u017cna odnie\u015b\u0107 wra\u017cenie, \u017ce <b>nie zawsze udaje si\u0119<\/b> tego niebezpiecze\u0144stwa unikn\u0105\u0107. <\/span><\/span><\/span><\/p>\n<p align=\"justify\"><span style=\"color: #000000;\"><span style=\"font-family: Book Antiqua, serif;\"><span style=\"font-size: large;\">Ile\u017c to bowiem dobrych dzie\u0142 podejmowanych jest w Ko\u015bciele i \u2013 w rzeczy samej \u2013 mog\u0142yby one przysporzy\u0107 <b>wielkiej chwa\u0142y Bo\u017cej,<\/b> i mog\u0142yby by\u0107 <b>\u015bwiadectwem dzia\u0142ania Boga<\/b> w Ko\u015bciele i \u015bwiecie, ale ich warto\u015b\u0107 jest niestety niweczona tym, \u017ce ludzie, kt\u00f3rzy je spe\u0142niaj\u0105, <b>sobie przypisuj\u0105 wszelkie zas\u0142ugi<\/b> i swoj\u0105 chwa\u0142\u0119 na tych dzie\u0142ach buduj\u0105. <\/span><\/span><\/span><\/p>\n<p align=\"justify\"><span style=\"color: #000000;\"><span style=\"font-family: Book Antiqua, serif;\"><span style=\"font-size: large;\">A znowu, ile\u017c to os\u00f3b <b>mo\u017cna by doprowadzi\u0107 do Boga,<\/b> do wiary, a ostatecznie tak\u017ce: do zbawienia wiecznego, gdyby ci, kt\u00f3rzy ich prowadz\u0105 \u2013 bez r\u00f3\u017cnicy: duchowni czy \u015bwieccy \u2013 prowadzili ich w\u0142a\u015bnie do Boga i do Ko\u015bcio\u0142a,<b> a nie przywi\u0105zywali do siebie,<\/b> a mo\u017ce <b>nawet wykorzystywali <\/b>do w\u0142asnych, partykularnych interes\u00f3w\u2026 Albo przynajmniej \u2013 do tego, <b>by pochwali\u0107 si\u0119 przed innymi,<\/b> jak to si\u0119 wielu ludzi \u201enawr\u00f3ci\u0142o\u201d, jak to si\u0119 wielu ludziom pomog\u0142o. <\/span><\/span><\/span><\/p>\n<p align=\"justify\"><span style=\"color: #000000;\"><span style=\"font-family: Book Antiqua, serif;\"><span style=\"font-size: large;\">Moi Drodzy, to prawda, \u017ce <b>jest wielk\u0105 rado\u015bci\u0105 kap\u0142ana<\/b> \u2013 my\u015bl\u0119, \u017ce ka\u017cdego kap\u0142ana, bo moj\u0105 na pewno \u2013 kiedy po udzieleniu komu\u015b rozgrzeszenia <b>wida\u0107 dos\u0142ownie \u201ego\u0142ym okiem\u201d,<\/b> jak z serca tego cz\u0142owieka <b>spada jaki\u015b ogromny ci\u0119\u017car.<\/b> Zw\u0142aszcza, je\u015bli Spowied\u017a ta by\u0142a po jakim\u015b d\u0142u\u017cszym czasie. I bardzo przyjemnie \u0142echce serce stwierdzenie, wypowiedziane przez cz\u0142owieka, z kt\u00f3rym si\u0119 dopiero co rozmawia\u0142o, \u017ce<b> rozmowa ta podnios\u0142a go na duchu, pocieszy\u0142a,<\/b> wla\u0142a w serce wielk\u0105 rado\u015b\u0107 i nadziej\u0119\u2026 Jak\u017ce to <b>cieszy serce kap\u0142ana,<\/b> czy kogo\u015b, kto tak\u0105 rozmow\u0119 przeprowadzi\u0142! <\/span><\/span><\/span><\/p>\n<p align=\"justify\"><span style=\"color: #000000;\"><span style=\"font-family: Book Antiqua, serif;\"><span style=\"font-size: large;\">Ale <b>jak\u017ce zgubnym<\/b> jest wtedy pomy\u015ble\u0107, \u017ce to moja zas\u0142uga, \u017ce jestem <b>takim \u015bwietnym duszpasterzem,<\/b> \u017ce tak wspaniale radz\u0119 sobie z ludzkimi problemami, albo \u2013 jak to niekt\u00f3rzy lubi\u0105 powtarza\u0107, a kt\u00f3re to stwierdzenie wydaje si\u0119 najg\u0142upszym, jakie tylko cz\u0142owiek mo\u017ce wypowiedzie\u0107 o sobie i o innych \u2013 \u017ce <b>ja to si\u0119 znam na ludziach.<\/b> <\/span><\/span><\/span><\/p>\n<p align=\"justify\"><span style=\"color: #000000;\"><span style=\"font-family: Book Antiqua, serif;\"><span style=\"font-size: large;\">Naprawd\u0119? <b>Znasz si\u0119 na ludziach? <\/b>A niby na czym tak konkretnie: <b>na tym, co my\u015bl\u0105<\/b> teraz, czy co pomy\u015bl\u0105 jutro? Albo na tym, <b>jakich wybor\u00f3w moralnych dokonaj\u0105<\/b> dzisiaj, lub w przysz\u0142o\u015bci? Albo na powodach, dla kt\u00f3rych dokonali tego lub owego \u2013 cz\u0119sto, niestety, czego\u015b z\u0142ego? Czy<b> jeste\u015b w stanie przewidzie\u0107,<\/b> jak post\u0105pi ten, czy \u00f3w cz\u0142owiek w tej sytuacji, a jak post\u0105pi w sytuacji odmiennej? Jeste\u015b w stanie przewidzie\u0107, jak post\u0105pi, albo<b> wyt\u0142umaczy\u0107 z ca\u0142\u0105 pewno\u015bci\u0105, dlaczego tak post\u0105pi\u0142?<\/b> <\/span><\/span><\/span><\/p>\n<p align=\"justify\"><span style=\"color: #000000;\"><span style=\"font-family: Book Antiqua, serif;\"><span style=\"font-size: large;\">A jeste\u015b w stanie <b>przewidzie\u0107 swoje w\u0142asne s\u0142owa<\/b> <b>lub zachowania<\/b> \u2013 zw\u0142aszcza w sytuacji zaskoczenia, albo sytuacji bardzo trudnej, kt\u00f3ra Ci\u0119 po wielekro\u0107 przeros\u0142a? Jeste\u015b w stanie to przewidzie\u0107? A jeste\u015b w stanie tak do ko\u0144ca wyt\u0142umaczy\u0107<b> motywy swoich w\u0142asnych wybor\u00f3w i decyzji, <\/b>podejmowanych chocia\u017cby na przestrzeni ostatniego roku, albo nawet: ostatnich miesi\u0119cy? Jeste\u015b w stanie tak do ko\u0144ca, <b>ze stuprocentow\u0105 pewno\u015bci\u0105, <\/b>wszystko to wyt\u0142umaczy\u0107? I Ty si\u0119 znasz na ludziach? <\/span><\/span><\/span><\/p>\n<p align=\"justify\"><span style=\"color: #000000;\"><span style=\"font-family: Book Antiqua, serif;\"><span style=\"font-size: large;\">Cz\u0142owieku, <b>wi\u0119cej pokory!<\/b> Du\u017co wi\u0119cej pokory! <b>I wi\u0119cej wiary,<\/b> \u017ce to w Bogu s\u0105 nasze motywy i cele dzia\u0142ania \u2013 i \u017ce to <b>od Niego p\u0142ynie natchnienie<\/b> do wszelkiego dobra w naszym \u017cyciu. Bo <b>tylko On tak naprawd\u0119 zna si\u0119 na cz\u0142owieku<\/b> \u2013 na mnie i na ka\u017cdym innym. Dlatego to w\u0142a\u015bnie do Niego powinni\u015bmy odnosi\u0107 wszystko \u2013 ale to dos\u0142ownie: wszystko! \u2013 co w naszym \u017cyciu si\u0119 dzieje. Wszystkie nasze plany i zamiary, nasze my\u015bli i s\u0142owa, nasze dzia\u0142ania \u2013 <b>wszystko! <\/b><\/span><\/span><\/span><\/p>\n<p align=\"justify\"><span style=\"color: #000000;\"><span style=\"font-family: Book Antiqua, serif;\"><span style=\"font-size: large;\">Od Niego mamy <b>czerpa\u0107 natchnienia, <\/b>dla Niego robi\u0107 wszystko to, co robimy \u2013 i <b>dla Niego tak\u017ce zdobywa\u0107 innych ludzi,<\/b> prowadz\u0105c ich do Niego, <b>a nigdy do siebie.<\/b> A nawet, kiedy ze strony ludzi b\u0119d\u0105 p\u0142yn\u0119\u0142y <b>wyrazy wdzi\u0119czno\u015bci i uznania<\/b> \u2013 takie zwyczajne i ludzkie \u2013 to, owszem, przyjmowa\u0107 je, ale <b>natychmiast zaznaczaj\u0105c, \u017ce to nie nasza zas\u0142uga,<\/b> tylko Tego, od kt\u00f3rego\u2026 wszystko! <\/span><\/span><\/span><\/p>\n<p align=\"justify\"><span style=\"color: #000000;\"><span style=\"font-family: Book Antiqua, serif;\"><span style=\"font-size: large;\">Zauwa\u017cmy, \u017ce <b>tak post\u0119powa\u0142 Jezus <\/b>\u2013 tak, w\u0142a\u015bnie On, kt\u00f3ry <b>jako jedyny mia\u0142 prawo powiedzie\u0107, <\/b>\u017ce to On sam, Bo\u017cy Syn, B\u00f3g Wcielony, swoj\u0105 w\u0142asn\u0105 moc\u0105 dokonuje tego wszystkiego, czego dokonuje.<b> On jeden m\u00f3g\u0142 tak powiedzie\u0107.<\/b> I On jeden m\u00f3g\u0142by powiedzie\u0107, \u017ce <b>zna si\u0119 na ludziach \u2013 bo si\u0119 zna. <\/b><\/span><\/span><\/span><\/p>\n<p align=\"justify\"><span style=\"color: #000000;\"><span style=\"font-family: Book Antiqua, serif;\"><span style=\"font-size: large;\">Tymczasem \u2013 jak s\u0142yszymy w Ewangelii \u2013 <b>nie pozwala\u0142 z\u0142ym duchom wyjawia\u0107,<\/b> kim jest, a i ludziom nie dawa\u0142 za wiele mo\u017cliwo\u015bci, by okazywali Mu wyrazy uwielbienia, gdy\u017c<b> odchodzi\u0142 na miejsca pustynne, <\/b>aby trwa\u0107 w ciszy i w dialogu ze swoim Ojcem. On, Bo\u017cy Syn, tak post\u0119powa\u0142, <b>przekierowuj\u0105c ca\u0142\u0105 uwag\u0119 ludzi w\u0142a\u015bnie na Ojca, <\/b>kt\u00f3rego wol\u0119 wype\u0142nia\u0142 i kt\u00f3rego chwa\u0142\u0119 pomna\u017ca\u0142. <\/span><\/span><\/span><\/p>\n<p align=\"justify\"><span style=\"color: #000000;\"><span style=\"font-family: Book Antiqua, serif;\"><span style=\"font-size: large;\">Je\u017celi zatem Bo\u017cy Syn tak post\u0119powa\u0142, to <b>jaki motyw mo\u017ce przy\u015bwieca\u0107 cz\u0142owiekowi,<\/b> kt\u00f3ry chce koncentrowa\u0107 uwag\u0119 \u015bwiata na sobie, przypisywa\u0107 sobie wszelkie zas\u0142ugi, czy wi\u0105za\u0107 ludzi ze sob\u0105, <b>zamiast pokazywa\u0107 im Boga i do Boga prowadzi\u0107?<\/b> Jaki motyw mo\u017ce temu przy\u015bwieca\u0107 \u2013 zw\u0142aszcza, je\u017celi Pawe\u0142 Aposto\u0142 m\u00f3wi w ko\u0144c\u00f3wce dzisiejszego pierwszego czytania: <i><b>Ten, kt\u00f3ry sieje, i ten, kt\u00f3ry podlewa, stanowi\u0105 jedno; ka\u017cdy wed\u0142ug w\u0142asnego trudu otrzyma nale\u017cn\u0105 mu zap\u0142at\u0119. My bowiem jeste\u015bmy pomocnikami Boga, wy za\u015b jeste\u015bcie uprawn\u0105 rol\u0105 Bo\u017c\u0105 i Bo\u017c\u0105 budowl\u0105.<\/b><\/i><b> <\/b><\/span><\/span><\/span><\/p>\n<p align=\"justify\"><span style=\"color: #000000;\"><span style=\"font-family: Book Antiqua, serif;\"><span style=\"font-size: large;\">Zdanie to tak naprawd\u0119 wszystko wyja\u015bnia: <b>pomocnicy Boga spe\u0142niaj\u0105 Jego dzie\u0142o<\/b> i wszystko czyni\u0105 <b>dla Niego i ze wzgl\u0119du na Niego, <\/b>natomiast to ju\u017c On sam, <b>B\u00f3g, zadba o to, aby zostali za to nagrodzeni.<\/b> Naprawd\u0119, <b>nie strac\u0105 na takiej postawie! <\/b>Ich zas\u0142ugi <b>b\u0119d\u0105 wielkie przed Bogiem.<\/b> Nie musz\u0105 sami zabiega\u0107 o ich podkre\u015blanie \u2013 B\u00f3g o to zadba. <\/span><\/span><\/span><\/p>\n<p align=\"justify\"><span style=\"color: #000000;\"><span style=\"font-family: Book Antiqua, serif;\"><span style=\"font-size: large;\">Niczego przeto nie strac\u0105, natomiast ich m\u0105dra, pi\u0119kna i pokorna postawa <b>przyniesie b\u0142ogos\u0142awione i liczne owoce.<\/b> Takich, kt\u00f3rych nie b\u0119d\u0105 si\u0119 nawet spodziewali!<\/span><\/span><\/span><\/p>\n","protected":false},"excerpt":{"rendered":"<p>Szcz\u0119\u015b\u0107 Bo\u017ce! Moi Drodzy, w dniu dzisiejszym urodziny \u2013 i to pi\u0119\u0107dziesi\u0105te \u2013 prze\u017cywa Ksi\u0105dz Kanonik Doktor Jacek Sereda, Dziekan naszego Kursu, Diecezjalny Duszpasterz Rodzin, wspania\u0142y Duszpasterz i Rekolekcjonista, a w og\u00f3le: Potomek B\u0142ogos\u0142awionych Unit\u00f3w Podlaskich i pochodz\u0105cy z Parafii Pratulin. Dzi\u0119kuj\u0105c Jubilatowi za wielorakie i owocne zaanga\u017cowanie w budowanie kr\u00f3lestwa Bo\u017cego w sercach ludzi [&hellip;]<\/p>\n","protected":false},"author":1,"featured_media":0,"comment_status":"open","ping_status":"open","sticky":false,"template":"","format":"standard","meta":{"jetpack_post_was_ever_published":false,"_jetpack_newsletter_access":"","_jetpack_dont_email_post_to_subs":false,"_jetpack_newsletter_tier_id":0,"_jetpack_memberships_contains_paywalled_content":false,"_jetpack_memberships_contains_paid_content":false,"footnotes":""},"categories":[1],"tags":[],"class_list":["post-20913","post","type-post","status-publish","format-standard","hentry","category-bez-kategorii"],"yoast_head":"<!-- This site is optimized with the Yoast SEO plugin v25.1 - https:\/\/yoast.com\/wordpress\/plugins\/seo\/ -->\n<title>Znasz si\u0119 na ludziach?... - Gaudium Et Spes<\/title>\n<meta name=\"robots\" content=\"index, follow, max-snippet:-1, max-image-preview:large, max-video-preview:-1\" \/>\n<link rel=\"canonical\" href=\"https:\/\/gaudiumetspes-blog.pl\/index.php\/2022\/08\/31\/znasz-sie-na-ludziach\/\" \/>\n<meta property=\"og:locale\" content=\"pl_PL\" \/>\n<meta property=\"og:type\" content=\"article\" \/>\n<meta property=\"og:title\" content=\"Znasz si\u0119 na ludziach?... - Gaudium Et Spes\" \/>\n<meta property=\"og:description\" content=\"Szcz\u0119\u015b\u0107 Bo\u017ce! Moi Drodzy, w dniu dzisiejszym urodziny \u2013 i to pi\u0119\u0107dziesi\u0105te \u2013 prze\u017cywa Ksi\u0105dz Kanonik Doktor Jacek Sereda, Dziekan naszego Kursu, Diecezjalny Duszpasterz Rodzin, wspania\u0142y Duszpasterz i Rekolekcjonista, a w og\u00f3le: Potomek B\u0142ogos\u0142awionych Unit\u00f3w Podlaskich i pochodz\u0105cy z Parafii Pratulin. Dzi\u0119kuj\u0105c Jubilatowi za wielorakie i owocne zaanga\u017cowanie w budowanie kr\u00f3lestwa Bo\u017cego w sercach ludzi [&hellip;]\" \/>\n<meta property=\"og:url\" content=\"https:\/\/gaudiumetspes-blog.pl\/index.php\/2022\/08\/31\/znasz-sie-na-ludziach\/\" \/>\n<meta property=\"og:site_name\" content=\"Gaudium Et Spes\" \/>\n<meta property=\"article:published_time\" content=\"2022-08-31T06:19:13+00:00\" \/>\n<meta name=\"author\" content=\"Ks. Jacek\" \/>\n<meta name=\"twitter:card\" content=\"summary_large_image\" \/>\n<meta name=\"twitter:label1\" content=\"Napisane przez\" \/>\n\t<meta name=\"twitter:data1\" content=\"Ks. Jacek\" \/>\n\t<meta name=\"twitter:label2\" content=\"Szacowany czas czytania\" \/>\n\t<meta name=\"twitter:data2\" content=\"10 minut\" \/>\n<script type=\"application\/ld+json\" class=\"yoast-schema-graph\">{\"@context\":\"https:\/\/schema.org\",\"@graph\":[{\"@type\":\"WebPage\",\"@id\":\"https:\/\/gaudiumetspes-blog.pl\/index.php\/2022\/08\/31\/znasz-sie-na-ludziach\/\",\"url\":\"https:\/\/gaudiumetspes-blog.pl\/index.php\/2022\/08\/31\/znasz-sie-na-ludziach\/\",\"name\":\"Znasz si\u0119 na ludziach?... - Gaudium Et Spes\",\"isPartOf\":{\"@id\":\"https:\/\/gaudiumetspes-blog.pl\/#website\"},\"datePublished\":\"2022-08-31T06:19:13+00:00\",\"author\":{\"@id\":\"https:\/\/gaudiumetspes-blog.pl\/#\/schema\/person\/1661982992b752dea8dff0d4ed845a65\"},\"breadcrumb\":{\"@id\":\"https:\/\/gaudiumetspes-blog.pl\/index.php\/2022\/08\/31\/znasz-sie-na-ludziach\/#breadcrumb\"},\"inLanguage\":\"pl-PL\",\"potentialAction\":[{\"@type\":\"ReadAction\",\"target\":[\"https:\/\/gaudiumetspes-blog.pl\/index.php\/2022\/08\/31\/znasz-sie-na-ludziach\/\"]}]},{\"@type\":\"BreadcrumbList\",\"@id\":\"https:\/\/gaudiumetspes-blog.pl\/index.php\/2022\/08\/31\/znasz-sie-na-ludziach\/#breadcrumb\",\"itemListElement\":[{\"@type\":\"ListItem\",\"position\":1,\"name\":\"Strona g\u0142\u00f3wna\",\"item\":\"https:\/\/gaudiumetspes-blog.pl\/\"},{\"@type\":\"ListItem\",\"position\":2,\"name\":\"Znasz si\u0119 na&nbsp;ludziach?&#8230;\"}]},{\"@type\":\"WebSite\",\"@id\":\"https:\/\/gaudiumetspes-blog.pl\/#website\",\"url\":\"https:\/\/gaudiumetspes-blog.pl\/\",\"name\":\"Gaudium Et Spes\",\"description\":\"Blog Ks. Jacka Ja\u015bkowskiego\",\"potentialAction\":[{\"@type\":\"SearchAction\",\"target\":{\"@type\":\"EntryPoint\",\"urlTemplate\":\"https:\/\/gaudiumetspes-blog.pl\/?s={search_term_string}\"},\"query-input\":{\"@type\":\"PropertyValueSpecification\",\"valueRequired\":true,\"valueName\":\"search_term_string\"}}],\"inLanguage\":\"pl-PL\"},{\"@type\":\"Person\",\"@id\":\"https:\/\/gaudiumetspes-blog.pl\/#\/schema\/person\/1661982992b752dea8dff0d4ed845a65\",\"name\":\"Ks. Jacek\",\"image\":{\"@type\":\"ImageObject\",\"inLanguage\":\"pl-PL\",\"@id\":\"https:\/\/gaudiumetspes-blog.pl\/#\/schema\/person\/image\/\",\"url\":\"https:\/\/gaudiumetspes-blog.pl\/wp-content\/uploads\/2019\/07\/avatar-JJ-150x150.jpg\",\"contentUrl\":\"https:\/\/gaudiumetspes-blog.pl\/wp-content\/uploads\/2019\/07\/avatar-JJ-150x150.jpg\",\"caption\":\"Ks. Jacek\"},\"description\":\"Witam serdecznie! K\u0142ania si\u0119 Ks. Jacek Ja\u015bkowski. Nie jestem ani kim\u015b wa\u017cnym, ani kim\u015b znanym. Jestem ksi\u0119dzem, kt\u00f3ry po prostu chce rozmawia\u0107. Codzienna kap\u0142a\u0144ska pos\u0142uga pokazuje mi, \u017ce temat\u00f3w do rozm\u00f3w z ksi\u0119dzem jest coraz wi\u0119cej i dzisiaj \u017caden ksi\u0105dz nie mo\u017ce od nich ucieka\u0107, ale - wprost przeciwnie - podejmowa\u0107 nowe wyzwania. To przekonanie sk\u0142oni\u0142o mnie do pr\u00f3by otwarcia tego\u017c bloga, chocia\u017c okazji do rozm\u00f3w na co dzie\u0144 - w konfesjonale i poza nim - na szcz\u0119\u015bcie nie brakuje. My\u015bl\u0119 jednak, \u017ce ten blog b\u0119dzie jeszcze jednym sposobem i przestrzeni\u0105 nawi\u0105zania kontaktu z lud\u017ami dobrej woli, otwartymi na dialog.\",\"url\":\"https:\/\/gaudiumetspes-blog.pl\/index.php\/author\/ks-jacek\/\"}]}<\/script>\n<!-- \/ Yoast SEO plugin. -->","yoast_head_json":{"title":"Znasz si\u0119 na ludziach?... - Gaudium Et Spes","robots":{"index":"index","follow":"follow","max-snippet":"max-snippet:-1","max-image-preview":"max-image-preview:large","max-video-preview":"max-video-preview:-1"},"canonical":"https:\/\/gaudiumetspes-blog.pl\/index.php\/2022\/08\/31\/znasz-sie-na-ludziach\/","og_locale":"pl_PL","og_type":"article","og_title":"Znasz si\u0119 na ludziach?... - Gaudium Et Spes","og_description":"Szcz\u0119\u015b\u0107 Bo\u017ce! Moi Drodzy, w dniu dzisiejszym urodziny \u2013 i to pi\u0119\u0107dziesi\u0105te \u2013 prze\u017cywa Ksi\u0105dz Kanonik Doktor Jacek Sereda, Dziekan naszego Kursu, Diecezjalny Duszpasterz Rodzin, wspania\u0142y Duszpasterz i Rekolekcjonista, a w og\u00f3le: Potomek B\u0142ogos\u0142awionych Unit\u00f3w Podlaskich i pochodz\u0105cy z Parafii Pratulin. Dzi\u0119kuj\u0105c Jubilatowi za wielorakie i owocne zaanga\u017cowanie w budowanie kr\u00f3lestwa Bo\u017cego w sercach ludzi [&hellip;]","og_url":"https:\/\/gaudiumetspes-blog.pl\/index.php\/2022\/08\/31\/znasz-sie-na-ludziach\/","og_site_name":"Gaudium Et Spes","article_published_time":"2022-08-31T06:19:13+00:00","author":"Ks. Jacek","twitter_card":"summary_large_image","twitter_misc":{"Napisane przez":"Ks. Jacek","Szacowany czas czytania":"10 minut"},"schema":{"@context":"https:\/\/schema.org","@graph":[{"@type":"WebPage","@id":"https:\/\/gaudiumetspes-blog.pl\/index.php\/2022\/08\/31\/znasz-sie-na-ludziach\/","url":"https:\/\/gaudiumetspes-blog.pl\/index.php\/2022\/08\/31\/znasz-sie-na-ludziach\/","name":"Znasz si\u0119 na ludziach?... - Gaudium Et Spes","isPartOf":{"@id":"https:\/\/gaudiumetspes-blog.pl\/#website"},"datePublished":"2022-08-31T06:19:13+00:00","author":{"@id":"https:\/\/gaudiumetspes-blog.pl\/#\/schema\/person\/1661982992b752dea8dff0d4ed845a65"},"breadcrumb":{"@id":"https:\/\/gaudiumetspes-blog.pl\/index.php\/2022\/08\/31\/znasz-sie-na-ludziach\/#breadcrumb"},"inLanguage":"pl-PL","potentialAction":[{"@type":"ReadAction","target":["https:\/\/gaudiumetspes-blog.pl\/index.php\/2022\/08\/31\/znasz-sie-na-ludziach\/"]}]},{"@type":"BreadcrumbList","@id":"https:\/\/gaudiumetspes-blog.pl\/index.php\/2022\/08\/31\/znasz-sie-na-ludziach\/#breadcrumb","itemListElement":[{"@type":"ListItem","position":1,"name":"Strona g\u0142\u00f3wna","item":"https:\/\/gaudiumetspes-blog.pl\/"},{"@type":"ListItem","position":2,"name":"Znasz si\u0119 na&nbsp;ludziach?&#8230;"}]},{"@type":"WebSite","@id":"https:\/\/gaudiumetspes-blog.pl\/#website","url":"https:\/\/gaudiumetspes-blog.pl\/","name":"Gaudium Et Spes","description":"Blog Ks. Jacka Ja\u015bkowskiego","potentialAction":[{"@type":"SearchAction","target":{"@type":"EntryPoint","urlTemplate":"https:\/\/gaudiumetspes-blog.pl\/?s={search_term_string}"},"query-input":{"@type":"PropertyValueSpecification","valueRequired":true,"valueName":"search_term_string"}}],"inLanguage":"pl-PL"},{"@type":"Person","@id":"https:\/\/gaudiumetspes-blog.pl\/#\/schema\/person\/1661982992b752dea8dff0d4ed845a65","name":"Ks. Jacek","image":{"@type":"ImageObject","inLanguage":"pl-PL","@id":"https:\/\/gaudiumetspes-blog.pl\/#\/schema\/person\/image\/","url":"https:\/\/gaudiumetspes-blog.pl\/wp-content\/uploads\/2019\/07\/avatar-JJ-150x150.jpg","contentUrl":"https:\/\/gaudiumetspes-blog.pl\/wp-content\/uploads\/2019\/07\/avatar-JJ-150x150.jpg","caption":"Ks. Jacek"},"description":"Witam serdecznie! K\u0142ania si\u0119 Ks. Jacek Ja\u015bkowski. Nie jestem ani kim\u015b wa\u017cnym, ani kim\u015b znanym. Jestem ksi\u0119dzem, kt\u00f3ry po prostu chce rozmawia\u0107. Codzienna kap\u0142a\u0144ska pos\u0142uga pokazuje mi, \u017ce temat\u00f3w do rozm\u00f3w z ksi\u0119dzem jest coraz wi\u0119cej i dzisiaj \u017caden ksi\u0105dz nie mo\u017ce od nich ucieka\u0107, ale - wprost przeciwnie - podejmowa\u0107 nowe wyzwania. To przekonanie sk\u0142oni\u0142o mnie do pr\u00f3by otwarcia tego\u017c bloga, chocia\u017c okazji do rozm\u00f3w na co dzie\u0144 - w konfesjonale i poza nim - na szcz\u0119\u015bcie nie brakuje. My\u015bl\u0119 jednak, \u017ce ten blog b\u0119dzie jeszcze jednym sposobem i przestrzeni\u0105 nawi\u0105zania kontaktu z lud\u017ami dobrej woli, otwartymi na dialog.","url":"https:\/\/gaudiumetspes-blog.pl\/index.php\/author\/ks-jacek\/"}]}},"jetpack_featured_media_url":"","jetpack_sharing_enabled":true,"_links":{"self":[{"href":"https:\/\/gaudiumetspes-blog.pl\/index.php\/wp-json\/wp\/v2\/posts\/20913","targetHints":{"allow":["GET"]}}],"collection":[{"href":"https:\/\/gaudiumetspes-blog.pl\/index.php\/wp-json\/wp\/v2\/posts"}],"about":[{"href":"https:\/\/gaudiumetspes-blog.pl\/index.php\/wp-json\/wp\/v2\/types\/post"}],"author":[{"embeddable":true,"href":"https:\/\/gaudiumetspes-blog.pl\/index.php\/wp-json\/wp\/v2\/users\/1"}],"replies":[{"embeddable":true,"href":"https:\/\/gaudiumetspes-blog.pl\/index.php\/wp-json\/wp\/v2\/comments?post=20913"}],"version-history":[{"count":1,"href":"https:\/\/gaudiumetspes-blog.pl\/index.php\/wp-json\/wp\/v2\/posts\/20913\/revisions"}],"predecessor-version":[{"id":20914,"href":"https:\/\/gaudiumetspes-blog.pl\/index.php\/wp-json\/wp\/v2\/posts\/20913\/revisions\/20914"}],"wp:attachment":[{"href":"https:\/\/gaudiumetspes-blog.pl\/index.php\/wp-json\/wp\/v2\/media?parent=20913"}],"wp:term":[{"taxonomy":"category","embeddable":true,"href":"https:\/\/gaudiumetspes-blog.pl\/index.php\/wp-json\/wp\/v2\/categories?post=20913"},{"taxonomy":"post_tag","embeddable":true,"href":"https:\/\/gaudiumetspes-blog.pl\/index.php\/wp-json\/wp\/v2\/tags?post=20913"}],"curies":[{"name":"wp","href":"https:\/\/api.w.org\/{rel}","templated":true}]}}