{"id":20974,"date":"2022-09-20T09:06:02","date_gmt":"2022-09-20T07:06:02","guid":{"rendered":"https:\/\/gaudiumetspes-blog.pl\/?p=20974"},"modified":"2022-09-20T11:08:45","modified_gmt":"2022-09-20T09:08:45","slug":"duchowa-rodzina","status":"publish","type":"post","link":"https:\/\/gaudiumetspes-blog.pl\/index.php\/2022\/09\/20\/duchowa-rodzina\/","title":{"rendered":"Duchowa Rodzina"},"content":{"rendered":"<p>Niech b\u0119dzie pochwalony Jezus Chrystus!<span class=\"Apple-converted-space\">\u00a0<\/span><\/p>\n<p><img loading=\"lazy\" decoding=\"async\" class=\"size-medium wp-image-20978 alignright\" src=\"https:\/\/gaudiumetspes-blog.pl\/wp-content\/uploads\/2022\/09\/IMG_1208-300x169.png\" alt=\"\" width=\"300\" height=\"169\" srcset=\"https:\/\/gaudiumetspes-blog.pl\/wp-content\/uploads\/2022\/09\/IMG_1208-300x169.png 300w, https:\/\/gaudiumetspes-blog.pl\/wp-content\/uploads\/2022\/09\/IMG_1208-1024x576.png 1024w, https:\/\/gaudiumetspes-blog.pl\/wp-content\/uploads\/2022\/09\/IMG_1208-768x432.png 768w, https:\/\/gaudiumetspes-blog.pl\/wp-content\/uploads\/2022\/09\/IMG_1208-720x405.png 720w, https:\/\/gaudiumetspes-blog.pl\/wp-content\/uploads\/2022\/09\/IMG_1208-580x326.png 580w, https:\/\/gaudiumetspes-blog.pl\/wp-content\/uploads\/2022\/09\/IMG_1208-320x180.png 320w, https:\/\/gaudiumetspes-blog.pl\/wp-content\/uploads\/2022\/09\/IMG_1208.png 1334w\" sizes=\"auto, (max-width: 300px) 100vw, 300px\" \/><\/p>\n<p>Witam Was i pozdrawiam z Syberii, z Surgutu.<span class=\"Apple-converted-space\">\u00a0<\/span><\/p>\n<p>W tym tygodniu radzimy sobie sami, poniewa\u017c Ks. Jacek prze\u017cywa rekolekcje. Pami\u0119tajmy w modlitwach o nim.<span class=\"Apple-converted-space\">\u00a0<\/span><\/p>\n<p>Dzi\u015b w liturgii wspominamy \u015bwi\u0119tych m\u0119czennik\u00f3w korea\u0144skich, Andrzeja Kim Taegon, prezbitera, Paw\u0142a Chong Hasang i Towarzyszy. Co\u015b o nich mo\u017cemy poczyta\u0107 tu:<span class=\"Apple-converted-space\">\u00a0<\/span><\/p>\n<p><a href=\"https:\/\/brewiarz.pl\/czytelnia\/swieci\/09-20a.php3\">https:\/\/brewiarz.pl\/czytelnia\/swieci\/09-20a.php3<\/a><\/p>\n<p>Zapraszam Was do rozmy\u015blania nad S\u0142owem Bo\u017cym i do dzielenia si\u0119 swoimi my\u015blami.<span class=\"Apple-converted-space\">\u00a0<\/span><\/p>\n<p>Na ten dzie\u0144, niech Was b\u0142ogos\u0142awi B\u00f3g Wszechmog\u0105cy, Ojciec + i Syn, i Duch \u015awi\u0119ty. Amen.<span class=\"Apple-converted-space\">\u00a0<\/span><\/p>\n<p>&nbsp;<\/p>\n<p><em><strong>(Prz 21, 1-6. 10-13) <\/strong><\/em><br \/>\n<em><strong>Serce kr\u00f3la \u2013 kana\u0142y wody w r\u0119ku Pana, zwraca je tam, dok\u0105d sam zechce. Ka\u017cdego droga jest prawa w jego oczach, lecz Pan os\u0105dza serca. Przestrzeganie prawa i sprawiedliwo\u015bci lepsze dla Pana ni\u017c krwawe ofiary. Wynios\u0142e oczy i harde serce \u2013 ta lampa wyst\u0119pnych jest grzechem. Zamiary pracowitego prowadz\u0105 do zysku, a wszystkich \u015bpiesz\u0105cych si\u0119 \u2013 do straty. Nabywanie skarb\u00f3w j\u0119zykiem k\u0142amliwym to s\u0142abn\u0105cy oddech szukaj\u0105cych \u015bmierci. Dusza wyst\u0119pnego pragnie z\u0142a, bli\u017ani w jego oczach nie znajduje \u0142aski. Gdy karz\u0105 szyderc\u0119, m\u0105drzeje naiwny, gdy pouczaj\u0105 m\u0105drego, on wiedzy nabywa. Sprawiedliwy ma wgl\u0105d w dom bezbo\u017cnego, sprowadza z\u0142o na bezbo\u017cnych. Kto uszy zatyka na krzyk ubogiego, sam b\u0119dzie wo\u0142a\u0142, lecz nie otrzyma odpowiedzi.<\/strong><\/em><\/p>\n<p>&nbsp;<\/p>\n<p><em><strong>(\u0141k 8, 19-21) <\/strong><\/em><br \/>\n<em><strong>Przyszli do Jezusa Jego Matka i bracia, lecz nie mogli dosta\u0107 si\u0119 do Niego z powodu t\u0142umu. Oznajmiono Mu: &#8222;Twoja Matka i bracia stoj\u0105 na dworze i chc\u0105 si\u0119 widzie\u0107 z Tob\u0105&#8221;. Lecz On im odpowiedzia\u0142: &#8222;Moj\u0105 matk\u0105 i moimi bra\u0107mi s\u0105 ci, kt\u00f3rzy s\u0142uchaj\u0105 s\u0142owa Bo\u017cego i wype\u0142niaj\u0105 je\u201d.<\/strong><\/em><\/p>\n<p>&nbsp;<\/p>\n<p>Na pocz\u0105tek chcia\u0142bym zaznaczy\u0107, \u017ce w tym co pisz\u0119 nie powtarzam si\u0119 z my\u015blami, kt\u00f3re zawarte s\u0105 w s\u0142\u00f3wku gadanym, wi\u0119c zapraszam i do lektury tekstu pisanego i do pos\u0142uchania rozmy\u015blania na YouTube.<span class=\"Apple-converted-space\">\u00a0<\/span><\/p>\n<p>Fajne s\u0105 my\u015bli w I czytaniu, z Ksi\u0119gi Przys\u0142\u00f3w. To takie, mo\u017cna powiedzie\u0107, z\u0142ote my\u015bli, kt\u00f3re mo\u017cna wypisa\u0107 i na \u015bcianie powiesi\u0107. Np. wczoraj o tym, \u017ceby nie odk\u0142ada\u0107 na potem tego, co mo\u017cna zrobi\u0107 od razu. Dzi\u015b kolejne my\u015bli:<span class=\"Apple-converted-space\">\u00a0<\/span><\/p>\n<p>\u201eKa\u017cdego droga jest prawa w jego oczach, lecz Pan os\u0105dza serca\u201d.<span class=\"Apple-converted-space\">\u00a0<\/span><\/p>\n<p>Jak cz\u0119sto nam wydaje si\u0119, \u017ce jeste\u015bmy w porz\u0105dku, \u017ce nic z\u0142ego nie robimy, \u017ce nie mamy si\u0119 z czego spowiada\u0107\u2026 Jednak to nie my mamy decydowa\u0107, ale mamy pyta\u0107 &#8211; a co Pan B\u00f3g o tym my\u015bli, czy w Jego oczach jeste\u015bmy w porz\u0105dku? Pan os\u0105dza serce.<span class=\"Apple-converted-space\">\u00a0<\/span><\/p>\n<p>\u201eZamiary pracowitego prowadz\u0105 do zysku, a wszystkich \u015bpiesz\u0105cych si\u0119 \u2013 do straty\u201d.<\/p>\n<p>A jednak warto si\u0119 nie spieszy\u0107, bo nadmierny po\u015bpiech prowadzi do straty. Czy\u017c to nie jest m\u0105dre? Kiedy robimy co\u015b w po\u015bpiechu, cz\u0119sto musimy robi\u0107 jeszcze raz, cz\u0119sto na tym tracimy. A wi\u0119c, pracowito\u015b\u0107, ale spokojnie.<span class=\"Apple-converted-space\">\u00a0<\/span><\/p>\n<p>I dzisiejsza Ewangelia\u2026<\/p>\n<p>S\u0105 tacy ludzie, kt\u00f3rzy przychodz\u0105, by si\u0119 poradzi\u0107, maj\u0105 wiele pyta\u0144, s\u0105 bardzo otwarci. Potem, kiedy im co\u015b powiem, dam im jakie\u015b rady, staraj\u0105 si\u0119 je wype\u0142nia\u0107. Z takimi lud\u017ami wytwarza si\u0119 jaka\u015b szczeg\u00f3lna wi\u0119\u017a, blisko\u015b\u0107.<span class=\"Apple-converted-space\">\u00a0<\/span><\/p>\n<p>I w drug\u0105 stron\u0119 &#8211; je\u015bli mamy jakiego\u015b np. kierownika duchowego, albo kogo\u015b, komu powierzamy nasze problemy, pytania, sprawy naszego \u017cycia i staramy si\u0119 go s\u0142ucha\u0107, potem jest mi\u0119dzy nami jaka\u015b szczeg\u00f3lna, g\u0142\u0119boka wi\u0119\u017a.<span class=\"Apple-converted-space\">\u00a0<\/span><\/p>\n<p>Trudno por\u00f3wna\u0107 to do wi\u0119zi, relacji z cz\u0142owiekiem, kt\u00f3ry nie chce nas s\u0142ucha\u0107, albo my jego. W takim przypadku raczej wytwarza si\u0119 dystans.<span class=\"Apple-converted-space\">\u00a0<\/span><\/p>\n<p>Pami\u0119tam, kilkana\u015bcie lat temu, przyszli do mnie kandydaci do ma\u0142\u017ce\u0144stwa, z pro\u015bb\u0105, \u017ceby pom\u00f3c im przygotowa\u0107 si\u0119 do \u015blubu. Ale nie chodzi\u0142o tylko o formalne przygotowanie, ale chcieli przygotowa\u0107 si\u0119 dojrzale, po chrze\u015bcija\u0144sku. Ja dawa\u0142em im rady, stawia\u0142em wymagania. Oni, cho\u0107 nie by\u0142o to \u0142atwe, wype\u0142niali to, s\u0142uchali si\u0119. Teraz b\u0119d\u0105c na urlopie spotka\u0142em ich, widzia\u0142em ich rodzin\u0119, ich dzieci. Wida\u0107 jak\u0105 pi\u0119kn\u0105 tworz\u0105 rodzin\u0119, i te\u017c wi\u0119\u017a moja z nimi dot\u0105d si\u0119 zachowa\u0142a, jeste\u015bmy sobie bliscy jak rodzina.<span class=\"Apple-converted-space\">\u00a0<\/span><\/p>\n<p>Tak i Jezus, widz\u0105c s\u0142uchaj\u0105cych Go ludzi czu\u0142 szczeg\u00f3ln\u0105 wi\u0119\u017a z nimi, dlatego nazywa ich swoimi bra\u0107mi, matk\u0105, swoimi bliskimi.<span class=\"Apple-converted-space\">\u00a0<\/span><\/p>\n<p>Je\u015bli chcemy mie\u0107 g\u0142\u0119bok\u0105, blisk\u0105 relacj\u0119 z Bogiem, to przede wszystkim musimy Go s\u0142ucha\u0107, przys\u0142uchiwa\u0107 si\u0119 i stara\u0107 si\u0119 wype\u0142nia\u0107 to co On do nas m\u00f3wi, czego chce.<span class=\"Apple-converted-space\">\u00a0<\/span><\/p>\n<p>Starajmy si\u0119 dzi\u015b rozmy\u015bla\u0107 &#8211; czego w danej sytuacji chce od nas Pan B\u00f3g, co On nam radzi, co my\u015bli o tym co robimy.<span class=\"Apple-converted-space\">\u00a0<\/span><\/p>\n<p>Zapraszam jeszcze do pos\u0142uchania s\u0142\u00f3wka gadanego. Zapraszam te\u017c do dzielenia si\u0119 swoimi my\u015blami w komentarzach. \u017bycz\u0119 dobrego dnia i do jutra.<span class=\"Apple-converted-space\">\u00a0<\/span><\/p>\n<p>Z Bogiem!<span class=\"Apple-converted-space\">\u00a0<\/span><\/p>\n<p>&nbsp;<\/p>\n<p><iframe loading=\"lazy\" title=\"S\u0142\u00f3wko z Syberii - 20.09.2022 Pl\" width=\"720\" height=\"405\" src=\"https:\/\/www.youtube.com\/embed\/Xjg8EUtJdtc?feature=oembed\" frameborder=\"0\" allow=\"accelerometer; autoplay; clipboard-write; encrypted-media; gyroscope; picture-in-picture\" allowfullscreen><\/iframe><\/p>\n<p>&nbsp;<\/p>\n<p><a href=\"https:\/\/gaudiumetspes-blog.pl\/wp-content\/uploads\/2022\/09\/IMG_1197.mov\">IMG_1197<\/a><\/p>\n<p><a href=\"https:\/\/gaudiumetspes-blog.pl\/wp-content\/uploads\/2022\/09\/IMG_1199.mov\">IMG_1199<\/a><\/p>\n<p>&nbsp;<\/p>\n","protected":false},"excerpt":{"rendered":"<p>Niech b\u0119dzie pochwalony Jezus Chrystus!\u00a0 Witam Was i pozdrawiam z Syberii, z Surgutu.\u00a0 W tym tygodniu radzimy sobie sami, poniewa\u017c Ks. Jacek prze\u017cywa rekolekcje. Pami\u0119tajmy w modlitwach o nim.\u00a0 Dzi\u015b w liturgii wspominamy \u015bwi\u0119tych m\u0119czennik\u00f3w korea\u0144skich, Andrzeja Kim Taegon, prezbitera, Paw\u0142a Chong Hasang i Towarzyszy. Co\u015b o nich mo\u017cemy poczyta\u0107 tu:\u00a0 https:\/\/brewiarz.pl\/czytelnia\/swieci\/09-20a.php3 Zapraszam Was do [&hellip;]<\/p>\n","protected":false},"author":3,"featured_media":0,"comment_status":"open","ping_status":"open","sticky":false,"template":"","format":"standard","meta":{"jetpack_post_was_ever_published":false,"_jetpack_newsletter_access":"","_jetpack_dont_email_post_to_subs":false,"_jetpack_newsletter_tier_id":0,"_jetpack_memberships_contains_paywalled_content":false,"_jetpack_memberships_contains_paid_content":false,"footnotes":""},"categories":[1],"tags":[],"class_list":["post-20974","post","type-post","status-publish","format-standard","hentry","category-bez-kategorii"],"yoast_head":"<!-- This site is optimized with the Yoast SEO plugin v25.1 - https:\/\/yoast.com\/wordpress\/plugins\/seo\/ -->\n<title>Duchowa Rodzina - Gaudium Et Spes<\/title>\n<meta name=\"robots\" content=\"index, follow, max-snippet:-1, max-image-preview:large, max-video-preview:-1\" \/>\n<link rel=\"canonical\" href=\"https:\/\/gaudiumetspes-blog.pl\/index.php\/2022\/09\/20\/duchowa-rodzina\/\" \/>\n<meta property=\"og:locale\" content=\"pl_PL\" \/>\n<meta property=\"og:type\" content=\"article\" \/>\n<meta property=\"og:title\" content=\"Duchowa Rodzina - Gaudium Et Spes\" \/>\n<meta property=\"og:description\" content=\"Niech b\u0119dzie pochwalony Jezus Chrystus!\u00a0 Witam Was i pozdrawiam z Syberii, z Surgutu.\u00a0 W tym tygodniu radzimy sobie sami, poniewa\u017c Ks. Jacek prze\u017cywa rekolekcje. Pami\u0119tajmy w modlitwach o nim.\u00a0 Dzi\u015b w liturgii wspominamy \u015bwi\u0119tych m\u0119czennik\u00f3w korea\u0144skich, Andrzeja Kim Taegon, prezbitera, Paw\u0142a Chong Hasang i Towarzyszy. Co\u015b o nich mo\u017cemy poczyta\u0107 tu:\u00a0 https:\/\/brewiarz.pl\/czytelnia\/swieci\/09-20a.php3 Zapraszam Was do [&hellip;]\" \/>\n<meta property=\"og:url\" content=\"https:\/\/gaudiumetspes-blog.pl\/index.php\/2022\/09\/20\/duchowa-rodzina\/\" \/>\n<meta property=\"og:site_name\" content=\"Gaudium Et Spes\" \/>\n<meta property=\"article:published_time\" content=\"2022-09-20T07:06:02+00:00\" \/>\n<meta property=\"article:modified_time\" content=\"2022-09-20T09:08:45+00:00\" \/>\n<meta property=\"og:image\" content=\"https:\/\/gaudiumetspes-blog.pl\/wp-content\/uploads\/2022\/09\/IMG_1208-300x169.png\" \/>\n<meta name=\"author\" content=\"Ks. Marek\" \/>\n<meta name=\"twitter:card\" content=\"summary_large_image\" \/>\n<meta name=\"twitter:label1\" content=\"Napisane przez\" \/>\n\t<meta name=\"twitter:data1\" content=\"Ks. Marek\" \/>\n\t<meta name=\"twitter:label2\" content=\"Szacowany czas czytania\" \/>\n\t<meta name=\"twitter:data2\" content=\"4 minuty\" \/>\n<script type=\"application\/ld+json\" class=\"yoast-schema-graph\">{\"@context\":\"https:\/\/schema.org\",\"@graph\":[{\"@type\":\"WebPage\",\"@id\":\"https:\/\/gaudiumetspes-blog.pl\/index.php\/2022\/09\/20\/duchowa-rodzina\/\",\"url\":\"https:\/\/gaudiumetspes-blog.pl\/index.php\/2022\/09\/20\/duchowa-rodzina\/\",\"name\":\"Duchowa Rodzina - Gaudium Et Spes\",\"isPartOf\":{\"@id\":\"https:\/\/gaudiumetspes-blog.pl\/#website\"},\"primaryImageOfPage\":{\"@id\":\"https:\/\/gaudiumetspes-blog.pl\/index.php\/2022\/09\/20\/duchowa-rodzina\/#primaryimage\"},\"image\":{\"@id\":\"https:\/\/gaudiumetspes-blog.pl\/index.php\/2022\/09\/20\/duchowa-rodzina\/#primaryimage\"},\"thumbnailUrl\":\"https:\/\/gaudiumetspes-blog.pl\/wp-content\/uploads\/2022\/09\/IMG_1208-300x169.png\",\"datePublished\":\"2022-09-20T07:06:02+00:00\",\"dateModified\":\"2022-09-20T09:08:45+00:00\",\"author\":{\"@id\":\"https:\/\/gaudiumetspes-blog.pl\/#\/schema\/person\/12bc173d67dadb67c1c90d9c6c34c643\"},\"breadcrumb\":{\"@id\":\"https:\/\/gaudiumetspes-blog.pl\/index.php\/2022\/09\/20\/duchowa-rodzina\/#breadcrumb\"},\"inLanguage\":\"pl-PL\",\"potentialAction\":[{\"@type\":\"ReadAction\",\"target\":[\"https:\/\/gaudiumetspes-blog.pl\/index.php\/2022\/09\/20\/duchowa-rodzina\/\"]}]},{\"@type\":\"ImageObject\",\"inLanguage\":\"pl-PL\",\"@id\":\"https:\/\/gaudiumetspes-blog.pl\/index.php\/2022\/09\/20\/duchowa-rodzina\/#primaryimage\",\"url\":\"https:\/\/gaudiumetspes-blog.pl\/wp-content\/uploads\/2022\/09\/IMG_1208.png\",\"contentUrl\":\"https:\/\/gaudiumetspes-blog.pl\/wp-content\/uploads\/2022\/09\/IMG_1208.png\",\"width\":1334,\"height\":750},{\"@type\":\"BreadcrumbList\",\"@id\":\"https:\/\/gaudiumetspes-blog.pl\/index.php\/2022\/09\/20\/duchowa-rodzina\/#breadcrumb\",\"itemListElement\":[{\"@type\":\"ListItem\",\"position\":1,\"name\":\"Strona g\u0142\u00f3wna\",\"item\":\"https:\/\/gaudiumetspes-blog.pl\/\"},{\"@type\":\"ListItem\",\"position\":2,\"name\":\"Duchowa Rodzina\"}]},{\"@type\":\"WebSite\",\"@id\":\"https:\/\/gaudiumetspes-blog.pl\/#website\",\"url\":\"https:\/\/gaudiumetspes-blog.pl\/\",\"name\":\"Gaudium Et Spes\",\"description\":\"Blog Ks. Jacka Ja\u015bkowskiego\",\"potentialAction\":[{\"@type\":\"SearchAction\",\"target\":{\"@type\":\"EntryPoint\",\"urlTemplate\":\"https:\/\/gaudiumetspes-blog.pl\/?s={search_term_string}\"},\"query-input\":{\"@type\":\"PropertyValueSpecification\",\"valueRequired\":true,\"valueName\":\"search_term_string\"}}],\"inLanguage\":\"pl-PL\"},{\"@type\":\"Person\",\"@id\":\"https:\/\/gaudiumetspes-blog.pl\/#\/schema\/person\/12bc173d67dadb67c1c90d9c6c34c643\",\"name\":\"Ks. Marek\",\"image\":{\"@type\":\"ImageObject\",\"inLanguage\":\"pl-PL\",\"@id\":\"https:\/\/gaudiumetspes-blog.pl\/#\/schema\/person\/image\/\",\"url\":\"https:\/\/gaudiumetspes-blog.pl\/wp-content\/uploads\/2019\/08\/73914d81-03a2-41a3-a2c0-9e0651fc6189-150x150.jpg\",\"contentUrl\":\"https:\/\/gaudiumetspes-blog.pl\/wp-content\/uploads\/2019\/08\/73914d81-03a2-41a3-a2c0-9e0651fc6189-150x150.jpg\",\"caption\":\"Ks. Marek\"},\"description\":\"Nazywam si\u0119 Ks. Marek Ja\u015bkowski i jestem Proboszczem Parafii \u015aw. J\u00f3zefa Robotnika w Surgucie i Parafii \u015aw. Paw\u0142a Aposto\u0142a w Nojabrsku. Moja Parafia to p\u00f3\u0142nocna cz\u0119\u015b\u0107 zachodniej Syberii \u2013 mo\u017cna powiedzie\u0107, \u017ce terytorialnie to prawie po\u0142owa Diecezji nowosybirskiej, jej p\u00f3\u0142nocna cz\u0119\u015b\u0107. Nasz Biskup okre\u015bli\u0142 kiedy\u015b, \u017ce jest to terytorialnie najwi\u0119ksza Parafia na \u015bwiecie! Terytorium Parafii jest czterokrotnie wi\u0119ksze od terytorium Polski! Przez kilka lat by\u0142em jedynym rzymskokatolickim ksi\u0119dzem na tym terytorium, od wrze\u015bnia 2019 roku pos\u0142ug\u0119 podejmuje Wsp\u00f3\u0142pracownik, Ks. Pawe\u0142 Czelu\u015bci\u0144ski. W Parafii pos\u0142uguj\u0105 tak\u017ce dwie Siostry od Anio\u0142\u00f3w, S. Joann i S. Teresa. Terytorium naszej Parafii to Chanty-Mansyjski Autonomiczny Okr\u0119g i Jamalsko-Nieniecki Autonomiczny Okr\u0119g. Jest to terytorium, kt\u00f3re s\u0142ynie z wydobycia ropy i gazu. Wi\u0119kszo\u015b\u0107 ropy, wydobywanej w Rosji \u2013 wydobywa si\u0119 z terenu mojej Parafii. W zwi\u0105zku z tym, w ostatnich kilku dziesi\u0119cioleciach, przyby\u0142o mn\u00f3stwo ludzi w poszukiwaniu pracy. Na tym terenie jest kilkana\u015bcie, a mo\u017ce i kilkadziesi\u0105t \u2013 cz\u0119sto nowych miast, w kt\u00f3rych osiedlaj\u0105 si\u0119 owi przyje\u017cd\u017caj\u0105cy ludzie. Odwiedzamy miasta: Jugorsk i Sowiecki, oddalone 650 km od Surgutu; Uraj \u2013 730 km; Niaga\u0144 \u2013 600 km; Chanty-Mansyjsk \u2013 300 km. To kierunek po\u0142udniowo \u2013 zachodni. Natomiast na p\u00f3\u0142nocy odwiedzamy Nojabrsk \u2013 320 km i Koga\u0142ym \u2013 190 km, Gubkinskij \u2013 500 km; Tarko-Sale \u2013 600 km; Nowyj Urengoj \u2013 760 km. Je\u017adzimy te\u017c do Tiumenii, \u017ceby stamt\u0105d polecie\u0107 samolotem do Salechardu, na ko\u0142o podbiegunowe \u2013 ponad 1100 km w prostej linii \u2013 \u017ceby i tam odwiedzi\u0107 naszych Parafian, kt\u00f3rzy cz\u0119sto bior\u0105 urlop w pracy, aby spotka\u0107 si\u0119 z nami, uczestniczy\u0107 we Mszy \u015awi\u0119tej i w katechizacji. Do Salechardu nie ma drogi, mo\u017cna dotrze\u0107 tylko samolotem, albo (latem) statkiem. Wymienione miasta to tylko niekt\u00f3re z miejsc, kt\u00f3re odwiedzamy. W ca\u0142ej naszej Parafii mamy jeden ko\u015bci\u00f3\u0142 \u2013 w Surgucie \u2013 i jedn\u0105 kaplic\u0119, w Nojabrsku, w jednym z blok\u00f3w. W innych miejscach spotykamy si\u0119 w mieszkaniach Parafian. Ludzie jednak cz\u0119sto kr\u0119puj\u0105 si\u0119 przychodzi\u0107 do kogo\u015b, do domu. A Parafia najbardziej rozwija si\u0119 tam, gdzie jest \u015bwi\u0105tynia. Ostatnio kupili\u015bmy dom na kaplic\u0119 w Koga\u0142ymie. Konieczny jest tam jednak gruntowny remont, kt\u00f3ry aktualnie prowadzimy. Nast\u0119pnym miejscem oczekuj\u0105cym na swoj\u0105 \u015bwi\u0105tyni\u0119 - kaplic\u0119 jest Chanty-Mansyjsk. Dramatycznie potrzeba tu ksi\u0119\u017cy! \u017beby kr\u00f3lestwo Bo\u017ce mog\u0142o wzrasta\u0107 w sercach ludzi, musz\u0105 mie\u0107 oni cz\u0119stszy dost\u0119p do Sakrament\u00f3w. Na terenie naszej Parafii mieszka jakie\u015b 2,5 miliona ludzi, w samym Surgucie \u2013 350 tysi\u0119cy. A tylko dw\u00f3ch Ksi\u0119\u017cy i dwie Siostry. Prosimy Was zatem o dwojak\u0105 pomoc: Modlitwa \u2013 to najwa\u017cniejsze! Prosz\u0119 Was, pom\u00f3dlcie si\u0119 za nasz\u0105 Parafi\u0119 przynajmniej dziesi\u0105tkiem R\u00f3\u017ca\u0144ca, a potem pom\u00f3dlcie si\u0119 przez wstawiennictwo naszych \u015awi\u0119tych Patron\u00f3w: Matki Bo\u017cej Fatimskiej, \u015aw. J\u00f3zefa Robotnika, \u015aw. Paw\u0142a Aposto\u0142a, \u015aw. Jana Paw\u0142a II, Micha\u0142a Archanio\u0142a i Anio\u0142\u00f3w Str\u00f3\u017c\u00f3w. Ofiara \u2013 materialna pomoc tak\u017ce jest nam niezmiernie potrzebna ze wzgl\u0119du na budow\u0119 domu parafialnego w Surgucie, remont domu na kaplic\u0119 w Koga\u0142ymie, oraz organizowanie spotka\u0144 wsp\u00f3lnot i miejsc modlitwy w wielu innych miastach. Wszystkim Darczy\u0144com z serca dzi\u0119kujemy i obiecujemy modlitw\u0119! Niech Was b\u0142ogos\u0142awi B\u00f3g Wszechmog\u0105cy: Ojciec + i Syn, i Duch \u015awi\u0119ty. Amen o.marek@mail.ru www.catholicsurgut.ru Dane do przelewu: Marek Ja\u015bkowski ul. K\u0105pielowa 19\/2 21-500 Bia\u0142a Podlaska Nr konta: 50 1020 5558 1111 1548 2400 0027\",\"url\":\"https:\/\/gaudiumetspes-blog.pl\/index.php\/author\/ks-marek\/\"}]}<\/script>\n<!-- \/ Yoast SEO plugin. -->","yoast_head_json":{"title":"Duchowa Rodzina - Gaudium Et Spes","robots":{"index":"index","follow":"follow","max-snippet":"max-snippet:-1","max-image-preview":"max-image-preview:large","max-video-preview":"max-video-preview:-1"},"canonical":"https:\/\/gaudiumetspes-blog.pl\/index.php\/2022\/09\/20\/duchowa-rodzina\/","og_locale":"pl_PL","og_type":"article","og_title":"Duchowa Rodzina - Gaudium Et Spes","og_description":"Niech b\u0119dzie pochwalony Jezus Chrystus!\u00a0 Witam Was i pozdrawiam z Syberii, z Surgutu.\u00a0 W tym tygodniu radzimy sobie sami, poniewa\u017c Ks. Jacek prze\u017cywa rekolekcje. Pami\u0119tajmy w modlitwach o nim.\u00a0 Dzi\u015b w liturgii wspominamy \u015bwi\u0119tych m\u0119czennik\u00f3w korea\u0144skich, Andrzeja Kim Taegon, prezbitera, Paw\u0142a Chong Hasang i Towarzyszy. Co\u015b o nich mo\u017cemy poczyta\u0107 tu:\u00a0 https:\/\/brewiarz.pl\/czytelnia\/swieci\/09-20a.php3 Zapraszam Was do [&hellip;]","og_url":"https:\/\/gaudiumetspes-blog.pl\/index.php\/2022\/09\/20\/duchowa-rodzina\/","og_site_name":"Gaudium Et Spes","article_published_time":"2022-09-20T07:06:02+00:00","article_modified_time":"2022-09-20T09:08:45+00:00","og_image":[{"url":"https:\/\/gaudiumetspes-blog.pl\/wp-content\/uploads\/2022\/09\/IMG_1208-300x169.png","type":"","width":"","height":""}],"author":"Ks. Marek","twitter_card":"summary_large_image","twitter_misc":{"Napisane przez":"Ks. Marek","Szacowany czas czytania":"4 minuty"},"schema":{"@context":"https:\/\/schema.org","@graph":[{"@type":"WebPage","@id":"https:\/\/gaudiumetspes-blog.pl\/index.php\/2022\/09\/20\/duchowa-rodzina\/","url":"https:\/\/gaudiumetspes-blog.pl\/index.php\/2022\/09\/20\/duchowa-rodzina\/","name":"Duchowa Rodzina - Gaudium Et Spes","isPartOf":{"@id":"https:\/\/gaudiumetspes-blog.pl\/#website"},"primaryImageOfPage":{"@id":"https:\/\/gaudiumetspes-blog.pl\/index.php\/2022\/09\/20\/duchowa-rodzina\/#primaryimage"},"image":{"@id":"https:\/\/gaudiumetspes-blog.pl\/index.php\/2022\/09\/20\/duchowa-rodzina\/#primaryimage"},"thumbnailUrl":"https:\/\/gaudiumetspes-blog.pl\/wp-content\/uploads\/2022\/09\/IMG_1208-300x169.png","datePublished":"2022-09-20T07:06:02+00:00","dateModified":"2022-09-20T09:08:45+00:00","author":{"@id":"https:\/\/gaudiumetspes-blog.pl\/#\/schema\/person\/12bc173d67dadb67c1c90d9c6c34c643"},"breadcrumb":{"@id":"https:\/\/gaudiumetspes-blog.pl\/index.php\/2022\/09\/20\/duchowa-rodzina\/#breadcrumb"},"inLanguage":"pl-PL","potentialAction":[{"@type":"ReadAction","target":["https:\/\/gaudiumetspes-blog.pl\/index.php\/2022\/09\/20\/duchowa-rodzina\/"]}]},{"@type":"ImageObject","inLanguage":"pl-PL","@id":"https:\/\/gaudiumetspes-blog.pl\/index.php\/2022\/09\/20\/duchowa-rodzina\/#primaryimage","url":"https:\/\/gaudiumetspes-blog.pl\/wp-content\/uploads\/2022\/09\/IMG_1208.png","contentUrl":"https:\/\/gaudiumetspes-blog.pl\/wp-content\/uploads\/2022\/09\/IMG_1208.png","width":1334,"height":750},{"@type":"BreadcrumbList","@id":"https:\/\/gaudiumetspes-blog.pl\/index.php\/2022\/09\/20\/duchowa-rodzina\/#breadcrumb","itemListElement":[{"@type":"ListItem","position":1,"name":"Strona g\u0142\u00f3wna","item":"https:\/\/gaudiumetspes-blog.pl\/"},{"@type":"ListItem","position":2,"name":"Duchowa Rodzina"}]},{"@type":"WebSite","@id":"https:\/\/gaudiumetspes-blog.pl\/#website","url":"https:\/\/gaudiumetspes-blog.pl\/","name":"Gaudium Et Spes","description":"Blog Ks. Jacka Ja\u015bkowskiego","potentialAction":[{"@type":"SearchAction","target":{"@type":"EntryPoint","urlTemplate":"https:\/\/gaudiumetspes-blog.pl\/?s={search_term_string}"},"query-input":{"@type":"PropertyValueSpecification","valueRequired":true,"valueName":"search_term_string"}}],"inLanguage":"pl-PL"},{"@type":"Person","@id":"https:\/\/gaudiumetspes-blog.pl\/#\/schema\/person\/12bc173d67dadb67c1c90d9c6c34c643","name":"Ks. Marek","image":{"@type":"ImageObject","inLanguage":"pl-PL","@id":"https:\/\/gaudiumetspes-blog.pl\/#\/schema\/person\/image\/","url":"https:\/\/gaudiumetspes-blog.pl\/wp-content\/uploads\/2019\/08\/73914d81-03a2-41a3-a2c0-9e0651fc6189-150x150.jpg","contentUrl":"https:\/\/gaudiumetspes-blog.pl\/wp-content\/uploads\/2019\/08\/73914d81-03a2-41a3-a2c0-9e0651fc6189-150x150.jpg","caption":"Ks. Marek"},"description":"Nazywam si\u0119 Ks. Marek Ja\u015bkowski i jestem Proboszczem Parafii \u015aw. J\u00f3zefa Robotnika w Surgucie i Parafii \u015aw. Paw\u0142a Aposto\u0142a w Nojabrsku. Moja Parafia to p\u00f3\u0142nocna cz\u0119\u015b\u0107 zachodniej Syberii \u2013 mo\u017cna powiedzie\u0107, \u017ce terytorialnie to prawie po\u0142owa Diecezji nowosybirskiej, jej p\u00f3\u0142nocna cz\u0119\u015b\u0107. Nasz Biskup okre\u015bli\u0142 kiedy\u015b, \u017ce jest to terytorialnie najwi\u0119ksza Parafia na \u015bwiecie! Terytorium Parafii jest czterokrotnie wi\u0119ksze od terytorium Polski! Przez kilka lat by\u0142em jedynym rzymskokatolickim ksi\u0119dzem na tym terytorium, od wrze\u015bnia 2019 roku pos\u0142ug\u0119 podejmuje Wsp\u00f3\u0142pracownik, Ks. Pawe\u0142 Czelu\u015bci\u0144ski. W Parafii pos\u0142uguj\u0105 tak\u017ce dwie Siostry od Anio\u0142\u00f3w, S. Joann i S. Teresa. Terytorium naszej Parafii to Chanty-Mansyjski Autonomiczny Okr\u0119g i Jamalsko-Nieniecki Autonomiczny Okr\u0119g. Jest to terytorium, kt\u00f3re s\u0142ynie z wydobycia ropy i gazu. Wi\u0119kszo\u015b\u0107 ropy, wydobywanej w Rosji \u2013 wydobywa si\u0119 z terenu mojej Parafii. W zwi\u0105zku z tym, w ostatnich kilku dziesi\u0119cioleciach, przyby\u0142o mn\u00f3stwo ludzi w poszukiwaniu pracy. Na tym terenie jest kilkana\u015bcie, a mo\u017ce i kilkadziesi\u0105t \u2013 cz\u0119sto nowych miast, w kt\u00f3rych osiedlaj\u0105 si\u0119 owi przyje\u017cd\u017caj\u0105cy ludzie. Odwiedzamy miasta: Jugorsk i Sowiecki, oddalone 650 km od Surgutu; Uraj \u2013 730 km; Niaga\u0144 \u2013 600 km; Chanty-Mansyjsk \u2013 300 km. To kierunek po\u0142udniowo \u2013 zachodni. Natomiast na p\u00f3\u0142nocy odwiedzamy Nojabrsk \u2013 320 km i Koga\u0142ym \u2013 190 km, Gubkinskij \u2013 500 km; Tarko-Sale \u2013 600 km; Nowyj Urengoj \u2013 760 km. Je\u017adzimy te\u017c do Tiumenii, \u017ceby stamt\u0105d polecie\u0107 samolotem do Salechardu, na ko\u0142o podbiegunowe \u2013 ponad 1100 km w prostej linii \u2013 \u017ceby i tam odwiedzi\u0107 naszych Parafian, kt\u00f3rzy cz\u0119sto bior\u0105 urlop w pracy, aby spotka\u0107 si\u0119 z nami, uczestniczy\u0107 we Mszy \u015awi\u0119tej i w katechizacji. Do Salechardu nie ma drogi, mo\u017cna dotrze\u0107 tylko samolotem, albo (latem) statkiem. Wymienione miasta to tylko niekt\u00f3re z miejsc, kt\u00f3re odwiedzamy. W ca\u0142ej naszej Parafii mamy jeden ko\u015bci\u00f3\u0142 \u2013 w Surgucie \u2013 i jedn\u0105 kaplic\u0119, w Nojabrsku, w jednym z blok\u00f3w. W innych miejscach spotykamy si\u0119 w mieszkaniach Parafian. Ludzie jednak cz\u0119sto kr\u0119puj\u0105 si\u0119 przychodzi\u0107 do kogo\u015b, do domu. A Parafia najbardziej rozwija si\u0119 tam, gdzie jest \u015bwi\u0105tynia. Ostatnio kupili\u015bmy dom na kaplic\u0119 w Koga\u0142ymie. Konieczny jest tam jednak gruntowny remont, kt\u00f3ry aktualnie prowadzimy. Nast\u0119pnym miejscem oczekuj\u0105cym na swoj\u0105 \u015bwi\u0105tyni\u0119 - kaplic\u0119 jest Chanty-Mansyjsk. Dramatycznie potrzeba tu ksi\u0119\u017cy! \u017beby kr\u00f3lestwo Bo\u017ce mog\u0142o wzrasta\u0107 w sercach ludzi, musz\u0105 mie\u0107 oni cz\u0119stszy dost\u0119p do Sakrament\u00f3w. Na terenie naszej Parafii mieszka jakie\u015b 2,5 miliona ludzi, w samym Surgucie \u2013 350 tysi\u0119cy. A tylko dw\u00f3ch Ksi\u0119\u017cy i dwie Siostry. Prosimy Was zatem o dwojak\u0105 pomoc: Modlitwa \u2013 to najwa\u017cniejsze! Prosz\u0119 Was, pom\u00f3dlcie si\u0119 za nasz\u0105 Parafi\u0119 przynajmniej dziesi\u0105tkiem R\u00f3\u017ca\u0144ca, a potem pom\u00f3dlcie si\u0119 przez wstawiennictwo naszych \u015awi\u0119tych Patron\u00f3w: Matki Bo\u017cej Fatimskiej, \u015aw. J\u00f3zefa Robotnika, \u015aw. Paw\u0142a Aposto\u0142a, \u015aw. Jana Paw\u0142a II, Micha\u0142a Archanio\u0142a i Anio\u0142\u00f3w Str\u00f3\u017c\u00f3w. Ofiara \u2013 materialna pomoc tak\u017ce jest nam niezmiernie potrzebna ze wzgl\u0119du na budow\u0119 domu parafialnego w Surgucie, remont domu na kaplic\u0119 w Koga\u0142ymie, oraz organizowanie spotka\u0144 wsp\u00f3lnot i miejsc modlitwy w wielu innych miastach. Wszystkim Darczy\u0144com z serca dzi\u0119kujemy i obiecujemy modlitw\u0119! Niech Was b\u0142ogos\u0142awi B\u00f3g Wszechmog\u0105cy: Ojciec + i Syn, i Duch \u015awi\u0119ty. Amen o.marek@mail.ru www.catholicsurgut.ru Dane do przelewu: Marek Ja\u015bkowski ul. K\u0105pielowa 19\/2 21-500 Bia\u0142a Podlaska Nr konta: 50 1020 5558 1111 1548 2400 0027","url":"https:\/\/gaudiumetspes-blog.pl\/index.php\/author\/ks-marek\/"}]}},"jetpack_featured_media_url":"","jetpack_sharing_enabled":true,"_links":{"self":[{"href":"https:\/\/gaudiumetspes-blog.pl\/index.php\/wp-json\/wp\/v2\/posts\/20974","targetHints":{"allow":["GET"]}}],"collection":[{"href":"https:\/\/gaudiumetspes-blog.pl\/index.php\/wp-json\/wp\/v2\/posts"}],"about":[{"href":"https:\/\/gaudiumetspes-blog.pl\/index.php\/wp-json\/wp\/v2\/types\/post"}],"author":[{"embeddable":true,"href":"https:\/\/gaudiumetspes-blog.pl\/index.php\/wp-json\/wp\/v2\/users\/3"}],"replies":[{"embeddable":true,"href":"https:\/\/gaudiumetspes-blog.pl\/index.php\/wp-json\/wp\/v2\/comments?post=20974"}],"version-history":[{"count":4,"href":"https:\/\/gaudiumetspes-blog.pl\/index.php\/wp-json\/wp\/v2\/posts\/20974\/revisions"}],"predecessor-version":[{"id":20982,"href":"https:\/\/gaudiumetspes-blog.pl\/index.php\/wp-json\/wp\/v2\/posts\/20974\/revisions\/20982"}],"wp:attachment":[{"href":"https:\/\/gaudiumetspes-blog.pl\/index.php\/wp-json\/wp\/v2\/media?parent=20974"}],"wp:term":[{"taxonomy":"category","embeddable":true,"href":"https:\/\/gaudiumetspes-blog.pl\/index.php\/wp-json\/wp\/v2\/categories?post=20974"},{"taxonomy":"post_tag","embeddable":true,"href":"https:\/\/gaudiumetspes-blog.pl\/index.php\/wp-json\/wp\/v2\/tags?post=20974"}],"curies":[{"name":"wp","href":"https:\/\/api.w.org\/{rel}","templated":true}]}}