{"id":21014,"date":"2022-09-27T07:57:54","date_gmt":"2022-09-27T05:57:54","guid":{"rendered":"https:\/\/gaudiumetspes-blog.pl\/?p=21014"},"modified":"2022-09-27T07:57:54","modified_gmt":"2022-09-27T05:57:54","slug":"nie-przyjeto-go-jednak","status":"publish","type":"post","link":"https:\/\/gaudiumetspes-blog.pl\/index.php\/2022\/09\/27\/nie-przyjeto-go-jednak\/","title":{"rendered":"Nie przyj\u0119to Go jednak&#8230;"},"content":{"rendered":"<p align=\"justify\"><span style=\"color: #000000;\"><span style=\"font-family: Book Antiqua, serif;\"><span style=\"font-size: large;\">Szcz\u0119\u015b\u0107 Bo\u017ce! Moi Drodzy, w dniu dzisiejszym <b>rocznic\u0119 zawarcia sakramentalnego Ma\u0142\u017ce\u0144stwa prze\u017cywaj\u0105 Piotr i Agnieszka Nowiccy, czyli m\u00f3j Brat cioteczny i Jego \u017bona. \u017bycz\u0119 Im nieustannego odkrywania pi\u0119kna wzajemnej mi\u0142o\u015bci, oraz szczeg\u00f3lnego Bo\u017cego b\u0142ogos\u0142awie\u0144stwa na ka\u017cdy dzie\u0144 Ich \u017cycia. <\/b><b>Niech <\/b><b>jak najmocniej zwi\u0105\u017c\u0105 swoje \u017cycie z Jezusem, niech Mu bez obaw zaufaj\u0105!<\/b><b> <\/b><b>B\u0119d\u0119 si\u0119 o to dla Nich modli\u0142.<\/b><\/span><\/span><\/span><\/p>\n<p align=\"justify\"><span style=\"color: #000000;\"><span style=\"font-family: Book Antiqua, serif;\"><span style=\"font-size: large;\"><b>Urodziny natomiast prze\u017cywa dzisiaj Jan Niedzia\u0142kowski, Syn Agnieszki (zwanej przez Przyjaci\u00f3\u0142 Siw\u0105) i Jej M\u0119\u017ca, Mariusza. \u017bycz\u0119 Bo\u017cego b\u0142ogos\u0142awie\u0144stwa ma\u0142emu Jubilatowi i zapewniam o modlitewnym wsparciu Jego, jak i Jego Rodzic\u00f3w.<\/b><\/span><\/span><\/span><\/p>\n<p align=\"justify\"><span style=\"color: #000000;\"><span style=\"font-family: Book Antiqua, serif;\"><span style=\"font-size: large;\">A oto s\u0142\u00f3wko Ksi\u0119dza Marka na dzi\u015b:<\/span><\/span><\/span><\/p>\n<p align=\"justify\"><span style=\"color: #000000;\"><span style=\"font-family: Book Antiqua, serif;\"><span style=\"font-size: medium;\"><a href=\"https:\/\/www.youtube.com\/c\/CatholicSurgut\"><span style=\"font-size: large;\"><span lang=\"zxx\"><u><b>https:\/\/www.youtube.com\/c\/CatholicSurgut<\/b><\/u><\/span><\/span><\/a><\/span><\/span><\/span><\/p>\n<p align=\"justify\"><span style=\"color: #000000;\"><span style=\"font-family: Book Antiqua, serif;\"><span style=\"font-size: large;\"><span lang=\"zxx\">A <\/span><span lang=\"zxx\">oto s\u0142\u00f3wko Ilii na dzi\u015b \u2013 poni\u017cej. Dzi\u0119kuj\u0119 Mu za nie serdecznie! <\/span><\/span><\/span><\/span><\/p>\n<p align=\"justify\"><span style=\"color: #000000;\"><span style=\"font-family: Book Antiqua, serif;\"><span style=\"font-size: large;\"><span lang=\"zxx\">Zatem, <\/span><span lang=\"zxx\"><b>co dzi\u015b m\u00f3wi do mnie Pan? Z jakim konkretnym przes\u0142aniem zwraca si\u0119 do mnie osobi\u015bcie?<\/b><\/span><span lang=\"zxx\"> Duchu \u015awi\u0119ty, podpowiedz&#8230;<\/span><\/span><\/span><\/span><\/p>\n<p lang=\"zxx\" align=\"justify\"><span style=\"color: #000000;\"><span style=\"font-family: Book Antiqua, serif;\"><span style=\"font-size: large;\"><b>Niech Was b\u0142ogos\u0142awi B\u00f3g Wszechmog\u0105cy: Ojciec + i Syn, i Duch \u015awi\u0119ty. Amen<\/b><\/span><\/span><\/span><\/p>\n<p lang=\"zxx\" align=\"center\"><span style=\"color: #000000;\"><span style=\"font-family: Book Antiqua, serif;\"><span style=\"font-size: large;\">Gaudium et spes! Ks. Jacek<\/span><\/span><\/span><\/p>\n<p lang=\"zxx\" align=\"center\">\n<p lang=\"zxx\" align=\"center\">\n<p lang=\"zxx\" align=\"center\">\n<p lang=\"zxx\" align=\"center\">\n<p lang=\"zxx\" align=\"center\">\n<p align=\"justify\"><span style=\"color: #000000;\"><span style=\"font-family: Book Antiqua, serif;\"><span style=\"font-size: large;\"><b>Wtorek 26 Tygodnia zwyk\u0142ego, rok II,<\/b><\/span><\/span><\/span><\/p>\n<p align=\"justify\"><span style=\"color: #000000;\"><span style=\"font-family: Book Antiqua, serif;\"><span style=\"font-size: large;\"><b>Wspomnienie \u015aw. Wincentego \u00e0 Paulo, Kap\u0142ana,<\/b><\/span><\/span><\/span><\/p>\n<p align=\"justify\"><span style=\"color: #000000;\"><span style=\"font-family: Book Antiqua, serif;\"><span style=\"font-size: large;\"><b>27 wrze\u015bnia 2022.,\u00a0<\/b><\/span><\/span><\/span><\/p>\n<p align=\"justify\"><span style=\"color: #000000;\"><span style=\"font-family: Book Antiqua, serif;\"><span style=\"font-size: large;\"><b>do czyta\u0144: Job 3,1\u20133.11\u201317.20\u201323; \u0141k 9,51\u201356<\/b><\/span><\/span><\/span><\/p>\n<p align=\"justify\">\n<p align=\"justify\">\n<p align=\"justify\">\n<p align=\"justify\">\n<p align=\"justify\">\n<p align=\"justify\"><span style=\"color: #000000;\"><span style=\"font-family: Book Antiqua, serif;\"><span style=\"font-size: large;\"><b>CZYTANIE Z KSI\u0118GI JOBA:<\/b><\/span><\/span><\/span><\/p>\n<p align=\"justify\"><span style=\"color: #000000;\"><span style=\"font-family: Book Antiqua, serif;\"><span style=\"font-size: large;\"><b>Job otworzy\u0142 usta i przeklina\u0142 sw\u00f3j dzie\u0144. Zabra\u0142 g\u0142os i tak m\u00f3wi\u0142: \u201eNiech przepadnie dzie\u0144 mego urodzenia i noc, kt\u00f3ra rzek\u0142a: \u00abPocz\u0119ty m\u0119\u017cczyzna\u00bb. Dlaczego nie umar\u0142em po wyj\u015bciu z \u0142ona, nie wyszed\u0142em z wn\u0119trzno\u015bci, by skona\u0107? Po c\u00f3\u017c mnie przyj\u0119\u0142y kolana, a piersi poda\u0142y mi pokarm? Nie \u017cy\u0142bym jak p\u0142\u00f3d poroniony, jak dzieci\u0119, co \u015bwiat\u0142a nie zna\u0142o.<\/b><\/span><\/span><\/span><\/p>\n<p align=\"justify\"><span style=\"color: #000000;\"><span style=\"font-family: Book Antiqua, serif;\"><span style=\"font-size: large;\"><b>Teraz bym spa\u0142, wypoczywa\u0142, odetchn\u0105\u0142bym we \u015bnie pogr\u0105\u017cony z kr\u00f3lami, ziemskimi w\u0142adcami, co sobie stawiali grobowce, w\u015br\u00f3d wodz\u00f3w w z\u0142oto zasobnych, kt\u00f3rych domy pe\u0142ne s\u0105 srebra. Tam niegodziwcy nie krzycz\u0105, spokojni, zu\u017cyli ju\u017c si\u0142y.<\/b><\/span><\/span><\/span><\/p>\n<p align=\"justify\"><span style=\"color: #000000;\"><span style=\"font-family: Book Antiqua, serif;\"><span style=\"font-size: large;\"><b>Po co si\u0119 daje \u017cycie strapionym, istnienie z\u0142amanym na duchu, co \u015bmierci czekaj\u0105 na pr\u00f3\u017cno, szukaj\u0105 jej bardziej ni\u017c skarbu w roli; ciesz\u0105 si\u0119, skacz\u0105 z rado\u015bci, wesel\u0105 si\u0119, \u017ce doszli do grobu. Cz\u0142owiek swej drogi jest nie\u015bwiadomy. B\u00f3g sam j\u0105 przed nim zamyka\u201d.<\/b><\/span><\/span><\/span><\/p>\n<p align=\"justify\">\n<p align=\"justify\">\n<p align=\"justify\">\n<p align=\"justify\">\n<p align=\"justify\">\n<p align=\"justify\"><span style=\"color: #000000;\"><span style=\"font-family: Book Antiqua, serif;\"><span style=\"font-size: large;\"><b>S\u0141OWA EWANGELII WED\u0141UG \u015aWI\u0118TEGO \u0141UKASZA:<\/b><\/span><\/span><\/span><\/p>\n<p align=\"justify\"><span style=\"color: #000000;\"><span style=\"font-family: Book Antiqua, serif;\"><span style=\"font-size: large;\"><b>Gdy dope\u0142nia\u0142 si\u0119 czas wzi\u0119cia Jezusa z tego \u015bwiata, postanowi\u0142 uda\u0107 si\u0119 do Jerozolimy i wys\u0142a\u0142 przed sob\u0105 pos\u0142a\u0144c\u00f3w. Ci wybrali si\u0119 w drog\u0119 i przyszli do pewnego miasteczka samaryta\u0144skiego, by Mu przygotowa\u0107 pobyt. Nie przyj\u0119to Go jednak, poniewa\u017c zmierza\u0142 do Jerozolimy.<\/b><\/span><\/span><\/span><\/p>\n<p align=\"justify\"><span style=\"color: #000000;\"><span style=\"font-family: Book Antiqua, serif;\"><span style=\"font-size: large;\"><b>Widz\u0105c to uczniowie Jakub i Jan rzekli: \u201ePanie, czy chcesz, a powiemy, \u017ceby ogie\u0144 spad\u0142 z nieba i zniszczy\u0142 ich?\u201d.<\/b><\/span><\/span><\/span><\/p>\n<p align=\"justify\"><span style=\"color: #000000;\"><span style=\"font-family: Book Antiqua, serif;\"><span style=\"font-size: large;\"><b>Lecz On odwr\u00f3ciwszy si\u0119 zabroni\u0142 im. I udali si\u0119 do innego miasteczka.<\/b><\/span><\/span><\/span><\/p>\n<p align=\"justify\">\n<p align=\"justify\">\n<p align=\"justify\">\n<p align=\"justify\">\n<p align=\"justify\">\n<p align=\"center\"><span style=\"color: #000000;\"><span style=\"font-family: Book Antiqua, serif;\"><span style=\"font-size: large;\"><b>A OTO S\u0141\u00d3WKO ILII:<\/b><\/span><\/span><\/span><\/p>\n<p align=\"center\">\n<p align=\"center\">\n<p align=\"center\">\n<p align=\"center\">\n<p align=\"center\">\n<p align=\"justify\"><span style=\"color: #000000;\"><span style=\"font-family: Book Antiqua, serif;\"><span style=\"font-size: large;\">W dzisiejszych czytaniach Pan B\u00f3g \u2013 jak zawsze \u2013 chce dotrze\u0107 do naszych serc. Jak cz\u0119sto my czekamy na cud od Boga, ale sami nie chcemy uwa\u017cnie s\u0142ucha\u0107 Jego s\u0142\u00f3w? Jak cz\u0119sto w r\u00f3\u017cnych pr\u00f3bach \u017cycia zapominamy o radach Jego mi\u0142o\u015bci i nawet nie pr\u00f3bujemy ich szuka\u0107? Jak cz\u0119sto w naszym szumnym codziennym \u017cyciu boimy si\u0119 przygotowa\u0107 miejsce ciszy, aby otworzy\u0142a si\u0119 w nim Pa\u0144ska m\u0105dro\u015b\u0107? W\u0142a\u015bnie teraz m\u00f3wi Pan\u2026<\/span><\/span><\/span><\/p>\n<p align=\"justify\"><span style=\"color: #000000;\"><span style=\"font-family: Book Antiqua, serif;\"><span style=\"font-size: large;\">W dzisiejszym pierwszym czytaniu Autor natchniony prze\u017cywa nieszcz\u0119\u015bcie. Znamy trudny los Hioba i jego prawo\u015b\u0107 przed Panem, dlatego jego s\u0142owa znajduj\u0105 usprawiedliwienie w czasach, w kt\u00f3rych on \u017cy\u0142.<\/span><\/span><\/span><\/p>\n<p align=\"justify\"><span style=\"color: #000000;\"><span style=\"font-family: Book Antiqua, serif;\"><span style=\"font-size: large;\"><i><b>Hiob otworzy\u0142 usta i przeklina\u0142 sw\u00f3j dzie\u0144.<\/b><\/i> Jak wygl\u0105da nasz dzie\u0144? Czym my go nape\u0142niamy? Czy jest w nim miejsce dla Boga i czy nie gubimy w\u015br\u00f3d bieganiny \u2013 czasu na modlitw\u0119 oraz czasu dla bli\u017aniego? Czy w ten spos\u00f3b nasz dzie\u0144 nie jest przekl\u0119ty przez nas samych i czy nie jest stracona nasza nadzieja? <i><b>Po co si\u0119 daje \u017cycie strapionym, istnienie z\u0142amanym na duchu\u2026<\/b><\/i><\/span><\/span><\/span><\/p>\n<p align=\"justify\"><span style=\"color: #000000;\"><span style=\"font-family: Book Antiqua, serif;\"><span style=\"font-size: large;\">A w Ewangelii s\u0142yszymy: <i><b>Gdy dope\u0142nia\u0142y si\u0119 dni wzi\u0119cia Jezusa z tego \u015bwiata, postanowi\u0142 uda\u0107 si\u0119 do Jeruzalem, i wys\u0142a\u0142 przed sob\u0105 pos\u0142a\u0144c\u00f3w&#8230; Nie przyj\u0119to Go jednak, poniewa\u017c zmierza\u0142 do Jeruzalem<\/b><\/i><\/span><\/span><\/span><\/p>\n<p align=\"justify\"><span style=\"color: #000000;\"><span style=\"font-family: Book Antiqua, serif;\"><span style=\"font-size: large;\">Akcja z dzisiejszej Ewangelii pokazuje problem, kt\u00f3ry istnieje bardzo d\u0142ugo \u2013 w\u0142a\u015bciwie do tej pory. Mi\u0119dzy Samarytanami a \u017bydami by\u0142 konflikt z powod\u00f3w historycznych i religijnych. A je\u015bli by Go przyj\u0119li, spe\u0142ni\u0142yby si\u0119 inne s\u0142owa Jezusa: <i><b>Kto wam poda kubek wody do picia, dlatego \u017ce nale\u017cycie do Chrystusa, zaprawd\u0119, powiadam wam, nie utraci swojej nagrody<\/b><\/i> (Mk 9, 41) Niestety, przez jakie\u015b wymy\u015blone problemy tego \u015bwiata stracili t\u0119 szans\u0119\u2026 <\/span><\/span><\/span><\/p>\n<p align=\"justify\"><span style=\"color: #000000;\"><span style=\"font-family: Book Antiqua, serif;\"><span style=\"font-size: large;\">Jak cz\u0119sto mo\u017cna zobaczy\u0107 podobne wymy\u015blone konflikty w naszym \u017cyciu&#8230; Nie tylko w telewizji, lecz w prawdziwym \u017cyciu, w naszych rodzinach, towarzystwach&#8230; Jak na to reagowa\u0107 i jak to pokona\u0107?<\/span><\/span><\/span><\/p>\n<p align=\"justify\"><span style=\"color: #000000;\">\u201e<span style=\"font-family: Book Antiqua, serif;\"><span style=\"font-size: large;\"><i><b>Panie, czy chcesz, by\u015bmy powiedzieli: Niech ogie\u0144 spadnie z nieba i poch\u0142onie ich?\u201d Lecz On, odwr\u00f3ciwszy si\u0119, zgromi\u0142 ich.<\/b><\/i><\/span><\/span><\/span><\/p>\n<p align=\"justify\"><span style=\"color: #000000;\"><span style=\"font-family: Book Antiqua, serif;\"><span style=\"font-size: large;\">Pan B\u00f3g zwraca nasz\u0105 uwag\u0119 na r\u00f3\u017cnic\u0119 mi\u0119dzy my\u015bleniem chrze\u015bcija\u0144skim a my\u015bleniem tego \u015bwiata, by\u015bmy nie zapominali, jakiego jeste\u015bmy Ducha.<\/span><\/span><\/span><\/p>\n<p align=\"right\"><span style=\"color: #000000;\"><span style=\"font-family: Book Antiqua, serif;\"><span style=\"font-size: large;\">Eliasz<\/span><\/span><\/span><\/p>\n","protected":false},"excerpt":{"rendered":"<p>Szcz\u0119\u015b\u0107 Bo\u017ce! Moi Drodzy, w dniu dzisiejszym rocznic\u0119 zawarcia sakramentalnego Ma\u0142\u017ce\u0144stwa prze\u017cywaj\u0105 Piotr i Agnieszka Nowiccy, czyli m\u00f3j Brat cioteczny i Jego \u017bona. \u017bycz\u0119 Im nieustannego odkrywania pi\u0119kna wzajemnej mi\u0142o\u015bci, oraz szczeg\u00f3lnego Bo\u017cego b\u0142ogos\u0142awie\u0144stwa na ka\u017cdy dzie\u0144 Ich \u017cycia. Niech jak najmocniej zwi\u0105\u017c\u0105 swoje \u017cycie z Jezusem, niech Mu bez obaw zaufaj\u0105! B\u0119d\u0119 si\u0119 o [&hellip;]<\/p>\n","protected":false},"author":1,"featured_media":0,"comment_status":"open","ping_status":"open","sticky":false,"template":"","format":"standard","meta":{"jetpack_post_was_ever_published":false,"_jetpack_newsletter_access":"","_jetpack_dont_email_post_to_subs":false,"_jetpack_newsletter_tier_id":0,"_jetpack_memberships_contains_paywalled_content":false,"_jetpack_memberships_contains_paid_content":false,"footnotes":""},"categories":[1],"tags":[],"class_list":["post-21014","post","type-post","status-publish","format-standard","hentry","category-bez-kategorii"],"yoast_head":"<!-- This site is optimized with the Yoast SEO plugin v25.1 - https:\/\/yoast.com\/wordpress\/plugins\/seo\/ -->\n<title>Nie przyj\u0119to Go jednak... - Gaudium Et Spes<\/title>\n<meta name=\"robots\" content=\"index, follow, max-snippet:-1, max-image-preview:large, max-video-preview:-1\" \/>\n<link rel=\"canonical\" href=\"https:\/\/gaudiumetspes-blog.pl\/index.php\/2022\/09\/27\/nie-przyjeto-go-jednak\/\" \/>\n<meta property=\"og:locale\" content=\"pl_PL\" \/>\n<meta property=\"og:type\" content=\"article\" \/>\n<meta property=\"og:title\" content=\"Nie przyj\u0119to Go jednak... - Gaudium Et Spes\" \/>\n<meta property=\"og:description\" content=\"Szcz\u0119\u015b\u0107 Bo\u017ce! Moi Drodzy, w dniu dzisiejszym rocznic\u0119 zawarcia sakramentalnego Ma\u0142\u017ce\u0144stwa prze\u017cywaj\u0105 Piotr i Agnieszka Nowiccy, czyli m\u00f3j Brat cioteczny i Jego \u017bona. \u017bycz\u0119 Im nieustannego odkrywania pi\u0119kna wzajemnej mi\u0142o\u015bci, oraz szczeg\u00f3lnego Bo\u017cego b\u0142ogos\u0142awie\u0144stwa na ka\u017cdy dzie\u0144 Ich \u017cycia. Niech jak najmocniej zwi\u0105\u017c\u0105 swoje \u017cycie z Jezusem, niech Mu bez obaw zaufaj\u0105! B\u0119d\u0119 si\u0119 o [&hellip;]\" \/>\n<meta property=\"og:url\" content=\"https:\/\/gaudiumetspes-blog.pl\/index.php\/2022\/09\/27\/nie-przyjeto-go-jednak\/\" \/>\n<meta property=\"og:site_name\" content=\"Gaudium Et Spes\" \/>\n<meta property=\"article:published_time\" content=\"2022-09-27T05:57:54+00:00\" \/>\n<meta name=\"author\" content=\"Ks. Jacek\" \/>\n<meta name=\"twitter:card\" content=\"summary_large_image\" \/>\n<meta name=\"twitter:label1\" content=\"Napisane przez\" \/>\n\t<meta name=\"twitter:data1\" content=\"Ks. Jacek\" \/>\n\t<meta name=\"twitter:label2\" content=\"Szacowany czas czytania\" \/>\n\t<meta name=\"twitter:data2\" content=\"4 minuty\" \/>\n<script type=\"application\/ld+json\" class=\"yoast-schema-graph\">{\"@context\":\"https:\/\/schema.org\",\"@graph\":[{\"@type\":\"WebPage\",\"@id\":\"https:\/\/gaudiumetspes-blog.pl\/index.php\/2022\/09\/27\/nie-przyjeto-go-jednak\/\",\"url\":\"https:\/\/gaudiumetspes-blog.pl\/index.php\/2022\/09\/27\/nie-przyjeto-go-jednak\/\",\"name\":\"Nie przyj\u0119to Go jednak... - Gaudium Et Spes\",\"isPartOf\":{\"@id\":\"https:\/\/gaudiumetspes-blog.pl\/#website\"},\"datePublished\":\"2022-09-27T05:57:54+00:00\",\"author\":{\"@id\":\"https:\/\/gaudiumetspes-blog.pl\/#\/schema\/person\/1661982992b752dea8dff0d4ed845a65\"},\"breadcrumb\":{\"@id\":\"https:\/\/gaudiumetspes-blog.pl\/index.php\/2022\/09\/27\/nie-przyjeto-go-jednak\/#breadcrumb\"},\"inLanguage\":\"pl-PL\",\"potentialAction\":[{\"@type\":\"ReadAction\",\"target\":[\"https:\/\/gaudiumetspes-blog.pl\/index.php\/2022\/09\/27\/nie-przyjeto-go-jednak\/\"]}]},{\"@type\":\"BreadcrumbList\",\"@id\":\"https:\/\/gaudiumetspes-blog.pl\/index.php\/2022\/09\/27\/nie-przyjeto-go-jednak\/#breadcrumb\",\"itemListElement\":[{\"@type\":\"ListItem\",\"position\":1,\"name\":\"Strona g\u0142\u00f3wna\",\"item\":\"https:\/\/gaudiumetspes-blog.pl\/\"},{\"@type\":\"ListItem\",\"position\":2,\"name\":\"Nie&nbsp;przyj\u0119to Go jednak&#8230;\"}]},{\"@type\":\"WebSite\",\"@id\":\"https:\/\/gaudiumetspes-blog.pl\/#website\",\"url\":\"https:\/\/gaudiumetspes-blog.pl\/\",\"name\":\"Gaudium Et Spes\",\"description\":\"Blog Ks. Jacka Ja\u015bkowskiego\",\"potentialAction\":[{\"@type\":\"SearchAction\",\"target\":{\"@type\":\"EntryPoint\",\"urlTemplate\":\"https:\/\/gaudiumetspes-blog.pl\/?s={search_term_string}\"},\"query-input\":{\"@type\":\"PropertyValueSpecification\",\"valueRequired\":true,\"valueName\":\"search_term_string\"}}],\"inLanguage\":\"pl-PL\"},{\"@type\":\"Person\",\"@id\":\"https:\/\/gaudiumetspes-blog.pl\/#\/schema\/person\/1661982992b752dea8dff0d4ed845a65\",\"name\":\"Ks. Jacek\",\"image\":{\"@type\":\"ImageObject\",\"inLanguage\":\"pl-PL\",\"@id\":\"https:\/\/gaudiumetspes-blog.pl\/#\/schema\/person\/image\/\",\"url\":\"https:\/\/gaudiumetspes-blog.pl\/wp-content\/uploads\/2019\/07\/avatar-JJ-150x150.jpg\",\"contentUrl\":\"https:\/\/gaudiumetspes-blog.pl\/wp-content\/uploads\/2019\/07\/avatar-JJ-150x150.jpg\",\"caption\":\"Ks. Jacek\"},\"description\":\"Witam serdecznie! K\u0142ania si\u0119 Ks. Jacek Ja\u015bkowski. Nie jestem ani kim\u015b wa\u017cnym, ani kim\u015b znanym. Jestem ksi\u0119dzem, kt\u00f3ry po prostu chce rozmawia\u0107. Codzienna kap\u0142a\u0144ska pos\u0142uga pokazuje mi, \u017ce temat\u00f3w do rozm\u00f3w z ksi\u0119dzem jest coraz wi\u0119cej i dzisiaj \u017caden ksi\u0105dz nie mo\u017ce od nich ucieka\u0107, ale - wprost przeciwnie - podejmowa\u0107 nowe wyzwania. To przekonanie sk\u0142oni\u0142o mnie do pr\u00f3by otwarcia tego\u017c bloga, chocia\u017c okazji do rozm\u00f3w na co dzie\u0144 - w konfesjonale i poza nim - na szcz\u0119\u015bcie nie brakuje. My\u015bl\u0119 jednak, \u017ce ten blog b\u0119dzie jeszcze jednym sposobem i przestrzeni\u0105 nawi\u0105zania kontaktu z lud\u017ami dobrej woli, otwartymi na dialog.\",\"url\":\"https:\/\/gaudiumetspes-blog.pl\/index.php\/author\/ks-jacek\/\"}]}<\/script>\n<!-- \/ Yoast SEO plugin. -->","yoast_head_json":{"title":"Nie przyj\u0119to Go jednak... - Gaudium Et Spes","robots":{"index":"index","follow":"follow","max-snippet":"max-snippet:-1","max-image-preview":"max-image-preview:large","max-video-preview":"max-video-preview:-1"},"canonical":"https:\/\/gaudiumetspes-blog.pl\/index.php\/2022\/09\/27\/nie-przyjeto-go-jednak\/","og_locale":"pl_PL","og_type":"article","og_title":"Nie przyj\u0119to Go jednak... - Gaudium Et Spes","og_description":"Szcz\u0119\u015b\u0107 Bo\u017ce! Moi Drodzy, w dniu dzisiejszym rocznic\u0119 zawarcia sakramentalnego Ma\u0142\u017ce\u0144stwa prze\u017cywaj\u0105 Piotr i Agnieszka Nowiccy, czyli m\u00f3j Brat cioteczny i Jego \u017bona. \u017bycz\u0119 Im nieustannego odkrywania pi\u0119kna wzajemnej mi\u0142o\u015bci, oraz szczeg\u00f3lnego Bo\u017cego b\u0142ogos\u0142awie\u0144stwa na ka\u017cdy dzie\u0144 Ich \u017cycia. Niech jak najmocniej zwi\u0105\u017c\u0105 swoje \u017cycie z Jezusem, niech Mu bez obaw zaufaj\u0105! B\u0119d\u0119 si\u0119 o [&hellip;]","og_url":"https:\/\/gaudiumetspes-blog.pl\/index.php\/2022\/09\/27\/nie-przyjeto-go-jednak\/","og_site_name":"Gaudium Et Spes","article_published_time":"2022-09-27T05:57:54+00:00","author":"Ks. Jacek","twitter_card":"summary_large_image","twitter_misc":{"Napisane przez":"Ks. Jacek","Szacowany czas czytania":"4 minuty"},"schema":{"@context":"https:\/\/schema.org","@graph":[{"@type":"WebPage","@id":"https:\/\/gaudiumetspes-blog.pl\/index.php\/2022\/09\/27\/nie-przyjeto-go-jednak\/","url":"https:\/\/gaudiumetspes-blog.pl\/index.php\/2022\/09\/27\/nie-przyjeto-go-jednak\/","name":"Nie przyj\u0119to Go jednak... - Gaudium Et Spes","isPartOf":{"@id":"https:\/\/gaudiumetspes-blog.pl\/#website"},"datePublished":"2022-09-27T05:57:54+00:00","author":{"@id":"https:\/\/gaudiumetspes-blog.pl\/#\/schema\/person\/1661982992b752dea8dff0d4ed845a65"},"breadcrumb":{"@id":"https:\/\/gaudiumetspes-blog.pl\/index.php\/2022\/09\/27\/nie-przyjeto-go-jednak\/#breadcrumb"},"inLanguage":"pl-PL","potentialAction":[{"@type":"ReadAction","target":["https:\/\/gaudiumetspes-blog.pl\/index.php\/2022\/09\/27\/nie-przyjeto-go-jednak\/"]}]},{"@type":"BreadcrumbList","@id":"https:\/\/gaudiumetspes-blog.pl\/index.php\/2022\/09\/27\/nie-przyjeto-go-jednak\/#breadcrumb","itemListElement":[{"@type":"ListItem","position":1,"name":"Strona g\u0142\u00f3wna","item":"https:\/\/gaudiumetspes-blog.pl\/"},{"@type":"ListItem","position":2,"name":"Nie&nbsp;przyj\u0119to Go jednak&#8230;"}]},{"@type":"WebSite","@id":"https:\/\/gaudiumetspes-blog.pl\/#website","url":"https:\/\/gaudiumetspes-blog.pl\/","name":"Gaudium Et Spes","description":"Blog Ks. Jacka Ja\u015bkowskiego","potentialAction":[{"@type":"SearchAction","target":{"@type":"EntryPoint","urlTemplate":"https:\/\/gaudiumetspes-blog.pl\/?s={search_term_string}"},"query-input":{"@type":"PropertyValueSpecification","valueRequired":true,"valueName":"search_term_string"}}],"inLanguage":"pl-PL"},{"@type":"Person","@id":"https:\/\/gaudiumetspes-blog.pl\/#\/schema\/person\/1661982992b752dea8dff0d4ed845a65","name":"Ks. Jacek","image":{"@type":"ImageObject","inLanguage":"pl-PL","@id":"https:\/\/gaudiumetspes-blog.pl\/#\/schema\/person\/image\/","url":"https:\/\/gaudiumetspes-blog.pl\/wp-content\/uploads\/2019\/07\/avatar-JJ-150x150.jpg","contentUrl":"https:\/\/gaudiumetspes-blog.pl\/wp-content\/uploads\/2019\/07\/avatar-JJ-150x150.jpg","caption":"Ks. Jacek"},"description":"Witam serdecznie! K\u0142ania si\u0119 Ks. Jacek Ja\u015bkowski. Nie jestem ani kim\u015b wa\u017cnym, ani kim\u015b znanym. Jestem ksi\u0119dzem, kt\u00f3ry po prostu chce rozmawia\u0107. Codzienna kap\u0142a\u0144ska pos\u0142uga pokazuje mi, \u017ce temat\u00f3w do rozm\u00f3w z ksi\u0119dzem jest coraz wi\u0119cej i dzisiaj \u017caden ksi\u0105dz nie mo\u017ce od nich ucieka\u0107, ale - wprost przeciwnie - podejmowa\u0107 nowe wyzwania. To przekonanie sk\u0142oni\u0142o mnie do pr\u00f3by otwarcia tego\u017c bloga, chocia\u017c okazji do rozm\u00f3w na co dzie\u0144 - w konfesjonale i poza nim - na szcz\u0119\u015bcie nie brakuje. My\u015bl\u0119 jednak, \u017ce ten blog b\u0119dzie jeszcze jednym sposobem i przestrzeni\u0105 nawi\u0105zania kontaktu z lud\u017ami dobrej woli, otwartymi na dialog.","url":"https:\/\/gaudiumetspes-blog.pl\/index.php\/author\/ks-jacek\/"}]}},"jetpack_featured_media_url":"","jetpack_sharing_enabled":true,"_links":{"self":[{"href":"https:\/\/gaudiumetspes-blog.pl\/index.php\/wp-json\/wp\/v2\/posts\/21014","targetHints":{"allow":["GET"]}}],"collection":[{"href":"https:\/\/gaudiumetspes-blog.pl\/index.php\/wp-json\/wp\/v2\/posts"}],"about":[{"href":"https:\/\/gaudiumetspes-blog.pl\/index.php\/wp-json\/wp\/v2\/types\/post"}],"author":[{"embeddable":true,"href":"https:\/\/gaudiumetspes-blog.pl\/index.php\/wp-json\/wp\/v2\/users\/1"}],"replies":[{"embeddable":true,"href":"https:\/\/gaudiumetspes-blog.pl\/index.php\/wp-json\/wp\/v2\/comments?post=21014"}],"version-history":[{"count":1,"href":"https:\/\/gaudiumetspes-blog.pl\/index.php\/wp-json\/wp\/v2\/posts\/21014\/revisions"}],"predecessor-version":[{"id":21015,"href":"https:\/\/gaudiumetspes-blog.pl\/index.php\/wp-json\/wp\/v2\/posts\/21014\/revisions\/21015"}],"wp:attachment":[{"href":"https:\/\/gaudiumetspes-blog.pl\/index.php\/wp-json\/wp\/v2\/media?parent=21014"}],"wp:term":[{"taxonomy":"category","embeddable":true,"href":"https:\/\/gaudiumetspes-blog.pl\/index.php\/wp-json\/wp\/v2\/categories?post=21014"},{"taxonomy":"post_tag","embeddable":true,"href":"https:\/\/gaudiumetspes-blog.pl\/index.php\/wp-json\/wp\/v2\/tags?post=21014"}],"curies":[{"name":"wp","href":"https:\/\/api.w.org\/{rel}","templated":true}]}}