{"id":21022,"date":"2022-10-01T08:53:45","date_gmt":"2022-10-01T06:53:45","guid":{"rendered":"https:\/\/gaudiumetspes-blog.pl\/?p=21022"},"modified":"2022-10-01T08:53:45","modified_gmt":"2022-10-01T06:53:45","slug":"wasze-imiona-zapisane-w-niebie","status":"publish","type":"post","link":"https:\/\/gaudiumetspes-blog.pl\/index.php\/2022\/10\/01\/wasze-imiona-zapisane-w-niebie\/","title":{"rendered":"Wasze imiona &#8211; zapisane w Niebie!"},"content":{"rendered":"<p align=\"justify\"><span style=\"color: #000000;\"><span style=\"font-family: Book Antiqua, serif;\"><span style=\"font-size: large;\">Szcz\u0119\u015b\u0107 Bo\u017ce! Moi Drodzy, w dniu dzisiejszym <b>imieniny prze\u017cywa<\/b><b>j\u0105:<\/b><\/span><\/span><\/span><\/p>\n<p align=\"justify\"><span style=\"color: #000000;\">\u25ba<span style=\"font-family: Book Antiqua, serif;\"><span style=\"font-size: large;\"><b>Siostry Teresa Skorupska, kt\u00f3ra w swoim czasie pos\u0142ugiwa\u0142a w Miastkowie, b\u0119d\u0105c Prze\u0142o\u017con\u0105 Domu;<\/b><\/span><\/span><\/span><\/p>\n<p align=\"justify\"><span style=\"color: #000000;\">\u25ba<span style=\"font-family: Book Antiqua, serif;\"><span style=\"font-size: large;\"><b>Siostra Teresa Kurek, obecnie <\/b><b>tam <\/b><b>pos\u0142uguj\u0105ca;<\/b><\/span><\/span><\/span><\/p>\n<p align=\"justify\"><span style=\"color: #000000;\">\u25ba<span style=\"font-family: Book Antiqua, serif;\"><span style=\"font-size: large;\"><b>Siostra Teresa Jakubowska, pos\u0142uguj\u0105ca na Syberii, w swoim czasie tak\u017ce w Surgucie;<\/b><\/span><\/span><\/span><\/p>\n<p align=\"justify\"><span style=\"color: #000000;\">\u25ba<span style=\"font-family: Book Antiqua, serif;\"><span style=\"font-size: large;\"><b>Teresa Jaroszuk, kt\u00f3ra od lat z rado\u015bci\u0105 i dobrym sercem wita Pielgrzym\u00f3w, przybywaj\u0105cych do Sanktuarium w Kodniu. Pani Teresa pos\u0142uguje w recepcji, obs\u0142uguje przybywaj\u0105cych i mieszkaj\u0105cych w domu Pielgrzyma, a ja mam przyjemno\u015b\u0107 spotyka\u0107 si\u0119 z Ni\u0105 i rozmawia\u0107 ju\u017c od wielu lat. Zawsze, ilekro\u0107 pojad\u0119 do Kodnia lub chocia\u017cby tam zadzwoni\u0119, bardzo mnie cieszy mo\u017cliwo\u015b\u0107 spotkania z tak wspania\u0142\u0105 Osob\u0105.<\/b><\/span><\/span><\/span><\/p>\n<p align=\"justify\"><span style=\"color: #000000;\"><span style=\"font-family: Book Antiqua, serif;\"><span style=\"font-size: large;\"><b>Wszystkim Solenizantkom \u017cycz\u0119 owej najg\u0142\u0119bszej wi\u0119zi z Jezusem, kt\u00f3rej przyk\u0142ad daje dzisiejsza Patronka. I \u2013 oczywi\u015bcie \u2013 zapewniam o modlitwie.<\/b><\/span><\/span><\/span><\/p>\n<p align=\"justify\"><span style=\"color: #000000;\"><span style=\"font-family: Book Antiqua, serif;\"><span style=\"font-size: large;\">Bardzo serdecznie dzi\u0119kujemy Ksi\u0119dzu Markowi za wczorajsze s\u0142\u00f3wko z Syberii \u2013 i pisane, i m\u00f3wione. Oto s\u0142\u00f3wko Ksi\u0119dza Marka na dzi\u015b \u2013 m\u00f3wione:<\/span><\/span><\/span><\/p>\n<p align=\"justify\"><span style=\"color: #000000;\"><span style=\"font-family: Book Antiqua, serif;\"><span style=\"font-size: medium;\"><a href=\"https:\/\/www.youtube.com\/c\/CatholicSurgut\"><span style=\"font-size: large;\"><span lang=\"zxx\"><u><b>https:\/\/www.youtube.com\/c\/CatholicSurgut<\/b><\/u><\/span><\/span><\/a><\/span><\/span><\/span><\/p>\n<p align=\"justify\"><span style=\"color: #000000;\"><span style=\"font-family: Book Antiqua, serif;\"><span style=\"font-size: large;\"><span lang=\"zxx\">T<\/span><span lang=\"zxx\">ylko nadmieni\u0119, moi Drodzy, \u017ce wczoraj przeprowadzi\u0142em si\u0119 z mieszkania przy ulicy Brzeskiej 37, gdzie przez lata by\u0142 O\u015brodek Duszpasterstwa Akademickiego \u2013 do Domu Ksi\u0119\u017cy Emeryt\u00f3w, przy ulicy Ko\u015bciuszki 10. Jeszcze jest troch\u0119 do zrobienia i do uporz\u0105dkowania \u2013 jak to przy przeprowadzce \u2013 ale ju\u017c pierwsz\u0105 noc mam za sob\u0105. Tutaj te\u017c ma funkcjonowa\u0107 Duszpasterstwo Akademickie. Pierwsz\u0105 Msz\u0119 \u015awi\u0119t\u0105 przewidujemy jutro, o 20:00.<\/span><\/span><\/span><\/span><\/p>\n<p align=\"justify\"><span style=\"color: #000000;\"><span style=\"font-family: Book Antiqua, serif;\"><span style=\"font-size: large;\"><span lang=\"zxx\">Bardzo dzi\u0119kuj\u0119 mojemu Szwagrowi Kamilowi, oraz Ilii, Panu \u0141ukaszowi Doma\u0144skiemu, Sebastianowi Rymuzie, Krystianowi Rymuzie i Adrianowi Rymuzie \u2013 za pomoc w sprawnym przewiezieniu rzeczy.<\/span><\/span><\/span><\/span><\/p>\n<p align=\"justify\"><span style=\"color: #000000;\"><span style=\"font-family: Book Antiqua, serif;\"><span style=\"font-size: large;\"><span lang=\"zxx\">Moi Drodzy, przypominam, \u017ce dzisiaj pierwsza sobota miesi\u0105ca \u2013 i pierwszy dzie\u0144 pa\u017adziernika, a wi\u0119c rozpoczynamy nabo\u017ce\u0144stwo r\u00f3\u017ca\u0144cowe.<\/span><\/span><\/span><\/span><\/p>\n<p align=\"justify\"><span style=\"color: #000000;\"><span style=\"font-family: Book Antiqua, serif;\"><span style=\"font-size: large;\"><span lang=\"zxx\">A teraz ju\u017c zapraszam do pochylenia si\u0119 nad Bo\u017cym s\u0142owem dzisiejszejszej liturgii.<\/span> <b>Co Pan do mnie konkretnie dzisiaj m\u00f3wi? <\/b><b>Co tak szczeg\u00f3lnie chce po\u0142o\u017cy\u0107 mi na sercu? <\/b>Duchu \u015awi\u0119ty, podpowiedz\u2026<\/span><\/span><\/span><\/p>\n<p align=\"justify\"><span style=\"color: #000000;\"><span style=\"font-family: Book Antiqua, serif;\"><span style=\"font-size: large;\"><b>Niech Was b\u0142ogos\u0142awi B\u00f3g Wszechmog\u0105cy: Ojciec + i Syn, i Duch \u015awi\u0119ty. Amen<\/b><\/span><\/span><\/span><\/p>\n<p align=\"center\"><span style=\"color: #000000;\"><span style=\"font-family: Book Antiqua, serif;\"><span style=\"font-size: large;\">Gaudium et spes! Ks. Jacek<\/span><\/span><\/span><\/p>\n<p align=\"center\">\n<p align=\"center\">\n<p align=\"center\">\n<p align=\"center\">\n<p align=\"center\">\n<p align=\"justify\"><span style=\"color: #000000;\"><span style=\"font-family: Book Antiqua, serif;\"><span style=\"font-size: large;\"><b>Sobota 26 Tygodnia zwyk\u0142ego, rok II,<\/b><\/span><\/span><\/span><\/p>\n<p align=\"justify\"><span style=\"color: #000000;\"><span style=\"font-family: Book Antiqua, serif;\"><span style=\"font-size: large;\"><b>Wspomnienie \u015aw. Teresy od Dzieci\u0105tka Jezus, <\/b><\/span><\/span><\/span><\/p>\n<p align=\"justify\"><span style=\"color: #000000;\"><span style=\"font-family: Book Antiqua, serif;\"><span style=\"font-size: large;\"><b>Dziewicy i Doktora Ko\u015bcio\u0142a,<\/b><\/span><\/span><\/span><\/p>\n<p align=\"justify\"><span style=\"color: #000000;\"><span style=\"font-family: Book Antiqua, serif;\"><span style=\"font-size: large;\"><b>1 pa\u017adziernika 2022.,\u00a0<\/b><\/span><\/span><\/span><\/p>\n<p align=\"justify\"><span style=\"color: #000000;\"><span style=\"font-family: Book Antiqua, serif;\"><span style=\"font-size: large;\"><b>do czyta\u0144: Job 42,1\u20133.5\u20136.12\u201317; \u0141k 10,17\u201324<\/b><\/span><\/span><\/span><\/p>\n<p align=\"justify\">\n<p align=\"justify\">\n<p align=\"justify\">\n<p align=\"justify\">\n<p align=\"justify\">\n<p align=\"justify\"><span style=\"color: #000000;\"><span style=\"font-family: Book Antiqua, serif;\"><span style=\"font-size: large;\"><b>CZYTANIE Z KSI\u0118GI JOBA:<\/b><\/span><\/span><\/span><\/p>\n<p align=\"justify\"><span style=\"color: #000000;\"><span style=\"font-family: Book Antiqua, serif;\"><span style=\"font-size: large;\"><b>Job odpowiedzia\u0142 Panu: \u201eWiem, \u017ce Ty wszystko mo\u017cesz; co zamy\u015blasz, potrafisz uczyni\u0107. Kt\u00f3\u017c nierozumnie Twe rz\u0105dy zaciemni? Dot\u0105d Ci\u0119 zna\u0142em ze s\u0142uchu, obecnie ujrza\u0142em Ci\u0119 wzrokiem, st\u0105d si\u0119 we \u0142zach rozp\u0142ywam, pokutuj\u0119 w prochu i popiele\u201d.<\/b><\/span><\/span><\/span><\/p>\n<p align=\"justify\"><span style=\"color: #000000;\"><span style=\"font-family: Book Antiqua, serif;\"><span style=\"font-size: large;\"><b>Potem Pan b\u0142ogos\u0142awi\u0142 Jobowi, tak \u017ce mia\u0142 czterna\u015bcie tysi\u0119cy owiec, sze\u015b\u0107 tysi\u0119cy wielb\u0142\u0105d\u00f3w, tysi\u0105c jarzm wo\u0142\u00f3w i tysi\u0105c o\u015blic. Mia\u0142 jeszcze siedmiu syn\u00f3w i trzy c\u00f3rki. Pierwsz\u0105 nazwa\u0142 Go\u0142\u0119bic\u0105, drug\u0105 Kasj\u0105, a trzeci\u0105 Rogiem Antymonu. Nie by\u0142o w ca\u0142ym kraju kobiet tak pi\u0119knych, jak c\u00f3rki Joba. Da\u0142 im te\u017c ojciec dziedzictwo mi\u0119dzy bra\u0107mi.<\/b><\/span><\/span><\/span><\/p>\n<p align=\"justify\"><span style=\"color: #000000;\"><span style=\"font-family: Book Antiqua, serif;\"><span style=\"font-size: large;\"><b>I \u017cy\u0142 jeszcze Job sto czterdzie\u015bci lat, i widzia\u0142 swych potomk\u00f3w \u2013 w ca\u0142o\u015bci cztery pokolenia. Umar\u0142 Job stary i pe\u0142en lat.<\/b><\/span><\/span><\/span><\/p>\n<p align=\"justify\">\n<p align=\"justify\">\n<p align=\"justify\">\n<p align=\"justify\">\n<p align=\"justify\">\n<p align=\"justify\"><span style=\"color: #000000;\"><span style=\"font-family: Book Antiqua, serif;\"><span style=\"font-size: large;\"><b>S\u0141OWA EWANGELII WED\u0141UG \u015aWI\u0118TEGO \u0141UKASZA:<\/b><\/span><\/span><\/span><\/p>\n<p align=\"justify\"><span style=\"color: #000000;\"><span style=\"font-family: Book Antiqua, serif;\"><span style=\"font-size: large;\"><b>Wr\u00f3ci\u0142o siedemdziesi\u0119ciu dw\u00f3ch z rado\u015bci\u0105, m\u00f3wi\u0105c: \u201ePanie, przez wzgl\u0105d na Twoje imi\u0119, nawet z\u0142e duchy nam si\u0119 poddaj\u0105\u201d.<\/b><\/span><\/span><\/span><\/p>\n<p align=\"justify\"><span style=\"color: #000000;\"><span style=\"font-family: Book Antiqua, serif;\"><span style=\"font-size: large;\"><b>Wtedy rzek\u0142 do nich: \u201eWidzia\u0142em szatana, spadaj\u0105cego z nieba jak b\u0142yskawica. Oto da\u0142em wam w\u0142adz\u0119 st\u0105pania po w\u0119\u017cach i skorpionach, i po ca\u0142ej pot\u0119dze przeciwnika, a nic wam nie zaszkodzi. Jednak nie z tego si\u0119 cieszcie, \u017ce duchy si\u0119 wam poddaj\u0105, lecz cieszcie si\u0119, \u017ce wasze imiona zapisane s\u0105 w niebie\u201d.<\/b><\/span><\/span><\/span><\/p>\n<p align=\"justify\"><span style=\"color: #000000;\"><span style=\"font-family: Book Antiqua, serif;\"><span style=\"font-size: large;\"><b>W tej w\u0142a\u015bnie chwili Jezus rozradowa\u0142 si\u0119 w Duchu \u015awi\u0119tym i rzek\u0142: \u201eWys\u0142awiam Ci\u0119, Ojcze, Panie nieba i ziemi, \u017ce zakry\u0142e\u015b te rzeczy przed m\u0105drymi i roztropnymi, a objawi\u0142e\u015b je prostaczkom. Tak, Ojcze, gdy\u017c takie by\u0142o Twoje upodobanie. Ojciec m\u00f3j przekaza\u0142 Mi wszystko. Nikt te\u017c nie wie, kim jest Syn, tylko Ojciec; ani kim jest Ojciec, tylko Syn i ten, komu Syn zechce objawi\u0107\u201d.<\/b><\/span><\/span><\/span><\/p>\n<p align=\"justify\"><span style=\"color: #000000;\"><span style=\"font-family: Book Antiqua, serif;\"><span style=\"font-size: large;\"><b>Potem zwr\u00f3ci\u0142 si\u0119 do samych uczni\u00f3w i rzek\u0142: \u201eSzcz\u0119\u015bliwe oczy, kt\u00f3re widz\u0105 to, co wy widzicie. Bo powiadam wam: Wielu prorok\u00f3w i kr\u00f3l\u00f3w pragn\u0119\u0142o ujrze\u0107 to, co wy widzicie, a nie ujrzeli, i us\u0142ysze\u0107, co s\u0142yszycie, a nie us\u0142yszeli\u201d.<\/b><\/span><\/span><\/span><\/p>\n<p align=\"justify\">\n<p align=\"justify\">\n<p align=\"justify\">\n<p align=\"justify\">\n<p align=\"justify\">\n<p align=\"justify\"><span style=\"color: #000000;\"><span style=\"font-family: Book Antiqua, serif;\"><span style=\"font-size: large;\">Bardzo <b>radosna i optymistyczna<\/b> \u2013 przyznajmy \u2013 jest dzisiejsza liturgia S\u0142owa. W pierwszym czytaniu s\u0142yszymy o doprowadzeniu <b>do szcz\u0119\u015bliwego fina\u0142u<\/b> \u2013 by tak rzec \u2013 sprawy Hioba. Jak to s\u0142yszeli\u015bmy w ostatnich dniach, kiedy to w ramach pierwszego czytania mieli\u015bmy <b>fragmenty Ksi\u0119gi Hioba,<\/b> na tego\u017c sprawiedliwego cz\u0142owieka spad\u0142o \u2013 zupe\u0142nie po ludzku <b>niespodziewanie<\/b> i zupe\u0142nie po ludzku <b>niezas\u0142u\u017cenie<\/b> \u2013 <b>wielkie do\u015bwiadczenie. <\/b><\/span><\/span><\/span><\/p>\n<p align=\"justify\"><span style=\"color: #000000;\"><span style=\"font-family: Book Antiqua, serif;\"><span style=\"font-size: large;\">Do\u015bwiadczenie cierpienia, spowodowanego <b>utrat\u0105 wszystkiego,<\/b> <b>co posiada\u0142 <\/b>\u2013 dos\u0142ownie wszystkiego: wygin\u0119li w pie\u0144 jego najbli\u017csi, a jego maj\u0105tek zosta\u0142 albo rozgrabiony przez naje\u017ad\u017ac\u00f3w, albo strawiony przez nieszcz\u0119\u015bcia i kataklizmy. Hiob<b> ani si\u0119 tego spodziewa\u0142, ani to jakkolwiek rozumia\u0142 <\/b>\u2013 przyj\u0105\u0142 to jednak i <b>nie odwr\u00f3ci\u0142 si\u0119 od Boga. <\/b>Nie przeklina\u0142 Go, nie wypomina\u0142 tego, co go spotka\u0142o. <\/span><\/span><\/span><\/p>\n<p align=\"justify\"><span style=\"color: #000000;\"><span style=\"font-family: Book Antiqua, serif;\"><span style=\"font-size: large;\">Owszem, dyskutowa\u0142 z Bogiem, dzieli\u0142 si\u0119 swoim b\u00f3lem, ale kt\u00f3\u017c by tego nie uczyni\u0142 na jego miejscu. W swoim jednak wewn\u0119trznym nastawieniu ani na moment nie okaza\u0142 <b>jakiegokolwiek buntu przeciwko Bogu.<\/b> Chcia\u0142 si\u0119 dowiedzie\u0107, dlaczego go to spotka\u0142o i jaki ma to sens. Co ma mu to przynie\u015b\u0107 \u2013 <b>jakie dobro, jakie owoce?<\/b> Skoro bowiem B\u00f3g do tego dopu\u015bci\u0142, to chyba w tym kluczu nale\u017ca\u0142o wszystko widzie\u0107. <b>I B\u00f3g podj\u0105\u0142 rozmow\u0119<\/b> ze swoim wiernym s\u0142ug\u0105. <\/span><\/span><\/span><\/p>\n<p align=\"justify\"><span style=\"color: #000000;\"><span style=\"font-family: Book Antiqua, serif;\"><span style=\"font-size: large;\">Trudno jednak powiedzie\u0107, by mu jako\u015b wyt\u0142umaczy\u0142 sens tego, co si\u0119 sta\u0142o. Raczej <b>wskazywa\u0142 na swoj\u0105 Bosk\u0105 wszechmoc i m\u0105dro\u015b\u0107,<\/b> kt\u00f3ra nigdy nie myli si\u0119 w swoich zrz\u0105dzeniach. Nie myli\u0142a si\u0119 przy stwarzaniu \u015bwiata i nie myli si\u0119 tak\u017ce w tym, co dotkn\u0119\u0142o sprawiedliwego Hioba. <b>Hiob przyj\u0105\u0142 takie Bo\u017ce wyja\u015bnienia<\/b> i nawet podj\u0105\u0142 szczery \u017cal i pokut\u0119 za swoje grzechy, aby ju\u017c nigdy ta jego relacja z Bogiem nie uleg\u0142a <b>jakiemukolwiek os\u0142abieniu czy ograniczeniu. <\/b><\/span><\/span><\/span><\/p>\n<p align=\"justify\"><span style=\"color: #000000;\"><span style=\"font-family: Book Antiqua, serif;\"><span style=\"font-size: large;\">I oto dzisiaj s\u0142yszymy, \u017ce B\u00f3g nadzwyczaj hojnie wynagradza swemu s\u0142udze jego wierno\u015b\u0107. Warto raz jeszcze us\u0142ysze\u0107, co si\u0119 dokona\u0142o: <i><b>Potem Pan b\u0142ogos\u0142awi\u0142 Jobowi, tak \u017ce mia\u0142 czterna\u015bcie tysi\u0119cy owiec, sze\u015b\u0107 tysi\u0119cy wielb\u0142\u0105d\u00f3w, tysi\u0105c jarzm wo\u0142\u00f3w i tysi\u0105c o\u015blic. Mia\u0142 jeszcze siedmiu syn\u00f3w i trzy c\u00f3rki. Pierwsz\u0105 nazwa\u0142 Go\u0142\u0119bic\u0105, drug\u0105 Kasj\u0105, a trzeci\u0105 Rogiem Antymonu. Nie by\u0142o w ca\u0142ym kraju kobiet tak pi\u0119knych, jak c\u00f3rki Joba. Da\u0142 im te\u017c ojciec dziedzictwo mi\u0119dzy bra\u0107mi. <\/b><\/i><i><b>I \u017cy\u0142 jeszcze Job sto czterdzie\u015bci lat, i widzia\u0142 swych potomk\u00f3w \u2013 w ca\u0142o\u015bci cztery pokolenia. Umar\u0142 Job stary i pe\u0142en lat.<\/b><\/i><b> <\/b><\/span><\/span><\/span><\/p>\n<p align=\"justify\"><span style=\"color: #000000;\"><span style=\"font-family: Book Antiqua, serif;\"><span style=\"font-size: large;\">Mo\u017cna by rzec, \u017ce <b>op\u0142aci\u0142o si\u0119 Hiobowi trwa\u0107 przy Bogu<\/b> \u2013 chocia\u017c on sam zapewne tak o tym nie my\u015bla\u0142, bo jego intencje \u2013 jako rzekli\u015bmy \u2013 <b>by\u0142y szczere, <\/b>dlatego na pewno ani przez moment nie prowadzi\u0142 z Bogiem \u017cadnego handlu wymiennego, na zasadzie, \u017ce <b>ja b\u0119d\u0119 Ci wierny, to Ty mi dasz to lub tamto. <\/b>Nie, Hiob ze szczerego serca trwa\u0142 przy Bogu, za co B\u00f3g wynagrodzi\u0142 go z przeobfitej hojno\u015bci swego serca. W ten spos\u00f3b, Hiob do\u015bwiadczy\u0142 wielkiej rado\u015bci i szcz\u0119\u015bcia!<\/span><\/span><\/span><\/p>\n<p align=\"justify\"><span style=\"color: #000000;\"><span style=\"font-family: Book Antiqua, serif;\"><span style=\"font-size: large;\">A jak wielka rado\u015b\u0107 przepe\u0142nia\u0142a serca uczni\u00f3w Jezusa, kiedy wr\u00f3cili ze swej pierwszej samodzielnej misji. Jak s\u0142yszymy w Ewangelii: <i><b>W<\/b><\/i><i><b>r\u00f3ci\u0142o siedemdziesi\u0119ciu dw\u00f3ch z rado\u015bci\u0105, m\u00f3wi\u0105c: \u201ePanie, przez wzgl\u0105d na Twoje imi\u0119, nawet z\u0142e duchy nam si\u0119 poddaj\u0105\u201d. <\/b><\/i>Ale Jezus jakby nie podziela\u0142 tej rado\u015bci. A mo\u017ce inaczej: owszem, przyj\u0105\u0142 to, co m\u00f3wili, ale wskaza\u0142 <b>na g\u0142\u0119bsze motywy <\/b><b>ich szcz\u0119\u015bcia<\/b><b>. <\/b><\/span><\/span><\/span><\/p>\n<p align=\"justify\"><span style=\"color: #000000;\"><span style=\"font-family: Book Antiqua, serif;\"><span style=\"font-size: large;\">Bo to, \u017ce z\u0142e duchy im si\u0119 poddawa\u0142y, to oczywi\u015bcie sprawa niebagatelna, ale to zawsze by\u0142o i zawsze jest <b>dzia\u0142aniem mocy Bo\u017cej <\/b><b>przez danego cz\u0142owieka.<\/b> Naturalnie, to bardzo istotne, \u017ce <b>cz\u0142owieka pozwala<\/b> tej Bo\u017cej mocy w sobie dzia\u0142a\u0107, ale to nie jego osobista zas\u0142uga. Natomiast szcz\u0119\u015bciem uczni\u00f3w powinno by\u0107 <b>bliskie zjednoczenie z Bogiem <\/b>\u2013 to, \u017ce ich <i><b>imiona zapisane s\u0105 w Niebie,<\/b><\/i> czyli \u017ce s\u0105 przyjaci\u00f3\u0142mi Boga i maj\u0105 wytyczon\u0105 prost\u0105 drog\u0119 do szcz\u0119\u015bcia wiecznego. \u017be <b>czeka ich<\/b> <b>szcz\u0119\u015bcie du\u017co wi\u0119ksze,<\/b> ni\u017c to, kt\u00f3re spotka\u0142o Hioba po wszystkich do\u015bwiadczeniach, kt\u00f3re prze\u017cy\u0142. To jest w\u0142a\u015bnie <b>ogromna rado\u015b\u0107 dla cz\u0142owieka! <\/b><\/span><\/span><\/span><\/p>\n<p align=\"justify\"><span style=\"color: #000000;\"><span style=\"font-family: Book Antiqua, serif;\"><span style=\"font-size: large;\">I to jest bardzo wa\u017cne wskazanie dla nas, moi Drodzy, szczeg\u00f3lnie w momentach <b>najtrudniejszych w naszym \u017cyciu: <\/b>nigdy nie wolno nam <b>utraci\u0107 wiary w Boga, <\/b>nigdy nie wolno nam podda\u0107 si\u0119 zw\u0105tpieniu, zniech\u0119ceniu czy frustracji. Je\u017celi powierzamy ca\u0142\u0105 spraw\u0119 Bogu i Jego prosimy o ratunek, to <b>ten ratunek na pewno przyjdzie <\/b>\u2013 nawet, je\u015bli nie od razu. Wielkim b\u0142\u0119dem jest w takiej sytuacji <b>poszukiwanie innych \u017ar\u00f3de\u0142 pomocy<\/b> \u2013 innych, poza Bogiem. <\/span><\/span><\/span><\/p>\n<p align=\"justify\"><span style=\"color: #000000;\"><span style=\"font-family: Book Antiqua, serif;\"><span style=\"font-size: large;\">Bo skoro B\u00f3g opu\u015bci\u0142, skoro dopu\u015bci\u0142 trudne do\u015bwiadczenie, to my sobie poszukamy kogo\u015b innego, kto pomo\u017ce. <b>Tylko \u2013 kto pomo\u017ce? Kto pomo\u017ce tak naprawd\u0119 \u2013 poza Bogiem?<\/b> <\/span><\/span><\/span><\/p>\n<p align=\"justify\"><span style=\"color: #000000;\"><span style=\"font-family: Book Antiqua, serif;\"><span style=\"font-size: large;\">Albo te\u017c, z drugiej strony: skoro tak mi si\u0119 dobrze uk\u0142ada, wszystko mi dobrze wychodzi, to <b>po co mam si\u0119 zwraca\u0107 do Boga<\/b> i prosi\u0107 Go o cokolwiek, lub Mu dzi\u0119kowa\u0107? Przecie\u017c i tak dobrze mi wszystko wychodzi i dobrze si\u0119 uk\u0142ada! <\/span><\/span><\/span><\/p>\n<p align=\"justify\"><span style=\"color: #000000;\"><span style=\"font-family: Book Antiqua, serif;\"><span style=\"font-size: large;\"><b>Naprawd\u0119?\u2026<\/b> Nie zapominajmy o Bogu \u2013 ani <b>w chwilach bardzo trudnych,<\/b> ani w chwilach <b>bardzo radosnych i szcz\u0119\u015bliwych.<\/b> Adresujmy do Niego wszystkie nasze prze\u017cycia. Niech On sam nimi kieruje i niech On sam wyprowadzi z nich dobro. Na pewno, dobrze na tym wyjdziemy\u2026 <\/span><\/span><\/span><\/p>\n<p align=\"justify\"><span style=\"color: #000000;\"><span style=\"font-family: Book Antiqua, serif;\"><span style=\"font-size: large;\">Z pewno\u015bci\u0105, potwierdzi to \u015bwiadectwo \u017cycia i \u015bwi\u0119to\u015bci Patronki dnia dzisiejszego, <b>\u015awi\u0119t<\/b><b>ej<\/b><b> Teres<\/b><b>y<\/b><b> od Dzieci\u0105tka Jezus,<\/b> zwana tak\u017ce<b> Ma\u0142\u0105 Teresk\u0105 <\/b>\u2013 dla odr\u00f3\u017cnienia od \u015awi\u0119tej Teresy z Avila, zwanej Wielk\u0105, kt\u00f3rej wspomnienie obchodzi\u0107 b\u0119dziemy 15 pa\u017adziernika.<\/span><\/span><\/span><\/p>\n<p align=\"justify\"><span style=\"color: #000000;\"><span style=\"font-family: Book Antiqua, serif;\"><span style=\"font-size: large;\">Nasza dzisiejsza Patronka urodzi\u0142a si\u0119 w Alen\u00e7on, w Normandii, <b>w nocy z 2 na 3 stycznia 1873 roku, <\/b>jako dziewi\u0105te dziecko Ludwika i Zofii. Kiedy mia\u0142a cztery lata, umar\u0142a jej matka. Wychowaniem dziewcz\u0105t zaj\u0105\u0142 si\u0119 ojciec.<\/span><\/span><\/span><\/p>\n<p align=\"justify\"><span style=\"color: #000000;\"><span style=\"font-family: Book Antiqua, serif;\"><span style=\"font-size: large;\">Teresa po \u015bmierci matki <b>obra\u0142a sobie za Matk\u0119 \u2013 Naj\u015bwi\u0119tsz\u0105 Maryj\u0119 Pann\u0119. <\/b>W tym samym 1877 roku, ojciec przeni\u00f3s\u0142 si\u0119 z pi\u0119cioma swoimi c\u00f3rkami do Lisieux, gdzie Tereska przez pi\u0119\u0107 lat przebywa\u0142a w internacie, prowadzonym przez siostry benedyktynki. <b>25 marca 1883 roku, dziesi\u0119cioletnia Teresa zapad\u0142a na ci\u0119\u017ck\u0105 chorob\u0119, <\/b>kt\u00f3ra trwa\u0142a do 13 maja. Jak sama wyzna\u0142a, <b>uzdrowi\u0142a j\u0105 cudownie Matka Bo\u017ca. <\/b>W roku 1884 Tereska przyj\u0119\u0142a pierwsz\u0105 Komuni\u0119 \u015awi\u0119t\u0105. Odt\u0105d przy ka\u017cdej Komunii \u015awi\u0119tej powtarza\u0142a z rado\u015bci\u0105: \u201eJu\u017c nie ja \u017cyj\u0119, ale \u017cyje we mnie Jezus\u201d. W tym samym roku otrzyma\u0142a Sakrament Bierzmowania.<\/span><\/span><\/span><\/p>\n<p align=\"justify\"><span style=\"color: #000000;\"><span style=\"font-family: Book Antiqua, serif;\"><span style=\"font-size: large;\"><b>Przez ponad rok dr\u0119czy\u0142y j\u0105 powa\u017cne skrupu\u0142y. <\/b>Jak sama wyzna\u0142a, uleczenie z tej duchowej choroby <b>zawdzi\u0119cza\u0142a swoim czterem siostrom, zmar\u0142ym w latach niemowl\u0119cych. <\/b>W pami\u0119tniku zapisa\u0142a, \u017ce w czasie Pasterki w noc Bo\u017cego Narodzenia prze\u017cy\u0142a <b>\u201e<\/b><b>ca\u0142kowite nawr\u00f3cenie\u201d. <\/b>Postanowi\u0142a zupe\u0142nie zapomnie\u0107 o sobie, <b>a odda\u0107 si\u0119 Jezusowi i sprawie zbawienia dusz. <\/b>Zacz\u0119\u0142a odczuwa\u0107 gorycz i wstr\u0119t do przyjemno\u015bci i pon\u0119t ziemskich. Ogarn\u0119\u0142a j\u0105 t\u0119sknota za modlitw\u0105, rozmow\u0105 z Bogiem. <b>Odt\u0105d zacz\u0119\u0142a si\u0119 jej wielka droga ku \u015bwi\u0119to\u015bci. <\/b>A trzeba wiedzie\u0107, \u017ce mia\u0142a w\u00f3wczas zaledwie trzyna\u015bcie lat.<\/span><\/span><\/span><\/p>\n<p align=\"justify\"><span style=\"color: #000000;\"><span style=\"font-family: Book Antiqua, serif;\"><span style=\"font-size: large;\">Nied\u0142ugo potem, gdy mia\u0142a lat czterna\u015bcie, <b>skazano na \u015bmier\u0107 pewnego g\u0142o\u015bnego bandyt\u0119, <\/b>kt\u00f3ry by\u0142 postrachem ca\u0142ej okolicy. Nasza \u015awi\u0119ta dowiedzia\u0142a si\u0119 z gazet, \u017ce zbrodniarz ani my\u015bli pojedna\u0107 si\u0119 z Panem Bogiem. <b>Postanowi\u0142a zdoby\u0107 jego dusz\u0119 dla Jezusa. Zacz\u0119\u0142a si\u0119 serdecznie modli\u0107 o jego nawr\u00f3cenie. <\/b>Ofiarowa\u0142a te\u017c w jego intencji specjalne pokuty i umartwienia. Wo\u0142a\u0142a: \u201eJestem pewna, Bo\u017ce, \u017ce przebaczysz temu biednemu cz\u0142owiekowi! Oto m\u00f3j pierwszy grzesznik. <b>Dla mojej pociechy spraw, aby okaza\u0142 jaki\u015b znak skruchy.\u201d <\/b><\/span><\/span><\/span><\/p>\n<p align=\"justify\"><span style=\"color: #000000;\"><span style=\"font-family: Book Antiqua, serif;\"><span style=\"font-size: large;\">Niestety, gdy nadszed\u0142 czas egzekucji, bandyta dalej uparcie odrzuca\u0142 mo\u017cliwo\u015b\u0107 rozmowy z kap\u0142anem. Jednak kiedy mia\u0142 ju\u017c podstawi\u0107 g\u0142ow\u0119 pod gilotyn\u0119, wtedy \u2013 ku zdziwieniu wszystkich \u2013 <b>nagle zwr\u00f3ci\u0142 si\u0119 do kap\u0142ana, poprosi\u0142 o krzy\u017c i zacz\u0105\u0142 go ca\u0142owa\u0107! <\/b>Na wiadomo\u015b\u0107 o tym Teresa zawo\u0142a\u0142a szcz\u0119\u015bliwa: <b>\u201e<\/b><b>To m\u00f3j pierwszy syn!\u201d<\/b><\/span><\/span><\/span><\/p>\n<p align=\"justify\"><span style=\"color: #000000;\"><span style=\"font-family: Book Antiqua, serif;\"><span style=\"font-size: large;\">Kiedy za\u015b mia\u0142a lat pi\u0119tna\u015bcie, <b>zapuka\u0142a do bramy zakonu karmelita\u0144skiego, prosz\u0105c o przyj\u0119cie. <\/b>Prze\u0142o\u017cona jednak, widz\u0105c w\u0105t\u0142\u0105 i bardzo m\u0142od\u0105 dziewczynk\u0119, <b>nie przyj\u0119\u0142a <\/b><b>jej<\/b><b>, <\/b>obawiaj\u0105c si\u0119, \u017ce nie przetrzyma tak trudnych i surowych warunk\u00f3w \u017cycia. Teresa jednak <b>nie da\u0142a za wygran\u0105 <\/b>i uda\u0142a si\u0119 o pomoc do miejscowego biskupa, ale ten zas\u0142oni\u0142 si\u0119 prawem ko\u015bcielnym, kt\u00f3re nie zezwala\u0142o w tak m\u0142odym wieku przyjmowa\u0107 do zakonu. <b>W tej sytuacji nasza \u015awi\u0119ta nak\u0142oni\u0142a ojca, by pojecha\u0142 z ni\u0105 do Rzymu! <\/b>By\u0142o to w 1887 roku.<\/span><\/span><\/span><\/p>\n<p align=\"justify\"><span style=\"color: #000000;\"><span style=\"font-family: Book Antiqua, serif;\"><span style=\"font-size: large;\">Papie\u017c Leon XIII obchodzi\u0142 w\u0142a\u015bnie z\u0142oty jubileusz swojego kap\u0142a\u0144stwa. Teresa upad\u0142a przed nim na kolana i zawo\u0142a\u0142a: <b>\u201e<\/b><b>Ojcze \u015awi\u0119ty, pozw\u00f3l, abym dla uczczenia Twego jubileuszu mog\u0142a wst\u0105pi\u0107 do Karmelu w pi\u0119tnastym roku \u017cycia.\u201d <\/b>Papie\u017c nie chcia\u0142 jednak uczyni\u0107 wyj\u0105tku. Teresa chcia\u0142a si\u0119 wyt\u0142umaczy\u0107, ale <b>gwardia papieska usun\u0119\u0142a j\u0105 si\u0142\u0105, <\/b>by tak\u017ce inni mogli \u2013 zgodnie z \u00f3wczesnym zwyczajem \u2013 uca\u0142owa\u0107 nogi Papie\u017ca.<\/span><\/span><\/span><\/p>\n<p align=\"justify\"><span style=\"color: #000000;\"><span style=\"font-family: Book Antiqua, serif;\"><span style=\"font-size: large;\"><b>Marzenie Tereski spe\u0142ni\u0142o si\u0119 dopiero po roku. <\/b>Zosta\u0142a przyj\u0119ta najpierw w charakterze postulantki, potem nowicjuszki. Zaraz przy wej\u015bciu do klasztoru uczyni\u0142a postanowienie: <b>\u201e<\/b><b>Chc\u0119 by\u0107 \u015bwi\u0119t\u0105!\u201d <\/b>Nied\u0142ugo potem odby\u0142y si\u0119 jej ob\u0142\u00f3czyny, przy kt\u00f3rych otrzyma\u0142a zakonne imi\u0119: <b>Teresa od Dzieci\u0105tka Jezus i od \u015awi\u0119tego Oblicza. <\/b>Jej drugim postanowieniem by\u0142o to, kt\u00f3re wyrazi\u0142a w s\u0142owach: <b>\u201e<\/b><b>Przyby\u0142am tutaj, aby zbawia\u0107 dusze, a nade wszystko, by si\u0119 modli\u0107 za kap\u0142an\u00f3w.\u201d <\/b>W roku 1890 z\u0142o\u017cy\u0142a \u015bluby i uroczyst\u0105 profesj\u0119.<\/span><\/span><\/span><\/p>\n<p align=\"justify\"><span style=\"color: #000000;\"><span style=\"font-family: Book Antiqua, serif;\"><span style=\"font-size: large;\">Prze\u0142o\u017cona pozna\u0142a si\u0119 na niezwyk\u0142ej cnocie m\u0142odej siostry, skoro zaledwie <b>w trzy lata po z\u0142o\u017ceniu \u015blub\u00f3w wyznaczy\u0142a j\u0105 na mistrzyni\u0119 nowicjuszek. <\/b>Obowi\u0105zek ten Teresa spe\u0142nia\u0142a <b>do \u015bmierci, to jest przez cztery lata. <\/b>W zakonnym \u017cyciu zadziwia\u0142a jej dojrza\u0142o\u015b\u0107 duchowa. Stara\u0142a si\u0119 doskonale spe\u0142nia\u0107 wszystkie, nawet najmniejsze obowi\u0105zki. Nazwa\u0142a t\u0119 drog\u0119 do doskona\u0142o\u015bci: <b>\u201e<\/b><b>ma\u0142\u0105 drog\u0105 dzieci\u0119ctwa Bo\u017cego\u201d. <\/b>Widz\u0105c, \u017ce mi\u0142o\u015b\u0107 Boga jest zapomniana, odda\u0142a si\u0119 Bogu jako ofiara za zbawienie \u015bwiata.<\/span><\/span><\/span><\/p>\n<p align=\"justify\"><span style=\"color: #000000;\"><span style=\"font-family: Book Antiqua, serif;\"><span style=\"font-size: large;\">Swoje prze\u017cycia i cierpienia opisa\u0142a w ksi\u0105\u017cce: <b>\u201e<\/b><b>Dzieje duszy\u201d. <\/b>A cierpie\u0144 tych nie brak\u0142o. Jednym z nich by\u0142o chocia\u017cby to, \u017ce zakonnica, kt\u00f3r\u0105 Tereska si\u0119 opiekowa\u0142a ze wzgl\u0119du na jej wiek i kalectwo, <b>nie umia\u0142a zdoby\u0107 si\u0119 na s\u0142owo podzi\u0119ki, cz\u0119sto za to j\u0105 ruga\u0142a i mno\u017cy\u0142a swoje wymagania. <\/b>Jednak nasza \u015awi\u0119ta <b>cieszy\u0142a si\u0119 z tych krzy\u017cy, bo widzia\u0142a w nich pi\u0119kny prezent, <\/b>jaki mo\u017ce z\u0142o\u017cy\u0107 Bogu.<\/span><\/span><\/span><\/p>\n<p align=\"justify\"><span style=\"color: #000000;\"><span style=\"font-family: Book Antiqua, serif;\"><span style=\"font-size: large;\">Na rok przed \u015bmierci\u0105 zacz\u0119\u0142y pojawia\u0107 si\u0119 u Teresy <b>pierwsze objawy daleko ju\u017c posuni\u0119tej gru\u017alicy: <\/b>wysoka gor\u0105czka, os\u0142abienie, zanik apetytu, a nawet krwotoki. Pierwszy krwotok zaalarmowa\u0142 klasztor w nocy z Wielkiego Czwartku na Wielki Pi\u0105tek. <b>Mimo to, siostra Teresa spe\u0142nia\u0142a nadal wszystkie zlecone jej obowi\u0105zki: <\/b>mistrzyni, zakrystianki i opiekunki jednej ze starszych si\u00f3str.<\/span><\/span><\/span><\/p>\n<p align=\"justify\"><span style=\"color: #000000;\"><span style=\"font-family: Book Antiqua, serif;\"><span style=\"font-size: large;\">Zima w roku 1897 by\u0142a wyj\u0105tkowo surowa. Klasztor za\u015b nie by\u0142 ogrzewany. <b>Teresa prze\u017cywa\u0142a prawdziwe tortury. N\u0119ka\u0142 j\u0105 uci\u0105\u017cliwy kaszel i duszno\u015b\u0107. \u00d3wczesna prze\u0142o\u017cona zlekcewa\u017cy\u0142a jej stan. <\/b>Nie wezwa\u0142a do niej nawet lekarza. Uczyniono to dopiero wtedy, kiedy stan by\u0142 ju\u017c beznadziejny. <b>Jeszcze w\u00f3wczas zastosowano wobec chorej drako\u0144skie \u015brodki, takie jak stawianie baniek. <\/b>Z poranionymi plecami i piersiami musia\u0142a i\u015b\u0107 do normalnych zaj\u0119\u0107 i pokut zakonnych, nawet do prania.<\/span><\/span><\/span><\/p>\n<p align=\"justify\"><span style=\"color: #000000;\"><span style=\"font-family: Book Antiqua, serif;\"><span style=\"font-size: large;\">Wskutek tego wszystkiego, w dniu 30 wrze\u015bnia 1897 roku umiera\u0142a w cierpieniach, m\u00f3wi\u0105c: <b>\u201e<\/b><b>Chc\u0119, przebywaj\u0105c w <\/b><b>N<\/b><b>iebie, czyni\u0107 dobro na ziemi. Po \u015bmierci spuszcz\u0119 na ni\u0105 deszcz r\u00f3\u017c.\u201d <\/b>Papie\u017c Pius XI kanonizowa\u0142 j\u0105 w roku 1925. W 1999 roku, Papie\u017c Jan Pawe\u0142 II og\u0142osi\u0142 \u015awi\u0119t\u0105 Teres\u0119 \u2013 <b>Doktorem Ko\u015bcio\u0142a.<\/b><\/span><\/span><\/span><\/p>\n<p align=\"justify\"><span style=\"color: #000000;\"><span style=\"font-family: Book Antiqua, serif;\"><span style=\"font-size: large;\">A oto co na temat swojej drogi \u015bwi\u0119to\u015bci pisa\u0142a sama \u015awi\u0119ta Teresa od Dzieci\u0105tka Jezus: \u201eKiedy wielkie moje pragnienia zacz\u0119\u0142y si\u0119 stawa\u0107 dla mnie m\u0119cze\u0144stwem, otwar\u0142am listy \u015awi\u0119tego Paw\u0142a, aby znale\u017a\u0107 jak\u0105\u015b odpowied\u017a. Przypadkowo <b>wzrok m\u00f3j pad\u0142 na dwunasty i trzynasty rozdzia\u0142 Pierwszego Listu do Koryntian. <\/b>Przeczyta\u0142am najpierw, \u017ce nie wszyscy mog\u0105 by\u0107 aposto\u0142ami, nie wszyscy prorokami, nie wszyscy nauczycielami, oraz \u017ce Ko\u015bci\u00f3\u0142 sk\u0142ada si\u0119 z r\u00f3\u017cnych cz\u0142onk\u00f3w i \u017ce oko nie mo\u017ce by\u0107 r\u00f3wnocze\u015bnie r\u0119k\u0105. Odpowied\u017a by\u0142a wprawdzie jasna, <b>nie taka jednak, aby ukoi\u0107 moje t\u0119sknoty i wla\u0107 we mnie pok\u00f3j.<\/b><\/span><\/span><\/span><\/p>\n<p align=\"justify\"><span style=\"color: #000000;\"><span style=\"font-family: Book Antiqua, serif;\"><span style=\"font-size: large;\">Nie zniech\u0119caj\u0105c si\u0119 czyta\u0142am dalej i natrafi\u0142am na zdanie, kt\u00f3re podnios\u0142o mnie na duchu: <i><b>Starajcie si\u0119 o wi\u0119ksze dary. Ja za\u015b wska\u017c\u0119 wam drog\u0119 jeszcze doskonalsz\u0105<\/b><\/i>. Aposto\u0142 wyja\u015bnia, \u017ce najwi\u0119ksze nawet dary niczym s\u0105 bez mi\u0142o\u015bci i \u017ce <b>mi\u0142o\u015b\u0107 jest najlepsz\u0105 drog\u0105 bezpiecznie prowadz\u0105c\u0105 do Boga. <\/b>Wtedy wreszcie znalaz\u0142am pok\u00f3j.<\/span><\/span><\/span><\/p>\n<p align=\"justify\"><span style=\"color: #000000;\"><span style=\"font-family: Book Antiqua, serif;\"><span style=\"font-size: large;\">Gdy zastanawia\u0142am si\u0119 nad mistycznym cia\u0142em Ko\u015bcio\u0142a, nie odnajdywa\u0142am siebie w \u017cadnym spo\u015br\u00f3d opisanych przez Paw\u0142a cz\u0142onk\u00f3w, albo raczej pragn\u0119\u0142am si\u0119 odnale\u017a\u0107 we wszystkich. I oto <b>mi\u0142o\u015b\u0107 ukaza\u0142a mi si\u0119 jako istota mego powo\u0142ania. <\/b>Zrozumia\u0142am, \u017ce je\u015bli Ko\u015bci\u00f3\u0142 jest cia\u0142em z\u0142o\u017conym z wielu cz\u0142onk\u00f3w, to nie brak w nim cz\u0142onka najbardziej szlachetnego i koniecznego. <\/span><\/span><\/span><\/p>\n<p align=\"justify\"><span style=\"color: #000000;\"><span style=\"font-family: Book Antiqua, serif;\"><span style=\"font-size: large;\"><b>Zrozumia\u0142am, \u017ce Ko\u015bci\u00f3\u0142 ma serce i \u017ce to serce pa\u0142a gor\u0105c\u0105 mi\u0142o\u015bci\u0105! <\/b>Zrozumia\u0142am, \u017ce jedynie mi\u0142o\u015b\u0107 porusza cz\u0142onki Ko\u015bcio\u0142a i \u017ce gdyby ona wygas\u0142a, Aposto\u0142owie nie g\u0142osiliby ju\u017c Ewangelii, M\u0119czennicy nie przelewaliby ju\u017c krwi. Zobaczy\u0142am i zrozumia\u0142am, \u017ce <b>mi\u0142o\u015b\u0107 zawiera w sobie wszystkie powo\u0142ania, <\/b>\u017ce mi\u0142o\u015b\u0107 jest wszystkim, obejmuje wszystkie czasy i miejsca; s\u0142owem \u2013 <b>mi\u0142o\u015b\u0107 jest wieczna.<\/b><\/span><\/span><\/span><\/p>\n<p align=\"justify\"><span style=\"color: #000000;\"><span style=\"font-family: Book Antiqua, serif;\"><span style=\"font-size: large;\">Wtedy to w uniesieniu duszy zawo\u0142a\u0142am z najwi\u0119ksz\u0105 rado\u015bci\u0105: <b>O Jezu, moja Mi\u0142o\u015bci, nareszcie znalaz\u0142am moje powo\u0142anie! Moim powo\u0142aniem jest mi\u0142o\u015b\u0107! <\/b>O tak, znalaz\u0142am ju\u017c swe w\u0142asne miejsce w Ko\u015bciele \u2013 miejsce to wyznaczy\u0142e\u015b mi Ty, Bo\u017ce m\u00f3j. <b>W sercu Ko\u015bcio\u0142a, mojej Matki, ja b\u0119d\u0119 mi\u0142o\u015bci\u0105. <\/b>W ten spos\u00f3b b\u0119d\u0119 wszystkim i urzeczywistni si\u0119 moje pragnienie.\u201d Tyle \u015awi\u0119ta Tereska.<\/span><\/span><\/span><\/p>\n<p align=\"justify\"><span style=\"font-family: Book Antiqua, serif;\"><span style=\"font-size: large;\"><span style=\"color: #000000;\">Wpatruj\u0105c si\u0119 w jej przepi\u0119kn\u0105 postaw\u0119 i wzywaj\u0105c jej wstawiennictwa, a jednocze\u015bnie ws\u0142uchuj\u0105c si\u0119 w Bo\u017ce s\u0142owo dzisiejszej liturgii, raz jeszcze zastan\u00f3wmy si\u0119, w prze\u017cywamy w pe\u0142nym zjednoczeniu z Panem zar\u00f3wno <b>nasze rado\u015bci, jak i nasze cierpienia;<\/b> chwile uniesie\u0144 i chwile przygn\u0119bienia \u2013 <b>dos\u0142ownie: wszystko?<\/b><\/span><\/span><\/span><\/p>\n","protected":false},"excerpt":{"rendered":"<p>Szcz\u0119\u015b\u0107 Bo\u017ce! Moi Drodzy, w dniu dzisiejszym imieniny prze\u017cywaj\u0105: \u25baSiostry Teresa Skorupska, kt\u00f3ra w swoim czasie pos\u0142ugiwa\u0142a w Miastkowie, b\u0119d\u0105c Prze\u0142o\u017con\u0105 Domu; \u25baSiostra Teresa Kurek, obecnie tam pos\u0142uguj\u0105ca; \u25baSiostra Teresa Jakubowska, pos\u0142uguj\u0105ca na Syberii, w swoim czasie tak\u017ce w Surgucie; \u25baTeresa Jaroszuk, kt\u00f3ra od lat z rado\u015bci\u0105 i dobrym sercem wita Pielgrzym\u00f3w, przybywaj\u0105cych do Sanktuarium [&hellip;]<\/p>\n","protected":false},"author":1,"featured_media":0,"comment_status":"open","ping_status":"open","sticky":false,"template":"","format":"standard","meta":{"jetpack_post_was_ever_published":false,"_jetpack_newsletter_access":"","_jetpack_dont_email_post_to_subs":false,"_jetpack_newsletter_tier_id":0,"_jetpack_memberships_contains_paywalled_content":false,"_jetpack_memberships_contains_paid_content":false,"footnotes":""},"categories":[1],"tags":[],"class_list":["post-21022","post","type-post","status-publish","format-standard","hentry","category-bez-kategorii"],"yoast_head":"<!-- This site is optimized with the Yoast SEO plugin v25.1 - https:\/\/yoast.com\/wordpress\/plugins\/seo\/ -->\n<title>Wasze imiona - zapisane w Niebie! - Gaudium Et Spes<\/title>\n<meta name=\"robots\" content=\"index, follow, max-snippet:-1, max-image-preview:large, max-video-preview:-1\" \/>\n<link rel=\"canonical\" href=\"https:\/\/gaudiumetspes-blog.pl\/index.php\/2022\/10\/01\/wasze-imiona-zapisane-w-niebie\/\" \/>\n<meta property=\"og:locale\" content=\"pl_PL\" \/>\n<meta property=\"og:type\" content=\"article\" \/>\n<meta property=\"og:title\" content=\"Wasze imiona - zapisane w Niebie! - Gaudium Et Spes\" \/>\n<meta property=\"og:description\" content=\"Szcz\u0119\u015b\u0107 Bo\u017ce! Moi Drodzy, w dniu dzisiejszym imieniny prze\u017cywaj\u0105: \u25baSiostry Teresa Skorupska, kt\u00f3ra w swoim czasie pos\u0142ugiwa\u0142a w Miastkowie, b\u0119d\u0105c Prze\u0142o\u017con\u0105 Domu; \u25baSiostra Teresa Kurek, obecnie tam pos\u0142uguj\u0105ca; \u25baSiostra Teresa Jakubowska, pos\u0142uguj\u0105ca na Syberii, w swoim czasie tak\u017ce w Surgucie; \u25baTeresa Jaroszuk, kt\u00f3ra od lat z rado\u015bci\u0105 i dobrym sercem wita Pielgrzym\u00f3w, przybywaj\u0105cych do Sanktuarium [&hellip;]\" \/>\n<meta property=\"og:url\" content=\"https:\/\/gaudiumetspes-blog.pl\/index.php\/2022\/10\/01\/wasze-imiona-zapisane-w-niebie\/\" \/>\n<meta property=\"og:site_name\" content=\"Gaudium Et Spes\" \/>\n<meta property=\"article:published_time\" content=\"2022-10-01T06:53:45+00:00\" \/>\n<meta name=\"author\" content=\"Ks. Jacek\" \/>\n<meta name=\"twitter:card\" content=\"summary_large_image\" \/>\n<meta name=\"twitter:label1\" content=\"Napisane przez\" \/>\n\t<meta name=\"twitter:data1\" content=\"Ks. Jacek\" \/>\n\t<meta name=\"twitter:label2\" content=\"Szacowany czas czytania\" \/>\n\t<meta name=\"twitter:data2\" content=\"16 minut\" \/>\n<script type=\"application\/ld+json\" class=\"yoast-schema-graph\">{\"@context\":\"https:\/\/schema.org\",\"@graph\":[{\"@type\":\"WebPage\",\"@id\":\"https:\/\/gaudiumetspes-blog.pl\/index.php\/2022\/10\/01\/wasze-imiona-zapisane-w-niebie\/\",\"url\":\"https:\/\/gaudiumetspes-blog.pl\/index.php\/2022\/10\/01\/wasze-imiona-zapisane-w-niebie\/\",\"name\":\"Wasze imiona - zapisane w Niebie! - Gaudium Et Spes\",\"isPartOf\":{\"@id\":\"https:\/\/gaudiumetspes-blog.pl\/#website\"},\"datePublished\":\"2022-10-01T06:53:45+00:00\",\"author\":{\"@id\":\"https:\/\/gaudiumetspes-blog.pl\/#\/schema\/person\/1661982992b752dea8dff0d4ed845a65\"},\"breadcrumb\":{\"@id\":\"https:\/\/gaudiumetspes-blog.pl\/index.php\/2022\/10\/01\/wasze-imiona-zapisane-w-niebie\/#breadcrumb\"},\"inLanguage\":\"pl-PL\",\"potentialAction\":[{\"@type\":\"ReadAction\",\"target\":[\"https:\/\/gaudiumetspes-blog.pl\/index.php\/2022\/10\/01\/wasze-imiona-zapisane-w-niebie\/\"]}]},{\"@type\":\"BreadcrumbList\",\"@id\":\"https:\/\/gaudiumetspes-blog.pl\/index.php\/2022\/10\/01\/wasze-imiona-zapisane-w-niebie\/#breadcrumb\",\"itemListElement\":[{\"@type\":\"ListItem\",\"position\":1,\"name\":\"Strona g\u0142\u00f3wna\",\"item\":\"https:\/\/gaudiumetspes-blog.pl\/\"},{\"@type\":\"ListItem\",\"position\":2,\"name\":\"Wasze imiona &#8211; zapisane w&nbsp;Niebie!\"}]},{\"@type\":\"WebSite\",\"@id\":\"https:\/\/gaudiumetspes-blog.pl\/#website\",\"url\":\"https:\/\/gaudiumetspes-blog.pl\/\",\"name\":\"Gaudium Et Spes\",\"description\":\"Blog Ks. Jacka Ja\u015bkowskiego\",\"potentialAction\":[{\"@type\":\"SearchAction\",\"target\":{\"@type\":\"EntryPoint\",\"urlTemplate\":\"https:\/\/gaudiumetspes-blog.pl\/?s={search_term_string}\"},\"query-input\":{\"@type\":\"PropertyValueSpecification\",\"valueRequired\":true,\"valueName\":\"search_term_string\"}}],\"inLanguage\":\"pl-PL\"},{\"@type\":\"Person\",\"@id\":\"https:\/\/gaudiumetspes-blog.pl\/#\/schema\/person\/1661982992b752dea8dff0d4ed845a65\",\"name\":\"Ks. Jacek\",\"image\":{\"@type\":\"ImageObject\",\"inLanguage\":\"pl-PL\",\"@id\":\"https:\/\/gaudiumetspes-blog.pl\/#\/schema\/person\/image\/\",\"url\":\"https:\/\/gaudiumetspes-blog.pl\/wp-content\/uploads\/2019\/07\/avatar-JJ-150x150.jpg\",\"contentUrl\":\"https:\/\/gaudiumetspes-blog.pl\/wp-content\/uploads\/2019\/07\/avatar-JJ-150x150.jpg\",\"caption\":\"Ks. Jacek\"},\"description\":\"Witam serdecznie! K\u0142ania si\u0119 Ks. Jacek Ja\u015bkowski. Nie jestem ani kim\u015b wa\u017cnym, ani kim\u015b znanym. Jestem ksi\u0119dzem, kt\u00f3ry po prostu chce rozmawia\u0107. Codzienna kap\u0142a\u0144ska pos\u0142uga pokazuje mi, \u017ce temat\u00f3w do rozm\u00f3w z ksi\u0119dzem jest coraz wi\u0119cej i dzisiaj \u017caden ksi\u0105dz nie mo\u017ce od nich ucieka\u0107, ale - wprost przeciwnie - podejmowa\u0107 nowe wyzwania. To przekonanie sk\u0142oni\u0142o mnie do pr\u00f3by otwarcia tego\u017c bloga, chocia\u017c okazji do rozm\u00f3w na co dzie\u0144 - w konfesjonale i poza nim - na szcz\u0119\u015bcie nie brakuje. My\u015bl\u0119 jednak, \u017ce ten blog b\u0119dzie jeszcze jednym sposobem i przestrzeni\u0105 nawi\u0105zania kontaktu z lud\u017ami dobrej woli, otwartymi na dialog.\",\"url\":\"https:\/\/gaudiumetspes-blog.pl\/index.php\/author\/ks-jacek\/\"}]}<\/script>\n<!-- \/ Yoast SEO plugin. -->","yoast_head_json":{"title":"Wasze imiona - zapisane w Niebie! - Gaudium Et Spes","robots":{"index":"index","follow":"follow","max-snippet":"max-snippet:-1","max-image-preview":"max-image-preview:large","max-video-preview":"max-video-preview:-1"},"canonical":"https:\/\/gaudiumetspes-blog.pl\/index.php\/2022\/10\/01\/wasze-imiona-zapisane-w-niebie\/","og_locale":"pl_PL","og_type":"article","og_title":"Wasze imiona - zapisane w Niebie! - Gaudium Et Spes","og_description":"Szcz\u0119\u015b\u0107 Bo\u017ce! Moi Drodzy, w dniu dzisiejszym imieniny prze\u017cywaj\u0105: \u25baSiostry Teresa Skorupska, kt\u00f3ra w swoim czasie pos\u0142ugiwa\u0142a w Miastkowie, b\u0119d\u0105c Prze\u0142o\u017con\u0105 Domu; \u25baSiostra Teresa Kurek, obecnie tam pos\u0142uguj\u0105ca; \u25baSiostra Teresa Jakubowska, pos\u0142uguj\u0105ca na Syberii, w swoim czasie tak\u017ce w Surgucie; \u25baTeresa Jaroszuk, kt\u00f3ra od lat z rado\u015bci\u0105 i dobrym sercem wita Pielgrzym\u00f3w, przybywaj\u0105cych do Sanktuarium [&hellip;]","og_url":"https:\/\/gaudiumetspes-blog.pl\/index.php\/2022\/10\/01\/wasze-imiona-zapisane-w-niebie\/","og_site_name":"Gaudium Et Spes","article_published_time":"2022-10-01T06:53:45+00:00","author":"Ks. Jacek","twitter_card":"summary_large_image","twitter_misc":{"Napisane przez":"Ks. Jacek","Szacowany czas czytania":"16 minut"},"schema":{"@context":"https:\/\/schema.org","@graph":[{"@type":"WebPage","@id":"https:\/\/gaudiumetspes-blog.pl\/index.php\/2022\/10\/01\/wasze-imiona-zapisane-w-niebie\/","url":"https:\/\/gaudiumetspes-blog.pl\/index.php\/2022\/10\/01\/wasze-imiona-zapisane-w-niebie\/","name":"Wasze imiona - zapisane w Niebie! - Gaudium Et Spes","isPartOf":{"@id":"https:\/\/gaudiumetspes-blog.pl\/#website"},"datePublished":"2022-10-01T06:53:45+00:00","author":{"@id":"https:\/\/gaudiumetspes-blog.pl\/#\/schema\/person\/1661982992b752dea8dff0d4ed845a65"},"breadcrumb":{"@id":"https:\/\/gaudiumetspes-blog.pl\/index.php\/2022\/10\/01\/wasze-imiona-zapisane-w-niebie\/#breadcrumb"},"inLanguage":"pl-PL","potentialAction":[{"@type":"ReadAction","target":["https:\/\/gaudiumetspes-blog.pl\/index.php\/2022\/10\/01\/wasze-imiona-zapisane-w-niebie\/"]}]},{"@type":"BreadcrumbList","@id":"https:\/\/gaudiumetspes-blog.pl\/index.php\/2022\/10\/01\/wasze-imiona-zapisane-w-niebie\/#breadcrumb","itemListElement":[{"@type":"ListItem","position":1,"name":"Strona g\u0142\u00f3wna","item":"https:\/\/gaudiumetspes-blog.pl\/"},{"@type":"ListItem","position":2,"name":"Wasze imiona &#8211; zapisane w&nbsp;Niebie!"}]},{"@type":"WebSite","@id":"https:\/\/gaudiumetspes-blog.pl\/#website","url":"https:\/\/gaudiumetspes-blog.pl\/","name":"Gaudium Et Spes","description":"Blog Ks. Jacka Ja\u015bkowskiego","potentialAction":[{"@type":"SearchAction","target":{"@type":"EntryPoint","urlTemplate":"https:\/\/gaudiumetspes-blog.pl\/?s={search_term_string}"},"query-input":{"@type":"PropertyValueSpecification","valueRequired":true,"valueName":"search_term_string"}}],"inLanguage":"pl-PL"},{"@type":"Person","@id":"https:\/\/gaudiumetspes-blog.pl\/#\/schema\/person\/1661982992b752dea8dff0d4ed845a65","name":"Ks. Jacek","image":{"@type":"ImageObject","inLanguage":"pl-PL","@id":"https:\/\/gaudiumetspes-blog.pl\/#\/schema\/person\/image\/","url":"https:\/\/gaudiumetspes-blog.pl\/wp-content\/uploads\/2019\/07\/avatar-JJ-150x150.jpg","contentUrl":"https:\/\/gaudiumetspes-blog.pl\/wp-content\/uploads\/2019\/07\/avatar-JJ-150x150.jpg","caption":"Ks. Jacek"},"description":"Witam serdecznie! K\u0142ania si\u0119 Ks. Jacek Ja\u015bkowski. Nie jestem ani kim\u015b wa\u017cnym, ani kim\u015b znanym. Jestem ksi\u0119dzem, kt\u00f3ry po prostu chce rozmawia\u0107. Codzienna kap\u0142a\u0144ska pos\u0142uga pokazuje mi, \u017ce temat\u00f3w do rozm\u00f3w z ksi\u0119dzem jest coraz wi\u0119cej i dzisiaj \u017caden ksi\u0105dz nie mo\u017ce od nich ucieka\u0107, ale - wprost przeciwnie - podejmowa\u0107 nowe wyzwania. To przekonanie sk\u0142oni\u0142o mnie do pr\u00f3by otwarcia tego\u017c bloga, chocia\u017c okazji do rozm\u00f3w na co dzie\u0144 - w konfesjonale i poza nim - na szcz\u0119\u015bcie nie brakuje. My\u015bl\u0119 jednak, \u017ce ten blog b\u0119dzie jeszcze jednym sposobem i przestrzeni\u0105 nawi\u0105zania kontaktu z lud\u017ami dobrej woli, otwartymi na dialog.","url":"https:\/\/gaudiumetspes-blog.pl\/index.php\/author\/ks-jacek\/"}]}},"jetpack_featured_media_url":"","jetpack_sharing_enabled":true,"_links":{"self":[{"href":"https:\/\/gaudiumetspes-blog.pl\/index.php\/wp-json\/wp\/v2\/posts\/21022","targetHints":{"allow":["GET"]}}],"collection":[{"href":"https:\/\/gaudiumetspes-blog.pl\/index.php\/wp-json\/wp\/v2\/posts"}],"about":[{"href":"https:\/\/gaudiumetspes-blog.pl\/index.php\/wp-json\/wp\/v2\/types\/post"}],"author":[{"embeddable":true,"href":"https:\/\/gaudiumetspes-blog.pl\/index.php\/wp-json\/wp\/v2\/users\/1"}],"replies":[{"embeddable":true,"href":"https:\/\/gaudiumetspes-blog.pl\/index.php\/wp-json\/wp\/v2\/comments?post=21022"}],"version-history":[{"count":1,"href":"https:\/\/gaudiumetspes-blog.pl\/index.php\/wp-json\/wp\/v2\/posts\/21022\/revisions"}],"predecessor-version":[{"id":21023,"href":"https:\/\/gaudiumetspes-blog.pl\/index.php\/wp-json\/wp\/v2\/posts\/21022\/revisions\/21023"}],"wp:attachment":[{"href":"https:\/\/gaudiumetspes-blog.pl\/index.php\/wp-json\/wp\/v2\/media?parent=21022"}],"wp:term":[{"taxonomy":"category","embeddable":true,"href":"https:\/\/gaudiumetspes-blog.pl\/index.php\/wp-json\/wp\/v2\/categories?post=21022"},{"taxonomy":"post_tag","embeddable":true,"href":"https:\/\/gaudiumetspes-blog.pl\/index.php\/wp-json\/wp\/v2\/tags?post=21022"}],"curies":[{"name":"wp","href":"https:\/\/api.w.org\/{rel}","templated":true}]}}