{"id":21024,"date":"2022-10-02T06:20:46","date_gmt":"2022-10-02T04:20:46","guid":{"rendered":"https:\/\/gaudiumetspes-blog.pl\/?p=21024"},"modified":"2022-10-02T06:20:46","modified_gmt":"2022-10-02T04:20:46","slug":"duch-mocy-i-milosci-i-trzezwego-myslenia-2","status":"publish","type":"post","link":"https:\/\/gaudiumetspes-blog.pl\/index.php\/2022\/10\/02\/duch-mocy-i-milosci-i-trzezwego-myslenia-2\/","title":{"rendered":"Duch mocy i mi\u0142o\u015bci &#8211; i trze\u017awego my\u015blenia!"},"content":{"rendered":"<p align=\"justify\"><span style=\"color: #000000;\"><span style=\"font-family: Book Antiqua, serif;\"><span style=\"font-size: large;\">Niech b\u0119dzie pochwalony Jezus Chrystus! Moi Drodzy, <b>do grona Solenizant\u00f3w, kt\u00f3rym patronuj\u0105 \u015awi\u0119ci Archanio\u0142owie, chcia\u0142bym do\u0142\u0105czy\u0107 jeszcze kilka Os\u00f3b. S\u0105 to:<\/b><\/span><\/span><\/span><\/p>\n<p align=\"justify\"><span style=\"color: #000000;\">\u25ba<span style=\"font-family: Book Antiqua, serif;\"><span style=\"font-size: large;\"><b>Ojciec Rafa\u0142 Chilimoniuk \u2013 Oblat, Ekonom Klasztoru w Kodniu;<\/b><\/span><\/span><\/span><\/p>\n<p align=\"justify\"><span style=\"color: #000000;\">\u25ba<span style=\"font-family: Book Antiqua, serif;\"><span style=\"font-size: large;\"><b>Micha\u0142 Jaroniec \u2013 w swoim czasie: Lektor w Parafii w Radory\u017cu Ko\u015bcielnym.<\/b><\/span><\/span><\/span><\/p>\n<p align=\"justify\"><span style=\"color: #000000;\"><span style=\"font-family: Book Antiqua, serif;\"><span style=\"font-size: large;\"><b>W pi\u0105tek natomiast imieniny prze\u017cywa\u0142 Grzegorz B\u0142achnio, za moich czas\u00f3w \u2013 Wiceprezes S\u0142u\u017cby liturgicznej w Miastkowie Ko\u015bcielnym.<\/b><\/span><\/span><\/span><\/p>\n<p align=\"justify\"><span style=\"color: #000000;\"><span style=\"font-family: Book Antiqua, serif;\"><span style=\"font-size: large;\"><b>Dzisiaj za\u015b urodziny prze\u017cywa Piotr Antosiewicz, za moich czas\u00f3w \u2013 Prezes S\u0142u\u017cby liturgicznej w Celestynowie.<\/b><\/span><\/span><\/span><\/p>\n<p align=\"justify\"><span style=\"color: #000000;\"><span style=\"font-family: Book Antiqua, serif;\"><span style=\"font-size: large;\"><b>Wszystkim \u015bwi\u0119tuj\u0105cym w tych dniach \u017cycz\u0119, aby w swoim \u017cyciu i pracy kierowali si\u0119 moc\u0105 i mi\u0142o\u015bci\u0105 Bo\u017c\u0105 \u2013 i trze\u017awym ludzkim my\u015bleniem. Tak, jak zach\u0119ca dzi\u015b Aposto\u0142. Zapewniam o modlitwie!<\/b><\/span><\/span><\/span><\/p>\n<p align=\"justify\"><span style=\"color: #000000;\"><span style=\"font-family: Book Antiqua, serif;\"><span style=\"font-size: large;\"><b>Serdeczn\u0105 modlitw\u0105 ogarniamy dzi\u015b tak\u017ce wszystkie drogie nam Siostry od Anio\u0142\u00f3w, pos\u0142uguj\u0105ce w Polsce, w Surgucie \u2013 i w tylu jeszcze miejscach na \u015bwiecie. Dzi\u015b maj\u0105 swe patronalne \u015awi\u0119to. Gdyby bowiem dzi\u015b nie by\u0142a niedziela \u2013 mieliby\u015bmy wspomnienie \u015awi\u0119tych Anio\u0142\u00f3w Str\u00f3\u017c\u00f3w. Ale i tak wzywamy ich opieki i wstawiennictwa, a drogie Siostry od Anio\u0142\u00f3w otaczamy modlitw\u0105 i nasz\u0105 wdzi\u0119czn\u0105 \u017cyczliwo\u015bci\u0105. M\u00f3dlmy si\u0119 tak\u017ce o nowe i \u015bwi\u0119te powo\u0142ania do tego Zgromadzenia.<\/b><\/span><\/span><\/span><\/p>\n<p align=\"justify\"><span style=\"color: #000000;\"><span style=\"font-family: Book Antiqua, serif;\"><span style=\"font-size: large;\">Moi Drodzy, dzisiaj nasze Duszpasterstwo Akademickie rozpoczyna nowy rok formacyjny. W Kaplicy Domu Ksi\u0119\u017cy Emeryt\u00f3w, o godzinie 20:00, b\u0119d\u0119 sprawowa\u0142 pierwsz\u0105 w tym roku akademickim Msz\u0119 \u015awi\u0119t\u0105 dla naszej Wsp\u00f3lnoty, a po niej b\u0119dzie R\u00f3\u017caniec. Serdecznie zapraszam \u2013 do obecno\u015bci lub duchowej \u0142\u0105czno\u015bci.<\/span><\/span><\/span><\/p>\n<p align=\"justify\"><span style=\"color: #000000;\"><span style=\"font-family: Book Antiqua, serif;\"><span style=\"font-size: large;\">A za chwil\u0119 wyruszam do Parafii w Samogoszczy, gdzie w swoim czasie pomaga\u0142em duszpastersko, a dzisiaj zast\u0105pi\u0119 Ksi\u0119dza Proboszcza Bogus\u0142awa Filipiuka, kt\u00f3ry z kolei uda\u0142 si\u0119 z Delegacj\u0105 m\u0119skiej cz\u0119\u015bci Parafii do Pratulina, na odbywaj\u0105c\u0105 si\u0119 tam dzi\u015b pielgrzymk\u0119 M\u0119\u017cczyzn.<\/span><\/span><\/span><\/p>\n<p align=\"justify\"><span style=\"color: #000000;\"><span style=\"font-family: Book Antiqua, serif;\"><span style=\"font-size: large;\">Zapraszam ju\u017c pochylenia si\u0119 nad Bo\u017cym s\u0142owem dzisiejszej liturgii. Oto s\u0142\u00f3wko Ksi\u0119dza Marka na dzi\u015b:<\/span><\/span><\/span><\/p>\n<p align=\"justify\"><span style=\"color: #000000;\"><span style=\"font-family: Book Antiqua, serif;\"><span style=\"font-size: medium;\"><a href=\"https:\/\/www.youtube.com\/c\/CatholicSurgut\"><span style=\"font-size: large;\"><span lang=\"zxx\"><u><b>https:\/\/www.youtube.com\/c\/CatholicSurgut<\/b><\/u><\/span><\/span><\/a><\/span><\/span><\/span><\/p>\n<p align=\"justify\"><span style=\"color: #000000;\"><span style=\"font-family: Book Antiqua, serif;\"><span style=\"font-size: large;\">Zatem, <b>co konkretnie m\u00f3wi dzi\u015b do mnie Pan? Z jakim bardzo osobistym przes\u0142aniem zwraca si\u0119 w\u0142a\u015bnie do mnie?<\/b> Duchu \u015awi\u0119ty, tchnij\u2026 <\/span><\/span><\/span><\/p>\n<p align=\"justify\"><span style=\"color: #000000;\"><span style=\"font-family: Book Antiqua, serif;\"><span style=\"font-size: large;\">Na g\u0142\u0119bokie i radosne prze\u017cywanie dzisiejszego dnia \u2013 <b>niech Was b\u0142ogos\u0142awi B\u00f3g Wszechmog\u0105cy: Ojciec + i Syn, i Duch \u015awi\u0119ty. Amen<\/b><\/span><\/span><\/span><\/p>\n<p align=\"center\"><span style=\"color: #000000;\"><span style=\"font-family: Book Antiqua, serif;\"><span style=\"font-size: large;\">Gaudium et spes! Ks. Jacek<\/span><\/span><\/span><\/p>\n<p align=\"center\">\n<p align=\"center\">\n<p align=\"center\">\n<p align=\"center\">\n<p align=\"center\">\n<p align=\"justify\"><span style=\"color: #000000;\"><span style=\"font-family: Book Antiqua, serif;\"><span style=\"font-size: large;\"><b>27 Niedziela zwyk\u0142a, C,<\/b><\/span><\/span><\/span><\/p>\n<p align=\"justify\"><span style=\"color: #000000;\"><span style=\"font-family: Book Antiqua, serif;\"><span style=\"font-size: large;\"><b>2 pa\u017adziernika 2022.,<\/b><\/span><\/span><\/span><\/p>\n<p align=\"justify\"><span style=\"color: #000000;\"><span style=\"font-family: Book Antiqua, serif;\"><span style=\"font-size: large;\"><b>do czyta\u0144: Ha 1,2\u20133;2,2\u20134; 2 Tm 1,6\u20138.13\u201314; \u0141k 17,5\u201310<\/b><\/span><\/span><\/span><\/p>\n<p align=\"justify\">\n<p align=\"justify\">\n<p align=\"justify\">\n<p align=\"justify\">\n<p align=\"justify\">\n<p align=\"justify\"><span style=\"color: #000000;\"><span style=\"font-family: Book Antiqua, serif;\"><span style=\"font-size: large;\"><b>CZYTANIE Z KSI\u0118GI PROROKA HABAKUKA:<\/b><\/span><\/span><\/span><\/p>\n<p align=\"justify\"><span style=\"color: #000000;\"><span style=\"font-family: Book Antiqua, serif;\"><span style=\"font-size: large;\"><b>Dok\u0105d\u017ce, Panie, wzywa\u0107 Ci\u0119 b\u0119d\u0119, a Ty nie wys\u0142uchujesz? Wo\u0142a\u0107 b\u0119d\u0119 ku Tobie: \u201eKrzywda mi si\u0119 dzieje\u201d, a Ty nie pomagasz? Czemu ka\u017cesz mi patrze\u0107 na nieprawo\u015b\u0107 i na z\u0142o spogl\u0105dasz bezczynnie? Oto ucisk i przemoc przede mn\u0105, powstaj\u0105 spory, wybuchaj\u0105 wa\u015bnie.<\/b><\/span><\/span><\/span><\/p>\n<p align=\"justify\"><span style=\"color: #000000;\"><span style=\"font-family: Book Antiqua, serif;\"><span style=\"font-size: large;\"><b>I odpowiedzia\u0142 Pan tymi s\u0142owami: \u201eZapisz widzenie, na tablicach wyryj, by mo\u017cna by\u0142o \u0142atwo je odczyta\u0107. Jest to widzenie na czas oznaczony, lecz wype\u0142nienie jego niechybnie nast\u0105pi; a je\u015bli si\u0119 op\u00f3\u017ania, ty go oczekuj, bo w kr\u00f3tkim czasie przyjdzie niezawodnie. Oto zginie ten, co jest ducha nieprawego, a sprawiedliwy \u017cy\u0107 b\u0119dzie dzi\u0119ki swej wierno\u015bci\u201d.<\/b><\/span><\/span><\/span><\/p>\n<p align=\"justify\">\n<p align=\"justify\">\n<p align=\"justify\">\n<p align=\"justify\">\n<p align=\"justify\">\n<p align=\"justify\"><span style=\"color: #000000;\"><span style=\"font-family: Book Antiqua, serif;\"><span style=\"font-size: large;\"><b>CZYTANIE Z DRUGIEGO LISTU \u015aWI\u0118TEGO PAW\u0141A APOSTO\u0141A DO TYMOTEUSZA:<\/b><\/span><\/span><\/span><\/p>\n<p align=\"justify\"><span style=\"color: #000000;\"><span style=\"font-family: Book Antiqua, serif;\"><span style=\"font-size: large;\"><b>Najdro\u017cszy: Przypominam ci, aby\u015b rozpali\u0142 na nowo charyzmat Bo\u017cy, kt\u00f3ry jest w Tobie przez w\u0142o\u017cenie moich r\u0105k. Albowiem nie da\u0142 nam B\u00f3g ducha boja\u017ani, ale mocy i mi\u0142o\u015bci, i trze\u017awego my\u015blenia. Nie wstyd\u017a si\u0119 zatem \u015bwiadectwa Pana naszego ani mnie, Jego wi\u0119\u017ania, lecz we\u017a udzia\u0142 w trudach i przeciwno\u015bciach znoszonych dla Ewangelii wed\u0142ug danej mocy Boga.<\/b><\/span><\/span><\/span><\/p>\n<p align=\"justify\"><span style=\"color: #000000;\"><span style=\"font-family: Book Antiqua, serif;\"><span style=\"font-size: large;\"><b>Zdrowe zasady, kt\u00f3re\u015b pos\u0142ysza\u0142 ode mnie, miej za wzorzec w wierze i mi\u0142o\u015bci w Chrystusie Jezusie. Dobrego depozytu strze\u017c z pomoc\u0105 Ducha \u015awi\u0119tego, kt\u00f3ry w nas mieszka.<\/b><\/span><\/span><\/span><\/p>\n<p align=\"justify\">\n<p align=\"justify\">\n<p align=\"justify\">\n<p align=\"justify\">\n<p align=\"justify\">\n<p align=\"justify\"><span style=\"color: #000000;\"><span style=\"font-family: Book Antiqua, serif;\"><span style=\"font-size: large;\"><b>S\u0141OWA EWANGELII WED\u0141UG \u015aWI\u0118TEGO \u0141UKASZA:<\/b><\/span><\/span><\/span><\/p>\n<p align=\"justify\"><span style=\"color: #000000;\"><span style=\"font-family: Book Antiqua, serif;\"><span style=\"font-size: large;\"><b>Aposto\u0142owie prosili Pana: \u201ePrzymn\u00f3\u017c nam wiary\u201d. Pan rzek\u0142: \u201eGdyby\u015bcie mieli wiar\u0119 jak ziarnko gorczycy, powiedzieliby\u015bcie tej morwie: \u00abWyrwij si\u0119 z korzeniem i przesad\u017a si\u0119 w morze\u00bb, a by\u0142aby wam pos\u0142uszna.<\/b><\/span><\/span><\/span><\/p>\n<p align=\"justify\"><span style=\"color: #000000;\"><span style=\"font-family: Book Antiqua, serif;\"><span style=\"font-size: large;\"><b>Kto z was, maj\u0105c s\u0142ug\u0119, kt\u00f3ry orze lub pasie, powie mu, gdy on wr\u00f3ci z pola: \u00abP\u00f3jd\u017a i si\u0105d\u017a do sto\u0142u\u00bb? Czy nie powie mu raczej: \u00abPrzygotuj mi wieczerz\u0119, przepasz si\u0119 i us\u0142uguj mi, a\u017c zjem i napij\u0119 si\u0119, a potem ty b\u0119dziesz jad\u0142 i pi\u0142\u00bb? Czy dzi\u0119kuje s\u0142udze za to, \u017ce wykona\u0142 to, co mu polecono?<\/b><\/span><\/span><\/span><\/p>\n<p align=\"justify\"><span style=\"color: #000000;\"><span style=\"font-family: Book Antiqua, serif;\"><span style=\"font-size: large;\"><b>Tak m\u00f3wcie i wy, gdy uczynicie wszystko, co wam polecono: \u00abS\u0142udzy nieu\u017cyteczni jeste\u015bmy; wykonali\u015bmy to, co powinni\u015bmy wykona\u0107\u00bb\u201d.<\/b><b> <\/b><\/span><\/span><\/span><\/p>\n<p align=\"justify\">\n<p align=\"justify\">\n<p align=\"justify\">\n<p align=\"justify\">\n<p align=\"justify\">\n<p align=\"justify\"><span style=\"color: #000000;\"><span style=\"font-family: Book Antiqua, serif;\"><span style=\"font-size: large;\">Mo\u017cemy sobie wyobrazi\u0107 Proroka Habakuka, jak z rozgor\u0105czkowan\u0105 g\u0142ow\u0105, wzburzony, wypowiada \u2013 a mo\u017ce wr\u0119cz wykrzykuje \u2013 w stron\u0119 Boga swoje pretensje: <i><b>Dok\u0105d\u017ce, Panie, wzywa\u0107 Ci\u0119 b\u0119d\u0119, a Ty nie wys\u0142uchujesz? Wo\u0142a\u0107 b\u0119d\u0119 ku Tobie: \u201eKrzywda mi si\u0119 dzieje\u201d, a Ty nie pomagasz? Czemu ka\u017cesz mi patrze\u0107 na nieprawo\u015b\u0107 i na z\u0142o spogl\u0105dasz bezczynnie? Oto ucisk i przemoc przede mn\u0105, powstaj\u0105 spory, wybuchaj\u0105 wa\u015bnie.<\/b><\/i><\/span><\/span><\/span><\/p>\n<p align=\"justify\"><span style=\"color: #000000;\"><span style=\"font-family: Book Antiqua, serif;\"><span style=\"font-size: large;\">Mo\u017cemy go sobie wyobrazi\u0107, bo pewnie \u0142atwo by nam by\u0142o odnie\u015b\u0107 t\u0119 sytuacj\u0119 do wielu takich, w kt\u00f3rych to <b>my \u2013 w taki w\u0142a\u015bnie spos\u00f3b \u2013 do Boga si\u0119 zwracamy\u2026<\/b> Mo\u017ce nie wprost takimi s\u0142owami i mo\u017ce <b>nie mamy takiej odwagi,<\/b> jak Habakuk, aby postawi\u0107 wr\u0119cz <b>Bogu zarzut<\/b><b>u<\/b><b> bezczynno\u015b<\/b><b>ci<\/b> w obliczu z\u0142a, ale czy gdzie\u015b tam, w najg\u0142\u0119bszych zakamarkach serca, tak w\u0142a\u015bnie nie my\u015blimy? <\/span><\/span><\/span><\/p>\n<p align=\"justify\"><span style=\"color: #000000;\"><span style=\"font-family: Book Antiqua, serif;\"><span style=\"font-size: large;\">I to nie dlatego,<b> \u017ce jeste\u015bmy rozgor\u0105czkowani, rozkapryszeni, <\/b>bo co\u015b akurat nie u\u0142o\u017cy\u0142o si\u0119 po naszej my\u015bli, wi\u0119c to ju\u017c jest dos\u0142ownie koniec \u015bwiata i wszystko na g\u0142ow\u0119 si\u0119 wali. Nie, w wielu przypadkach to <b>naprawd\u0119 d\u0142ugotrwa\u0142e i cierpliwe znoszenie<\/b> panosz\u0105cego si\u0119 z\u0142a \u2013 a cho\u0107by nawet w naszej rodzinie, czy w spo\u0142eczno\u015bci, w kt\u00f3rej \u017cyjemy \u2013 sprawia, \u017ce<b> <\/b><b>my ju\u017c nie wiemy, co o tym my\u015ble\u0107, jak to rozumie\u0107,<\/b> jak to wyt\u0142umaczy\u0107 i dlaczego B\u00f3g pozwala na to, by na \u015bwiecie, <b>kt\u00f3ry On stworzy\u0142 jako dobry i harmonijny,<\/b> z\u0142y duch harcowa\u0142 sobie w najlepsze (a mo\u017ce lepiej powiedzie\u0107: w najgorsze!) i tyle z\u0142a si\u0119 dzia\u0142o? <b>Czemu B\u00f3g na to pozwala? <\/b><\/span><\/span><\/span><\/p>\n<p align=\"justify\"><span style=\"color: #000000;\"><span style=\"font-family: Book Antiqua, serif;\"><span style=\"font-size: large;\">Na te nasze pytania odpowiada sam B\u00f3g \u2013 tak, jak odpowiedzia\u0142 Habakukowi: <i><b>Zapisz widzenie, na tablicach wyryj, by mo\u017cna by\u0142o \u0142atwo je odczyta\u0107. Jest to widzenie na czas oznaczony, lecz wype\u0142nienie jego niechybnie nast\u0105pi; a je\u015bli si\u0119 op\u00f3\u017ania, ty go oczekuj, bo w kr\u00f3tkim czasie przyjdzie niezawodnie. Oto zginie ten, co jest ducha nieprawego, a sprawiedliwy \u017cy\u0107 b\u0119dzie dzi\u0119ki swej wierno\u015bci.<\/b><\/i><b> <\/b><\/span><\/span><\/span><\/p>\n<p align=\"justify\"><span style=\"color: #000000;\"><span style=\"font-family: Book Antiqua, serif;\"><span style=\"font-size: large;\">A zatem, <b>nast\u0105pi<\/b><b> Bo\u017ca reakcja,<\/b> przyjdzie ratunek, przyjdzie Bo\u017ce rozstrzygni\u0119cie! Ale<b> w czasie, <\/b><b>o<\/b><b> kt\u00f3rym B\u00f3g zadecyduje.<\/b> Niekoniecznie b\u0119dzie to ten czas, w kt\u00f3rym my by\u015bmy chcieli lub si\u0119 spodziewali. Ale przyjdzie \u2013 <b>na pewno B\u00f3g zareaguje!<\/b> Bo On wszystko wie i wszystko widzi. Sytuacja naprawd\u0119 <b>nie wymkn\u0119\u0142a Mu si\u0119 spod kontroli<\/b> \u2013 nawet, je\u017celi niekt\u00f3rzy ludzie <b>\u017ale wykorzystuj\u0105 <\/b><b>otrzymany od Niego dar wolno\u015bci<\/b> i traktuj\u0105 go jako pozwolenie na samowol\u0119 i czynienie innym z\u0142a. Bo to w\u0142a\u015bnie st\u0105d bierze si\u0119 ca\u0142e z\u0142o \u015bwiata \u2013 <b>z niew\u0142a\u015bciwego wykorzystania daru wolno\u015bci,<\/b> jaki cz\u0142owiek otrzyma\u0142 od Boga. <\/span><\/span><\/span><\/p>\n<p align=\"justify\"><span style=\"color: #000000;\"><span style=\"font-family: Book Antiqua, serif;\"><span style=\"font-size: large;\">Niekt\u00f3rym \u2013 jak dobrze wiemy \u2013 <b>wolno\u015b\u0107 kojarzy si\u0119 z samowol\u0105,<\/b> bez \u017cadnej odpowiedzialno\u015bci. Inni znowu \u2013 w imi\u0119 swojej wolno\u015bci \u2013 <b>gwa\u0142c\u0105 wolno\u015b\u0107 innych.<\/b> B\u00f3g pozwala cz\u0142owiekowi korzysta\u0107 z daru, kt\u00f3ry sam da\u0142, ale te\u017c w odpowiednim czasie <b>za\u017c\u0105da odpowiedzialno\u015bci za <\/b><b>jego <\/b><b>wykorzystanie.<\/b> On naprawd\u0119 zareaguje. On naprawd\u0119 <b>jest obecny w \u015bwiecie <\/b>i naprawd\u0119 nie drzemie sobie \u2013 jak to <b>nam si\u0119 nieraz zdarza <\/b><b>zdrzemn\u0105\u0107<\/b> przed telewizorem, kiedy ogl\u0105damy kt\u00f3ry\u015b z naszych ulubionych tasiemcowych seriali, odcinek tysi\u0105c dwie\u015bcie dwudziesty czwarty. <\/span><\/span><\/span><\/p>\n<p align=\"justify\"><span style=\"color: #000000;\"><span style=\"font-family: Book Antiqua, serif;\"><span style=\"font-size: large;\">B\u00f3g jest<b> bardzo intensywnie obecny<\/b> i wype\u0142ni obietnic\u0119, kt\u00f3r\u0105 dzisiaj z\u0142o\u017cy\u0142. Oby nam tylko nie zabrak\u0142o ufno\u015bci wobec Niego! <b>Oby nam nie zabrak\u0142o wiary!<\/b> <\/span><\/span><\/span><\/p>\n<p align=\"justify\"><span style=\"color: #000000;\"><span style=\"font-family: Book Antiqua, serif;\"><span style=\"font-size: large;\">Dlatego mo\u017ce dobrze by\u0142oby, aby\u015bmy szczerymi naszymi sercami \u2013 a mo\u017ce te\u017c i sercami zbola\u0142ymi z powodu ca\u0142ego tego z\u0142a, jakiego do\u015bwiadczamy \u2013 <b>do\u0142\u0105czyli do grona Aposto\u0142\u00f3w, <\/b>kt\u00f3rzy dzisiaj w Ewangelii prosili Jezusa: <i><b>Przymn\u00f3\u017c nam wiary!<\/b><\/i><b> <\/b>Mo\u017ce trzeba, aby\u015bmy i my z tak\u0105 pro\u015bb\u0105 dzisiaj do Jezusa si\u0119 zwr\u00f3cili. I nie tylko dzisiaj,<b> ale zawsze, codziennie.<\/b> Aby\u015bmy nigdy nie uwierzyli, \u017ce nasza wiara <b>to ju\u017c jest taka mocna i taka wielka,<\/b> \u017ce jej si\u0119 ju\u017c nie da przymno\u017cy\u0107 czy powi\u0119kszy\u0107. Gdyby\u015bmy tak pomy\u015bleli, to by\u0142aby chyba kl\u0119ska\u2026 <\/span><\/span><\/span><\/p>\n<p align=\"justify\"><span style=\"color: #000000;\"><span style=\"font-family: Book Antiqua, serif;\"><span style=\"font-size: large;\">Jak s\u0142yszymy, Aposto\u0142owie dzisiaj zorientowali si\u0119, \u017ce jednak ich wiara <b>jest jeszcze bardzo ma\u0142a, bardzo s\u0142aba i chwiejna\u2026<\/b> A pro\u015bb\u0119 swoj\u0105 wypowiedzieli po tym, jak Jezus zapowiedzia\u0142, \u017ce <b>przyjd\u0105 zgorszenia<\/b> i kiedy nakaza\u0142 im <b>przebacza\u0107 pope\u0142nione wobec n<\/b><b>ich<\/b><b> z\u0142o.<\/b> I mo\u017ce to w\u0142a\u015bnie spowodowa\u0142o, \u017ce Aposto\u0142owie u\u015bwiadomili sobie, <b>jak bardzo s\u0105 <\/b><b>jeszcze <\/b><b>s\u0142abi, jak s\u0142aba jest ich wiara\u2026<\/b> <\/span><\/span><\/span><\/p>\n<p align=\"justify\"><span style=\"color: #000000;\"><span style=\"font-family: Book Antiqua, serif;\"><span style=\"font-size: large;\">Jezus \u2013 pocieszaj\u0105c ich nieco \u2013 powiedzia\u0142 <b>o wierze tak ma\u0142ej, jak ziarenko gorczycy,<\/b> kt\u00f3ra jest jednak w stanie drzewa wyrywa\u0107, czy g\u00f3ry przenosi\u0107. Powiedzia\u0142 dok\u0142adnie: <i><b>Gdyby\u015bcie mieli wiar\u0119, jak ziarnko gorczycy\u2026<\/b><\/i> Ot\u00f3\u017c, w\u0142a\u015bnie: gdyby j\u0105 mieli\u2026 <\/span><\/span><\/span><\/p>\n<p align=\"justify\"><span style=\"color: #000000;\"><span style=\"font-family: Book Antiqua, serif;\"><span style=\"font-size: large;\">Ale chyba wewn\u0119trznie uznawa\u0142, \u017ce <b>tak\u0105 wiar\u0119 to oni ju\u017c maj\u0105 <\/b>\u2013 i \u017ce nawet taka wiara <b>pomo\u017ce <\/b><b>im ju\u017c<\/b><b> <\/b>dokonywa\u0107 wielkiego dobra. Oby tylko pami\u0119tali, \u017ce s\u0105 s\u0142ugami Boga. <\/span><\/span><\/span><\/p>\n<p align=\"justify\"><span style=\"color: #000000;\"><span style=\"font-family: Book Antiqua, serif;\"><span style=\"font-size: large;\">Jezus m\u00f3wi dzi\u015b bardzo mocno i sugestywnie: <i><b>Kto z was, maj\u0105c s\u0142ug\u0119,<\/b><\/i><b> <\/b><i><b>kt\u00f3ry orze lub pasie, powie mu, gdy on wr\u00f3ci z pola: \u00abP\u00f3jd\u017a i si\u0105d\u017a do sto\u0142u\u00bb? Czy nie powie mu raczej: \u00abPrzygotuj mi wieczerz\u0119, przepasz si\u0119 i us\u0142uguj mi, a\u017c zjem i napij\u0119 si\u0119, a potem ty b\u0119dziesz jad\u0142 i pi\u0142\u00bb? Czy dzi\u0119kuje s\u0142udze za to, \u017ce wykona\u0142 to, co mu polecono? Tak m\u00f3wcie i wy, gdy uczynicie wszystko, co wam polecono: \u201eS\u0142udzy nieu\u017cyteczni jeste\u015bmy; wykonali\u015bmy to, co powinni\u015bmy wykona\u0107\u201d<\/b><\/i><b>. <\/b><\/span><\/span><\/span><\/p>\n<p align=\"justify\"><span style=\"color: #000000;\"><span style=\"font-family: Book Antiqua, serif;\"><span style=\"font-size: large;\">W\u0142a\u015bnie, <b>to Bo\u017c\u0105 moc\u0105 dokonuje si\u0119 wszelkie dobro.<\/b> Owszem, z naszej strony konieczna jest wsp\u00f3\u0142praca i B\u00f3g na ni\u0105 bardzo liczy. Ale niedobrze by\u0142oby, <b>gdyby\u015bmy sobie przypisywali wszelkie zas\u0142ugi.<\/b> Przecie\u017c to B\u00f3g daje nam dobre natchnienia i to On daje nam si\u0142y. On nad nami czuwa i nas prowadzi. Nie obawiajmy si\u0119, <b>nic w ten spos\u00f3b nie stracimy.<\/b> Nie ub\u0119dzie nam zas\u0142ug. Nie b\u0119dziemy przez to stratni, czy jacy\u015b gorsi. <\/span><\/span><\/span><\/p>\n<p align=\"justify\"><span style=\"color: #000000;\"><span style=\"font-family: Book Antiqua, serif;\"><span style=\"font-size: large;\">Zobaczmy, przecie\u017c <b>wszyscy wielcy \u015awi\u0119ci<\/b> w\u0142a\u015bnie dlatego s\u0105 wielcy i tak ich traktujemy, bo <b>oddali si\u0119 do ca\u0142kowitej dyspozycji Boga<\/b> i stali si\u0119 Jego s\u0142ugami. Oni nigdy nie szukali siebie i w\u0142asnej chwa\u0142y \u2013 <b>tylko chwa\u0142y Bo\u017cej. <\/b>Oni naprawd\u0119 mieli wewn\u0119trzn\u0105 \u015bwiadomo\u015b\u0107, <b>\u017ce s\u0105 s\u0142ugami nieu\u017cytecznymi. <\/b>A Ko\u015bci\u00f3\u0142 dzisiaj stawia nam ich za wz\u00f3r \u2013 jako <b>ludzi bardzo po\u017cytecznych i s\u0142ugi bardzo u\u017cyteczne.<\/b> Bo ju\u017c <b>sam Pan o to si\u0119 zatroszczy\u0142, <\/b>aby nie zabrak\u0142o docenienia ich postawy. Oni sami o to nie dbali \u2013 to B\u00f3g o to zadba\u0142. <\/span><\/span><\/span><\/p>\n<p align=\"justify\"><span style=\"color: #000000;\"><span style=\"font-family: Book Antiqua, serif;\"><span style=\"font-size: large;\">A kiedy cz\u0142owiek sam za bardzo troszczy si\u0119 i zabiega o to, by go chwalono i doceniano \u2013 <b>czy\u017c przez to nie staje \u015bmieszny?<\/b> Albo <b>uci\u0105\u017cliwy dla swego otoczenia?<\/b> <\/span><\/span><\/span><\/p>\n<p align=\"justify\"><span style=\"color: #000000;\"><span style=\"font-family: Book Antiqua, serif;\"><span style=\"font-size: large;\">W\u0142a\u015bnie dlatego warto ci\u0105gle powtarza\u0107 pro\u015bb\u0119 Aposto\u0142\u00f3w: <i><b>Panie, przymn\u00f3\u017c nam wiary!,<\/b><\/i> aby wszystko, co czynimy i b\u0119dziemy czynili \u2013 by\u0142o <b>dla Boga, ze wzgl\u0119du na Boga i na Jego chwa\u0142\u0119.<\/b> I z Jego pomoc\u0105. Aby\u015bmy pami\u0119tali, \u017ce <b>sami z siebie nic nie jeste\u015bmy w stanie dobrego uczyni\u0107. Nic. <\/b>Ca\u0142a nasza moc w Bogu. My sami jeste\u015bmy <b>s\u0142ugami nieu\u017cytecznymi,<\/b> s\u0142ugami s\u0142abymi, grzesznymi. Zapewne, du\u017co w nas dobrej woli, ale i s\u0142abo\u015b\u0107 nasza ci\u0105gle nam utrudnia \u017cycie i spowalnia nasze dobre dzia\u0142ania. <\/span><\/span><\/span><\/p>\n<p align=\"justify\"><span style=\"color: #000000;\"><span style=\"font-family: Book Antiqua, serif;\"><span style=\"font-size: large;\">Je\u017celi jednak <b>z wiar\u0105 w Boga i Jego moc<\/b> b\u0119dziemy wszystko czynili \u2013 tak, jak potrafimy najlepiej, ale prosz\u0105c Go ca\u0142y czas o wsparcie \u2013 w\u00f3wczas b\u0119dziemy naprawd\u0119 <b>s\u0142ugami bardzo u\u017cytecznymi i po\u017cytecznymi.<\/b> <\/span><\/span><\/span><\/p>\n<p align=\"justify\"><span style=\"color: #000000;\"><span style=\"font-family: Book Antiqua, serif;\"><span style=\"font-size: large;\">I teraz, maj\u0105c to wszystko na uwadze, zechciejmy jeszcze raz us\u0142ysze\u0107 zach\u0119t\u0119, jak\u0105 do swego ucznia Tymoteusza \u2013 m\u0142odego Biskupa \u2013 skierowa\u0142 dzi\u015b Aposto\u0142 Pawe\u0142: <i><b>Przypominam ci,<\/b><\/i><b> <\/b><i><b>aby\u015b rozpali\u0142 na nowo charyzmat Bo\u017cy, kt\u00f3ry jest w Tobie przez w\u0142o\u017cenie moich r\u0105k. Albowiem nie da\u0142 nam B\u00f3g ducha boja\u017ani, ale mocy i mi\u0142o\u015bci, i trze\u017awego my\u015blenia. Nie wstyd\u017a si\u0119 zatem \u015bwiadectwa Pana naszego ani mnie, Jego wi\u0119\u017ania, lecz we\u017a udzia\u0142 w trudach i przeciwno\u015bciach znoszonych dla Ewangelii wed\u0142ug danej mocy Boga. Zdrowe zasady, kt\u00f3re\u015b pos\u0142ysza\u0142 ode mnie, miej za wzorzec w wierze i mi\u0142o\u015bci w Chrystusie Jezusie. Dobrego depozytu strze\u017c z pomoc\u0105 Ducha \u015awi\u0119tego, kt\u00f3ry w nas mieszka.<\/b><\/i><\/span><\/span><\/span><\/p>\n<p align=\"justify\"><span style=\"color: #000000;\"><span style=\"font-family: Book Antiqua, serif;\"><span style=\"font-size: large;\">Na pewno, pierwsze skojarzenie, jakie nam si\u0119 w tym momencie nasuwa, to takie, \u017ce s\u0105 to s\u0142owa, <b>skierowane g\u0142\u00f3wnie do ksi\u0119\u017cy. <\/b>Bo to oni s\u0105 wy\u015bwi\u0119cani <b>przez w\u0142o\u017cenie r\u0105k biskupa<\/b> \u2013 i w og\u00f3le ca\u0142o\u015b\u0107 tego pouczenia wydaje si\u0119 by\u0107 skierowana <b>do os\u00f3b duchownych. <\/b>I jest to oczywi\u015bcie prawd\u0105, bo skoro w oryginale jest to pouczenie <b>skierowane do biskupa,<\/b> to znaczy, \u017ce wszyscy duchowni winni je sobie wzi\u0105\u0107 g\u0142\u0119boko do serca. <\/span><\/span><\/span><\/p>\n<p align=\"justify\"><span style=\"color: #000000;\"><span style=\"font-family: Book Antiqua, serif;\"><span style=\"font-size: large;\">Zreszt\u0105, na pewno by\u0142oby to <b>z wielkim po\u017cytkiem dla ca\u0142ego Ko\u015bcio\u0142a, <\/b>gdyby ka\u017cdy biskup, ka\u017cdy kap\u0142an, ka\u017cda osoba zakonna \u2013 by <b>wszyscy oni wzi\u0119li sobie g\u0142\u0119boko do serca te s\u0142owa,<\/b> aby ci\u0105gle powracali do tej pierwotnej mi\u0142o\u015bci i gorliwo\u015bci, z jak\u0105 przed laty rozpoczynali swoj\u0105 pos\u0142ug\u0119, aby <b>powracali do tych idea\u0142<\/b><b>\u00f3w<\/b><b>,<\/b> kt\u00f3re jeszcze wcze\u015bniej towarzyszy\u0142y w og\u00f3le ich wst\u0105pieniu do seminarium lub do zakonu; aby w swojej pos\u0142udze <b>dawali jasne i odwa\u017cne \u015bwiadectwo wiary<\/b> i aby nauczali <b>zdrowych zasad, <\/b>zdrowej nauki katolickiej, a nie ulegali r\u00f3\u017cnym pr\u0105dom i modom, kt\u00f3rych obecnie niestety nie brakuje w Ko\u015bciele. <\/span><\/span><\/span><\/p>\n<p align=\"justify\"><span style=\"color: #000000;\"><span style=\"font-family: Book Antiqua, serif;\"><span style=\"font-size: large;\">A do tego, \u017ceby si\u0119 <b>kierowali moc\u0105 i mi\u0142o\u015bci\u0105 Bo\u017c\u0105<\/b> \u2013 i ludzkim, <b>trze\u017awym, zdroworozs\u0105dkowym my\u015bleniem. <\/b>Jak\u017ce by to by\u0142o dobrze, moi Drodzy, gdyby tak si\u0119 dzia\u0142o \u2013 i do tego d\u0105\u017cymy, o to si\u0119 staramy, tego chcemy. <b>O to si\u0119 dla wszystkich powo\u0142anych modlimy i tego im \u017cyczymy. <\/b><\/span><\/span><\/span><\/p>\n<p align=\"justify\"><span style=\"color: #000000;\"><span style=\"font-family: Book Antiqua, serif;\"><span style=\"font-size: large;\">Ale poniewa\u017c to S\u0142owo odczytywane jest dzisiaj, na Mszy \u015awi\u0119tej, w kt\u00f3rej <b>my wszyscy uczestniczymy<\/b> \u2013 a nie tylko osoby duchowne, czy zakonne \u2013 to znaczy, \u017ce jest ono <b>skierowane nie tylko do nich, ale i do nas wszystkich.<\/b> Owszem, warto je odczyta\u0107 i rozwa\u017cy\u0107 na rekolekcjach dla os\u00f3b duchownych \u2013 i one odnios\u0105 je do siebie <b>w spos\u00f3b im w\u0142a\u015bciwy, <\/b>a my dzisiaj odczytujemy je i rozwa\u017camy na tej Mszy \u015awi\u0119tej i chcemy je<b> zrozumie\u0107 w spos\u00f3b nam w\u0142a\u015bciwy. <\/b><\/span><\/span><\/span><\/p>\n<p align=\"justify\"><span style=\"color: #000000;\"><span style=\"font-family: Book Antiqua, serif;\"><span style=\"font-size: large;\">A skoro tak, to odnosimy do siebie wezwanie Paw\u0142a, aby\u015bmy i my <b>odnowili w sobie nasz charyzmat \u2013 charyzmat chrze\u015bcijanina,<\/b> otrzymany na Chrzcie \u015awi\u0119tym, na kt\u00f3rym opr\u00f3cz polania g\u0142owy wod\u0105 chrzcieln\u0105, <b>jest te\u017c w\u0142o\u017cenie r\u0119ki na g\u0142ow\u0119 chrzczonej osoby.<\/b> To je\u015bli idzie o \u015bcis\u0142o\u015b\u0107, \u017ceby trzyma\u0107 si\u0119 s\u0142\u00f3w Aposto\u0142a. My tak\u017ce jeste\u015bmy w jaki\u015b spos\u00f3b <b>wy\u015bwi\u0119ceni \u2013 wy\u015bwi\u0119ceni na chrze\u015bcijan! <\/b><\/span><\/span><\/span><\/p>\n<p align=\"justify\"><span style=\"color: #000000;\"><span style=\"font-family: Book Antiqua, serif;\"><span style=\"font-size: large;\">I te\u017c mamy ci\u0105gle powraca\u0107 <b>do tej pierwotnej chrze\u015bcija\u0144skiej gorliwo\u015bci <\/b>\u2013 do tej szczerej i prostolinijnej gorliwo\u015bci dziecka \u2013 rozpalaj\u0105c wci\u0105\u017c na nowo zapa\u0142 <b>do wyznawania wiary i do odwa\u017cnego \u015bwiadczenia o niej.<\/b> I my te\u017c mamy trzyma\u0107 si\u0119 <b>zdrowej, chrze\u015bcija\u0144skiej nauki,<\/b> mamy by\u0107 <b>wierni Pismu \u015awi\u0119temu i Tradycji Ko\u015bcio\u0142a,<\/b> nie wstydz\u0105c si\u0119 przed nikim<b> <\/b>tego,<b> <\/b>\u017ce jeste\u015bmy katolikami, jeste\u015bmy wyznawcami, uczniami i przyjaci\u00f3\u0142mi Jezusa Chrystusa. <\/span><\/span><\/span><\/p>\n<p align=\"justify\"><span style=\"color: #000000;\"><span style=\"font-family: Book Antiqua, serif;\"><span style=\"font-size: large;\">Mamy \u015bmia\u0142o i\u015b\u0107 do przodu, robi\u0107 swoje, nie zra\u017ca\u0107 si\u0119 trudno\u015bciami, ani ludzkimi komentarzami. Nie mo\u017cemy si\u0119 ba\u0107 nikogo i niczego,<i> <\/i><i><b>a<\/b><\/i><i><b>lbowiem nie da\u0142 nam B\u00f3g ducha boja\u017ani, ale mocy i mi\u0142o\u015bci, i trze\u017awego my\u015blenia.<\/b><\/i><b> <\/b><\/span><\/span><\/span><\/p>\n<p align=\"justify\"><span style=\"color: #000000;\"><span style=\"font-family: Book Antiqua, serif;\"><span style=\"font-size: large;\">Przypominam raz jeszcze te s\u0142owa Aposto\u0142a, bo ci\u0105gle jeszcze \u2013 po dwudziestu czterech latach \u2013 <b>brzmi\u0105 one w moich uszach i w moim sercu <\/b>po tym, jak w trakcie homilii, na mojej Mszy \u015awi\u0119tej prymicyjnej, wypowiedzia\u0142 je <b>z niesamowit\u0105 moc\u0105 Ksi\u0105dz Profesor Krzysztof Burczak<\/b> \u2013 niegdy\u015b Opiekun naszego Grona ministranckiego, a obecnie Profesor KUL. Dos\u0142ownie dreszcze mnie do dzi\u015b przechodz\u0105, jak przypomn\u0119 sobie spos\u00f3b, w jaki On te s\u0142owa wtedy wypowiedzia\u0142. Ale dzi\u0119ki temu <b>zosta\u0142y one we mnie do dzi\u015b i s\u0105 wyznacznikiem<\/b> \u2013 przynajmniej chcia\u0142bym, \u017ceby by\u0142y \u2013 kierunku mojej kap\u0142a\u0144skiej pos\u0142ugi. <\/span><\/span><\/span><\/p>\n<p align=\"justify\"><span style=\"color: #000000;\"><span style=\"font-family: Book Antiqua, serif;\"><span style=\"font-size: large;\">Te s\u0142owa dzisiaj dedykuj\u0119 Wam, moi Drodzy, z serdeczn\u0105 zach\u0119t\u0105, <b>aby\u015bmy si\u0119 wszyscy ich trzymali<\/b> i w swoim chrze\u015bcija\u0144skim \u017cyciu codziennie realizowali. Owszem, <b>nie brakuje z\u0142a i zamieszania<\/b> w naszym otoczeniu, w naszej Ojczy\u017anie i w s\u0105siedztwie naszej Ojczyzny; <b>nie brakuje z\u0142a i zamieszania<\/b> na ca\u0142ym \u015bwiecie. Niestety, nie brakuje go <b>tak\u017ce i w Ko\u015bciele. <\/b><\/span><\/span><\/span><\/p>\n<p align=\"justify\"><span style=\"color: #000000;\"><span style=\"font-family: Book Antiqua, serif;\"><span style=\"font-size: large;\">I mo\u017ce nieraz tak, jak Prorok Habakuk, <b>narzekamy na nie.<\/b> Ale je\u015bli tak, to musimy sobie wzi\u0105\u0107 do serca te s\u0142owa, jakie B\u00f3g w\u00f3wczas do niego skierowa\u0142. A prosz\u0105c wraz z Aposto\u0142ami, <b>aby nam <\/b><b>Pan <\/b><b>przymno\u017cy\u0142 wiary <\/b>i przypominaj\u0105c sobie, \u017ce<b> jeste\u015bmy s\u0142ugami nieu\u017cytecznymi, <\/b>ale ufaj\u0105cymi Bogu i wspieraj\u0105cymi si\u0119 Nim w ka\u017cdym momencie, <b>starajmy si\u0119 zachowa\u0107 po prostu zdrowy rozs\u0105dek i trze\u017awe my\u015blenie.<\/b> <\/span><\/span><\/span><\/p>\n<p align=\"justify\"><span style=\"color: #000000;\"><span style=\"font-family: Book Antiqua, serif;\"><span style=\"font-size: large;\">Z po\u0142\u0105czenia tego wszystkiego, moi Drodzy, wyjdzie <b>taka wewn\u0119trzna moc, si\u0142a, optymizm, wiara i mi\u0142o\u015b\u0107, rado\u015b\u0107 i nadzieja,<\/b> \u017ce \u017cadne z\u0142o \u015bwiata, cho\u0107by nie wiadomo, jak wielkie, nic nam po prostu nie zrobi! Absolutnie nic! Dlaczego? <\/span><\/span><\/span><\/p>\n<p align=\"justify\"><span style=\"color: #000000;\"><span style=\"font-family: Book Antiqua, serif;\"><span style=\"font-size: large;\">Bo jeste\u015bmy w mocy samego Boga. A On <i><b>nie da\u0142 nam<\/b><\/i><b> <\/b><b>[\u2026]<\/b><b> <\/b><i><b>ducha boja\u017ani, ale mocy i mi\u0142o\u015bci, i trze\u017awego my\u015blenia!<\/b><\/i><\/span><\/span><\/span><\/p>\n","protected":false},"excerpt":{"rendered":"<p>Niech b\u0119dzie pochwalony Jezus Chrystus! Moi Drodzy, do grona Solenizant\u00f3w, kt\u00f3rym patronuj\u0105 \u015awi\u0119ci Archanio\u0142owie, chcia\u0142bym do\u0142\u0105czy\u0107 jeszcze kilka Os\u00f3b. S\u0105 to: \u25baOjciec Rafa\u0142 Chilimoniuk \u2013 Oblat, Ekonom Klasztoru w Kodniu; \u25baMicha\u0142 Jaroniec \u2013 w swoim czasie: Lektor w Parafii w Radory\u017cu Ko\u015bcielnym. W pi\u0105tek natomiast imieniny prze\u017cywa\u0142 Grzegorz B\u0142achnio, za moich czas\u00f3w \u2013 Wiceprezes S\u0142u\u017cby [&hellip;]<\/p>\n","protected":false},"author":1,"featured_media":0,"comment_status":"open","ping_status":"open","sticky":false,"template":"","format":"standard","meta":{"jetpack_post_was_ever_published":false,"_jetpack_newsletter_access":"","_jetpack_dont_email_post_to_subs":false,"_jetpack_newsletter_tier_id":0,"_jetpack_memberships_contains_paywalled_content":false,"_jetpack_memberships_contains_paid_content":false,"footnotes":""},"categories":[1],"tags":[],"class_list":["post-21024","post","type-post","status-publish","format-standard","hentry","category-bez-kategorii"],"yoast_head":"<!-- This site is optimized with the Yoast SEO plugin v25.1 - https:\/\/yoast.com\/wordpress\/plugins\/seo\/ -->\n<title>Duch mocy i mi\u0142o\u015bci - i trze\u017awego my\u015blenia! - Gaudium Et Spes<\/title>\n<meta name=\"robots\" content=\"index, follow, max-snippet:-1, max-image-preview:large, max-video-preview:-1\" \/>\n<link rel=\"canonical\" href=\"https:\/\/gaudiumetspes-blog.pl\/index.php\/2022\/10\/02\/duch-mocy-i-milosci-i-trzezwego-myslenia-2\/\" \/>\n<meta property=\"og:locale\" content=\"pl_PL\" \/>\n<meta property=\"og:type\" content=\"article\" \/>\n<meta property=\"og:title\" content=\"Duch mocy i mi\u0142o\u015bci - i trze\u017awego my\u015blenia! - Gaudium Et Spes\" \/>\n<meta property=\"og:description\" content=\"Niech b\u0119dzie pochwalony Jezus Chrystus! Moi Drodzy, do grona Solenizant\u00f3w, kt\u00f3rym patronuj\u0105 \u015awi\u0119ci Archanio\u0142owie, chcia\u0142bym do\u0142\u0105czy\u0107 jeszcze kilka Os\u00f3b. S\u0105 to: \u25baOjciec Rafa\u0142 Chilimoniuk \u2013 Oblat, Ekonom Klasztoru w Kodniu; \u25baMicha\u0142 Jaroniec \u2013 w swoim czasie: Lektor w Parafii w Radory\u017cu Ko\u015bcielnym. W pi\u0105tek natomiast imieniny prze\u017cywa\u0142 Grzegorz B\u0142achnio, za moich czas\u00f3w \u2013 Wiceprezes S\u0142u\u017cby [&hellip;]\" \/>\n<meta property=\"og:url\" content=\"https:\/\/gaudiumetspes-blog.pl\/index.php\/2022\/10\/02\/duch-mocy-i-milosci-i-trzezwego-myslenia-2\/\" \/>\n<meta property=\"og:site_name\" content=\"Gaudium Et Spes\" \/>\n<meta property=\"article:published_time\" content=\"2022-10-02T04:20:46+00:00\" \/>\n<meta name=\"author\" content=\"Ks. Jacek\" \/>\n<meta name=\"twitter:card\" content=\"summary_large_image\" \/>\n<meta name=\"twitter:label1\" content=\"Napisane przez\" \/>\n\t<meta name=\"twitter:data1\" content=\"Ks. Jacek\" \/>\n\t<meta name=\"twitter:label2\" content=\"Szacowany czas czytania\" \/>\n\t<meta name=\"twitter:data2\" content=\"16 minut\" \/>\n<script type=\"application\/ld+json\" class=\"yoast-schema-graph\">{\"@context\":\"https:\/\/schema.org\",\"@graph\":[{\"@type\":\"WebPage\",\"@id\":\"https:\/\/gaudiumetspes-blog.pl\/index.php\/2022\/10\/02\/duch-mocy-i-milosci-i-trzezwego-myslenia-2\/\",\"url\":\"https:\/\/gaudiumetspes-blog.pl\/index.php\/2022\/10\/02\/duch-mocy-i-milosci-i-trzezwego-myslenia-2\/\",\"name\":\"Duch mocy i mi\u0142o\u015bci - i trze\u017awego my\u015blenia! - Gaudium Et Spes\",\"isPartOf\":{\"@id\":\"https:\/\/gaudiumetspes-blog.pl\/#website\"},\"datePublished\":\"2022-10-02T04:20:46+00:00\",\"author\":{\"@id\":\"https:\/\/gaudiumetspes-blog.pl\/#\/schema\/person\/1661982992b752dea8dff0d4ed845a65\"},\"breadcrumb\":{\"@id\":\"https:\/\/gaudiumetspes-blog.pl\/index.php\/2022\/10\/02\/duch-mocy-i-milosci-i-trzezwego-myslenia-2\/#breadcrumb\"},\"inLanguage\":\"pl-PL\",\"potentialAction\":[{\"@type\":\"ReadAction\",\"target\":[\"https:\/\/gaudiumetspes-blog.pl\/index.php\/2022\/10\/02\/duch-mocy-i-milosci-i-trzezwego-myslenia-2\/\"]}]},{\"@type\":\"BreadcrumbList\",\"@id\":\"https:\/\/gaudiumetspes-blog.pl\/index.php\/2022\/10\/02\/duch-mocy-i-milosci-i-trzezwego-myslenia-2\/#breadcrumb\",\"itemListElement\":[{\"@type\":\"ListItem\",\"position\":1,\"name\":\"Strona g\u0142\u00f3wna\",\"item\":\"https:\/\/gaudiumetspes-blog.pl\/\"},{\"@type\":\"ListItem\",\"position\":2,\"name\":\"Duch mocy i&nbsp;mi\u0142o\u015bci &#8211; i&nbsp;trze\u017awego my\u015blenia!\"}]},{\"@type\":\"WebSite\",\"@id\":\"https:\/\/gaudiumetspes-blog.pl\/#website\",\"url\":\"https:\/\/gaudiumetspes-blog.pl\/\",\"name\":\"Gaudium Et Spes\",\"description\":\"Blog Ks. Jacka Ja\u015bkowskiego\",\"potentialAction\":[{\"@type\":\"SearchAction\",\"target\":{\"@type\":\"EntryPoint\",\"urlTemplate\":\"https:\/\/gaudiumetspes-blog.pl\/?s={search_term_string}\"},\"query-input\":{\"@type\":\"PropertyValueSpecification\",\"valueRequired\":true,\"valueName\":\"search_term_string\"}}],\"inLanguage\":\"pl-PL\"},{\"@type\":\"Person\",\"@id\":\"https:\/\/gaudiumetspes-blog.pl\/#\/schema\/person\/1661982992b752dea8dff0d4ed845a65\",\"name\":\"Ks. Jacek\",\"image\":{\"@type\":\"ImageObject\",\"inLanguage\":\"pl-PL\",\"@id\":\"https:\/\/gaudiumetspes-blog.pl\/#\/schema\/person\/image\/\",\"url\":\"https:\/\/gaudiumetspes-blog.pl\/wp-content\/uploads\/2019\/07\/avatar-JJ-150x150.jpg\",\"contentUrl\":\"https:\/\/gaudiumetspes-blog.pl\/wp-content\/uploads\/2019\/07\/avatar-JJ-150x150.jpg\",\"caption\":\"Ks. Jacek\"},\"description\":\"Witam serdecznie! K\u0142ania si\u0119 Ks. Jacek Ja\u015bkowski. Nie jestem ani kim\u015b wa\u017cnym, ani kim\u015b znanym. Jestem ksi\u0119dzem, kt\u00f3ry po prostu chce rozmawia\u0107. Codzienna kap\u0142a\u0144ska pos\u0142uga pokazuje mi, \u017ce temat\u00f3w do rozm\u00f3w z ksi\u0119dzem jest coraz wi\u0119cej i dzisiaj \u017caden ksi\u0105dz nie mo\u017ce od nich ucieka\u0107, ale - wprost przeciwnie - podejmowa\u0107 nowe wyzwania. To przekonanie sk\u0142oni\u0142o mnie do pr\u00f3by otwarcia tego\u017c bloga, chocia\u017c okazji do rozm\u00f3w na co dzie\u0144 - w konfesjonale i poza nim - na szcz\u0119\u015bcie nie brakuje. My\u015bl\u0119 jednak, \u017ce ten blog b\u0119dzie jeszcze jednym sposobem i przestrzeni\u0105 nawi\u0105zania kontaktu z lud\u017ami dobrej woli, otwartymi na dialog.\",\"url\":\"https:\/\/gaudiumetspes-blog.pl\/index.php\/author\/ks-jacek\/\"}]}<\/script>\n<!-- \/ Yoast SEO plugin. -->","yoast_head_json":{"title":"Duch mocy i mi\u0142o\u015bci - i trze\u017awego my\u015blenia! - Gaudium Et Spes","robots":{"index":"index","follow":"follow","max-snippet":"max-snippet:-1","max-image-preview":"max-image-preview:large","max-video-preview":"max-video-preview:-1"},"canonical":"https:\/\/gaudiumetspes-blog.pl\/index.php\/2022\/10\/02\/duch-mocy-i-milosci-i-trzezwego-myslenia-2\/","og_locale":"pl_PL","og_type":"article","og_title":"Duch mocy i mi\u0142o\u015bci - i trze\u017awego my\u015blenia! - Gaudium Et Spes","og_description":"Niech b\u0119dzie pochwalony Jezus Chrystus! Moi Drodzy, do grona Solenizant\u00f3w, kt\u00f3rym patronuj\u0105 \u015awi\u0119ci Archanio\u0142owie, chcia\u0142bym do\u0142\u0105czy\u0107 jeszcze kilka Os\u00f3b. S\u0105 to: \u25baOjciec Rafa\u0142 Chilimoniuk \u2013 Oblat, Ekonom Klasztoru w Kodniu; \u25baMicha\u0142 Jaroniec \u2013 w swoim czasie: Lektor w Parafii w Radory\u017cu Ko\u015bcielnym. W pi\u0105tek natomiast imieniny prze\u017cywa\u0142 Grzegorz B\u0142achnio, za moich czas\u00f3w \u2013 Wiceprezes S\u0142u\u017cby [&hellip;]","og_url":"https:\/\/gaudiumetspes-blog.pl\/index.php\/2022\/10\/02\/duch-mocy-i-milosci-i-trzezwego-myslenia-2\/","og_site_name":"Gaudium Et Spes","article_published_time":"2022-10-02T04:20:46+00:00","author":"Ks. Jacek","twitter_card":"summary_large_image","twitter_misc":{"Napisane przez":"Ks. Jacek","Szacowany czas czytania":"16 minut"},"schema":{"@context":"https:\/\/schema.org","@graph":[{"@type":"WebPage","@id":"https:\/\/gaudiumetspes-blog.pl\/index.php\/2022\/10\/02\/duch-mocy-i-milosci-i-trzezwego-myslenia-2\/","url":"https:\/\/gaudiumetspes-blog.pl\/index.php\/2022\/10\/02\/duch-mocy-i-milosci-i-trzezwego-myslenia-2\/","name":"Duch mocy i mi\u0142o\u015bci - i trze\u017awego my\u015blenia! - Gaudium Et Spes","isPartOf":{"@id":"https:\/\/gaudiumetspes-blog.pl\/#website"},"datePublished":"2022-10-02T04:20:46+00:00","author":{"@id":"https:\/\/gaudiumetspes-blog.pl\/#\/schema\/person\/1661982992b752dea8dff0d4ed845a65"},"breadcrumb":{"@id":"https:\/\/gaudiumetspes-blog.pl\/index.php\/2022\/10\/02\/duch-mocy-i-milosci-i-trzezwego-myslenia-2\/#breadcrumb"},"inLanguage":"pl-PL","potentialAction":[{"@type":"ReadAction","target":["https:\/\/gaudiumetspes-blog.pl\/index.php\/2022\/10\/02\/duch-mocy-i-milosci-i-trzezwego-myslenia-2\/"]}]},{"@type":"BreadcrumbList","@id":"https:\/\/gaudiumetspes-blog.pl\/index.php\/2022\/10\/02\/duch-mocy-i-milosci-i-trzezwego-myslenia-2\/#breadcrumb","itemListElement":[{"@type":"ListItem","position":1,"name":"Strona g\u0142\u00f3wna","item":"https:\/\/gaudiumetspes-blog.pl\/"},{"@type":"ListItem","position":2,"name":"Duch mocy i&nbsp;mi\u0142o\u015bci &#8211; i&nbsp;trze\u017awego my\u015blenia!"}]},{"@type":"WebSite","@id":"https:\/\/gaudiumetspes-blog.pl\/#website","url":"https:\/\/gaudiumetspes-blog.pl\/","name":"Gaudium Et Spes","description":"Blog Ks. Jacka Ja\u015bkowskiego","potentialAction":[{"@type":"SearchAction","target":{"@type":"EntryPoint","urlTemplate":"https:\/\/gaudiumetspes-blog.pl\/?s={search_term_string}"},"query-input":{"@type":"PropertyValueSpecification","valueRequired":true,"valueName":"search_term_string"}}],"inLanguage":"pl-PL"},{"@type":"Person","@id":"https:\/\/gaudiumetspes-blog.pl\/#\/schema\/person\/1661982992b752dea8dff0d4ed845a65","name":"Ks. Jacek","image":{"@type":"ImageObject","inLanguage":"pl-PL","@id":"https:\/\/gaudiumetspes-blog.pl\/#\/schema\/person\/image\/","url":"https:\/\/gaudiumetspes-blog.pl\/wp-content\/uploads\/2019\/07\/avatar-JJ-150x150.jpg","contentUrl":"https:\/\/gaudiumetspes-blog.pl\/wp-content\/uploads\/2019\/07\/avatar-JJ-150x150.jpg","caption":"Ks. Jacek"},"description":"Witam serdecznie! K\u0142ania si\u0119 Ks. Jacek Ja\u015bkowski. Nie jestem ani kim\u015b wa\u017cnym, ani kim\u015b znanym. Jestem ksi\u0119dzem, kt\u00f3ry po prostu chce rozmawia\u0107. Codzienna kap\u0142a\u0144ska pos\u0142uga pokazuje mi, \u017ce temat\u00f3w do rozm\u00f3w z ksi\u0119dzem jest coraz wi\u0119cej i dzisiaj \u017caden ksi\u0105dz nie mo\u017ce od nich ucieka\u0107, ale - wprost przeciwnie - podejmowa\u0107 nowe wyzwania. To przekonanie sk\u0142oni\u0142o mnie do pr\u00f3by otwarcia tego\u017c bloga, chocia\u017c okazji do rozm\u00f3w na co dzie\u0144 - w konfesjonale i poza nim - na szcz\u0119\u015bcie nie brakuje. My\u015bl\u0119 jednak, \u017ce ten blog b\u0119dzie jeszcze jednym sposobem i przestrzeni\u0105 nawi\u0105zania kontaktu z lud\u017ami dobrej woli, otwartymi na dialog.","url":"https:\/\/gaudiumetspes-blog.pl\/index.php\/author\/ks-jacek\/"}]}},"jetpack_featured_media_url":"","jetpack_sharing_enabled":true,"_links":{"self":[{"href":"https:\/\/gaudiumetspes-blog.pl\/index.php\/wp-json\/wp\/v2\/posts\/21024","targetHints":{"allow":["GET"]}}],"collection":[{"href":"https:\/\/gaudiumetspes-blog.pl\/index.php\/wp-json\/wp\/v2\/posts"}],"about":[{"href":"https:\/\/gaudiumetspes-blog.pl\/index.php\/wp-json\/wp\/v2\/types\/post"}],"author":[{"embeddable":true,"href":"https:\/\/gaudiumetspes-blog.pl\/index.php\/wp-json\/wp\/v2\/users\/1"}],"replies":[{"embeddable":true,"href":"https:\/\/gaudiumetspes-blog.pl\/index.php\/wp-json\/wp\/v2\/comments?post=21024"}],"version-history":[{"count":1,"href":"https:\/\/gaudiumetspes-blog.pl\/index.php\/wp-json\/wp\/v2\/posts\/21024\/revisions"}],"predecessor-version":[{"id":21025,"href":"https:\/\/gaudiumetspes-blog.pl\/index.php\/wp-json\/wp\/v2\/posts\/21024\/revisions\/21025"}],"wp:attachment":[{"href":"https:\/\/gaudiumetspes-blog.pl\/index.php\/wp-json\/wp\/v2\/media?parent=21024"}],"wp:term":[{"taxonomy":"category","embeddable":true,"href":"https:\/\/gaudiumetspes-blog.pl\/index.php\/wp-json\/wp\/v2\/categories?post=21024"},{"taxonomy":"post_tag","embeddable":true,"href":"https:\/\/gaudiumetspes-blog.pl\/index.php\/wp-json\/wp\/v2\/tags?post=21024"}],"curies":[{"name":"wp","href":"https:\/\/api.w.org\/{rel}","templated":true}]}}