{"id":21084,"date":"2022-10-28T09:26:36","date_gmt":"2022-10-28T07:26:36","guid":{"rendered":"https:\/\/gaudiumetspes-blog.pl\/?p=21084"},"modified":"2022-10-28T09:34:47","modified_gmt":"2022-10-28T07:34:47","slug":"wierze-w-jeden-swiety-powszechny-i-apostolski-kosciol","status":"publish","type":"post","link":"https:\/\/gaudiumetspes-blog.pl\/index.php\/2022\/10\/28\/wierze-w-jeden-swiety-powszechny-i-apostolski-kosciol\/","title":{"rendered":"Wierz\u0119 w jeden, \u015awi\u0119ty, powszechny i apostolski Ko\u015bci\u00f3\u0142"},"content":{"rendered":"<p>Niech b\u0119dzie pochwalony Jezus Chrystus!<span class=\"Apple-converted-space\">\u00a0<\/span><\/p>\n<p>&nbsp;<\/p>\n<p>Pozdrawiam serdecznie z Syberii, z Surgutu.<span class=\"Apple-converted-space\">\u00a0<\/span><\/p>\n<p>Dzi\u015b \u015bwi\u0119to \u015bw. Aposto\u0142\u00f3w Szymona i Judy Tadeusza.<span class=\"Apple-converted-space\">\u00a0<\/span><\/p>\n<p>Warto podkre\u015bli\u0107, \u017ce jest to \u015bwi\u0119to patronalne diecezji siedleckiej, a wi\u0119c naszej rodzinnej diecezji, a teraz diecezji Ks. Jacka. Zapewne wielu czytelnik\u00f3w owego bloga, rownie\u017c jest z tej diecezji. Pozdrawiamy wszystkich diecezjan diecezji siedleckiej w ich \u015bwi\u0119to. A wszyscy przyzywamy wstawiennictwa zw\u0142aszcza Judy Tadeusza, patrona spraw beznadziejnych. Jest co mu powierza\u0107, zw\u0142aszcza spraw\u0119 pokoju.<span class=\"Apple-converted-space\">\u00a0<\/span><\/p>\n<p>Ni\u017cej link do biografii \u015bwi\u0119tych:<span class=\"Apple-converted-space\">\u00a0<\/span><\/p>\n<p><a href=\"https:\/\/brewiarz.pl\/czytelnia\/swieci\/10-28.php3\">https:\/\/brewiarz.pl\/czytelnia\/swieci\/10-28.php3<\/a><\/p>\n<p>&nbsp;<\/p>\n<p>Zapraszam do wsp\u00f3lnego rozmy\u015blania nad S\u0142owem Bo\u017cym. Dzisiejsze rozmy\u015blanie napisa\u0142a i przygotowa\u0142a nasza s. Joanna. Dzi\u0119kujemy jej za to. A ni\u017cej s\u0142\u00f3wko gadane.<span class=\"Apple-converted-space\">\u00a0<\/span><\/p>\n<p>Duchu \u015awi\u0119ty przyjd\u017a i o\u015bwie\u0107 nas!<span class=\"Apple-converted-space\">\u00a0<\/span><\/p>\n<p>&nbsp;<\/p>\n<p><em><strong>(Ef 2, 19-22) <\/strong><\/em><br \/>\n<em><strong>Bracia: Nie jeste\u015bcie ju\u017c obcymi i przychodniami, ale jeste\u015bcie wsp\u00f3\u0142obywatelami \u015bwi\u0119tych i domownikami Boga, zbudo\u00adwani na fundamencie aposto\u0142\u00f3w i prorok\u00f3w, gdzie kamie\u00adniem w\u0119gielnym jest sam Chrystus Jezus. W Nim zespalana ca\u0142a budowla ro\u015bnie na \u015bwi\u0119t\u0105 w Panu \u015bwi\u0105tyni\u0119, w Nim i wy tak\u017ce wznosicie si\u0119 we wsp\u00f3lnym budowaniu, by stanowi\u0107 mieszkanie Boga przez Ducha.<\/strong><\/em><\/p>\n<p>&nbsp;<\/p>\n<p><em><strong>(\u0141k 6, 12-19) <\/strong><\/em><br \/>\n<em><strong>W tym czasie Jezus wyszed\u0142 na g\u00f3r\u0119, aby si\u0119 modli\u0107, i ca\u0142\u0105 noc sp\u0119dzi\u0142 na modlitwie do Boga. Z nastaniem dnia przywo\u0142a\u0142 swoich uczni\u00f3w i wybra\u0142 spo\u015br\u00f3d nich dwunastu, kt\u00f3rych te\u017c nazwa\u0142 aposto\u0142ami: Szymona, kt\u00f3rego nazwa\u0142 Piotrem; i brata jego, Andrzeja; Jakuba i Jana; Filipa i Bart\u0142omieja; Mateusza i Tomasza; Jakuba, syna Alfeusza, i Szymona z przydomkiem Gorliwy; Jud\u0119, syna Jakuba, i Judasza Iskariot\u0119, kt\u00f3ry sta\u0142 si\u0119 zdrajc\u0105. Zeszed\u0142 z nimi na d\u00f3\u0142 i zatrzyma\u0142 si\u0119 na r\u00f3wninie. By\u0142 tam du\u017cy poczet Jego uczni\u00f3w i wielkie mn\u00f3stwo ludu z ca\u0142ej Judei i z Jerozolimy oraz z wybrze\u017ca Tyru i Sydonu; przyszli oni, aby Go s\u0142ucha\u0107 i znale\u017a\u0107 uzdrowienie ze swych chor\u00f3b. Tak\u017ce i ci, kt\u00f3rych dr\u0119czy\u0142y duchy nieczyste, doznawali uzdrowienia. A ca\u0142y t\u0142um stara\u0142 si\u0119 Go dotkn\u0105\u0107, poniewa\u017c moc wychodzi\u0142a od Niego i uzdrawia\u0142a wszystkich.<\/strong><\/em><\/p>\n<p>&nbsp;<\/p>\n<p>Czytaj\u0105c dzisiejsze czytania, ogarnia mnie rado\u015b\u0107 i wdzi\u0119czno\u015b\u0107, \u017ce jestem w Ko\u015bciele Katolickim o czym przypomina \u015bw. Pawe\u0142: &#8222;&#8230; jeste\u015bcie wsp\u00f3\u0142obywatelami \u015bwi\u0119tych i domownikami Boga&#8221;. Jestem cz\u0119\u015bci\u0105 Bo\u017cej budowli, kt\u00f3ra zbudowana jest na fundamencie Aposto\u0142\u00f3w i prorok\u00f3w, gdzie g\u0142owic\u0105 w\u0119g\u0142a jest sam Chrystus Jezus.<\/p>\n<p>Podoba mi si\u0119, por\u00f3wnanie Ko\u015bcio\u0142a do budowli, jest bardzo wymowne.<span class=\"Apple-converted-space\">\u00a0<\/span><\/p>\n<p>Tego lata w czasie wakacji z Bogiem w naszym ko\u015bciele, mieli\u015bmy mi\u0119dzy innymi temat o Ko\u015bciele jako budowli Bo\u017cej. Dzieci rysowa\u0142y cegie\u0142ki i budowa\u0142y z nich ko\u015bci\u00f3\u0142. Na cegie\u0142ce pisali swoje imi\u0119, na innych cegie\u0142kach imiona swoich bliskich. Po tej katechezie, dzieci najbardziej zapami\u0119ta\u0142y i prze\u017cywa\u0142y, \u017ce je\u017celi zabra\u0107 chocia\u017cby jedn\u0105 cegie\u0142k\u0119 to budowla mo\u017ce run\u0105\u0107. Jest to bardzo niebezpieczne dla ca\u0142ego ko\u015bcio\u0142a. A nawet je\u017celi wytrzyma to od jednej wykruszonej cegie\u0142ki mog\u0105 zacz\u0105\u0107 wykrusza\u0107 si\u0119 inne le\u017c\u0105ce obok. Tak i we wsp\u00f3lnocie chrze\u015bcijan, parafialnej, kiedy kto\u015b odchodzi od Boga, od Ko\u015bcio\u0142a zostaje puste miejsce, kt\u00f3re w tym wypadku jest niezast\u0105pione. Jezus, tak jak i Aposto\u0142\u00f3w zaprosi\u0142 ka\u017cdego z nas do bycia w Jego budowli, co wi\u0119cej by stanowi\u0107 mieszkanie Boga przez Ducha.<\/p>\n<p>Tak\u017ce, w dzisiejszej Ewangelii Jezus daje nam pi\u0119kny przyk\u0142ad relacji z Ojcem i pe\u0142nienia Jego woli. Przed wyborem Aposto\u0142\u00f3w modli\u0142 si\u0119 ca\u0142\u0105 noc. Podkre\u015bla to te\u017c wa\u017cno\u015b\u0107 wyboru i pos\u0142annictwa Aposto\u0142\u00f3w. Zrodzeni w Sercu Boga, maj\u0105 sta\u0107 si\u0119 fundamentem \u017cywego Ko\u015bcio\u0142a, kt\u00f3rego g\u0142ow\u0105 jest Chrystus. Niesamowitym jest te\u017c to, \u017ce B\u00f3g wybra\u0142 ludzi nie wed\u0142ug kryteri\u00f3w tego \u015bwiata (\u017ceby mieli wykszta\u0142cenie, byli znani, popularni, \u0142adnie przemawiaj\u0105cy, bogaci&#8230;) lecz wybra\u0142 tych, kogo chcia\u0142, wed\u0142ug Swego upodobania. I jestem pewna, \u017ce przez dwadzie\u015bcia wiek\u00f3w, i dzi\u015b, Jezus wybiera i powo\u0142uje wed\u0142ug Bo\u017cej woli, niezale\u017cnie od krucho\u015bci cz\u0142owieka.<\/p>\n<p>Mo\u017cemy zada\u0107 sobie pytanie, jak ja dzi\u015b patrz\u0119 na nast\u0119pc\u00f3w Aposto\u0142\u00f3w &#8211; Ojca \u015awi\u0119tego, biskup\u00f3w, kap\u0142an\u00f3w? Czy w pierwszej kolejno\u015bci dostrzegam Bo\u017c\u0105 inicjatyw\u0119 i powo\u0142anie konkretnego duchownego?<\/p>\n<p>\u015aw. \u0141ukasz opisuj\u0105c powo\u0142anie Aposto\u0142\u00f3w nie pisze, \u017ce od razu wszyscy ludzie zacz\u0119li gratulowa\u0107 Aposto\u0142om, lub krytykowa\u0107, jak kto\u015b taki czy owaki m\u00f3g\u0142 zosta\u0107 aposto\u0142em, lecz kieruje obecnych ludzi do Jezusa. To Jezus nadal jest w centrum, Jego S\u0142owo, Jego obecno\u015b\u0107, Jego mi\u0142o\u015b\u0107, Jego moc, kt\u00f3ra uzdrawia i wyzwala. I tu rodzi si\u0119 pytanie. Czym dla mnie jest Ko\u015bci\u00f3\u0142, czego i kogo w nim szukam? Czy przychodz\u0119 do Jezusa, aby Go s\u0142ucha\u0107 i znale\u017a\u0107 uzdrowienie ze swych chor\u00f3b&#8230;? Czy pragn\u0119, staram si\u0119 Go dotkn\u0105\u0107 w Eucharystii, w Sakramentach \u015awi\u0119tych, w S\u0142owie, poniewa\u017c moc wychodzi\u0142a od Niego? Kim dla mnie s\u0105 nast\u0119pcy Aposto\u0142\u00f3w w obecnym czasie, jaki mam stosunek do hierarchii Ko\u015bcio\u0142a i czy modl\u0119 si\u0119 za nich?<\/p>\n<p>Mo\u017ce warto dzi\u015b przypomnie\u0107 sobie co znacz\u0105 s\u0142owa, kt\u00f3re wymawiamy w ka\u017cd\u0105 niedziel\u0119: \u201eWierz\u0119 w jeden, \u015awi\u0119ty, powszechny i apostolski Ko\u015bci\u00f3\u0142\u201d.<span class=\"Apple-converted-space\">\u00a0<\/span><\/p>\n<p>Niech pomoc\u0105 pos\u0142u\u017c\u0105 nam tre\u015bci z Katechizmu Ko\u015bcio\u0142a Katolickiego. Niech dzisiaj z naszych serc p\u0142ynie pie\u015b\u0144 uwielbienia i dzi\u0119kczynienia, \u017ce jeste\u015bmy w Bo\u017cym Ko\u015bciele zbudowanym na fundamencie Aposto\u0142\u00f3w.<\/p>\n<p><em><strong>Z Katechizmu Ko\u015bcio\u0142a Katolickiego:<\/strong><\/em><\/p>\n<p>IV. Ko\u015bci\u00f3\u0142 jest apostolski<\/p>\n<p><b>857<\/b>\u00a0Ko\u015bci\u00f3\u0142 jest apostolski, poniewa\u017c jest zbudowany na Aposto\u0142ach. Jest on apostolski w potr\u00f3jnym znaczeniu:<br \/>\n&#8211; by\u0142 i pozostaje oparty na &#8222;fundamencie Aposto\u0142\u00f3w&#8221; (Ef 2, 20; Ap 21, 14), \u015bwiadk\u00f3w wybranych i pos\u0142anych przez samego Chrystusa;<br \/>\n&#8211; zachowuje i przekazuje, z pomoc\u0105 Ducha \u015awi\u0119tego, kt\u00f3ry w nim mieszka, nauczanie, dobry depozyt i zdrowe zasady us\u0142yszane od Aposto\u0142\u00f3w.<br \/>\n&#8211; w dalszym ci\u0105gu &#8211; a\u017c do powrotu Chrystusa &#8211; jest nauczany, u\u015bwi\u0119cany i prowadzony przez Aposto\u0142\u00f3w dzi\u0119ki tym, kt\u00f3rzy s\u0105 ich nast\u0119pcami w misji pasterskiej, to znaczy Kolegium Biskup\u00f3w; s\u0105 w tym wspomagani &#8222;przez kap\u0142an\u00f3w&#8221; w jedno\u015bci &#8222;z nast\u0119pc\u0105 Piotra, Najwy\u017cszym Pasterzem Ko\u015bcio\u0142a&#8221;.<\/p>\n<p>Ty bowiem, wiekuisty Pasterzu, nie opuszczasz swojej owczarni, lecz przez \u015bwi\u0119tych Aposto\u0142\u00f3w otaczasz j\u0105 nieustann\u0105 opiek\u0105, aby kierowali ni\u0105 ci zwierzchnicy, kt\u00f3rym jako namiestnikom swojego Syna zleci\u0142e\u015b w\u0142adz\u0119 pastersk\u0105.<\/p>\n<p>Pos\u0142anie Aposto\u0142\u00f3w<\/p>\n<p><b>858<\/b>\u00a0Jezus jest Pos\u0142anym Ojca. Na pocz\u0105tku swojego pos\u0142ania &#8222;przywo\u0142a\u0142 do siebie tych, kt\u00f3rych sam chcia\u0142&#8230; i ustanowi\u0142 Dwunastu, aby Mu towarzyszyli, by m\u00f3g\u0142 wysy\u0142a\u0107 ich na g\u0142oszenie nauki&#8221; (Mk 3,13-14). Od tej chwili b\u0119d\u0105 oni &#8222;pos\u0142ani&#8221; (takie jest znaczenie greckiego s\u0142owa\u00a0<i>apostoloi<\/i>). Jezus kontynuuje w nich swoje w\u0142asne pos\u0142anie: &#8222;Jak Ojciec Mnie pos\u0142a\u0142, tak i Ja was posy\u0142am&#8221; (J 20, 21). Ich pos\u0142anie jest wi\u0119c kontynuacj\u0105 Jego pos\u0142ania: &#8222;Kto was przyjmuje, Mnie przyjmuje&#8221; &#8211; m\u00f3wi Jezus do Dwunastu (Mt 10, 40).<\/p>\n<p><b>859<\/b>\u00a0Jezus w\u0142\u0105cza Aposto\u0142\u00f3w do swego pos\u0142ania otrzymanego od Ojca: jak &#8222;Syn nie m\u00f3g\u0142by niczego czyni\u0107 sam z siebie&#8221; (J 5, 19. 30), ale otrzymuje wszystko od Ojca, kt\u00f3ry Go pos\u0142a\u0142, tak ci, kt\u00f3rych Jezus posy\u0142a, nie mog\u0105 nic uczyni\u0107 bez Niego, od kt\u00f3rego otrzymali nakaz misyjny i moc do jego wype\u0142nienia. Aposto\u0142owie Chrystusa wiedz\u0105 wi\u0119c, \u017ce s\u0105 uznani przez Boga za &#8222;s\u0142ugi Nowego Przymierza&#8221; (2 Kor 3, 6) i &#8222;s\u0142ugi Boga&#8221; (2 Kor 6, 4), \u017ce w imieniu Chrystusa &#8222;spe\u0142niaj\u0105 pos\u0142annictwo&#8221; (2 Kor 5, 20) i s\u0105 &#8222;s\u0142ugami Chrystusa i szafarzami tajemnic Bo\u017cych&#8221; (1 Kor 4, 1).<\/p>\n<p><b>860<\/b>\u00a0W misji Aposto\u0142\u00f3w jest pewien element nieprzekazywalny: s\u0105 oni wybranymi \u015bwiadkami Zmartwychwstania i fundamentami Ko\u015bcio\u0142a. Jest jednak tak\u017ce pewien element sta\u0142y ich misji. Chrystus obieca\u0142 im, \u017ce pozostanie<i>\u00a0z nimi<\/i>\u00a0a\u017c do sko\u0144czenia \u015bwiata. &#8222;Boskie pos\u0142annictwo, powierzone przez Chrystusa Aposto\u0142om, trwa\u0107 b\u0119dzie do ko\u0144ca wiek\u00f3w, poniewa\u017c Ewangelia, kt\u00f3r\u0105 maj\u0105 przekazywa\u0107, jest dla Ko\u015bcio\u0142a po wszystkie czasy \u017ar\u00f3d\u0142em ca\u0142ego jego \u017cycia. Dlatego&#8230; Aposto\u0142owie&#8230; zatroszczyli si\u0119 o to, by ustanowi\u0107 swych nast\u0119pc\u00f3w&#8221;.<\/p>\n<p>Biskupi &#8211; nast\u0119pcy Aposto\u0142\u00f3w<\/p>\n<p><b>861<\/b>\u00a0&#8222;Aby powierzona im misja by\u0142a kontynuowana po ich \u015bmierci, bezpo\u015brednim swoim wsp\u00f3\u0142pracownikom przekazali, jak w testamencie, zadanie prowadzenia dalej i umacniania rozpocz\u0119tego przez siebie dzie\u0142a, zalecaj\u0105c im czuwanie nad ca\u0142\u0105 trzod\u0105, w kt\u00f3rej Duch \u015awi\u0119ty ich umie\u015bci\u0142, aby byli pasterzami Ko\u015bcio\u0142a Bo\u017cego. Ustanowili wi\u0119c takich m\u0119\u017c\u00f3w, a nast\u0119pnie zarz\u0105dzili, aby gdy tamci umr\u0105, pos\u0142ugiwanie ich przej\u0119li inni do\u015bwiadczeni m\u0119\u017cowie&#8221;.<\/p>\n<p><b>862<\/b>\u00a0&#8222;Jak wi\u0119c trwa misja (<i>munus<\/i>) powierzona przez Pana indywidualnie Piotrowi, pierwszemu z Aposto\u0142\u00f3w, i ma by\u0107 przekazywana jego nast\u0119pcom, tak trwa apostolska misja pasterzowania w Ko\u015bciele, aby by\u0142a nieprzerwanie sprawowana przez \u015bwi\u0119ty stan biskup\u00f3w&#8221;. Dlatego Ko\u015bci\u00f3\u0142 naucza, \u017ce &#8222;biskupi z ustanowienia Bo\u017cego stali si\u0119 nast\u0119pcami Aposto\u0142\u00f3w jako pasterze Ko\u015bcio\u0142a; kto wi\u0119c ich s\u0142ucha, s\u0142ucha Chrystusa, a kto nimi gardzi, gardzi Chrystusem i Tym, kt\u00f3ry pos\u0142a\u0142 Chrystusa&#8221;.<\/p>\n<p>Apostolstwo<\/p>\n<p><b>863<\/b>\u00a0Ca\u0142y Ko\u015bci\u00f3\u0142 jest apostolski, poniewa\u017c pozostaje, przez nast\u0119pc\u00f3w \u015bw. 900 Piotra i Aposto\u0142\u00f3w, w komunii wiary i \u017cycia ze swoim pocz\u0105tkiem. Ca\u0142y Ko\u015bci\u00f3\u0142 jest apostolski, poniewa\u017c jest &#8222;pos\u0142any&#8221; na ca\u0142y \u015bwiat. Wszyscy cz\u0142onkowie Ko\u015bcio\u0142a, cho\u0107 na r\u00f3\u017cne sposoby, uczestnicz\u0105 w tym pos\u0142aniu. &#8222;Powo\u0142anie chrze\u015bcija\u0144skie jest r\u00f3wnie\u017c ze swojej natury powo\u0142aniem do apostolstwa&#8221;. &#8222;Apostolstwem&#8221; nazywa si\u0119 &#8222;wszelk\u0105 dzia\u0142alno\u015b\u0107 Cia\u0142a Mistycznego&#8221;, kt\u00f3ra zmierza do rozszerzenia &#8222;Kr\u00f3lestwa Chrystusa po ca\u0142ej ziemi&#8221;.<\/p>\n<p><b>864<\/b>\u00a0&#8222;Chrystus pos\u0142any przez Ojca jest \u017ar\u00f3d\u0142em i pocz\u0105tkiem ca\u0142ego apostolstwa w Ko\u015bciele&#8221;, jest wi\u0119c oczywiste, \u017ce skuteczno\u015b\u0107 apostolstwa zar\u00f3wno tych, kt\u00f3rzy zostali wy\u015bwi\u0119ceni, jak i \u015bwieckich, zale\u017cy od ich \u017cywego zjednoczenia z Chrystusem. Stosownie do powo\u0142a\u0144, wymaga\u0144 czas\u00f3w i dar\u00f3w Ducha \u015awi\u0119tego apostolstwo przyjmuje bardzo zr\u00f3\u017cnicowane formy. Zawsze jednak mi\u0142o\u015b\u0107, czerpana przede wszystkim z Eucharystii, &#8222;jest jakby dusz\u0105 ca\u0142ego apostolstwa&#8221;.<\/p>\n<p><b>865<\/b>\u00a0Ko\u015bci\u00f3\u0142 jest\u00a0<i>jeden, \u015bwi\u0119ty, powszechny i apostolski<\/i>\u00a0w swojej g\u0142\u0119bokiej i ostatecznej to\u017csamo\u015bci, poniewa\u017c ju\u017c w nim istnieje i wype\u0142ni si\u0119 na ko\u0144cu czas\u00f3w &#8222;Kr\u00f3lestwo niebieskie&#8221;, &#8222;Kr\u00f3lestwo Bo\u017ce&#8221;, kt\u00f3re przysz\u0142o w Osobie Chrystusa i wzrasta w spos\u00f3b tajemniczy w sercach tych, kt\u00f3rzy s\u0105 w Niego wszczepieni, a\u017c do jego eschatologicznego ukazania si\u0119 w ca\u0142ej pe\u0142ni. W\u00f3wczas wszyscy ludzie odkupieni przez Niego, uczynieni w Nim &#8222;<i>\u015bwi\u0119tymi<\/i>\u00a0i nieskalanymi przed Jego obliczem w mi\u0142o\u015bci&#8221;, zostan\u0105 zgromadzeni jako jedyny Lud Bo\u017cy, &#8222;Ma\u0142\u017conka Baranka&#8221; (Ap 21, 9), &#8222;Miasto \u015bwi\u0119te&#8230; zst\u0119puj\u0105ce z nieba od Boga, maj\u0105ce chwa\u0142\u0119 Boga&#8221; (Ap 21, 10-11); &#8222;a mur Miasta ma dwana\u015bcie warstw fundamentu, a na nich dwana\u015bcie imion\u00a0<i>dwunastu Aposto\u0142\u00f3w Baranka<\/i>&#8221; (Ap 21, 14).<\/p>\n<p style=\"text-align: right;\"><em>s. Joanna CSA, Surgut<\/em><\/p>\n<p>&nbsp;<\/p>\n<p><iframe loading=\"lazy\" title=\"S\u0142\u00f3wko z Syberii - 28.10.2022 Pl\" width=\"720\" height=\"405\" src=\"https:\/\/www.youtube.com\/embed\/gd9YihLtjaM?feature=oembed\" frameborder=\"0\" allow=\"accelerometer; autoplay; clipboard-write; encrypted-media; gyroscope; picture-in-picture\" allowfullscreen><\/iframe><\/p>\n<p>&nbsp;<\/p>\n<p><img loading=\"lazy\" decoding=\"async\" class=\"size-medium wp-image-21087 alignleft\" src=\"https:\/\/gaudiumetspes-blog.pl\/wp-content\/uploads\/2022\/10\/18749a87-dfd4-48ec-a3b3-f5b82a2fcabd-300x225.jpg\" alt=\"\" width=\"300\" height=\"225\" srcset=\"https:\/\/gaudiumetspes-blog.pl\/wp-content\/uploads\/2022\/10\/18749a87-dfd4-48ec-a3b3-f5b82a2fcabd-300x225.jpg 300w, https:\/\/gaudiumetspes-blog.pl\/wp-content\/uploads\/2022\/10\/18749a87-dfd4-48ec-a3b3-f5b82a2fcabd-1024x768.jpg 1024w, https:\/\/gaudiumetspes-blog.pl\/wp-content\/uploads\/2022\/10\/18749a87-dfd4-48ec-a3b3-f5b82a2fcabd-768x576.jpg 768w, https:\/\/gaudiumetspes-blog.pl\/wp-content\/uploads\/2022\/10\/18749a87-dfd4-48ec-a3b3-f5b82a2fcabd-720x540.jpg 720w, https:\/\/gaudiumetspes-blog.pl\/wp-content\/uploads\/2022\/10\/18749a87-dfd4-48ec-a3b3-f5b82a2fcabd-580x435.jpg 580w, https:\/\/gaudiumetspes-blog.pl\/wp-content\/uploads\/2022\/10\/18749a87-dfd4-48ec-a3b3-f5b82a2fcabd-320x240.jpg 320w, https:\/\/gaudiumetspes-blog.pl\/wp-content\/uploads\/2022\/10\/18749a87-dfd4-48ec-a3b3-f5b82a2fcabd.jpg 1280w\" sizes=\"auto, (max-width: 300px) 100vw, 300px\" \/> <img loading=\"lazy\" decoding=\"async\" class=\"alignnone size-medium wp-image-21088\" src=\"https:\/\/gaudiumetspes-blog.pl\/wp-content\/uploads\/2022\/10\/IMG_2049-300x195.jpeg\" alt=\"\" width=\"300\" height=\"195\" srcset=\"https:\/\/gaudiumetspes-blog.pl\/wp-content\/uploads\/2022\/10\/IMG_2049-300x195.jpeg 300w, https:\/\/gaudiumetspes-blog.pl\/wp-content\/uploads\/2022\/10\/IMG_2049-1024x667.jpeg 1024w, https:\/\/gaudiumetspes-blog.pl\/wp-content\/uploads\/2022\/10\/IMG_2049-768x500.jpeg 768w, https:\/\/gaudiumetspes-blog.pl\/wp-content\/uploads\/2022\/10\/IMG_2049-1536x1000.jpeg 1536w, https:\/\/gaudiumetspes-blog.pl\/wp-content\/uploads\/2022\/10\/IMG_2049-2048x1333.jpeg 2048w, https:\/\/gaudiumetspes-blog.pl\/wp-content\/uploads\/2022\/10\/IMG_2049-1920x1250.jpeg 1920w, https:\/\/gaudiumetspes-blog.pl\/wp-content\/uploads\/2022\/10\/IMG_2049-720x469.jpeg 720w, https:\/\/gaudiumetspes-blog.pl\/wp-content\/uploads\/2022\/10\/IMG_2049-580x378.jpeg 580w, https:\/\/gaudiumetspes-blog.pl\/wp-content\/uploads\/2022\/10\/IMG_2049-320x208.jpeg 320w\" sizes=\"auto, (max-width: 300px) 100vw, 300px\" \/> <img loading=\"lazy\" decoding=\"async\" class=\"size-medium wp-image-21089 alignright\" src=\"https:\/\/gaudiumetspes-blog.pl\/wp-content\/uploads\/2022\/10\/IMG_2052-300x169.png\" alt=\"\" width=\"300\" height=\"169\" srcset=\"https:\/\/gaudiumetspes-blog.pl\/wp-content\/uploads\/2022\/10\/IMG_2052-300x169.png 300w, https:\/\/gaudiumetspes-blog.pl\/wp-content\/uploads\/2022\/10\/IMG_2052-1024x576.png 1024w, https:\/\/gaudiumetspes-blog.pl\/wp-content\/uploads\/2022\/10\/IMG_2052-768x432.png 768w, https:\/\/gaudiumetspes-blog.pl\/wp-content\/uploads\/2022\/10\/IMG_2052-720x405.png 720w, https:\/\/gaudiumetspes-blog.pl\/wp-content\/uploads\/2022\/10\/IMG_2052-580x326.png 580w, https:\/\/gaudiumetspes-blog.pl\/wp-content\/uploads\/2022\/10\/IMG_2052-320x180.png 320w, https:\/\/gaudiumetspes-blog.pl\/wp-content\/uploads\/2022\/10\/IMG_2052.png 1334w\" sizes=\"auto, (max-width: 300px) 100vw, 300px\" \/><\/p>\n","protected":false},"excerpt":{"rendered":"<p>Niech b\u0119dzie pochwalony Jezus Chrystus!\u00a0 &nbsp; Pozdrawiam serdecznie z Syberii, z Surgutu.\u00a0 Dzi\u015b \u015bwi\u0119to \u015bw. Aposto\u0142\u00f3w Szymona i Judy Tadeusza.\u00a0 Warto podkre\u015bli\u0107, \u017ce jest to \u015bwi\u0119to patronalne diecezji siedleckiej, a wi\u0119c naszej rodzinnej diecezji, a teraz diecezji Ks. Jacka. Zapewne wielu czytelnik\u00f3w owego bloga, rownie\u017c jest z tej diecezji. Pozdrawiamy wszystkich diecezjan diecezji siedleckiej w [&hellip;]<\/p>\n","protected":false},"author":3,"featured_media":0,"comment_status":"open","ping_status":"open","sticky":false,"template":"","format":"standard","meta":{"jetpack_post_was_ever_published":false,"_jetpack_newsletter_access":"","_jetpack_dont_email_post_to_subs":false,"_jetpack_newsletter_tier_id":0,"_jetpack_memberships_contains_paywalled_content":false,"_jetpack_memberships_contains_paid_content":false,"footnotes":""},"categories":[1],"tags":[],"class_list":["post-21084","post","type-post","status-publish","format-standard","hentry","category-bez-kategorii"],"yoast_head":"<!-- This site is optimized with the Yoast SEO plugin v25.1 - https:\/\/yoast.com\/wordpress\/plugins\/seo\/ -->\n<title>Wierz\u0119 w jeden, \u015awi\u0119ty, powszechny i apostolski Ko\u015bci\u00f3\u0142 - Gaudium Et Spes<\/title>\n<meta name=\"robots\" content=\"index, follow, max-snippet:-1, max-image-preview:large, max-video-preview:-1\" \/>\n<link rel=\"canonical\" href=\"https:\/\/gaudiumetspes-blog.pl\/index.php\/2022\/10\/28\/wierze-w-jeden-swiety-powszechny-i-apostolski-kosciol\/\" \/>\n<meta property=\"og:locale\" content=\"pl_PL\" \/>\n<meta property=\"og:type\" content=\"article\" \/>\n<meta property=\"og:title\" content=\"Wierz\u0119 w jeden, \u015awi\u0119ty, powszechny i apostolski Ko\u015bci\u00f3\u0142 - Gaudium Et Spes\" \/>\n<meta property=\"og:description\" content=\"Niech b\u0119dzie pochwalony Jezus Chrystus!\u00a0 &nbsp; Pozdrawiam serdecznie z Syberii, z Surgutu.\u00a0 Dzi\u015b \u015bwi\u0119to \u015bw. Aposto\u0142\u00f3w Szymona i Judy Tadeusza.\u00a0 Warto podkre\u015bli\u0107, \u017ce jest to \u015bwi\u0119to patronalne diecezji siedleckiej, a wi\u0119c naszej rodzinnej diecezji, a teraz diecezji Ks. Jacka. Zapewne wielu czytelnik\u00f3w owego bloga, rownie\u017c jest z tej diecezji. Pozdrawiamy wszystkich diecezjan diecezji siedleckiej w [&hellip;]\" \/>\n<meta property=\"og:url\" content=\"https:\/\/gaudiumetspes-blog.pl\/index.php\/2022\/10\/28\/wierze-w-jeden-swiety-powszechny-i-apostolski-kosciol\/\" \/>\n<meta property=\"og:site_name\" content=\"Gaudium Et Spes\" \/>\n<meta property=\"article:published_time\" content=\"2022-10-28T07:26:36+00:00\" \/>\n<meta property=\"article:modified_time\" content=\"2022-10-28T07:34:47+00:00\" \/>\n<meta property=\"og:image\" content=\"https:\/\/gaudiumetspes-blog.pl\/wp-content\/uploads\/2022\/10\/18749a87-dfd4-48ec-a3b3-f5b82a2fcabd-300x225.jpg\" \/>\n<meta name=\"author\" content=\"Ks. Marek\" \/>\n<meta name=\"twitter:card\" content=\"summary_large_image\" \/>\n<meta name=\"twitter:label1\" content=\"Napisane przez\" \/>\n\t<meta name=\"twitter:data1\" content=\"Ks. Marek\" \/>\n\t<meta name=\"twitter:label2\" content=\"Szacowany czas czytania\" \/>\n\t<meta name=\"twitter:data2\" content=\"10 minut\" \/>\n<script type=\"application\/ld+json\" class=\"yoast-schema-graph\">{\"@context\":\"https:\/\/schema.org\",\"@graph\":[{\"@type\":\"WebPage\",\"@id\":\"https:\/\/gaudiumetspes-blog.pl\/index.php\/2022\/10\/28\/wierze-w-jeden-swiety-powszechny-i-apostolski-kosciol\/\",\"url\":\"https:\/\/gaudiumetspes-blog.pl\/index.php\/2022\/10\/28\/wierze-w-jeden-swiety-powszechny-i-apostolski-kosciol\/\",\"name\":\"Wierz\u0119 w jeden, \u015awi\u0119ty, powszechny i apostolski Ko\u015bci\u00f3\u0142 - Gaudium Et Spes\",\"isPartOf\":{\"@id\":\"https:\/\/gaudiumetspes-blog.pl\/#website\"},\"primaryImageOfPage\":{\"@id\":\"https:\/\/gaudiumetspes-blog.pl\/index.php\/2022\/10\/28\/wierze-w-jeden-swiety-powszechny-i-apostolski-kosciol\/#primaryimage\"},\"image\":{\"@id\":\"https:\/\/gaudiumetspes-blog.pl\/index.php\/2022\/10\/28\/wierze-w-jeden-swiety-powszechny-i-apostolski-kosciol\/#primaryimage\"},\"thumbnailUrl\":\"https:\/\/gaudiumetspes-blog.pl\/wp-content\/uploads\/2022\/10\/18749a87-dfd4-48ec-a3b3-f5b82a2fcabd-300x225.jpg\",\"datePublished\":\"2022-10-28T07:26:36+00:00\",\"dateModified\":\"2022-10-28T07:34:47+00:00\",\"author\":{\"@id\":\"https:\/\/gaudiumetspes-blog.pl\/#\/schema\/person\/12bc173d67dadb67c1c90d9c6c34c643\"},\"breadcrumb\":{\"@id\":\"https:\/\/gaudiumetspes-blog.pl\/index.php\/2022\/10\/28\/wierze-w-jeden-swiety-powszechny-i-apostolski-kosciol\/#breadcrumb\"},\"inLanguage\":\"pl-PL\",\"potentialAction\":[{\"@type\":\"ReadAction\",\"target\":[\"https:\/\/gaudiumetspes-blog.pl\/index.php\/2022\/10\/28\/wierze-w-jeden-swiety-powszechny-i-apostolski-kosciol\/\"]}]},{\"@type\":\"ImageObject\",\"inLanguage\":\"pl-PL\",\"@id\":\"https:\/\/gaudiumetspes-blog.pl\/index.php\/2022\/10\/28\/wierze-w-jeden-swiety-powszechny-i-apostolski-kosciol\/#primaryimage\",\"url\":\"https:\/\/gaudiumetspes-blog.pl\/wp-content\/uploads\/2022\/10\/18749a87-dfd4-48ec-a3b3-f5b82a2fcabd.jpg\",\"contentUrl\":\"https:\/\/gaudiumetspes-blog.pl\/wp-content\/uploads\/2022\/10\/18749a87-dfd4-48ec-a3b3-f5b82a2fcabd.jpg\",\"width\":1280,\"height\":960},{\"@type\":\"BreadcrumbList\",\"@id\":\"https:\/\/gaudiumetspes-blog.pl\/index.php\/2022\/10\/28\/wierze-w-jeden-swiety-powszechny-i-apostolski-kosciol\/#breadcrumb\",\"itemListElement\":[{\"@type\":\"ListItem\",\"position\":1,\"name\":\"Strona g\u0142\u00f3wna\",\"item\":\"https:\/\/gaudiumetspes-blog.pl\/\"},{\"@type\":\"ListItem\",\"position\":2,\"name\":\"Wierz\u0119 w&nbsp;jeden, \u015awi\u0119ty, powszechny i&nbsp;apostolski Ko\u015bci\u00f3\u0142\"}]},{\"@type\":\"WebSite\",\"@id\":\"https:\/\/gaudiumetspes-blog.pl\/#website\",\"url\":\"https:\/\/gaudiumetspes-blog.pl\/\",\"name\":\"Gaudium Et Spes\",\"description\":\"Blog Ks. Jacka Ja\u015bkowskiego\",\"potentialAction\":[{\"@type\":\"SearchAction\",\"target\":{\"@type\":\"EntryPoint\",\"urlTemplate\":\"https:\/\/gaudiumetspes-blog.pl\/?s={search_term_string}\"},\"query-input\":{\"@type\":\"PropertyValueSpecification\",\"valueRequired\":true,\"valueName\":\"search_term_string\"}}],\"inLanguage\":\"pl-PL\"},{\"@type\":\"Person\",\"@id\":\"https:\/\/gaudiumetspes-blog.pl\/#\/schema\/person\/12bc173d67dadb67c1c90d9c6c34c643\",\"name\":\"Ks. Marek\",\"image\":{\"@type\":\"ImageObject\",\"inLanguage\":\"pl-PL\",\"@id\":\"https:\/\/gaudiumetspes-blog.pl\/#\/schema\/person\/image\/\",\"url\":\"https:\/\/gaudiumetspes-blog.pl\/wp-content\/uploads\/2019\/08\/73914d81-03a2-41a3-a2c0-9e0651fc6189-150x150.jpg\",\"contentUrl\":\"https:\/\/gaudiumetspes-blog.pl\/wp-content\/uploads\/2019\/08\/73914d81-03a2-41a3-a2c0-9e0651fc6189-150x150.jpg\",\"caption\":\"Ks. Marek\"},\"description\":\"Nazywam si\u0119 Ks. Marek Ja\u015bkowski i jestem Proboszczem Parafii \u015aw. J\u00f3zefa Robotnika w Surgucie i Parafii \u015aw. Paw\u0142a Aposto\u0142a w Nojabrsku. Moja Parafia to p\u00f3\u0142nocna cz\u0119\u015b\u0107 zachodniej Syberii \u2013 mo\u017cna powiedzie\u0107, \u017ce terytorialnie to prawie po\u0142owa Diecezji nowosybirskiej, jej p\u00f3\u0142nocna cz\u0119\u015b\u0107. Nasz Biskup okre\u015bli\u0142 kiedy\u015b, \u017ce jest to terytorialnie najwi\u0119ksza Parafia na \u015bwiecie! Terytorium Parafii jest czterokrotnie wi\u0119ksze od terytorium Polski! Przez kilka lat by\u0142em jedynym rzymskokatolickim ksi\u0119dzem na tym terytorium, od wrze\u015bnia 2019 roku pos\u0142ug\u0119 podejmuje Wsp\u00f3\u0142pracownik, Ks. Pawe\u0142 Czelu\u015bci\u0144ski. W Parafii pos\u0142uguj\u0105 tak\u017ce dwie Siostry od Anio\u0142\u00f3w, S. Joann i S. Teresa. Terytorium naszej Parafii to Chanty-Mansyjski Autonomiczny Okr\u0119g i Jamalsko-Nieniecki Autonomiczny Okr\u0119g. Jest to terytorium, kt\u00f3re s\u0142ynie z wydobycia ropy i gazu. Wi\u0119kszo\u015b\u0107 ropy, wydobywanej w Rosji \u2013 wydobywa si\u0119 z terenu mojej Parafii. W zwi\u0105zku z tym, w ostatnich kilku dziesi\u0119cioleciach, przyby\u0142o mn\u00f3stwo ludzi w poszukiwaniu pracy. Na tym terenie jest kilkana\u015bcie, a mo\u017ce i kilkadziesi\u0105t \u2013 cz\u0119sto nowych miast, w kt\u00f3rych osiedlaj\u0105 si\u0119 owi przyje\u017cd\u017caj\u0105cy ludzie. Odwiedzamy miasta: Jugorsk i Sowiecki, oddalone 650 km od Surgutu; Uraj \u2013 730 km; Niaga\u0144 \u2013 600 km; Chanty-Mansyjsk \u2013 300 km. To kierunek po\u0142udniowo \u2013 zachodni. Natomiast na p\u00f3\u0142nocy odwiedzamy Nojabrsk \u2013 320 km i Koga\u0142ym \u2013 190 km, Gubkinskij \u2013 500 km; Tarko-Sale \u2013 600 km; Nowyj Urengoj \u2013 760 km. Je\u017adzimy te\u017c do Tiumenii, \u017ceby stamt\u0105d polecie\u0107 samolotem do Salechardu, na ko\u0142o podbiegunowe \u2013 ponad 1100 km w prostej linii \u2013 \u017ceby i tam odwiedzi\u0107 naszych Parafian, kt\u00f3rzy cz\u0119sto bior\u0105 urlop w pracy, aby spotka\u0107 si\u0119 z nami, uczestniczy\u0107 we Mszy \u015awi\u0119tej i w katechizacji. Do Salechardu nie ma drogi, mo\u017cna dotrze\u0107 tylko samolotem, albo (latem) statkiem. Wymienione miasta to tylko niekt\u00f3re z miejsc, kt\u00f3re odwiedzamy. W ca\u0142ej naszej Parafii mamy jeden ko\u015bci\u00f3\u0142 \u2013 w Surgucie \u2013 i jedn\u0105 kaplic\u0119, w Nojabrsku, w jednym z blok\u00f3w. W innych miejscach spotykamy si\u0119 w mieszkaniach Parafian. Ludzie jednak cz\u0119sto kr\u0119puj\u0105 si\u0119 przychodzi\u0107 do kogo\u015b, do domu. A Parafia najbardziej rozwija si\u0119 tam, gdzie jest \u015bwi\u0105tynia. Ostatnio kupili\u015bmy dom na kaplic\u0119 w Koga\u0142ymie. Konieczny jest tam jednak gruntowny remont, kt\u00f3ry aktualnie prowadzimy. Nast\u0119pnym miejscem oczekuj\u0105cym na swoj\u0105 \u015bwi\u0105tyni\u0119 - kaplic\u0119 jest Chanty-Mansyjsk. Dramatycznie potrzeba tu ksi\u0119\u017cy! \u017beby kr\u00f3lestwo Bo\u017ce mog\u0142o wzrasta\u0107 w sercach ludzi, musz\u0105 mie\u0107 oni cz\u0119stszy dost\u0119p do Sakrament\u00f3w. Na terenie naszej Parafii mieszka jakie\u015b 2,5 miliona ludzi, w samym Surgucie \u2013 350 tysi\u0119cy. A tylko dw\u00f3ch Ksi\u0119\u017cy i dwie Siostry. Prosimy Was zatem o dwojak\u0105 pomoc: Modlitwa \u2013 to najwa\u017cniejsze! Prosz\u0119 Was, pom\u00f3dlcie si\u0119 za nasz\u0105 Parafi\u0119 przynajmniej dziesi\u0105tkiem R\u00f3\u017ca\u0144ca, a potem pom\u00f3dlcie si\u0119 przez wstawiennictwo naszych \u015awi\u0119tych Patron\u00f3w: Matki Bo\u017cej Fatimskiej, \u015aw. J\u00f3zefa Robotnika, \u015aw. Paw\u0142a Aposto\u0142a, \u015aw. Jana Paw\u0142a II, Micha\u0142a Archanio\u0142a i Anio\u0142\u00f3w Str\u00f3\u017c\u00f3w. Ofiara \u2013 materialna pomoc tak\u017ce jest nam niezmiernie potrzebna ze wzgl\u0119du na budow\u0119 domu parafialnego w Surgucie, remont domu na kaplic\u0119 w Koga\u0142ymie, oraz organizowanie spotka\u0144 wsp\u00f3lnot i miejsc modlitwy w wielu innych miastach. Wszystkim Darczy\u0144com z serca dzi\u0119kujemy i obiecujemy modlitw\u0119! Niech Was b\u0142ogos\u0142awi B\u00f3g Wszechmog\u0105cy: Ojciec + i Syn, i Duch \u015awi\u0119ty. Amen o.marek@mail.ru www.catholicsurgut.ru Dane do przelewu: Marek Ja\u015bkowski ul. K\u0105pielowa 19\/2 21-500 Bia\u0142a Podlaska Nr konta: 50 1020 5558 1111 1548 2400 0027\",\"url\":\"https:\/\/gaudiumetspes-blog.pl\/index.php\/author\/ks-marek\/\"}]}<\/script>\n<!-- \/ Yoast SEO plugin. -->","yoast_head_json":{"title":"Wierz\u0119 w jeden, \u015awi\u0119ty, powszechny i apostolski Ko\u015bci\u00f3\u0142 - Gaudium Et Spes","robots":{"index":"index","follow":"follow","max-snippet":"max-snippet:-1","max-image-preview":"max-image-preview:large","max-video-preview":"max-video-preview:-1"},"canonical":"https:\/\/gaudiumetspes-blog.pl\/index.php\/2022\/10\/28\/wierze-w-jeden-swiety-powszechny-i-apostolski-kosciol\/","og_locale":"pl_PL","og_type":"article","og_title":"Wierz\u0119 w jeden, \u015awi\u0119ty, powszechny i apostolski Ko\u015bci\u00f3\u0142 - Gaudium Et Spes","og_description":"Niech b\u0119dzie pochwalony Jezus Chrystus!\u00a0 &nbsp; Pozdrawiam serdecznie z Syberii, z Surgutu.\u00a0 Dzi\u015b \u015bwi\u0119to \u015bw. Aposto\u0142\u00f3w Szymona i Judy Tadeusza.\u00a0 Warto podkre\u015bli\u0107, \u017ce jest to \u015bwi\u0119to patronalne diecezji siedleckiej, a wi\u0119c naszej rodzinnej diecezji, a teraz diecezji Ks. Jacka. Zapewne wielu czytelnik\u00f3w owego bloga, rownie\u017c jest z tej diecezji. Pozdrawiamy wszystkich diecezjan diecezji siedleckiej w [&hellip;]","og_url":"https:\/\/gaudiumetspes-blog.pl\/index.php\/2022\/10\/28\/wierze-w-jeden-swiety-powszechny-i-apostolski-kosciol\/","og_site_name":"Gaudium Et Spes","article_published_time":"2022-10-28T07:26:36+00:00","article_modified_time":"2022-10-28T07:34:47+00:00","og_image":[{"url":"https:\/\/gaudiumetspes-blog.pl\/wp-content\/uploads\/2022\/10\/18749a87-dfd4-48ec-a3b3-f5b82a2fcabd-300x225.jpg","type":"","width":"","height":""}],"author":"Ks. Marek","twitter_card":"summary_large_image","twitter_misc":{"Napisane przez":"Ks. Marek","Szacowany czas czytania":"10 minut"},"schema":{"@context":"https:\/\/schema.org","@graph":[{"@type":"WebPage","@id":"https:\/\/gaudiumetspes-blog.pl\/index.php\/2022\/10\/28\/wierze-w-jeden-swiety-powszechny-i-apostolski-kosciol\/","url":"https:\/\/gaudiumetspes-blog.pl\/index.php\/2022\/10\/28\/wierze-w-jeden-swiety-powszechny-i-apostolski-kosciol\/","name":"Wierz\u0119 w jeden, \u015awi\u0119ty, powszechny i apostolski Ko\u015bci\u00f3\u0142 - Gaudium Et Spes","isPartOf":{"@id":"https:\/\/gaudiumetspes-blog.pl\/#website"},"primaryImageOfPage":{"@id":"https:\/\/gaudiumetspes-blog.pl\/index.php\/2022\/10\/28\/wierze-w-jeden-swiety-powszechny-i-apostolski-kosciol\/#primaryimage"},"image":{"@id":"https:\/\/gaudiumetspes-blog.pl\/index.php\/2022\/10\/28\/wierze-w-jeden-swiety-powszechny-i-apostolski-kosciol\/#primaryimage"},"thumbnailUrl":"https:\/\/gaudiumetspes-blog.pl\/wp-content\/uploads\/2022\/10\/18749a87-dfd4-48ec-a3b3-f5b82a2fcabd-300x225.jpg","datePublished":"2022-10-28T07:26:36+00:00","dateModified":"2022-10-28T07:34:47+00:00","author":{"@id":"https:\/\/gaudiumetspes-blog.pl\/#\/schema\/person\/12bc173d67dadb67c1c90d9c6c34c643"},"breadcrumb":{"@id":"https:\/\/gaudiumetspes-blog.pl\/index.php\/2022\/10\/28\/wierze-w-jeden-swiety-powszechny-i-apostolski-kosciol\/#breadcrumb"},"inLanguage":"pl-PL","potentialAction":[{"@type":"ReadAction","target":["https:\/\/gaudiumetspes-blog.pl\/index.php\/2022\/10\/28\/wierze-w-jeden-swiety-powszechny-i-apostolski-kosciol\/"]}]},{"@type":"ImageObject","inLanguage":"pl-PL","@id":"https:\/\/gaudiumetspes-blog.pl\/index.php\/2022\/10\/28\/wierze-w-jeden-swiety-powszechny-i-apostolski-kosciol\/#primaryimage","url":"https:\/\/gaudiumetspes-blog.pl\/wp-content\/uploads\/2022\/10\/18749a87-dfd4-48ec-a3b3-f5b82a2fcabd.jpg","contentUrl":"https:\/\/gaudiumetspes-blog.pl\/wp-content\/uploads\/2022\/10\/18749a87-dfd4-48ec-a3b3-f5b82a2fcabd.jpg","width":1280,"height":960},{"@type":"BreadcrumbList","@id":"https:\/\/gaudiumetspes-blog.pl\/index.php\/2022\/10\/28\/wierze-w-jeden-swiety-powszechny-i-apostolski-kosciol\/#breadcrumb","itemListElement":[{"@type":"ListItem","position":1,"name":"Strona g\u0142\u00f3wna","item":"https:\/\/gaudiumetspes-blog.pl\/"},{"@type":"ListItem","position":2,"name":"Wierz\u0119 w&nbsp;jeden, \u015awi\u0119ty, powszechny i&nbsp;apostolski Ko\u015bci\u00f3\u0142"}]},{"@type":"WebSite","@id":"https:\/\/gaudiumetspes-blog.pl\/#website","url":"https:\/\/gaudiumetspes-blog.pl\/","name":"Gaudium Et Spes","description":"Blog Ks. Jacka Ja\u015bkowskiego","potentialAction":[{"@type":"SearchAction","target":{"@type":"EntryPoint","urlTemplate":"https:\/\/gaudiumetspes-blog.pl\/?s={search_term_string}"},"query-input":{"@type":"PropertyValueSpecification","valueRequired":true,"valueName":"search_term_string"}}],"inLanguage":"pl-PL"},{"@type":"Person","@id":"https:\/\/gaudiumetspes-blog.pl\/#\/schema\/person\/12bc173d67dadb67c1c90d9c6c34c643","name":"Ks. Marek","image":{"@type":"ImageObject","inLanguage":"pl-PL","@id":"https:\/\/gaudiumetspes-blog.pl\/#\/schema\/person\/image\/","url":"https:\/\/gaudiumetspes-blog.pl\/wp-content\/uploads\/2019\/08\/73914d81-03a2-41a3-a2c0-9e0651fc6189-150x150.jpg","contentUrl":"https:\/\/gaudiumetspes-blog.pl\/wp-content\/uploads\/2019\/08\/73914d81-03a2-41a3-a2c0-9e0651fc6189-150x150.jpg","caption":"Ks. Marek"},"description":"Nazywam si\u0119 Ks. Marek Ja\u015bkowski i jestem Proboszczem Parafii \u015aw. J\u00f3zefa Robotnika w Surgucie i Parafii \u015aw. Paw\u0142a Aposto\u0142a w Nojabrsku. Moja Parafia to p\u00f3\u0142nocna cz\u0119\u015b\u0107 zachodniej Syberii \u2013 mo\u017cna powiedzie\u0107, \u017ce terytorialnie to prawie po\u0142owa Diecezji nowosybirskiej, jej p\u00f3\u0142nocna cz\u0119\u015b\u0107. Nasz Biskup okre\u015bli\u0142 kiedy\u015b, \u017ce jest to terytorialnie najwi\u0119ksza Parafia na \u015bwiecie! Terytorium Parafii jest czterokrotnie wi\u0119ksze od terytorium Polski! Przez kilka lat by\u0142em jedynym rzymskokatolickim ksi\u0119dzem na tym terytorium, od wrze\u015bnia 2019 roku pos\u0142ug\u0119 podejmuje Wsp\u00f3\u0142pracownik, Ks. Pawe\u0142 Czelu\u015bci\u0144ski. W Parafii pos\u0142uguj\u0105 tak\u017ce dwie Siostry od Anio\u0142\u00f3w, S. Joann i S. Teresa. Terytorium naszej Parafii to Chanty-Mansyjski Autonomiczny Okr\u0119g i Jamalsko-Nieniecki Autonomiczny Okr\u0119g. Jest to terytorium, kt\u00f3re s\u0142ynie z wydobycia ropy i gazu. Wi\u0119kszo\u015b\u0107 ropy, wydobywanej w Rosji \u2013 wydobywa si\u0119 z terenu mojej Parafii. W zwi\u0105zku z tym, w ostatnich kilku dziesi\u0119cioleciach, przyby\u0142o mn\u00f3stwo ludzi w poszukiwaniu pracy. Na tym terenie jest kilkana\u015bcie, a mo\u017ce i kilkadziesi\u0105t \u2013 cz\u0119sto nowych miast, w kt\u00f3rych osiedlaj\u0105 si\u0119 owi przyje\u017cd\u017caj\u0105cy ludzie. Odwiedzamy miasta: Jugorsk i Sowiecki, oddalone 650 km od Surgutu; Uraj \u2013 730 km; Niaga\u0144 \u2013 600 km; Chanty-Mansyjsk \u2013 300 km. To kierunek po\u0142udniowo \u2013 zachodni. Natomiast na p\u00f3\u0142nocy odwiedzamy Nojabrsk \u2013 320 km i Koga\u0142ym \u2013 190 km, Gubkinskij \u2013 500 km; Tarko-Sale \u2013 600 km; Nowyj Urengoj \u2013 760 km. Je\u017adzimy te\u017c do Tiumenii, \u017ceby stamt\u0105d polecie\u0107 samolotem do Salechardu, na ko\u0142o podbiegunowe \u2013 ponad 1100 km w prostej linii \u2013 \u017ceby i tam odwiedzi\u0107 naszych Parafian, kt\u00f3rzy cz\u0119sto bior\u0105 urlop w pracy, aby spotka\u0107 si\u0119 z nami, uczestniczy\u0107 we Mszy \u015awi\u0119tej i w katechizacji. Do Salechardu nie ma drogi, mo\u017cna dotrze\u0107 tylko samolotem, albo (latem) statkiem. Wymienione miasta to tylko niekt\u00f3re z miejsc, kt\u00f3re odwiedzamy. W ca\u0142ej naszej Parafii mamy jeden ko\u015bci\u00f3\u0142 \u2013 w Surgucie \u2013 i jedn\u0105 kaplic\u0119, w Nojabrsku, w jednym z blok\u00f3w. W innych miejscach spotykamy si\u0119 w mieszkaniach Parafian. Ludzie jednak cz\u0119sto kr\u0119puj\u0105 si\u0119 przychodzi\u0107 do kogo\u015b, do domu. A Parafia najbardziej rozwija si\u0119 tam, gdzie jest \u015bwi\u0105tynia. Ostatnio kupili\u015bmy dom na kaplic\u0119 w Koga\u0142ymie. Konieczny jest tam jednak gruntowny remont, kt\u00f3ry aktualnie prowadzimy. Nast\u0119pnym miejscem oczekuj\u0105cym na swoj\u0105 \u015bwi\u0105tyni\u0119 - kaplic\u0119 jest Chanty-Mansyjsk. Dramatycznie potrzeba tu ksi\u0119\u017cy! \u017beby kr\u00f3lestwo Bo\u017ce mog\u0142o wzrasta\u0107 w sercach ludzi, musz\u0105 mie\u0107 oni cz\u0119stszy dost\u0119p do Sakrament\u00f3w. Na terenie naszej Parafii mieszka jakie\u015b 2,5 miliona ludzi, w samym Surgucie \u2013 350 tysi\u0119cy. A tylko dw\u00f3ch Ksi\u0119\u017cy i dwie Siostry. Prosimy Was zatem o dwojak\u0105 pomoc: Modlitwa \u2013 to najwa\u017cniejsze! Prosz\u0119 Was, pom\u00f3dlcie si\u0119 za nasz\u0105 Parafi\u0119 przynajmniej dziesi\u0105tkiem R\u00f3\u017ca\u0144ca, a potem pom\u00f3dlcie si\u0119 przez wstawiennictwo naszych \u015awi\u0119tych Patron\u00f3w: Matki Bo\u017cej Fatimskiej, \u015aw. J\u00f3zefa Robotnika, \u015aw. Paw\u0142a Aposto\u0142a, \u015aw. Jana Paw\u0142a II, Micha\u0142a Archanio\u0142a i Anio\u0142\u00f3w Str\u00f3\u017c\u00f3w. Ofiara \u2013 materialna pomoc tak\u017ce jest nam niezmiernie potrzebna ze wzgl\u0119du na budow\u0119 domu parafialnego w Surgucie, remont domu na kaplic\u0119 w Koga\u0142ymie, oraz organizowanie spotka\u0144 wsp\u00f3lnot i miejsc modlitwy w wielu innych miastach. Wszystkim Darczy\u0144com z serca dzi\u0119kujemy i obiecujemy modlitw\u0119! Niech Was b\u0142ogos\u0142awi B\u00f3g Wszechmog\u0105cy: Ojciec + i Syn, i Duch \u015awi\u0119ty. Amen o.marek@mail.ru www.catholicsurgut.ru Dane do przelewu: Marek Ja\u015bkowski ul. K\u0105pielowa 19\/2 21-500 Bia\u0142a Podlaska Nr konta: 50 1020 5558 1111 1548 2400 0027","url":"https:\/\/gaudiumetspes-blog.pl\/index.php\/author\/ks-marek\/"}]}},"jetpack_featured_media_url":"","jetpack_sharing_enabled":true,"_links":{"self":[{"href":"https:\/\/gaudiumetspes-blog.pl\/index.php\/wp-json\/wp\/v2\/posts\/21084","targetHints":{"allow":["GET"]}}],"collection":[{"href":"https:\/\/gaudiumetspes-blog.pl\/index.php\/wp-json\/wp\/v2\/posts"}],"about":[{"href":"https:\/\/gaudiumetspes-blog.pl\/index.php\/wp-json\/wp\/v2\/types\/post"}],"author":[{"embeddable":true,"href":"https:\/\/gaudiumetspes-blog.pl\/index.php\/wp-json\/wp\/v2\/users\/3"}],"replies":[{"embeddable":true,"href":"https:\/\/gaudiumetspes-blog.pl\/index.php\/wp-json\/wp\/v2\/comments?post=21084"}],"version-history":[{"count":3,"href":"https:\/\/gaudiumetspes-blog.pl\/index.php\/wp-json\/wp\/v2\/posts\/21084\/revisions"}],"predecessor-version":[{"id":21091,"href":"https:\/\/gaudiumetspes-blog.pl\/index.php\/wp-json\/wp\/v2\/posts\/21084\/revisions\/21091"}],"wp:attachment":[{"href":"https:\/\/gaudiumetspes-blog.pl\/index.php\/wp-json\/wp\/v2\/media?parent=21084"}],"wp:term":[{"taxonomy":"category","embeddable":true,"href":"https:\/\/gaudiumetspes-blog.pl\/index.php\/wp-json\/wp\/v2\/categories?post=21084"},{"taxonomy":"post_tag","embeddable":true,"href":"https:\/\/gaudiumetspes-blog.pl\/index.php\/wp-json\/wp\/v2\/tags?post=21084"}],"curies":[{"name":"wp","href":"https:\/\/api.w.org\/{rel}","templated":true}]}}