{"id":21114,"date":"2022-11-07T09:30:41","date_gmt":"2022-11-07T08:30:41","guid":{"rendered":"https:\/\/gaudiumetspes-blog.pl\/?p=21114"},"modified":"2022-11-07T09:30:41","modified_gmt":"2022-11-07T08:30:41","slug":"przymnoz-nam-wiary-2","status":"publish","type":"post","link":"https:\/\/gaudiumetspes-blog.pl\/index.php\/2022\/11\/07\/przymnoz-nam-wiary-2\/","title":{"rendered":"Przymn\u00f3\u017c nam wiary!"},"content":{"rendered":"<p align=\"justify\"><span style=\"color: #000000;\"><span style=\"font-family: Book Antiqua, serif;\"><span style=\"font-size: large;\">Szcz\u0119\u015b\u0107 Bo\u017ce! Moi Drodzy, witam u progu nowego dnia i nowego tygodnia pracy i nauki. Wczoraj u nas, po Mszy \u015awi\u0119tej, odby\u0142o si\u0119 kolejne spotkanie Studenckiego Ko\u0142a Formacyjnego, czyli Wsp\u00f3lnoty studenckiej, kt\u00f3ra kszta\u0142tuje si\u0119 ostatnio i intensyfikuje swoje dzia\u0142ania. <\/span><\/span><\/span><\/p>\n<p align=\"justify\"><span style=\"color: #000000;\"><span style=\"font-family: Book Antiqua, serif;\"><span style=\"font-size: large;\">A dzisiaj \u2013 spotkanie Akademickiego Ko\u0142a Biblijnego, czyli wszystkich ch\u0119tnych, kt\u00f3rzy chcieliby si\u0119 spotka\u0107 i porozmawia\u0107 na temat Bo\u017cego s\u0142owa z liturgii konkretnego dnia, na przyk\u0142ad: ostatniej niedzieli. To dzisiejsze spotkanie ma formu\u0142\u0119 otwart\u0105, natomiast wczorajsze \u2013 dotyczy zasadniczo Student\u00f3w. Ciesz\u0119 si\u0119 z obu tych spotka\u0144.<\/span><\/span><\/span><\/p>\n<p align=\"justify\"><span style=\"color: #000000;\"><span style=\"font-family: Book Antiqua, serif;\"><span style=\"font-size: large;\">A teraz ju\u017c zapraszam do pochylenia si\u0119 nad Bo\u017cym s\u0142owem dzisiejszej liturgii. Z powodu mnogo\u015bci zaj\u0119\u0107 szkolnych, Janek nie m\u00f3g\u0142 dzisiaj przygotowa\u0107 s\u0142\u00f3wka, ale obieca\u0142 zrobi\u0107 to w sobot\u0119. Dlatego jeste\u015bcie dzi\u015b skazani na moje pisanie\u2026<\/span><\/span><\/span><\/p>\n<p align=\"justify\"><span style=\"color: #000000;\"><span style=\"font-family: Book Antiqua, serif;\"><span style=\"font-size: large;\">Zatem, <b>co dzi\u015b m\u00f3wi do mnie Pan? Z jakim konkretnym przes\u0142aniem zwraca si\u0119 w\u0142a\u015bnie do mnie? <\/b>Duchu \u015awi\u0119ty, podpowiedz\u2026<\/span><\/span><\/span><\/p>\n<p align=\"justify\"><span style=\"color: #000000;\"><span style=\"font-family: Book Antiqua, serif;\"><span style=\"font-size: large;\"><b>Niech Was b\u0142ogos\u0142awi B\u00f3g Wszechmog\u0105cy: Ojciec + i Syn, i Duch \u015awi\u0119ty. Amen<\/b><\/span><\/span><\/span><\/p>\n<p align=\"center\"><span style=\"color: #000000;\"><span style=\"font-family: Book Antiqua, serif;\"><span style=\"font-size: large;\">Gaudium et spes! Ks. Jacek<\/span><\/span><\/span><\/p>\n<p align=\"center\">\n<p align=\"center\">\n<p align=\"center\">\n<p align=\"center\">\n<p align=\"center\">\n<p align=\"justify\"><span style=\"color: #000000;\"><span style=\"font-family: Book Antiqua, serif;\"><span style=\"font-size: large;\"><b>Poniedzia\u0142ek 32 Tygodnia zwyk\u0142ego, rok II,<\/b><\/span><\/span><\/span><\/p>\n<p align=\"justify\"><span style=\"color: #000000;\"><span style=\"font-family: Book Antiqua, serif;\"><span style=\"font-size: large;\"><b>7 listopada 2022.,\u00a0<\/b><\/span><\/span><\/span><\/p>\n<p align=\"justify\"><span style=\"color: #000000;\"><span style=\"font-family: Book Antiqua, serif;\"><span style=\"font-size: large;\"><b>do czyta\u0144: Tt 1,1\u20139; \u0141k 17,1\u20136<\/b><\/span><\/span><\/span><\/p>\n<p align=\"justify\">\n<p align=\"justify\">\n<p align=\"justify\">\n<p align=\"justify\">\n<p align=\"justify\">\n<p align=\"justify\"><span style=\"color: #000000;\"><span style=\"font-family: Book Antiqua, serif;\"><span style=\"font-size: large;\"><b>CZYTANIE Z LISTU \u015aWI\u0118TEGO PAW\u0141A APOSTO\u0141A DO TYTUSA:<\/b><\/span><\/span><\/span><\/p>\n<p align=\"justify\"><span style=\"color: #000000;\"><span style=\"font-family: Book Antiqua, serif;\"><span style=\"font-size: large;\"><b>Pawe\u0142, s\u0142uga Boga i aposto\u0142 Jezusa Chrystusa, pos\u0142any do szerzenia w\u015br\u00f3d wybranych Bo\u017cych wiary i poznania prawdy wiod\u0105cej do \u017cycia w pobo\u017cno\u015bci, w nadziei \u017cycia wiecznego, jakie przyobieca\u0142 przed wiekami prawdom\u00f3wny B\u00f3g, a we w\u0142a\u015bciwym czasie objawi\u0142 swe s\u0142owo przez nauczanie powierzone mi z rozkazu Boga, Zbawiciela naszego, do Tytusa, dziecka mego prawdziwego we wsp\u00f3lnej nam wierze. \u0141aska i pok\u00f3j od Boga Ojca i Chrystusa Jezusa, Zbawiciela naszego.<\/b><\/span><\/span><\/span><\/p>\n<p align=\"justify\"><span style=\"color: #000000;\"><span style=\"font-family: Book Antiqua, serif;\"><span style=\"font-size: large;\"><b>W tym celu zostawi\u0142em ci\u0119 na Krecie, by\u015b zaleg\u0142e sprawy nale\u017cycie za\u0142atwi\u0142 i ustanowi\u0142 w ka\u017cdym mie\u015bcie prezbiter\u00f3w. Jak ci zarz\u0105dzi\u0142em, mo\u017ce nim zosta\u0107 ten, kto jest nienaganny, m\u0105\u017c jednej \u017cony, maj\u0105cy dzieci wierz\u0105ce, nie obwiniane o rozpust\u0119 lub niekarno\u015b\u0107.<\/b><\/span><\/span><\/span><\/p>\n<p align=\"justify\"><span style=\"color: #000000;\"><span style=\"font-family: Book Antiqua, serif;\"><span style=\"font-size: large;\"><b>Biskup bowiem winien by\u0107 jako w\u0142odarz Bo\u017cy cz\u0142owiekiem nienagannym, niezarozumia\u0142ym, niesk\u0142onnym do gniewu, nieskorym do pija\u0144stwa i awantur, nie chciwym brudnego zysku, lecz go\u015bcinnym, mi\u0142uj\u0105cym dobro, rozs\u0105dnym, sprawiedliwym, pobo\u017cnym, pow\u015bci\u0105gliwym, przestrzegaj\u0105cym niezawodnej wyk\u0142adni nauki, aby przekazuj\u0105c zdrow\u0105 nauk\u0119, m\u00f3g\u0142 udziela\u0107 upomnie\u0144 i przekonywa\u0107 opornych.<\/b><\/span><\/span><\/span><\/p>\n<p align=\"justify\">\n<p align=\"justify\">\n<p align=\"justify\">\n<p align=\"justify\">\n<p align=\"justify\">\n<p align=\"justify\"><span style=\"color: #000000;\"><span style=\"font-family: Book Antiqua, serif;\"><span style=\"font-size: large;\"><b>S\u0141OWA EWANGELII WED\u0141UG \u015aWI\u0118TEGO \u0141UKASZA:<\/b><\/span><\/span><\/span><\/p>\n<p align=\"justify\"><span style=\"color: #000000;\"><span style=\"font-family: Book Antiqua, serif;\"><span style=\"font-size: large;\"><b>Jezus powiedzia\u0142 do swoich uczni\u00f3w: \u201eNiepodobna, \u017ceby nie przysz\u0142y zgorszenia; lecz biada temu, przez kt\u00f3rego przychodz\u0105. By\u0142oby lepiej dla niego, gdyby kamie\u0144 m\u0142y\u0144ski zawieszono mu u szyi i wrzucono go w morze, ni\u017c \u017ceby mia\u0142 by\u0107 powodem grzechu jednego z tych ma\u0142ych.<\/b><\/span><\/span><\/span><\/p>\n<p align=\"justify\"><span style=\"color: #000000;\"><span style=\"font-family: Book Antiqua, serif;\"><span style=\"font-size: large;\"><b>Uwa\u017cajcie na siebie. Je\u015bli brat tw\u00f3j zawini, upomnij go; i je\u015bli \u017ca\u0142uje, przebacz mu. I je\u015bliby siedem razy na dzie\u0144 zawini\u0142 przeciw tobie i siedem razy zwr\u00f3ci\u0142by si\u0119 do ciebie, m\u00f3wi\u0105c: \u00ab\u017ba\u0142uj\u0119 tego\u00bb, przebacz mu\u00bb.<\/b><\/span><\/span><\/span><\/p>\n<p align=\"justify\"><span style=\"color: #000000;\"><span style=\"font-family: Book Antiqua, serif;\"><span style=\"font-size: large;\"><b>Aposto\u0142owie prosili Pana: \u201ePrzymn\u00f3\u017c nam wiary\u201d.<\/b><\/span><\/span><\/span><\/p>\n<p align=\"justify\"><span style=\"color: #000000;\"><span style=\"font-family: Book Antiqua, serif;\"><span style=\"font-size: large;\"><b>Pan rzek\u0142: \u201eGdyby\u015bcie mieli wiar\u0119 jak ziarnko gorczycy, powiedzieliby\u015bcie tej morwie: \u00abWyrwij si\u0119 z korzeniem i przesad\u017a si\u0119 w morze\u00bb, a by\u0142aby wam pos\u0142uszna\u201d.<\/b><\/span><\/span><\/span><\/p>\n<p align=\"justify\">\n<p align=\"justify\">\n<p align=\"justify\">\n<p align=\"justify\">\n<p align=\"justify\">\n<p align=\"justify\"><span style=\"color: #000000;\"><span style=\"font-family: Book Antiqua, serif;\"><span style=\"font-size: large;\">S\u0142owa Aposto\u0142a Paw\u0142a, skierowane do Tytusa, powo\u0142anego w\u0142a\u015bnie na pasterza wsp\u00f3lnoty chrze\u015bcijan na Krecie, s\u0105 <b>bardzo konkretne i stanowi\u0105 szczeg\u00f3\u0142owe wskazania,<\/b> w jaki spos\u00f3b Tytus ma wype\u0142ni\u0107 swoje zadania, ale tak\u017ce \u2013 skoro w ka\u017cdym mie\u015bcie ma ustanowi\u0107 prezbiter\u00f3w \u2013 <b>kogo ma powo\u0142ywa\u0107 <\/b>do pe\u0142nienia okre\u015blonych zada\u0144 pasterskich. <\/span><\/span><\/span><\/p>\n<p align=\"justify\"><span style=\"color: #000000;\"><span style=\"font-family: Book Antiqua, serif;\"><span style=\"font-size: large;\">Przy czym, koniecznie musimy tutaj dopowiedzie\u0107, \u017ce w tamtych czasach <b>poszczeg\u00f3lne stopnie \u015bwi\u0119ce\u0144 nie by\u0142y tak precyzyjnie okre\u015blone,<\/b> jak obecnie, dlatego okre\u015ble\u0144: \u00abprezbiter\u00bb czy \u00abbiskup\u00bb nie mo\u017cemy rozumie\u0107 <b>w spos\u00f3b, w jaki rozumiemy je dzisiaj,<\/b> to si\u0119 bowiem <b>dopiero kszta\u0142towa\u0142o<\/b> i zakres odpowiedzialno\u015bci, spos\u00f3b funkcjonowania ka\u017cdego z nich oraz rozr\u00f3\u017cnienie pomi\u0119dzy poszczeg\u00f3lnymi stopniami <b>by\u0142o spraw\u0105 przysz\u0142o\u015bci.<\/b> <\/span><\/span><\/span><\/p>\n<p align=\"justify\"><span style=\"color: #000000;\"><span style=\"font-family: Book Antiqua, serif;\"><span style=\"font-size: large;\">Natomiast nie to jest w tym momencie najwa\u017cniejsze. Bo najwa\u017cniejsze jest to, <b>jakich to ludzi Tytus mia\u0142 powo\u0142ywa\u0107 <\/b>do tych\u017ce funkcji \u2013 bez wzgl\u0119du na to, jaki by\u0142 zakres ka\u017cdej z nich. <b>Jakimi cechami<\/b> powinni si\u0119 charakteryzowa\u0107 ludzie, kt\u00f3rym miano powierzy\u0107 odpowiedzialno\u015b\u0107 za innych ludzi? <\/span><\/span><\/span><\/p>\n<p align=\"justify\"><span style=\"color: #000000;\"><span style=\"font-family: Book Antiqua, serif;\"><span style=\"font-size: large;\">Jak czytamy, prezbiterem mo\u017ce <i><b>zosta\u0107 ten, kto jest nienaganny, m\u0105\u017c jednej \u017cony, maj\u0105cy dzieci wierz\u0105ce, nie obwiniane o rozpust\u0119 lub niekarno\u015b\u0107. <\/b><\/i>A z kolei <i><b>b<\/b><\/i><i><b>iskup bowiem winien by\u0107 jako w\u0142odarz Bo\u017cy cz\u0142owiekiem nienagannym, niezarozumia\u0142ym, niesk\u0142onnym do gniewu, nieskorym do pija\u0144stwa i awantur, nie chciwym brudnego zysku, lecz go\u015bcinnym, mi\u0142uj\u0105cym dobro, rozs\u0105dnym, sprawiedliwym, pobo\u017cnym, pow\u015bci\u0105gliwym, przestrzegaj\u0105cym niezawodnej wyk\u0142adni nauki, aby przekazuj\u0105c zdrow\u0105 nauk\u0119, m\u00f3g\u0142 udziela\u0107 upomnie\u0144 i przekonywa\u0107 opornych.<\/b><\/i><b> <\/b><\/span><\/span><\/span><\/p>\n<p align=\"justify\"><span style=\"color: #000000;\"><span style=\"font-family: Book Antiqua, serif;\"><span style=\"font-size: large;\">Uwzgl\u0119dniaj\u0105c<b> <\/b>wyra\u017anie<b> inne od obecnego rozumienie<\/b> <b>celibatu kap\u0142a\u0144skiego,<\/b> kt\u00f3ry w\u00f3wczas jeszcze nie obowi\u0105zywa\u0142, a teraz obowi\u0105zuje duchownych obrz\u0105dku rzymskokatolickiego, to wszystkie inne, wyliczone tu cechy, <b>w stu procentach s\u0105 aktualne<\/b> i jak najbardziej <b>winny charakteryzowa\u0107 wsp\u00f3\u0142czesnych pasterzy Ko\u015bcio\u0142a:<\/b> zar\u00f3wno biskup\u00f3w, jak i prezbiter\u00f3w, jak i wszystkich innych, kt\u00f3rzy podejmuj\u0105 si\u0119 <b>duchowej odpowiedzialno\u015bci za drugiego cz\u0142owieka.<\/b> <\/span><\/span><\/span><\/p>\n<p align=\"justify\"><span style=\"color: #000000;\"><span style=\"font-family: Book Antiqua, serif;\"><span style=\"font-size: large;\">Jak bowiem mo\u017ce podj\u0105\u0107 takow\u0105 odpowiedzialno\u015b\u0107 kto\u015b nieodpowiedzialny; kto\u015b, kto <b>prowadzi si\u0119 niemoralnie,<\/b> a nawet sieje zgorszenie! <\/span><\/span><\/span><\/p>\n<p align=\"justify\"><span style=\"color: #000000;\"><span style=\"font-family: Book Antiqua, serif;\"><span style=\"font-size: large;\">O tych ostatnich Jezus m\u00f3wi zdecydowanie dzisiaj w Ewangelii: <i><b>Niepodobna, \u017ceby nie przysz\u0142y zgorszenia; lecz biada temu, przez kt\u00f3rego przychodz\u0105. By\u0142oby lepiej dla niego, gdyby kamie\u0144 m\u0142y\u0144ski zawieszono mu u szyi i wrzucono go w morze, ni\u017c \u017ceby mia\u0142 by\u0107 powodem grzechu jednego z tych ma\u0142ych. <\/b><\/i><\/span><\/span><\/span><\/p>\n<p align=\"justify\"><span style=\"color: #000000;\"><span style=\"font-family: Book Antiqua, serif;\"><span style=\"font-size: large;\">Mo\u017cna si\u0119 zastanawia\u0107, kim jest \u00f3w <b>\u00ab<\/b><b>jeden z tych ma\u0142ych<\/b><b>\u00bb<\/b><b>,<\/b> ale pewnie nie pomylimy si\u0119, je\u017celi wyobrazimy sobie <b>cz\u0142owieka o sercu otwartym,<\/b> gotowego przyj\u0105\u0107 <b>wskazania i dobre s\u0142owo<\/b> chocia\u017cby od swoich pasterzy, czy swoich wychowawc\u00f3w, czy od swoich rodzic\u00f3w, czy od starszych od siebie, czyli od tych wszystkich, kt\u00f3rzy <b>s\u0105 za niego przed Bogiem odpowiedzialni,<\/b> a kt\u00f3rzy zamiast tego dobrego wzorca, <b>s<\/b><b>taj\u0105 si\u0119<\/b><b> dla niego zgorszeniem<\/b> i sprowadzaj\u0105 go na manowce. <\/span><\/span><\/span><\/p>\n<p align=\"justify\"><span style=\"color: #000000;\"><span style=\"font-family: Book Antiqua, serif;\"><span style=\"font-size: large;\">Antidotum na takie zagro\u017cenie \u2013 jak wskazuje dzi\u015b Jezus \u2013 <b>ma by\u0107 <\/b><b>gotowo\u015b\u0107 do<\/b><b> przebaczenia,<\/b> kt\u00f3ra na pewno b\u0119dzie bardzo mocnym i przekonuj\u0105cym<b> \u015bwiadectwem dobrej postawy<\/b> zar\u00f3wno prezbiter\u00f3w i biskup\u00f3w, jak i wszystkich, kt\u00f3rzy podejmuj\u0105 odpowiedzialno\u015b\u0107 za innych. Ale i tych, <b>kt\u00f3rzy s\u0105 obj\u0119ci t\u0105 trosk\u0105<\/b> \u2013 oni tak\u017ce <b>powinni umie\u0107 przebacza\u0107,<\/b> powinni stara\u0107 si\u0119 przebacza\u0107\u2026 <\/span><\/span><\/span><\/p>\n<p align=\"justify\"><span style=\"color: #000000;\"><span style=\"font-family: Book Antiqua, serif;\"><span style=\"font-size: large;\">By\u0107 mo\u017ce <b>tak\u017ce swoim pasterzom,<\/b> swoim wychowawcom i nauczycielom, niekiedy r\u00f3wnie\u017c swoim rodzicom, swojemu rodze\u0144stwu, swoim starszym i rzekomo m\u0105drzejszym znajomym i s\u0105siadom, od kt\u00f3rych <b>powinni otrzyma\u0107 dobre wzorce, a nie otrzymali\u2026<\/b> <\/span><\/span><\/span><\/p>\n<p align=\"justify\"><span style=\"color: #000000;\"><span style=\"font-family: Book Antiqua, serif;\"><span style=\"font-size: large;\">Ale i oni sami nieraz powinni prosi\u0107 o przebaczenie tego, \u017ce <b>nie przyjmuj\u0105 tych dobrych wzorc\u00f3w<\/b> i wszystko robi\u0105 dok\u0142adnie na przek\u00f3r, niekiedy na z\u0142o\u015b\u0107, stanowi\u0105c \u2013 jak to si\u0119 nieraz z u\u015bmiechem okre\u015bla \u2013 <b>kamie\u0144 sam w sobie szlachetny, ale bardzo trudny<\/b> <b>do obciosania i obrobienia\u2026<\/b> <\/span><\/span><\/span><\/p>\n<p align=\"justify\"><span style=\"color: #000000;\"><span style=\"font-family: Book Antiqua, serif;\"><span style=\"font-size: large;\">Postawa przebaczenia to jedna <b>z najbardziej szlachetnych postaw<\/b> cz\u0142owieka, uwa\u017caj\u0105cego si\u0119 za przyjaciela i ucznia Jezusa Chrystusa. Ka\u017cdy z nich \u2013 czy to biskup, czy prezbiter, czy wierny \u015bwiecki; czy to nauczyciel, czy ucze\u0144; czy to rodzic i wychowawca, czy wychowanek \u2013 <b>powinien w sobie kszta\u0142towa\u0107 t\u0119 postaw\u0119. <\/b>I tak\u017ce <b>te wszystkie cechy,<\/b> kt\u00f3re Pawe\u0142 dzisiaj tak skrupulatnie wyliczy\u0142, powinni tak naprawd\u0119 <b>kszta\u0142towa\u0107 w sobie wszyscy,<\/b> nie tylko ci, kt\u00f3rzy s\u0105 za innych odpowiedzialni. <\/span><\/span><\/span><\/p>\n<p align=\"justify\"><span style=\"color: #000000;\"><span style=\"font-family: Book Antiqua, serif;\"><span style=\"font-size: large;\">A mo\u017ce powiedzmy inaczej: <b>w\u0142a\u015bnie ci, kt\u00f3rzy s\u0105 za innych odpowiedzialni, <\/b>przy za\u0142o\u017ceniu, \u017ce na ziemi <b>nie ma cz\u0142owieka, kt\u00f3ry nie by\u0142by odpowiedzialny<\/b> <b>chocia\u017cby za jednego,<\/b> jakiego\u015b konkretnego cz\u0142owieka, gdy idzie o wsp\u00f3lne d\u0105\u017cenie do zbawienia. <\/span><\/span><\/span><\/p>\n<p align=\"justify\"><span style=\"color: #000000;\"><span style=\"font-family: Book Antiqua, serif;\"><span style=\"font-size: large;\">Bo tu nawet nie trzeba piastowa\u0107 \u017cadnych funkcji, czy pe\u0142ni\u0107 wysokich urz\u0119d\u00f3w. <b>W <\/b><b>S<\/b><b>akramencie Chrztu \u015awi\u0119tego,<\/b> jaki wszyscy otrzymali\u015bmy, przyj\u0119li\u015bmy na siebie<b> odpowiedzialno\u015b\u0107 za zbawienie innych.<\/b> Inni z kolei s\u0105 <b>odpowiedzialni za nasze zbawienie.<\/b> Jest to wi\u0119c odpowiedzialno\u015b\u0107 wzajemna, zobowi\u0105zuj\u0105ca <b>chocia\u017cby do upomnienia,<\/b> kiedy zobaczymy z\u0142o w postawie kogo\u015b ze swego rodze\u0144stwa, czy ze swego kole\u017ce\u0144stwa. Jeste\u015bmy <b>wszyscy za siebie nawzajem odpowiedzialni<\/b> \u2013 szczeg\u00f3lnie w gronie os\u00f3b sobie bliskich. <\/span><\/span><\/span><\/p>\n<p align=\"justify\"><span style=\"color: #000000;\"><span style=\"font-family: Book Antiqua, serif;\"><span style=\"font-size: large;\">I dlatego tak wa\u017cnym jest, aby\u015bmy w tym gronie <b>byli dla siebie <\/b><b>nawzajem <\/b><b>wsparciem,<\/b> byli dla siebie nawzajem <b>dobrym przyk\u0142adem,<\/b> by\u015bmy nigdy nie byli dla siebie nawzajem <b>powodem do zgorszenia,<\/b> by\u015bmy sobie \u2013 jak\u017ce to wa\u017cne dla zachowania jedno\u015bci mi\u0119dzy nami \u2013 <b>potrafili nawzajem wybacza\u0107\u2026<\/b> W ten spos\u00f3b mamy na co dzie\u0144 realizowa\u0107 ow\u0105 <b>wzajemn\u0105 odpowiedzialno\u015b\u0107 za siebie <\/b>na odcinku ducha, na drodze do zbawienia\u2026 <\/span><\/span><\/span><\/p>\n<p align=\"justify\"><span style=\"color: #000000;\"><span style=\"font-family: Book Antiqua, serif;\"><span style=\"font-size: large;\">Dlatego trzeba nam wzi\u0105\u0107 przyk\u0142ad z Aposto\u0142\u00f3w i tak, jak oni dzisiaj, tak i my codziennie powinni\u015bmy prosi\u0107 Pana: <i><b>Przymn\u00f3\u017c nam wiary!<\/b><\/i><b> <\/b>Tak, <i><b>przymn\u00f3\u017c nam wiary!<\/b><\/i> Nie: \u201ePanie, pochwal nasz\u0105 wiar\u0119!\u201d; nie: \u201ePanie, zachwy\u0107 si\u0119 nasz\u0105 wiar\u0105!\u201d; ale: <i><b>Przymn\u00f3\u017c nam wiary! <\/b><\/i>Tak, r\u00f3wnie\u017c nam \u2013 a mo\u017ce:<b> szczeg\u00f3lnie w\u0142a\u015bnie nam<\/b> \u2013 kt\u00f3rzy uwa\u017camy si\u0119 <b>naprawd\u0119 za wierz\u0105cych<\/b> i naprawd\u0119 takimi jeste\u015bmy, co wyra\u017ca si\u0119 naszym <b>cz\u0119stszym i gorliwszym praktykowaniem,<\/b> ni\u017c to si\u0119 dzieje w przypadku wielu innych os\u00f3b. <\/span><\/span><\/span><\/p>\n<p align=\"justify\"><span style=\"color: #000000;\"><span style=\"font-family: Book Antiqua, serif;\"><span style=\"font-size: large;\">To w\u0142a\u015bnie my szczeg\u00f3lnie winni\u015bmy si\u0119 <b>strzec pychy,<\/b> kt\u00f3ra mo\u017ce pojawi\u0107 si\u0119 w sercu, a kt\u00f3rej wyrazem b\u0119dzie przekonanie, \u017ce my ju\u017c naszej wiary <b>nie musimy udoskonala\u0107 ani zwi\u0119ksza\u0107, <\/b>bo ju\u017c jest wystarczaj\u0105co mocna. Niech nas B\u00f3g broni przed takim przekonaniem, bo to pierwszy i zasadniczy<b> krok do totalnego upadku i totalnej niewiary! <\/b><\/span><\/span><\/span><\/p>\n<p align=\"justify\"><span style=\"color: #000000;\"><span style=\"font-family: Book Antiqua, serif;\"><span style=\"font-size: large;\">Wprost przeciwnie: im bardziej mamy \u015bwiadomo\u015b\u0107, \u017ce staramy si\u0119 t\u0105 nasz\u0105 wiar\u0105 \u017cy\u0107 i j\u0105 praktykowa\u0107, tym gorliwiej mamy si\u0119 modli\u0107: <b>Panie,<\/b> <i><b>przymn\u00f3\u017c nam wiary!<\/b><\/i> A wtedy na pewno <b>nie b\u0119dzie problem\u00f3w<\/b> ani <b>z dobrym przyk\u0142adem,<\/b> jaki winni\u015bmy sobie nawzajem dawa\u0107, ani <b>ze zgorszeniem,<\/b> kt\u00f3rego powinni\u015bmy unika\u0107; ani <b>z przebaczeniem,<\/b> jakie winni\u015bmy sobie nawzajem okazywa\u0107\u2026 <\/span><\/span><\/span><\/p>\n<p align=\"justify\"><span style=\"color: #000000;\"><span style=\"font-family: Book Antiqua, serif;\"><span style=\"font-size: large;\">Dlatego w\u0142a\u015bnie dzisiaj prosimy \u2013 i codziennie b\u0119dziemy prosi\u0107 \u2013 <b>Panie, <\/b><i><b>przymn\u00f3\u017c nam wiary! <\/b><\/i><\/span><\/span><\/span><\/p>\n","protected":false},"excerpt":{"rendered":"<p>Szcz\u0119\u015b\u0107 Bo\u017ce! Moi Drodzy, witam u progu nowego dnia i nowego tygodnia pracy i nauki. Wczoraj u nas, po Mszy \u015awi\u0119tej, odby\u0142o si\u0119 kolejne spotkanie Studenckiego Ko\u0142a Formacyjnego, czyli Wsp\u00f3lnoty studenckiej, kt\u00f3ra kszta\u0142tuje si\u0119 ostatnio i intensyfikuje swoje dzia\u0142ania. A dzisiaj \u2013 spotkanie Akademickiego Ko\u0142a Biblijnego, czyli wszystkich ch\u0119tnych, kt\u00f3rzy chcieliby si\u0119 spotka\u0107 i porozmawia\u0107 [&hellip;]<\/p>\n","protected":false},"author":1,"featured_media":0,"comment_status":"open","ping_status":"open","sticky":false,"template":"","format":"standard","meta":{"jetpack_post_was_ever_published":false,"_jetpack_newsletter_access":"","_jetpack_dont_email_post_to_subs":false,"_jetpack_newsletter_tier_id":0,"_jetpack_memberships_contains_paywalled_content":false,"_jetpack_memberships_contains_paid_content":false,"footnotes":""},"categories":[1],"tags":[],"class_list":["post-21114","post","type-post","status-publish","format-standard","hentry","category-bez-kategorii"],"yoast_head":"<!-- This site is optimized with the Yoast SEO plugin v25.1 - https:\/\/yoast.com\/wordpress\/plugins\/seo\/ -->\n<title>Przymn\u00f3\u017c nam wiary! - Gaudium Et Spes<\/title>\n<meta name=\"robots\" content=\"index, follow, max-snippet:-1, max-image-preview:large, max-video-preview:-1\" \/>\n<link rel=\"canonical\" href=\"https:\/\/gaudiumetspes-blog.pl\/index.php\/2022\/11\/07\/przymnoz-nam-wiary-2\/\" \/>\n<meta property=\"og:locale\" content=\"pl_PL\" \/>\n<meta property=\"og:type\" content=\"article\" \/>\n<meta property=\"og:title\" content=\"Przymn\u00f3\u017c nam wiary! - Gaudium Et Spes\" \/>\n<meta property=\"og:description\" content=\"Szcz\u0119\u015b\u0107 Bo\u017ce! Moi Drodzy, witam u progu nowego dnia i nowego tygodnia pracy i nauki. Wczoraj u nas, po Mszy \u015awi\u0119tej, odby\u0142o si\u0119 kolejne spotkanie Studenckiego Ko\u0142a Formacyjnego, czyli Wsp\u00f3lnoty studenckiej, kt\u00f3ra kszta\u0142tuje si\u0119 ostatnio i intensyfikuje swoje dzia\u0142ania. A dzisiaj \u2013 spotkanie Akademickiego Ko\u0142a Biblijnego, czyli wszystkich ch\u0119tnych, kt\u00f3rzy chcieliby si\u0119 spotka\u0107 i porozmawia\u0107 [&hellip;]\" \/>\n<meta property=\"og:url\" content=\"https:\/\/gaudiumetspes-blog.pl\/index.php\/2022\/11\/07\/przymnoz-nam-wiary-2\/\" \/>\n<meta property=\"og:site_name\" content=\"Gaudium Et Spes\" \/>\n<meta property=\"article:published_time\" content=\"2022-11-07T08:30:41+00:00\" \/>\n<meta name=\"author\" content=\"Ks. Jacek\" \/>\n<meta name=\"twitter:card\" content=\"summary_large_image\" \/>\n<meta name=\"twitter:label1\" content=\"Napisane przez\" \/>\n\t<meta name=\"twitter:data1\" content=\"Ks. Jacek\" \/>\n\t<meta name=\"twitter:label2\" content=\"Szacowany czas czytania\" \/>\n\t<meta name=\"twitter:data2\" content=\"9 minut\" \/>\n<script type=\"application\/ld+json\" class=\"yoast-schema-graph\">{\"@context\":\"https:\/\/schema.org\",\"@graph\":[{\"@type\":\"WebPage\",\"@id\":\"https:\/\/gaudiumetspes-blog.pl\/index.php\/2022\/11\/07\/przymnoz-nam-wiary-2\/\",\"url\":\"https:\/\/gaudiumetspes-blog.pl\/index.php\/2022\/11\/07\/przymnoz-nam-wiary-2\/\",\"name\":\"Przymn\u00f3\u017c nam wiary! - Gaudium Et Spes\",\"isPartOf\":{\"@id\":\"https:\/\/gaudiumetspes-blog.pl\/#website\"},\"datePublished\":\"2022-11-07T08:30:41+00:00\",\"author\":{\"@id\":\"https:\/\/gaudiumetspes-blog.pl\/#\/schema\/person\/1661982992b752dea8dff0d4ed845a65\"},\"breadcrumb\":{\"@id\":\"https:\/\/gaudiumetspes-blog.pl\/index.php\/2022\/11\/07\/przymnoz-nam-wiary-2\/#breadcrumb\"},\"inLanguage\":\"pl-PL\",\"potentialAction\":[{\"@type\":\"ReadAction\",\"target\":[\"https:\/\/gaudiumetspes-blog.pl\/index.php\/2022\/11\/07\/przymnoz-nam-wiary-2\/\"]}]},{\"@type\":\"BreadcrumbList\",\"@id\":\"https:\/\/gaudiumetspes-blog.pl\/index.php\/2022\/11\/07\/przymnoz-nam-wiary-2\/#breadcrumb\",\"itemListElement\":[{\"@type\":\"ListItem\",\"position\":1,\"name\":\"Strona g\u0142\u00f3wna\",\"item\":\"https:\/\/gaudiumetspes-blog.pl\/\"},{\"@type\":\"ListItem\",\"position\":2,\"name\":\"Przymn\u00f3\u017c nam wiary!\"}]},{\"@type\":\"WebSite\",\"@id\":\"https:\/\/gaudiumetspes-blog.pl\/#website\",\"url\":\"https:\/\/gaudiumetspes-blog.pl\/\",\"name\":\"Gaudium Et Spes\",\"description\":\"Blog Ks. Jacka Ja\u015bkowskiego\",\"potentialAction\":[{\"@type\":\"SearchAction\",\"target\":{\"@type\":\"EntryPoint\",\"urlTemplate\":\"https:\/\/gaudiumetspes-blog.pl\/?s={search_term_string}\"},\"query-input\":{\"@type\":\"PropertyValueSpecification\",\"valueRequired\":true,\"valueName\":\"search_term_string\"}}],\"inLanguage\":\"pl-PL\"},{\"@type\":\"Person\",\"@id\":\"https:\/\/gaudiumetspes-blog.pl\/#\/schema\/person\/1661982992b752dea8dff0d4ed845a65\",\"name\":\"Ks. Jacek\",\"image\":{\"@type\":\"ImageObject\",\"inLanguage\":\"pl-PL\",\"@id\":\"https:\/\/gaudiumetspes-blog.pl\/#\/schema\/person\/image\/\",\"url\":\"https:\/\/gaudiumetspes-blog.pl\/wp-content\/uploads\/2019\/07\/avatar-JJ-150x150.jpg\",\"contentUrl\":\"https:\/\/gaudiumetspes-blog.pl\/wp-content\/uploads\/2019\/07\/avatar-JJ-150x150.jpg\",\"caption\":\"Ks. Jacek\"},\"description\":\"Witam serdecznie! K\u0142ania si\u0119 Ks. Jacek Ja\u015bkowski. Nie jestem ani kim\u015b wa\u017cnym, ani kim\u015b znanym. Jestem ksi\u0119dzem, kt\u00f3ry po prostu chce rozmawia\u0107. Codzienna kap\u0142a\u0144ska pos\u0142uga pokazuje mi, \u017ce temat\u00f3w do rozm\u00f3w z ksi\u0119dzem jest coraz wi\u0119cej i dzisiaj \u017caden ksi\u0105dz nie mo\u017ce od nich ucieka\u0107, ale - wprost przeciwnie - podejmowa\u0107 nowe wyzwania. To przekonanie sk\u0142oni\u0142o mnie do pr\u00f3by otwarcia tego\u017c bloga, chocia\u017c okazji do rozm\u00f3w na co dzie\u0144 - w konfesjonale i poza nim - na szcz\u0119\u015bcie nie brakuje. My\u015bl\u0119 jednak, \u017ce ten blog b\u0119dzie jeszcze jednym sposobem i przestrzeni\u0105 nawi\u0105zania kontaktu z lud\u017ami dobrej woli, otwartymi na dialog.\",\"url\":\"https:\/\/gaudiumetspes-blog.pl\/index.php\/author\/ks-jacek\/\"}]}<\/script>\n<!-- \/ Yoast SEO plugin. -->","yoast_head_json":{"title":"Przymn\u00f3\u017c nam wiary! - Gaudium Et Spes","robots":{"index":"index","follow":"follow","max-snippet":"max-snippet:-1","max-image-preview":"max-image-preview:large","max-video-preview":"max-video-preview:-1"},"canonical":"https:\/\/gaudiumetspes-blog.pl\/index.php\/2022\/11\/07\/przymnoz-nam-wiary-2\/","og_locale":"pl_PL","og_type":"article","og_title":"Przymn\u00f3\u017c nam wiary! - Gaudium Et Spes","og_description":"Szcz\u0119\u015b\u0107 Bo\u017ce! Moi Drodzy, witam u progu nowego dnia i nowego tygodnia pracy i nauki. Wczoraj u nas, po Mszy \u015awi\u0119tej, odby\u0142o si\u0119 kolejne spotkanie Studenckiego Ko\u0142a Formacyjnego, czyli Wsp\u00f3lnoty studenckiej, kt\u00f3ra kszta\u0142tuje si\u0119 ostatnio i intensyfikuje swoje dzia\u0142ania. A dzisiaj \u2013 spotkanie Akademickiego Ko\u0142a Biblijnego, czyli wszystkich ch\u0119tnych, kt\u00f3rzy chcieliby si\u0119 spotka\u0107 i porozmawia\u0107 [&hellip;]","og_url":"https:\/\/gaudiumetspes-blog.pl\/index.php\/2022\/11\/07\/przymnoz-nam-wiary-2\/","og_site_name":"Gaudium Et Spes","article_published_time":"2022-11-07T08:30:41+00:00","author":"Ks. Jacek","twitter_card":"summary_large_image","twitter_misc":{"Napisane przez":"Ks. Jacek","Szacowany czas czytania":"9 minut"},"schema":{"@context":"https:\/\/schema.org","@graph":[{"@type":"WebPage","@id":"https:\/\/gaudiumetspes-blog.pl\/index.php\/2022\/11\/07\/przymnoz-nam-wiary-2\/","url":"https:\/\/gaudiumetspes-blog.pl\/index.php\/2022\/11\/07\/przymnoz-nam-wiary-2\/","name":"Przymn\u00f3\u017c nam wiary! - Gaudium Et Spes","isPartOf":{"@id":"https:\/\/gaudiumetspes-blog.pl\/#website"},"datePublished":"2022-11-07T08:30:41+00:00","author":{"@id":"https:\/\/gaudiumetspes-blog.pl\/#\/schema\/person\/1661982992b752dea8dff0d4ed845a65"},"breadcrumb":{"@id":"https:\/\/gaudiumetspes-blog.pl\/index.php\/2022\/11\/07\/przymnoz-nam-wiary-2\/#breadcrumb"},"inLanguage":"pl-PL","potentialAction":[{"@type":"ReadAction","target":["https:\/\/gaudiumetspes-blog.pl\/index.php\/2022\/11\/07\/przymnoz-nam-wiary-2\/"]}]},{"@type":"BreadcrumbList","@id":"https:\/\/gaudiumetspes-blog.pl\/index.php\/2022\/11\/07\/przymnoz-nam-wiary-2\/#breadcrumb","itemListElement":[{"@type":"ListItem","position":1,"name":"Strona g\u0142\u00f3wna","item":"https:\/\/gaudiumetspes-blog.pl\/"},{"@type":"ListItem","position":2,"name":"Przymn\u00f3\u017c nam wiary!"}]},{"@type":"WebSite","@id":"https:\/\/gaudiumetspes-blog.pl\/#website","url":"https:\/\/gaudiumetspes-blog.pl\/","name":"Gaudium Et Spes","description":"Blog Ks. Jacka Ja\u015bkowskiego","potentialAction":[{"@type":"SearchAction","target":{"@type":"EntryPoint","urlTemplate":"https:\/\/gaudiumetspes-blog.pl\/?s={search_term_string}"},"query-input":{"@type":"PropertyValueSpecification","valueRequired":true,"valueName":"search_term_string"}}],"inLanguage":"pl-PL"},{"@type":"Person","@id":"https:\/\/gaudiumetspes-blog.pl\/#\/schema\/person\/1661982992b752dea8dff0d4ed845a65","name":"Ks. Jacek","image":{"@type":"ImageObject","inLanguage":"pl-PL","@id":"https:\/\/gaudiumetspes-blog.pl\/#\/schema\/person\/image\/","url":"https:\/\/gaudiumetspes-blog.pl\/wp-content\/uploads\/2019\/07\/avatar-JJ-150x150.jpg","contentUrl":"https:\/\/gaudiumetspes-blog.pl\/wp-content\/uploads\/2019\/07\/avatar-JJ-150x150.jpg","caption":"Ks. Jacek"},"description":"Witam serdecznie! K\u0142ania si\u0119 Ks. Jacek Ja\u015bkowski. Nie jestem ani kim\u015b wa\u017cnym, ani kim\u015b znanym. Jestem ksi\u0119dzem, kt\u00f3ry po prostu chce rozmawia\u0107. Codzienna kap\u0142a\u0144ska pos\u0142uga pokazuje mi, \u017ce temat\u00f3w do rozm\u00f3w z ksi\u0119dzem jest coraz wi\u0119cej i dzisiaj \u017caden ksi\u0105dz nie mo\u017ce od nich ucieka\u0107, ale - wprost przeciwnie - podejmowa\u0107 nowe wyzwania. To przekonanie sk\u0142oni\u0142o mnie do pr\u00f3by otwarcia tego\u017c bloga, chocia\u017c okazji do rozm\u00f3w na co dzie\u0144 - w konfesjonale i poza nim - na szcz\u0119\u015bcie nie brakuje. My\u015bl\u0119 jednak, \u017ce ten blog b\u0119dzie jeszcze jednym sposobem i przestrzeni\u0105 nawi\u0105zania kontaktu z lud\u017ami dobrej woli, otwartymi na dialog.","url":"https:\/\/gaudiumetspes-blog.pl\/index.php\/author\/ks-jacek\/"}]}},"jetpack_featured_media_url":"","jetpack_sharing_enabled":true,"_links":{"self":[{"href":"https:\/\/gaudiumetspes-blog.pl\/index.php\/wp-json\/wp\/v2\/posts\/21114","targetHints":{"allow":["GET"]}}],"collection":[{"href":"https:\/\/gaudiumetspes-blog.pl\/index.php\/wp-json\/wp\/v2\/posts"}],"about":[{"href":"https:\/\/gaudiumetspes-blog.pl\/index.php\/wp-json\/wp\/v2\/types\/post"}],"author":[{"embeddable":true,"href":"https:\/\/gaudiumetspes-blog.pl\/index.php\/wp-json\/wp\/v2\/users\/1"}],"replies":[{"embeddable":true,"href":"https:\/\/gaudiumetspes-blog.pl\/index.php\/wp-json\/wp\/v2\/comments?post=21114"}],"version-history":[{"count":1,"href":"https:\/\/gaudiumetspes-blog.pl\/index.php\/wp-json\/wp\/v2\/posts\/21114\/revisions"}],"predecessor-version":[{"id":21115,"href":"https:\/\/gaudiumetspes-blog.pl\/index.php\/wp-json\/wp\/v2\/posts\/21114\/revisions\/21115"}],"wp:attachment":[{"href":"https:\/\/gaudiumetspes-blog.pl\/index.php\/wp-json\/wp\/v2\/media?parent=21114"}],"wp:term":[{"taxonomy":"category","embeddable":true,"href":"https:\/\/gaudiumetspes-blog.pl\/index.php\/wp-json\/wp\/v2\/categories?post=21114"},{"taxonomy":"post_tag","embeddable":true,"href":"https:\/\/gaudiumetspes-blog.pl\/index.php\/wp-json\/wp\/v2\/tags?post=21114"}],"curies":[{"name":"wp","href":"https:\/\/api.w.org\/{rel}","templated":true}]}}