{"id":21137,"date":"2022-11-18T08:12:14","date_gmt":"2022-11-18T07:12:14","guid":{"rendered":"https:\/\/gaudiumetspes-blog.pl\/?p=21137"},"modified":"2022-11-18T08:12:14","modified_gmt":"2022-11-18T07:12:14","slug":"trzeba-ci-prorokowac","status":"publish","type":"post","link":"https:\/\/gaudiumetspes-blog.pl\/index.php\/2022\/11\/18\/trzeba-ci-prorokowac\/","title":{"rendered":"Trzeba Ci prorokowa\u0107&#8230;"},"content":{"rendered":"<p align=\"justify\"><span style=\"color: #000000;\"><span style=\"font-family: Book Antiqua, serif;\"><span style=\"font-size: large;\">Szcz\u0119\u015b\u0107 Bo\u017ce! Moi Drodzy, w dniu dzisiejszym <b>imieniny prze\u017cywa Ksi\u0105dz Profesor Roman Krawczyk, przez cztery pierwsze lata mojej seminaryjnej formacji: Rektor naszego siedleckiego Seminarium, a do ko\u0144ca pobytu w Seminarium: Wyk\u0142adowca Starego Testamentu; <\/b><b>obecnie za\u015b \u2013 <\/b><b>emerytowany <\/b><b>Wyk\u0142adowca Uniwersytetu Przyrodniczo \u2013 Humanistycznego w Siedlcach, przy kt\u00f3rym przysz\u0142o mi pe\u0142ni\u0107 pos\u0142ug\u0119 Duszpasterza <\/b><b>A<\/b><b>kademickiego.<\/b><b> <\/b><\/span><\/span><\/span><\/p>\n<p align=\"justify\"><span style=\"color: #000000;\"><span style=\"font-family: Book Antiqua, serif;\"><span style=\"font-size: large;\"><b>Dzi\u0119kuj\u0105c Ksi\u0119dzu Rektorowi za wiele dobra, jakie od Niego otrzyma\u0142em, a szczeg\u00f3lnie za dwa pi\u0119kne gesty, kt\u00f3re wobec mnie uczyni\u0142, a kt\u00f3re pokaza\u0142y mi Go jako <\/b><b>C<\/b><b>z\u0142owieka o naprawd\u0119 wielkiej klasie i wielkim formacie ludzkim i kap\u0142a\u0144skim, \u017cycz\u0119 Bo\u017cego b\u0142ogos\u0142awie\u0144stwa w pos\u0142udze kap\u0142a\u0144skiej i pracy naukowej!<\/b><\/span><\/span><\/span><\/p>\n<p align=\"justify\"><span style=\"color: #000000;\"><span style=\"font-family: Book Antiqua, serif;\"><span style=\"font-size: large;\"><b>Urodziny natomiast prze\u017cywa Magda Martyniuk, nale\u017c\u0105ca w swoim czasie do jednej z m\u0142odzie\u017cowych Wsp\u00f3lnot. <\/b><\/span><\/span><\/span><\/p>\n<p align=\"justify\"><span style=\"color: #000000;\"><span style=\"font-family: Book Antiqua, serif;\"><span style=\"font-size: large;\"><b>Oboje \u015bwi\u0119tuj\u0105cych zapewniam o modlitwie!<\/b><\/span><\/span><\/span><\/p>\n<p align=\"justify\"><span style=\"color: #000000;\"><span style=\"font-family: Book Antiqua, serif;\"><span style=\"font-size: large;\">Moi Drodzy, zapraszam Was dzisiaj na audycj\u0119 w Katolickim Radiu Podlasie, w ramach cyklu AKADEMICKIE GAUDEAMUS. Tematem b\u0119dzie aktualna dzia\u0142alno\u015b\u0107 uczelnianego O\u015brodka J\u0119zyka Polskiego i Kultury Polskiej oraz Samorz\u0105du Studenckiego. Zaczynamy o godzinie 21:40. Mo\u017cna nas s\u0142ucha\u0107 tak\u017ce w internecie. Zapraszam do \u0142\u0105czno\u015bci z nami \u2013 smsowej, internetowej i telefonicznej.<\/span><\/span><\/span><\/p>\n<p align=\"justify\"><span style=\"color: #000000;\"><span style=\"font-family: Book Antiqua, serif;\"><span style=\"font-size: large;\">A wcze\u015bniej, w ci\u0105gu dnia, planuj\u0119 by\u0107 w Kodniu. Obiecuj\u0119 \u2013 jak zawsze \u2013 wspomnie\u0107 o Was Matce naszej.<\/span><\/span><\/span><\/p>\n<p align=\"justify\"><span style=\"color: #000000;\"><span style=\"font-family: Book Antiqua, serif;\"><span style=\"font-size: large;\">Teraz za\u015b ju\u017c zapraszam Wszystkich do ws\u0142uchania si\u0119 w Bo\u017ce s\u0142owo i odnalezienia tego <b>osobistego przes\u0142ania, z jakim Pan do mnie konkretnie si\u0119 zwraca. <\/b>Niech Duch \u015awi\u0119ty b\u0119dzie \u015bwiat\u0142em i natchnieniem!<\/span><\/span><\/span><\/p>\n<p align=\"justify\"><span style=\"color: #000000;\"><span style=\"font-family: Book Antiqua, serif;\"><span style=\"font-size: large;\"><b>Niech Was b\u0142ogos\u0142awi B\u00f3g Wszechmog\u0105cy: Ojciec + i Syn, i Duch \u015awi\u0119ty. Amen<\/b><\/span><\/span><\/span><\/p>\n<p align=\"center\"><span style=\"color: #000000;\"><span style=\"font-family: Book Antiqua, serif;\"><span style=\"font-size: large;\">Gaudium et spes! Ks. Jacek<\/span><\/span><\/span><\/p>\n<p align=\"center\">\n<p align=\"center\">\n<p align=\"center\">\n<p align=\"center\">\n<p align=\"center\">\n<p align=\"justify\"><span style=\"color: #000000;\"><span style=\"font-family: Book Antiqua, serif;\"><span style=\"font-size: large;\"><b>Pi\u0105tek 33 Tygodnia zwyk\u0142ego, rok II,<\/b><\/span><\/span><\/span><\/p>\n<p align=\"justify\"><span style=\"color: #000000;\"><span style=\"font-family: Book Antiqua, serif;\"><span style=\"font-size: large;\"><b>Wspomnienie B\u0142. Karoliny K\u00f3zk\u00f3wny, Dziewicy i M\u0119czennicy,<\/b><\/span><\/span><\/span><\/p>\n<p align=\"justify\"><span style=\"color: #000000;\"><span style=\"font-family: Book Antiqua, serif;\"><span style=\"font-size: large;\"><b>18 listopada 2022.,<\/b><\/span><\/span><\/span><\/p>\n<p align=\"justify\"><span style=\"color: #000000;\"><span style=\"font-family: Book Antiqua, serif;\"><span style=\"font-size: large;\"><b>do czyta\u0144: Ap 10,8\u201311; \u0141k 19,45\u201348<\/b><\/span><\/span><\/span><\/p>\n<p align=\"justify\">\n<p align=\"justify\">\n<p align=\"justify\">\n<p align=\"justify\">\n<p align=\"justify\">\n<p align=\"justify\"><span style=\"color: #000000;\"><span style=\"font-family: Book Antiqua, serif;\"><span style=\"font-size: large;\"><b>CZYTANIE Z KSI\u0118GI APOKALIPSY \u015aWI\u0118TEGO JANA APOSTO\u0141A:<\/b><\/span><\/span><\/span><\/p>\n<p align=\"justify\"><span style=\"color: #000000;\"><span style=\"font-family: Book Antiqua, serif;\"><span style=\"font-size: large;\"><b>Ja, Jan, zn\u00f3w us\u0142ysza\u0142em g\u0142os z nieba, jak zwraca\u0142 si\u0119 do mnie w s\u0142owach: \u201eId\u017a, we\u017a ksi\u0119g\u0119 otwart\u0105 w r\u0119ce anio\u0142a stoj\u0105cego na morzu i na ziemi\u201d.<\/b><\/span><\/span><\/span><\/p>\n<p align=\"justify\"><span style=\"color: #000000;\"><span style=\"font-family: Book Antiqua, serif;\"><span style=\"font-size: large;\"><b>Poszed\u0142em wi\u0119c do anio\u0142a, m\u00f3wi\u0105c mu, by mi da\u0142 ksi\u0105\u017ceczk\u0119. I rzecze mi: \u201eWe\u017a i po\u0142knij j\u0105, a nape\u0142ni wn\u0119trzno\u015bci twe gorycz\u0105, lecz w ustach twych b\u0119dzie s\u0142odka jak mi\u00f3d\u201d. I wzi\u0105\u0142em ksi\u0105\u017ceczk\u0119 z r\u0119ki anio\u0142a i po\u0142kn\u0105\u0142em j\u0105, a w ustach moich sta\u0142a si\u0119 s\u0142odka jak mi\u00f3d, a gdy j\u0105 spo\u017cy\u0142em, gorycz\u0105 nape\u0142ni\u0142y si\u0119 moje wn\u0119trzno\u015bci.<\/b><\/span><\/span><\/span><\/p>\n<p align=\"justify\"><span style=\"color: #000000;\"><span style=\"font-family: Book Antiqua, serif;\"><span style=\"font-size: large;\"><b>I m\u00f3wi\u0105 mi: \u201eTrzeba ci zn\u00f3w prorokowa\u0107 o ludach, narodach, j\u0119zykach i o wielu kr\u00f3lach\u201d.<\/b><\/span><\/span><\/span><\/p>\n<p align=\"justify\">\n<p align=\"justify\">\n<p align=\"justify\">\n<p align=\"justify\">\n<p align=\"justify\">\n<p align=\"justify\"><span style=\"color: #000000;\"><span style=\"font-family: Book Antiqua, serif;\"><span style=\"font-size: large;\"><b>S\u0141OWA EWANGELII WED\u0141UG \u015aWI\u0118TEGO \u0141UKASZA:<\/b><\/span><\/span><\/span><\/p>\n<p align=\"justify\"><span style=\"color: #000000;\"><span style=\"font-family: Book Antiqua, serif;\"><span style=\"font-size: large;\"><b>Jezus wszed\u0142 do \u015bwi\u0105tyni i zacz\u0105\u0142 wyrzuca\u0107 sprzedaj\u0105cych w niej. M\u00f3wi\u0142 do nich: \u201eNapisane jest: \u00abM\u00f3j dom b\u0119dzie domem modlitwy\u00bb, a wy uczynili\u015bcie z niego jaskini\u0119 zb\u00f3jc\u00f3w\u201d.<\/b><\/span><\/span><\/span><\/p>\n<p align=\"justify\"><span style=\"color: #000000;\"><span style=\"font-family: Book Antiqua, serif;\"><span style=\"font-size: large;\"><b>I naucza\u0142 codziennie w \u015bwi\u0105tyni. Lecz arcykap\u0142ani i uczeni w Pi\u015bmie oraz przyw\u00f3dcy ludu czyhali na Jego \u017cycie. Tylko nie wiedzieli, co by mogli uczyni\u0107, ca\u0142y lud bowiem s\u0142ucha\u0142 Go z zapartym tchem.<\/b><\/span><\/span><\/span><\/p>\n<p align=\"justify\">\n<p align=\"justify\">\n<p align=\"justify\">\n<p align=\"justify\">\n<p align=\"justify\">\n<p align=\"justify\"><span style=\"color: #000000;\"><span style=\"font-family: Book Antiqua, serif;\"><span style=\"font-size: large;\">I znowu mowa w pierwszym czytaniu <b>o ksi\u0119dze. <\/b>Zaledwie wczoraj czytali\u015bmy i rozwa\u017cali\u015bmy o ksi\u0119dze, kt\u00f3r\u0105 <b>na swej prawej r\u0119ce mia\u0142 <\/b><b>\u00ab<\/b><b>Zasiadaj\u0105cy na tronie<\/b><b>\u00bb<\/b><b>,<\/b> a kt\u00f3ra to ksi\u0119ga by\u0142a od wewn\u0105trz ca\u0142a zapisana, a od zewn\u0105trz \u2013 <b>zapiecz\u0119towana na siedem piecz\u0119ci.<\/b> Nikt nie m\u00f3g\u0142 tych piecz\u0119ci z\u0142ama\u0107 i ksi\u0119gi otworzy\u0107 \u2013 poza samym Synem Bo\u017cym. W ksi\u0119dze tej \u2013 jak mo\u017cna wywnioskowa\u0107 z ca\u0142o\u015bci przes\u0142ania Apokalipsy \u015awi\u0119tego Jana \u2013 zapisane zosta\u0142y <b>przysz\u0142e losy Ko\u015bcio\u0142a i \u015bwiata. <\/b><\/span><\/span><\/span><\/p>\n<p align=\"justify\"><span style=\"color: #000000;\"><span style=\"font-family: Book Antiqua, serif;\"><span style=\"font-size: large;\">I oto dzisiaj tak\u017ce ksi\u0119ga, kt\u00f3r\u0105 Jan okre\u015bla zdrobniale jako <b>\u00ab<\/b><b>ksi\u0105\u017ceczka<\/b><b>\u00bb<\/b><b>. <\/b>W innym t\u0142umaczeniu pojawia si\u0119 okre\u015blenie <b>\u00ab<\/b><b>male\u0144ki zw\u00f3j<\/b><b>\u00bb<\/b><b>.<\/b> Mo\u017ce dlatego male\u0144ki, \u017ce <b>przeznaczony do \u201espo\u017cycia\u201d przez cz\u0142owieka,<\/b> czyli jego tre\u015b\u0107 ma by\u0107 przyj\u0119ta i przyswojona przez cz\u0142owieka, a przecie\u017c cz\u0142owiek \u2013 sam w sobie \u2013<b> jest male\u0144ki\u2026<\/b> I jego mo\u017cliwo\u015bci<b> s\u0105 male\u0144kie\u2026<\/b> A jednak to w\u0142a\u015bnie ten cz\u0142owiek ma przyj\u0105\u0107 \u00f3w dar z r\u0119ki anio\u0142a i p\u00f3j\u015b\u0107 g\u0142osi\u0107 s\u0142owo Bo\u017ce \u2013 <b>pe\u0142ni\u0107 misj\u0119 prorock\u0105.<\/b> <\/span><\/span><\/span><\/p>\n<p align=\"justify\"><span style=\"color: #000000;\"><span style=\"font-family: Book Antiqua, serif;\"><span style=\"font-size: large;\">Owo pe\u0142nienie tej misji b\u0119dzie si\u0119 dla samego g\u0142osz\u0105cego <b>niema\u0142ym wyrzeczeniem,<\/b> czasami te\u017c gorycz\u0105, co symbolizuje <b>gorzki smak<\/b> spo\u017cywanej ksi\u0105\u017ceczki. Smak ten przywodzi r\u00f3wnie\u017c na my\u015bl skojarzenie <b>z gorzkim losem tych, kt\u00f3rzy odrzuc\u0105<\/b> g\u0142oszone przez proroka \u2013 przecie\u017c w imi\u0119 Bo\u017ce \u2013 or\u0119dzie. <\/span><\/span><\/span><\/p>\n<p align=\"justify\"><span style=\"color: #000000;\"><span style=\"font-family: Book Antiqua, serif;\"><span style=\"font-size: large;\">Jak jednak dzisiaj s\u0142yszymy, w pierwszym czytaniu mowa jest nie tylko o smaku gorzkim. Pojawia si\u0119 bowiem r\u00f3wnie\u017c stwierdzenie <b>o odczuciu wielkiej s\u0142odyczy.<\/b> Tak, bo pe\u0142nienie misji prorockiej, g\u0142oszenie Bo\u017cego s\u0142owa w imieniu Boga \u2013 jest <b>samo w sobie pi\u0119kne i s\u0142odkie, <\/b>niesie ogromn\u0105<b> rado\u015b\u0107 i szcz\u0119\u015bcie. <\/b>I t\u0119 w\u0142a\u015bnie rado\u015b\u0107 i szcz\u0119\u015bcie Bo\u017ce s\u0142owo przynosi tym, kt\u00f3rzy je przyjmuj\u0105. <\/span><\/span><\/span><\/p>\n<p align=\"justify\"><span style=\"color: #000000;\"><span style=\"font-family: Book Antiqua, serif;\"><span style=\"font-size: large;\">Oni tak\u017ce nie s\u0105 wolni \u2013 tu, na ziemi \u2013 od chwil smutnych, chwil goryczy, chwil cierpienia\u2026 Ale <b>w g\u0142\u0119bi serca<\/b> cz\u0142owiek, kt\u00f3ry jest blisko Boga, kt\u00f3ry przyjmuje s\u0142owo Boga, kt\u00f3ry przejmuje si\u0119 s\u0142owem Boga \u2013 <b>jest szcz\u0119\u015bliwy,<\/b> bo ma \u015bwiadomo\u015b\u0107, \u017ce swoje \u017cycie uk\u0142ada <b>m\u0105drze i sensownie, <\/b>w jakim\u015b konkretnym kierunku i celu\u2026 <\/span><\/span><\/span><\/p>\n<p align=\"justify\"><span style=\"color: #000000;\"><span style=\"font-family: Book Antiqua, serif;\"><span style=\"font-size: large;\">Ale trzeba si\u0119 opowiedzie\u0107 \u2013 <b>jasno i <\/b><b>wyra\u017anie<\/b><b>, mo\u017ce nawet radykalnie<\/b> \u2013 za Panem, lub przeciw Niemu. Za <b>Bo\u017cym s\u0142owem, <\/b>albo za s\u0142owem \u015bwiata.<b> Za prawdziwym bogactwem,<\/b> kt\u00f3re tylko B\u00f3g da\u0107 mo\u017ce, albo za straganami, symbolizuj\u0105cymi \u201ebogactwa\u201d tego \u015bwiata, ca\u0142y ten ba\u0142agan i blichtr \u015bwiata, wszystkie te b\u0142yskotki i maskotki, kt\u00f3re <b>tylko udaj\u0105 prawdziwe bogactwo, <\/b>a kt\u00f3re jedynie odwracaj\u0105 uwag\u0119 od tego, co najwa\u017cniejsze. <b>Trzeba si\u0119 opowiedzie\u0107! <\/b><\/span><\/span><\/span><\/p>\n<p align=\"justify\"><span style=\"color: #000000;\"><span style=\"font-family: Book Antiqua, serif;\"><span style=\"font-size: large;\">I je\u017celi b\u0119dzie to wyb\u00f3r Jezusa i Jego s\u0142owa, to trzeba przyj\u0105\u0107, a wi\u0119c <b>\u00ab<\/b><b>spo\u017cy\u0107<\/b><b>\u00bb<\/b><b> Ksi\u0119g\u0119 Bo\u017cego s\u0142owa,<\/b> a dok\u0142adniej: <b>codziennie j\u0105 <\/b><b>\u00ab<\/b><b>spo\u017cywa\u0107<\/b><b>\u00bb<\/b><b>,<\/b> przyjmuj\u0105c \u00f3d duchowy pokarm, kt\u00f3ry nape\u0142nia\u0107 b\u0119dzie serca <b>wielk\u0105 s\u0142odycz\u0105,<\/b> ale nierzadko tak\u017ce: <b>gorycz\u0105 i cierpieniem,<\/b> od jakich nigdy na tym \u015bwiecie, nie uwolni si\u0119 cz\u0142owiek Bo\u017cy. <\/span><\/span><\/span><\/p>\n<p align=\"justify\"><span style=\"color: #000000;\"><span style=\"font-family: Book Antiqua, serif;\"><span style=\"font-size: large;\">M\u00f3wi\u0105c jeszcze inaczej: je\u017celi b\u0119dzie to wyb\u00f3r Jezusa i Jego s\u0142owa, to trzeba tak radykalnie, jak Jezus dzisiaj w Ewangelii \u2013 <b>powywraca\u0107 <\/b><b>w swoim \u017cyciu i w swoim sercu <\/b><b>stragany, zastawione bogactwami tego \u015bwiata,<\/b> aby zrobi\u0107 w sercu miejsce dla jedynego bogactwa. To si\u0119 musi <b>dokona\u0107 radykalnie! I oby jak najszybciej. <\/b><\/span><\/span><\/span><\/p>\n<p align=\"justify\"><span style=\"color: #000000;\"><span style=\"font-family: Book Antiqua, serif;\"><span style=\"font-size: large;\">Tak, jak bardzo szybko, bo od pocz\u0105tku swego \u017cycia na tym \u015bwiecie \u2013 do jego r\u00f3wnie, niestety, szybkiego ko\u0144ca \u2013 uczyni\u0142a Patronka dnia dzisiejszego, <b>Karolin<\/b><b>a<\/b><b> K\u00f3zk\u00f3wn<\/b><b>a<\/b><b>, Dziewic<\/b><b>a<\/b><b> i M\u0119czennic<\/b><b>a<\/b><b>.<\/b><\/span><\/span><\/span><\/p>\n<p align=\"justify\"><span style=\"color: #000000;\"><span style=\"font-size: large;\"><span style=\"font-family: Book Antiqua, serif;\">Urodzi\u0142a si\u0119 w podtarnowskiej wsi<\/span><span style=\"font-family: Book Antiqua, serif;\"><b> Wa\u0142\u2013Ruda, 2 sierpnia 1898 roku,<\/b><\/span><span style=\"font-family: Book Antiqua, serif;\"> jako czwarte z jedena\u015bciorga dzieci. Pi\u0119\u0107 dni p\u00f3\u017aniej otrzyma\u0142a Chrzest \u015awi\u0119ty w ko\u015bciele parafialnym w Rad\u0142owie. Jej rodzice posiadali niewielkie gospodarstwo. Pracowa\u0142a z nimi na roli. <\/span><\/span><\/span><\/p>\n<p align=\"justify\"><span style=\"color: #000000;\"><span style=\"font-size: large;\"><span style=\"font-family: Book Antiqua, serif;\"><b>Wzrasta\u0142a w atmosferze \u017cywej i autentycznej wiary,<\/b><\/span><span style=\"font-family: Book Antiqua, serif;\"> kt\u00f3ra wyra\u017ca\u0142a si\u0119 we wsp\u00f3lnej rodzinnej modlitwie wieczorem i przy posi\u0142kach, w codziennym \u015bpiewaniu \u201e<\/span><span style=\"font-family: Book Antiqua, serif;\">Godzinek\u201d<\/span><span style=\"font-family: Book Antiqua, serif;\"><i>,<\/i><\/span><span style=\"font-family: Book Antiqua, serif;\"> cz\u0119stym przyst\u0119powaniu do Sakrament\u00f3w <\/span><span style=\"font-family: Book Antiqua, serif;\"><b>i uczestniczeniu we Mszy \u015awi\u0119tej <\/b><\/span><span style=\"font-family: Book Antiqua, serif;\">\u2013 tak\u017ce w dzie\u0144 powszedni. <\/span><\/span><\/span><\/p>\n<p align=\"justify\"><span style=\"color: #000000;\"><span style=\"font-size: large;\"><span style=\"font-family: Book Antiqua, serif;\">Ich uboga chata by\u0142a nazywana \u201eko\u015bci\u00f3\u0142kiem\u201d. Krewni i s\u0105siedzi gromadzili si\u0119 tam cz\u0119sto <\/span><span style=\"font-family: Book Antiqua, serif;\"><b>na wsp\u00f3lne czytanie Pisma \u015awi\u0119tego, <\/b><\/span><span style=\"font-family: Book Antiqua, serif;\">\u017cywot\u00f3w <\/span><span style=\"font-family: Book Antiqua, serif;\">\u015a<\/span><span style=\"font-family: Book Antiqua, serif;\">wi\u0119tych i religijnych czasopism. <\/span><span style=\"font-family: Book Antiqua, serif;\">W Wielkim Po\u015bcie \u015bpiewano tam \u201e<\/span><span style=\"font-family: Book Antiqua, serif;\">Gorzkie \u017bale\u201d<\/span><span style=\"font-family: Book Antiqua, serif;\"><i>,<\/i><\/span><span style=\"font-family: Book Antiqua, serif;\"> a w okresie Bo\u017cego Narodzenia \u2013 kol\u0119dy. <\/span><\/span><\/span><\/p>\n<p align=\"justify\"><span style=\"color: #000000;\"><span style=\"font-size: large;\"><span style=\"font-family: Book Antiqua, serif;\">Karolina od najm\u0142odszych lat ukocha\u0142a modlitw\u0119 i stara\u0142a si\u0119 wzrasta\u0107 w mi\u0142o\u015bci Bo\u017cej. <\/span><span style=\"font-family: Book Antiqua, serif;\">Nie rozstawa\u0142a si\u0119 z otrzymanym od matki <\/span><span style=\"font-family: Book Antiqua, serif;\"><b>r\u00f3\u017ca\u0144cem \u2013 modli\u0142a si\u0119 nie tylko w ci\u0105gu dnia, ale i w nocy.<\/b><\/span><span style=\"font-family: Book Antiqua, serif;\"> We wszystkim by\u0142a pos\u0142uszna rodzicom, z mi\u0142o\u015bci\u0105 i trosk\u0105 opiekowa\u0142a si\u0119 licznym m\u0142odszym rodze\u0144stwem. <\/span><\/span><\/span><\/p>\n<p align=\"justify\"><span style=\"color: #000000;\"><span style=\"font-size: large;\"><span style=\"font-family: Book Antiqua, serif;\">W 1906 roku rozpocz\u0119\u0142a <\/span><span style=\"font-family: Book Antiqua, serif;\"><b>nauk\u0119 w ludowej szkole podstawowej,<\/b><\/span><span style=\"font-family: Book Antiqua, serif;\"> kt\u00f3r\u0105 uko\u0144czy\u0142a w 1912 roku. Potem ucz\u0119szcza\u0142a jeszcze na tak zwan\u0105 nauk\u0119 dope\u0142niaj\u0105c\u0105 trzy razy w tygodniu. Uczy\u0142a si\u0119 ch\u0119tnie i bardzo dobrze, <\/span><span style=\"font-family: Book Antiqua, serif;\"><b>z religii otrzymywa\u0142a zawsze najwy\u017csze oceny,<\/b><\/span><span style=\"font-family: Book Antiqua, serif;\"> by\u0142a pracowita i obowi\u0105zkowa. <\/span><\/span><\/span><\/p>\n<p align=\"justify\"><span style=\"color: #000000;\"><span style=\"font-size: large;\"><span style=\"font-family: Book Antiqua, serif;\">Du\u017cy wp\u0142yw na duchowy rozw\u00f3j przysz\u0142ej B\u0142ogos\u0142awionej mia\u0142<\/span><b> <\/b><span style=\"font-family: Book Antiqua, serif;\">jej<\/span><span style=\"font-family: Book Antiqua, serif;\"><b> wuj, Franciszek Borz\u0119cki, cz\u0142owiek bardzo religijny<\/b><\/span><span style=\"font-family: Book Antiqua, serif;\"> i zaanga\u017cowany w dzia\u0142alno\u015b\u0107 apostolsk\u0105 i spo\u0142eczn\u0105. Karolina <\/span><span style=\"font-family: Book Antiqua, serif;\"><b>pomaga\u0142a mu w prowadzeniu \u015bwietlicy i biblioteki,<\/b><\/span><span style=\"font-family: Book Antiqua, serif;\"> do kt\u00f3rej przychodzi\u0142y cz\u0119sto osoby doros\u0142e i m\u0142odzie\u017c. Prowadzono tam kszta\u0142c\u0105ce rozmowy, \u015bpiewano pie\u015bni religijne i patriotyczne, deklamowano utwory wieszcz\u00f3w. <\/span><\/span><\/span><\/p>\n<p align=\"justify\"><span style=\"color: #000000;\"><span style=\"font-size: large;\"><span style=\"font-family: Book Antiqua, serif;\">Karolina<\/span><span style=\"font-family: Book Antiqua, serif;\"><b> odkrywa\u0142a w sobie talent katechetyczny.<\/b><\/span><span style=\"font-family: Book Antiqua, serif;\"> Nie poprzestawa\u0142a na tym, \u017ce pozna\u0142a jak\u0105\u015b prawd\u0119 wiary lub us\u0142ysza\u0142a wa\u017cne s\u0142owo \u2013 <\/span><span style=\"font-family: Book Antiqua, serif;\"><b>zawsze spieszy\u0142a, by przekaza\u0107 je innym.<\/b><\/span><span style=\"font-family: Book Antiqua, serif;\"> Z potrzeby serca <\/span><span style=\"font-family: Book Antiqua, serif;\"><b>katechizowa\u0142a swoje rodze\u0144stwo i okoliczne dzieci,<\/b><\/span><span style=\"font-family: Book Antiqua, serif;\"> \u015bpiewa\u0142a z nimi pie\u015bni religijne, odmawia\u0142a R\u00f3\u017caniec i zach\u0119ca\u0142a do \u017cycia wed\u0142ug Bo\u017cych przykaza\u0144. <\/span><span style=\"font-family: Book Antiqua, serif;\">Wra\u017cliwa na potrzeby bli\u017anich, <\/span><span style=\"font-family: Book Antiqua, serif;\"><b>ch\u0119tnie zajmowa\u0142a si\u0119 chorymi i starszymi.<\/b><\/span><span style=\"font-family: Book Antiqua, serif;\"> Odwiedza\u0142a ich, oddaj\u0105c im r\u00f3\u017cne pos\u0142ugi i czytaj\u0105c pisma religijne. Przygotowywa\u0142a w razie potrzeby na przyj\u0119cie Wiatyku i Namaszczenia Chorych. <\/span><\/span><\/span><\/p>\n<p align=\"justify\"><span style=\"color: #000000;\"><span style=\"font-size: large;\"><span style=\"font-family: Book Antiqua, serif;\"><b>Zgin\u0119\u0142a w wieku zaledwie siedemnastu lat, <\/b><\/span><span style=\"font-family: Book Antiqua, serif;\">na pocz\u0105tku pierwszej wojny \u015bwiatowej, <\/span><span style=\"font-family: Book Antiqua, serif;\"><b>w dniu 18 listopada 1914 roku.<\/b><\/span><span style=\"font-family: Book Antiqua, serif;\"> Carski \u017co\u0142nierz uprowadzi\u0142 j\u0105 przemoc\u0105 i bestialsko zamordowa\u0142, gdy broni\u0142a si\u0119, pragn\u0105c zachowa\u0107 dziewictwo. Nie by\u0142o \u015bwiadk\u00f3w samego momentu \u015bmierci. Po kilku dniach, 4 grudnia 1914 roku, w pobliskim lesie <\/span><span style=\"font-family: Book Antiqua, serif;\"><b>znaleziono jej zmasakrowane zw\u0142oki.<\/b><\/span> <\/span><\/span><\/p>\n<p align=\"justify\"><span style=\"color: #000000;\"><span style=\"font-size: large;\"><span style=\"font-family: Book Antiqua, serif;\">Pogrzeb Karoliny by\u0142 <\/span><span style=\"font-family: Book Antiqua, serif;\"><b>wielk\u0105 manifestacj\u0105 wiary okolicznej ludno\u015bci,<\/b><\/span><span style=\"font-family: Book Antiqua, serif;\"> kt\u00f3ra z wielkim przekonaniem m\u00f3wi\u0142a, \u017ce uczestniczy w pogrzebie <\/span><span style=\"font-family: Book Antiqua, serif;\">M<\/span><span style=\"font-family: Book Antiqua, serif;\">\u0119czennicy. Karolin\u0119 pochowano w parafialnym ko\u015bciele we wsi Zabawa. W dniu <\/span><span style=\"font-family: Book Antiqua, serif;\"><b>10 czerwca 1987 roku, Jan Pawe\u0142 II, w Tarnowie, og\u0142osi\u0142 j\u0105 B\u0142ogos\u0142awion\u0105. <\/b><\/span><\/span><\/span><\/p>\n<p align=\"justify\"><span style=\"color: #000000;\"><span style=\"font-family: Book Antiqua, serif;\"><span style=\"font-size: large;\">A oto co m\u00f3wi\u0142 w homilii, w trakcie Mszy \u015awi\u0119tej beatyfikacyjnej: <\/span><\/span><\/span><\/p>\n<p align=\"justify\"><span style=\"color: #000000;\">\u201e<span style=\"font-size: large;\"><span style=\"font-family: Book Antiqua, serif;\">Or\u0119dzie O\u015bmiu B\u0142ogos\u0142awie\u0144stw, siejba Bo\u017cej Ewangelii, idzie przez stulecia. [\u2026] I oto za naszych czas\u00f3w, w tym stuleciu, [\u2026] ognisty j\u0119zyk Ducha Prawdy, Parakleta, <\/span><span style=\"font-family: Book Antiqua, serif;\">zatrzyma\u0142 si\u0119 nad postaci\u0105 prostej, wiejskiej dziewczyny: <\/span><span style=\"font-family: Book Antiqua, serif;\"><i><b>B\u00f3g wybra\u0142 w\u0142a\u015bnie to, co niemocne, aby mocnych poni\u017cy\u0107, aby zawstydzi\u0107 m\u0119drc\u00f3w<\/b><\/i><\/span><span style=\"font-family: Book Antiqua, serif;\"><b>. <\/b><\/span><\/span><\/span><\/p>\n<p align=\"justify\"><span style=\"color: #000000;\"><span style=\"font-size: large;\"><span style=\"font-family: Book Antiqua, serif;\">Czy\u017c \u015awi\u0119ci s\u0105<\/span><span style=\"font-family: Book Antiqua, serif;\"><b> po to, a\u017ceby zawstydza\u0107? Tak. Mog\u0105 by\u0107 i po to. <\/b><\/span><span style=\"font-family: Book Antiqua, serif;\">Czasem konieczny jest taki zbawczy wstyd, a\u017ceby zobaczy\u0107 cz\u0142owieka w ca\u0142ej prawdzie. Potrzebny jest, a\u017ceby <\/span><span style=\"font-family: Book Antiqua, serif;\"><b>odkry\u0107 lub odkry\u0107 na nowo w\u0142a\u015bciw\u0105 hierarchi\u0119 warto\u015bci.<\/b><\/span><span style=\"font-family: Book Antiqua, serif;\"> Potrzebny jest nam wszystkim, starym i m\u0142odym. Chocia\u017c ta m\u0142odziutka c\u00f3rka Ko\u015bcio\u0142a tarnowskiego, kt\u00f3r\u0105 od dzisiaj b\u0119dziemy zwa\u0107 B\u0142ogos\u0142awion\u0105, swoim \u017cyciem i \u015bmierci\u0105 <\/span><span style=\"font-family: Book Antiqua, serif;\"><b>m\u00f3wi przede wszystkim do m\u0142odych.<\/b><\/span><span style=\"font-family: Book Antiqua, serif;\"> Do ch\u0142opc\u00f3w i dziewcz\u0105t. Do m\u0119\u017cczyzn i kobiet. <\/span><\/span><\/span><\/p>\n<p align=\"justify\"><span style=\"color: #000000;\"><span style=\"font-size: large;\"><span style=\"font-family: Book Antiqua, serif;\"><b>M\u00f3wi o<\/b><\/span> <span style=\"font-family: Book Antiqua, serif;\"><b>wielkiej godno\u015bci kobiety: o godno\u015bci ludzkiej osoby. O godno\u015bci cia\u0142a,<\/b><\/span><span style=\"font-family: Book Antiqua, serif;\"> kt\u00f3re wprawdzie na tym \u015bwiecie podlega \u015bmierci, jest zniszczalne, jak i jej m\u0142ode cia\u0142o uleg\u0142o \u015bmierci ze strony zab\u00f3jcy, ale nosi w sobie \u2013 to ludzkie cia\u0142o \u2013 <\/span><span style=\"font-family: Book Antiqua, serif;\"><b>zapis nie\u015bmiertelno\u015bci,<\/b><\/span><span style=\"font-family: Book Antiqua, serif;\"> jak\u0105 cz\u0142owiek ma osi\u0105gn\u0105\u0107 w Bogu wiecznym i \u017cywym, osi\u0105gn\u0105\u0107 przez Chrystusa. <\/span><\/span><\/span><\/p>\n<p align=\"justify\"><span style=\"color: #000000;\"><span style=\"font-size: large;\"><span style=\"font-family: Book Antiqua, serif;\">Tak wi\u0119c \u015awi\u0119ci s\u0105 po to<\/span><span style=\"font-family: Book Antiqua, serif;\"><b>, a\u017ceby \u015bwiadczy\u0107 o wielkiej godno\u015bci cz\u0142owieka.<\/b><\/span><span style=\"font-family: Book Antiqua, serif;\"> \u015awiadczy\u0107 o Chrystusie ukrzy\u017cowanym i zmartwychwsta\u0142ym \u2013 dla nas i dla naszego zbawienia; to znaczy r\u00f3wnocze\u015bnie <\/span><span style=\"font-family: Book Antiqua, serif;\"><b>\u015bwiadczy\u0107 o tej godno\u015bci, jak\u0105 cz\u0142owiek ma wobec Boga.<\/b><\/span><span style=\"font-family: Book Antiqua, serif;\"> \u015awiadczy\u0107 o tym powo\u0142aniu, jakie cz\u0142owiek ma w Chrystusie. <\/span><span style=\"font-family: Book Antiqua, serif;\"><b>Karolina K\u00f3zk\u00f3wna by\u0142a \u015bwiadoma tej godno\u015bci. <\/b><\/span><span style=\"font-family: Book Antiqua, serif;\">\u015awiadoma tego powo\u0142ania. <\/span><\/span><\/span><\/p>\n<p align=\"justify\"><span style=\"color: #000000;\"><span style=\"font-size: large;\"><span style=\"font-family: Book Antiqua, serif;\">Psalm responsoryjny, kt\u00f3ry dzi\u015b wy\u015bpiewali\u015bmy, pozwala nam niejako odczyta\u0107 poszczeg\u00f3lne momenty tego \u015bwiadectwa. Tego m\u0119cze\u0144stwa. Czy\u017c to nie ona tak m\u00f3wi \u2013 ona, Karolina? <\/span><span style=\"font-family: Book Antiqua, serif;\"><i><b>Zachowaj mnie, Bo\u017ce, bo chroni\u0119 si\u0119 u Ciebie, m\u00f3wi\u0119 Panu: Ty\u015b jest Panem moim.<\/b><\/i><\/span><span style=\"font-family: Book Antiqua, serif;\"> Czy\u017c to nie ona m\u00f3wi poprzez s\u0142owa Psalmisty? <\/span><\/span><\/span><\/p>\n<p align=\"justify\"><span style=\"color: #000000;\"><span style=\"font-size: large;\"><span style=\"font-family: Book Antiqua, serif;\">W momencie straszliwego zagro\u017cenia ze strony drugiego cz\u0142owieka, wyposa\u017conego w \u015brodki przemocy, chroni si\u0119 do Boga. A okrzyk <\/span><span style=\"font-family: Book Antiqua, serif;\"><i><b>Ty\u015b jest Panem moim<\/b><\/i><\/span><span style=\"font-family: Book Antiqua, serif;\"> oznacza: <\/span><span style=\"font-family: Book Antiqua, serif;\"><b>nie zapanuje nade mn\u0105 brudna przemoc, bo Ty jeste\u015b \u017ar\u00f3d\u0142em mej mocy \u2013 w s\u0142abo\u015bci.<\/b><\/span><span style=\"font-family: Book Antiqua, serif;\"> Ty, jedyny Pan mojej duszy i mego cia\u0142a, m\u00f3j Stw\u00f3rca i Odkupiciel mego \u017cycia i mojej \u015bmierci. Ty, B\u00f3g mojego serca, z kt\u00f3rym nie rozstaje si\u0119 moja pami\u0119\u0107 i moje sumienie. <\/span><\/span><\/span><\/p>\n<p align=\"justify\"><span style=\"color: #000000;\"><span style=\"font-size: large;\"><span style=\"font-family: Book Antiqua, serif;\"><i><b>Zawsze stawiam sobie Pana przed oczy, On jest po mojej prawicy, nic mnie nie zachwieje. Bo serce napomina mnie nawet noc\u0105.<\/b><\/i><\/span><span style=\"font-family: Book Antiqua, serif;\"> Tak Psalmista. <\/span><span style=\"font-family: Book Antiqua, serif;\"><b>I tak Karolina w momencie \u015bmiertelnej pr\u00f3by wiary, czysto\u015bci i m\u0119stwa.<\/b><\/span><span style=\"font-family: Book Antiqua, serif;\"> Jakby\u015bmy szli po \u015bladach ucieczki tej dziewczyny, opieraj\u0105cej si\u0119 zbrojnemu napastnikowi, szukaj\u0105cej \u015bcie\u017cek, na kt\u00f3rych mog\u0142aby po\u015br\u00f3d tego rodzimego lasu w pobli\u017cu jej wsi ocali\u0107 \u017cycie i godno\u015b\u0107. <\/span><\/span><\/span><\/p>\n<p align=\"justify\"><span style=\"color: #000000;\"><span style=\"font-size: large;\"><span style=\"font-family: Book Antiqua, serif;\"><i><b>Ty \u015bcie\u017ck\u0119 \u017cycia mi uka\u017cesz<\/b><\/i><\/span><span style=\"font-family: Book Antiqua, serif;\">. \u015acie\u017cka \u017cycia. Na tej \u015bcie\u017cce ucieczki zosta\u0142 zadany ostatni, zab\u00f3jczy cios. <\/span><span style=\"font-family: Book Antiqua, serif;\">Karolina nie ocali\u0142a \u017cycia doczesnego.<\/span><span style=\"font-family: Book Antiqua, serif;\"><b> Znalaz\u0142a \u015bmier\u0107. Odda\u0142a to \u017cycie, aby zyska\u0107 \u017bycie z Chrystusem w Bogu.<\/b><\/span><span style=\"font-family: Book Antiqua, serif;\"> W Chrystusie bowiem, wraz z Sakramentem Chrztu, kt\u00f3ry otrzyma\u0142a w ko\u015bciele parafialnym w Rad\u0142owie, zacz\u0119\u0142o si\u0119 jej <\/span><span style=\"font-family: Book Antiqua, serif;\"><b>nowe \u017bycie.<\/b><\/span><span style=\"font-family: Book Antiqua, serif;\"> I oto padaj\u0105c pod r\u0119k\u0105 napastnika, Karolina daje ostatnie na tej ziemi \u015bwiadectwo temu \u017byciu, kt\u00f3re jest w niej. <\/span><span style=\"font-family: Book Antiqua, serif;\"><b>\u015amier\u0107 cielesna go nie zniszczy. \u015amier\u0107 oznacza nowy pocz\u0105tek tego \u017bycia,<\/b><\/span><span style=\"font-family: Book Antiqua, serif;\"> kt\u00f3re jest z Boga, kt\u00f3re staje si\u0119 naszym udzia\u0142em przez Chrystusa, za spraw\u0105 Jego \u015bmierci i zmartwychwstania. <\/span><\/span><\/span><\/p>\n<p align=\"justify\"><span style=\"color: #000000;\"><span style=\"font-size: large;\"><span style=\"font-family: Book Antiqua, serif;\"><b>Ginie wi\u0119c Karolina.<\/b><\/span><span style=\"font-family: Book Antiqua, serif;\"> Jej martwe cia\u0142o dziewcz\u0119ce pozostaje w\u015br\u00f3d le\u015bnego poszycia. A \u015bmier\u0107 niewinnej zdaje si\u0119 odt\u0105d g\u0142osi\u0107 ze szczeg\u00f3ln\u0105 moc\u0105 t\u0119 prawd\u0119, kt\u00f3r\u0105 wypowiada Psalmista: <\/span><span style=\"font-family: Book Antiqua, serif;\"><i><b>Pan jest moim dziedzictwem, Pan jest moim przeznaczeniem. To On m\u00f3j los zabezpiecza.<\/b><\/i><\/span><span style=\"font-family: Book Antiqua, serif;\"> Tak. Karolina porzucona w\u015br\u00f3d lasu rudzia\u0144skiego jest bezpieczna. Jest w r\u0119kach Boga, kt\u00f3ry jest Bogiem \u017bycia. I m\u0119czennica wo\u0142a wraz z Psalmist\u0105: <\/span><span style=\"font-family: Book Antiqua, serif;\"><i><b>B\u0142ogos\u0142awi\u0119 Pana<\/b><\/i><\/span><span style=\"font-family: Book Antiqua, serif;\">. <\/span><\/span><\/span><\/p>\n<p align=\"justify\"><span style=\"color: #000000;\"><span style=\"font-size: large;\"><span style=\"font-family: Book Antiqua, serif;\"><b>Dziecko prostych rodzic\u00f3w, dziecko tej nadwi\u015bla\u0144skiej ziemi, Gwiazdo twojego ludu,<\/b><\/span><span style=\"font-family: Book Antiqua, serif;\"> dzi\u015b Ko\u015bci\u00f3\u0142 podejmuje to wo\u0142anie twojej duszy, wo\u0142anie bez s\u0142\u00f3w i nazywa Ciebie B\u0142ogos\u0142awion\u0105! Chrystus sta\u0142 si\u0119 twoj\u0105 <\/span><span style=\"font-family: Book Antiqua, serif;\"><i><b>m\u0105dro\u015bci\u0105 od Boga i sprawiedliwo\u015bci\u0105, i u\u015bwi\u0119ceniem, i odkupieniem<\/b><\/i><\/span><span style=\"font-family: Book Antiqua, serif;\"><b>.<\/b><\/span><span style=\"font-family: Book Antiqua, serif;\"> Sta\u0142 si\u0119 twoj\u0105 moc\u0105. <\/span><span style=\"font-family: Book Antiqua, serif;\"><b>Dzi\u0119kujemy Chrystusowi za t\u0119 moc, <\/b><\/span><span style=\"font-family: Book Antiqua, serif;\">jak\u0105 objawi\u0142 w twoim czystym \u017cyciu i w twojej m\u0119cze\u0144skiej \u015bmierci.\u201d Tyle z pi\u0119knej homilii Jana Paw\u0142a II.<\/span><\/span><\/span><\/p>\n<p align=\"justify\"><span style=\"color: #000000;\"><span style=\"font-family: Book Antiqua, serif;\"><span style=\"font-size: large;\">S\u0142uchaj\u0105c tych s\u0142\u00f3w, wpatruj\u0105c si\u0119 w \u015bwietlany przyk\u0142ad niezwyk\u0142ej odwagi tej <b>\u201eprostej, <\/b><b>wiejskiej Dziewczyny\u201d,<\/b> a jednocze\u015bnie ws\u0142uchuj\u0105c si\u0119 w Bo\u017ce s\u0142owo dzisiejszej liturgii, postawmy sobie osobi\u015bcie pytanie, czy tak, jak pro\u015bci ludzie z dzisiejszej Ewangelii \u2013 umiem i chc\u0119 s\u0142ucha\u0107 Jezusa i Jego s\u0142owa <i><b>z zapartym tchem?\u2026<\/b><\/i><\/span><\/span><\/span><\/p>\n","protected":false},"excerpt":{"rendered":"<p>Szcz\u0119\u015b\u0107 Bo\u017ce! Moi Drodzy, w dniu dzisiejszym imieniny prze\u017cywa Ksi\u0105dz Profesor Roman Krawczyk, przez cztery pierwsze lata mojej seminaryjnej formacji: Rektor naszego siedleckiego Seminarium, a do ko\u0144ca pobytu w Seminarium: Wyk\u0142adowca Starego Testamentu; obecnie za\u015b \u2013 emerytowany Wyk\u0142adowca Uniwersytetu Przyrodniczo \u2013 Humanistycznego w Siedlcach, przy kt\u00f3rym przysz\u0142o mi pe\u0142ni\u0107 pos\u0142ug\u0119 Duszpasterza Akademickiego. Dzi\u0119kuj\u0105c Ksi\u0119dzu Rektorowi [&hellip;]<\/p>\n","protected":false},"author":1,"featured_media":0,"comment_status":"open","ping_status":"open","sticky":false,"template":"","format":"standard","meta":{"jetpack_post_was_ever_published":false,"_jetpack_newsletter_access":"","_jetpack_dont_email_post_to_subs":false,"_jetpack_newsletter_tier_id":0,"_jetpack_memberships_contains_paywalled_content":false,"_jetpack_memberships_contains_paid_content":false,"footnotes":""},"categories":[1],"tags":[],"class_list":["post-21137","post","type-post","status-publish","format-standard","hentry","category-bez-kategorii"],"yoast_head":"<!-- This site is optimized with the Yoast SEO plugin v25.1 - https:\/\/yoast.com\/wordpress\/plugins\/seo\/ -->\n<title>Trzeba Ci prorokowa\u0107... - Gaudium Et Spes<\/title>\n<meta name=\"robots\" content=\"index, follow, max-snippet:-1, max-image-preview:large, max-video-preview:-1\" \/>\n<link rel=\"canonical\" href=\"https:\/\/gaudiumetspes-blog.pl\/index.php\/2022\/11\/18\/trzeba-ci-prorokowac\/\" \/>\n<meta property=\"og:locale\" content=\"pl_PL\" \/>\n<meta property=\"og:type\" content=\"article\" \/>\n<meta property=\"og:title\" content=\"Trzeba Ci prorokowa\u0107... - Gaudium Et Spes\" \/>\n<meta property=\"og:description\" content=\"Szcz\u0119\u015b\u0107 Bo\u017ce! Moi Drodzy, w dniu dzisiejszym imieniny prze\u017cywa Ksi\u0105dz Profesor Roman Krawczyk, przez cztery pierwsze lata mojej seminaryjnej formacji: Rektor naszego siedleckiego Seminarium, a do ko\u0144ca pobytu w Seminarium: Wyk\u0142adowca Starego Testamentu; obecnie za\u015b \u2013 emerytowany Wyk\u0142adowca Uniwersytetu Przyrodniczo \u2013 Humanistycznego w Siedlcach, przy kt\u00f3rym przysz\u0142o mi pe\u0142ni\u0107 pos\u0142ug\u0119 Duszpasterza Akademickiego. Dzi\u0119kuj\u0105c Ksi\u0119dzu Rektorowi [&hellip;]\" \/>\n<meta property=\"og:url\" content=\"https:\/\/gaudiumetspes-blog.pl\/index.php\/2022\/11\/18\/trzeba-ci-prorokowac\/\" \/>\n<meta property=\"og:site_name\" content=\"Gaudium Et Spes\" \/>\n<meta property=\"article:published_time\" content=\"2022-11-18T07:12:14+00:00\" \/>\n<meta name=\"author\" content=\"Ks. Jacek\" \/>\n<meta name=\"twitter:card\" content=\"summary_large_image\" \/>\n<meta name=\"twitter:label1\" content=\"Napisane przez\" \/>\n\t<meta name=\"twitter:data1\" content=\"Ks. Jacek\" \/>\n\t<meta name=\"twitter:label2\" content=\"Szacowany czas czytania\" \/>\n\t<meta name=\"twitter:data2\" content=\"13 minut\" \/>\n<script type=\"application\/ld+json\" class=\"yoast-schema-graph\">{\"@context\":\"https:\/\/schema.org\",\"@graph\":[{\"@type\":\"WebPage\",\"@id\":\"https:\/\/gaudiumetspes-blog.pl\/index.php\/2022\/11\/18\/trzeba-ci-prorokowac\/\",\"url\":\"https:\/\/gaudiumetspes-blog.pl\/index.php\/2022\/11\/18\/trzeba-ci-prorokowac\/\",\"name\":\"Trzeba Ci prorokowa\u0107... - Gaudium Et Spes\",\"isPartOf\":{\"@id\":\"https:\/\/gaudiumetspes-blog.pl\/#website\"},\"datePublished\":\"2022-11-18T07:12:14+00:00\",\"author\":{\"@id\":\"https:\/\/gaudiumetspes-blog.pl\/#\/schema\/person\/1661982992b752dea8dff0d4ed845a65\"},\"breadcrumb\":{\"@id\":\"https:\/\/gaudiumetspes-blog.pl\/index.php\/2022\/11\/18\/trzeba-ci-prorokowac\/#breadcrumb\"},\"inLanguage\":\"pl-PL\",\"potentialAction\":[{\"@type\":\"ReadAction\",\"target\":[\"https:\/\/gaudiumetspes-blog.pl\/index.php\/2022\/11\/18\/trzeba-ci-prorokowac\/\"]}]},{\"@type\":\"BreadcrumbList\",\"@id\":\"https:\/\/gaudiumetspes-blog.pl\/index.php\/2022\/11\/18\/trzeba-ci-prorokowac\/#breadcrumb\",\"itemListElement\":[{\"@type\":\"ListItem\",\"position\":1,\"name\":\"Strona g\u0142\u00f3wna\",\"item\":\"https:\/\/gaudiumetspes-blog.pl\/\"},{\"@type\":\"ListItem\",\"position\":2,\"name\":\"Trzeba Ci prorokowa\u0107&#8230;\"}]},{\"@type\":\"WebSite\",\"@id\":\"https:\/\/gaudiumetspes-blog.pl\/#website\",\"url\":\"https:\/\/gaudiumetspes-blog.pl\/\",\"name\":\"Gaudium Et Spes\",\"description\":\"Blog Ks. Jacka Ja\u015bkowskiego\",\"potentialAction\":[{\"@type\":\"SearchAction\",\"target\":{\"@type\":\"EntryPoint\",\"urlTemplate\":\"https:\/\/gaudiumetspes-blog.pl\/?s={search_term_string}\"},\"query-input\":{\"@type\":\"PropertyValueSpecification\",\"valueRequired\":true,\"valueName\":\"search_term_string\"}}],\"inLanguage\":\"pl-PL\"},{\"@type\":\"Person\",\"@id\":\"https:\/\/gaudiumetspes-blog.pl\/#\/schema\/person\/1661982992b752dea8dff0d4ed845a65\",\"name\":\"Ks. Jacek\",\"image\":{\"@type\":\"ImageObject\",\"inLanguage\":\"pl-PL\",\"@id\":\"https:\/\/gaudiumetspes-blog.pl\/#\/schema\/person\/image\/\",\"url\":\"https:\/\/gaudiumetspes-blog.pl\/wp-content\/uploads\/2019\/07\/avatar-JJ-150x150.jpg\",\"contentUrl\":\"https:\/\/gaudiumetspes-blog.pl\/wp-content\/uploads\/2019\/07\/avatar-JJ-150x150.jpg\",\"caption\":\"Ks. Jacek\"},\"description\":\"Witam serdecznie! K\u0142ania si\u0119 Ks. Jacek Ja\u015bkowski. Nie jestem ani kim\u015b wa\u017cnym, ani kim\u015b znanym. Jestem ksi\u0119dzem, kt\u00f3ry po prostu chce rozmawia\u0107. Codzienna kap\u0142a\u0144ska pos\u0142uga pokazuje mi, \u017ce temat\u00f3w do rozm\u00f3w z ksi\u0119dzem jest coraz wi\u0119cej i dzisiaj \u017caden ksi\u0105dz nie mo\u017ce od nich ucieka\u0107, ale - wprost przeciwnie - podejmowa\u0107 nowe wyzwania. To przekonanie sk\u0142oni\u0142o mnie do pr\u00f3by otwarcia tego\u017c bloga, chocia\u017c okazji do rozm\u00f3w na co dzie\u0144 - w konfesjonale i poza nim - na szcz\u0119\u015bcie nie brakuje. My\u015bl\u0119 jednak, \u017ce ten blog b\u0119dzie jeszcze jednym sposobem i przestrzeni\u0105 nawi\u0105zania kontaktu z lud\u017ami dobrej woli, otwartymi na dialog.\",\"url\":\"https:\/\/gaudiumetspes-blog.pl\/index.php\/author\/ks-jacek\/\"}]}<\/script>\n<!-- \/ Yoast SEO plugin. -->","yoast_head_json":{"title":"Trzeba Ci prorokowa\u0107... - Gaudium Et Spes","robots":{"index":"index","follow":"follow","max-snippet":"max-snippet:-1","max-image-preview":"max-image-preview:large","max-video-preview":"max-video-preview:-1"},"canonical":"https:\/\/gaudiumetspes-blog.pl\/index.php\/2022\/11\/18\/trzeba-ci-prorokowac\/","og_locale":"pl_PL","og_type":"article","og_title":"Trzeba Ci prorokowa\u0107... - Gaudium Et Spes","og_description":"Szcz\u0119\u015b\u0107 Bo\u017ce! Moi Drodzy, w dniu dzisiejszym imieniny prze\u017cywa Ksi\u0105dz Profesor Roman Krawczyk, przez cztery pierwsze lata mojej seminaryjnej formacji: Rektor naszego siedleckiego Seminarium, a do ko\u0144ca pobytu w Seminarium: Wyk\u0142adowca Starego Testamentu; obecnie za\u015b \u2013 emerytowany Wyk\u0142adowca Uniwersytetu Przyrodniczo \u2013 Humanistycznego w Siedlcach, przy kt\u00f3rym przysz\u0142o mi pe\u0142ni\u0107 pos\u0142ug\u0119 Duszpasterza Akademickiego. Dzi\u0119kuj\u0105c Ksi\u0119dzu Rektorowi [&hellip;]","og_url":"https:\/\/gaudiumetspes-blog.pl\/index.php\/2022\/11\/18\/trzeba-ci-prorokowac\/","og_site_name":"Gaudium Et Spes","article_published_time":"2022-11-18T07:12:14+00:00","author":"Ks. Jacek","twitter_card":"summary_large_image","twitter_misc":{"Napisane przez":"Ks. Jacek","Szacowany czas czytania":"13 minut"},"schema":{"@context":"https:\/\/schema.org","@graph":[{"@type":"WebPage","@id":"https:\/\/gaudiumetspes-blog.pl\/index.php\/2022\/11\/18\/trzeba-ci-prorokowac\/","url":"https:\/\/gaudiumetspes-blog.pl\/index.php\/2022\/11\/18\/trzeba-ci-prorokowac\/","name":"Trzeba Ci prorokowa\u0107... - Gaudium Et Spes","isPartOf":{"@id":"https:\/\/gaudiumetspes-blog.pl\/#website"},"datePublished":"2022-11-18T07:12:14+00:00","author":{"@id":"https:\/\/gaudiumetspes-blog.pl\/#\/schema\/person\/1661982992b752dea8dff0d4ed845a65"},"breadcrumb":{"@id":"https:\/\/gaudiumetspes-blog.pl\/index.php\/2022\/11\/18\/trzeba-ci-prorokowac\/#breadcrumb"},"inLanguage":"pl-PL","potentialAction":[{"@type":"ReadAction","target":["https:\/\/gaudiumetspes-blog.pl\/index.php\/2022\/11\/18\/trzeba-ci-prorokowac\/"]}]},{"@type":"BreadcrumbList","@id":"https:\/\/gaudiumetspes-blog.pl\/index.php\/2022\/11\/18\/trzeba-ci-prorokowac\/#breadcrumb","itemListElement":[{"@type":"ListItem","position":1,"name":"Strona g\u0142\u00f3wna","item":"https:\/\/gaudiumetspes-blog.pl\/"},{"@type":"ListItem","position":2,"name":"Trzeba Ci prorokowa\u0107&#8230;"}]},{"@type":"WebSite","@id":"https:\/\/gaudiumetspes-blog.pl\/#website","url":"https:\/\/gaudiumetspes-blog.pl\/","name":"Gaudium Et Spes","description":"Blog Ks. Jacka Ja\u015bkowskiego","potentialAction":[{"@type":"SearchAction","target":{"@type":"EntryPoint","urlTemplate":"https:\/\/gaudiumetspes-blog.pl\/?s={search_term_string}"},"query-input":{"@type":"PropertyValueSpecification","valueRequired":true,"valueName":"search_term_string"}}],"inLanguage":"pl-PL"},{"@type":"Person","@id":"https:\/\/gaudiumetspes-blog.pl\/#\/schema\/person\/1661982992b752dea8dff0d4ed845a65","name":"Ks. Jacek","image":{"@type":"ImageObject","inLanguage":"pl-PL","@id":"https:\/\/gaudiumetspes-blog.pl\/#\/schema\/person\/image\/","url":"https:\/\/gaudiumetspes-blog.pl\/wp-content\/uploads\/2019\/07\/avatar-JJ-150x150.jpg","contentUrl":"https:\/\/gaudiumetspes-blog.pl\/wp-content\/uploads\/2019\/07\/avatar-JJ-150x150.jpg","caption":"Ks. Jacek"},"description":"Witam serdecznie! K\u0142ania si\u0119 Ks. Jacek Ja\u015bkowski. Nie jestem ani kim\u015b wa\u017cnym, ani kim\u015b znanym. Jestem ksi\u0119dzem, kt\u00f3ry po prostu chce rozmawia\u0107. Codzienna kap\u0142a\u0144ska pos\u0142uga pokazuje mi, \u017ce temat\u00f3w do rozm\u00f3w z ksi\u0119dzem jest coraz wi\u0119cej i dzisiaj \u017caden ksi\u0105dz nie mo\u017ce od nich ucieka\u0107, ale - wprost przeciwnie - podejmowa\u0107 nowe wyzwania. To przekonanie sk\u0142oni\u0142o mnie do pr\u00f3by otwarcia tego\u017c bloga, chocia\u017c okazji do rozm\u00f3w na co dzie\u0144 - w konfesjonale i poza nim - na szcz\u0119\u015bcie nie brakuje. My\u015bl\u0119 jednak, \u017ce ten blog b\u0119dzie jeszcze jednym sposobem i przestrzeni\u0105 nawi\u0105zania kontaktu z lud\u017ami dobrej woli, otwartymi na dialog.","url":"https:\/\/gaudiumetspes-blog.pl\/index.php\/author\/ks-jacek\/"}]}},"jetpack_featured_media_url":"","jetpack_sharing_enabled":true,"_links":{"self":[{"href":"https:\/\/gaudiumetspes-blog.pl\/index.php\/wp-json\/wp\/v2\/posts\/21137","targetHints":{"allow":["GET"]}}],"collection":[{"href":"https:\/\/gaudiumetspes-blog.pl\/index.php\/wp-json\/wp\/v2\/posts"}],"about":[{"href":"https:\/\/gaudiumetspes-blog.pl\/index.php\/wp-json\/wp\/v2\/types\/post"}],"author":[{"embeddable":true,"href":"https:\/\/gaudiumetspes-blog.pl\/index.php\/wp-json\/wp\/v2\/users\/1"}],"replies":[{"embeddable":true,"href":"https:\/\/gaudiumetspes-blog.pl\/index.php\/wp-json\/wp\/v2\/comments?post=21137"}],"version-history":[{"count":1,"href":"https:\/\/gaudiumetspes-blog.pl\/index.php\/wp-json\/wp\/v2\/posts\/21137\/revisions"}],"predecessor-version":[{"id":21138,"href":"https:\/\/gaudiumetspes-blog.pl\/index.php\/wp-json\/wp\/v2\/posts\/21137\/revisions\/21138"}],"wp:attachment":[{"href":"https:\/\/gaudiumetspes-blog.pl\/index.php\/wp-json\/wp\/v2\/media?parent=21137"}],"wp:term":[{"taxonomy":"category","embeddable":true,"href":"https:\/\/gaudiumetspes-blog.pl\/index.php\/wp-json\/wp\/v2\/categories?post=21137"},{"taxonomy":"post_tag","embeddable":true,"href":"https:\/\/gaudiumetspes-blog.pl\/index.php\/wp-json\/wp\/v2\/tags?post=21137"}],"curies":[{"name":"wp","href":"https:\/\/api.w.org\/{rel}","templated":true}]}}