{"id":21139,"date":"2022-11-19T09:56:31","date_gmt":"2022-11-19T08:56:31","guid":{"rendered":"https:\/\/gaudiumetspes-blog.pl\/?p=21139"},"modified":"2022-11-19T09:56:31","modified_gmt":"2022-11-19T08:56:31","slug":"sedno-sprawy-w-zmartwychwstaniu","status":"publish","type":"post","link":"https:\/\/gaudiumetspes-blog.pl\/index.php\/2022\/11\/19\/sedno-sprawy-w-zmartwychwstaniu\/","title":{"rendered":"Sedno sprawy &#8211; w zmartwychwstaniu!"},"content":{"rendered":"<p align=\"justify\"><span style=\"color: #000000;\"><span style=\"font-family: Book Antiqua, serif;\"><span style=\"font-size: large;\">Szcz\u0119\u015b\u0107 Bo\u017ce! Moi Drodzy, w dniu dzisiejszym <b>imieniny prze\u017cywa El\u017cbieta Ja\u015bkowska \u2013 moja Ciocia, mieszkaj\u0105ca w Olsztynie. Dzi\u0119kuj\u0105c za nasz sta\u0142y, dobry kontakt i wielk\u0105 \u017cyczliwo\u015b\u0107 ze strony Solenizantki, kt\u00f3rej nieraz do\u015bwiadczam, \u017cycz\u0119 pokoju Bo\u017cego w sercu. I zapewniam o modlitwie!<\/b><\/span><\/span><\/span><\/p>\n<p align=\"justify\"><span style=\"color: #000000;\"><span style=\"font-family: Book Antiqua, serif;\"><span style=\"font-size: large;\">Moi Drodzy, wczoraj by\u0142em w Kodniu, u Matki Bo\u017cej i poleca\u0142em Jej opiece i wstawiennictwu tak\u017ce Was i Wasze sprawy \u2013 zgodnie z wczorajsz\u0105 moj\u0105 obietnic\u0105.<\/span><\/span><\/span><\/p>\n<p align=\"justify\"><span style=\"color: #000000;\"><span style=\"font-family: Book Antiqua, serif;\"><span style=\"font-size: large;\">Przepraszam, \u017ce do\u015b\u0107 p\u00f3\u017ano zamieszczam dzisiejsze s\u0142\u00f3wko, ale do\u015b\u0107 p\u00f3\u017ano wczoraj \u2013 a w\u0142a\u015bciwie ju\u017c dzisiaj, wcze\u015bnie rano \u2013 zako\u0144czy\u0142 si\u0119 wczorajszy dzie\u0144, kiedy to po audycji w Katolickim Radiu Podlasie spotkali\u015bmy si\u0119 u mnie i jeszcze do\u015b\u0107 d\u0142ugo rozmawiali\u015bmy o tych sprawach, kt\u00f3re poruszyli\u015bmy na audycji. A i dzisiaj, od samego rana, jakie\u015b r\u00f3\u017cne sprawy\u2026 <\/span><\/span><\/span><\/p>\n<p align=\"justify\"><span style=\"color: #000000;\"><span style=\"font-family: Book Antiqua, serif;\"><span style=\"font-size: large;\">Bardzo raz jeszcze dzi\u0119kuj\u0119 wszystkim jej Uczestnikom, ale tak\u017ce dzi\u0119kuj\u0119 Wam, kt\u00f3rzy nas s\u0142uchali\u015bcie i \u0142\u0105czyli\u015bcie si\u0119 z nami. I ju\u017c zapraszam na nast\u0119pne audycje.<\/span><\/span><\/span><\/p>\n<p align=\"justify\"><span style=\"color: #000000;\"><span style=\"font-family: Book Antiqua, serif;\"><span style=\"font-size: large;\">A teraz ju\u017c zapraszam do pochylenia si\u0119 nad Bo\u017cym s\u0142owem dzisiejszej liturgii. <b>Co dzi\u015b m\u00f3wi do mnie Pan? Z jakim osobistym s\u0142owem \u2013 wezwaniem, zach\u0119t\u0105 \u2013 zwraca si\u0119 do mnie osobi\u015bcie?<\/b> Duchu \u015awi\u0119ty, podpowiedz\u2026<\/span><\/span><\/span><\/p>\n<p align=\"justify\"><span style=\"color: #000000;\"><span style=\"font-family: Book Antiqua, serif;\"><span style=\"font-size: large;\"><b>Niech Was b\u0142ogos\u0142awi B\u00f3g Wszechmog\u0105cy: Ojciec + i Syn, i Duch \u015awi\u0119ty. Amen<\/b><\/span><\/span><\/span><\/p>\n<p align=\"center\"><span style=\"color: #000000;\"><span style=\"font-family: Book Antiqua, serif;\"><span style=\"font-size: large;\">Gaudium et spes! Ks. Jacek<\/span><\/span><\/span><\/p>\n<p align=\"center\">\n<p align=\"center\">\n<p align=\"center\">\n<p align=\"center\">\n<p align=\"center\">\n<p align=\"justify\"><span style=\"color: #000000;\"><span style=\"font-family: Book Antiqua, serif;\"><span style=\"font-size: large;\"><b>Sobota 33 Tygodnia zwyk\u0142ego, rok II,<\/b><\/span><\/span><\/span><\/p>\n<p align=\"justify\"><span style=\"color: #000000;\"><span style=\"font-family: Book Antiqua, serif;\"><span style=\"font-size: large;\"><b>19 listopada 2022.,\u00a0<\/b><\/span><\/span><\/span><\/p>\n<p align=\"justify\"><span style=\"color: #000000;\"><span style=\"font-family: Book Antiqua, serif;\"><span style=\"font-size: large;\"><b>do czyta\u0144: Ap 11,4\u201312; \u0141k 20,27\u201340<\/b><\/span><\/span><\/span><\/p>\n<p align=\"justify\">\n<p align=\"justify\">\n<p align=\"justify\">\n<p align=\"justify\">\n<p align=\"justify\">\n<p align=\"justify\"><span style=\"color: #000000;\"><span style=\"font-family: Book Antiqua, serif;\"><span style=\"font-size: large;\"><b>CZYTANIE Z KSI\u0118GI APOKALIPSY \u015aWI\u0118TEGO JANA APOSTO\u0141A:<\/b><\/span><\/span><\/span><\/p>\n<p align=\"justify\"><span style=\"color: #000000;\"><span style=\"font-family: Book Antiqua, serif;\"><span style=\"font-size: large;\"><b>Mnie, Janowi, powiedziano: \u201eOto dwaj moi \u015awiadkowie; oni s\u0105 dwoma drzewami oliwnymi i dwoma \u015bwiecznikami, co staj\u0105 przed Panem ziemi. A je\u015bli kto chce ich skrzywdzi\u0107, ogie\u0144 wychodzi z ich ust i po\u017cera ich wrog\u00f3w. I je\u015bliby zechcia\u0142 ktokolwiek ich skrzywdzi\u0107, w ten spos\u00f3b musi by\u0107 zabity. Maj\u0105 oni w\u0142adz\u0119 zamkn\u0105\u0107 niebo, by deszcz nie zrasza\u0142 dni ich prorokowania, i maj\u0105 w\u0142adz\u0119 nad wodami, by w krew je przemieni\u0107, i wszelk\u0105 plag\u0105 uderzy\u0107 ziemi\u0119, ilekro\u0107 zechc\u0105.<\/b><\/span><\/span><\/span><\/p>\n<p align=\"justify\"><span style=\"color: #000000;\"><span style=\"font-family: Book Antiqua, serif;\"><span style=\"font-size: large;\"><b>A gdy dope\u0142ni\u0105 swojego \u015bwiadectwa, Bestia, kt\u00f3ra wychodzi z Czelu\u015bci, wyda im wojn\u0119, zwyci\u0119\u017cy ich i zabije. A zw\u0142oki ich le\u017ce\u0107 b\u0119d\u0105 na placu wielkiego miasta, kt\u00f3re duchowo zwie si\u0119 Sodoma i Egipt, gdzie tak\u017ce ukrzy\u017cowano ich Pana. I spo\u015br\u00f3d lud\u00f3w, szczep\u00f3w, j\u0119zyk\u00f3w i narod\u00f3w przez trzy i p\u00f3\u0142 dnia ogl\u0105daj\u0105 ich zw\u0142oki, a zw\u0142ok ich nie zezwalaj\u0105 z\u0142o\u017cy\u0107 do grobu. Wobec nich mieszka\u0144cy ziemi ciesz\u0105 si\u0119 i raduj\u0105; i dary sobie nawzajem b\u0119d\u0105 przesy\u0142ali, bo ci dwaj prorocy mieszka\u0144com ziemi zadali katuszy.<\/b><\/span><\/span><\/span><\/p>\n<p align=\"justify\"><span style=\"color: #000000;\"><span style=\"font-family: Book Antiqua, serif;\"><span style=\"font-size: large;\"><b>A po trzech i p\u00f3\u0142 dniach duch \u017cycia z Boga w nich wst\u0105pi\u0142 i stan\u0119li na nogi. A wielki strach pad\u0142 na tych, co ich ogl\u0105dali.<\/b><\/span><\/span><\/span><\/p>\n<p align=\"justify\"><span style=\"color: #000000;\"><span style=\"font-family: Book Antiqua, serif;\"><span style=\"font-size: large;\"><b>I pos\u0142yszeli dono\u015bny g\u0142os z nieba do nich m\u00f3wi\u0105cy: \u00abWst\u0105pcie tutaj\u00bb. I w ob\u0142oku wst\u0105pili do nieba, a ich wrogowie zobaczyli ich\u201d.<\/b><\/span><\/span><\/span><\/p>\n<p align=\"justify\">\n<p align=\"justify\">\n<p align=\"justify\">\n<p align=\"justify\">\n<p align=\"justify\">\n<p align=\"justify\"><span style=\"color: #000000;\"><span style=\"font-family: Book Antiqua, serif;\"><span style=\"font-size: large;\"><b>S\u0141OWA EWANGELII WED\u0141UG \u015aWI\u0118TEGO \u0141UKASZA:<\/b><\/span><\/span><\/span><\/p>\n<p align=\"justify\"><span style=\"color: #000000;\"><span style=\"font-family: Book Antiqua, serif;\"><span style=\"font-size: large;\"><b>Podesz\u0142o do Jezusa kilku saduceusz\u00f3w, kt\u00f3rzy twierdz\u0105, \u017ce nie ma zmartwychwstania, i zagadn\u0119li Go w ten spos\u00f3b: \u201eNauczycielu, Moj\u017cesz tak nam przepisa\u0142: \u00abJe\u015bli umrze czyj\u015b brat, kt\u00f3ry mia\u0142 \u017con\u0119, a by\u0142 bezdzietny, niech jego brat we\u017amie wdow\u0119 i niech wzbudzi potomstwo swemu bratu\u00bb. Ot\u00f3\u017c by\u0142o siedmiu braci. Pierwszy wzi\u0105\u0142 \u017con\u0119 i umar\u0142 bezdzietnie. Wzi\u0105\u0142 j\u0105 drugi, a potem trzeci, i tak wszyscy pomarli, nie zostawiwszy dzieci. W ko\u0144cu umar\u0142a ta kobieta. Przy zmartwychwstaniu wi\u0119c kt\u00f3rego z nich b\u0119dzie \u017con\u0105? Wszyscy siedmiu bowiem mieli j\u0105 za \u017con\u0119\u201d.<\/b><\/span><\/span><\/span><\/p>\n<p align=\"justify\"><span style=\"color: #000000;\"><span style=\"font-family: Book Antiqua, serif;\"><span style=\"font-size: large;\"><b>Jezus im odpowiedzia\u0142: \u201eDzieci tego \u015bwiata \u017ceni\u0105 si\u0119 i za m\u0105\u017c wychodz\u0105. Lecz ci, kt\u00f3rzy uznani zostan\u0105 za godnych udzia\u0142u w \u015bwiecie przysz\u0142ym i w powstaniu z martwych, ani si\u0119 \u017ceni\u0107 nie b\u0119d\u0105, ani za m\u0105\u017c wychodzi\u0107. Ju\u017c bowiem umrze\u0107 nie mog\u0105, gdy\u017c s\u0105 r\u00f3wni anio\u0142om i s\u0105 dzie\u0107mi Bo\u017cymi, b\u0119d\u0105c uczestnikami zmartwychwstania\u201d.<\/b><\/span><\/span><\/span><\/p>\n<p align=\"justify\"><span style=\"color: #000000;\"><span style=\"font-family: Book Antiqua, serif;\"><span style=\"font-size: large;\"><b>A \u017ce umarli zmartwychwstaj\u0105, to i Moj\u017cesz zaznaczy\u0142 tam, gdzie jest mowa o krzaku, gdy Pana nazywa \u00abBogiem Abrahama, Bogiem Izaaka i Bogiem Jakuba\u00bb. B\u00f3g nie jest Bogiem umar\u0142ych, lecz \u017cywych; wszyscy bowiem dla Niego \u017cyj\u0105\u00bb.<\/b><\/span><\/span><\/span><\/p>\n<p align=\"justify\"><span style=\"color: #000000;\"><span style=\"font-family: Book Antiqua, serif;\"><span style=\"font-size: large;\"><b>Na to rzekli niekt\u00f3rzy z uczonych w Pi\u015bmie: \u201eNauczycielu, dobrze powiedzia\u0142e\u015b\u201d, bo o nic nie \u015bmieli Go ju\u017c pyta\u0107.<\/b><\/span><\/span><\/span><\/p>\n<p align=\"justify\">\n<p align=\"justify\">\n<p align=\"justify\">\n<p align=\"justify\">\n<p align=\"justify\">\n<p align=\"justify\"><span style=\"color: #000000;\"><span style=\"font-family: Book Antiqua, serif;\"><span style=\"font-size: large;\">Kolejna, bardzo tajemnicza wizja, jawi si\u0119 dzi\u015b przed naszymi oczami\u2026 Po pierwszym przeczytaniu lub wys\u0142uchaniu tego tekstu, chcia\u0142oby si\u0119 postawi\u0107 pytanie: <b>O co tu w og\u00f3le chodzi? Jacy \u015awiadkowie? Jaka Bestia? Jaki ogie\u0144 z ust? <\/b>Musimy si\u0119 \u2013 jak zawsze przy lekturze Pisma \u015awi\u0119tego \u2013 zda\u0107 <b>na \u015bwiat\u0142o i pomoc Ducha \u015awi\u0119tego, <\/b>ale tak\u017ce na do\u015bwiadczenie Ko\u015bcio\u0142a, kt\u00f3ry od dw\u00f3ch tysi\u0119cy lat, o\u015bwiecony tym\u017ce \u015bwiat\u0142em Ducha \u015awi\u0119tego, <b>stara si\u0119 odczytywa\u0107<\/b> kolejne zdania tej tajemniczej Ksi\u0119gi i odnajdywa\u0107 w nich jasne i konkretne wskazania dla siebie. <\/span><\/span><\/span><\/p>\n<p align=\"justify\"><span style=\"color: #000000;\"><span style=\"font-family: Book Antiqua, serif;\"><span style=\"font-size: large;\">I w\u0142a\u015bnie to wielowiekowe do\u015bwiadczenie zg\u0142\u0119biania owych ukrytych tre\u015bci podpowie nam, <b>dwaj \u015awiadkowie Pana,<\/b> o kt\u00f3rych dzi\u015b mowa, uto\u017csamiani s\u0105 w Tradycji Ko\u015bcio\u0142a a to <b>z Piotrem i Paw\u0142em, <\/b>a to znowu <b>z Moj\u017ceszem i Eliaszem. <\/b>Wydaje si\u0119, \u017ce za tym ostatnim skojarzeniem przemawiaj\u0105 s\u0142owa: <i><b>Maj\u0105 oni w\u0142adz\u0119 zamkn\u0105\u0107 niebo, by deszcz nie zrasza\u0142 dni ich prorokowania, i maj\u0105 w\u0142adz\u0119 nad wodami, by w krew je przemieni\u0107, i wszelk\u0105 plag\u0105 uderzy\u0107 ziemi\u0119, ilekro\u0107 zechc\u0105.<\/b><\/i><b> <\/b>Dok\u0142adnie takich znak\u00f3w \u2013 moc\u0105 Bo\u017c\u0105 oczywi\u015bcie \u2013 dokonywali ci dwaj wielcy ludzie Starego Testamentu. <\/span><\/span><\/span><\/p>\n<p align=\"justify\"><span style=\"color: #000000;\"><span style=\"font-family: Book Antiqua, serif;\"><span style=\"font-size: large;\">W omawianym tek\u015bcie jednak dwaj \u015awiadkowie <b>symbolizuj\u0105 wszystkich chrze\u015bcijan,<\/b> kt\u00f3rym powierzono \u00abprorock\u0105 misj\u0119\u00bb dawania \u015bwiadectwa wiary w Jezusa Chrystusa. Fakt, \u017ce owi dwaj \u015awiadkowie ukazani zostali jako <b>\u00ab<\/b><b>drzewa oliwne<\/b><b>\u00bb<\/b><b> i <\/b><b>\u00ab<\/b><b>\u015bwieczniki, stoj\u0105ce przed Panem ziemi<\/b><b>\u00bb<\/b> obrazuje ich uprzywilejowan\u0105 pozycj\u0119 w oczach Bo\u017cych. <\/span><\/span><\/span><\/p>\n<p align=\"justify\"><span style=\"color: #000000;\"><span style=\"font-family: Book Antiqua, serif;\"><span style=\"font-size: large;\">Z kolei, Bestia, kt\u00f3ra wychodzi z czelu\u015bci, wydaje im wojn\u0119 i w ko\u0144cu zabija, to \u2013 w pierwszym rozumieniu tego tekstu \u2013 <b>imperium rzymskie, <\/b>zwane te\u017c w innym miejscu <b>Babiloni\u0105,<\/b> a w dzisiejszym fragmencie Apokalipsy: <i><b>Sodoma i Egipt.<\/b><\/i> Jest ono symbolem rozumianego w spos\u00f3b najbardziej dos\u0142owny <b>imperium z\u0142a.<\/b> To w\u0142a\u015bnie tam tak\u017ce \u2013 jak s\u0142yszymy \u2013 <i><b>ukrzy\u017cowano ich Pana. <\/b><\/i><\/span><\/span><\/span><\/p>\n<p align=\"justify\"><span style=\"color: #000000;\"><span style=\"font-family: Book Antiqua, serif;\"><span style=\"font-size: large;\">My wiemy, \u017ce Jezusa ukrzy\u017cowano w Jerozolimie, zatem mo\u017cemy uzna\u0107, \u017ce w tym tek\u015bcie zosta\u0142a ona ukazana <b>jako cz\u0119\u015b\u0107 owego grzesznego imperium. <\/b>To tam w\u0142a\u015bnie zostan\u0105 zabici dwaj \u015awiadkowie, a grzeszny \u015bwiat odetchnie wtedy z ulg\u0105, o czym Autor Apokalipsy tak pisze: <i><b>I spo\u015br\u00f3d lud\u00f3w, szczep\u00f3w, j\u0119zyk\u00f3w i narod\u00f3w przez trzy i p\u00f3\u0142 dnia ogl\u0105daj\u0105 ich zw\u0142oki, a zw\u0142ok ich nie zezwalaj\u0105 z\u0142o\u017cy\u0107 do grobu. Wobec nich mieszka\u0144cy ziemi ciesz\u0105 si\u0119 i raduj\u0105; i dary sobie nawzajem b\u0119d\u0105 przesy\u0142ali, bo ci dwaj prorocy mieszka\u0144com ziemi zadali katuszy.<\/b><\/i><b> <\/b><\/span><\/span><\/span><\/p>\n<p align=\"justify\"><span style=\"color: #000000;\"><span style=\"font-family: Book Antiqua, serif;\"><span style=\"font-size: large;\">Jakich katuszy mogli zadawa\u0107 mieszka\u0144com ziemi dwaj \u015awiadkowie Bo\u017cy? Czy\u017c <b>nie tych moralnych, duchowych,<\/b> polegaj\u0105cych na wyrzucaniu im z\u0142a, co z kolei skutkuje <b>pot\u0119\u017cnymi wyrzutami sumienia?<\/b> Czy\u017c te duchowe katusze, to wewn\u0119trzne wo\u0142anie sumienia o opami\u0119tanie i przypominanie dokonanego z\u0142a \u2013 to nie s\u0105 <b>jedne z najci\u0119\u017cszych katuszy,<\/b> jakie prze\u017cywa cz\u0142owiek, zanim si\u0119 od nich nie uwolni?<\/span><\/span><\/span><\/p>\n<p align=\"justify\"><span style=\"color: #000000;\"><span style=\"font-family: Book Antiqua, serif;\"><span style=\"font-size: large;\">Niestety, jak nawet z dzisiejszego tekstu wynika, \u015bwiat \u201eradzi sobie\u201d z problemem nie tak, jak powinien. Czyli, <b>nie nawr\u00f3ceniem i przemian\u0105 \u017cycia,<\/b> przemian\u0105 postawy, tylko <b>zabiciem tych, kt\u00f3rzy g\u0142osz\u0105 prawd\u0119<\/b> i przypominaj\u0105 o tym, co najwa\u017cniejsze. To tak, jakby pr\u00f3bowa\u0107 leczy\u0107 wysok\u0105 gor\u0105czk\u0119 rozbiciem termometru! <\/span><\/span><\/span><\/p>\n<p align=\"justify\"><span style=\"color: #000000;\"><span style=\"font-family: Book Antiqua, serif;\"><span style=\"font-size: large;\">Takie dzia\u0142anie \u2013 w oczywisty spos\u00f3b \u2013 na nic si\u0119 zda, czego potwierdzeniem jest fakt, \u017ce <i><b>po trzech i p\u00f3\u0142 dniach duch \u017cycia z Boga w nich wst\u0105pi\u0142 i stan\u0119li na nogi. A wielki strach pad\u0142 na tych, co ich ogl\u0105dali. <\/b><\/i><i><b>I pos\u0142yszeli dono\u015bny g\u0142os z nieba do nich m\u00f3wi\u0105cy: \u00abWst\u0105pcie tutaj\u00bb. I w ob\u0142oku wst\u0105pili do nieba, a ich wrogowie zobaczyli ich\u201d. <\/b><\/i>Zatem, <i><b>po trzech i p\u00f3\u0142 dniach,<\/b><\/i> czyli po czasie <b>bardzo dok\u0142adnie okre\u015blonym i bardzo kr\u00f3tkim<\/b> \u2013 okaza\u0142a si\u0119 ca\u0142a pe\u0142nia zwyci\u0119stwa \u015awiadk\u00f3w Boga. Zostali <b>w uroczysty spos\u00f3b zaproszeni do Nieba.<\/b> <\/span><\/span><\/span><\/p>\n<p align=\"justify\"><span style=\"color: #000000;\"><span style=\"font-family: Book Antiqua, serif;\"><span style=\"font-size: large;\">A \u015bwiat? A ich ciemi\u0119\u017cyciele? A ca\u0142e imperium z\u0142a, kt\u00f3remu wydawa\u0142o si\u0119, \u017ce pokona\u0142o i uciszy\u0142o g\u0142os Bo\u017cy? Co w tej sytuacji?\u2026 S\u0142yszymy: <b>na nich pad\u0142 wielki strach. <\/b>Bo przekonali si\u0119, <b>kto naprawd\u0119 zwyci\u0119\u017cy\u0142.<\/b> Ostateczne zmartwychwstanie do \u017cycia wiecznego, nagroda wieczna, chwa\u0142a Nieba \u2013 <b>oto znaki zwyci\u0119stwa<\/b> tych, kt\u00f3rzy wytrwaj\u0105. <\/span><\/span><\/span><\/p>\n<p align=\"justify\"><span style=\"color: #000000;\"><span style=\"font-family: Book Antiqua, serif;\"><span style=\"font-size: large;\">By\u0107 mo\u017ce tym, co zwodzi przeciwnik\u00f3w Boga i przeciwnik\u00f3w Jego \u015bwiadk\u00f3w jest fakt, i\u017c <b>nie wierz\u0105 oni w zmartwychwstanie do \u017cycia wiecznego.<\/b> A mo\u017ce rozumiej\u0105 je jako\u015b opacznie \u2013 jak rozm\u00f3wcy Jezusa z dzisiejszej Ewangelii \u2013 i dlatego skoncentrowani s\u0105 <b>wy\u0142\u0105cznie na tym, co doczesne, co ziemskie, <\/b>a skoro w tym doczesnym wymiarze uda\u0142o si\u0119 im \u201euciszy\u0107\u201d tych, kt\u00f3rzy im m\u00f3wi\u0105 prawd\u0119, a jednocze\u015bnie <b>na jaki\u015b czas zag\u0142uszy\u0107 sumienie,<\/b> to ju\u017c s\u0105 przekonani, \u017ce zwyci\u0119\u017cyli i problem maj\u0105 z g\u0142owy. <\/span><\/span><\/span><\/p>\n<p align=\"justify\"><span style=\"color: #000000;\"><span style=\"font-family: Book Antiqua, serif;\"><span style=\"font-size: large;\">Tymczasem, okazuje si\u0119, \u017ce ca\u0142e sedno sprawy tkwi w\u0142a\u015bnie<b> w zmartwychwstaniu do \u017cycia wiecznego.<\/b> Bo to w\u0142a\u015bnie wtedy potwierdzi si\u0119 i oka\u017ce, <b>kto tak naprawd\u0119 zwyci\u0119\u017cy\u0142.<\/b> I kto mia\u0142 racj\u0119. <\/span><\/span><\/span><\/p>\n<p align=\"justify\"><span style=\"color: #000000;\"><span style=\"font-family: Book Antiqua, serif;\"><span style=\"font-size: large;\">Moi Drodzy, w dzisiejszym \u015bwiecie sprawy Bo\u017ce s<b>\u0105 wyj\u0105tkowo niemodne,<\/b> a g\u0142os Bo\u017cy jest <b>totalnie zag\u0142uszany<\/b> przez be\u0142kot \u015bwiata. Moralne zasady, kt\u00f3rych naucza Jezus, a wraz z Nim Ko\u015bci\u00f3\u0142 \u2013 to dla wielu jaki\u015b <b>totalny prze\u017cytek. <\/b>\u015awiat dzisiaj \u017cyje cz\u0119sto <b>tak, jakby Boga w og\u00f3le nie by\u0142o!<\/b> Dlatego te\u017c i Jego odwa\u017cnych \u015bwiadk\u00f3w traktuje jak <b>istoty z innej planety.<\/b> <\/span><\/span><\/span><\/p>\n<p align=\"justify\"><span style=\"color: #000000;\"><span style=\"font-family: Book Antiqua, serif;\"><span style=\"font-size: large;\">Dzisiejsze s\u0142owo Bo\u017ce jednak ustawia wszystko we w\u0142a\u015bciwym porz\u0105dku i jasno przestrzega: <b>nic si\u0119 nie zmieni\u0142o!<\/b> Jest tylko <b>jeden B\u00f3g,<\/b> jest tylko <b>jedna Prawda, <\/b>s\u0105 tylko jedne \u2013 te same i niezmienne \u2013 <b>zasady moralne,<\/b> jest tylko <b>jedna droga do Nieba,<\/b> jest tylko <b>jedno Niebo,<\/b> kt\u00f3re otwiera si\u0119 dla tych, kt\u00f3rzy id\u0105 Bo\u017c\u0105 drog\u0105, a nie swoimi, prywatnymi drogami. M\u00f3wi\u0105c wprost: od pocz\u0105tku \u015bwiata, od pocz\u0105tku Ko\u015bcio\u0142a \u2013 <b>w kwestiach fundamentalnych i zasadniczych <\/b>\u2013 naprawd\u0119 <b>nic si\u0119 nie zmieni\u0142o! <\/b><\/span><\/span><\/span><\/p>\n<p align=\"justify\"><span style=\"color: #000000;\"><span style=\"font-family: Book Antiqua, serif;\"><span style=\"font-size: large;\">I je\u017celi nawet r\u00f3\u017cnych m\u0119drcom tego \u015bwiata wydaje si\u0119, \u017ce to ich zasady maj\u0105 teraz by\u0107 \u201ena topie\u201d i \u017ce uda\u0142o im si\u0119 uciszy\u0107 Boga i Jego \u015bwiadk\u00f3w, to niech pami\u0119taj\u0105: <b>trzy i p\u00f3\u0142 dnia.<\/b> Czas bardzo dok\u0142adnie okre\u015blony i bardzo kr\u00f3tki. <b>A zmartwychwstanie \u2013 to ca\u0142a wieczno\u015b\u0107!<\/b><\/span><\/span><\/span><\/p>\n","protected":false},"excerpt":{"rendered":"<p>Szcz\u0119\u015b\u0107 Bo\u017ce! Moi Drodzy, w dniu dzisiejszym imieniny prze\u017cywa El\u017cbieta Ja\u015bkowska \u2013 moja Ciocia, mieszkaj\u0105ca w Olsztynie. Dzi\u0119kuj\u0105c za nasz sta\u0142y, dobry kontakt i wielk\u0105 \u017cyczliwo\u015b\u0107 ze strony Solenizantki, kt\u00f3rej nieraz do\u015bwiadczam, \u017cycz\u0119 pokoju Bo\u017cego w sercu. I zapewniam o modlitwie! Moi Drodzy, wczoraj by\u0142em w Kodniu, u Matki Bo\u017cej i poleca\u0142em Jej opiece i [&hellip;]<\/p>\n","protected":false},"author":1,"featured_media":0,"comment_status":"open","ping_status":"open","sticky":false,"template":"","format":"standard","meta":{"jetpack_post_was_ever_published":false,"_jetpack_newsletter_access":"","_jetpack_dont_email_post_to_subs":false,"_jetpack_newsletter_tier_id":0,"_jetpack_memberships_contains_paywalled_content":false,"_jetpack_memberships_contains_paid_content":false,"footnotes":""},"categories":[1],"tags":[],"class_list":["post-21139","post","type-post","status-publish","format-standard","hentry","category-bez-kategorii"],"yoast_head":"<!-- This site is optimized with the Yoast SEO plugin v25.1 - https:\/\/yoast.com\/wordpress\/plugins\/seo\/ -->\n<title>Sedno sprawy - w zmartwychwstaniu! - Gaudium Et Spes<\/title>\n<meta name=\"robots\" content=\"index, follow, max-snippet:-1, max-image-preview:large, max-video-preview:-1\" \/>\n<link rel=\"canonical\" href=\"https:\/\/gaudiumetspes-blog.pl\/index.php\/2022\/11\/19\/sedno-sprawy-w-zmartwychwstaniu\/\" \/>\n<meta property=\"og:locale\" content=\"pl_PL\" \/>\n<meta property=\"og:type\" content=\"article\" \/>\n<meta property=\"og:title\" content=\"Sedno sprawy - w zmartwychwstaniu! - Gaudium Et Spes\" \/>\n<meta property=\"og:description\" content=\"Szcz\u0119\u015b\u0107 Bo\u017ce! Moi Drodzy, w dniu dzisiejszym imieniny prze\u017cywa El\u017cbieta Ja\u015bkowska \u2013 moja Ciocia, mieszkaj\u0105ca w Olsztynie. Dzi\u0119kuj\u0105c za nasz sta\u0142y, dobry kontakt i wielk\u0105 \u017cyczliwo\u015b\u0107 ze strony Solenizantki, kt\u00f3rej nieraz do\u015bwiadczam, \u017cycz\u0119 pokoju Bo\u017cego w sercu. I zapewniam o modlitwie! Moi Drodzy, wczoraj by\u0142em w Kodniu, u Matki Bo\u017cej i poleca\u0142em Jej opiece i [&hellip;]\" \/>\n<meta property=\"og:url\" content=\"https:\/\/gaudiumetspes-blog.pl\/index.php\/2022\/11\/19\/sedno-sprawy-w-zmartwychwstaniu\/\" \/>\n<meta property=\"og:site_name\" content=\"Gaudium Et Spes\" \/>\n<meta property=\"article:published_time\" content=\"2022-11-19T08:56:31+00:00\" \/>\n<meta name=\"author\" content=\"Ks. Jacek\" \/>\n<meta name=\"twitter:card\" content=\"summary_large_image\" \/>\n<meta name=\"twitter:label1\" content=\"Napisane przez\" \/>\n\t<meta name=\"twitter:data1\" content=\"Ks. Jacek\" \/>\n\t<meta name=\"twitter:label2\" content=\"Szacowany czas czytania\" \/>\n\t<meta name=\"twitter:data2\" content=\"9 minut\" \/>\n<script type=\"application\/ld+json\" class=\"yoast-schema-graph\">{\"@context\":\"https:\/\/schema.org\",\"@graph\":[{\"@type\":\"WebPage\",\"@id\":\"https:\/\/gaudiumetspes-blog.pl\/index.php\/2022\/11\/19\/sedno-sprawy-w-zmartwychwstaniu\/\",\"url\":\"https:\/\/gaudiumetspes-blog.pl\/index.php\/2022\/11\/19\/sedno-sprawy-w-zmartwychwstaniu\/\",\"name\":\"Sedno sprawy - w zmartwychwstaniu! - Gaudium Et Spes\",\"isPartOf\":{\"@id\":\"https:\/\/gaudiumetspes-blog.pl\/#website\"},\"datePublished\":\"2022-11-19T08:56:31+00:00\",\"author\":{\"@id\":\"https:\/\/gaudiumetspes-blog.pl\/#\/schema\/person\/1661982992b752dea8dff0d4ed845a65\"},\"breadcrumb\":{\"@id\":\"https:\/\/gaudiumetspes-blog.pl\/index.php\/2022\/11\/19\/sedno-sprawy-w-zmartwychwstaniu\/#breadcrumb\"},\"inLanguage\":\"pl-PL\",\"potentialAction\":[{\"@type\":\"ReadAction\",\"target\":[\"https:\/\/gaudiumetspes-blog.pl\/index.php\/2022\/11\/19\/sedno-sprawy-w-zmartwychwstaniu\/\"]}]},{\"@type\":\"BreadcrumbList\",\"@id\":\"https:\/\/gaudiumetspes-blog.pl\/index.php\/2022\/11\/19\/sedno-sprawy-w-zmartwychwstaniu\/#breadcrumb\",\"itemListElement\":[{\"@type\":\"ListItem\",\"position\":1,\"name\":\"Strona g\u0142\u00f3wna\",\"item\":\"https:\/\/gaudiumetspes-blog.pl\/\"},{\"@type\":\"ListItem\",\"position\":2,\"name\":\"Sedno sprawy &#8211; w&nbsp;zmartwychwstaniu!\"}]},{\"@type\":\"WebSite\",\"@id\":\"https:\/\/gaudiumetspes-blog.pl\/#website\",\"url\":\"https:\/\/gaudiumetspes-blog.pl\/\",\"name\":\"Gaudium Et Spes\",\"description\":\"Blog Ks. Jacka Ja\u015bkowskiego\",\"potentialAction\":[{\"@type\":\"SearchAction\",\"target\":{\"@type\":\"EntryPoint\",\"urlTemplate\":\"https:\/\/gaudiumetspes-blog.pl\/?s={search_term_string}\"},\"query-input\":{\"@type\":\"PropertyValueSpecification\",\"valueRequired\":true,\"valueName\":\"search_term_string\"}}],\"inLanguage\":\"pl-PL\"},{\"@type\":\"Person\",\"@id\":\"https:\/\/gaudiumetspes-blog.pl\/#\/schema\/person\/1661982992b752dea8dff0d4ed845a65\",\"name\":\"Ks. Jacek\",\"image\":{\"@type\":\"ImageObject\",\"inLanguage\":\"pl-PL\",\"@id\":\"https:\/\/gaudiumetspes-blog.pl\/#\/schema\/person\/image\/\",\"url\":\"https:\/\/gaudiumetspes-blog.pl\/wp-content\/uploads\/2019\/07\/avatar-JJ-150x150.jpg\",\"contentUrl\":\"https:\/\/gaudiumetspes-blog.pl\/wp-content\/uploads\/2019\/07\/avatar-JJ-150x150.jpg\",\"caption\":\"Ks. Jacek\"},\"description\":\"Witam serdecznie! K\u0142ania si\u0119 Ks. Jacek Ja\u015bkowski. Nie jestem ani kim\u015b wa\u017cnym, ani kim\u015b znanym. Jestem ksi\u0119dzem, kt\u00f3ry po prostu chce rozmawia\u0107. Codzienna kap\u0142a\u0144ska pos\u0142uga pokazuje mi, \u017ce temat\u00f3w do rozm\u00f3w z ksi\u0119dzem jest coraz wi\u0119cej i dzisiaj \u017caden ksi\u0105dz nie mo\u017ce od nich ucieka\u0107, ale - wprost przeciwnie - podejmowa\u0107 nowe wyzwania. To przekonanie sk\u0142oni\u0142o mnie do pr\u00f3by otwarcia tego\u017c bloga, chocia\u017c okazji do rozm\u00f3w na co dzie\u0144 - w konfesjonale i poza nim - na szcz\u0119\u015bcie nie brakuje. My\u015bl\u0119 jednak, \u017ce ten blog b\u0119dzie jeszcze jednym sposobem i przestrzeni\u0105 nawi\u0105zania kontaktu z lud\u017ami dobrej woli, otwartymi na dialog.\",\"url\":\"https:\/\/gaudiumetspes-blog.pl\/index.php\/author\/ks-jacek\/\"}]}<\/script>\n<!-- \/ Yoast SEO plugin. -->","yoast_head_json":{"title":"Sedno sprawy - w zmartwychwstaniu! - Gaudium Et Spes","robots":{"index":"index","follow":"follow","max-snippet":"max-snippet:-1","max-image-preview":"max-image-preview:large","max-video-preview":"max-video-preview:-1"},"canonical":"https:\/\/gaudiumetspes-blog.pl\/index.php\/2022\/11\/19\/sedno-sprawy-w-zmartwychwstaniu\/","og_locale":"pl_PL","og_type":"article","og_title":"Sedno sprawy - w zmartwychwstaniu! - Gaudium Et Spes","og_description":"Szcz\u0119\u015b\u0107 Bo\u017ce! Moi Drodzy, w dniu dzisiejszym imieniny prze\u017cywa El\u017cbieta Ja\u015bkowska \u2013 moja Ciocia, mieszkaj\u0105ca w Olsztynie. Dzi\u0119kuj\u0105c za nasz sta\u0142y, dobry kontakt i wielk\u0105 \u017cyczliwo\u015b\u0107 ze strony Solenizantki, kt\u00f3rej nieraz do\u015bwiadczam, \u017cycz\u0119 pokoju Bo\u017cego w sercu. I zapewniam o modlitwie! Moi Drodzy, wczoraj by\u0142em w Kodniu, u Matki Bo\u017cej i poleca\u0142em Jej opiece i [&hellip;]","og_url":"https:\/\/gaudiumetspes-blog.pl\/index.php\/2022\/11\/19\/sedno-sprawy-w-zmartwychwstaniu\/","og_site_name":"Gaudium Et Spes","article_published_time":"2022-11-19T08:56:31+00:00","author":"Ks. Jacek","twitter_card":"summary_large_image","twitter_misc":{"Napisane przez":"Ks. Jacek","Szacowany czas czytania":"9 minut"},"schema":{"@context":"https:\/\/schema.org","@graph":[{"@type":"WebPage","@id":"https:\/\/gaudiumetspes-blog.pl\/index.php\/2022\/11\/19\/sedno-sprawy-w-zmartwychwstaniu\/","url":"https:\/\/gaudiumetspes-blog.pl\/index.php\/2022\/11\/19\/sedno-sprawy-w-zmartwychwstaniu\/","name":"Sedno sprawy - w zmartwychwstaniu! - Gaudium Et Spes","isPartOf":{"@id":"https:\/\/gaudiumetspes-blog.pl\/#website"},"datePublished":"2022-11-19T08:56:31+00:00","author":{"@id":"https:\/\/gaudiumetspes-blog.pl\/#\/schema\/person\/1661982992b752dea8dff0d4ed845a65"},"breadcrumb":{"@id":"https:\/\/gaudiumetspes-blog.pl\/index.php\/2022\/11\/19\/sedno-sprawy-w-zmartwychwstaniu\/#breadcrumb"},"inLanguage":"pl-PL","potentialAction":[{"@type":"ReadAction","target":["https:\/\/gaudiumetspes-blog.pl\/index.php\/2022\/11\/19\/sedno-sprawy-w-zmartwychwstaniu\/"]}]},{"@type":"BreadcrumbList","@id":"https:\/\/gaudiumetspes-blog.pl\/index.php\/2022\/11\/19\/sedno-sprawy-w-zmartwychwstaniu\/#breadcrumb","itemListElement":[{"@type":"ListItem","position":1,"name":"Strona g\u0142\u00f3wna","item":"https:\/\/gaudiumetspes-blog.pl\/"},{"@type":"ListItem","position":2,"name":"Sedno sprawy &#8211; w&nbsp;zmartwychwstaniu!"}]},{"@type":"WebSite","@id":"https:\/\/gaudiumetspes-blog.pl\/#website","url":"https:\/\/gaudiumetspes-blog.pl\/","name":"Gaudium Et Spes","description":"Blog Ks. Jacka Ja\u015bkowskiego","potentialAction":[{"@type":"SearchAction","target":{"@type":"EntryPoint","urlTemplate":"https:\/\/gaudiumetspes-blog.pl\/?s={search_term_string}"},"query-input":{"@type":"PropertyValueSpecification","valueRequired":true,"valueName":"search_term_string"}}],"inLanguage":"pl-PL"},{"@type":"Person","@id":"https:\/\/gaudiumetspes-blog.pl\/#\/schema\/person\/1661982992b752dea8dff0d4ed845a65","name":"Ks. Jacek","image":{"@type":"ImageObject","inLanguage":"pl-PL","@id":"https:\/\/gaudiumetspes-blog.pl\/#\/schema\/person\/image\/","url":"https:\/\/gaudiumetspes-blog.pl\/wp-content\/uploads\/2019\/07\/avatar-JJ-150x150.jpg","contentUrl":"https:\/\/gaudiumetspes-blog.pl\/wp-content\/uploads\/2019\/07\/avatar-JJ-150x150.jpg","caption":"Ks. Jacek"},"description":"Witam serdecznie! K\u0142ania si\u0119 Ks. Jacek Ja\u015bkowski. Nie jestem ani kim\u015b wa\u017cnym, ani kim\u015b znanym. Jestem ksi\u0119dzem, kt\u00f3ry po prostu chce rozmawia\u0107. Codzienna kap\u0142a\u0144ska pos\u0142uga pokazuje mi, \u017ce temat\u00f3w do rozm\u00f3w z ksi\u0119dzem jest coraz wi\u0119cej i dzisiaj \u017caden ksi\u0105dz nie mo\u017ce od nich ucieka\u0107, ale - wprost przeciwnie - podejmowa\u0107 nowe wyzwania. To przekonanie sk\u0142oni\u0142o mnie do pr\u00f3by otwarcia tego\u017c bloga, chocia\u017c okazji do rozm\u00f3w na co dzie\u0144 - w konfesjonale i poza nim - na szcz\u0119\u015bcie nie brakuje. My\u015bl\u0119 jednak, \u017ce ten blog b\u0119dzie jeszcze jednym sposobem i przestrzeni\u0105 nawi\u0105zania kontaktu z lud\u017ami dobrej woli, otwartymi na dialog.","url":"https:\/\/gaudiumetspes-blog.pl\/index.php\/author\/ks-jacek\/"}]}},"jetpack_featured_media_url":"","jetpack_sharing_enabled":true,"_links":{"self":[{"href":"https:\/\/gaudiumetspes-blog.pl\/index.php\/wp-json\/wp\/v2\/posts\/21139","targetHints":{"allow":["GET"]}}],"collection":[{"href":"https:\/\/gaudiumetspes-blog.pl\/index.php\/wp-json\/wp\/v2\/posts"}],"about":[{"href":"https:\/\/gaudiumetspes-blog.pl\/index.php\/wp-json\/wp\/v2\/types\/post"}],"author":[{"embeddable":true,"href":"https:\/\/gaudiumetspes-blog.pl\/index.php\/wp-json\/wp\/v2\/users\/1"}],"replies":[{"embeddable":true,"href":"https:\/\/gaudiumetspes-blog.pl\/index.php\/wp-json\/wp\/v2\/comments?post=21139"}],"version-history":[{"count":1,"href":"https:\/\/gaudiumetspes-blog.pl\/index.php\/wp-json\/wp\/v2\/posts\/21139\/revisions"}],"predecessor-version":[{"id":21140,"href":"https:\/\/gaudiumetspes-blog.pl\/index.php\/wp-json\/wp\/v2\/posts\/21139\/revisions\/21140"}],"wp:attachment":[{"href":"https:\/\/gaudiumetspes-blog.pl\/index.php\/wp-json\/wp\/v2\/media?parent=21139"}],"wp:term":[{"taxonomy":"category","embeddable":true,"href":"https:\/\/gaudiumetspes-blog.pl\/index.php\/wp-json\/wp\/v2\/categories?post=21139"},{"taxonomy":"post_tag","embeddable":true,"href":"https:\/\/gaudiumetspes-blog.pl\/index.php\/wp-json\/wp\/v2\/tags?post=21139"}],"curies":[{"name":"wp","href":"https:\/\/api.w.org\/{rel}","templated":true}]}}