{"id":21191,"date":"2022-12-11T03:13:29","date_gmt":"2022-12-11T02:13:29","guid":{"rendered":"https:\/\/gaudiumetspes-blog.pl\/?p=21191"},"modified":"2022-12-11T03:13:29","modified_gmt":"2022-12-11T02:13:29","slug":"trudna-sztuka-czekania","status":"publish","type":"post","link":"https:\/\/gaudiumetspes-blog.pl\/index.php\/2022\/12\/11\/trudna-sztuka-czekania\/","title":{"rendered":"Trudna sztuka&#8230; czekania!"},"content":{"rendered":"<p align=\"justify\"><span style=\"color: #000000;\"><span style=\"font-family: Book Antiqua, serif;\"><span style=\"font-size: large;\">Szcz\u0119\u015b\u0107 Bo\u017ce! Moi Drodzy, w dniu dzisiejszym <b>urodziny prze\u017cywa<\/b><b> <\/b><b>Ksi\u0105dz Adam Turemka, za moich czas\u00f3w \u2013 Proboszcz w Miastkowie i wieloletni Ojciec Duchowny Pielgrzymki Podlaskiej.<\/b><\/span><\/span><\/span><\/p>\n<p align=\"justify\"><span style=\"color: #000000;\"><span style=\"font-family: Book Antiqua, serif;\"><span style=\"font-size: large;\"><b>Z kolei, imieniny prze\u017cywa Ksi\u0105dz Waldemar Grzeszczuk, za moich czas\u00f3w \u2013 Kap\u0142an wspomagaj\u0105cy nasz\u0105 <\/b><b>duszpastersk\u0105 <\/b><b>pos\u0142ug\u0119 w Celestynowie.<\/b><\/span><\/span><\/span><\/p>\n<p align=\"justify\"><span style=\"color: #000000;\"><span style=\"font-family: Book Antiqua, serif;\"><span style=\"font-size: large;\"><b>\u017bycz\u0119 \u015awi\u0119tuj\u0105cym Bo\u017cej blisko\u015bci! I zapewniam o modlitwie!<\/b><\/span><\/span><\/span><\/p>\n<p align=\"justify\"><span style=\"color: #000000;\"><span style=\"font-family: Book Antiqua, serif;\"><span style=\"font-size: large;\">A w Paprotni dzisiaj ko\u0144czymy Rekolekcje. Serdeczn\u0105 modlitw\u0105 b\u0119d\u0119 odwzajemnia\u0142 ogromn\u0105 \u017cyczliwo\u015b\u0107, jakiej do\u015bwiadczy\u0142em tam ze strony nowego Proboszcza, Ksi\u0119dza Wojciecha Matuszewskiego, i ca\u0142ej Parafii.<\/span><\/span><\/span><\/p>\n<p align=\"justify\"><span style=\"color: #000000;\"><span style=\"font-family: Book Antiqua, serif;\"><span style=\"font-size: large;\">Teraz za\u015b ju\u017c zapraszam do pochylenia si\u0119 nad Bo\u017cym s\u0142owem. Ws\u0142uchajmy si\u0119 w nie i postarajmy si\u0119 odkry\u0107 <b>przes\u0142anie, z jakim Pan zwraca si\u0119 do ka\u017cdej i ka\u017cdego z nas osobi\u015bcie. <\/b>Duchu \u015awi\u0119ty \u2013 pom\u00f3\u017c!<\/span><\/span><\/span><\/p>\n<p align=\"justify\"><span style=\"color: #000000;\"><span style=\"font-family: Book Antiqua, serif;\"><span style=\"font-size: large;\"><b>Niech Was b\u0142ogos\u0142awi B\u00f3g Wszechmog\u0105cy: Ojciec + i Syn, i Duch \u015awi\u0119ty. Amen<\/b><\/span><\/span><\/span><\/p>\n<p align=\"center\"><span style=\"color: #000000;\"><span style=\"font-family: Book Antiqua, serif;\"><span style=\"font-size: large;\">Gaudium et spes! Ks. Jacek<\/span><\/span><\/span><\/p>\n<p align=\"center\">\n<p align=\"center\">\n<p align=\"center\">\n<p align=\"center\">\n<p align=\"center\">\n<p><span style=\"color: #000000;\"><span style=\"font-family: Book Antiqua, serif;\"><span style=\"font-size: large;\"><b>REKOLEKCJE ADWENTOWE, dzie\u0144 3,<\/b><\/span><\/span><\/span><\/p>\n<p align=\"justify\"><span style=\"color: #000000;\"><span style=\"font-family: Book Antiqua, serif;\"><span style=\"font-size: large;\"><b>3 Niedziela Adwentu \u2013 GAUDETE, A,<\/b><\/span><\/span><\/span><\/p>\n<p align=\"justify\"><span style=\"color: #000000;\"><span style=\"font-family: Book Antiqua, serif;\"><span style=\"font-size: large;\"><b>11 grudnia 2022.,\u00a0<\/b><\/span><\/span><\/span><\/p>\n<p align=\"justify\"><span style=\"color: #000000;\"><span style=\"font-family: Book Antiqua, serif;\"><span style=\"font-size: large;\"><b>do czyta\u0144: Iz 35,1\u20136a.10; Jk 5,7\u201310; Mt 11,2\u201311<\/b><\/span><\/span><\/span><\/p>\n<p align=\"justify\">\n<p align=\"justify\">\n<p align=\"justify\">\n<p align=\"justify\">\n<p align=\"justify\">\n<p align=\"justify\"><span style=\"color: #000000;\"><span style=\"font-family: Book Antiqua, serif;\"><span style=\"font-size: large;\"><b>CZYTANIE Z KSI\u0118GI PROROKA IZAJASZA: <\/b><\/span><\/span><\/span><\/p>\n<p align=\"justify\"><span style=\"color: #000000;\"><span style=\"font-family: Book Antiqua, serif;\"><span style=\"font-size: large;\"><b>Niech si\u0119 rozweseli pustynia i spieczona ziemia, <\/b><\/span><\/span><\/span><\/p>\n<p align=\"justify\"><span style=\"color: #000000;\"><span style=\"font-family: Book Antiqua, serif;\"><span style=\"font-size: large;\"><b>niech si\u0119 raduje step i niech rozkwitnie! <\/b><\/span><\/span><\/span><\/p>\n<p align=\"justify\"><span style=\"color: #000000;\"><span style=\"font-family: Book Antiqua, serif;\"><span style=\"font-size: large;\"><b>Niech wyda kwiaty jak lilie polne, <\/b><\/span><\/span><\/span><\/p>\n<p align=\"justify\"><span style=\"color: #000000;\"><span style=\"font-family: Book Antiqua, serif;\"><span style=\"font-size: large;\"><b>niech si\u0119 rozraduje tak\u017ce skacz\u0105c <\/b><\/span><\/span><\/span><\/p>\n<p align=\"justify\"><span style=\"color: #000000;\"><span style=\"font-family: Book Antiqua, serif;\"><span style=\"font-size: large;\"><b>i wykrzykuj\u0105c z uciechy. <\/b><\/span><\/span><\/span><\/p>\n<p align=\"justify\"><span style=\"color: #000000;\"><span style=\"font-family: Book Antiqua, serif;\"><span style=\"font-size: large;\"><b>Chwa\u0142\u0105 Libanu j\u0105 obdarzono, <\/b><\/span><\/span><\/span><\/p>\n<p align=\"justify\"><span style=\"color: #000000;\"><span style=\"font-family: Book Antiqua, serif;\"><span style=\"font-size: large;\"><b>ozdob\u0105 Karmelu i Saronu. <\/b><\/span><\/span><\/span><\/p>\n<p align=\"justify\"><span style=\"color: #000000;\"><span style=\"font-family: Book Antiqua, serif;\"><span style=\"font-size: large;\"><b>Oni zobacz\u0105 chwa\u0142\u0119 Pana, <\/b><\/span><\/span><\/span><\/p>\n<p align=\"justify\"><span style=\"color: #000000;\"><span style=\"font-family: Book Antiqua, serif;\"><span style=\"font-size: large;\"><b>wspania\u0142o\u015b\u0107 naszego Boga. <\/b><\/span><\/span><\/span><\/p>\n<p align=\"justify\"><span style=\"color: #000000;\"><span style=\"font-family: Book Antiqua, serif;\"><span style=\"font-size: large;\"><b>Pokrzepcie r\u0119ce os\u0142ab\u0142e, <\/b><\/span><\/span><\/span><\/p>\n<p align=\"justify\"><span style=\"color: #000000;\"><span style=\"font-family: Book Antiqua, serif;\"><span style=\"font-size: large;\"><b>wzmocnijcie kolana omdla\u0142e! <\/b><\/span><\/span><\/span><\/p>\n<p align=\"justify\"><span style=\"color: #000000;\"><span style=\"font-family: Book Antiqua, serif;\"><span style=\"font-size: large;\"><b>Powiedzcie ma\u0142odusznym: <\/b><\/span><\/span><\/span><\/p>\n<p align=\"justify\"><span style=\"color: #000000;\">\u201e<span style=\"font-family: Book Antiqua, serif;\"><span style=\"font-size: large;\"><b>Odwagi! Nie b\u00f3jcie si\u0119! <\/b><\/span><\/span><\/span><\/p>\n<p align=\"justify\"><span style=\"color: #000000;\"><span style=\"font-family: Book Antiqua, serif;\"><span style=\"font-size: large;\"><b>Oto wasz B\u00f3g, oto pomsta; <\/b><\/span><\/span><\/span><\/p>\n<p align=\"justify\"><span style=\"color: #000000;\"><span style=\"font-family: Book Antiqua, serif;\"><span style=\"font-size: large;\"><b>przychodzi Bo\u017ca odp\u0142ata; <\/b><\/span><\/span><\/span><\/p>\n<p align=\"justify\"><span style=\"color: #000000;\"><span style=\"font-family: Book Antiqua, serif;\"><span style=\"font-size: large;\"><b>On sam przychodzi, aby was zbawi\u0107\u201d. <\/b><\/span><\/span><\/span><\/p>\n<p align=\"justify\"><span style=\"color: #000000;\"><span style=\"font-family: Book Antiqua, serif;\"><span style=\"font-size: large;\"><b>Wtedy przejrz\u0105 oczy niewidomych <\/b><\/span><\/span><\/span><\/p>\n<p align=\"justify\"><span style=\"color: #000000;\"><span style=\"font-family: Book Antiqua, serif;\"><span style=\"font-size: large;\"><b>i uszy g\u0142uchych si\u0119 otworz\u0105. <\/b><\/span><\/span><\/span><\/p>\n<p align=\"justify\"><span style=\"color: #000000;\"><span style=\"font-family: Book Antiqua, serif;\"><span style=\"font-size: large;\"><b>Wtedy chromy wyskoczy jak jele\u0144 <\/b><\/span><\/span><\/span><\/p>\n<p align=\"justify\"><span style=\"color: #000000;\"><span style=\"font-family: Book Antiqua, serif;\"><span style=\"font-size: large;\"><b>i j\u0119zyk niemych weso\u0142o krzyknie. <\/b><\/span><\/span><\/span><\/p>\n<p align=\"justify\"><span style=\"color: #000000;\"><span style=\"font-family: Book Antiqua, serif;\"><span style=\"font-size: large;\"><b>I odkupieni przez Pana powr\u00f3c\u0105. <\/b><\/span><\/span><\/span><\/p>\n<p align=\"justify\"><span style=\"color: #000000;\"><span style=\"font-family: Book Antiqua, serif;\"><span style=\"font-size: large;\"><b>Przyb\u0119d\u0105 na Syjon z radosnym \u015bpiewem, <\/b><\/span><\/span><\/span><\/p>\n<p align=\"justify\"><span style=\"color: #000000;\"><span style=\"font-family: Book Antiqua, serif;\"><span style=\"font-size: large;\"><b>ze szcz\u0119\u015bciem wiecznym na twarzach. <\/b><\/span><\/span><\/span><\/p>\n<p align=\"justify\"><span style=\"color: #000000;\"><span style=\"font-family: Book Antiqua, serif;\"><span style=\"font-size: large;\"><b>Osi\u0105gn\u0105 rado\u015b\u0107 i szcz\u0119\u015bcie, <\/b><\/span><\/span><\/span><\/p>\n<p align=\"justify\"><span style=\"color: #000000;\"><span style=\"font-family: Book Antiqua, serif;\"><span style=\"font-size: large;\"><b>ust\u0105pi smutek i wzdychanie.<\/b><\/span><\/span><\/span><\/p>\n<p align=\"justify\">\n<p align=\"justify\">\n<p align=\"justify\">\n<p align=\"justify\">\n<p align=\"justify\">\n<p align=\"justify\"><span style=\"color: #000000;\"><span style=\"font-family: Book Antiqua, serif;\"><span style=\"font-size: large;\"><b>CZYTANIE Z LISTU \u015aWI\u0118TEGO JAKUBA APOSTO\u0141A:<\/b><\/span><\/span><\/span><\/p>\n<p align=\"justify\"><span style=\"color: #000000;\"><span style=\"font-family: Book Antiqua, serif;\"><span style=\"font-size: large;\"><b>Trwajcie cierpliwie, bracia, a\u017c do przyj\u015bcia Pana. Oto rolnik czeka wytrwale na cenny plon ziemi, dop\u00f3ki nie spadnie deszcz wczesny i p\u00f3\u017any. Tak i wy b\u0105d\u017acie cierpliwi i umacniajcie serca wasze, bo przyj\u015bcie Pana jest ju\u017c bliskie. <\/b><\/span><\/span><\/span><\/p>\n<p align=\"justify\"><span style=\"color: #000000;\"><span style=\"font-family: Book Antiqua, serif;\"><span style=\"font-size: large;\"><b>Nie uskar\u017cajcie si\u0119, bracia, jeden na drugiego, by\u015bcie nie popadli pod s\u0105d. Oto s\u0119dzia stoi przed drzwiami. Za przyk\u0142ad wytrwa\u0142o\u015bci i cierpliwo\u015bci we\u017acie, bracia, prorok\u00f3w, kt\u00f3rzy przemawiali w imi\u0119 Pa\u0144skie.<\/b><\/span><\/span><\/span><\/p>\n<p align=\"justify\">\n<p align=\"justify\">\n<p align=\"justify\">\n<p align=\"justify\">\n<p align=\"justify\">\n<p align=\"justify\"><span style=\"color: #000000;\"><span style=\"font-family: Book Antiqua, serif;\"><span style=\"font-size: large;\"><b>S\u0141OWA EWANGELII WED\u0141UG \u015aWI\u0118TEGO MATEUSZA: <\/b><\/span><\/span><\/span><\/p>\n<p align=\"justify\"><span style=\"color: #000000;\"><span style=\"font-family: Book Antiqua, serif;\"><span style=\"font-size: large;\"><b>Gdy Jan us\u0142ysza\u0142 w wi\u0119zieniu o czynach Chrystusa, pos\u0142a\u0142 swoich uczni\u00f3w z zapytaniem: \u201eCzy Ty jeste\u015b Tym, kt\u00f3ry ma przyj\u015b\u0107, czy te\u017c innego mamy oczekiwa\u0107?\u201d Jezus im odpowiedzia\u0142: \u201eId\u017acie i oznajmijcie Janowi to, co s\u0142yszycie i na co patrzycie: niewidomi wzrok odzyskuj\u0105, chromi chodz\u0105, tr\u0119dowaci doznaj\u0105 oczyszczenia, g\u0142usi s\u0142ysz\u0105, umarli zmartwychwstaj\u0105, ubogim g\u0142osi si\u0119 Ewangeli\u0119. A b\u0142ogos\u0142awiony jest ten, kto we Mnie nie zw\u0105tpi\u201d. <\/b><\/span><\/span><\/span><\/p>\n<p align=\"justify\"><span style=\"color: #000000;\"><span style=\"font-family: Book Antiqua, serif;\"><span style=\"font-size: large;\"><b>Gdy oni odchodzili, Jezus zacz\u0105\u0142 m\u00f3wi\u0107 do t\u0142um\u00f3w o Janie: \u201eCo\u015bcie wyszli ogl\u0105da\u0107 na pustyni? Trzcin\u0119 ko\u0142ysz\u0105c\u0105 si\u0119 na wietrze? Ale co\u015bcie wyszli zobaczy\u0107? Cz\u0142owieka w mi\u0119kkie szaty ubranego? Oto w domach kr\u00f3lewskich s\u0105 ci, kt\u00f3rzy mi\u0119kkie szaty nosz\u0105. Po co\u015bcie wi\u0119c wyszli? Proroka zobaczy\u0107? Tak, powiadam wam, nawet wi\u0119cej ni\u017c proroka. On jest tym, o kt\u00f3rym napisano: \u00abOto Ja posy\u0142am mego wys\u0142a\u0144ca przed Tob\u0105, aby Ci przygotowa\u0142 drog\u0119\u00bb. Zaprawd\u0119 powiadam wam: Mi\u0119dzy narodzonymi z niewiast nie powsta\u0142 wi\u0119kszy od Jana Chrzciciela. Lecz najmniejszy w Kr\u00f3lestwie niebieskim wi\u0119kszy jest ni\u017c on\u201d.<\/b><\/span><\/span><\/span><\/p>\n<p align=\"justify\">\n<p align=\"justify\">\n<p align=\"justify\">\n<p align=\"justify\">\n<p align=\"justify\">\n<p align=\"justify\"><span style=\"color: #000000;\"><span style=\"font-family: Book Antiqua, serif;\"><span style=\"font-size: large;\">To ostatni dzie\u0144 naszych parafialnych Rekolekcji adwentowych. <b>Dzi\u0119kujemy Bogu za ten pi\u0119kny czas!<\/b> Dzisiaj to nasze dzi\u0119kczynienie brzmi szczeg\u00f3lnie rado\u015bnie \u2013 w t\u0119 trzeci\u0105 Niedziel\u0119 Adwentu, zwan\u0105 od pierwszego s\u0142owa mszalnej Antyfony na Wej\u015bcie, w wersji \u0142aci\u0144skiej: <b>GAUDETE IN DOMINO \u2013 RADUJCIE SI\u0118 W PANU!<\/b> \u2013 w\u0142a\u015bnie <b>Niedziel\u0105 GAUDETE,<\/b> czyli Niedziel\u0105 rado\u015bci. <\/span><\/span><\/span><\/p>\n<p align=\"justify\"><span style=\"color: #000000;\"><span style=\"font-family: Book Antiqua, serif;\"><span style=\"font-size: large;\">Bo ju\u017c Adwent si\u0119 dope\u0142nia, bo ju\u017c Pan jest blisko, bo ju\u017c wkr\u00f3tce prze\u017cyjemy radosne spotkanie z Nim. Dlatego Ko\u015bci\u00f3\u0142 \u2013 dla podkre\u015blenia pewnego \u2013 by tak to uj\u0105\u0107 \u2013 <b>z\u0142agodzenia atmosfery Adwentu<\/b> jako czasu wyciszenia, przywdziewa szaty liturgiczne <b>koloru<\/b> <b>r\u00f3\u017cowego<\/b> (o ile takie oczywi\u015bcie s\u0105 w parafii). I w\u0142a\u015bnie w t\u0119 Niedziel\u0119 rado\u015bci my, jako Wsp\u00f3lnota parafialna i Wsp\u00f3lnota rekolekcyjna,<b> dzi\u0119kujemy Panu naszemu za ten dobry i \u015bwi\u0119ty czas.<\/b><\/span><\/span><\/span><\/p>\n<p align=\"justify\"><span style=\"color: #000000;\"><span style=\"font-family: Book Antiqua, serif;\"><span style=\"font-size: large;\">Prze\u017cywamy go w atmosferze serdecznej modlitwy wszystkich za wszystkich, w\u0142\u0105czaj\u0105c do naszych osobistych, codziennych, ulubionych modlitw <b>intencj\u0119 tych Rekolekcji.<\/b> Dla podkre\u015blenia jednak jedno\u015bci pomi\u0119dzy nami, odmawiamy <b>codziennie jedn\u0105, tak\u0105 sam\u0105 modlitw\u0119,<\/b> jak\u0105 zanosimy do Pana w naszym domach, a nie tu w ko\u015bciele, a to w\u0142a\u015bnie dlatego, \u017ce zale\u017cy nam, aby w naszych domach tak\u017ce czu\u0107 by\u0142o <b>pi\u0119kn\u0105, rekolekcyjn\u0105 atmosfer\u0119.<\/b> <\/span><\/span><\/span><\/p>\n<p align=\"justify\"><span style=\"color: #000000;\"><span style=\"font-family: Book Antiqua, serif;\"><span style=\"font-size: large;\">I tak oto wczoraj t\u0105 w\u0142a\u015bnie modlitw\u0105, kt\u00f3r\u0105 zanosili\u015bmy do Pana w duchu jedno\u015bci wzajemnej, by\u0142y <b>dwa dziesi\u0105tki R\u00f3\u017ca\u0144ca \u015awi\u0119tego, <\/b>trzecia i czwarta tajemnica radosna, a wi\u0119c Narodzenie Jezusa i Ofiarowanie Jezusa w \u015bwi\u0105tyni. <b>Czy uda\u0142o si\u0119 nam je odm\u00f3wi\u0107?\u2026<\/b> A czy uda\u0142o si\u0119 nam je odm\u00f3wi\u0107 we wsp\u00f3lnocie z innymi?\u2026 <\/span><\/span><\/span><\/p>\n<p align=\"justify\"><span style=\"color: #000000;\"><span style=\"font-family: Book Antiqua, serif;\"><span style=\"font-size: large;\">Dzi\u0119kuj\u0119 serdecznie tym, kt\u00f3rzy <b>swoj\u0105 modlitw\u0105 wspieraj\u0105 dzie\u0142o<\/b> naszych Rekolekcji. A oto dzisiaj zechciejmy odm\u00f3wi\u0107<b> pi\u0105t\u0105 tajemnic\u0119 radosn\u0105 R\u00f3\u017ca\u0144ca \u015awi\u0119tego,<\/b> a wi\u0119c Odnalezienie Jezusa w \u015bwi\u0105tyni, a tak\u017ce <b>Litani\u0119 Loreta\u0144sk\u0105 do Matki Bo\u017cej.<\/b> I \u2013 podobnie, jak wczoraj czy przedwczoraj \u2013 prosz\u0119 o odm\u00f3wienie tego we wsp\u00f3lnocie z innymi, je\u017celi tylko jest taka mo\u017cliwo\u015b\u0107.<\/span><\/span><\/span><\/p>\n<p align=\"justify\"><span style=\"color: #000000;\"><span style=\"font-family: Book Antiqua, serif;\"><span style=\"font-size: large;\">A modlimy si\u0119 w nast\u0119puj\u0105cych intencjach:<\/span><\/span><\/span><\/p>\n<p align=\"justify\"><span style=\"color: #000000;\">\u25ba<span style=\"font-family: Book Antiqua, serif;\"><span style=\"font-size: large;\"><b>o<\/b><b> b\u0142ogos\u0142awione i liczne owoce duchowe<\/b> tego czasu dla nas wszystkich;<\/span><\/span><\/span><\/p>\n<p align=\"justify\"><span style=\"color: #000000;\">\u25ba<span style=\"font-family: Book Antiqua, serif;\"><span style=\"font-size: large;\"><b>z<\/b><b>a Rekolekcjonist\u0119 i Spowiednik\u00f3w \u2013<\/b> o \u015bwiat\u0142o Ducha \u015awi\u0119tego i odwag\u0119 w jasnym i konkretnym przekazywaniu Bo\u017cej prawdy;<\/span><\/span><\/span><\/p>\n<p align=\"justify\"><span style=\"color: #000000;\">\u25ba<span style=\"font-family: Book Antiqua, serif;\"><span style=\"font-size: large;\">za tych, kt\u00f3rzy <b>mog\u0105 w tych Rekolekcjach uczestniczy\u0107, ale z r\u00f3\u017cnych wzgl\u0119d\u00f3w nie chc\u0105<\/b> \u2013 cz\u0119sto ju\u017c od wielu lat \u2013 aby jak najszybciej zechcieli skorzysta\u0107 z Bo\u017cego zaproszenia;<\/span><\/span><\/span><\/p>\n<p align=\"justify\"><span style=\"color: #000000;\">\u25ba<span style=\"font-family: Book Antiqua, serif;\"><span style=\"font-size: large;\">i za tych, kt\u00f3rzy chocia\u017c<b> bardzo chc\u0105 w nich uczestniczy\u0107, to jednak nie mog\u0105 <\/b>\u2013 z powodu wieku, stanu zdrowia czy innych, niepokonalnych przeszk\u00f3d, uniemo\u017cliwiaj\u0105cych im przybycie do \u015bwi\u0105tyni. <\/span><\/span><\/span><\/p>\n<p align=\"justify\"><span style=\"color: #000000;\"><span style=\"font-family: Book Antiqua, serif;\"><span style=\"font-size: large;\">Tych ostatnich <b>szczeg\u00f3lnie gor\u0105co <\/b><b>raz jeszcze <\/b><b>pozdrawiam<\/b><b>y <\/b>(prosz\u0119 o przekazanie tego pozdrowienia w domach!) i prosimy \u2013 zw\u0142aszcza Starszych czy Chorych \u2013 aby <b>chocia\u017c cz\u0105stk\u0119 swego cierpienia,<\/b> swego codziennego krzy\u017ca, <b>ofiarowali w intencji tego czasu.<\/b> Bardzo Im za to ju\u017c teraz dzi\u0119kujemy. Niech uwa\u017caj\u0105 si\u0119 za <b>pe\u0142noprawnych Uczestnik\u00f3w tych Rekolekcji. <\/b>Niech ten czas b\u0119dzie i dla Nich owocny!<\/span><\/span><\/span><\/p>\n<p align=\"justify\"><span style=\"color: #000000;\"><span style=\"font-family: Book Antiqua, serif;\"><span style=\"font-size: large;\">Moi Drodzy, ja mam \u015bwiadomo\u015b\u0107, \u017ce ka\u017cdego dnia jak\u0105\u015b cz\u0119\u015b\u0107 swego wyst\u0105pienia <b>po\u015bwi\u0119cam na <\/b><b>te oto<\/b><b> sprawy<\/b> \u2013 by tak je nazwa\u0107 \u2013 <b>organizacyjne, logistyczne,<\/b> zwi\u0105zane z nasz\u0105 wsp\u00f3ln\u0105, wzajemn\u0105 modlitw\u0105, czy z prac\u0105 domow\u0105, jak\u0105 sobie tutaj wyznaczamy. <b>Powtarzam te\u017c has\u0142o tych Rekolekcji<\/b> i has\u0142a poszczeg\u00f3lnych dni. Nawet niekiedy s\u0142ysz\u0119 zarzut, \u017ce <b>to niepotrzebne <\/b>\u2013 ci\u0105g\u0142e powtarzanie tego samego \u2013 bo lepiej wi\u0119cej uwagi po\u015bwi\u0119ci\u0107 rozwa\u017caniu s\u0142owa Bo\u017cego danego dnia. <\/span><\/span><\/span><\/p>\n<p align=\"justify\"><span style=\"color: #000000;\"><span style=\"font-family: Book Antiqua, serif;\"><span style=\"font-size: large;\">Chc\u0119 jednak z ca\u0142\u0105 moc\u0105 stwierdzi\u0107, \u017ce robi\u0119 to<b> celowo i w pe\u0142ni \u015bwiadomie.<\/b> Owszem, kiedy wyg\u0142aszam homili\u0119 w jak\u0105\u015b niedziel\u0119, czy \u015bwi\u0119to, to w\u00f3wczas jest ona <b>w ca\u0142o\u015bci po\u015bwi\u0119cona <\/b>rozwa\u017caniu s\u0142owa Bo\u017cego danego dnia. Rekolekcje jednak \u2013 jak wspomnia\u0142em pierwszego dnia \u2013 to <b>czas intensywnej, duchowej pracy,<\/b> podejmowanej przez Rekolekcjonist\u0119, Proboszcza Parafii i wszystkich Uczestnik\u00f3w. <\/span><\/span><\/span><\/p>\n<p align=\"justify\"><span style=\"color: #000000;\"><span style=\"font-family: Book Antiqua, serif;\"><span style=\"font-size: large;\">I ta praca \u2013 jak wspomnia\u0142em \u2013 jest <b>o wiele wa\u017cniejsza,<\/b> ni\u017c samo przemawianie Rekolekcjonisty. Ono \u2013 owszem \u2013 ma pom\u00f3c w tej pracy, ale to w\u0142a\u015bnie <b>ta praca jest najwa\u017cniejsza. <\/b>A je\u017celi praca \u2013 to musi by\u0107 <b>dobrze zaplanowana i logistycznie zorganizowana. <\/b>I dlatego tyle uwagi po\u015bwi\u0119cam ka\u017cdego dnia przypomnieniu naszych wsp\u00f3lnych dzia\u0142a\u0144, a potem dopiero przechodz\u0119 do rozwa\u017cania Bo\u017cego s\u0142owa.<\/span><\/span><\/span><\/p>\n<p align=\"justify\"><span style=\"color: #000000;\"><span style=\"font-family: Book Antiqua, serif;\"><span style=\"font-size: large;\">I w\u0142a\u015bnie w ramach ca\u0142ej tej logistyki przypominam, \u017ce nasze wsp\u00f3lne refleksje <b>koncentruj\u0105 si\u0119 wok\u00f3\u0142 has\u0142a, <\/b>jakim s\u0105 pierwsze s\u0142owa dzisiejszego drugiego czytania, z Listu \u015awi\u0119tego Jakuba Aposto\u0142a: <b>Trwajcie cierpliwie, bracia, a\u017c do przyj\u015bcia Pana. <\/b>Has\u0142em naszych Rekolekcji s\u0105 s\u0142owa: <b>TRWAJCIE CIERPLIWIE.<\/b> <\/span><\/span><\/span><\/p>\n<p align=\"justify\"><span style=\"color: #000000;\"><span style=\"font-family: Book Antiqua, serif;\"><span style=\"font-size: large;\">Pierwszego dnia stawiali\u015bmy sobie przed oczy obraz <b>DZIECI, KT\u00d3RE KAPRYSZ\u0104,<\/b> tak bowiem Jezus okre\u015bli\u0142 ludzi ze swego pokolenia, a na tej podstawie m\u00f3wili\u015bmy sobie, \u017ce to my w\u0142a\u015bnie <b>nie mo\u017cemy by\u0107<\/b> \u2013 w sprawach wiary, w sprawach naszych relacji z Bogiem \u2013 <b>kim\u015b takim, jak te dzieci.<\/b> Nasza wiara nie mo\u017ce zale\u017ce\u0107 <b>od r\u00f3\u017cnych zmiennych,<\/b> jak humor, nastr\u00f3j, zm\u0119czenie, pogoda, albo opinia otoczenia. <\/span><\/span><\/span><\/p>\n<p align=\"justify\"><span style=\"color: #000000;\"><span style=\"font-family: Book Antiqua, serif;\"><span style=\"font-size: large;\">Wczoraj natomiast obrazem, ukazanym przez Bo\u017ce s\u0142owo, by\u0142 <b>PROROK JAK OGIE\u0143. <\/b>Przyk\u0142ady takich postaw ujrzeli\u015bmy w osobach <b>Eliasza i Jana Chrzciciela,<\/b> a m\u00f3wili\u015bmy sobie, \u017ce akurat takimi w\u0142a\u015bnie chrze\u015bcijanami <b>mamy by\u0107<\/b><b>:<\/b> odwa\u017cnymi, zapalonymi, radykalnymi, wolnymi <b>od zal\u0119knienia i kompleks\u00f3w, <\/b>kt\u00f3rych to przejawy, szczeg\u00f3lnie ostatnio, mo\u017cna zaobserwowa\u0107 w postawie tak\u017ce polskich katolik\u00f3w. <\/span><\/span><\/span><\/p>\n<p align=\"justify\"><span style=\"color: #000000;\"><span style=\"font-family: Book Antiqua, serif;\"><span style=\"font-size: large;\">I oto dzisiaj obrazem, kt\u00f3ry ukazuje nam liturgia S\u0142owa, jest <b>ROLNIK, KT\u00d3RY CZEKA NA PLON. <\/b>Ponownie odwo\u0142ujemy si\u0119 do drugiego czytania, z Listu Jakuba Aposto\u0142a, bo to tam w\u0142a\u015bnie padaj\u0105 s\u0142owa: <i><b>Oto rolnik czeka wytrwale na cenny plon ziemi, dop\u00f3ki nie spadnie deszcz wczesny i p\u00f3\u017any. Tak i wy b\u0105d\u017acie cierpliwi i umacniajcie serca wasze, bo przyj\u015bcie Pana jest ju\u017c bliskie.<\/b><\/i><b> <\/b><\/span><\/span><\/span><\/p>\n<p align=\"justify\"><span style=\"color: #000000;\"><span style=\"font-family: Book Antiqua, serif;\"><span style=\"font-size: large;\">W dalszej za\u015b cz\u0119\u015bci tego\u017c czytania za przyk\u0142ad cierpliwo\u015bci i wytrwa\u0142o\u015bci Aposto\u0142 stawia <i><b>prorok\u00f3w, kt\u00f3rzy przemawiali w imi\u0119 Pa\u0144skie. <\/b><\/i>Oni tak\u017ce musieli nieraz czeka\u0107 na plon swego siewu, a niekiedy si\u0119 go nawet <b>za \u017cycia nie doczekali.<\/b> <\/span><\/span><\/span><\/p>\n<p align=\"justify\"><span style=\"color: #000000;\"><span style=\"font-family: Book Antiqua, serif;\"><span style=\"font-size: large;\">Je\u017celi za\u015b m\u00f3wimy o plonie ziemi, to trudno nie odnie\u015b\u0107 tego do pierwszego czytania, z Ksi\u0119gi Proroka Izajasza, a konkretnie do tych s\u0142\u00f3w: <i><b>Niech si\u0119 rozweseli pustynia i spieczona ziemia, niech si\u0119 raduje step i niech rozkwitnie! Niech wyda kwiaty jak lilie<\/b><\/i><b> <\/b><i><b>polne<\/b><\/i><b>, <\/b><i><b>niech si\u0119 rozraduje tak\u017ce skacz\u0105c i wykrzykuj\u0105c z uciechy.<\/b><\/i><b> <\/b>Ten bujny rozkwit ro\u015blinno\u015bci w miejscu pustynnym i stepowym, to w\u0142a\u015bnie <b>symbol i zapowied\u017a owego plonu, <\/b>na kt\u00f3ry czeka ka\u017cdy rolnik \u2013 ka\u017cdy siewca, tak\u017ce Bo\u017cy siewca \u2013 kiedy rzuca ziarno w ziemi\u0119. <\/span><\/span><\/span><\/p>\n<p align=\"justify\"><span style=\"color: #000000;\"><span style=\"font-family: Book Antiqua, serif;\"><span style=\"font-size: large;\">S\u0142uchaj\u0105c w kolejnych dniach Adwentu, zw\u0142aszcza w pierwszych czytaniach, zapowiedzi jakiego\u015b <b>totalnego szcz\u0119\u015bcia i harmonii,<\/b> jakie zapanuj\u0105 na \u015bwiecie, nieraz zastanawiamy si\u0119, kiedy to nast\u0105pi. Prorok Izajasz pos\u0142uguje si\u0119 w tej kwestii enigmatycznym sformu\u0142owaniem: <i><b>w owym dniu.<\/b><\/i> Albo: <i><b>owego dnia.<\/b><\/i> Czyli \u2013 tak naprawd\u0119 \u2013 kiedy? Jeszcze w tym \u017cyciu, czy ju\u017c w tym przysz\u0142ym? <\/span><\/span><\/span><\/p>\n<p align=\"justify\"><span style=\"color: #000000;\"><span style=\"font-family: Book Antiqua, serif;\"><span style=\"font-size: large;\">Z pewno\u015bci\u0105, w\u0142a\u015bnie w takim kontek\u015bcie mo\u017cemy m\u00f3wi\u0107 o <b>\u00ab<\/b><b>trwaniu cierpliwym<\/b><b>\u00bb<\/b><b>,<\/b> o oczekiwaniu na plon \u2013 ale oczekiwaniu w spos\u00f3b aktywny. Prorok Izajasz wprost wzywa: <i><b>Pokrzepcie r\u0119ce os\u0142ab\u0142e, wzmocnijcie kolana omdla\u0142e! Powiedzcie ma\u0142odusznym: \u201eOdwagi! Nie b\u00f3jcie si\u0119! Oto wasz B\u00f3g, oto pomsta; przychodzi Bo\u017ca odp\u0142ata; On sam przychodzi, aby was zbawi\u0107\u201d. <\/b><\/i>To jest w\u0142a\u015bnie wype\u0142nienie s\u0142\u00f3w: <b>TRWAJCIE CIERPLIWIE. <\/b>Trwanie cierpliwe \u2013 ale aktywne. Podejmowanie wysi\u0142ku, aby wzrasta\u0142 i pomna\u017ca\u0142 si\u0119 duchowy owoc. I oczekiwanie tego owocu \u2013 cierpliwe, wytrwa\u0142e\u2026 <\/span><\/span><\/span><\/p>\n<p align=\"justify\"><span style=\"color: #000000;\"><span style=\"font-family: Book Antiqua, serif;\"><span style=\"font-size: large;\">S\u0142uchaj\u0105c dzisiejszej Ewangelii, mo\u017cemy odnie\u015b\u0107 wra\u017cenie, \u017ce tej <b>cierpliwo\u015bci i tego\u017c trwania zabrak\u0142o Janowi Chrzcicielowi.<\/b> Ten bowiem Herold, og\u0142aszaj\u0105cy ca\u0142emu \u015bwiatu przyj\u015bcie na \u015bwiat Syna Bo\u017cego, a nawet wprost wskazuj\u0105cy na Niego, nagle oto \u2013 przez swoich uczni\u00f3w i wys\u0142annik\u00f3w \u2013 stawia Mu pytanie: <i><b>Czy Ty jeste\u015b Tym, kt\u00f3ry ma przyj\u015b\u0107, czy te\u017c innego mamy oczekiwa\u0107?<\/b><\/i><b> <\/b>Przyznajmy, \u017ce to <b>bardzo dziwna sytuacja,<\/b> bo to tak, jakby Jan naprawd\u0119 straci\u0142 wiar\u0119! Jakby si\u0119 podda\u0142 \u2013 zw\u0142aszcza, je\u015bli we\u017amiemy pod uwag\u0119 fakt, \u017ce to pytanie <b>skierowa\u0142 z wi\u0119zienia\u2026<\/b> Czy jednak rzeczywi\u015bcie si\u0119 podda\u0142, straci\u0142 wiar\u0119?\u2026<\/span><\/span><\/span><\/p>\n<p align=\"justify\"><span style=\"color: #000000;\"><span style=\"font-family: Book Antiqua, serif;\"><span style=\"font-size: large;\">Musimy przyzna\u0107, \u017ce jest to sytuacja nieco zaskakuj\u0105ca. Ale te\u017c mo\u017cemy j\u0105 odczyta\u0107 w ten spos\u00f3b, \u017ce Jan, <b>chocia\u017c by\u0142 wyj\u0105tkowym m\u0119\u017cem Bo\u017cym<\/b> i bardzo wyj\u0105tkow\u0105, jedyn\u0105 w swoim rodzaju misj\u0119 pe\u0142ni\u0142, to jednak <b>by\u0142 zwyk\u0142ym cz\u0142owiekiem,<\/b> nara\u017conym i na w\u0142asne prze\u017cycia i w\u0105tpliwo\u015bci, ale te\u017c \u2013 <b>na prze\u017cycia i w\u0105tpliwo\u015bci <\/b><b>swojego<\/b><b> otoczenia.<\/b> <\/span><\/span><\/span><\/p>\n<p align=\"justify\"><span style=\"color: #000000;\"><span style=\"font-family: Book Antiqua, serif;\"><span style=\"font-size: large;\">Mo\u017cemy tylko domy\u015bla\u0107 si\u0119, i\u017c Jan pozostawa\u0142 <b>pod presj\u0105 jednych i drugich:<\/b> sam nie wiedzia\u0142, co o tym my\u015ble\u0107, \u017ce Ten, kt\u00f3rego zapowiada\u0142, a kt\u00f3ry mia\u0142 wyzwoli\u0107 jego nar\u00f3d spod panowania okupanta, ani <b>nie organizuje jakiego\u015b buntu, <\/b>nie formuje \u017cadnych oddzia\u0142\u00f3w wojskowych, ani nawet nie m\u00f3wi, \u017ce to w najbli\u017cszym czasie uczyni. <b>Jest gdzie\u015b na uboczu,<\/b> czego\u015b tam naucza, a przecie\u017c nar\u00f3d takie nadzieje z Nim wi\u0105za\u0142. Jan z tak\u0105 moc\u0105 i przekonaniem Go zapowiada\u0142, a <b>teraz sam znalaz\u0142 si\u0119 w wi\u0119zieniu. <\/b><\/span><\/span><\/span><\/p>\n<p align=\"justify\"><span style=\"color: #000000;\"><span style=\"font-family: Book Antiqua, serif;\"><span style=\"font-size: large;\">Mocowa\u0142 si\u0119 wi\u0119c z w\u0142asnymi dylematami, ale te\u017c zapewne dociera\u0142y do niego<b> pytania <\/b><b>ca\u0142ego otoczenia <\/b>\u2013 kog\u00f3\u017c to w takim razie zapowiada\u0142, kim jest ten Oczekiwany: naprawd\u0119, tym Oczekiwanym, <b>czy te\u017c innego maj\u0105 oczekiwa\u0107?\u2026<\/b> Faktycznie, jakby Janowi <b>zabrak\u0142o wytr<\/b><b>w<\/b><b>a\u0142o\u015bci i cierpliwo\u015bci<\/b> w oczekiwaniu na plon swojej misji. <\/span><\/span><\/span><\/p>\n<p align=\"justify\"><span style=\"color: #000000;\"><span style=\"font-family: Book Antiqua, serif;\"><span style=\"font-size: large;\">Wiemy jednak, \u017ce Jezus wcale tak tego nie odebra\u0142. Przes\u0142a\u0142 bowiem Janowi odpowied\u017a, w kt\u00f3rej wskaza\u0142 na bardzo konkretne znaki swego dzia\u0142ania. Powiedzia\u0142: <i><b>Id\u017acie i oznajmijcie Janowi to, co s\u0142yszycie i na co patrzycie: niewidomi wzrok odzyskuj\u0105, chromi chodz\u0105, tr\u0119dowaci doznaj\u0105 oczyszczenia, g\u0142usi s\u0142ysz\u0105, umarli zmartwychwstaj\u0105, ubogim g\u0142osi si\u0119 Ewangeli\u0119. A b\u0142ogos\u0142awiony jest ten, kto we Mnie nie zw\u0105tpi.<\/b><\/i><b> <\/b><\/span><\/span><\/span><\/p>\n<p align=\"justify\"><span style=\"color: #000000;\"><span style=\"font-family: Book Antiqua, serif;\"><span style=\"font-size: large;\">Nast\u0119pnie za\u015b da\u0142 o Janie przepi\u0119kne \u015bwiadectwo, w kt\u00f3rym wyra\u017anie wskaza\u0142, \u017ce <b>Jan jest tym, kt\u00f3ry tak naprawd\u0119 nie zw\u0105tpi\u0142 <\/b>\u2013 mimo chwilowego zawahania\u2026 Ca\u0142a jego postawa, w oczach Jezusa, <b>wypad<\/b><b>\u0142<\/b><b>a naprawd\u0119 pozytywnie:<\/b> Jan naprawd\u0119 \u017cycie po\u015bwi\u0119ci\u0142 w oczekiwaniu na plon swojej misji. I Jezus wyra\u017anie wskaza\u0142 na <b>pojawienie si\u0119 tego plonu <\/b>\u2013 tak\u017ce w cudach i znakach, kt\u00f3rych On sam, Jezus, dokonywa\u0142. To tak\u017ce \u2013 w jakim\u015b sensie \u2013 <b>plon prorockiego zasiewu Jana Chrzciciela! <\/b>Przeto Jan nie pob\u0142\u0105dzi\u0142, id\u0105c t\u0105 drog\u0105, kt\u00f3r\u0105 poszed\u0142. Jego plon jest naprawd\u0119 przeobfity.<\/span><\/span><\/span><\/p>\n<p align=\"justify\"><span style=\"color: #000000;\"><span style=\"font-family: Book Antiqua, serif;\"><span style=\"font-size: large;\">I my tak\u017ce uczymy si\u0119 <b>cierpliwo\u015bci w oczekiwaniu na plon.<\/b> Okazuje si\u0119 bowiem, moi Drodzy, \u017ce co\u015b takiego, jak <b>czekanie, jest jedn\u0105 z wa\u017cniejszych umiej\u0119tno\u015bci chrze\u015bcijanina, <\/b>dziecka Bo\u017cego, przyjaciela Jezusa. Przy czym, od razu wyja\u015bnijmy, \u017ce <b>nie chodzi o czekanie bierne, bezczynne \u2013 nie!<\/b> I tak\u017ce nie jest to czekanie na jak\u0105\u015b bli\u017cej nie okre\u015blon\u0105 <b>gwiazdk\u0119 z Nieba<\/b> \u2013 nie! <\/span><\/span><\/span><\/p>\n<p align=\"justify\"><span style=\"color: #000000;\"><span style=\"font-family: Book Antiqua, serif;\"><span style=\"font-size: large;\">Jest to oczekiwanie <b>na plon swojej wiary, swojej modlitwy, swojego m\u0105drego i sensownego \u017cycia\u2026 <\/b>Niestety, do\u015bwiadczenie \u2013 tak\u017ce nasze w\u0142asne \u2013 zdaje si\u0119 wskazywa\u0107, \u017ce <b>r\u00f3\u017cnie jest z t\u0105 umiej\u0119tno\u015bci\u0105 czekania\u2026 <\/b>Bo je\u017celi my si\u0119 o co\u015b modlimy, albo si\u0119 o co\u015b bardzo staramy, albo jak\u0105\u015b okre\u015blon\u0105 postaw\u0119 przyjmujemy, to efekty tego <b>chcieliby\u015bmy widzie\u0107 ju\u017c teraz. Od razu! Natychmiast!<\/b> Je\u017celi o co\u015b chocia\u017cby prosimy na modlitwie, to dlaczego nie od razu to otrzymujemy? A w\u0142a\u015bnie\u2026 <\/span><\/span><\/span><\/p>\n<p align=\"justify\"><span style=\"color: #000000;\"><span style=\"font-family: Book Antiqua, serif;\"><span style=\"font-size: large;\">M\u0105drzy i pobo\u017cni ludzie, <b>mistrzowie \u017cycia duchowego,<\/b> na tak postawione pytanie odpowiadaj\u0105 w taki \u2013 mniej wi\u0119cej \u2013 spos\u00f3b, \u017ce kiedy prosimy Boga o co\u015b, co jest nam potrzebne, to B\u00f3g udziela na to <b>jednej z trzech mo\u017cliwych odpowiedzi.<\/b> Albo m\u00f3wi: <b>\u201eTak, daj\u0119 Ci to\u201d; <\/b>albo m\u00f3wi: <b>\u201eNie, nie dam Ci tego\u201d,<\/b> bo mo\u017ce jest to dla nas co\u015b niekoniecznie korzystnego, a mo\u017ce wr\u0119cz szkodliwego; albo wreszcie m\u00f3wi: <b>\u201eTak, dam Ci to, ale poczekaj\u201d\u2026<\/b> I w\u0142a\u015bnie z tym poczekaniem bywa bardzo r\u00f3\u017cnie\u2026 <\/span><\/span><\/span><\/p>\n<p align=\"justify\"><span style=\"color: #000000;\"><span style=\"font-family: Book Antiqua, serif;\"><span style=\"font-size: large;\">Bo dlaczego ja musz\u0119 czeka\u0107? Dlaczego <b>nie od razu otrzymuj\u0119<\/b> to, o co si\u0119 modl\u0119, o co si\u0119 staram, nad czym pracuj\u0119? Dlaczego zasiew mojej wiary nie od razu przynosi efekty? A w\u0142a\u015bnie\u2026 <\/span><\/span><\/span><\/p>\n<p align=\"justify\"><span style=\"color: #000000;\"><span style=\"font-family: Book Antiqua, serif;\"><span style=\"font-size: large;\">Na to pytanie w swoim czasie odpowiedzia\u0142 Ojciec \u015awi\u0119ty, Benedykt XVI, kt\u00f3ry na jednym ze spotka\u0144 z kap\u0142anami, powiedzia\u0142 do nich wprost, \u017ce <b>ich zadaniem jest w\u0142a\u015bnie sia\u0107! <\/b>Cierpliwie i wytrwale sia\u0107! Oni maj\u0105 sia\u0107! <b>Ale wzrost \u2013 da ju\u017c B\u00f3g. <\/b>W spos\u00f3b i w czasie, jaki sam uzna za stosowny. <\/span><\/span><\/span><\/p>\n<p align=\"justify\"><span style=\"color: #000000;\"><span style=\"font-family: Book Antiqua, serif;\"><span style=\"font-size: large;\">I o tym trzeba nam wszystkim pami\u0119ta\u0107 \u2013 \u017ceby nie traci\u0107 cierpliwo\u015bci, \u017ceby si\u0119 nie poddawa\u0107, <b>nie upada\u0107 w wierze, <\/b>nie rezygnowa\u0107 z wiary\u2026<b> I nie rezygnowa\u0107 z dobra,<\/b> jakie czynimy, a kt\u00f3re momentami wydaje si\u0119 dzia\u0142aniem bez sensu, bez celu i bez owocu\u2026 <\/span><\/span><\/span><\/p>\n<p align=\"justify\"><span style=\"color: #000000;\"><span style=\"font-family: Book Antiqua, serif;\"><span style=\"font-size: large;\">Przyznaj\u0119 szczerze, \u017ce jako Duszpasterz Akademicki, nieraz stawiam na modlitwie Panu naszemu pytania <b>o sens <\/b><b>pe\u0142nionej przez siebie pos\u0142ugi,<\/b> je\u017celi widz\u0119, jak ma\u0142e jest zainteresowanie Student\u00f3w jak\u0105kolwiek dzia\u0142alno\u015bci\u0105 naszego Duszpasterstwa, czy propozycjami, z jakimi do nich wychodz\u0119. <\/span><\/span><\/span><\/p>\n<p align=\"justify\"><span style=\"color: #000000;\"><span style=\"font-family: Book Antiqua, serif;\"><span style=\"font-size: large;\">Z pewno\u015bci\u0105,<b> jedn\u0105 z odpowiedzi, jak\u0105 otrzyma\u0142em<\/b> na te moje dylematy, by\u0142o mocne zdanie, wypowiedziane przez Waszego Rodaka, wspomnianego ju\u017c <b>Ksi\u0119dza Krzysztofa Skwierczy\u0144skiego,<\/b> kt\u00f3ry zach\u0119caj\u0105c mnie do cierpliwo\u015bci i wytrwa\u0142o\u015bci, do trwania na posterunku pomimo wszystko, <b>powo\u0142a\u0142 si\u0119 na sw\u00f3j przyk\u0142ad,<\/b> jak to dwa, a nawet trzy lata, stara\u0142 si\u0119 <b>cierpliwie dociera\u0107 do swoich Parafian,<\/b> a tu nic i nic. Ale <b>ca\u0142y czas robi\u0142 swoje,<\/b> spe\u0142nia\u0142 zwyczajne, codzienne zadania duszpasterskie \u2013 i po trzech latach co\u015b drgn\u0119\u0142o. Pierwsze plony jego zasiewu zacz\u0119\u0142y si\u0119 pojawia\u0107. <\/span><\/span><\/span><\/p>\n<p align=\"justify\"><span style=\"color: #000000;\"><span style=\"font-family: Book Antiqua, serif;\"><span style=\"font-size: large;\">By\u0142o to \u2013 i jest dla mnie nadal \u2013 <b>bardzo buduj\u0105ce i zach\u0119caj\u0105ce \u015bwiadectwo. <\/b>Wzi\u0105\u0142em je sobie do serca i naprawd\u0119 staram si\u0119 ci\u0105gle sia\u0107 w tym swoim duszpasterzowaniu akademickim,<b> nie chc\u0119 niczego przyspiesza\u0107, bo wiem, \u017ce si\u0119 nie da\u2026 <\/b>Pozw\u00f3lcie jednak, \u017ce fakt obecno\u015bci w\u015br\u00f3d Was wykorzystam do tego, by<b> poprosi\u0107 Was o pomoc w zasiewie w\u0142a\u015bnie na tym polu: <\/b>na polu duszpasterstwa akademickiego. <\/span><\/span><\/span><\/p>\n<p align=\"justify\"><span style=\"color: #000000;\"><span style=\"font-family: Book Antiqua, serif;\"><span style=\"font-size: large;\">Staram si\u0119 wsz\u0119dzie tam, gdzie jestem na jakim\u015b zast\u0119pstwie, czy cho\u0107by kiedy prowadz\u0119 rekolekcje, czy odprawiam odpust, <b>porusz<\/b><b>a<\/b><b>\u0107 ten temat<\/b> \u2013 niestety, jak si\u0119 wydaje, pomijany i zapominany w naszej parafialnej codzienno\u015bci \u2013 temat duszpasterstwa akademickiego. Dlaczego jest on taki wa\u017cny?<\/span><\/span><\/span><\/p>\n<p align=\"justify\"><span style=\"color: #000000;\"><span style=\"font-family: Book Antiqua, serif;\"><span style=\"font-size: large;\">Oto bowiem, z jednej strony, widzimy <b>wzrastaj\u0105c\u0105 oboj\u0119tno\u015b\u0107<\/b> m\u0142odych ludzi na sprawy wiary i na Ko\u015bci\u00f3\u0142, a wobec os\u00f3b duchownych \u2013 <b>wr\u0119cz niech\u0119\u0107, <\/b><b>a nawet wrogo\u015b\u0107,<\/b> niejednokrotnie wyra\u017can\u0105 bardzo otwarcie. Z drugiej jednak strony \u2013 wida\u0107 wyra\u017ane <b>sygna\u0142y poszukiwania przez M\u0142odych <\/b>odpowiedzi na najwa\u017cniejsze pytania i pragnienie odkrywania najg\u0142\u0119bszego sensu \u017cycia. <\/span><\/span><\/span><\/p>\n<p align=\"justify\"><span style=\"color: #000000;\"><span style=\"font-family: Book Antiqua, serif;\"><span style=\"font-size: large;\">Stare albumy, jakie znalaz\u0142em w O\u015brodku Duszpasterstwa Akademickiego, zawieraj\u0105 wiele zdj\u0119\u0107 i zapis\u00f3w, dokumentuj\u0105cych <b>aktywn\u0105 dzia\u0142alno\u015b\u0107 tego\u017c Duszpasterstwa na przestrzeni lat,<\/b> kiedy to jednoczy\u0142o ono du\u017c\u0105 liczb\u0119 Student\u00f3w i Pracownik\u00f3w Uczelni, a prowadzi\u0142o je kilku Duszpasterzy Akademickich. <\/span><\/span><\/span><\/p>\n<p align=\"justify\"><span style=\"color: #000000;\"><span style=\"font-family: Book Antiqua, serif;\"><span style=\"font-size: large;\"><b>Co si\u0119 dzisiaj sta\u0142o z m\u0142odymi Lud\u017ami,<\/b> \u017ce nie ma ich w Duszpasterstwie, a cz\u0119sto nie ma Ich w og\u00f3le w ko\u015bciele, na Mszy \u015awi\u0119tej, czy przy konfesjonale? <b>Czy\u017cby B\u00f3g przesta\u0142 by\u0107 Im potrzebny? <\/b>Czy\u017cby uznali, \u017ce lepiej u\u0142o\u017c\u0105 sobie \u017cycie bez Niego, radz\u0105c sobie samemu ze wszystkimi problemami i wyzwaniami? <\/span><\/span><\/span><\/p>\n<p align=\"justify\"><span style=\"color: #000000;\"><span style=\"font-family: Book Antiqua, serif;\"><span style=\"font-size: large;\"><b>Nie wierz\u0119! <\/b>A wr\u0119cz jestem przekonany, \u017ce jest dok\u0142adnie odwrotnie! Dlatego prosz\u0119 Wszystkich o zainteresowanie si\u0119 t\u0105 spraw\u0105. <\/span><\/span><\/span><\/p>\n<p align=\"justify\"><span style=\"color: #000000;\"><span style=\"font-family: Book Antiqua, serif;\"><span style=\"font-size: large;\">Zwracam si\u0119 z serdeczn\u0105 pro\u015bb\u0105 <b>do samych Student\u00f3w,<\/b> aby tam, gdzie studiuj\u0105, <b>zainteresowali si\u0119 ofert\u0105 Duszpasterstwa Akademickiego.<\/b> Istnieje ono \u2013 w r\u00f3\u017cnej formie \u2013 przy ka\u017cdym wi\u0119kszym o\u015brodku akademickim, przy ka\u017cdej wi\u0119kszej Uczelni. Trzeba tylko wpisa\u0107 w wyszukiwarce internetowej: <b>\u201eDuszpasterstwo Akademickie \u2013 Uniwersytet\u2026\u201d taki a taki,<\/b> i zaraz si\u0119 co\u015b wy\u015bwietli. Prosz\u0119 o to zainteresowanie si\u0119. <\/span><\/span><\/span><\/p>\n<p align=\"justify\"><span style=\"color: #000000;\"><span style=\"font-family: Book Antiqua, serif;\"><span style=\"font-size: large;\">A<b> Rodzic\u00f3w, Dziadk\u00f3w i Rodziny Student\u00f3w<\/b> prosz\u0119 o zainteresowanie si\u0119 tym, czy Ich studiuj\u0105ca M\u0142odzie\u017c zainteresowa\u0142a si\u0119 t\u0105 spraw\u0105. A przynajmniej: czy tam, gdzie studiuje, <b>chodzi na Msz\u0119 \u015awi\u0119t\u0105 w niedziel\u0119? Czy si\u0119 modli?<\/b> Czy nie zapomnia\u0142a o Bogu? Bo kiedy ci m\u0142odzi Ludzie byli jeszcze <b>w domu, pod opiek\u0105 Rodzic\u00f3w,<\/b> to i na katechez\u0119 w szkole chodzili, i na Msz\u0119 \u015awi\u0119t\u0105 jako\u015b tam docierali\u2026 Kiedy jednak wyje\u017cd\u017caj\u0105 na studia \u2013 zw\u0142aszcza daleko od domu \u2013 <b>cz\u0119sto wszystko si\u0119 urywa!<\/b> I to nagle, z dnia na dzie\u0144! I to ca\u0142kowicie, radykalnie! <\/span><\/span><\/span><\/p>\n<p align=\"justify\"><span style=\"color: #000000;\"><span style=\"font-family: Book Antiqua, serif;\"><span style=\"font-size: large;\">Dlatego prosz\u0119 Was \u2013 Rodzice, Dziadkowie i Rodziny Student\u00f3w: <b>porozmawiajcie z nimi w domu,<\/b> mo\u017ce przy okazji \u015awi\u0105t, czy tam, gdzie s\u0105, <b>utrzymuj\u0105 kontakt z Bogiem?<\/b> Czy mo\u017ce <b>zainteresowali si\u0119 Duszpasterstwem Akademickim<\/b> na swojej Uczelni? Moi Drodzy, nie wstyd\u017amy si\u0119 podj\u0105\u0107 takiej rozmowy! <b>Nie obawiajmy si\u0119 w\u0142asnych dzieci <\/b>\u2013 nawet ju\u017c studiuj\u0105cych, ale to s\u0105 jednak Wasze Dzieci \u2013 <b>zapyta\u0107, czy nie zapomnia\u0142y o Bogu?<\/b> <\/span><\/span><\/span><\/p>\n<p align=\"justify\"><span style=\"color: #000000;\"><span style=\"font-family: Book Antiqua, serif;\"><span style=\"font-size: large;\">\u017beby nie by\u0142o znowu tej dziwnej sytuacji, o kt\u00f3rej wczoraj sobie m\u00f3wili\u015bmy, \u017ce <b>we w\u0142asnym domu, we w\u0142asnej rodzinie, <\/b>wobec w\u0142asnych Dzieci czy Wnuk\u00f3w, kr\u0119pujemy si\u0119 lub obawiamy porusza\u0107 spraw najwa\u017cniejszych. <\/span><\/span><\/span><\/p>\n<p align=\"justify\"><span style=\"color: #000000;\"><span style=\"font-family: Book Antiqua, serif;\"><span style=\"font-size: large;\">Dlatego dzisiaj prosz\u0119, aby ten temat <b>by\u0142 na sta\u0142e obecny w naszych rodzinnych rozmowach<\/b> \u2013 podobnie, jak przy ka\u017cdej okazji i danej mi sposobno\u015bci <b>prosz\u0119 Duszpasterzy, <\/b>aby temat ten by\u0142 obecny w codziennej <b>praktyce duszpasterskiej w naszych Parafiach.<\/b> A Wszystkich \u2013 naprawd\u0119, Wszystkich bez wyj\u0105tku \u2013 prosz\u0119, aby ten temat <b>by\u0142 obecny w naszych modlitwach. <\/b><\/span><\/span><\/span><\/p>\n<p align=\"justify\"><span style=\"color: #000000;\"><span style=\"font-family: Book Antiqua, serif;\"><span style=\"font-size: large;\">Prosz\u0119 Wszystkich, by\u015bmy na tym poletku Duszpasterstwa Akademickiego <b>razem<\/b><b> siali ziarno dobrego s\u0142owa, troski o nasz\u0105 M\u0142odzie\u017c,<\/b> zainteresowania si\u0119 Ich wiar\u0105 i ich postaw\u0105 \u2013 aby\u015bmy siali wszyscy. Sam Duszpasterz Akademicki z pewno\u015bci\u0105 <b>niczego<\/b> <b>nie zdzia\u0142a,<\/b> je\u017celi wszyscy nie poczujemy si\u0119 za t\u0119 spraw\u0119 odpowiedzialni! A jest to sprawa, kt\u00f3ra \u2013 wbrew pozorom \u2013 <b>nie dotyczy tylko jakiej\u015b ma\u0142ej grupki os\u00f3b. <\/b><\/span><\/span><\/span><\/p>\n<p align=\"justify\"><span style=\"color: #000000;\"><span style=\"font-family: Book Antiqua, serif;\"><span style=\"font-size: large;\">Przecie\u017c w wi\u0119kszo\u015bci naszych Rodzin \u2013 mo\u017ce tych Rodzin dalszych \u2013 s\u0105 Studenci. A nawet, je\u017celi nie ma ich w naszej Rodzinie, to <b>s\u0105 w naszej Rodzinie parafialnej,<\/b> a to ju\u017c mobilizuje nas do podj\u0119cia tej wsp\u00f3lnej troski. I tego dobrego siewu! Chocia\u017c wiemy, \u017ce<b> na plon przyjdzie nam poczeka\u0107\u2026 <\/b><\/span><\/span><\/span><\/p>\n<p align=\"justify\"><span style=\"color: #000000;\"><span style=\"font-family: Book Antiqua, serif;\"><span style=\"font-size: large;\">Podobnie zreszt\u0105, jak <b>w ka\u017cdej innej sprawie,<\/b> o kt\u00f3r\u0105 si\u0119 modlimy lub o kt\u00f3r\u0105 si\u0119 staramy, na kt\u00f3rej nam zale\u017cy. Mamy si\u0119 modli\u0107, mamy czyni\u0107 dobro, mamy \u017cy\u0107 po Bo\u017cemu, mamy pe\u0142ni\u0107 wol\u0119 Bo\u017c\u0105, mamy trwa\u0107 w wierze; mamy po prostu sia\u0107 \u2013 <b>a B\u00f3g da wzrost! W czasie i w spos\u00f3b, jaki sam wybierze. <\/b><\/span><\/span><\/span><\/p>\n<p align=\"justify\"><span style=\"color: #000000;\"><span style=\"font-family: Book Antiqua, serif;\"><span style=\"font-size: large;\">I w\u0142a\u015bnie w tym kontek\u015bcie stawiam sobie teraz takie oto pytania do refleksji:<\/span><\/span><\/span><\/p>\n<p align=\"justify\"><span style=\"color: #000000;\">\u25ba<span style=\"font-family: Book Antiqua, serif;\"><span style=\"font-size: large;\">Czy umiem poczeka\u0107 na Bo\u017c\u0105 odpowied\u017a na moje modlitwy?<\/span><\/span><\/span><\/p>\n<p align=\"justify\"><span style=\"color: #000000;\">\u25ba<span style=\"font-family: Book Antiqua, serif;\"><span style=\"font-size: large;\">Czy umiem poczeka\u0107 na owoc moich szczerych, dobrych wysi\u0142k\u00f3w?<\/span><\/span><\/span><\/p>\n<p align=\"justify\"><span style=\"color: #000000;\">\u25ba<span style=\"font-family: Book Antiqua, serif;\"><span style=\"font-size: large;\">Czy umiem poczeka\u0107 na otwarcie si\u0119 drugiego cz\u0142owieka na mnie i dotarcie do jego serca?<\/span><\/span><\/span><\/p>\n<p align=\"justify\"><span style=\"color: #000000;\"><span style=\"font-family: Book Antiqua, serif;\"><span style=\"font-size: large;\">I ostatnie pytanie \u2013 zapowiadane wcze\u015bniej: <b>pytanie o postanowienie.<\/b> Moi Drodzy, o jakie postanowienie tu chodzi? <\/span><\/span><\/span><\/p>\n<p align=\"justify\"><span style=\"color: #000000;\"><span style=\"font-family: Book Antiqua, serif;\"><span style=\"font-size: medium;\"><span style=\"font-size: large;\">Przede wszystkim o takie, <\/span><span style=\"font-size: large;\"><b>jakie jest nam <\/b><\/span><span style=\"font-size: large;\"><b>osobi\u015bcie naprawd\u0119 <\/b><\/span><span style=\"font-size: large;\"><b>potrzebne,<\/b><\/span><span style=\"font-size: large;\"> jakiego domaga si\u0119 nasza sytuacja i nasza postawa. Czyli \u2013 niekoniecznie <\/span><span style=\"font-size: large;\">b\u0119dzie to<\/span><span style=\"font-size: large;\">, na przyk\u0142ad, zwyczajowe niejedzenie s\u0142odyczy, albo niejedzenie kolacji. To ma by\u0107 <\/span><span style=\"font-size: large;\"><b>l<\/b><\/span><b><span style=\"font-size: large;\"><span lang=\"pl-PL\">ekarstwo adekwatne do choroby<\/span><\/span><\/b><span style=\"font-size: large;\"><span lang=\"pl-PL\"> \u2013 <\/span><\/span><span style=\"font-size: large;\"><span lang=\"pl-PL\">tak, jak <\/span><\/span><span style=\"font-size: large;\"><span lang=\"pl-PL\">na b\u00f3l z\u0119ba nie zak\u0142ada si\u0119 opaski uciskowej na nog\u0119, <\/span><\/span><span style=\"font-size: large;\"><span lang=\"pl-PL\">tak nasze postanowienie ma dotyczy\u0107 tego, co w naszej postawie <\/span><\/span><b><span style=\"font-size: large;\"><span lang=\"pl-PL\">najbardziej niedomaga.<\/span><\/span><\/b> <\/span><\/span><\/span><\/p>\n<p align=\"justify\"><span style=\"color: #000000;\"><span style=\"font-family: Book Antiqua, serif;\"><span style=\"font-size: medium;\"><span style=\"font-size: large;\"><span lang=\"pl-PL\">Ma to by\u0107 postanowienie <\/span><\/span><b><span style=\"font-size: large;\"><span lang=\"pl-PL\">o<\/span><\/span><\/b><b><span style=\"font-size: large;\"><span lang=\"pl-PL\">dwa\u017cne<\/span><\/span><\/b><span style=\"font-size: large;\"><span lang=\"pl-PL\"> \u2013 bierzemy si\u0119 za to, co naprawd\u0119 <\/span><\/span><b><span style=\"font-size: large;\"><span lang=\"pl-PL\">wa\u017cne, wr\u0119cz najwa\u017cniejsze<\/span><\/span><\/b><span style=\"font-size: large;\"><span lang=\"pl-PL\"> i powoduje inne grzechy, <\/span><\/span><span style=\"font-size: large;\"><span lang=\"pl-PL\">chocia\u017c wiadomym b\u0119dzie, \u017ce p<\/span><\/span><span style=\"font-size: large;\"><span lang=\"pl-PL\">raca nad tym <\/span><\/span><b><span style=\"font-size: large;\"><span lang=\"pl-PL\">troch\u0119 zaboli i b\u0119dzie kosztowa\u0142a,<\/span><\/span><\/b><span style=\"font-size: large;\"><span lang=\"pl-PL\"> ale to dopiero w\u00f3wczas b\u0119dzie praca skutecz<\/span><\/span><span style=\"font-size: large;\"><span lang=\"pl-PL\">na. <\/span><\/span><\/span><\/span><\/span><\/p>\n<p align=\"justify\"><span style=\"color: #000000;\"><span style=\"font-family: Book Antiqua, serif;\"><span style=\"font-size: medium;\"><span style=\"font-size: large;\"><span lang=\"pl-PL\">Bierzemy si\u0119 <\/span><\/span><b><span style=\"font-size: large;\"><span lang=\"pl-PL\">za jedn\u0105 spraw\u0119, a nie pi\u0119\u0107 naraz.<\/span><\/span><\/b><span style=\"font-size: large;\"><span lang=\"pl-PL\"> Innych dogl\u0105damy, ale bierzemy si\u0119 za jedn\u0105. <\/span><\/span><span style=\"font-size: large;\"><span lang=\"pl-PL\">Mo\u017cemy to sobie z<\/span><\/span><span style=\"font-size: large;\"><span lang=\"pl-PL\">apis<\/span><\/span><span style=\"font-size: large;\"><span lang=\"pl-PL\">a\u0107, natomiast koniecznie musimy za<\/span><\/span><span style=\"font-size: large;\"><span lang=\"pl-PL\">pami\u0119ta<\/span><\/span><span style=\"font-size: large;\"><span lang=\"pl-PL\">\u0107, co postanowili\u015bmy, i ci\u0105gle to sobie <\/span><\/span><span style=\"font-size: large;\"><span lang=\"pl-PL\"> przypomina<\/span><\/span><span style=\"font-size: large;\"><span lang=\"pl-PL\">\u0107<\/span><\/span><span style=\"font-size: large;\"><span lang=\"pl-PL\">. <\/span><\/span><span style=\"font-size: large;\"><span lang=\"pl-PL\">Musimy mie\u0107 te\u017c \u015bwiadomo\u015b\u0107, \u017ce <\/span><\/span><b><span style=\"font-size: large;\"><span lang=\"pl-PL\">m<\/span><\/span><\/b><b><span style=\"font-size: large;\"><span lang=\"pl-PL\">o\u017ce <\/span><\/span><\/b><b><span style=\"font-size: large;\"><span lang=\"pl-PL\">si\u0119 nie udawa\u0107<\/span><\/span><\/b> <span style=\"font-size: large;\"><span lang=\"pl-PL\">dotrzymanie od razu tego postanowienia <\/span><\/span><span style=\"font-size: large;\"><span lang=\"pl-PL\">\u2013 nawet na pewno nie <\/span><\/span><span style=\"font-size: large;\"><span lang=\"pl-PL\">wszystko si\u0119 uda.<\/span><\/span> <b><span style=\"font-size: large;\"><span lang=\"pl-PL\">Nie za\u0142amujemy si\u0119 <\/span><\/span><\/b><span style=\"font-size: large;\"><span lang=\"pl-PL\">jednak<\/span><\/span><span style=\"font-size: large;\"><span lang=\"pl-PL\"> i nie rezygnujemy z prac<\/span><\/span><span style=\"font-size: large;\"><span lang=\"pl-PL\">y<\/span><\/span><span style=\"font-size: large;\"><span lang=\"pl-PL\"> \u2013 <\/span><\/span><span style=\"font-size: large;\"><span lang=\"pl-PL\">stosujmy <\/span><\/span><span style=\"font-size: large;\"><span lang=\"pl-PL\">metod<\/span><\/span><span style=\"font-size: large;\"><span lang=\"pl-PL\">\u0119<\/span><\/span><span style=\"font-size: large;\"><span lang=\"pl-PL\"> ma\u0142ych krok\u00f3w. <\/span><\/span><\/span><\/span><\/span><\/p>\n<p align=\"justify\"><span style=\"color: #000000;\"><span style=\"font-family: Book Antiqua, serif;\"><span style=\"font-size: medium;\"><b><span style=\"font-size: large;\"><span lang=\"pl-PL\">M\u00f3dlmy si\u0119<\/span><\/span><\/b><span style=\"font-size: large;\"><span lang=\"pl-PL\"> o wype\u0142nienie tego\u017c postanowienia. I wspominajmy o nim na kolejnych Spowiedziach. Pami\u0119tajmy, \u017ce jest to <\/span><\/span><b><span style=\"font-size: large;\"><span lang=\"pl-PL\">zadanie na jaki\u015b d\u0142u\u017cszy czas, <\/span><\/span><\/b><span style=\"font-size: large;\"><span lang=\"pl-PL\">nie na jeden dzie\u0144. I wreszcie pami\u0119tajmy, \u017ce jest<\/span><\/span><span style=\"font-size: large;\"><span lang=\"pl-PL\"> to w ko\u0144cu <\/span><\/span><b><span style=\"font-size: large;\"><span lang=\"pl-PL\">postanowienie przed Bogiem. <\/span><\/span><\/b><span style=\"font-size: large;\"><span lang=\"pl-PL\">Dlatego naprawd\u0119 trzeba je potraktowa\u0107 powa\u017cnie. <\/span><\/span><\/span><\/span><\/span><\/p>\n<p align=\"justify\"><span style=\"color: #000000;\"><span style=\"font-family: Book Antiqua, serif;\"><span style=\"font-size: medium;\"><span style=\"font-size: large;\"><span lang=\"pl-PL\">Jakie to wi\u0119c mo\u017ce by\u0107 postanowienie? <\/span><\/span><span style=\"font-size: large;\"><span lang=\"pl-PL\">Na pewno, n<\/span><\/span><span style=\"font-size: large;\"><span lang=\"pl-PL\">ie mo\u017ce to by\u0107 stwierdzenie: <\/span><\/span><b><span style=\"font-size: large;\"><span lang=\"pl-PL\">\u201eB\u0119d\u0119 lepszy!\u201d,<\/span><\/span><\/b><span style=\"font-size: large;\"><span lang=\"pl-PL\"> albo: <\/span><\/span><b><span style=\"font-size: large;\"><span lang=\"pl-PL\">\u201ePoprawi\u0119 si\u0119\u201d;<\/span><\/span><\/b><span style=\"font-size: large;\"><span lang=\"pl-PL\"> albo: <\/span><\/span><b><span style=\"font-size: large;\"><span lang=\"pl-PL\">\u201eCo\u015b tam w \u017cyciu zmieni\u0119\u201d. <\/span><\/span><\/b><span style=\"font-size: large;\"><span lang=\"pl-PL\">Nie, to musi by\u0107 co\u015b bardzo konkretnego? Na przyk\u0142ad \u2013 co? <\/span><\/span><\/span><\/span><\/span><\/p>\n<p align=\"justify\"><span style=\"color: #000000;\"><span style=\"font-family: Book Antiqua, serif;\"><span style=\"font-size: medium;\"><span style=\"font-size: large;\"><span lang=\"pl-PL\">A chocia\u017cby: <\/span><\/span><b><span style=\"font-size: large;\"><span lang=\"pl-PL\">c<\/span><\/span><\/b><b><span style=\"font-size: large;\"><span lang=\"pl-PL\">odzienna<\/span><\/span><\/b> <b><span style=\"font-size: large;\"><span lang=\"pl-PL\">modlitwa,<\/span><\/span><\/b><span style=\"font-size: large;\"><span lang=\"pl-PL\"> tak\u017ce w ci\u0105gu dnia. <\/span><\/span><span style=\"font-size: large;\"><span lang=\"pl-PL\">Albo <\/span><\/span><b><span style=\"font-size: large;\"><span lang=\"pl-PL\">Msza \u015awi\u0119ta \u2013 ale poza niedziel\u0105,<\/span><\/span><\/b> <span style=\"font-size: large;\"><span lang=\"pl-PL\">bo niedzieln\u0105 uznajemy za co\u015b oczywistego. Albo <\/span><\/span><b><span style=\"font-size: large;\"><span lang=\"pl-PL\">s<\/span><\/span><\/b><b><span style=\"font-size: large;\"><span lang=\"pl-PL\">ta\u0142y<\/span><\/span><\/b> <b><span style=\"font-size: large;\"><span lang=\"pl-PL\">stan<\/span><\/span><\/b> <b><span style=\"font-size: large;\"><span lang=\"pl-PL\">\u0142aski<\/span><\/span><\/b> <b><span style=\"font-size: large;\"><span lang=\"pl-PL\">u\u015bwi\u0119caj\u0105cej<\/span><\/span><\/b><span style=\"font-size: large;\"><span lang=\"pl-PL\"> i sta\u0142a Komunia \u015awi\u0119ta. <\/span><\/span><span style=\"font-size: large;\"><span lang=\"pl-PL\">A mo\u017ce <\/span><\/span><b><span style=\"font-size: large;\"><span lang=\"pl-PL\">p<\/span><\/span><\/b><b><span style=\"font-size: large;\"><span lang=\"pl-PL\">unktualno\u015b\u0107.<\/span><\/span><\/b> <span style=\"font-size: large;\"><span lang=\"pl-PL\">A mo\u017ce o<\/span><\/span><span style=\"font-size: large;\"><span lang=\"pl-PL\">graniczenie <\/span><\/span><b><span style=\"font-size: large;\"><span lang=\"pl-PL\">grzech\u00f3w<\/span><\/span><\/b> <b><span style=\"font-size: large;\"><span lang=\"pl-PL\">j\u0119zyka<\/span><\/span><\/b><span style=\"font-size: large;\"><span lang=\"pl-PL\"> \u2013 plotkowania, <\/span><\/span><span style=\"font-size: large;\"><span lang=\"pl-PL\">albo p<\/span><\/span><span style=\"font-size: large;\"><span lang=\"pl-PL\">owstrzymanie przekle\u0144stw. <\/span><\/span><span style=\"font-size: large;\"><span lang=\"pl-PL\">A mo\u017ce <\/span><\/span><b><span style=\"font-size: large;\"><span lang=\"pl-PL\">c<\/span><\/span><\/b><b><span style=\"font-size: large;\"><span lang=\"pl-PL\">odzienny<\/span><\/span><\/b> <b><span style=\"font-size: large;\"><span lang=\"pl-PL\">czas<\/span><\/span><\/b> <b><span style=\"font-size: large;\"><span lang=\"pl-PL\">dla najbli\u017cszych: <\/span><\/span><\/b><span style=\"font-size: large;\"><span lang=\"pl-PL\">wsp\u00f3lny obiad, wsp\u00f3lna modlitwa, wsp\u00f3lne czytanie Pisma \u015awi\u0119tego. <\/span><\/span><span style=\"font-size: large;\"><span lang=\"pl-PL\">A mo\u017ce <\/span><\/span><b><span style=\"font-size: large;\"><span lang=\"pl-PL\">d<\/span><\/span><\/b><b><span style=\"font-size: large;\"><span lang=\"pl-PL\">otrzymywanie<\/span><\/span><\/b> <b><span style=\"font-size: large;\"><span lang=\"pl-PL\">s\u0142owa<\/span><\/span><\/b><span style=\"font-size: large;\"><span lang=\"pl-PL\"> i sk\u0142adanych obietnic. <\/span><\/span><span style=\"font-size: large;\"><span lang=\"pl-PL\">A mo\u017ce o<\/span><\/span><span style=\"font-size: large;\"><span lang=\"pl-PL\">graniczenie czasu przed telewizorem lub komputerem. <\/span><\/span><span style=\"font-size: large;\"><span lang=\"pl-PL\">A mo\u017ce systematyczne <\/span><\/span><b><span style=\"font-size: large;\"><span lang=\"pl-PL\">s<\/span><\/span><\/b><b><span style=\"font-size: large;\"><span lang=\"pl-PL\">pot<\/span><\/span><\/b><b><span style=\"font-size: large;\"><span lang=\"pl-PL\">y<\/span><\/span><\/b><b><span style=\"font-size: large;\"><span lang=\"pl-PL\">kanie<\/span><\/span><\/b> <b><span style=\"font-size: large;\"><span lang=\"pl-PL\">z<\/span><\/span><\/b> <b><span style=\"font-size: large;\"><span lang=\"pl-PL\">chorymi<\/span><\/span><\/b><span style=\"font-size: large;\"><span lang=\"pl-PL\">, samotnymi <\/span><\/span><span style=\"font-size: large;\"><span lang=\"pl-PL\">z naszego otoczenia\u2026 A mo\u017ce jeszcze co\u015b innego\u2026 <\/span><\/span><\/span><\/span><\/span><\/p>\n<p align=\"justify\"><span style=\"color: #000000;\"><span style=\"font-family: Book Antiqua, serif;\"><span style=\"font-size: medium;\"><span style=\"font-size: large;\"><span lang=\"pl-PL\">Z pewno\u015bci\u0105, propozycji takich mo\u017cna by mno\u017cy\u0107 wiele. Zechciejmy zatem teraz wybra\u0107 jedn\u0105 i odpowiedzie\u0107 na pytanie: <\/span><\/span><\/span><\/span><\/span><\/p>\n<p align=\"justify\"><span style=\"color: #000000;\">\u25ba<span style=\"font-family: Book Antiqua, serif;\"><span style=\"font-size: medium;\"><b><span style=\"font-size: large;\"><span lang=\"pl-PL\">Jakie b\u0119dzie moje osobiste, konkretne, d\u0142ugoterminowe \u2013 postanowienie z tych Rekolekcji?\u2026 <\/span><\/span><\/b><\/span><\/span><\/span><\/p>\n<p align=\"justify\"><span style=\"color: #000000;\"><span style=\"font-family: Book Antiqua, serif;\"><span style=\"font-size: medium;\"><span style=\"font-size: large;\"><span lang=\"pl-PL\">I dzisiejsz\u0105 prac\u0105 domow\u0105 b\u0119dzie rozpocz\u0119cie \u2013 ju\u017c dzisiaj \u2013 realizacji podj\u0119tego postanowienia. A jak si\u0119 nam uda\u0142a wczorajsza praca domowa?<\/span><\/span><\/span><\/span><\/span><\/p>\n<p align=\"justify\"><span style=\"color: #000000;\"><span style=\"font-family: Book Antiqua, serif;\"><span style=\"font-size: medium;\"><span style=\"font-size: large;\"><span lang=\"pl-PL\">Panie, dodaj nam si\u0142y i zapa\u0142u, by\u015bmy podj\u0119te postanowienia dok\u0142adnie wype\u0142nili \u2013 by\u015bmy je <\/span><\/span><b><span style=\"font-size: large;\"><span lang=\"pl-PL\">codziennie wype\u0142niali.<\/span><\/span><\/b><span style=\"font-size: large;\"><span lang=\"pl-PL\"> Aby\u015bmy w ten spos\u00f3b \u2013 w naszej wierze i w przyja\u017ani z Tob\u0105 \u2013 <\/span><\/span><b><span style=\"font-size: large;\"><span lang=\"pl-PL\">TRWALI CIERPLIWIE. <\/span><\/span><\/b><\/span><\/span><\/span><\/p>\n<p align=\"justify\"><span style=\"color: #000000;\"><span style=\"font-family: Book Antiqua, serif;\"><span style=\"font-size: medium;\"><span style=\"font-size: large;\"><span lang=\"pl-PL\">Amen <\/span><\/span><\/span><\/span><\/span><\/p>\n","protected":false},"excerpt":{"rendered":"<p>Szcz\u0119\u015b\u0107 Bo\u017ce! Moi Drodzy, w dniu dzisiejszym urodziny prze\u017cywa Ksi\u0105dz Adam Turemka, za moich czas\u00f3w \u2013 Proboszcz w Miastkowie i wieloletni Ojciec Duchowny Pielgrzymki Podlaskiej. Z kolei, imieniny prze\u017cywa Ksi\u0105dz Waldemar Grzeszczuk, za moich czas\u00f3w \u2013 Kap\u0142an wspomagaj\u0105cy nasz\u0105 duszpastersk\u0105 pos\u0142ug\u0119 w Celestynowie. \u017bycz\u0119 \u015awi\u0119tuj\u0105cym Bo\u017cej blisko\u015bci! I zapewniam o modlitwie! A w Paprotni dzisiaj [&hellip;]<\/p>\n","protected":false},"author":1,"featured_media":0,"comment_status":"open","ping_status":"open","sticky":false,"template":"","format":"standard","meta":{"jetpack_post_was_ever_published":false,"_jetpack_newsletter_access":"","_jetpack_dont_email_post_to_subs":false,"_jetpack_newsletter_tier_id":0,"_jetpack_memberships_contains_paywalled_content":false,"_jetpack_memberships_contains_paid_content":false,"footnotes":""},"categories":[1],"tags":[],"class_list":["post-21191","post","type-post","status-publish","format-standard","hentry","category-bez-kategorii"],"yoast_head":"<!-- This site is optimized with the Yoast SEO plugin v25.1 - https:\/\/yoast.com\/wordpress\/plugins\/seo\/ -->\n<title>Trudna sztuka... czekania! - Gaudium Et Spes<\/title>\n<meta name=\"robots\" content=\"index, follow, max-snippet:-1, max-image-preview:large, max-video-preview:-1\" \/>\n<link rel=\"canonical\" href=\"https:\/\/gaudiumetspes-blog.pl\/index.php\/2022\/12\/11\/trudna-sztuka-czekania\/\" \/>\n<meta property=\"og:locale\" content=\"pl_PL\" \/>\n<meta property=\"og:type\" content=\"article\" \/>\n<meta property=\"og:title\" content=\"Trudna sztuka... czekania! - Gaudium Et Spes\" \/>\n<meta property=\"og:description\" content=\"Szcz\u0119\u015b\u0107 Bo\u017ce! Moi Drodzy, w dniu dzisiejszym urodziny prze\u017cywa Ksi\u0105dz Adam Turemka, za moich czas\u00f3w \u2013 Proboszcz w Miastkowie i wieloletni Ojciec Duchowny Pielgrzymki Podlaskiej. Z kolei, imieniny prze\u017cywa Ksi\u0105dz Waldemar Grzeszczuk, za moich czas\u00f3w \u2013 Kap\u0142an wspomagaj\u0105cy nasz\u0105 duszpastersk\u0105 pos\u0142ug\u0119 w Celestynowie. \u017bycz\u0119 \u015awi\u0119tuj\u0105cym Bo\u017cej blisko\u015bci! I zapewniam o modlitwie! A w Paprotni dzisiaj [&hellip;]\" \/>\n<meta property=\"og:url\" content=\"https:\/\/gaudiumetspes-blog.pl\/index.php\/2022\/12\/11\/trudna-sztuka-czekania\/\" \/>\n<meta property=\"og:site_name\" content=\"Gaudium Et Spes\" \/>\n<meta property=\"article:published_time\" content=\"2022-12-11T02:13:29+00:00\" \/>\n<meta name=\"author\" content=\"Ks. Jacek\" \/>\n<meta name=\"twitter:card\" content=\"summary_large_image\" \/>\n<meta name=\"twitter:label1\" content=\"Napisane przez\" \/>\n\t<meta name=\"twitter:data1\" content=\"Ks. Jacek\" \/>\n\t<meta name=\"twitter:label2\" content=\"Szacowany czas czytania\" \/>\n\t<meta name=\"twitter:data2\" content=\"22 minuty\" \/>\n<script type=\"application\/ld+json\" class=\"yoast-schema-graph\">{\"@context\":\"https:\/\/schema.org\",\"@graph\":[{\"@type\":\"WebPage\",\"@id\":\"https:\/\/gaudiumetspes-blog.pl\/index.php\/2022\/12\/11\/trudna-sztuka-czekania\/\",\"url\":\"https:\/\/gaudiumetspes-blog.pl\/index.php\/2022\/12\/11\/trudna-sztuka-czekania\/\",\"name\":\"Trudna sztuka... czekania! - Gaudium Et Spes\",\"isPartOf\":{\"@id\":\"https:\/\/gaudiumetspes-blog.pl\/#website\"},\"datePublished\":\"2022-12-11T02:13:29+00:00\",\"author\":{\"@id\":\"https:\/\/gaudiumetspes-blog.pl\/#\/schema\/person\/1661982992b752dea8dff0d4ed845a65\"},\"breadcrumb\":{\"@id\":\"https:\/\/gaudiumetspes-blog.pl\/index.php\/2022\/12\/11\/trudna-sztuka-czekania\/#breadcrumb\"},\"inLanguage\":\"pl-PL\",\"potentialAction\":[{\"@type\":\"ReadAction\",\"target\":[\"https:\/\/gaudiumetspes-blog.pl\/index.php\/2022\/12\/11\/trudna-sztuka-czekania\/\"]}]},{\"@type\":\"BreadcrumbList\",\"@id\":\"https:\/\/gaudiumetspes-blog.pl\/index.php\/2022\/12\/11\/trudna-sztuka-czekania\/#breadcrumb\",\"itemListElement\":[{\"@type\":\"ListItem\",\"position\":1,\"name\":\"Strona g\u0142\u00f3wna\",\"item\":\"https:\/\/gaudiumetspes-blog.pl\/\"},{\"@type\":\"ListItem\",\"position\":2,\"name\":\"Trudna sztuka&#8230; czekania!\"}]},{\"@type\":\"WebSite\",\"@id\":\"https:\/\/gaudiumetspes-blog.pl\/#website\",\"url\":\"https:\/\/gaudiumetspes-blog.pl\/\",\"name\":\"Gaudium Et Spes\",\"description\":\"Blog Ks. Jacka Ja\u015bkowskiego\",\"potentialAction\":[{\"@type\":\"SearchAction\",\"target\":{\"@type\":\"EntryPoint\",\"urlTemplate\":\"https:\/\/gaudiumetspes-blog.pl\/?s={search_term_string}\"},\"query-input\":{\"@type\":\"PropertyValueSpecification\",\"valueRequired\":true,\"valueName\":\"search_term_string\"}}],\"inLanguage\":\"pl-PL\"},{\"@type\":\"Person\",\"@id\":\"https:\/\/gaudiumetspes-blog.pl\/#\/schema\/person\/1661982992b752dea8dff0d4ed845a65\",\"name\":\"Ks. Jacek\",\"image\":{\"@type\":\"ImageObject\",\"inLanguage\":\"pl-PL\",\"@id\":\"https:\/\/gaudiumetspes-blog.pl\/#\/schema\/person\/image\/\",\"url\":\"https:\/\/gaudiumetspes-blog.pl\/wp-content\/uploads\/2019\/07\/avatar-JJ-150x150.jpg\",\"contentUrl\":\"https:\/\/gaudiumetspes-blog.pl\/wp-content\/uploads\/2019\/07\/avatar-JJ-150x150.jpg\",\"caption\":\"Ks. Jacek\"},\"description\":\"Witam serdecznie! K\u0142ania si\u0119 Ks. Jacek Ja\u015bkowski. Nie jestem ani kim\u015b wa\u017cnym, ani kim\u015b znanym. Jestem ksi\u0119dzem, kt\u00f3ry po prostu chce rozmawia\u0107. Codzienna kap\u0142a\u0144ska pos\u0142uga pokazuje mi, \u017ce temat\u00f3w do rozm\u00f3w z ksi\u0119dzem jest coraz wi\u0119cej i dzisiaj \u017caden ksi\u0105dz nie mo\u017ce od nich ucieka\u0107, ale - wprost przeciwnie - podejmowa\u0107 nowe wyzwania. To przekonanie sk\u0142oni\u0142o mnie do pr\u00f3by otwarcia tego\u017c bloga, chocia\u017c okazji do rozm\u00f3w na co dzie\u0144 - w konfesjonale i poza nim - na szcz\u0119\u015bcie nie brakuje. My\u015bl\u0119 jednak, \u017ce ten blog b\u0119dzie jeszcze jednym sposobem i przestrzeni\u0105 nawi\u0105zania kontaktu z lud\u017ami dobrej woli, otwartymi na dialog.\",\"url\":\"https:\/\/gaudiumetspes-blog.pl\/index.php\/author\/ks-jacek\/\"}]}<\/script>\n<!-- \/ Yoast SEO plugin. -->","yoast_head_json":{"title":"Trudna sztuka... czekania! - Gaudium Et Spes","robots":{"index":"index","follow":"follow","max-snippet":"max-snippet:-1","max-image-preview":"max-image-preview:large","max-video-preview":"max-video-preview:-1"},"canonical":"https:\/\/gaudiumetspes-blog.pl\/index.php\/2022\/12\/11\/trudna-sztuka-czekania\/","og_locale":"pl_PL","og_type":"article","og_title":"Trudna sztuka... czekania! - Gaudium Et Spes","og_description":"Szcz\u0119\u015b\u0107 Bo\u017ce! Moi Drodzy, w dniu dzisiejszym urodziny prze\u017cywa Ksi\u0105dz Adam Turemka, za moich czas\u00f3w \u2013 Proboszcz w Miastkowie i wieloletni Ojciec Duchowny Pielgrzymki Podlaskiej. Z kolei, imieniny prze\u017cywa Ksi\u0105dz Waldemar Grzeszczuk, za moich czas\u00f3w \u2013 Kap\u0142an wspomagaj\u0105cy nasz\u0105 duszpastersk\u0105 pos\u0142ug\u0119 w Celestynowie. \u017bycz\u0119 \u015awi\u0119tuj\u0105cym Bo\u017cej blisko\u015bci! I zapewniam o modlitwie! A w Paprotni dzisiaj [&hellip;]","og_url":"https:\/\/gaudiumetspes-blog.pl\/index.php\/2022\/12\/11\/trudna-sztuka-czekania\/","og_site_name":"Gaudium Et Spes","article_published_time":"2022-12-11T02:13:29+00:00","author":"Ks. Jacek","twitter_card":"summary_large_image","twitter_misc":{"Napisane przez":"Ks. Jacek","Szacowany czas czytania":"22 minuty"},"schema":{"@context":"https:\/\/schema.org","@graph":[{"@type":"WebPage","@id":"https:\/\/gaudiumetspes-blog.pl\/index.php\/2022\/12\/11\/trudna-sztuka-czekania\/","url":"https:\/\/gaudiumetspes-blog.pl\/index.php\/2022\/12\/11\/trudna-sztuka-czekania\/","name":"Trudna sztuka... czekania! - Gaudium Et Spes","isPartOf":{"@id":"https:\/\/gaudiumetspes-blog.pl\/#website"},"datePublished":"2022-12-11T02:13:29+00:00","author":{"@id":"https:\/\/gaudiumetspes-blog.pl\/#\/schema\/person\/1661982992b752dea8dff0d4ed845a65"},"breadcrumb":{"@id":"https:\/\/gaudiumetspes-blog.pl\/index.php\/2022\/12\/11\/trudna-sztuka-czekania\/#breadcrumb"},"inLanguage":"pl-PL","potentialAction":[{"@type":"ReadAction","target":["https:\/\/gaudiumetspes-blog.pl\/index.php\/2022\/12\/11\/trudna-sztuka-czekania\/"]}]},{"@type":"BreadcrumbList","@id":"https:\/\/gaudiumetspes-blog.pl\/index.php\/2022\/12\/11\/trudna-sztuka-czekania\/#breadcrumb","itemListElement":[{"@type":"ListItem","position":1,"name":"Strona g\u0142\u00f3wna","item":"https:\/\/gaudiumetspes-blog.pl\/"},{"@type":"ListItem","position":2,"name":"Trudna sztuka&#8230; czekania!"}]},{"@type":"WebSite","@id":"https:\/\/gaudiumetspes-blog.pl\/#website","url":"https:\/\/gaudiumetspes-blog.pl\/","name":"Gaudium Et Spes","description":"Blog Ks. Jacka Ja\u015bkowskiego","potentialAction":[{"@type":"SearchAction","target":{"@type":"EntryPoint","urlTemplate":"https:\/\/gaudiumetspes-blog.pl\/?s={search_term_string}"},"query-input":{"@type":"PropertyValueSpecification","valueRequired":true,"valueName":"search_term_string"}}],"inLanguage":"pl-PL"},{"@type":"Person","@id":"https:\/\/gaudiumetspes-blog.pl\/#\/schema\/person\/1661982992b752dea8dff0d4ed845a65","name":"Ks. Jacek","image":{"@type":"ImageObject","inLanguage":"pl-PL","@id":"https:\/\/gaudiumetspes-blog.pl\/#\/schema\/person\/image\/","url":"https:\/\/gaudiumetspes-blog.pl\/wp-content\/uploads\/2019\/07\/avatar-JJ-150x150.jpg","contentUrl":"https:\/\/gaudiumetspes-blog.pl\/wp-content\/uploads\/2019\/07\/avatar-JJ-150x150.jpg","caption":"Ks. Jacek"},"description":"Witam serdecznie! K\u0142ania si\u0119 Ks. Jacek Ja\u015bkowski. Nie jestem ani kim\u015b wa\u017cnym, ani kim\u015b znanym. Jestem ksi\u0119dzem, kt\u00f3ry po prostu chce rozmawia\u0107. Codzienna kap\u0142a\u0144ska pos\u0142uga pokazuje mi, \u017ce temat\u00f3w do rozm\u00f3w z ksi\u0119dzem jest coraz wi\u0119cej i dzisiaj \u017caden ksi\u0105dz nie mo\u017ce od nich ucieka\u0107, ale - wprost przeciwnie - podejmowa\u0107 nowe wyzwania. To przekonanie sk\u0142oni\u0142o mnie do pr\u00f3by otwarcia tego\u017c bloga, chocia\u017c okazji do rozm\u00f3w na co dzie\u0144 - w konfesjonale i poza nim - na szcz\u0119\u015bcie nie brakuje. My\u015bl\u0119 jednak, \u017ce ten blog b\u0119dzie jeszcze jednym sposobem i przestrzeni\u0105 nawi\u0105zania kontaktu z lud\u017ami dobrej woli, otwartymi na dialog.","url":"https:\/\/gaudiumetspes-blog.pl\/index.php\/author\/ks-jacek\/"}]}},"jetpack_featured_media_url":"","jetpack_sharing_enabled":true,"_links":{"self":[{"href":"https:\/\/gaudiumetspes-blog.pl\/index.php\/wp-json\/wp\/v2\/posts\/21191","targetHints":{"allow":["GET"]}}],"collection":[{"href":"https:\/\/gaudiumetspes-blog.pl\/index.php\/wp-json\/wp\/v2\/posts"}],"about":[{"href":"https:\/\/gaudiumetspes-blog.pl\/index.php\/wp-json\/wp\/v2\/types\/post"}],"author":[{"embeddable":true,"href":"https:\/\/gaudiumetspes-blog.pl\/index.php\/wp-json\/wp\/v2\/users\/1"}],"replies":[{"embeddable":true,"href":"https:\/\/gaudiumetspes-blog.pl\/index.php\/wp-json\/wp\/v2\/comments?post=21191"}],"version-history":[{"count":1,"href":"https:\/\/gaudiumetspes-blog.pl\/index.php\/wp-json\/wp\/v2\/posts\/21191\/revisions"}],"predecessor-version":[{"id":21192,"href":"https:\/\/gaudiumetspes-blog.pl\/index.php\/wp-json\/wp\/v2\/posts\/21191\/revisions\/21192"}],"wp:attachment":[{"href":"https:\/\/gaudiumetspes-blog.pl\/index.php\/wp-json\/wp\/v2\/media?parent=21191"}],"wp:term":[{"taxonomy":"category","embeddable":true,"href":"https:\/\/gaudiumetspes-blog.pl\/index.php\/wp-json\/wp\/v2\/categories?post=21191"},{"taxonomy":"post_tag","embeddable":true,"href":"https:\/\/gaudiumetspes-blog.pl\/index.php\/wp-json\/wp\/v2\/tags?post=21191"}],"curies":[{"name":"wp","href":"https:\/\/api.w.org\/{rel}","templated":true}]}}