{"id":21202,"date":"2022-12-16T11:36:23","date_gmt":"2022-12-16T10:36:23","guid":{"rendered":"https:\/\/gaudiumetspes-blog.pl\/?p=21202"},"modified":"2022-12-16T11:36:23","modified_gmt":"2022-12-16T10:36:23","slug":"jezus-w-mojej-spolecznosci","status":"publish","type":"post","link":"https:\/\/gaudiumetspes-blog.pl\/index.php\/2022\/12\/16\/jezus-w-mojej-spolecznosci\/","title":{"rendered":"Jezus &#8211; w mojej spo\u0142eczno\u015bci&#8230;"},"content":{"rendered":"<p align=\"justify\"><span style=\"color: #000000;\"><span style=\"font-family: Book Antiqua, serif;\"><span style=\"font-size: large;\">Szcz\u0119\u015b\u0107 Bo\u017ce! Moi Drodzy, w dniu dzisiejszym <b>urodziny prze\u017cywaj\u0105:<\/b><\/span><\/span><\/span><\/p>\n<p align=\"justify\"><span style=\"color: #000000;\">\u25ba<span style=\"font-family: Book Antiqua, serif;\"><span style=\"font-size: large;\"><b>Anetta Dziak, Nauczycielka biologii w Liceum im. Lelewela w \u017belechowie, moja Kole\u017canka z pracy w tej\u017ce Szkole, Mama dw\u00f3ch Lektor\u00f3w w Parafii w Miastkowie Ko\u015bcielnym;<\/b><\/span><\/span><\/span><\/p>\n<p align=\"justify\"><span style=\"color: #000000;\">\u25ba<span style=\"font-family: Book Antiqua, serif;\"><span style=\"font-size: large;\"><b>Grzegorz Bessaraba, nale\u017c\u0105cy w swoim czasie do jednej z m\u0142odzie\u017cowych Wsp\u00f3lnot.<\/b><\/span><\/span><\/span><\/p>\n<p align=\"justify\"><span style=\"color: #000000;\"><span style=\"font-family: Book Antiqua, serif;\"><span style=\"font-size: large;\"><b>\u017bycz\u0119 Obojgu \u015bwi\u0119tuj\u0105cym, aby tak, jak Jan Chrzciciel, wiernie trwali na posterunku, gdy idzie o \u015bwiadectwo wiary, dawane swemu otoczeniu. Zapewniam o modlitwie!<\/b><\/span><\/span><\/span><\/p>\n<p align=\"justify\"><span style=\"color: #000000;\"><span style=\"font-family: Book Antiqua, serif;\"><span style=\"font-size: large;\">Moi Drodzy, serdecznie pozdrawiam Was z Parafii Dziewule, gdzie dzisiaj rozpoczynam Rekolekcje. Bardzo p\u00f3\u017ano zamieszczam s\u0142\u00f3wko, ju\u017c po wyg\u0142oszeniu pierwszej homilii, bo obawia\u0142em si\u0119 o warunk\u00f3w na drodze \u2013 a u nas dzisiaj pot\u0119\u017cnie sypie \u015bnieg \u2013 dlatego wyruszy\u0142em, nie zd\u0105\u017cywszy zamie\u015bci\u0107 s\u0142\u00f3wka. Teraz mam spokojn\u0105 chwil\u0119, wi\u0119c to robi\u0119. Zapraszam do refleksji nad Bo\u017cym s\u0142owem.<\/span><\/span><\/span><\/p>\n<p align=\"justify\"><span style=\"color: #000000;\"><span style=\"font-family: Book Antiqua, serif;\"><span style=\"font-size: large;\">A o 21:40 zapraszam na audycj\u0119 do Katolickiego Radia Podlasie. B\u0119dziemy rozmawiali o prze\u017cywaniu \u015awi\u0105t. Zach\u0119cam do \u0142\u0105czno\u015bci na nami: telefonicznej, smsowej lub mailowej.<\/span><\/span><\/span><\/p>\n<p align=\"justify\"><span style=\"color: #000000;\"><span style=\"font-family: Book Antiqua, serif;\"><span style=\"font-size: large;\">Teraz za\u015b ju\u017c pochylmy si\u0119 nad Bo\u017cym s\u0142owem dzisiejszej liturgii. <b>Co dzi\u015b m\u00f3wi do mnie osobi\u015bcie Pan? Z jakim bardzo konkretnym przes\u0142aniem w\u0142a\u015bnie do mnie si\u0119 zwraca?<\/b> Duchu \u015awi\u0119ty, podpowiedz\u2026 <\/span><\/span><\/span><\/p>\n<p align=\"justify\"><span style=\"color: #000000;\"><span style=\"font-family: Book Antiqua, serif;\"><span style=\"font-size: large;\"><b>Niech Was b\u0142ogos\u0142awi B\u00f3g Wszechmog\u0105cy: Ojciec + i Syn, i Duch \u015awi\u0119ty. Amen<\/b><\/span><\/span><\/span><\/p>\n<p align=\"center\"><span style=\"color: #000000;\"><span style=\"font-family: Book Antiqua, serif;\"><span style=\"font-size: large;\">Gaudium et spes! Ks. Jacek<\/span><\/span><\/span><\/p>\n<p align=\"center\">\n<p align=\"center\">\n<p align=\"center\">\n<p align=\"center\">\n<p align=\"center\">\n<p align=\"justify\"><span style=\"color: #000000;\"><span style=\"font-family: Book Antiqua, serif;\"><span style=\"font-size: large;\"><b>REKOLEKCJE ADWENTOWE \u2013 1,<\/b><\/span><\/span><\/span><\/p>\n<p align=\"justify\"><span style=\"color: #000000;\"><span style=\"font-family: Book Antiqua, serif;\"><span style=\"font-size: large;\"><b>w Pi\u0105tek 3 Tygodnia Adwentu,<\/b><\/span><\/span><\/span><\/p>\n<p align=\"justify\"><span style=\"color: #000000;\"><span style=\"font-family: Book Antiqua, serif;\"><span style=\"font-size: large;\"><b>16 grudnia 2022.,\u00a0<\/b><\/span><\/span><\/span><\/p>\n<p align=\"justify\"><span style=\"color: #000000;\"><span style=\"font-family: Book Antiqua, serif;\"><span style=\"font-size: large;\"><b>do czyta\u0144: Iz 56,1\u20133a.6\u20138; J 5,33\u201336<\/b><\/span><\/span><\/span><\/p>\n<p align=\"justify\">\n<p align=\"justify\">\n<p align=\"justify\">\n<p align=\"justify\">\n<p align=\"justify\">\n<p align=\"justify\"><span style=\"color: #000000;\"><span style=\"font-family: Book Antiqua, serif;\"><span style=\"font-size: large;\"><b>CZYTANIE Z KSI\u0118GI PROROKA IZAJASZA:<\/b><\/span><\/span><\/span><\/p>\n<p align=\"justify\"><span style=\"color: #000000;\"><span style=\"font-family: Book Antiqua, serif;\"><span style=\"font-size: large;\"><b>Tak m\u00f3wi Pan:<\/b><\/span><\/span><\/span><\/p>\n<p align=\"justify\"><span style=\"color: #000000;\">\u201e<span style=\"font-family: Book Antiqua, serif;\"><span style=\"font-size: large;\"><b>Zachowujcie prawo i przestrzegajcie sprawiedliwo\u015bci,<\/b><\/span><\/span><\/span><\/p>\n<p align=\"justify\"><span style=\"color: #000000;\"><span style=\"font-family: Book Antiqua, serif;\"><span style=\"font-size: large;\"><b>bo moje zbawienie ju\u017c wnet nadejdzie<\/b><\/span><\/span><\/span><\/p>\n<p align=\"justify\"><span style=\"color: #000000;\"><span style=\"font-family: Book Antiqua, serif;\"><span style=\"font-size: large;\"><b>i moja sprawiedliwo\u015b\u0107 ma si\u0119 objawi\u0107.<\/b><\/span><\/span><\/span><\/p>\n<p align=\"justify\"><span style=\"color: #000000;\"><span style=\"font-family: Book Antiqua, serif;\"><span style=\"font-size: large;\"><b>B\u0142ogos\u0142awiony cz\u0142owiek, kt\u00f3ry tak czyni,<\/b><\/span><\/span><\/span><\/p>\n<p align=\"justify\"><span style=\"color: #000000;\"><span style=\"font-family: Book Antiqua, serif;\"><span style=\"font-size: large;\"><b>i syn cz\u0142owieczy, kt\u00f3ry si\u0119 stosuje do tego:<\/b><\/span><\/span><\/span><\/p>\n<p align=\"justify\"><span style=\"color: #000000;\"><span style=\"font-family: Book Antiqua, serif;\"><span style=\"font-size: large;\"><b>czuwaj\u0105c, by nie pogwa\u0142ci\u0107 szabatu,<\/b><\/span><\/span><\/span><\/p>\n<p align=\"justify\"><span style=\"color: #000000;\"><span style=\"font-family: Book Antiqua, serif;\"><span style=\"font-size: large;\"><b>i pilnuj\u0105c swej r\u0119ki, by si\u0119 nie dopu\u015bci\u0142a \u017cadnego z\u0142a.<\/b><\/span><\/span><\/span><\/p>\n<p align=\"justify\"><span style=\"color: #000000;\"><span style=\"font-family: Book Antiqua, serif;\"><span style=\"font-size: large;\"><b>Niech\u017ce cudzoziemiec, kt\u00f3ry si\u0119 przy\u0142\u0105czy\u0142 do Pana, nie m\u00f3wi tak: \u00abZ pewno\u015bci\u0105 Pan wykluczy mnie ze swego ludu!\u00bb Cudzoziemc\u00f3w za\u015b, kt\u00f3rzy si\u0119 przy\u0142\u0105czyli do Pana, a\u017ceby Mu s\u0142u\u017cy\u0107 i a\u017ceby mi\u0142owa\u0107 imi\u0119 Pana i zosta\u0107 Jego s\u0142ugami, wszystkich zachowuj\u0105cych szabat bez pogwa\u0142cenia go i trzymaj\u0105cych si\u0119 mocno mojego przymierza przyprowadz\u0119 na moj\u0105 \u015awi\u0119t\u0105 G\u00f3r\u0119 i rozwesel\u0119 w moim domu modlitwy. Ca\u0142opalenia ich oraz ofiary b\u0119d\u0105 przyj\u0119te na moim o\u0142tarzu, bo dom m\u00f3j b\u0119dzie nazwany domem modlitwy dla wszystkich narod\u00f3w\u201d. Tak m\u00f3wi Pan B\u00f3g, kt\u00f3ry gromadzi wygna\u0144c\u00f3w Izraela: \u201eJeszcze mu innych zgromadz\u0119 opr\u00f3cz tych, kt\u00f3rzy ju\u017c zostali zgromadzeni\u201d.<\/b><\/span><\/span><\/span><\/p>\n<p align=\"justify\">\n<p align=\"justify\">\n<p align=\"justify\">\n<p align=\"justify\">\n<p align=\"justify\">\n<p align=\"justify\"><span style=\"color: #000000;\"><span style=\"font-family: Book Antiqua, serif;\"><span style=\"font-size: large;\"><b>S\u0141OWA EWANGELII WED\u0141UG \u015aWI\u0118TEGO JANA:<\/b><\/span><\/span><\/span><\/p>\n<p align=\"justify\"><span style=\"color: #000000;\"><span style=\"font-family: Book Antiqua, serif;\"><span style=\"font-size: large;\"><b>Jezus powiedzia\u0142 do \u017byd\u00f3w:<\/b><\/span><\/span><\/span><\/p>\n<p align=\"justify\"><span style=\"color: #000000;\">\u201e<span style=\"font-family: Book Antiqua, serif;\"><span style=\"font-size: large;\"><b>Wys\u0142ali\u015bcie poselstwo do Jana i on da\u0142 \u015bwiadectwo prawdzie. Ja nie zwa\u017cam na \u015bwiadectwo cz\u0142owieka, ale m\u00f3wi\u0119 to, aby\u015bcie byli zbawieni. On by\u0142 lamp\u0105, co p\u0142onie i \u015bwieci, wy za\u015b chcieli\u015bcie na kr\u00f3tki czas radowa\u0107 si\u0119 jego \u015bwiat\u0142em.<\/b><\/span><\/span><\/span><\/p>\n<p align=\"justify\"><span style=\"color: #000000;\"><span style=\"font-family: Book Antiqua, serif;\"><span style=\"font-size: large;\"><b>Ja mam \u015bwiadectwo wi\u0119ksze od Janowego. S\u0105 to dzie\u0142a, kt\u00f3re Ojciec da\u0142 Mi do wykonania; dzie\u0142a, kt\u00f3re czyni\u0119, \u015bwiadcz\u0105 o Mnie, \u017ce Ojciec Mnie pos\u0142a\u0142\u201d.<\/b><\/span><\/span><\/span><\/p>\n<p align=\"justify\">\n<p align=\"justify\">\n<p align=\"justify\">\n<p align=\"justify\">\n<p align=\"justify\">\n<p align=\"justify\"><span style=\"color: #000000;\"><span style=\"font-family: Book Antiqua, serif;\"><span style=\"font-size: large;\">Bogu Najwy\u017cszemu i Tr\u00f3jjedynemu niech b\u0119dzie <b>wieczna chwa\u0142a, cze\u015b\u0107 i uwielbienie,<\/b> a tak\u017ce nasze <b>ogromne i serdeczne dzi\u0119kczynienie<\/b> za to, \u017ce nam pozwoli\u0142 doczeka\u0107 tego, ju\u017c kolejnego w naszym \u017cyciu Adwentu, a w jego trakcie \u2013 tych oto <b>\u015bwi\u0119tych Rekolekcji,<\/b> kt\u00f3re dzi\u015b rozpoczynamy. <\/span><\/span><\/span><\/p>\n<p align=\"justify\"><span style=\"color: #000000;\"><span style=\"font-family: Book Antiqua, serif;\"><span style=\"font-size: large;\">U pocz\u0105tku tego jak\u017ce wyj\u0105tkowego czasu, z ca\u0142ego serca witam ca\u0142\u0105 <b>Wsp\u00f3lnot\u0119 parafialn\u0105 \u2013 Rodzin\u0119 parafialn\u0105 \u2013 w Dziewulach,<\/b> na czele z jej <b>by\u0142ym i nowym Proboszczem<\/b> (w jednej osobie), <b>Ksi\u0119dzem Zygmuntem Pen\u0105,<\/b> z kt\u00f3rym mam rado\u015b\u0107 zna\u0107 si\u0119 ju\u017c od czasu mojego Seminarium, kiedy to by\u0142 On <b>Wikariuszem w mojej rodzinnej Parafii<\/b> Chrystusa Mi\u0142osiernego, w Bia\u0142ej Podlaskiej. Serdecznie dzi\u0119kuj\u0119 za to dzisiejsze zaproszenie, ale te\u017c \u2013 za <b>kilka wcze\u015bniejszych zaprosze\u0144, <\/b>na kilka odpust\u00f3w i zast\u0119pstw, dzi\u0119ki kt\u00f3rym mog\u0119 \u015bmia\u0142o powiedzie\u0107, \u017ce <b>czuj\u0119 si\u0119 u Was jak u siebie<\/b> i \u017ce ju\u017c nie jeste\u015bmy dla siebie tak zupe\u0142nie nieznani, bo mieli\u015bmy mo\u017cliwo\u015b\u0107 <b>wsp\u00f3lnie si\u0119 tutaj modli\u0107 i wsp\u00f3lnie Bo\u017ce s\u0142owo zg\u0142\u0119bia\u0107. <\/b>Tak b\u0119dzie r\u00f3wnie\u017c w ci\u0105gu tych trzech dni. <\/span><\/span><\/span><\/p>\n<p align=\"justify\"><span style=\"color: #000000;\"><span style=\"font-family: Book Antiqua, serif;\"><span style=\"font-size: large;\">Witam zatem ca\u0142\u0105 Rodzin\u0119 parafialn\u0105, wraz <b>z jej Wsp\u00f3lnotami i Osobami, <\/b>szczeg\u00f3lnie zaanga\u017cowanymi w jej funkcjonowanie, dzielnie na co dzie\u0144 <b>wspieraj\u0105cymi Ksi\u0119dza Proboszcza,<\/b> kt\u00f3rych to ju\u017c kilka sam zd\u0105\u017cy\u0142em pozna\u0107. <\/span><\/span><\/span><\/p>\n<p align=\"justify\"><span style=\"color: #000000;\"><span style=\"font-family: Book Antiqua, serif;\"><span style=\"font-size: large;\">Wyruszamy zatem, moi Drodzy, we <b>wsp\u00f3ln\u0105, trzydniow\u0105, rekolekcyjn\u0105 drog\u0119, <\/b>kt\u00f3ra b\u0119dzie takim naszym <b>wsp\u00f3lnym kroczeniem na spotkanie z Jezusem.<\/b> I pozw\u00f3lcie, \u017ce ju\u017c dzisiaj, na samym pocz\u0105tku, jasno i mocno podkre\u015bl\u0119, \u017ce Rekolekcje \u2013 te, nasze, jak i ka\u017cde inne \u2013 to nie jest jedynie taki czas, w kt\u00f3rym to <b>do<\/b><b> <\/b><b>p<\/b><b>arafii prz<\/b><b>y<\/b><b>bywa jaki\u015b ksi\u0105dz,<\/b> kt\u00f3rego proboszcz zaprosi\u0142, a kt\u00f3ry sk\u0105d\u015b tam przyjecha\u0142 i <b>teraz dopiero nauczy ludzi,<\/b> jak maj\u0105 \u017cy\u0107, teraz dopiero ich wszystkich ol\u015bni i zachwyci, <b>zab\u0142y\u015bnie przed nimi elokwencj\u0105 i wymow\u0105,<\/b> wykszta\u0142ceniem i og\u00f3lnym \u201ewychlastem\u201d, zrobi furor\u0119, parafi\u0119 nawr\u00f3ci i w blasku chwa\u0142y, zadowolony z siebie, wyjedzie. <\/span><\/span><\/span><\/p>\n<p align=\"justify\"><span style=\"color: #000000;\"><span style=\"font-family: Book Antiqua, serif;\"><span style=\"font-size: large;\">Moi Drodzy, <b>nic z tych rzeczy!<\/b> Podkre\u015blam to bardzo mocno: <b>nic z tych rzeczy!<\/b> Przynajmniej ja osobi\u015bcie absolutnie tak nie traktuj\u0119 \u017cadnych rekolekcji: ani tych, kt\u00f3re sam prze\u017cywam, ani \u2013 tym bardziej \u2013 <b>tych, kt\u00f3re prowadz\u0119. <\/b>Rekolekcje bowiem to \u2013 jak sobie wspomnieli\u015bmy \u2013 <b>czas wsp\u00f3lnego w\u0119drowania,<\/b> czas wsp\u00f3lnej drogi, czas wsp\u00f3lnej pracy! Tak, <b>czas wsp\u00f3lnej pracy! <\/b>Pracy, kt\u00f3r\u0105 \u2013 jako pierwszy \u2013 <b>podejmuje Rekolekcjonista,<\/b> a nast\u0119pnie <b>Proboszcz<\/b> <b>Parafii,<\/b> a nast\u0119pnie: <b>ca\u0142a Parafia i wszyscy Uczestnicy. <\/b>I w\u0142a\u015bnie do takiego prze\u017cywania tych Rekolekcji \u2013 i ka\u017cdych innych \u2013 chcia\u0142bym Was zaprosi\u0107. <\/span><\/span><\/span><\/p>\n<p align=\"justify\"><span style=\"color: #000000;\"><span style=\"font-family: Book Antiqua, serif;\"><span style=\"font-size: large;\">Dlatego nie b\u0105d\u017acie, moi Drodzy, zdziwieni, \u017ce ka\u017cdego dnia, w ramach rozwa\u017cania, zanim przejd\u0119 do kilku refleksji na temat Bo\u017cego s\u0142owa, <b>b\u0119dzie kilka uwag, dotycz\u0105cych has\u0142a Rekolekcji<\/b> oraz my\u015bli na poszczeg\u00f3lnie dni. B\u0119d\u0119 te\u017c m\u00f3wi\u0142 <b>o innych, wa\u017cnych sprawach,<\/b> dotycz\u0105cych w\u0142a\u015bnie tej naszej wsp\u00f3lnej pracy. Mo\u017ce si\u0119 to b\u0119dzie komu\u015b wydawa\u0142o niepotrzebne \u2013 bo z takimi uwagami ju\u017c si\u0119 spotyka\u0142em \u2013 ale ja <b>to robi\u0119 celowo i \u015bwiadomie,<\/b> bo bardzo zale\u017cy mi na tym, aby\u015bmy wszyscy, naprawd\u0119 wszyscy, <b>zaanga\u017cowali si\u0119 w prze\u017cywanie tych Rekolekcji!<\/b> I to nie tylko tu, w ko\u015bciele, ale tak\u017ce w naszych domach. <\/span><\/span><\/span><\/p>\n<p align=\"justify\"><span style=\"color: #000000;\"><span style=\"font-family: Book Antiqua, serif;\"><span style=\"font-size: large;\">Dlatego ju\u017c teraz prosz\u0119, aby\u015bmy ten czas <b>wspierali nasz\u0105 modlitw\u0105.<\/b> Prosz\u0119, aby\u015bmy wszyscy intencje tych Rekolekcji <b>do\u0142\u0105czyli do naszych codziennych modlitw<\/b> \u2013 tych, kt\u00f3re zwyczajowo, codziennie odmawiamy. Bo przecie\u017c wiemy doskonale, \u017ce ka\u017cdy z nas ma <b>wypracowany jaki\u015b sw\u00f3j w\u0142asny styl modlitwy, <\/b>jaki\u015b sw\u00f3j osobisty spos\u00f3b kontaktowania si\u0119 z Bogiem \u2013 i <b>ten styl jest najlepszy. <\/b>To znaczy: <b>najlepszy dla mnie. Bo jest m\u00f3j. <\/b><\/span><\/span><\/span><\/p>\n<p align=\"justify\"><span style=\"color: #000000;\"><span style=\"font-family: Book Antiqua, serif;\"><span style=\"font-size: large;\">On wcale nie musi odpowiada\u0107 mojemu s\u0105siadowi, mojemu znajomemu \u2013 <b>on b\u0119dzie mia\u0142 sw\u00f3j styl,<\/b> kt\u00f3ry dla niego b\u0119dzie najlepszy. Bo b\u0119dzie jego. Tak, B\u00f3g z ka\u017cdym z nas uk\u0142ada <b>osobiste relacje. <\/b>I w\u0142a\u015bnie w te relacje zechciejmy <b>wpisa\u0107 intencj\u0119<\/b> naszych Rekolekcji. <\/span><\/span><\/span><\/p>\n<p align=\"justify\"><span style=\"color: #000000;\"><span style=\"font-family: Book Antiqua, serif;\"><span style=\"font-size: large;\">Aby za\u015b zaznaczy\u0107<b> jedno\u015b\u0107 pomi\u0119dzy nami,<\/b> jako cz\u0142onkami tej rekolekcyjnej Wsp\u00f3lnoty, to prosz\u0119, aby\u015bmy codziennie odm\u00f3wili <b>jedn\u0105, tak\u0105 sam\u0105 modlitw\u0119,<\/b> kt\u00f3r\u0105 b\u0119d\u0119 tutaj wskazywa\u0142. Oboj\u0119tnie, o kt\u00f3rej porze dnia, ale t\u0119 jedn\u0105 modlitw\u0119 <b>wszyscy odmawiamy. Ja r\u00f3wnie\u017c!<\/b> I \u2013 uwaga! \u2013 <b>odmawiamy j<\/b><b>\u0105<\/b><b> w domu,<\/b> nie w ko\u015bciele, w\u0142a\u015bnie dlatego, aby w naszych domach tak\u017ce by\u0142o <b>wida\u0107 i czu\u0107 rekolekcyjn\u0105 atmosfer\u0119. <\/b>Czyli \u2013 prze\u017cywamy Rekolekcje nie tylko w ko\u015bciele, <b>ale tak\u017ce w naszych domach.<\/b> <\/span><\/span><\/span><\/p>\n<p align=\"justify\"><span style=\"color: #000000;\"><span style=\"font-family: Book Antiqua, serif;\"><span style=\"font-size: large;\">Natomiast tam, w naszych domach, mo\u017cna \u2013 jak najbardziej to polecam \u2013 <b>odm\u00f3wi\u0107 j\u0105 wsp\u00f3lnie z domownikami,<\/b> albo z s\u0105siadem lub s\u0105siadk\u0105, zw\u0142aszcza, je\u015bli s\u0105 osobami samotnymi. Dzisiaj niech t\u0105 modlitw\u0105, kt\u00f3ra nas zjednoczy, b\u0119d\u0105 <b>dwa dziesi\u0105tki R\u00f3\u017ca\u0144ca \u015awi\u0119tego,<\/b> <b>tajemnica pierwsza i druga radosna:<\/b> Zwiastowanie Naj\u015bwi\u0119tszej Maryi Panny, oraz Nawiedzenie \u015awi\u0119tej El\u017cbiety. Jutro b\u0119d\u0105 dwa nast\u0119pne, a zako\u0144czymy t\u0119 cz\u0105stk\u0119 R\u00f3\u017ca\u0144ca \u015awi\u0119tego w niedziel\u0119. Tak zatem dzisiaj: dwie pierwsze tajemnice radosne. <b>W jakich za\u015b intencjach b\u0119dziemy si\u0119 modli\u0107?<\/b><\/span><\/span><\/span><\/p>\n<p align=\"justify\"><span style=\"color: #000000;\"><span style=\"font-family: Book Antiqua, serif;\"><span style=\"font-size: large;\">Chcia\u0142bym tu zaproponowa\u0107 takie cztery, sta\u0142e intencje rekolekcyjne: <\/span><\/span><\/span><\/p>\n<p align=\"justify\"><span style=\"color: #000000;\">\u25ba<span style=\"font-family: Book Antiqua, serif;\"><span style=\"font-size: large;\"><b>o<\/b><b> b\u0142ogos\u0142awione i liczne owoce duchowe<\/b> tego czasu dla nas wszystkich;<\/span><\/span><\/span><\/p>\n<p align=\"justify\"><span style=\"color: #000000;\">\u25ba<span style=\"font-family: Book Antiqua, serif;\"><span style=\"font-size: large;\"><b>z<\/b><b>a Rekolekcjonist\u0119 i Spowiednik\u00f3w \u2013<\/b> o \u015bwiat\u0142o Ducha \u015awi\u0119tego i odwag\u0119 w jasnym i konkretnym przekazywaniu Bo\u017cej prawdy;<\/span><\/span><\/span><\/p>\n<p align=\"justify\"><span style=\"color: #000000;\">\u25ba<span style=\"font-family: Book Antiqua, serif;\"><span style=\"font-size: large;\">za tych, kt\u00f3rzy <b>mog\u0105 w tych Rekolekcjach uczestniczy\u0107, ale z r\u00f3\u017cnych wzgl\u0119d\u00f3w nie chc\u0105<\/b> \u2013 cz\u0119sto ju\u017c od wielu lat \u2013 aby jak najszybciej zechcieli skorzysta\u0107 z Bo\u017cego zaproszenia;<\/span><\/span><\/span><\/p>\n<p align=\"justify\"><span style=\"color: #000000;\">\u25ba<span style=\"font-family: Book Antiqua, serif;\"><span style=\"font-size: large;\">i za tych, kt\u00f3rzy chocia\u017c<b> bardzo chc\u0105 w nich uczestniczy\u0107, to jednak nie mog\u0105 <\/b>\u2013 z powodu wieku, stanu zdrowia czy innych, niepokonalnych przeszk\u00f3d, uniemo\u017cliwiaj\u0105cych im przybycie do \u015bwi\u0105tyni. <\/span><\/span><\/span><\/p>\n<p align=\"justify\"><span style=\"color: #000000;\"><span style=\"font-family: Book Antiqua, serif;\"><span style=\"font-size: large;\">Tych ostatnich <b>szczeg\u00f3lnie gor\u0105co pozdrawiam<\/b><b>y<\/b> (przeka\u017ccie im te pozdrowienia w Waszych domach) i prosimy \u2013 zw\u0142aszcza Starszych czy Chorych \u2013 aby <b>chocia\u017c cz\u0105stk\u0119 swego cierpienia,<\/b> swego codziennego krzy\u017ca, <b>ofiarowali w intencji tego czasu.<\/b> Bardzo im za to ju\u017c teraz dzi\u0119kujemy. Niech uwa\u017caj\u0105 si\u0119 za <b>pe\u0142noprawnych Uczestnik\u00f3w tych Rekolekcji. <\/b>Niech ten czas b\u0119dzie i dla nich owocny!<\/span><\/span><\/span><\/p>\n<p align=\"justify\"><span style=\"color: #000000;\"><span style=\"font-family: Book Antiqua, serif;\"><span style=\"font-size: large;\">I tak w\u0142a\u015bnie <b>duchowo uzbrojeni,<\/b> podejmujemy refleksj\u0119 nad Bo\u017cym s\u0142owem. A skoro powiedzieli\u015bmy sobie, \u017ce b\u0119dzie to nasza wsp\u00f3lna droga, wsp\u00f3lne kroczenie na spotkanie z Jezusem, to niech <b>tak\u017ce On sam b\u0119dzie naszym Przewodnikiem <\/b>na tej drodze, niech <b>On sam nas <\/b><b>po<\/b><b>prowadzi. <\/b>Niech nas poprowadzi swoim S\u0142owem. <\/span><\/span><\/span><\/p>\n<p align=\"justify\"><span style=\"color: #000000;\"><span style=\"font-family: Book Antiqua, serif;\"><span style=\"font-size: large;\">Dlatego te\u017c nie b\u0119dziemy sobie <b>dobierali jakich<\/b><b>\u015b<\/b><b> specjalnych tekst\u00f3w,<\/b> kt\u00f3re by mo\u017ce lepiej pasowa\u0142y Rekolekcjoni\u015bcie, ale ws\u0142uchujemy si\u0119 <b>dok\u0142adnie w to S\u0142owo, kt\u00f3re zosta\u0142o odczytane,<\/b> a kt\u00f3re Ko\u015bci\u00f3\u0142 przeznaczy\u0142 na te trzy dni. W ten spos\u00f3b to <b>Pan sam wska\u017ce nam drog\u0119<\/b> rekolekcyjnej refleksji. <\/span><\/span><\/span><\/p>\n<p align=\"justify\"><span style=\"color: #000000;\"><span style=\"font-family: Book Antiqua, serif;\"><span style=\"font-size: large;\">Aby za\u015b ta refleksja nie by\u0142a m\u00f3wieniem o wszystkim naraz, to okre\u015blimy sobie<b> jej g\u0142\u00f3wn\u0105 my\u015bl \u2013 has\u0142o Rekolekcji,<\/b> i w\u0142a\u015bnie ta my\u015bl b\u0119dzie nam porz\u0105dkowa\u0142a to wszystko, co b\u0119dziemy tu sobie m\u00f3wili. Proponuj\u0119, aby tym has\u0142em by\u0142y s\u0142owa z niedzielnej Ewangelii: <b>Z NARODZENIEM JEZUSA CHRYSTUSA BY\u0141O TAK. <\/b><\/span><\/span><\/span><\/p>\n<p align=\"justify\"><span style=\"color: #000000;\"><span style=\"font-family: Book Antiqua, serif;\"><span style=\"font-size: large;\">Mo\u017ce si\u0119 troch\u0119 dziwimy, dlaczego akurat takie zdanie, kt\u00f3re pewnie w zamy\u015ble Ewangelisty by\u0142o<b> <\/b><b>jedynie <\/b><b>wst\u0119pem <\/b>do tego, co napisa\u0142 dalej, dlatego na takie zdania <b>raczej uwagi si\u0119 nie zwraca,<\/b> a my je chcemy uczyni\u0107 has\u0142em Rekolekcji. Tak, moi Drodzy, bo w Pi\u015bmie \u015awi\u0119tym nie ma ani jednego zdania, ani jednego s\u0142owa, a nawet jednego przecinka, <b>kt\u00f3ry znalaz\u0142by si\u0119 tam przypadkowo i nie mia\u0142 znaczenia.<\/b> Wprost przeciwnie, ka\u017cde jedno s\u0142owo, ka\u017cde jedno zdanie ma znaczenie \u2013 bo jest to <b>element Bo\u017cego s\u0142owa,<\/b> podarowanego nam na drog\u0119 do zbawienia. <\/span><\/span><\/span><\/p>\n<p align=\"justify\"><span style=\"color: #000000;\"><span style=\"font-family: Book Antiqua, serif;\"><span style=\"font-size: large;\">Dlatego w\u0142a\u015bnie wybieramy to has\u0142o: <b>Z NARODZENIEM JEZUSA CHRYSTUSA BY\u0141O TAK \u2013<\/b> i ka\u017cdego dnia b\u0119dziemy sobie stawia\u0107 sobie pytanie: <b>No, w\u0142a\u015bnie \u2013 jak? I gdzie ma si\u0119 narodzi\u0107 Jezus<\/b> w moim \u017cyciu, w mojej aktualnej, osobistej sytuacji?\u2026 Oczywi\u015bcie, to <b>samo <\/b><b>Bo\u017ce s\u0142owo<\/b> b\u0119dzie nam podpowiada\u0142o i wskazywa\u0142o te obszary. I w\u0142a\u015bnie na podstawie <b>Bo\u017cego s\u0142owa, przeznaczonego na ka\u017cdy dzie\u0144,<\/b> b\u0119dziemy si\u0119 zastanawia\u0107, jak to Bo\u017ce narodzenie ma si\u0119 dokonywa\u0107 w tych w\u0142a\u015bnie obszarach. <\/span><\/span><\/span><\/p>\n<p align=\"justify\"><span style=\"color: #000000;\"><span style=\"font-family: Book Antiqua, serif;\"><span style=\"font-size: large;\">Dzisiaj pomy\u015blimy o narodzeniu si\u0119 Jezusa <b>w spo\u0142eczno\u015bci, w kt\u00f3rej \u017cyjemy.<\/b> Jutro \u2013 <b>w naszej rodzinie. <\/b>A w niedziel\u0119 \u2013 <b>w naszym sercu, <\/b>w sercu ka\u017cdej i ka\u017cdego z nas:<b> w moim sercu. <\/b><\/span><\/span><\/span><\/p>\n<p align=\"justify\"><span style=\"color: #000000;\"><span style=\"font-family: Book Antiqua, serif;\"><span style=\"font-size: large;\">Tak zatem: <b>Z NARODZENIEM JEZUSA CHRYSTUSA BY\u0141O TAK. <\/b>Czyli jak? Jak Jezus mo\u017ce narodzi\u0107 si\u0119 w spo\u0142eczno\u015bci, w kt\u00f3rej \u017cyj\u0119?<\/span><\/span><\/span><\/p>\n<p align=\"justify\"><span style=\"color: #000000;\"><span style=\"font-family: Book Antiqua, serif;\"><span style=\"font-size: large;\">Oto w pierwszym czytaniu, z Ksi\u0119gi Proroka Izajasza, s\u0142yszmy takie oto s\u0142owa: <i><b>Niech\u017ce cudzoziemiec, kt\u00f3ry si\u0119 przy\u0142\u0105czy\u0142 do Pana, nie m\u00f3wi tak: \u00abZ pewno\u015bci\u0105 Pan wykluczy mnie ze swego ludu!\u00bb Cudzoziemc\u00f3w za\u015b, kt\u00f3rzy si\u0119 przy\u0142\u0105czyli do Pana, a\u017ceby<\/b><\/i><b> <\/b><i><b>Mu s\u0142u\u017cy\u0107 i a\u017ceby mi\u0142owa\u0107 imi\u0119 Pana i zosta\u0107 Jego s\u0142ugami, wszystkich zachowuj\u0105cych szabat bez pogwa\u0142cenia go i trzymaj\u0105cych si\u0119 mocno mojego przymierza przyprowadz\u0119 na moj\u0105 \u015awi\u0119t\u0105 G\u00f3r\u0119 i rozwesel\u0119 w moim domu modlitwy. Ca\u0142opalenia ich oraz ofiary b\u0119d\u0105 przyj\u0119te na moim o\u0142tarzu, bo dom m\u00f3j b\u0119dzie nazwany domem modlitwy dla wszystkich narod\u00f3w\u201d.<\/b><\/i><b> <\/b><\/span><\/span><\/span><\/p>\n<p align=\"justify\"><span style=\"color: #000000;\"><span style=\"font-family: Book Antiqua, serif;\"><span style=\"font-size: large;\">Mo\u017ce z naszego punktu widzenia s\u0142owa te nie wyra\u017caj\u0105 niczego nadzwyczajnego, bo my <b>jeste\u015bmy ju\u017c przyzwyczajeni<\/b> do tego, \u017ce \u017cyjemy w zglobalizowanym \u015bwiecie, \u017ce \u015bwiat jest \u2013 jak powiadaj\u0105 \u2013 <b>jedn\u0105 i to niewielk\u0105 wiosk\u0105;<\/b> \u017ce cudzoziemc\u00f3w spotykamy na naszych ulicach, szczeg\u00f3lnie po wybuchu wojny na Ukrainie. Wtedy jednak, kiedy Izajasz pisa\u0142 swoj\u0105 Ksi\u0119g\u0119 \u2013 i w tamtym <b>kontek\u015bcie historycznym, religijnym i kulturowym<\/b> \u2013 wcale to <b>nie by\u0142o takie oczywiste. <\/b><\/span><\/span><\/span><\/p>\n<p align=\"justify\"><span style=\"color: #000000;\"><span style=\"font-family: Book Antiqua, serif;\"><span style=\"font-size: large;\">Nar\u00f3d wybrany mia\u0142 <b>\u015bwiadomo\u015b\u0107 swego wybrania<\/b> \u2013 inna sprawa, jak post\u0119powa\u0142 i jak odpowiada\u0142 Bogu na to wybranie i umi\u0142owanie.<b> Ale \u015bwiadomo\u015b\u0107 mia\u0142<\/b> i powszechnie wiedziano, \u017ce B\u00f3g ma <b>bardzo osobist\u0105 i bezpo\u015bredni\u0105 relacj\u0119<\/b> w\u0142a\u015bnie ze swoim ludem, przeto zazdro\u015bnie strze\u017cono tego\u017c wybrania. Zreszt\u0105, <b>Prorocy w swoich Pismach<\/b> tak\u017ce o tym przypominali i \u015bwiadomo\u015b\u0107 owego wybrania budowali i podtrzymywali, a nawet <b>sam Jezus podkre\u015bla\u0142, <\/b>\u017ce misj\u0119 swoj\u0105 adresuje przede wszystkim na narodu wybranego, do kt\u00f3rego sam nale\u017ca\u0142, a dopiero <b>potem Dobra Nowina zostanie rozg\u0142oszona<\/b> po ca\u0142ym \u015bwiecie. <\/span><\/span><\/span><\/p>\n<p align=\"justify\"><span style=\"color: #000000;\"><span style=\"font-family: Book Antiqua, serif;\"><span style=\"font-size: large;\">Dlatego te\u017c wcale nie by\u0142o takim oczywistym, \u017ce cudzoziemcy mog\u0105 sobie \u2013 ot, tak, zwyczajnie \u2013 czci\u0107 Boga. B\u00f3g by\u0142 \u2013 tak mniemano \u2013<b> je\u017celi nie w\u0142asno\u015bci\u0105 swego ludu,<\/b> bo takie stwierdzenie by\u0142oby za ostre, to na pewno jako\u015b <b>mocno <\/b><b>do tego swego ludu przypisany.<\/b> Nar\u00f3d wybrany uwa\u017ca\u0142 Boga <b>za swego Boga <\/b>\u2013 co zreszt\u0105 by\u0142o czym\u015b bardzo dobrym i pi\u0119knym. Ale, niestety, tak\u017ce nieraz uwa\u017ca\u0142 <b>za wy\u0142\u0105cznie swego Boga, <\/b>co ju\u017c takim dobrym ani pi\u0119knym nie by\u0142o. <\/span><\/span><\/span><\/p>\n<p align=\"justify\"><span style=\"color: #000000;\"><span style=\"font-family: Book Antiqua, serif;\"><span style=\"font-size: large;\">Dzisiejsze Bo\u017ce s\u0142owo, zapisane w Proroctwie Izajasza, jasno to podkre\u015bla: <b>ci cudzoziemcy, kt\u00f3rzy zachowaj\u0105 Prawo Bo\u017ce, <\/b>mog\u0105 si\u0119 uwa\u017ca\u0107 za <b>pe\u0142noprawnych cz\u0142onk\u00f3w<\/b> religijnej spo\u0142eczno\u015bci Izraela. Jezus tak\u017ce o tym m\u00f3wi \u2013 a cho\u0107by w dzisiejszej Ewangelii, w s\u0142owach: <i><b>Ja nie zwa\u017cam na \u015bwiadectwo cz\u0142owieka, ale m\u00f3wi\u0119 to,<\/b><\/i><b> <\/b><i><b>aby\u015bcie byli zbawieni.<\/b><\/i><b> <\/b>I chocia\u017c \u2013 jak sobie wspomnieli\u015bmy \u2013 rzeczywi\u015bcie podkre\u015bla\u0142, \u017ce przede wszystkim do swego narodu kieruje swoje przes\u0142anie, aby ten potem rozg\u0142osi\u0142 je ca\u0142emu \u015bwiatu, to jednak <b>czyni\u0142 od tej zasady bardzo wiele wyj\u0105tk\u00f3w.<\/b> Szczeg\u00f3lnie wtedy, kiedy<b> widzia\u0142 wielk\u0105 wiar\u0119<\/b> w sercu danego cudzoziemca. <\/span><\/span><\/span><\/p>\n<p align=\"justify\"><span style=\"color: #000000;\"><span style=\"font-family: Book Antiqua, serif;\"><span style=\"font-size: large;\">Przypomnijmy sobie, ile\u017c to razy <b>chwali\u0142 wiar\u0119 napotykanych Samarytan,<\/b> kt\u00f3rzy to \u2013 jako nar\u00f3d \u2013 \u017cyli z narodem wybranym w odwiecznej nieprzyja\u017ani, jednak poszczeg\u00f3lne, konkretne osoby z tego narodu potrafi\u0142y <b>wr\u0119cz zachwyci\u0107 Jezusa swoj\u0105 wiar\u0105,<\/b> dlatego otrzymywa\u0142y te \u0142aski i cuda, o kt\u00f3re prosi\u0142y.<\/span><\/span><\/span><\/p>\n<p align=\"justify\"><span style=\"color: #000000;\"><span style=\"font-family: Book Antiqua, serif;\"><span style=\"font-size: large;\">Zatem, to <b>nie nar<\/b><b>odowo\u015b\u0107<\/b><b> jako tak<\/b><b>a<\/b><b> <\/b>decyduje o relacji z Bogiem, nie pochodzenie, nie przynale\u017cno\u015b\u0107 do takiego lub innego rodu, <b>ale osobiste odniesienie do Boga, do Jego Prawa, <\/b>do Jego nauki, Jego woli, Jego zasad. Je\u017celi kto\u015b <b>z otwartym, szczerym sercem,<\/b> b\u0119dzie przestrzega\u0142 <b>wszystkich przepis\u00f3w<\/b> Prawa Bo\u017cego, w\u00f3wczas mo\u017ce by\u0107 pewnym, \u017ce jest <b>bardzo bliski<\/b> swemu Bogu. <\/span><\/span><\/span><\/p>\n<p align=\"justify\"><span style=\"color: #000000;\"><span style=\"font-family: Book Antiqua, serif;\"><span style=\"font-size: large;\">Moi Drodzy, m\u00f3wimy to sobie dzisiaj <b>my, Polacy, <\/b>kt\u00f3rzy przez wielki szczycili\u015bmy si\u0119 <b>swoj\u0105 wiar\u0105, swoim katolicyzmem;<\/b> o kt\u00f3rych \u2013 szczeg\u00f3lnie za czas\u00f3w Prymasa Wyszy\u0144skiego \u2013 m\u00f3wi\u0142o si\u0119: <b>Polonia semper fidelis \u2013 Polska zawsze wierna: <\/b>Bogu, Ko\u015bcio\u0142owi, Ewangelii\u2026 Prymas Wyszy\u0144ski sam to cz\u0119sto powtarza\u0142, chocia\u017c dobrze widzia\u0142 i dok\u0142adnie rozpoznawa\u0142, i po imieniu nazywa\u0142, <b>nasze narodowe wady i bol\u0105czki.<\/b> Jak to dzisiaj wygl\u0105da, moi Drodzy, w naszej polskiej spo\u0142eczno\u015bci? <\/span><\/span><\/span><\/p>\n<p align=\"justify\"><span style=\"color: #000000;\"><span style=\"font-family: Book Antiqua, serif;\"><span style=\"font-size: large;\">Czy jeste\u015bmy nadal: <b>Polonia fidelis \u2013 Polsk\u0105 wiern\u0105? <\/b>Z jednej strony, nie mo\u017cemy nie widzie\u0107, \u017ce na tle innych kraj\u00f3w Europy Zachodniej, czy kraj\u00f3w spoza Europy, jeszcze <b>w naszych ko\u015bcio\u0142ach jest sporo Os\u00f3b:<\/b> jest z kim si\u0119 modli\u0107, jest do kogo m\u00f3wi\u0107, jest kogo spowiada\u0107\u2026 <b>To cieszy <\/b>\u2013 i oby tak by\u0142o dalej! <\/span><\/span><\/span><\/p>\n<p align=\"justify\"><span style=\"color: #000000;\"><span style=\"font-family: Book Antiqua, serif;\"><span style=\"font-size: large;\">Z drugiej jednak strony, musimy mie\u0107 \u015bwiadomo\u015b\u0107, \u017ce jest to \u2013 w najlepszym razie \u2013 <b>oko\u0142o trzydziestu procent<\/b> tych, kt\u00f3rzy si\u0119 za katolik\u00f3w oficjalnie uwa\u017caj\u0105 i kt\u00f3rzy w metrykach maj\u0105 to zapisane. <\/span><\/span><\/span><\/p>\n<p align=\"justify\"><span style=\"color: #000000;\"><span style=\"font-family: Book Antiqua, serif;\"><span style=\"font-size: large;\">Z jednej strony, musimy widzie\u0107 \u2013 i z tego si\u0119 cieszy\u0107 \u2013 \u017ce w naszej codzienno\u015bci <b>nie brakuje odniesie\u0144 do wiary<\/b> i nawet <b>bardzo odwa\u017cnych \u015bwiadectw<\/b> przywi\u0105zania do Jezusa i do Jego zasad i warto\u015bci. <\/span><\/span><\/span><\/p>\n<p align=\"justify\"><span style=\"color: #000000;\"><span style=\"font-family: Book Antiqua, serif;\"><span style=\"font-size: large;\">Z drugiej jednak strony, nie mo\u017cemy nie widzie\u0107 <b>odchodzenia od Ko\u015bcio\u0142a<\/b> tak wielu, szczeg\u00f3lnie m\u0142odych ludzi. Nie mo\u017cemy nie widzie\u0107 <b>powszechnej akceptacji dla \u0142amania zasad ewangelicznych,<\/b> chocia\u017cby w kwestii czysto\u015bci przedma\u0142\u017ce\u0144skiej. Przecie\u017c obecnie, <b>wsp\u00f3lne mieszkanie <\/b>dwojga narzeczonych przed \u015blubem, albo nawet nie narzeczonych, a chodz\u0105cych ze sob\u0105, na zasadzie: ch\u0142opak ze swoj\u0105 dziewczyn\u0105 \u2013 ju\u017c nikogo nie dziwi, <b>niemal\u017ce uwa\u017cane jest za norm\u0119 i za oczywisto\u015b\u0107,<\/b> i nawet g\u0142\u0119boko wierz\u0105cy rodzice, kt\u00f3rzy tak normalnie to poszliby na ka\u017cdy b\u00f3j w obronie chrze\u015bcija\u0144skich warto\u015bci w tym wzgl\u0119dzie, <b>kiedy si\u0119 okazuje, \u017ce ich w\u0142asna c\u00f3rka <\/b>zamieszka\u0142a z ch\u0142opakiem, albo <b>ich w\u0142asny syn<\/b> zamieszka\u0142 ze swoj\u0105 dziewczyn\u0105, nagle <b>rakiem wycofuj\u0105 si\u0119 ze swojego radykalizmu<\/b> i zaczynaj\u0105 t\u0142umaczy\u0107, \u017ce to takie czasy, \u017ce takie warunki, \u017ce tak taniej \u2013 zw\u0142aszcza przy obecnej dro\u017cy\u017anie\u2026 <\/span><\/span><\/span><\/p>\n<p align=\"justify\"><span style=\"color: #000000;\"><span style=\"font-family: Book Antiqua, serif;\"><span style=\"font-size: large;\">I tak, coraz bardziej, w naszej spo\u0142eczno\u015bci narodowej i w naszych ma\u0142ych spo\u0142eczno\u015bciach, <b>rozlewa si\u0119 grzech, bezprawie moralne i zgorszenie.<\/b> Mo\u017ce to mocne s\u0142owa, ale <b>nazywajmy rzeczy po imieniu! <\/b>Po to tak\u017ce s\u0105 te Rekolekcje, aby sprawy podstawowe i oczywiste <b>ponownie zacz\u0105\u0107 okre\u015bla\u0107<\/b> ich w\u0142a\u015bciwym mianem. <\/span><\/span><\/span><\/p>\n<p align=\"justify\"><span style=\"color: #000000;\"><span style=\"font-family: Book Antiqua, serif;\"><span style=\"font-size: large;\">I w\u0142a\u015bnie to wszystko ka\u017ce nam postawi\u0107 pytanie, moi Drodzy, <b>jak to jest z tym miejscem dla Jezusa<\/b> w naszej spo\u0142eczno\u015bci narodowej, ale tak\u017ce w naszych spo\u0142eczno\u015bciach lokalnych, a w ko\u0144cu: tak\u017ce <b>w tej ma\u0142ej spo\u0142eczno\u015bci,<\/b> jak spo\u0142eczno\u015b\u0107 w pracy, czy na uczelni, czy w szkole, a wi\u0119c tej, z kt\u00f3r\u0105 \u2013 po rodzinie \u2013 <b>najwi\u0119cej na co dzie\u0144 mamy do czynienia?<\/b> Czy zbli\u017caj\u0105ce si\u0119 Bo\u017ce Narodzenie b\u0119dzie czym\u015b wa\u017cnym dla tej mojej ma\u0142ej spo\u0142eczno\u015bci? <\/span><\/span><\/span><\/p>\n<p align=\"justify\"><span style=\"color: #000000;\"><span style=\"font-family: Book Antiqua, serif;\"><span style=\"font-size: large;\">Czy w gronie moich kole\u017canek i koleg\u00f3w <b>z pracy; <\/b>w gronie moich kole\u017canek i koleg\u00f3w <b>student\u00f3w; <\/b>czy w gronie moich kole\u017canek i koleg\u00f3w <b>ze szko\u0142y, <\/b><b>lub<\/b><b> z klasy;<\/b> czy w gronie <b>moich s\u0105siad\u00f3w,<\/b> mieszka\u0144c\u00f3w mojej wioski, mojej ulicy \u2013 jest <b>atmo<\/b><b>s<\/b><b>fera korzystna dla Narodzenia Jezusa,<\/b> czy to raczej nikogo kompletnie nie b\u0119dzie obchodzi\u0142o, bo mo\u017ce ju\u017c nie obchodzi? <\/span><\/span><\/span><\/p>\n<p align=\"justify\"><span style=\"color: #000000;\"><span style=\"font-family: Book Antiqua, serif;\"><span style=\"font-size: large;\">M\u00f3wi\u0105c jeszcze inaczej: je\u017celi mamy przywo\u0142a\u0107 has\u0142o naszych Rekolekcji i powiedzie\u0107: <b>Z NARODZENIEM JEZUSA CHRYSTUSA BY\u0141O TAK, <\/b>to <b>jak je doko\u0144czy\u0107<\/b> w odniesieniu do tych grup i spo\u0142eczno\u015bci, o kt\u00f3rych m\u00f3wimy? I co zrobi\u0107, aby to <b>miejsce dla Jezusa tam si\u0119 znalaz\u0142o?<\/b> Bo chyba zgodzimy si\u0119 z tym, \u017ce nie w og\u00f3lnym narzekaniu i biadoleniu jest ca\u0142a sprawa, ale w\u0142a\u015bnie <b>w tym, \u017ceby co\u015b z tym zrobi\u0107. <\/b>A co mo\u017cemy z tym zrobi\u0107? <\/span><\/span><\/span><\/p>\n<p align=\"justify\"><span style=\"color: #000000;\"><span style=\"font-family: Book Antiqua, serif;\"><span style=\"font-size: large;\">Oczywi\u015bcie, naj\u0142atwiej powiedzie\u0107, \u017ce <b>nic si\u0119 nie da zrobi\u0107,<\/b> bo teraz takie czasy, ca\u0142y \u015bwiat tak \u017cyje, taka jest og\u00f3lna atmosfera i og\u00f3lnie niekorzystny klimat. <b>Kiedy\u015b to by\u0142o inaczej,<\/b> ludzie bardziej si\u0119 tego Boga bali, <b>bardziej Go jako\u015b szanowali,<\/b> i grzechu si\u0119 bali, nie afiszowali si\u0119 z nim, a teraz <b>nikt si\u0119 niczym nie przejmuje,<\/b> ludzie grzesz\u0105 na pot\u0119g\u0119, wi\u0119c c\u00f3\u017c tu mo\u017cna zrobi\u0107? <\/span><\/span><\/span><\/p>\n<p align=\"justify\"><span style=\"color: #000000;\"><span style=\"font-family: Book Antiqua, serif;\"><span style=\"font-size: large;\">No, w\u0142a\u015bnie! <b>Co tu mo\u017cna zrobi\u0107?<\/b> Jak <b>ocali\u0107 Bo\u017ce Narodzenie<\/b> w naszych lokalnych spo\u0142eczno\u015bciach i w tych wi\u0119kszych spo\u0142eczno\u015bciach?<b> Jak stworzy\u0107 warunki do narodzenia si\u0119 Jezusa <\/b>w\u015br\u00f3d nas? Jak ja \u2013 <b>konkretny, prosty cz\u0142owiek, <\/b>nie maj\u0105cy \u017cadnej wielkiej w\u0142adzy i nie aspiruj\u0105cy do zajmowania wysokich stanowisk w Ko\u015bciele czy w polityce \u2013 <b>mog\u0119 wp\u0142ywa\u0107 na to, by stworzy\u0107 Jezusowi warunki,<\/b> by m\u00f3g\u0142 si\u0119 narodzi\u0107, by m\u00f3g\u0142 zamieszka\u0107 w\u015br\u00f3d nas? <\/span><\/span><\/span><\/p>\n<p align=\"justify\"><span style=\"color: #000000;\"><span style=\"font-family: Book Antiqua, serif;\"><span style=\"font-size: large;\">Moi Drodzy, my\u015bl\u0119, \u017ce my to dobrze wiemy. Zreszt\u0105, s\u0142owo Bo\u017ce nam podpowiada. Ot\u00f3\u017c, tym sposobem jest <b>w\u0142asne, osobiste, bardzo konkretne \u015bwiadectwo <\/b>ka\u017cdej i ka\u017cdego nas. Nasza osobista, <b>bardzo konkretna postawa,<\/b> przyjmowana i zachowywana bez wzgl\u0119du na to, co powie otoczenie i jak zareaguje: czy pokiwa g\u0142ow\u0105 z uznaniem, czy wy\u015bmieje, czy mo\u017ce nawet si\u0119 obrazi, albo zbuntuje. <\/span><\/span><\/span><\/p>\n<p align=\"justify\"><span style=\"color: #000000;\"><span style=\"font-family: Book Antiqua, serif;\"><span style=\"font-size: large;\">Przy czym, naprawd\u0119 nie chodzi o to, \u017ceby <b>w jaki\u015b przesadny spos\u00f3b, nachalny i sztuczny,<\/b> demonstrowa\u0107 swoj\u0105 pobo\u017cno\u015b\u0107 i w ten spos\u00f3b odpycha\u0107 ludzi od siebie, a przy okazji:<b> tak\u017ce od Boga i od wiary w Niego. <\/b>Bo je\u017celi nasza rzekomo pobo\u017cna postawa ma czyni\u0107 nas takimi<b> niezno\u015bnymi i uci\u0105\u017cliwymi <\/b>dla ludzi, narzucaj\u0105cymi si\u0119 im w spos\u00f3b nachalny, a wr\u0119cz arogancki, to trudno spodziewa\u0107 si\u0119, <b>by zach\u0119ca\u0142o to innych do wiary.<\/b> Nie, moi Drodzy! <\/span><\/span><\/span><\/p>\n<p align=\"justify\"><span style=\"color: #000000;\"><span style=\"font-family: Book Antiqua, serif;\"><span style=\"font-size: large;\">My <b>mamy by\u0107 po prostu sob\u0105<\/b> <b>i \u017cy\u0107 jak najbardziej normalny,<\/b> ale w\u0142a\u015bnie w ten normalny i naturalny spos\u00f3b, bez narzucania si\u0119 komukolwiek z czymkolwiek, zwyczajnie <b>nie wypowiada\u0107 pewnych s\u0142\u00f3w, <\/b>jak chocia\u017cby przekle\u0144stw; nie opowiada\u0107 <b>wulgarnych i \u015bwi\u0144skich kawa\u0142\u00f3w<\/b> i nie \u015bmia\u0107 si\u0119, kiedy inni je opowiadaj\u0105; <b>nie upija\u0107 si\u0119 na imprezach,<\/b> nawet korzystaj\u0105c z alkoholu; <b>nie mieszka\u0107 pod jednym dachem<\/b> z osob\u0105, z kt\u00f3r\u0105 si\u0119 nie jest rodzin\u0105 lub ma\u0142\u017ce\u0144stwem; <b>nie oszukiwa\u0107 w pracy,<\/b> nie wynosi\u0107 niczego z zak\u0142adu pracy, nie sp\u00f3\u017ania\u0107 si\u0119 do pracy, nie leni\u0107 si\u0119 w niej; <b>nie bra\u0107 i nie dawa\u0107 \u0142ap\u00f3wek,<\/b> a do tego wszystkiego: <b>uczestniczy\u0107 we Mszy \u015awi\u0119tej<\/b> w ka\u017cd\u0105 niedziel\u0119 i \u015bwi\u0119to, a nawet i w zwyk\u0142e dni, je\u015bli czas pozwoli; <b>systematycznie si\u0119 spowiada\u0107,<\/b> nie rzadziej, jak co miesi\u0105c, i <b>stale przyjmowa\u0107 Komuni\u0119 \u015awi\u0119t\u0105, <\/b>modli\u0107 si\u0119 codziennie,<b> czyni\u0107 znak Krzy\u017ca<\/b> przed jedzeniem, przed podr\u00f3\u017c\u0105, przechodz\u0105c przed ko\u015bcio\u0142em\u2026 <\/span><\/span><\/span><\/p>\n<p align=\"justify\"><span style=\"color: #000000;\"><span style=\"font-family: Book Antiqua, serif;\"><span style=\"font-size: large;\">A tak\u017ce \u2013 odnosi\u0107 si\u0119 do ludzi <b>ze zwyk\u0142\u0105 \u017cyczliwo\u015bci\u0105,<\/b> u\u015bmiechem i dobrym s\u0142owem, <b>wys\u0142ucha\u0107 drugiego do ko\u0144ca,<\/b> poradzi\u0107 mu co\u015b, je\u015bli wiemy co; a na pewno <b>pomodli\u0107 si\u0119 za niego. <\/b>I tak w\u0142a\u015bnie normalnie \u017cy\u0107 i funkcjonowa\u0107 w swojej spo\u0142eczno\u015bci, ale <b>by\u0107 w tym konsekwentnym,<\/b> nie zwa\u017ca\u0107 na opinie ludzi, nie ulega\u0107 im, <b>nie ukrywa\u0107 si\u0119 te\u017c<\/b> ze swoj\u0105 chrze\u015bcija\u0144sk\u0105 normalno\u015bci\u0105, na przyk\u0142ad: je\u017celi w pi\u0105tek zachowuj\u0119 wstrzemi\u0119\u017aliwo\u015b\u0107 od pokarm\u00f3w mi\u0119snych, to nie t\u0142umacz\u0119 wstydliwie ludziom, \u017ce <b>to dlatego, i\u017c boli mnie \u017co\u0142\u0105dek,<\/b> ale w\u0142a\u015bnie dlatego, \u017ce to jest pi\u0105tek, a dla wierz\u0105cego to sprawa oczywista. Je\u017celi nie u\u015bmiecham si\u0119 po us\u0142yszeniu \u015bwi\u0144skiego kawa\u0142u, to <b>nie dlatego, \u017ce mnie z\u0105b boli, <\/b>ale dlatego, \u017ce nie akceptuj\u0119 takich \u017cart\u00f3w. <\/span><\/span><\/span><\/p>\n<p align=\"justify\"><span style=\"color: #000000;\"><span style=\"font-family: Book Antiqua, serif;\"><span style=\"font-size: large;\">I my\u015bl\u0119, \u017ce mogliby\u015bmy tu jeszcze wiele, konkretnych takich postaw wymienia\u0107, kt\u00f3re z naszej strony mog\u0105 by\u0107 <b>wspania\u0142ym \u015bwiadectwem wiary,<\/b> pokazuj\u0105cym innym drog\u0119 do Jezusa \u2013 bez narzucania si\u0119 komukolwiek z czymkolwiek. Po prostu: <b>jestem uczniem Jezusa i nie ukrywam tego<\/b> w czterech \u015bcianach swego domu, ale \u017cyj\u0119 jak ucze\u0144 Jezusa <b>i tak funkcjonuj\u0119: w swoim otoczeniu, <\/b>w swojej pracy, w szkole, na studiach. Jestem po prostu sob\u0105, <b>jestem normalny \u2013<\/b> ale dla mnie <b>normalno\u015b\u0107 to w\u0142a\u015bnie wiara w Jezusa<\/b> i trzymanie si\u0119 Jego zasad, kt\u00f3re dla dzisiejszego \u015bwiata wydaj\u0105 si\u0119 czym\u015b nienormalnym. A dla mnie w\u0142a\u015bnie s\u0105 normalne. <\/span><\/span><\/span><\/p>\n<p align=\"justify\"><span style=\"color: #000000;\"><span style=\"font-family: Book Antiqua, serif;\"><span style=\"font-size: large;\">I dlatego tak \u017cyj\u0119 \u2013 i jestem w tym <b>wytrwa\u0142y i konsekwent<\/b><b>n<\/b><b>y.<\/b> Ale te\u017c \u2013 to bardzo wa\u017cne \u2013 <b>radosny! <\/b>\u017beby wszyscy mogli si\u0119 przekona\u0107, \u017ce \u017cycie wiar\u0105<b> daje mi t\u0119 rado\u015b\u0107 ducha,<\/b> dzi\u0119ki kt\u00f3rej <b>wychodz\u0119 do innych z u\u015bmiechem. <\/b>To z pewno\u015bci\u0105 b\u0119dzie potwierdzeniem tego, \u017ce <b>Jezus narodzi\u0142 si\u0119 w moim sercu.<\/b> A dzi\u0119ki tej mojej postawie, tak\u017ce inni otworz\u0105 swoje serca \u2013 inni, a wi\u0119c chocia\u017cby jedna osoba, a to ju\u017c bardzo du\u017co \u2013 <b>aby Jezus m\u00f3g\u0142 si\u0119 w nich narodzi\u0107. <\/b>A w ten spos\u00f3b b\u0119dzie si\u0119 m\u00f3g\u0142 narodzi\u0107 <b>w mojej spo\u0142eczno\u015bci:<\/b> tej mniejszej, i tej wi\u0119kszej, i tej najwi\u0119kszej. Tak, dzi\u0119ki mojej chrze\u015bcija\u0144skiej postawie!<\/span><\/span><\/span><\/p>\n<p align=\"justify\"><span style=\"color: #000000;\"><span style=\"font-family: Book Antiqua, serif;\"><span style=\"font-size: large;\">A \u017ceby troch\u0119 po\u0107wiczy\u0107 t\u0119 postaw\u0119, proponuj\u0119 <b>prac\u0119 domow\u0105.<\/b> Codziennie takowa b\u0119dzie zadawana. Dzisiaj proponuj\u0119, aby\u015bmy <b>zadzwonili do kogo\u015b <\/b>z naszych kole\u017canek i koleg\u00f3w z pracy, albo ze szko\u0142y, albo ze studi\u00f3w \u2013 i <b>pozdrowili ich serdecznie,<\/b> <b>informuj\u0105c o naszych Rekolekcjach,<\/b> ale te\u017c zamieniaj\u0105c kilka zda\u0144 o czymkolwiek. Je\u017celi b\u0119dzie trudno zadzwoni\u0107, to napiszmy kilka sms\u00f3w \u2013 przynajmniej trzy, do r\u00f3\u017cnych Os\u00f3b. <\/span><\/span><\/span><\/p>\n<p align=\"justify\"><span style=\"color: #000000;\"><span style=\"font-family: Book Antiqua, serif;\"><span style=\"font-size: large;\">Prze\u015blijmy im bezinteresownie<b> jakie\u015b dobre s\u0142owo z tych naszych Rekolekcji,<\/b> zapytajmy, co u nich\u2026 Zapewnijmy ich o naszej modlitwie\u2026 Bardzo zach\u0119cam do wykonania tego zadania dzisiaj lub jutro rano \u2013 do czasu naszego jutrzejszego spotkania. Ja tak\u017ce zobowi\u0105zuj\u0119 si\u0119 to wykona\u0107. <\/span><\/span><\/span><\/p>\n<p align=\"justify\"><span style=\"color: #000000;\"><span style=\"font-family: Book Antiqua, serif;\"><span style=\"font-size: large;\">A teraz, w chwili ciszy, zastan\u00f3wmy si\u0119:<\/span><\/span><\/span><\/p>\n<p align=\"justify\"><span style=\"color: #000000;\">\u25ba<span style=\"font-family: Book Antiqua, serif;\"><span style=\"font-size: large;\">Czy akceptuj\u0119 wszystkie zasady Jezusa, zapisane w Ewangelii, czy w niekt\u00f3rych dopuszczam pewne poluzowanie?<\/span><\/span><\/span><\/p>\n<p align=\"justify\"><span style=\"color: #000000;\">\u25ba<span style=\"font-family: Book Antiqua, serif;\"><span style=\"font-size: large;\">Czy w mojej chrze\u015bcija\u0144skiej postawie jestem konsekwentny i wytrwa\u0142y, czy to zale\u017cy od mojego og\u00f3lnego humoru i nastroju w danym dniu?<\/span><\/span><\/span><\/p>\n<p align=\"justify\"><span style=\"color: #000000;\">\u25ba<span style=\"font-family: Book Antiqua, serif;\"><span style=\"font-size: large;\">Czy nie wstydz\u0119 si\u0119 prostych znak\u00f3w wiary i zachowa\u0144, zgodnych z wiar\u0105, kiedy jestem w\u015br\u00f3d ludzi ze swego otoczenia? <\/span><\/span><\/span><\/p>\n<p align=\"justify\"><span style=\"color: #000000;\">\u25ba<span style=\"font-family: Book Antiqua, serif;\"><span style=\"font-size: large;\">Czy mo\u017ce mam odwag\u0119 w rozmowie przypomnie\u0107 o tych zasadach, albo uprzejmie zach\u0119ci\u0107 do ich praktykowania? <\/span><\/span><\/span><\/p>\n<p align=\"justify\"><span style=\"color: #000000;\"><span style=\"font-family: Book Antiqua, serif;\"><span style=\"font-size: large;\"><b>Z NARODZENIEM JEZUSA CHRYSTUSA BY\u0141O TAK. <\/b>No, w\u0142a\u015bnie \u2013<b> jak?<\/b> Jak to jest \u2013 jak to b\u0119dzie \u2013 Panie Jezu, z Twoim narodzeniem, <b>w spo\u0142eczno\u015bci, w kt\u00f3rej na co dzie\u0144 \u017cyj\u0119?\u2026<\/b><\/span><\/span><\/span><\/p>\n","protected":false},"excerpt":{"rendered":"<p>Szcz\u0119\u015b\u0107 Bo\u017ce! Moi Drodzy, w dniu dzisiejszym urodziny prze\u017cywaj\u0105: \u25baAnetta Dziak, Nauczycielka biologii w Liceum im. Lelewela w \u017belechowie, moja Kole\u017canka z pracy w tej\u017ce Szkole, Mama dw\u00f3ch Lektor\u00f3w w Parafii w Miastkowie Ko\u015bcielnym; \u25baGrzegorz Bessaraba, nale\u017c\u0105cy w swoim czasie do jednej z m\u0142odzie\u017cowych Wsp\u00f3lnot. \u017bycz\u0119 Obojgu \u015bwi\u0119tuj\u0105cym, aby tak, jak Jan Chrzciciel, wiernie trwali [&hellip;]<\/p>\n","protected":false},"author":1,"featured_media":0,"comment_status":"open","ping_status":"open","sticky":false,"template":"","format":"standard","meta":{"jetpack_post_was_ever_published":false,"_jetpack_newsletter_access":"","_jetpack_dont_email_post_to_subs":false,"_jetpack_newsletter_tier_id":0,"_jetpack_memberships_contains_paywalled_content":false,"_jetpack_memberships_contains_paid_content":false,"footnotes":""},"categories":[1],"tags":[],"class_list":["post-21202","post","type-post","status-publish","format-standard","hentry","category-bez-kategorii"],"yoast_head":"<!-- This site is optimized with the Yoast SEO plugin v25.1 - https:\/\/yoast.com\/wordpress\/plugins\/seo\/ -->\n<title>Jezus - w mojej spo\u0142eczno\u015bci... - Gaudium Et Spes<\/title>\n<meta name=\"robots\" content=\"index, follow, max-snippet:-1, max-image-preview:large, max-video-preview:-1\" \/>\n<link rel=\"canonical\" href=\"https:\/\/gaudiumetspes-blog.pl\/index.php\/2022\/12\/16\/jezus-w-mojej-spolecznosci\/\" \/>\n<meta property=\"og:locale\" content=\"pl_PL\" \/>\n<meta property=\"og:type\" content=\"article\" \/>\n<meta property=\"og:title\" content=\"Jezus - w mojej spo\u0142eczno\u015bci... - Gaudium Et Spes\" \/>\n<meta property=\"og:description\" content=\"Szcz\u0119\u015b\u0107 Bo\u017ce! Moi Drodzy, w dniu dzisiejszym urodziny prze\u017cywaj\u0105: \u25baAnetta Dziak, Nauczycielka biologii w Liceum im. Lelewela w \u017belechowie, moja Kole\u017canka z pracy w tej\u017ce Szkole, Mama dw\u00f3ch Lektor\u00f3w w Parafii w Miastkowie Ko\u015bcielnym; \u25baGrzegorz Bessaraba, nale\u017c\u0105cy w swoim czasie do jednej z m\u0142odzie\u017cowych Wsp\u00f3lnot. \u017bycz\u0119 Obojgu \u015bwi\u0119tuj\u0105cym, aby tak, jak Jan Chrzciciel, wiernie trwali [&hellip;]\" \/>\n<meta property=\"og:url\" content=\"https:\/\/gaudiumetspes-blog.pl\/index.php\/2022\/12\/16\/jezus-w-mojej-spolecznosci\/\" \/>\n<meta property=\"og:site_name\" content=\"Gaudium Et Spes\" \/>\n<meta property=\"article:published_time\" content=\"2022-12-16T10:36:23+00:00\" \/>\n<meta name=\"author\" content=\"Ks. Jacek\" \/>\n<meta name=\"twitter:card\" content=\"summary_large_image\" \/>\n<meta name=\"twitter:label1\" content=\"Napisane przez\" \/>\n\t<meta name=\"twitter:data1\" content=\"Ks. Jacek\" \/>\n\t<meta name=\"twitter:label2\" content=\"Szacowany czas czytania\" \/>\n\t<meta name=\"twitter:data2\" content=\"22 minuty\" \/>\n<script type=\"application\/ld+json\" class=\"yoast-schema-graph\">{\"@context\":\"https:\/\/schema.org\",\"@graph\":[{\"@type\":\"WebPage\",\"@id\":\"https:\/\/gaudiumetspes-blog.pl\/index.php\/2022\/12\/16\/jezus-w-mojej-spolecznosci\/\",\"url\":\"https:\/\/gaudiumetspes-blog.pl\/index.php\/2022\/12\/16\/jezus-w-mojej-spolecznosci\/\",\"name\":\"Jezus - w mojej spo\u0142eczno\u015bci... - Gaudium Et Spes\",\"isPartOf\":{\"@id\":\"https:\/\/gaudiumetspes-blog.pl\/#website\"},\"datePublished\":\"2022-12-16T10:36:23+00:00\",\"author\":{\"@id\":\"https:\/\/gaudiumetspes-blog.pl\/#\/schema\/person\/1661982992b752dea8dff0d4ed845a65\"},\"breadcrumb\":{\"@id\":\"https:\/\/gaudiumetspes-blog.pl\/index.php\/2022\/12\/16\/jezus-w-mojej-spolecznosci\/#breadcrumb\"},\"inLanguage\":\"pl-PL\",\"potentialAction\":[{\"@type\":\"ReadAction\",\"target\":[\"https:\/\/gaudiumetspes-blog.pl\/index.php\/2022\/12\/16\/jezus-w-mojej-spolecznosci\/\"]}]},{\"@type\":\"BreadcrumbList\",\"@id\":\"https:\/\/gaudiumetspes-blog.pl\/index.php\/2022\/12\/16\/jezus-w-mojej-spolecznosci\/#breadcrumb\",\"itemListElement\":[{\"@type\":\"ListItem\",\"position\":1,\"name\":\"Strona g\u0142\u00f3wna\",\"item\":\"https:\/\/gaudiumetspes-blog.pl\/\"},{\"@type\":\"ListItem\",\"position\":2,\"name\":\"Jezus &#8211; w&nbsp;mojej&nbsp;spo\u0142eczno\u015bci&#8230;\"}]},{\"@type\":\"WebSite\",\"@id\":\"https:\/\/gaudiumetspes-blog.pl\/#website\",\"url\":\"https:\/\/gaudiumetspes-blog.pl\/\",\"name\":\"Gaudium Et Spes\",\"description\":\"Blog Ks. Jacka Ja\u015bkowskiego\",\"potentialAction\":[{\"@type\":\"SearchAction\",\"target\":{\"@type\":\"EntryPoint\",\"urlTemplate\":\"https:\/\/gaudiumetspes-blog.pl\/?s={search_term_string}\"},\"query-input\":{\"@type\":\"PropertyValueSpecification\",\"valueRequired\":true,\"valueName\":\"search_term_string\"}}],\"inLanguage\":\"pl-PL\"},{\"@type\":\"Person\",\"@id\":\"https:\/\/gaudiumetspes-blog.pl\/#\/schema\/person\/1661982992b752dea8dff0d4ed845a65\",\"name\":\"Ks. Jacek\",\"image\":{\"@type\":\"ImageObject\",\"inLanguage\":\"pl-PL\",\"@id\":\"https:\/\/gaudiumetspes-blog.pl\/#\/schema\/person\/image\/\",\"url\":\"https:\/\/gaudiumetspes-blog.pl\/wp-content\/uploads\/2019\/07\/avatar-JJ-150x150.jpg\",\"contentUrl\":\"https:\/\/gaudiumetspes-blog.pl\/wp-content\/uploads\/2019\/07\/avatar-JJ-150x150.jpg\",\"caption\":\"Ks. Jacek\"},\"description\":\"Witam serdecznie! K\u0142ania si\u0119 Ks. Jacek Ja\u015bkowski. Nie jestem ani kim\u015b wa\u017cnym, ani kim\u015b znanym. Jestem ksi\u0119dzem, kt\u00f3ry po prostu chce rozmawia\u0107. Codzienna kap\u0142a\u0144ska pos\u0142uga pokazuje mi, \u017ce temat\u00f3w do rozm\u00f3w z ksi\u0119dzem jest coraz wi\u0119cej i dzisiaj \u017caden ksi\u0105dz nie mo\u017ce od nich ucieka\u0107, ale - wprost przeciwnie - podejmowa\u0107 nowe wyzwania. To przekonanie sk\u0142oni\u0142o mnie do pr\u00f3by otwarcia tego\u017c bloga, chocia\u017c okazji do rozm\u00f3w na co dzie\u0144 - w konfesjonale i poza nim - na szcz\u0119\u015bcie nie brakuje. My\u015bl\u0119 jednak, \u017ce ten blog b\u0119dzie jeszcze jednym sposobem i przestrzeni\u0105 nawi\u0105zania kontaktu z lud\u017ami dobrej woli, otwartymi na dialog.\",\"url\":\"https:\/\/gaudiumetspes-blog.pl\/index.php\/author\/ks-jacek\/\"}]}<\/script>\n<!-- \/ Yoast SEO plugin. -->","yoast_head_json":{"title":"Jezus - w mojej spo\u0142eczno\u015bci... - Gaudium Et Spes","robots":{"index":"index","follow":"follow","max-snippet":"max-snippet:-1","max-image-preview":"max-image-preview:large","max-video-preview":"max-video-preview:-1"},"canonical":"https:\/\/gaudiumetspes-blog.pl\/index.php\/2022\/12\/16\/jezus-w-mojej-spolecznosci\/","og_locale":"pl_PL","og_type":"article","og_title":"Jezus - w mojej spo\u0142eczno\u015bci... - Gaudium Et Spes","og_description":"Szcz\u0119\u015b\u0107 Bo\u017ce! Moi Drodzy, w dniu dzisiejszym urodziny prze\u017cywaj\u0105: \u25baAnetta Dziak, Nauczycielka biologii w Liceum im. Lelewela w \u017belechowie, moja Kole\u017canka z pracy w tej\u017ce Szkole, Mama dw\u00f3ch Lektor\u00f3w w Parafii w Miastkowie Ko\u015bcielnym; \u25baGrzegorz Bessaraba, nale\u017c\u0105cy w swoim czasie do jednej z m\u0142odzie\u017cowych Wsp\u00f3lnot. \u017bycz\u0119 Obojgu \u015bwi\u0119tuj\u0105cym, aby tak, jak Jan Chrzciciel, wiernie trwali [&hellip;]","og_url":"https:\/\/gaudiumetspes-blog.pl\/index.php\/2022\/12\/16\/jezus-w-mojej-spolecznosci\/","og_site_name":"Gaudium Et Spes","article_published_time":"2022-12-16T10:36:23+00:00","author":"Ks. Jacek","twitter_card":"summary_large_image","twitter_misc":{"Napisane przez":"Ks. Jacek","Szacowany czas czytania":"22 minuty"},"schema":{"@context":"https:\/\/schema.org","@graph":[{"@type":"WebPage","@id":"https:\/\/gaudiumetspes-blog.pl\/index.php\/2022\/12\/16\/jezus-w-mojej-spolecznosci\/","url":"https:\/\/gaudiumetspes-blog.pl\/index.php\/2022\/12\/16\/jezus-w-mojej-spolecznosci\/","name":"Jezus - w mojej spo\u0142eczno\u015bci... - Gaudium Et Spes","isPartOf":{"@id":"https:\/\/gaudiumetspes-blog.pl\/#website"},"datePublished":"2022-12-16T10:36:23+00:00","author":{"@id":"https:\/\/gaudiumetspes-blog.pl\/#\/schema\/person\/1661982992b752dea8dff0d4ed845a65"},"breadcrumb":{"@id":"https:\/\/gaudiumetspes-blog.pl\/index.php\/2022\/12\/16\/jezus-w-mojej-spolecznosci\/#breadcrumb"},"inLanguage":"pl-PL","potentialAction":[{"@type":"ReadAction","target":["https:\/\/gaudiumetspes-blog.pl\/index.php\/2022\/12\/16\/jezus-w-mojej-spolecznosci\/"]}]},{"@type":"BreadcrumbList","@id":"https:\/\/gaudiumetspes-blog.pl\/index.php\/2022\/12\/16\/jezus-w-mojej-spolecznosci\/#breadcrumb","itemListElement":[{"@type":"ListItem","position":1,"name":"Strona g\u0142\u00f3wna","item":"https:\/\/gaudiumetspes-blog.pl\/"},{"@type":"ListItem","position":2,"name":"Jezus &#8211; w&nbsp;mojej&nbsp;spo\u0142eczno\u015bci&#8230;"}]},{"@type":"WebSite","@id":"https:\/\/gaudiumetspes-blog.pl\/#website","url":"https:\/\/gaudiumetspes-blog.pl\/","name":"Gaudium Et Spes","description":"Blog Ks. Jacka Ja\u015bkowskiego","potentialAction":[{"@type":"SearchAction","target":{"@type":"EntryPoint","urlTemplate":"https:\/\/gaudiumetspes-blog.pl\/?s={search_term_string}"},"query-input":{"@type":"PropertyValueSpecification","valueRequired":true,"valueName":"search_term_string"}}],"inLanguage":"pl-PL"},{"@type":"Person","@id":"https:\/\/gaudiumetspes-blog.pl\/#\/schema\/person\/1661982992b752dea8dff0d4ed845a65","name":"Ks. Jacek","image":{"@type":"ImageObject","inLanguage":"pl-PL","@id":"https:\/\/gaudiumetspes-blog.pl\/#\/schema\/person\/image\/","url":"https:\/\/gaudiumetspes-blog.pl\/wp-content\/uploads\/2019\/07\/avatar-JJ-150x150.jpg","contentUrl":"https:\/\/gaudiumetspes-blog.pl\/wp-content\/uploads\/2019\/07\/avatar-JJ-150x150.jpg","caption":"Ks. Jacek"},"description":"Witam serdecznie! K\u0142ania si\u0119 Ks. Jacek Ja\u015bkowski. Nie jestem ani kim\u015b wa\u017cnym, ani kim\u015b znanym. Jestem ksi\u0119dzem, kt\u00f3ry po prostu chce rozmawia\u0107. Codzienna kap\u0142a\u0144ska pos\u0142uga pokazuje mi, \u017ce temat\u00f3w do rozm\u00f3w z ksi\u0119dzem jest coraz wi\u0119cej i dzisiaj \u017caden ksi\u0105dz nie mo\u017ce od nich ucieka\u0107, ale - wprost przeciwnie - podejmowa\u0107 nowe wyzwania. To przekonanie sk\u0142oni\u0142o mnie do pr\u00f3by otwarcia tego\u017c bloga, chocia\u017c okazji do rozm\u00f3w na co dzie\u0144 - w konfesjonale i poza nim - na szcz\u0119\u015bcie nie brakuje. My\u015bl\u0119 jednak, \u017ce ten blog b\u0119dzie jeszcze jednym sposobem i przestrzeni\u0105 nawi\u0105zania kontaktu z lud\u017ami dobrej woli, otwartymi na dialog.","url":"https:\/\/gaudiumetspes-blog.pl\/index.php\/author\/ks-jacek\/"}]}},"jetpack_featured_media_url":"","jetpack_sharing_enabled":true,"_links":{"self":[{"href":"https:\/\/gaudiumetspes-blog.pl\/index.php\/wp-json\/wp\/v2\/posts\/21202","targetHints":{"allow":["GET"]}}],"collection":[{"href":"https:\/\/gaudiumetspes-blog.pl\/index.php\/wp-json\/wp\/v2\/posts"}],"about":[{"href":"https:\/\/gaudiumetspes-blog.pl\/index.php\/wp-json\/wp\/v2\/types\/post"}],"author":[{"embeddable":true,"href":"https:\/\/gaudiumetspes-blog.pl\/index.php\/wp-json\/wp\/v2\/users\/1"}],"replies":[{"embeddable":true,"href":"https:\/\/gaudiumetspes-blog.pl\/index.php\/wp-json\/wp\/v2\/comments?post=21202"}],"version-history":[{"count":1,"href":"https:\/\/gaudiumetspes-blog.pl\/index.php\/wp-json\/wp\/v2\/posts\/21202\/revisions"}],"predecessor-version":[{"id":21203,"href":"https:\/\/gaudiumetspes-blog.pl\/index.php\/wp-json\/wp\/v2\/posts\/21202\/revisions\/21203"}],"wp:attachment":[{"href":"https:\/\/gaudiumetspes-blog.pl\/index.php\/wp-json\/wp\/v2\/media?parent=21202"}],"wp:term":[{"taxonomy":"category","embeddable":true,"href":"https:\/\/gaudiumetspes-blog.pl\/index.php\/wp-json\/wp\/v2\/categories?post=21202"},{"taxonomy":"post_tag","embeddable":true,"href":"https:\/\/gaudiumetspes-blog.pl\/index.php\/wp-json\/wp\/v2\/tags?post=21202"}],"curies":[{"name":"wp","href":"https:\/\/api.w.org\/{rel}","templated":true}]}}