{"id":21206,"date":"2022-12-18T08:01:21","date_gmt":"2022-12-18T07:01:21","guid":{"rendered":"https:\/\/gaudiumetspes-blog.pl\/?p=21206"},"modified":"2022-12-18T08:01:21","modified_gmt":"2022-12-18T07:01:21","slug":"emmanuel-bog-z-inicjatywa","status":"publish","type":"post","link":"https:\/\/gaudiumetspes-blog.pl\/index.php\/2022\/12\/18\/emmanuel-bog-z-inicjatywa\/","title":{"rendered":"Emmanuel &#8211; B\u00f3g z inicjatyw\u0105!"},"content":{"rendered":"<p align=\"justify\"><span style=\"color: #000000;\"><span style=\"font-family: Book Antiqua, serif;\"><span style=\"font-size: large;\">Niech b\u0119dzie pochwalony Jezus Chrystus! Moi Drodzy, <b>w dniu <\/b><b>dzisiejszym<\/b> <b>imieniny obchodz<\/b><b>\u0105<\/b><b>:<\/b><\/span><\/span><\/span><\/p>\n<p align=\"justify\"><span style=\"color: #000000;\">\u25ba<span style=\"font-family: Book Antiqua, serif;\"><span style=\"font-size: large;\"><b>Ksi\u0105dz Bogus\u0142aw Filipiuk \u2013 m\u00f3j Kolega kursowy, Wicedziekan naszego Kursu i Proboszcz <\/b><b>Parafii Samogoszcz;<\/b><b> prze\u017cywa<\/b><b>j\u0105cy<\/b><b> dzi\u015b <\/b><b>tak\u017ce swoje <\/b><b>urodziny;<\/b><\/span><\/span><\/span><\/p>\n<p align=\"justify\"><span style=\"color: #000000;\">\u25ba<span style=\"font-family: Book Antiqua, serif;\"><span style=\"font-size: large;\"><b>Ksi\u0105dz Bogus\u0142aw Sawaryn \u2013 Proboszcz Parafii \u015awi\u0119tego Maksymiliana w Szklarskiej Por\u0119bie, czyli \u201enaszej\u201d Parafii, do kt\u00f3rej zawsze je\u017adzimy;<\/b><\/span><\/span><\/span><\/p>\n<p align=\"justify\"><span style=\"color: #000000;\">\u25ba<span style=\"font-family: Book Antiqua, serif;\"><span style=\"font-size: large;\"><b>Ojciec Bogus\u0142aw N\u0119dza \u2013 Kapucyn, m\u00f3j Katecheta z liceum, obecnie pracuj\u0105cy <\/b><b>na \u0141otwie<\/b><b>;<\/b><\/span><\/span><\/span><\/p>\n<p align=\"justify\"><span style=\"color: #000000;\">\u25ba<span style=\"font-family: Book Antiqua, serif;\"><span style=\"font-size: large;\"><b>B<\/b><b>ogus\u0142aw<\/b><b> Kutnik \u2013 m\u00f3j Znajomy i Organista w Ko\u015bciele Ojc\u00f3w Kapucyn\u00f3w w Bia\u0142ej Podlaskiej.<\/b><\/span><\/span><\/span><\/p>\n<p align=\"justify\"><span style=\"color: #000000;\"><span style=\"font-family: Book Antiqua, serif;\"><span style=\"font-size: large;\"><b>\u017bycz\u0119 Solenizantom takiego zaufania do Boga, jakiego przyk\u0142ad daje dzisiaj \u015awi\u0119ty J\u00f3zef swoim heroicznym pos\u0142usze\u0144stwem Bo\u017cemu prowadzeniu. O to b\u0119d\u0119 si\u0119 dla drogich \u015awi\u0119tuj\u0105cych modli\u0142!<\/b><\/span><\/span><\/span><\/p>\n<p align=\"justify\"><span style=\"color: #000000;\"><span style=\"font-family: Book Antiqua, serif;\"><span style=\"font-size: large;\">Tymczasem, zaraz wyruszam do Parafii Dziewule, gdzie dzisiaj ko\u0144czymy Rekolekcje. O 20:00 natomiast, w naszym Duszpasterstwie, rozpoczniemy Rekolekcje Akademickie, kt\u00f3re poprowadzi Ksi\u0105dz Rafa\u0142 Prze\u017adziak, Wikariusz Parafii \u015awi\u0119tej Anny w Bia\u0142ej Podlaskiej i bardzo zaanga\u017cowany i oddany Duszpasterz M\u0142odzie\u017cy \u2013 Cz\u0142owiek radykalny w swojej postawie i w swoich pogl\u0105dach, w swoim prze\u017cywaniu wiary, czym te\u017c jasno i konkretnie dzieli si\u0119 na ambonie.<\/span><\/span><\/span><\/p>\n<p align=\"justify\"><span style=\"color: #000000;\"><span style=\"font-family: Book Antiqua, serif;\"><span style=\"font-size: large;\">Wcze\u015bniej natomiast, bo o 17:00, b\u0119dzie u nas Spowied\u017a Os\u00f3b g\u0142uchoniemych, kt\u00f3r\u0105 to pos\u0142ug\u0119 spe\u0142ni Ksi\u0105dz Jacek Nazaruk, Proboszcz i Dziekan w Parczewie \u2013 Kap\u0142an znaj\u0105cy j\u0119zyk migowy. Potem odprawi\u0119 Msz\u0119 \u015awi\u0119t\u0105 w intencji tego \u015arodowiska.<\/span><\/span><\/span><\/p>\n<p align=\"justify\"><span style=\"color: #000000;\"><span style=\"font-family: Book Antiqua, serif;\"><span style=\"font-size: large;\">B\u0119dzie si\u0119 zatem dzia\u0142o \u2013 oj, b\u0119dzie! Ale to bardzo dobrze! Bo w Bo\u017cych sprawach powinno si\u0119 dzia\u0107 jak najwi\u0119cej.<\/span><\/span><\/span><\/p>\n<p align=\"justify\"><span style=\"color: #000000;\"><span style=\"font-family: Book Antiqua, serif;\"><span style=\"font-size: large;\">Pochylmy si\u0119 zatem nad Bo\u017cym s\u0142owem dzisiejszej liturgii. <b>Co dzi\u015b m\u00f3wi do mnie Pan? Z jakim konkretnym przes\u0142aniem zwraca si\u0119 do mnie w\u0142a\u015bnie dzisiaj?<\/b> Duchu \u015awi\u0119ty, tchnij!<\/span><\/span><\/span><\/p>\n<p align=\"justify\"><span style=\"color: #000000;\"><span style=\"font-family: Book Antiqua, serif;\"><span style=\"font-size: large;\"><b>Niech Was b\u0142ogos\u0142awi B\u00f3g Wszechmog\u0105cy: Ojciec + i Syn, i Duch \u015awi\u0119ty. Amen<\/b><\/span><\/span><\/span><\/p>\n<p align=\"center\"><span style=\"color: #000000;\"><span style=\"font-family: Book Antiqua, serif;\"><span style=\"font-size: large;\">Gaudium et spes! Ks. Jacek<\/span><\/span><\/span><\/p>\n<p align=\"center\">\n<p align=\"center\">\n<p align=\"center\">\n<p align=\"center\">\n<p align=\"center\">\n<p align=\"justify\"><span style=\"color: #000000;\"><span style=\"font-family: Book Antiqua, serif;\"><span style=\"font-size: large;\"><b>REKOLEKCJE ADWENTOWE \u2013 3,<\/b><\/span><\/span><\/span><\/p>\n<p align=\"justify\"><span style=\"color: #000000;\"><span style=\"font-family: Book Antiqua, serif;\"><span style=\"font-size: large;\"><b>4 Niedziela Adwentu, A,<\/b><\/span><\/span><\/span><\/p>\n<p align=\"justify\"><span style=\"color: #000000;\"><span style=\"font-family: Book Antiqua, serif;\"><span style=\"font-size: large;\"><b>18 grudnia 2022.,\u00a0<\/b><\/span><\/span><\/span><\/p>\n<p align=\"justify\"><span style=\"color: #000000;\"><span style=\"font-family: Book Antiqua, serif;\"><span style=\"font-size: large;\"><b>do czyta\u0144: Iz 7,10\u201314; Rz 1,1\u20137; Mt 1,18\u201324<\/b><\/span><\/span><\/span><\/p>\n<p align=\"justify\">\n<p align=\"justify\">\n<p align=\"justify\">\n<p align=\"justify\">\n<p align=\"justify\">\n<p align=\"justify\"><span style=\"color: #000000;\"><span style=\"font-family: Book Antiqua, serif;\"><span style=\"font-size: large;\"><b>CZYTANIE Z KSI\u0118GI PROROKA IZAJASZA: <\/b><\/span><\/span><\/span><\/p>\n<p align=\"justify\"><span style=\"color: #000000;\"><span style=\"font-family: Book Antiqua, serif;\"><span style=\"font-size: large;\"><b>Pan przem\u00f3wi\u0142 do Achaza tymi s\u0142owami: \u201ePro\u015b dla siebie o znak od Pana, Boga twego, czy to g\u0142\u0119boko w Szeolu, czy to wysoko w g\u00f3rze\u201d. <\/b><\/span><\/span><\/span><\/p>\n<p align=\"justify\"><span style=\"color: #000000;\"><span style=\"font-family: Book Antiqua, serif;\"><span style=\"font-size: large;\"><b>Lecz Achaz odpowiedzia\u0142: \u201eNie b\u0119d\u0119 prosi\u0142 i nie b\u0119d\u0119 wystawia\u0142 Pana na pr\u00f3b\u0119\u201d. <\/b><\/span><\/span><\/span><\/p>\n<p align=\"justify\"><span style=\"color: #000000;\"><span style=\"font-family: Book Antiqua, serif;\"><span style=\"font-size: large;\"><b>Wtedy rzek\u0142 Izajasz: <\/b><\/span><\/span><\/span><\/p>\n<p align=\"justify\"><span style=\"color: #000000;\">\u201e<span style=\"font-family: Book Antiqua, serif;\"><span style=\"font-size: large;\"><b>S\u0142uchajcie wi\u0119c, domu Dawidowy: <\/b><\/span><\/span><\/span><\/p>\n<p align=\"justify\"><span style=\"color: #000000;\"><span style=\"font-family: Book Antiqua, serif;\"><span style=\"font-size: large;\"><b>Czy\u017c ma\u0142o wam <\/b><\/span><\/span><\/span><\/p>\n<p align=\"justify\"><span style=\"color: #000000;\"><span style=\"font-family: Book Antiqua, serif;\"><span style=\"font-size: large;\"><b>naprzykrza\u0107 si\u0119 ludziom, <\/b><\/span><\/span><\/span><\/p>\n<p align=\"justify\"><span style=\"color: #000000;\"><span style=\"font-family: Book Antiqua, serif;\"><span style=\"font-size: large;\"><b>i\u017c naprzykrzacie si\u0119 tak\u017ce mojemu Bogu? <\/b><\/span><\/span><\/span><\/p>\n<p align=\"justify\"><span style=\"color: #000000;\"><span style=\"font-family: Book Antiqua, serif;\"><span style=\"font-size: large;\"><b>Dlatego Pan sam da wam znak: <\/b><\/span><\/span><\/span><\/p>\n<p align=\"justify\"><span style=\"color: #000000;\"><span style=\"font-family: Book Antiqua, serif;\"><span style=\"font-size: large;\"><b>Oto Panna pocznie i porodzi Syna, <\/b><\/span><\/span><\/span><\/p>\n<p align=\"justify\"><span style=\"color: #000000;\"><span style=\"font-family: Book Antiqua, serif;\"><span style=\"font-size: large;\"><b>i nazwie Go imieniem Emmanuel\u201d.<\/b><\/span><\/span><\/span><\/p>\n<p align=\"justify\">\n<p align=\"justify\">\n<p align=\"justify\">\n<p align=\"justify\">\n<p align=\"justify\">\n<p align=\"justify\"><span style=\"color: #000000;\"><span style=\"font-family: Book Antiqua, serif;\"><span style=\"font-size: large;\"><b>CZYTANIE Z LISTU \u015aWI\u0118TEGO PAW\u0141A APOSTO\u0141A DO RZYMIAN:<\/b><\/span><\/span><\/span><\/p>\n<p align=\"justify\"><span style=\"color: #000000;\"><span style=\"font-family: Book Antiqua, serif;\"><span style=\"font-size: large;\"><b>Pawe\u0142, s\u0142uga Chrystusa Jezusa, z powo\u0142ania aposto\u0142, przeznaczony do g\u0142oszenia Ewangelii Bo\u017cej, kt\u00f3r\u0105 B\u00f3g przedtem zapowiedzia\u0142 przez swoich Prorok\u00f3w w Pismach \u015bwi\u0119tych. Jest to Ewangelia o Jego Synu, pochodz\u0105cym wed\u0142ug cia\u0142a z rodu Dawida, a ustanowionym wed\u0142ug Ducha \u015awi\u0119to\u015bci przez powstanie z martwych pe\u0142nym mocy Synem Bo\u017cym, o Jezusie Chrystusie, Panu naszym.<\/b><\/span><\/span><\/span><\/p>\n<p align=\"justify\"><span style=\"color: #000000;\"><span style=\"font-family: Book Antiqua, serif;\"><span style=\"font-size: large;\"><b>Przez Niego otrzymali\u015bmy \u0142ask\u0119 i urz\u0105d apostolski, aby ku chwale Jego imienia pozyskiwa\u0107 wszystkich pogan dla pos\u0142usze\u0144stwa wierze. W\u015br\u00f3d nich jeste\u015bcie i wy powo\u0142ani przez Jezusa Chrystusa. <\/b><\/span><\/span><\/span><\/p>\n<p align=\"justify\"><span style=\"color: #000000;\"><span style=\"font-family: Book Antiqua, serif;\"><span style=\"font-size: large;\"><b>Do wszystkich przez Boga umi\u0142owanych, powo\u0142anych \u015bwi\u0119tych, kt\u00f3rzy mieszkaj\u0105 w Rzymie: \u0142aska wam i pok\u00f3j od Boga, Ojca naszego, i Pana Jezusa Chrystusa.<\/b><\/span><\/span><\/span><\/p>\n<p align=\"justify\">\n<p align=\"justify\">\n<p align=\"justify\">\n<p align=\"justify\">\n<p align=\"justify\">\n<p align=\"justify\"><span style=\"color: #000000;\"><span style=\"font-family: Book Antiqua, serif;\"><span style=\"font-size: large;\"><b>S\u0141OWA EWANGELII WED\u0141UG \u015aWI\u0118TEGO MATEUSZA: <\/b><\/span><\/span><\/span><\/p>\n<p align=\"justify\"><span style=\"color: #000000;\"><span style=\"font-family: Book Antiqua, serif;\"><span style=\"font-size: large;\"><b>Z narodzeniem Jezusa Chrystusa by\u0142o tak. <\/b><\/span><\/span><\/span><\/p>\n<p align=\"justify\"><span style=\"color: #000000;\"><span style=\"font-family: Book Antiqua, serif;\"><span style=\"font-size: large;\"><b>Po za\u015blubinach Matki Jego, Maryi, z J\u00f3zefem, wpierw nim zamieszkali razem, znalaz\u0142a si\u0119 brzemienn\u0105 za spraw\u0105 Ducha \u015awi\u0119tego. M\u0105\u017c Jej, J\u00f3zef, kt\u00f3ry by\u0142 cz\u0142owiekiem prawym i nie chcia\u0142 narazi\u0107 Jej na znies\u0142awienie, zamierza\u0142 oddali\u0107 J\u0105 potajemnie. <\/b><\/span><\/span><\/span><\/p>\n<p align=\"justify\"><span style=\"color: #000000;\"><span style=\"font-family: Book Antiqua, serif;\"><span style=\"font-size: large;\"><b>Gdy powzi\u0105\u0142 t\u0119 my\u015bl, oto anio\u0142 Pa\u0144ski ukaza\u0142 mu si\u0119 we \u015bnie i rzek\u0142: \u201eJ\u00f3zefie, synu Dawida, nie b\u00f3j si\u0119 wzi\u0105\u0107 do siebie Maryi, twej Ma\u0142\u017conki; albowiem z Ducha \u015awi\u0119tego jest to, co si\u0119 w Niej pocz\u0119\u0142o. Porodzi Syna, kt\u00f3remu nadasz imi\u0119 Jezus, On bowiem zbawi sw\u00f3j lud od jego grzech\u00f3w\u201d. <\/b><\/span><\/span><\/span><\/p>\n<p align=\"justify\"><span style=\"color: #000000;\"><span style=\"font-family: Book Antiqua, serif;\"><span style=\"font-size: large;\"><b>A sta\u0142o si\u0119 to wszystko, aby si\u0119 wype\u0142ni\u0142o s\u0142owo Pa\u0144skie powiedziane przez proroka: \u201eOto Dziewica pocznie i porodzi Syna, kt\u00f3remu nadadz\u0105 imi\u0119 Emmanuel, to znaczy \u00abB\u00f3g z nami\u00bb\u201d. <\/b><\/span><\/span><\/span><\/p>\n<p align=\"justify\"><span style=\"color: #000000;\"><span style=\"font-family: Book Antiqua, serif;\"><span style=\"font-size: large;\"><b>Zbudziwszy si\u0119 ze snu, J\u00f3zef uczyni\u0142 tak, jak mu poleci\u0142 anio\u0142 Pa\u0144ski: wzi\u0105\u0142 swoj\u0105 Ma\u0142\u017conk\u0119 do siebie.<\/b><\/span><\/span><\/span><\/p>\n<p align=\"justify\">\n<p align=\"justify\">\n<p align=\"justify\">\n<p align=\"justify\">\n<p align=\"justify\">\n<p align=\"justify\"><span style=\"color: #000000;\"><span style=\"font-family: Book Antiqua, serif;\"><span style=\"font-size: large;\">I tak oto, z Bo\u017cej \u0142askawo\u015bci, dane nam by\u0142o prze\u017cy\u0107 dwa dni rekolekcyjnej pracy nad sob\u0105 i refleksji nad Bo\u017cym s\u0142owem \u2013 <b>i doj\u015b\u0107 do trzeciego, ostatniego dnia,<\/b> kt\u00f3ry rzeczywi\u015bcie zamknie czas naszych wsp\u00f3lnych spotka\u0144 tu, w \u015bwi\u0105tyni, ale na pewno <b>nie zako\u0144czy samego procesu pracy nad sob\u0105,<\/b> bo ten w\u0142a\u015bnie dopiero si\u0119 wzmocni i w jakim\u015b sensie rozpocznie na nowo. Chcieliby\u015bmy bowiem wszyscy, aby te Rekolekcje sta\u0142y si\u0119 w naszym \u017cyciu <b>jakim\u015b nowym pocz\u0105tkiem! <\/b><\/span><\/span><\/span><\/p>\n<p align=\"justify\"><span style=\"color: #000000;\"><span style=\"font-family: Book Antiqua, serif;\"><span style=\"font-size: large;\">O to si\u0119 tak\u017ce modlimy, zanosz\u0105c do Boga te modlitwy, kt\u00f3re lubimy odmawia\u0107 i codziennie odmawiamy \u2013 to jest w\u0142a\u015bnie <b>nasz styl, nasz spos\u00f3b rozmowy z Bogiem:<\/b> taki nasz, indywidualny i osobisty\u2026 A do tych naszych modlitw <b>do\u0142\u0105czamy jedn\u0105 wsp\u00f3ln\u0105,<\/b> kt\u00f3ra jednoczy nas przed Bogiem jako Wsp\u00f3lnot\u0119 rekolekcyjn\u0105, Wsp\u00f3lnot\u0119 parafialn\u0105. Odmawiamy j\u0105 za\u015b<b> w domu \u2013 nie tu, w ko\u015bciele <\/b>\u2013 aby w\u0142a\u015bnie tam, w domu, odczu\u0107 rekolekcyjn\u0105, pi\u0119kn\u0105 atmosfer\u0119 tego wyj\u0105tkowego czasu. <\/span><\/span><\/span><\/p>\n<p align=\"justify\"><span style=\"color: #000000;\"><span style=\"font-family: Book Antiqua, serif;\"><span style=\"font-size: large;\">Jak pami\u0119tamy, modlitw\u0105 t\u0105 s\u0105 <b>kolejne dziesi\u0105tki R\u00f3\u017ca\u0144ca \u015awi\u0119tego,<\/b> a konkretnie wczoraj zaplanowali\u015bmy sobie odm\u00f3wienie \u2013 najlepiej w jakiej\u015b wsp\u00f3lnocie: rodzinnej lub s\u0105siedzkiej \u2013 <b>trzeciej i czwartej tajemnicy radosnej: <\/b>Narodzenie Jezusa i Ofiarowanie Go w \u015bwi\u0105tyni. Czy uda\u0142o si\u0119 nam je odm\u00f3wi\u0107? A czy uda\u0142o si\u0119 nam odm\u00f3wi\u0107 je wsp\u00f3lnie? <\/span><\/span><\/span><\/p>\n<p align=\"justify\"><span style=\"color: #000000;\"><span style=\"font-family: Book Antiqua, serif;\"><span style=\"font-size: large;\">Serdecznie dzi\u0119kuj\u0119 za ich odm\u00f3wienie! Dzisiaj za\u015b prosz\u0119 o odm\u00f3wienie <b>pi\u0105tej tajemnicy radosnej: <\/b>Odnalezienie Jezusa w \u015bwi\u0105tyni, ale te\u017c prosz\u0119 o dodanie <b>Litanii Loreta\u0144skiej do Naj\u015bwi\u0119tszej Maryi Panny.<\/b> W ten spos\u00f3b, ca\u0142e dzie\u0142o naszych Rekolekcji powierzymy wstawiennictwu Matki naszego Pana, kt\u00f3ra <b>wraz z nami prze\u017cywa ten Adwent i te Rekolekcje, <\/b>a tak precyzyjnie rzecz ujmuj\u0105c: <b>jest nasz\u0105 Przewodniczk\u0105 <\/b>w tym \u015bwi\u0119tym czasie. <\/span><\/span><\/span><\/p>\n<p align=\"justify\"><span style=\"color: #000000;\"><span style=\"font-family: Book Antiqua, serif;\"><span style=\"font-size: large;\">Jej zatem wstawiennictwu powierzamy nasze intencje rekolekcyjne, a konkretnie modlimy si\u0119:<\/span><\/span><\/span><\/p>\n<p align=\"justify\"><span style=\"color: #000000;\">\u25ba<span style=\"font-family: Book Antiqua, serif;\"><span style=\"font-size: large;\"><b>o<\/b><b> b\u0142ogos\u0142awione i liczne owoce duchowe<\/b> tego czasu dla nas wszystkich;<\/span><\/span><\/span><\/p>\n<p align=\"justify\"><span style=\"color: #000000;\">\u25ba<span style=\"font-family: Book Antiqua, serif;\"><span style=\"font-size: large;\"><b>z<\/b><b>a Rekolekcjonist\u0119 i Spowiednik\u00f3w \u2013<\/b> o \u015bwiat\u0142o Ducha \u015awi\u0119tego i odwag\u0119 w jasnym i konkretnym przekazywaniu Bo\u017cej prawdy;<\/span><\/span><\/span><\/p>\n<p align=\"justify\"><span style=\"color: #000000;\">\u25ba<span style=\"font-family: Book Antiqua, serif;\"><span style=\"font-size: large;\">za tych, kt\u00f3rzy <b>mog\u0105 w tych Rekolekcjach uczestniczy\u0107, ale z r\u00f3\u017cnych wzgl\u0119d\u00f3w nie chc\u0105<\/b> \u2013 cz\u0119sto ju\u017c od wielu lat \u2013 aby jak najszybciej zechcieli skorzysta\u0107 z Bo\u017cego zaproszenia;<\/span><\/span><\/span><\/p>\n<p align=\"justify\"><span style=\"color: #000000;\">\u25ba<span style=\"font-family: Book Antiqua, serif;\"><span style=\"font-size: large;\">i za tych, kt\u00f3rzy chocia\u017c<b> bardzo chc\u0105 w nich uczestniczy\u0107, to jednak nie mog\u0105 <\/b>\u2013 z powodu wieku, stanu zdrowia czy innych, niepokonalnych przeszk\u00f3d, uniemo\u017cliwiaj\u0105cych im przybycie do \u015bwi\u0105tyni. <\/span><\/span><\/span><\/p>\n<p align=\"justify\"><span style=\"color: #000000;\"><span style=\"font-family: Book Antiqua, serif;\"><span style=\"font-size: large;\">Tych ostatnich <b>szczeg\u00f3lnie gor\u0105co pozdrawiam<\/b><b>y<\/b> (przeka\u017ccie im te pozdrowienia w Waszych domach!) i prosimy \u2013 zw\u0142aszcza Starszych czy Chorych \u2013 aby <b>chocia\u017c cz\u0105stk\u0119 swego cierpienia,<\/b> swego codziennego krzy\u017ca, <b>ofiarowali w intencji tego czasu.<\/b> Bardzo im za to ju\u017c teraz dzi\u0119kujemy. Niech uwa\u017caj\u0105 si\u0119 za <b>pe\u0142noprawnych Uczestnik\u00f3w tych Rekolekcji. <\/b>Niech ten czas b\u0119dzie i dla nich owocny!<\/span><\/span><\/span><\/p>\n<p align=\"justify\"><span style=\"color: #000000;\"><span style=\"font-family: Book Antiqua, serif;\"><span style=\"font-size: large;\">I w\u0142a\u015bnie tak duchowo wsparci, podejmujemy<b> refleksj\u0119 nad <\/b><b>Bo\u017cym s\u0142owem,<\/b> kt\u00f3re liturgia Ko\u015bcio\u0142a wyznacza nam na kolejne dni \u2013 tak, <b>dok\u0142adnie te dni,<\/b> w kt\u00f3rych odbywaj\u0105 si\u0119 nasze spotkania. I to z tych czyta\u0144, z tego konkretnie wskazanego nam s\u0142owa Bo\u017cego, wyprowadzili\u015bmy has\u0142o tych Rekolekcji, ich g\u0142\u00f3wn\u0105 my\u015bl, kt\u00f3r\u0105 s\u0105 s\u0142owa z dzisiejszej Ewangelii: <b>Z NARODZENIEM JEZUSA CHRYSTUSA BY\u0141O TAK. <\/b>Us\u0142yszeli\u015bmy je przed chwil\u0105 jako pierwsze zdanie dzisiejszej Ewangelii, taki wst\u0119p do niej, dlatego zwykle <b>nie zwracali\u015bmy pewnie na to zdanie uwagi,<\/b> bo raczej ju\u017c nastawiali\u015bmy si\u0119 na us\u0142yszenie, jak to by\u0142o z tym Narodzeniem? <\/span><\/span><\/span><\/p>\n<p align=\"justify\"><span style=\"color: #000000;\"><span style=\"font-family: Book Antiqua, serif;\"><span style=\"font-size: large;\">Tymczasem, my w\u0142a\u015bnie to zdanie czynimy my\u015bl\u0105 g\u0142\u00f3wn\u0105, a jednocze\u015bnie <b>tak\u017ce wprowadzeniem<\/b> do naszych refleksji osobistych nad tym, jak to by\u0142o, a bardziej: <b>jak to jest \u2013 z <\/b><b>N<\/b><b>arodzeniem Jezusa Chrystusa? <\/b><\/span><\/span><\/span><\/p>\n<p align=\"justify\"><span style=\"color: #000000;\"><span style=\"font-family: Book Antiqua, serif;\"><span style=\"font-size: large;\">W pi\u0105tek pytali\u015bmy, jak to jest z Narodzeniem Jezusa <b>w spo\u0142eczno\u015bci, w kt\u00f3rej \u017cyjemy<\/b> \u2013 zar\u00f3wno tej ma\u0142ej, w kt\u00f3rej<b> na co dzie\u0144 funkcjonujemy:<\/b> uczymy si\u0119, studiujemy, pracujemy; w spo\u0142eczno\u015bci s\u0105siedzkiej, wioskowej, w spo\u0142eczno\u015bci mieszka\u0144c\u00f3w z jednej ulicy; ale te\u017c <b>tej wi\u0119kszej spo\u0142eczno\u015bci, <\/b>jak chocia\u017cby spo\u0142eczno\u015b\u0107 narodowa. <\/span><\/span><\/span><\/p>\n<p align=\"justify\"><span style=\"color: #000000;\"><span style=\"font-family: Book Antiqua, serif;\"><span style=\"font-size: large;\">I podkre\u015blali\u015bmy sobie, \u017ce ogromne znaczenie w tworzeniu mo\u017cliwo\u015bci Jezusowi, aby m\u00f3g\u0142 si\u0119 w tych naszych spo\u0142eczno\u015bciach narodzi\u0107, ma <b>nasze osobiste \u015bwiadectwo wiary, nasza chrze\u015bcija\u0144ska postawa <\/b>\u2013 ale taka <b>naturalna i normalna,<\/b> a nie jaka\u015b napuszona, g\u00f3rnolotna, czy \u201enawiedzona\u201d. Chodzi o tak\u0105 <b>zwyczajn\u0105 i naturaln\u0105,<\/b> ale (to bardzo wa\u017cne!) konsekwentn\u0105, wytrwa\u0142\u0105, cierpliw\u0105 i <b>niezale\u017cn\u0105<\/b> od opinii otoczenia i w\u0142asnych nastroj\u00f3w \u2013 <b>wierno\u015b\u0107 Bo\u017cym zasadom.<\/b> I w\u0142a\u015bnie ta wierno\u015b\u0107 jest niezaprzeczalnym \u015bwiadectwem dla ca\u0142ego naszego otoczenia, jest te\u017c zach\u0119t\u0105 dla innych, aby i oni tak\u0105 postaw\u0119 przyjmowali.<\/span><\/span><\/span><\/p>\n<p align=\"justify\"><span style=\"color: #000000;\"><span style=\"font-family: Book Antiqua, serif;\"><span style=\"font-size: large;\">Wczoraj zastanawiali\u015bmy si\u0119 nad tym, jak ow\u0105 przestrze\u0144 dla Narodzenia Jezusa tworzy\u0107 <b>we w\u0142asnej rodzinie. <\/b>I m\u00f3wili\u015bmy sobie, \u017ce sposobem na to jest <b>modlitwa \u2013 w rodzinie i za rodzin\u0119 \u2013 wsp\u00f3lnotowa, lub indywidualna. <\/b>M\u00f3wili\u015bmy sobie o sta\u0142ej <b>Mszy<\/b> <b>\u015awi\u0119tej, <\/b>o sta\u0142ej <b>Komunii \u015awi\u0119tej<\/b> i systematycznej <b>Spowiedzi, <\/b>ale te\u017c podkre\u015blali\u015bmy ogromn\u0105 wag\u0119 codziennego <b>wsp\u00f3lnotowego \u017cycia w rodzinie:<\/b> wsp\u00f3lnych posi\u0142k\u00f3w, rozm\u00f3w\u2026 <\/span><\/span><\/span><\/p>\n<p align=\"justify\"><span style=\"color: #000000;\"><span style=\"font-family: Book Antiqua, serif;\"><span style=\"font-size: large;\">Podkre\u015blali\u015bmy bardzo mocno, \u017ce aby takie wsp\u00f3lnotowe \u017cycie prowadzi\u0107, trzeba <b>mie\u0107 dla siebie nawzajem czas,<\/b> a z tym bywa obecnie bardzo r\u00f3\u017cnie\u2026 I dlatego \u2013 to jeszcze bardzo wa\u017cna my\u015bl \u2013 by\u0107 mo\u017ce trzeba podj\u0105\u0107 jak\u0105\u015b <b>zdecydowan\u0105, mo\u017ce nawet radykaln\u0105 decyzj\u0119 o zmianie stylu \u017cycia,<\/b> mo\u017ce nawet zmianie miejsca pracy, albo sposobu jej wykonywania, aby w tym codziennym zap\u0119dzeniu i zaaferowaniu <b>nie przeoczy\u0107 i nie straci\u0107<\/b> tego, co w rodzinie <b>najwa\u017cniejsze: <\/b>mi\u0142o\u015bci wzajemnej, zgody i jedno\u015bci, oraz niezak\u0142\u00f3conego i owocnego <b>rozw<\/b><b>oju<\/b><b> duchow<\/b><b>ego<\/b><b> <\/b><b>w<\/b><b>szystkich, a szczeg\u00f3lnie <\/b><b>d<\/b><b>zieci\u2026 <\/b><\/span><\/span><\/span><\/p>\n<p align=\"justify\"><span style=\"color: #000000;\"><span style=\"font-family: Book Antiqua, serif;\"><span style=\"font-size: large;\">I tak oto dochodzimy do dzisiejszej my\u015bli, a jest ono sformu\u0142owane w pytaniu, jak ow\u0105 przestrze\u0144 do Narodzenia Jezusa <b>tworzy\u0107 we w\u0142asnym sercu?<\/b> O czym \u2013 w zwi\u0105zku z tym \u2013 trzeba pami\u0119ta\u0107, na co zwr\u00f3ci\u0107 uwag\u0119? Jakie wskazania w tym wzgl\u0119dzie daje nam dzisiaj Bo\u017ce s\u0142owo?<\/span><\/span><\/span><\/p>\n<p align=\"justify\"><span style=\"color: #000000;\"><span style=\"font-family: Book Antiqua, serif;\"><span style=\"font-size: large;\">Oto w pierwszym czytaniu, z Proroctwa Izajasza, s\u0142yszymy fragment dialogu, jaki <b>Prorok ten prowadzi z kr\u00f3lem Judy Achazem<\/b> \u2013 cz\u0142owiekiem nieprawym, niepos\u0142usznym Bogu, kt\u00f3ry wobec zagro\u017cenia ze strony naje\u017ad\u017acy wola\u0142 sprzymierzy\u0107 si\u0119 z kr\u00f3lem Asyrii, kt\u00f3rego ostatecznie sta\u0142 si\u0119 poddanym, <b>ani\u017celi powierzy\u0107 los<\/b> <b>swego ludu opiece Bo\u017cej.<\/b> B\u00f3g wysy\u0142a do niego Proroka, aby ten zach\u0119ci\u0142 kr\u00f3la, by z kolei ten<b> <\/b><b>po<\/b><b>prosi\u0142 Boga o pomoc, o znak.<\/b> Kr\u00f3l jednak nie chcia\u0142 o to prosi\u0107, <b>bo nie wierzy\u0142 w moc Bo\u017c\u0105.<\/b> Dlatego ob\u0142udnie \u2013 jak dzisiaj s\u0142yszymy \u2013 t\u0142umaczy, \u017ce<b> nie chce wystawia\u0107 Boga na pr\u00f3b\u0119;<\/b> \u017ce niby tak bardzo szanuje Boga, i\u017c nie o\u015bmiela si\u0119 nadwyr\u0119\u017ca\u0107 jego cierpliwo\u015bci. By\u0142 to oczywisty fa\u0142sz i <b>znak jego braku wiary,<\/b> a nie szacunku do Boga. <\/span><\/span><\/span><\/p>\n<p align=\"justify\"><span style=\"color: #000000;\"><span style=\"font-family: Book Antiqua, serif;\"><span style=\"font-size: large;\">W tej sytuacji, Prorok zapowiada, \u017ce <b>B\u00f3g i tak da znak,<\/b> a tym znakiem b\u0119dzie narodzenie si\u0119 Dziecka, nazwanego symbolicznym imieniem <b>E<\/b><b>MMANUEL<\/b><b>,<\/b> czyli <i><b>B\u00f3g z nami.<\/b><\/i> Zatem \u2013 jak r\u00f3wnie\u017c dzisiaj s\u0142yszymy \u2013 <b>B\u00f3g sam da znak\u2026<\/b> Wyjdzie z inicjatyw\u0105, sam zdecyduje si\u0119 zainterweniowa\u0107\u2026 <\/span><\/span><\/span><\/p>\n<p align=\"justify\"><span style=\"color: #000000;\"><span style=\"font-family: Book Antiqua, serif;\"><span style=\"font-size: large;\">Podobnie, w drugim czytaniu, z Listu Aposto\u0142a Paw\u0142a do Rzymian s\u0142yszymy: <i><b>Przez Niego<\/b><\/i><b> <\/b>[czyli przez Jezusa]<b> <\/b><i><b>otrzymali\u015bmy \u0142ask\u0119 i urz\u0105d apostolski, aby ku chwale Jego imienia pozyskiwa\u0107 wszystkich pogan dla pos\u0142usze\u0144stwa wierze. <\/b><\/i><i><b>W\u015br\u00f3d nich jeste\u015bcie i wy powo\u0142ani przez Jezusa Chrystusa. <\/b><\/i><i>Po czym dodaje: <\/i><i><b>Do wszystkich przez Boga umi\u0142owanych, powo\u0142anych \u015bwi\u0119tych, kt\u00f3rzy mieszkaj\u0105 w Rzymie: \u0142aska wam i pok\u00f3j od Boga, Ojca naszego, i Pana Jezusa Chrystusa.<\/b><\/i><b> <\/b>C\u00f3\u017c to znaczy? <\/span><\/span><\/span><\/p>\n<p align=\"justify\"><span style=\"color: #000000;\"><span style=\"font-family: Book Antiqua, serif;\"><span style=\"font-size: large;\">To znaczy dok\u0142adnie to samo, co w pierwszym czytaniu, i\u017c <b>B\u00f3g sam wyszed\u0142 z inicjatyw\u0105,<\/b> daj\u0105c Paw\u0142owi i innym Aposto\u0142om oraz uczniom Pa\u0144skim <i><b>\u0142ask\u0119 i urz\u0105d apostolski,<\/b><\/i> aby mogli <i><b>pozyskiwa\u0107 wszystkich pogan dla pos\u0142usze\u0144stwa wierze.<\/b><\/i><b> <\/b><\/span><\/span><\/span><\/p>\n<p align=\"justify\"><span style=\"color: #000000;\"><span style=\"font-family: Book Antiqua, serif;\"><span style=\"font-size: large;\">O tym, w jaki to spos\u00f3b sam Jezus wyszed\u0142 ze swoj\u0105 inicjatyw\u0105 i jak <b>zaprosi\u0142 Paw\u0142a \u2013 wtedy jeszcze Szaw\u0142a \u2013 do wsp\u00f3\u0142pracy ze sob\u0105,<\/b> to my wszyscy chyba dobrze pami\u0119tamy\u2026 Sta\u0142o si\u0119 to przed bramami Damaszku, kiedy to Szawe\u0142 <b>z impetem spad\u0142 z konia i uderzy\u0142 o ziemi\u0119,<\/b> po czym us\u0142ysza\u0142 g\u0142os samego Jezusa, straci\u0142 wzrok na jaki\u015b czas, ale przede wszystkim: <b>ca\u0142kowicie \u201ezresetowa\u0142\u201d swoje my\u015blenie, <\/b>swoje nastawienie do Ko\u015bcio\u0142a, kt\u00f3ry do tej pory intensywnie zwalcza\u0142. Trudno ju\u017c chyba <b>wyra\u017aniej i mocniej zainterweniowa\u0107,<\/b> ani\u017celi uczyni\u0142 to Pan w stosunku do Paw\u0142a. <\/span><\/span><\/span><\/p>\n<p align=\"justify\"><span style=\"color: #000000;\"><span style=\"font-family: Book Antiqua, serif;\"><span style=\"font-size: large;\">I dlatego on sam prosi dzisiaj Pana dla wiernych Rzymu, swoich uczni\u00f3w, <b>o \u0142ask\u0119 i b\u0142ogos\u0142awie\u0144stwo Bo\u017ce <\/b>\u2013 aby wobec nich <b>tak\u017ce Pan wychodzi\u0142 ze swoj\u0105 inicjatyw\u0105.<\/b> Mo\u017ce nie a\u017c tak radykalnie, jak w jego przypadku, ale jednak\u2026 <\/span><\/span><\/span><\/p>\n<p align=\"justify\"><span style=\"color: #000000;\"><span style=\"font-family: Book Antiqua, serif;\"><span style=\"font-size: large;\">Natomiast na pewno <b>w bardzo oryginalny spos\u00f3b<\/b> zainterweniowa\u0142 B\u00f3g w \u017cycie \u015awi\u0119tej Rodziny, kiedy to okaza\u0142o si\u0119, \u017ce Maryja jest w stanie b\u0142ogos\u0142awionym, <b>a J\u00f3ze<\/b><b>f<\/b><b>, Jej Ma\u0142\u017conek, nic o tym nie wie\u2026<\/b> Zdajemy sobie spraw\u0119, \u017ce w takiej sytuacji \u2013 gdyby to nie by\u0142 J\u00f3zef i sprawa nie dotyczy\u0142a Maryi i Syna Bo\u017cego \u2013 wszystko <b>zako\u0144czy\u0142oby si\u0119 ukamienowaniem niewiernej \u017cony.<\/b> J\u00f3zef, cz\u0142owiek prawy, chocia\u017c nic nie rozumia\u0142 z tego, co si\u0119 sta\u0142o, a mo\u017ce nawet wewn\u0119trznie mia\u0142 \u017cal do swej Ma\u0142\u017conki, jednak <b>nie chcia\u0142, aby spotka\u0142o J\u0105 cokolwiek z\u0142ego.<\/b> Doce\u0144my t\u0119 wielk\u0105 prawo\u015b\u0107 i pokor\u0119 tego Cz\u0142owieka! <\/span><\/span><\/span><\/p>\n<p align=\"justify\"><span style=\"color: #000000;\"><span style=\"font-family: Book Antiqua, serif;\"><span style=\"font-size: large;\">Chcia\u0142 wi\u0119c oddali\u0107 j\u0105 potajemnie, aby w ten spos\u00f3b sprawa po prostu <b>sama si\u0119 wyciszy\u0142a\u2026<\/b> W tym jednak momencie nast\u0105pi\u0142a cudowna interwencja z Nieba \u2013 B\u00f3g sam przyszed\u0142 z rozwi\u0105zaniem ca\u0142ego problemu: <i><b>O<\/b><\/i><i><b>to anio\u0142 Pa\u0144ski ukaza\u0142 mu si\u0119 we \u015bnie i rzek\u0142: \u201eJ\u00f3zefie, synu Dawida, nie b\u00f3j si\u0119 wzi\u0105\u0107 do siebie Maryi, twej Ma\u0142\u017conki; albowiem z Ducha \u015awi\u0119tego jest to, co si\u0119 w Niej pocz\u0119\u0142o. Porodzi Syna, kt\u00f3remu nadasz imi\u0119 Jezus, On bowiem zbawi sw\u00f3j lud od jego grzech\u00f3w\u201d. <\/b><\/i><\/span><\/span><\/span><\/p>\n<p align=\"justify\"><span style=\"color: #000000;\"><span style=\"font-family: Book Antiqua, serif;\"><span style=\"font-size: large;\">Wyja\u015bniaj\u0105c ca\u0142\u0105 sytuacj\u0119, Ewangelista <b>powo\u0142uje si\u0119 na prorock\u0105 zapowied\u017a,<\/b> kt\u00f3r\u0105 ju\u017c us\u0142yszeli\u015bmy w pierwszym czytaniu, a dotycz\u0105c\u0105 przyj\u015bcia na \u015bwiat <b>E<\/b><b>MMANUELA<\/b><b>,<\/b> kt\u00f3re to imi\u0119 \u2013 jak ju\u017c wiemy \u2013 t\u0142umaczy si\u0119: <i><b>B\u00f3g z nami.<\/b><\/i> <\/span><\/span><\/span><\/p>\n<p align=\"justify\"><span style=\"color: #000000;\"><span style=\"font-family: Book Antiqua, serif;\"><span style=\"font-size: large;\">Moi Drodzy, w ca\u0142ym tym opisie bardzo <b>wyra\u017anie wida\u0107 Bo\u017c\u0105 interwencj<\/b><b>\u0119<\/b><b>, <\/b>Bo\u017ce zaanga\u017cowanie w \u017cycie cz\u0142owieka, w jego losy, w jego histori\u0119\u2026 Powiedzmy sobie te\u017c, \u017ce ju\u017c <b>nawet samo to imi\u0119,<\/b> kt\u00f3re dwa razy w dzisiejszych czytaniach si\u0119 pojawia, <b>jest \u015bwiadectwem tego Bo\u017cego zaanga\u017cowania,<\/b> tej Bo\u017cej interwencji, Bo\u017cej inicjatywy, polegaj\u0105cej na <b>wyj\u015bciu Boga do cz\u0142owieka<\/b> z zaproszeniem, wyj\u015bcia z mi\u0142o\u015bci\u0105, wyj\u015bcia z darem zbawienia \u2013 ju\u017c samo to imi\u0119 wyra\u017anie na wskazuje: <b>EMMANUEL,<\/b> czyli <i><b>B\u00f3g z nami! <\/b><\/i><\/span><\/span><\/span><\/p>\n<p align=\"justify\"><span style=\"color: #000000;\"><span style=\"font-family: Book Antiqua, serif;\"><span style=\"font-size: large;\">B\u00f3g chce by\u0107 z cz\u0142owiekiem, z ka\u017cd\u0105 i z ka\u017cdym z nas! Nie chce by\u0107 <b>jakim\u015b odleg\u0142ym, niedost\u0119pnym bytem,<\/b> tajemniczym i strasznym, przed kt\u00f3rym cz\u0142owiek mia\u0142by tylko dr\u017ce\u0107 i ba\u0107 si\u0119 nawet o Nim wspomnie\u0107, nie m\u00f3wi\u0105c ju\u017c o jakimkolwiek zbli\u017ceniu. B\u00f3g nie chce by\u0107 takim Bogiem. On chce by\u0107 <b>Bogiem z nami! <\/b>Dlatego wychodzi z inicjatyw\u0105! <\/span><\/span><\/span><\/p>\n<p align=\"justify\"><span style=\"color: #000000;\"><span style=\"font-family: Book Antiqua, serif;\"><span style=\"font-size: large;\">Moi Drodzy, wszystkie dzisiejsze czytania na to wskazuj\u0105. I to jest <b>pierwsza my\u015bl,<\/b> na kt\u00f3r\u0105 zwracamy sobie dzisiaj uwag\u0119, poszukuj\u0105c odpowiedzi na pytanie, jak tworzy\u0107 <b>przestrze\u0144 dla Narodzenia Jezusa w naszych sercach.<\/b> Bo o sposobach, w jaki to Narodzenie mo\u017ce si\u0119 dokonywa\u0107, to ju\u017c wczoraj i przedwczoraj sobie m\u00f3wili\u015bmy. Specjalnie to dzisiaj jeszcze przypomnieli\u015bmy sobie, bo to wszystko <b>odnosi si\u0119 bezpo\u015brednio do naszego serca: <\/b>\u017cycie sakramentalne, s\u0142uchanie Bo\u017cego s\u0142owa, modlitwa, osobiste \u015bwiadectwo wiary\u2026 Wszystko zatem, co by\u0142o odpowiedzi\u0105 na pytanie wczorajsze i przedwczorajsze, <b>jest te\u017c odpowiedzi\u0105 na pytanie dzisiejsze<\/b> \u2013 i jest to raczej oczywiste. <\/span><\/span><\/span><\/p>\n<p align=\"justify\"><span style=\"color: #000000;\"><span style=\"font-family: Book Antiqua, serif;\"><span style=\"font-size: large;\">Dlatego dzisiaj zwracamy sobie uwag\u0119 <b>na dwie inne kwestie, <\/b>kt\u00f3re mo\u017ce nie do\u015b\u0107 wyra\u017anie akcentowali\u015bmy dot\u0105d. Obie one zawieraj\u0105 si\u0119 w dzisiejszym s\u0142owie, a nawet w samym imieniu <b>EMMANUEL \u2013 <\/b><i><b>B\u00f3g z nami.<\/b><\/i> <\/span><\/span><\/span><\/p>\n<p align=\"justify\"><span style=\"color: #000000;\"><span style=\"font-family: Book Antiqua, serif;\"><span style=\"font-size: large;\">Pierwsza to jest ta w\u0142a\u015bnie, o kt\u00f3rej sobie m\u00f3wimy, czyli fakt, \u017ce <b>to B\u00f3g pierwszy wychodzi z inicjatyw\u0105.<\/b> On pierwszy zaprasza. To On daje nam <b>natchnienie do wiary, <\/b>On daje nam \u0142ask\u0119, dzi\u0119ki kt\u00f3rej mo\u017cemy <b>w og\u00f3le my\u015ble\u0107 o zbawieniu<\/b> i by\u0107 rzeczywi\u015bcie zbawieni. To przecie\u017c <b>On pos\u0142a\u0142 swego Syna, <\/b>aby Ten dokona\u0142 zbawienia cz\u0142owieka. Ju\u017c samo to jest niezwyk\u0142\u0105 inicjatyw\u0105 i niezwyk\u0142ym w swej wymowie <b>wyj\u015bciem Boga do cz\u0142owieka.<\/b> <\/span><\/span><\/span><\/p>\n<p align=\"justify\"><span style=\"color: #000000;\"><span style=\"font-family: Book Antiqua, serif;\"><span style=\"font-size: large;\">Dlatego o tym musimy zawsze pami\u0119ta\u0107 i nie dopuszcza\u0107 do siebie takiej my\u015bli, <b>\u017ce to my robimy Bogu jak\u0105\u015b wielk\u0105 \u0142ask\u0119, <\/b>kiedy przyjdziemy na Msz\u0119 \u015awi\u0119t\u0105, kiedy si\u0119 wyspowiadamy, kiedy si\u0119 pomodlimy\u2026 Niekiedy bowiem mo\u017cna odnie\u015b\u0107 wra\u017cenie, \u017ce niekt\u00f3rzy ludzie \u2013 zw\u0142aszcza <b>ci, kt\u00f3rych krewni i bliscy namawiaj\u0105,<\/b> \u017ceby wreszcie poszli do Spowiedzi, \u017ceby wreszcie poszli na Msz\u0119 \u015awi\u0119t\u0105, <b>kiedy ju\u017c dadz\u0105 <\/b><b>si\u0119<\/b><b> nam\u00f3wi\u0107<\/b> i rzeczywi\u015bcie przyjd\u0105, to na ka\u017cdym kroku podkre\u015blaj\u0105, <b>jak\u0105 to oni wielk\u0105 \u0142ask\u0119 Bogu uczynili<\/b> i jak si\u0119 dla tego Boga bardzo po\u015bwi\u0119cili. A to zupe\u0142nie nie tak! <\/span><\/span><\/span><\/p>\n<p align=\"justify\"><span style=\"color: #000000;\"><span style=\"font-family: Book Antiqua, serif;\"><span style=\"font-size: large;\">Ka\u017cde nasze przyj\u015bcie do Niego, ka\u017cda nasza modlitwa, ka\u017cda nasza Spowied\u017a, czy Komunia \u015awi\u0119ta, <b>ka\u017cde uczestnictwo we Mszy \u015awi\u0119tej,<\/b> ale te\u017c ka\u017cdy nasz post<b>, <\/b>czy dobry uczynek \u2013 <b>to ju\u017c jest odpowied\u017a na Bo\u017ce zaproszenie i Bo\u017ce natchnienie, <\/b>jakie On da\u0142 nam pierwszy! To jest zatem <b>nasza odpowied\u017a na Jego inicjatyw\u0119.<\/b> <\/span><\/span><\/span><\/p>\n<p align=\"justify\"><span style=\"color: #000000;\"><span style=\"font-family: Book Antiqua, serif;\"><span style=\"font-size: large;\">Dlatego zamiast podkre\u015blania swoich wielkich zas\u0142ug i swojej \u0142aski, jak\u0105 to rzekomo Bogu uczynili\u015bmy, mo\u017ce lepiej <b>doceni\u0107 i podzi\u0119kowa\u0107 Mu za \u0142ask\u0119,<\/b> kt\u00f3rej On nam udzieli\u0142\u2026 To pierwsza my\u015bl na dzisiaj.<\/span><\/span><\/span><\/p>\n<p align=\"justify\"><span style=\"color: #000000;\"><span style=\"font-family: Book Antiqua, serif;\"><span style=\"font-size: large;\">A druga \u2013 tak\u017ce wynikaj\u0105ca z dzisiejszego Bo\u017cego s\u0142owa i z imienia <b>EMMANUEL<\/b> \u2013 jest jeszcze bardziej podstawowa i <b>jeszcze bardziej oczywista, <\/b>dlatego mo\u017ce ma\u0142o zauwa\u017calna i trudniejsza do wy\u0142apania, \u017ce z t\u0105 wspomnian\u0105 inicjatyw\u0105 i zaproszeniem wychodzi do nas <b>\u017cywa i realna Osoba, obecna z nami tu i teraz, patrz\u0105ca nam w oczy,<\/b> uwa\u017cnie <b>s\u0142uchaj\u0105ca<\/b> naszych s\u0142\u00f3w, <b>m\u00f3wi\u0105ca<\/b> do nas przez swoje S\u0142owo i inne znaki i okoliczno\u015bci, a przede wszystkim: <b>bardzo nas kochaj\u0105ca. <\/b>Tak, \u017cywa Osoba, chocia\u017c w spos\u00f3b fizyczny niewidzialna, to jednak <b>bardzo, ale to bardzo realnie obecna! <\/b><\/span><\/span><\/span><\/p>\n<p align=\"justify\"><span style=\"color: #000000;\"><span style=\"font-family: Book Antiqua, serif;\"><span style=\"font-size: large;\">Moi Drodzy, czy my o tym pami\u0119tamy? Czy kiedy odmawiamy nasze pacierze, czy R\u00f3\u017caniec, mamy zawsze \u015bwiadomo\u015b\u0107, \u017ce <b>m\u00f3wimy do \u017cywej Osoby, <\/b>kt\u00f3ra jest tu i teraz obecna, s\u0142ucha nas uwa\u017cnie i patrzy nam prosto w oczy? <b>My\u015blimy o tym za ka\u017cdym razem? Mamy tego \u015bwiadomo\u015b\u0107? Pami\u0119tamy o tym? <\/b><\/span><\/span><\/span><\/p>\n<p align=\"justify\"><span style=\"color: #000000;\"><span style=\"font-family: Book Antiqua, serif;\"><span style=\"font-size: large;\">A czy pami\u0119tamy o tym, kiedy <b>m\u00f3wimy co\u015b g\u0142upiego, co\u015b gorsz\u0105cego:<\/b> kiedy przeklinamy, albo k\u0142amiemy; kiedy te\u017c robimy co\u015b ewidentnie z\u0142ego \u2013 czy my\u015blimy o tym, \u017ce<b> On jest tu i teraz obecny,<\/b> \u017ce On to wszystko wyra\u017anie <b>widzi i s\u0142yszy; i <\/b><b>osobi\u015bcie<\/b><b> odbiera,<\/b> wr\u0119cz odczuwa to nasze zachowanie \u2013 czy pami\u0119tamy o tym? My\u015blimy o tym w ten spos\u00f3b? Mamy tego \u015bwiadomo\u015b\u0107? <\/span><\/span><\/span><\/p>\n<p align=\"justify\"><span style=\"color: #000000;\"><span style=\"font-family: Book Antiqua, serif;\"><span style=\"font-size: large;\">Czy <b>gdyby\u015bmy Go zobaczyli w spos\u00f3b fizyczny <\/b>i tak fizycznie, dotykalnie, do\u015bwiadczyli Jego obecno\u015bci; gdyby On tak <b>fizycznie stan\u0105\u0142 przed nami i spojrza\u0142 nam g\u0142\u0119boko w oczy <\/b>\u2013 czy na pewno powiedzieliby\u015bmy to wszystko, co m\u00f3wimy i uczynili to wszystko, co czynimy? <b>R\u00f3wnie\u017c te najgorsze rzeczy?\u2026 <\/b>Czy mo\u017ce jednak przysz\u0142oby jakie\u015b opami\u0119tanie i powstrzymanie? <\/span><\/span><\/span><\/p>\n<p align=\"justify\"><span style=\"color: #000000;\"><span style=\"font-family: Book Antiqua, serif;\"><span style=\"font-size: large;\">A przecie\u017c <b>On jest z nami obecny, tu i teraz. Naprawd\u0119! Realnie! <\/b>Chocia\u017c niewidzialny, ale naprawd\u0119 obecny! \u017bywy i prawdziwy \u2013 chce \u017cy\u0107 w naszym sercu, chce si\u0119 w nim narodzi\u0107. Je\u015bli tylko my chcemy. <b>A chcemy?\u2026 <\/b><\/span><\/span><\/span><\/p>\n<p align=\"justify\"><span style=\"color: #000000;\"><span style=\"font-family: Book Antiqua, serif;\"><span style=\"font-size: large;\">Nasza <b>codzienna postawa<\/b> jest odpowiedzi\u0105 na to pytanie. Nasze <b>codzienne zaanga\u017cowanie<\/b> w sprawy rodzinne, spo\u0142eczne; nasze <b>relacje z lud\u017ami,<\/b> nasza <b>nauka i praca<\/b> \u2013 spos\u00f3b, w jaki codziennie prowadzimy swoje sprawy \u2013 to odpowied\u017a na powy\u017csze pytanie. <\/span><\/span><\/span><\/p>\n<p align=\"justify\"><span style=\"color: #000000;\"><span style=\"font-family: Book Antiqua, serif;\"><span style=\"font-size: large;\">A pozw\u00f3lcie, moi Drodzy, \u017ce<b> fakt obecno\u015bci w\u015br\u00f3d Was wykorzystam<\/b> do tego, by<b> <\/b>przypomnie\u0107 \u2013 bo wiem, \u017ce ju\u017c to kiedy\u015b u Was m\u00f3wi\u0142em \u2013 i\u017c odpowiedzi\u0105 na to pytanie jest tak\u017ce zaanga\u017cowanie na odcinku, kt\u00f3ry dla mnie osobi\u015bcie jest bardzo wa\u017cny, bo jest mi obecnie powierzony: na odcinku <b>duszpasterstwa akademickiego. <\/b><\/span><\/span><\/span><\/p>\n<p align=\"justify\"><span style=\"color: #000000;\"><span style=\"font-family: Book Antiqua, serif;\"><span style=\"font-size: large;\">Staram si\u0119 wsz\u0119dzie tam, gdzie jestem na jakim\u015b zast\u0119pstwie, czy cho\u0107by kiedy prowadz\u0119 rekolekcje, czy odprawiam odpust, <b>porusz<\/b><b>a<\/b><b>\u0107 ten temat<\/b> \u2013 niestety, jak si\u0119 wydaje, pomijany i zapominany w naszej parafialnej codzienno\u015bci \u2013 w\u0142a\u015bnie temat <b>duszpasterstwa akademickiego.<\/b> Dlaczego jest on taki wa\u017cny?<\/span><\/span><\/span><\/p>\n<p align=\"justify\"><span style=\"color: #000000;\"><span style=\"font-family: Book Antiqua, serif;\"><span style=\"font-size: large;\">Oto bowiem, z jednej strony, widzimy <b>wzrastaj\u0105c\u0105 oboj\u0119tno\u015b\u0107<\/b> m\u0142odych ludzi na sprawy wiary i na Ko\u015bci\u00f3\u0142, a wobec os\u00f3b duchownych \u2013 <b>wr\u0119cz niech\u0119\u0107, <\/b><b>a nawet wrogo\u015b\u0107,<\/b> niejednokrotnie wyra\u017can\u0105 bardzo otwarcie. Z drugiej jednak strony \u2013 wida\u0107 wyra\u017ane <b>sygna\u0142y poszukiwania przez M\u0142odych <\/b>odpowiedzi na najwa\u017cniejsze pytania i pragnienie odkrywania najg\u0142\u0119bszego sensu \u017cycia. <\/span><\/span><\/span><\/p>\n<p align=\"justify\"><span style=\"color: #000000;\"><span style=\"font-family: Book Antiqua, serif;\"><span style=\"font-size: large;\">Stare albumy, jakie znalaz\u0142em w O\u015brodku Duszpasterstwa Akademickiego, zawieraj\u0105 wiele zdj\u0119\u0107 i zapis\u00f3w, dokumentuj\u0105cych <b>aktywn\u0105 dzia\u0142alno\u015b\u0107 tego\u017c Duszpasterstwa na przestrzeni lat,<\/b> kiedy to jednoczy\u0142o ono du\u017c\u0105 liczb\u0119 Student\u00f3w i Pracownik\u00f3w Uczelni, a prowadzi\u0142o je kilku Duszpasterzy Akademickich. <\/span><\/span><\/span><\/p>\n<p align=\"justify\"><span style=\"color: #000000;\"><span style=\"font-family: Book Antiqua, serif;\"><span style=\"font-size: large;\"><b>Co si\u0119 dzisiaj sta\u0142o z m\u0142odymi Lud\u017ami,<\/b> \u017ce nie ma ich w Duszpasterstwie, a cz\u0119sto nie ma Ich w og\u00f3le w ko\u015bciele, na Mszy \u015awi\u0119tej, czy przy konfesjonale? <b>Czy\u017cby B\u00f3g przesta\u0142 by\u0107 Im potrzebny? <\/b>Czy\u017cby uznali, \u017ce lepiej u\u0142o\u017c\u0105 sobie \u017cycie bez Niego, radz\u0105c sobie samemu ze wszystkimi problemami i wyzwaniami? <\/span><\/span><\/span><\/p>\n<p align=\"justify\"><span style=\"color: #000000;\"><span style=\"font-family: Book Antiqua, serif;\"><span style=\"font-size: large;\"><b>Nie wierz\u0119! <\/b>A wr\u0119cz jestem przekonany, \u017ce jest dok\u0142adnie odwrotnie! Dlatego prosz\u0119 Wszystkich o zainteresowanie si\u0119 t\u0105 spraw\u0105. <\/span><\/span><\/span><\/p>\n<p align=\"justify\"><span style=\"color: #000000;\"><span style=\"font-family: Book Antiqua, serif;\"><span style=\"font-size: large;\">Zwracam si\u0119 z serdeczn\u0105 pro\u015bb\u0105 <b>do samych Student\u00f3w,<\/b> aby tam, gdzie studiuj\u0105, <b>zainteresowali si\u0119 ofert\u0105 Duszpasterstwa Akademickiego.<\/b> Istnieje ono \u2013 w r\u00f3\u017cnej formie \u2013 przy ka\u017cdym wi\u0119kszym o\u015brodku akademickim, przy ka\u017cdej wi\u0119kszej Uczelni. Trzeba tylko wpisa\u0107 w wyszukiwarce internetowej: <b>\u201eDuszpasterstwo Akademickie \u2013 Uniwersytet\u2026\u201d taki a taki,<\/b> i zaraz si\u0119 co\u015b wy\u015bwietli. Prosz\u0119 o to zainteresowanie si\u0119. <\/span><\/span><\/span><\/p>\n<p align=\"justify\"><span style=\"color: #000000;\"><span style=\"font-family: Book Antiqua, serif;\"><span style=\"font-size: large;\">A<b> Rodzic\u00f3w, Dziadk\u00f3w i Rodziny Student\u00f3w<\/b> prosz\u0119 o zainteresowanie si\u0119 tym, czy Ich studiuj\u0105ca M\u0142odzie\u017c zainteresowa\u0142a si\u0119 t\u0105 spraw\u0105. A przynajmniej: czy tam, gdzie studiuje, <b>chodzi na Msz\u0119 \u015awi\u0119t\u0105 w niedziel\u0119? Czy si\u0119 modli?<\/b> Czy nie zapomnia\u0142a o Bogu? Bo kiedy ci m\u0142odzi Ludzie byli jeszcze <b>w domu, pod opiek\u0105 Rodzic\u00f3w,<\/b> to i na katechez\u0119 w szkole chodzili, i na Msz\u0119 \u015awi\u0119t\u0105 jako\u015b tam docierali\u2026 Kiedy jednak wyje\u017cd\u017caj\u0105 na studia \u2013 zw\u0142aszcza daleko od domu \u2013 <b>cz\u0119sto wszystko si\u0119 urywa!<\/b> I to nagle, z dnia na dzie\u0144! I to ca\u0142kowicie, radykalnie! <\/span><\/span><\/span><\/p>\n<p align=\"justify\"><span style=\"color: #000000;\"><span style=\"font-family: Book Antiqua, serif;\"><span style=\"font-size: large;\">Dlatego prosz\u0119 Was \u2013 Rodzice, Dziadkowie i Rodziny Student\u00f3w: <b>porozmawiajcie z nimi w domu,<\/b> mo\u017ce przy okazji \u015awi\u0105t, czy tam, gdzie s\u0105, <b>utrzymuj\u0105 kontakt z Bogiem?<\/b> Czy mo\u017ce <b>zainteresowali si\u0119 Duszpasterstwem Akademickim<\/b> na swojej Uczelni? Moi Drodzy, nie wstyd\u017amy si\u0119 podj\u0105\u0107 takiej rozmowy! <b>Nie obawiajmy si\u0119 w\u0142asnych dzieci <\/b>\u2013 nawet ju\u017c studiuj\u0105cych, ale to s\u0105 jednak Wasze Dzieci \u2013 <b>zapyta\u0107, czy nie zapomnia\u0142y o Bogu?<\/b> <\/span><\/span><\/span><\/p>\n<p align=\"justify\"><span style=\"color: #000000;\"><span style=\"font-family: Book Antiqua, serif;\"><span style=\"font-size: large;\">\u017beby nie dochodzi\u0142o do takiej dziwnej i niezrozumia\u0142ej sytuacji, \u017ce <b>we w\u0142asnym domu, we w\u0142asnej rodzinie, <\/b>wobec w\u0142asnych Dzieci czy Wnuk\u00f3w, kr\u0119pujemy si\u0119 lub obawiamy porusza\u0107 spraw najwa\u017cniejszych. <\/span><\/span><\/span><\/p>\n<p align=\"justify\"><span style=\"color: #000000;\"><span style=\"font-family: Book Antiqua, serif;\"><span style=\"font-size: large;\">Dlatego dzisiaj prosz\u0119, aby ten temat <b>by\u0142 na sta\u0142e obecny w naszych rodzinnych rozmowach<\/b> \u2013 podobnie, jak przy ka\u017cdej okazji i danej mi sposobno\u015bci <b>prosz\u0119 Duszpasterzy, <\/b>aby temat ten by\u0142 obecny w codziennej <b>praktyce duszpasterskiej w naszych Parafiach.<\/b> A Wszystkich \u2013 naprawd\u0119, Wszystkich bez wyj\u0105tku \u2013 prosz\u0119, aby ten temat <b>by\u0142 obecny w naszych modlitwach. <\/b><\/span><\/span><\/span><\/p>\n<p align=\"justify\"><span style=\"color: #000000;\"><span style=\"font-family: Book Antiqua, serif;\"><span style=\"font-size: large;\">Prosz\u0119 Wszystkich, by\u015bmy w sprawie duszpasterstwa akademickiego po\u0142\u0105czyli si\u0142y,<b> <\/b><b>by\u015bcie podzielili ze mn\u0105 <\/b><b>trosk<\/b><b>\u0119<\/b><b> o nasz\u0105 M\u0142odzie\u017c,<\/b> by\u015bmy razem zainteresowali si\u0119 Ich wiar\u0105 i ich postaw\u0105 \u2013 aby\u015bmy <b>zaanga\u017cowali si\u0119 w to<\/b><b> wszyscy!<\/b> Sam Duszpasterz Akademicki z pewno\u015bci\u0105 <b>niczego<\/b> <b>nie zdzia\u0142a,<\/b> je\u017celi wszyscy nie poczujemy si\u0119 za t\u0119 spraw\u0119 odpowiedzialni! A jest to sprawa, kt\u00f3ra \u2013 wbrew pozorom \u2013 <b>nie dotyczy tylko jakiej\u015b ma\u0142ej grupki os\u00f3b. <\/b><\/span><\/span><\/span><\/p>\n<p align=\"justify\"><span style=\"color: #000000;\"><span style=\"font-family: Book Antiqua, serif;\"><span style=\"font-size: large;\">Przecie\u017c w wi\u0119kszo\u015bci naszych Rodzin \u2013 mo\u017ce tych Rodzin dalszych \u2013 s\u0105 Studenci. A nawet, je\u017celi nie ma ich w naszej Rodzinie, to <b>s\u0105 w naszej Rodzinie parafialnej,<\/b> a to ju\u017c mobilizuje nas do podj\u0119cia tej wsp\u00f3lnej troski \u2013 do troski o <b>Narodzenie Jezusa w sercach naszej M\u0142odzie\u017cy, w sercach naszych Student\u00f3w<\/b> \u2013 i wszystkich Cz\u0142onk\u00f3w \u015arodowiska Akademickiego.<\/span><\/span><\/span><\/p>\n<p align=\"justify\"><span style=\"color: #000000;\"><span style=\"font-family: Book Antiqua, serif;\"><span style=\"font-size: large;\">Podobnie, jak w sercu <b>ka\u017cdej i ka\u017cdego z nas,<\/b> o czym dzisiaj sobie rozwa\u017camy. I w\u0142a\u015bnie w tej kwestii teraz stawiamy sobie takie oto pytania do refleksji:<\/span><\/span><\/span><\/p>\n<p align=\"justify\"><span style=\"color: #000000;\">\u25ba<span style=\"font-family: Book Antiqua, serif;\"><span style=\"font-size: large;\">Czy pami\u0119tam, \u017ce to B\u00f3g okazuje mi swoj\u0105 \u0142ask\u0119, zapraszaj\u0105c mnie do wiary, i w zwi\u0105zku z tym czy nie robi\u0119 Mu \u0142aski, \u017ce praktykuj\u0119 wiar\u0119? <\/span><\/span><\/span><\/p>\n<p align=\"justify\"><span style=\"color: #000000;\">\u25ba<span style=\"font-family: Book Antiqua, serif;\"><span style=\"font-size: large;\">Czy zawsze pami\u0119tam, \u017ce B\u00f3g jest \u017cyw\u0105 i prawdziw\u0105 Osob\u0105, realnie obecn\u0105 tu i teraz, w ka\u017cdej chwili mojego \u017cycia?<\/span><\/span><\/span><\/p>\n<p align=\"justify\"><span style=\"color: #000000;\">\u25ba<span style=\"font-family: Book Antiqua, serif;\"><span style=\"font-size: large;\">Czy moja wiara nie ogranicza si\u0119 tylko do zewn\u0119trznych, p\u0142ytkich i pospiesznie spe\u0142nianych praktyk?<\/span><\/span><\/span><\/p>\n<p align=\"justify\"><span style=\"color: #000000;\"><span style=\"font-family: Book Antiqua, serif;\"><span style=\"font-size: large;\">I ostatnie pytanie \u2013 zapowiadane wcze\u015bniej: <b>pytanie o postanowienie.<\/b> Moi Drodzy, o jakie postanowienie tu chodzi? <\/span><\/span><\/span><\/p>\n<p align=\"justify\"><span style=\"color: #000000;\"><span style=\"font-family: Book Antiqua, serif;\"><span style=\"font-size: medium;\"><span style=\"font-size: large;\">Przede wszystkim o takie, <\/span><span style=\"font-size: large;\"><b>jakie jest nam <\/b><\/span><span style=\"font-size: large;\"><b>osobi\u015bcie naprawd\u0119 <\/b><\/span><span style=\"font-size: large;\"><b>potrzebne,<\/b><\/span><span style=\"font-size: large;\"> jakiego domaga si\u0119 nasza sytuacja i nasza postawa. Czyli \u2013 niekoniecznie <\/span><span style=\"font-size: large;\">b\u0119dzie to<\/span><span style=\"font-size: large;\">, na przyk\u0142ad, zwyczajowe niejedzenie s\u0142odyczy, albo niejedzenie kolacji. To ma by\u0107 <\/span><span style=\"font-size: large;\"><b>l<\/b><\/span><b><span style=\"font-size: large;\"><span lang=\"pl-PL\">ekarstwo adekwatne do choroby<\/span><\/span><\/b><span style=\"font-size: large;\"><span lang=\"pl-PL\"> \u2013 <\/span><\/span><span style=\"font-size: large;\"><span lang=\"pl-PL\">tak, jak <\/span><\/span><span style=\"font-size: large;\"><span lang=\"pl-PL\">na b\u00f3l z\u0119ba nie zak\u0142ada si\u0119 opaski uciskowej na nog\u0119, <\/span><\/span><span style=\"font-size: large;\"><span lang=\"pl-PL\">tak nasze postanowienie ma dotyczy\u0107 tego, co w naszej postawie <\/span><\/span><b><span style=\"font-size: large;\"><span lang=\"pl-PL\">najbardziej niedomaga.<\/span><\/span><\/b> <\/span><\/span><\/span><\/p>\n<p align=\"justify\"><span style=\"color: #000000;\"><span style=\"font-family: Book Antiqua, serif;\"><span style=\"font-size: medium;\"><span style=\"font-size: large;\"><span lang=\"pl-PL\">Ma to by\u0107 postanowienie <\/span><\/span><b><span style=\"font-size: large;\"><span lang=\"pl-PL\">o<\/span><\/span><\/b><b><span style=\"font-size: large;\"><span lang=\"pl-PL\">dwa\u017cne<\/span><\/span><\/b><span style=\"font-size: large;\"><span lang=\"pl-PL\"> \u2013 bierzemy si\u0119 za to, co naprawd\u0119 <\/span><\/span><b><span style=\"font-size: large;\"><span lang=\"pl-PL\">wa\u017cne, wr\u0119cz najwa\u017cniejsze<\/span><\/span><\/b><span style=\"font-size: large;\"><span lang=\"pl-PL\"> i powoduje inne grzechy, <\/span><\/span><span style=\"font-size: large;\"><span lang=\"pl-PL\">chocia\u017c wiadomym b\u0119dzie, \u017ce p<\/span><\/span><span style=\"font-size: large;\"><span lang=\"pl-PL\">raca nad tym <\/span><\/span><b><span style=\"font-size: large;\"><span lang=\"pl-PL\">troch\u0119 zaboli i b\u0119dzie kosztowa\u0142a,<\/span><\/span><\/b><span style=\"font-size: large;\"><span lang=\"pl-PL\"> ale to dopiero w\u00f3wczas b\u0119dzie praca skutecz<\/span><\/span><span style=\"font-size: large;\"><span lang=\"pl-PL\">na. <\/span><\/span><\/span><\/span><\/span><\/p>\n<p align=\"justify\"><span style=\"color: #000000;\"><span style=\"font-family: Book Antiqua, serif;\"><span style=\"font-size: medium;\"><span style=\"font-size: large;\"><span lang=\"pl-PL\">Bierzemy si\u0119 <\/span><\/span><b><span style=\"font-size: large;\"><span lang=\"pl-PL\">za jedn\u0105 spraw\u0119, a nie pi\u0119\u0107 naraz.<\/span><\/span><\/b><span style=\"font-size: large;\"><span lang=\"pl-PL\"> Innych dogl\u0105damy, ale bierzemy si\u0119 za jedn\u0105. <\/span><\/span><span style=\"font-size: large;\"><span lang=\"pl-PL\">Mo\u017cemy to sobie z<\/span><\/span><span style=\"font-size: large;\"><span lang=\"pl-PL\">apis<\/span><\/span><span style=\"font-size: large;\"><span lang=\"pl-PL\">a\u0107, natomiast koniecznie musimy za<\/span><\/span><span style=\"font-size: large;\"><span lang=\"pl-PL\">pami\u0119ta<\/span><\/span><span style=\"font-size: large;\"><span lang=\"pl-PL\">\u0107, co postanowili\u015bmy, i ci\u0105gle to sobie <\/span><\/span><span style=\"font-size: large;\"><span lang=\"pl-PL\"> przypomina<\/span><\/span><span style=\"font-size: large;\"><span lang=\"pl-PL\">\u0107<\/span><\/span><span style=\"font-size: large;\"><span lang=\"pl-PL\">. <\/span><\/span><span style=\"font-size: large;\"><span lang=\"pl-PL\">Musimy mie\u0107 te\u017c \u015bwiadomo\u015b\u0107, \u017ce <\/span><\/span><b><span style=\"font-size: large;\"><span lang=\"pl-PL\">m<\/span><\/span><\/b><b><span style=\"font-size: large;\"><span lang=\"pl-PL\">o\u017ce <\/span><\/span><\/b><b><span style=\"font-size: large;\"><span lang=\"pl-PL\">si\u0119 nie udawa\u0107<\/span><\/span><\/b> <span style=\"font-size: large;\"><span lang=\"pl-PL\">dotrzymanie od razu tego postanowienia <\/span><\/span><span style=\"font-size: large;\"><span lang=\"pl-PL\">\u2013 nawet na pewno nie <\/span><\/span><span style=\"font-size: large;\"><span lang=\"pl-PL\">wszystko si\u0119 uda.<\/span><\/span> <b><span style=\"font-size: large;\"><span lang=\"pl-PL\">Nie za\u0142amujemy si\u0119 <\/span><\/span><\/b><span style=\"font-size: large;\"><span lang=\"pl-PL\">jednak<\/span><\/span><span style=\"font-size: large;\"><span lang=\"pl-PL\"> i nie rezygnujemy z prac<\/span><\/span><span style=\"font-size: large;\"><span lang=\"pl-PL\">y<\/span><\/span><span style=\"font-size: large;\"><span lang=\"pl-PL\"> \u2013 <\/span><\/span><span style=\"font-size: large;\"><span lang=\"pl-PL\">stosujmy <\/span><\/span><span style=\"font-size: large;\"><span lang=\"pl-PL\">metod<\/span><\/span><span style=\"font-size: large;\"><span lang=\"pl-PL\">\u0119<\/span><\/span><span style=\"font-size: large;\"><span lang=\"pl-PL\"> ma\u0142ych krok\u00f3w. <\/span><\/span><\/span><\/span><\/span><\/p>\n<p align=\"justify\"><span style=\"color: #000000;\"><span style=\"font-family: Book Antiqua, serif;\"><span style=\"font-size: medium;\"><b><span style=\"font-size: large;\"><span lang=\"pl-PL\">M\u00f3dlmy si\u0119<\/span><\/span><\/b><span style=\"font-size: large;\"><span lang=\"pl-PL\"> o wype\u0142nienie tego\u017c postanowienia. I wspominajmy o nim na kolejnych Spowiedziach. Pami\u0119tajmy, \u017ce jest to <\/span><\/span><b><span style=\"font-size: large;\"><span lang=\"pl-PL\">zadanie na jaki\u015b d\u0142u\u017cszy czas, <\/span><\/span><\/b><span style=\"font-size: large;\"><span lang=\"pl-PL\">nie na jeden dzie\u0144. I wreszcie pami\u0119tajmy, \u017ce jest<\/span><\/span><span style=\"font-size: large;\"><span lang=\"pl-PL\"> to w ko\u0144cu <\/span><\/span><b><span style=\"font-size: large;\"><span lang=\"pl-PL\">postanowienie przed Bogiem. <\/span><\/span><\/b><span style=\"font-size: large;\"><span lang=\"pl-PL\">Dlatego naprawd\u0119 trzeba je potraktowa\u0107 powa\u017cnie. <\/span><\/span><\/span><\/span><\/span><\/p>\n<p align=\"justify\"><span style=\"color: #000000;\"><span style=\"font-family: Book Antiqua, serif;\"><span style=\"font-size: medium;\"><span style=\"font-size: large;\"><span lang=\"pl-PL\">Jakie to wi\u0119c mo\u017ce by\u0107 postanowienie? <\/span><\/span><span style=\"font-size: large;\"><span lang=\"pl-PL\">Na pewno, n<\/span><\/span><span style=\"font-size: large;\"><span lang=\"pl-PL\">ie mo\u017ce to by\u0107 stwierdzenie: <\/span><\/span><b><span style=\"font-size: large;\"><span lang=\"pl-PL\">\u201eB\u0119d\u0119 lepszy!\u201d,<\/span><\/span><\/b><span style=\"font-size: large;\"><span lang=\"pl-PL\"> albo: <\/span><\/span><b><span style=\"font-size: large;\"><span lang=\"pl-PL\">\u201ePoprawi\u0119 si\u0119\u201d;<\/span><\/span><\/b><span style=\"font-size: large;\"><span lang=\"pl-PL\"> albo: <\/span><\/span><b><span style=\"font-size: large;\"><span lang=\"pl-PL\">\u201eCo\u015b tam w \u017cyciu zmieni\u0119\u201d. <\/span><\/span><\/b><span style=\"font-size: large;\"><span lang=\"pl-PL\">Nie, to musi by\u0107 co\u015b bardzo konkretnego? Na przyk\u0142ad \u2013 co? <\/span><\/span><\/span><\/span><\/span><\/p>\n<p align=\"justify\"><span style=\"color: #000000;\"><span style=\"font-family: Book Antiqua, serif;\"><span style=\"font-size: medium;\"><span style=\"font-size: large;\"><span lang=\"pl-PL\">A chocia\u017cby: <\/span><\/span><b><span style=\"font-size: large;\"><span lang=\"pl-PL\">c<\/span><\/span><\/b><b><span style=\"font-size: large;\"><span lang=\"pl-PL\">odzienna<\/span><\/span><\/b> <b><span style=\"font-size: large;\"><span lang=\"pl-PL\">modlitwa,<\/span><\/span><\/b><span style=\"font-size: large;\"><span lang=\"pl-PL\"> tak\u017ce w ci\u0105gu dnia. <\/span><\/span><span style=\"font-size: large;\"><span lang=\"pl-PL\">Albo <\/span><\/span><b><span style=\"font-size: large;\"><span lang=\"pl-PL\">Msza \u015awi\u0119ta \u2013 ale poza niedziel\u0105,<\/span><\/span><\/b> <span style=\"font-size: large;\"><span lang=\"pl-PL\">bo niedzieln\u0105 uznajemy za co\u015b oczywistego. Albo <\/span><\/span><b><span style=\"font-size: large;\"><span lang=\"pl-PL\">s<\/span><\/span><\/b><b><span style=\"font-size: large;\"><span lang=\"pl-PL\">ta\u0142y<\/span><\/span><\/b> <b><span style=\"font-size: large;\"><span lang=\"pl-PL\">stan<\/span><\/span><\/b> <b><span style=\"font-size: large;\"><span lang=\"pl-PL\">\u0142aski<\/span><\/span><\/b> <b><span style=\"font-size: large;\"><span lang=\"pl-PL\">u\u015bwi\u0119caj\u0105cej<\/span><\/span><\/b><span style=\"font-size: large;\"><span lang=\"pl-PL\"> i sta\u0142a Komunia \u015awi\u0119ta. <\/span><\/span><span style=\"font-size: large;\"><span lang=\"pl-PL\">A mo\u017ce <\/span><\/span><b><span style=\"font-size: large;\"><span lang=\"pl-PL\">p<\/span><\/span><\/b><b><span style=\"font-size: large;\"><span lang=\"pl-PL\">unktualno\u015b\u0107.<\/span><\/span><\/b> <span style=\"font-size: large;\"><span lang=\"pl-PL\">A mo\u017ce o<\/span><\/span><span style=\"font-size: large;\"><span lang=\"pl-PL\">graniczenie <\/span><\/span><b><span style=\"font-size: large;\"><span lang=\"pl-PL\">grzech\u00f3w<\/span><\/span><\/b> <b><span style=\"font-size: large;\"><span lang=\"pl-PL\">j\u0119zyka<\/span><\/span><\/b><span style=\"font-size: large;\"><span lang=\"pl-PL\"> \u2013 plotkowania, <\/span><\/span><span style=\"font-size: large;\"><span lang=\"pl-PL\">albo p<\/span><\/span><span style=\"font-size: large;\"><span lang=\"pl-PL\">owstrzymanie przekle\u0144stw. <\/span><\/span><span style=\"font-size: large;\"><span lang=\"pl-PL\">A mo\u017ce <\/span><\/span><b><span style=\"font-size: large;\"><span lang=\"pl-PL\">c<\/span><\/span><\/b><b><span style=\"font-size: large;\"><span lang=\"pl-PL\">odzienny<\/span><\/span><\/b> <b><span style=\"font-size: large;\"><span lang=\"pl-PL\">czas<\/span><\/span><\/b> <b><span style=\"font-size: large;\"><span lang=\"pl-PL\">dla najbli\u017cszych: <\/span><\/span><\/b><span style=\"font-size: large;\"><span lang=\"pl-PL\">wsp\u00f3lny obiad, wsp\u00f3lna modlitwa, wsp\u00f3lne czytanie Pisma \u015awi\u0119tego. <\/span><\/span><span style=\"font-size: large;\"><span lang=\"pl-PL\">A mo\u017ce <\/span><\/span><b><span style=\"font-size: large;\"><span lang=\"pl-PL\">d<\/span><\/span><\/b><b><span style=\"font-size: large;\"><span lang=\"pl-PL\">otrzymywanie<\/span><\/span><\/b> <b><span style=\"font-size: large;\"><span lang=\"pl-PL\">s\u0142owa<\/span><\/span><\/b><span style=\"font-size: large;\"><span lang=\"pl-PL\"> i sk\u0142adanych obietnic. <\/span><\/span><span style=\"font-size: large;\"><span lang=\"pl-PL\">A mo\u017ce o<\/span><\/span><span style=\"font-size: large;\"><span lang=\"pl-PL\">graniczenie czasu przed telewizorem lub komputerem. <\/span><\/span><span style=\"font-size: large;\"><span lang=\"pl-PL\">A mo\u017ce systematyczne <\/span><\/span><b><span style=\"font-size: large;\"><span lang=\"pl-PL\">s<\/span><\/span><\/b><b><span style=\"font-size: large;\"><span lang=\"pl-PL\">pot<\/span><\/span><\/b><b><span style=\"font-size: large;\"><span lang=\"pl-PL\">y<\/span><\/span><\/b><b><span style=\"font-size: large;\"><span lang=\"pl-PL\">kanie<\/span><\/span><\/b> <b><span style=\"font-size: large;\"><span lang=\"pl-PL\">z<\/span><\/span><\/b> <b><span style=\"font-size: large;\"><span lang=\"pl-PL\">chorymi<\/span><\/span><\/b><span style=\"font-size: large;\"><span lang=\"pl-PL\">, samotnymi <\/span><\/span><span style=\"font-size: large;\"><span lang=\"pl-PL\">z naszego otoczenia\u2026 A mo\u017ce jeszcze co\u015b innego\u2026 <\/span><\/span><\/span><\/span><\/span><\/p>\n<p align=\"justify\"><span style=\"color: #000000;\"><span style=\"font-family: Book Antiqua, serif;\"><span style=\"font-size: medium;\"><span style=\"font-size: large;\"><span lang=\"pl-PL\">Z pewno\u015bci\u0105, propozycji takich mo\u017cna by mno\u017cy\u0107 wiele. Zechciejmy zatem teraz wybra\u0107 jedn\u0105 i odpowiedzie\u0107 na pytanie: <\/span><\/span><\/span><\/span><\/span><\/p>\n<p align=\"justify\"><span style=\"color: #000000;\">\u25ba<span style=\"font-family: Book Antiqua, serif;\"><span style=\"font-size: medium;\"><b><span style=\"font-size: large;\"><span lang=\"pl-PL\">Jakie b\u0119dzie moje osobiste, konkretne, d\u0142ugoterminowe \u2013 postanowienie z tych Rekolekcji?\u2026 <\/span><\/span><\/b><\/span><\/span><\/span><\/p>\n<p align=\"justify\"><span style=\"color: #000000;\"><span style=\"font-family: Book Antiqua, serif;\"><span style=\"font-size: medium;\"><span style=\"font-size: large;\"><span lang=\"pl-PL\">I dzisiejsz\u0105 prac\u0105 domow\u0105 b\u0119dzie rozpocz\u0119cie \u2013 ju\u017c dzisiaj \u2013 realizacji podj\u0119tego postanowienia. A jak si\u0119 nam uda\u0142a wczorajsza praca domowa?<\/span><\/span><\/span><\/span><\/span><\/p>\n<p align=\"justify\"><span style=\"color: #000000;\"><span style=\"font-family: Book Antiqua, serif;\"><span style=\"font-size: medium;\"><b><span style=\"font-size: large;\"><span lang=\"pl-PL\">Z NARODZENIEM JEZUSA CHRYSTUSA BY\u0141O TAK. <\/span><\/span><\/b><span style=\"font-size: large;\"><span lang=\"pl-PL\">No w\u0142a\u015bnie \u2013 jak? Jak to jest z tym Twoim Narodzeniem, Panie Jezu, <\/span><\/span><b><span style=\"font-size: large;\"><span lang=\"pl-PL\">w spo\u0142eczno\u015bci,<\/span><\/span><\/b><span style=\"font-size: large;\"><span lang=\"pl-PL\"> w kt\u00f3rej \u017cyj\u0119; <\/span><\/span><b><span style=\"font-size: large;\"><span lang=\"pl-PL\">w mojej Rodzinie; <\/span><\/span><\/b><span style=\"font-size: large;\"><span lang=\"pl-PL\">a wreszcie tak\u017ce \u2013 i przede wszystkim \u2013 <\/span><\/span><b><span style=\"font-size: large;\"><span lang=\"pl-PL\">w moim sercu?<\/span><\/span><\/b><span style=\"font-size: large;\"><span lang=\"pl-PL\"> Czy wsz\u0119dzie tam <\/span><\/span><b><span style=\"font-size: large;\"><span lang=\"pl-PL\">masz ju\u017c przestrze\u0144 <\/span><\/span><\/b><span style=\"font-size: large;\"><span lang=\"pl-PL\">do tego, by si\u0119 m\u00f3c narodzi\u0107, by na sta\u0142e zamieszka\u0107?\u2026 <\/span><\/span><\/span><\/span><\/span><\/p>\n<p align=\"justify\"><span style=\"color: #000000;\"><span style=\"font-family: Book Antiqua, serif;\"><span style=\"font-size: medium;\"><span style=\"font-size: large;\"><span lang=\"pl-PL\">Dlatego dzisiaj prosz\u0119 Ci\u0119, Panie Jezu, ca\u0142ym sercem: <\/span><\/span><b><span style=\"font-size: large;\"><span lang=\"pl-PL\">Przyjd\u017a! Przyjd\u017a, Panie Jezu, bo bez Ciebie sobie nie poradzimy\u2026 <\/span><\/span><\/b><\/span><\/span><\/span><\/p>\n<p align=\"justify\"><span style=\"color: #000000;\"><span style=\"font-family: Book Antiqua, serif;\"><span style=\"font-size: medium;\"><span style=\"font-size: large;\"><span lang=\"pl-PL\">Amen<\/span><\/span><\/span><\/span><\/span><\/p>\n","protected":false},"excerpt":{"rendered":"<p>Niech b\u0119dzie pochwalony Jezus Chrystus! Moi Drodzy, w dniu dzisiejszym imieniny obchodz\u0105: \u25baKsi\u0105dz Bogus\u0142aw Filipiuk \u2013 m\u00f3j Kolega kursowy, Wicedziekan naszego Kursu i Proboszcz Parafii Samogoszcz; prze\u017cywaj\u0105cy dzi\u015b tak\u017ce swoje urodziny; \u25baKsi\u0105dz Bogus\u0142aw Sawaryn \u2013 Proboszcz Parafii \u015awi\u0119tego Maksymiliana w Szklarskiej Por\u0119bie, czyli \u201enaszej\u201d Parafii, do kt\u00f3rej zawsze je\u017adzimy; \u25baOjciec Bogus\u0142aw N\u0119dza \u2013 Kapucyn, m\u00f3j [&hellip;]<\/p>\n","protected":false},"author":1,"featured_media":0,"comment_status":"open","ping_status":"open","sticky":false,"template":"","format":"standard","meta":{"jetpack_post_was_ever_published":false,"_jetpack_newsletter_access":"","_jetpack_dont_email_post_to_subs":false,"_jetpack_newsletter_tier_id":0,"_jetpack_memberships_contains_paywalled_content":false,"_jetpack_memberships_contains_paid_content":false,"footnotes":""},"categories":[1],"tags":[],"class_list":["post-21206","post","type-post","status-publish","format-standard","hentry","category-bez-kategorii"],"yoast_head":"<!-- This site is optimized with the Yoast SEO plugin v25.1 - https:\/\/yoast.com\/wordpress\/plugins\/seo\/ -->\n<title>Emmanuel - B\u00f3g z inicjatyw\u0105! - Gaudium Et Spes<\/title>\n<meta name=\"robots\" content=\"index, follow, max-snippet:-1, max-image-preview:large, max-video-preview:-1\" \/>\n<link rel=\"canonical\" href=\"https:\/\/gaudiumetspes-blog.pl\/index.php\/2022\/12\/18\/emmanuel-bog-z-inicjatywa\/\" \/>\n<meta property=\"og:locale\" content=\"pl_PL\" \/>\n<meta property=\"og:type\" content=\"article\" \/>\n<meta property=\"og:title\" content=\"Emmanuel - B\u00f3g z inicjatyw\u0105! - Gaudium Et Spes\" \/>\n<meta property=\"og:description\" content=\"Niech b\u0119dzie pochwalony Jezus Chrystus! Moi Drodzy, w dniu dzisiejszym imieniny obchodz\u0105: \u25baKsi\u0105dz Bogus\u0142aw Filipiuk \u2013 m\u00f3j Kolega kursowy, Wicedziekan naszego Kursu i Proboszcz Parafii Samogoszcz; prze\u017cywaj\u0105cy dzi\u015b tak\u017ce swoje urodziny; \u25baKsi\u0105dz Bogus\u0142aw Sawaryn \u2013 Proboszcz Parafii \u015awi\u0119tego Maksymiliana w Szklarskiej Por\u0119bie, czyli \u201enaszej\u201d Parafii, do kt\u00f3rej zawsze je\u017adzimy; \u25baOjciec Bogus\u0142aw N\u0119dza \u2013 Kapucyn, m\u00f3j [&hellip;]\" \/>\n<meta property=\"og:url\" content=\"https:\/\/gaudiumetspes-blog.pl\/index.php\/2022\/12\/18\/emmanuel-bog-z-inicjatywa\/\" \/>\n<meta property=\"og:site_name\" content=\"Gaudium Et Spes\" \/>\n<meta property=\"article:published_time\" content=\"2022-12-18T07:01:21+00:00\" \/>\n<meta name=\"author\" content=\"Ks. Jacek\" \/>\n<meta name=\"twitter:card\" content=\"summary_large_image\" \/>\n<meta name=\"twitter:label1\" content=\"Napisane przez\" \/>\n\t<meta name=\"twitter:data1\" content=\"Ks. Jacek\" \/>\n\t<meta name=\"twitter:label2\" content=\"Szacowany czas czytania\" \/>\n\t<meta name=\"twitter:data2\" content=\"25 minut\" \/>\n<script type=\"application\/ld+json\" class=\"yoast-schema-graph\">{\"@context\":\"https:\/\/schema.org\",\"@graph\":[{\"@type\":\"WebPage\",\"@id\":\"https:\/\/gaudiumetspes-blog.pl\/index.php\/2022\/12\/18\/emmanuel-bog-z-inicjatywa\/\",\"url\":\"https:\/\/gaudiumetspes-blog.pl\/index.php\/2022\/12\/18\/emmanuel-bog-z-inicjatywa\/\",\"name\":\"Emmanuel - B\u00f3g z inicjatyw\u0105! - Gaudium Et Spes\",\"isPartOf\":{\"@id\":\"https:\/\/gaudiumetspes-blog.pl\/#website\"},\"datePublished\":\"2022-12-18T07:01:21+00:00\",\"author\":{\"@id\":\"https:\/\/gaudiumetspes-blog.pl\/#\/schema\/person\/1661982992b752dea8dff0d4ed845a65\"},\"breadcrumb\":{\"@id\":\"https:\/\/gaudiumetspes-blog.pl\/index.php\/2022\/12\/18\/emmanuel-bog-z-inicjatywa\/#breadcrumb\"},\"inLanguage\":\"pl-PL\",\"potentialAction\":[{\"@type\":\"ReadAction\",\"target\":[\"https:\/\/gaudiumetspes-blog.pl\/index.php\/2022\/12\/18\/emmanuel-bog-z-inicjatywa\/\"]}]},{\"@type\":\"BreadcrumbList\",\"@id\":\"https:\/\/gaudiumetspes-blog.pl\/index.php\/2022\/12\/18\/emmanuel-bog-z-inicjatywa\/#breadcrumb\",\"itemListElement\":[{\"@type\":\"ListItem\",\"position\":1,\"name\":\"Strona g\u0142\u00f3wna\",\"item\":\"https:\/\/gaudiumetspes-blog.pl\/\"},{\"@type\":\"ListItem\",\"position\":2,\"name\":\"Emmanuel &#8211; B\u00f3g z&nbsp;inicjatyw\u0105!\"}]},{\"@type\":\"WebSite\",\"@id\":\"https:\/\/gaudiumetspes-blog.pl\/#website\",\"url\":\"https:\/\/gaudiumetspes-blog.pl\/\",\"name\":\"Gaudium Et Spes\",\"description\":\"Blog Ks. Jacka Ja\u015bkowskiego\",\"potentialAction\":[{\"@type\":\"SearchAction\",\"target\":{\"@type\":\"EntryPoint\",\"urlTemplate\":\"https:\/\/gaudiumetspes-blog.pl\/?s={search_term_string}\"},\"query-input\":{\"@type\":\"PropertyValueSpecification\",\"valueRequired\":true,\"valueName\":\"search_term_string\"}}],\"inLanguage\":\"pl-PL\"},{\"@type\":\"Person\",\"@id\":\"https:\/\/gaudiumetspes-blog.pl\/#\/schema\/person\/1661982992b752dea8dff0d4ed845a65\",\"name\":\"Ks. Jacek\",\"image\":{\"@type\":\"ImageObject\",\"inLanguage\":\"pl-PL\",\"@id\":\"https:\/\/gaudiumetspes-blog.pl\/#\/schema\/person\/image\/\",\"url\":\"https:\/\/gaudiumetspes-blog.pl\/wp-content\/uploads\/2019\/07\/avatar-JJ-150x150.jpg\",\"contentUrl\":\"https:\/\/gaudiumetspes-blog.pl\/wp-content\/uploads\/2019\/07\/avatar-JJ-150x150.jpg\",\"caption\":\"Ks. Jacek\"},\"description\":\"Witam serdecznie! K\u0142ania si\u0119 Ks. Jacek Ja\u015bkowski. Nie jestem ani kim\u015b wa\u017cnym, ani kim\u015b znanym. Jestem ksi\u0119dzem, kt\u00f3ry po prostu chce rozmawia\u0107. Codzienna kap\u0142a\u0144ska pos\u0142uga pokazuje mi, \u017ce temat\u00f3w do rozm\u00f3w z ksi\u0119dzem jest coraz wi\u0119cej i dzisiaj \u017caden ksi\u0105dz nie mo\u017ce od nich ucieka\u0107, ale - wprost przeciwnie - podejmowa\u0107 nowe wyzwania. To przekonanie sk\u0142oni\u0142o mnie do pr\u00f3by otwarcia tego\u017c bloga, chocia\u017c okazji do rozm\u00f3w na co dzie\u0144 - w konfesjonale i poza nim - na szcz\u0119\u015bcie nie brakuje. My\u015bl\u0119 jednak, \u017ce ten blog b\u0119dzie jeszcze jednym sposobem i przestrzeni\u0105 nawi\u0105zania kontaktu z lud\u017ami dobrej woli, otwartymi na dialog.\",\"url\":\"https:\/\/gaudiumetspes-blog.pl\/index.php\/author\/ks-jacek\/\"}]}<\/script>\n<!-- \/ Yoast SEO plugin. -->","yoast_head_json":{"title":"Emmanuel - B\u00f3g z inicjatyw\u0105! - Gaudium Et Spes","robots":{"index":"index","follow":"follow","max-snippet":"max-snippet:-1","max-image-preview":"max-image-preview:large","max-video-preview":"max-video-preview:-1"},"canonical":"https:\/\/gaudiumetspes-blog.pl\/index.php\/2022\/12\/18\/emmanuel-bog-z-inicjatywa\/","og_locale":"pl_PL","og_type":"article","og_title":"Emmanuel - B\u00f3g z inicjatyw\u0105! - Gaudium Et Spes","og_description":"Niech b\u0119dzie pochwalony Jezus Chrystus! Moi Drodzy, w dniu dzisiejszym imieniny obchodz\u0105: \u25baKsi\u0105dz Bogus\u0142aw Filipiuk \u2013 m\u00f3j Kolega kursowy, Wicedziekan naszego Kursu i Proboszcz Parafii Samogoszcz; prze\u017cywaj\u0105cy dzi\u015b tak\u017ce swoje urodziny; \u25baKsi\u0105dz Bogus\u0142aw Sawaryn \u2013 Proboszcz Parafii \u015awi\u0119tego Maksymiliana w Szklarskiej Por\u0119bie, czyli \u201enaszej\u201d Parafii, do kt\u00f3rej zawsze je\u017adzimy; \u25baOjciec Bogus\u0142aw N\u0119dza \u2013 Kapucyn, m\u00f3j [&hellip;]","og_url":"https:\/\/gaudiumetspes-blog.pl\/index.php\/2022\/12\/18\/emmanuel-bog-z-inicjatywa\/","og_site_name":"Gaudium Et Spes","article_published_time":"2022-12-18T07:01:21+00:00","author":"Ks. Jacek","twitter_card":"summary_large_image","twitter_misc":{"Napisane przez":"Ks. Jacek","Szacowany czas czytania":"25 minut"},"schema":{"@context":"https:\/\/schema.org","@graph":[{"@type":"WebPage","@id":"https:\/\/gaudiumetspes-blog.pl\/index.php\/2022\/12\/18\/emmanuel-bog-z-inicjatywa\/","url":"https:\/\/gaudiumetspes-blog.pl\/index.php\/2022\/12\/18\/emmanuel-bog-z-inicjatywa\/","name":"Emmanuel - B\u00f3g z inicjatyw\u0105! - Gaudium Et Spes","isPartOf":{"@id":"https:\/\/gaudiumetspes-blog.pl\/#website"},"datePublished":"2022-12-18T07:01:21+00:00","author":{"@id":"https:\/\/gaudiumetspes-blog.pl\/#\/schema\/person\/1661982992b752dea8dff0d4ed845a65"},"breadcrumb":{"@id":"https:\/\/gaudiumetspes-blog.pl\/index.php\/2022\/12\/18\/emmanuel-bog-z-inicjatywa\/#breadcrumb"},"inLanguage":"pl-PL","potentialAction":[{"@type":"ReadAction","target":["https:\/\/gaudiumetspes-blog.pl\/index.php\/2022\/12\/18\/emmanuel-bog-z-inicjatywa\/"]}]},{"@type":"BreadcrumbList","@id":"https:\/\/gaudiumetspes-blog.pl\/index.php\/2022\/12\/18\/emmanuel-bog-z-inicjatywa\/#breadcrumb","itemListElement":[{"@type":"ListItem","position":1,"name":"Strona g\u0142\u00f3wna","item":"https:\/\/gaudiumetspes-blog.pl\/"},{"@type":"ListItem","position":2,"name":"Emmanuel &#8211; B\u00f3g z&nbsp;inicjatyw\u0105!"}]},{"@type":"WebSite","@id":"https:\/\/gaudiumetspes-blog.pl\/#website","url":"https:\/\/gaudiumetspes-blog.pl\/","name":"Gaudium Et Spes","description":"Blog Ks. Jacka Ja\u015bkowskiego","potentialAction":[{"@type":"SearchAction","target":{"@type":"EntryPoint","urlTemplate":"https:\/\/gaudiumetspes-blog.pl\/?s={search_term_string}"},"query-input":{"@type":"PropertyValueSpecification","valueRequired":true,"valueName":"search_term_string"}}],"inLanguage":"pl-PL"},{"@type":"Person","@id":"https:\/\/gaudiumetspes-blog.pl\/#\/schema\/person\/1661982992b752dea8dff0d4ed845a65","name":"Ks. Jacek","image":{"@type":"ImageObject","inLanguage":"pl-PL","@id":"https:\/\/gaudiumetspes-blog.pl\/#\/schema\/person\/image\/","url":"https:\/\/gaudiumetspes-blog.pl\/wp-content\/uploads\/2019\/07\/avatar-JJ-150x150.jpg","contentUrl":"https:\/\/gaudiumetspes-blog.pl\/wp-content\/uploads\/2019\/07\/avatar-JJ-150x150.jpg","caption":"Ks. Jacek"},"description":"Witam serdecznie! K\u0142ania si\u0119 Ks. Jacek Ja\u015bkowski. Nie jestem ani kim\u015b wa\u017cnym, ani kim\u015b znanym. Jestem ksi\u0119dzem, kt\u00f3ry po prostu chce rozmawia\u0107. Codzienna kap\u0142a\u0144ska pos\u0142uga pokazuje mi, \u017ce temat\u00f3w do rozm\u00f3w z ksi\u0119dzem jest coraz wi\u0119cej i dzisiaj \u017caden ksi\u0105dz nie mo\u017ce od nich ucieka\u0107, ale - wprost przeciwnie - podejmowa\u0107 nowe wyzwania. To przekonanie sk\u0142oni\u0142o mnie do pr\u00f3by otwarcia tego\u017c bloga, chocia\u017c okazji do rozm\u00f3w na co dzie\u0144 - w konfesjonale i poza nim - na szcz\u0119\u015bcie nie brakuje. My\u015bl\u0119 jednak, \u017ce ten blog b\u0119dzie jeszcze jednym sposobem i przestrzeni\u0105 nawi\u0105zania kontaktu z lud\u017ami dobrej woli, otwartymi na dialog.","url":"https:\/\/gaudiumetspes-blog.pl\/index.php\/author\/ks-jacek\/"}]}},"jetpack_featured_media_url":"","jetpack_sharing_enabled":true,"_links":{"self":[{"href":"https:\/\/gaudiumetspes-blog.pl\/index.php\/wp-json\/wp\/v2\/posts\/21206","targetHints":{"allow":["GET"]}}],"collection":[{"href":"https:\/\/gaudiumetspes-blog.pl\/index.php\/wp-json\/wp\/v2\/posts"}],"about":[{"href":"https:\/\/gaudiumetspes-blog.pl\/index.php\/wp-json\/wp\/v2\/types\/post"}],"author":[{"embeddable":true,"href":"https:\/\/gaudiumetspes-blog.pl\/index.php\/wp-json\/wp\/v2\/users\/1"}],"replies":[{"embeddable":true,"href":"https:\/\/gaudiumetspes-blog.pl\/index.php\/wp-json\/wp\/v2\/comments?post=21206"}],"version-history":[{"count":1,"href":"https:\/\/gaudiumetspes-blog.pl\/index.php\/wp-json\/wp\/v2\/posts\/21206\/revisions"}],"predecessor-version":[{"id":21207,"href":"https:\/\/gaudiumetspes-blog.pl\/index.php\/wp-json\/wp\/v2\/posts\/21206\/revisions\/21207"}],"wp:attachment":[{"href":"https:\/\/gaudiumetspes-blog.pl\/index.php\/wp-json\/wp\/v2\/media?parent=21206"}],"wp:term":[{"taxonomy":"category","embeddable":true,"href":"https:\/\/gaudiumetspes-blog.pl\/index.php\/wp-json\/wp\/v2\/categories?post=21206"},{"taxonomy":"post_tag","embeddable":true,"href":"https:\/\/gaudiumetspes-blog.pl\/index.php\/wp-json\/wp\/v2\/tags?post=21206"}],"curies":[{"name":"wp","href":"https:\/\/api.w.org\/{rel}","templated":true}]}}