{"id":21210,"date":"2022-12-20T08:18:38","date_gmt":"2022-12-20T07:18:38","guid":{"rendered":"https:\/\/gaudiumetspes-blog.pl\/?p=21210"},"modified":"2022-12-20T08:18:38","modified_gmt":"2022-12-20T07:18:38","slug":"pros-o-znak-od-pana","status":"publish","type":"post","link":"https:\/\/gaudiumetspes-blog.pl\/index.php\/2022\/12\/20\/pros-o-znak-od-pana\/","title":{"rendered":"Pro\u015b o znak od Pana!"},"content":{"rendered":"<p align=\"justify\"><span style=\"color: #000000;\"><span style=\"font-family: Book Antiqua, serif;\"><span style=\"font-size: large;\">Szcz\u0119\u015b\u0107 Bo\u017ce! Moi Drodzy, wczoraj wspomina\u0142em, \u017ce b\u0119d\u0119 bra\u0142 udzia\u0142 w spotkaniu op\u0142atkowym, w siedzibie naszego Katolickiego Radia Podlasie. Oto dow\u00f3d, \u017ce nie oszukiwa\u0142em:<\/span><\/span><\/span><\/p>\n<p align=\"justify\"><span style=\"color: #000000;\"><span style=\"font-family: Book Antiqua, serif;\"><span style=\"font-size: medium;\"><span style=\"font-size: large;\"><b><a href=\"http:\/\/podlasie24.pl\/\/miasto-siedlce\/kosciol\/przedswiateczne-spotkanie-w-katolickim-radiu-podlasie-36ad0.html\">http:\/\/podlasie24.pl\/\/miasto-siedlce\/kosciol\/przedswiateczne-spotkanie-w-katolickim-radiu-podlasie-36ad0.html<\/a> <\/b><\/span><\/span><\/span><\/span><\/p>\n<p align=\"justify\"><span style=\"color: #000000;\"><span style=\"font-family: Book Antiqua, serif;\"><span style=\"font-size: large;\">A u nas dzisiaj \u2013 ostatni dzie\u0144 Rekolekcji akademickich: dzie\u0144 dobrych postanowie\u0144. I drugi dzie\u0144 Spowiedzi. Nied\u0142ugo zamieszcz\u0119 nagrania nauk rekolekcyjnych Ksi\u0119dza Rafa\u0142 Przezdziaka, kt\u00f3ry b\u0119dziemy mieli dzi\u0119ki inicjatywie Rafa\u0142a Suchodolskiego, za kt\u00f3r\u0105 te\u017c serdecznie dzi\u0119kuj\u0119.<\/span><\/span><\/span><\/p>\n<p align=\"justify\"><span style=\"color: #000000;\"><span style=\"font-family: Book Antiqua, serif;\"><span style=\"font-size: large;\">A teraz ju\u017c zapraszam do pochylenia si\u0119 nad Bo\u017cym s\u0142owem dzisiejszej liturgii. <b>C<\/b><b>o konkretnie m\u00f3wi dzi\u015b do mnie Pan? Z jakim przes\u0142aniem si\u0119 zwraca?<\/b> Duchu \u015awi\u0119ty, pom\u00f3\u017c odczyta\u0107 i zrozumie\u0107.<\/span><\/span><\/span><\/p>\n<p align=\"justify\"><span style=\"color: #000000;\"><span style=\"font-family: Book Antiqua, serif;\"><span style=\"font-size: large;\"><b>Niech Was b\u0142ogos\u0142awi B\u00f3g Wszechmog\u0105cy: Ojciec + i Syn, i Duch \u015awi\u0119ty. Amen<\/b><\/span><\/span><\/span><\/p>\n<p align=\"center\"><span style=\"color: #000000;\"><span style=\"font-family: Book Antiqua, serif;\"><span style=\"font-size: large;\">Gaudium et spes! Ks. Jacek<\/span><\/span><\/span><\/p>\n<p align=\"center\">\n<p align=\"center\">\n<p align=\"center\">\n<p align=\"center\">\n<p align=\"center\">\n<p align=\"justify\"><span style=\"color: #000000;\"><span style=\"font-family: Book Antiqua, serif;\"><span style=\"font-size: large;\"><b>20 grudnia 2022.,<\/b><\/span><\/span><\/span><\/p>\n<p align=\"justify\"><span style=\"color: #000000;\"><span style=\"font-family: Book Antiqua, serif;\"><span style=\"font-size: large;\"><b>do czyta\u0144: Iz 7,10\u201314; \u0141k 1,26\u201338<\/b><\/span><\/span><\/span><\/p>\n<p align=\"justify\">\n<p align=\"justify\">\n<p align=\"justify\">\n<p align=\"justify\">\n<p align=\"justify\">\n<p align=\"justify\"><span style=\"color: #000000;\"><span style=\"font-family: Book Antiqua, serif;\"><span style=\"font-size: large;\"><b>CZYTANIE Z KSI\u0118GI PROROKA IZAJASZA: <\/b><\/span><\/span><\/span><\/p>\n<p align=\"justify\"><span style=\"color: #000000;\"><span style=\"font-family: Book Antiqua, serif;\"><span style=\"font-size: large;\"><b>Pan przem\u00f3wi\u0142 do Achaza tymi s\u0142owami: \u201ePro\u015b dla siebie o znak od Pana, Boga twego, czy to g\u0142\u0119boko w Szeolu, czy to wysoko w g\u00f3rze\u201d. Lecz Achaz odpowiedzia\u0142: \u201eNie b\u0119d\u0119 prosi\u0142 i nie b\u0119d\u0119 wystawia\u0142 Pana na pr\u00f3b\u0119\u201d. <\/b><\/span><\/span><\/span><\/p>\n<p align=\"justify\"><span style=\"color: #000000;\"><span style=\"font-family: Book Antiqua, serif;\"><span style=\"font-size: large;\"><b>Wtedy rzek\u0142 Izajasz: <\/b><\/span><\/span><\/span><\/p>\n<p align=\"justify\"><span style=\"color: #000000;\">\u201e<span style=\"font-family: Book Antiqua, serif;\"><span style=\"font-size: large;\"><b>S\u0142uchajcie wi\u0119c, domu Dawidowy: <\/b><\/span><\/span><\/span><\/p>\n<p align=\"justify\"><span style=\"color: #000000;\"><span style=\"font-family: Book Antiqua, serif;\"><span style=\"font-size: large;\"><b>Czy\u017c ma\u0142o wam <\/b><\/span><\/span><\/span><\/p>\n<p align=\"justify\"><span style=\"color: #000000;\"><span style=\"font-family: Book Antiqua, serif;\"><span style=\"font-size: large;\"><b>naprzykrza\u0107 si\u0119 ludziom, <\/b><\/span><\/span><\/span><\/p>\n<p align=\"justify\"><span style=\"color: #000000;\"><span style=\"font-family: Book Antiqua, serif;\"><span style=\"font-size: large;\"><b>i\u017c naprzykrzacie si\u0119 tak\u017ce mojemu Bogu? <\/b><\/span><\/span><\/span><\/p>\n<p align=\"justify\"><span style=\"color: #000000;\"><span style=\"font-family: Book Antiqua, serif;\"><span style=\"font-size: large;\"><b>Dlatego Pan sam da wam znak: <\/b><\/span><\/span><\/span><\/p>\n<p align=\"justify\"><span style=\"color: #000000;\"><span style=\"font-family: Book Antiqua, serif;\"><span style=\"font-size: large;\"><b>Oto Panna pocznie i porodzi Syna, <\/b><\/span><\/span><\/span><\/p>\n<p align=\"justify\"><span style=\"color: #000000;\"><span style=\"font-family: Book Antiqua, serif;\"><span style=\"font-size: large;\"><b>i nazwie Go imieniem Emmanuel\u201d.<\/b><\/span><\/span><\/span><\/p>\n<p align=\"justify\">\n<p align=\"justify\">\n<p align=\"justify\">\n<p align=\"justify\">\n<p align=\"justify\">\n<p align=\"justify\"><span style=\"color: #000000;\"><span style=\"font-family: Book Antiqua, serif;\"><span style=\"font-size: large;\"><b>S\u0141OWA EWANGELII WED\u0141UG \u015aWI\u0118TEGO \u0141UKASZA: <\/b><\/span><\/span><\/span><\/p>\n<p align=\"justify\"><span style=\"color: #000000;\"><span style=\"font-family: Book Antiqua, serif;\"><span style=\"font-size: large;\"><b>B\u00f3g pos\u0142a\u0142 anio\u0142a Gabriela do miasta w Galilei, zwanego Nazaret, do Dziewicy po\u015blubionej m\u0119\u017cowi, imieniem J\u00f3zef, z rodu Dawida; a Dziewicy by\u0142o na imi\u0119 Maryja. <\/b><\/span><\/span><\/span><\/p>\n<p align=\"justify\"><span style=\"color: #000000;\"><span style=\"font-family: Book Antiqua, serif;\"><span style=\"font-size: large;\"><b>Anio\u0142 wszed\u0142 do Niej i rzek\u0142: \u201eB\u0105d\u017a pozdrowiona, pe\u0142na \u0142aski, Pan z Tob\u0105\u201d. <\/b><\/span><\/span><\/span><\/p>\n<p align=\"justify\"><span style=\"color: #000000;\"><span style=\"font-family: Book Antiqua, serif;\"><span style=\"font-size: large;\"><b>Ona zmiesza\u0142a si\u0119 na te s\u0142owa i rozwa\u017ca\u0142a, co mia\u0142oby znaczy\u0107 to pozdrowienie. <\/b><\/span><\/span><\/span><\/p>\n<p align=\"justify\"><span style=\"color: #000000;\"><span style=\"font-family: Book Antiqua, serif;\"><span style=\"font-size: large;\"><b>Lecz anio\u0142 rzek\u0142 do Niej: \u201eNie b\u00f3j si\u0119, Maryjo, znalaz\u0142a\u015b bowiem \u0142ask\u0119 u Boga. Oto poczniesz i porodzisz Syna, kt\u00f3remu nadasz imi\u0119 Jezus. B\u0119dzie On wielki i b\u0119dzie nazywany Synem Najwy\u017cszego, a Pan B\u00f3g da Mu tron Jego ojca, Dawida. B\u0119dzie panowa\u0142 nad domem Jakuba na wieki, a Jego panowaniu nie b\u0119dzie ko\u0144ca\u201d. <\/b><\/span><\/span><\/span><\/p>\n<p align=\"justify\"><span style=\"color: #000000;\"><span style=\"font-family: Book Antiqua, serif;\"><span style=\"font-size: large;\"><b>Na to Maryja rzek\u0142a do anio\u0142a: \u201eJak\u017ce si\u0119 to stanie, skoro nie znam m\u0119\u017ca?\u201d <\/b><\/span><\/span><\/span><\/p>\n<p align=\"justify\"><span style=\"color: #000000;\"><span style=\"font-family: Book Antiqua, serif;\"><span style=\"font-size: large;\"><b>Anio\u0142 Jej odpowiedzia\u0142: \u201eDuch \u015awi\u0119ty zst\u0105pi na Ciebie i moc Najwy\u017cszego os\u0142oni Ci\u0119. Dlatego te\u017c \u015awi\u0119te, kt\u00f3re si\u0119 narodzi, b\u0119dzie nazwane Synem Bo\u017cym. A oto r\u00f3wnie\u017c krewna Twoja, El\u017cbieta, pocz\u0119\u0142a w swej staro\u015bci syna i jest ju\u017c w sz\u00f3stym miesi\u0105cu ta, kt\u00f3ra uchodzi za niep\u0142odn\u0105. Dla Boga bowiem nie ma nic niemo\u017cliwego\u201d. <\/b><\/span><\/span><\/span><\/p>\n<p align=\"justify\"><span style=\"color: #000000;\"><span style=\"font-family: Book Antiqua, serif;\"><span style=\"font-size: large;\"><b>Na to rzek\u0142a Maryja: \u201eOto ja s\u0142u\u017cebnica Pa\u0144ska, niech mi si\u0119 stanie wed\u0142ug twego s\u0142owa\u201d. Wtedy odszed\u0142 od Niej anio\u0142.<\/b><\/span><\/span><\/span><\/p>\n<p align=\"justify\">\n<p align=\"justify\">\n<p align=\"justify\">\n<p align=\"justify\">\n<p align=\"justify\">\n<p align=\"justify\"><span style=\"color: #000000;\"><span style=\"font-family: Book Antiqua, serif;\"><span style=\"font-size: large;\">Wezwanie, jakie Izajasz skierowa\u0142 do kr\u00f3la Achaza w imieniu Boga, <b>to wielka szansa, <\/b>dana temu niewiernemu kr\u00f3lowi, aby w trudnym po\u0142o\u017ceniu, w jakim znalaz\u0142 si\u0119 on sam i jego kr\u00f3lestwo \u2013 w sytuacji zagro\u017cenia ze strony zewn\u0119trznego naje\u017ad\u017acy \u2013 <b>zwr\u00f3ci\u0107 si\u0119 o pomoc do Boga,<\/b> o znak od Niego, Prawd\u0119 powiedziawszy, to naprawd\u0119 niesamowite, \u017ce <b>sam B\u00f3g wy<\/b><b>szed\u0142<\/b><b> z tak\u0105 propozycj\u0105,<\/b> sam chcia\u0142 da\u0107 znak. <\/span><\/span><\/span><\/p>\n<p align=\"justify\"><span style=\"color: #000000;\"><span style=\"font-family: Book Antiqua, serif;\"><span style=\"font-size: large;\">Ile\u017c to bowiem razy ludzie <b>prosili, a nawet \u017c\u0105dali znak\u00f3w,<\/b> oczekiwali ich, liczyli na nie, a nie otrzymywali. I to nie tylko w czasach Starego Testamentu, ale i samego Jezusa nieraz proszono \u2013 a dok\u0142adniej: <b>domagano si\u0119 od Niego \u2013 znaku z Nieba.<\/b> Jak pami\u0119tamy, Jezus w kt\u00f3rym\u015b momencie stwierdzi\u0142, \u017ce <b>\u017caden znak nie b\u0119dzie dany<\/b> temu przewrotnemu pokoleniu, pr\u00f3cz znaku Jonasza, a wi\u0119c tego najwi\u0119kszego ze wszystkich znak\u00f3w, jakim by\u0142o <b>Zmartwychwstanie Jezusa. <\/b><\/span><\/span><\/span><\/p>\n<p align=\"justify\"><span style=\"color: #000000;\"><span style=\"font-family: Book Antiqua, serif;\"><span style=\"font-size: large;\">Ten znak rzeczywi\u015bcie zosta\u0142 dany ludzko\u015bci na wszystkie wieki, dany te\u017c zosta\u0142 Ko\u015bcio\u0142owi: <b>znak Zmartwychwstania. <\/b>Oczywi\u015bcie, Jezus czyni\u0142 <b>wiele innych, pomniejszych<\/b> \u2013 z tej perspektywy patrz\u0105c \u2013 znak\u00f3w i cud\u00f3w. Ale nie wtedy, kiedy si\u0119 ludziom zachcia\u0142o lub kiedy chcieli nasyci\u0107 swoj\u0105 ciekawo\u015b\u0107, pr\u00f3\u017cno\u015b\u0107, lub \u017c\u0105dz\u0119 sensacji, ale kiedy <b>z wielk\u0105 wiar\u0105 zwracali si\u0119 do Niego i powierzali Mu z pokor\u0105 swoje \u017cycie,<\/b> swoje problemy i bol\u0105czki. Czasami prosili o te znaki, czasami nawet nie zd\u0105\u017cyli poprosi\u0107, a ju\u017c otrzymali. <\/span><\/span><\/span><\/p>\n<p align=\"justify\"><span style=\"color: #000000;\"><span style=\"font-family: Book Antiqua, serif;\"><span style=\"font-size: large;\">I oto dzisiaj mamy do czynienia \u2013 w historii, opisanej w pierwszym czytaniu \u2013 z sytuacj\u0105 wr\u0119cz zdumiewaj\u0105c\u0105: <b>B\u00f3g sam proponuje, \u017ce da znak, a cz\u0142owiek\u2026 nie chce!<\/b> Wzbrania si\u0119! T\u0142umaczy to przewrotnie rzekomym szacunkiem do Boga \u2013 <b>jakoby nie chcia\u0142 nadwyr\u0119\u017ca\u0107 Bo\u017cej cierpliwo\u015bci,<\/b> nie chcia\u0142 wystawia\u0107 Boga na pr\u00f3b\u0119\u2026 W rzeczywisto\u015bci, on po prostu <b>nie wierzy\u0142 Bogu, <\/b>albo \u2013 co mo\u017ce jeszcze bardziej skomplikowane i dla nas niezrozumia\u0142e \u2013 <b>tak naprawd\u0119 wierzy\u0142,<\/b> a nawet dobrze wiedzia\u0142, \u017ce B\u00f3g go da, natomiast on si\u0119 <b>akurat sprzymierzy\u0142 z kr\u00f3lem Asyrii<\/b> i to jego poprosi\u0142 o pomoc, przeto musia\u0142by <b>teraz zmienia\u0107 swoje plany, <\/b>przyznaj\u0105c si\u0119 uprzednio do b\u0142\u0119dnej decyzji. A czy\u017c kt\u00f3remukolwiek kr\u00f3lowi przychodzi to \u0142atwo?\u2026 <\/span><\/span><\/span><\/p>\n<p align=\"justify\"><span style=\"color: #000000;\"><span style=\"font-family: Book Antiqua, serif;\"><span style=\"font-size: large;\">Dlatego Achaz tak w\u0142a\u015bnie, jak s\u0142yszymy, odpowiada Prorokowi, na co z kolei pada jeszcze bardziej <b>zaskakuj\u0105ca<\/b> odpowied\u017a, \u017ce <b>B\u00f3g i tak da ten znak.<\/b> Nie b\u0119dzie to znak chwilowy i jednorazowy, to b\u0119dzie znak \u2013 o ile tak mo\u017cna powiedzie\u0107 \u2013<b> d\u0142ugoterminowy,<\/b> obejmuj\u0105cy swoim zasi\u0119giem wszystkie wieki istnienia \u015bwiata i przysz\u0142ego Ko\u015bcio\u0142a: <b>znak Emmanuela.<\/b> <\/span><\/span><\/span><\/p>\n<p align=\"justify\"><span style=\"color: #000000;\"><span style=\"font-family: Book Antiqua, serif;\"><span style=\"font-size: large;\">I w\u0142a\u015bnie dzisiaj, w Ewangelii, s\u0142yszymy o <b>pocz\u0105tku wype\u0142niania <\/b><b>si\u0119<\/b> tej zapowiedzi. Oto Bo\u017cy Wys\u0142annik pyta m\u0142odziutk\u0105 Dziewczyn\u0119 z Nazaretu, czy zgodzi si\u0119 podj\u0105\u0107 zadania, kt\u00f3re swoj\u0105 <b>wielko\u015bci\u0105 <\/b><b>i ci\u0119\u017carem<\/b> <b>musia\u0142o j\u0105 wr\u0119cz przygnie\u015b\u0107, zmia\u017cd\u017cy\u0107!<\/b> A jednak Ona przyj\u0119\u0142a je i \u2013 jak wiemy \u2013 <b>wype\u0142ni\u0142a w stopniu doskona\u0142ym.<\/b> <\/span><\/span><\/span><\/p>\n<p align=\"justify\"><span style=\"color: #000000;\"><span style=\"font-family: Book Antiqua, serif;\"><span style=\"font-size: large;\">Natomiast na pewno <b>nie mog\u0142a spodziewa\u0107 si\u0119<\/b> tego znaku, a \u2013 tym samym \u2013 o niego prosi\u0107. Nie mog\u0142a <b>nawet pomy\u015ble\u0107,<\/b> \u017ce to w\u0142a\u015bnie Ona \u2013 spo\u015br\u00f3d tylu dziewcz\u0105t, jakie wtedy \u017cy\u0142y na \u015bwiecie, i przed Ni\u0105, i po Niej \u2013 <b>zostanie w\u0142a\u015bnie wybrana.<\/b> Sk\u0105d mog\u0142a to wiedzie\u0107, sk\u0105d mog\u0142a si\u0119 tego spodziewa\u0107? <\/span><\/span><\/span><\/p>\n<p align=\"justify\"><span style=\"color: #000000;\"><span style=\"font-family: Book Antiqua, serif;\"><span style=\"font-size: large;\">Otrzyma\u0142a znak, kt\u00f3rego nie oczekiwa\u0142a, bo <b>B\u00f3g uzna\u0142, \u017ce mo\u017ce go otrzyma\u0107, <\/b>bo jest na\u0144 przygotowana, bo wielka jest Jej wiara i zaufanie do Boga. To<b> takim w\u0142a\u015bnie ludziom<\/b> dawane s\u0105 Bo\u017ce znaki \u2013 takim, kt\u00f3rzy zrobi\u0105 z nich w\u0142a\u015bciwy u\u017cytek (przy ca\u0142ej niezgrabno\u015bci tego okre\u015blenia w tym kontek\u015bcie). B\u00f3g nie daje swoich znak\u00f3w tylko po to, aby by\u0142y i aby komu\u015b sprawi\u0142y chwil\u0119 rozrywki, albo zaspokoi\u0142y czyj\u0105\u015b ciekawo\u015b\u0107. <\/span><\/span><\/span><\/p>\n<p align=\"justify\"><span style=\"color: #000000;\"><span style=\"font-family: Book Antiqua, serif;\"><span style=\"font-size: large;\">Bo\u017ce znaki <b>wpisane s\u0105 w Bo\u017cy plan<\/b> zbawienia cz\u0142owieka. I tylko wtedy s\u0105 dawane, kiedy przyczyniaj\u0105 si\u0119 do realizacji tego planu. <\/span><\/span><\/span><\/p>\n<p align=\"justify\"><span style=\"color: #000000;\"><span style=\"font-family: Book Antiqua, serif;\"><span style=\"font-size: large;\">Dlatego, moi Drodzy, <b>pro\u015bmy o te znaki!<\/b> Nie obawiajmy si\u0119! Nie obawiajmy si\u0119 <b>prosi\u0107 nawet o cuda! <\/b>Ale najpierw \u2013 i przede wszystkim \u2013 starajmy si\u0119 <b>dostrzec, doceni\u0107 i zrobi\u0107 jak najlepszy u\u017cytek<\/b> (przy ca\u0142ej niezgrabno\u015bci tego okre\u015blenia w tym kontek\u015bcie) ze znak\u00f3w, kt\u00f3rych ju\u017c tyle otrzymali\u015bmy, a o kt\u00f3rej nawet nie poprosili\u015bmy, albo si\u0119 ich nie spodziewali\u015bmy\u2026 <b>Jakie to znaki?\u2026 <\/b><\/span><\/span><\/span><\/p>\n<p align=\"justify\"><span style=\"color: #000000;\"><span style=\"font-family: Book Antiqua, serif;\"><span style=\"font-size: large;\">A w\u0142a\u015bnie! <b>Jakie?\u2026<\/b><\/span><\/span><\/span><\/p>\n","protected":false},"excerpt":{"rendered":"<p>Szcz\u0119\u015b\u0107 Bo\u017ce! Moi Drodzy, wczoraj wspomina\u0142em, \u017ce b\u0119d\u0119 bra\u0142 udzia\u0142 w spotkaniu op\u0142atkowym, w siedzibie naszego Katolickiego Radia Podlasie. Oto dow\u00f3d, \u017ce nie oszukiwa\u0142em: http:\/\/podlasie24.pl\/\/miasto-siedlce\/kosciol\/przedswiateczne-spotkanie-w-katolickim-radiu-podlasie-36ad0.html A u nas dzisiaj \u2013 ostatni dzie\u0144 Rekolekcji akademickich: dzie\u0144 dobrych postanowie\u0144. I drugi dzie\u0144 Spowiedzi. Nied\u0142ugo zamieszcz\u0119 nagrania nauk rekolekcyjnych Ksi\u0119dza Rafa\u0142 Przezdziaka, kt\u00f3ry b\u0119dziemy mieli dzi\u0119ki inicjatywie Rafa\u0142a [&hellip;]<\/p>\n","protected":false},"author":1,"featured_media":0,"comment_status":"open","ping_status":"open","sticky":false,"template":"","format":"standard","meta":{"jetpack_post_was_ever_published":false,"_jetpack_newsletter_access":"","_jetpack_dont_email_post_to_subs":false,"_jetpack_newsletter_tier_id":0,"_jetpack_memberships_contains_paywalled_content":false,"_jetpack_memberships_contains_paid_content":false,"footnotes":""},"categories":[1],"tags":[],"class_list":["post-21210","post","type-post","status-publish","format-standard","hentry","category-bez-kategorii"],"yoast_head":"<!-- This site is optimized with the Yoast SEO plugin v25.1 - https:\/\/yoast.com\/wordpress\/plugins\/seo\/ -->\n<title>Pro\u015b o znak od Pana! - Gaudium Et Spes<\/title>\n<meta name=\"robots\" content=\"index, follow, max-snippet:-1, max-image-preview:large, max-video-preview:-1\" \/>\n<link rel=\"canonical\" href=\"https:\/\/gaudiumetspes-blog.pl\/index.php\/2022\/12\/20\/pros-o-znak-od-pana\/\" \/>\n<meta property=\"og:locale\" content=\"pl_PL\" \/>\n<meta property=\"og:type\" content=\"article\" \/>\n<meta property=\"og:title\" content=\"Pro\u015b o znak od Pana! - Gaudium Et Spes\" \/>\n<meta property=\"og:description\" content=\"Szcz\u0119\u015b\u0107 Bo\u017ce! Moi Drodzy, wczoraj wspomina\u0142em, \u017ce b\u0119d\u0119 bra\u0142 udzia\u0142 w spotkaniu op\u0142atkowym, w siedzibie naszego Katolickiego Radia Podlasie. Oto dow\u00f3d, \u017ce nie oszukiwa\u0142em: http:\/\/podlasie24.pl\/\/miasto-siedlce\/kosciol\/przedswiateczne-spotkanie-w-katolickim-radiu-podlasie-36ad0.html A u nas dzisiaj \u2013 ostatni dzie\u0144 Rekolekcji akademickich: dzie\u0144 dobrych postanowie\u0144. I drugi dzie\u0144 Spowiedzi. Nied\u0142ugo zamieszcz\u0119 nagrania nauk rekolekcyjnych Ksi\u0119dza Rafa\u0142 Przezdziaka, kt\u00f3ry b\u0119dziemy mieli dzi\u0119ki inicjatywie Rafa\u0142a [&hellip;]\" \/>\n<meta property=\"og:url\" content=\"https:\/\/gaudiumetspes-blog.pl\/index.php\/2022\/12\/20\/pros-o-znak-od-pana\/\" \/>\n<meta property=\"og:site_name\" content=\"Gaudium Et Spes\" \/>\n<meta property=\"article:published_time\" content=\"2022-12-20T07:18:38+00:00\" \/>\n<meta name=\"author\" content=\"Ks. Jacek\" \/>\n<meta name=\"twitter:card\" content=\"summary_large_image\" \/>\n<meta name=\"twitter:label1\" content=\"Napisane przez\" \/>\n\t<meta name=\"twitter:data1\" content=\"Ks. Jacek\" \/>\n\t<meta name=\"twitter:label2\" content=\"Szacowany czas czytania\" \/>\n\t<meta name=\"twitter:data2\" content=\"6 minut\" \/>\n<script type=\"application\/ld+json\" class=\"yoast-schema-graph\">{\"@context\":\"https:\/\/schema.org\",\"@graph\":[{\"@type\":\"WebPage\",\"@id\":\"https:\/\/gaudiumetspes-blog.pl\/index.php\/2022\/12\/20\/pros-o-znak-od-pana\/\",\"url\":\"https:\/\/gaudiumetspes-blog.pl\/index.php\/2022\/12\/20\/pros-o-znak-od-pana\/\",\"name\":\"Pro\u015b o znak od Pana! - Gaudium Et Spes\",\"isPartOf\":{\"@id\":\"https:\/\/gaudiumetspes-blog.pl\/#website\"},\"datePublished\":\"2022-12-20T07:18:38+00:00\",\"author\":{\"@id\":\"https:\/\/gaudiumetspes-blog.pl\/#\/schema\/person\/1661982992b752dea8dff0d4ed845a65\"},\"breadcrumb\":{\"@id\":\"https:\/\/gaudiumetspes-blog.pl\/index.php\/2022\/12\/20\/pros-o-znak-od-pana\/#breadcrumb\"},\"inLanguage\":\"pl-PL\",\"potentialAction\":[{\"@type\":\"ReadAction\",\"target\":[\"https:\/\/gaudiumetspes-blog.pl\/index.php\/2022\/12\/20\/pros-o-znak-od-pana\/\"]}]},{\"@type\":\"BreadcrumbList\",\"@id\":\"https:\/\/gaudiumetspes-blog.pl\/index.php\/2022\/12\/20\/pros-o-znak-od-pana\/#breadcrumb\",\"itemListElement\":[{\"@type\":\"ListItem\",\"position\":1,\"name\":\"Strona g\u0142\u00f3wna\",\"item\":\"https:\/\/gaudiumetspes-blog.pl\/\"},{\"@type\":\"ListItem\",\"position\":2,\"name\":\"Pro\u015b o&nbsp;znak od&nbsp;Pana!\"}]},{\"@type\":\"WebSite\",\"@id\":\"https:\/\/gaudiumetspes-blog.pl\/#website\",\"url\":\"https:\/\/gaudiumetspes-blog.pl\/\",\"name\":\"Gaudium Et Spes\",\"description\":\"Blog Ks. Jacka Ja\u015bkowskiego\",\"potentialAction\":[{\"@type\":\"SearchAction\",\"target\":{\"@type\":\"EntryPoint\",\"urlTemplate\":\"https:\/\/gaudiumetspes-blog.pl\/?s={search_term_string}\"},\"query-input\":{\"@type\":\"PropertyValueSpecification\",\"valueRequired\":true,\"valueName\":\"search_term_string\"}}],\"inLanguage\":\"pl-PL\"},{\"@type\":\"Person\",\"@id\":\"https:\/\/gaudiumetspes-blog.pl\/#\/schema\/person\/1661982992b752dea8dff0d4ed845a65\",\"name\":\"Ks. Jacek\",\"image\":{\"@type\":\"ImageObject\",\"inLanguage\":\"pl-PL\",\"@id\":\"https:\/\/gaudiumetspes-blog.pl\/#\/schema\/person\/image\/\",\"url\":\"https:\/\/gaudiumetspes-blog.pl\/wp-content\/uploads\/2019\/07\/avatar-JJ-150x150.jpg\",\"contentUrl\":\"https:\/\/gaudiumetspes-blog.pl\/wp-content\/uploads\/2019\/07\/avatar-JJ-150x150.jpg\",\"caption\":\"Ks. Jacek\"},\"description\":\"Witam serdecznie! K\u0142ania si\u0119 Ks. Jacek Ja\u015bkowski. Nie jestem ani kim\u015b wa\u017cnym, ani kim\u015b znanym. Jestem ksi\u0119dzem, kt\u00f3ry po prostu chce rozmawia\u0107. Codzienna kap\u0142a\u0144ska pos\u0142uga pokazuje mi, \u017ce temat\u00f3w do rozm\u00f3w z ksi\u0119dzem jest coraz wi\u0119cej i dzisiaj \u017caden ksi\u0105dz nie mo\u017ce od nich ucieka\u0107, ale - wprost przeciwnie - podejmowa\u0107 nowe wyzwania. To przekonanie sk\u0142oni\u0142o mnie do pr\u00f3by otwarcia tego\u017c bloga, chocia\u017c okazji do rozm\u00f3w na co dzie\u0144 - w konfesjonale i poza nim - na szcz\u0119\u015bcie nie brakuje. My\u015bl\u0119 jednak, \u017ce ten blog b\u0119dzie jeszcze jednym sposobem i przestrzeni\u0105 nawi\u0105zania kontaktu z lud\u017ami dobrej woli, otwartymi na dialog.\",\"url\":\"https:\/\/gaudiumetspes-blog.pl\/index.php\/author\/ks-jacek\/\"}]}<\/script>\n<!-- \/ Yoast SEO plugin. -->","yoast_head_json":{"title":"Pro\u015b o znak od Pana! - Gaudium Et Spes","robots":{"index":"index","follow":"follow","max-snippet":"max-snippet:-1","max-image-preview":"max-image-preview:large","max-video-preview":"max-video-preview:-1"},"canonical":"https:\/\/gaudiumetspes-blog.pl\/index.php\/2022\/12\/20\/pros-o-znak-od-pana\/","og_locale":"pl_PL","og_type":"article","og_title":"Pro\u015b o znak od Pana! - Gaudium Et Spes","og_description":"Szcz\u0119\u015b\u0107 Bo\u017ce! Moi Drodzy, wczoraj wspomina\u0142em, \u017ce b\u0119d\u0119 bra\u0142 udzia\u0142 w spotkaniu op\u0142atkowym, w siedzibie naszego Katolickiego Radia Podlasie. Oto dow\u00f3d, \u017ce nie oszukiwa\u0142em: http:\/\/podlasie24.pl\/\/miasto-siedlce\/kosciol\/przedswiateczne-spotkanie-w-katolickim-radiu-podlasie-36ad0.html A u nas dzisiaj \u2013 ostatni dzie\u0144 Rekolekcji akademickich: dzie\u0144 dobrych postanowie\u0144. I drugi dzie\u0144 Spowiedzi. Nied\u0142ugo zamieszcz\u0119 nagrania nauk rekolekcyjnych Ksi\u0119dza Rafa\u0142 Przezdziaka, kt\u00f3ry b\u0119dziemy mieli dzi\u0119ki inicjatywie Rafa\u0142a [&hellip;]","og_url":"https:\/\/gaudiumetspes-blog.pl\/index.php\/2022\/12\/20\/pros-o-znak-od-pana\/","og_site_name":"Gaudium Et Spes","article_published_time":"2022-12-20T07:18:38+00:00","author":"Ks. Jacek","twitter_card":"summary_large_image","twitter_misc":{"Napisane przez":"Ks. Jacek","Szacowany czas czytania":"6 minut"},"schema":{"@context":"https:\/\/schema.org","@graph":[{"@type":"WebPage","@id":"https:\/\/gaudiumetspes-blog.pl\/index.php\/2022\/12\/20\/pros-o-znak-od-pana\/","url":"https:\/\/gaudiumetspes-blog.pl\/index.php\/2022\/12\/20\/pros-o-znak-od-pana\/","name":"Pro\u015b o znak od Pana! - Gaudium Et Spes","isPartOf":{"@id":"https:\/\/gaudiumetspes-blog.pl\/#website"},"datePublished":"2022-12-20T07:18:38+00:00","author":{"@id":"https:\/\/gaudiumetspes-blog.pl\/#\/schema\/person\/1661982992b752dea8dff0d4ed845a65"},"breadcrumb":{"@id":"https:\/\/gaudiumetspes-blog.pl\/index.php\/2022\/12\/20\/pros-o-znak-od-pana\/#breadcrumb"},"inLanguage":"pl-PL","potentialAction":[{"@type":"ReadAction","target":["https:\/\/gaudiumetspes-blog.pl\/index.php\/2022\/12\/20\/pros-o-znak-od-pana\/"]}]},{"@type":"BreadcrumbList","@id":"https:\/\/gaudiumetspes-blog.pl\/index.php\/2022\/12\/20\/pros-o-znak-od-pana\/#breadcrumb","itemListElement":[{"@type":"ListItem","position":1,"name":"Strona g\u0142\u00f3wna","item":"https:\/\/gaudiumetspes-blog.pl\/"},{"@type":"ListItem","position":2,"name":"Pro\u015b o&nbsp;znak od&nbsp;Pana!"}]},{"@type":"WebSite","@id":"https:\/\/gaudiumetspes-blog.pl\/#website","url":"https:\/\/gaudiumetspes-blog.pl\/","name":"Gaudium Et Spes","description":"Blog Ks. Jacka Ja\u015bkowskiego","potentialAction":[{"@type":"SearchAction","target":{"@type":"EntryPoint","urlTemplate":"https:\/\/gaudiumetspes-blog.pl\/?s={search_term_string}"},"query-input":{"@type":"PropertyValueSpecification","valueRequired":true,"valueName":"search_term_string"}}],"inLanguage":"pl-PL"},{"@type":"Person","@id":"https:\/\/gaudiumetspes-blog.pl\/#\/schema\/person\/1661982992b752dea8dff0d4ed845a65","name":"Ks. Jacek","image":{"@type":"ImageObject","inLanguage":"pl-PL","@id":"https:\/\/gaudiumetspes-blog.pl\/#\/schema\/person\/image\/","url":"https:\/\/gaudiumetspes-blog.pl\/wp-content\/uploads\/2019\/07\/avatar-JJ-150x150.jpg","contentUrl":"https:\/\/gaudiumetspes-blog.pl\/wp-content\/uploads\/2019\/07\/avatar-JJ-150x150.jpg","caption":"Ks. Jacek"},"description":"Witam serdecznie! K\u0142ania si\u0119 Ks. Jacek Ja\u015bkowski. Nie jestem ani kim\u015b wa\u017cnym, ani kim\u015b znanym. Jestem ksi\u0119dzem, kt\u00f3ry po prostu chce rozmawia\u0107. Codzienna kap\u0142a\u0144ska pos\u0142uga pokazuje mi, \u017ce temat\u00f3w do rozm\u00f3w z ksi\u0119dzem jest coraz wi\u0119cej i dzisiaj \u017caden ksi\u0105dz nie mo\u017ce od nich ucieka\u0107, ale - wprost przeciwnie - podejmowa\u0107 nowe wyzwania. To przekonanie sk\u0142oni\u0142o mnie do pr\u00f3by otwarcia tego\u017c bloga, chocia\u017c okazji do rozm\u00f3w na co dzie\u0144 - w konfesjonale i poza nim - na szcz\u0119\u015bcie nie brakuje. My\u015bl\u0119 jednak, \u017ce ten blog b\u0119dzie jeszcze jednym sposobem i przestrzeni\u0105 nawi\u0105zania kontaktu z lud\u017ami dobrej woli, otwartymi na dialog.","url":"https:\/\/gaudiumetspes-blog.pl\/index.php\/author\/ks-jacek\/"}]}},"jetpack_featured_media_url":"","jetpack_sharing_enabled":true,"_links":{"self":[{"href":"https:\/\/gaudiumetspes-blog.pl\/index.php\/wp-json\/wp\/v2\/posts\/21210","targetHints":{"allow":["GET"]}}],"collection":[{"href":"https:\/\/gaudiumetspes-blog.pl\/index.php\/wp-json\/wp\/v2\/posts"}],"about":[{"href":"https:\/\/gaudiumetspes-blog.pl\/index.php\/wp-json\/wp\/v2\/types\/post"}],"author":[{"embeddable":true,"href":"https:\/\/gaudiumetspes-blog.pl\/index.php\/wp-json\/wp\/v2\/users\/1"}],"replies":[{"embeddable":true,"href":"https:\/\/gaudiumetspes-blog.pl\/index.php\/wp-json\/wp\/v2\/comments?post=21210"}],"version-history":[{"count":1,"href":"https:\/\/gaudiumetspes-blog.pl\/index.php\/wp-json\/wp\/v2\/posts\/21210\/revisions"}],"predecessor-version":[{"id":21211,"href":"https:\/\/gaudiumetspes-blog.pl\/index.php\/wp-json\/wp\/v2\/posts\/21210\/revisions\/21211"}],"wp:attachment":[{"href":"https:\/\/gaudiumetspes-blog.pl\/index.php\/wp-json\/wp\/v2\/media?parent=21210"}],"wp:term":[{"taxonomy":"category","embeddable":true,"href":"https:\/\/gaudiumetspes-blog.pl\/index.php\/wp-json\/wp\/v2\/categories?post=21210"},{"taxonomy":"post_tag","embeddable":true,"href":"https:\/\/gaudiumetspes-blog.pl\/index.php\/wp-json\/wp\/v2\/tags?post=21210"}],"curies":[{"name":"wp","href":"https:\/\/api.w.org\/{rel}","templated":true}]}}