{"id":21221,"date":"2022-12-25T00:01:18","date_gmt":"2022-12-24T23:01:18","guid":{"rendered":"https:\/\/gaudiumetspes-blog.pl\/?p=21221"},"modified":"2022-12-24T23:37:26","modified_gmt":"2022-12-24T22:37:26","slug":"bez-ciebie-sobie-nie-poradzimy","status":"publish","type":"post","link":"https:\/\/gaudiumetspes-blog.pl\/index.php\/2022\/12\/25\/bez-ciebie-sobie-nie-poradzimy\/","title":{"rendered":"Bez Ciebie sobie nie poradzimy!"},"content":{"rendered":"<p align=\"justify\"><span style=\"color: #000000;\"><span style=\"font-family: Book Antiqua, serif;\"><span style=\"font-size: large;\">Niech b\u0119dzie pochwalony Jezus Chrystus! Moi Drodzy, zapraszam do wsp\u00f3lnego \u015bwi\u0119towania Bo\u017cego Narodzenia! <\/span><\/span><\/span><\/p>\n<p align=\"justify\"><span style=\"color: #000000;\"><span style=\"font-family: Book Antiqua, serif;\"><span style=\"font-size: large;\">A rozwa\u017canie dzisiejsze stanowi\u0107 b\u0119dzie s\u0142owo, jakie wyg\u0142osz\u0119 na Pasterce, sprawowanej \u2013 jak w roku poprzednim \u2013 w naszym Duszpasterstwie Akademickim. Rozwa\u017canie to ko\u0144cz\u0119 serdecznym \u017cyczeniami, z jakimi chcia\u0142bym si\u0119 do Was zwr\u00f3ci\u0107.<\/span><\/span><\/span><\/p>\n<p align=\"justify\"><span style=\"color: #000000;\"><span style=\"font-family: Book Antiqua, serif;\"><span style=\"font-size: large;\">Zapraszam zatem do pochylenia si\u0119 nad Bo\u017cym s\u0142owem Mszy \u015awi\u0119tej w nocy. Niech ka\u017cda i ka\u017cdy z nas znajdzie w nim <b>konkretne przes\u0142anie, skierowane w\u0142a\u015bnie do siebie.<\/b> Niech Duch \u015awi\u0119ty pomo\u017ce je odkry\u0107.<\/span><\/span><\/span><\/p>\n<p align=\"justify\"><span style=\"color: #000000;\"><span style=\"font-family: Book Antiqua, serif;\"><span style=\"font-size: large;\">Na radosne i g\u0142\u0119boko pobo\u017cne \u015bwi\u0119towanie tej wielkiej rado\u015bci ten niezwyk\u0142ej Nocy i ca\u0142ych \u015awi\u0105t \u2013 <b>niech Was b\u0142ogos\u0142awi B\u00f3g Wszechmog\u0105cy: Ojciec + i Syn, i Duch \u015awi\u0119ty. Amen<\/b><\/span><\/span><\/span><\/p>\n<p align=\"center\"><span style=\"color: #000000;\"><span style=\"font-family: Book Antiqua, serif;\"><span style=\"font-size: large;\">Gaudium et spes! Ks. Jacek<\/span><\/span><\/span><\/p>\n<p align=\"center\">\n<p align=\"center\">\n<p align=\"center\">\n<p align=\"center\">\n<p align=\"center\">\n<p align=\"justify\"><span style=\"color: #000000;\"><span style=\"font-family: Book Antiqua, serif;\"><span style=\"font-size: large;\"><b>Uroczysto\u015b\u0107 Narodzenia Pa\u0144skiego \u2013 Msza w nocy<\/b><\/span><\/span><\/span><\/p>\n<p align=\"justify\"><span style=\"color: #000000;\"><span style=\"font-family: Book Antiqua, serif;\"><span style=\"font-size: large;\"><b>25 grudnia 2022.,<\/b><\/span><\/span><\/span><\/p>\n<p align=\"justify\"><span style=\"color: #000000;\"><span style=\"font-family: Book Antiqua, serif;\"><span style=\"font-size: large;\"><b>do czyta\u0144: Iz 9,1\u20133.5\u20136; Tt 2,11\u201314; \u0141k 2,1\u201314<\/b><\/span><\/span><\/span><\/p>\n<p align=\"justify\">\n<p align=\"justify\">\n<p align=\"justify\">\n<p align=\"justify\">\n<p align=\"justify\">\n<p align=\"justify\"><span style=\"color: #000000;\"><span style=\"font-family: Book Antiqua, serif;\"><span style=\"font-size: large;\"><b>CZYTANIE Z KSI\u0118GI PROROKA IZAJASZA:<\/b><\/span><\/span><\/span><\/p>\n<p align=\"justify\"><span style=\"color: #000000;\"><span style=\"font-family: Book Antiqua, serif;\"><span style=\"font-size: large;\"><b>Nar\u00f3d krocz\u0105cy w ciemno\u015bciach <\/b><\/span><\/span><\/span><\/p>\n<p align=\"justify\"><span style=\"color: #000000;\"><span style=\"font-family: Book Antiqua, serif;\"><span style=\"font-size: large;\"><b>ujrza\u0142 \u015bwiat\u0142o\u015b\u0107 wielk\u0105; <\/b><\/span><\/span><\/span><\/p>\n<p align=\"justify\"><span style=\"color: #000000;\"><span style=\"font-family: Book Antiqua, serif;\"><span style=\"font-size: large;\"><b>nad mieszka\u0144cami kraju mrok\u00f3w <\/b><\/span><\/span><\/span><\/p>\n<p align=\"justify\"><span style=\"color: #000000;\"><span style=\"font-family: Book Antiqua, serif;\"><span style=\"font-size: large;\"><b>zab\u0142ys\u0142o \u015bwiat\u0142o. <\/b><\/span><\/span><\/span><\/p>\n<p align=\"justify\"><span style=\"color: #000000;\"><span style=\"font-family: Book Antiqua, serif;\"><span style=\"font-size: large;\"><b>Pomno\u017cy\u0142e\u015b rado\u015b\u0107, <\/b><\/span><\/span><\/span><\/p>\n<p align=\"justify\"><span style=\"color: #000000;\"><span style=\"font-family: Book Antiqua, serif;\"><span style=\"font-size: large;\"><b>zwi\u0119kszy\u0142e\u015b wesele. <\/b><\/span><\/span><\/span><\/p>\n<p align=\"justify\"><span style=\"color: #000000;\"><span style=\"font-family: Book Antiqua, serif;\"><span style=\"font-size: large;\"><b>Rozradowali si\u0119 przed Tob\u0105, <\/b><\/span><\/span><\/span><\/p>\n<p align=\"justify\"><span style=\"color: #000000;\"><span style=\"font-family: Book Antiqua, serif;\"><span style=\"font-size: large;\"><b>jak si\u0119 raduj\u0105 we \u017cniwa, <\/b><\/span><\/span><\/span><\/p>\n<p align=\"justify\"><span style=\"color: #000000;\"><span style=\"font-family: Book Antiqua, serif;\"><span style=\"font-size: large;\"><b>jak si\u0119 wesel\u0105 <\/b><\/span><\/span><\/span><\/p>\n<p align=\"justify\"><span style=\"color: #000000;\"><span style=\"font-family: Book Antiqua, serif;\"><span style=\"font-size: large;\"><b>przy podziale \u0142upu. <\/b><\/span><\/span><\/span><\/p>\n<p align=\"justify\"><span style=\"color: #000000;\"><span style=\"font-family: Book Antiqua, serif;\"><span style=\"font-size: large;\"><b>Bo z\u0142ama\u0142e\u015b jego ci\u0119\u017ckie jarzmo <\/b><\/span><\/span><\/span><\/p>\n<p align=\"justify\"><span style=\"color: #000000;\"><span style=\"font-family: Book Antiqua, serif;\"><span style=\"font-size: large;\"><b>i dr\u0105\u017cek na jego ramieniu, <\/b><\/span><\/span><\/span><\/p>\n<p align=\"justify\"><span style=\"color: #000000;\"><span style=\"font-family: Book Antiqua, serif;\"><span style=\"font-size: large;\"><b>pr\u0119t jego ciemi\u0119zcy <\/b><\/span><\/span><\/span><\/p>\n<p align=\"justify\"><span style=\"color: #000000;\"><span style=\"font-family: Book Antiqua, serif;\"><span style=\"font-size: large;\"><b>jak w dniu pora\u017cki Madianit\u00f3w.<\/b><\/span><\/span><\/span><\/p>\n<p align=\"justify\"><span style=\"color: #000000;\"><span style=\"font-family: Book Antiqua, serif;\"><span style=\"font-size: large;\"><b>Albowiem Dzieci\u0119 nam si\u0119 narodzi\u0142o, <\/b><\/span><\/span><\/span><\/p>\n<p align=\"justify\"><span style=\"color: #000000;\"><span style=\"font-family: Book Antiqua, serif;\"><span style=\"font-size: large;\"><b>Syn zosta\u0142 nam dany, <\/b><\/span><\/span><\/span><\/p>\n<p align=\"justify\"><span style=\"color: #000000;\"><span style=\"font-family: Book Antiqua, serif;\"><span style=\"font-size: large;\"><b>na Jego barkach spocz\u0119\u0142a w\u0142adza. <\/b><\/span><\/span><\/span><\/p>\n<p align=\"justify\"><span style=\"color: #000000;\"><span style=\"font-family: Book Antiqua, serif;\"><span style=\"font-size: large;\"><b>Nazwano Go imieniem: <\/b><\/span><\/span><\/span><\/p>\n<p align=\"justify\"><span style=\"color: #000000;\"><span style=\"font-family: Book Antiqua, serif;\"><span style=\"font-size: large;\"><b>Przedziwny Doradca, B\u00f3g Mocny, <\/b><\/span><\/span><\/span><\/p>\n<p align=\"justify\"><span style=\"color: #000000;\"><span style=\"font-family: Book Antiqua, serif;\"><span style=\"font-size: large;\"><b>Odwieczny Ojciec, Ksi\u0105\u017c\u0119 Pokoju. <\/b><\/span><\/span><\/span><\/p>\n<p align=\"justify\"><span style=\"color: #000000;\"><span style=\"font-family: Book Antiqua, serif;\"><span style=\"font-size: large;\"><b>Wielkie b\u0119dzie Jego panowanie <\/b><\/span><\/span><\/span><\/p>\n<p align=\"justify\"><span style=\"color: #000000;\"><span style=\"font-family: Book Antiqua, serif;\"><span style=\"font-size: large;\"><b>w pokoju bez granic <\/b><\/span><\/span><\/span><\/p>\n<p align=\"justify\"><span style=\"color: #000000;\"><span style=\"font-family: Book Antiqua, serif;\"><span style=\"font-size: large;\"><b>na tronie Dawida <\/b><\/span><\/span><\/span><\/p>\n<p align=\"justify\"><span style=\"color: #000000;\"><span style=\"font-family: Book Antiqua, serif;\"><span style=\"font-size: large;\"><b>i nad Jego kr\u00f3lestwem, <\/b><\/span><\/span><\/span><\/p>\n<p align=\"justify\"><span style=\"color: #000000;\"><span style=\"font-family: Book Antiqua, serif;\"><span style=\"font-size: large;\"><b>kt\u00f3re On utwierdzi i umocni <\/b><\/span><\/span><\/span><\/p>\n<p align=\"justify\"><span style=\"color: #000000;\"><span style=\"font-family: Book Antiqua, serif;\"><span style=\"font-size: large;\"><b>prawem i sprawiedliwo\u015bci\u0105, <\/b><\/span><\/span><\/span><\/p>\n<p align=\"justify\"><span style=\"color: #000000;\"><span style=\"font-family: Book Antiqua, serif;\"><span style=\"font-size: large;\"><b>odt\u0105d i na wieki.<\/b><\/span><\/span><\/span><\/p>\n<p align=\"justify\"><span style=\"color: #000000;\"><span style=\"font-family: Book Antiqua, serif;\"><span style=\"font-size: large;\"><b>Zazdrosna mi\u0142o\u015b\u0107 Pana Zast\u0119p\u00f3w tego dokona.<\/b><\/span><\/span><\/span><\/p>\n<p align=\"justify\">\n<p align=\"justify\">\n<p align=\"justify\">\n<p align=\"justify\">\n<p align=\"justify\">\n<p align=\"justify\"><span style=\"color: #000000;\"><span style=\"font-family: Book Antiqua, serif;\"><span style=\"font-size: large;\"><b>CZYTANIE Z LISTU \u015aWI\u0118TEGO PAW\u0141A APOSTO\u0141A DO TYTUSA:<\/b><\/span><\/span><\/span><\/p>\n<p align=\"justify\"><span style=\"color: #000000;\"><span style=\"font-family: Book Antiqua, serif;\"><span style=\"font-size: large;\"><b>Ukaza\u0142a si\u0119 \u0142aska Boga, kt\u00f3ra niesie zbawienie wszystkim ludziom i poucza nas, aby\u015bmy wyrzek\u0142szy si\u0119 bezbo\u017cno\u015bci i \u017c\u0105dz \u015bwiatowych rozumnie i sprawiedliwie, i pobo\u017cnie \u017cyli na tym \u015bwiecie, oczekuj\u0105c b\u0142ogos\u0142awionej nadziei i objawienia si\u0119 chwa\u0142y wielkiego Boga i Zbawiciela naszego, Jezusa Chrystusa, kt\u00f3ry wyda\u0142 samego siebie za nas, aby odkupi\u0107 nas od wszelkiej nieprawo\u015bci i oczy\u015bci\u0107 sobie lud wybrany na w\u0142asno\u015b\u0107, gorliwy w spe\u0142nianiu dobrych uczynk\u00f3w.<\/b><\/span><\/span><\/span><\/p>\n<p align=\"justify\">\n<p align=\"justify\">\n<p align=\"justify\">\n<p align=\"justify\">\n<p align=\"justify\">\n<p align=\"justify\"><span style=\"color: #000000;\"><span style=\"font-family: Book Antiqua, serif;\"><span style=\"font-size: large;\"><b>S\u0141OWA EWANGELII WED\u0141UG \u015aWI\u0118TEGO \u0141UKASZA:<\/b><\/span><\/span><\/span><\/p>\n<p align=\"justify\"><span style=\"color: #000000;\"><span style=\"font-family: Book Antiqua, serif;\"><span style=\"font-size: large;\"><b>W owym czasie wysz\u0142o rozporz\u0105dzenie Cezara Augusta, \u017ceby przeprowadzi\u0107 spis ludno\u015bci w ca\u0142ym pa\u0144stwie. Pierwszy ten spis odby\u0142 si\u0119 w\u00f3wczas, gdy wielkorz\u0105dc\u0105 Syrii by\u0142 Kwiryniusz. Wybierali si\u0119 wi\u0119c wszyscy, aby si\u0119 da\u0107 zapisa\u0107, ka\u017cdy do swego miasta.<\/b><\/span><\/span><\/span><\/p>\n<p align=\"justify\"><span style=\"color: #000000;\"><span style=\"font-family: Book Antiqua, serif;\"><span style=\"font-size: large;\"><b>Uda\u0142 si\u0119 tak\u017ce J\u00f3zef z Galilei, z miasta Nazaret, do Judei, do miasta Dawidowego, zwanego Betlejem, poniewa\u017c pochodzi\u0142 z domu i rodu Dawida, \u017ceby si\u0119 da\u0107 zapisa\u0107 z po\u015blubion\u0105 sobie Maryj\u0105, kt\u00f3ra by\u0142a brzemienna.<\/b><\/span><\/span><\/span><\/p>\n<p align=\"justify\"><span style=\"color: #000000;\"><span style=\"font-family: Book Antiqua, serif;\"><span style=\"font-size: large;\"><b>Kiedy tam przebywali, nadszed\u0142 dla Maryi czas rozwi\u0105zania. Porodzi\u0142a swego pierworodnego Syna, owin\u0119\u0142a Go w pieluszki i po\u0142o\u017cy\u0142a w \u017c\u0142obie, gdy\u017c nie by\u0142o dla nich miejsca w gospodzie.<\/b><\/span><\/span><\/span><\/p>\n<p align=\"justify\"><span style=\"color: #000000;\"><span style=\"font-family: Book Antiqua, serif;\"><span style=\"font-size: large;\"><b>W tej samej okolicy przebywali w polu pasterze i trzymali stra\u017c nocn\u0105 nad swoim stadem. Naraz stan\u0105\u0142 przy nich anio\u0142 Pa\u0144ski i chwa\u0142a Pa\u0144ska zewsz\u0105d ich o\u015bwieci\u0142a, tak \u017ce bardzo si\u0119 przestraszyli. Lecz anio\u0142 rzek\u0142 do nich: \u201eNie b\u00f3jcie si\u0119! Oto zwiastuj\u0119 wam rado\u015b\u0107 wielk\u0105, kt\u00f3ra b\u0119dzie udzia\u0142em ca\u0142ego narodu: dzi\u015b w mie\u015bcie Dawida narodzi\u0142 si\u0119 wam Zbawiciel, kt\u00f3rym jest Mesjasz Pan. A to b\u0119dzie znakiem dla was: Znajdziecie Niemowl\u0119, owini\u0119te w pieluszki i le\u017c\u0105ce w \u017c\u0142obie\u201d.<\/b><\/span><\/span><\/span><\/p>\n<p align=\"justify\"><span style=\"color: #000000;\"><span style=\"font-family: Book Antiqua, serif;\"><span style=\"font-size: large;\"><b>I nagle przy\u0142\u0105czy\u0142o si\u0119 do anio\u0142a mn\u00f3stwo zast\u0119p\u00f3w niebieskich, kt\u00f3re wielbi\u0142y Boga s\u0142owami: <\/b><\/span><\/span><\/span><\/p>\n<p align=\"justify\"><span style=\"color: #000000;\">\u201e<span style=\"font-family: Book Antiqua, serif;\"><span style=\"font-size: large;\"><b>Chwa\u0142a Bogu na wysoko\u015bciach, <\/b><\/span><\/span><\/span><\/p>\n<p align=\"justify\"><span style=\"color: #000000;\"><span style=\"font-family: Book Antiqua, serif;\"><span style=\"font-size: large;\"><b>a na ziemi pok\u00f3j ludziom, <\/b><\/span><\/span><\/span><\/p>\n<p align=\"justify\"><span style=\"color: #000000;\"><span style=\"font-family: Book Antiqua, serif;\"><span style=\"font-size: large;\"><b>w kt\u00f3rych ma upodobanie\u201d.<\/b><\/span><\/span><\/span><\/p>\n<p align=\"justify\">\n<p align=\"justify\">\n<p align=\"justify\">\n<p align=\"justify\">\n<p align=\"justify\">\n<p align=\"justify\"><span style=\"color: #000000;\"><span style=\"font-family: Book Antiqua, serif;\"><span style=\"font-size: large;\"><b>DWUDZIESTEGO PI\u0104TEGO<\/b><b> GRUDNIA, W <\/b><b>DWUDZIESTYM DZIEWI\u0104TYM<\/b><b> DNIU KSI\u0118\u017bYCOWYM, GDY MIN\u0118\u0141O WIELE LAT OD STWORZENIA \u015aWIATA, GDY B\u00d3G STWORZY\u0141 NIEBO I ZIEMI\u0118, I UCZYNI\u0141 CZ\u0141OWIEKA NA SW\u00d3J OBRAZ, I WIELE WIEK\u00d3W OD CZASU, GDY PO POTOPIE NAJWY\u017bSZY POZWOLI\u0141 ZAB\u0141YSN\u0104\u0106 T\u0118CZY, B\u0118D\u0104CEJ ZNAKIEM PRZYMIERZA POKOJU; GDY UP\u0141YN\u0118\u0141Y WIEKI OD WYJ\u015aCIA NASZEGO OJCA W WIERZE, ABRAHAMA, Z UR CHALDEJSKIEGO, <\/b><b>TRZYNA\u015aCIE<\/b><b> WIEK\u00d3W OD WYJ\u015aCIA IZRAELIT\u00d3W Z EGIPTU POD PRZEWODEM MOJ\u017bESZA, OKO\u0141O <\/b><b>TYSI\u0104C<\/b><b> LAT OD NAMASZCZENIA DAWIDA NA KR\u00d3LA IZRAELA, W <\/b><b>SZE\u015a\u0106DZIESI\u0104TYM PI\u0104TYM<\/b><b> TYGODNIU W<\/b><b>ED\u0141U<\/b><b>G PROROCTWA DANIELA, W EPOCE <\/b><b>STO DZIEWI\u0118\u0106DZIESI\u0104TEJ CZWARTEJ<\/b><b> OLIMPIADY, W <\/b><b>SIEDEMSET PI\u0118\u0106DZIESI\u0104TYM DRUGIM<\/b><b> ROKU OD ZA\u0141O\u017bENIA RZYMU, W <\/b><b>CZTERDZIESTYM DRUGIM<\/b><b> ROKU RZ\u0104D\u00d3W CESARZA OKTAWIANA AUGUSTA, GDY W CA\u0141YM \u015aWIECIE KR\u00d3LOWA\u0141 POK\u00d3J \u2013 JEZUS CHRYSTUS, KR\u00d3L ODWIECZNY, SYN PRZEDWIECZNEGO OJCA, PRAGN\u0104C U\u015aWI\u0118CI\u0106 \u015aWIAT SWOIM PRZYJ\u015aCIEM, B\u0118D\u0104C POCZ\u0118TYM ZA SPRAW\u0104 DUCHA \u015aWI\u0118TEGO, <\/b><b>S<\/b><b>P\u0118DZIWSZY W \u0141ONIE MATKI <\/b><b>DZIEWI\u0118\u0106<\/b><b> MIESI\u0118CY, RODZI SI\u0118 W BETLEJEM JUD<\/b><b>ZKIM<\/b><b> Z MARYI DZIEWICY, STAJ\u0104C SI\u0118 CZ\u0141OWIEKIEM. TAKIE JEST NARODZENIE NASZEGO PANA JEZUSA CHRYSTUSA WED\u0141UG LUDZKIEJ NATURY.<\/b><\/span><\/span><\/span><\/p>\n<p align=\"justify\"><span style=\"color: #000000;\"><span style=\"font-size: large;\"><span style=\"font-family: Book Antiqua, serif;\">Tymi oto s<\/span><span style=\"font-family: Book Antiqua, serif;\">\u0142owami wielkiej Kalendy o Narodzeniu Jezusa rozpoczyna si\u0119 <\/span><span style=\"font-family: Book Antiqua, serif;\">zwykle<\/span><span style=\"font-family: Book Antiqua, serif;\"> Pasterk\u0119, sprawowan\u0105 przez Ojca \u015awi\u0119tego, na Watykanie. S\u0142owa tej niezwyk\u0142ej nowiny <\/span><span style=\"font-family: Book Antiqua, serif;\"><b>nape\u0142niaj\u0105 dzisiaj rado\u015bci\u0105 tak\u017ce nasze serca! <\/b><\/span><\/span><\/span><\/p>\n<p align=\"justify\"><span style=\"color: #000000;\"><span style=\"font-family: Book Antiqua, serif;\"><span style=\"font-size: large;\">Oto bowiem og\u0142aszamy ca\u0142emu \u015bwiatu i wiadomym czynimy wszystkim wok\u00f3\u0142, \u017ce <b>Syn Boga Jednorodzony, Pan nad Panami, W\u0142adca czasu i historii \u2013 wszed\u0142 w ludzki czas i w ludzk\u0105 histori\u0119,<\/b> staj\u0105c si\u0119 jednym z nas. Osiem wiek\u00f3w przed tym, kiedy dokona\u0142o si\u0119 to w realiach naszej ludzkiej, ziemskiej egzystencji \u2013 w bardzo konkretnym czasie i miejscu, w konkretnym \u201etu i teraz\u201d \u2013 Prorok Pa\u0144ski Izajasz, zwany <b>Ewangelist\u0105 po\u015br\u00f3d Prorok\u00f3w, <\/b>ju\u017c widzia\u0142 to niezwyk\u0142e Wydarzenie i opisywa\u0142 je w s\u0142owach: <i><b>Albowiem Dzieci\u0119 nam si\u0119 narodzi\u0142o, <\/b><\/i><i><b>Syn zosta\u0142 nam dany, na Jego barkach spocz\u0119\u0142a w\u0142adza. Nazwano Go imieniem: Przedziwny Doradca, B\u00f3g Mocny, Odwieczny Ojciec, Ksi\u0105\u017c\u0119 Pokoju. Wielkie b\u0119dzie Jego panowanie w pokoju bez granic na tronie Dawida i nad Jego kr\u00f3lestwem, kt\u00f3re On utwierdzi i umocni prawem i sprawiedliwo\u015bci\u0105, <\/b><\/i><i><b>odt\u0105d i na wieki.<\/b><\/i><i> <\/i><\/span><\/span><\/span><\/p>\n<p align=\"justify\"><span style=\"color: #000000;\"><span style=\"font-family: Book Antiqua, serif;\"><span style=\"font-size: large;\">Jak\u017ce uroczy\u015bcie brzmi\u0105 te s\u0142owa \u2013 podobnie zreszt\u0105, jak ca\u0142e pierwsze czytanie, a zw\u0142aszcza pierwsze jego s\u0142owa: <i><b>Nar\u00f3d krocz\u0105cy w ciemno\u015bciach <\/b><\/i><i><b>ujrza\u0142 \u015bwiat\u0142o\u015b\u0107 wielk\u0105; nad mieszka\u0144cami kraju mrok\u00f3w zab\u0142ys\u0142o \u015bwiat\u0142o. Pomno\u017cy\u0142e\u015b rado\u015b\u0107, <\/b><\/i><i><b>zwi\u0119kszy\u0142e\u015b wesele. <\/b><\/i>Wspania\u0142e wprowadzenie do tego, co zosta\u0142o powiedziane p\u00f3\u017aniej, a co my\u015bmy ju\u017c sobie tu przywo\u0142ali: <b>opis narodzenia Dzieci\u0119cia.<\/b> <\/span><\/span><\/span><\/p>\n<p align=\"justify\"><span style=\"color: #000000;\"><span style=\"font-family: Book Antiqua, serif;\"><span style=\"font-size: large;\">Jak\u017ce szczeg\u00f3lnie i niepowtarzalnie s\u0142owa tego czytania, stanowi\u0105ce fragment Izajaszowego Proroctwa \u2013 <b>brzmi\u0105 na Pasterce.<\/b> Przyznaj\u0119 \u2013 o czym ju\u017c wielokrotnie m\u00f3wi\u0142em na Pasterkowych homiliach i na blogu swoim niejednokrotnie pisa\u0142em \u2013 \u017ce <b>od czas\u00f3w swojej s\u0142u\u017cby lektorskiej <\/b>w Parafii Chrystusa Mi\u0142osiernego w Bia\u0142ej Podlaskiej, kiedy to dane mi by\u0142o te s\u0142owa odczytywa\u0107 wobec zgromadzonego Ludu Bo\u017cego, do dzi\u015b dnia, wywo\u0142uj\u0105 one jakie\u015b <b>nadzwyczajne poruszenie serca<\/b> i nios\u0105 ogromny \u0142adunek <b>rado\u015bci i nadziei.<\/b> <\/span><\/span><\/span><\/p>\n<p align=\"justify\"><span style=\"color: #000000;\"><span style=\"font-family: Book Antiqua, serif;\"><span style=\"font-size: large;\">I czy s\u0105 one odczytywane w pi\u0119knej scenerii <b>Bazyliki \u015awi\u0119tego Piotra w Rzymie,<\/b> czy w dostojnej scenerii udekorowanych \u015bwi\u0105tecznie <b>naszych parafialnych ko\u015bcio\u0142\u00f3w,<\/b> czy <b>w drewnianej, tymczasowej <\/b><b>K<\/b><b>aplicy, <\/b>w kt\u00f3rej odczytywa\u0142em je jako lektor, w mojej, rodzinnej, powstaj\u0105cej dopiero Parafii; czy wreszcie kiedy odczytujemy je <b>w ma\u0142ej, domowej Kaplicy, <\/b>w kt\u00f3rej tymczasowo ma swoje miejsce nasze Duszpasterstwo Akademickie \u2013 wsz\u0119dzie s\u0142owa te brzmi\u0105 <b>tak samo wyj\u0105tkowo w t\u0119 nadzwyczajn\u0105 Noc!<\/b> <\/span><\/span><\/span><\/p>\n<p align=\"justify\"><span style=\"color: #000000;\"><span style=\"font-family: Book Antiqua, serif;\"><span style=\"font-size: large;\">Z pewno\u015bci\u0105, odczytanie ich w jakimkolwiek innym czasie ju\u017c takiego poruszenia serca nie wywo\u0142a. I tu nie chodzi <b>o jakie\u015b tanie emocje,<\/b> lub p\u0142ytkie wzruszenia. Tu chodzi o \u015bwiadomo\u015b\u0107, \u017ce to w\u0142a\u015bnie dzisiaj, w\u0142a\u015bnie tej nocy, <b>dokona\u0142o si\u0119 to wielkie <\/b><b>W<\/b><b>ydarzenie,<\/b> tak pi\u0119knie opisane przez Proroka. Owszem, <b>w wymiarze historycznym<\/b> dokona\u0142o si\u0119 ponad dwa tysi\u0105ce lat temu. Ale <b>w wymiarze liturgicznym, duchowym<\/b> \u2013 dokonuje si\u0119 dzisiaj. Bo my wiemy, \u017ce nasze liturgiczne wspomnienia nie maj\u0105<b> charakteru <\/b><b>opowie\u015bci z zamierzch\u0142ej przesz\u0142o\u015bci<\/b><b>,<\/b> ale s\u0105 to wspomnienia wydarze\u0144, kt\u00f3re w liturgii Ko\u015bcio\u0142a <b>ci\u0105gle si\u0119 aktualizuj\u0105!<\/b> I w tym wymiarze mistycznym \u2013 ci\u0105gle <b>na nowo dokonuj\u0105!<\/b> <\/span><\/span><\/span><\/p>\n<p align=\"justify\"><span style=\"color: #000000;\"><span style=\"font-family: Book Antiqua, serif;\"><span style=\"font-size: large;\">Trudno to <b>zg\u0142\u0119bi\u0107<\/b> ludzkim rozumem, trudno to ludzkimi s\u0142owami <b>wyrazi\u0107, <\/b>trudno to ludzk\u0105 wiedz\u0105 <b>wyt\u0142umaczy\u0107; <\/b>trudno to ludzk\u0105 miar\u0105 <b>zmierzy\u0107.<\/b> W\u0142a\u015bciwie \u2013 jest to niemo\u017cliwe. Ale mo\u017cliwe jest, <b>by uwierzy\u0107! I otwartym sercem przyj\u0105\u0107.<\/b> A jak przyj\u0105\u0107? <\/span><\/span><\/span><\/p>\n<p align=\"justify\"><span style=\"color: #000000;\"><span style=\"font-family: Book Antiqua, serif;\"><span style=\"font-size: large;\">Pewnie tak, jak doradza Aposto\u0142 Pawe\u0142, w dzisiejszym drugim czytaniu, gdy pisze do m\u0142odego Biskupa Tytusa, ale i do nas wszystkich: <i><b>Ukaza\u0142a si\u0119 \u0142aska Boga, kt\u00f3ra niesie zbawienie wszystkim ludziom i poucza nas, aby\u015bmy wyrzek\u0142szy si\u0119 bezbo\u017cno\u015bci i \u017c\u0105dz \u015bwiatowych rozumnie i sprawiedliwie, i pobo\u017cnie \u017cyli na tym \u015bwiecie, oczekuj\u0105c b\u0142ogos\u0142awionej nadziei i objawienia si\u0119 chwa\u0142y wielkiego Boga i Zbawiciela naszego, Jezusa Chrystusa, kt\u00f3ry wyda\u0142 samego siebie za nas, aby odkupi\u0107 nas od wszelkiej nieprawo\u015bci i oczy\u015bci\u0107 sobie lud wybrany na w\u0142asno\u015b\u0107, gorliwy w spe\u0142nianiu dobrych uczynk\u00f3w. <\/b><\/i><\/span><\/span><\/span><\/p>\n<p align=\"justify\"><span style=\"color: #000000;\"><span style=\"font-family: Book Antiqua, serif;\"><span style=\"font-size: large;\">Przywo\u0142uj\u0119 ca\u0142e drugie czytanie, bo jest niezbyt d\u0142ugie, ale tak w og\u00f3le \u2013 to<b> jest to jedno zdanie,<\/b> z kt\u00f3rego trudno doprawdy cokolwiek wy\u0142\u0105czy\u0107, chc\u0105c je zacytowa\u0107. Stanowi ono bowiem \u2013 jak s\u0142yszymy \u2013 <b>bardzo sp\u00f3jn\u0105 ca\u0142o\u015b\u0107, <\/b>a tak w og\u00f3le, to stanowi ono\u2026 <b>zimny prysznic<\/b> na g\u0142ow\u0119 tym, kt\u00f3rzy chcieliby ca\u0142\u0105 wie\u015b\u0107 o Narodzeniu Pana sprowadzi\u0107 <b>tylko do podnios\u0142ych s\u0142\u00f3w i wielkich wra\u017ce\u0144. <\/b>To nie wystarczy! <\/span><\/span><\/span><\/p>\n<p align=\"justify\"><span style=\"color: #000000;\"><span style=\"font-family: Book Antiqua, serif;\"><span style=\"font-size: large;\">Chrze\u015bcijanin przyjmuje swego Boga do swego \u017cycia, do swego serca, <b>w spos\u00f3b bardzo konkretny!<\/b> I swoj\u0105 mi\u0142o\u015b\u0107 do Niego wyra\u017ca nie tkliwym i p\u0142aczliwych wzdychaniem, ale <b>konkretnymi uczynkami, wynikaj\u0105cymi z wiary i mi\u0142o\u015bci. <\/b>Przede wszystkim wi\u0119c \u2013 jak s\u0142yszymy \u2013 nale\u017cy pokonywa\u0107 w sobie <b>wszelkie przejawy bezbo\u017cno\u015bci,<\/b> czyli grzechu; <b>nie ulega\u0107 \u015bwiatowym \u017c\u0105dzom;<\/b> \u017cy\u0107 i post\u0119powa\u0107 <i><b>rozumnie i sprawiedliwie i pobo\u017cnie\u2026<\/b><\/i> <\/span><\/span><\/span><\/p>\n<p align=\"justify\"><span style=\"color: #000000;\"><span style=\"font-family: Book Antiqua, serif;\"><span style=\"font-size: large;\">Moi Drodzy, to s\u0105 konkrety! Powiedzmy sobie szczerze: nie\u0142atwe konkrety! To s\u0105 <b>bardzo wysokie wymagania, <\/b>jakie stawia nam Pan przez swego Aposto\u0142a. Ale to w\u0142a\u015bnie wtedy, kiedy im sprostamy, b\u0119dziemy mogli powiedzie\u0107, \u017ce <b>Jezus naprawd\u0119 narodzi\u0142 si\u0119 w naszym sercu<\/b> <b>i ma wp\u0142yw<\/b> na nasze \u017cycie, na nasze wybory moralne i decyzje, na nasze konkretne dzia\u0142ania\u2026 To ju\u017c nie b\u0119d\u0105 <b>jedynie wzruszenia<\/b> i podnios\u0142y, patetyczny nastr\u00f3j. <\/span><\/span><\/span><\/p>\n<p align=\"justify\"><span style=\"color: #000000;\"><span style=\"font-family: Book Antiqua, serif;\"><span style=\"font-size: large;\">Owszem, on te\u017c jest potrzebny, bo jako ludzie <b>chcemy te\u017c chwil wielkich i uroczystych. <\/b>Tak\u0105 aktualnie prze\u017cywamy. Ale \u017cadne \u015bwi\u0119to nie trwa wiecznie! \u015awi\u0119to si\u0119 ko\u0144czy i trzeba powr\u00f3ci\u0107 do swoich codziennych zaj\u0119\u0107. I szkoda, aby wtedy \u2013 wraz ze \u015bwi\u0119tem \u2013 <b>mia\u0142o si\u0119 sko\u0144czy\u0107 tak\u017ce Bo\u017ce Narodzenie. <\/b>Ono akurat mo\u017ce i powinno w nas trwa\u0107. <\/span><\/span><\/span><\/p>\n<p align=\"justify\"><span style=\"color: #000000;\"><span style=\"font-family: Book Antiqua, serif;\"><span style=\"font-size: large;\">Dlatego pi\u0119kne s\u0105 takie \u017cyczenia \u2013 spo\u015br\u00f3d tych, kt\u00f3re sobie dzisiaj i w tych dniach sk\u0142adamy \u2013 w kt\u00f3rych to podkre\u015blamy, \u017ce sk\u0142adamy je <b>na \u015awi\u0119ta, ale i na po \u015awi\u0119tach, <\/b>kiedy to powr\u00f3cimy do swoich codziennych zaj\u0119\u0107. <\/span><\/span><\/span><\/p>\n<p align=\"justify\"><span style=\"color: #000000;\"><span style=\"font-family: Book Antiqua, serif;\"><span style=\"font-size: large;\">Tak, moi Drodzy, tylko takie prze\u017cywanie tej tajemnicy ma sens: w\u0142a\u015bnie takie, \u017ce to Bo\u017ce Narodzenie ci\u0105gle <b>b\u0119dzie trwa\u0142o w naszych sercach, <\/b>w naszych Rodzinach, w naszych miejscach zamieszkania; w miejscach pracy, nauki, studiowania\u2026.<b> Niech ono ci\u0105gle trwa! <\/b>A my \u2013 by\u015bmy byli podobni do pasterzy, opisanych w dzisiejszej Ewangelii \u2013 <b>ludzi najprosts<\/b><b>zych<\/b><b> z prostych.<\/b> Ju\u017c chyba nie da si\u0119 by\u0107 prostszym cz\u0142owiekiem, ni\u017c taki prosty pasterz\u2026 <\/span><\/span><\/span><\/p>\n<p align=\"justify\"><span style=\"color: #000000;\"><span style=\"font-family: Book Antiqua, serif;\"><span style=\"font-size: large;\">Dlatego nowina o Narodzeniu Syna Bo\u017cego <b>w\u0142a\u015bnie im pierwszym zosta\u0142a objawiona z Nieba! <\/b>W\u0142a\u015bnie im \u2013 bo to oni mieli w sobie <b>cicho\u015b\u0107 i pokor\u0119 \u2013 i serca otwarte: <\/b>najszerzej, jak si\u0119 tylko da! Pan w\u0142a\u015bnie do takich serc <b>najch\u0119tniej przychodzi: <\/b>w\u0142a\u015bnie do takich, <b>kt\u00f3rych nie zagraca<\/b> ca\u0142e mn\u00f3stwo w\u0142asnych pomys\u0142\u00f3w na \u017cycie i w\u0142asnych, prywatnych przekona\u0144, cz\u0119sto wa\u017cniejszych od tego, co proponuje B\u00f3g. <\/span><\/span><\/span><\/p>\n<p align=\"justify\"><span style=\"color: #000000;\"><span style=\"font-family: Book Antiqua, serif;\"><span style=\"font-size: large;\">Pasterze byli wolni od tego wszystkiego, dlatego to oni \u2013 jako pierwsi \u2013 us\u0142yszeli g\u0142os Anio\u0142\u00f3w z Nieba:<b> <\/b><i><b>Chwa\u0142a Bogu na wysoko\u015bciach, <\/b><\/i><i><b>a na ziemi pok\u00f3j ludziom, <\/b><\/i><i><b>w kt\u00f3rych ma upodobanie.<\/b><\/i><b> <\/b>Wcze\u015bniej za\u015b us\u0142yszeli takie oto s\u0142owa, do siebie skierowane: <i><b>Nie b\u00f3jcie si\u0119! Oto zwiastuj\u0119 wam rado\u015b\u0107 wielk\u0105, kt\u00f3ra b\u0119dzie udzia\u0142em ca\u0142ego narodu: dzi\u015b w mie\u015bcie Dawida narodzi\u0142 si\u0119 wam Zbawiciel, kt\u00f3rym jest Mesjasz Pan. A to b\u0119dzie znakiem dla was:<\/b><\/i><b> <\/b><i><b>Znajdziecie Niemowl\u0119, owini\u0119te w pieluszki i le\u017c\u0105ce w \u017c\u0142obie.<\/b><\/i><b> <\/b><\/span><\/span><\/span><\/p>\n<p align=\"justify\"><span style=\"color: #000000;\"><span style=\"font-family: Book Antiqua, serif;\"><span style=\"font-size: large;\">Wiemy, \u017ce \u201eposzli, znale\u017ali, Dzieci\u0105tko w \u017c\u0142obie \u2013 z wszystkim znaki, danymi sobie! Jako Bogu \u2013 cze\u015b\u0107 Mu dali\u2026\u201d. W\u0142a\u015bnie oni: ludzie <b>pro\u015bci, dobrzy, szczerzy i otwarci.<\/b> <\/span><\/span><\/span><\/p>\n<p align=\"justify\"><span style=\"color: #000000;\"><span style=\"font-family: Book Antiqua, serif;\"><span style=\"font-size: large;\">\u015awiat dzisiejszy nie mo\u017ce, <b>bo w og\u00f3le nie chce!<\/b> Bo jest <b>zarozumia\u0142y, zablokowany, pewny siebie, zimny\u2026<\/b> Ma \u201ew\u0142asne sposoby&#8221;: na radzenie sobie z problemami \u2013 co z tego, \u017ce <b>zupe\u0142nie nieskuteczne.<\/b> Ma w\u0142asne pomys\u0142y na \u017cycie \u2013 co z tego, \u017ce <b>zupe\u0142nie g\u0142upie i pozbawione sensu,<\/b> a cz\u0119sto: zwyk\u0142ej ludzkiej logiki. Ma w\u0142asne spojrzenie na wszystko, co si\u0119 dzieje \u2013 co z tego, \u017ce <b>zupe\u0142nie oderwane od rzeczywisto\u015bci, <\/b>oparte na jakich\u015b absurdalnych wizjach i argumentach, prosto z kosmosu! <\/span><\/span><\/span><\/p>\n<p align=\"justify\"><span style=\"color: #000000;\"><span style=\"font-family: Book Antiqua, serif;\"><span style=\"font-size: large;\">\u015awiat obecny <b>udaje przed samym sob\u0105,<\/b> \u017ce panuje nad wszystkim, \u017ce wszystkie problemy rozwi\u0105zuje i wszystkie zawi\u0142o\u015bci rozumie. W rzeczywisto\u015bci, dobrze widzimy, <b>jak poradzi\u0142 sobie z tak zwan\u0105 pandemi\u0105 <\/b>\u2013 najwi\u0119kszym oszustwem ostatniego czasu \u2013 czy <b>z wojn\u0105 na Ukrainie, <\/b>czy innymi wojnami, wykrwawiaj\u0105cymi ludy i narody ju\u017c od wielu lat. Wielcy tego \u015bwiata<b> wcale nie chc\u0105 niczego rozwi\u0105zywa\u0107,<\/b> ani niczemu zaradza\u0107. Chocia\u017c usta maj\u0105 pe\u0142ne frazes\u00f3w o pokoju, sprawiedliwo\u015bci i demokracji, w rzeczywisto\u015bci <b>pilnuj\u0105 <\/b><b>jedynie <\/b><b>swoich szemranych interes\u00f3w<\/b> i tylko to si\u0119 dla nich liczy. <\/span><\/span><\/span><\/p>\n<p align=\"justify\"><span style=\"color: #000000;\"><span style=\"font-family: Book Antiqua, serif;\"><span style=\"font-size: large;\">Dlatego wszelkie podejmowane przez nich dzia\u0142ania s\u0105 tak nieskuteczne, a niejednokrotnie <b>absurdalne<\/b> i \u2013 chcia\u0142oby si\u0119 powiedzie\u0107 \u2013 <b>\u015bmieszne, <\/b>gdyby nie to, \u017ce dramatycznie uderzaj\u0105 w codzienne \u017cycie milion\u00f3w ludzi w Europie i na \u015bwiecie, powoduj\u0105c b\u00f3l i z \u0142zy. A to ju\u017c nie jest \u015bmieszne! <\/span><\/span><\/span><\/p>\n<p align=\"justify\"><span style=\"color: #000000;\"><span style=\"font-family: Book Antiqua, serif;\"><span style=\"font-size: large;\">Szczeg\u00f3lnie wyra\u017anie wida\u0107 to po <b>obecnym stanie tak zwanej Unii Europejskiej:<\/b> ca\u0142y ba\u0142agan, jaki mamy z dro\u017cyzn\u0105, inflacj\u0105, z konfliktami, z brakiem jakiejkolwiek solidarno\u015bci i wsp\u00f3\u0142pracy, a wszystko spowodowane tym, \u017ce <b>stery tego sztucznego molocha<\/b> wzi\u0119\u0142a w swoje r\u0119ce <b>grupka frustrat\u00f3w, <\/b>kt\u00f3rym wydaje si\u0119, \u017ce mog\u0105 ca\u0142ym narodom arbitralnie narzuca\u0107 swoje absurdalne decyzje. Tylko dlatego, \u017ce <b>s\u0105 przekonani, \u017ce <\/b><b>to<\/b><b> oni maj\u0105 racj\u0119 \u2013 <\/b><b>i<\/b><b> nikt inny!<\/b> <\/span><\/span><\/span><\/p>\n<p align=\"justify\"><span style=\"color: #000000;\"><span style=\"font-family: Book Antiqua, serif;\"><span style=\"font-size: large;\">Jak d\u0142ugo mo\u017cna znosi\u0107 tak\u0105 bezczelno\u015b\u0107? I dlaczego miliony ludzi musz\u0105 <b>p\u0142aci\u0107 bied\u0105 i obaw\u0105 o jutro<\/b> tylko po to, aby zaspokoi\u0107 <b>\u017c\u0105dz<\/b><b>\u0119<\/b><b> w\u0142adzy<\/b> grupki zarozumia\u0142ych mo\u017cnych tego \u015bwiata? Kiedy to si\u0119 wreszcie sko\u0144czy? <\/span><\/span><\/span><\/p>\n<p align=\"justify\"><span style=\"color: #000000;\"><span style=\"font-family: Book Antiqua, serif;\"><span style=\"font-size: large;\"><b>Kto naprawd\u0119 mo\u017ce rozwi\u0105za\u0107<\/b> problemy \u015bwiata, problemy Europy, problemy naszej Ojczyzny, problemy naszych lokalnych Ojczyzn, problemy naszych s\u0105siedztw, problemy naszych Rodzin, a wreszcie: <b>nasze problemy osobiste \u2013 kto?<\/b> Kto mo\u017ce, kto jest w stanie, <b>kto ma tyle si\u0142y i tyle m\u0105dro\u015bci,<\/b> i tyle <b>prawdziwej<\/b> w\u0142adzy i mocy, aby je rozwi\u0105za\u0107? <\/span><\/span><\/span><\/p>\n<p align=\"justify\"><span style=\"color: #000000;\"><span style=\"font-family: Book Antiqua, serif;\"><span style=\"font-size: large;\">My dobrze wiemy! Dlatego do\u0142\u0105czamy do \u015bpiewu pasterzy, witaj\u0105cych przychodz\u0105cego Zbawiciela, nasz\u0105 pokorn\u0105 pro\u015bb\u0119: <b>PRZYJD\u0179, PANIE JEZU, BO BEZ CIEBIE SOBIE NIE PORADZIMY!<\/b> Przyjd\u017a \u2013 i we\u017a ster naszych spraw <b>w swoje r\u0119ce: Ty sam! <\/b>I pokieruj, poprowad\u017a, porad\u017a co\u015b\u2026 Bo \u015bwiat dzisiejszy pr\u00f3buje i rozwi\u0105zuje \u2013 a tylko si\u0119 pogr\u0105\u017ca. <b>Ty za\u015b mo\u017cesz wszystko! Ty mo\u017cesz naszym biedom i problemom zaradzi\u0107 \u2013 skutecznie! Tylko Ty!<\/b> <\/span><\/span><\/span><\/p>\n<p align=\"justify\"><span style=\"color: #000000;\"><span style=\"font-family: Book Antiqua, serif;\"><span style=\"font-size: large;\">Dlatego z ca\u0142ym przekonaniem i z ca\u0142\u0105 pokor\u0105 naszego serca, w poczuciu totalnej bezradno\u015bci i bezsilno\u015bci, w poczuciu totalnego pogubienia i chaosu w nas i wok\u00f3\u0142 nas, w tym dniu uroczystym prosimy: <b>PRZYJD\u0179, PANIE JEZU, BO BEZ CIEBIE SOBIE NIE PORADZIMY! <\/b>Przyjd\u017a \u2013 i porad\u017a sobie z tym w nas i wok\u00f3\u0142 nas, z czym my, biedni ludzie tego rzekomo nowoczesnego i rozwini\u0119tego dwudziestego pierwszego wieku \u2013 zupe\u0142nie <b>nie mo\u017cemy sobie poradzi\u0107. <\/b><\/span><\/span><\/span><\/p>\n<p align=\"justify\"><span style=\"color: #000000;\"><span style=\"font-family: Book Antiqua, serif;\"><span style=\"font-size: large;\">Ty mo\u017cesz! Dlatego prosimy: <b>PRZYJD\u0179, PANIE JEZU, BO BEZ CIEBIE SOBIE NIE PORADZIMY! <\/b>Niech w ten spos\u00f3b pe\u0142nym blaskiem zaja\u015bnieje <i><b>chwa\u0142a Bogu na wysoko\u015bciach, <\/b><\/i><i><b>a na ziemi pok\u00f3j ludziom, <\/b><\/i><i><b>w kt\u00f3rych ma upodobanie!<\/b><\/i><b> <\/b>Amen<\/span><\/span><\/span><\/p>\n","protected":false},"excerpt":{"rendered":"<p>Niech b\u0119dzie pochwalony Jezus Chrystus! Moi Drodzy, zapraszam do wsp\u00f3lnego \u015bwi\u0119towania Bo\u017cego Narodzenia! A rozwa\u017canie dzisiejsze stanowi\u0107 b\u0119dzie s\u0142owo, jakie wyg\u0142osz\u0119 na Pasterce, sprawowanej \u2013 jak w roku poprzednim \u2013 w naszym Duszpasterstwie Akademickim. Rozwa\u017canie to ko\u0144cz\u0119 serdecznym \u017cyczeniami, z jakimi chcia\u0142bym si\u0119 do Was zwr\u00f3ci\u0107. Zapraszam zatem do pochylenia si\u0119 nad Bo\u017cym s\u0142owem Mszy [&hellip;]<\/p>\n","protected":false},"author":1,"featured_media":0,"comment_status":"open","ping_status":"open","sticky":false,"template":"","format":"standard","meta":{"jetpack_post_was_ever_published":false,"_jetpack_newsletter_access":"","_jetpack_dont_email_post_to_subs":false,"_jetpack_newsletter_tier_id":0,"_jetpack_memberships_contains_paywalled_content":false,"_jetpack_memberships_contains_paid_content":false,"footnotes":""},"categories":[1],"tags":[],"class_list":["post-21221","post","type-post","status-publish","format-standard","hentry","category-bez-kategorii"],"yoast_head":"<!-- This site is optimized with the Yoast SEO plugin v25.1 - https:\/\/yoast.com\/wordpress\/plugins\/seo\/ -->\n<title>Bez Ciebie sobie nie poradzimy! - Gaudium Et Spes<\/title>\n<meta name=\"robots\" content=\"index, follow, max-snippet:-1, max-image-preview:large, max-video-preview:-1\" \/>\n<link rel=\"canonical\" href=\"https:\/\/gaudiumetspes-blog.pl\/index.php\/2022\/12\/25\/bez-ciebie-sobie-nie-poradzimy\/\" \/>\n<meta property=\"og:locale\" content=\"pl_PL\" \/>\n<meta property=\"og:type\" content=\"article\" \/>\n<meta property=\"og:title\" content=\"Bez Ciebie sobie nie poradzimy! - Gaudium Et Spes\" \/>\n<meta property=\"og:description\" content=\"Niech b\u0119dzie pochwalony Jezus Chrystus! Moi Drodzy, zapraszam do wsp\u00f3lnego \u015bwi\u0119towania Bo\u017cego Narodzenia! A rozwa\u017canie dzisiejsze stanowi\u0107 b\u0119dzie s\u0142owo, jakie wyg\u0142osz\u0119 na Pasterce, sprawowanej \u2013 jak w roku poprzednim \u2013 w naszym Duszpasterstwie Akademickim. Rozwa\u017canie to ko\u0144cz\u0119 serdecznym \u017cyczeniami, z jakimi chcia\u0142bym si\u0119 do Was zwr\u00f3ci\u0107. Zapraszam zatem do pochylenia si\u0119 nad Bo\u017cym s\u0142owem Mszy [&hellip;]\" \/>\n<meta property=\"og:url\" content=\"https:\/\/gaudiumetspes-blog.pl\/index.php\/2022\/12\/25\/bez-ciebie-sobie-nie-poradzimy\/\" \/>\n<meta property=\"og:site_name\" content=\"Gaudium Et Spes\" \/>\n<meta property=\"article:published_time\" content=\"2022-12-24T23:01:18+00:00\" \/>\n<meta name=\"author\" content=\"Ks. Jacek\" \/>\n<meta name=\"twitter:card\" content=\"summary_large_image\" \/>\n<meta name=\"twitter:label1\" content=\"Napisane przez\" \/>\n\t<meta name=\"twitter:data1\" content=\"Ks. Jacek\" \/>\n\t<meta name=\"twitter:label2\" content=\"Szacowany czas czytania\" \/>\n\t<meta name=\"twitter:data2\" content=\"14 minut\" \/>\n<script type=\"application\/ld+json\" class=\"yoast-schema-graph\">{\"@context\":\"https:\/\/schema.org\",\"@graph\":[{\"@type\":\"WebPage\",\"@id\":\"https:\/\/gaudiumetspes-blog.pl\/index.php\/2022\/12\/25\/bez-ciebie-sobie-nie-poradzimy\/\",\"url\":\"https:\/\/gaudiumetspes-blog.pl\/index.php\/2022\/12\/25\/bez-ciebie-sobie-nie-poradzimy\/\",\"name\":\"Bez Ciebie sobie nie poradzimy! - Gaudium Et Spes\",\"isPartOf\":{\"@id\":\"https:\/\/gaudiumetspes-blog.pl\/#website\"},\"datePublished\":\"2022-12-24T23:01:18+00:00\",\"author\":{\"@id\":\"https:\/\/gaudiumetspes-blog.pl\/#\/schema\/person\/1661982992b752dea8dff0d4ed845a65\"},\"breadcrumb\":{\"@id\":\"https:\/\/gaudiumetspes-blog.pl\/index.php\/2022\/12\/25\/bez-ciebie-sobie-nie-poradzimy\/#breadcrumb\"},\"inLanguage\":\"pl-PL\",\"potentialAction\":[{\"@type\":\"ReadAction\",\"target\":[\"https:\/\/gaudiumetspes-blog.pl\/index.php\/2022\/12\/25\/bez-ciebie-sobie-nie-poradzimy\/\"]}]},{\"@type\":\"BreadcrumbList\",\"@id\":\"https:\/\/gaudiumetspes-blog.pl\/index.php\/2022\/12\/25\/bez-ciebie-sobie-nie-poradzimy\/#breadcrumb\",\"itemListElement\":[{\"@type\":\"ListItem\",\"position\":1,\"name\":\"Strona g\u0142\u00f3wna\",\"item\":\"https:\/\/gaudiumetspes-blog.pl\/\"},{\"@type\":\"ListItem\",\"position\":2,\"name\":\"Bez&nbsp;Ciebie sobie nie&nbsp;poradzimy!\"}]},{\"@type\":\"WebSite\",\"@id\":\"https:\/\/gaudiumetspes-blog.pl\/#website\",\"url\":\"https:\/\/gaudiumetspes-blog.pl\/\",\"name\":\"Gaudium Et Spes\",\"description\":\"Blog Ks. Jacka Ja\u015bkowskiego\",\"potentialAction\":[{\"@type\":\"SearchAction\",\"target\":{\"@type\":\"EntryPoint\",\"urlTemplate\":\"https:\/\/gaudiumetspes-blog.pl\/?s={search_term_string}\"},\"query-input\":{\"@type\":\"PropertyValueSpecification\",\"valueRequired\":true,\"valueName\":\"search_term_string\"}}],\"inLanguage\":\"pl-PL\"},{\"@type\":\"Person\",\"@id\":\"https:\/\/gaudiumetspes-blog.pl\/#\/schema\/person\/1661982992b752dea8dff0d4ed845a65\",\"name\":\"Ks. Jacek\",\"image\":{\"@type\":\"ImageObject\",\"inLanguage\":\"pl-PL\",\"@id\":\"https:\/\/gaudiumetspes-blog.pl\/#\/schema\/person\/image\/\",\"url\":\"https:\/\/gaudiumetspes-blog.pl\/wp-content\/uploads\/2019\/07\/avatar-JJ-150x150.jpg\",\"contentUrl\":\"https:\/\/gaudiumetspes-blog.pl\/wp-content\/uploads\/2019\/07\/avatar-JJ-150x150.jpg\",\"caption\":\"Ks. Jacek\"},\"description\":\"Witam serdecznie! K\u0142ania si\u0119 Ks. Jacek Ja\u015bkowski. Nie jestem ani kim\u015b wa\u017cnym, ani kim\u015b znanym. Jestem ksi\u0119dzem, kt\u00f3ry po prostu chce rozmawia\u0107. Codzienna kap\u0142a\u0144ska pos\u0142uga pokazuje mi, \u017ce temat\u00f3w do rozm\u00f3w z ksi\u0119dzem jest coraz wi\u0119cej i dzisiaj \u017caden ksi\u0105dz nie mo\u017ce od nich ucieka\u0107, ale - wprost przeciwnie - podejmowa\u0107 nowe wyzwania. To przekonanie sk\u0142oni\u0142o mnie do pr\u00f3by otwarcia tego\u017c bloga, chocia\u017c okazji do rozm\u00f3w na co dzie\u0144 - w konfesjonale i poza nim - na szcz\u0119\u015bcie nie brakuje. My\u015bl\u0119 jednak, \u017ce ten blog b\u0119dzie jeszcze jednym sposobem i przestrzeni\u0105 nawi\u0105zania kontaktu z lud\u017ami dobrej woli, otwartymi na dialog.\",\"url\":\"https:\/\/gaudiumetspes-blog.pl\/index.php\/author\/ks-jacek\/\"}]}<\/script>\n<!-- \/ Yoast SEO plugin. -->","yoast_head_json":{"title":"Bez Ciebie sobie nie poradzimy! - Gaudium Et Spes","robots":{"index":"index","follow":"follow","max-snippet":"max-snippet:-1","max-image-preview":"max-image-preview:large","max-video-preview":"max-video-preview:-1"},"canonical":"https:\/\/gaudiumetspes-blog.pl\/index.php\/2022\/12\/25\/bez-ciebie-sobie-nie-poradzimy\/","og_locale":"pl_PL","og_type":"article","og_title":"Bez Ciebie sobie nie poradzimy! - Gaudium Et Spes","og_description":"Niech b\u0119dzie pochwalony Jezus Chrystus! Moi Drodzy, zapraszam do wsp\u00f3lnego \u015bwi\u0119towania Bo\u017cego Narodzenia! A rozwa\u017canie dzisiejsze stanowi\u0107 b\u0119dzie s\u0142owo, jakie wyg\u0142osz\u0119 na Pasterce, sprawowanej \u2013 jak w roku poprzednim \u2013 w naszym Duszpasterstwie Akademickim. Rozwa\u017canie to ko\u0144cz\u0119 serdecznym \u017cyczeniami, z jakimi chcia\u0142bym si\u0119 do Was zwr\u00f3ci\u0107. Zapraszam zatem do pochylenia si\u0119 nad Bo\u017cym s\u0142owem Mszy [&hellip;]","og_url":"https:\/\/gaudiumetspes-blog.pl\/index.php\/2022\/12\/25\/bez-ciebie-sobie-nie-poradzimy\/","og_site_name":"Gaudium Et Spes","article_published_time":"2022-12-24T23:01:18+00:00","author":"Ks. Jacek","twitter_card":"summary_large_image","twitter_misc":{"Napisane przez":"Ks. Jacek","Szacowany czas czytania":"14 minut"},"schema":{"@context":"https:\/\/schema.org","@graph":[{"@type":"WebPage","@id":"https:\/\/gaudiumetspes-blog.pl\/index.php\/2022\/12\/25\/bez-ciebie-sobie-nie-poradzimy\/","url":"https:\/\/gaudiumetspes-blog.pl\/index.php\/2022\/12\/25\/bez-ciebie-sobie-nie-poradzimy\/","name":"Bez Ciebie sobie nie poradzimy! - Gaudium Et Spes","isPartOf":{"@id":"https:\/\/gaudiumetspes-blog.pl\/#website"},"datePublished":"2022-12-24T23:01:18+00:00","author":{"@id":"https:\/\/gaudiumetspes-blog.pl\/#\/schema\/person\/1661982992b752dea8dff0d4ed845a65"},"breadcrumb":{"@id":"https:\/\/gaudiumetspes-blog.pl\/index.php\/2022\/12\/25\/bez-ciebie-sobie-nie-poradzimy\/#breadcrumb"},"inLanguage":"pl-PL","potentialAction":[{"@type":"ReadAction","target":["https:\/\/gaudiumetspes-blog.pl\/index.php\/2022\/12\/25\/bez-ciebie-sobie-nie-poradzimy\/"]}]},{"@type":"BreadcrumbList","@id":"https:\/\/gaudiumetspes-blog.pl\/index.php\/2022\/12\/25\/bez-ciebie-sobie-nie-poradzimy\/#breadcrumb","itemListElement":[{"@type":"ListItem","position":1,"name":"Strona g\u0142\u00f3wna","item":"https:\/\/gaudiumetspes-blog.pl\/"},{"@type":"ListItem","position":2,"name":"Bez&nbsp;Ciebie sobie nie&nbsp;poradzimy!"}]},{"@type":"WebSite","@id":"https:\/\/gaudiumetspes-blog.pl\/#website","url":"https:\/\/gaudiumetspes-blog.pl\/","name":"Gaudium Et Spes","description":"Blog Ks. Jacka Ja\u015bkowskiego","potentialAction":[{"@type":"SearchAction","target":{"@type":"EntryPoint","urlTemplate":"https:\/\/gaudiumetspes-blog.pl\/?s={search_term_string}"},"query-input":{"@type":"PropertyValueSpecification","valueRequired":true,"valueName":"search_term_string"}}],"inLanguage":"pl-PL"},{"@type":"Person","@id":"https:\/\/gaudiumetspes-blog.pl\/#\/schema\/person\/1661982992b752dea8dff0d4ed845a65","name":"Ks. Jacek","image":{"@type":"ImageObject","inLanguage":"pl-PL","@id":"https:\/\/gaudiumetspes-blog.pl\/#\/schema\/person\/image\/","url":"https:\/\/gaudiumetspes-blog.pl\/wp-content\/uploads\/2019\/07\/avatar-JJ-150x150.jpg","contentUrl":"https:\/\/gaudiumetspes-blog.pl\/wp-content\/uploads\/2019\/07\/avatar-JJ-150x150.jpg","caption":"Ks. Jacek"},"description":"Witam serdecznie! K\u0142ania si\u0119 Ks. Jacek Ja\u015bkowski. Nie jestem ani kim\u015b wa\u017cnym, ani kim\u015b znanym. Jestem ksi\u0119dzem, kt\u00f3ry po prostu chce rozmawia\u0107. Codzienna kap\u0142a\u0144ska pos\u0142uga pokazuje mi, \u017ce temat\u00f3w do rozm\u00f3w z ksi\u0119dzem jest coraz wi\u0119cej i dzisiaj \u017caden ksi\u0105dz nie mo\u017ce od nich ucieka\u0107, ale - wprost przeciwnie - podejmowa\u0107 nowe wyzwania. To przekonanie sk\u0142oni\u0142o mnie do pr\u00f3by otwarcia tego\u017c bloga, chocia\u017c okazji do rozm\u00f3w na co dzie\u0144 - w konfesjonale i poza nim - na szcz\u0119\u015bcie nie brakuje. My\u015bl\u0119 jednak, \u017ce ten blog b\u0119dzie jeszcze jednym sposobem i przestrzeni\u0105 nawi\u0105zania kontaktu z lud\u017ami dobrej woli, otwartymi na dialog.","url":"https:\/\/gaudiumetspes-blog.pl\/index.php\/author\/ks-jacek\/"}]}},"jetpack_featured_media_url":"","jetpack_sharing_enabled":true,"_links":{"self":[{"href":"https:\/\/gaudiumetspes-blog.pl\/index.php\/wp-json\/wp\/v2\/posts\/21221","targetHints":{"allow":["GET"]}}],"collection":[{"href":"https:\/\/gaudiumetspes-blog.pl\/index.php\/wp-json\/wp\/v2\/posts"}],"about":[{"href":"https:\/\/gaudiumetspes-blog.pl\/index.php\/wp-json\/wp\/v2\/types\/post"}],"author":[{"embeddable":true,"href":"https:\/\/gaudiumetspes-blog.pl\/index.php\/wp-json\/wp\/v2\/users\/1"}],"replies":[{"embeddable":true,"href":"https:\/\/gaudiumetspes-blog.pl\/index.php\/wp-json\/wp\/v2\/comments?post=21221"}],"version-history":[{"count":3,"href":"https:\/\/gaudiumetspes-blog.pl\/index.php\/wp-json\/wp\/v2\/posts\/21221\/revisions"}],"predecessor-version":[{"id":21224,"href":"https:\/\/gaudiumetspes-blog.pl\/index.php\/wp-json\/wp\/v2\/posts\/21221\/revisions\/21224"}],"wp:attachment":[{"href":"https:\/\/gaudiumetspes-blog.pl\/index.php\/wp-json\/wp\/v2\/media?parent=21221"}],"wp:term":[{"taxonomy":"category","embeddable":true,"href":"https:\/\/gaudiumetspes-blog.pl\/index.php\/wp-json\/wp\/v2\/categories?post=21221"},{"taxonomy":"post_tag","embeddable":true,"href":"https:\/\/gaudiumetspes-blog.pl\/index.php\/wp-json\/wp\/v2\/tags?post=21221"}],"curies":[{"name":"wp","href":"https:\/\/api.w.org\/{rel}","templated":true}]}}