{"id":21229,"date":"2022-12-28T09:51:13","date_gmt":"2022-12-28T08:51:13","guid":{"rendered":"https:\/\/gaudiumetspes-blog.pl\/?p=21229"},"modified":"2022-12-28T09:51:13","modified_gmt":"2022-12-28T08:51:13","slug":"na-jakim-my-swiecie-zyjemy","status":"publish","type":"post","link":"https:\/\/gaudiumetspes-blog.pl\/index.php\/2022\/12\/28\/na-jakim-my-swiecie-zyjemy\/","title":{"rendered":"Na jakim my \u015bwiecie \u017cyjemy?!"},"content":{"rendered":"<p align=\"justify\"><span style=\"color: #000000;\"><span style=\"font-family: Book Antiqua, serif;\"><span style=\"font-size: large;\">Szcz\u0119\u015b\u0107 Bo\u017ce! Moi Drodzy, w dniu dzisiejszym <b>imieniny prze\u017cywa Ojciec Cezary Szcze\u015bniak, kapucyn, nale\u017c\u0105cy w swoim czasie do jednej z <\/b><b>moich <\/b><b>m\u0142odzie\u017cowych Wsp\u00f3lnot. \u017bycz\u0119 <\/b><b>Solenizantowi post\u0119powania przez ca\u0142e \u017cycie tylko drog\u0105 \u015bwiat\u0142o\u015bci. I zapewniam o modlitwie!<\/b><\/span><\/span><\/span><\/p>\n<p align=\"justify\"><span style=\"color: #000000;\"><span style=\"font-family: Book Antiqua, serif;\"><span style=\"font-size: large;\">A ja ju\u017c od wczoraj jestem w Kodniu, gdzie zamierzam \u201epomieszka\u0107\u201d do Sylwestra. Oczywi\u015bcie, b\u0119d\u0119 normalnie funkcjonowa\u0142 \u2013 to nie b\u0119d\u0105 \u017cadne rekolekcje \u2013 zamierzam intensywnie popracowa\u0107. Jednocze\u015bnie jednak \u2013 szczeg\u00f3lnie w czasie nocnych rozm\u00f3w z Matk\u0105 w klasztornej Kaplicy \u2013 b\u0119d\u0119 pami\u0119ta\u0142 tak\u017ce o Was. <\/span><\/span><\/span><\/p>\n<p align=\"justify\"><span style=\"color: #000000;\"><span style=\"font-family: Book Antiqua, serif;\"><span style=\"font-size: large;\">W tych dniach tak\u017ce \u2013 tu, w Kodniu \u2013 odprawi\u0119 Msz\u0119 \u015awi\u0119t\u0105 w intencji Wszystkich \u017cyczliwych, kt\u00f3rzy przy okazji \u015awi\u0105t pospieszyli z \u017cyczeniami i modlitw\u0105, zapewniaj\u0105c o tym w rozmowach bezpo\u015brednich i telefonicznych, za pomoc\u0105 smsa lub maila. Bardzo Wszystkim za t\u0119 \u017cyczliwo\u015b\u0107 i pami\u0119\u0107 dzi\u0119kuj\u0119!<\/span><\/span><\/span><\/p>\n<p align=\"justify\"><span style=\"color: #000000;\"><span style=\"font-family: Book Antiqua, serif;\"><span style=\"font-size: large;\">Teraz za\u015b zapraszam do pochylenia si\u0119 nad dzisiejszym Bo\u017cym s\u0142owem. Niech zatem Duch \u015awi\u0119ty o\u015bwieci nas i natchnie, by\u015bmy odkryli to<b> jedyne i konkretne przes\u0142anie, z jakim Pan zwraca si\u0119 do mnie osobi\u015bcie.<\/b><\/span><\/span><\/span><\/p>\n<p align=\"justify\"><span style=\"color: #000000;\"><span style=\"font-family: Book Antiqua, serif;\"><span style=\"font-size: large;\"><b>Niech Was b\u0142ogos\u0142awi B\u00f3g Wszechmog\u0105cy: Ojciec + i Syn, i Duch \u015awi\u0119ty. Amen<\/b><\/span><\/span><\/span><\/p>\n<p align=\"center\"><span style=\"color: #000000;\"><span style=\"font-family: Book Antiqua, serif;\"><span style=\"font-size: large;\">Gaudium et spes! Ks. Jacek<\/span><\/span><\/span><\/p>\n<p align=\"center\">\n<p align=\"center\">\n<p align=\"center\">\n<p align=\"center\">\n<p align=\"center\">\n<p align=\"justify\"><span style=\"color: #000000;\"><span style=\"font-family: Book Antiqua, serif;\"><span style=\"font-size: large;\"><b>\u015awi\u0119to \u015awi\u0119tych M\u0142odziank\u00f3w, M\u0119czennik\u00f3w,<\/b><\/span><\/span><\/span><\/p>\n<p align=\"justify\"><span style=\"color: #000000;\"><span style=\"font-family: Book Antiqua, serif;\"><span style=\"font-size: large;\"><b>28 grudnia 2022.,<\/b><\/span><\/span><\/span><\/p>\n<p align=\"justify\"><span style=\"color: #000000;\"><span style=\"font-family: Book Antiqua, serif;\"><span style=\"font-size: large;\"><b>do czyta\u0144 z t. VI Lekcjonarza: 1 J 1,5\u20132,2; Mt 2,13\u201318<\/b><\/span><\/span><\/span><\/p>\n<p align=\"justify\">\n<p align=\"justify\">\n<p align=\"justify\">\n<p align=\"justify\">\n<p align=\"justify\">\n<p align=\"justify\"><span style=\"color: #000000;\"><span style=\"font-family: Book Antiqua, serif;\"><span style=\"font-size: large;\"><b>CZYTANIE Z PIERWSZEGO LISTU \u015aWI\u0118TEGO JANA APOSTO\u0141A: <\/b><\/span><\/span><\/span><\/p>\n<p align=\"justify\"><span style=\"color: #000000;\"><span style=\"font-family: Book Antiqua, serif;\"><span style=\"font-size: large;\"><b>Umi\u0142owani: Nowina, kt\u00f3r\u0105 us\u0142yszeli\u015bmy od Jezusa Chrystusa i kt\u00f3r\u0105 wam g\u0142osimy, jest taka: B\u00f3g jest \u015bwiat\u0142o\u015bci\u0105, a nie ma w Nim \u017cadnej ciemno\u015bci. Je\u017celi m\u00f3wimy, \u017ce mamy z Nim wsp\u00f3\u0142uczestnictwo, a chodzimy w ciemno\u015bci, k\u0142amiemy i nie post\u0119pujemy zgodnie z prawd\u0105. Je\u017celi za\u015b chodzimy w \u015bwiat\u0142o\u015bci, tak jak On sam trwa w \u015bwiat\u0142o\u015bci, wtedy mamy jedni z drugimi wsp\u00f3\u0142uczestnictwo, a krew Jezusa, Syna Jego, oczyszcza nas z wszelkiego grzechu. <\/b><\/span><\/span><\/span><\/p>\n<p align=\"justify\"><span style=\"color: #000000;\"><span style=\"font-family: Book Antiqua, serif;\"><span style=\"font-size: large;\"><b>Je\u015bli m\u00f3wimy, \u017ce nie mamy grzechu, to samych siebie oszukujemy i nie ma w nas prawdy. Je\u017celi wyznajemy nasze grzechy, B\u00f3g b\u0119d\u0105c wiernym i sprawiedliwym odpu\u015bci je nam i oczy\u015bci nas z wszelkiej nieprawo\u015bci. Je\u015bli powiemy, \u017ce nie zgrzeszyli\u015bmy, czynimy Go k\u0142amc\u0105 i nie ma w nas Jego nauki. <\/b><\/span><\/span><\/span><\/p>\n<p align=\"justify\"><span style=\"color: #000000;\"><span style=\"font-family: Book Antiqua, serif;\"><span style=\"font-size: large;\"><b>Dzieci moje, pisz\u0119 wam to dlatego, \u017ceby\u015bcie nie grzeszyli. Je\u015bliby nawet kto\u015b zgrzeszy\u0142, mamy Rzecznika wobec Ojca, Jezusa Chrystusa sprawiedliwego. On bowiem jest ofiar\u0105 przeb\u0142agaln\u0105 za nasze grzechy, i nie tylko za nasze, lecz r\u00f3wnie\u017c za grzechy ca\u0142ego \u015bwiata.<\/b><\/span><\/span><\/span><\/p>\n<p align=\"justify\">\n<p align=\"justify\">\n<p align=\"justify\">\n<p align=\"justify\">\n<p align=\"justify\">\n<p align=\"justify\"><span style=\"color: #000000;\"><span style=\"font-family: Book Antiqua, serif;\"><span style=\"font-size: large;\"><b>S\u0141OWA EWANGELII WED\u0141UG \u015aWI\u0118TEGO MATEUSZA: <\/b><\/span><\/span><\/span><\/p>\n<p align=\"justify\"><span style=\"color: #000000;\"><span style=\"font-family: Book Antiqua, serif;\"><span style=\"font-size: large;\"><b>Gdy M\u0119drcy odjechali, oto anio\u0142 Pa\u0144ski ukaza\u0142 si\u0119 J\u00f3zefowi we \u015bnie i rzek\u0142: \u201eWsta\u0144, we\u017a Dzieci\u0119 i Jego Matk\u0119 i uchod\u017a do Egiptu; pozosta\u0144 tam, a\u017c ci powiem; bo Herod b\u0119dzie szuka\u0142 Dzieci\u0119cia, aby Je zg\u0142adzi\u0107\u201d. <\/b><\/span><\/span><\/span><\/p>\n<p align=\"justify\"><span style=\"color: #000000;\"><span style=\"font-family: Book Antiqua, serif;\"><span style=\"font-size: large;\"><b>On wsta\u0142, wzi\u0105\u0142 w nocy Dzieci\u0119 i Jego Matk\u0119 i uda\u0142 si\u0119 do Egiptu; tam pozosta\u0142 a\u017c do \u015bmierci Heroda. Tak mia\u0142o si\u0119 spe\u0142ni\u0107 s\u0142owo, kt\u00f3re Pan powiedzia\u0142 przez Proroka: \u201eZ Egiptu wezwa\u0142em Syna mego\u201d. <\/b><\/span><\/span><\/span><\/p>\n<p align=\"justify\"><span style=\"color: #000000;\"><span style=\"font-family: Book Antiqua, serif;\"><span style=\"font-size: large;\"><b>Wtedy Herod widz\u0105c, \u017ce go M\u0119drcy zawiedli, wpad\u0142 w straszny gniew. Pos\u0142a\u0142 oprawc\u00f3w do Betlejem i ca\u0142ej okolicy i kaza\u0142 pozabija\u0107 wszystkich ch\u0142opc\u00f3w w wieku do dw\u00f3ch lat, stosownie do czasu, o kt\u00f3rym si\u0119 dowiedzia\u0142 od M\u0119drc\u00f3w. <\/b><\/span><\/span><\/span><\/p>\n<p align=\"justify\"><span style=\"color: #000000;\"><span style=\"font-family: Book Antiqua, serif;\"><span style=\"font-size: large;\"><b>Wtedy spe\u0142ni\u0142y si\u0119 s\u0142owa proroka Jeremiasza: \u201eKrzyk us\u0142yszano w Rama, p\u0142acz i j\u0119k wielki. Rachel op\u0142akuje swe dzieci i nie chce utuli\u0107 si\u0119 w \u017calu, bo ich ju\u017c nie ma\u201d.<\/b><\/span><\/span><\/span><\/p>\n<p align=\"justify\">\n<p align=\"justify\">\n<p align=\"justify\">\n<p align=\"justify\">\n<p align=\"justify\">\n<p align=\"justify\"><span style=\"color: #000000;\"><span style=\"font-size: large;\"><span style=\"font-family: Book Antiqua, serif;\">Dwuletnim, a nawet m\u0142odszym ch\u0142opcom, zamordowanym w Betlejem i okolicy na rozkaz kr\u00f3la Heroda, \u015awi\u0119ci Ireneusz, Cyprian i Augustyn oraz inni Ojcowie Ko\u015bcio\u0142a <\/span><span style=\"font-family: Book Antiqua, serif;\"><b>nadali tytu\u0142 M\u0119czennik\u00f3w. <\/b><\/span><span style=\"font-family: Book Antiqua, serif;\">Ich kult datuje si\u0119 od I wieku po narodzinach Chrystusa. <\/span><\/span><\/span><\/p>\n<p align=\"justify\"><span style=\"color: #000000;\"><span style=\"font-size: large;\"><span style=\"font-family: Book Antiqua, serif;\">W\u015br\u00f3d Ewangelist\u00f3w jedynie \u015awi\u0119ty Mateusz przekaza\u0142 nam informacj\u0119 o tym wydarzeniu. Dekret \u015bmierci dla Niemowl\u0105t wyda\u0142 Herod Wielki, kr\u00f3l \u017cydowski, <\/span><span style=\"font-family: Book Antiqua, serif;\"><b>kiedy dowiedzia\u0142 si\u0119 od Mag\u00f3w, \u017ce narodzi\u0142 si\u0119 Mesjasz,<\/b><\/span><span style=\"font-family: Book Antiqua, serif;\"> oczekiwany przez nar\u00f3d \u017cydowski. <\/span><span style=\"font-family: Book Antiqua, serif;\">W obawie, by Jezus nie odebra\u0142 mu i jego potomkom panowania, chcia\u0142 <\/span><span style=\"font-family: Book Antiqua, serif;\">si\u0119 Go <\/span><span style=\"font-family: Book Antiqua, serif;\">w tak podst\u0119pny spos\u00f3b pozby\u0107.<\/span><\/span><\/span><\/p>\n<p align=\"justify\"><span style=\"color: #000000;\"><span style=\"font-size: large;\"><span style=\"font-family: Book Antiqua, serif;\">Za czas\u00f3w Heroda panowa\u0142o bowiem przekonanie, \u017ce <\/span><span style=\"font-family: Book Antiqua, serif;\"><b>wszystko w pa\u0144stwie jest w\u0142asno\u015bci\u0105 w\u0142adcy, tak\u017ce ludzie, nad kt\u00f3rymi ma prawo \u017cycia i \u015bmierci.<\/b><\/span><span style=\"font-family: Book Antiqua, serif;\"> Je\u015bli mu stoj\u0105 na przeszkodzie, zagra\u017caj\u0105 jego \u017cyciu lub panowaniu, mo\u017ce bez skrupu\u0142\u00f3w, w spos\u00f3b gwa\u0142towny, pozby\u0107 si\u0119 ich. A historia potwierdza, \u017ce <\/span><span style=\"font-family: Book Antiqua, serif;\"><b>Herod by\u0142 wyj\u0105tkowo ambitny, chciwy w\u0142adzy i podejrzliwy. <\/b><\/span><span style=\"font-family: Book Antiqua, serif;\">Sam bowiem doszed\u0142 do tronu \u201epo trupach\u201d i tylko dzi\u0119ki terrorowi utrzymywa\u0142 si\u0119 u w\u0142adzy. <\/span><\/span><\/span><\/p>\n<p align=\"justify\"><span style=\"color: #000000;\"><span style=\"font-size: large;\"><span style=\"font-family: Book Antiqua, serif;\">By\u0142 synem Antypatra, wodza Idumei. <\/span><span style=\"font-family: Book Antiqua, serif;\"><b>Za cel postawi\u0142 sobie panowanie.<\/b><\/span><span style=\"font-family: Book Antiqua, serif;\"> Dlatego odda\u0142 si\u0119 w ca\u0142kowit\u0105 s\u0142u\u017cb\u0119 Rzymianom. Dzi\u0119ki nim, jako poganin, otrzyma\u0142 <\/span><span style=\"font-family: Book Antiqua, serif;\">w\u0142adz\u0119<\/span><span style=\"font-family: Book Antiqua, serif;\"> nad Ziemi\u0105 \u015awi\u0119t\u0105 i narodem \u017cydowskim z tytu\u0142em kr\u00f3la. <\/span><span style=\"font-family: Book Antiqua, serif;\"><b>Wymordowa\u0142 \u017cydowsk\u0105 rodzin\u0119 kr\u00f3lewsk\u0105, kt\u00f3ra panowa\u0142a przed nim:<\/b><\/span><span style=\"font-family: Book Antiqua, serif;\"> Hirkana II, swojego te\u015bcia, a tak\u017ce swoj\u0105 \u017con\u0119, szwagra, trzech swoich syn\u00f3w i wielu innych, jak to szczeg\u00f3\u0142owo opisuje \u017cyj\u0105cy oko\u0142o siedemdziesi\u0105t lat po nim <\/span><span style=\"font-family: Book Antiqua, serif;\"><b>historyk \u017cydowski, J\u00f3zef Flawiusz,<\/b><\/span><span style=\"font-family: Book Antiqua, serif;\"> w dziele pod tytu\u0142em \u201eDawne dzieje Izraela\u201d. <\/span><\/span><\/span><\/p>\n<p align=\"justify\"><span style=\"color: #000000;\"><span style=\"font-size: large;\"><span style=\"font-family: Book Antiqua, serif;\">Jeszcze przed sam\u0105 swoj\u0105 \u015bmierci\u0105, <\/span><span style=\"font-family: Book Antiqua, serif;\"><b>by nie da\u0107 \u017bydom powodu do rado\u015bci,<\/b><\/span><span style=\"font-family: Book Antiqua, serif;\"> ale by im wycisn\u0105\u0107 \u0142zy i upami\u0119tni\u0107 w ten spos\u00f3b sw\u00f3j zgon, rozkaza\u0142 Herod dow\u00f3dcy wojska zebra\u0107 na stadionie sportowym w Jerychu najprzedniejszych obywateli \u017cydowskich i na wiadomo\u015b\u0107 o jego \u015bmierci, wszystkich zg\u0142adzi\u0107. <\/span><span style=\"font-family: Book Antiqua, serif;\"><b>Nie wykonano \u2013 na<\/b><\/span> <span style=\"font-family: Book Antiqua, serif;\"><b>szcz\u0119\u015bcie \u2013 tego polecenia.<\/b><\/span><span style=\"font-family: Book Antiqua, serif;\"> Te fakty i wiele innych wskazuj\u0105, kim by\u0142 Herod i czym by\u0142o dla takiego okrutnika pozbawienie \u017cycia kilkudziesi\u0119ciu niemowl\u0105t. To chyba o takich, jak on, \u015awi\u0119ty Jan m\u00f3wi dzi\u015b w pierwszym czytaniu jako o tych, <\/span><span style=\"font-family: Book Antiqua, serif;\"><b>kt\u00f3rzy post\u0119puj\u0105 w ciemno\u015bci. <\/b><\/span><\/span><\/span><\/p>\n<p align=\"justify\"><span style=\"color: #000000;\"><span style=\"font-size: large;\"><span style=\"font-family: Book Antiqua, serif;\">Tymczasem bibli\u015bci zastanawiaj\u0105 si\u0119 nad tym, <\/span><span style=\"font-family: Book Antiqua, serif;\"><b>ile mog\u0142o by\u0107 owych ma\u0142ych dzieci?<\/b><\/span><span style=\"font-family: Book Antiqua, serif;\"> Betlejem w owych czasach mog\u0142o liczy\u0107 oko\u0142o tysi\u0105ca mieszka\u0144c\u00f3w. Niemowl\u0105t do dw\u00f3ch lat w takiej sytuacji mog\u0142o by\u0107 najwy\u017cej oko\u0142o stu \u2013 <\/span><span style=\"font-family: Book Antiqua, serif;\"><b>ch\u0142opc\u00f3w zatem oko\u0142o pi\u0119\u0107dziesi\u0119ciu.<\/b><\/span><span style=\"font-family: Book Antiqua, serif;\"> Jest to cyfra raczej maksymalna i trzeba j\u0105 prawdopodobnie zani\u017cy\u0107. Szczeg\u00f3\u0142, \u017ce Herod oznaczy\u0142 wiek Niemowl\u0105t skazanych na \u015bmier\u0107, jest dla nas o tyle cenny, \u017ce <\/span><span style=\"font-family: Book Antiqua, serif;\"><b>pozwala nam w przybli\u017ceniu okre\u015bli\u0107 czas narodzenia Pana Jezusa. <\/b><\/span><span style=\"font-family: Book Antiqua, serif;\">Pan Jezus m\u00f3g\u0142 mie\u0107 ju\u017c oko\u0142o roku. Herod wola\u0142 dla wszelkiej pewno\u015bci <\/span><span style=\"font-family: Book Antiqua, serif;\"><b>zawy\u017cy\u0107 wiek ofiar.<\/b><\/span><\/span><\/span><\/p>\n<p align=\"justify\"><span style=\"color: #000000;\"><span style=\"font-family: Book Antiqua, serif;\"><span style=\"font-size: large;\">Czczeni jako \u201epierwiosnki m\u0119cze\u0144stwa\u201d M\u0142odziankowie nie z\u0142o\u017cyli \u017cycia <b>za Chrystusa, ale niew\u0105tpliwie z Jego powodu.<\/b> Zatriumfowali nad \u015bwiatem i zyskali koron\u0119 m\u0119cze\u0144stwa, nie do\u015bwiadczywszy z\u0142a tego \u015bwiata, pokus cia\u0142a i podszept\u00f3w szatana. Dzisiejsza Ewangelia przynosi nam opis tego dramatycznego wydarzenia.<\/span><\/span><\/span><\/p>\n<p align=\"justify\"><span style=\"color: #000000;\"><span style=\"font-family: Book Antiqua, serif;\"><span style=\"font-size: large;\">A \u015awi\u0119ty Jan, w pierwszym czytaniu, pisze: <i><b>B\u00f3g jest \u015bwiat\u0142o\u015bci\u0105, a nie ma w Nim \u017cadnej ciemno\u015bci. Je\u017celi m\u00f3wimy, \u017ce mamy z Nim wsp\u00f3\u0142uczestnictwo, a chodzimy w ciemno\u015bci, k\u0142amiemy i nie post\u0119pujemy zgodnie z prawd\u0105. <\/b><\/i>A nieco p\u00f3\u017aniej:<i> <\/i><i><b>Je\u015bli m\u00f3wimy, \u017ce nie mamy grzechu, to samych siebie oszukujemy i nie ma w nas prawdy. Je\u017celi wyznajemy nasze grzechy, B\u00f3g b\u0119d\u0105c wiernym i sprawiedliwym odpu\u015bci je nam i oczy\u015bci nas z wszelkiej nieprawo\u015bci. Je\u015bli powiemy, \u017ce nie zgrzeszyli\u015bmy, czynimy Go k\u0142amc\u0105 i nie ma w nas Jego nauki. Dzieci moje, pisz\u0119 wam to dlatego, \u017ceby\u015bcie nie grzeszyli.<\/b><\/i><i> <\/i><\/span><\/span><\/span><\/p>\n<p align=\"justify\"><span style=\"color: #000000;\"><span style=\"font-family: Book Antiqua, serif;\"><span style=\"font-size: large;\">Jasno z tego wynika, \u017ce <b>nikt z nas nie jest bez grzechu.<\/b> Co ciekawe, \u015awi\u0119ty Jan m\u00f3wi o tym tak normalnie, bez emocji, ale te\u017c bez fa\u0142szywego i \u0142atwego \u2013 \u017ceby nie powiedzie\u0107: naiwnego \u2013 <b>usprawiedliwiania grzech\u00f3w<\/b> swoich uczni\u00f3w. Mog\u0142oby si\u0119 bowiem wydawa\u0107, \u017ce skoro tak obszernie pisze o mi\u0142o\u015bci i do niej zach\u0119ca, to mo\u017ce nieco <b>\u201eprzymknie oko\u201d na \u201egrzeszki\u201d<\/b> swoich uczni\u00f3w. On, dobrotliwy i mi\u0142osierny Aposto\u0142, ich nauczyciel i przyjaciel, piewca Bo\u017cej i ludzkiej mi\u0142o\u015bci\u2026 <\/span><\/span><\/span><\/p>\n<p align=\"justify\"><span style=\"color: #000000;\"><span style=\"font-family: Book Antiqua, serif;\"><span style=\"font-size: large;\">A tymczasem \u2013 takie<b> jasne i konkretne s\u0142owa! <\/b>Tak \u2013 powiedzieliby\u015bmy \u2013 <b>kategoryczne!<\/b> My jednak dobrze wiemy, \u017ce<b> prawdziwe! <\/b>Czy\u017cby zatem <b>nie kocha\u0142 <\/b>swoich uczni\u00f3w, swoich duchowych dzieci, \u017ce tak radykalnie stawia spraw\u0119 ich grzechu i konieczno\u015bci nawr\u00f3cenia? <\/span><\/span><\/span><\/p>\n<p align=\"justify\"><span style=\"color: #000000;\"><span style=\"font-family: Book Antiqua, serif;\"><span style=\"font-size: large;\">Nie, jest dok\u0142adnie odwrotnie! On ich w\u0142a\u015bnie <b>bardzo<\/b><b> kocha <\/b><b>i bardzo <\/b><b>chce ich dobra, <\/b>dlatego nazywa rzeczy po imieniu. Po to, by ich ustrzec od tego, co z\u0142e. A oto dzisiaj wspominamy wydarzenie, kt\u00f3rego sprawc\u0105 by\u0142 cz\u0142owiek, nie maj\u0105cy <b>\u017cadnych zahamowa\u0144 moralnych<\/b> i schlebiaj\u0105cy bezgranicznie i bez \u017cadnych zastrze\u017ce\u0144 <b>swoim brudnym \u017c\u0105dzom,<\/b> w tym szczeg\u00f3lnie \u2013 <b>\u017c\u0105dzy w\u0142adzy. <\/b>Poniewa\u017c nie chcia\u0142 nad nimi zapanowa\u0107, a wr\u0119cz im ch\u0119tnie ulega\u0142, przeto pozosta\u0142o mu ju\u017c <b>tylko zg\u0142adzi\u0107 przeciwnik\u00f3w.<\/b> <\/span><\/span><\/span><\/p>\n<p align=\"justify\"><span style=\"color: #000000;\"><span style=\"font-family: Book Antiqua, serif;\"><span style=\"font-size: large;\">Bo tak jest zawsze, kiedy cz\u0142owiek \u017cyj\u0105cy w grzechu staje w obliczu <b>konieczno\u015bci jakiego\u015b rozstrzygni\u0119cia, jakiej\u015b zmiany<\/b> swojej sytuacji: albo si\u0119 nawraca i rezygnuje ze z\u0142a, albo <b>ucisza \u2013 wzgl\u0119dnie: usuwa<\/b> \u2013 tych, kt\u00f3rzy stanowi\u0105 dla niego wyrzut sumienia. Herod wybra\u0142 to drugie \u2013 i to z ca\u0142\u0105 surowo\u015bci\u0105 i pe\u0142nym zaanga\u017cowaniem. <\/span><\/span><\/span><\/p>\n<p align=\"justify\"><span style=\"color: #000000;\"><span style=\"font-family: Book Antiqua, serif;\"><span style=\"font-size: large;\">I tylko mo\u017cna zastanawia\u0107 si\u0119, <b>dlaczego musia\u0142o do tego doj\u015b\u0107:<\/b> dlaczego niewinne dzieci musia\u0142y ponie\u015b\u0107 \u015bmier\u0107? <b>Komu zagra\u017ca\u0142y? <\/b>Co z\u0142ego mog\u0142y zrobi\u0107 Herodowi? W jaki spos\u00f3b mog\u0142y zagrozi\u0107 jego w\u0142adzy? Przecie\u017c to <b>jeden wielki absurd! <\/b>O czym tu w og\u00f3le m\u00f3wi\u0107? <\/span><\/span><\/span><\/p>\n<p align=\"justify\"><span style=\"color: #000000;\"><span style=\"font-family: Book Antiqua, serif;\"><span style=\"font-size: large;\">My dzisiaj tym w\u0142a\u015bnie Dzieciom \u2013 tak brutalnie i tak bezsensownie zamordowanym przez zepsutego do cna tyrana \u2013 <b>oddajemy cze\u015b\u0107. <\/b>Modlimy si\u0119 przez ich wstawiennictwo, bo g\u0142\u0119boko wierzymy \u2013 wraz z ca\u0142ym Ko\u015bcio\u0142em, kt\u00f3ry w to wierzy od dw\u00f3ch tysi\u0119cy lat \u2013 <b>\u017ce oni s\u0105 szcz\u0119\u015bliwi. <\/b><b>I<\/b><b> \u017ce s\u0105 z Jezusem, <\/b>za kt\u00f3rego \u2013 niejako: w obronie kt\u00f3rego \u2013 oddali \u017cycie. <\/span><\/span><\/span><\/p>\n<p align=\"justify\"><span style=\"color: #000000;\"><span style=\"font-family: Book Antiqua, serif;\"><span style=\"font-size: large;\">A Herod?\u2026 No, c\u00f3\u017c\u2026 On po wiek wiek\u00f3w pozostanie znakiem i \u015bwiadectwem <b>tragizmu kogo\u015b, kto p<\/b><b>rzegra\u0142 wszystko,<\/b> kto ca\u0142kowicie poleg\u0142, poni\u00f3s\u0142 sromotn\u0105 pora\u017ck\u0119, okaza\u0142 si\u0119 moralnym wrakiem! Przy okazji, moi Drodzy, mo\u017cemy zobaczy\u0107 \u2013 przecie\u017c nie po raz pierwszy \u2013 <b>do jakich skutk\u00f3w prowadzi z\u0142o, nad kt\u00f3rym si\u0119 nie panuje,<\/b> kt\u00f3remu si\u0119 wr\u0119cz ho\u0142duje, kt\u00f3re si\u0119 traktuje jako spos\u00f3b na \u017cycie i na rozwi\u0105zywanie swoich osobistych problem\u00f3w i zaspokajanie swoich \u017c\u0105dz. <\/span><\/span><\/span><\/p>\n<p align=\"justify\"><span style=\"color: #000000;\"><span style=\"font-family: Book Antiqua, serif;\"><span style=\"font-size: large;\">Zawsze odbywa si\u0119 to <b>kosztem<\/b><b> \u0142ez i b\u00f3lu tak wielu ludzi pokrzywdzonych!<\/b> Mo\u017cna powiedzie\u0107: <b>bezsensownie pokrzywdzonych!<\/b> Bo oni wcale nie musieli cierpie\u0107, nie musieli straci\u0107 \u017cycia. A sta\u0142o si\u0119 tak dlatego, \u017ce kto\u015b inny \u2013 akurat, w danym momencie, mocniejszy i mo\u017cniejszy \u2013 <b>m<\/b><b>ia\u0142<\/b><b> w\u0142a\u015bnie kaprys, by postawi\u0107 na swoim, <\/b>dogodzi\u0107 swoim \u017c\u0105dzom, udowodni\u0107 swoj\u0105 si\u0142\u0119, podtrzyma\u0107 za wszelk\u0105 cen\u0119 swoj\u0105 w\u0142adz\u0119. A jest w tym tak zapami\u0119ta\u0142y, tak otumaniony i za\u015blepiony, \u017ce nawet <b>nie zauwa\u017ca, \u017ce staje si\u0119 wr\u0119cz \u017ca\u0142osny,<\/b> widz\u0105c zagro\u017cenie dla siebie nawet ze strony male\u0144kich dzieci. <\/span><\/span><\/span><\/p>\n<p align=\"justify\"><span style=\"color: #000000;\"><span style=\"font-family: Book Antiqua, serif;\"><span style=\"font-size: large;\">Moi Drodzy, czy\u017c do takiego absurdu nie doszed\u0142 dzisiejszy \u015bwiat, kt\u00f3ry zagro\u017cenie dla siebie i swoich \u017c\u0105dz widzi \u2013 tak samo, jak wtedy Herod \u2013 <b>w osobach male\u0144kich dzieci, jeszcze nie narodzonych, <\/b>\u017cyj\u0105cych w \u0142onach swoich matek? Jak bowiem inaczej wyt\u0142umaczy\u0107 fakt, \u017ce nie pozwala si\u0119 im urodzi\u0107? <b>Kto \u2013 i jakie \u2013 widzi z ich strony zagro\u017cenie?<\/b> <\/span><\/span><\/span><\/p>\n<p align=\"justify\"><span style=\"color: #000000;\"><span style=\"font-family: Book Antiqua, serif;\"><span style=\"font-size: large;\">Dlaczego stosuje si\u0119 wobec nich najsurowszy wymiar kary \u2013 kar\u0119 \u015bmierci \u2013 od kt\u00f3rej to rzekomo cywilizowany \u015bwiat obecnie odchodzi? Akurat wobec tych najbardziej bezbronnych j\u0105 si\u0119 stosuje \u2013 tylko z <b>najwi\u0119kszymi bandziorami, mordercami, zbrodniarzami trzeba si\u0119 obchodzi\u0107, jak z jajkiem,<\/b> zapewniaj\u0105c im wszelkie prawa i humanitarne traktowanie. A niewinne dzieci \u2013 <b>mo\u017cna sobie zabija\u0107. Do woli! <\/b><\/span><\/span><\/span><\/p>\n<p align=\"justify\"><span style=\"color: #000000;\"><span style=\"font-family: Book Antiqua, serif;\"><span style=\"font-size: large;\">Podobnie, jak i <b>bezbronnych ludzi starszych i terminalnie chorych.<\/b> Bo ju\u017c nikomu niepotrzebni! Bo s\u0105 ci\u0119\u017carem dla nowoczesnego spo\u0142ecze\u0144stwa, chc\u0105cego si\u0119 bawi\u0107 i \u017cycia u\u017cywa\u0107. Wi\u0119c co zrobi\u0107 z takim <b>starym \u201e\u015bmieciem\u201d,<\/b> kt\u00f3ry ci\u0105\u017cy i przeszkadza? Usun\u0105\u0107! Co zrobi\u0107 z <b>\u201enieplanowanym p\u0142odem\u201d,<\/b> kt\u00f3ry si\u0119 pojawi\u0142 po nocy, pe\u0142nej rozkoszy? Usun\u0105\u0107!<\/span><\/span><\/span><\/p>\n<p align=\"justify\"><span style=\"color: #000000;\"><span style=\"font-family: Book Antiqua, serif;\"><span style=\"font-size: large;\"><b>LUDZIE !!! NA JAKIM MY \u015aWIECIE \u017bYJEMY ???!!!<\/b><\/span><\/span><\/span><\/p>\n","protected":false},"excerpt":{"rendered":"<p>Szcz\u0119\u015b\u0107 Bo\u017ce! Moi Drodzy, w dniu dzisiejszym imieniny prze\u017cywa Ojciec Cezary Szcze\u015bniak, kapucyn, nale\u017c\u0105cy w swoim czasie do jednej z moich m\u0142odzie\u017cowych Wsp\u00f3lnot. \u017bycz\u0119 Solenizantowi post\u0119powania przez ca\u0142e \u017cycie tylko drog\u0105 \u015bwiat\u0142o\u015bci. I zapewniam o modlitwie! A ja ju\u017c od wczoraj jestem w Kodniu, gdzie zamierzam \u201epomieszka\u0107\u201d do Sylwestra. Oczywi\u015bcie, b\u0119d\u0119 normalnie funkcjonowa\u0142 \u2013 to [&hellip;]<\/p>\n","protected":false},"author":1,"featured_media":0,"comment_status":"open","ping_status":"open","sticky":false,"template":"","format":"standard","meta":{"jetpack_post_was_ever_published":false,"_jetpack_newsletter_access":"","_jetpack_dont_email_post_to_subs":false,"_jetpack_newsletter_tier_id":0,"_jetpack_memberships_contains_paywalled_content":false,"_jetpack_memberships_contains_paid_content":false,"footnotes":""},"categories":[1],"tags":[],"class_list":["post-21229","post","type-post","status-publish","format-standard","hentry","category-bez-kategorii"],"yoast_head":"<!-- This site is optimized with the Yoast SEO plugin v25.1 - https:\/\/yoast.com\/wordpress\/plugins\/seo\/ -->\n<title>Na jakim my \u015bwiecie \u017cyjemy?! - Gaudium Et Spes<\/title>\n<meta name=\"robots\" content=\"index, follow, max-snippet:-1, max-image-preview:large, max-video-preview:-1\" \/>\n<link rel=\"canonical\" href=\"https:\/\/gaudiumetspes-blog.pl\/index.php\/2022\/12\/28\/na-jakim-my-swiecie-zyjemy\/\" \/>\n<meta property=\"og:locale\" content=\"pl_PL\" \/>\n<meta property=\"og:type\" content=\"article\" \/>\n<meta property=\"og:title\" content=\"Na jakim my \u015bwiecie \u017cyjemy?! - Gaudium Et Spes\" \/>\n<meta property=\"og:description\" content=\"Szcz\u0119\u015b\u0107 Bo\u017ce! Moi Drodzy, w dniu dzisiejszym imieniny prze\u017cywa Ojciec Cezary Szcze\u015bniak, kapucyn, nale\u017c\u0105cy w swoim czasie do jednej z moich m\u0142odzie\u017cowych Wsp\u00f3lnot. \u017bycz\u0119 Solenizantowi post\u0119powania przez ca\u0142e \u017cycie tylko drog\u0105 \u015bwiat\u0142o\u015bci. I zapewniam o modlitwie! A ja ju\u017c od wczoraj jestem w Kodniu, gdzie zamierzam \u201epomieszka\u0107\u201d do Sylwestra. Oczywi\u015bcie, b\u0119d\u0119 normalnie funkcjonowa\u0142 \u2013 to [&hellip;]\" \/>\n<meta property=\"og:url\" content=\"https:\/\/gaudiumetspes-blog.pl\/index.php\/2022\/12\/28\/na-jakim-my-swiecie-zyjemy\/\" \/>\n<meta property=\"og:site_name\" content=\"Gaudium Et Spes\" \/>\n<meta property=\"article:published_time\" content=\"2022-12-28T08:51:13+00:00\" \/>\n<meta name=\"author\" content=\"Ks. Jacek\" \/>\n<meta name=\"twitter:card\" content=\"summary_large_image\" \/>\n<meta name=\"twitter:label1\" content=\"Napisane przez\" \/>\n\t<meta name=\"twitter:data1\" content=\"Ks. Jacek\" \/>\n\t<meta name=\"twitter:label2\" content=\"Szacowany czas czytania\" \/>\n\t<meta name=\"twitter:data2\" content=\"10 minut\" \/>\n<script type=\"application\/ld+json\" class=\"yoast-schema-graph\">{\"@context\":\"https:\/\/schema.org\",\"@graph\":[{\"@type\":\"WebPage\",\"@id\":\"https:\/\/gaudiumetspes-blog.pl\/index.php\/2022\/12\/28\/na-jakim-my-swiecie-zyjemy\/\",\"url\":\"https:\/\/gaudiumetspes-blog.pl\/index.php\/2022\/12\/28\/na-jakim-my-swiecie-zyjemy\/\",\"name\":\"Na jakim my \u015bwiecie \u017cyjemy?! - Gaudium Et Spes\",\"isPartOf\":{\"@id\":\"https:\/\/gaudiumetspes-blog.pl\/#website\"},\"datePublished\":\"2022-12-28T08:51:13+00:00\",\"author\":{\"@id\":\"https:\/\/gaudiumetspes-blog.pl\/#\/schema\/person\/1661982992b752dea8dff0d4ed845a65\"},\"breadcrumb\":{\"@id\":\"https:\/\/gaudiumetspes-blog.pl\/index.php\/2022\/12\/28\/na-jakim-my-swiecie-zyjemy\/#breadcrumb\"},\"inLanguage\":\"pl-PL\",\"potentialAction\":[{\"@type\":\"ReadAction\",\"target\":[\"https:\/\/gaudiumetspes-blog.pl\/index.php\/2022\/12\/28\/na-jakim-my-swiecie-zyjemy\/\"]}]},{\"@type\":\"BreadcrumbList\",\"@id\":\"https:\/\/gaudiumetspes-blog.pl\/index.php\/2022\/12\/28\/na-jakim-my-swiecie-zyjemy\/#breadcrumb\",\"itemListElement\":[{\"@type\":\"ListItem\",\"position\":1,\"name\":\"Strona g\u0142\u00f3wna\",\"item\":\"https:\/\/gaudiumetspes-blog.pl\/\"},{\"@type\":\"ListItem\",\"position\":2,\"name\":\"Na&nbsp;jakim my \u015bwiecie \u017cyjemy?!\"}]},{\"@type\":\"WebSite\",\"@id\":\"https:\/\/gaudiumetspes-blog.pl\/#website\",\"url\":\"https:\/\/gaudiumetspes-blog.pl\/\",\"name\":\"Gaudium Et Spes\",\"description\":\"Blog Ks. Jacka Ja\u015bkowskiego\",\"potentialAction\":[{\"@type\":\"SearchAction\",\"target\":{\"@type\":\"EntryPoint\",\"urlTemplate\":\"https:\/\/gaudiumetspes-blog.pl\/?s={search_term_string}\"},\"query-input\":{\"@type\":\"PropertyValueSpecification\",\"valueRequired\":true,\"valueName\":\"search_term_string\"}}],\"inLanguage\":\"pl-PL\"},{\"@type\":\"Person\",\"@id\":\"https:\/\/gaudiumetspes-blog.pl\/#\/schema\/person\/1661982992b752dea8dff0d4ed845a65\",\"name\":\"Ks. Jacek\",\"image\":{\"@type\":\"ImageObject\",\"inLanguage\":\"pl-PL\",\"@id\":\"https:\/\/gaudiumetspes-blog.pl\/#\/schema\/person\/image\/\",\"url\":\"https:\/\/gaudiumetspes-blog.pl\/wp-content\/uploads\/2019\/07\/avatar-JJ-150x150.jpg\",\"contentUrl\":\"https:\/\/gaudiumetspes-blog.pl\/wp-content\/uploads\/2019\/07\/avatar-JJ-150x150.jpg\",\"caption\":\"Ks. Jacek\"},\"description\":\"Witam serdecznie! K\u0142ania si\u0119 Ks. Jacek Ja\u015bkowski. Nie jestem ani kim\u015b wa\u017cnym, ani kim\u015b znanym. Jestem ksi\u0119dzem, kt\u00f3ry po prostu chce rozmawia\u0107. Codzienna kap\u0142a\u0144ska pos\u0142uga pokazuje mi, \u017ce temat\u00f3w do rozm\u00f3w z ksi\u0119dzem jest coraz wi\u0119cej i dzisiaj \u017caden ksi\u0105dz nie mo\u017ce od nich ucieka\u0107, ale - wprost przeciwnie - podejmowa\u0107 nowe wyzwania. To przekonanie sk\u0142oni\u0142o mnie do pr\u00f3by otwarcia tego\u017c bloga, chocia\u017c okazji do rozm\u00f3w na co dzie\u0144 - w konfesjonale i poza nim - na szcz\u0119\u015bcie nie brakuje. My\u015bl\u0119 jednak, \u017ce ten blog b\u0119dzie jeszcze jednym sposobem i przestrzeni\u0105 nawi\u0105zania kontaktu z lud\u017ami dobrej woli, otwartymi na dialog.\",\"url\":\"https:\/\/gaudiumetspes-blog.pl\/index.php\/author\/ks-jacek\/\"}]}<\/script>\n<!-- \/ Yoast SEO plugin. -->","yoast_head_json":{"title":"Na jakim my \u015bwiecie \u017cyjemy?! - Gaudium Et Spes","robots":{"index":"index","follow":"follow","max-snippet":"max-snippet:-1","max-image-preview":"max-image-preview:large","max-video-preview":"max-video-preview:-1"},"canonical":"https:\/\/gaudiumetspes-blog.pl\/index.php\/2022\/12\/28\/na-jakim-my-swiecie-zyjemy\/","og_locale":"pl_PL","og_type":"article","og_title":"Na jakim my \u015bwiecie \u017cyjemy?! - Gaudium Et Spes","og_description":"Szcz\u0119\u015b\u0107 Bo\u017ce! Moi Drodzy, w dniu dzisiejszym imieniny prze\u017cywa Ojciec Cezary Szcze\u015bniak, kapucyn, nale\u017c\u0105cy w swoim czasie do jednej z moich m\u0142odzie\u017cowych Wsp\u00f3lnot. \u017bycz\u0119 Solenizantowi post\u0119powania przez ca\u0142e \u017cycie tylko drog\u0105 \u015bwiat\u0142o\u015bci. I zapewniam o modlitwie! A ja ju\u017c od wczoraj jestem w Kodniu, gdzie zamierzam \u201epomieszka\u0107\u201d do Sylwestra. Oczywi\u015bcie, b\u0119d\u0119 normalnie funkcjonowa\u0142 \u2013 to [&hellip;]","og_url":"https:\/\/gaudiumetspes-blog.pl\/index.php\/2022\/12\/28\/na-jakim-my-swiecie-zyjemy\/","og_site_name":"Gaudium Et Spes","article_published_time":"2022-12-28T08:51:13+00:00","author":"Ks. Jacek","twitter_card":"summary_large_image","twitter_misc":{"Napisane przez":"Ks. Jacek","Szacowany czas czytania":"10 minut"},"schema":{"@context":"https:\/\/schema.org","@graph":[{"@type":"WebPage","@id":"https:\/\/gaudiumetspes-blog.pl\/index.php\/2022\/12\/28\/na-jakim-my-swiecie-zyjemy\/","url":"https:\/\/gaudiumetspes-blog.pl\/index.php\/2022\/12\/28\/na-jakim-my-swiecie-zyjemy\/","name":"Na jakim my \u015bwiecie \u017cyjemy?! - Gaudium Et Spes","isPartOf":{"@id":"https:\/\/gaudiumetspes-blog.pl\/#website"},"datePublished":"2022-12-28T08:51:13+00:00","author":{"@id":"https:\/\/gaudiumetspes-blog.pl\/#\/schema\/person\/1661982992b752dea8dff0d4ed845a65"},"breadcrumb":{"@id":"https:\/\/gaudiumetspes-blog.pl\/index.php\/2022\/12\/28\/na-jakim-my-swiecie-zyjemy\/#breadcrumb"},"inLanguage":"pl-PL","potentialAction":[{"@type":"ReadAction","target":["https:\/\/gaudiumetspes-blog.pl\/index.php\/2022\/12\/28\/na-jakim-my-swiecie-zyjemy\/"]}]},{"@type":"BreadcrumbList","@id":"https:\/\/gaudiumetspes-blog.pl\/index.php\/2022\/12\/28\/na-jakim-my-swiecie-zyjemy\/#breadcrumb","itemListElement":[{"@type":"ListItem","position":1,"name":"Strona g\u0142\u00f3wna","item":"https:\/\/gaudiumetspes-blog.pl\/"},{"@type":"ListItem","position":2,"name":"Na&nbsp;jakim my \u015bwiecie \u017cyjemy?!"}]},{"@type":"WebSite","@id":"https:\/\/gaudiumetspes-blog.pl\/#website","url":"https:\/\/gaudiumetspes-blog.pl\/","name":"Gaudium Et Spes","description":"Blog Ks. Jacka Ja\u015bkowskiego","potentialAction":[{"@type":"SearchAction","target":{"@type":"EntryPoint","urlTemplate":"https:\/\/gaudiumetspes-blog.pl\/?s={search_term_string}"},"query-input":{"@type":"PropertyValueSpecification","valueRequired":true,"valueName":"search_term_string"}}],"inLanguage":"pl-PL"},{"@type":"Person","@id":"https:\/\/gaudiumetspes-blog.pl\/#\/schema\/person\/1661982992b752dea8dff0d4ed845a65","name":"Ks. Jacek","image":{"@type":"ImageObject","inLanguage":"pl-PL","@id":"https:\/\/gaudiumetspes-blog.pl\/#\/schema\/person\/image\/","url":"https:\/\/gaudiumetspes-blog.pl\/wp-content\/uploads\/2019\/07\/avatar-JJ-150x150.jpg","contentUrl":"https:\/\/gaudiumetspes-blog.pl\/wp-content\/uploads\/2019\/07\/avatar-JJ-150x150.jpg","caption":"Ks. Jacek"},"description":"Witam serdecznie! K\u0142ania si\u0119 Ks. Jacek Ja\u015bkowski. Nie jestem ani kim\u015b wa\u017cnym, ani kim\u015b znanym. Jestem ksi\u0119dzem, kt\u00f3ry po prostu chce rozmawia\u0107. Codzienna kap\u0142a\u0144ska pos\u0142uga pokazuje mi, \u017ce temat\u00f3w do rozm\u00f3w z ksi\u0119dzem jest coraz wi\u0119cej i dzisiaj \u017caden ksi\u0105dz nie mo\u017ce od nich ucieka\u0107, ale - wprost przeciwnie - podejmowa\u0107 nowe wyzwania. To przekonanie sk\u0142oni\u0142o mnie do pr\u00f3by otwarcia tego\u017c bloga, chocia\u017c okazji do rozm\u00f3w na co dzie\u0144 - w konfesjonale i poza nim - na szcz\u0119\u015bcie nie brakuje. My\u015bl\u0119 jednak, \u017ce ten blog b\u0119dzie jeszcze jednym sposobem i przestrzeni\u0105 nawi\u0105zania kontaktu z lud\u017ami dobrej woli, otwartymi na dialog.","url":"https:\/\/gaudiumetspes-blog.pl\/index.php\/author\/ks-jacek\/"}]}},"jetpack_featured_media_url":"","jetpack_sharing_enabled":true,"_links":{"self":[{"href":"https:\/\/gaudiumetspes-blog.pl\/index.php\/wp-json\/wp\/v2\/posts\/21229","targetHints":{"allow":["GET"]}}],"collection":[{"href":"https:\/\/gaudiumetspes-blog.pl\/index.php\/wp-json\/wp\/v2\/posts"}],"about":[{"href":"https:\/\/gaudiumetspes-blog.pl\/index.php\/wp-json\/wp\/v2\/types\/post"}],"author":[{"embeddable":true,"href":"https:\/\/gaudiumetspes-blog.pl\/index.php\/wp-json\/wp\/v2\/users\/1"}],"replies":[{"embeddable":true,"href":"https:\/\/gaudiumetspes-blog.pl\/index.php\/wp-json\/wp\/v2\/comments?post=21229"}],"version-history":[{"count":1,"href":"https:\/\/gaudiumetspes-blog.pl\/index.php\/wp-json\/wp\/v2\/posts\/21229\/revisions"}],"predecessor-version":[{"id":21230,"href":"https:\/\/gaudiumetspes-blog.pl\/index.php\/wp-json\/wp\/v2\/posts\/21229\/revisions\/21230"}],"wp:attachment":[{"href":"https:\/\/gaudiumetspes-blog.pl\/index.php\/wp-json\/wp\/v2\/media?parent=21229"}],"wp:term":[{"taxonomy":"category","embeddable":true,"href":"https:\/\/gaudiumetspes-blog.pl\/index.php\/wp-json\/wp\/v2\/categories?post=21229"},{"taxonomy":"post_tag","embeddable":true,"href":"https:\/\/gaudiumetspes-blog.pl\/index.php\/wp-json\/wp\/v2\/tags?post=21229"}],"curies":[{"name":"wp","href":"https:\/\/api.w.org\/{rel}","templated":true}]}}