{"id":21242,"date":"2023-01-03T06:58:38","date_gmt":"2023-01-03T05:58:38","guid":{"rendered":"https:\/\/gaudiumetspes-blog.pl\/?p=21242"},"modified":"2023-01-03T06:58:38","modified_gmt":"2023-01-03T05:58:38","slug":"jaka-miloscia-obdarzyl-nas","status":"publish","type":"post","link":"https:\/\/gaudiumetspes-blog.pl\/index.php\/2023\/01\/03\/jaka-miloscia-obdarzyl-nas\/","title":{"rendered":"Jak\u0105 mi\u0142o\u015bci\u0105 obdarzy\u0142 nas&#8230;"},"content":{"rendered":"<p align=\"justify\"><span style=\"color: #000000;\"><span style=\"font-family: Book Antiqua, serif;\"><span style=\"font-size: large;\">Szcz\u0119\u015b\u0107 Bo\u017ce! Moi Drodzy, w dniu dzisiejszym <b>imieniny prze\u017cywa nasza Mama, Danuta Ja\u015bkowska. Dzi\u0119kuj\u0105c \u2013 bo w\u0142a\u015bciwie ci\u0105gle za to ca\u0142\u0105 Rodzin\u0105 dzi\u0119kujemy \u2013 za wspania\u0142\u0105 atmosfer\u0119, jak\u0105 tworzy w naszym rodzinnym Domu, \u017cyczymy <\/b><b>tej ci\u0105g\u0142ej pogody ducha, jakiej ma w sobie tak wiele pomimo wszystko, by dalej poci\u0105ga\u0142a \u201eza wszystkie sznurki\u201d w Rodzinie, utrzymuj\u0105c sta\u0142y kontakt z nami \u2013 zar\u00f3wno tu, w Polsce, jak i z Markiem, b\u0119d\u0105cym fizycznie tak daleko. Oby nigdy nie zabrak\u0142o tej operatywno\u015bci i zapa\u0142u, a je\u015bli to nie sprzeciwia si\u0119 Bo\u017cym zamiarom \u2013 oby odzyska\u0142a pe\u0142ni\u0119 zdrowia. Nieustaj\u0105co wspieramy modlitw\u0105!<\/b><\/span><\/span><\/span><\/p>\n<p align=\"justify\"><span style=\"color: #000000;\"><span style=\"font-family: Book Antiqua, serif;\"><span style=\"font-size: large;\"><b>U<\/b><b>rodziny natomiast prze\u017cywa dzi\u015b Profesor Cezary Sempruch, Dziekan Wydzia\u0142u Nauk \u015acis\u0142ych i Przyrodniczych siedleckiej Uczelni. Dzi\u0119kuj\u0105c za \u017cyczliwo\u015b\u0107, \u017cycz\u0119 obfito\u015bci Bo\u017cych dar\u00f3w i natchnie\u0144 z Nieba! Pami\u0119tam w modlitwie!<\/b><\/span><\/span><\/span><\/p>\n<p align=\"justify\"><span style=\"color: #000000;\"><span style=\"font-family: Book Antiqua, serif;\"><span style=\"font-size: large;\">Dzi\u0119kuj\u0119 serdecznie Ani za dzisiejsze rozwa\u017canie, przygotowane jak zwykle we wtorek.<\/span><\/span><\/span><\/p>\n<p align=\"justify\"><span style=\"color: #000000;\"><span style=\"font-family: Book Antiqua, serif;\"><span style=\"font-size: large;\">A oto dzisiaj \u2013 po d\u0142ugich ustaleniach, w czasie tysi\u0105ca rozm\u00f3w telefonicznych, w grupie sze\u015bciu Os\u00f3b wyruszamy\u2026 do Rzymu! Nie uda\u0142o si\u0119 zebra\u0107 ekipy na pe\u0142nowymiarowy wyjazd autokarowy, wi\u0119c skrzykn\u0119\u0142a si\u0119 grupa zapale\u0144c\u00f3w, kt\u00f3rzy \u201emusz\u0105 by\u0107\u201d na Pogrzebie Benedykta XVI \u2013 i ma\u0142ym busikiem ruszamy. <\/span><\/span><\/span><\/p>\n<p align=\"justify\"><span style=\"color: #000000;\"><span style=\"font-family: Book Antiqua, serif;\"><span style=\"font-size: large;\">Przyznaj\u0119, \u017ce z tej Ekipy nie znam osobi\u015bcie nikogo. Z wi\u0119kszo\u015bci\u0105 wczoraj wielokrotnie rozmawia\u0142em telefonicznie, ale spotkamy si\u0119 dopiero w Warszawie, dok\u0105d z Panem Zbyszkiem, kt\u00f3ry dojedzie do mnie z Soko\u0142owa Podlaskiego, wyruszymy z Siedlec. A tam ju\u017c ca\u0142\u0105 Ekip\u0105 wyruszymy\u2026 dok\u0105d si\u0119 da. W miar\u0119 jak najbli\u017cej Rzymu. <\/span><\/span><\/span><\/p>\n<p align=\"justify\"><span style=\"color: #000000;\"><span style=\"font-family: Book Antiqua, serif;\"><span style=\"font-size: large;\">B\u0119dziemy si\u0119 wymienia\u0107 za kierownic\u0105. Mamy w sk\u0142adzie Osoby, kt\u00f3re na takich wariackich papierach ju\u017c je\u017adzi\u0142y po Europie, a nawet nie tylko po Europie. A poza tym liczymy na pomoc Matki Bo\u017cej Kode\u0144skiej i \u015awi\u0119tych naszych Patron\u00f3w. Do samego Benedykta te\u017c u\u015bmiechamy si\u0119, \u017ceby czuwa\u0142 nad nasz\u0105 podr\u00f3\u017c\u0105. <\/span><\/span><\/span><\/p>\n<p align=\"justify\"><span style=\"color: #000000;\"><span style=\"font-family: Book Antiqua, serif;\"><span style=\"font-size: large;\">Moi Drodzy, ju\u017c kilka Os\u00f3b wczoraj prosi\u0142o mnie o modlitw\u0119 \u2013 tam, u \u015awi\u0119tego Piotra \u2013 w konkretnych intencjach. Zapewniam, \u017ce b\u0119d\u0119 pami\u0119ta\u0142 o Was wszystkich. Msze \u015awi\u0119te, kt\u00f3re b\u0119d\u0119 odprawia\u0142 w trakcie podr\u00f3\u017cy, ofiaruj\u0119 w intencji i w intencjach Os\u00f3b mi bliskich. Tak\u017ce zatem \u2013 w Waszych intencjach. W miar\u0119 mo\u017cliwo\u015bci logistycznych, b\u0119d\u0119 w kolejnych dniach zamieszcza\u0142 tu jakie\u015b kr\u00f3tkie s\u0142\u00f3wka, chocia\u017c nie wykluczone, \u017ce w kt\u00f3rym\u015b momencie b\u0119dzie to niemo\u017cliwe. Ale b\u0119d\u0119 pr\u00f3bowa\u0142. <\/span><\/span><\/span><\/p>\n<p align=\"justify\"><span style=\"color: #000000;\"><span style=\"font-family: Book Antiqua, serif;\"><span style=\"font-size: large;\">Teraz za\u015b \u2013 ju\u017c zapraszam zatem do pochylenia si\u0119 nad Bo\u017cym s\u0142owem dzisiejszej liturgii. <b>Co konkretnie m\u00f3wi do mnie Pan? Z jakim przes\u0142aniem do mnie osobi\u015bcie si\u0119 zwraca?<\/b> Niech Duch \u015awi\u0119ty pomo\u017ce odczyta\u0107 i zrozumie\u0107\u2026 <\/span><\/span><\/span><\/p>\n<p align=\"justify\"><span style=\"color: #000000;\"><span style=\"font-family: Book Antiqua, serif;\"><span style=\"font-size: large;\"><b>Niech Was b\u0142ogos\u0142awi B\u00f3g Wszechmog\u0105cy: Ojciec + i Syn, i Duch \u015awi\u0119ty. Amen<\/b><\/span><\/span><\/span><\/p>\n<p align=\"center\"><span style=\"color: #000000;\"><span style=\"font-family: Book Antiqua, serif;\"><span style=\"font-size: large;\">Gaudium et spes! Ks. Jacek<\/span><\/span><\/span><\/p>\n<p align=\"center\">\n<p align=\"center\">\n<p align=\"center\">\n<p align=\"center\">\n<p align=\"center\">\n<p align=\"justify\"><span style=\"color: #000000;\"><span style=\"font-family: Book Antiqua, serif;\"><span style=\"font-size: large;\"><b>3 stycznia 2023.,\u00a0<\/b><\/span><\/span><\/span><\/p>\n<p align=\"justify\"><span style=\"color: #000000;\"><span style=\"font-family: Book Antiqua, serif;\"><span style=\"font-size: large;\"><b>do czyta\u0144: 1 J 2,29\u20133,6; J 1,29\u201334<\/b><\/span><\/span><\/span><\/p>\n<p align=\"justify\">\n<p align=\"justify\">\n<p align=\"justify\">\n<p align=\"justify\">\n<p align=\"justify\">\n<p align=\"justify\"><span style=\"color: #000000;\"><span style=\"font-family: Book Antiqua, serif;\"><span style=\"font-size: large;\"><b>CZYTANIE Z PIERWSZEGO LISTU \u015aWI\u0118TEGO JANA APOSTO\u0141A: <\/b><\/span><\/span><\/span><\/p>\n<p align=\"justify\"><span style=\"color: #000000;\"><span style=\"font-family: Book Antiqua, serif;\"><span style=\"font-size: large;\"><b>Najmilsi: <\/b><\/span><\/span><\/span><\/p>\n<p align=\"justify\"><span style=\"color: #000000;\"><span style=\"font-family: Book Antiqua, serif;\"><span style=\"font-size: large;\"><b>Je\u017celi wiecie, \u017ce B\u00f3g jest sprawiedliwy, <\/b><\/span><\/span><\/span><\/p>\n<p align=\"justify\"><span style=\"color: #000000;\"><span style=\"font-family: Book Antiqua, serif;\"><span style=\"font-size: large;\"><b>to uznajcie r\u00f3wnie\u017c, <\/b><\/span><\/span><\/span><\/p>\n<p align=\"justify\"><span style=\"color: #000000;\"><span style=\"font-family: Book Antiqua, serif;\"><span style=\"font-size: large;\"><b>\u017ce ka\u017cdy, kto post\u0119puje sprawiedliwie, <\/b><\/span><\/span><\/span><\/p>\n<p align=\"justify\"><span style=\"color: #000000;\"><span style=\"font-family: Book Antiqua, serif;\"><span style=\"font-size: large;\"><b>pochodzi od Niego. <\/b><\/span><\/span><\/span><\/p>\n<p align=\"justify\"><span style=\"color: #000000;\"><span style=\"font-family: Book Antiqua, serif;\"><span style=\"font-size: large;\"><b>Popatrzcie, jak\u0105 mi\u0142o\u015bci\u0105 obdarzy\u0142 nas Ojciec: <\/b><\/span><\/span><\/span><\/p>\n<p align=\"justify\"><span style=\"color: #000000;\"><span style=\"font-family: Book Antiqua, serif;\"><span style=\"font-size: large;\"><b>zostali\u015bmy nazwani dzie\u0107mi Bo\u017cymi: <\/b><\/span><\/span><\/span><\/p>\n<p align=\"justify\"><span style=\"color: #000000;\"><span style=\"font-family: Book Antiqua, serif;\"><span style=\"font-size: large;\"><b>i rzeczywi\u015bcie nimi jeste\u015bmy. <\/b><\/span><\/span><\/span><\/p>\n<p align=\"justify\"><span style=\"color: #000000;\"><span style=\"font-family: Book Antiqua, serif;\"><span style=\"font-size: large;\"><b>\u015awiat za\u015b dlatego nas nie zna, <\/b><\/span><\/span><\/span><\/p>\n<p align=\"justify\"><span style=\"color: #000000;\"><span style=\"font-family: Book Antiqua, serif;\"><span style=\"font-size: large;\"><b>\u017ce nie pozna\u0142 Jego. <\/b><\/span><\/span><\/span><\/p>\n<p align=\"justify\"><span style=\"color: #000000;\"><span style=\"font-family: Book Antiqua, serif;\"><span style=\"font-size: large;\"><b>Umi\u0142owani, obecnie jeste\u015bmy dzie\u0107mi Bo\u017cymi, <\/b><\/span><\/span><\/span><\/p>\n<p align=\"justify\"><span style=\"color: #000000;\"><span style=\"font-family: Book Antiqua, serif;\"><span style=\"font-size: large;\"><b>ale jeszcze si\u0119 nie ujawni\u0142o, <\/b><\/span><\/span><\/span><\/p>\n<p align=\"justify\"><span style=\"color: #000000;\"><span style=\"font-family: Book Antiqua, serif;\"><span style=\"font-size: large;\"><b>czym b\u0119dziemy. <\/b><\/span><\/span><\/span><\/p>\n<p align=\"justify\"><span style=\"color: #000000;\"><span style=\"font-family: Book Antiqua, serif;\"><span style=\"font-size: large;\"><b>Wiecie, \u017ce gdy si\u0119 objawi, <\/b><\/span><\/span><\/span><\/p>\n<p align=\"justify\"><span style=\"color: #000000;\"><span style=\"font-family: Book Antiqua, serif;\"><span style=\"font-size: large;\"><b>b\u0119dziemy do Niego podobni, <\/b><\/span><\/span><\/span><\/p>\n<p align=\"justify\"><span style=\"color: #000000;\"><span style=\"font-family: Book Antiqua, serif;\"><span style=\"font-size: large;\"><b>bo ujrzymy Go takim, jakim jest. <\/b><\/span><\/span><\/span><\/p>\n<p align=\"justify\"><span style=\"color: #000000;\"><span style=\"font-family: Book Antiqua, serif;\"><span style=\"font-size: large;\"><b>Ka\u017cdy, kto pok\u0142ada w Nim nadziej\u0119, <\/b><\/span><\/span><\/span><\/p>\n<p align=\"justify\"><span style=\"color: #000000;\"><span style=\"font-family: Book Antiqua, serif;\"><span style=\"font-size: large;\"><b>u\u015bwi\u0119ca si\u0119, podobnie jak On jest \u015bwi\u0119ty. <\/b><\/span><\/span><\/span><\/p>\n<p align=\"justify\"><span style=\"color: #000000;\"><span style=\"font-family: Book Antiqua, serif;\"><span style=\"font-size: large;\"><b>Ka\u017cdy, kto grzeszy, dopuszcza si\u0119 bezprawia, <\/b><\/span><\/span><\/span><\/p>\n<p align=\"justify\"><span style=\"color: #000000;\"><span style=\"font-family: Book Antiqua, serif;\"><span style=\"font-size: large;\"><b>poniewa\u017c grzech jest bezprawiem. <\/b><\/span><\/span><\/span><\/p>\n<p align=\"justify\"><span style=\"color: #000000;\"><span style=\"font-family: Book Antiqua, serif;\"><span style=\"font-size: large;\"><b>Wiecie, \u017ce On si\u0119 objawi po to, <\/b><\/span><\/span><\/span><\/p>\n<p align=\"justify\"><span style=\"color: #000000;\"><span style=\"font-family: Book Antiqua, serif;\"><span style=\"font-size: large;\"><b>aby zg\u0142adzi\u0107 grzechy, <\/b><\/span><\/span><\/span><\/p>\n<p align=\"justify\"><span style=\"color: #000000;\"><span style=\"font-family: Book Antiqua, serif;\"><span style=\"font-size: large;\"><b>w Nim za\u015b nie ma grzechu. <\/b><\/span><\/span><\/span><\/p>\n<p align=\"justify\"><span style=\"color: #000000;\"><span style=\"font-family: Book Antiqua, serif;\"><span style=\"font-size: large;\"><b>Ka\u017cdy, kto trwa w Nim, nie grzeszy, <\/b><\/span><\/span><\/span><\/p>\n<p align=\"justify\"><span style=\"color: #000000;\"><span style=\"font-family: Book Antiqua, serif;\"><span style=\"font-size: large;\"><b>\u017caden za\u015b z tych, kt\u00f3rzy grzesz\u0105, <\/b><\/span><\/span><\/span><\/p>\n<p align=\"justify\"><span style=\"color: #000000;\"><span style=\"font-family: Book Antiqua, serif;\"><span style=\"font-size: large;\"><b>nie widzia\u0142 Go ani Go nie pozna\u0142.<\/b><\/span><\/span><\/span><\/p>\n<p align=\"justify\">\n<p align=\"justify\">\n<p align=\"justify\">\n<p align=\"justify\">\n<p align=\"justify\">\n<p align=\"justify\"><span style=\"color: #000000;\"><span style=\"font-family: Book Antiqua, serif;\"><span style=\"font-size: large;\"><b>S\u0141OWA EWANGELII WED\u0141UG \u015aWI\u0118TEGO JANA: <\/b><\/span><\/span><\/span><\/p>\n<p align=\"justify\"><span style=\"color: #000000;\"><span style=\"font-family: Book Antiqua, serif;\"><span style=\"font-size: large;\"><b>Nazajutrz Jan zobaczy\u0142 Jezusa, nadchodz\u0105cego ku niemu, i rzek\u0142: \u201eOto Baranek Bo\u017cy, kt\u00f3ry g\u0142adzi grzech \u015bwiata. To jest Ten, o kt\u00f3rym powiedzia\u0142em: \u00abPo mnie przyjdzie m\u0105\u017c, kt\u00f3ry mnie przewy\u017cszy\u0142 godno\u015bci\u0105, gdy\u017c by\u0142 wcze\u015bniej ode mnie\u00bb. Ja Go przedtem nie zna\u0142em, ale przyszed\u0142em chrzci\u0107 wod\u0105 w tym celu, aby On si\u0119 objawi\u0142 Izraelowi\u201d. <\/b><\/span><\/span><\/span><\/p>\n<p align=\"justify\"><span style=\"color: #000000;\"><span style=\"font-family: Book Antiqua, serif;\"><span style=\"font-size: large;\"><b>Jan da\u0142 takie \u015bwiadectwo: \u201eUjrza\u0142em Ducha, kt\u00f3ry jak go\u0142\u0119bica zst\u0119powa\u0142 z nieba i spocz\u0105\u0142 na Nim. Ja Go przedtem nie zna\u0142em, ale Ten, kt\u00f3ry mnie pos\u0142a\u0142, abym chrzci\u0142 wod\u0105, powiedzia\u0142 do mnie: \u00abTen, nad kt\u00f3rym ujrzysz Ducha zst\u0119puj\u0105cego i spoczywaj\u0105cego nad Nim, jest Tym, kt\u00f3ry chrzci Duchem \u015awi\u0119tym\u00bb. Ja to ujrza\u0142em i daj\u0119 \u015bwiadectwo, \u017ce On jest Synem Bo\u017cym\u201d.<\/b><\/span><\/span><\/span><\/p>\n<p align=\"justify\">\n<p align=\"justify\">\n<p align=\"justify\">\n<p align=\"justify\">\n<p align=\"justify\">\n<p align=\"center\"><span style=\"color: #000000;\"><span style=\"font-family: Book Antiqua, serif;\"><span style=\"font-size: large;\"><b>A OTO S\u0141\u00d3WKO ANI:<\/b><\/span><\/span><\/span><\/p>\n<p align=\"center\">\n<p align=\"center\">\n<p align=\"center\">\n<p align=\"center\">\n<p align=\"center\">\n<p align=\"justify\"><span style=\"font-family: Book Antiqua, serif;\"><span style=\"font-size: large;\">Rozpocz\u0119li\u015bmy nowy rok, a wraz z nim \u2013 otwarty zosta\u0142 temat r\u00f3\u017cnych plan\u00f3w, zamiar\u00f3w, cel\u00f3w. Zadajemy sobie r\u00f3wnie\u017c pytania o to, jak b\u0119dzie wygl\u0105da\u0107 \u017cycie za rok, kim wtedy b\u0119dziemy, z czym trudnym przyjdzie nam si\u0119 zmierzy\u0107, co b\u0119dziemy musieli pokona\u0107 i jak nas to zmieni.<\/span><\/span><\/p>\n<p align=\"justify\"><span style=\"font-family: Book Antiqua, serif;\"><span style=\"font-size: large;\">Dzisiejsze czytania r\u00f3wnie\u017c zadaj\u0105 pytania, stawiaj\u0105 przed cz\u0142owiekiem dylematy. Dzisiejsze pierwsze czytanie stawia przed cz\u0142owiekiem <\/span><\/span><span style=\"font-family: Book Antiqua, serif;\"><span style=\"font-size: large;\">pytanie<\/span><\/span><span style=\"font-family: Book Antiqua, serif;\"><span style=\"font-size: large;\"> o n<\/span><\/span><span style=\"font-family: Book Antiqua, serif;\"><span style=\"font-size: large;\">iego samego \u2013 pytanie o mnie:<\/span><\/span> <span style=\"font-family: Book Antiqua, serif;\"><span style=\"font-size: large;\">k<\/span><\/span><span style=\"font-family: Book Antiqua, serif;\"><span style=\"font-size: large;\">im ja jestem? Czy nie uwa\u017cam si\u0119 za kogo\u015b wi\u0119cej, ni\u017c jestem w rzeczywisto\u015bci? A mo\u017ce \u2013 <\/span><\/span><span style=\"font-family: Book Antiqua, serif;\"><span style=\"font-size: large;\">zupe\u0142nie przeciwnie \u2013<\/span><\/span><span style=\"font-family: Book Antiqua, serif;\"><span style=\"font-size: large;\"> obni\u017cam warto\u015b\u0107, <\/span><\/span><span style=\"font-family: Book Antiqua, serif;\"><span style=\"font-size: large;\">znaczenie w\u0142asne<\/span><\/span><span style=\"font-family: Book Antiqua, serif;\"><span style=\"font-size: large;\"> osoby? <\/span><\/span><span style=\"font-family: Book Antiqua, serif;\"><span style=\"font-size: large;\">Tymczasem Aposto\u0142 wzywa:<\/span><\/span> <span style=\"font-family: Book Antiqua, serif;\"><span style=\"font-size: large;\"><i><b>Popatrzcie, jak\u0105 mi\u0142o\u015bci\u0105 obdarzy\u0142 nas Ojciec: zostali\u015bmy nazwani dzie\u0107mi Bo\u017cymi: i rzeczywi\u015bcie nimi jeste\u015bmy. <\/b><\/i><\/span><\/span><span style=\"font-family: Book Antiqua, serif;\"><span style=\"font-size: large;\">Czy to, \u017ce jestem dzieckiem Bo\u017cym, zmienia co\u015b dla mnie?<\/span><\/span><\/p>\n<p align=\"justify\"><span style=\"color: #000000;\"><span style=\"font-family: Book Antiqua, serif;\"><span style=\"font-size: medium;\"><span style=\"font-size: large;\">Ewangelia z dnia dzisiejszego zadaje jedno z najwa\u017cniejszych pyta\u0144, kt\u00f3re mo\u017cna zada\u0107 cz\u0142owiekowi. Nie jest to pytanie bezpo\u015brednio <\/span><span style=\"font-size: large;\">z<\/span><span style=\"font-size: large;\">apisane w s\u0142owie Bo\u017cym, jest ono wyra\u017cone jasn\u0105 postaw\u0105 Jana Chrzciciela. <\/span><i><span style=\"font-size: large;\"><b>Jan zobaczy\u0142 Jezusa, nadchodz\u0105cego ku niemu, i rzek\u0142: \u201eOto Baranek Bo\u017cy, kt\u00f3ry g\u0142adzi grzech \u015bwiata. To jest Ten, o kt\u00f3rym powiedzia\u0142em: \u201ePo mnie przyjdzie m\u0105\u017c, kt\u00f3ry mnie przewy\u017cszy\u0142 godno\u015bci\u0105, gdy\u017c by\u0142 wcze\u015bniej ode mnie\u201d.<\/b><\/span><\/i> <\/span><\/span><\/span><\/p>\n<p align=\"justify\"><span style=\"color: #000000;\"><span style=\"font-family: Book Antiqua, serif;\"><span style=\"font-size: medium;\"><span style=\"font-size: large;\">Kim dla Ciebie, osobi\u015bcie, jest Pan B\u00f3g? Jak\u0105 masz z nim relacj\u0119? Czy j\u0105 rozwijasz? A mo\u017ce jest Ci <\/span><span style=\"font-size: large;\">O<\/span><span style=\"font-size: large;\">n zupe\u0142nie obcy? <\/span><\/span><\/span><\/span><\/p>\n<p align=\"justify\"><span style=\"color: #000000;\"><span style=\"font-family: Book Antiqua, serif;\"><span style=\"font-size: medium;\"><span style=\"font-size: large;\">Dzisiaj musimy zmierzy\u0107 si\u0119 z tymi pytaniami, odpowiedzie\u0107 sobie na nie. Czy mo\u017cemy by\u0107 spokojni \u2013 tak jak Jan, kt\u00f3ry bez problemu <\/span><span style=\"font-size: large;\">by\u0142 w stanie okre\u015bli\u0107<\/span><span style=\"font-size: large;\"> kim, dla niego jest <\/span><span style=\"font-size: large;\">M<\/span><span style=\"font-size: large;\">esjasz? <\/span><span style=\"font-size: large;\">A dla mnie?\u2026 <\/span><\/span><\/span><\/span><\/p>\n","protected":false},"excerpt":{"rendered":"<p>Szcz\u0119\u015b\u0107 Bo\u017ce! Moi Drodzy, w dniu dzisiejszym imieniny prze\u017cywa nasza Mama, Danuta Ja\u015bkowska. Dzi\u0119kuj\u0105c \u2013 bo w\u0142a\u015bciwie ci\u0105gle za to ca\u0142\u0105 Rodzin\u0105 dzi\u0119kujemy \u2013 za wspania\u0142\u0105 atmosfer\u0119, jak\u0105 tworzy w naszym rodzinnym Domu, \u017cyczymy tej ci\u0105g\u0142ej pogody ducha, jakiej ma w sobie tak wiele pomimo wszystko, by dalej poci\u0105ga\u0142a \u201eza wszystkie sznurki\u201d w Rodzinie, utrzymuj\u0105c [&hellip;]<\/p>\n","protected":false},"author":1,"featured_media":0,"comment_status":"open","ping_status":"open","sticky":false,"template":"","format":"standard","meta":{"jetpack_post_was_ever_published":false,"_jetpack_newsletter_access":"","_jetpack_dont_email_post_to_subs":false,"_jetpack_newsletter_tier_id":0,"_jetpack_memberships_contains_paywalled_content":false,"_jetpack_memberships_contains_paid_content":false,"footnotes":""},"categories":[1],"tags":[],"class_list":["post-21242","post","type-post","status-publish","format-standard","hentry","category-bez-kategorii"],"yoast_head":"<!-- This site is optimized with the Yoast SEO plugin v25.1 - https:\/\/yoast.com\/wordpress\/plugins\/seo\/ -->\n<title>Jak\u0105 mi\u0142o\u015bci\u0105 obdarzy\u0142 nas... - Gaudium Et Spes<\/title>\n<meta name=\"robots\" content=\"index, follow, max-snippet:-1, max-image-preview:large, max-video-preview:-1\" \/>\n<link rel=\"canonical\" href=\"https:\/\/gaudiumetspes-blog.pl\/index.php\/2023\/01\/03\/jaka-miloscia-obdarzyl-nas\/\" \/>\n<meta property=\"og:locale\" content=\"pl_PL\" \/>\n<meta property=\"og:type\" content=\"article\" \/>\n<meta property=\"og:title\" content=\"Jak\u0105 mi\u0142o\u015bci\u0105 obdarzy\u0142 nas... - Gaudium Et Spes\" \/>\n<meta property=\"og:description\" content=\"Szcz\u0119\u015b\u0107 Bo\u017ce! Moi Drodzy, w dniu dzisiejszym imieniny prze\u017cywa nasza Mama, Danuta Ja\u015bkowska. Dzi\u0119kuj\u0105c \u2013 bo w\u0142a\u015bciwie ci\u0105gle za to ca\u0142\u0105 Rodzin\u0105 dzi\u0119kujemy \u2013 za wspania\u0142\u0105 atmosfer\u0119, jak\u0105 tworzy w naszym rodzinnym Domu, \u017cyczymy tej ci\u0105g\u0142ej pogody ducha, jakiej ma w sobie tak wiele pomimo wszystko, by dalej poci\u0105ga\u0142a \u201eza wszystkie sznurki\u201d w Rodzinie, utrzymuj\u0105c [&hellip;]\" \/>\n<meta property=\"og:url\" content=\"https:\/\/gaudiumetspes-blog.pl\/index.php\/2023\/01\/03\/jaka-miloscia-obdarzyl-nas\/\" \/>\n<meta property=\"og:site_name\" content=\"Gaudium Et Spes\" \/>\n<meta property=\"article:published_time\" content=\"2023-01-03T05:58:38+00:00\" \/>\n<meta name=\"author\" content=\"Ks. Jacek\" \/>\n<meta name=\"twitter:card\" content=\"summary_large_image\" \/>\n<meta name=\"twitter:label1\" content=\"Napisane przez\" \/>\n\t<meta name=\"twitter:data1\" content=\"Ks. Jacek\" \/>\n\t<meta name=\"twitter:label2\" content=\"Szacowany czas czytania\" \/>\n\t<meta name=\"twitter:data2\" content=\"6 minut\" \/>\n<script type=\"application\/ld+json\" class=\"yoast-schema-graph\">{\"@context\":\"https:\/\/schema.org\",\"@graph\":[{\"@type\":\"WebPage\",\"@id\":\"https:\/\/gaudiumetspes-blog.pl\/index.php\/2023\/01\/03\/jaka-miloscia-obdarzyl-nas\/\",\"url\":\"https:\/\/gaudiumetspes-blog.pl\/index.php\/2023\/01\/03\/jaka-miloscia-obdarzyl-nas\/\",\"name\":\"Jak\u0105 mi\u0142o\u015bci\u0105 obdarzy\u0142 nas... - Gaudium Et Spes\",\"isPartOf\":{\"@id\":\"https:\/\/gaudiumetspes-blog.pl\/#website\"},\"datePublished\":\"2023-01-03T05:58:38+00:00\",\"author\":{\"@id\":\"https:\/\/gaudiumetspes-blog.pl\/#\/schema\/person\/1661982992b752dea8dff0d4ed845a65\"},\"breadcrumb\":{\"@id\":\"https:\/\/gaudiumetspes-blog.pl\/index.php\/2023\/01\/03\/jaka-miloscia-obdarzyl-nas\/#breadcrumb\"},\"inLanguage\":\"pl-PL\",\"potentialAction\":[{\"@type\":\"ReadAction\",\"target\":[\"https:\/\/gaudiumetspes-blog.pl\/index.php\/2023\/01\/03\/jaka-miloscia-obdarzyl-nas\/\"]}]},{\"@type\":\"BreadcrumbList\",\"@id\":\"https:\/\/gaudiumetspes-blog.pl\/index.php\/2023\/01\/03\/jaka-miloscia-obdarzyl-nas\/#breadcrumb\",\"itemListElement\":[{\"@type\":\"ListItem\",\"position\":1,\"name\":\"Strona g\u0142\u00f3wna\",\"item\":\"https:\/\/gaudiumetspes-blog.pl\/\"},{\"@type\":\"ListItem\",\"position\":2,\"name\":\"Jak\u0105 mi\u0142o\u015bci\u0105 obdarzy\u0142 nas&#8230;\"}]},{\"@type\":\"WebSite\",\"@id\":\"https:\/\/gaudiumetspes-blog.pl\/#website\",\"url\":\"https:\/\/gaudiumetspes-blog.pl\/\",\"name\":\"Gaudium Et Spes\",\"description\":\"Blog Ks. Jacka Ja\u015bkowskiego\",\"potentialAction\":[{\"@type\":\"SearchAction\",\"target\":{\"@type\":\"EntryPoint\",\"urlTemplate\":\"https:\/\/gaudiumetspes-blog.pl\/?s={search_term_string}\"},\"query-input\":{\"@type\":\"PropertyValueSpecification\",\"valueRequired\":true,\"valueName\":\"search_term_string\"}}],\"inLanguage\":\"pl-PL\"},{\"@type\":\"Person\",\"@id\":\"https:\/\/gaudiumetspes-blog.pl\/#\/schema\/person\/1661982992b752dea8dff0d4ed845a65\",\"name\":\"Ks. Jacek\",\"image\":{\"@type\":\"ImageObject\",\"inLanguage\":\"pl-PL\",\"@id\":\"https:\/\/gaudiumetspes-blog.pl\/#\/schema\/person\/image\/\",\"url\":\"https:\/\/gaudiumetspes-blog.pl\/wp-content\/uploads\/2019\/07\/avatar-JJ-150x150.jpg\",\"contentUrl\":\"https:\/\/gaudiumetspes-blog.pl\/wp-content\/uploads\/2019\/07\/avatar-JJ-150x150.jpg\",\"caption\":\"Ks. Jacek\"},\"description\":\"Witam serdecznie! K\u0142ania si\u0119 Ks. Jacek Ja\u015bkowski. Nie jestem ani kim\u015b wa\u017cnym, ani kim\u015b znanym. Jestem ksi\u0119dzem, kt\u00f3ry po prostu chce rozmawia\u0107. Codzienna kap\u0142a\u0144ska pos\u0142uga pokazuje mi, \u017ce temat\u00f3w do rozm\u00f3w z ksi\u0119dzem jest coraz wi\u0119cej i dzisiaj \u017caden ksi\u0105dz nie mo\u017ce od nich ucieka\u0107, ale - wprost przeciwnie - podejmowa\u0107 nowe wyzwania. To przekonanie sk\u0142oni\u0142o mnie do pr\u00f3by otwarcia tego\u017c bloga, chocia\u017c okazji do rozm\u00f3w na co dzie\u0144 - w konfesjonale i poza nim - na szcz\u0119\u015bcie nie brakuje. My\u015bl\u0119 jednak, \u017ce ten blog b\u0119dzie jeszcze jednym sposobem i przestrzeni\u0105 nawi\u0105zania kontaktu z lud\u017ami dobrej woli, otwartymi na dialog.\",\"url\":\"https:\/\/gaudiumetspes-blog.pl\/index.php\/author\/ks-jacek\/\"}]}<\/script>\n<!-- \/ Yoast SEO plugin. -->","yoast_head_json":{"title":"Jak\u0105 mi\u0142o\u015bci\u0105 obdarzy\u0142 nas... - Gaudium Et Spes","robots":{"index":"index","follow":"follow","max-snippet":"max-snippet:-1","max-image-preview":"max-image-preview:large","max-video-preview":"max-video-preview:-1"},"canonical":"https:\/\/gaudiumetspes-blog.pl\/index.php\/2023\/01\/03\/jaka-miloscia-obdarzyl-nas\/","og_locale":"pl_PL","og_type":"article","og_title":"Jak\u0105 mi\u0142o\u015bci\u0105 obdarzy\u0142 nas... - Gaudium Et Spes","og_description":"Szcz\u0119\u015b\u0107 Bo\u017ce! Moi Drodzy, w dniu dzisiejszym imieniny prze\u017cywa nasza Mama, Danuta Ja\u015bkowska. Dzi\u0119kuj\u0105c \u2013 bo w\u0142a\u015bciwie ci\u0105gle za to ca\u0142\u0105 Rodzin\u0105 dzi\u0119kujemy \u2013 za wspania\u0142\u0105 atmosfer\u0119, jak\u0105 tworzy w naszym rodzinnym Domu, \u017cyczymy tej ci\u0105g\u0142ej pogody ducha, jakiej ma w sobie tak wiele pomimo wszystko, by dalej poci\u0105ga\u0142a \u201eza wszystkie sznurki\u201d w Rodzinie, utrzymuj\u0105c [&hellip;]","og_url":"https:\/\/gaudiumetspes-blog.pl\/index.php\/2023\/01\/03\/jaka-miloscia-obdarzyl-nas\/","og_site_name":"Gaudium Et Spes","article_published_time":"2023-01-03T05:58:38+00:00","author":"Ks. Jacek","twitter_card":"summary_large_image","twitter_misc":{"Napisane przez":"Ks. Jacek","Szacowany czas czytania":"6 minut"},"schema":{"@context":"https:\/\/schema.org","@graph":[{"@type":"WebPage","@id":"https:\/\/gaudiumetspes-blog.pl\/index.php\/2023\/01\/03\/jaka-miloscia-obdarzyl-nas\/","url":"https:\/\/gaudiumetspes-blog.pl\/index.php\/2023\/01\/03\/jaka-miloscia-obdarzyl-nas\/","name":"Jak\u0105 mi\u0142o\u015bci\u0105 obdarzy\u0142 nas... - Gaudium Et Spes","isPartOf":{"@id":"https:\/\/gaudiumetspes-blog.pl\/#website"},"datePublished":"2023-01-03T05:58:38+00:00","author":{"@id":"https:\/\/gaudiumetspes-blog.pl\/#\/schema\/person\/1661982992b752dea8dff0d4ed845a65"},"breadcrumb":{"@id":"https:\/\/gaudiumetspes-blog.pl\/index.php\/2023\/01\/03\/jaka-miloscia-obdarzyl-nas\/#breadcrumb"},"inLanguage":"pl-PL","potentialAction":[{"@type":"ReadAction","target":["https:\/\/gaudiumetspes-blog.pl\/index.php\/2023\/01\/03\/jaka-miloscia-obdarzyl-nas\/"]}]},{"@type":"BreadcrumbList","@id":"https:\/\/gaudiumetspes-blog.pl\/index.php\/2023\/01\/03\/jaka-miloscia-obdarzyl-nas\/#breadcrumb","itemListElement":[{"@type":"ListItem","position":1,"name":"Strona g\u0142\u00f3wna","item":"https:\/\/gaudiumetspes-blog.pl\/"},{"@type":"ListItem","position":2,"name":"Jak\u0105 mi\u0142o\u015bci\u0105 obdarzy\u0142 nas&#8230;"}]},{"@type":"WebSite","@id":"https:\/\/gaudiumetspes-blog.pl\/#website","url":"https:\/\/gaudiumetspes-blog.pl\/","name":"Gaudium Et Spes","description":"Blog Ks. Jacka Ja\u015bkowskiego","potentialAction":[{"@type":"SearchAction","target":{"@type":"EntryPoint","urlTemplate":"https:\/\/gaudiumetspes-blog.pl\/?s={search_term_string}"},"query-input":{"@type":"PropertyValueSpecification","valueRequired":true,"valueName":"search_term_string"}}],"inLanguage":"pl-PL"},{"@type":"Person","@id":"https:\/\/gaudiumetspes-blog.pl\/#\/schema\/person\/1661982992b752dea8dff0d4ed845a65","name":"Ks. Jacek","image":{"@type":"ImageObject","inLanguage":"pl-PL","@id":"https:\/\/gaudiumetspes-blog.pl\/#\/schema\/person\/image\/","url":"https:\/\/gaudiumetspes-blog.pl\/wp-content\/uploads\/2019\/07\/avatar-JJ-150x150.jpg","contentUrl":"https:\/\/gaudiumetspes-blog.pl\/wp-content\/uploads\/2019\/07\/avatar-JJ-150x150.jpg","caption":"Ks. Jacek"},"description":"Witam serdecznie! K\u0142ania si\u0119 Ks. Jacek Ja\u015bkowski. Nie jestem ani kim\u015b wa\u017cnym, ani kim\u015b znanym. Jestem ksi\u0119dzem, kt\u00f3ry po prostu chce rozmawia\u0107. Codzienna kap\u0142a\u0144ska pos\u0142uga pokazuje mi, \u017ce temat\u00f3w do rozm\u00f3w z ksi\u0119dzem jest coraz wi\u0119cej i dzisiaj \u017caden ksi\u0105dz nie mo\u017ce od nich ucieka\u0107, ale - wprost przeciwnie - podejmowa\u0107 nowe wyzwania. To przekonanie sk\u0142oni\u0142o mnie do pr\u00f3by otwarcia tego\u017c bloga, chocia\u017c okazji do rozm\u00f3w na co dzie\u0144 - w konfesjonale i poza nim - na szcz\u0119\u015bcie nie brakuje. My\u015bl\u0119 jednak, \u017ce ten blog b\u0119dzie jeszcze jednym sposobem i przestrzeni\u0105 nawi\u0105zania kontaktu z lud\u017ami dobrej woli, otwartymi na dialog.","url":"https:\/\/gaudiumetspes-blog.pl\/index.php\/author\/ks-jacek\/"}]}},"jetpack_featured_media_url":"","jetpack_sharing_enabled":true,"_links":{"self":[{"href":"https:\/\/gaudiumetspes-blog.pl\/index.php\/wp-json\/wp\/v2\/posts\/21242","targetHints":{"allow":["GET"]}}],"collection":[{"href":"https:\/\/gaudiumetspes-blog.pl\/index.php\/wp-json\/wp\/v2\/posts"}],"about":[{"href":"https:\/\/gaudiumetspes-blog.pl\/index.php\/wp-json\/wp\/v2\/types\/post"}],"author":[{"embeddable":true,"href":"https:\/\/gaudiumetspes-blog.pl\/index.php\/wp-json\/wp\/v2\/users\/1"}],"replies":[{"embeddable":true,"href":"https:\/\/gaudiumetspes-blog.pl\/index.php\/wp-json\/wp\/v2\/comments?post=21242"}],"version-history":[{"count":1,"href":"https:\/\/gaudiumetspes-blog.pl\/index.php\/wp-json\/wp\/v2\/posts\/21242\/revisions"}],"predecessor-version":[{"id":21243,"href":"https:\/\/gaudiumetspes-blog.pl\/index.php\/wp-json\/wp\/v2\/posts\/21242\/revisions\/21243"}],"wp:attachment":[{"href":"https:\/\/gaudiumetspes-blog.pl\/index.php\/wp-json\/wp\/v2\/media?parent=21242"}],"wp:term":[{"taxonomy":"category","embeddable":true,"href":"https:\/\/gaudiumetspes-blog.pl\/index.php\/wp-json\/wp\/v2\/categories?post=21242"},{"taxonomy":"post_tag","embeddable":true,"href":"https:\/\/gaudiumetspes-blog.pl\/index.php\/wp-json\/wp\/v2\/tags?post=21242"}],"curies":[{"name":"wp","href":"https:\/\/api.w.org\/{rel}","templated":true}]}}