{"id":21272,"date":"2023-01-15T07:30:54","date_gmt":"2023-01-15T06:30:54","guid":{"rendered":"https:\/\/gaudiumetspes-blog.pl\/?p=21272"},"modified":"2023-01-15T07:30:54","modified_gmt":"2023-01-15T06:30:54","slug":"przede-wszystkim-dobry-poczatek","status":"publish","type":"post","link":"https:\/\/gaudiumetspes-blog.pl\/index.php\/2023\/01\/15\/przede-wszystkim-dobry-poczatek\/","title":{"rendered":"Przede wszystkim &#8211; dobry pocz\u0105tek!"},"content":{"rendered":"<p align=\"justify\"><span style=\"color: #000000;\"><span style=\"font-family: Book Antiqua, serif;\"><span style=\"font-size: large;\">Niech b\u0119dzie pochwalony Jezus Chrystus! Moi Drodzy, w dniu dzisiejszym <b>urodziny prze\u017cywa m\u00f3j Kolega kursowy, Ksi\u0105dz Piotr Wo\u017aniak. \u017bycz\u0119 Mu, aby wszystko, co dzieje si\u0119 w Jego \u017cyciu \u2013 zawsze dzia\u0142o si\u0119 w imi\u0119 Bo\u017ce. Wi\u0119cej o tym w rozwa\u017caniu. Zapewniam o modlitwie!<\/b><\/span><\/span><\/span><\/p>\n<p align=\"justify\"><span style=\"color: #000000;\"><span style=\"font-family: Book Antiqua, serif;\"><span style=\"font-size: large;\">A ja dzisiaj udaj\u0119 si\u0119 do Parafii B\u0142ogos\u0142awionych M\u0119czennik\u00f3w Podlaskich w Siedlcach, gdzie nieco pomog\u0119 duszpastersko \u2013 na zaproszenie Proboszcza, Ksi\u0119dza Jacka Szostakiewicza, kt\u00f3remu za to zaproszenie serdecznie dzi\u0119kuj\u0119!<\/span><\/span><\/span><\/p>\n<p align=\"justify\"><span style=\"color: #000000;\"><span style=\"font-family: Book Antiqua, serif;\"><span style=\"font-size: large;\">I ju\u017c zapraszam do pochylenia si\u0119 nad Bo\u017cym s\u0142owem. Co dzi\u015b m\u00f3wi do mnie Pan? Duchu \u015awi\u0119ty, podpowiedz\u2026<\/span><\/span><\/span><\/p>\n<p align=\"justify\"><span style=\"color: #000000;\"><span style=\"font-family: Book Antiqua, serif;\"><span style=\"font-size: large;\"><b>Niech Was b\u0142ogos\u0142awi B\u00f3g Wszechmog\u0105cy: Ojciec + i Syn, i Duch \u015awi\u0119ty. Amen<\/b><\/span><\/span><\/span><\/p>\n<p align=\"center\"><span style=\"color: #000000;\"><span style=\"font-family: Book Antiqua, serif;\"><span style=\"font-size: large;\">Gaudium et spes! Ks. Jacek<\/span><\/span><\/span><\/p>\n<p align=\"center\">\n<p align=\"center\">\n<p align=\"center\">\n<p align=\"center\">\n<p align=\"center\">\n<p align=\"justify\"><span style=\"color: #000000;\"><span style=\"font-family: Book Antiqua, serif;\"><span style=\"font-size: large;\"><b>2 Niedziela zwyk\u0142a, A,<\/b><\/span><\/span><\/span><\/p>\n<p align=\"justify\"><span style=\"color: #000000;\"><span style=\"font-family: Book Antiqua, serif;\"><span style=\"font-size: large;\"><b>15 stycznia 2023.,<\/b><\/span><\/span><\/span><\/p>\n<p align=\"justify\"><span style=\"color: #000000;\"><span style=\"font-family: Book Antiqua, serif;\"><span style=\"font-size: large;\"><b>do czyta\u0144: Iz 49,3.5\u20136; 1 Kor 1,1\u20133; J 1,29\u201334<\/b><\/span><\/span><\/span><\/p>\n<p align=\"justify\">\n<p align=\"justify\">\n<p align=\"justify\">\n<p align=\"justify\">\n<p align=\"justify\">\n<p align=\"justify\"><span style=\"color: #000000;\"><span style=\"font-family: Book Antiqua, serif;\"><span style=\"font-size: large;\"><b>CZYTANIE Z KSI\u0118GI PROROKA IZAJASZA: <\/b><\/span><\/span><\/span><\/p>\n<p align=\"justify\"><span style=\"color: #000000;\"><span style=\"font-family: Book Antiqua, serif;\"><span style=\"font-size: large;\"><b>Pan rzek\u0142 do mnie: \u201eTy\u015b s\u0142ug\u0105 moim, Izraelu, w tobie si\u0119 rozs\u0142awi\u0119\u201d. <\/b><\/span><\/span><\/span><\/p>\n<p align=\"justify\"><span style=\"color: #000000;\"><span style=\"font-family: Book Antiqua, serif;\"><span style=\"font-size: large;\"><b>Ws\u0142awi\u0142em si\u0119 w oczach Pana, B\u00f3g m\u00f3j sta\u0142 si\u0119 moj\u0105 si\u0142\u0105. A teraz przem\u00f3wi\u0142 Pan, kt\u00f3ry mnie ukszta\u0142towa\u0142 od urodzenia na swego s\u0142ug\u0119, bym nawr\u00f3ci\u0142 do Niego Jakuba i zgromadzi\u0142 Mu Izraela. <\/b><\/span><\/span><\/span><\/p>\n<p align=\"justify\"><span style=\"color: #000000;\"><span style=\"font-family: Book Antiqua, serif;\"><span style=\"font-size: large;\"><b>I m\u00f3wi\u0142: \u201eTo zbyt ma\u0142o, i\u017c jeste\u015b mi s\u0142ug\u0105 dla pod\u017awigni\u0119cia pokole\u0144 Jakuba i sprowadzenia ocala\u0142ych z Izraela. Ustanowi\u0119 ci\u0119 \u015bwiat\u0142o\u015bci\u0105 dla pogan, aby moje zbawienie dotar\u0142o a\u017c do kra\u0144c\u00f3w ziemi\u201d.<\/b><\/span><\/span><\/span><\/p>\n<p align=\"justify\">\n<p align=\"justify\">\n<p align=\"justify\">\n<p align=\"justify\">\n<p align=\"justify\">\n<p align=\"justify\"><span style=\"color: #000000;\"><span style=\"font-family: Book Antiqua, serif;\"><span style=\"font-size: large;\"><b>POCZ\u0104TEK PIERWSZEGO LISTU \u015aWI\u0118TEGO PAW\u0141A APOSTO\u0141A DO KORYNTIAN: <\/b><\/span><\/span><\/span><\/p>\n<p align=\"justify\"><span style=\"color: #000000;\"><span style=\"font-family: Book Antiqua, serif;\"><span style=\"font-size: large;\"><b>Pawe\u0142, z woli Bo\u017cej powo\u0142any na aposto\u0142a Jezusa Chrystusa, i Sostenes, brat, do Ko\u015bcio\u0142a Bo\u017cego w Koryncie, do tych, kt\u00f3rzy zostali u\u015bwi\u0119ceni w Jezusie Chrystusie i powo\u0142ani do \u015bwi\u0119to\u015bci wesp\u00f3\u0142 ze wszystkimi, kt\u00f3rzy na ka\u017cdym miejscu wzywaj\u0105 imienia Pana naszego Jezusa Chrystusa, ich i naszego Pana. <\/b><\/span><\/span><\/span><\/p>\n<p align=\"justify\"><span style=\"color: #000000;\"><span style=\"font-family: Book Antiqua, serif;\"><span style=\"font-size: large;\"><b>\u0141aska wam i pok\u00f3j od Boga Ojca naszego i od Pana Jezusa Chrystusa.<\/b><\/span><\/span><\/span><\/p>\n<p align=\"justify\">\n<p align=\"justify\">\n<p align=\"justify\">\n<p align=\"justify\">\n<p align=\"justify\">\n<p align=\"justify\"><span style=\"color: #000000;\"><span style=\"font-family: Book Antiqua, serif;\"><span style=\"font-size: large;\"><b>S\u0141OWA EWANGELII WED\u0141UG \u015aWI\u0118TEGO JANA: <\/b><\/span><\/span><\/span><\/p>\n<p align=\"justify\"><span style=\"color: #000000;\"><span style=\"font-family: Book Antiqua, serif;\"><span style=\"font-size: large;\"><b>Jan zobaczy\u0142 Jezusa, nadchodz\u0105cego ku niemu, i rzek\u0142: \u201eOto Baranek Bo\u017cy, kt\u00f3ry g\u0142adzi grzech \u015bwiata. To jest Ten, o kt\u00f3rym powiedzia\u0142em: \u00abPo mnie przyjdzie M\u0105\u017c, kt\u00f3ry mnie przewy\u017cszy\u0142 godno\u015bci\u0105, gdy\u017c by\u0142 wcze\u015bniej ode mnie\u00bb. Ja Go przedtem nie zna\u0142em, ale przyszed\u0142em chrzci\u0107 wod\u0105 w tym celu, aby On si\u0119 objawi\u0142 Izraelowi\u201d. <\/b><\/span><\/span><\/span><\/p>\n<p align=\"justify\"><span style=\"color: #000000;\"><span style=\"font-family: Book Antiqua, serif;\"><span style=\"font-size: large;\"><b>Jan da\u0142 takie \u015bwiadectwo: \u201eUjrza\u0142em Ducha, kt\u00f3ry jak go\u0142\u0119bica zst\u0119powa\u0142 z nieba i spocz\u0105\u0142 na Nim. Ja Go przedtem nie zna\u0142em, ale Ten, kt\u00f3ry mnie pos\u0142a\u0142, abym chrzci\u0142 wod\u0105, powiedzia\u0142 do mnie: \u00abTen, nad kt\u00f3rym ujrzysz Ducha zst\u0119puj\u0105cego i spoczywaj\u0105cego nad Nim, jest Tym, kt\u00f3ry chrzci Duchem \u015awi\u0119tym\u00bb. <\/b><\/span><\/span><\/span><\/p>\n<p align=\"justify\"><span style=\"color: #000000;\"><span style=\"font-family: Book Antiqua, serif;\"><span style=\"font-size: large;\"><b>Ja to ujrza\u0142em i daj\u0119 \u015bwiadectwo, \u017ce On jest Synem Bo\u017cym\u201d.<\/b><\/span><\/span><\/span><\/p>\n<p align=\"justify\">\n<p align=\"justify\">\n<p align=\"justify\">\n<p align=\"justify\">\n<p align=\"justify\">\n<p align=\"justify\"><span style=\"color: #000000;\"><span style=\"font-family: Book Antiqua, serif;\"><span style=\"font-size: large;\">Chocia\u017c mamy dzi\u015b ju\u017c Drug\u0105 Niedziel\u0119 Zwyk\u0142\u0105 w ci\u0105gu roku liturgicznego, to jednak jeste\u015bmy ca\u0142y czas <b>u pocz\u0105tku tego nowego czasu,<\/b> dlatego zapewne s\u0142owo Bo\u017ce tak\u017ce ukazuje nam \u2013 i to w ka\u017cdym z trzech czyta\u0144 \u2013 <b>jaki\u015b pocz\u0105tek: <\/b>pocz\u0105tek pos\u0142ugi prorockiej, pocz\u0105tek przes\u0142ania, jakie Aposto\u0142 kieruje do konkretnej Gminy chrze\u015bcija\u0144skiej, a wreszcie tak\u017ce: pocz\u0105tek dzia\u0142alno\u015bci Jezusa. <\/span><\/span><\/span><\/p>\n<p align=\"justify\"><span style=\"color: #000000;\"><span style=\"font-family: Book Antiqua, serif;\"><span style=\"font-size: large;\">Zobaczmy: <b>w pierwszym czytaniu<\/b> B\u00f3g zwraca si\u0119 do Proroka Izajasza z takimi oto s\u0142owami: <i><b>To zbyt ma\u0142o, i\u017c jeste\u015b mi s\u0142ug\u0105 dla pod\u017awigni\u0119cia pokole\u0144 Jakuba i sprowadzenia ocala\u0142ych z Izraela. Ustanowi\u0119 ci\u0119 \u015bwiat\u0142o\u015bci\u0105 dla pogan, aby moje zbawienie dotar\u0142o a\u017c do kra\u0144c\u00f3w ziemi. <\/b><\/i><\/span><\/span><\/span><\/p>\n<p align=\"justify\"><span style=\"color: #000000;\"><span style=\"font-family: Book Antiqua, serif;\"><span style=\"font-size: large;\">S\u0142owa te mo\u017cna odnie\u015b\u0107 <b>do ca\u0142ego narodu wybranego,<\/b> wszak wcze\u015bniej B\u00f3g tak powiedzia\u0142: <i><b>Ty\u015b s\u0142ug\u0105 moim, Izraelu, w tobie si\u0119 rozs\u0142awi\u0119.<\/b><\/i><b> <\/b>Mo\u017cna zatem uzna\u0107, i\u017c to <b>ca\u0142y Izrael jest wezwany i powo\u0142any<\/b> do tego, aby Bo\u017ce zbawienie <i><b>dotar\u0142o a\u017c do kra\u0144c\u00f3w ziemi. <\/b><\/i>I \u2013 z historycznego punku widzenia \u2013 to by si\u0119 zgadza\u0142o, wszak to w\u0142a\u015bnie <b>w tym narodzie przyszed\u0142 na \u015bwiat Mesjasz<\/b> i do tego narodu skierowa\u0142 swoje przes\u0142anie, z tym wskazaniem i poleceniem, aby <b>nar\u00f3d ten rozpowszechni\u0142 to przes\u0142anie,<\/b> to zbawienie, po ca\u0142ym \u015bwiecie. <\/span><\/span><\/span><\/p>\n<p align=\"justify\"><span style=\"color: #000000;\"><span style=\"font-family: Book Antiqua, serif;\"><span style=\"font-size: large;\">Dlatego dzisiaj mo\u017cemy tak w\u0142a\u015bnie interpretowa\u0107 pierwsze czytanie, niemniej jednak <b>komentarz samego Proroka,<\/b> jaki zamieszcza w odniesieniu do tych Bo\u017cych s\u0142\u00f3w, zdaje si\u0119 wskazywa\u0107 tak\u017ce na niego samego. S\u0142yszymy bowiem: <i><b>Ws\u0142awi\u0142em si\u0119 w oczach Pana, B\u00f3g m\u00f3j sta\u0142 si\u0119 moj\u0105 si\u0142\u0105. A teraz przem\u00f3wi\u0142 Pan, kt\u00f3ry<\/b><\/i><b> <\/b><i><b>mnie ukszta\u0142towa\u0142 od urodzenia na swego s\u0142ug\u0119, bym nawr\u00f3ci\u0142 do Niego Jakuba i zgromadzi\u0142 Mu Izraela.<\/b><\/i><b> <\/b>To w\u0142a\u015bnie Prorok jest wezwany do tego, <b>aby wzywa\u0142 do nawr\u00f3cenia<\/b> i do zjednoczenia przy Bogu sw\u00f3j nar\u00f3d. <\/span><\/span><\/span><\/p>\n<p align=\"justify\"><span style=\"color: #000000;\"><span style=\"font-family: Book Antiqua, serif;\"><span style=\"font-size: large;\">Tak wi\u0119c, mo\u017cemy to dzisiejsze Bo\u017ce przes\u0142anie, zawarte w pierwszym czytaniu, <b>interpretowa\u0107 na dwa sposoby,<\/b> nie mamy natomiast \u017cadnych w\u0105tpliwo\u015bci, \u017ce jeste\u015bmy <b>u pocz\u0105tku pos\u0142ugi prorockiej, <\/b>\u017ce mamy do czynienia <b>z pierwszym wezwaniem <\/b>do jej pe\u0142nienia i z takim bardzo wa\u017cnym zapewnieniem Boga, i\u017c to <b>On sam da si\u0142y i \u015bwiat\u0142o <\/b>do wype\u0142nienia zadania, kt\u00f3re zleci\u0142. Wi\u0119cej, nie tylko da \u015bwiat\u0142o, ale wr\u0119cz <b>uczyni swego \u015bwiadka \u015bwiat\u0142o\u015bci\u0105!<\/b><\/span><\/span><\/span><\/p>\n<p align=\"justify\"><span style=\"color: #000000;\"><span style=\"font-family: Book Antiqua, serif;\"><span style=\"font-size: large;\">Drugie czytanie niesie nam pocz\u0105tkowe s\u0142owa, skierowane przez Aposto\u0142a Paw\u0142a <b>do wiernych Gminy korynckiej,<\/b> w Pierwszym Li\u015bcie, do nich skierowanym. Wiemy dobrze, \u017ce ka\u017cdy ze swoich List\u00f3w <b>Pawe\u0142 w taki w\u0142a\u015bnie spos\u00f3b zaczyna: <\/b>od uwielbienia Boga, od wyra\u017cenia Mu wdzi\u0119czno\u015bci za wiar\u0119 danej wsp\u00f3lnoty i <b>za dobro, jakie si\u0119 w niej dokonuje <\/b>\u2013 tak\u017ce to dobro, kt\u00f3rego Pawe\u0142 do\u015bwiadczy\u0142 z jej strony osobi\u015bcie, bo i takich akcent\u00f3w nie brakuje. <\/span><\/span><\/span><\/p>\n<p align=\"justify\"><span style=\"color: #000000;\"><span style=\"font-family: Book Antiqua, serif;\"><span style=\"font-size: large;\">Bardzo wa\u017cnym elementem ka\u017cdego takiego s\u0142owa wst\u0119pnego \u2013 dzisiaj tak\u017ce to widzimy \u2013 jest wskazanie przez Aposto\u0142a <b>na sw\u00f3j urz\u0105d i tytu\u0142,<\/b> upowa\u017cniaj\u0105cy go do przemawiania w imi\u0119 Bo\u017ce. Dzisiaj s\u0142yszymy: <i><b>Pawe\u0142, z woli Bo\u017cej powo\u0142any na aposto\u0142a Jezusa Chrystusa, i Sostenes, brat<\/b><\/i><b> \u2013<\/b> i zaraz potem: <i><b>do Ko\u015bcio\u0142a Bo\u017cego w Koryncie, do tych, kt\u00f3rzy zostali u\u015bwi\u0119ceni w Jezusie Chrystusie i powo\u0142ani do \u015bwi\u0119to\u015bci wesp\u00f3\u0142 ze wszystkimi, kt\u00f3rzy na ka\u017cdym miejscu wzywaj\u0105 imienia Pana naszego Jezusa Chrystusa, ich i naszego Pana.<\/b><\/i><b> <\/b><\/span><\/span><\/span><\/p>\n<p align=\"justify\"><span style=\"color: #000000;\"><span style=\"font-family: Book Antiqua, serif;\"><span style=\"font-size: large;\">A nast\u0119pnie b\u0142ogos\u0142awie\u0144stwo w imi\u0119 Bo\u017ce: <i><b>\u0141aska wam i pok\u00f3j od Boga Ojca naszego i od Pana Jezusa Chrystusa.<\/b><\/i><b> <\/b>Swoj\u0105 drog\u0105, Ko\u015bci\u00f3\u0142 skorzysta\u0142 z tych ostatnich s\u0142\u00f3w, czyni\u0105c z nich <b>jedn\u0105 z wersji pozdrowienia wiernych przez celebransa, <\/b>na pocz\u0105tku liturgii Mszy \u015awi\u0119tej. <\/span><\/span><\/span><\/p>\n<p align=\"justify\"><span style=\"color: #000000;\"><span style=\"font-family: Book Antiqua, serif;\"><span style=\"font-size: large;\">Widzimy zatem, \u017ce <b>u pocz\u0105tku pouczenia,<\/b> jakie zamierza Aposto\u0142 skierowa\u0107 do konkretnej wsp\u00f3lnoty \u2013 <b>cz\u0119sto pouczenia trudnego <\/b>i zawieraj\u0105cego s\u0142owa gorzkiego upomnienia \u2013 znajduje si\u0119 takie w\u0142a\u015bnie <b>rzeczowe i konkretne ustawienie sprawy,<\/b> okre\u015blenie stanowisk i kompetencji (m\u00f3wi\u0105c dzisiejszym j\u0119zykiem), ale tak\u017ce: <b>wskazanie na dobro i wdzi\u0119czno\u015b\u0107 za to dobro. <\/b>Wydaje si\u0119, moi Drodzy, \u017ce to <b>w\u0142a\u015bciwy i m\u0105dry<\/b><b> wst\u0119p<\/b> do m\u00f3wienia potem o czymkolwiek. <\/span><\/span><\/span><\/p>\n<p align=\"justify\"><span style=\"color: #000000;\"><span style=\"font-family: Book Antiqua, serif;\"><span style=\"font-size: large;\">I chyba by\u0142oby wskazanym, aby\u015bmy wszyscy <b>takiego w\u0142a\u015bnie stylu si\u0119 uczyli.<\/b> Bo my, je\u015bli mamy do kogo\u015b powiedzie\u0107 co\u015b trudnego, albo krytycznego, zwykle czynimy to <b>w spos\u00f3b gwa\u0142towny, nerwowy<\/b> \u2013 \u017ceby nie powiedzie\u0107, \u017ce czasami nawet wulgarny, z u\u017cyciem przekle\u0144stw i pretensji \u2013 zapominaj\u0105c zupe\u0142nie, \u017ce w postawie danego cz\u0142owieka, czy w ca\u0142ej sytuacji, <b>by\u0142o te\u017c jakie\u015b dobro, by\u0142y jakie\u015b pozytywne akcenty i aspekty\u2026<\/b> W og\u00f3le na to nie zwracamy uwagi i nawet o tym nie pomy\u015blimy, tylko jak nam si\u0119 \u2013 m\u00f3wi\u0105c kolokwialnie \u2013 <b>\u201enazbiera\u201d i czara goryczy si\u0119 przeleje,<\/b> to ju\u017c wtedy \u201ez g\u00f3ry\u201d i bez ogranicze\u0144! <\/span><\/span><\/span><\/p>\n<p align=\"justify\"><span style=\"color: #000000;\"><span style=\"font-family: Book Antiqua, serif;\"><span style=\"font-size: large;\">A tymczasem, Aposto\u0142 uczy nas, aby zawsze, u pocz\u0105tku jakiegokolwiek dzia\u0142ania czy przemawiania do kogo\u015b \u2013 tak\u017ce tego przemawiania na pi\u015bmie \u2013 <b>znalaz\u0142o si\u0119 odniesienie do Boga,<\/b> Dawcy wszelkiej \u0142aski i wszelkiego dobra, oraz <b>odniesienie do dobra,<\/b> kt\u00f3re na pewno by\u0142o w postawie i w \u017cyciu danego cz\u0142owieka. <\/span><\/span><\/span><\/p>\n<p align=\"justify\"><span style=\"color: #000000;\"><span style=\"font-family: Book Antiqua, serif;\"><span style=\"font-size: large;\">Moi Drodzy, to jest naprawd\u0119 bardzo wa\u017cne, \u017ceby <b>to dobro stara\u0107 si\u0119 zobaczy\u0107<\/b> \u2013 nawet, je\u017celi sam \u00f3w cz\u0142owiek, do kt\u00f3rego mamy skierowa\u0107 jakie\u015b trudne s\u0142owa, <b>tego nie widzi i sam siebie ocenia nisko lub krytycznie.<\/b> My to przecie\u017c wiemy, \u017ce <b>nigdy nikt nie jest do ko\u0144ca z\u0142y,<\/b> bo w ka\u017cdym cho\u0107by jakie\u015b male\u0144kie, ale znajdzie si\u0119 dobro. <b>Trzeba je tylko chcie\u0107 zauwa\u017cy\u0107. <\/b>I zwykle da si\u0119 je zauwa\u017cy\u0107 \u2013 bez nadzwyczajnego wysi\u0142ku, tylko trzeba <b>odrobiny starania i ch\u0119ci. <\/b><\/span><\/span><\/span><\/p>\n<p align=\"justify\"><span style=\"color: #000000;\"><span style=\"font-family: Book Antiqua, serif;\"><span style=\"font-size: large;\">Jak\u017ce zupe\u0142nie inaczej ustawia si\u0119 ca\u0142\u0105 spraw\u0119 \u2013 tak\u017ce t\u0119 trudn\u0105 \u2013 je\u017celi <b>zacznie si\u0119 od tego, co dobre;<\/b> je\u017celi si\u0119 <b>cz\u0142owieka doceni,<\/b> podzi\u0119kuje mu za dobro, podzi\u0119kuje si\u0119 Bogu za tego cz\u0142owieka: jak\u017ce inaczej wtedy rozwi\u0105zuje si\u0119 dany problem. Oczywi\u015bcie, to <b>nie jest gwarancj\u0105 tego, \u017ce wszystko p\u00f3jdzie jak z p\u0142atka,<\/b> bez trudno\u015bci i napi\u0119\u0107, ale na pewno <b>jest to korzystny pocz\u0105tek<\/b> i dobry sygna\u0142, kt\u00f3ry przynajmniej <b>cz\u0119\u015bciowo po<\/b><b>mo\u017ce<\/b> za\u0142atwi\u0107 spraw\u0119 spokojnie i pozytywnie. Owo <b>dobre nastawienie na pocz\u0105tek <\/b>\u2013 i nastawienie na Boga \u2013 to w\u0142a\u015bnie <b>dobry pocz\u0105tek.<\/b> I tego chcemy si\u0119 uczy\u0107 od Aposto\u0142a Paw\u0142a.<\/span><\/span><\/span><\/p>\n<p align=\"justify\"><span style=\"color: #000000;\"><span style=\"font-family: Book Antiqua, serif;\"><span style=\"font-size: large;\">Z kolei dzisiejsza Ewangelia m\u00f3wi nam <b>o pocz\u0105tku dzia\u0142alno\u015bci publicznej Jezusa.<\/b> Je\u017celi idzie o samego Jezusa, to dzisiaj nie s\u0142yszymy <b>ani jednego Jego s\u0142owa <\/b>\u2013 co najwy\u017cej, dowiadujemy si\u0119, \u017ce w\u0142a\u015bnie\u2026 <b>nadchodzi.<\/b> Idzie w kierunku Jana, ale my mo\u017cemy w tym obrazie <b>zobaczy\u0107<\/b> <b>Jego przyj\u015bcie<\/b> do oczekuj\u0105cego Go narodu wybranego, <b>ale i do nas,<\/b> kt\u00f3rzy tak\u017ce pragniemy Jego przyj\u015bcia. Ten przychodz\u0105cy Jezus \u2013 jako rzekli\u015bmy \u2013 dzisiaj nie wypowiada ani s\u0142owa, <b>za to Jan wypowiada s\u0142owa<\/b> swojego \u015bwiadectwa o Nim: s\u0142owa naprawd\u0119 pi\u0119kne i wznios\u0142e. <\/span><\/span><\/span><\/p>\n<p align=\"justify\"><span style=\"color: #000000;\"><span style=\"font-family: Book Antiqua, serif;\"><span style=\"font-size: large;\">S\u0142yszymy: <i><b>Oto Baranek Bo\u017cy, kt\u00f3ry g\u0142adzi grzech \u015bwiata. To jest Ten, o kt\u00f3rym powiedzia\u0142em: \u00abPo mnie przyjdzie M\u0105\u017c, kt\u00f3ry mnie przewy\u017cszy\u0142 godno\u015bci\u0105, gdy\u017c by\u0142 wcze\u015bniej ode mnie\u00bb. Ja Go przedtem nie zna\u0142em, ale przyszed\u0142em chrzci\u0107 wod\u0105 w tym celu, aby On si\u0119 objawi\u0142 Izraelowi\u201d.<\/b><\/i><b> <\/b><\/span><\/span><\/span><\/p>\n<p align=\"justify\"><span style=\"color: #000000;\"><span style=\"font-family: Book Antiqua, serif;\"><span style=\"font-size: large;\">I zaraz potem dalszy ci\u0105g tego\u017c \u015bwiadectwa: <i><b>Ujrza\u0142em Ducha, kt\u00f3ry jak go\u0142\u0119bica zst\u0119powa\u0142 z nieba i spocz\u0105\u0142 na Nim. Ja Go przedtem nie zna\u0142em, ale Ten, kt\u00f3ry mnie pos\u0142a\u0142, abym chrzci\u0142 wod\u0105, powiedzia\u0142 do mnie: \u00abTen, nad kt\u00f3rym ujrzysz Ducha zst\u0119puj\u0105cego i spoczywaj\u0105cego nad Nim, jest Tym, kt\u00f3ry chrzci Duchem \u015awi\u0119tym\u00bb. <\/b><\/i><i><b>Ja to ujrza\u0142em i daj\u0119 \u015bwiadectwo, \u017ce On jest Synem Bo\u017cym. <\/b><\/i><\/span><\/span><\/span><\/p>\n<p align=\"justify\"><span style=\"color: #000000;\"><span style=\"font-family: Book Antiqua, serif;\"><span style=\"font-size: large;\">Nie s\u0142yszymy \u017cadnej reakcji Jezusa na te s\u0142owa, \u017cadnej Jego odpowiedzi \u2013 <b>\u015bwiadectwo Jana ma nam dzisiaj wystarczy\u0107.<\/b> Nie mo\u017cemy jednak narzeka\u0107 na brak tre\u015bci i tematu do refleksji, bo w tym, co powiedzia\u0142 dzisiaj Jan, jest naprawd\u0119 <b>ca\u0142e bogactwo pi\u0119knych i g\u0142\u0119bokich tre\u015bci,<\/b> o kt\u00f3rych \u2013 gdyby\u015bmy tylko chcieli \u2013 mogliby\u015bmy rozwa\u017ca\u0107 godzinami. Natomiast my dzisiaj zwr\u00f3cimy sobie tylko na to uwag\u0119, i\u017c s\u0105 to s\u0142owa wypowiedziane <b>w\u0142a\u015bnie na pocz\u0105tku dzia\u0142alno\u015bci Jezusa,<\/b> a nawet \u2013 m\u00f3wi\u0105c precyzyjnie \u2013 <b>przed jej rozpocz\u0119ciem.<\/b> <\/span><\/span><\/span><\/p>\n<p align=\"justify\"><span style=\"color: #000000;\"><span style=\"font-family: Book Antiqua, serif;\"><span style=\"font-size: large;\">To bardzo wa\u017cne spostrze\u017cenie, bo u\u015bwiadamia nam, \u017ce Jan Chrzciciel <b>naprawd\u0119 chcia\u0142 u\u015bwiadomi\u0107 swemu narodowi<\/b> \u2013 i nam wszystkim przy okazji \u2013 kto tu si\u0119 w tym momencie pojawi\u0142 i <b>kto b\u0119dzie teraz przemawia\u0142, naucza\u0142, dzia\u0142a\u0142,<\/b> a w tym tak\u017ce: dokonywa\u0142 niezwyk\u0142ych znak\u00f3w Bo\u017cej mocy i Bo\u017cej mi\u0142o\u015bci. Owszem, Jan o tym wszystkim dzisiaj nie m\u00f3wi, ale <b>o samym Jezusie m\u00f3wi w taki spos\u00f3b,<\/b> \u017ce chyba nikt nie ma w\u0105tpliwo\u015bci, \u017ce oto teraz zaczn\u0105 si\u0119 dokonywa\u0107 naprawd\u0119 wielkie rzeczy! <\/span><\/span><\/span><\/p>\n<p align=\"justify\"><span style=\"color: #000000;\"><span style=\"font-family: Book Antiqua, serif;\"><span style=\"font-size: large;\">Zatem \u2013 <b>dobry wst\u0119p, dobry pocz\u0105tek dzia\u0142alno\u015bci Jezusa.<\/b> Zw\u0142aszcza, je\u017celi s\u0142owa te wypowiada Poprzednik, a wi\u0119c ten, kt\u00f3ry sw\u00f3j nar\u00f3d na przyj\u015bcie Mesjasza <b>mia\u0142 przygotowa\u0107 \u2013 i rzeczywi\u015bcie przygotowa\u0142.<\/b> Teraz niejako <b>\u201eprzekazuje pa\u0142eczk\u0119\u201d <\/b>Temu, kt\u00f3ry mia\u0142 przyj\u015b\u0107 \u2013 i teraz to <b>On dalej b\u0119dzie naucza\u0142 i dzia\u0142a\u0142, <\/b>sam za\u015b Jan zejdzie ju\u017c na drugi plan, aby nied\u0142ugo potem ca\u0142kowicie zej\u015b\u0107 ze sceny. Taki to pocz\u0105tek dzia\u0142alno\u015bci Jezusa mamy w dzisiejszej Ewangelii.<\/span><\/span><\/span><\/p>\n<p align=\"justify\"><span style=\"color: #000000;\"><span style=\"font-family: Book Antiqua, serif;\"><span style=\"font-size: large;\">A ca\u0142e pouczenie, jakie kieruje do nas dzisiejsze Bo\u017ce s\u0142owo jest takie, aby\u015bmy <b>u pocz\u0105tku jakiejkolwiek naszej dzia\u0142alno\u015bci zawsze szukali odniesienia do Boga. <\/b>Aby\u015bmy wszystko, co chcemy uczyni\u0107, czy powiedzie\u0107, lub napisa\u0107 do kogo\u015b \u2013 aby\u015bmy zawsze chcieli to <b>uczyni\u0107 w imi\u0119 Bo\u017ce i na Bo\u017c\u0105 chwa\u0142\u0119. <\/b>Wtedy na pewno uniknie si\u0119 wielu z\u0142ych s\u0142\u00f3w lub czyn\u00f3w \u2013 i w og\u00f3le: <b>wielu g\u0142upstw, jakie nieuchronnie gro\u017c\u0105, <\/b>kiedy si\u0119 co\u015b m\u00f3wi lub czyni jedynie pod wp\u0142ywem emocji, lub pierwszego wra\u017cenia. <\/span><\/span><\/span><\/p>\n<p align=\"justify\"><span style=\"color: #000000;\"><span style=\"font-family: Book Antiqua, serif;\"><span style=\"font-size: large;\">Czyni\u0105c za\u015b lub m\u00f3wi\u0105c co\u015b w imi\u0119 Bo\u017ce, <b>z imieniem Boga na ustach i w sercu <\/b>\u2013 wszystko u\u0142o\u017cy si\u0119 lepiej i m\u0105drzej. Bo nie b\u0119dzie obrazy Boga i obra\u017cania cz\u0142owieka. Dlatego te\u017c owego cz\u0142owieka tak\u017ce trzeba <b>zobaczy\u0107 w ca\u0142ym jego bogactwie <\/b>\u2013 w bogactwie jego prze\u017cy\u0107 i motywacji, kt\u00f3rymi si\u0119 kierowa\u0142. Trzeba <b>zobaczy\u0107 w nim Bo\u017ce dziecko,<\/b> a wi\u0119c kogo\u015b, za kogo Jezus tak\u017ce <b>odda\u0142 swoje \u017cycie i kogo ukocha\u0142.<\/b> Nawet, je\u017celi \u00f3w kto\u015b jest trudny i naprawd\u0119 \u017ale post\u0105pi\u0142 \u2013 i chcemy mu to powiedzie\u0107; i dobrze, \u017ce chcemy mu to powiedzie\u0107 \u2013 to jednak <b>nie mo\u017cemy go z g\u00f3ry pot\u0119pi\u0107,<\/b> przekre\u015bli\u0107, odrzuci\u0107, przekl\u0105\u0107\u2026 <\/span><\/span><\/span><\/p>\n<p align=\"justify\"><span style=\"color: #000000;\"><span style=\"font-family: Book Antiqua, serif;\"><span style=\"font-size: large;\">I w\u0142a\u015bnie, \u017ceby takiej sytuacji unikn\u0105\u0107, trzeba takiego <b>dobrego ustawienia ca\u0142ej sprawy na pocz\u0105tek<\/b>. Po prostu: trzeba takiego <b>dobrego pocz\u0105tku, <\/b>dobrego wej\u015bcia w ca\u0142\u0105 spraw\u0119, w ca\u0142y problem. Potrzeba <b>odniesienia do Boga<\/b> \u2013 nigdy, \u017cadnej sprawy, nie powinni\u015bmy za\u0142atwia\u0107 z pomini\u0119ciem Boga, a ju\u017c tym bardziej: wbrew Niemu. Zawsze trzeba nam <b>o Nim i o Jego zasadach pami\u0119ta\u0107 <\/b>\u2013 tak\u017ce o Jego mi\u0142o\u015bci do ka\u017cdego cz\u0142owieka. <\/span><\/span><\/span><\/p>\n<p align=\"justify\"><span style=\"color: #000000;\"><span style=\"font-family: Book Antiqua, serif;\"><span style=\"font-size: large;\">I o samym cz\u0142owieku trzeba nam pami\u0119ta\u0107 \u2013 w tym sensie, \u017ce <b>jest to kto\u015b wa\u017cny dla Boga. <\/b>Nie jest to wi\u0119c jaki\u015b przedmiot, jaki\u015b \u2013 przepraszam za to wyra\u017cenie \u2013 \u015bmie\u0107, kt\u00f3ry mo\u017cemy <b>ze wstr\u0119tem odepchn\u0105\u0107,<\/b> ale <b>kto\u015b ukochany przez Boga.<\/b> Nawet, je\u017celi \u017ale post\u0119puje, a nawet sam swoje \u017cycie sprowadzi\u0142 do poziomu rynsztoka! <b>B\u00f3g nigdy nie przesta\u0142 go kocha\u0107. <\/b><\/span><\/span><\/span><\/p>\n<p align=\"justify\"><span style=\"color: #000000;\"><span style=\"font-family: Book Antiqua, serif;\"><span style=\"font-size: large;\">I wreszcie: taki dobry pocz\u0105tek pomo\u017ce nam w og\u00f3le, <b>ka\u017cd\u0105 spraw\u0119, za\u0142atwi\u0107 m\u0105drzej i lepiej,<\/b> je\u017celi tylko spr\u00f3bujemy j\u0105 za\u0142atwi\u0107 <b>po Bo\u017cemu, wed\u0142ug Jego zasad. <\/b>A ka\u017cd\u0105 spraw\u0119 mo\u017cna tak za\u0142atwi\u0107, a mo\u017cna <b>tylko po swojemu, tylko po ludzku\u2026<\/b> Jednak w tym drugim przypadku \u2013 no, w\u0142a\u015bnie\u2026 To st\u0105d bior\u0105 si\u0119 problemy i konflikty, \u017ce my wielu naszych spraw <b>nie za\u0142atwiamy po Bo\u017cemu, po chrze\u015bcija\u0144sku,<\/b> tylko tak czysto po ludzku\u2026 Tak bardzo po ludzku\u2026 Za bardzo po ludzku\u2026 <\/span><\/span><\/span><\/p>\n<p align=\"justify\"><span style=\"color: #000000;\"><span style=\"font-family: Book Antiqua, serif;\"><span style=\"font-size: large;\">Dlatego dzisiejsze s\u0142owo Bo\u017ce niesie nam to jak\u017ce wa\u017cne przes\u0142anie: <b>trzeba dobrze zacz\u0105\u0107. Dobry pocz\u0105tek ka\u017cdej sprawy!<\/b> Dobrze wystartowa\u0107 do za\u0142atwiania jakiejkolwiek sprawy! Przede wszystkim i zawsze \u2013 <b>w imi\u0119 Bo\u017ce!<\/b> Z Bo\u017cym imieniem na ustach \u2013 i w sercu!<\/span><\/span><\/span><\/p>\n","protected":false},"excerpt":{"rendered":"<p>Niech b\u0119dzie pochwalony Jezus Chrystus! Moi Drodzy, w dniu dzisiejszym urodziny prze\u017cywa m\u00f3j Kolega kursowy, Ksi\u0105dz Piotr Wo\u017aniak. \u017bycz\u0119 Mu, aby wszystko, co dzieje si\u0119 w Jego \u017cyciu \u2013 zawsze dzia\u0142o si\u0119 w imi\u0119 Bo\u017ce. Wi\u0119cej o tym w rozwa\u017caniu. Zapewniam o modlitwie! A ja dzisiaj udaj\u0119 si\u0119 do Parafii B\u0142ogos\u0142awionych M\u0119czennik\u00f3w Podlaskich w Siedlcach, [&hellip;]<\/p>\n","protected":false},"author":1,"featured_media":0,"comment_status":"open","ping_status":"open","sticky":false,"template":"","format":"standard","meta":{"jetpack_post_was_ever_published":false,"_jetpack_newsletter_access":"","_jetpack_dont_email_post_to_subs":false,"_jetpack_newsletter_tier_id":0,"_jetpack_memberships_contains_paywalled_content":false,"_jetpack_memberships_contains_paid_content":false,"footnotes":""},"categories":[1],"tags":[],"class_list":["post-21272","post","type-post","status-publish","format-standard","hentry","category-bez-kategorii"],"yoast_head":"<!-- This site is optimized with the Yoast SEO plugin v25.1 - https:\/\/yoast.com\/wordpress\/plugins\/seo\/ -->\n<title>Przede wszystkim - dobry pocz\u0105tek! - Gaudium Et Spes<\/title>\n<meta name=\"robots\" content=\"index, follow, max-snippet:-1, max-image-preview:large, max-video-preview:-1\" \/>\n<link rel=\"canonical\" href=\"https:\/\/gaudiumetspes-blog.pl\/index.php\/2023\/01\/15\/przede-wszystkim-dobry-poczatek\/\" \/>\n<meta property=\"og:locale\" content=\"pl_PL\" \/>\n<meta property=\"og:type\" content=\"article\" \/>\n<meta property=\"og:title\" content=\"Przede wszystkim - dobry pocz\u0105tek! - Gaudium Et Spes\" \/>\n<meta property=\"og:description\" content=\"Niech b\u0119dzie pochwalony Jezus Chrystus! Moi Drodzy, w dniu dzisiejszym urodziny prze\u017cywa m\u00f3j Kolega kursowy, Ksi\u0105dz Piotr Wo\u017aniak. \u017bycz\u0119 Mu, aby wszystko, co dzieje si\u0119 w Jego \u017cyciu \u2013 zawsze dzia\u0142o si\u0119 w imi\u0119 Bo\u017ce. Wi\u0119cej o tym w rozwa\u017caniu. Zapewniam o modlitwie! A ja dzisiaj udaj\u0119 si\u0119 do Parafii B\u0142ogos\u0142awionych M\u0119czennik\u00f3w Podlaskich w Siedlcach, [&hellip;]\" \/>\n<meta property=\"og:url\" content=\"https:\/\/gaudiumetspes-blog.pl\/index.php\/2023\/01\/15\/przede-wszystkim-dobry-poczatek\/\" \/>\n<meta property=\"og:site_name\" content=\"Gaudium Et Spes\" \/>\n<meta property=\"article:published_time\" content=\"2023-01-15T06:30:54+00:00\" \/>\n<meta name=\"author\" content=\"Ks. Jacek\" \/>\n<meta name=\"twitter:card\" content=\"summary_large_image\" \/>\n<meta name=\"twitter:label1\" content=\"Napisane przez\" \/>\n\t<meta name=\"twitter:data1\" content=\"Ks. Jacek\" \/>\n\t<meta name=\"twitter:label2\" content=\"Szacowany czas czytania\" \/>\n\t<meta name=\"twitter:data2\" content=\"13 minut\" \/>\n<script type=\"application\/ld+json\" class=\"yoast-schema-graph\">{\"@context\":\"https:\/\/schema.org\",\"@graph\":[{\"@type\":\"WebPage\",\"@id\":\"https:\/\/gaudiumetspes-blog.pl\/index.php\/2023\/01\/15\/przede-wszystkim-dobry-poczatek\/\",\"url\":\"https:\/\/gaudiumetspes-blog.pl\/index.php\/2023\/01\/15\/przede-wszystkim-dobry-poczatek\/\",\"name\":\"Przede wszystkim - dobry pocz\u0105tek! - Gaudium Et Spes\",\"isPartOf\":{\"@id\":\"https:\/\/gaudiumetspes-blog.pl\/#website\"},\"datePublished\":\"2023-01-15T06:30:54+00:00\",\"author\":{\"@id\":\"https:\/\/gaudiumetspes-blog.pl\/#\/schema\/person\/1661982992b752dea8dff0d4ed845a65\"},\"breadcrumb\":{\"@id\":\"https:\/\/gaudiumetspes-blog.pl\/index.php\/2023\/01\/15\/przede-wszystkim-dobry-poczatek\/#breadcrumb\"},\"inLanguage\":\"pl-PL\",\"potentialAction\":[{\"@type\":\"ReadAction\",\"target\":[\"https:\/\/gaudiumetspes-blog.pl\/index.php\/2023\/01\/15\/przede-wszystkim-dobry-poczatek\/\"]}]},{\"@type\":\"BreadcrumbList\",\"@id\":\"https:\/\/gaudiumetspes-blog.pl\/index.php\/2023\/01\/15\/przede-wszystkim-dobry-poczatek\/#breadcrumb\",\"itemListElement\":[{\"@type\":\"ListItem\",\"position\":1,\"name\":\"Strona g\u0142\u00f3wna\",\"item\":\"https:\/\/gaudiumetspes-blog.pl\/\"},{\"@type\":\"ListItem\",\"position\":2,\"name\":\"Przede wszystkim &#8211; dobry pocz\u0105tek!\"}]},{\"@type\":\"WebSite\",\"@id\":\"https:\/\/gaudiumetspes-blog.pl\/#website\",\"url\":\"https:\/\/gaudiumetspes-blog.pl\/\",\"name\":\"Gaudium Et Spes\",\"description\":\"Blog Ks. Jacka Ja\u015bkowskiego\",\"potentialAction\":[{\"@type\":\"SearchAction\",\"target\":{\"@type\":\"EntryPoint\",\"urlTemplate\":\"https:\/\/gaudiumetspes-blog.pl\/?s={search_term_string}\"},\"query-input\":{\"@type\":\"PropertyValueSpecification\",\"valueRequired\":true,\"valueName\":\"search_term_string\"}}],\"inLanguage\":\"pl-PL\"},{\"@type\":\"Person\",\"@id\":\"https:\/\/gaudiumetspes-blog.pl\/#\/schema\/person\/1661982992b752dea8dff0d4ed845a65\",\"name\":\"Ks. Jacek\",\"image\":{\"@type\":\"ImageObject\",\"inLanguage\":\"pl-PL\",\"@id\":\"https:\/\/gaudiumetspes-blog.pl\/#\/schema\/person\/image\/\",\"url\":\"https:\/\/gaudiumetspes-blog.pl\/wp-content\/uploads\/2019\/07\/avatar-JJ-150x150.jpg\",\"contentUrl\":\"https:\/\/gaudiumetspes-blog.pl\/wp-content\/uploads\/2019\/07\/avatar-JJ-150x150.jpg\",\"caption\":\"Ks. Jacek\"},\"description\":\"Witam serdecznie! K\u0142ania si\u0119 Ks. Jacek Ja\u015bkowski. Nie jestem ani kim\u015b wa\u017cnym, ani kim\u015b znanym. Jestem ksi\u0119dzem, kt\u00f3ry po prostu chce rozmawia\u0107. Codzienna kap\u0142a\u0144ska pos\u0142uga pokazuje mi, \u017ce temat\u00f3w do rozm\u00f3w z ksi\u0119dzem jest coraz wi\u0119cej i dzisiaj \u017caden ksi\u0105dz nie mo\u017ce od nich ucieka\u0107, ale - wprost przeciwnie - podejmowa\u0107 nowe wyzwania. To przekonanie sk\u0142oni\u0142o mnie do pr\u00f3by otwarcia tego\u017c bloga, chocia\u017c okazji do rozm\u00f3w na co dzie\u0144 - w konfesjonale i poza nim - na szcz\u0119\u015bcie nie brakuje. My\u015bl\u0119 jednak, \u017ce ten blog b\u0119dzie jeszcze jednym sposobem i przestrzeni\u0105 nawi\u0105zania kontaktu z lud\u017ami dobrej woli, otwartymi na dialog.\",\"url\":\"https:\/\/gaudiumetspes-blog.pl\/index.php\/author\/ks-jacek\/\"}]}<\/script>\n<!-- \/ Yoast SEO plugin. -->","yoast_head_json":{"title":"Przede wszystkim - dobry pocz\u0105tek! - Gaudium Et Spes","robots":{"index":"index","follow":"follow","max-snippet":"max-snippet:-1","max-image-preview":"max-image-preview:large","max-video-preview":"max-video-preview:-1"},"canonical":"https:\/\/gaudiumetspes-blog.pl\/index.php\/2023\/01\/15\/przede-wszystkim-dobry-poczatek\/","og_locale":"pl_PL","og_type":"article","og_title":"Przede wszystkim - dobry pocz\u0105tek! - Gaudium Et Spes","og_description":"Niech b\u0119dzie pochwalony Jezus Chrystus! Moi Drodzy, w dniu dzisiejszym urodziny prze\u017cywa m\u00f3j Kolega kursowy, Ksi\u0105dz Piotr Wo\u017aniak. \u017bycz\u0119 Mu, aby wszystko, co dzieje si\u0119 w Jego \u017cyciu \u2013 zawsze dzia\u0142o si\u0119 w imi\u0119 Bo\u017ce. Wi\u0119cej o tym w rozwa\u017caniu. Zapewniam o modlitwie! A ja dzisiaj udaj\u0119 si\u0119 do Parafii B\u0142ogos\u0142awionych M\u0119czennik\u00f3w Podlaskich w Siedlcach, [&hellip;]","og_url":"https:\/\/gaudiumetspes-blog.pl\/index.php\/2023\/01\/15\/przede-wszystkim-dobry-poczatek\/","og_site_name":"Gaudium Et Spes","article_published_time":"2023-01-15T06:30:54+00:00","author":"Ks. Jacek","twitter_card":"summary_large_image","twitter_misc":{"Napisane przez":"Ks. Jacek","Szacowany czas czytania":"13 minut"},"schema":{"@context":"https:\/\/schema.org","@graph":[{"@type":"WebPage","@id":"https:\/\/gaudiumetspes-blog.pl\/index.php\/2023\/01\/15\/przede-wszystkim-dobry-poczatek\/","url":"https:\/\/gaudiumetspes-blog.pl\/index.php\/2023\/01\/15\/przede-wszystkim-dobry-poczatek\/","name":"Przede wszystkim - dobry pocz\u0105tek! - Gaudium Et Spes","isPartOf":{"@id":"https:\/\/gaudiumetspes-blog.pl\/#website"},"datePublished":"2023-01-15T06:30:54+00:00","author":{"@id":"https:\/\/gaudiumetspes-blog.pl\/#\/schema\/person\/1661982992b752dea8dff0d4ed845a65"},"breadcrumb":{"@id":"https:\/\/gaudiumetspes-blog.pl\/index.php\/2023\/01\/15\/przede-wszystkim-dobry-poczatek\/#breadcrumb"},"inLanguage":"pl-PL","potentialAction":[{"@type":"ReadAction","target":["https:\/\/gaudiumetspes-blog.pl\/index.php\/2023\/01\/15\/przede-wszystkim-dobry-poczatek\/"]}]},{"@type":"BreadcrumbList","@id":"https:\/\/gaudiumetspes-blog.pl\/index.php\/2023\/01\/15\/przede-wszystkim-dobry-poczatek\/#breadcrumb","itemListElement":[{"@type":"ListItem","position":1,"name":"Strona g\u0142\u00f3wna","item":"https:\/\/gaudiumetspes-blog.pl\/"},{"@type":"ListItem","position":2,"name":"Przede wszystkim &#8211; dobry pocz\u0105tek!"}]},{"@type":"WebSite","@id":"https:\/\/gaudiumetspes-blog.pl\/#website","url":"https:\/\/gaudiumetspes-blog.pl\/","name":"Gaudium Et Spes","description":"Blog Ks. Jacka Ja\u015bkowskiego","potentialAction":[{"@type":"SearchAction","target":{"@type":"EntryPoint","urlTemplate":"https:\/\/gaudiumetspes-blog.pl\/?s={search_term_string}"},"query-input":{"@type":"PropertyValueSpecification","valueRequired":true,"valueName":"search_term_string"}}],"inLanguage":"pl-PL"},{"@type":"Person","@id":"https:\/\/gaudiumetspes-blog.pl\/#\/schema\/person\/1661982992b752dea8dff0d4ed845a65","name":"Ks. Jacek","image":{"@type":"ImageObject","inLanguage":"pl-PL","@id":"https:\/\/gaudiumetspes-blog.pl\/#\/schema\/person\/image\/","url":"https:\/\/gaudiumetspes-blog.pl\/wp-content\/uploads\/2019\/07\/avatar-JJ-150x150.jpg","contentUrl":"https:\/\/gaudiumetspes-blog.pl\/wp-content\/uploads\/2019\/07\/avatar-JJ-150x150.jpg","caption":"Ks. Jacek"},"description":"Witam serdecznie! K\u0142ania si\u0119 Ks. Jacek Ja\u015bkowski. Nie jestem ani kim\u015b wa\u017cnym, ani kim\u015b znanym. Jestem ksi\u0119dzem, kt\u00f3ry po prostu chce rozmawia\u0107. Codzienna kap\u0142a\u0144ska pos\u0142uga pokazuje mi, \u017ce temat\u00f3w do rozm\u00f3w z ksi\u0119dzem jest coraz wi\u0119cej i dzisiaj \u017caden ksi\u0105dz nie mo\u017ce od nich ucieka\u0107, ale - wprost przeciwnie - podejmowa\u0107 nowe wyzwania. To przekonanie sk\u0142oni\u0142o mnie do pr\u00f3by otwarcia tego\u017c bloga, chocia\u017c okazji do rozm\u00f3w na co dzie\u0144 - w konfesjonale i poza nim - na szcz\u0119\u015bcie nie brakuje. My\u015bl\u0119 jednak, \u017ce ten blog b\u0119dzie jeszcze jednym sposobem i przestrzeni\u0105 nawi\u0105zania kontaktu z lud\u017ami dobrej woli, otwartymi na dialog.","url":"https:\/\/gaudiumetspes-blog.pl\/index.php\/author\/ks-jacek\/"}]}},"jetpack_featured_media_url":"","jetpack_sharing_enabled":true,"_links":{"self":[{"href":"https:\/\/gaudiumetspes-blog.pl\/index.php\/wp-json\/wp\/v2\/posts\/21272","targetHints":{"allow":["GET"]}}],"collection":[{"href":"https:\/\/gaudiumetspes-blog.pl\/index.php\/wp-json\/wp\/v2\/posts"}],"about":[{"href":"https:\/\/gaudiumetspes-blog.pl\/index.php\/wp-json\/wp\/v2\/types\/post"}],"author":[{"embeddable":true,"href":"https:\/\/gaudiumetspes-blog.pl\/index.php\/wp-json\/wp\/v2\/users\/1"}],"replies":[{"embeddable":true,"href":"https:\/\/gaudiumetspes-blog.pl\/index.php\/wp-json\/wp\/v2\/comments?post=21272"}],"version-history":[{"count":1,"href":"https:\/\/gaudiumetspes-blog.pl\/index.php\/wp-json\/wp\/v2\/posts\/21272\/revisions"}],"predecessor-version":[{"id":21273,"href":"https:\/\/gaudiumetspes-blog.pl\/index.php\/wp-json\/wp\/v2\/posts\/21272\/revisions\/21273"}],"wp:attachment":[{"href":"https:\/\/gaudiumetspes-blog.pl\/index.php\/wp-json\/wp\/v2\/media?parent=21272"}],"wp:term":[{"taxonomy":"category","embeddable":true,"href":"https:\/\/gaudiumetspes-blog.pl\/index.php\/wp-json\/wp\/v2\/categories?post=21272"},{"taxonomy":"post_tag","embeddable":true,"href":"https:\/\/gaudiumetspes-blog.pl\/index.php\/wp-json\/wp\/v2\/tags?post=21272"}],"curies":[{"name":"wp","href":"https:\/\/api.w.org\/{rel}","templated":true}]}}