{"id":21303,"date":"2023-01-30T08:09:36","date_gmt":"2023-01-30T07:09:36","guid":{"rendered":"https:\/\/gaudiumetspes-blog.pl\/?p=21303"},"modified":"2023-01-30T08:09:36","modified_gmt":"2023-01-30T07:09:36","slug":"swiat-nie-byl-ich-wart","status":"publish","type":"post","link":"https:\/\/gaudiumetspes-blog.pl\/index.php\/2023\/01\/30\/swiat-nie-byl-ich-wart\/","title":{"rendered":"\u015awiat nie by\u0142 ich wart!"},"content":{"rendered":"<p align=\"justify\"><span style=\"color: #000000;\"><span style=\"font-family: Book Antiqua, serif;\"><span style=\"font-size: large;\">Szcz\u0119\u015b\u0107 Bo\u017ce! Moi Drodzy, w dniu dzisiejszym <b>urodziny prze\u017cywa <\/b><b>Zuzanna Zagubie\u0144,<\/b><b> nale\u017c\u0105ca w swoim czasie do Wsp\u00f3lnot<\/b><b>y<\/b><b> m\u0142odzie\u017cow<\/b><b>ej w Celestynowie<\/b><b>. \u017bycz\u0119 Jej takiej silnej wiary, o jakiej mowa w dzisiejszym Bo\u017cym s\u0142owie. Zapewniam o modlitwie!<\/b><\/span><\/span><\/span><\/p>\n<p align=\"justify\"><span style=\"color: #000000;\"><span style=\"font-family: Book Antiqua, serif;\"><span style=\"font-size: large;\">Dzisiejsze s\u0142\u00f3wko \u2013 jak w ka\u017cdy poniedzia\u0142ek \u2013 przygotowa\u0142 Janek. Bardzo Mu za to dzi\u0119kuj\u0119!<\/span><\/span><\/span><\/p>\n<p align=\"justify\"><span style=\"color: #000000;\"><span style=\"font-family: Book Antiqua, serif;\"><span style=\"font-size: large;\">Pochylmy si\u0119 zatem nad Bo\u017cym s\u0142owem dzisiejszego dnia, aby odkry\u0107 to <b>jedno, jedyne przes\u0142anie, z jakim Pan do nas osobi\u015bcie si\u0119 zwraca. <\/b>Pro\u015bmy Ducha \u015awi\u0119tego o \u015bwiat\u0142o i pomoc!<\/span><\/span><\/span><\/p>\n<p align=\"justify\"><span style=\"color: #000000;\"><span style=\"font-family: Book Antiqua, serif;\"><span style=\"font-size: large;\"><b>Niech Was b\u0142ogos\u0142awi B\u00f3g Wszechmog\u0105cy: Ojciec + i Syn, i Duch \u015awi\u0119ty. Amen<\/b><\/span><\/span><\/span><\/p>\n<p align=\"center\"><span style=\"color: #000000;\"><span style=\"font-family: Book Antiqua, serif;\"><span style=\"font-size: large;\">Gaudium et spes! Ks. Jacek<\/span><\/span><\/span><\/p>\n<p align=\"center\">\n<p align=\"center\">\n<p align=\"center\">\n<p align=\"center\">\n<p align=\"center\">\n<p align=\"justify\"><span style=\"color: #000000;\"><span style=\"font-family: Book Antiqua, serif;\"><span style=\"font-size: large;\"><b>Poniedzia\u0142ek 4 Tygodnia zwyk\u0142ego, rok I,<\/b><\/span><\/span><\/span><\/p>\n<p align=\"justify\"><span style=\"color: #000000;\"><span style=\"font-family: Book Antiqua, serif;\"><span style=\"font-size: large;\"><b>30 stycznia 2023.,\u00a0<\/b><\/span><\/span><\/span><\/p>\n<p align=\"justify\"><span style=\"color: #000000;\"><span style=\"font-family: Book Antiqua, serif;\"><span style=\"font-size: large;\"><b>do czyta\u0144: Hbr 11,32\u201340; Mk 5,1\u201320<\/b><\/span><\/span><\/span><\/p>\n<p align=\"justify\">\n<p align=\"justify\">\n<p align=\"justify\">\n<p align=\"justify\">\n<p align=\"justify\">\n<p align=\"justify\"><span style=\"color: #000000;\"><span style=\"font-family: Book Antiqua, serif;\"><span style=\"font-size: large;\"><b>CZYTANIE Z LISTU DO HEBRAJCZYK\u00d3W:<\/b><\/span><\/span><\/span><\/p>\n<p align=\"justify\"><span style=\"color: #000000;\"><span style=\"font-family: Book Antiqua, serif;\"><span style=\"font-size: large;\"><b>Bracia: I co jeszcze mam powiedzie\u0107? Nie wystarczy\u0142oby mi bowiem czasu na opowiadanie o Gedeonie, Baraku, Samsonie, Jeftem, Dawidzie, Samuelu i o prorokach.<\/b><\/span><\/span><\/span><\/p>\n<p align=\"justify\"><span style=\"color: #000000;\"><span style=\"font-family: Book Antiqua, serif;\"><span style=\"font-size: large;\"><b>Kt\u00f3rzy przez wiar\u0119 pokonali kr\u00f3lestwa, dokonali czyn\u00f3w sprawiedliwych, otrzymali obietnic\u0119, zamkn\u0119li paszcze lwom, przygasili \u017car ognia, unikn\u0119li ostrza miecza i wyleczyli si\u0119 z niemocy, stali si\u0119 bohaterami w wojnie i do ucieczki zmusili nieprzyjacielskie szyki. <\/b><\/span><\/span><\/span><\/p>\n<p align=\"justify\"><span style=\"color: #000000;\"><span style=\"font-family: Book Antiqua, serif;\"><span style=\"font-size: large;\"><b>Dzi\u0119ki dokonanym przez nich wskrzeszeniom niewiasty otrzyma\u0142y swoich zmar\u0142ych. Jedni ponie\u015bli katusze, nie przyj\u0105wszy uwolnienia, aby otrzyma\u0107 lepsze zmartwychwstanie. <\/b><\/span><\/span><\/span><\/p>\n<p align=\"justify\"><span style=\"color: #000000;\"><span style=\"font-family: Book Antiqua, serif;\"><span style=\"font-size: large;\"><b>Inni za\u015b doznali zel\u017cywo\u015bci i biczowania, a nadto kajdan i wi\u0119zienia. Kamienowano ich, przerzynano pi\u0142\u0105, kuszono, przebijano mieczem; tu\u0142ali si\u0119 w sk\u00f3rach owczych, kozich, w n\u0119dzy, w utrapieniu, w ucisku \u2013 \u015bwiat nie by\u0142 ich wart \u2013 i b\u0142\u0105kali si\u0119 po pustyniach i g\u00f3rach, po jaskiniach i rozpadlinach ziemi. <\/b><\/span><\/span><\/span><\/p>\n<p align=\"justify\"><span style=\"color: #000000;\"><span style=\"font-family: Book Antiqua, serif;\"><span style=\"font-size: large;\"><b>A ci wszyscy, cho\u0107 ze wzgl\u0119du na sw\u0105 wiar\u0119 stali si\u0119 godni pochwa\u0142y, nie otrzymali przyrzeczonej obietnicy, gdy\u017c B\u00f3g, kt\u00f3ry nam lepszy los zgotowa\u0142, nie chcia\u0142, aby oni doszli do doskona\u0142o\u015bci bez nas.<\/b><\/span><\/span><\/span><\/p>\n<p align=\"justify\">\n<p align=\"justify\">\n<p align=\"justify\">\n<p align=\"justify\">\n<p align=\"justify\">\n<p align=\"justify\"><span style=\"color: #000000;\"><span style=\"font-family: Book Antiqua, serif;\"><span style=\"font-size: large;\"><b>S\u0141OWA EWANGELII WED\u0141UG \u015aWI\u0118TEGO MARKA:<\/b><\/span><\/span><\/span><\/p>\n<p align=\"justify\"><span style=\"color: #000000;\"><span style=\"font-family: Book Antiqua, serif;\"><span style=\"font-size: large;\"><b>Jezus i uczniowie Jego przybyli na drug\u0105 stron\u0119 jeziora do kraju Geraze\u0144czyk\u00f3w. Ledwie wysiad\u0142 z \u0142odzi, zaraz wybieg\u0142 Mu naprzeciw z grob\u00f3w cz\u0142owiek op\u0119tany przez ducha nieczystego. Mieszka\u0142 on stale w grobach i nawet \u0142a\u0144cuchem nie m\u00f3g\u0142 go ju\u017c nikt zwi\u0105za\u0107. Cz\u0119sto bowiem wi\u0105zano go w p\u0119ta i \u0142a\u0144cuchy; ale \u0142a\u0144cuchy kruszy\u0142, a p\u0119ta rozrywa\u0142, i nikt nie zdo\u0142a\u0142 go poskromi\u0107. Wci\u0105\u017c dniem i noc\u0105 krzycza\u0142, t\u0142uk\u0142 si\u0119 kamieniami w grobach i po g\u00f3rach.<\/b><\/span><\/span><\/span><\/p>\n<p align=\"justify\"><span style=\"color: #000000;\"><span style=\"font-family: Book Antiqua, serif;\"><span style=\"font-size: large;\"><b>Skoro z daleka ujrza\u0142 Jezusa, przybieg\u0142, odda\u0142 Mu pok\u0142on i zawo\u0142a\u0142 wniebog\u0142osy: \u201eCzego chcesz ode mnie, Jezusie, Synu Boga Najwy\u017cszego? Zaklinam Ci\u0119 na Boga, nie dr\u0119cz mnie!\u201d Powiedzia\u0142 mu bowiem: \u201eWyjd\u017a, duchu nieczysty, z tego cz\u0142owieka\u201d. I zapyta\u0142 go: \u201eJak ci na imi\u0119?\u201d Odpowiedzia\u0142 Mu: \u201eNa imi\u0119 mi <\/b><b>l<\/b><b>egion, bo nas jest wielu\u201d. I prosi\u0142 Go na wszystko, \u017ceby ich nie wygania\u0142 z tej okolicy. <\/b><\/span><\/span><\/span><\/p>\n<p align=\"justify\"><span style=\"color: #000000;\"><span style=\"font-family: Book Antiqua, serif;\"><span style=\"font-size: large;\"><b>A pas\u0142a si\u0119 tam na g\u00f3rze wielka trzoda \u015bwi\u0144. Prosili Go wi\u0119c: \u201ePo\u015blij nas w \u015bwinie, \u017ceby\u015bmy w nie wej\u015b\u0107 mogli\u201d. I pozwoli\u0142 im. Tak duchy nieczyste wysz\u0142y i wesz\u0142y w \u015bwinie. A trzoda oko\u0142o dwutysi\u0119czna ruszy\u0142a p\u0119dem po urwistym zboczu do jeziora. I poton\u0119\u0142y w jeziorze. <\/b><\/span><\/span><\/span><\/p>\n<p align=\"justify\"><span style=\"color: #000000;\"><span style=\"font-family: Book Antiqua, serif;\"><span style=\"font-size: large;\"><b>Pasterze za\u015b uciekli i rozpowiedzieli to w mie\u015bcie i po zagrodach, a ludzie wyszli zobaczy\u0107, co si\u0119 sta\u0142o. Gdy przyszli do Jezusa, ujrzeli op\u0119tanego, kt\u00f3ry mia\u0142 w sobie legion, jak siedzia\u0142 ubrany i przy zdrowych zmys\u0142ach. Strach ich ogarn\u0105\u0142. A ci, kt\u00f3rzy widzieli, opowiedzieli im, co si\u0119 sta\u0142o z op\u0119tanym, a tak\u017ce o \u015bwiniach. Wtedy zacz\u0119li Go prosi\u0107, \u017ceby odszed\u0142 z ich granic. <\/b><\/span><\/span><\/span><\/p>\n<p align=\"justify\"><span style=\"color: #000000;\"><span style=\"font-family: Book Antiqua, serif;\"><span style=\"font-size: large;\"><b>Gdy wsiad\u0142 do \u0142odzi, prosi\u0142 Go op\u0119tany, \u017ceby m\u00f3g\u0142 zosta\u0107 przy Nim. Ale nie zgodzi\u0142 si\u0119 na to, tylko rzek\u0142 do niego: \u201eWracaj do domu, do swoich, i opowiadaj im wszystko, co Pan ci uczyni\u0142 i jak ulitowa\u0142 si\u0119 nad tob\u0105\u201d. Poszed\u0142 wi\u0119c i zacz\u0105\u0142 rozg\u0142asza\u0107 w Dekapolu wszystko, co Jezus z nim uczyni\u0142, a wszyscy si\u0119 dziwili.<\/b> <\/span><\/span><\/span><\/p>\n<p align=\"justify\">\n<p align=\"justify\">\n<p align=\"justify\">\n<p align=\"justify\">\n<p align=\"justify\">\n<p align=\"center\"><span style=\"color: #000000;\"><span style=\"font-family: Book Antiqua, serif;\"><span style=\"font-size: large;\"><b>A OTO S\u0141\u00d3WKO JANKA:<\/b><\/span><\/span><\/span><\/p>\n<p align=\"center\">\n<p align=\"center\">\n<p align=\"center\">\n<p align=\"center\">\n<p align=\"center\">\n<p align=\"justify\"><span style=\"color: #000000;\"><span style=\"font-family: Book Antiqua, serif;\"><span style=\"font-size: medium;\"><span style=\"font-size: large;\">W dzisiejszym<\/span><span style=\"font-size: large;\"><i> s<\/i><\/span><span style=\"font-size: large;\">\u0142owie Bo\u017cym, <\/span><span style=\"font-size: large;\">A<\/span><span style=\"font-size: large;\">utor Listu do Hebrajczyk\u00f3w pisze nam o wierze. Daje nam przyk\u0142ady ludzi wierz\u0105cych, <\/span><span style=\"font-size: large;\">\u017cyj\u0105cych na przestrzeni wiek\u00f3w<\/span><span style=\"font-size: large;\">. S\u0105 nimi na przyk\u0142ad <\/span><span style=\"font-size: large;\">k<\/span><span style=\"font-size: large;\">r\u00f3l Dawid, Samuel i inni prorocy. Ci ludzie byli <\/span><span style=\"font-size: large;\">powszechnie <\/span><span style=\"font-size: large;\">znani. <\/span><span style=\"font-size: large;\">Wszyscy<\/span><span style=\"font-size: large;\"> wiedzieli, kim <\/span><span style=\"font-size: large;\">oni <\/span><span style=\"font-size: large;\">byli <\/span><span style=\"font-size: large;\">i czym si\u0119 zajmowali<\/span><span style=\"font-size: large;\">. <\/span><\/span><\/span><\/span><\/p>\n<p align=\"justify\"><span style=\"color: #000000;\"><span style=\"font-family: Book Antiqua, serif;\"><span style=\"font-size: large;\">W dzisiejszych czasach takimi osobami byliby na przyk\u0142ad Papie\u017c Franciszek, czy \u015bw. Ojciec Pio, czy nasz Papie\u017c \u015bw. Jan Pawe\u0142 II i inni. Lecz r\u00f3wnie\u017c spo\u015br\u00f3d \u015bwieckich, do takich os\u00f3b nale\u017ca\u0142oby zaliczy\u0107 b\u0142. Carlo Acutisa czy chocia\u017cby zmar\u0142\u0105 par\u0119 lat temu Helena Kmie\u0107. <\/span><\/span><\/span><\/p>\n<p align=\"justify\"><span style=\"color: #000000;\"><span style=\"font-family: Book Antiqua, serif;\"><span style=\"font-size: large;\">Oni byli przez wi\u0119ksz\u0105, b\u0105d\u017a mniejsz\u0105 grup\u0119 ludzi znani. Byli dla niejednej osoby wzorem i autorytetem. A pomy\u015blmy sobie, jaka wielka presja na nich ci\u0105\u017cy\u0142a. Bo oni \u2013 mo\u017cna powiedzie\u0107 \u2013 byli \u015bwiat\u0142em dla niejednego cz\u0142owieka. Mo\u017ce niejednego cz\u0142owieka ich postawa przybli\u017cy\u0142a do Boga! <\/span><\/span><\/span><\/p>\n<p align=\"justify\"><span style=\"color: #000000;\"><span style=\"font-family: Book Antiqua, serif;\"><span style=\"font-size: large;\">I teraz pomy\u015blmy: gdyby si\u0119 nagle okaza\u0142o, \u017ce taki cz\u0142owiek nagle pope\u0142ni\u0142 jaki\u015b znacz\u0105cy b\u0142\u0105d, sta\u0142 si\u0119 uczestnikiem jakiej\u015b afery, albo nawet jakiego\u015b wi\u0119kszego zamieszani \u2013 czy w\u00f3wczas ci wszyscy, dla kt\u00f3rych by\u0142 autorytetem, nie pomy\u015bleliby, \u017ce ta jego wiara, kt\u00f3r\u0105 tak g\u0142osi\u0142 i tak pokazywa\u0142, to jaka\u015b bujda? \u017be gdyby wierzy\u0142 naprawd\u0119, to by tego nie zrobi\u0142? Na pewno, w ten spos\u00f3b straci\u0142by uznanie u ludzi. Ale wiecie, co jest w tym wszystkim najlepsze? \u017be B\u00f3g i tak tego cz\u0142owieka kocha! Nawet najwi\u0119kszego grzesznika B\u00f3g kocha! Ale czy my w to wierzymy? Czy zdajemy sobie z tego spraw\u0119? <\/span><\/span><\/span><\/p>\n<p align=\"justify\"><span style=\"color: #000000;\"><span style=\"font-family: Book Antiqua, serif;\"><span style=\"font-size: large;\">Je\u017celi my\u015blimy, \u017ce przez nasze pope\u0142niane grzechy B\u00f3g nas przestaje kocha\u0107, to mo\u017cemy by\u0107 pewni, \u017ce TAK NIE JEST! To bardziej my zabijamy mi\u0142o\u015b\u0107 Boga do nas takimi s\u0142owami. I wtedy nasze serce robi si\u0119 zatwardzia\u0142e, zimne\u2026 <\/span><\/span><\/span><\/p>\n<p align=\"justify\"><span style=\"color: #000000;\"><span style=\"font-family: Book Antiqua, serif;\"><span style=\"font-size: large;\">Gdyby\u015bmy tylko wiedzieli, jak B\u00f3g ka\u017cdego z nas kocha! Na pewno, p\u0142akaliby\u015bmy wszyscy ze szcz\u0119\u015bcia! I B\u00f3g nie patrzy na to jak jeste\u015bmy odbierani przez ludzi: czy jeste\u015bmy popularni, czy znani tylko przez swoj\u0105 rodzin\u0119 i znajomych. Dla Boga nie ma to znaczenia. Czy jeste\u015bmy wielkimi grzesznikami i s\u0142abo wierzymy w Niego, czy jednak staramy si\u0119 nie pope\u0142nia\u0107 grzech\u00f3w i kocha\u0107 Go ca\u0142ym sercem \u2013 to te\u017c dla mi\u0142o\u015bci Boga do nas nie ma znaczenia. BO ON UMAR\u0141 ZA WSZYSTKICH I KOCHA NAS WSZYSTKICH! BEZWARUNKOWO! Tylko musimy to sobie u\u015bwiadomi\u0107! I wierzy\u0107 w to! <\/span><\/span><\/span><\/p>\n<p align=\"justify\"><span style=\"color: #000000;\"><span style=\"font-family: Book Antiqua, serif;\"><span style=\"font-size: large;\">Uwierzy\u0107 w to, \u017ce nie ma takiego bagna i takiego grzechu, z kt\u00f3rego B\u00f3g nas by nie uwolni\u0142. Pokazuje to dzisiejsza Ewangelia, opisuj\u0105c cz\u0142owieka op\u0119tanego przez z\u0142ego ducha. Temu duchowi na imi\u0119 by\u0142o Legion. I co jest pi\u0119kne, to fakt, \u017ce Jezus przyszed\u0142 do tego op\u0119tanego cz\u0142owieka \u2013 mimo, \u017ce na pewno przez ludzi cz\u0142owiek ten by\u0142 skre\u015blony. Przez Jezusa jednak nie zosta\u0142 skre\u015blony! On to zrobi\u0142 z mi\u0142o\u015bci do tego cz\u0142owieka! <\/span><\/span><\/span><\/p>\n<p align=\"justify\"><span style=\"color: #000000;\"><span style=\"font-family: Book Antiqua, serif;\"><span style=\"font-size: large;\">I zobaczmy: jak\u0105 wielk\u0105 moc ma Chrystus! Z\u0142e duchy boj\u0105 si\u0119 Go panicznie! A to mi przynajmniej pokazuje, jak wiele da\u0107 mo\u017ce \u017cycie w jedno\u015bci z Panem! Kiedy b\u0119dziemy si\u0119 w Niego wpatrywa\u0107 i b\u0119dziemy trwa\u0107 przy Nim, wtedy szatan b\u0119dzie si\u0119 ba\u0142 podej\u015b\u0107 do nas bli\u017cej. Chocia\u017c bardzo b\u0119dzie chcia\u0142 wyrwa\u0107 z r\u0105k Bo\u017cych. Lecz je\u017celi tak NA MAKSA zaufamy, pokochamy i uwierzymy w Boga, to nic \u2013 dos\u0142ownie nic! \u2013 nie od\u0142\u0105czy nas Od Niego! Bo b\u0119dziemy wiedzie\u0107, dla kogo \u017cyjemy i do kogo zd\u0105\u017camy!<\/span><\/span><\/span><\/p>\n<p align=\"justify\"><span style=\"color: #000000;\"><span style=\"font-family: Book Antiqua, serif;\"><span style=\"font-size: large;\">I tak, jak Jezus powiedzia\u0142 do owego op\u0119tanego, po wygnaniu z\u0142ego ducha: <i><b>Wracaj do domu, do swoich, i opowiedz im wszystko, co Pan ci uczyni\u0142 i jak ulitowa\u0142 si\u0119 nad tob\u0105, <\/b><\/i>tak i my g\u0142o\u015bmy wszystkim wok\u00f3\u0142, jak bardzo nas B\u00f3g kocha &#8211; i ich tak\u017ce kocha bardzo mocno, bezgranicznie!<\/span><\/span><\/span><\/p>\n","protected":false},"excerpt":{"rendered":"<p>Szcz\u0119\u015b\u0107 Bo\u017ce! Moi Drodzy, w dniu dzisiejszym urodziny prze\u017cywa Zuzanna Zagubie\u0144, nale\u017c\u0105ca w swoim czasie do Wsp\u00f3lnoty m\u0142odzie\u017cowej w Celestynowie. \u017bycz\u0119 Jej takiej silnej wiary, o jakiej mowa w dzisiejszym Bo\u017cym s\u0142owie. Zapewniam o modlitwie! Dzisiejsze s\u0142\u00f3wko \u2013 jak w ka\u017cdy poniedzia\u0142ek \u2013 przygotowa\u0142 Janek. Bardzo Mu za to dzi\u0119kuj\u0119! Pochylmy si\u0119 zatem nad Bo\u017cym [&hellip;]<\/p>\n","protected":false},"author":1,"featured_media":0,"comment_status":"open","ping_status":"open","sticky":false,"template":"","format":"standard","meta":{"jetpack_post_was_ever_published":false,"_jetpack_newsletter_access":"","_jetpack_dont_email_post_to_subs":false,"_jetpack_newsletter_tier_id":0,"_jetpack_memberships_contains_paywalled_content":false,"_jetpack_memberships_contains_paid_content":false,"footnotes":""},"categories":[1],"tags":[],"class_list":["post-21303","post","type-post","status-publish","format-standard","hentry","category-bez-kategorii"],"yoast_head":"<!-- This site is optimized with the Yoast SEO plugin v25.1 - https:\/\/yoast.com\/wordpress\/plugins\/seo\/ -->\n<title>\u015awiat nie by\u0142 ich wart! - Gaudium Et Spes<\/title>\n<meta name=\"robots\" content=\"index, follow, max-snippet:-1, max-image-preview:large, max-video-preview:-1\" \/>\n<link rel=\"canonical\" href=\"https:\/\/gaudiumetspes-blog.pl\/index.php\/2023\/01\/30\/swiat-nie-byl-ich-wart\/\" \/>\n<meta property=\"og:locale\" content=\"pl_PL\" \/>\n<meta property=\"og:type\" content=\"article\" \/>\n<meta property=\"og:title\" content=\"\u015awiat nie by\u0142 ich wart! - Gaudium Et Spes\" \/>\n<meta property=\"og:description\" content=\"Szcz\u0119\u015b\u0107 Bo\u017ce! Moi Drodzy, w dniu dzisiejszym urodziny prze\u017cywa Zuzanna Zagubie\u0144, nale\u017c\u0105ca w swoim czasie do Wsp\u00f3lnoty m\u0142odzie\u017cowej w Celestynowie. \u017bycz\u0119 Jej takiej silnej wiary, o jakiej mowa w dzisiejszym Bo\u017cym s\u0142owie. Zapewniam o modlitwie! Dzisiejsze s\u0142\u00f3wko \u2013 jak w ka\u017cdy poniedzia\u0142ek \u2013 przygotowa\u0142 Janek. Bardzo Mu za to dzi\u0119kuj\u0119! Pochylmy si\u0119 zatem nad Bo\u017cym [&hellip;]\" \/>\n<meta property=\"og:url\" content=\"https:\/\/gaudiumetspes-blog.pl\/index.php\/2023\/01\/30\/swiat-nie-byl-ich-wart\/\" \/>\n<meta property=\"og:site_name\" content=\"Gaudium Et Spes\" \/>\n<meta property=\"article:published_time\" content=\"2023-01-30T07:09:36+00:00\" \/>\n<meta name=\"author\" content=\"Ks. Jacek\" \/>\n<meta name=\"twitter:card\" content=\"summary_large_image\" \/>\n<meta name=\"twitter:label1\" content=\"Napisane przez\" \/>\n\t<meta name=\"twitter:data1\" content=\"Ks. Jacek\" \/>\n\t<meta name=\"twitter:label2\" content=\"Szacowany czas czytania\" \/>\n\t<meta name=\"twitter:data2\" content=\"7 minut\" \/>\n<script type=\"application\/ld+json\" class=\"yoast-schema-graph\">{\"@context\":\"https:\/\/schema.org\",\"@graph\":[{\"@type\":\"WebPage\",\"@id\":\"https:\/\/gaudiumetspes-blog.pl\/index.php\/2023\/01\/30\/swiat-nie-byl-ich-wart\/\",\"url\":\"https:\/\/gaudiumetspes-blog.pl\/index.php\/2023\/01\/30\/swiat-nie-byl-ich-wart\/\",\"name\":\"\u015awiat nie by\u0142 ich wart! - Gaudium Et Spes\",\"isPartOf\":{\"@id\":\"https:\/\/gaudiumetspes-blog.pl\/#website\"},\"datePublished\":\"2023-01-30T07:09:36+00:00\",\"author\":{\"@id\":\"https:\/\/gaudiumetspes-blog.pl\/#\/schema\/person\/1661982992b752dea8dff0d4ed845a65\"},\"breadcrumb\":{\"@id\":\"https:\/\/gaudiumetspes-blog.pl\/index.php\/2023\/01\/30\/swiat-nie-byl-ich-wart\/#breadcrumb\"},\"inLanguage\":\"pl-PL\",\"potentialAction\":[{\"@type\":\"ReadAction\",\"target\":[\"https:\/\/gaudiumetspes-blog.pl\/index.php\/2023\/01\/30\/swiat-nie-byl-ich-wart\/\"]}]},{\"@type\":\"BreadcrumbList\",\"@id\":\"https:\/\/gaudiumetspes-blog.pl\/index.php\/2023\/01\/30\/swiat-nie-byl-ich-wart\/#breadcrumb\",\"itemListElement\":[{\"@type\":\"ListItem\",\"position\":1,\"name\":\"Strona g\u0142\u00f3wna\",\"item\":\"https:\/\/gaudiumetspes-blog.pl\/\"},{\"@type\":\"ListItem\",\"position\":2,\"name\":\"\u015awiat nie&nbsp;by\u0142 ich wart!\"}]},{\"@type\":\"WebSite\",\"@id\":\"https:\/\/gaudiumetspes-blog.pl\/#website\",\"url\":\"https:\/\/gaudiumetspes-blog.pl\/\",\"name\":\"Gaudium Et Spes\",\"description\":\"Blog Ks. Jacka Ja\u015bkowskiego\",\"potentialAction\":[{\"@type\":\"SearchAction\",\"target\":{\"@type\":\"EntryPoint\",\"urlTemplate\":\"https:\/\/gaudiumetspes-blog.pl\/?s={search_term_string}\"},\"query-input\":{\"@type\":\"PropertyValueSpecification\",\"valueRequired\":true,\"valueName\":\"search_term_string\"}}],\"inLanguage\":\"pl-PL\"},{\"@type\":\"Person\",\"@id\":\"https:\/\/gaudiumetspes-blog.pl\/#\/schema\/person\/1661982992b752dea8dff0d4ed845a65\",\"name\":\"Ks. Jacek\",\"image\":{\"@type\":\"ImageObject\",\"inLanguage\":\"pl-PL\",\"@id\":\"https:\/\/gaudiumetspes-blog.pl\/#\/schema\/person\/image\/\",\"url\":\"https:\/\/gaudiumetspes-blog.pl\/wp-content\/uploads\/2019\/07\/avatar-JJ-150x150.jpg\",\"contentUrl\":\"https:\/\/gaudiumetspes-blog.pl\/wp-content\/uploads\/2019\/07\/avatar-JJ-150x150.jpg\",\"caption\":\"Ks. Jacek\"},\"description\":\"Witam serdecznie! K\u0142ania si\u0119 Ks. Jacek Ja\u015bkowski. Nie jestem ani kim\u015b wa\u017cnym, ani kim\u015b znanym. Jestem ksi\u0119dzem, kt\u00f3ry po prostu chce rozmawia\u0107. Codzienna kap\u0142a\u0144ska pos\u0142uga pokazuje mi, \u017ce temat\u00f3w do rozm\u00f3w z ksi\u0119dzem jest coraz wi\u0119cej i dzisiaj \u017caden ksi\u0105dz nie mo\u017ce od nich ucieka\u0107, ale - wprost przeciwnie - podejmowa\u0107 nowe wyzwania. To przekonanie sk\u0142oni\u0142o mnie do pr\u00f3by otwarcia tego\u017c bloga, chocia\u017c okazji do rozm\u00f3w na co dzie\u0144 - w konfesjonale i poza nim - na szcz\u0119\u015bcie nie brakuje. My\u015bl\u0119 jednak, \u017ce ten blog b\u0119dzie jeszcze jednym sposobem i przestrzeni\u0105 nawi\u0105zania kontaktu z lud\u017ami dobrej woli, otwartymi na dialog.\",\"url\":\"https:\/\/gaudiumetspes-blog.pl\/index.php\/author\/ks-jacek\/\"}]}<\/script>\n<!-- \/ Yoast SEO plugin. -->","yoast_head_json":{"title":"\u015awiat nie by\u0142 ich wart! - Gaudium Et Spes","robots":{"index":"index","follow":"follow","max-snippet":"max-snippet:-1","max-image-preview":"max-image-preview:large","max-video-preview":"max-video-preview:-1"},"canonical":"https:\/\/gaudiumetspes-blog.pl\/index.php\/2023\/01\/30\/swiat-nie-byl-ich-wart\/","og_locale":"pl_PL","og_type":"article","og_title":"\u015awiat nie by\u0142 ich wart! - Gaudium Et Spes","og_description":"Szcz\u0119\u015b\u0107 Bo\u017ce! Moi Drodzy, w dniu dzisiejszym urodziny prze\u017cywa Zuzanna Zagubie\u0144, nale\u017c\u0105ca w swoim czasie do Wsp\u00f3lnoty m\u0142odzie\u017cowej w Celestynowie. \u017bycz\u0119 Jej takiej silnej wiary, o jakiej mowa w dzisiejszym Bo\u017cym s\u0142owie. Zapewniam o modlitwie! Dzisiejsze s\u0142\u00f3wko \u2013 jak w ka\u017cdy poniedzia\u0142ek \u2013 przygotowa\u0142 Janek. Bardzo Mu za to dzi\u0119kuj\u0119! Pochylmy si\u0119 zatem nad Bo\u017cym [&hellip;]","og_url":"https:\/\/gaudiumetspes-blog.pl\/index.php\/2023\/01\/30\/swiat-nie-byl-ich-wart\/","og_site_name":"Gaudium Et Spes","article_published_time":"2023-01-30T07:09:36+00:00","author":"Ks. Jacek","twitter_card":"summary_large_image","twitter_misc":{"Napisane przez":"Ks. Jacek","Szacowany czas czytania":"7 minut"},"schema":{"@context":"https:\/\/schema.org","@graph":[{"@type":"WebPage","@id":"https:\/\/gaudiumetspes-blog.pl\/index.php\/2023\/01\/30\/swiat-nie-byl-ich-wart\/","url":"https:\/\/gaudiumetspes-blog.pl\/index.php\/2023\/01\/30\/swiat-nie-byl-ich-wart\/","name":"\u015awiat nie by\u0142 ich wart! - Gaudium Et Spes","isPartOf":{"@id":"https:\/\/gaudiumetspes-blog.pl\/#website"},"datePublished":"2023-01-30T07:09:36+00:00","author":{"@id":"https:\/\/gaudiumetspes-blog.pl\/#\/schema\/person\/1661982992b752dea8dff0d4ed845a65"},"breadcrumb":{"@id":"https:\/\/gaudiumetspes-blog.pl\/index.php\/2023\/01\/30\/swiat-nie-byl-ich-wart\/#breadcrumb"},"inLanguage":"pl-PL","potentialAction":[{"@type":"ReadAction","target":["https:\/\/gaudiumetspes-blog.pl\/index.php\/2023\/01\/30\/swiat-nie-byl-ich-wart\/"]}]},{"@type":"BreadcrumbList","@id":"https:\/\/gaudiumetspes-blog.pl\/index.php\/2023\/01\/30\/swiat-nie-byl-ich-wart\/#breadcrumb","itemListElement":[{"@type":"ListItem","position":1,"name":"Strona g\u0142\u00f3wna","item":"https:\/\/gaudiumetspes-blog.pl\/"},{"@type":"ListItem","position":2,"name":"\u015awiat nie&nbsp;by\u0142 ich wart!"}]},{"@type":"WebSite","@id":"https:\/\/gaudiumetspes-blog.pl\/#website","url":"https:\/\/gaudiumetspes-blog.pl\/","name":"Gaudium Et Spes","description":"Blog Ks. Jacka Ja\u015bkowskiego","potentialAction":[{"@type":"SearchAction","target":{"@type":"EntryPoint","urlTemplate":"https:\/\/gaudiumetspes-blog.pl\/?s={search_term_string}"},"query-input":{"@type":"PropertyValueSpecification","valueRequired":true,"valueName":"search_term_string"}}],"inLanguage":"pl-PL"},{"@type":"Person","@id":"https:\/\/gaudiumetspes-blog.pl\/#\/schema\/person\/1661982992b752dea8dff0d4ed845a65","name":"Ks. Jacek","image":{"@type":"ImageObject","inLanguage":"pl-PL","@id":"https:\/\/gaudiumetspes-blog.pl\/#\/schema\/person\/image\/","url":"https:\/\/gaudiumetspes-blog.pl\/wp-content\/uploads\/2019\/07\/avatar-JJ-150x150.jpg","contentUrl":"https:\/\/gaudiumetspes-blog.pl\/wp-content\/uploads\/2019\/07\/avatar-JJ-150x150.jpg","caption":"Ks. Jacek"},"description":"Witam serdecznie! K\u0142ania si\u0119 Ks. Jacek Ja\u015bkowski. Nie jestem ani kim\u015b wa\u017cnym, ani kim\u015b znanym. Jestem ksi\u0119dzem, kt\u00f3ry po prostu chce rozmawia\u0107. Codzienna kap\u0142a\u0144ska pos\u0142uga pokazuje mi, \u017ce temat\u00f3w do rozm\u00f3w z ksi\u0119dzem jest coraz wi\u0119cej i dzisiaj \u017caden ksi\u0105dz nie mo\u017ce od nich ucieka\u0107, ale - wprost przeciwnie - podejmowa\u0107 nowe wyzwania. To przekonanie sk\u0142oni\u0142o mnie do pr\u00f3by otwarcia tego\u017c bloga, chocia\u017c okazji do rozm\u00f3w na co dzie\u0144 - w konfesjonale i poza nim - na szcz\u0119\u015bcie nie brakuje. My\u015bl\u0119 jednak, \u017ce ten blog b\u0119dzie jeszcze jednym sposobem i przestrzeni\u0105 nawi\u0105zania kontaktu z lud\u017ami dobrej woli, otwartymi na dialog.","url":"https:\/\/gaudiumetspes-blog.pl\/index.php\/author\/ks-jacek\/"}]}},"jetpack_featured_media_url":"","jetpack_sharing_enabled":true,"_links":{"self":[{"href":"https:\/\/gaudiumetspes-blog.pl\/index.php\/wp-json\/wp\/v2\/posts\/21303","targetHints":{"allow":["GET"]}}],"collection":[{"href":"https:\/\/gaudiumetspes-blog.pl\/index.php\/wp-json\/wp\/v2\/posts"}],"about":[{"href":"https:\/\/gaudiumetspes-blog.pl\/index.php\/wp-json\/wp\/v2\/types\/post"}],"author":[{"embeddable":true,"href":"https:\/\/gaudiumetspes-blog.pl\/index.php\/wp-json\/wp\/v2\/users\/1"}],"replies":[{"embeddable":true,"href":"https:\/\/gaudiumetspes-blog.pl\/index.php\/wp-json\/wp\/v2\/comments?post=21303"}],"version-history":[{"count":1,"href":"https:\/\/gaudiumetspes-blog.pl\/index.php\/wp-json\/wp\/v2\/posts\/21303\/revisions"}],"predecessor-version":[{"id":21304,"href":"https:\/\/gaudiumetspes-blog.pl\/index.php\/wp-json\/wp\/v2\/posts\/21303\/revisions\/21304"}],"wp:attachment":[{"href":"https:\/\/gaudiumetspes-blog.pl\/index.php\/wp-json\/wp\/v2\/media?parent=21303"}],"wp:term":[{"taxonomy":"category","embeddable":true,"href":"https:\/\/gaudiumetspes-blog.pl\/index.php\/wp-json\/wp\/v2\/categories?post=21303"},{"taxonomy":"post_tag","embeddable":true,"href":"https:\/\/gaudiumetspes-blog.pl\/index.php\/wp-json\/wp\/v2\/tags?post=21303"}],"curies":[{"name":"wp","href":"https:\/\/api.w.org\/{rel}","templated":true}]}}