{"id":21340,"date":"2023-02-11T05:22:37","date_gmt":"2023-02-11T04:22:37","guid":{"rendered":"https:\/\/gaudiumetspes-blog.pl\/?p=21340"},"modified":"2023-02-10T11:54:18","modified_gmt":"2023-02-10T10:54:18","slug":"21340","status":"publish","type":"post","link":"https:\/\/gaudiumetspes-blog.pl\/index.php\/2023\/02\/11\/21340\/","title":{"rendered":"Pielgrzymujemy do Lourdes!"},"content":{"rendered":"<p align=\"justify\"><span style=\"color: #000000;\"><span style=\"font-family: Book Antiqua, serif;\"><span style=\"font-size: large;\">Szcz\u0119\u015b\u0107 Bo\u017ce! Moi Drodzy, w dniu dzisiejszym <b>urodziny prze\u017cywa Iwona Zagubie\u0144, z kt\u00f3r\u0105 \u2013 i z kt\u00f3rej Rodzin\u0105 \u2013 mia\u0142em przyjemno\u015b\u0107 wsp\u00f3\u0142pracowa\u0107 w czasie mojej pos\u0142ugi w Celestynowie. Dzi\u0119kuj\u0105c za wszelk\u0105 \u017cyczliwo\u015b\u0107, \u017cycz\u0119 Jubilatce, aby trwa\u0142a w nieustaj\u0105cej blisko\u015bci Jezusa! Zapewniam o modlitwie.<\/b><\/span><\/span><\/span><\/p>\n<p align=\"justify\"><span style=\"color: #000000;\"><span style=\"font-family: Book Antiqua, serif;\"><span style=\"font-size: large;\"><b>D<\/b><b>o Grona wczorajszych Solenizant\u00f3w do\u0142\u0105czam Ksi\u0119dza Jacka Guza, Kustosza Sanktuarium B\u0142ogos\u0142awionych M\u0119czennik\u00f3w Podlaskich w Pratulinie. Niech przez Ich wstawiennictwo Pan obficie b\u0142ogos\u0142awi Mu w pe\u0142nieniu tak pi\u0119knej pos\u0142ugi!<\/b><\/span><\/span><\/span><\/p>\n<p align=\"justify\"><span style=\"color: #000000;\"><span style=\"font-family: Book Antiqua, serif;\"><span style=\"font-size: large;\">Moi Drodzy, dzisiaj Ko\u015bci\u00f3\u0142 dopuszcza wspomnienie dowolne Naj\u015bwi\u0119tszej Maryi Panny z Lourdes, szczeg\u00f3lnej Patronki Chorych, w zwi\u0105zku z czym dzisiaj prze\u017cywamy tak\u017ce \u015awiatowy Dzie\u0144 Chorego. Dlatego w\u0142\u0105czam w dzisiejsze rozwa\u017canie kilka s\u0142\u00f3w o wydarzeniach w Lourdes. Czyni\u0119 to tym ch\u0119tniej, \u017ce kilka razy by\u0142em w Lourdes i nosz\u0119 g\u0142\u0119boko w sercu \u015bwi\u0119t\u0105 atmosfer\u0119 tego miejsca. <\/span><\/span><\/span><\/p>\n<p align=\"justify\"><span style=\"color: #000000;\"><span style=\"font-family: Book Antiqua, serif;\"><span style=\"font-size: large;\">W zwi\u0105zku z tym wspomnieniem, odprawi\u0119 dzisiaj, o 9:30, w mojej rodzinnej Parafii, w Bia\u0142ej Podlaskiej, Msz\u0119 \u015awi\u0119t\u0105 w intencji wszystkich Chorych \u2013 po\u0142\u0105czon\u0105 z Sakramentem Namaszczenia \u2013 i w swoich modlitwach b\u0119d\u0119 o Nich pami\u0119ta\u0142. Zach\u0119cam i Was, moi Drodzy, do tej modlitwy! <\/span><\/span><\/span><\/p>\n<p align=\"justify\"><span style=\"color: #000000;\"><span style=\"font-family: Book Antiqua, serif;\"><span style=\"font-size: large;\">Moi Drodzy, bardzo serdecznie dzi\u0119kuj\u0119 Ojcu Dariuszowi Galantowi i Uczestnikom wczorajszej audycji w Katolickim Radiu Podlasie, jak r\u00f3wnie\u017c Wszystkim s\u0142uchaj\u0105cym i \u0142\u0105cz\u0105cym si\u0119 z nami!<\/span><\/span><\/span><\/p>\n<p align=\"justify\"><span style=\"color: #000000;\"><span style=\"font-family: Book Antiqua, serif;\"><span style=\"font-size: large;\">A teraz za\u015b ju\u017c zapraszam do pochylenia si\u0119 nad Bo\u017cym s\u0142owem.<b> Co Pan konkretnie dzi\u015b do mnie m\u00f3wi?<\/b> Duchu \u015awi\u0119ty, pom\u00f3\u017c mi to odkry\u0107!<\/span><\/span><\/span><\/p>\n<p align=\"justify\"><span style=\"color: #000000;\"><span style=\"font-family: Book Antiqua, serif;\"><span style=\"font-size: large;\"><b>Niech Was b\u0142ogos\u0142awi B\u00f3g Wszechmog\u0105cy: Ojciec + i Syn, i Duch \u015awi\u0119ty. Amen<\/b><\/span><\/span><\/span><\/p>\n<p align=\"center\"><span style=\"color: #000000;\"><span style=\"font-family: Book Antiqua, serif;\"><span style=\"font-size: large;\">Gaudium et spes! Ks. Jacek<\/span><\/span><\/span><\/p>\n<p align=\"center\">\n<p align=\"center\">\n<p align=\"center\">\n<p align=\"center\">\n<p align=\"center\">\n<p align=\"justify\"><span style=\"color: #000000;\"><span style=\"font-family: Book Antiqua, serif;\"><span style=\"font-size: large;\"><b>Sobota 5 Tygodnia zwyk\u0142ego, rok I,<\/b><\/span><\/span><\/span><\/p>\n<p align=\"justify\"><span style=\"color: #000000;\"><span style=\"font-family: Book Antiqua, serif;\"><span style=\"font-size: large;\"><b>Wspomnienie Naj\u015bwi\u0119tszej Maryi Panny z Lourdes,<\/b><\/span><\/span><\/span><\/p>\n<p align=\"justify\"><span style=\"color: #000000;\"><span style=\"font-family: Book Antiqua, serif;\"><span style=\"font-size: large;\"><b>11 lutego 2023.,\u00a0<\/b><\/span><\/span><\/span><\/p>\n<p align=\"justify\"><span style=\"color: #000000;\"><span style=\"font-family: Book Antiqua, serif;\"><span style=\"font-size: large;\"><b>do czyta\u0144: Rdz 3,9\u201324; Mk 8,1\u201310<\/b><\/span><\/span><\/span><\/p>\n<p align=\"justify\">\n<p align=\"justify\">\n<p align=\"justify\">\n<p align=\"justify\">\n<p align=\"justify\">\n<p align=\"justify\"><span style=\"font-family: Book Antiqua, serif;\"><strong><span style=\"color: #000000;\"><span style=\"font-size: large;\"><b>CZYTANIE Z KSI\u0118GO RODZAJU:<\/b><\/span><\/span><\/strong><\/span><\/p>\n<p align=\"justify\"><span style=\"font-family: Book Antiqua, serif;\"><strong><span style=\"color: #000000;\"><span style=\"font-size: large;\"><b>Pan B\u00f3g zawo\u0142a\u0142 Adama i zapyta\u0142 go: \u201eGdzie jeste\u015b?\u201d<\/b><\/span><\/span><\/strong><\/span><\/p>\n<p align=\"justify\"><span style=\"color: #000000;\"><span style=\"font-family: Book Antiqua, serif;\"><span style=\"font-size: large;\"><b>On odpowiedzia\u0142: \u201eUs\u0142ysza\u0142em Tw\u00f3j g\u0142os w ogrodzie, przestraszy\u0142em si\u0119, bo jestem nagi, i ukry\u0142em si\u0119\u201d.<\/b><\/span><\/span><\/span><\/p>\n<p align=\"justify\"><span style=\"color: #000000;\"><span style=\"font-family: Book Antiqua, serif;\"><span style=\"font-size: large;\"><b>Rzek\u0142 B\u00f3g: \u201eKt\u00f3\u017c ci powiedzia\u0142, \u017ce jeste\u015b nagi? Czy mo\u017ce zjad\u0142e\u015b z drzewa, z kt\u00f3rego ci zakaza\u0142em je\u015b\u0107?\u201d<\/b><\/span><\/span><\/span><\/p>\n<p align=\"justify\"><span style=\"color: #000000;\"><span style=\"font-family: Book Antiqua, serif;\"><span style=\"font-size: large;\"><b>M\u0119\u017cczyzna odpowiedzia\u0142: \u201eNiewiasta, kt\u00f3r\u0105 postawi\u0142e\u015b przy mnie, da\u0142a mi owoc z tego drzewa i zjad\u0142em\u201d.<\/b><\/span><\/span><\/span><\/p>\n<p align=\"justify\"><span style=\"color: #000000;\"><span style=\"font-family: Book Antiqua, serif;\"><span style=\"font-size: large;\"><b>Wtedy Pan B\u00f3g rzek\u0142 do niewiasty: \u201eDlaczego to uczyni\u0142a\u015b?\u201d<\/b><\/span><\/span><\/span><\/p>\n<p align=\"justify\"><span style=\"color: #000000;\"><span style=\"font-family: Book Antiqua, serif;\"><span style=\"font-size: large;\"><b>Niewiasta odpowiedzia\u0142a: \u201eW\u0105\u017c mnie zwi\u00f3d\u0142 i zjad\u0142am\u201d.<\/b><\/span><\/span><\/span><\/p>\n<p align=\"justify\"><span style=\"color: #000000;\"><span style=\"font-family: Book Antiqua, serif;\"><span style=\"font-size: large;\"><b>Wtedy Pan B\u00f3g rzek\u0142 do w\u0119\u017ca: \u201ePoniewa\u017c to uczyni\u0142e\u015b, b\u0105d\u017a przekl\u0119ty w\u015br\u00f3d wszystkich zwierz\u0105t domowych i polnych; na brzuchu b\u0119dziesz si\u0119 czo\u0142ga\u0142 i proch b\u0119dziesz jad\u0142 po wszystkie dni twego istnienia. Wprowadzam nieprzyja\u017a\u0144 mi\u0119dzy ciebie a niewiast\u0119, pomi\u0119dzy potomstwo twoje a potomstwo jej: ono zmia\u017cd\u017cy ci g\u0142ow\u0119, a ty zmia\u017cd\u017cysz mu pi\u0119t\u0119\u201d.<\/b><\/span><\/span><\/span><\/p>\n<p align=\"justify\"><span style=\"color: #000000;\"><span style=\"font-family: Book Antiqua, serif;\"><span style=\"font-size: large;\"><b>Do niewiasty powiedzia\u0142: \u201eObarcz\u0119 ci\u0119 niezmiernie wielkim trudem twej brzemienno\u015bci, w b\u00f3lu b\u0119dziesz rodzi\u0142a dzieci, ku twemu m\u0119\u017cowi b\u0119dziesz kierowa\u0142a swe pragnienia, on za\u015b b\u0119dzie panowa\u0142 nad tob\u0105\u201d.<\/b><\/span><\/span><\/span><\/p>\n<p align=\"justify\"><span style=\"color: #000000;\"><span style=\"font-family: Book Antiqua, serif;\"><span style=\"font-size: large;\"><b>Do m\u0119\u017cczyzny za\u015b B\u00f3g rzek\u0142: \u201ePoniewa\u017c pos\u0142ucha\u0142e\u015b swej \u017cony i zjad\u0142e\u015b z drzewa, co do kt\u00f3rego da\u0142em ci rozkaz w s\u0142owach: <\/b><b>\u00ab<\/b><b>Nie b\u0119dziesz z niego je\u015b\u0107<\/b><b>\u00bb<\/b><b>, przekl\u0119ta niech b\u0119dzie ziemia z twego powodu: w trudzie b\u0119dziesz zdobywa\u0142 od niej po\u017cywienie dla siebie po wszystkie dni twego \u017cycia. Cier\u0144 i oset b\u0119dzie ci ona rodzi\u0142a, a przecie\u017c pokarmem twym s\u0105 p\u0142ody roli. W pocie wi\u0119c oblicza twego b\u0119dziesz musia\u0142 zdobywa\u0107 po\u017cywienie, p\u00f3ki nie wr\u00f3cisz do ziemi, z kt\u00f3rej zosta\u0142e\u015b wzi\u0119ty; bo prochem jeste\u015b i w proch si\u0119 obr\u00f3cisz.\u201d<\/b><\/span><\/span><\/span><\/p>\n<p align=\"justify\"><span style=\"color: #000000;\"><span style=\"font-family: Book Antiqua, serif;\"><span style=\"font-size: large;\"><b>M\u0119\u017cczyzna da\u0142 swej \u017conie imi\u0119 Ewa, bo ona sta\u0142a si\u0119 matk\u0105 wszystkich \u017cyj\u0105cych.<\/b><\/span><\/span><\/span><\/p>\n<p align=\"justify\"><span style=\"color: #000000;\"><span style=\"font-family: Book Antiqua, serif;\"><span style=\"font-size: large;\"><b>Pan B\u00f3g sporz\u0105dzi\u0142 dla m\u0119\u017cczyzny i dla jego \u017cony odzienie ze sk\u00f3r i przyodzia\u0142 ich. Po czym Pan B\u00f3g rzek\u0142: \u201eOto cz\u0142owiek sta\u0142 si\u0119 taki jak My: zna dobro i z\u0142o; niechaj teraz nie wyci\u0105gnie przypadkiem r\u0119ki, aby zerwa\u0107 owoc tak\u017ce z drzewa \u017cycia, zje\u015b\u0107 go i \u017cy\u0107 na wieki\u201d.<\/b><\/span><\/span><\/span><\/p>\n<p align=\"justify\"><span style=\"color: #000000;\"><span style=\"font-family: Book Antiqua, serif;\"><span style=\"font-size: large;\"><b>Dlatego Pan B\u00f3g wydali\u0142 go z ogrodu Eden, aby uprawia\u0142 t\u0119 ziemi\u0119, z kt\u00f3rej zosta\u0142 wzi\u0119ty. Wygnawszy za\u015b cz\u0142owieka, B\u00f3g postawi\u0142 przed ogrodem Eden cherub\u00f3w i po\u0142yskuj\u0105ce ostrze miecza, aby strzec drogi do drzewa \u017cycia.<\/b><\/span><\/span><\/span><\/p>\n<p align=\"justify\">\n<p align=\"justify\">\n<p align=\"justify\">\n<p align=\"justify\">\n<p align=\"justify\">\n<p align=\"justify\"><span style=\"font-family: Book Antiqua, serif;\"><strong><span style=\"color: #000000;\"><span style=\"font-size: large;\"><b>S\u0141OWA EWANGELII WED\u0141UG \u015aWI\u0118TEGO MARKA:<\/b><\/span><\/span><\/strong><\/span><\/p>\n<p align=\"justify\"><span style=\"font-family: Book Antiqua, serif;\"><strong><span style=\"color: #000000;\"><span style=\"font-size: large;\"><b>Gdy znowu wielki t\u0142um by\u0142 z Jezusem i nie mieli co je\u015b\u0107, przywo\u0142a\u0142 do siebie uczni\u00f3w i rzek\u0142 im: \u201e\u017bal mi tego t\u0142umu, bo ju\u017c trzy dni trwaj\u0105 przy Mnie, a nie maj\u0105 co je\u015b\u0107. A je\u015bli ich puszcz\u0119 zg\u0142odnia\u0142ych do domu, zas\u0142abn\u0105 w drodze; bo niekt\u00f3rzy z nich przyszli z daleka\u201d.<\/b><\/span><\/span><\/strong><\/span><\/p>\n<p align=\"justify\"><span style=\"color: #000000;\"><span style=\"font-family: Book Antiqua, serif;\"><span style=\"font-size: large;\"><b>Odpowiedzieli uczniowie: \u201eSk\u0105d tu na pustkowiu b\u0119dzie m\u00f3g\u0142 kto\u015b nakarmi\u0107 ich chlebem?\u201d<\/b><\/span><\/span><\/span><\/p>\n<p align=\"justify\"><span style=\"color: #000000;\"><span style=\"font-family: Book Antiqua, serif;\"><span style=\"font-size: large;\"><b>Zapyta\u0142 ich: \u201eIle macie chleb\u00f3w?\u201d<\/b><\/span><\/span><\/span><\/p>\n<p align=\"justify\"><span style=\"color: #000000;\"><span style=\"font-family: Book Antiqua, serif;\"><span style=\"font-size: large;\"><b>Odpowiedzieli: \u201eSiedem\u201d.<\/b><\/span><\/span><\/span><\/p>\n<p align=\"justify\"><span style=\"color: #000000;\"><span style=\"font-family: Book Antiqua, serif;\"><span style=\"font-size: large;\"><b>I poleci\u0142 ludowi usi\u0105\u015b\u0107 na ziemi. A wzi\u0105wszy te siedem chleb\u00f3w, odm\u00f3wi\u0142 dzi\u0119kczynienie, po\u0142ama\u0142 i dawa\u0142 uczniom, aby je rozdzielali. I rozdali t\u0142umowi. Mieli te\u017c kilka rybek. I nad tymi odm\u00f3wi\u0142 b\u0142ogos\u0142awie\u0144stwo i poleci\u0142 je rozda\u0107.<\/b><\/span><\/span><\/span><\/p>\n<p align=\"justify\"><span style=\"color: #000000;\"><span style=\"font-family: Book Antiqua, serif;\"><span style=\"font-size: large;\"><b>Jedli do syto\u015bci, a pozosta\u0142ych u\u0142omk\u00f3w zebrali siedem kosz\u00f3w. By\u0142o za\u015b oko\u0142o czterech tysi\u0119cy ludzi. Potem ich odprawi\u0142.<\/b><\/span><\/span><\/span><\/p>\n<p align=\"justify\"><span style=\"color: #000000;\"><span style=\"font-family: Book Antiqua, serif;\"><span style=\"font-size: large;\"><b>Zaraz te\u017c wsiad\u0142 z uczniami do \u0142odzi i przyby\u0142 w okolice Dalmanuty.<\/b><\/span><\/span><\/span><\/p>\n<p align=\"justify\">\n<p align=\"justify\">\n<p align=\"justify\">\n<p align=\"justify\">\n<p align=\"justify\">\n<p align=\"justify\"><span style=\"color: #000000;\"><span style=\"font-family: Book Antiqua, serif;\"><span style=\"font-size: medium;\"><span style=\"font-size: large;\">Dzisiejsze pierwsze czytanie to <\/span><strong><span style=\"font-size: large;\">opis<\/span> <span style=\"font-size: large;\">s\u0105d<\/span><span style=\"font-size: large;\">u<\/span> <span style=\"font-size: large;\">Bo\u017c<\/span><span style=\"font-size: large;\">ego<\/span> <span style=\"font-size: large;\">nad<\/span> <span style=\"font-size: large;\">cz\u0142owiekiem<\/span><\/strong><span style=\"font-size: large;\"> \u2013 <\/span><span style=\"font-size: large;\">nad pierwszym cz\u0142owiekiem, kt\u00f3ry nied\u0142ugo potem, jak zaistnia\u0142 na \u015bwiecie, tak\u017ce <\/span><strong><span style=\"font-size: large;\">dopiero co stworzonym<\/span><\/strong><span style=\"font-size: large;\"> \u2013 ju\u017c zd\u0105\u017cy\u0142 <\/span><strong><span style=\"font-size: large;\">zbuntowa\u0107 si\u0119 przeciwko Bogu<\/span><\/strong><span style=\"font-size: large;\"> i postawi\u0107 na swoim. Zapragn\u0105\u0142 <\/span><span style=\"font-size: large;\">\u00ab<\/span><span style=\"font-size: large;\">by\u0107 jak B\u00f3g<\/span><span style=\"font-size: large;\">\u00bb<\/span><span style=\"font-size: large;\">, chocia\u017c samo <\/span><strong><span style=\"font-size: large;\">bycie cz\u0142owiekiem<\/span><\/strong><span style=\"font-size: large;\"> to naprawd\u0119<\/span><strong><span style=\"font-size: large;\"> wielka godno\u015b\u0107 i zaszczyt,<\/span><\/strong><span style=\"font-size: large;\"> skoro cz\u0142owiek nosi w sobie podobie\u0144stwo do Boga. Mo\u017cna wi\u0119c powiedzie\u0107, \u017ce i tak \u2013 <\/span><span style=\"font-size: large;\">w jakim\u015b znacz\u0105cym stopniu \u2013 <\/span><strong><span style=\"font-size: large;\">by\u0142 jak B\u00f3g.<\/span><\/strong><span style=\"font-size: large;\"> Ale chcia\u0142 <\/span><strong><span style=\"font-size: large;\">jeszcze bardziej. <\/span><\/strong><span style=\"font-size: large;\">Dlatego postawi\u0142 na swoim. <\/span><\/span><\/span><\/span><\/p>\n<p align=\"justify\"><span style=\"color: #000000;\"><span style=\"font-family: Book Antiqua, serif;\"><span style=\"font-size: medium;\"><span style=\"font-size: large;\">I oto dzisiaj B\u00f3g pyta najpierw cz\u0142owieka, gdzie jest. Bo okaza\u0142o si\u0119, \u017ce ze wstydu zacz\u0105\u0142 si\u0119<\/span><strong><span style=\"font-size: large;\"> przed swoim Bogiem ukrywa\u0107\u2026<\/span><\/strong><span style=\"font-size: large;\"> A potem ju\u017c by\u0142o <\/span><strong><span style=\"font-size: large;\">zrzucanie odpowiedzialno\u015bci:<\/span><\/strong><span style=\"font-size: large;\"> przez m\u0119\u017cczyzn\u0119 \u2013 na kobiet\u0119; przez kobiet\u0119 \u2013 na w\u0119\u017ca, a w\u0105\u017c ju\u017c nie mia\u0142 na kogo si\u0119 obejrze\u0107 i kogo oskar\u017cy\u0107, wi\u0119c <\/span><span style=\"font-size: large;\"><strong>poni\u00f3s\u0142 najwi\u0119ksz\u0105 kar\u0119.<\/strong> <\/span><span style=\"font-size: large;\">Ale cz\u0142owiek \u2013 chocia\u017c faktycznie podkuszony przez w\u0119\u017ca \u2013 jednak <\/span><strong><span style=\"font-size: large;\">r\u00f3wnie\u017c poni\u00f3s\u0142 odpowiedzialno\u015b\u0107,<\/span><\/strong><span style=\"font-size: large;\"> bo przecie\u017c jest istot\u0105 woln\u0105. A wolno\u015b\u0107 \u2013 to wielki <\/span><strong><span style=\"font-size: large;\">dar<\/span><\/strong><span style=\"font-size: large;\"> i wielki <\/span><strong><span style=\"font-size: large;\">zaszczyt,<\/span><\/strong><span style=\"font-size: large;\"> ale i ogromna <\/span><strong><span style=\"font-size: large;\">odpowiedzialno\u015b\u0107.<\/span> <\/strong><\/span><\/span><\/span><\/p>\n<p align=\"justify\"><span style=\"color: #000000;\"><span style=\"font-family: Book Antiqua, serif;\"><span style=\"font-size: medium;\"><span style=\"font-size: large;\">Dlatego musia\u0142 ponie\u015b\u0107 konsekwencje swego grzechu i \u2013 rzec mo\u017cna \u2013 <\/span><strong><span style=\"font-size: large;\">ponosi do dzi\u015b.<\/span><\/strong><span style=\"font-size: large;\"> Grzech pierworodny przechodzi na ka\u017cdego cz\u0142owieka, a z nim \u2013 <\/span><strong><span style=\"font-size: large;\">s\u0142abo\u015b\u0107 ludzkiej natury,<\/span><\/strong><span style=\"font-size: large;\"> tak sk\u0142onnej do upadk\u00f3w. Na szcz\u0119\u015bcie, ju\u017c wtedy, w Raju, nawet <\/span><span style=\"font-size: large;\"><strong>w tak smutnym<\/strong> <strong>kontek\u015bcie,<\/strong><\/span><span style=\"font-size: large;\"> jak upadek pierwszego cz\u0142owieka \u2013 a mo\u017ce w\u0142a\u015bnie dlatego, \u017ce ten kontekst by\u0142 taki \u2013 B\u00f3g, kt\u00f3remu nie przesta\u0142o zale\u017ce\u0107 na cz\u0142owieku i nie przesta\u0142 go kocha\u0107, <\/span><strong><span style=\"font-size: large;\">rzuci\u0142 mu \u201eko\u0142o ratunkowe\u201d.<\/span> <\/strong><\/span><\/span><\/span><\/p>\n<p align=\"justify\"><span style=\"color: #000000;\"><span style=\"font-family: Book Antiqua, serif;\"><span style=\"font-size: medium;\"><span style=\"font-size: large;\">S\u0142yszymy to w s\u0142owach, skierowanych do w\u0119\u017ca: <\/span><strong><span style=\"font-size: large;\"><i><b>Poniewa\u017c to uczyni\u0142e\u015b, b\u0105d\u017a przekl\u0119ty w\u015br\u00f3d wszystkich zwierz\u0105t domowych i polnych; na brzuchu b\u0119dziesz si\u0119 czo\u0142ga\u0142 i proch b\u0119dziesz jad\u0142 po wszystkie dni twego istnienia. Wprowadzam nieprzyja\u017a\u0144 mi\u0119dzy ciebie a niewiast\u0119, pomi\u0119dzy potomstwo twoje a potomstwo jej: ono zmia\u017cd\u017cy ci g\u0142ow\u0119, a ty zmia\u017cd\u017cysz mu pi\u0119t\u0119. <\/b><\/i><\/span><\/strong><\/span><\/span><\/span><\/p>\n<p align=\"justify\"><span style=\"color: #000000;\"><span style=\"font-family: Book Antiqua, serif;\"><span style=\"font-size: medium;\"><span style=\"font-size: large;\">I oto w Ewangelii s\u0142yszymy, jak <\/span><strong><span style=\"font-size: large;\">Potomek innej Niewiasty spieszy na pomoc cz\u0142owiekowi.<\/span><\/strong> <span style=\"font-size: large;\">Dzisiaj dowiadujemy si\u0119<\/span><span style=\"font-size: large;\"> o jednej i bardzo konkretnej sytuacji, jak\u0105 by\u0142o rozmno\u017cenie chleba i ryb. Ale to tylko jeden z epizod\u00f3w <\/span><strong><span style=\"font-size: large;\">ca\u0142ej misji Syna Bo\u017cego,<\/span><\/strong><span style=\"font-size: large;\"> kt\u00f3r\u0105 by\u0142o uratowanie cz\u0142owieka <\/span><span style=\"font-size: large;\">od tego najwi\u0119kszego z mo\u017cliwych g\u0142od\u00f3w: <\/span><strong><span style=\"font-size: large;\">g\u0142odu Boga! <\/span><\/strong><\/span><\/span><\/span><\/p>\n<p align=\"justify\"><span style=\"color: #000000;\"><span style=\"font-family: Book Antiqua, serif;\"><span style=\"font-size: medium;\"><span style=\"font-size: large;\">Znamienne, \u017ce w tym dzisiejszym wydarzeniu <\/span><strong><span style=\"font-size: large;\">jakby role zosta\u0142y odwr\u00f3cone,<\/span><\/strong><span style=\"font-size: large;\"> bo zwykle to <\/span><strong><span style=\"font-size: large;\">B\u00f3g zabiega o sprawy duchowe<\/span><\/strong><span style=\"font-size: large;\"> i przypomina o nich cz\u0142owiekowi, sam za\u015b <\/span><strong><span style=\"font-size: large;\">cz\u0142owiek<\/span><\/strong><span style=\"font-size: large;\"> bardziej sk\u0142onny jest dba\u0107 <\/span><strong><span style=\"font-size: large;\">o sprawy doczesne<\/span><\/strong><span style=\"font-size: large;\"> i o te ziemskie \u2013 \u017ceby nie powiedzie\u0107: przyziemne \u2013 warto\u015bci. A oto dzisiaj s\u0142yszymy, \u017ce ludzie trzy dni trwali przy Jezusie, s\u0142uchaj\u0105c Jego nauki, a wi\u0119c <\/span><strong><span style=\"font-size: large;\">po\u015bwi\u0119caj\u0105c si\u0119 sprawom duchowym,<\/span><\/strong><span style=\"font-size: large;\"> gdy tymczasem <\/span><strong><span style=\"font-size: large;\">o sprawy doczesne zadba\u0142 dla nich Bo\u017cy Syn.<\/span> <\/strong><\/span><\/span><\/span><\/p>\n<p align=\"justify\"><span style=\"color: #000000;\"><span style=\"font-family: Book Antiqua, serif;\"><span style=\"font-size: medium;\"><span style=\"font-size: large;\">Oczywi\u015bcie, <strong>On <\/strong><\/span><strong><span style=\"font-size: large;\">tak\u017ce zadba\u0142 o ich sprawy duchowe<\/span><\/strong><span style=\"font-size: large;\"> \u2013 w ko\u0144cu, to Jego nauczania s\u0142uchali. Ale skoro oni tak si\u0119 temu po\u015bwi\u0119cili, \u017ce \u2013 by tak to uj\u0105\u0107 \u2013 <\/span><strong><span style=\"font-size: large;\">\u201ezapomnieli\u201d si\u0119 naje\u015b\u0107,<\/span><\/strong><span style=\"font-size: large;\"> a wcze\u015bniej: zapomnieli zabra\u0107 co\u015b do jedzenia, to <\/span><strong><span style=\"font-size: large;\">Jezus sam o to zadba\u0142.<\/span> <\/strong><\/span><\/span><\/span><\/p>\n<p align=\"justify\"><span style=\"color: #000000;\"><span style=\"font-family: Book Antiqua, serif;\"><span style=\"font-size: medium;\"><span style=\"font-size: large;\">Bo Jemu naprawd\u0119 zale\u017cy na cz\u0142owieku. I to nie tylko w tym wymiarze wiecznym, w tym wymiarze najpe\u0142niejszym <\/span><span style=\"font-size: large;\">i najszerszym<\/span><span style=\"font-size: large;\">, ale tak\u017ce <\/span><strong><span style=\"font-size: large;\">w tym konkretnym, codziennym.<\/span><\/strong><span style=\"font-size: large;\"> Dlatego pomaga cz\u0142owiekowi w bardzo <\/span><strong><span style=\"font-size: large;\">konkretnych<\/span> <span style=\"font-size: large;\">problemach,<\/span><\/strong><span style=\"font-size: large;\"> zaspokaja jego bardzo <\/span><strong><span style=\"font-size: large;\">konkretne<\/span> <span style=\"font-size: large;\">potrzeby,<\/span><\/strong><span style=\"font-size: large;\"> odpowiada na jego bardzo <\/span><strong><span style=\"font-size: large;\">konkretne pytania,<\/span><\/strong><span style=\"font-size: large;\"> rozwi\u0105zuje jego bardzo <\/span><strong><span style=\"font-size: large;\">konkretne w\u0105tpliwo\u015bci,<\/span><\/strong><span style=\"font-size: large;\"> a dzisiejsze wspomnienie u\u015bwiadamia nam, \u017ce wybiera tak\u017ce<\/span><strong><span style=\"font-size: large;\"> bardzo konkretne miejsca,<\/span><\/strong><span style=\"font-size: large;\"> jak chocia\u017cby <\/span><strong><span style=\"font-size: large;\">Lourdes,<\/span><\/strong><span style=\"font-size: large;\"> gdzie przez swoj\u0105 i nasz\u0105 Matk\u0119 dokonuje rzeczy naprawd\u0119 wielkich \u2013 dokonuje cud\u00f3w. <\/span><\/span><\/span><\/span><\/p>\n<p align=\"justify\"><span style=\"color: #000000;\"><span style=\"font-family: Book Antiqua, serif;\"><span style=\"font-size: medium;\"><span style=\"font-size: large;\">To <\/span><span style=\"font-size: large;\">jest<\/span> <strong><span style=\"font-size: large;\">Jego dzia\u0142anie \u2013 samego Boga,<\/span><\/strong><span style=\"font-size: large;\"> natomiast Matka Naj\u015bwi\u0119tsza jest <\/span><strong><span style=\"font-size: large;\">Wykonawczyni\u0105<\/span><\/strong><span style=\"font-size: large;\"> naprawd\u0119 wspania\u0142ych Bo\u017cych plan\u00f3w. O czym jednak m\u00f3wimy? Jakie to wielkie sprawy dokona\u0142y si\u0119 i wci\u0105\u017c dokonuj\u0105 si\u0119 w tej francuskiej miejscowo\u015bci? <\/span><\/span><\/span><\/span><\/p>\n<p align=\"justify\"><span style=\"color: #000000;\"><span style=\"font-size: large;\"><span style=\"font-family: Book Antiqua, serif;\">Ot\u00f3\u017c, w<\/span><span style=\"font-family: Book Antiqua, serif;\"><b> 1858 roku, <\/b><\/span><span style=\"font-family: Book Antiqua, serif;\">w cztery lata po og\u0142oszeniu przez Piusa IX <\/span><span style=\"font-family: Book Antiqua, serif;\"><b>dogmatu o Niepokalanym Pocz\u0119ciu,<\/b><\/span><span style=\"font-family: Book Antiqua, serif;\"> Matka Bo\u017ca zjawi\u0142a si\u0119 ubogiej <\/span><span style=\"font-family: Book Antiqua, serif;\">P<\/span><span style=\"font-family: Book Antiqua, serif;\">asterce, <\/span><span style=\"font-family: Book Antiqua, serif;\"><b>\u015awi\u0119tej Bernadecie Soubirous \u2013 <\/b><\/span><span style=\"font-family: Book Antiqua, serif;\">w\u0142a\u015bnie tam: w Grocie Massabielskiej, w Lourdes, we Francji. <\/span><span style=\"font-family: Book Antiqua, serif;\">I powiedzia\u0142a o sobie: <\/span><span style=\"font-family: Book Antiqua, serif;\"><b>\u201eJa jestem Niepokalane Pocz\u0119cie\u201d.<\/b><\/span> <span style=\"font-family: Book Antiqua, serif;\">W ten spos\u00f3b \u2013 je\u015bli tak mo\u017cna powiedzie\u0107 \u2013 <\/span><span style=\"font-family: Book Antiqua, serif;\"><b>Niebo potwierdzi\u0142o prawd\u0119, kt\u00f3r\u0105 Ko\u015bci\u00f3\u0142 odkry\u0142 i og\u0142osi\u0142 pod natchnieniem Ducha \u015awi\u0119tego,<\/b><\/span> <span style=\"font-family: Book Antiqua, serif;\">cztery lata wcze\u015bniej.<\/span> <span style=\"font-family: Book Antiqua, serif;\">Podczas osiemnastu zjawie\u0144, dokonuj\u0105cych si\u0119 w okresie <\/span><span style=\"font-family: Book Antiqua, serif;\"><b>od 11 lutego do 16 lipca 1858 roku,<\/b><\/span><span style=\"font-family: Book Antiqua, serif;\"> Maryja wzywa\u0142a do modlitwy i pokuty. <\/span><\/span><\/span><\/p>\n<p align=\"justify\"><span style=\"color: #000000;\"><span style=\"font-size: large;\"><span style=\"font-family: Book Antiqua, serif;\">11 lutego, Bernadetta Soubirous wraz z siostr\u0105 i przyjaci\u00f3\u0142k\u0105 uda\u0142a si\u0119 w pobli\u017ce Starej Ska\u0142y \u2013 Massabielle \u2013 w poszukiwaniu suchych ga\u0142\u0119zi, aby rozpali\u0107 ogie\u0144 w domu. Gdy zosta\u0142a sama, <\/span><span style=\"font-family: Book Antiqua, serif;\">us\u0142ysza\u0142a dziwny d\u017awi\u0119k, podobny do szumu wiatru<\/span><span style=\"font-family: Book Antiqua, serif;\"><b> i zobaczy\u0142a \u015bwiat\u0142o\u015b\u0107, z kt\u00f3rej wy\u0142oni\u0142a si\u0119 posta\u0107 \u201ePi\u0119knej Pani\u201d z r\u00f3\u017ca\u0144cem w r\u0119ku.<\/b><\/span><span style=\"font-family: Book Antiqua, serif;\"> Odt\u0105d Objawienia powtarza\u0142y si\u0119. <\/span><\/span><\/span><\/p>\n<p align=\"justify\"><span style=\"color: #000000;\"><span style=\"font-size: large;\"><span style=\"font-family: Book Antiqua, serif;\">A oto jak <\/span><span style=\"font-family: Book Antiqua, serif;\"><b>sama Bernadetta opisa\u0142a,<\/b><\/span><span style=\"font-family: Book Antiqua, serif;\"> w roku 1861 \u2013 w jednym z list\u00f3w \u2013 wydarzenia, w kt\u00f3rych uczestniczy\u0142a: <\/span><\/span><\/span><\/p>\n<p align=\"justify\"><span style=\"color: #000000;\">\u201e<span style=\"font-size: large;\"><span style=\"font-family: Book Antiqua, serif;\">Pewnego dnia, kiedy wraz z dwiema dziewczynkami uda\u0142am si\u0119 nad rzek\u0119 Gave, aby nazbiera\u0107 chrustu, us\u0142ysza\u0142am jakby szelest wiatru. Obr\u00f3ci\u0142am si\u0119 ku \u0142\u0105ce, ale zobaczy\u0142am, i\u017c ga\u0142\u0105zki drzew nie poruszaj\u0105 si\u0119 wcale. Unios\u0142am wtedy g\u0142ow\u0119 i spojrza\u0142am w kierunku groty. <\/span><span style=\"font-family: Book Antiqua, serif;\"><b>Zobaczy\u0142am Pani\u0105 odzian\u0105 w bia\u0142e szaty. Mia\u0142a na sobie bia\u0142\u0105 sukni\u0119, przepasana by\u0142a niebiesk\u0105 wst\u0119g\u0105, na ka\u017cdej z Jej st\u00f3p spoczywa\u0142a z\u0142ocista r\u00f3\u017ca.<\/b><\/span><span style=\"font-family: Book Antiqua, serif;\"> Taki sam kolor mia\u0142y ziarenka Jej r\u00f3\u017ca\u0144ca.<\/span><\/span><\/span><\/p>\n<p align=\"justify\"><span style=\"color: #000000;\"><span style=\"font-size: large;\"><span style=\"font-family: Book Antiqua, serif;\">Kiedy J\u0105 zobaczy\u0142am, przetar\u0142am oczy s\u0105dz\u0105c, i\u017c mi si\u0119 przywidzia\u0142o. Zaraz te\u017c w\u0142o\u017cy\u0142am r\u0119k\u0119 do kieszonki i znalaz\u0142am sw\u00f3j r\u00f3\u017caniec. <\/span><span style=\"font-family: Book Antiqua, serif;\">Chcia\u0142am prze\u017cegna\u0107 si\u0119, ale nie mog\u0142am unie\u015b\u0107 opadaj\u0105cej r\u0119ki. Dopiero<\/span><span style=\"font-family: Book Antiqua, serif;\"><b> kiedy Pani uczyni\u0142a znak krzy\u017ca, wtedy i ja dr\u017c\u0105c\u0105 r\u0119k\u0105 spr\u00f3bowa\u0142am, i uda\u0142o si\u0119.<\/b><\/span><span style=\"font-family: Book Antiqua, serif;\"> R\u00f3wnocze\u015bnie zacz\u0119\u0142am odmawia\u0107 R\u00f3\u017caniec. Tak\u017ce Pani przesuwa\u0142a ziarenka r\u00f3\u017ca\u0144ca, ale nie porusza\u0142a wargami. Kiedy sko\u0144czy\u0142am odmawianie, widzenie usta\u0142o natychmiast.<\/span><\/span><\/span><\/p>\n<p align=\"justify\"><span style=\"color: #000000;\"><span style=\"font-family: Book Antiqua, serif;\"><span style=\"font-size: large;\">Z<\/span><\/span><\/span><span style=\"color: #000000;\"><span style=\"font-family: Book Antiqua, serif;\"><span style=\"font-size: large;\">apyta\u0142am wi\u0119c obydwie dziewczynki, czy czego\u015b nie widzia\u0142y. Odpowiedzia\u0142y, \u017ce nie. Spyta\u0142y natomiast, co takiego mam im do opowiedzenia. Wtedy oznajmi\u0142am im, \u017ce <\/span><\/span><\/span><span style=\"color: #000000;\"><span style=\"font-family: Book Antiqua, serif;\"><span style=\"font-size: large;\"><b>widzia\u0142am Pani\u0105 w bieli i \u017ce nie wiem, kim Ona mog\u0142aby by\u0107.<\/b><\/span><\/span><\/span><span style=\"color: #000000;\"><span style=\"font-family: Book Antiqua, serif;\"><span style=\"font-size: large;\"> Upomnia\u0142am je jednak, aby nie m\u00f3wi\u0142y o tym nikomu. One znowu namawia\u0142y mnie, \u017cebym nie wraca\u0142a na to miejsce, ale ja si\u0119 na to nie zgodzi\u0142am. <\/span><\/span><\/span><span style=\"color: #000000;\"><span style=\"font-family: Book Antiqua, serif;\"><span style=\"font-size: large;\">Wr\u00f3ci\u0142am wi\u0119c na to samo miejsce w niedziel\u0119,<\/span><\/span><\/span><span style=\"color: #000000;\"><span style=\"font-family: Book Antiqua, serif;\"><span style=\"font-size: large;\"><b> czuj\u0105c wewn\u0119trznie, \u017ce co\u015b mnie tam wo\u0142a.<\/b><\/span><\/span><\/span><\/p>\n<p align=\"justify\"><span style=\"color: #000000;\"><span style=\"font-size: large;\"><span style=\"font-family: Book Antiqua, serif;\">Pani przem\u00f3wi\u0142a do mnie dopiero za trzecim razem. Zapyta\u0142a, czy nie zechcia\u0142abym przychodzi\u0107 tu do Niej przez dni pi\u0119tna\u015bcie. Odpowiedzia\u0142am, \u017ce chc\u0119. Pani powiedzia\u0142a jeszcze, \u017ce <\/span><span style=\"font-family: Book Antiqua, serif;\"><b>mam powiedzie\u0107 kap\u0142anom, aby postarali si\u0119 o wybudowanie na tym miejscu kaplicy.<\/b><\/span><span style=\"font-family: Book Antiqua, serif;\"> Nast\u0119pnie poleci\u0142a mi napi\u0107 si\u0119 wody ze \u017ar\u00f3d\u0142a. Poniewa\u017c nie widzia\u0142am tam \u017cadnego \u017ar\u00f3d\u0142a, zwr\u00f3ci\u0142am si\u0119 w stron\u0119 rzeki Gave. Ale Pani da\u0142a mi znak, \u017ce nie tam, i palcem pokaza\u0142a na \u017ar\u00f3d\u0142o. <\/span><\/span><\/span><\/p>\n<p align=\"justify\"><span style=\"color: #000000;\"><span style=\"font-size: large;\"><span style=\"font-family: Book Antiqua, serif;\">Kiedy podesz\u0142am bli\u017cej, znalaz\u0142am zaledwie <\/span><span style=\"font-family: Book Antiqua, serif;\"><b>odrobin\u0119 b\u0142otnistej wody.<\/b><\/span><span style=\"font-family: Book Antiqua, serif;\"> Nadstawi\u0142am d\u0142o\u0144, ale nic nie mog\u0142am pochwyci\u0107. Zacz\u0119\u0142am wi\u0119c dr\u0105\u017cy\u0107 ziemi\u0119 w tym miejscu <\/span><span style=\"font-family: Book Antiqua, serif;\"><b>i dopiero w\u00f3wczas mog\u0142am zaczerpn\u0105\u0107 nieco wody. Odrzuci\u0142am trzy razy, za czwartym razem wypi\u0142am.<\/b><\/span><span style=\"font-family: Book Antiqua, serif;\"> Widzenie znik\u0142o, a ja powr\u00f3ci\u0142am do domu.<\/span><\/span><\/span><\/p>\n<p align=\"justify\"><span style=\"color: #000000;\"><span style=\"font-family: Book Antiqua, serif;\"><span style=\"font-size: large;\">Przez pi\u0119tna\u015bcie dni powraca\u0142am na to miejsce, <\/span><\/span><\/span><strong><span style=\"color: #000000;\"><span style=\"font-family: Book Antiqua, serif;\"><span style=\"font-size: large;\">a Pani ukazywa\u0142a mi si\u0119 za ka\u017cdym razem, z wyj\u0105tkiem jednego wtorku i pi\u0105tku.<\/span><\/span><\/span><\/strong><span style=\"color: #000000;\"><span style=\"font-family: Book Antiqua, serif;\"><span style=\"font-size: large;\"> Poleca\u0142a na nowo, abym zach\u0119ci\u0142a kap\u0142an\u00f3w do wybudowania kaplicy, zach\u0119ci\u0142a tak\u017ce, abym si\u0119 obmy\u0142a w \u017ar\u00f3dle <\/span><\/span><\/span><strong><span style=\"color: #000000;\"><span style=\"font-family: Book Antiqua, serif;\"><span style=\"font-size: large;\">i abym si\u0119 modli\u0142a o nawr\u00f3cenie grzesznik\u00f3w.<\/span><\/span><\/span><\/strong><span style=\"color: #000000;\"><span style=\"font-family: Book Antiqua, serif;\"><span style=\"font-size: large;\"> Wielokrotnie zapytywa\u0142am, kim jest, ale Ona u\u015bmiecha\u0142a si\u0119 tylko \u0142agodnie. W ko\u0144cu, trzymaj\u0105c r\u0119ce uniesione i kieruj\u0105c wzrok ku niebu <\/span><\/span><\/span><strong><span style=\"color: #000000;\"><span style=\"font-family: Book Antiqua, serif;\"><span style=\"font-size: large;\">powiedzia\u0142a, \u017ce jest Niepokalanym Pocz\u0119ciem.<\/span><\/span><\/span><span style=\"color: #000000;\"><span style=\"font-family: Book Antiqua, serif;\"><span style=\"font-size: large;\">\u201d <\/span><\/span><\/span><\/strong><span style=\"color: #000000;\"><span style=\"font-family: Book Antiqua, serif;\"><span style=\"font-size: large;\">Tyle ze wspomnie\u0144 samej Bernadetty.<\/span><\/span><\/span><\/p>\n<p align=\"justify\"><span style=\"color: #000000;\"><span style=\"font-family: Book Antiqua, serif;\"><span style=\"font-size: large;\">Oczywi\u015bcie, w<\/span><\/span><\/span><span style=\"color: #000000;\"><span style=\"font-family: Book Antiqua, serif;\"><span style=\"font-size: large;\">iadomo\u015b<\/span><\/span><\/span><span style=\"color: #000000;\"><span style=\"font-family: Book Antiqua, serif;\"><span style=\"font-size: large;\">ci o tych wydarzeniach<\/span><\/span><\/span><span style=\"color: #000000;\"><span style=\"font-family: Book Antiqua, serif;\"><span style=\"font-size: large;\"> rozesz<\/span><\/span><\/span><span style=\"color: #000000;\"><span style=\"font-family: Book Antiqua, serif;\"><span style=\"font-size: large;\">\u0142y<\/span><\/span><\/span><span style=\"color: #000000;\"><span style=\"font-family: Book Antiqua, serif;\"><span style=\"font-size: large;\"> si\u0119 lotem b\u0142yskawicy po ca\u0142ym miasteczku. 21 lutego, w niedziel\u0119, zjawi\u0142o si\u0119 przy grocie ska\u0142 massabielskich kilka tysi\u0119cy ludzi. <\/span><\/span><\/span><span style=\"color: #000000;\"><span style=\"font-family: Book Antiqua, serif;\"><span style=\"font-size: large;\"><b>Pe\u0142na smutku Matka Bo\u017ca zach\u0119ca\u0142a Bernadett\u0119, aby modli\u0142a si\u0119 za grzesznik\u00f3w.<\/b><\/span><\/span><\/span><span style=\"color: #000000;\"><span style=\"font-family: Book Antiqua, serif;\"><span style=\"font-size: large;\"> Tego\u017c dnia, gdy Bernadetta wychodzi\u0142a po po\u0142udniu z ko\u015bcio\u0142a z Nieszpor\u00f3w, zosta\u0142a <\/span><\/span><\/span><span style=\"color: #000000;\"><span style=\"font-family: Book Antiqua, serif;\"><span style=\"font-size: large;\"><b>zatrzymana przez komendanta miejscowej policji i poddana \u015bledztwu.<\/b><\/span><\/span><\/span><span style=\"color: #000000;\"><span style=\"font-family: Book Antiqua, serif;\"><span style=\"font-size: large;\"> Kiedy nast\u0119pnego dnia uda\u0142a si\u0119 do szko\u0142y, ucz\u0105ce j\u0105 siostry zacz\u0119\u0142y j\u0105 karci\u0107, \u017ce <\/span><\/span><\/span><span style=\"color: #000000;\"><span style=\"font-family: Book Antiqua, serif;\"><span style=\"font-size: large;\"><b>wprowadzi\u0142a tyle zamieszania swoimi przywidzeniami.<\/b><\/span><\/span><\/span><\/p>\n<p align=\"justify\"><span style=\"color: #000000;\"><span style=\"font-size: large;\"><span style=\"font-family: Book Antiqua, serif;\">Tymczasem okaza\u0142o si\u0119, \u017ce woda ze \u017ar\u00f3d\u0142a, o kt\u00f3rym pisa\u0142a Bernadeta, zacz\u0119\u0142a przynosi\u0107 uzdrowienia. <\/span><span style=\"font-family: Book Antiqua, serif;\">By\u0142 <\/span><span style=\"font-family: Book Antiqua, serif;\">to prawdziwy<\/span><span style=\"font-family: Book Antiqua, serif;\"> prze\u0142om w sprawie \u2013 podobnie, jak i dzie\u0144<\/span> <span style=\"font-family: Book Antiqua, serif;\"><b>25 marca, <\/b><\/span><span style=\"font-family: Book Antiqua, serif;\"><b>czyli<\/b><\/span><span style=\"font-family: Book Antiqua, serif;\"><b> uroczysto\u015b\u0107 Zwiastowania <\/b><\/span><span style=\"font-family: Book Antiqua, serif;\"><b>Pa\u0144skiego<\/b><\/span><span style=\"font-family: Book Antiqua, serif;\"><b>,<\/b><\/span> <span style=\"font-family: Book Antiqua, serif;\">kiedy to Pi\u0119kna<\/span><b> <\/b><span style=\"font-family: Book Antiqua, serif;\">Pani powiedzia\u0142a o sobie:<\/span> <span style=\"font-family: Book Antiqua, serif;\"><b>\u201eJam jest Niepokalane Pocz\u0119cie\u201d.<\/b><\/span> <\/span><\/span><\/p>\n<p align=\"justify\"><span style=\"color: #000000;\"><span style=\"font-size: large;\"><span style=\"font-family: Book Antiqua, serif;\">By\u0142y to moment <\/span><span style=\"font-family: Book Antiqua, serif;\">o tyle<\/span><span style=\"font-family: Book Antiqua, serif;\"> wa\u017cny w historii Objawie\u0144, \u017c<\/span><span style=\"font-family: Book Antiqua, serif;\">e \u2013 jak wspomnieli\u015bmy \u2013<\/span><span style=\"font-family: Book Antiqua, serif;\"> mija\u0142y zaledwie <\/span><span style=\"font-family: Book Antiqua, serif;\"><b>cztery lata od og\u0142oszenia<\/b><\/span><span style=\"font-family: Book Antiqua, serif;\"> przez Papie\u017ca Piusa IX dogmatu o Niepokalanym Pocz\u0119ciu Maryi, a przecie\u017c w\u00f3wczas \u015brodki komunikacji spo\u0142ecznej nie by\u0142y tak rozwini\u0119te, jak dzisiaj, dlatego <\/span><span style=\"font-family: Book Antiqua, serif;\"><b>informacje nie rozchodzi\u0142y si\u0119 po \u015bwiecie zbyt szybko<\/b><\/span><span style=\"font-family: Book Antiqua, serif;\"> i nie dociera\u0142y tak sprawnie, jak obecnie, do \u015bwiadomo\u015bci ludzi <\/span><span style=\"font-family: Book Antiqua, serif;\">\u2013 szczeg\u00f3lnie <\/span><span style=\"font-family: Book Antiqua, serif;\"><b>tak prostych, jak Bernadetta.<\/b><\/span><span style=\"font-family: Book Antiqua, serif;\"> Dlatego ten dzie\u0144 mo\u017cna okre\u015bli\u0107 jako <\/span><span style=\"font-family: Book Antiqua, serif;\"><b>swoisty prze\u0142om<\/b><\/span><span style=\"font-family: Book Antiqua, serif;\"> w uwiarygodnianiu informacji o objawianiu si\u0119 Matki Bo\u017cej. <\/span><\/span><\/span><\/p>\n<p align=\"justify\"><span style=\"color: #000000;\"><span style=\"font-size: large;\"><span style=\"font-family: Book Antiqua, serif;\">16 lipca, w uroczysto\u015b\u0107 Szkaplerza \u015awi\u0119tego, Matka Bo\u017ca pojawi\u0142a si\u0119 <\/span><span style=\"font-family: Book Antiqua, serif;\"><b>po raz ostatni. <\/b><\/span><span style=\"font-family: Book Antiqua, serif;\">18 stycznia 1862 roku, komisja powo\u0142ana przez miejscowego biskupa \u2013 po wielu badaniach \u2013 og\u0142osi\u0142a dekret, \u017ce <\/span><span style=\"font-family: Book Antiqua, serif;\"><b>\u201emo\u017cna da\u0107 wiar\u0119\u201d zjawiskom, jakie si\u0119 przydarzy\u0142y w Lourdes.<\/b><\/span><span style=\"font-family: Book Antiqua, serif;\"> W roku 1875 arcybiskup Pary\u017ca po\u015bwi\u0119ci\u0142 uroczy\u015bcie \u015bwi\u0105tyni\u0119, wybudowan\u0105 na miejscu objawie\u0144. W uroczysto\u015bci tej wzi\u0119\u0142o udzia\u0142 trzydziestu pi\u0119ciu arcybiskup\u00f3w i biskup\u00f3w, trzy tysi\u0105ce kap\u0142an\u00f3w i sto tysi\u0119cy wiernych. <\/span><\/span><\/span><\/p>\n<p align=\"justify\"><span style=\"color: #000000;\"><span style=\"font-size: large;\"><span style=\"font-family: Book Antiqua, serif;\">W roku 1891, Leon XIII ustanowi\u0142 <\/span><span style=\"font-family: Book Antiqua, serif;\"><b>\u015awi\u0119to Objawienia si\u0119 Matki Bo\u017cej w Lourdes,<\/b><\/span><span style=\"font-family: Book Antiqua, serif;\"> kt\u00f3re <\/span><span style=\"font-family: Book Antiqua, serif;\"><b>\u015awi\u0119ty Pius X w 1907 roku rozci\u0105gn\u0105\u0142 na ca\u0142y Ko\u015bci\u00f3\u0142.<\/b><\/span><span style=\"font-family: Book Antiqua, serif;\"> W roku 1933 Bernadetta Soubirous zosta\u0142a kanonizowana. <\/span><\/span><\/span><\/p>\n<p align=\"justify\"><span style=\"color: #000000;\"><span style=\"font-size: large;\"><span style=\"font-family: Book Antiqua, serif;\">Lourdes natomiast sta\u0142o si\u0119 s\u0142ynnym miejscem pielgrzymkowym \u2013 prawdziwym <\/span><span style=\"font-family: Book Antiqua, serif;\"><b>Sanktuarium Chorych i Cierpi\u0105cych<\/b><\/span><span style=\"font-family: Book Antiqua, serif;\"> \u2013 do kt\u00f3rego przybywaj\u0105 tysi\u0105ce ludzi, by czci\u0107 Matk\u0119 Bo\u017c\u0105 i prosi\u0107 o <\/span><span style=\"font-family: Book Antiqua, serif;\"><b>uzdrowienie ze swych dolegliwo\u015bci<\/b><\/span><span style=\"font-family: Book Antiqua, serif;\"> oraz o <\/span><span style=\"font-family: Book Antiqua, serif;\">umocnienie w d\u017awiganiu krzy\u017ca cierpienia.<\/span><\/span><\/span><\/p>\n<p align=\"justify\"><span style=\"color: #000000;\"><span style=\"font-family: Book Antiqua, serif;\"><span style=\"font-size: medium;\"><span style=\"font-size: large;\">My te\u017c tam dzisiaj <\/span><strong><span style=\"font-size: large;\">pielgrzymujemy naszymi sercami,<\/span><\/strong><span style=\"font-size: large;\"> aby <\/span><span style=\"font-size: large;\">z\u0142o\u017cy\u0107 w r\u0119ce Bo\u017ce \u2013 przez r\u0119ce Maryi \u2013 wszystkie b\u00f3le i cierpienia, zar\u00f3wno<\/span><strong><span style=\"font-size: large;\"> fizyczne,<\/span><\/strong><span style=\"font-size: large;\"> jak i <\/span><strong><span style=\"font-size: large;\">psychiczne,<\/span><\/strong><span style=\"font-size: large;\"> jak i <\/span><strong><span style=\"font-size: large;\">te duchowe. <\/span><\/strong><span style=\"font-size: large;\">Aby poprosi\u0107 o si\u0142y do <\/span><span style=\"font-size: large;\"><strong>d\u017awigania trudno\u015bci, <\/strong><\/span><strong><span style=\"font-size: large;\">zwi\u0105zanych z<\/span><span style=\"font-size: large;\"> podesz\u0142<\/span><span style=\"font-size: large;\">ym<\/span><span style=\"font-size: large;\"> wiek<\/span><span style=\"font-size: large;\">iem<\/span><span style=\"font-size: large;\">, <\/span><\/strong><span style=\"font-size: large;\">ale te\u017c tego b\u00f3lu, kt\u00f3ry niesie ze sob\u0105 <\/span><strong><span style=\"font-size: large;\">samotno\u015b\u0107, odrzucenie, niezrozumienie u ludzi, niewdzi\u0119czno\u015b\u0107 z ich strony.<\/span> <\/strong><\/span><\/span><\/span><\/p>\n<p align=\"justify\"><span style=\"color: #000000;\"><span style=\"font-family: Book Antiqua, serif;\"><span style=\"font-size: medium;\"><span style=\"font-size: large;\">I wreszcie \u2013 prosimy <\/span><strong><span style=\"font-size: large;\">o ducha m\u0105dro\u015bci i \u015bwiat\u0142o,<\/span><\/strong><span style=\"font-size: large;\"> aby wszyscy obarczeni ci\u0119\u017carem krzy\u017ca rozmaitego cierpienia w pe\u0142ni u\u015bwiadomili sobie,<\/span><strong><span style=\"font-size: large;\"> jak wielki skarb maj\u0105 w swoim r\u0119ku.<\/span><\/strong><span style=\"font-size: large;\"> Bo maj\u0105 co\u015b, co <\/span><strong><span style=\"font-size: large;\">mog\u0105 Bogu ofiarowa\u0107 ka\u017cdego dnia \u2013 w jakiej\u015b okre\u015blonej intencji.<\/span><\/strong><span style=\"font-size: large;\"> Cierpienie, a chocia\u017cby nawet cierpliwie znoszone trudy codzienno\u015bci <strong>\u2013 <\/strong><\/span><strong><span style=\"font-size: large;\">ofiarowane w spos\u00f3b ch\u0119tny i \u015bwiadomy Bogu i po\u0142\u0105czone z modlitw\u0105 <\/span><\/strong><span style=\"font-size: large;\"><strong>\u2013<\/strong> s\u0105 w stanie naprawd\u0119 Niebo poruszy\u0107 i prawdziwych cud\u00f3w dokona\u0107. <\/span><\/span><\/span><\/span><\/p>\n<p align=\"justify\"><span style=\"color: #000000;\"><span style=\"font-family: Book Antiqua, serif;\"><span style=\"font-size: medium;\"><span style=\"font-size: large;\">Dlatego tak wa\u017cnym jest, aby ci, kt\u00f3rych Pan obarczy\u0142 cierpieniem \u2013 a mo\u017ce lepiej powiedzie\u0107: <\/span><strong><span style=\"font-size: large;\">zaszczyci\u0142 udzia\u0142em w swoim Krzy\u017cu<\/span><\/strong><span style=\"font-size: large;\"> \u2013 u\u015bwiadomili sobie, <\/span><strong><span style=\"font-size: large;\">jak wielkimi s\u0105 duchowymi bogaczami!<\/span><\/strong><span style=\"font-size: large;\"> Jak wiele mog\u0105 dobrego uczyni\u0107: swojej rodzinie, swoim najbli\u017cszym, naszej Ojczy\u017anie, ca\u0142emu Ko\u015bcio\u0142owi i \u015bwiatu! <\/span><\/span><\/span><\/span><\/p>\n<p align=\"justify\"><span style=\"color: #000000;\"><span style=\"font-family: Book Antiqua, serif;\"><span style=\"font-size: medium;\"><span style=\"font-size: large;\">Ja wiem, \u017ce to si\u0119 <\/span><strong><span style=\"font-size: large;\">dobrze m\u00f3wi cz\u0142owiekowi sprawnemu i zdrowemu,<\/span><\/strong><span style=\"font-size: large;\"> kt\u00f3ry nie musi ka\u017cdego dnia zastanawia\u0107 si\u0119 nad ka\u017cdym krokiem \u2013 czy mu wystarczy si\u0142, by go zrobi\u0107 \u2013 i kt\u00f3ry swobodnie mo\u017ce robi\u0107 wszystko, na co ma ochot\u0119. Ale taka jest w\u0142a\u015bnie prawda:<\/span><strong><span style=\"font-size: large;\"> Wy wszyscy, <\/span><\/strong><span style=\"font-size: large;\">Drodzy Starsi, Chorzy, Cierpi\u0105cy i w jakikolwiek spos\u00f3b \u017cyciowo do\u015bwiadczeni \u2013<\/span><strong><span style=\"font-size: large;\"> jeste\u015bcie wielkimi duchowymi bogaczami!<\/span><\/strong><span style=\"font-size: large;\"> Macie w r\u0119ku skarby, kt\u00f3rymi mo\u017cecie pom\u00f3c nam wszystkim!<\/span><\/span><\/span><\/span><\/p>\n<p align=\"justify\"><span style=\"color: #000000;\"><span style=\"font-family: Book Antiqua, serif;\"><span style=\"font-size: medium;\"><span style=\"font-size: large;\">T<\/span><span style=\"font-size: large;\">o <\/span><span style=\"font-size: large;\">naprawd\u0119 <\/span><span style=\"font-size: large;\">nie s\u0105 zbyt wielkie s\u0142owa, <\/span><strong><span style=\"font-size: large;\">to nie przesada!<\/span><\/strong><span style=\"font-size: large;\"> Papie\u017ce ostatnich czas\u00f3w bardzo cz\u0119sto prosili chorych, aby <strong>wspierali ich pos\u0142ug\u0119 dla dobra Ko\u015bcio\u0142a.<\/strong> Jan Pawe\u0142 II prosi\u0142 o to przed ka\u017cd\u0105 swoj\u0105 pielgrzymk\u0105 dok\u0105dkolwiek. <\/span><\/span><\/span><\/span><\/p>\n<p align=\"justify\"><span style=\"color: #000000;\"><span style=\"font-family: Book Antiqua, serif;\"><span style=\"font-size: medium;\"><span style=\"font-size: large;\">My dzisiaj wszyscy, tu zgromadzeni i <\/span><span style=\"font-size: large;\">Wszyscy,<\/span><span style=\"font-size: large;\"> \u0142\u0105cz\u0105cy si\u0119 z nami w modlitwie \u2013 <\/span><strong><span style=\"font-size: large;\">pielgrzymujemy duchowo do Lourdes,<\/span><\/strong> <span style=\"font-size: large;\">aby prosi\u0107 o cud: <\/span><strong><span style=\"font-size: large;\">o cud uzdrowienia <\/span><\/strong><span style=\"font-size: large;\">duchowego i fizycznego oraz <\/span><strong><span style=\"font-size: large;\">o cud u\u015bwi\u0119cenia<\/span><\/strong><span style=\"font-size: large;\"> ka\u017cdego ludzkiego cierpienia. <\/span><span style=\"font-size: large;\">Ka\u017cdego <strong>naszego cierpienia\u2026<\/strong><\/span><\/span><\/span><\/span><\/p>\n","protected":false},"excerpt":{"rendered":"<p>Szcz\u0119\u015b\u0107 Bo\u017ce! Moi Drodzy, w dniu dzisiejszym urodziny prze\u017cywa Iwona Zagubie\u0144, z kt\u00f3r\u0105 \u2013 i z kt\u00f3rej Rodzin\u0105 \u2013 mia\u0142em przyjemno\u015b\u0107 wsp\u00f3\u0142pracowa\u0107 w czasie mojej pos\u0142ugi w Celestynowie. Dzi\u0119kuj\u0105c za wszelk\u0105 \u017cyczliwo\u015b\u0107, \u017cycz\u0119 Jubilatce, aby trwa\u0142a w nieustaj\u0105cej blisko\u015bci Jezusa! Zapewniam o modlitwie. Do Grona wczorajszych Solenizant\u00f3w do\u0142\u0105czam Ksi\u0119dza Jacka Guza, Kustosza Sanktuarium B\u0142ogos\u0142awionych M\u0119czennik\u00f3w [&hellip;]<\/p>\n","protected":false},"author":1,"featured_media":0,"comment_status":"open","ping_status":"open","sticky":false,"template":"","format":"standard","meta":{"jetpack_post_was_ever_published":false,"_jetpack_newsletter_access":"","_jetpack_dont_email_post_to_subs":false,"_jetpack_newsletter_tier_id":0,"_jetpack_memberships_contains_paywalled_content":false,"_jetpack_memberships_contains_paid_content":false,"footnotes":""},"categories":[1],"tags":[],"class_list":["post-21340","post","type-post","status-publish","format-standard","hentry","category-bez-kategorii"],"yoast_head":"<!-- This site is optimized with the Yoast SEO plugin v25.1 - https:\/\/yoast.com\/wordpress\/plugins\/seo\/ -->\n<title>Pielgrzymujemy do Lourdes! - Gaudium Et Spes<\/title>\n<meta name=\"robots\" content=\"index, follow, max-snippet:-1, max-image-preview:large, max-video-preview:-1\" \/>\n<link rel=\"canonical\" href=\"https:\/\/gaudiumetspes-blog.pl\/index.php\/2023\/02\/11\/21340\/\" \/>\n<meta property=\"og:locale\" content=\"pl_PL\" \/>\n<meta property=\"og:type\" content=\"article\" \/>\n<meta property=\"og:title\" content=\"Pielgrzymujemy do Lourdes! - Gaudium Et Spes\" \/>\n<meta property=\"og:description\" content=\"Szcz\u0119\u015b\u0107 Bo\u017ce! Moi Drodzy, w dniu dzisiejszym urodziny prze\u017cywa Iwona Zagubie\u0144, z kt\u00f3r\u0105 \u2013 i z kt\u00f3rej Rodzin\u0105 \u2013 mia\u0142em przyjemno\u015b\u0107 wsp\u00f3\u0142pracowa\u0107 w czasie mojej pos\u0142ugi w Celestynowie. Dzi\u0119kuj\u0105c za wszelk\u0105 \u017cyczliwo\u015b\u0107, \u017cycz\u0119 Jubilatce, aby trwa\u0142a w nieustaj\u0105cej blisko\u015bci Jezusa! Zapewniam o modlitwie. Do Grona wczorajszych Solenizant\u00f3w do\u0142\u0105czam Ksi\u0119dza Jacka Guza, Kustosza Sanktuarium B\u0142ogos\u0142awionych M\u0119czennik\u00f3w [&hellip;]\" \/>\n<meta property=\"og:url\" content=\"https:\/\/gaudiumetspes-blog.pl\/index.php\/2023\/02\/11\/21340\/\" \/>\n<meta property=\"og:site_name\" content=\"Gaudium Et Spes\" \/>\n<meta property=\"article:published_time\" content=\"2023-02-11T04:22:37+00:00\" \/>\n<meta name=\"author\" content=\"Ks. Jacek\" \/>\n<meta name=\"twitter:card\" content=\"summary_large_image\" \/>\n<meta name=\"twitter:label1\" content=\"Napisane przez\" \/>\n\t<meta name=\"twitter:data1\" content=\"Ks. Jacek\" \/>\n\t<meta name=\"twitter:label2\" content=\"Szacowany czas czytania\" \/>\n\t<meta name=\"twitter:data2\" content=\"16 minut\" \/>\n<script type=\"application\/ld+json\" class=\"yoast-schema-graph\">{\"@context\":\"https:\/\/schema.org\",\"@graph\":[{\"@type\":\"WebPage\",\"@id\":\"https:\/\/gaudiumetspes-blog.pl\/index.php\/2023\/02\/11\/21340\/\",\"url\":\"https:\/\/gaudiumetspes-blog.pl\/index.php\/2023\/02\/11\/21340\/\",\"name\":\"Pielgrzymujemy do Lourdes! - Gaudium Et Spes\",\"isPartOf\":{\"@id\":\"https:\/\/gaudiumetspes-blog.pl\/#website\"},\"datePublished\":\"2023-02-11T04:22:37+00:00\",\"author\":{\"@id\":\"https:\/\/gaudiumetspes-blog.pl\/#\/schema\/person\/1661982992b752dea8dff0d4ed845a65\"},\"breadcrumb\":{\"@id\":\"https:\/\/gaudiumetspes-blog.pl\/index.php\/2023\/02\/11\/21340\/#breadcrumb\"},\"inLanguage\":\"pl-PL\",\"potentialAction\":[{\"@type\":\"ReadAction\",\"target\":[\"https:\/\/gaudiumetspes-blog.pl\/index.php\/2023\/02\/11\/21340\/\"]}]},{\"@type\":\"BreadcrumbList\",\"@id\":\"https:\/\/gaudiumetspes-blog.pl\/index.php\/2023\/02\/11\/21340\/#breadcrumb\",\"itemListElement\":[{\"@type\":\"ListItem\",\"position\":1,\"name\":\"Strona g\u0142\u00f3wna\",\"item\":\"https:\/\/gaudiumetspes-blog.pl\/\"},{\"@type\":\"ListItem\",\"position\":2,\"name\":\"Pielgrzymujemy do&nbsp;Lourdes!\"}]},{\"@type\":\"WebSite\",\"@id\":\"https:\/\/gaudiumetspes-blog.pl\/#website\",\"url\":\"https:\/\/gaudiumetspes-blog.pl\/\",\"name\":\"Gaudium Et Spes\",\"description\":\"Blog Ks. Jacka Ja\u015bkowskiego\",\"potentialAction\":[{\"@type\":\"SearchAction\",\"target\":{\"@type\":\"EntryPoint\",\"urlTemplate\":\"https:\/\/gaudiumetspes-blog.pl\/?s={search_term_string}\"},\"query-input\":{\"@type\":\"PropertyValueSpecification\",\"valueRequired\":true,\"valueName\":\"search_term_string\"}}],\"inLanguage\":\"pl-PL\"},{\"@type\":\"Person\",\"@id\":\"https:\/\/gaudiumetspes-blog.pl\/#\/schema\/person\/1661982992b752dea8dff0d4ed845a65\",\"name\":\"Ks. Jacek\",\"image\":{\"@type\":\"ImageObject\",\"inLanguage\":\"pl-PL\",\"@id\":\"https:\/\/gaudiumetspes-blog.pl\/#\/schema\/person\/image\/\",\"url\":\"https:\/\/gaudiumetspes-blog.pl\/wp-content\/uploads\/2019\/07\/avatar-JJ-150x150.jpg\",\"contentUrl\":\"https:\/\/gaudiumetspes-blog.pl\/wp-content\/uploads\/2019\/07\/avatar-JJ-150x150.jpg\",\"caption\":\"Ks. Jacek\"},\"description\":\"Witam serdecznie! K\u0142ania si\u0119 Ks. Jacek Ja\u015bkowski. Nie jestem ani kim\u015b wa\u017cnym, ani kim\u015b znanym. Jestem ksi\u0119dzem, kt\u00f3ry po prostu chce rozmawia\u0107. Codzienna kap\u0142a\u0144ska pos\u0142uga pokazuje mi, \u017ce temat\u00f3w do rozm\u00f3w z ksi\u0119dzem jest coraz wi\u0119cej i dzisiaj \u017caden ksi\u0105dz nie mo\u017ce od nich ucieka\u0107, ale - wprost przeciwnie - podejmowa\u0107 nowe wyzwania. To przekonanie sk\u0142oni\u0142o mnie do pr\u00f3by otwarcia tego\u017c bloga, chocia\u017c okazji do rozm\u00f3w na co dzie\u0144 - w konfesjonale i poza nim - na szcz\u0119\u015bcie nie brakuje. My\u015bl\u0119 jednak, \u017ce ten blog b\u0119dzie jeszcze jednym sposobem i przestrzeni\u0105 nawi\u0105zania kontaktu z lud\u017ami dobrej woli, otwartymi na dialog.\",\"url\":\"https:\/\/gaudiumetspes-blog.pl\/index.php\/author\/ks-jacek\/\"}]}<\/script>\n<!-- \/ Yoast SEO plugin. -->","yoast_head_json":{"title":"Pielgrzymujemy do Lourdes! - Gaudium Et Spes","robots":{"index":"index","follow":"follow","max-snippet":"max-snippet:-1","max-image-preview":"max-image-preview:large","max-video-preview":"max-video-preview:-1"},"canonical":"https:\/\/gaudiumetspes-blog.pl\/index.php\/2023\/02\/11\/21340\/","og_locale":"pl_PL","og_type":"article","og_title":"Pielgrzymujemy do Lourdes! - Gaudium Et Spes","og_description":"Szcz\u0119\u015b\u0107 Bo\u017ce! Moi Drodzy, w dniu dzisiejszym urodziny prze\u017cywa Iwona Zagubie\u0144, z kt\u00f3r\u0105 \u2013 i z kt\u00f3rej Rodzin\u0105 \u2013 mia\u0142em przyjemno\u015b\u0107 wsp\u00f3\u0142pracowa\u0107 w czasie mojej pos\u0142ugi w Celestynowie. Dzi\u0119kuj\u0105c za wszelk\u0105 \u017cyczliwo\u015b\u0107, \u017cycz\u0119 Jubilatce, aby trwa\u0142a w nieustaj\u0105cej blisko\u015bci Jezusa! Zapewniam o modlitwie. Do Grona wczorajszych Solenizant\u00f3w do\u0142\u0105czam Ksi\u0119dza Jacka Guza, Kustosza Sanktuarium B\u0142ogos\u0142awionych M\u0119czennik\u00f3w [&hellip;]","og_url":"https:\/\/gaudiumetspes-blog.pl\/index.php\/2023\/02\/11\/21340\/","og_site_name":"Gaudium Et Spes","article_published_time":"2023-02-11T04:22:37+00:00","author":"Ks. Jacek","twitter_card":"summary_large_image","twitter_misc":{"Napisane przez":"Ks. Jacek","Szacowany czas czytania":"16 minut"},"schema":{"@context":"https:\/\/schema.org","@graph":[{"@type":"WebPage","@id":"https:\/\/gaudiumetspes-blog.pl\/index.php\/2023\/02\/11\/21340\/","url":"https:\/\/gaudiumetspes-blog.pl\/index.php\/2023\/02\/11\/21340\/","name":"Pielgrzymujemy do Lourdes! - Gaudium Et Spes","isPartOf":{"@id":"https:\/\/gaudiumetspes-blog.pl\/#website"},"datePublished":"2023-02-11T04:22:37+00:00","author":{"@id":"https:\/\/gaudiumetspes-blog.pl\/#\/schema\/person\/1661982992b752dea8dff0d4ed845a65"},"breadcrumb":{"@id":"https:\/\/gaudiumetspes-blog.pl\/index.php\/2023\/02\/11\/21340\/#breadcrumb"},"inLanguage":"pl-PL","potentialAction":[{"@type":"ReadAction","target":["https:\/\/gaudiumetspes-blog.pl\/index.php\/2023\/02\/11\/21340\/"]}]},{"@type":"BreadcrumbList","@id":"https:\/\/gaudiumetspes-blog.pl\/index.php\/2023\/02\/11\/21340\/#breadcrumb","itemListElement":[{"@type":"ListItem","position":1,"name":"Strona g\u0142\u00f3wna","item":"https:\/\/gaudiumetspes-blog.pl\/"},{"@type":"ListItem","position":2,"name":"Pielgrzymujemy do&nbsp;Lourdes!"}]},{"@type":"WebSite","@id":"https:\/\/gaudiumetspes-blog.pl\/#website","url":"https:\/\/gaudiumetspes-blog.pl\/","name":"Gaudium Et Spes","description":"Blog Ks. Jacka Ja\u015bkowskiego","potentialAction":[{"@type":"SearchAction","target":{"@type":"EntryPoint","urlTemplate":"https:\/\/gaudiumetspes-blog.pl\/?s={search_term_string}"},"query-input":{"@type":"PropertyValueSpecification","valueRequired":true,"valueName":"search_term_string"}}],"inLanguage":"pl-PL"},{"@type":"Person","@id":"https:\/\/gaudiumetspes-blog.pl\/#\/schema\/person\/1661982992b752dea8dff0d4ed845a65","name":"Ks. Jacek","image":{"@type":"ImageObject","inLanguage":"pl-PL","@id":"https:\/\/gaudiumetspes-blog.pl\/#\/schema\/person\/image\/","url":"https:\/\/gaudiumetspes-blog.pl\/wp-content\/uploads\/2019\/07\/avatar-JJ-150x150.jpg","contentUrl":"https:\/\/gaudiumetspes-blog.pl\/wp-content\/uploads\/2019\/07\/avatar-JJ-150x150.jpg","caption":"Ks. Jacek"},"description":"Witam serdecznie! K\u0142ania si\u0119 Ks. Jacek Ja\u015bkowski. Nie jestem ani kim\u015b wa\u017cnym, ani kim\u015b znanym. Jestem ksi\u0119dzem, kt\u00f3ry po prostu chce rozmawia\u0107. Codzienna kap\u0142a\u0144ska pos\u0142uga pokazuje mi, \u017ce temat\u00f3w do rozm\u00f3w z ksi\u0119dzem jest coraz wi\u0119cej i dzisiaj \u017caden ksi\u0105dz nie mo\u017ce od nich ucieka\u0107, ale - wprost przeciwnie - podejmowa\u0107 nowe wyzwania. To przekonanie sk\u0142oni\u0142o mnie do pr\u00f3by otwarcia tego\u017c bloga, chocia\u017c okazji do rozm\u00f3w na co dzie\u0144 - w konfesjonale i poza nim - na szcz\u0119\u015bcie nie brakuje. My\u015bl\u0119 jednak, \u017ce ten blog b\u0119dzie jeszcze jednym sposobem i przestrzeni\u0105 nawi\u0105zania kontaktu z lud\u017ami dobrej woli, otwartymi na dialog.","url":"https:\/\/gaudiumetspes-blog.pl\/index.php\/author\/ks-jacek\/"}]}},"jetpack_featured_media_url":"","jetpack_sharing_enabled":true,"_links":{"self":[{"href":"https:\/\/gaudiumetspes-blog.pl\/index.php\/wp-json\/wp\/v2\/posts\/21340","targetHints":{"allow":["GET"]}}],"collection":[{"href":"https:\/\/gaudiumetspes-blog.pl\/index.php\/wp-json\/wp\/v2\/posts"}],"about":[{"href":"https:\/\/gaudiumetspes-blog.pl\/index.php\/wp-json\/wp\/v2\/types\/post"}],"author":[{"embeddable":true,"href":"https:\/\/gaudiumetspes-blog.pl\/index.php\/wp-json\/wp\/v2\/users\/1"}],"replies":[{"embeddable":true,"href":"https:\/\/gaudiumetspes-blog.pl\/index.php\/wp-json\/wp\/v2\/comments?post=21340"}],"version-history":[{"count":4,"href":"https:\/\/gaudiumetspes-blog.pl\/index.php\/wp-json\/wp\/v2\/posts\/21340\/revisions"}],"predecessor-version":[{"id":21344,"href":"https:\/\/gaudiumetspes-blog.pl\/index.php\/wp-json\/wp\/v2\/posts\/21340\/revisions\/21344"}],"wp:attachment":[{"href":"https:\/\/gaudiumetspes-blog.pl\/index.php\/wp-json\/wp\/v2\/media?parent=21340"}],"wp:term":[{"taxonomy":"category","embeddable":true,"href":"https:\/\/gaudiumetspes-blog.pl\/index.php\/wp-json\/wp\/v2\/categories?post=21340"},{"taxonomy":"post_tag","embeddable":true,"href":"https:\/\/gaudiumetspes-blog.pl\/index.php\/wp-json\/wp\/v2\/tags?post=21340"}],"curies":[{"name":"wp","href":"https:\/\/api.w.org\/{rel}","templated":true}]}}