{"id":21386,"date":"2023-03-03T07:12:09","date_gmt":"2023-03-03T06:12:09","guid":{"rendered":"https:\/\/gaudiumetspes-blog.pl\/?p=21386"},"modified":"2023-03-03T07:12:09","modified_gmt":"2023-03-03T06:12:09","slug":"czy-pojde-do-nieba","status":"publish","type":"post","link":"https:\/\/gaudiumetspes-blog.pl\/index.php\/2023\/03\/03\/czy-pojde-do-nieba\/","title":{"rendered":"Czy p\u00f3jd\u0119 do Nieba?&#8230;"},"content":{"rendered":"<p align=\"justify\"><span style=\"color: #000000;\"><span style=\"font-family: Book Antiqua, serif;\"><span style=\"font-size: large;\">Szcz\u0119\u015b\u0107 Bo\u017ce! Moi Drodzy, w dniu dzisiejszym <b>urodziny prze\u017cywaj\u0105:<\/b><\/span><\/span><\/span><\/p>\n<p align=\"justify\"><span style=\"color: #000000;\">\u25ba<span style=\"font-family: Book Antiqua, serif;\"><span style=\"font-size: large;\"><b>Ksi\u0105dz Leon Bobrowski \u2013 m\u00f3j Kolega kursowy;<\/b><\/span><\/span><\/span><\/p>\n<p align=\"justify\"><span style=\"color: #000000;\">\u25ba<span style=\"font-family: Book Antiqua, serif;\"><span style=\"font-size: large;\"><b>Ksi\u0105dz Tomasz Radczuk \u2013 te\u017c;<\/b><\/span><\/span><\/span><\/p>\n<p align=\"justify\"><span style=\"color: #000000;\">\u25ba<span style=\"font-family: Book Antiqua, serif;\"><span style=\"font-size: large;\"><b>Agnieszka Niedzia\u0142kowska, zwana \u201eSiw\u0105\u201d, bardzo \u017cywa i zaanga\u017cowana w dobro Osoba, znana mi jeszcze z czas\u00f3w pierwszego wikariatu;<\/b><\/span><\/span><\/span><\/p>\n<p align=\"justify\"><span style=\"color: #000000;\">\u25ba<span style=\"font-family: Book Antiqua, serif;\"><span style=\"font-size: large;\"><b>Grzegorz \u015awi\u0119ci\u0144ski \u2013 nale\u017c\u0105cy w swoim czasie do jednej z m\u0142odzie\u017cowych Wsp\u00f3lnot.<\/b><\/span><\/span><\/span><\/p>\n<p align=\"justify\"><span style=\"color: #000000;\"><span style=\"font-family: Book Antiqua, serif;\"><span style=\"font-size: large;\"><b>\u017bycz\u0119 \u015awi\u0119tuj\u0105cym umiej\u0119tno\u015bci codziennego zdobywania Nieba \u2013 zgodnie z tym, co m\u00f3wi nam dzisiaj Bo\u017ce s\u0142owo. Zapewniam o modlitwie!<\/b><\/span><\/span><\/span><\/p>\n<p align=\"justify\"><span style=\"color: #000000;\"><span style=\"font-family: Book Antiqua, serif;\"><span style=\"font-size: large;\">Moi Drodzy, dzisiaj mamy na Uczelni tak zwane Seminarium Kopernika\u0144skie, czyli cykl wyk\u0142ad\u00f3w oraz warsztat\u00f3w, prowadzonych w grupach, po\u015bwi\u0119conych dzie\u0142u Miko\u0142aja Kopernika, z racji jego niedawnej (19 lutego) rocznicy urodzin. Okr\u0105g\u0142ej, bo pi\u0119\u0107set pi\u0119\u0107dziesi\u0105tej. Spotkanie to organizuje Instytut Matematyki, na Wydziale Nauk \u015acis\u0142ych i Przyrodniczych. Z tym Instytutem mam \u015bwietn\u0105 wsp\u00f3\u0142prac\u0119 od pocz\u0105tku mojej pos\u0142ugi Duszpasterza Akademickiego. Traktuj\u0119 to jako kolejny dow\u00f3d na gigantyczne poczucie humoru Pana Boga, je\u015bli zwa\u017cy\u0107, jak\u0105 kul\u0105 u nogi by\u0142a dla mnie zawsze matematyka. Ale \u2013 c\u00f3\u017c\u2026 Co innego matematyka, a co innego (kto inny) ludzie, kt\u00f3rzy jej nauczaj\u0105. I to \u2013 dodajmy koniecznie \u2013 nauczaj\u0105 z pasj\u0105! <\/span><\/span><\/span><\/p>\n<p align=\"justify\"><span style=\"color: #000000;\"><span style=\"font-family: Book Antiqua, serif;\"><span style=\"font-size: large;\">I to w\u0142a\u015bnie Oni wpadli na pomys\u0142, aby ukazuj\u0105c \u2013 w ramach wyk\u0142ad\u00f3w \u2013 osob\u0119 i dzie\u0142o wielkiego Astronoma, pokaza\u0107 r\u00f3wnie\u017c jego zwi\u0105zki z Ko\u015bcio\u0142em. St\u0105d propozycja, skierowana do mnie, abym podj\u0105\u0142 ten temat. Tytu\u0142 mojego wyk\u0142adu to: KO\u015aCI\u00d3\u0141 O KOPERNIKU \u2013 KOPERNIK W KO\u015aCIELE. <\/span><\/span><\/span><\/p>\n<p align=\"justify\"><span style=\"color: #000000;\"><span style=\"font-family: Book Antiqua, serif;\"><span style=\"font-size: large;\">Dzisiejsze to spotkanie dedykowane jest zasadniczo do Uczni\u00f3w szk\u00f3\u0142 \u015brednich, a ma na celu propagowanie nauki i propagowanie naszej Uczelni. Serdecznie dzi\u0119kuj\u0119 Instytutowi Matematyki za to zaproszenie! Nie ukrywam, \u017ce jest to dla mnie wyzwanie. Dzi\u0119kuj\u0119 tak\u017ce Ksi\u0119dzu Profesorowi Andrzejowi Ga\u0142ce, Krajowemu Duszpasterzowi Niewidomych i Niedowidz\u0105cych, ale te\u017c znakomitemu Znawcy historii Ko\u015bcio\u0142a, za pomoc w zdobyciu potrzebnych materia\u0142\u00f3w. <\/span><\/span><\/span><\/p>\n<p align=\"justify\"><span style=\"color: #000000;\"><span style=\"font-family: Book Antiqua, serif;\"><span style=\"font-size: large;\">Moi Drodzy, dzisiaj pi\u0105tek \u2013 a wi\u0119c Droga Krzy\u017cowa. A tak w og\u00f3le \u2013 to pierwszy pi\u0105tek miesi\u0105ca!<\/span><\/span><\/span><\/p>\n<p align=\"justify\"><span style=\"color: #000000;\"><span style=\"font-family: Book Antiqua, serif;\"><span style=\"font-size: large;\">Zapraszam ju\u017c do zg\u0142\u0119bienia dzisiejszego S\u0142owa. <b>Co Pan m\u00f3wi w nim do mnie?\u2026 <\/b>Duchu \u015awi\u0119ty,\u2026 <\/span><\/span><\/span><\/p>\n<p align=\"justify\"><span style=\"color: #000000;\"><span style=\"font-family: Book Antiqua, serif;\"><span style=\"font-size: large;\"><b>Niech Was b\u0142ogos\u0142awi B\u00f3g Wszechmog\u0105cy: Ojciec + i Syn, i Duch \u015awi\u0119ty. Amen<\/b><\/span><\/span><\/span><\/p>\n<p align=\"center\"><span style=\"color: #000000;\"><span style=\"font-family: Book Antiqua, serif;\"><span style=\"font-size: large;\">Gaudium et spes! Ks. Jacek<\/span><\/span><\/span><\/p>\n<p align=\"center\">\n<p align=\"center\">\n<p align=\"center\">\n<p align=\"center\">\n<p align=\"center\">\n<p align=\"justify\"><span style=\"color: #000000;\"><span style=\"font-family: Book Antiqua, serif;\"><span style=\"font-size: large;\"><b>Pi\u0105tek 1 Tygodnia Wielkiego Postu,<\/b><\/span><\/span><\/span><\/p>\n<p align=\"justify\"><span style=\"color: #000000;\"><span style=\"font-family: Book Antiqua, serif;\"><span style=\"font-size: large;\"><b>3 marca 2023.,\u00a0<\/b><\/span><\/span><\/span><\/p>\n<p align=\"justify\"><span style=\"color: #000000;\"><span style=\"font-family: Book Antiqua, serif;\"><span style=\"font-size: large;\"><b>do czyta\u0144: Ez 18,21\u201328; Mt 5,20\u201326<\/b><\/span><\/span><\/span><\/p>\n<p align=\"justify\">\n<p align=\"justify\">\n<p align=\"justify\">\n<p align=\"justify\">\n<p align=\"justify\">\n<p align=\"justify\"><span style=\"color: #000000;\"><span style=\"font-family: Book Antiqua, serif;\"><span style=\"font-size: large;\"><b>CZYTANIE Z KSI\u0118GI PROROKA EZECHIELA: <\/b><\/span><\/span><\/span><\/p>\n<p align=\"justify\"><span style=\"color: #000000;\"><span style=\"font-family: Book Antiqua, serif;\"><span style=\"font-size: large;\"><b>To m\u00f3wi Pan B\u00f3g: \u201eJe\u015bliby wyst\u0119pny porzuci\u0142 wszystkie swoje grzechy, kt\u00f3re pope\u0142nia\u0142, a strzeg\u0142 wszystkich moich ustaw i post\u0119powa\u0142by wed\u0142ug prawa i sprawiedliwo\u015bci, \u017cy\u0107 b\u0119dzie, a nie umrze: nie b\u0119d\u0105 mu poczytane wszystkie grzechy, jakie pope\u0142ni\u0142, lecz b\u0119dzie \u017cy\u0142 dzi\u0119ki sprawiedliwo\u015bci, z jak\u0105 post\u0119powa\u0142. Czy\u017c ma mi zale\u017ce\u0107 na \u015bmierci wyst\u0119pnego, m\u00f3wi Pan B\u00f3g, a nie raczej na tym, by si\u0119 nawr\u00f3ci\u0142 i \u017cy\u0142? <\/b><\/span><\/span><\/span><\/p>\n<p align=\"justify\"><span style=\"color: #000000;\"><span style=\"font-family: Book Antiqua, serif;\"><span style=\"font-size: large;\"><b>A gdyby sprawiedliwy odst\u0105pi\u0142 od swej sprawiedliwo\u015bci i pope\u0142nia\u0142 z\u0142o, na\u015bladuj\u0105c wszystkie obrzydliwo\u015bci, kt\u00f3rym si\u0119 oddaje wyst\u0119pny, czy taki b\u0119dzie \u017cy\u0142? \u017baden z wykonanych czyn\u00f3w sprawiedliwych nie b\u0119dzie mu poczytany, ale umrze z powodu nieprawo\u015bci, kt\u00f3rej si\u0119 dopuszcza\u0142, i grzechu, kt\u00f3ry pope\u0142ni\u0142. <\/b><\/span><\/span><\/span><\/p>\n<p align=\"justify\"><span style=\"color: #000000;\"><span style=\"font-family: Book Antiqua, serif;\"><span style=\"font-size: large;\"><b>Wy m\u00f3wicie: \u00abSpos\u00f3b post\u0119powania Pana nie jest s\u0142uszny\u00bb. S\u0142uchaj jednak\u017ce, domu Izraela: Czy m\u00f3j spos\u00f3b post\u0119powania jest nies\u0142uszny, czy raczej wasze post\u0119powanie jest przewrotne? <\/b><\/span><\/span><\/span><\/p>\n<p align=\"justify\"><span style=\"color: #000000;\"><span style=\"font-family: Book Antiqua, serif;\"><span style=\"font-size: large;\"><b>Je\u015bli sprawiedliwy odst\u0105pi\u0142 od sprawiedliwo\u015bci, dopuszcza\u0142 si\u0119 grzechu i umar\u0142, to umar\u0142 z powodu grzech\u00f3w, kt\u00f3re pope\u0142ni\u0142. A je\u015bli bezbo\u017cny odst\u0105pi od bezbo\u017cno\u015bci, kt\u00f3rej si\u0119 oddawa\u0142, i post\u0119puje wed\u0142ug prawa i sprawiedliwo\u015bci, to zachowa dusz\u0119 swoj\u0105 przy \u017cyciu. Zastanowi\u0142 si\u0119 i odst\u0105pi\u0142 od wszystkich swoich grzech\u00f3w, kt\u00f3re pope\u0142ni\u0142, i dlatego na pewno \u017cy\u0107 b\u0119dzie, a nie umrze\u201d.<\/b><\/span><\/span><\/span><\/p>\n<p align=\"justify\">\n<p align=\"justify\">\n<p align=\"justify\">\n<p align=\"justify\">\n<p align=\"justify\">\n<p align=\"justify\"><span style=\"color: #000000;\"><span style=\"font-family: Book Antiqua, serif;\"><span style=\"font-size: large;\"><b>S\u0141OWA EWANGELII WED\u0141UG \u015aWI\u0118TEGO MATEUSZA: <\/b><\/span><\/span><\/span><\/p>\n<p align=\"justify\"><span style=\"color: #000000;\"><span style=\"font-family: Book Antiqua, serif;\"><span style=\"font-size: large;\"><b>Jezus powiedzia\u0142 do swoich uczni\u00f3w: \u201eJe\u015bli wasza sprawiedliwo\u015b\u0107 nie b\u0119dzie wi\u0119ksza ni\u017c uczonych w Pi\u015bmie i faryzeusz\u00f3w, nie wejdziecie do Kr\u00f3lestwa niebieskiego. <\/b><\/span><\/span><\/span><\/p>\n<p align=\"justify\"><span style=\"color: #000000;\"><span style=\"font-family: Book Antiqua, serif;\"><span style=\"font-size: large;\"><b>S\u0142yszeli\u015bcie, \u017ce powiedziano przodkom: \u00abNie zabijaj\u00bb; a kto by si\u0119 dopu\u015bci\u0142 zab\u00f3jstwa, podlega s\u0105dowi. A Ja wam powiadam: Ka\u017cdy, kto si\u0119 gniewa na swego brata, podlega s\u0105dowi. A kto by rzek\u0142 swemu bratu: \u00abRaka\u00bb, podlega Wysokiej Radzie. A kto by mu rzek\u0142: \u00abBezbo\u017cniku\u00bb, podlega karze piek\u0142a ognistego.<\/b><\/span><\/span><\/span><\/p>\n<p align=\"justify\"><span style=\"color: #000000;\"><span style=\"font-family: Book Antiqua, serif;\"><span style=\"font-size: large;\"><b>Je\u015bli wi\u0119c przyniesiesz dar sw\u00f3j przed o\u0142tarz i tam wspomnisz, \u017ce brat tw\u00f3j ma co\u015b przeciw tobie, zostaw tam dar sw\u00f3j przed o\u0142tarzem, a najpierw id\u017a i pojednaj si\u0119 z bratem swoim. Potem przyjd\u017a i ofiaruj dar sw\u00f3j. <\/b><\/span><\/span><\/span><\/p>\n<p align=\"justify\"><span style=\"color: #000000;\"><span style=\"font-family: Book Antiqua, serif;\"><span style=\"font-size: large;\"><b>Pog\u00f3d\u017a si\u0119 ze swoim przeciwnikiem szybko, dop\u00f3ki jeste\u015b z nim w drodze, by ci\u0119 przeciwnik nie poda\u0142 s\u0119dziemu, a s\u0119dzia dozorcy, i aby nie wtr\u0105cono ci\u0119 do wi\u0119zienia. Zaprawd\u0119 powiadam ci: nie wyjdziesz stamt\u0105d, a\u017c zwr\u00f3cisz ostatni grosz\u201d.<\/b><\/span><\/span><\/span><\/p>\n<p align=\"justify\">\n<p align=\"justify\">\n<p align=\"justify\">\n<p align=\"justify\">\n<p align=\"justify\">\n<p align=\"justify\"><span style=\"color: #000000;\"><span style=\"font-family: Book Antiqua, serif;\"><span style=\"font-size: large;\">S\u0142uchaj\u0105c pierwszego czytania, mo\u017cemy powiedzie\u0107, \u017ce w s\u0142owach Bo\u017cych, skierowanych dzisiaj do nas przez Proroka Ezechiela, odnajdujemy <b>biblijn\u0105 podstaw\u0119 nauki,<\/b> kt\u00f3r\u0105 obecnie Ko\u015bci\u00f3\u0142 g\u0142osi na temat przej\u015bcia cz\u0142owieka do <b>wiecznego zbawienia <\/b><b>lub<\/b><b> wiecznego pot\u0119pienia. <\/b><\/span><\/span><\/span><\/p>\n<p align=\"justify\"><span style=\"color: #000000;\"><span style=\"font-family: Book Antiqua, serif;\"><span style=\"font-size: large;\">Ot\u00f3\u017c \u2013 najkr\u00f3cej m\u00f3wi\u0105c \u2013 nauka ta jest taka, \u017ce \u015bmier\u0107 <b>utrwala na wieczno\u015b\u0107 stan duchowy,<\/b> w jakim cz\u0142owieka zastaje. A zatem, je\u017celi zastaje cz\u0142owieka <b>w stanie \u0142aski u\u015bwi\u0119caj\u0105cej, <\/b>w stanie przyja\u017ani z Bogiem, <b>to idzie on do Nieba. <\/b>By\u0107 mo\u017ce, b\u0119dzie jeszcze potrzebowa\u0142 przygotowania si\u0119 <b>w czy\u015b\u0107cu<\/b> na ostateczne spotkanie z Panem, ale jego los jest ju\u017c rozstrzygni\u0119ty: <b>jest on zbawiony i b\u0119dzie w Niebie<\/b> przez ca\u0142\u0105 wieczno\u015b\u0107. Czy\u015bciec to <b>\u201estacyjka\u201d do Nieba<\/b> \u2013 nie ma z niego drogi w stron\u0119 przeciwn\u0105. <\/span><\/span><\/span><\/p>\n<p align=\"justify\"><span style=\"color: #000000;\"><span style=\"font-family: Book Antiqua, serif;\"><span style=\"font-size: large;\">Je\u017celi jednak \u015bmier\u0107 zastanie cz\u0142owieka <b>w stanie nieprzyja\u017ani z Bogiem,<\/b> w stanie grzechu \u015bmiertelnego, <b>za kt\u00f3ry cz\u0142owiek nie \u017ca\u0142uje, <\/b>w\u00f3wczas idzie on do piek\u0142a. Po prostu. Owszem, to \u201epo prostu\u201d brzmi w tym kontek\u015bcie niesamowicie dramatycznie, ale tak w\u0142a\u015bnie jest. <\/span><\/span><\/span><\/p>\n<p align=\"justify\"><span style=\"color: #000000;\"><span style=\"font-family: Book Antiqua, serif;\"><span style=\"font-size: large;\">Dlatego tak wa\u017cnym jest, aby by\u0107 <b>stale w stanie \u0142aski u\u015bwi\u0119caj\u0105cej,<\/b> aby nie pozwala\u0107 sobie na d\u0142u\u017csze okresy nieprzyjmowania Komunii \u015awi\u0119tej i <b>odk\u0142adania<\/b><b> Spowied<\/b><b>zi<\/b> \u2013 \u017ce mo\u017ce na \u015awi\u0119ta, \u017ce mo\u017ce jak b\u0119dzie \u015blub lub pogrzeb w rodzinie, a mo\u017ce jak b\u0119dzie \u201enasza Msza\u201d w intencji zmar\u0142ych z rodziny, gdzie\u015b tam, za trzy miesi\u0105ce\u2026 <b>A je\u015bli w tym czasie przyjdzie stan\u0105\u0107 na S\u0105dzie Bo\u017cym, to co w\u00f3wczas?\u2026<\/b> <\/span><\/span><\/span><\/p>\n<p align=\"justify\"><span style=\"color: #000000;\"><span style=\"font-family: Book Antiqua, serif;\"><span style=\"font-size: large;\">Oczywi\u015bcie, to nie powinna by\u0107 jedyna nasza motywacja, bo <b>nie ze strachu przed wieczn\u0105 kar\u0105<\/b> powinni\u015bmy chcie\u0107 by\u0107 blisko Pana, ale <b>z mi\u0142o\u015bci do Niego.<\/b> Niemniej jednak, tak\u017ce i strach przed wiecznym pot\u0119pieniem jest jak\u0105\u015b motywacj\u0105, bo chyba dobrze, je\u017celi <b>nie chcemy przez ca\u0142\u0105 wieczno\u015b\u0107 cierpie\u0107,<\/b> tylko by\u0107 razem z Bogiem, w Jego Domu. To dobra motywacja, bo w sumie <b>o to samo chodzi, co w tej pierwszej,<\/b> tylko tutaj mamy jakby okr\u0119\u017cn\u0105 drog\u0119\u2026 <\/span><\/span><\/span><\/p>\n<p align=\"justify\"><span style=\"color: #000000;\"><span style=\"font-family: Book Antiqua, serif;\"><span style=\"font-size: large;\">W tej pierwszej motywacji <b>wprost i bezpo\u015brednio <\/b>wyra\u017camy nasz\u0105 mi\u0142o\u015b\u0107 do Boga i nasze pragnienie bycia z Nim zawsze blisko i zawsze jedno! Zawsze! A skoro b\u0119dziemy z Nim <b>tu na ziemi zawsze jedno i zawsze blisko,<\/b> to prost\u0105 i oczywist\u0105 konsekwencj\u0105 tego b\u0119dzie to, \u017ce i <b>na wieczno\u015b\u0107 b\u0119dziemy z Nim razem.<\/b> <\/span><\/span><\/span><\/p>\n<p align=\"justify\"><span style=\"color: #000000;\"><span style=\"font-family: Book Antiqua, serif;\"><span style=\"font-size: large;\">I tak, moi Drozdy, by\u0142oby najlepiej, \u017ceby stan \u0142aski u\u015bwi\u0119caj\u0105cej i przyja\u017ani z Bogiem <b>by\u0142 dla nas czym\u015b tak oczywistym,<\/b> jak to, \u017ce dzisiaj jest pi\u0105tek, a jutro b\u0119dzie sobota. \u017beby\u015bmy nie traktowali go jako stanu <b>absolutnie wyj\u0105tkowego i tylko \u015bwi\u0105tecznego.<\/b> <\/span><\/span><\/span><\/p>\n<p align=\"justify\"><span style=\"color: #000000;\"><span style=\"font-family: Book Antiqua, serif;\"><span style=\"font-size: large;\">A jeszcze lepiej by\u0142oby, \u017ceby\u015bmy poszli za wskazaniami dzisiejszej Ewangelii i przej\u0119li si\u0119 do g\u0142\u0119bi s\u0142owami Jezusa: <i><b>Je\u015bli wasza sprawiedliwo\u015b\u0107 nie b\u0119dzie wi\u0119ksza ni\u017c uczonych w Pi\u015bmie i faryzeusz\u00f3w, nie wejdziecie do Kr\u00f3lestwa niebieskiego.<\/b><\/i><b> <\/b>A zatem, nie tylko sztywne i literalne wype\u0142nienie \u2013 w tym wymiarze najbardziej koniecznym i najbardziej minimalnym \u2013 norm zapisanych w prawie Ko\u015bcio\u0142a, czy w prawie liturgicznym, ale <b>dawanie z siebie wi\u0119cej! I jeszcze wi\u0119cej! I jeszcze bardziej z serca! <\/b><\/span><\/span><\/span><\/p>\n<p align=\"justify\"><span style=\"color: #000000;\"><span style=\"font-family: Book Antiqua, serif;\"><span style=\"font-size: large;\">W dalszej cz\u0119\u015bci Ewangelii s\u0142yszymy, o co Jezusowi konkretnie chodzi. A chodzi chocia\u017cby o to, \u017ce przykazanie: <i><b>Nie zabijaj!<\/b><\/i> nie stanowi jedynie zakazu fizycznego pozbawienia \u017cycia, ale <b>idzie du\u017co dalej i du\u017co g\u0142\u0119biej!<\/b> Bo zakazuje tak\u017ce nienawi\u015bci wobec cz\u0142owieka! I to jest w\u0142a\u015bnie dawanie z siebie wi\u0119cej, dawanie z mi\u0142o\u015bci\u0105\u2026 <\/span><\/span><\/span><\/p>\n<p align=\"justify\"><span style=\"color: #000000;\"><span style=\"font-family: Book Antiqua, serif;\"><span style=\"font-size: large;\">Chodzi tu tak\u017ce <b>o <\/b><b>d\u0105\u017cenie do pojednania, do zgody, <\/b>z kim\u015b, z kim si\u0119 popad\u0142o w konflikt. Rozumowanie Jezusa jest a\u017c nadto logiczne i oczywiste: <b>jak mo\u017cna sk\u0142ada\u0107 ofiar\u0119 Bogu, <\/b>wzywa\u0107 Jego mi\u0142osierdzia i Jego \u0142askawo\u015bci, je\u017celi si\u0119 jest z kim\u015b sk\u0142\u00f3conym. Owszem, s\u0105 nieraz takie sytuacje, w kt\u00f3rych rzeczywi\u015bcie, w relacjach z tym, czy z tamtym cz\u0142owiekiem \u2013 by tak rzec \u2013 <b>\u201esystem nam si\u0119 zawiesi\u0142\u201d.<\/b> Ale to jest te\u017c wa\u017cne, dlaczego tak si\u0119 sta\u0142o. <\/span><\/span><\/span><\/p>\n<p align=\"justify\"><span style=\"color: #000000;\"><span style=\"font-family: Book Antiqua, serif;\"><span style=\"font-size: large;\">Je\u017celi przyczyna le\u017cy po mojej stronie, to musz\u0119 <b>nagi\u0105\u0107 hardego karku<\/b> i jako\u015b postara\u0107 si\u0119 przynajmniej o nawi\u0105zanie kontaktu. To nie musi by\u0107 jakie\u015b <b>uroczyste i teatralne przepraszanie,<\/b> ale przynajmniej<b> jaki\u015b sygna<\/b><b>\u0142, <\/b><b>jaki\u015b gest, jaki\u015b znak<\/b> \u2013 \u017ce jestem gotowy si\u0119 pojedna\u0107, \u017ce \u017ca\u0142uj\u0119 tego, co si\u0119 sta\u0142o, czy jak si\u0119 zachowa\u0142em\u2026 <\/span><\/span><\/span><\/p>\n<p align=\"justify\"><span style=\"color: #000000;\"><span style=\"font-family: Book Antiqua, serif;\"><span style=\"font-size: large;\">Mo\u017ce by\u0107 jednak i tak, \u017ce przyczyna napi\u0119cia <b>nie le\u017cy po mojej stronie.<\/b> \u201eSystem si\u0119 zawiesi\u0142\u201d z winy tego drugiego. Wtedy r\u00f3wnie\u017c wa\u017cne jest <b>moje nastawienie na pojednanie <\/b>\u2013 w tym sensie, \u017ce <b>je\u017celi ten drugi zrozumie sw\u00f3j b\u0142\u0105d<\/b> i b\u0119dzie prosi\u0142 o przebaczenie, i b\u0119dzie szuka\u0142 kontaktu, to ja mu go <b>nie b\u0119d\u0119 utrudnia\u0142. <\/b>Ale mam prawo mie\u0107 \u017cal czy pretensj\u0119 za jego z\u0142e zachowanie i oczekiwa\u0107, \u017ce to zrozumie \u2013 <b>i da zna\u0107, \u017ce zrozumia\u0142. <\/b><\/span><\/span><\/span><\/p>\n<p align=\"justify\"><span style=\"color: #000000;\"><span style=\"font-family: Book Antiqua, serif;\"><span style=\"font-size: large;\">W takich sytuacjach jeste\u015bmy <b>w porz\u0105dku przed Bogiem,<\/b> natomiast \u2013 zauwa\u017cmy! \u2013 w jednym i drugim przypadku m\u00f3wimy <b>o <\/b><b>naszym <\/b><b>osobistym dobrym nastawieniu<\/b> do ca\u0142ej sprawy, o aktualnej osobistej <b>gotowo\u015bci do pojednania, <\/b>o aktualnym <b>naszym <\/b><b>otwarciu na Boga i na drugiego cz\u0142owieka.<\/b> W\u0142a\u015bnie o to aktualne nastawienie chodzi\u0142o Bogu w pierwszym czytaniu.<\/span><\/span><\/span><\/p>\n<p align=\"justify\"><span style=\"color: #000000;\"><span style=\"font-family: Book Antiqua, serif;\"><span style=\"font-size: large;\">Bo my mo\u017ce \u2013 podobnie, jak kontestatorzy Boga, o kt\u00f3rych tam mowa \u2013 my\u015blimy sobie, \u017ce to <b>dziwny spos\u00f3b rozstrzygania spraw<\/b> przez Boga. Mo\u017ce i my uwa\u017camy \u2013 podobnie, jak oni \u2013 \u017ce <i><b>spos\u00f3b post\u0119powania Pana nie jest s\u0142uszny.<\/b><\/i><b> <\/b>Bo oto kto\u015b przez ca\u0142e \u017cycie robi\u0142 dobrze i tylu ludziom pom\u00f3g\u0142, i w tak wiele akcji dobroczynnych si\u0119 zaanga\u017cowa\u0142, a \u017ce mu si\u0119 <b>pod koniec \u017cycia noga nieco powin\u0119\u0142a, <\/b>to ju\u017c musi i\u015b\u0107 do piek\u0142a?\u2026 <\/span><\/span><\/span><\/p>\n<p align=\"justify\"><span style=\"color: #000000;\"><span style=\"font-family: Book Antiqua, serif;\"><span style=\"font-size: large;\">A znowu ten drugi \u2013 pijak i \u0142ajdak \u2013 co to tyle z\u0142a wszystkim dooko\u0142a zrobi\u0142, <b>teraz si\u0119 nagle nawr\u00f3ci\u0142, <\/b>do ko\u015bcio\u0142a zacz\u0105\u0142 chodzi\u0107 i ju\u017c taki \u015bwi\u0119ty, i ma i\u015b\u0107 do Nieba?! To co \u2013 <b>ca\u0142e dotychczasowe \u017cycie nie ma znaczenia?<\/b> <\/span><\/span><\/span><\/p>\n<p align=\"justify\"><span style=\"color: #000000;\"><span style=\"font-family: Book Antiqua, serif;\"><span style=\"font-size: large;\">No, w\u0142a\u015bnie, w pierwszym czytaniu s\u0142yszymy, \u017ce tak w\u0142a\u015bnie jest. Bo B\u00f3g m\u00f3wi: <i><b>A gdyby sprawiedliwy odst\u0105pi\u0142 od swej sprawiedliwo\u015bci i pope\u0142nia\u0142 z\u0142o, na\u015bladuj\u0105c wszystkie obrzydliwo\u015bci, kt\u00f3rym si\u0119 oddaje wyst\u0119pny, czy taki b\u0119dzie \u017cy\u0142? \u017baden z wykonanych czyn\u00f3w sprawiedliwych nie b\u0119dzie mu poczytany,<\/b><\/i><b> <\/b><i><b>ale<\/b><\/i><b> <\/b><i><b>umrze z powodu nieprawo\u015bci, kt\u00f3rej si\u0119 dopuszcza\u0142, i grzechu, kt\u00f3ry pope\u0142ni\u0142.<\/b><\/i><b> <\/b>Czy\u017c te s\u0142owa pozostawiaj\u0105 jeszcze <b>przestrze\u0144 dla jakich\u015b w\u0105tpliwo\u015bci? <\/b>Przecie\u017c to wszystko jasne! <\/span><\/span><\/span><\/p>\n<p align=\"justify\"><span style=\"color: #000000;\"><span style=\"font-family: Book Antiqua, serif;\"><span style=\"font-size: large;\">Owszem, mo\u017ce by\u0107 tak, \u017ce kto\u015b, kto odchodzi w stanie nieprzyja\u017ani z Bogiem, <b>ostatnim tchnieniem \u017cycia <\/b>wezwie Pana na pomoc, oka\u017ce skruch\u0119 za grzechy \u2013 i ocaleje na ca\u0142\u0105 wieczno\u015b\u0107. <b>Uratuje swoje zbawienie!<\/b> <\/span><\/span><\/span><\/p>\n<p align=\"justify\"><span style=\"color: #000000;\"><span style=\"font-family: Book Antiqua, serif;\"><span style=\"font-size: large;\">Natomiast generalna zasada jest taka, \u017ce<b> <\/b>skoro<b> B\u00f3g jest istot\u0105 \u017cyj\u0105c\u0105 i aktualnie reaguj\u0105c\u0105 <\/b>na to, z czym do Niego przychodzimy, to jest dla Niego wa\u017cne, jakie jest <b>moje<\/b><b> aktualne nastawienie na Niego.<\/b> I na drugiego cz\u0142owieka. Czyli \u2013 gdzie, po kt\u00f3rej stronie, jest moje serce?\u2026 W tym momencie. <\/span><\/span><\/span><\/p>\n<p align=\"justify\"><span style=\"color: #000000;\"><span style=\"font-family: Book Antiqua, serif;\"><span style=\"font-size: large;\">Bo jakie\u017c znaczenie ma ca\u0142e dotychczas uczynione dobro, je\u017celi <b>w tym momencie buntuj\u0119 si\u0119 przeciwko Bogu?\u2026<\/b> Czy\u017c tym samym \u2013 w tym momencie \u2013 <b>nie wyrzekam si\u0119 ca\u0142ego tego dobra?<\/b> I nie pokazuj\u0119, \u017ce dla mnie samego nie ma ono znaczenia? <\/span><\/span><\/span><\/p>\n<p align=\"justify\"><span style=\"color: #000000;\"><span style=\"font-family: Book Antiqua, serif;\"><span style=\"font-size: large;\">A je\u017celi uczyni\u0142em tak wiele z\u0142a, ale <b>szczerze<\/b> \u2013 to podkre\u015blmy: szczerze, a nie chocia\u017cby dla kampanii wyborczej \u2013 <b>zwr\u00f3ci\u0142em teraz swoje serce ku Panu, <\/b>to czy\u017c nie chc\u0119 tym samym odci\u0105\u0107 si\u0119 od dotychczasowego \u017cycia?\u2026 <\/span><\/span><\/span><\/p>\n<p align=\"justify\"><span style=\"color: #000000;\"><span style=\"font-family: Book Antiqua, serif;\"><span style=\"font-size: large;\">Dlatego naprawd\u0119 wa\u017cne jest, <b>gdzie tu i teraz jest moje serce? <\/b>I gdzie ono stale jest?\u2026 Gdzie mnie zastanie ostatnia chwila mojego \u017cycia? <b>Dok\u0105d <\/b><b>wtedy p\u00f3jd\u0119<\/b><b> \u2013 czy na pewno do Nieba?\u2026 <\/b><\/span><\/span><\/span><\/p>\n","protected":false},"excerpt":{"rendered":"<p>Szcz\u0119\u015b\u0107 Bo\u017ce! Moi Drodzy, w dniu dzisiejszym urodziny prze\u017cywaj\u0105: \u25baKsi\u0105dz Leon Bobrowski \u2013 m\u00f3j Kolega kursowy; \u25baKsi\u0105dz Tomasz Radczuk \u2013 te\u017c; \u25baAgnieszka Niedzia\u0142kowska, zwana \u201eSiw\u0105\u201d, bardzo \u017cywa i zaanga\u017cowana w dobro Osoba, znana mi jeszcze z czas\u00f3w pierwszego wikariatu; \u25baGrzegorz \u015awi\u0119ci\u0144ski \u2013 nale\u017c\u0105cy w swoim czasie do jednej z m\u0142odzie\u017cowych Wsp\u00f3lnot. \u017bycz\u0119 \u015awi\u0119tuj\u0105cym umiej\u0119tno\u015bci codziennego [&hellip;]<\/p>\n","protected":false},"author":1,"featured_media":0,"comment_status":"open","ping_status":"open","sticky":false,"template":"","format":"standard","meta":{"jetpack_post_was_ever_published":false,"_jetpack_newsletter_access":"","_jetpack_dont_email_post_to_subs":false,"_jetpack_newsletter_tier_id":0,"_jetpack_memberships_contains_paywalled_content":false,"_jetpack_memberships_contains_paid_content":false,"footnotes":""},"categories":[1],"tags":[],"class_list":["post-21386","post","type-post","status-publish","format-standard","hentry","category-bez-kategorii"],"yoast_head":"<!-- This site is optimized with the Yoast SEO plugin v25.1 - https:\/\/yoast.com\/wordpress\/plugins\/seo\/ -->\n<title>Czy p\u00f3jd\u0119 do Nieba?... - Gaudium Et Spes<\/title>\n<meta name=\"robots\" content=\"index, follow, max-snippet:-1, max-image-preview:large, max-video-preview:-1\" \/>\n<link rel=\"canonical\" href=\"https:\/\/gaudiumetspes-blog.pl\/index.php\/2023\/03\/03\/czy-pojde-do-nieba\/\" \/>\n<meta property=\"og:locale\" content=\"pl_PL\" \/>\n<meta property=\"og:type\" content=\"article\" \/>\n<meta property=\"og:title\" content=\"Czy p\u00f3jd\u0119 do Nieba?... - Gaudium Et Spes\" \/>\n<meta property=\"og:description\" content=\"Szcz\u0119\u015b\u0107 Bo\u017ce! Moi Drodzy, w dniu dzisiejszym urodziny prze\u017cywaj\u0105: \u25baKsi\u0105dz Leon Bobrowski \u2013 m\u00f3j Kolega kursowy; \u25baKsi\u0105dz Tomasz Radczuk \u2013 te\u017c; \u25baAgnieszka Niedzia\u0142kowska, zwana \u201eSiw\u0105\u201d, bardzo \u017cywa i zaanga\u017cowana w dobro Osoba, znana mi jeszcze z czas\u00f3w pierwszego wikariatu; \u25baGrzegorz \u015awi\u0119ci\u0144ski \u2013 nale\u017c\u0105cy w swoim czasie do jednej z m\u0142odzie\u017cowych Wsp\u00f3lnot. \u017bycz\u0119 \u015awi\u0119tuj\u0105cym umiej\u0119tno\u015bci codziennego [&hellip;]\" \/>\n<meta property=\"og:url\" content=\"https:\/\/gaudiumetspes-blog.pl\/index.php\/2023\/03\/03\/czy-pojde-do-nieba\/\" \/>\n<meta property=\"og:site_name\" content=\"Gaudium Et Spes\" \/>\n<meta property=\"article:published_time\" content=\"2023-03-03T06:12:09+00:00\" \/>\n<meta name=\"author\" content=\"Ks. Jacek\" \/>\n<meta name=\"twitter:card\" content=\"summary_large_image\" \/>\n<meta name=\"twitter:label1\" content=\"Napisane przez\" \/>\n\t<meta name=\"twitter:data1\" content=\"Ks. Jacek\" \/>\n\t<meta name=\"twitter:label2\" content=\"Szacowany czas czytania\" \/>\n\t<meta name=\"twitter:data2\" content=\"11 minut\" \/>\n<script type=\"application\/ld+json\" class=\"yoast-schema-graph\">{\"@context\":\"https:\/\/schema.org\",\"@graph\":[{\"@type\":\"WebPage\",\"@id\":\"https:\/\/gaudiumetspes-blog.pl\/index.php\/2023\/03\/03\/czy-pojde-do-nieba\/\",\"url\":\"https:\/\/gaudiumetspes-blog.pl\/index.php\/2023\/03\/03\/czy-pojde-do-nieba\/\",\"name\":\"Czy p\u00f3jd\u0119 do Nieba?... - Gaudium Et Spes\",\"isPartOf\":{\"@id\":\"https:\/\/gaudiumetspes-blog.pl\/#website\"},\"datePublished\":\"2023-03-03T06:12:09+00:00\",\"author\":{\"@id\":\"https:\/\/gaudiumetspes-blog.pl\/#\/schema\/person\/1661982992b752dea8dff0d4ed845a65\"},\"breadcrumb\":{\"@id\":\"https:\/\/gaudiumetspes-blog.pl\/index.php\/2023\/03\/03\/czy-pojde-do-nieba\/#breadcrumb\"},\"inLanguage\":\"pl-PL\",\"potentialAction\":[{\"@type\":\"ReadAction\",\"target\":[\"https:\/\/gaudiumetspes-blog.pl\/index.php\/2023\/03\/03\/czy-pojde-do-nieba\/\"]}]},{\"@type\":\"BreadcrumbList\",\"@id\":\"https:\/\/gaudiumetspes-blog.pl\/index.php\/2023\/03\/03\/czy-pojde-do-nieba\/#breadcrumb\",\"itemListElement\":[{\"@type\":\"ListItem\",\"position\":1,\"name\":\"Strona g\u0142\u00f3wna\",\"item\":\"https:\/\/gaudiumetspes-blog.pl\/\"},{\"@type\":\"ListItem\",\"position\":2,\"name\":\"Czy&nbsp;p\u00f3jd\u0119 do&nbsp;Nieba?&#8230;\"}]},{\"@type\":\"WebSite\",\"@id\":\"https:\/\/gaudiumetspes-blog.pl\/#website\",\"url\":\"https:\/\/gaudiumetspes-blog.pl\/\",\"name\":\"Gaudium Et Spes\",\"description\":\"Blog Ks. Jacka Ja\u015bkowskiego\",\"potentialAction\":[{\"@type\":\"SearchAction\",\"target\":{\"@type\":\"EntryPoint\",\"urlTemplate\":\"https:\/\/gaudiumetspes-blog.pl\/?s={search_term_string}\"},\"query-input\":{\"@type\":\"PropertyValueSpecification\",\"valueRequired\":true,\"valueName\":\"search_term_string\"}}],\"inLanguage\":\"pl-PL\"},{\"@type\":\"Person\",\"@id\":\"https:\/\/gaudiumetspes-blog.pl\/#\/schema\/person\/1661982992b752dea8dff0d4ed845a65\",\"name\":\"Ks. Jacek\",\"image\":{\"@type\":\"ImageObject\",\"inLanguage\":\"pl-PL\",\"@id\":\"https:\/\/gaudiumetspes-blog.pl\/#\/schema\/person\/image\/\",\"url\":\"https:\/\/gaudiumetspes-blog.pl\/wp-content\/uploads\/2019\/07\/avatar-JJ-150x150.jpg\",\"contentUrl\":\"https:\/\/gaudiumetspes-blog.pl\/wp-content\/uploads\/2019\/07\/avatar-JJ-150x150.jpg\",\"caption\":\"Ks. Jacek\"},\"description\":\"Witam serdecznie! K\u0142ania si\u0119 Ks. Jacek Ja\u015bkowski. Nie jestem ani kim\u015b wa\u017cnym, ani kim\u015b znanym. Jestem ksi\u0119dzem, kt\u00f3ry po prostu chce rozmawia\u0107. Codzienna kap\u0142a\u0144ska pos\u0142uga pokazuje mi, \u017ce temat\u00f3w do rozm\u00f3w z ksi\u0119dzem jest coraz wi\u0119cej i dzisiaj \u017caden ksi\u0105dz nie mo\u017ce od nich ucieka\u0107, ale - wprost przeciwnie - podejmowa\u0107 nowe wyzwania. To przekonanie sk\u0142oni\u0142o mnie do pr\u00f3by otwarcia tego\u017c bloga, chocia\u017c okazji do rozm\u00f3w na co dzie\u0144 - w konfesjonale i poza nim - na szcz\u0119\u015bcie nie brakuje. My\u015bl\u0119 jednak, \u017ce ten blog b\u0119dzie jeszcze jednym sposobem i przestrzeni\u0105 nawi\u0105zania kontaktu z lud\u017ami dobrej woli, otwartymi na dialog.\",\"url\":\"https:\/\/gaudiumetspes-blog.pl\/index.php\/author\/ks-jacek\/\"}]}<\/script>\n<!-- \/ Yoast SEO plugin. -->","yoast_head_json":{"title":"Czy p\u00f3jd\u0119 do Nieba?... - Gaudium Et Spes","robots":{"index":"index","follow":"follow","max-snippet":"max-snippet:-1","max-image-preview":"max-image-preview:large","max-video-preview":"max-video-preview:-1"},"canonical":"https:\/\/gaudiumetspes-blog.pl\/index.php\/2023\/03\/03\/czy-pojde-do-nieba\/","og_locale":"pl_PL","og_type":"article","og_title":"Czy p\u00f3jd\u0119 do Nieba?... - Gaudium Et Spes","og_description":"Szcz\u0119\u015b\u0107 Bo\u017ce! Moi Drodzy, w dniu dzisiejszym urodziny prze\u017cywaj\u0105: \u25baKsi\u0105dz Leon Bobrowski \u2013 m\u00f3j Kolega kursowy; \u25baKsi\u0105dz Tomasz Radczuk \u2013 te\u017c; \u25baAgnieszka Niedzia\u0142kowska, zwana \u201eSiw\u0105\u201d, bardzo \u017cywa i zaanga\u017cowana w dobro Osoba, znana mi jeszcze z czas\u00f3w pierwszego wikariatu; \u25baGrzegorz \u015awi\u0119ci\u0144ski \u2013 nale\u017c\u0105cy w swoim czasie do jednej z m\u0142odzie\u017cowych Wsp\u00f3lnot. \u017bycz\u0119 \u015awi\u0119tuj\u0105cym umiej\u0119tno\u015bci codziennego [&hellip;]","og_url":"https:\/\/gaudiumetspes-blog.pl\/index.php\/2023\/03\/03\/czy-pojde-do-nieba\/","og_site_name":"Gaudium Et Spes","article_published_time":"2023-03-03T06:12:09+00:00","author":"Ks. Jacek","twitter_card":"summary_large_image","twitter_misc":{"Napisane przez":"Ks. Jacek","Szacowany czas czytania":"11 minut"},"schema":{"@context":"https:\/\/schema.org","@graph":[{"@type":"WebPage","@id":"https:\/\/gaudiumetspes-blog.pl\/index.php\/2023\/03\/03\/czy-pojde-do-nieba\/","url":"https:\/\/gaudiumetspes-blog.pl\/index.php\/2023\/03\/03\/czy-pojde-do-nieba\/","name":"Czy p\u00f3jd\u0119 do Nieba?... - Gaudium Et Spes","isPartOf":{"@id":"https:\/\/gaudiumetspes-blog.pl\/#website"},"datePublished":"2023-03-03T06:12:09+00:00","author":{"@id":"https:\/\/gaudiumetspes-blog.pl\/#\/schema\/person\/1661982992b752dea8dff0d4ed845a65"},"breadcrumb":{"@id":"https:\/\/gaudiumetspes-blog.pl\/index.php\/2023\/03\/03\/czy-pojde-do-nieba\/#breadcrumb"},"inLanguage":"pl-PL","potentialAction":[{"@type":"ReadAction","target":["https:\/\/gaudiumetspes-blog.pl\/index.php\/2023\/03\/03\/czy-pojde-do-nieba\/"]}]},{"@type":"BreadcrumbList","@id":"https:\/\/gaudiumetspes-blog.pl\/index.php\/2023\/03\/03\/czy-pojde-do-nieba\/#breadcrumb","itemListElement":[{"@type":"ListItem","position":1,"name":"Strona g\u0142\u00f3wna","item":"https:\/\/gaudiumetspes-blog.pl\/"},{"@type":"ListItem","position":2,"name":"Czy&nbsp;p\u00f3jd\u0119 do&nbsp;Nieba?&#8230;"}]},{"@type":"WebSite","@id":"https:\/\/gaudiumetspes-blog.pl\/#website","url":"https:\/\/gaudiumetspes-blog.pl\/","name":"Gaudium Et Spes","description":"Blog Ks. Jacka Ja\u015bkowskiego","potentialAction":[{"@type":"SearchAction","target":{"@type":"EntryPoint","urlTemplate":"https:\/\/gaudiumetspes-blog.pl\/?s={search_term_string}"},"query-input":{"@type":"PropertyValueSpecification","valueRequired":true,"valueName":"search_term_string"}}],"inLanguage":"pl-PL"},{"@type":"Person","@id":"https:\/\/gaudiumetspes-blog.pl\/#\/schema\/person\/1661982992b752dea8dff0d4ed845a65","name":"Ks. Jacek","image":{"@type":"ImageObject","inLanguage":"pl-PL","@id":"https:\/\/gaudiumetspes-blog.pl\/#\/schema\/person\/image\/","url":"https:\/\/gaudiumetspes-blog.pl\/wp-content\/uploads\/2019\/07\/avatar-JJ-150x150.jpg","contentUrl":"https:\/\/gaudiumetspes-blog.pl\/wp-content\/uploads\/2019\/07\/avatar-JJ-150x150.jpg","caption":"Ks. Jacek"},"description":"Witam serdecznie! K\u0142ania si\u0119 Ks. Jacek Ja\u015bkowski. Nie jestem ani kim\u015b wa\u017cnym, ani kim\u015b znanym. Jestem ksi\u0119dzem, kt\u00f3ry po prostu chce rozmawia\u0107. Codzienna kap\u0142a\u0144ska pos\u0142uga pokazuje mi, \u017ce temat\u00f3w do rozm\u00f3w z ksi\u0119dzem jest coraz wi\u0119cej i dzisiaj \u017caden ksi\u0105dz nie mo\u017ce od nich ucieka\u0107, ale - wprost przeciwnie - podejmowa\u0107 nowe wyzwania. To przekonanie sk\u0142oni\u0142o mnie do pr\u00f3by otwarcia tego\u017c bloga, chocia\u017c okazji do rozm\u00f3w na co dzie\u0144 - w konfesjonale i poza nim - na szcz\u0119\u015bcie nie brakuje. My\u015bl\u0119 jednak, \u017ce ten blog b\u0119dzie jeszcze jednym sposobem i przestrzeni\u0105 nawi\u0105zania kontaktu z lud\u017ami dobrej woli, otwartymi na dialog.","url":"https:\/\/gaudiumetspes-blog.pl\/index.php\/author\/ks-jacek\/"}]}},"jetpack_featured_media_url":"","jetpack_sharing_enabled":true,"_links":{"self":[{"href":"https:\/\/gaudiumetspes-blog.pl\/index.php\/wp-json\/wp\/v2\/posts\/21386","targetHints":{"allow":["GET"]}}],"collection":[{"href":"https:\/\/gaudiumetspes-blog.pl\/index.php\/wp-json\/wp\/v2\/posts"}],"about":[{"href":"https:\/\/gaudiumetspes-blog.pl\/index.php\/wp-json\/wp\/v2\/types\/post"}],"author":[{"embeddable":true,"href":"https:\/\/gaudiumetspes-blog.pl\/index.php\/wp-json\/wp\/v2\/users\/1"}],"replies":[{"embeddable":true,"href":"https:\/\/gaudiumetspes-blog.pl\/index.php\/wp-json\/wp\/v2\/comments?post=21386"}],"version-history":[{"count":1,"href":"https:\/\/gaudiumetspes-blog.pl\/index.php\/wp-json\/wp\/v2\/posts\/21386\/revisions"}],"predecessor-version":[{"id":21387,"href":"https:\/\/gaudiumetspes-blog.pl\/index.php\/wp-json\/wp\/v2\/posts\/21386\/revisions\/21387"}],"wp:attachment":[{"href":"https:\/\/gaudiumetspes-blog.pl\/index.php\/wp-json\/wp\/v2\/media?parent=21386"}],"wp:term":[{"taxonomy":"category","embeddable":true,"href":"https:\/\/gaudiumetspes-blog.pl\/index.php\/wp-json\/wp\/v2\/categories?post=21386"},{"taxonomy":"post_tag","embeddable":true,"href":"https:\/\/gaudiumetspes-blog.pl\/index.php\/wp-json\/wp\/v2\/tags?post=21386"}],"curies":[{"name":"wp","href":"https:\/\/api.w.org\/{rel}","templated":true}]}}