{"id":21393,"date":"2023-03-06T09:10:26","date_gmt":"2023-03-06T08:10:26","guid":{"rendered":"https:\/\/gaudiumetspes-blog.pl\/?p=21393"},"modified":"2023-03-06T09:12:46","modified_gmt":"2023-03-06T08:12:46","slug":"zgrzeszylismy-zbladzilismy-2","status":"publish","type":"post","link":"https:\/\/gaudiumetspes-blog.pl\/index.php\/2023\/03\/06\/zgrzeszylismy-zbladzilismy-2\/","title":{"rendered":"Zgrzeszyli\u015bmy, zb\u0142\u0105dzili\u015bmy&#8230;"},"content":{"rendered":"<p align=\"justify\"><span style=\"color: #000000;\"><span style=\"font-family: Book Antiqua, serif;\"><span style=\"font-size: large;\">Szcz\u0119\u015b\u0107 Bo\u017ce! Moi Drodzy, wczorajsze nasze Gorzkie \u017bale wybrzmia\u0142y wspaniale! Naszym \u015bpiewom towarzyszy\u0142 akompaniament trojga Muzyk\u00f3w: Pana Tadeusza Goca na gitarze, Pani Alicji Szumowieckiej na skrzypcach i Pana \u0141ukasza Doma\u0144skiego na instrumencie klawiszowym. I by\u0142o ca\u0142kiem sporo Os\u00f3b \u2013 jak na nasze warunki. Przy okazji \u2013 troch\u0119 spontanicznie \u2013 og\u0142osi\u0142em konkurs na nazw\u0119 tego Tercetu muzycznego. Pi\u0119kne nabo\u017ce\u0144stwo! Tyle serca w\u0142o\u017cyli w nie wszyscy Uczestnicy\u2026 <\/span><\/span><\/span><\/p>\n<p align=\"justify\"><span style=\"color: #000000;\"><span style=\"font-family: Book Antiqua, serif;\"><span style=\"font-size: large;\">Dzisiejsze s\u0142\u00f3wko przygotowa\u0142 Janek \u2013 jak w ka\u017cdy poniedzia\u0142ek. Bardzo Mu za to dzi\u0119kuj\u0119!<\/span><\/span><\/span><\/p>\n<p align=\"justify\"><span style=\"color: #000000;\"><span style=\"font-family: Book Antiqua, serif;\"><span style=\"font-size: large;\">A teraz ju\u017c zapraszam do pochylenia si\u0119 nad Bo\u017cym s\u0142owem dzisiejszej liturgii.<b> Co Pan konkretnie do mnie m\u00f3wi? Jakie jest to jedno, jedyne przes\u0142anie, z jakim dzi\u015b do mnie wychodzi?<\/b> Niech Duch \u015awi\u0119ty b\u0119dzie natchnieniem i \u015bwiat\u0142em!<\/span><\/span><\/span><\/p>\n<p align=\"justify\"><span style=\"color: #000000;\"><span style=\"font-family: Book Antiqua, serif;\"><span style=\"font-size: large;\"><b>Niech Was b\u0142ogos\u0142awi B\u00f3g Wszechmog\u0105cy: Ojciec + i Syn, i Duch \u015awi\u0119ty. Amen<\/b><\/span><\/span><\/span><\/p>\n<p align=\"center\"><span style=\"color: #000000;\"><span style=\"font-family: Book Antiqua, serif;\"><span style=\"font-size: large;\">Gaudium et spes! Ks. Jacek<\/span><\/span><\/span><\/p>\n<p align=\"center\">\n<p align=\"center\">\n<p align=\"center\">\n<p align=\"center\">\n<p align=\"center\">\n<p align=\"justify\"><span style=\"color: #000000;\"><span style=\"font-family: Book Antiqua, serif;\"><span style=\"font-size: large;\"><b>Poniedzia\u0142ek 2 Tygodnia Wielkiego Postu,<\/b><\/span><\/span><\/span><\/p>\n<p align=\"justify\"><span style=\"color: #000000;\"><span style=\"font-family: Book Antiqua, serif;\"><span style=\"font-size: large;\"><b>6 marca 2023.,\u00a0<\/b><\/span><\/span><\/span><\/p>\n<p align=\"justify\"><span style=\"color: #000000;\"><span style=\"font-family: Book Antiqua, serif;\"><span style=\"font-size: large;\"><b>do czyta\u0144: Dn 9,4b\u201310; \u0141k 6,36\u201338<\/b><\/span><\/span><\/span><\/p>\n<p align=\"justify\">\n<p align=\"justify\">\n<p align=\"justify\">\n<p align=\"justify\">\n<p align=\"justify\">\n<p align=\"justify\"><span style=\"color: #000000;\"><span style=\"font-family: Book Antiqua, serif;\"><span style=\"font-size: large;\"><b>CZYTANIE Z KSI\u0118GI PROROKA DANIELA: <\/b><\/span><\/span><\/span><\/p>\n<p align=\"justify\"><span style=\"color: #000000;\"><span style=\"font-family: Book Antiqua, serif;\"><span style=\"font-size: large;\"><b>O Panie m\u00f3j, Bo\u017ce wielki i straszliwy, kt\u00f3ry dochowujesz wiernie przymierza tym, co Ciebie kochaj\u0105 i przestrzegaj\u0105 Twoich przykaza\u0144! <\/b><\/span><\/span><\/span><\/p>\n<p align=\"justify\"><span style=\"color: #000000;\"><span style=\"font-family: Book Antiqua, serif;\"><span style=\"font-size: large;\"><b>Zgrzeszyli\u015bmy, zb\u0142\u0105dzili\u015bmy, pope\u0142nili\u015bmy nieprawo\u015b\u0107 i zbuntowali\u015bmy si\u0119, odst\u0105pili\u015bmy od Twoich przykaza\u0144. Nie byli\u015bmy pos\u0142uszni Twoim s\u0142ugom, prorokom, kt\u00f3rzy przemawiali w Twoim imieniu do naszych kr\u00f3l\u00f3w, do naszych przyw\u00f3dc\u00f3w, do naszych przodk\u00f3w i do ca\u0142ego narodu kraju. <\/b><\/span><\/span><\/span><\/p>\n<p align=\"justify\"><span style=\"color: #000000;\"><span style=\"font-family: Book Antiqua, serif;\"><span style=\"font-size: large;\"><b>Tobie, Panie, nale\u017cy si\u0119 sprawiedliwo\u015b\u0107, nam za\u015b wstyd na twarzach, jak to jest dzi\u015b: mieszka\u0144com Judy i Jerozolimy oraz ca\u0142emu Izraelowi, bliskim i dalekim we wszystkich krajach, do kt\u00f3rych ich wyp\u0119dzi\u0142e\u015b z powodu niewierno\u015bci, jak\u0105 Ci okazali. <\/b><\/span><\/span><\/span><\/p>\n<p align=\"justify\"><span style=\"color: #000000;\"><span style=\"font-family: Book Antiqua, serif;\"><span style=\"font-size: large;\"><b>Panie! Wstyd na twarzach niech okrywa nas, naszych kr\u00f3l\u00f3w, naszych przyw\u00f3dc\u00f3w i naszych przodk\u00f3w, bo zgrzeszyli\u015bmy przeciw Tobie. Pan za\u015b, nasz B\u00f3g, jest mi\u0142osierny i okazuje \u0142askawo\u015b\u0107, mimo \u017ce zbuntowali\u015bmy si\u0119 przeciw Niemu i nie s\u0142uchali\u015bmy g\u0142osu Pana, naszego Boga, by post\u0119powa\u0107 wed\u0142ug Jego wskaza\u0144, kt\u00f3re nam da\u0142 przez swoje s\u0142ugi, prorok\u00f3w.<\/b><\/span><\/span><\/span><\/p>\n<p align=\"justify\">\n<p align=\"justify\">\n<p align=\"justify\">\n<p align=\"justify\">\n<p align=\"justify\">\n<p align=\"justify\"><span style=\"color: #000000;\"><span style=\"font-family: Book Antiqua, serif;\"><span style=\"font-size: large;\"><b>S\u0141OWA EWANGELII WED\u0141UG \u015aWI\u0118TEGO \u0141UKASZA: <\/b><\/span><\/span><\/span><\/p>\n<p align=\"justify\"><span style=\"color: #000000;\"><span style=\"font-family: Book Antiqua, serif;\"><span style=\"font-size: large;\"><b>Jezus powiedzia\u0142 do swoich uczni\u00f3w: \u201eB\u0105d\u017acie mi\u0142osierni, jak Ojciec wasz jest mi\u0142osierny. Nie s\u0105d\u017acie, a nie b\u0119dziecie s\u0105dzeni; nie pot\u0119piajcie, a nie b\u0119dziecie pot\u0119pieni; odpuszczajcie, a b\u0119dzie wam odpuszczone. <\/b><\/span><\/span><\/span><\/p>\n<p align=\"justify\"><span style=\"color: #000000;\"><span style=\"font-family: Book Antiqua, serif;\"><span style=\"font-size: large;\"><b>Dawajcie, a b\u0119dzie wam dane: miar\u0105 dobr\u0105, nat\u0142oczon\u0105, utrz\u0119sion\u0105 i op\u0142ywaj\u0105c\u0105 wsypi\u0105 w zanadrze wasze. Odmierz\u0105 wam bowiem tak\u0105 miar\u0105, jak\u0105 wy mierzycie\u201d.<\/b><\/span><\/span><\/span><\/p>\n<p align=\"justify\">\n<p align=\"justify\">\n<p align=\"justify\">\n<p align=\"justify\">\n<p align=\"justify\">\n<p align=\"center\"><span style=\"color: #000000;\"><span style=\"font-family: Book Antiqua, serif;\"><span style=\"font-size: large;\"><b>A OTO S\u0141\u00d3WKO JANKA:<\/b><\/span><\/span><\/span><\/p>\n<p align=\"center\">\n<p align=\"center\">\n<p align=\"center\">\n<p align=\"center\">\n<p align=\"center\">\n<p align=\"justify\"><span style=\"color: #000000;\"><span style=\"font-family: Book Antiqua, serif;\"><span style=\"font-size: large;\">W tym dzisiejszym czytaniu, najbardziej dotkn<\/span><span style=\"font-size: large;\">\u0119\u0142o mnie to, \u017ce ludzi<\/span><span style=\"font-size: large;\">e wyra\u017caj\u0105 tak szczerze i serdecznie \u017cal za swoje grzechy. <\/span><\/span><\/span><\/p>\n<p align=\"justify\"><span style=\"color: #000000;\"><span style=\"font-family: Book Antiqua, serif;\"><span style=\"font-size: large;\">I tak sobie my\u015bl\u0119, \u017ce nie bez powodu Jezus da\u0142 w Ko\u015bciele to czytanie w\u0142a\u015bnie w Wielkim Po\u015bcie. Bo On zawsze nam m\u00f3wi\u0142, \u017ce mamy mie\u0107 serce gotowe, bo w godzinie, kt\u00f3rej si\u0119 nie domy\u015blamy, On do nas i po nas przyjdzie! <\/span><\/span><\/span><\/p>\n<p align=\"justify\"><span style=\"color: #000000;\"><span style=\"font-family: Book Antiqua, serif;\"><span style=\"font-size: large;\">I w\u0142a\u015bnie ten Wielki Post jest po to, aby\u015bmy na nowo to sobie u\u015bwiadomili \u2013 w\u0142a\u015bnie to, \u017ce w ka\u017cdym momencie naszego \u017cycia Pan naprawd\u0119 mo\u017ce do nas przyj\u015b\u0107. Niewa\u017cne, czy cz\u0142owiek ten ma lat szesna\u015bcie, czy czterdzie\u015bci sze\u015b\u0107, czy mo\u017ce nawet dziewi\u0119\u0107dziesi\u0105t sze\u015b\u0107, czy mo\u017ce i wi\u0119cej. Pan w ka\u017cdym momencie mo\u017ce przyj\u015b\u0107 i powiedzie\u0107: Tw\u00f3j czas na ziemi min\u0105\u0142. Zapraszam na s\u0105d\u2026 I co wtedy? <\/span><\/span><\/span><\/p>\n<p align=\"justify\"><span style=\"color: #000000;\"><span style=\"font-family: Book Antiqua, serif;\"><span style=\"font-size: large;\">Przygotowanie do \u015bmierci mog\u0119 por\u00f3wna\u0107 z nasz\u0105 codzienn\u0105 trosk\u0105 o ubi\u00f3r. Mo\u017cna sobie wyobrazi\u0107 sytuacj\u0119, \u017ce oto czekamy na spotkanie z przyjacielem, kt\u00f3ry w ka\u017cdej chwili mo\u017ce przyj\u015b\u0107. I powiedzmy sobie szczerze, \u017ce w takiej sytuacji, kiedy kogo\u015b si\u0119 spodziewamy, mamy w domu posprz\u0105tane. Jeste\u015bmy \u0142adnie ubrani i przygotowani \u2013 i ju\u017c tylko wygl\u0105damy, kiedy to ten nasz przyjaciel przyjdzie. <\/span><\/span><\/span><\/p>\n<p align=\"justify\"><span style=\"color: #000000;\"><span style=\"font-family: Book Antiqua, serif;\"><span style=\"font-size: large;\">Lecz s\u0105 te\u017c ludzie, kt\u00f3rzy podchodz\u0105 do ca\u0142ej sprawy na zasadzie: \u201eOj tam, ten cz\u0142owiek nigdy na czas nie przychodzi, a mo\u017ce teraz w og\u00f3le nie przyjdzie, mo\u017ce zapomni\u2026\u201d \u2013 i chodz\u0105 nadal w by\u0142e jakich ciuchach, i maj\u0105 nieogarni\u0119te w domu, to kiedy \u00f3w go\u015b\u0107 jednak si\u0119 pojawi, co w\u00f3wczas powiedz\u0105? \u017be si\u0119 go nie spodziewali? A wtedy pojawi si\u0119 wstyd i \u017cal do samego siebie: \u201eDlaczego ja jednak nie posprz\u0105ta\u0142em? Czemu si\u0119 jednak nie przygotowa\u0142em? Przepraszam za taki ba\u0142agan\u201d\u2026 <\/span><\/span><\/span><\/p>\n<p align=\"justify\"><span style=\"color: #000000;\"><span style=\"font-family: Book Antiqua, serif;\"><span style=\"font-size: large;\">I tak samo mo\u017ce by\u0107 w naszym \u017cyciu! Jeden b\u0119dzie przygotowany na \u015bmier\u0107, a drugi \u2013 nie. A Pan nas wzywa, by\u015bmy byli na \u015bmier\u0107 gotowi zawsze, w ka\u017cdej chwili! I zach\u0119ca nas, by\u015bmy przyst\u0119powali do sakrament\u00f3w. W tym w\u0142a\u015bnie do Sakramentu Pokuty i Pojednania. Wielu z nas boi si\u0119 do niego przyst\u0119powa\u0107. Lecz czy wiemy, \u017ce nieraz ten strach mo\u017ce zadecydowa\u0107 o naszym zbawieniu? <\/span><\/span><\/span><\/p>\n<p align=\"justify\"><span style=\"color: #000000;\"><span style=\"font-family: Book Antiqua, serif;\"><span style=\"font-size: large;\">Przecie\u017c Spowied\u017a nie musi zaraz bole\u0107! A wr\u0119cz przeciwnie: je\u017celi zrozumiemy, \u017ce w Spowiedzi nie liczy si\u0119 tak naprawd\u0119 przed Bogiem wyliczenie naszych grzech\u00f3w (chocia\u017c jest ono konieczne) i nie liczy si\u0119 dla Boga tak naprawd\u0119 szczeg\u00f3\u0142owe opowiedzenie tego, co i jak zrobili\u015bmy, bo On i tak do dok\u0142adnie wie i wszystko widzi, ale najbardziej liczy si\u0119 dla Niego to, czy potrafimy by\u0107 szczerzy i \u017ca\u0142owa\u0107 za pope\u0142nione z\u0142o, to w\u00f3wczas ta Spowied\u017a przyniesie b\u0142ogos\u0142awione owoce. I wcale nie trzeba si\u0119 b\u0119dzie jej ba\u0107! Bo B\u00f3g nam naprawd\u0119 wszystko wybaczy! Bo jest On przecie\u017c mi\u0142osierny! I chce dla nas dobrze \u2013 naprawd\u0119! Tylko my musimy w to uwierzy\u0107! I musimy tego chcie\u0107! <\/span><\/span><\/span><\/p>\n<p align=\"justify\"><span style=\"color: #000000;\"><span style=\"font-family: Book Antiqua, serif;\"><span style=\"font-size: large;\">I tak, jak zach\u0119ca nas dzisiejsza Ewangelia, mamy wybiera\u0107 dobro. I czyni\u0107 dobro! Bo B\u00f3g nas ukszta\u0142towa\u0142 na swoje podobie\u0144stwo! A On przecie\u017c jest dobry! <\/span><\/span><\/span><\/p>\n<p align=\"justify\"><span style=\"color: #000000;\"><span style=\"font-family: Book Antiqua, serif;\"><span style=\"font-size: large;\">Dlatego warto skorzysta\u0107 z ciekawej rady \u015awi\u0119tego Franciszka: \u201eZawsze g\u0142o\u015bcie Ewangeli\u0119, a gdyby by\u0142o to konieczne, to te\u017c s\u0142owami.\u201d Rzeczywi\u015bcie, w naszym \u015bwiadectwie wiary chyba mniej chodzi o m\u00f3wienie i wskazywanie: \u201ePatrzcie! Ja wierz\u0119! Jak ja gorliwie wierz\u0119! Zobaczcie! Jestem w ko\u015bciele!\u201d NIE! TO NIE TAK! Ta postawa musi by\u0107 w nas trwa\u0142a, nie tylko chwilowa. Musimy tym \u017cy\u0107! A zatem \u2013 czyny, a nie s\u0142owa! A zobaczymy, \u017ce to przyniesie lepsze efekty, ni\u017c samo s\u0142owne przechwalanie si\u0119 przed ca\u0142ym \u015bwiatem. <\/span><\/span><\/span><\/p>\n<p align=\"justify\"><span style=\"color: #000000;\"><span style=\"font-family: Book Antiqua, serif;\"><span style=\"font-size: large;\">Id\u017amy wi\u0119c za dobrem i czy\u0144my dobro, a jak upadniemy, to oczy\u015b\u0107my si\u0119 z tego w Sakramencie Spowiedzi i kroczmy dalej \u2013 do \u015bwi\u0119to\u015bci!<\/span><\/span><\/span><\/p>\n","protected":false},"excerpt":{"rendered":"<p>Szcz\u0119\u015b\u0107 Bo\u017ce! Moi Drodzy, wczorajsze nasze Gorzkie \u017bale wybrzmia\u0142y wspaniale! Naszym \u015bpiewom towarzyszy\u0142 akompaniament trojga Muzyk\u00f3w: Pana Tadeusza Goca na gitarze, Pani Alicji Szumowieckiej na skrzypcach i Pana \u0141ukasza Doma\u0144skiego na instrumencie klawiszowym. I by\u0142o ca\u0142kiem sporo Os\u00f3b \u2013 jak na nasze warunki. Przy okazji \u2013 troch\u0119 spontanicznie \u2013 og\u0142osi\u0142em konkurs na nazw\u0119 tego Tercetu [&hellip;]<\/p>\n","protected":false},"author":1,"featured_media":0,"comment_status":"open","ping_status":"open","sticky":false,"template":"","format":"standard","meta":{"jetpack_post_was_ever_published":false,"_jetpack_newsletter_access":"","_jetpack_dont_email_post_to_subs":false,"_jetpack_newsletter_tier_id":0,"_jetpack_memberships_contains_paywalled_content":false,"_jetpack_memberships_contains_paid_content":false,"footnotes":""},"categories":[1],"tags":[],"class_list":["post-21393","post","type-post","status-publish","format-standard","hentry","category-bez-kategorii"],"yoast_head":"<!-- This site is optimized with the Yoast SEO plugin v25.1 - https:\/\/yoast.com\/wordpress\/plugins\/seo\/ -->\n<title>Zgrzeszyli\u015bmy, zb\u0142\u0105dzili\u015bmy... - Gaudium Et Spes<\/title>\n<meta name=\"robots\" content=\"index, follow, max-snippet:-1, max-image-preview:large, max-video-preview:-1\" \/>\n<link rel=\"canonical\" href=\"https:\/\/gaudiumetspes-blog.pl\/index.php\/2023\/03\/06\/zgrzeszylismy-zbladzilismy-2\/\" \/>\n<meta property=\"og:locale\" content=\"pl_PL\" \/>\n<meta property=\"og:type\" content=\"article\" \/>\n<meta property=\"og:title\" content=\"Zgrzeszyli\u015bmy, zb\u0142\u0105dzili\u015bmy... - Gaudium Et Spes\" \/>\n<meta property=\"og:description\" content=\"Szcz\u0119\u015b\u0107 Bo\u017ce! Moi Drodzy, wczorajsze nasze Gorzkie \u017bale wybrzmia\u0142y wspaniale! Naszym \u015bpiewom towarzyszy\u0142 akompaniament trojga Muzyk\u00f3w: Pana Tadeusza Goca na gitarze, Pani Alicji Szumowieckiej na skrzypcach i Pana \u0141ukasza Doma\u0144skiego na instrumencie klawiszowym. I by\u0142o ca\u0142kiem sporo Os\u00f3b \u2013 jak na nasze warunki. Przy okazji \u2013 troch\u0119 spontanicznie \u2013 og\u0142osi\u0142em konkurs na nazw\u0119 tego Tercetu [&hellip;]\" \/>\n<meta property=\"og:url\" content=\"https:\/\/gaudiumetspes-blog.pl\/index.php\/2023\/03\/06\/zgrzeszylismy-zbladzilismy-2\/\" \/>\n<meta property=\"og:site_name\" content=\"Gaudium Et Spes\" \/>\n<meta property=\"article:published_time\" content=\"2023-03-06T08:10:26+00:00\" \/>\n<meta property=\"article:modified_time\" content=\"2023-03-06T08:12:46+00:00\" \/>\n<meta name=\"author\" content=\"Ks. Jacek\" \/>\n<meta name=\"twitter:card\" content=\"summary_large_image\" \/>\n<meta name=\"twitter:label1\" content=\"Napisane przez\" \/>\n\t<meta name=\"twitter:data1\" content=\"Ks. Jacek\" \/>\n\t<meta name=\"twitter:label2\" content=\"Szacowany czas czytania\" \/>\n\t<meta name=\"twitter:data2\" content=\"6 minut\" \/>\n<script type=\"application\/ld+json\" class=\"yoast-schema-graph\">{\"@context\":\"https:\/\/schema.org\",\"@graph\":[{\"@type\":\"WebPage\",\"@id\":\"https:\/\/gaudiumetspes-blog.pl\/index.php\/2023\/03\/06\/zgrzeszylismy-zbladzilismy-2\/\",\"url\":\"https:\/\/gaudiumetspes-blog.pl\/index.php\/2023\/03\/06\/zgrzeszylismy-zbladzilismy-2\/\",\"name\":\"Zgrzeszyli\u015bmy, zb\u0142\u0105dzili\u015bmy... - Gaudium Et Spes\",\"isPartOf\":{\"@id\":\"https:\/\/gaudiumetspes-blog.pl\/#website\"},\"datePublished\":\"2023-03-06T08:10:26+00:00\",\"dateModified\":\"2023-03-06T08:12:46+00:00\",\"author\":{\"@id\":\"https:\/\/gaudiumetspes-blog.pl\/#\/schema\/person\/1661982992b752dea8dff0d4ed845a65\"},\"breadcrumb\":{\"@id\":\"https:\/\/gaudiumetspes-blog.pl\/index.php\/2023\/03\/06\/zgrzeszylismy-zbladzilismy-2\/#breadcrumb\"},\"inLanguage\":\"pl-PL\",\"potentialAction\":[{\"@type\":\"ReadAction\",\"target\":[\"https:\/\/gaudiumetspes-blog.pl\/index.php\/2023\/03\/06\/zgrzeszylismy-zbladzilismy-2\/\"]}]},{\"@type\":\"BreadcrumbList\",\"@id\":\"https:\/\/gaudiumetspes-blog.pl\/index.php\/2023\/03\/06\/zgrzeszylismy-zbladzilismy-2\/#breadcrumb\",\"itemListElement\":[{\"@type\":\"ListItem\",\"position\":1,\"name\":\"Strona g\u0142\u00f3wna\",\"item\":\"https:\/\/gaudiumetspes-blog.pl\/\"},{\"@type\":\"ListItem\",\"position\":2,\"name\":\"Zgrzeszyli\u015bmy, zb\u0142\u0105dzili\u015bmy&#8230;\"}]},{\"@type\":\"WebSite\",\"@id\":\"https:\/\/gaudiumetspes-blog.pl\/#website\",\"url\":\"https:\/\/gaudiumetspes-blog.pl\/\",\"name\":\"Gaudium Et Spes\",\"description\":\"Blog Ks. Jacka Ja\u015bkowskiego\",\"potentialAction\":[{\"@type\":\"SearchAction\",\"target\":{\"@type\":\"EntryPoint\",\"urlTemplate\":\"https:\/\/gaudiumetspes-blog.pl\/?s={search_term_string}\"},\"query-input\":{\"@type\":\"PropertyValueSpecification\",\"valueRequired\":true,\"valueName\":\"search_term_string\"}}],\"inLanguage\":\"pl-PL\"},{\"@type\":\"Person\",\"@id\":\"https:\/\/gaudiumetspes-blog.pl\/#\/schema\/person\/1661982992b752dea8dff0d4ed845a65\",\"name\":\"Ks. Jacek\",\"image\":{\"@type\":\"ImageObject\",\"inLanguage\":\"pl-PL\",\"@id\":\"https:\/\/gaudiumetspes-blog.pl\/#\/schema\/person\/image\/\",\"url\":\"https:\/\/gaudiumetspes-blog.pl\/wp-content\/uploads\/2019\/07\/avatar-JJ-150x150.jpg\",\"contentUrl\":\"https:\/\/gaudiumetspes-blog.pl\/wp-content\/uploads\/2019\/07\/avatar-JJ-150x150.jpg\",\"caption\":\"Ks. Jacek\"},\"description\":\"Witam serdecznie! K\u0142ania si\u0119 Ks. Jacek Ja\u015bkowski. Nie jestem ani kim\u015b wa\u017cnym, ani kim\u015b znanym. Jestem ksi\u0119dzem, kt\u00f3ry po prostu chce rozmawia\u0107. Codzienna kap\u0142a\u0144ska pos\u0142uga pokazuje mi, \u017ce temat\u00f3w do rozm\u00f3w z ksi\u0119dzem jest coraz wi\u0119cej i dzisiaj \u017caden ksi\u0105dz nie mo\u017ce od nich ucieka\u0107, ale - wprost przeciwnie - podejmowa\u0107 nowe wyzwania. To przekonanie sk\u0142oni\u0142o mnie do pr\u00f3by otwarcia tego\u017c bloga, chocia\u017c okazji do rozm\u00f3w na co dzie\u0144 - w konfesjonale i poza nim - na szcz\u0119\u015bcie nie brakuje. My\u015bl\u0119 jednak, \u017ce ten blog b\u0119dzie jeszcze jednym sposobem i przestrzeni\u0105 nawi\u0105zania kontaktu z lud\u017ami dobrej woli, otwartymi na dialog.\",\"url\":\"https:\/\/gaudiumetspes-blog.pl\/index.php\/author\/ks-jacek\/\"}]}<\/script>\n<!-- \/ Yoast SEO plugin. -->","yoast_head_json":{"title":"Zgrzeszyli\u015bmy, zb\u0142\u0105dzili\u015bmy... - Gaudium Et Spes","robots":{"index":"index","follow":"follow","max-snippet":"max-snippet:-1","max-image-preview":"max-image-preview:large","max-video-preview":"max-video-preview:-1"},"canonical":"https:\/\/gaudiumetspes-blog.pl\/index.php\/2023\/03\/06\/zgrzeszylismy-zbladzilismy-2\/","og_locale":"pl_PL","og_type":"article","og_title":"Zgrzeszyli\u015bmy, zb\u0142\u0105dzili\u015bmy... - Gaudium Et Spes","og_description":"Szcz\u0119\u015b\u0107 Bo\u017ce! Moi Drodzy, wczorajsze nasze Gorzkie \u017bale wybrzmia\u0142y wspaniale! Naszym \u015bpiewom towarzyszy\u0142 akompaniament trojga Muzyk\u00f3w: Pana Tadeusza Goca na gitarze, Pani Alicji Szumowieckiej na skrzypcach i Pana \u0141ukasza Doma\u0144skiego na instrumencie klawiszowym. I by\u0142o ca\u0142kiem sporo Os\u00f3b \u2013 jak na nasze warunki. Przy okazji \u2013 troch\u0119 spontanicznie \u2013 og\u0142osi\u0142em konkurs na nazw\u0119 tego Tercetu [&hellip;]","og_url":"https:\/\/gaudiumetspes-blog.pl\/index.php\/2023\/03\/06\/zgrzeszylismy-zbladzilismy-2\/","og_site_name":"Gaudium Et Spes","article_published_time":"2023-03-06T08:10:26+00:00","article_modified_time":"2023-03-06T08:12:46+00:00","author":"Ks. Jacek","twitter_card":"summary_large_image","twitter_misc":{"Napisane przez":"Ks. Jacek","Szacowany czas czytania":"6 minut"},"schema":{"@context":"https:\/\/schema.org","@graph":[{"@type":"WebPage","@id":"https:\/\/gaudiumetspes-blog.pl\/index.php\/2023\/03\/06\/zgrzeszylismy-zbladzilismy-2\/","url":"https:\/\/gaudiumetspes-blog.pl\/index.php\/2023\/03\/06\/zgrzeszylismy-zbladzilismy-2\/","name":"Zgrzeszyli\u015bmy, zb\u0142\u0105dzili\u015bmy... - Gaudium Et Spes","isPartOf":{"@id":"https:\/\/gaudiumetspes-blog.pl\/#website"},"datePublished":"2023-03-06T08:10:26+00:00","dateModified":"2023-03-06T08:12:46+00:00","author":{"@id":"https:\/\/gaudiumetspes-blog.pl\/#\/schema\/person\/1661982992b752dea8dff0d4ed845a65"},"breadcrumb":{"@id":"https:\/\/gaudiumetspes-blog.pl\/index.php\/2023\/03\/06\/zgrzeszylismy-zbladzilismy-2\/#breadcrumb"},"inLanguage":"pl-PL","potentialAction":[{"@type":"ReadAction","target":["https:\/\/gaudiumetspes-blog.pl\/index.php\/2023\/03\/06\/zgrzeszylismy-zbladzilismy-2\/"]}]},{"@type":"BreadcrumbList","@id":"https:\/\/gaudiumetspes-blog.pl\/index.php\/2023\/03\/06\/zgrzeszylismy-zbladzilismy-2\/#breadcrumb","itemListElement":[{"@type":"ListItem","position":1,"name":"Strona g\u0142\u00f3wna","item":"https:\/\/gaudiumetspes-blog.pl\/"},{"@type":"ListItem","position":2,"name":"Zgrzeszyli\u015bmy, zb\u0142\u0105dzili\u015bmy&#8230;"}]},{"@type":"WebSite","@id":"https:\/\/gaudiumetspes-blog.pl\/#website","url":"https:\/\/gaudiumetspes-blog.pl\/","name":"Gaudium Et Spes","description":"Blog Ks. Jacka Ja\u015bkowskiego","potentialAction":[{"@type":"SearchAction","target":{"@type":"EntryPoint","urlTemplate":"https:\/\/gaudiumetspes-blog.pl\/?s={search_term_string}"},"query-input":{"@type":"PropertyValueSpecification","valueRequired":true,"valueName":"search_term_string"}}],"inLanguage":"pl-PL"},{"@type":"Person","@id":"https:\/\/gaudiumetspes-blog.pl\/#\/schema\/person\/1661982992b752dea8dff0d4ed845a65","name":"Ks. Jacek","image":{"@type":"ImageObject","inLanguage":"pl-PL","@id":"https:\/\/gaudiumetspes-blog.pl\/#\/schema\/person\/image\/","url":"https:\/\/gaudiumetspes-blog.pl\/wp-content\/uploads\/2019\/07\/avatar-JJ-150x150.jpg","contentUrl":"https:\/\/gaudiumetspes-blog.pl\/wp-content\/uploads\/2019\/07\/avatar-JJ-150x150.jpg","caption":"Ks. Jacek"},"description":"Witam serdecznie! K\u0142ania si\u0119 Ks. Jacek Ja\u015bkowski. Nie jestem ani kim\u015b wa\u017cnym, ani kim\u015b znanym. Jestem ksi\u0119dzem, kt\u00f3ry po prostu chce rozmawia\u0107. Codzienna kap\u0142a\u0144ska pos\u0142uga pokazuje mi, \u017ce temat\u00f3w do rozm\u00f3w z ksi\u0119dzem jest coraz wi\u0119cej i dzisiaj \u017caden ksi\u0105dz nie mo\u017ce od nich ucieka\u0107, ale - wprost przeciwnie - podejmowa\u0107 nowe wyzwania. To przekonanie sk\u0142oni\u0142o mnie do pr\u00f3by otwarcia tego\u017c bloga, chocia\u017c okazji do rozm\u00f3w na co dzie\u0144 - w konfesjonale i poza nim - na szcz\u0119\u015bcie nie brakuje. My\u015bl\u0119 jednak, \u017ce ten blog b\u0119dzie jeszcze jednym sposobem i przestrzeni\u0105 nawi\u0105zania kontaktu z lud\u017ami dobrej woli, otwartymi na dialog.","url":"https:\/\/gaudiumetspes-blog.pl\/index.php\/author\/ks-jacek\/"}]}},"jetpack_featured_media_url":"","jetpack_sharing_enabled":true,"_links":{"self":[{"href":"https:\/\/gaudiumetspes-blog.pl\/index.php\/wp-json\/wp\/v2\/posts\/21393","targetHints":{"allow":["GET"]}}],"collection":[{"href":"https:\/\/gaudiumetspes-blog.pl\/index.php\/wp-json\/wp\/v2\/posts"}],"about":[{"href":"https:\/\/gaudiumetspes-blog.pl\/index.php\/wp-json\/wp\/v2\/types\/post"}],"author":[{"embeddable":true,"href":"https:\/\/gaudiumetspes-blog.pl\/index.php\/wp-json\/wp\/v2\/users\/1"}],"replies":[{"embeddable":true,"href":"https:\/\/gaudiumetspes-blog.pl\/index.php\/wp-json\/wp\/v2\/comments?post=21393"}],"version-history":[{"count":3,"href":"https:\/\/gaudiumetspes-blog.pl\/index.php\/wp-json\/wp\/v2\/posts\/21393\/revisions"}],"predecessor-version":[{"id":21396,"href":"https:\/\/gaudiumetspes-blog.pl\/index.php\/wp-json\/wp\/v2\/posts\/21393\/revisions\/21396"}],"wp:attachment":[{"href":"https:\/\/gaudiumetspes-blog.pl\/index.php\/wp-json\/wp\/v2\/media?parent=21393"}],"wp:term":[{"taxonomy":"category","embeddable":true,"href":"https:\/\/gaudiumetspes-blog.pl\/index.php\/wp-json\/wp\/v2\/categories?post=21393"},{"taxonomy":"post_tag","embeddable":true,"href":"https:\/\/gaudiumetspes-blog.pl\/index.php\/wp-json\/wp\/v2\/tags?post=21393"}],"curies":[{"name":"wp","href":"https:\/\/api.w.org\/{rel}","templated":true}]}}