{"id":21397,"date":"2023-03-07T08:35:55","date_gmt":"2023-03-07T07:35:55","guid":{"rendered":"https:\/\/gaudiumetspes-blog.pl\/?p=21397"},"modified":"2023-03-07T08:35:55","modified_gmt":"2023-03-07T07:35:55","slug":"zeby-sie-ludziom-pokazac","status":"publish","type":"post","link":"https:\/\/gaudiumetspes-blog.pl\/index.php\/2023\/03\/07\/zeby-sie-ludziom-pokazac\/","title":{"rendered":"\u017beby si\u0119 ludziom pokaza\u0107?&#8230;"},"content":{"rendered":"<p align=\"justify\"><span style=\"color: #000000;\"><span style=\"font-size: large;\"><span style=\"font-family: Book Antiqua, serif;\">Szcz\u0119\u015b\u0107 Bo\u017ce! Moi Drodzy, <\/span><span style=\"font-family: Book Antiqua, serif;\">w dniu dzisiejszym <\/span><span style=\"font-family: Book Antiqua, serif;\"><b>imieniny prze\u017cywa Ksi\u0105dz Tomasz Radczuk, m\u00f3j Kolega kursowy, Proboszcz Parafii <\/b><\/span><span style=\"font-family: Book Antiqua, serif;\"><b>Grab\u00f3w Szlachecki<\/b><\/span><span style=\"font-family: Book Antiqua, serif;\"><b>, gdzie mam mo\u017cliwo\u015b\u0107 \u2013 co i raz \u2013 pojawia\u0107 si\u0119 z pomoc\u0105 duszpastersk\u0105. Dzi\u0119kuj\u0105c Solenizantowi za pi\u0119kne, codziennie dawane \u015bwiadectwo g\u0142\u0119bokiej wiary i <\/b><\/span><span style=\"font-family: Book Antiqua, serif;\"><b>kap\u0142a\u0144skiego zaanga\u017cowania<\/b><\/span><span style=\"font-family: Book Antiqua, serif;\"><b>, \u017cycz\u0119 wytrwa\u0142o\u015bci w tym dziele. I zapewniam o modlitwie!<\/b><\/span><\/span><\/span><\/p>\n<p align=\"justify\"><span style=\"color: #000000;\"><span style=\"font-size: large;\"><span style=\"font-family: Book Antiqua, serif;\">A <\/span><span style=\"font-family: Book Antiqua, serif;\">oto <\/span><span style=\"font-family: Book Antiqua, serif;\">dzisiaj \u2013 jak co wtorek \u2013 s\u0142\u00f3wko przygotowane przez Ani\u0119. Wielkie dzi\u0119ki za to!<\/span><\/span><\/span><\/p>\n<p align=\"justify\"><span style=\"color: #000000;\"><span style=\"font-size: large;\"><span style=\"font-family: Book Antiqua, serif;\">J<\/span><span style=\"font-family: Book Antiqua, serif;\">a <\/span><span style=\"font-family: Book Antiqua, serif;\">za\u015b <\/span><span style=\"font-family: Book Antiqua, serif;\">dzisiaj \u2013 r\u00f3wnie\u017c jak co wtorek \u2013 wybieram si\u0119 na dy\u017cur duszpasterski na Wydzia\u0142 Agrobioin\u017cynierii i Nauk o Zwierz\u0119tach, w gmachu przy ul. Prusa 14.<\/span><\/span><\/span><\/p>\n<p align=\"justify\"><span style=\"color: #000000;\"><span style=\"font-size: large;\"><span style=\"font-family: Book Antiqua, serif;\">Tymczasem, zapraszam do pochylenia si\u0119 nad Bo\u017cym s\u0142owem dzisiejszej liturgii, aby z pomoc\u0105 Ducha \u015awi\u0119tego, kt\u00f3rego prosimy o \u015bwiat\u0142o i pomoc, odkry\u0107 to <\/span><span style=\"font-family: Book Antiqua, serif;\"><b>jedno, konkretne przes\u0142anie, z jakim Pan dzisiaj do mnie si\u0119 zwraca.<\/b><\/span><span style=\"font-family: Book Antiqua, serif;\"> Odkry\u0107 je \u2013 i zrealizowa\u0107 w konkrecie dzisiejszego dnia. <\/span><\/span><\/span><\/p>\n<p align=\"justify\"><span style=\"color: #000000;\"><span style=\"font-family: Book Antiqua, serif;\"><span style=\"font-size: large;\"><b>Niech Was b\u0142ogos\u0142awi B\u00f3g Wszechmog\u0105cy: Ojciec + i Syn, i Duch \u015awi\u0119ty. Amen<\/b><\/span><\/span><\/span><\/p>\n<p align=\"center\"><span style=\"color: #000000;\"><span style=\"font-size: large;\"><span style=\"font-family: Book Antiqua, serif;\">Gau<\/span><span style=\"font-family: Book Antiqua, serif;\">dium et spes! Ks. Jacek<\/span><\/span><\/span><\/p>\n<p align=\"center\">\n<p align=\"center\">\n<p align=\"center\">\n<p align=\"center\">\n<p align=\"center\">\n<p align=\"justify\"><span style=\"color: #000000;\"><span style=\"font-family: Book Antiqua, serif;\"><span style=\"font-size: large;\"><b>Wtorek 2 Tygodnia Wielkiego Postu,<\/b><\/span><\/span><\/span><\/p>\n<p align=\"justify\"><span style=\"color: #000000;\"><span style=\"font-family: Book Antiqua, serif;\"><span style=\"font-size: large;\"><b>7 marca 2023.,\u00a0<\/b><\/span><\/span><\/span><\/p>\n<p align=\"justify\"><span style=\"color: #000000;\"><span style=\"font-family: Book Antiqua, serif;\"><span style=\"font-size: large;\"><b>do czyta\u0144: Iz 1,10.16\u201320; Mt 23,1\u201312<\/b><\/span><\/span><\/span><\/p>\n<p align=\"justify\">\n<p align=\"justify\">\n<p align=\"justify\">\n<p align=\"justify\">\n<p align=\"justify\">\n<p align=\"justify\"><span style=\"color: #000000;\"><span style=\"font-family: Book Antiqua, serif;\"><span style=\"font-size: large;\"><b>CZYTANIE Z KSI\u0118GI PROROKA IZAJASZA: <\/b><\/span><\/span><\/span><\/p>\n<p align=\"justify\"><span style=\"color: #000000;\"><span style=\"font-family: Book Antiqua, serif;\"><span style=\"font-size: large;\"><b>S\u0142uchajcie s\u0142owa Pana, wodzowie sodomscy, daj pos\u0142uch prawu naszego Boga, ludu Gomory: <\/b><\/span><\/span><\/span><\/p>\n<p align=\"justify\"><span style=\"color: #000000;\">\u201e<span style=\"font-family: Book Antiqua, serif;\"><span style=\"font-size: large;\"><b>Obmyjcie si\u0119, b\u0105d\u017acie czy\u015bci. Usu\u0144cie z\u0142o uczynk\u00f3w waszych sprzed moich oczu. Przesta\u0144cie czyni\u0107 z\u0142o. Zaprawiajcie si\u0119 w dobrem. Troszczcie si\u0119 o sprawiedliwo\u015b\u0107, wspomagajcie uci\u015bnionego, oddajcie s\u0142uszno\u015b\u0107 sierocie, stawajcie w obronie wdowy. <\/b><\/span><\/span><\/span><\/p>\n<p align=\"justify\"><span style=\"color: #000000;\"><span style=\"font-family: Book Antiqua, serif;\"><span style=\"font-size: large;\"><b>Chod\u017acie i sp\u00f3r ze Mn\u0105 wied\u017acie, m\u00f3wi Pan. Cho\u0107by wasze grzechy by\u0142y jak szkar\u0142at, jak \u015bnieg wybielej\u0105; cho\u0107by czerwone by\u0142y jak purpura, stan\u0105 si\u0119 jak we\u0142na. <\/b><\/span><\/span><\/span><\/p>\n<p align=\"justify\"><span style=\"color: #000000;\"><span style=\"font-family: Book Antiqua, serif;\"><span style=\"font-size: large;\"><b>Je\u017celi b\u0119dziecie ulegli i pos\u0142uszni, d\u00f3br ziemskich b\u0119dziecie za\u017cywa\u0107. Ale je\u015bli si\u0119 zatniecie w oporze, miecz was wyt\u0119pi. Albowiem usta Pana to wyrzek\u0142y\u201d.<\/b><\/span><\/span><\/span><\/p>\n<p align=\"justify\">\n<p align=\"justify\">\n<p align=\"justify\">\n<p align=\"justify\">\n<p align=\"justify\">\n<p align=\"justify\"><span style=\"color: #000000;\"><span style=\"font-family: Book Antiqua, serif;\"><span style=\"font-size: large;\"><b>S\u0141OWA EWANGELII WED\u0141UG \u015aWI\u0118TEGO MATEUSZA: <\/b><\/span><\/span><\/span><\/p>\n<p align=\"justify\"><span style=\"color: #000000;\"><span style=\"font-family: Book Antiqua, serif;\"><span style=\"font-size: large;\"><b>Jezus przem\u00f3wi\u0142 do t\u0142um\u00f3w i do swych uczni\u00f3w tymi s\u0142owami: \u201eNa katedrze Moj\u017cesza zasiedli uczeni w Pi\u015bmie i faryzeusze. Czy\u0144cie wi\u0119c i zachowujcie wszystko, co wam polec\u0105, lecz uczynk\u00f3w ich nie na\u015bladujcie. M\u00f3wi\u0105 bowiem, ale sami nie czyni\u0105. Wi\u0105\u017c\u0105 ci\u0119\u017cary wielkie i nie do uniesienia i k\u0142ad\u0105 je ludziom na ramiona, lecz sami palcem ruszy\u0107 ich nie chc\u0105. <\/b><\/span><\/span><\/span><\/p>\n<p align=\"justify\"><span style=\"color: #000000;\"><span style=\"font-family: Book Antiqua, serif;\"><span style=\"font-size: large;\"><b>Wszystkie swe uczynki spe\u0142niaj\u0105 w tym celu, \u017ceby si\u0119 ludziom pokaza\u0107. Rozszerzaj\u0105 swoje filakterie i wyd\u0142u\u017caj\u0105 fr\u0119dzle u p\u0142aszcz\u00f3w. Lubi\u0105 zaszczytne miejsce na ucztach i pierwsze krzes\u0142a w synagogach. Chc\u0105, by ich pozdrawiano na rynkach i \u017ceby ludzie nazywali ich Rabbi. <\/b><\/span><\/span><\/span><\/p>\n<p align=\"justify\"><span style=\"color: #000000;\"><span style=\"font-family: Book Antiqua, serif;\"><span style=\"font-size: large;\"><b>Wy za\u015b nie pozwalajcie nazywa\u0107 si\u0119 Rabbi, albowiem jeden jest wasz Nauczyciel, a wy wszyscy bra\u0107mi jeste\u015bcie. Nikogo te\u017c na ziemi nie nazywajcie waszym ojcem; jeden bowiem jest Ojciec wasz, Ten, kt\u00f3ry jest w niebie. Nie chciejcie r\u00f3wnie\u017c, \u017ceby was nazywano mistrzami, bo tylko jeden jest wasz Mistrz, Chrystus. <\/b><\/span><\/span><\/span><\/p>\n<p align=\"justify\"><span style=\"color: #000000;\"><span style=\"font-family: Book Antiqua, serif;\"><span style=\"font-size: large;\"><b>Najwi\u0119kszy z was niech b\u0119dzie waszym s\u0142ug\u0105. Kto si\u0119 wywy\u017csza, b\u0119dzie poni\u017cony, a kto si\u0119 poni\u017ca, b\u0119dzie wywy\u017cszony\u201d.<\/b><\/span><\/span><\/span><\/p>\n<p align=\"justify\">\n<p align=\"justify\">\n<p align=\"justify\">\n<p align=\"justify\">\n<p align=\"justify\">\n<p align=\"center\"><span style=\"color: #000000;\"><span style=\"font-family: Book Antiqua, serif;\"><span style=\"font-size: large;\"><b>A OTO S\u0141\u00d3WKO ANI:<\/b><\/span><\/span><\/span><\/p>\n<p align=\"center\">\n<p align=\"center\">\n<p align=\"center\">\n<p align=\"center\">\n<p align=\"center\">\n<p align=\"justify\"><span style=\"color: #000000;\"><span style=\"font-family: Book Antiqua, serif;\"><span style=\"font-size: large;\">Wielki Post zawsze kojarzy nam si\u0119 z czasem duchowego rozwoju, starania si\u0119 o bycie coraz lepszym cz\u0142owiekiem, o wi\u0119ksze zrozumienie i wsp\u00f3\u0142prac\u0119 w relacjach, w kt\u00f3rych jeste\u015bmy. Dzisiejsze czytania oczywi\u015bcie przypominaj\u0105 nam t\u0119 prawd\u0119, jednak id\u0105 jeszcze o krok dalej, wskazuj\u0105 bowiem na kolejny element ca\u0142ego tego dobrego \u201ezamieszania\u201d, jakie zwi\u0105zane jest ze stawaniem si\u0119 przez nas coraz lepszymi.<\/span><\/span><\/span><\/p>\n<p align=\"justify\"><span style=\"color: #000000;\"><span style=\"font-family: Book Antiqua, serif;\"><span style=\"font-size: large;\">Oto pierwsze czytanie przypomina przede wszystkim o celu tego czasu, kt\u00f3ry dostali\u015bmy w Wielkim Po\u015bcie, ale r\u00f3wnie\u017c tego czasu, jaki w og\u00f3le mamy tu, na ziemi \u2013 do prze\u017cycia i do zagospodarowania. B\u00f3g m\u00f3wi: <i><b>Przesta\u0144cie czyni\u0107 z\u0142o! Zaprawiajcie si\u0119 w dobru!<\/b><\/i><i> <\/i>Walczmy ju\u017c dzi\u015b o to, aby si\u0119 zmienia\u0107, poprawia\u0107, bo lepszego czasu na to dzia\u0142anie mo\u017cemy ju\u017c nie otrzyma\u0107. <\/span><\/span><\/span><\/p>\n<p align=\"justify\"><span style=\"color: #000000;\"><span style=\"font-family: Book Antiqua, serif;\"><span style=\"font-size: large;\">Warto wi\u0119c dzisiaj przystan\u0105\u0107 na chwil\u0119, mo\u017ce przemy\u015ble\u0107 postanowienie wielkopostne, rozwa\u017caj\u0105c, co jeszcze pomo\u017ce nam szybciej zbli\u017cy\u0107 si\u0119 do Boga.<\/span><\/span><\/span><\/p>\n<p align=\"justify\"><span style=\"color: #000000;\"><span style=\"font-family: Book Antiqua, serif;\"><span style=\"font-size: large;\">Fragment Ewangelii wed\u0142ug \u015aw. Mateusza podpowiada nam ten wspomniany drugi krok. Zmienianie si\u0119 jest niesamowicie wa\u017cne, rozw\u00f3j powinien dotyczy\u0107 ka\u017cdego z nas. Nie ma te\u017c nic z\u0142ego w byciu dumnym z tego, co ju\u017c osi\u0105gn\u0119li\u015bmy, zrobili\u015bmy. Przede wszystkim jednak otrzymujemy ostrze\u017cenie, aby nie spocz\u0105\u0107 na laurach, uwa\u017caj\u0105c, \u017ce ju\u017c do\u015b\u0107 si\u0119 zmienili\u015bmy i teraz ju\u017c to jedynie pozosta\u0142o \u201ele\u017ce\u0107 i pachnie\u0107\u201d. <\/span><\/span><\/span><\/p>\n<p align=\"justify\"><span style=\"color: #000000;\"><span style=\"font-family: Book Antiqua, serif;\"><span style=\"font-size: large;\">Drug\u0105 rzecz\u0105 jest staranie si\u0119, aby to, co ju\u017c zrobili\u015bmy i obecnie robimy, by\u0142o kontynuowane na jak najwy\u017cszym poziomie, bez wzgl\u0119du na to, jak du\u017co os\u00f3b b\u0119dzie widzie\u0107 te starania. Zdarza si\u0119 to szczeg\u00f3lnie przy organizacji r\u00f3\u017cnych spotka\u0144, czuwa\u0144. <\/span><\/span><\/span><\/p>\n<p align=\"justify\"><span style=\"color: #000000;\"><span style=\"font-family: Book Antiqua, serif;\"><span style=\"font-size: large;\">Ot\u00f3\u017c, bywa tak, \u017ce na takim spotkaniu pojawi si\u0119 ma\u0142o os\u00f3b. A w\u00f3wczas samo z siebie rodzi si\u0119 pytanie: I co teraz? Tyle stara\u0144, tyle po\u015bwi\u0119conego czasu, a i nerw\u00f3w, a i pieni\u0119dzy, a skorzysta z tego wszystkiego tak niewiele os\u00f3b. <\/span><\/span><\/span><\/p>\n<p align=\"justify\"><span style=\"color: #000000;\"><span style=\"font-family: Book Antiqua, serif;\"><span style=\"font-size: large;\">Mi osobi\u015bcie brz\u0119czy wtedy w uszach odpowied\u017a kt\u00f3r\u0105 dosta\u0142am kiedy\u015b z moj\u0105 wsp\u00f3lnot\u0105: \u201eBez wzgl\u0119du na to, ile tych os\u00f3b jest, to robicie to w\u0142a\u015bnie dla nich i nale\u017cy to zrobi\u0107 jak najlepiej, nawet dla pi\u0119ciu os\u00f3b.\u201d W ten spos\u00f3b sam Chrystus zaprasza nas do sprawdzenie, czy to, co ju\u017c robimy, nie jest puste, pozbawione sensu i w\u0142a\u015bciwej intencji \u2013 i robione tylko na pokaz, czy jedynie dla w\u0142asnego samozadowolenia.<\/span><\/span><\/span><\/p>\n<p align=\"justify\"><span style=\"color: #000000;\"><span style=\"font-family: Book Antiqua, serif;\"><span style=\"font-size: large;\">Przysta\u0144my dzisiaj i odkryjmy w swoim sercu, w swoim \u017cyciu, ale i w swoim dzia\u0142aniu \u2013 te miejsca i te przestrzenie, w kt\u00f3rych jest wci\u0105\u017c jeszcze\u2026 bardzo r\u00f3\u017cnie, je\u015bli idzie o nasze zaanga\u017cowanie w og\u00f3le, jak i o jako\u015b\u0107 tego, co robimy. Co tu mo\u017cna zmieni\u0107?\u2026 Co tu koniecznie trzeba zmieni\u0107?\u2026<\/span><\/span><\/span><\/p>\n","protected":false},"excerpt":{"rendered":"<p>Szcz\u0119\u015b\u0107 Bo\u017ce! Moi Drodzy, w dniu dzisiejszym imieniny prze\u017cywa Ksi\u0105dz Tomasz Radczuk, m\u00f3j Kolega kursowy, Proboszcz Parafii Grab\u00f3w Szlachecki, gdzie mam mo\u017cliwo\u015b\u0107 \u2013 co i raz \u2013 pojawia\u0107 si\u0119 z pomoc\u0105 duszpastersk\u0105. Dzi\u0119kuj\u0105c Solenizantowi za pi\u0119kne, codziennie dawane \u015bwiadectwo g\u0142\u0119bokiej wiary i kap\u0142a\u0144skiego zaanga\u017cowania, \u017cycz\u0119 wytrwa\u0142o\u015bci w tym dziele. I zapewniam o modlitwie! A oto [&hellip;]<\/p>\n","protected":false},"author":1,"featured_media":0,"comment_status":"open","ping_status":"open","sticky":false,"template":"","format":"standard","meta":{"jetpack_post_was_ever_published":false,"_jetpack_newsletter_access":"","_jetpack_dont_email_post_to_subs":false,"_jetpack_newsletter_tier_id":0,"_jetpack_memberships_contains_paywalled_content":false,"_jetpack_memberships_contains_paid_content":false,"footnotes":""},"categories":[1],"tags":[],"class_list":["post-21397","post","type-post","status-publish","format-standard","hentry","category-bez-kategorii"],"yoast_head":"<!-- This site is optimized with the Yoast SEO plugin v25.1 - https:\/\/yoast.com\/wordpress\/plugins\/seo\/ -->\n<title>\u017beby si\u0119 ludziom pokaza\u0107?... - Gaudium Et Spes<\/title>\n<meta name=\"robots\" content=\"index, follow, max-snippet:-1, max-image-preview:large, max-video-preview:-1\" \/>\n<link rel=\"canonical\" href=\"https:\/\/gaudiumetspes-blog.pl\/index.php\/2023\/03\/07\/zeby-sie-ludziom-pokazac\/\" \/>\n<meta property=\"og:locale\" content=\"pl_PL\" \/>\n<meta property=\"og:type\" content=\"article\" \/>\n<meta property=\"og:title\" content=\"\u017beby si\u0119 ludziom pokaza\u0107?... - Gaudium Et Spes\" \/>\n<meta property=\"og:description\" content=\"Szcz\u0119\u015b\u0107 Bo\u017ce! Moi Drodzy, w dniu dzisiejszym imieniny prze\u017cywa Ksi\u0105dz Tomasz Radczuk, m\u00f3j Kolega kursowy, Proboszcz Parafii Grab\u00f3w Szlachecki, gdzie mam mo\u017cliwo\u015b\u0107 \u2013 co i raz \u2013 pojawia\u0107 si\u0119 z pomoc\u0105 duszpastersk\u0105. Dzi\u0119kuj\u0105c Solenizantowi za pi\u0119kne, codziennie dawane \u015bwiadectwo g\u0142\u0119bokiej wiary i kap\u0142a\u0144skiego zaanga\u017cowania, \u017cycz\u0119 wytrwa\u0142o\u015bci w tym dziele. I zapewniam o modlitwie! A oto [&hellip;]\" \/>\n<meta property=\"og:url\" content=\"https:\/\/gaudiumetspes-blog.pl\/index.php\/2023\/03\/07\/zeby-sie-ludziom-pokazac\/\" \/>\n<meta property=\"og:site_name\" content=\"Gaudium Et Spes\" \/>\n<meta property=\"article:published_time\" content=\"2023-03-07T07:35:55+00:00\" \/>\n<meta name=\"author\" content=\"Ks. Jacek\" \/>\n<meta name=\"twitter:card\" content=\"summary_large_image\" \/>\n<meta name=\"twitter:label1\" content=\"Napisane przez\" \/>\n\t<meta name=\"twitter:data1\" content=\"Ks. Jacek\" \/>\n\t<meta name=\"twitter:label2\" content=\"Szacowany czas czytania\" \/>\n\t<meta name=\"twitter:data2\" content=\"5 minut\" \/>\n<script type=\"application\/ld+json\" class=\"yoast-schema-graph\">{\"@context\":\"https:\/\/schema.org\",\"@graph\":[{\"@type\":\"WebPage\",\"@id\":\"https:\/\/gaudiumetspes-blog.pl\/index.php\/2023\/03\/07\/zeby-sie-ludziom-pokazac\/\",\"url\":\"https:\/\/gaudiumetspes-blog.pl\/index.php\/2023\/03\/07\/zeby-sie-ludziom-pokazac\/\",\"name\":\"\u017beby si\u0119 ludziom pokaza\u0107?... - Gaudium Et Spes\",\"isPartOf\":{\"@id\":\"https:\/\/gaudiumetspes-blog.pl\/#website\"},\"datePublished\":\"2023-03-07T07:35:55+00:00\",\"author\":{\"@id\":\"https:\/\/gaudiumetspes-blog.pl\/#\/schema\/person\/1661982992b752dea8dff0d4ed845a65\"},\"breadcrumb\":{\"@id\":\"https:\/\/gaudiumetspes-blog.pl\/index.php\/2023\/03\/07\/zeby-sie-ludziom-pokazac\/#breadcrumb\"},\"inLanguage\":\"pl-PL\",\"potentialAction\":[{\"@type\":\"ReadAction\",\"target\":[\"https:\/\/gaudiumetspes-blog.pl\/index.php\/2023\/03\/07\/zeby-sie-ludziom-pokazac\/\"]}]},{\"@type\":\"BreadcrumbList\",\"@id\":\"https:\/\/gaudiumetspes-blog.pl\/index.php\/2023\/03\/07\/zeby-sie-ludziom-pokazac\/#breadcrumb\",\"itemListElement\":[{\"@type\":\"ListItem\",\"position\":1,\"name\":\"Strona g\u0142\u00f3wna\",\"item\":\"https:\/\/gaudiumetspes-blog.pl\/\"},{\"@type\":\"ListItem\",\"position\":2,\"name\":\"\u017beby si\u0119 ludziom pokaza\u0107?&#8230;\"}]},{\"@type\":\"WebSite\",\"@id\":\"https:\/\/gaudiumetspes-blog.pl\/#website\",\"url\":\"https:\/\/gaudiumetspes-blog.pl\/\",\"name\":\"Gaudium Et Spes\",\"description\":\"Blog Ks. Jacka Ja\u015bkowskiego\",\"potentialAction\":[{\"@type\":\"SearchAction\",\"target\":{\"@type\":\"EntryPoint\",\"urlTemplate\":\"https:\/\/gaudiumetspes-blog.pl\/?s={search_term_string}\"},\"query-input\":{\"@type\":\"PropertyValueSpecification\",\"valueRequired\":true,\"valueName\":\"search_term_string\"}}],\"inLanguage\":\"pl-PL\"},{\"@type\":\"Person\",\"@id\":\"https:\/\/gaudiumetspes-blog.pl\/#\/schema\/person\/1661982992b752dea8dff0d4ed845a65\",\"name\":\"Ks. Jacek\",\"image\":{\"@type\":\"ImageObject\",\"inLanguage\":\"pl-PL\",\"@id\":\"https:\/\/gaudiumetspes-blog.pl\/#\/schema\/person\/image\/\",\"url\":\"https:\/\/gaudiumetspes-blog.pl\/wp-content\/uploads\/2019\/07\/avatar-JJ-150x150.jpg\",\"contentUrl\":\"https:\/\/gaudiumetspes-blog.pl\/wp-content\/uploads\/2019\/07\/avatar-JJ-150x150.jpg\",\"caption\":\"Ks. Jacek\"},\"description\":\"Witam serdecznie! K\u0142ania si\u0119 Ks. Jacek Ja\u015bkowski. Nie jestem ani kim\u015b wa\u017cnym, ani kim\u015b znanym. Jestem ksi\u0119dzem, kt\u00f3ry po prostu chce rozmawia\u0107. Codzienna kap\u0142a\u0144ska pos\u0142uga pokazuje mi, \u017ce temat\u00f3w do rozm\u00f3w z ksi\u0119dzem jest coraz wi\u0119cej i dzisiaj \u017caden ksi\u0105dz nie mo\u017ce od nich ucieka\u0107, ale - wprost przeciwnie - podejmowa\u0107 nowe wyzwania. To przekonanie sk\u0142oni\u0142o mnie do pr\u00f3by otwarcia tego\u017c bloga, chocia\u017c okazji do rozm\u00f3w na co dzie\u0144 - w konfesjonale i poza nim - na szcz\u0119\u015bcie nie brakuje. My\u015bl\u0119 jednak, \u017ce ten blog b\u0119dzie jeszcze jednym sposobem i przestrzeni\u0105 nawi\u0105zania kontaktu z lud\u017ami dobrej woli, otwartymi na dialog.\",\"url\":\"https:\/\/gaudiumetspes-blog.pl\/index.php\/author\/ks-jacek\/\"}]}<\/script>\n<!-- \/ Yoast SEO plugin. -->","yoast_head_json":{"title":"\u017beby si\u0119 ludziom pokaza\u0107?... - Gaudium Et Spes","robots":{"index":"index","follow":"follow","max-snippet":"max-snippet:-1","max-image-preview":"max-image-preview:large","max-video-preview":"max-video-preview:-1"},"canonical":"https:\/\/gaudiumetspes-blog.pl\/index.php\/2023\/03\/07\/zeby-sie-ludziom-pokazac\/","og_locale":"pl_PL","og_type":"article","og_title":"\u017beby si\u0119 ludziom pokaza\u0107?... - Gaudium Et Spes","og_description":"Szcz\u0119\u015b\u0107 Bo\u017ce! Moi Drodzy, w dniu dzisiejszym imieniny prze\u017cywa Ksi\u0105dz Tomasz Radczuk, m\u00f3j Kolega kursowy, Proboszcz Parafii Grab\u00f3w Szlachecki, gdzie mam mo\u017cliwo\u015b\u0107 \u2013 co i raz \u2013 pojawia\u0107 si\u0119 z pomoc\u0105 duszpastersk\u0105. Dzi\u0119kuj\u0105c Solenizantowi za pi\u0119kne, codziennie dawane \u015bwiadectwo g\u0142\u0119bokiej wiary i kap\u0142a\u0144skiego zaanga\u017cowania, \u017cycz\u0119 wytrwa\u0142o\u015bci w tym dziele. I zapewniam o modlitwie! A oto [&hellip;]","og_url":"https:\/\/gaudiumetspes-blog.pl\/index.php\/2023\/03\/07\/zeby-sie-ludziom-pokazac\/","og_site_name":"Gaudium Et Spes","article_published_time":"2023-03-07T07:35:55+00:00","author":"Ks. Jacek","twitter_card":"summary_large_image","twitter_misc":{"Napisane przez":"Ks. Jacek","Szacowany czas czytania":"5 minut"},"schema":{"@context":"https:\/\/schema.org","@graph":[{"@type":"WebPage","@id":"https:\/\/gaudiumetspes-blog.pl\/index.php\/2023\/03\/07\/zeby-sie-ludziom-pokazac\/","url":"https:\/\/gaudiumetspes-blog.pl\/index.php\/2023\/03\/07\/zeby-sie-ludziom-pokazac\/","name":"\u017beby si\u0119 ludziom pokaza\u0107?... - Gaudium Et Spes","isPartOf":{"@id":"https:\/\/gaudiumetspes-blog.pl\/#website"},"datePublished":"2023-03-07T07:35:55+00:00","author":{"@id":"https:\/\/gaudiumetspes-blog.pl\/#\/schema\/person\/1661982992b752dea8dff0d4ed845a65"},"breadcrumb":{"@id":"https:\/\/gaudiumetspes-blog.pl\/index.php\/2023\/03\/07\/zeby-sie-ludziom-pokazac\/#breadcrumb"},"inLanguage":"pl-PL","potentialAction":[{"@type":"ReadAction","target":["https:\/\/gaudiumetspes-blog.pl\/index.php\/2023\/03\/07\/zeby-sie-ludziom-pokazac\/"]}]},{"@type":"BreadcrumbList","@id":"https:\/\/gaudiumetspes-blog.pl\/index.php\/2023\/03\/07\/zeby-sie-ludziom-pokazac\/#breadcrumb","itemListElement":[{"@type":"ListItem","position":1,"name":"Strona g\u0142\u00f3wna","item":"https:\/\/gaudiumetspes-blog.pl\/"},{"@type":"ListItem","position":2,"name":"\u017beby si\u0119 ludziom pokaza\u0107?&#8230;"}]},{"@type":"WebSite","@id":"https:\/\/gaudiumetspes-blog.pl\/#website","url":"https:\/\/gaudiumetspes-blog.pl\/","name":"Gaudium Et Spes","description":"Blog Ks. Jacka Ja\u015bkowskiego","potentialAction":[{"@type":"SearchAction","target":{"@type":"EntryPoint","urlTemplate":"https:\/\/gaudiumetspes-blog.pl\/?s={search_term_string}"},"query-input":{"@type":"PropertyValueSpecification","valueRequired":true,"valueName":"search_term_string"}}],"inLanguage":"pl-PL"},{"@type":"Person","@id":"https:\/\/gaudiumetspes-blog.pl\/#\/schema\/person\/1661982992b752dea8dff0d4ed845a65","name":"Ks. Jacek","image":{"@type":"ImageObject","inLanguage":"pl-PL","@id":"https:\/\/gaudiumetspes-blog.pl\/#\/schema\/person\/image\/","url":"https:\/\/gaudiumetspes-blog.pl\/wp-content\/uploads\/2019\/07\/avatar-JJ-150x150.jpg","contentUrl":"https:\/\/gaudiumetspes-blog.pl\/wp-content\/uploads\/2019\/07\/avatar-JJ-150x150.jpg","caption":"Ks. Jacek"},"description":"Witam serdecznie! K\u0142ania si\u0119 Ks. Jacek Ja\u015bkowski. Nie jestem ani kim\u015b wa\u017cnym, ani kim\u015b znanym. Jestem ksi\u0119dzem, kt\u00f3ry po prostu chce rozmawia\u0107. Codzienna kap\u0142a\u0144ska pos\u0142uga pokazuje mi, \u017ce temat\u00f3w do rozm\u00f3w z ksi\u0119dzem jest coraz wi\u0119cej i dzisiaj \u017caden ksi\u0105dz nie mo\u017ce od nich ucieka\u0107, ale - wprost przeciwnie - podejmowa\u0107 nowe wyzwania. To przekonanie sk\u0142oni\u0142o mnie do pr\u00f3by otwarcia tego\u017c bloga, chocia\u017c okazji do rozm\u00f3w na co dzie\u0144 - w konfesjonale i poza nim - na szcz\u0119\u015bcie nie brakuje. My\u015bl\u0119 jednak, \u017ce ten blog b\u0119dzie jeszcze jednym sposobem i przestrzeni\u0105 nawi\u0105zania kontaktu z lud\u017ami dobrej woli, otwartymi na dialog.","url":"https:\/\/gaudiumetspes-blog.pl\/index.php\/author\/ks-jacek\/"}]}},"jetpack_featured_media_url":"","jetpack_sharing_enabled":true,"_links":{"self":[{"href":"https:\/\/gaudiumetspes-blog.pl\/index.php\/wp-json\/wp\/v2\/posts\/21397","targetHints":{"allow":["GET"]}}],"collection":[{"href":"https:\/\/gaudiumetspes-blog.pl\/index.php\/wp-json\/wp\/v2\/posts"}],"about":[{"href":"https:\/\/gaudiumetspes-blog.pl\/index.php\/wp-json\/wp\/v2\/types\/post"}],"author":[{"embeddable":true,"href":"https:\/\/gaudiumetspes-blog.pl\/index.php\/wp-json\/wp\/v2\/users\/1"}],"replies":[{"embeddable":true,"href":"https:\/\/gaudiumetspes-blog.pl\/index.php\/wp-json\/wp\/v2\/comments?post=21397"}],"version-history":[{"count":1,"href":"https:\/\/gaudiumetspes-blog.pl\/index.php\/wp-json\/wp\/v2\/posts\/21397\/revisions"}],"predecessor-version":[{"id":21398,"href":"https:\/\/gaudiumetspes-blog.pl\/index.php\/wp-json\/wp\/v2\/posts\/21397\/revisions\/21398"}],"wp:attachment":[{"href":"https:\/\/gaudiumetspes-blog.pl\/index.php\/wp-json\/wp\/v2\/media?parent=21397"}],"wp:term":[{"taxonomy":"category","embeddable":true,"href":"https:\/\/gaudiumetspes-blog.pl\/index.php\/wp-json\/wp\/v2\/categories?post=21397"},{"taxonomy":"post_tag","embeddable":true,"href":"https:\/\/gaudiumetspes-blog.pl\/index.php\/wp-json\/wp\/v2\/tags?post=21397"}],"curies":[{"name":"wp","href":"https:\/\/api.w.org\/{rel}","templated":true}]}}