{"id":21457,"date":"2023-04-03T08:56:32","date_gmt":"2023-04-03T06:56:32","guid":{"rendered":"https:\/\/gaudiumetspes-blog.pl\/?p=21457"},"modified":"2023-04-03T08:56:32","modified_gmt":"2023-04-03T06:56:32","slug":"ja-pan-powolalem-cie-slusznie","status":"publish","type":"post","link":"https:\/\/gaudiumetspes-blog.pl\/index.php\/2023\/04\/03\/ja-pan-powolalem-cie-slusznie\/","title":{"rendered":"Ja, Pan, powo\u0142a\u0142em ci\u0119 s\u0142usznie&#8230;"},"content":{"rendered":"<p align=\"justify\"><span style=\"color: #000000;\"><span style=\"font-family: Book Antiqua, serif;\"><span style=\"font-size: large;\">Szcz\u0119\u015b\u0107 Bo\u017ce! Moi Drodzy, w dniu dzisiejszym <b>imieniny obchodz\u0105:<\/b><\/span><\/span><\/span><\/p>\n<p align=\"justify\"><span style=\"color: #000000;\">\u25ba<span style=\"font-family: Book Antiqua, serif;\"><span style=\"font-size: large;\"><b>Ryszard Ja\u015bkowski, m\u00f3j Wujek, mieszkaj\u0105cy w Olsztynie;<\/b><\/span><\/span><\/span><\/p>\n<p align=\"justify\"><span style=\"color: #000000;\">\u25ba<span style=\"font-family: Book Antiqua, serif;\"><span style=\"font-size: large;\"><b>Ksi\u0105dz Doktor Ryszard Federczyk, Kap\u0142an naszej Diecezji, od lat pos\u0142uguj\u0105cy na Ukrainie;<\/b><\/span><\/span><\/span><\/p>\n<p align=\"justify\"><span style=\"color: #000000;\">\u25ba<span style=\"font-family: Book Antiqua, serif;\"><span style=\"font-size: large;\"><b>Ksi\u0105dz Ryszard Andruszczak, emerytowany Dziekan Dekanatu Garwoli\u0144skiego;<\/b><\/span><\/span><\/span><\/p>\n<p align=\"justify\"><span style=\"color: #000000;\">\u25ba<span style=\"font-family: Book Antiqua, serif;\"><span style=\"font-size: large;\"><b>Ksi\u0105dz Ryszard Kozie\u0142, Proboszcz Parafii \u015awi\u0119tej Anny w Bia\u0142ej Podlaskiej, gdzie przed tygodniem prowadzi\u0142em Rekolekcje.<\/b><\/span><\/span><\/span><\/p>\n<p align=\"justify\"><span style=\"color: #000000;\"><span style=\"font-family: Book Antiqua, serif;\"><span style=\"font-size: large;\"><b>Urodziny natomiast prze\u017cywaj\u0105:<\/b><\/span><\/span><\/span><\/p>\n<p align=\"justify\"><span style=\"color: #000000;\">\u25ba<span style=\"font-family: Book Antiqua, serif;\"><span style=\"font-size: large;\"><b>Monika Kondej \u2013 Mama Janka, Autora dzisiejszego i innych, poniedzia\u0142kowych rozwa\u017ca\u0144;<\/b><\/span><\/span><\/span><\/p>\n<p align=\"justify\"><span style=\"color: #000000;\">\u25ba<span style=\"font-family: Book Antiqua, serif;\"><span style=\"font-size: large;\"><b>Magda Malinowska \u2013 nale\u017c\u0105ca w swoim czasie do jednej z m\u0142odzie\u017cowych Wsp\u00f3lnot;<\/b><\/span><\/span><\/span><\/p>\n<p align=\"justify\"><span style=\"color: #000000;\">\u25ba<span style=\"font-family: Book Antiqua, serif;\"><span style=\"font-size: large;\"><b>Wojciech Kubiak \u2013 tak\u017ce anga\u017cuj\u0105cy si\u0119 w swoim czasie w dzia\u0142alno\u015b\u0107 m\u0142odzie\u017cow\u0105.<\/b><\/span><\/span><\/span><\/p>\n<p align=\"justify\"><span style=\"color: #000000;\"><span style=\"font-family: Book Antiqua, serif;\"><span style=\"font-size: large;\"><b>\u017bycz\u0119 \u015awi\u0119tuj\u0105cym ci\u0105g\u0142ego duchowego odnawiania si\u0119, o czym wi\u0119cej w rozwa\u017caniu. Zapewniam o modlitwie!<\/b><\/span><\/span><\/span><\/p>\n<p align=\"justify\"><span style=\"color: #000000;\"><span style=\"font-family: Book Antiqua, serif;\"><span style=\"font-size: large;\">A u nas drugi dzie\u0144 Rekolekcji akademickich, prowadzonych przez Ksi\u0119dza Adama Klimka. Oto relacja z wczoraj:<\/span><\/span><\/span><\/p>\n<p align=\"justify\"><span style=\"color: #000000;\"><span style=\"font-family: Book Antiqua, serif;\"><span style=\"font-size: medium;\"><b><span style=\"font-size: large;\"><a href=\"https:\/\/youtu.be\/m3Fz0H6hfy4\">https:\/\/youtu.be\/m3Fz0H6hfy4<\/a> <\/span><\/b><\/span><\/span><\/span><\/p>\n<p align=\"justify\"><span style=\"color: #000000;\"><span style=\"font-family: Book Antiqua, serif;\"><span style=\"font-size: large;\">Dzisiaj za\u015b Msza \u015awi\u0119ta rekolekcyjna o 19:00, po czym udamy si\u0119 na miejsce Celebry Jana Paw\u0142a II z roku 1999, gdzie stoi wysoki Krzy\u017c, by tam odprawi\u0107 Drog\u0119 Krzy\u017cow\u0105. Zapraszam! Albo do uczestnictwa osobistego, albo do duchowej \u0142\u0105czno\u015bci z nami.<\/span><\/span><\/span><\/p>\n<p align=\"justify\"><span style=\"color: #000000;\"><span style=\"font-family: Book Antiqua, serif;\"><span style=\"font-size: large;\">Moi Drodzy, mamy ju\u017c Wielki Tydzie\u0144, a za trzy dni \u2013 \u015awi\u0119te Triduum Paschalne. Dlatego \u2013 jak w ostatnich latach \u2013 obok tego wpisu, zawieraj\u0105cego rozwa\u017canie Janka, zamieszczam przypomnienie przebiegu i znaczenia poszczeg\u00f3lnych dni, celebracji i znak\u00f3w, zwi\u0105zanych z najwa\u017cniejszym \u015awi\u0119tem w ci\u0105gu ca\u0142ego roku. Zach\u0119cam do spokojnej lektury i refleksji \u2013 oraz do \u015bwiadomego w\u0142\u0105czenia si\u0119 w prze\u017cywanie tych najwa\u017cniejszych dni!<\/span><\/span><\/span><\/p>\n<p align=\"justify\"><span style=\"color: #000000;\"><span style=\"font-family: Book Antiqua, serif;\"><span style=\"font-size: large;\">A za dzisiejsze s\u0142\u00f3wko dzi\u0119kuj\u0119 Jankowi. Jak zawsze \u2013 pe\u0142ne wiary i \u017carliwo\u015bci!<\/span><\/span><\/span><\/p>\n<p align=\"justify\"><span style=\"color: #000000;\"><span style=\"font-family: Book Antiqua, serif;\"><span style=\"font-size: large;\">I ju\u017c zapraszam do pochylenia si\u0119 nad Bo\u017cym s\u0142owem dzisiejszego dnia i odkrycia tego <b>osobistego przes\u0142ania, z jakim Pan do mnie dzisiaj si\u0119 zwraca.<\/b> Duchu \u015awi\u0119ty, przyjd\u017a, prosimy\u2026 <\/span><\/span><\/span><\/p>\n<p align=\"justify\"><span style=\"color: #000000;\"><span style=\"font-family: Book Antiqua, serif;\"><span style=\"font-size: large;\"><b>Niech Was b\u0142ogos\u0142awi B\u00f3g Wszechmog\u0105cy: Ojciec + i Syn, i Duch \u015awi\u0119ty. Amen<\/b><\/span><\/span><\/span><\/p>\n<p align=\"center\"><span style=\"color: #000000;\"><span style=\"font-family: Book Antiqua, serif;\"><span style=\"font-size: large;\">Gaudium et spes! Ks. Jacek<\/span><\/span><\/span><\/p>\n<p align=\"center\">\n<p align=\"center\">\n<p align=\"center\">\n<p align=\"center\">\n<p align=\"center\">\n<p align=\"justify\"><span style=\"color: #000000;\"><span style=\"font-family: Book Antiqua, serif;\"><span style=\"font-size: large;\"><b>Wielki Poniedzia\u0142ek,<\/b><\/span><\/span><\/span><\/p>\n<p align=\"justify\"><span style=\"color: #000000;\"><span style=\"font-family: Book Antiqua, serif;\"><span style=\"font-size: large;\"><b>3 kwietnia 2023.,\u00a0<\/b><\/span><\/span><\/span><\/p>\n<p align=\"justify\"><span style=\"color: #000000;\"><span style=\"font-family: Book Antiqua, serif;\"><span style=\"font-size: large;\"><b>do czyta\u0144: Iz 42,1\u20137; J 12,1\u201311<\/b><\/span><\/span><\/span><\/p>\n<p align=\"justify\">\n<p align=\"justify\">\n<p align=\"justify\">\n<p align=\"justify\">\n<p align=\"justify\">\n<p align=\"justify\"><span style=\"color: #000000;\"><span style=\"font-family: Book Antiqua, serif;\"><span style=\"font-size: large;\"><b>CZYTANIE Z KSI\u0118GI PROROKA IZAJASZA: <\/b><\/span><\/span><\/span><\/p>\n<p align=\"justify\"><span style=\"color: #000000;\"><span style=\"font-family: Book Antiqua, serif;\"><span style=\"font-size: large;\"><b>To m\u00f3wi Pan: \u201eOto m\u00f3j s\u0142uga, kt\u00f3rego podtrzymuj\u0119, wybrany m\u00f3j, w kt\u00f3rym mam upodobanie. Sprawi\u0142em, \u017ce Duch m\u00f3j na nim spocz\u0105\u0142; on przyniesie narodom Prawo. Nie b\u0119dzie wo\u0142a\u0142 ni podnosi\u0142 g\u0142osu, nie da s\u0142ysze\u0107 krzyku swego na dworze. Nie z\u0142amie trzciny nad\u0142amanej, nie zagasi knotka o nik\u0142ym p\u0142omyku. On z moc\u0105 og\u0142osi Prawo, nie zniech\u0119ci si\u0119 ani nie za\u0142amie, a\u017c utrwali Prawo na ziemi, a Jego pouczenia wyczekuj\u0105 wyspy\u201d. <\/b><\/span><\/span><\/span><\/p>\n<p align=\"justify\"><span style=\"color: #000000;\"><span style=\"font-family: Book Antiqua, serif;\"><span style=\"font-size: large;\"><b>Tak m\u00f3wi Pan B\u00f3g, kt\u00f3ry stworzy\u0142 i rozpi\u0105\u0142 niebo, rozpostar\u0142 ziemi\u0119 wraz z jej plonami, da\u0142 ludziom na niej dech o\u017cywczy i tchnienie tym, co po niej chodz\u0105: <\/b><\/span><\/span><\/span><\/p>\n<p align=\"justify\"><span style=\"color: #000000;\">\u201e<span style=\"font-family: Book Antiqua, serif;\"><span style=\"font-size: large;\"><b>Ja, Pan, powo\u0142a\u0142em ci\u0119 s\u0142usznie, uj\u0105\u0142em ci\u0119 za r\u0119k\u0119 i ukszta\u0142towa\u0142em, ustanowi\u0142em ci\u0119 przymierzem dla ludzi, \u015bwiat\u0142o\u015bci\u0105 dla narod\u00f3w, aby\u015b otworzy\u0142 oczy niewidomym, a\u017ceby\u015b z zamkni\u0119cia wypu\u015bci\u0142 je\u0144c\u00f3w, z wi\u0119zienia tych, co mieszkaj\u0105 w ciemno\u015bci\u201d.<\/b><\/span><\/span><\/span><\/p>\n<p align=\"justify\">\n<p align=\"justify\">\n<p align=\"justify\">\n<p align=\"justify\">\n<p align=\"justify\">\n<p align=\"justify\"><span style=\"color: #000000;\"><span style=\"font-family: Book Antiqua, serif;\"><span style=\"font-size: large;\"><b>S\u0141OWA EWANGELII WED\u0141UG \u015aWI\u0118TEGO JANA: <\/b><\/span><\/span><\/span><\/p>\n<p align=\"justify\"><span style=\"color: #000000;\"><span style=\"font-family: Book Antiqua, serif;\"><span style=\"font-size: large;\"><b>Na sze\u015b\u0107 dni przed Pasch\u0105 Jezus przyby\u0142 do Betanii, gdzie mieszka\u0142 \u0141azarz, kt\u00f3rego Jezus wskrzesi\u0142 z martwych. Urz\u0105dzono tam dla Niego uczt\u0119. Marta pos\u0142ugiwa\u0142a, a \u0141azarz by\u0142 jednym z zasiadaj\u0105cych z Nim przy stole. Maria za\u015b wzi\u0119\u0142a funt szlachetnego i drogocennego olejku nardowego i nama\u015bci\u0142a Jezusowi nogi, a w\u0142osami je otar\u0142a. A dom nape\u0142ni\u0142 si\u0119 woni\u0105 olejku. <\/b><\/span><\/span><\/span><\/p>\n<p align=\"justify\"><span style=\"color: #000000;\"><span style=\"font-family: Book Antiqua, serif;\"><span style=\"font-size: large;\"><b>Na to rzek\u0142 Judasz Iskariota, jeden z uczni\u00f3w Jego, ten, kt\u00f3ry Go mia\u0142 wyda\u0107: \u201eCzemu to nie sprzedano tego olejku za trzysta denar\u00f3w i nie rozdano ich ubogim?\u201d Powiedzia\u0142 za\u015b to nie dlatego, jakoby dba\u0142 o biednych, ale poniewa\u017c by\u0142 z\u0142odziejem, i maj\u0105c trzos wykrada\u0142 to, co sk\u0142adano. <\/b><\/span><\/span><\/span><\/p>\n<p align=\"justify\"><span style=\"color: #000000;\"><span style=\"font-family: Book Antiqua, serif;\"><span style=\"font-size: large;\"><b>Na to Jezus powiedzia\u0142: \u201eZostaw j\u0105! Przechowa\u0142a to, aby Mnie nama\u015bci\u0107 na dzie\u0144 mojego pogrzebu. Bo ubogich zawsze macie u siebie, ale Mnie nie zawsze macie\u201d. <\/b><\/span><\/span><\/span><\/p>\n<p align=\"justify\"><span style=\"color: #000000;\"><span style=\"font-family: Book Antiqua, serif;\"><span style=\"font-size: large;\"><b>Wielki t\u0142um \u017byd\u00f3w dowiedzia\u0142 si\u0119, \u017ce tam jest; a przybyli nie tylko ze wzgl\u0119du na Jezusa, ale tak\u017ce by ujrze\u0107 \u0141azarza, kt\u00f3rego wskrzesi\u0142 z martwych. Arcykap\u0142ani zatem postanowili straci\u0107 r\u00f3wnie\u017c \u0141azarza, gdy\u017c wielu z jego powodu od\u0142\u0105czy\u0142o si\u0119 od \u017byd\u00f3w i uwierzy\u0142o w Jezusa.<\/b><\/span><\/span><\/span><\/p>\n<p align=\"justify\">\n<p align=\"justify\">\n<p align=\"justify\">\n<p align=\"justify\">\n<p align=\"justify\">\n<p align=\"center\"><span style=\"font-size: large;\"><span style=\"color: #000000;\"><span style=\"font-family: Book Antiqua, serif;\"><b>A OTO S\u0141\u00d3WKO JANKA:<\/b><\/span><\/span><\/span><\/p>\n<p align=\"center\">\n<p align=\"center\">\n<p align=\"center\">\n<p align=\"center\">\n<p align=\"center\">\n<p align=\"justify\"><span style=\"color: #000000;\"><span style=\"font-family: Book Antiqua, serif;\"><span style=\"font-size: large;\">W tym Wielkim Tygodniu, w Wielki Poniedzia<\/span><\/span><\/span><span style=\"color: #000000;\"><span style=\"font-family: Book Antiqua, serif;\"><span style=\"font-size: large;\">\u0142ek, s\u0142yszymy bardzo czytanie <\/span><\/span><\/span><span style=\"color: #000000;\"><span style=\"font-family: Book Antiqua, serif;\"><span style=\"font-size: large;\">o tre\u015bci bardzo serdecznej, wr\u0119cz intymnej \u2013 Prorok Izajasz obwieszcza, co B\u00f3g powiedzia\u0142 mu w bardzo osobistej rozmowie<\/span><\/span><\/span><span style=\"color: #000000;\"><span style=\"font-family: Book Antiqua, serif;\"><span style=\"font-size: large;\">. I ju\u017c sam pocz\u0105tek tego proroctwa pokazuje, jak bardzo B\u00f3g ukocha\u0142 swojego <\/span><\/span><\/span><span style=\"color: #000000;\"><span style=\"font-family: Book Antiqua, serif;\"><span style=\"font-size: large;\">s\u0142ug\u0119 i przyjaciela, proroka, w czym my dzisiaj widzimy odniesienie do najwi\u0119kszego S\u0142ugi Bo\u017cego, <\/span><\/span><\/span><span style=\"color: #000000;\"><span style=\"font-family: Book Antiqua, serif;\"><span style=\"font-size: large;\">Jezusa <\/span><\/span><\/span><span style=\"color: #000000;\"><span style=\"font-family: Book Antiqua, serif;\"><span style=\"font-size: large;\">Chrystusa:<\/span><\/span><\/span> <span style=\"color: #000000;\"><span style=\"font-family: Book Antiqua, serif;\"><span style=\"font-size: large;\"><i><b>Oto m\u00f3j S\u0142uga, kt\u00f3rego podtrzymuj\u0119. Wybrany m\u00f3j, w kt\u00f3rym mam upodobanie. Sprawi\u0142em, \u017ce Duch m\u00f3j na Nim spocz\u0105\u0142. <\/b><\/i><\/span><\/span><\/span><\/p>\n<p align=\"justify\"><span style=\"font-size: large;\"><span style=\"color: #000000;\"><span style=\"font-family: Book Antiqua, serif;\">Te s\u0142owa pokazuj\u0105, <\/span><\/span><span style=\"color: #000000;\"><span style=\"font-family: Book Antiqua, serif;\">jak bardzo S\u0142uga Bo\u017cy \u2013 przede wszystkim: sam<\/span><\/span><span style=\"color: #000000;\"><span style=\"font-family: Book Antiqua, serif;\"> Jezus \u2013 jest kim\u015b wa\u017cnym dla Boga. Nie m\u00f3wi\u0105 o tym, \u017ce <\/span><\/span><span style=\"color: #000000;\"><span style=\"font-family: Book Antiqua, serif;\">S\u0142uga ten to<\/span><\/span><span style=\"color: #000000;\"><span style=\"font-family: Book Antiqua, serif;\"> kto\u015b, kto jest jednym z wielu robotnik\u00f3w kt\u00f3rzy <\/span><\/span><span style=\"color: #000000;\"><span style=\"font-family: Book Antiqua, serif;\">wykonuj\u0105 swoj\u0105 s\u0142u\u017cb\u0119 wobec Boga.<\/span><\/span> <span style=\"color: #000000;\"><span style=\"font-family: Book Antiqua, serif;\">W<\/span><\/span><span style=\"color: #000000;\"><span style=\"font-family: Book Antiqua, serif;\">r\u0119cz przeciwnie! Jezus jest kim\u015b wielkim dla Boga! Jest kim\u015b jedynym i niepowtarzalnym! I B\u00f3g <\/span><\/span><span style=\"color: #000000;\"><span style=\"font-family: Book Antiqua, serif;\">M<\/span><\/span><span style=\"color: #000000;\"><span style=\"font-family: Book Antiqua, serif;\">u <\/span><\/span><span style=\"color: #000000;\"><span style=\"font-family: Book Antiqua, serif;\">szczeg\u00f3lnie <\/span><\/span><span style=\"color: #000000;\"><span style=\"font-family: Book Antiqua, serif;\">pomaga <\/span><\/span><span style=\"color: #000000;\"><span style=\"font-family: Book Antiqua, serif;\">w wype\u0142nieniu Jego misji \u2013 tak, jak pomaga\u0142 ka\u017cdemu swemu s\u0142udze i przyjacielowi \u2013 ka\u017cdemu Prorokowi.<\/span><\/span><\/span><\/p>\n<p align=\"justify\"><span style=\"font-size: large;\"><span style=\"color: #000000;\"><span style=\"font-family: Book Antiqua, serif;\">B\u00f3g m\u00f3wi: <\/span><\/span><span style=\"color: #000000;\"><span style=\"font-family: Book Antiqua, serif;\"><i><b>Ja, Pan, powo\u0142a\u0142em Ci\u0119 s\u0142usznie, uj\u0105\u0142em Ci\u0119 za r\u0119k\u0119 i ukszta\u0142towa\u0142em, ustanowi\u0142em Ci\u0119 przymierzem dla ludzi, \u015bwiat\u0142o\u015bci\u0105 dla narod\u00f3w, aby\u015b otworzy\u0142 oczy niewidomym, a\u017ceby\u015b z zamkni\u0119cia wypu\u015bci\u0142 je\u0144c\u00f3w, z wi\u0119zienia tych, co mieszkaj\u0105 w ciemno\u015bci. <\/b><\/i><\/span><\/span><span style=\"color: #000000;\"><span style=\"font-family: Book Antiqua, serif;\">Zobaczmy, \u017ce Jezus tego w\u0142a\u015bnie dokonywa\u0142!<\/span><\/span><\/span><\/p>\n<p align=\"justify\"><span style=\"font-size: large;\"><span style=\"color: #000000;\"><span style=\"font-family: Book Antiqua, serif;\">Zawsz<\/span><\/span><span style=\"color: #000000;\"><span style=\"font-family: Book Antiqua, serif;\">e<\/span><\/span><span style=\"color: #000000;\"><span style=\"font-family: Book Antiqua, serif;\"> mnie fascynowa\u0142a odwaga Jezusa: <\/span><\/span><span style=\"color: #000000;\"><span style=\"font-family: Book Antiqua, serif;\">j<\/span><\/span><span style=\"color: #000000;\"><span style=\"font-family: Book Antiqua, serif;\">ak naucza\u0142, <\/span><\/span><span style=\"color: #000000;\"><span style=\"font-family: Book Antiqua, serif;\">j<\/span><\/span><span style=\"color: #000000;\"><span style=\"font-family: Book Antiqua, serif;\">ak uzdrawia\u0142 w <\/span><\/span><span style=\"color: #000000;\"><span style=\"font-family: Book Antiqua, serif;\">s<\/span><\/span><span style=\"color: #000000;\"><span style=\"font-family: Book Antiqua, serif;\">zabat, <\/span><\/span><span style=\"color: #000000;\"><span style=\"font-family: Book Antiqua, serif;\">j<\/span><\/span><span style=\"color: #000000;\"><span style=\"font-family: Book Antiqua, serif;\">ak g\u0142osi\u0142 <\/span><\/span><span style=\"color: #000000;\"><span style=\"font-family: Book Antiqua, serif;\">s\u0142owo Bo\u017ce <\/span><\/span><span style=\"color: #000000;\"><span style=\"font-family: Book Antiqua, serif;\">w synago<\/span><\/span><span style=\"color: #000000;\"><span style=\"font-family: Book Antiqua, serif;\">gach,<\/span><\/span> <span style=\"color: #000000;\"><span style=\"font-family: Book Antiqua, serif;\">j<\/span><\/span><span style=\"color: #000000;\"><span style=\"font-family: Book Antiqua, serif;\">ak na pustyni przeciwstawi\u0142 si\u0119 <\/span><\/span><span style=\"color: #000000;\"><span style=\"font-family: Book Antiqua, serif;\">s<\/span><\/span><span style=\"color: #000000;\"><span style=\"font-family: Book Antiqua, serif;\">zatanowi. A dlaczego mnie to fascynuje? Bo Jezus dokonywa\u0142 trudnych rzeczy. Przecie\u017c par\u0119 razy chcieli Go zabi\u0107! On wiedzia\u0142 doskonale, jak ludzie zareaguj\u0105 na uzdrowienie, czy na nauczanie. Mo\u017cna by rzec, \u017ce je\u017celi wiedzia\u0142, to po co to robi\u0142? Bo mia\u0142 takie zadanie, <\/span><\/span><span style=\"color: #000000;\"><span style=\"font-family: Book Antiqua, serif;\">powierzone Mu przez Ojca<\/span><\/span><\/span><\/p>\n<p align=\"justify\"><span style=\"font-size: large;\"><span style=\"color: #000000;\"><span style=\"font-family: Book Antiqua, serif;\">My<\/span><\/span><span style=\"color: #000000;\"><span style=\"font-family: Book Antiqua, serif;\"> wszyscy <\/span><\/span><span style=\"color: #000000;\"><span style=\"font-family: Book Antiqua, serif;\">te\u017c <\/span><\/span><span style=\"color: #000000;\"><span style=\"font-family: Book Antiqua, serif;\">mamy <\/span><\/span><span style=\"color: #000000;\"><span style=\"font-family: Book Antiqua, serif;\">j<\/span><\/span><span style=\"color: #000000;\"><span style=\"font-family: Book Antiqua, serif;\">akie\u015b zadanie od Boga. Nikt nie jest na ziemi \u2013 <\/span><\/span><span style=\"color: #000000;\"><span style=\"font-family: Book Antiqua, serif;\">je\u015bli tak mo\u017cna powiedzie\u0107 \u2013 bezrobotny w oczach Bo\u017cych. <\/span><\/span><span style=\"color: #000000;\"><span style=\"font-family: Book Antiqua, serif;\">Wielu ludzi w dzisiejszych czasach m\u00f3wi, \u017cycie jest bez sensu. Albo \u201epo co ja <\/span><\/span><span style=\"color: #000000;\"><span style=\"font-family: Book Antiqua, serif;\">w og\u00f3le <\/span><\/span><span style=\"color: #000000;\"><span style=\"font-family: Book Antiqua, serif;\">\u017cyj<\/span><\/span><span style=\"color: #000000;\"><span style=\"font-family: Book Antiqua, serif;\">\u0119\u201d<\/span><\/span><span style=\"color: #000000;\"><span style=\"font-family: Book Antiqua, serif;\">? A dlaczego tak m\u00f3wi\u0105? Bo nie odkryli swojego powo\u0142ania. Nie odkryli tego zadania, kt\u00f3re Pan <\/span><\/span><span style=\"color: #000000;\"><span style=\"font-family: Book Antiqua, serif;\">im <\/span><\/span><span style=\"color: #000000;\"><span style=\"font-family: Book Antiqua, serif;\">da\u0142<\/span><\/span><\/span><\/p>\n<p align=\"justify\"><span style=\"font-size: large;\"><span style=\"color: #000000;\"><span style=\"font-family: Book Antiqua, serif;\">I w\u0142a\u015bnie w Ewangelii s\u0142yszymy o tym, jak Marta <\/span><\/span><span style=\"color: #000000;\"><span style=\"font-family: Book Antiqua, serif;\">wype\u0142nia swoje zadanie, kt\u00f3re \u2013 jak odczyta\u0142a w sercu \u2013 ma do wype\u0142nienia. <\/span><\/span><span style=\"color: #000000;\"><span style=\"font-family: Book Antiqua, serif;\"> S\u0142yszymy, \u017ce wzi\u0119\u0142a drogocenny olejek i nama\u015bci\u0142a nim stopy Jezusa. Da\u0142a Jezusowi co\u015b drogiego i szlachetnego.<\/span><\/span><\/span><\/p>\n<p align=\"justify\"><span style=\"font-size: large;\"><span style=\"color: #000000;\"><span style=\"font-family: Book Antiqua, serif;\">Gdy to czyta\u0142em \u2013 ten w\u0142a\u015bnie fragment, jak Mar<\/span><\/span><span style=\"color: #000000;\"><span style=\"font-family: Book Antiqua, serif;\">i<\/span><\/span><span style=\"color: #000000;\"><span style=\"font-family: Book Antiqua, serif;\">a namaszcza stopy Jezusa drogocennym olejkiem \u2013 to w g\u0142owie zrodzi\u0142o mi si\u0119 pytanie: A czy ja, potrafi\u0119 da\u0107 co\u015b Jezusowi? Mar<\/span><\/span><span style=\"color: #000000;\"><span style=\"font-family: Book Antiqua, serif;\">i<\/span><\/span><span style=\"color: #000000;\"><span style=\"font-family: Book Antiqua, serif;\">a bez zawahania da\u0142a Jezusowi <\/span><\/span><span style=\"color: #000000;\"><span style=\"font-family: Book Antiqua, serif;\">najdro\u017cszy w \u00f3wczesnym \u015bwiecie <\/span><\/span><span style=\"color: #000000;\"><span style=\"font-family: Book Antiqua, serif;\">olejek. A czy ja bez zawahania potrafi\u0119 odda\u0107 Jezusowi swoje \u017cycie i p\u00f3j<\/span><\/span><span style=\"color: #000000;\"><span style=\"font-family: Book Antiqua, serif;\">\u015b\u0107 za Nim<\/span><\/span><span style=\"color: #000000;\"><span style=\"font-family: Book Antiqua, serif;\">? I nie chodzi tu tylko o <\/span><\/span><span style=\"color: #000000;\"><span style=\"font-family: Book Antiqua, serif;\">k<\/span><\/span><span style=\"color: #000000;\"><span style=\"font-family: Book Antiqua, serif;\">ap\u0142a\u0144stwo czy \u017cycie konsekrowane, <\/span><\/span><span style=\"color: #000000;\"><span style=\"font-family: Book Antiqua, serif;\">a<\/span><\/span><span style=\"color: #000000;\"><span style=\"font-family: Book Antiqua, serif;\">le r\u00f3wnie\u017c o ma\u0142\u017ce\u0144stwo.<\/span><\/span><\/span><\/p>\n<p align=\"justify\"><span style=\"font-size: large;\"><span style=\"color: #000000;\"><span style=\"font-family: Book Antiqua, serif;\">W \u017cyciu potrzeba czasem zaryzykowa\u0107. Mimo \u017ce ludzie b\u0119d\u0105 m\u00f3wi\u0107 \u2013 tak jak judasz w dzisiejszej Ewangelii \u2013 \u017ce po co i na co <\/span><\/span><span style=\"color: #000000;\"><span style=\"font-family: Book Antiqua, serif;\">Maria odda\u0142a <\/span><\/span><span style=\"color: #000000;\"><span style=\"font-family: Book Antiqua, serif;\">ten olejek <\/span><\/span><span style=\"color: #000000;\"><span style=\"font-family: Book Antiqua, serif;\">Jezusowi, przecie\u017c m<\/span><\/span><span style=\"color: #000000;\"><span style=\"font-family: Book Antiqua, serif;\">og\u0142a <\/span><\/span><span style=\"color: #000000;\"><span style=\"font-family: Book Antiqua, serif;\">go<\/span><\/span><span style=\"color: #000000;\"><span style=\"font-family: Book Antiqua, serif;\"> sprzeda\u0107\u2026 <\/span><\/span><span style=\"color: #000000;\"><span style=\"font-family: Book Antiqua, serif;\">Pomimo takiego ludzkiego gadania \u2013<\/span><\/span><span style=\"color: #000000;\"><span style=\"font-family: Book Antiqua, serif;\"> MY R\u00d3BMY SWOJE! <\/span><\/span><\/span><\/p>\n<p align=\"justify\"><span style=\"font-size: large;\"><span style=\"color: #000000;\"><span style=\"font-family: Book Antiqua, serif;\">Kiedy\u015b s\u0142ysza\u0142em takie zdanie. ,,Ludzie niech m\u00f3wi\u0105, co chc\u0105, ale ty id\u017a <\/span><\/span><span style=\"color: #000000;\"><span style=\"font-family: Book Antiqua, serif;\">zawsze<\/span><\/span><span style=\"color: #000000;\"><span style=\"font-family: Book Antiqua, serif;\"> swoj\u0105 drog\u0105!\u201d Ludzie b\u0119d\u0105 rzuca\u0107 r\u00f3\u017cne k\u0142ody pod nogi, ale my si\u0119 tym nie za\u0142amujmy, bo Jezus pokaza\u0142, \u017ce po cierpieniu i \u015bmierci jest \u017cycie \u2013 <\/span><\/span><span style=\"color: #000000;\"><span style=\"font-family: Book Antiqua, serif;\">to prawdziwe<\/span><\/span><span style=\"color: #000000;\"><span style=\"font-family: Book Antiqua, serif;\"> \u017cycie, do kt\u00f3rego wszyscy jeste\u015bmy zaproszeni: <\/span><\/span><span style=\"color: #000000;\"><span style=\"font-family: Book Antiqua, serif;\">szcz\u0119\u015bliwe <\/span><\/span><span style=\"color: #000000;\"><span style=\"font-family: Book Antiqua, serif;\">\u017cyci<\/span><\/span><span style=\"color: #000000;\"><span style=\"font-family: Book Antiqua, serif;\">e<\/span><\/span><span style=\"color: #000000;\"><span style=\"font-family: Book Antiqua, serif;\"> wieczne!<\/span><\/span><\/span><\/p>\n<p align=\"justify\">\n<p align=\"justify\">\n<p align=\"justify\">\n<p align=\"justify\">\n<p align=\"justify\">\n<p align=\"center\"><span style=\"color: #000000;\"><span style=\"font-family: Book Antiqua, serif;\"><span style=\"font-size: large;\"><b>\u015aWI\u0118TE TRIDUUM PASCHALNE<\/b><\/span><\/span><\/span><\/p>\n<p align=\"justify\"><span style=\"color: #000000;\"><span style=\"font-size: large;\"><span style=\"font-family: Book Antiqua, serif;\"><b>S\u0142owo: \u201epascha\u201d oznacza: \u201eprzej\u015bcie\u201d.<\/b><\/span><span style=\"font-family: Book Antiqua, serif;\"> Stary Testament pos\u0142uguje si\u0119 tym s\u0142owem na oznaczenie <\/span><span style=\"font-family: Book Antiqua, serif;\"><b>przej\u015bcia Izraelit\u00f3w ze stanu niewoli w Egipcie, do stanu wolno\u015bci i szcz\u0119\u015bcia w Ziemi Obiecanej.<\/b><\/span><span style=\"font-family: Book Antiqua, serif;\"> W t\u0119 pami\u0119tn\u0105 noc wyj\u015bcia z Egiptu, <\/span><span style=\"font-family: Book Antiqua, serif;\">n<\/span><span style=\"font-family: Book Antiqua, serif;\">ar\u00f3d <\/span><span style=\"font-family: Book Antiqua, serif;\">w<\/span><span style=\"font-family: Book Antiqua, serif;\">ybrany spo\u017cywa\u0142 <\/span><span style=\"font-family: Book Antiqua, serif;\">u<\/span><span style=\"font-family: Book Antiqua, serif;\"><b>czt\u0119, zwan\u0105 <\/b><\/span><span style=\"font-family: Book Antiqua, serif;\"><b>u<\/b><\/span><span style=\"font-family: Book Antiqua, serif;\"><b>czt\u0105 <\/b><\/span><span style=\"font-family: Book Antiqua, serif;\"><b>p<\/b><\/span><span style=\"font-family: Book Antiqua, serif;\"><b>aschaln\u0105<\/b><\/span><span style=\"font-family: Book Antiqua, serif;\"> \u2013 spo\u017cywa\u0142 pospiesznie, sposobi\u0105c si\u0119 do drogi. Na pami\u0105tk\u0119 tamtej nocy, <\/span><span style=\"font-family: Book Antiqua, serif;\">u<\/span><span style=\"font-family: Book Antiqua, serif;\">czta <\/span><span style=\"font-family: Book Antiqua, serif;\">p<\/span><span style=\"font-family: Book Antiqua, serif;\">aschalna spo\u017cywana by\u0142a w <\/span><span style=\"font-family: Book Antiqua, serif;\">n<\/span><span style=\"font-family: Book Antiqua, serif;\">arodzie <\/span><span style=\"font-family: Book Antiqua, serif;\">\u017c<\/span><span style=\"font-family: Book Antiqua, serif;\">ydowskim co roku. Ca\u0142a ta historia powtarza si\u0119 w Nowym Testamencie. <\/span><span style=\"font-family: Book Antiqua, serif;\"><b>Jezus Chrystus, w noc wyzwolenia swego Ludu, swego Ko\u015bcio\u0142a, z niewoli grzechu, spo\u017cywa ze swymi uczniami <\/b><\/span><span style=\"font-family: Book Antiqua, serif;\"><b>n<\/b><\/span><span style=\"font-family: Book Antiqua, serif;\"><b>ow\u0105 <\/b><\/span><span style=\"font-family: Book Antiqua, serif;\"><b>u<\/b><\/span><span style=\"font-family: Book Antiqua, serif;\"><b>czt\u0119 <\/b><\/span><span style=\"font-family: Book Antiqua, serif;\"><b>p<\/b><\/span><span style=\"font-family: Book Antiqua, serif;\"><b>aschaln\u0105 \u2013 tak zwan\u0105 Ostatni\u0105 Wieczerz\u0119,<\/b><\/span><span style=\"font-family: Book Antiqua, serif;\"> kt\u00f3r\u0105 uwa\u017camy za <\/span><span style=\"font-family: Book Antiqua, serif;\"><b>pierwsz\u0105 Msz\u0119 \u015awi\u0119t\u0105.<\/b><\/span><span style=\"font-family: Book Antiqua, serif;\"> Po niej dokonuje dzie\u0142a zbawienia cz\u0142owieka poprzez z\u0142o\u017cenie Ofiary Krzy\u017ca.<\/span><\/span><\/span><\/p>\n<p align=\"justify\"><span style=\"color: #000000;\"><span style=\"font-size: large;\"><span style=\"font-family: Book Antiqua, serif;\">Na pami\u0105tk\u0119 Ostatniej Wieczerzy sprawowana jest w Wielki Czwartek wieczorem <\/span><span style=\"font-family: Book Antiqua, serif;\"><b>Msza \u015awi\u0119ta Wieczerzy Pa\u0144skiej. Wtedy to w\u0142a\u015bnie ko\u0144czy si\u0119 Wielki Post,<\/b><\/span><span style=\"font-family: Book Antiqua, serif;\"> a rozpoczyna si\u0119 <\/span><span style=\"font-family: Book Antiqua, serif;\"><b>\u015awi\u0119te Triduum Paschalne,<\/b><\/span><span style=\"font-family: Book Antiqua, serif;\"> czyli trwaj\u0105ce trzy dni: od Mszy \u015awi\u0119tej Wieczerzy Pa\u0144skiej w Wielki Czwartek wieczorem a\u017c do wieczoru Niedzieli Zmartwychwstania \u2013 <\/span><span style=\"font-family: Book Antiqua, serif;\"><b>jedno wielkie \u015awi\u0119to, b\u0119d\u0105ce centrum ca\u0142ego roku liturgicznego.<\/b><\/span><span style=\"font-family: Book Antiqua, serif;\"> Czym w ci\u0105gu tygodnia jest niedziela, tym w ci\u0105gu ca\u0142ego roku liturgicznego jest w\u0142a\u015bnie \u015awi\u0119te Triduum Paschalne. <\/span><span style=\"font-family: Book Antiqua, serif;\"><b>Wszystkie te wyj\u0105tkowe dni stanowi\u0105 nieroz\u0142\u0105czn\u0105 ca\u0142o\u015b\u0107<\/b><\/span><span style=\"font-family: Book Antiqua, serif;\"> i prowadz\u0105 nas \u2013 razem z Jezusem \u2013 szlakiem Jego M\u0119ki, \u015amierci i Zmartwychwstania: od tajemnicy Wieczernika, poprzez ogr\u00f3d Getsemani, pretorium, pa\u0142ac Heroda, Kalwari\u0119 \u2013 a\u017c do pustego Grobu. <\/span><span style=\"font-family: Book Antiqua, serif;\"><b>W tych dniach Ko\u015bci\u00f3\u0142 uroczy\u015bcie prze\u017cywa najwi\u0119ksze tajemnice zbawienia.<\/b><\/span> <\/span><\/span><\/p>\n<p align=\"justify\"><span style=\"color: #000000;\"><span style=\"font-size: large;\"><span style=\"font-family: Book Antiqua, serif;\"><b>Prze\u017cywanie zatem samej Niedzieli Zmartwychwstania, w oderwaniu od wszystkich poprzedzaj\u0105cych dni \u015awi\u0119tego Triduum \u2013 nie ma sensu i jest niekonsekwencj\u0105. Dlatego powinno si\u0119 prze\u017cywa\u0107 je w ca\u0142o\u015bci,<\/b><\/span><span style=\"font-family: Book Antiqua, serif;\"> pomimo tego, \u017ce wiele os\u00f3b musi jeszcze w tych dniach pracowa\u0107. Nale\u017cy natomiast stara\u0107 si\u0119 o to, aby stopniowo ogranicza\u0107 ilo\u015b\u0107 zaj\u0119\u0107 porz\u0105dkowych w domu, a<\/span><span style=\"font-family: Book Antiqua, serif;\">by<\/span><span style=\"font-family: Book Antiqua, serif;\"> wi\u0119<\/span><span style=\"font-family: Book Antiqua, serif;\">cej<\/span><span style=\"font-family: Book Antiqua, serif;\"> czasu po\u015bwi\u0119ci\u0107 na modlitw\u0119 i adoracj\u0119.<\/span><\/span><\/span><\/p>\n<p align=\"center\"><span style=\"color: #000000;\"><span style=\"font-family: Book Antiqua, serif;\"><span style=\"font-size: large;\"><b>WIELKI CZWARTEK<\/b><\/span><\/span><\/span><\/p>\n<p align=\"justify\"><span style=\"color: #000000;\"><span style=\"font-size: large;\"><span style=\"font-family: Book Antiqua, serif;\">W parafiach nie ma Mszy \u015awi\u0119tych porannych.<\/span><span style=\"font-family: Book Antiqua, serif;\"><b> W godzinach przedpo\u0142udniowych wszyscy kap\u0142ani odprawiaj\u0105 w katedrze Msz\u0119 \u015awi\u0119t\u0105 Krzy\u017cma.<\/b><\/span><span style=\"font-family: Book Antiqua, serif;\"> Tej Mszy \u015awi\u0119tej przewodniczy <\/span><span style=\"font-family: Book Antiqua, serif;\">b<\/span><span style=\"font-family: Book Antiqua, serif;\">iskup, kt\u00f3ry po\u015bwi\u0119ca oleje: chorych i krzy\u017cma. B\u0119d\u0105 one u\u017cywane do sprawowania Sakrament\u00f3w przez najbli\u017cszy rok w ca\u0142ej diecezji. Dlatego ksi\u0119\u017ca proboszczowie pobior\u0105 po\u015bwi\u0119cone oleje do swoich parafii. <\/span><span style=\"font-family: Book Antiqua, serif;\"><b>W czasie tej Mszy \u015awi\u0119tej wszyscy kap\u0142ani odnawiaj\u0105 swoje przyrzeczenia, kt\u00f3re sk\u0142adali w dniu \u015bwi\u0119ce\u0144.<\/b><\/span><\/span><\/span><\/p>\n<p align=\"justify\"><span style=\"color: #000000;\"><span style=\"font-size: large;\"><span style=\"font-family: Book Antiqua, serif;\"> Natomiast wieczorem na Mszy \u015awi\u0119tej Wieczerzy Pa\u0144skiej spotykamy si\u0119 z Chrystusem w Wieczerniku, aby <\/span><span style=\"font-family: Book Antiqua, serif;\">prze\u017cywa\u0107<\/span> <span style=\"font-family: Book Antiqua, serif;\"><b>Ostatni\u0105 Wieczerz\u0119, w czasie kt\u00f3rej ustanowi\u0142 On Sakrament Eucharystii oraz Sakrament Kap\u0142a\u0144stwa.<\/b><\/span><span style=\"font-family: Book Antiqua, serif;\"> Dzi\u0119kujemy Panu za naszych kap\u0142an\u00f3w oraz za dar Mszy \u015awi\u0119tej i Komunii \u015awi\u0119tej. <\/span><\/span><\/span><\/p>\n<p align=\"justify\"><span style=\"color: #000000;\"><span style=\"font-size: large;\"><span style=\"font-family: Book Antiqua, serif;\">Po hymnie \u201e<\/span><span style=\"font-family: Book Antiqua, serif;\">Chwa\u0142a na wysoko\u015bci Bogu\u201d<\/span><span style=\"font-family: Book Antiqua, serif;\"> milkn\u0105 organy i dzwonki. W dalszym ci\u0105gu liturgii odbywa si\u0119 obrz\u0119d obmycia n\u00f3g <\/span><span style=\"font-family: Book Antiqua, serif;\">dwunastu<\/span><span style=\"font-family: Book Antiqua, serif;\"> m\u0119\u017cczyznom. <\/span><span style=\"font-family: Book Antiqua, serif;\"><b>Na zako\u0144czenie Mszy \u015awi\u0119tej przenosi si\u0119 Naj\u015bwi\u0119tszy Sakrament do tabernakulum w bocznym o\u0142tarzu<\/b><\/span><span style=\"font-family: Book Antiqua, serif;\"> \u2013 <\/span><span style=\"font-family: Book Antiqua, serif;\">niegdy\u015b <\/span><span style=\"font-family: Book Antiqua, serif;\">zwanej \u201eCiemni<\/span><span style=\"font-family: Book Antiqua, serif;\">c\u0105\u201d<\/span><span style=\"font-family: Book Antiqua, serif;\"> \u2013 <\/span><span style=\"font-family: Book Antiqua, serif;\"><b>na pami\u0105tk\u0119 modlitwy w Ogr\u00f3jcu, pojmania, uwi\u0119zienia i os\u0105dzenia Jezusa.<\/b><\/span><span style=\"font-family: Book Antiqua, serif;\"> W czasie przeniesienie Naj\u015bwi\u0119tszego Sakramentu \u015bpiewa si\u0119 hymn \u201e<\/span><span style=\"font-family: Book Antiqua, serif;\">Przed tak wielkim Sakramentem\u201d,<\/span> <span style=\"font-family: Book Antiqua, serif;\"><b>za od\u015bpiewanie kt\u00f3rego mo\u017cna zyska\u0107 odpust zupe\u0142ny.<\/b><\/span> <\/span><\/span><\/p>\n<p align=\"justify\"><span style=\"color: #000000;\"><span style=\"font-size: large;\"><span style=\"font-family: Book Antiqua, serif;\">Po zako\u0144czeniu liturgii zdejmuje si\u0119 obrusy z o\u0142tarza \u2013 bez odmawiania modlitw. Usuwa si\u0119 te\u017c zawarto\u015b\u0107 kropielnic, by nape\u0142ni\u0107 je wod\u0105 pob\u0142ogos\u0142awion\u0105 w czasie Wigilii Paschalnej. <\/span><span style=\"font-family: Book Antiqua, serif;\"><b>Do p\u00f3\u017anych godzin wieczornych mo\u017cna w ciszy adorowa\u0107 <\/b><\/span><span style=\"font-family: Book Antiqua, serif;\"><b>Pana Jezusa w <\/b><\/span><span style=\"font-family: Book Antiqua, serif;\"><b>Naj\u015bwi\u0119tszy<\/b><\/span><span style=\"font-family: Book Antiqua, serif;\"><b>m<\/b><\/span><span style=\"font-family: Book Antiqua, serif;\"><b> Sakrame<\/b><\/span><span style=\"font-family: Book Antiqua, serif;\"><b>ncie.<\/b><\/span><\/span><\/span><\/p>\n<p align=\"center\"><span style=\"color: #000000;\"><span style=\"font-family: Book Antiqua, serif;\"><span style=\"font-size: large;\"><b>WIELKI PI\u0104TEK<\/b><\/span><\/span><\/span><\/p>\n<p align=\"justify\"><span style=\"color: #000000;\"><span style=\"font-size: large;\"><span style=\"font-family: Book Antiqua, serif;\"><b>Wielki Pi\u0105tek to dzie\u0144 szczeg\u00f3lnie uroczystej adoracji Krzy\u017ca, \u201e<\/b><\/span><span style=\"font-family: Book Antiqua, serif;\"><b>na kt\u00f3rym zawis\u0142o Zbawienie \u015bwiata\u201d.<\/b><\/span> <span style=\"font-family: Book Antiqua, serif;\">Krzy\u017c jest w centrum <\/span><span style=\"font-family: Book Antiqua, serif;\">l<\/span><span style=\"font-family: Book Antiqua, serif;\">iturgii. Przez ca\u0142y dzie\u0144 nie sprawuje si\u0119 Mszy \u015awi\u0119tej \u2013 <\/span><span style=\"font-family: Book Antiqua, serif;\"><b>Niekrwawej Ofiary Chrystusa,<\/b><\/span><span style=\"font-family: Book Antiqua, serif;\"> gdy\u017c prze\u017cywamy historyczne wydarzenie M\u0119ki naszego Pana, <\/span><span style=\"font-family: Book Antiqua, serif;\"><b>czyli Ofiary Krwawej,<\/b><\/span><span style=\"font-family: Book Antiqua, serif;\"> z\u0142o\u017conej z wielkiej mi\u0142o\u015bci Boga do cz\u0142owieka. <\/span><span style=\"font-family: Book Antiqua, serif;\"><b>Komunii udziela si\u0119 tylko w czasie <\/b><\/span><span style=\"font-family: Book Antiqua, serif;\"><b>L<\/b><\/span><span style=\"font-family: Book Antiqua, serif;\"><b>iturgii M\u0119ki Pa\u0144skiej.<\/b><\/span><span style=\"font-family: Book Antiqua, serif;\"> Chorym mo\u017cna zanie\u015b\u0107 Cia\u0142o Pa\u0144skie o ka\u017cdej porze. <\/span><span style=\"font-family: Book Antiqua, serif;\"><b>Zakazuje si\u0119 sprawowania Sakrament\u00f3w,<\/b><\/span><span style=\"font-family: Book Antiqua, serif;\"> poza Namaszczeniem Chorych i Spowiedzi\u0105. <\/span><\/span><\/span><\/p>\n<p align=\"justify\"><span style=\"color: #000000;\"><span style=\"font-size: large;\"><span style=\"font-family: Book Antiqua, serif;\">Liturgia M\u0119ki Pa\u0144skiej winna si\u0119 zacz\u0105\u0107 nie wcze\u015bniej, jak o 15<\/span><sup><span style=\"font-family: Book Antiqua, serif;\">00<\/span><\/sup><span style=\"font-family: Book Antiqua, serif;\"> i nie p\u00f3\u017aniej, jak o 21<\/span><sup><span style=\"font-family: Book Antiqua, serif;\">00<\/span><\/sup><span style=\"font-family: Book Antiqua, serif;\">. <\/span><span style=\"font-family: Book Antiqua, serif;\"><b>Na jej przebieg sk\u0142adaj\u0105 si\u0119: <\/b><\/span><span style=\"font-family: Book Antiqua, serif;\"><b>l<\/b><\/span><span style=\"font-family: Book Antiqua, serif;\"><b>iturgia S\u0142owa, Adoracja Krzy\u017ca, <\/b><\/span><span style=\"font-family: Book Antiqua, serif;\"><b>o<\/b><\/span><span style=\"font-family: Book Antiqua, serif;\"><b>brz\u0119d Komunii \u015awi\u0119tej oraz <\/b><\/span><span style=\"font-family: Book Antiqua, serif;\"><b>p<\/b><\/span><span style=\"font-family: Book Antiqua, serif;\"><b>rzeniesienie Naj\u015bwi\u0119tszego Sakramentu do Grobu Pa\u0144skiego.<\/b><\/span> <\/span><\/span><\/p>\n<p align=\"justify\"><span style=\"color: #000000;\"><span style=\"font-size: large;\"><span style=\"font-family: Book Antiqua, serif;\">Na pocz\u0105tku <\/span><span style=\"font-family: Book Antiqua, serif;\">c<\/span><span style=\"font-family: Book Antiqua, serif;\">elebrans z asyst\u0105 zbli\u017ca si\u0119 do O\u0142tarza. Procesja wej\u015bcia odbywa si\u0119 w milczeniu, bez \u015bpiewu. Kap\u0142an oddaje cze\u015b\u0107 Chrystusowi Zbawicielowi \u2013 le\u017c\u0105c krzy\u017cem. Wierni w tym czasie, kl\u0119cz\u0105c, w milczeniu uwielbiaj\u0105 Pana za Jego mi\u0142o\u015b\u0107 i przepraszaj\u0105 za swoje grzechy. Nast\u0119pnie odczytuje si\u0119 opis M\u0119ki Pa\u0144skiej z Ewangelii \u015awi\u0119tego Jana. Potem <\/span><span style=\"font-family: Book Antiqua, serif;\"><b>uroczy\u015bcie ods\u0142ania si\u0119 Krzy\u017c.<\/b><\/span><span style=\"font-family: Book Antiqua, serif;\"> W czasie tej czynno\u015bci kap\u0142an trzykrotnie \u015bpiewa: <\/span><span style=\"font-family: Book Antiqua, serif;\"><b>\u201e<\/b><\/span><span style=\"font-family: Book Antiqua, serif;\"><b>Oto drzewo krzy\u017ca, na kt\u00f3rym zawis\u0142o Zbawienie \u015bwiata\u201d,<\/b><\/span><span style=\"font-family: Book Antiqua, serif;\"> na co ludzie odpowiadaj\u0105: <\/span><span style=\"font-family: Book Antiqua, serif;\"><b>\u201e<\/b><\/span><span style=\"font-family: Book Antiqua, serif;\"><b>P\u00f3jd\u017amy z pok\u0142onem<\/b><\/span><span style=\"font-family: Book Antiqua, serif;\">.<\/span><span style=\"font-family: Book Antiqua, serif;\"><b>\u201d.<\/b><\/span><span style=\"font-family: Book Antiqua, serif;\"> Nast\u0119pnie wszyscy wierni mog\u0105 podej\u015b\u0107 i uca\u0142owa\u0107 ods\u0142oni\u0119ty Krzy\u017c \u2013 <\/span><span style=\"font-family: Book Antiqua, serif;\"><b>za pobo\u017cne spe\u0142nienie tej czynno\u015bci mo\u017cna uzyska\u0107 odpust zupe\u0142ny.<\/b><\/span><span style=\"font-family: Book Antiqua, serif;\"> Do adoracji nale\u017cy u\u017cy\u0107 tylko jednego Krzy\u017ca. Po adoracji Krzy\u017ca udzielana jest Komunia \u015awi\u0119ta, z Hostii konsekrowanych w dniu poprzednim. <\/span><\/span><\/span><\/p>\n<p align=\"justify\"><span style=\"color: #000000;\"><span style=\"font-size: large;\"><span style=\"font-family: Book Antiqua, serif;\">Na zako\u0144czenie Nabo\u017ce\u0144stwa <\/span><span style=\"font-family: Book Antiqua, serif;\"><b>przenosi si\u0119 Naj\u015bwi\u0119tszy Sakrament do bocznego o\u0142tarza \u2013 Grobu Pa\u0144skiego,<\/b><\/span><span style=\"font-family: Book Antiqua, serif;\"> w monstrancji okrytej przezroczystym welonem, na pami\u0105tk\u0119 okrycia Cia\u0142a Pa\u0144skiego ca\u0142unem. Procesja odbywa si\u0119 przy \u015bpiewie:<\/span><span style=\"font-family: Book Antiqua, serif;\"><i><b> \u201e<\/b><\/i><\/span><span style=\"font-family: Book Antiqua, serif;\"><b>Odszed\u0142 Pasterz nasz, co ukocha\u0142 lud\u201d.<\/b><\/span><\/span><\/span><\/p>\n<p align=\"justify\"><span style=\"color: #000000;\"><span style=\"font-size: large;\"><span style=\"font-family: Book Antiqua, serif;\">Po liturgii znowu odkrywa si\u0119 o\u0142tarz, pozostawia si\u0119 natomiast Krzy\u017c z czterema \u015bwiecami. Ods\u0142ania si\u0119 te\u017c inne Krzy\u017ce. Od zako\u0144czenia Liturgii M\u0119ki Pa\u0144skiej a\u017c do Wigilii Paschalnej \u2013 <\/span><span style=\"font-family: Book Antiqua, serif;\"><b>przed Krzy\u017cem nale\u017cy kl\u0119ka\u0107! <\/b><\/span><span style=\"font-family: Book Antiqua, serif;\">Adoracja Naj\u015bwi\u0119tszego Sakramentu w Grobie Pa\u0144skim trwa do p\u00f3\u017anych godzin wieczornych. <\/span><\/span><\/span><\/p>\n<p align=\"justify\"><span style=\"color: #000000;\"><span style=\"font-size: large;\"><span style=\"font-family: Book Antiqua, serif;\">Przez ca\u0142y dzie\u0144 nale\u017cy zachowywa\u0107 <\/span><span style=\"font-family: Book Antiqua, serif;\"><b>post ilo\u015bciowy i wstrzemi\u0119\u017aliwo\u015b\u0107 od pokarm\u00f3w mi\u0119snych.<\/b><\/span><span style=\"font-family: Book Antiqua, serif;\"> Ofiary zbierane w tym dniu na tac\u0119 przeznaczone s\u0105 na utrzymanie Grobu Pa\u0144skiego<\/span> <span style=\"font-family: Book Antiqua, serif;\">w Jerozolimie <\/span><span style=\"font-family: Book Antiqua, serif;\">i miejsc kultu w Ziemi \u015awi\u0119tej.<\/span><\/span><\/span><\/p>\n<p align=\"center\"><span style=\"color: #000000;\"><span style=\"font-family: Book Antiqua, serif;\"><span style=\"font-size: large;\"><b>WIELKA SOBOTA<\/b><\/span><\/span><\/span><\/p>\n<p align=\"justify\"><span style=\"color: #000000;\"><span style=\"font-size: large;\"><span style=\"font-family: Book Antiqua, serif;\"><b>Nie ma Mszy \u015awi\u0119tej z formularza Wielkiej Soboty.<\/b><\/span><span style=\"font-family: Book Antiqua, serif;\"> Zaleca si\u0119 zachowanie postu, a przynajmniej wstrzemi\u0119\u017aliwo\u015bci od pokarm\u00f3w mi\u0119snych przez ca\u0142y dzie\u0144 \u2013 do Wigilii Paschalnej. <\/span><span style=\"font-family: Book Antiqua, serif;\"><b>Od rana trwa adoracja Naj\u015bwi\u0119tszego Sakramentu w Grobie Pa\u0144skim.<\/b><\/span><span style=\"font-family: Book Antiqua, serif;\"> Przez ca\u0142y dzie\u0144 odbywa si\u0119 tak\u017ce po\u015bwi\u0119cenie pokarm\u00f3w na st\u00f3\u0142 wielkanocny, jednak nie mo\u017ce ono zak\u0142\u00f3ca\u0107 adoracji i atmosfery skupienia <\/span><span style=\"font-family: Book Antiqua, serif;\">os\u00f3b adoruj\u0105cych Naj\u015bwi\u0119tszy Sakrament<\/span><span style=\"font-family: Book Antiqua, serif;\">. Jest to bowiem dzie\u0144 wielkiej ciszy i modlitwy\u2026<\/span><\/span><\/span><\/p>\n<p align=\"center\"><span style=\"color: #000000;\"><span style=\"font-family: Book Antiqua, serif;\"><span style=\"font-size: large;\"><b>NIEDZIELA ZMARTWYCHWSTANIA<\/b><\/span><\/span><\/span><\/p>\n<p align=\"justify\"><span style=\"color: #000000;\"><span style=\"font-size: large;\"><span style=\"font-family: Book Antiqua, serif;\"><b>Jej obch\u00f3d rozpoczyna si\u0119 Liturgi\u0105 Wigilii Paschalnej, w sobot\u0119, w p\u00f3\u017aniejszych godzinach wieczornych.<\/b><\/span> <span style=\"font-family: Book Antiqua, serif;\"><b>Nie wolno rozpocz\u0105\u0107 jej przed zapadni\u0119ciem nocy!<\/b><\/span><span style=\"font-family: Book Antiqua, serif;\"> Innej godziny nie mo\u017cna t\u0142umaczy\u0107 nawet wzgl\u0119dami bezpiecze\u0144stwa. Liturgii tej <\/span><span style=\"font-family: Book Antiqua, serif;\"><b>nie nale\u017cy rozumie\u0107 jako momentu zako\u0144czenia Wielkiej Soboty, ale jako liturgi\u0119 sprawowan\u0105 w Noc Zmartwychwstania.<\/b><\/span> <\/span><\/span><\/p>\n<p align=\"justify\"><span style=\"color: #000000;\"><span style=\"font-size: large;\"><span style=\"font-family: Book Antiqua, serif;\">Przed jej rozpocz\u0119ciem ko\u0144czy si\u0119 adoracj\u0119 w Grobie. <\/span><span style=\"font-family: Book Antiqua, serif;\"><b>Na przebieg Wigilii Paschalnej sk\u0142ada<\/b><\/span> <span style=\"font-family: Book Antiqua, serif;\"><b>si\u0119: <\/b><\/span><span style=\"font-family: Book Antiqua, serif;\"><b>l<\/b><\/span><span style=\"font-family: Book Antiqua, serif;\"><b>iturgia <\/b><\/span><span style=\"font-family: Book Antiqua, serif;\"><b>\u015b<\/b><\/span><span style=\"font-family: Book Antiqua, serif;\"><b>wiat\u0142a, <\/b><\/span><span style=\"font-family: Book Antiqua, serif;\"><b>l<\/b><\/span><span style=\"font-family: Book Antiqua, serif;\"><b>iturgia S\u0142owa, <\/b><\/span><span style=\"font-family: Book Antiqua, serif;\"><b>l<\/b><\/span><span style=\"font-family: Book Antiqua, serif;\"><b>iturgia <\/b><\/span><span style=\"font-family: Book Antiqua, serif;\"><b>c<\/b><\/span><span style=\"font-family: Book Antiqua, serif;\"><b>hrzcielna i <\/b><\/span><span style=\"font-family: Book Antiqua, serif;\"><b>l<\/b><\/span><span style=\"font-family: Book Antiqua, serif;\"><b>iturgia <\/b><\/span><span style=\"font-family: Book Antiqua, serif;\"><b>e<\/b><\/span><span style=\"font-family: Book Antiqua, serif;\"><b>ucharystyczna.<\/b><\/span> <span style=\"font-family: Book Antiqua, serif;\"><u><b>Jest to najwa\u017cniejsza Msza \u015awi\u0119ta w ci\u0105gu ca\u0142ego roku!<\/b><\/u><\/span><span style=\"font-family: Book Antiqua, serif;\"> Niedzielna poranna <\/span><span style=\"font-family: Book Antiqua, serif;\">R<\/span><span style=\"font-family: Book Antiqua, serif;\">ezurekcja \u2013 to ju\u017c druga Msza \u015awi\u0119ta o Zmartwychwstaniu Jezusa. <\/span><\/span><\/span><\/p>\n<p align=\"justify\"><span style=\"color: #000000;\"><span style=\"font-size: large;\"><span style=\"font-family: Book Antiqua, serif;\">Liturgi\u0119 Wigilii Paschalnej rozpoczyna si\u0119 przed drzwiami ko\u015bcio\u0142a, gdzie <\/span><span style=\"font-family: Book Antiqua, serif;\">c<\/span><span style=\"font-family: Book Antiqua, serif;\">elebrans <\/span><span style=\"font-family: Book Antiqua, serif;\"><b>po\u015bwi\u0119ca ogie\u0144, nast\u0119pnie od niego zapala Pascha\u0142,<\/b><\/span><span style=\"font-family: Book Antiqua, serif;\"> \u015bwiec\u0119 b\u0119d\u0105c\u0105 symbolem Chrystusa Zmartwychwsta\u0142ego. \u015awieca Paschalna ma by\u0107 odlana z wosku, corocznie nowa, jedna, zwyczajnej wielko\u015bci \u2013 nigdy sztuczna! Potem <\/span><span style=\"font-family: Book Antiqua, serif;\"><b>c<\/b><\/span><span style=\"font-family: Book Antiqua, serif;\"><b>elebrans<\/b><\/span><span style=\"font-family: Book Antiqua, serif;\"><b> wnosi zapalony Pascha\u0142 do ko\u015bcio\u0142a,<\/b><\/span><span style=\"font-family: Book Antiqua, serif;\"> trzykrotnie \u015bpiewaj\u0105c: \u201e<\/span><span style=\"font-family: Book Antiqua, serif;\">\u015awiat\u0142o Chrystusa!\u201d,<\/span><span style=\"font-family: Book Antiqua, serif;\"> na co wierni odpowiadaj\u0105 za ka\u017cdym razem: \u201e<\/span><span style=\"font-family: Book Antiqua, serif;\">Bogu niech b\u0119d\u0105 dzi\u0119ki!\u201d<\/span><i> <\/i><span style=\"font-family: Book Antiqua, serif;\">i zapalaj\u0105 od Pascha\u0142u swoje \u015bwiece, przekazuj\u0105c \u015bwiat\u0142o sobie nawzajem. <\/span><\/span><\/span><\/p>\n<p align=\"justify\"><span style=\"color: #000000;\"><span style=\"font-size: large;\"><span style=\"font-family: Book Antiqua, serif;\">W <\/span><span style=\"font-family: Book Antiqua, serif;\">l<\/span><span style=\"font-family: Book Antiqua, serif;\">iturgii S\u0142owa nale\u017cy przeczyta\u0107 przynajmniej trzy <\/span><span style=\"font-family: Book Antiqua, serif;\">teksty<\/span><span style=\"font-family: Book Antiqua, serif;\"> ze Starego Testamentu <\/span><span style=\"font-family: Book Antiqua, serif;\">(wszystkich jest siedem)<\/span><span style=\"font-family: Book Antiqua, serif;\">, <\/span><span style=\"font-family: Book Antiqua, serif;\">przy czym obowi\u0105zkowo nale\u017cy uwzgl\u0119dni\u0107 czytanie trzecie, opisuj\u0105ce wyprowadzenie Izraelit\u00f3w z niewoli egipskiej (<\/span><span style=\"font-family: Book Antiqua, serif;\">Wj 14,15\u201315,1<\/span><span style=\"font-family: Book Antiqua, serif;\">).<\/span> <span style=\"font-family: Book Antiqua, serif;\">N<\/span><span style=\"font-family: Book Antiqua, serif;\">ast\u0119p<\/span><span style=\"font-family: Book Antiqua, serif;\">nie \u015bpiewa si\u0119<\/span><span style=\"font-family: Book Antiqua, serif;\"> hymn \u201e<\/span><span style=\"font-family: Book Antiqua, serif;\">Chwa\u0142a na wysoko\u015bci Bogu\u201d.<\/span> <span style=\"font-family: Book Antiqua, serif;\"><b>Wtedy ponownie rozbrzmiewaj\u0105 dzwony i organy. Radosne \u201eAlleluja\u201d zwiastuje nowin\u0119 o Zmartwychwstaniu Chrystusa. <\/b><\/span><\/span><\/span><\/p>\n<p align=\"justify\"><span style=\"color: #000000;\"><span style=\"font-size: large;\"><span style=\"font-family: Book Antiqua, serif;\">W czasie liturgii chrzcielnej <\/span><span style=\"font-family: Book Antiqua, serif;\">b\u0142ogos\u0142awi<\/span><span style=\"font-family: Book Antiqua, serif;\"> si\u0119 wod\u0119, kt\u00f3r\u0105 b\u0119dzie si\u0119 dokonywa\u0142o Chrzt\u00f3w przez ca\u0142y rok. Je\u017celi s\u0105 kandydaci do Chrztu, udziela si\u0119 tego Sakramentu. <\/span><span style=\"font-family: Book Antiqua, serif;\"><b>Wszyscy obecni odnawiaj\u0105 przyrzeczenia chrzcielne, za co mog\u0105 zyska\u0107 odpust zupe\u0142ny.<\/b><\/span><span style=\"font-family: Book Antiqua, serif;\"> Wszystkie teksty mszalne i \u015bpiewy dotycz\u0105 ju\u017c tajemnicy Zmartwychwstania. <\/span><\/span><\/span><\/p>\n<p align=\"justify\"><span style=\"color: #000000;\"><span style=\"font-size: large;\"><span style=\"font-family: Book Antiqua, serif;\">Ewentualna nocna adoracja Naj\u015bwi\u0119tszego Sakramentu w Grobie <\/span><span style=\"font-family: Book Antiqua, serif;\"><b>nie mo\u017ce mie\u0107 charakteru wielkopostnego, ale charakter dzi\u0119kczynienia i uwielbienia. <\/b><\/span><\/span><\/span><\/p>\n<p align=\"justify\"><span style=\"color: #000000;\"><span style=\"font-size: large;\"> <span style=\"font-family: Book Antiqua, serif;\">Przez ca\u0142\u0105<\/span> <span style=\"font-family: Book Antiqua, serif;\">Niedziel\u0119<\/span><span style=\"font-family: Book Antiqua, serif;\"> Zmartwychwstania Pa\u0144skiego odbywaj\u0105 si\u0119 uroczyste Msze \u015awi\u0119te, wed\u0142ug tekst\u00f3w dotycz\u0105cych tej tajemnicy. <\/span><span style=\"font-family: Book Antiqua, serif;\"><b>Msza \u015awi\u0119ta wieczorna w Niedziel\u0119 Zmartwychwstania ko\u0144czy \u015awi\u0119te Triduum Paschalne.<\/b><\/span><span style=\"font-family: Book Antiqua, serif;\"> Przez ca\u0142y dzie\u0144 jako akt pokutny dobrze jest zastosowa\u0107 pokropienie wod\u0105 pob\u0142ogos\u0142awion\u0105 w Wigili\u0119. T\u0105 sam\u0105 wod\u0105 wype\u0142nia si\u0119 te\u017c kropielnic\u0119 przy wej\u015bciu do ko\u015bcio\u0142a. Przed \u201e<\/span><span style=\"font-family: Book Antiqua, serif;\">Alleluja\u201d<\/span><i> <\/i><span style=\"font-family: Book Antiqua, serif;\">\u015bpiewa si\u0119 sekwencj\u0119: \u201e<\/span><span style=\"font-family: Book Antiqua, serif;\">Niech w \u015bwi\u0119to radosne paschalnej Ofiary\u201d,<\/span><span style=\"font-family: Book Antiqua, serif;\"> w czasie <\/span><span style=\"font-family: Book Antiqua, serif;\">kt\u00f3rej<\/span><span style=\"font-family: Book Antiqua, serif;\"> wszyscy stoj\u0105. Mo\u017cna j\u0105 wykonywa\u0107 we wszystkie dni Oktawy Wielkanocnej. <\/span><\/span><\/span><\/p>\n<p align=\"center\"><span style=\"color: #000000;\"><span style=\"font-family: Book Antiqua, serif;\"><span style=\"font-size: large;\"><b>OKTAWA WIELKANOCNA<\/b><\/span><\/span><\/span><\/p>\n<p align=\"justify\"><span style=\"color: #000000;\"><span style=\"font-size: large;\"><span style=\"font-family: Book Antiqua, serif;\">Poniedzia\u0142ek Wielkanocny, kt\u00f3ry w naszej polskiej tradycji jest drugim dniem \u015awi\u0105t, w sensie liturgicznym ma tak\u0105 sam\u0105 rang\u0119, jak wszystkie <\/span><span style=\"font-family: Book Antiqua, serif;\"><b>kolejne dni Oktawy, czyli o\u015bmiu uroczystych dni<\/b><\/span><span style=\"font-family: Book Antiqua, serif;\"> od Zmartwychwstania Pa\u0144skiego. <\/span><span style=\"font-family: Book Antiqua, serif;\"><b>Wszystkie te dni stanowi\u0105 <\/b><\/span><span style=\"font-family: Book Antiqua, serif;\"><b>przed\u0142u\u017cenie <\/b><\/span><span style=\"font-family: Book Antiqua, serif;\"><b>rado\u015bci Ko\u015bcio\u0142a z faktu, \u017ce Jezus \u017cyje.<\/b><\/span> <span style=\"font-family: Book Antiqua, serif;\">W pi\u0105tek, wypadaj\u0105cy w trakcie Oktawy, nie ma wstrzemi\u0119\u017aliwo\u015bci od pokarm\u00f3w mi\u0119snych. <\/span><\/span><\/span><\/p>\n<p align=\"center\"><span style=\"color: #000000;\"><span style=\"font-family: Book Antiqua, serif;\"><span style=\"font-size: large;\"><b>OKRES WIELKANOCNY<\/b><\/span><\/span><\/span><\/p>\n<p align=\"justify\"><span style=\"color: #000000;\"><span style=\"font-family: Book Antiqua, serif;\"><span style=\"font-size: large;\">Przez p<\/span><\/span><\/span><span style=\"color: #000000;\"><span style=\"font-family: Book Antiqua, serif;\"><span style=\"font-size: large;\">i\u0119\u0107dziesi\u0105t dni, <\/span><\/span><\/span><span style=\"color: #000000;\"><span style=\"font-family: Book Antiqua, serif;\"><span style=\"font-size: large;\">a wi\u0119c<\/span><\/span><\/span> <span style=\"color: #000000;\"><span style=\"font-family: Book Antiqua, serif;\"><span style=\"font-size: large;\"><b>od Niedzieli Zmartwychwstania, do Niedzieli Zes\u0142ania Ducha \u015awi\u0119tego, obchodzi si\u0119 Okres Wielkanocny.<\/b><\/span><\/span><\/span><span style=\"color: #000000;\"><span style=\"font-family: Book Antiqua, serif;\"><span style=\"font-size: large;\"> W tym czasie Pascha\u0142 stoi przy o\u0142tarzu i winien by\u0107 zapalany przynajmniej we wszystkich uroczystych celebracjach liturgicznych.<\/span><\/span><\/span><\/p>\n","protected":false},"excerpt":{"rendered":"<p>Szcz\u0119\u015b\u0107 Bo\u017ce! Moi Drodzy, w dniu dzisiejszym imieniny obchodz\u0105: \u25baRyszard Ja\u015bkowski, m\u00f3j Wujek, mieszkaj\u0105cy w Olsztynie; \u25baKsi\u0105dz Doktor Ryszard Federczyk, Kap\u0142an naszej Diecezji, od lat pos\u0142uguj\u0105cy na Ukrainie; \u25baKsi\u0105dz Ryszard Andruszczak, emerytowany Dziekan Dekanatu Garwoli\u0144skiego; \u25baKsi\u0105dz Ryszard Kozie\u0142, Proboszcz Parafii \u015awi\u0119tej Anny w Bia\u0142ej Podlaskiej, gdzie przed tygodniem prowadzi\u0142em Rekolekcje. Urodziny natomiast prze\u017cywaj\u0105: \u25baMonika Kondej [&hellip;]<\/p>\n","protected":false},"author":1,"featured_media":0,"comment_status":"open","ping_status":"open","sticky":false,"template":"","format":"standard","meta":{"jetpack_post_was_ever_published":false,"_jetpack_newsletter_access":"","_jetpack_dont_email_post_to_subs":false,"_jetpack_newsletter_tier_id":0,"_jetpack_memberships_contains_paywalled_content":false,"_jetpack_memberships_contains_paid_content":false,"footnotes":""},"categories":[1],"tags":[],"class_list":["post-21457","post","type-post","status-publish","format-standard","hentry","category-bez-kategorii"],"yoast_head":"<!-- This site is optimized with the Yoast SEO plugin v25.1 - https:\/\/yoast.com\/wordpress\/plugins\/seo\/ -->\n<title>Ja, Pan, powo\u0142a\u0142em ci\u0119 s\u0142usznie... - Gaudium Et Spes<\/title>\n<meta name=\"robots\" content=\"index, follow, max-snippet:-1, max-image-preview:large, max-video-preview:-1\" \/>\n<link rel=\"canonical\" href=\"https:\/\/gaudiumetspes-blog.pl\/index.php\/2023\/04\/03\/ja-pan-powolalem-cie-slusznie\/\" \/>\n<meta property=\"og:locale\" content=\"pl_PL\" \/>\n<meta property=\"og:type\" content=\"article\" \/>\n<meta property=\"og:title\" content=\"Ja, Pan, powo\u0142a\u0142em ci\u0119 s\u0142usznie... - Gaudium Et Spes\" \/>\n<meta property=\"og:description\" content=\"Szcz\u0119\u015b\u0107 Bo\u017ce! Moi Drodzy, w dniu dzisiejszym imieniny obchodz\u0105: \u25baRyszard Ja\u015bkowski, m\u00f3j Wujek, mieszkaj\u0105cy w Olsztynie; \u25baKsi\u0105dz Doktor Ryszard Federczyk, Kap\u0142an naszej Diecezji, od lat pos\u0142uguj\u0105cy na Ukrainie; \u25baKsi\u0105dz Ryszard Andruszczak, emerytowany Dziekan Dekanatu Garwoli\u0144skiego; \u25baKsi\u0105dz Ryszard Kozie\u0142, Proboszcz Parafii \u015awi\u0119tej Anny w Bia\u0142ej Podlaskiej, gdzie przed tygodniem prowadzi\u0142em Rekolekcje. Urodziny natomiast prze\u017cywaj\u0105: \u25baMonika Kondej [&hellip;]\" \/>\n<meta property=\"og:url\" content=\"https:\/\/gaudiumetspes-blog.pl\/index.php\/2023\/04\/03\/ja-pan-powolalem-cie-slusznie\/\" \/>\n<meta property=\"og:site_name\" content=\"Gaudium Et Spes\" \/>\n<meta property=\"article:published_time\" content=\"2023-04-03T06:56:32+00:00\" \/>\n<meta name=\"author\" content=\"Ks. Jacek\" \/>\n<meta name=\"twitter:card\" content=\"summary_large_image\" \/>\n<meta name=\"twitter:label1\" content=\"Napisane przez\" \/>\n\t<meta name=\"twitter:data1\" content=\"Ks. Jacek\" \/>\n\t<meta name=\"twitter:label2\" content=\"Szacowany czas czytania\" \/>\n\t<meta name=\"twitter:data2\" content=\"15 minut\" \/>\n<script type=\"application\/ld+json\" class=\"yoast-schema-graph\">{\"@context\":\"https:\/\/schema.org\",\"@graph\":[{\"@type\":\"WebPage\",\"@id\":\"https:\/\/gaudiumetspes-blog.pl\/index.php\/2023\/04\/03\/ja-pan-powolalem-cie-slusznie\/\",\"url\":\"https:\/\/gaudiumetspes-blog.pl\/index.php\/2023\/04\/03\/ja-pan-powolalem-cie-slusznie\/\",\"name\":\"Ja, Pan, powo\u0142a\u0142em ci\u0119 s\u0142usznie... - Gaudium Et Spes\",\"isPartOf\":{\"@id\":\"https:\/\/gaudiumetspes-blog.pl\/#website\"},\"datePublished\":\"2023-04-03T06:56:32+00:00\",\"author\":{\"@id\":\"https:\/\/gaudiumetspes-blog.pl\/#\/schema\/person\/1661982992b752dea8dff0d4ed845a65\"},\"breadcrumb\":{\"@id\":\"https:\/\/gaudiumetspes-blog.pl\/index.php\/2023\/04\/03\/ja-pan-powolalem-cie-slusznie\/#breadcrumb\"},\"inLanguage\":\"pl-PL\",\"potentialAction\":[{\"@type\":\"ReadAction\",\"target\":[\"https:\/\/gaudiumetspes-blog.pl\/index.php\/2023\/04\/03\/ja-pan-powolalem-cie-slusznie\/\"]}]},{\"@type\":\"BreadcrumbList\",\"@id\":\"https:\/\/gaudiumetspes-blog.pl\/index.php\/2023\/04\/03\/ja-pan-powolalem-cie-slusznie\/#breadcrumb\",\"itemListElement\":[{\"@type\":\"ListItem\",\"position\":1,\"name\":\"Strona g\u0142\u00f3wna\",\"item\":\"https:\/\/gaudiumetspes-blog.pl\/\"},{\"@type\":\"ListItem\",\"position\":2,\"name\":\"Ja, Pan, powo\u0142a\u0142em ci\u0119 s\u0142usznie&#8230;\"}]},{\"@type\":\"WebSite\",\"@id\":\"https:\/\/gaudiumetspes-blog.pl\/#website\",\"url\":\"https:\/\/gaudiumetspes-blog.pl\/\",\"name\":\"Gaudium Et Spes\",\"description\":\"Blog Ks. Jacka Ja\u015bkowskiego\",\"potentialAction\":[{\"@type\":\"SearchAction\",\"target\":{\"@type\":\"EntryPoint\",\"urlTemplate\":\"https:\/\/gaudiumetspes-blog.pl\/?s={search_term_string}\"},\"query-input\":{\"@type\":\"PropertyValueSpecification\",\"valueRequired\":true,\"valueName\":\"search_term_string\"}}],\"inLanguage\":\"pl-PL\"},{\"@type\":\"Person\",\"@id\":\"https:\/\/gaudiumetspes-blog.pl\/#\/schema\/person\/1661982992b752dea8dff0d4ed845a65\",\"name\":\"Ks. Jacek\",\"image\":{\"@type\":\"ImageObject\",\"inLanguage\":\"pl-PL\",\"@id\":\"https:\/\/gaudiumetspes-blog.pl\/#\/schema\/person\/image\/\",\"url\":\"https:\/\/gaudiumetspes-blog.pl\/wp-content\/uploads\/2019\/07\/avatar-JJ-150x150.jpg\",\"contentUrl\":\"https:\/\/gaudiumetspes-blog.pl\/wp-content\/uploads\/2019\/07\/avatar-JJ-150x150.jpg\",\"caption\":\"Ks. Jacek\"},\"description\":\"Witam serdecznie! K\u0142ania si\u0119 Ks. Jacek Ja\u015bkowski. Nie jestem ani kim\u015b wa\u017cnym, ani kim\u015b znanym. Jestem ksi\u0119dzem, kt\u00f3ry po prostu chce rozmawia\u0107. Codzienna kap\u0142a\u0144ska pos\u0142uga pokazuje mi, \u017ce temat\u00f3w do rozm\u00f3w z ksi\u0119dzem jest coraz wi\u0119cej i dzisiaj \u017caden ksi\u0105dz nie mo\u017ce od nich ucieka\u0107, ale - wprost przeciwnie - podejmowa\u0107 nowe wyzwania. To przekonanie sk\u0142oni\u0142o mnie do pr\u00f3by otwarcia tego\u017c bloga, chocia\u017c okazji do rozm\u00f3w na co dzie\u0144 - w konfesjonale i poza nim - na szcz\u0119\u015bcie nie brakuje. My\u015bl\u0119 jednak, \u017ce ten blog b\u0119dzie jeszcze jednym sposobem i przestrzeni\u0105 nawi\u0105zania kontaktu z lud\u017ami dobrej woli, otwartymi na dialog.\",\"url\":\"https:\/\/gaudiumetspes-blog.pl\/index.php\/author\/ks-jacek\/\"}]}<\/script>\n<!-- \/ Yoast SEO plugin. -->","yoast_head_json":{"title":"Ja, Pan, powo\u0142a\u0142em ci\u0119 s\u0142usznie... - Gaudium Et Spes","robots":{"index":"index","follow":"follow","max-snippet":"max-snippet:-1","max-image-preview":"max-image-preview:large","max-video-preview":"max-video-preview:-1"},"canonical":"https:\/\/gaudiumetspes-blog.pl\/index.php\/2023\/04\/03\/ja-pan-powolalem-cie-slusznie\/","og_locale":"pl_PL","og_type":"article","og_title":"Ja, Pan, powo\u0142a\u0142em ci\u0119 s\u0142usznie... - Gaudium Et Spes","og_description":"Szcz\u0119\u015b\u0107 Bo\u017ce! Moi Drodzy, w dniu dzisiejszym imieniny obchodz\u0105: \u25baRyszard Ja\u015bkowski, m\u00f3j Wujek, mieszkaj\u0105cy w Olsztynie; \u25baKsi\u0105dz Doktor Ryszard Federczyk, Kap\u0142an naszej Diecezji, od lat pos\u0142uguj\u0105cy na Ukrainie; \u25baKsi\u0105dz Ryszard Andruszczak, emerytowany Dziekan Dekanatu Garwoli\u0144skiego; \u25baKsi\u0105dz Ryszard Kozie\u0142, Proboszcz Parafii \u015awi\u0119tej Anny w Bia\u0142ej Podlaskiej, gdzie przed tygodniem prowadzi\u0142em Rekolekcje. Urodziny natomiast prze\u017cywaj\u0105: \u25baMonika Kondej [&hellip;]","og_url":"https:\/\/gaudiumetspes-blog.pl\/index.php\/2023\/04\/03\/ja-pan-powolalem-cie-slusznie\/","og_site_name":"Gaudium Et Spes","article_published_time":"2023-04-03T06:56:32+00:00","author":"Ks. Jacek","twitter_card":"summary_large_image","twitter_misc":{"Napisane przez":"Ks. Jacek","Szacowany czas czytania":"15 minut"},"schema":{"@context":"https:\/\/schema.org","@graph":[{"@type":"WebPage","@id":"https:\/\/gaudiumetspes-blog.pl\/index.php\/2023\/04\/03\/ja-pan-powolalem-cie-slusznie\/","url":"https:\/\/gaudiumetspes-blog.pl\/index.php\/2023\/04\/03\/ja-pan-powolalem-cie-slusznie\/","name":"Ja, Pan, powo\u0142a\u0142em ci\u0119 s\u0142usznie... - Gaudium Et Spes","isPartOf":{"@id":"https:\/\/gaudiumetspes-blog.pl\/#website"},"datePublished":"2023-04-03T06:56:32+00:00","author":{"@id":"https:\/\/gaudiumetspes-blog.pl\/#\/schema\/person\/1661982992b752dea8dff0d4ed845a65"},"breadcrumb":{"@id":"https:\/\/gaudiumetspes-blog.pl\/index.php\/2023\/04\/03\/ja-pan-powolalem-cie-slusznie\/#breadcrumb"},"inLanguage":"pl-PL","potentialAction":[{"@type":"ReadAction","target":["https:\/\/gaudiumetspes-blog.pl\/index.php\/2023\/04\/03\/ja-pan-powolalem-cie-slusznie\/"]}]},{"@type":"BreadcrumbList","@id":"https:\/\/gaudiumetspes-blog.pl\/index.php\/2023\/04\/03\/ja-pan-powolalem-cie-slusznie\/#breadcrumb","itemListElement":[{"@type":"ListItem","position":1,"name":"Strona g\u0142\u00f3wna","item":"https:\/\/gaudiumetspes-blog.pl\/"},{"@type":"ListItem","position":2,"name":"Ja, Pan, powo\u0142a\u0142em ci\u0119 s\u0142usznie&#8230;"}]},{"@type":"WebSite","@id":"https:\/\/gaudiumetspes-blog.pl\/#website","url":"https:\/\/gaudiumetspes-blog.pl\/","name":"Gaudium Et Spes","description":"Blog Ks. Jacka Ja\u015bkowskiego","potentialAction":[{"@type":"SearchAction","target":{"@type":"EntryPoint","urlTemplate":"https:\/\/gaudiumetspes-blog.pl\/?s={search_term_string}"},"query-input":{"@type":"PropertyValueSpecification","valueRequired":true,"valueName":"search_term_string"}}],"inLanguage":"pl-PL"},{"@type":"Person","@id":"https:\/\/gaudiumetspes-blog.pl\/#\/schema\/person\/1661982992b752dea8dff0d4ed845a65","name":"Ks. Jacek","image":{"@type":"ImageObject","inLanguage":"pl-PL","@id":"https:\/\/gaudiumetspes-blog.pl\/#\/schema\/person\/image\/","url":"https:\/\/gaudiumetspes-blog.pl\/wp-content\/uploads\/2019\/07\/avatar-JJ-150x150.jpg","contentUrl":"https:\/\/gaudiumetspes-blog.pl\/wp-content\/uploads\/2019\/07\/avatar-JJ-150x150.jpg","caption":"Ks. Jacek"},"description":"Witam serdecznie! K\u0142ania si\u0119 Ks. Jacek Ja\u015bkowski. Nie jestem ani kim\u015b wa\u017cnym, ani kim\u015b znanym. Jestem ksi\u0119dzem, kt\u00f3ry po prostu chce rozmawia\u0107. Codzienna kap\u0142a\u0144ska pos\u0142uga pokazuje mi, \u017ce temat\u00f3w do rozm\u00f3w z ksi\u0119dzem jest coraz wi\u0119cej i dzisiaj \u017caden ksi\u0105dz nie mo\u017ce od nich ucieka\u0107, ale - wprost przeciwnie - podejmowa\u0107 nowe wyzwania. To przekonanie sk\u0142oni\u0142o mnie do pr\u00f3by otwarcia tego\u017c bloga, chocia\u017c okazji do rozm\u00f3w na co dzie\u0144 - w konfesjonale i poza nim - na szcz\u0119\u015bcie nie brakuje. My\u015bl\u0119 jednak, \u017ce ten blog b\u0119dzie jeszcze jednym sposobem i przestrzeni\u0105 nawi\u0105zania kontaktu z lud\u017ami dobrej woli, otwartymi na dialog.","url":"https:\/\/gaudiumetspes-blog.pl\/index.php\/author\/ks-jacek\/"}]}},"jetpack_featured_media_url":"","jetpack_sharing_enabled":true,"_links":{"self":[{"href":"https:\/\/gaudiumetspes-blog.pl\/index.php\/wp-json\/wp\/v2\/posts\/21457","targetHints":{"allow":["GET"]}}],"collection":[{"href":"https:\/\/gaudiumetspes-blog.pl\/index.php\/wp-json\/wp\/v2\/posts"}],"about":[{"href":"https:\/\/gaudiumetspes-blog.pl\/index.php\/wp-json\/wp\/v2\/types\/post"}],"author":[{"embeddable":true,"href":"https:\/\/gaudiumetspes-blog.pl\/index.php\/wp-json\/wp\/v2\/users\/1"}],"replies":[{"embeddable":true,"href":"https:\/\/gaudiumetspes-blog.pl\/index.php\/wp-json\/wp\/v2\/comments?post=21457"}],"version-history":[{"count":1,"href":"https:\/\/gaudiumetspes-blog.pl\/index.php\/wp-json\/wp\/v2\/posts\/21457\/revisions"}],"predecessor-version":[{"id":21458,"href":"https:\/\/gaudiumetspes-blog.pl\/index.php\/wp-json\/wp\/v2\/posts\/21457\/revisions\/21458"}],"wp:attachment":[{"href":"https:\/\/gaudiumetspes-blog.pl\/index.php\/wp-json\/wp\/v2\/media?parent=21457"}],"wp:term":[{"taxonomy":"category","embeddable":true,"href":"https:\/\/gaudiumetspes-blog.pl\/index.php\/wp-json\/wp\/v2\/categories?post=21457"},{"taxonomy":"post_tag","embeddable":true,"href":"https:\/\/gaudiumetspes-blog.pl\/index.php\/wp-json\/wp\/v2\/tags?post=21457"}],"curies":[{"name":"wp","href":"https:\/\/api.w.org\/{rel}","templated":true}]}}