{"id":21472,"date":"2023-04-08T20:00:37","date_gmt":"2023-04-08T18:00:37","guid":{"rendered":"https:\/\/gaudiumetspes-blog.pl\/?p=21472"},"modified":"2023-04-08T10:43:49","modified_gmt":"2023-04-08T08:43:49","slug":"uswiecajaca-sila-tej-nocy","status":"publish","type":"post","link":"https:\/\/gaudiumetspes-blog.pl\/index.php\/2023\/04\/08\/uswiecajaca-sila-tej-nocy\/","title":{"rendered":"U\u015bwi\u0119caj\u0105ca si\u0142a tej Nocy&#8230;"},"content":{"rendered":"<p align=\"justify\"><span style=\"color: #000000;\"><span style=\"font-family: Book Antiqua, serif;\"><span style=\"font-size: large;\">Niech b\u0119dzie pochwalony Jezus Chrystus! Drodzy moi, zapraszam do pochylenia si\u0119 nad s\u0142owami liturgii Wigilii Paschalnej. Zamieszczam tu teksty liturgii S\u0142owa. Tak\u017ce tekst Or\u0119dzia Wielkanocnego, kt\u00f3re zostanie dzi\u015b uroczy\u015bcie od\u015bpiewane, a kt\u00f3re polecam Waszej uwadze na dzisiejsz\u0105 Noc i na jutrzejszy Poranek.<\/span><\/span><\/span><\/p>\n<p align=\"justify\"><span style=\"color: #000000;\"><span style=\"font-family: Book Antiqua, serif;\"><span style=\"font-size: large;\">Na g\u0142\u0119bokie i religijne prze\u017cywanie tej dzisiejszej naprawd\u0119 Wielkiej Nocy \u2013 <b>niech Was b\u0142ogos\u0142awi B\u00f3g Wszechmog\u0105cy: Ojciec + i Syn, i Duch \u015awi\u0119ty. Amen<\/b><\/span><\/span><\/span><\/p>\n<p align=\"center\"><span style=\"color: #000000;\"><span style=\"font-family: Book Antiqua, serif;\"><span style=\"font-size: large;\">Gaudium et spes! Ks. Jacek<\/span><\/span><\/span><\/p>\n<p align=\"center\">\n<p align=\"center\">\n<p align=\"center\">\n<p align=\"center\">\n<p align=\"center\">\n<p align=\"justify\"><span style=\"color: #000000;\"><span style=\"font-family: Book Antiqua, serif;\"><span style=\"font-size: large;\"><b>Wigilia Paschalna,<\/b><\/span><\/span><\/span><\/p>\n<p align=\"justify\"><span style=\"color: #000000;\"><span style=\"font-family: Book Antiqua, serif;\"><span style=\"font-size: large;\"><b>8 kwietnia 2023.<\/b><\/span><\/span><\/span><\/p>\n<p align=\"justify\">\n<p align=\"justify\">\n<p align=\"justify\">\n<p align=\"justify\">\n<p align=\"justify\">\n<p align=\"center\"><span style=\"color: #000000;\"><span style=\"font-family: Book Antiqua, serif;\"><span style=\"font-size: large;\"><u><b>OR\u0118DZIE WIELKANOCNE \u2013 EXSULTET<\/b><\/u><\/span><\/span><\/span><\/p>\n<p align=\"justify\"><span style=\"color: #000000;\"><span style=\"font-family: Book Antiqua, serif;\"><span style=\"font-size: large;\"><b>Weselcie si\u0119 ju\u017c, zast\u0119py Anio\u0142\u00f3w w niebie! Weselcie si\u0119, s\u0142udzy Boga! Niechaj zabrzmi\u0105 dzwony g\u0142osz\u0105ce zbawienie, gdy Kr\u00f3l tak wielki odnosi zwyci\u0119stwo. Raduj si\u0119, ziemio, opromieniona tak niezmiernym blaskiem, a o\u015bwiecona jasno\u015bci\u0105 Kr\u00f3la wiek\u00f3w, poczuj, \u017ce wolna jeste\u015b od mroku, co \u015bwiat okrywa! Zdobny blaskiem takiej \u015bwiat\u0142o\u015bci, raduj si\u0119, Ko\u015bciele \u015bwi\u0119ty, Matko nasza! Ta za\u015b \u015bwi\u0105tynia niechaj zabrzmi pot\u0119\u017cnym \u015bpiewem ca\u0142ego ludu.<\/b><\/span><\/span><\/span><\/p>\n<p align=\"justify\"><span style=\"color: #000000;\"><span style=\"font-family: Book Antiqua, serif;\"><span style=\"font-size: large;\"><b>A zatem prosz\u0119 was, bracia najmilsi, kt\u00f3rzy stoicie tutaj, podziwiaj\u0105c jasno\u015b\u0107 tego \u015bwi\u0119tego p\u0142omienia, by\u015bcie razem ze mn\u0105 wzywali mi\u0142osierdzia wszechmog\u0105cego Boga. Niech Ten, kt\u00f3ry bez moich zas\u0142ug raczy\u0142 mnie uczyni\u0107 swoim s\u0142ug\u0105, zechce mnie nape\u0142ni\u0107 \u015bwiat\u0142em swojej jasno\u015bci i pozwoli godnie wy\u015bpiewa\u0107 pochwa\u0142\u0119 tej \u015bwiecy.<\/b><\/span><\/span><\/span><\/p>\n<p align=\"justify\"><span style=\"color: #000000;\"><span style=\"font-family: Book Antiqua, serif;\"><span style=\"font-size: large;\"><b>K. Pan z wami.<\/b><\/span><\/span><\/span><\/p>\n<p align=\"justify\"><span style=\"color: #000000;\"><span style=\"font-family: Book Antiqua, serif;\"><span style=\"font-size: large;\"><b>W. I z duchem twoim.<\/b><\/span><\/span><\/span><\/p>\n<p align=\"justify\"><span style=\"color: #000000;\"><span style=\"font-family: Book Antiqua, serif;\"><span style=\"font-size: large;\"><b>K. W g\u00f3r\u0119 serca.<\/b><\/span><\/span><\/span><\/p>\n<p align=\"justify\"><span style=\"color: #000000;\"><span style=\"font-family: Book Antiqua, serif;\"><span style=\"font-size: large;\"><b>W. Wznosimy je do Pana.<\/b><\/span><\/span><\/span><\/p>\n<p align=\"justify\"><span style=\"color: #000000;\"><span style=\"font-family: Book Antiqua, serif;\"><span style=\"font-size: large;\"><b>K. Dzi\u0119ki sk\u0142adajmy Panu, Bogu naszemu.<\/b><\/span><\/span><\/span><\/p>\n<p align=\"justify\"><span style=\"color: #000000;\"><span style=\"font-family: Book Antiqua, serif;\"><span style=\"font-size: large;\"><b>W. Godne to i sprawiedliwe.<\/b><\/span><\/span><\/span><\/p>\n<p align=\"justify\"><span style=\"color: #000000;\"><span style=\"font-family: Book Antiqua, serif;\"><span style=\"font-size: large;\"><b>Zaprawd\u0119, godne to i sprawiedliwe, aby\u015bmy z ca\u0142ego serca i z ca\u0142ej duszy \u015bpiewem wys\u0142awiali niewidzialnego Boga, Ojca Wszechmog\u0105cego oraz Jednorodzonego Syna Jego, Jezusa Chrystusa, naszego Pana, kt\u00f3ry Ojcu przedwiecznemu sp\u0142aci\u0142 za nas d\u0142ug Adama i krwi\u0105 serdeczn\u0105 zmaza\u0142 d\u0142u\u017cny zapis starodawnej winy.<\/b><\/span><\/span><\/span><\/p>\n<p align=\"justify\"><span style=\"color: #000000;\"><span style=\"font-family: Book Antiqua, serif;\"><span style=\"font-size: large;\"><b>Oto s\u0105 bowiem \u015bwi\u0119ta paschalne, w czasie kt\u00f3rych zabija si\u0119 prawdziwego Baranka, a Jego krew po\u015bwi\u0119ca domy wierz\u0105cych. Jest to ta sama noc, w kt\u00f3rej niegdy\u015b ojc\u00f3w naszych, syn\u00f3w Izraela, wywiod\u0142e\u015b z Egiptu i przeprowadzi\u0142e\u015b such\u0105 nog\u0105 przez Morze Czerwone. Jest to zatem ta noc, kt\u00f3ra \u015bwiat\u0142em ognistego s\u0142upa rozproszy\u0142a ciemno\u015bci grzechu, a teraz ta sama noc uwalnia wszystkich wierz\u0105cych w Chrystusa na ca\u0142ej ziemi od zepsucia poga\u0144skiego \u017cycia i od mroku grzech\u00f3w, do \u0142aski przywraca i gromadzi w spo\u0142eczno\u015bci \u015bwi\u0119tych. Tej w\u0142a\u015bnie nocy Chrystus skruszywszy wi\u0119zy \u015bmierci, jako zwyci\u0119zca wyszed\u0142 z otch\u0142ani. Nic by nam przecie\u017c nie przysz\u0142o z daru \u017cycia, gdyby\u015bmy nie zostali odkupieni.<\/b><\/span><\/span><\/span><\/p>\n<p align=\"justify\"><span style=\"color: #000000;\"><span style=\"font-family: Book Antiqua, serif;\"><span style=\"font-size: large;\"><b>O, jak przedziwna \u0142askawo\u015b\u0107 Twej dobroci dla nas! O, jak niepoj\u0119ta jest Twoja mi\u0142o\u015b\u0107: aby wykupi\u0107 niewolnika, wyda\u0142e\u015b swego Syna. O, zaiste konieczny by\u0142 grzech Adama, kt\u00f3ry zosta\u0142 zg\u0142adzony \u015bmierci\u0105 Chrystusa! O, szcz\u0119\u015bliwa wina, skoro j\u0105 zg\u0142adzi\u0142 tak wielki Odkupiciel! O, zaiste b\u0142ogos\u0142awiona noc, jedyna, kt\u00f3ra by\u0142a godna pozna\u0107 czas i godzin\u0119 zmartwychwstania Chrystusa. O tej to nocy napisano: a noc jako dzie\u0144 zaja\u015bnieje, oraz: noc b\u0119dzie mi \u015bwiat\u0142em i rado\u015bci\u0105. U\u015bwi\u0119caj\u0105ca si\u0142a tej nocy oddala zbrodnie, z przewin obmywa, przywraca niewinno\u015b\u0107 upad\u0142ym, a rado\u015b\u0107 smutnym, rozprasza nienawi\u015b\u0107, usposabia do zgody i ugina pot\u0119gi.<\/b><\/span><\/span><\/span><\/p>\n<p align=\"justify\"><span style=\"color: #000000;\"><span style=\"font-family: Book Antiqua, serif;\"><span style=\"font-size: large;\"><b>W t\u0119 noc pe\u0142n\u0105 \u0142aski, przyjmij, Ojcze \u015bwi\u0119ty, wieczorn\u0105 ofiar\u0119 uwielbienia, kt\u00f3r\u0105 Ci sk\u0142ada Ko\u015bci\u00f3\u0142 \u015bwi\u0119ty, uroczy\u015bcie ofiaruj\u0105c przez r\u0119ce swoich s\u0142ug t\u0119 \u015bwiec\u0119, owoc pracy pszczelego roju. Znamy ju\u017c wymow\u0119 tej woskowej kolumny, kt\u00f3r\u0105 na chwa\u0142\u0119 Boga zapali\u0142 jasny p\u0142omie\u0144. Chocia\u017c dzieli si\u0119 on u\u017cyczaj\u0105c \u015bwiat\u0142a, nie doznaje jednak uszczerbku, \u017cywi si\u0119 bowiem strugami wosku, kt\u00f3ry dla utworzenia tej cennej pochodni wyda\u0142a pracowita pszczo\u0142a.<\/b><\/span><\/span><\/span><\/p>\n<p align=\"justify\"><span style=\"color: #000000;\"><span style=\"font-family: Book Antiqua, serif;\"><span style=\"font-size: large;\"><b>O, zaiste b\u0142ogos\u0142awiona noc, w kt\u00f3rej si\u0119 \u0142\u0105czy niebo z ziemi\u0105, sprawy boskie ze sprawami ludzkimi. Prosimy Ci\u0119, przeto, Panie, niech ta \u015bwieca po\u015bwi\u0119cona na chwa\u0142\u0119 Twojego imienia nieustannie p\u0142onie, aby rozproszy\u0107 mrok tej nocy. Przyj\u0119ta przez<\/b> <b>Ciebie<\/b>, <b>jako wo\u0144 przyjemna, niechaj si\u0119 z\u0142\u0105czy ze \u015bwiat\u0142ami nieba. Niech ta \u015bwieca p\u0142onie, gdy wzejdzie S\u0142o\u0144ce nie znaj\u0105ce zachodu: Jezus Chrystus, Tw\u00f3j Syn Zmartwychwsta\u0142y, kt\u00f3ry o\u015bwieca ludzko\u015b\u0107 swoim \u015bwiat\u0142em i z Tob\u0105 \u017cyje i kr\u00f3luje na wieki wiek\u00f3w.<\/b><\/span><\/span><\/span><\/p>\n<p align=\"justify\"><span style=\"color: #000000;\"><span style=\"font-family: Book Antiqua, serif;\"><span style=\"font-size: large;\"><b>W. Amen, amen, amen!<\/b><\/span><\/span><\/span><\/p>\n<p align=\"justify\">\n<p align=\"justify\">\n<p align=\"justify\">\n<p align=\"justify\">\n<p align=\"justify\">\n<p align=\"center\"><span style=\"color: #000000;\"><span style=\"font-family: Book Antiqua, serif;\"><span style=\"font-size: large;\"><u><b>PIERWSZE CZYTANIE: Rdz 1,1\u20132,2<\/b><\/u><\/span><\/span><\/span><\/p>\n<p align=\"justify\"><span style=\"color: #000000;\"><span style=\"font-family: Book Antiqua, serif;\"><span style=\"font-size: large;\"><b>CZYTANIE Z KSI\u0118GI RODZAJU: <\/b><\/span><\/span><\/span><\/p>\n<p align=\"justify\"><span style=\"color: #000000;\"><span style=\"font-family: Book Antiqua, serif;\"><span style=\"font-size: large;\"><b>Na pocz\u0105tku B\u00f3g stworzy\u0142 niebo i ziemi\u0119. Ziemia za\u015b by\u0142a bez\u0142adem i pustkowiem: ciemno\u015b\u0107 by\u0142a nad powierzchni\u0105 bezmiaru w\u00f3d, a Duch Bo\u017cy unosi\u0142 si\u0119 nad wodami.<\/b><\/span><\/span><\/span><\/p>\n<p align=\"justify\"><span style=\"color: #000000;\"><span style=\"font-family: Book Antiqua, serif;\"><span style=\"font-size: large;\"><b>Wtedy B\u00f3g rzek\u0142: \u201eNiechaj si\u0119 stanie \u015bwiat\u0142o\u015b\u0107!\u201d I sta\u0142a si\u0119 \u015bwiat\u0142o\u015b\u0107. B\u00f3g widz\u0105c, \u017ce \u015bwiat\u0142o\u015b\u0107 jest dobra, oddzieli\u0142 j\u0105 od ciemno\u015bci. I nazwa\u0142 B\u00f3g \u015bwiat\u0142o\u015b\u0107 dniem, a ciemno\u015b\u0107 nazwa\u0142 noc\u0105. <\/b><\/span><\/span><\/span><\/p>\n<p align=\"justify\"><span style=\"color: #000000;\"><span style=\"font-family: Book Antiqua, serif;\"><span style=\"font-size: large;\"><b>I tak up\u0142yn\u0105\u0142 wiecz\u00f3r i poranek, dzie\u0144 pierwszy.<\/b><\/span><\/span><\/span><\/p>\n<p align=\"justify\"><span style=\"color: #000000;\"><span style=\"font-family: Book Antiqua, serif;\"><span style=\"font-size: large;\"><b>A potem B\u00f3g rzek\u0142: \u201eNiechaj powstanie sklepienie w \u015brodku w\u00f3d i niechaj ono oddzieli jedne wody od drugich!\u201d Uczyniwszy to sklepienie, B\u00f3g oddzieli\u0142 wody pod sklepieniem od w\u00f3d ponad sklepieniem; a gdy tak si\u0119 sta\u0142o, B\u00f3g nazwa\u0142 to sklepienie niebem. <\/b><\/span><\/span><\/span><\/p>\n<p align=\"justify\"><span style=\"color: #000000;\"><span style=\"font-family: Book Antiqua, serif;\"><span style=\"font-size: large;\"><b>I tak up\u0142yn\u0105\u0142 wiecz\u00f3r, a po nim poranek, dzie\u0144 drugi.<\/b><\/span><\/span><\/span><\/p>\n<p align=\"justify\"><span style=\"color: #000000;\"><span style=\"font-family: Book Antiqua, serif;\"><span style=\"font-size: large;\"><b>A potem B\u00f3g rzek\u0142: \u201eNiechaj zbior\u0105 si\u0119 wody spod nieba w jedno miejsce i niech si\u0119 uka\u017ce powierzchnia sucha!\u201d A gdy tak si\u0119 sta\u0142o, B\u00f3g nazwa\u0142 t\u0119 such\u0105 powierzchni\u0119 ziemi\u0105, a zbiorowisko w\u00f3d nazwa\u0142 morzem. B\u00f3g widz\u0105c, \u017ce by\u0142y dobre, rzek\u0142: \u201eNiechaj ziemia wyda ro\u015bliny zielone: trawy daj\u0105ce nasiona, drzewa owocowe rodz\u0105ce na ziemi wed\u0142ug swego gatunku owoce, w kt\u00f3rych s\u0105 nasiona\u201d. I sta\u0142o si\u0119 tak. Ziemia wyda\u0142a ro\u015bliny zielone: traw\u0119 daj\u0105c\u0105 nasienie wed\u0142ug swego gatunku i drzewa rodz\u0105ce owoce, w kt\u00f3rych by\u0142o nasienie wed\u0142ug ich gatunk\u00f3w. A B\u00f3g widzia\u0142, \u017ce by\u0142y dobre. <\/b><\/span><\/span><\/span><\/p>\n<p align=\"justify\"><span style=\"color: #000000;\"><span style=\"font-family: Book Antiqua, serif;\"><span style=\"font-size: large;\"><b>I tak up\u0142yn\u0105\u0142 wiecz\u00f3r i poranek, dzie\u0144 trzeci.<\/b><\/span><\/span><\/span><\/p>\n<p align=\"justify\"><span style=\"color: #000000;\"><span style=\"font-family: Book Antiqua, serif;\"><span style=\"font-size: large;\"><b>A potem B\u00f3g rzek\u0142: \u201eNiechaj powstan\u0105 cia\u0142a niebieskie, \u015bwiec\u0105ce na sklepieniu nieba, aby oddziela\u0142y dzie\u0144 od nocy, aby wyznacza\u0142y pory roku, dni i lata; aby by\u0142y cia\u0142ami ja\u015bniej\u0105cymi na sklepieniu nieba i aby \u015bwieci\u0142y nad ziemi\u0105\u201d. I sta\u0142o si\u0119 tak. B\u00f3g uczyni\u0142 dwa du\u017ce cia\u0142a ja\u015bniej\u0105ce: wi\u0119ksze, aby rz\u0105dzi\u0142o dniem, i mniejsze, aby rz\u0105dzi\u0142o noc\u0105, oraz gwiazdy. I umie\u015bci\u0142 je B\u00f3g na sklepieniu nieba, aby \u015bwieci\u0142y nad ziemi\u0105; aby rz\u0105dzi\u0142y dniem i noc\u0105 i oddziela\u0142y \u015bwiat\u0142o\u015b\u0107 od ciemno\u015bci. A widzia\u0142 B\u00f3g, \u017ce by\u0142y dobre. <\/b><\/span><\/span><\/span><\/p>\n<p align=\"justify\"><span style=\"color: #000000;\"><span style=\"font-family: Book Antiqua, serif;\"><span style=\"font-size: large;\"><b>I tak up\u0142yn\u0105\u0142 wiecz\u00f3r i poranek, dzie\u0144 czwarty.<\/b><\/span><\/span><\/span><\/p>\n<p align=\"justify\"><span style=\"color: #000000;\"><span style=\"font-family: Book Antiqua, serif;\"><span style=\"font-size: large;\"><b>Potem B\u00f3g rzek\u0142: \u201eNiechaj si\u0119 zaroj\u0105 wody od roju istot \u017cywych, a ptactwo niechaj lata nad ziemi\u0105, pod sklepieniem nieba!\u201d Tak stworzy\u0142 B\u00f3g wielkie potwory morskie i wszelkiego rodzaju p\u0142ywaj\u0105ce istoty \u017cywe, kt\u00f3rymi zaroi\u0142y si\u0119 wody, oraz wszelkie ptactwo skrzydlate r\u00f3\u017cnego rodzaju. B\u00f3g widz\u0105c, \u017ce by\u0142y dobre, pob\u0142ogos\u0142awi\u0142 je tymi s\u0142owami: \u201eB\u0105d\u017acie p\u0142odne i mn\u00f3\u017ccie si\u0119, aby\u015bcie zape\u0142nia\u0142y wody morskie, a ptactwo niechaj si\u0119 rozmna\u017ca na ziemi\u201d. <\/b><\/span><\/span><\/span><\/p>\n<p align=\"justify\"><span style=\"color: #000000;\"><span style=\"font-family: Book Antiqua, serif;\"><span style=\"font-size: large;\"><b>I tak up\u0142yn\u0105\u0142 wiecz\u00f3r i poranek, dzie\u0144 pi\u0105ty.<\/b><\/span><\/span><\/span><\/p>\n<p align=\"justify\"><span style=\"color: #000000;\"><span style=\"font-family: Book Antiqua, serif;\"><span style=\"font-size: large;\"><b>Potem B\u00f3g rzek\u0142: \u201eNiechaj ziemia wyda istoty \u017cywe r\u00f3\u017cnego rodzaju: byd\u0142o, p\u0142azy i dzikie zwierz\u0119ta wed\u0142ug ich rodzaj\u00f3w!\u201d I sta\u0142o si\u0119 tak. B\u00f3g uczyni\u0142 r\u00f3\u017cne rodzaje dzikich zwierz\u0105t, byd\u0142a i wszelkich p\u0142az\u00f3w. I widzia\u0142 B\u00f3g, \u017ce by\u0142y dobre. <\/b><\/span><\/span><\/span><\/p>\n<p align=\"justify\"><span style=\"color: #000000;\"><span style=\"font-family: Book Antiqua, serif;\"><span style=\"font-size: large;\"><b>Wreszcie B\u00f3g rzek\u0142: \u201eUczy\u0144my cz\u0142owieka na Nasz obraz, podobnego Nam. Niech panuje nad rybami morskimi, nad ptactwem powietrznym, nad byd\u0142em, nad ca\u0142\u0105 ziemi\u0105 i nad wszelkim p\u0142azem!\u201d Stworzy\u0142 wi\u0119c B\u00f3g cz\u0142owieka na sw\u00f3j obraz, na obraz Bo\u017cy go stworzy\u0142: stworzy\u0142 m\u0119\u017cczyzn\u0119 i niewiast\u0119.<\/b><\/span><\/span><\/span><\/p>\n<p align=\"justify\"><span style=\"color: #000000;\"><span style=\"font-family: Book Antiqua, serif;\"><span style=\"font-size: large;\"><b>Po czym B\u00f3g im b\u0142ogos\u0142awi\u0142, m\u00f3wi\u0105c do nich: \u201eB\u0105d\u017acie p\u0142odni i rozmna\u017cajcie si\u0119, aby\u015bcie zaludnili ziemi\u0119 i czynili j\u0105 sobie poddan\u0105; aby\u015bcie panowali nad rybami morskimi, nad ptactwem powietrznym i nad wszelkim p\u0142azem\u201d. I rzek\u0142 B\u00f3g: \u201eOto wam daj\u0119 wszelk\u0105 ro\u015blin\u0119 przynosz\u0105c\u0105 ziarno po ca\u0142ej ziemi i wszelkie drzewo, kt\u00f3rego owoc ma w sobie nasienie: dla was b\u0119d\u0105 one pokarmem. A dla wszelkiego zwierz\u0119cia polnego i dla wszelkiego ptactwa w powietrzu, i dla wszystkiego, co si\u0119 rusza po ziemi i ma w sobie pierwiastek \u017cycia, b\u0119dzie pokarmem wszelka trawa zielona\u201d. I sta\u0142o si\u0119 tak. A B\u00f3g widzia\u0142, \u017ce wszystko, co uczyni\u0142, by\u0142o bardzo dobre. <\/b><\/span><\/span><\/span><\/p>\n<p align=\"justify\"><span style=\"color: #000000;\"><span style=\"font-family: Book Antiqua, serif;\"><span style=\"font-size: large;\"><b>I tak up\u0142yn\u0105\u0142 wiecz\u00f3r i poranek, dzie\u0144 sz\u00f3sty.<\/b><\/span><\/span><\/span><\/p>\n<p align=\"justify\"><span style=\"color: #000000;\"><span style=\"font-family: Book Antiqua, serif;\"><span style=\"font-size: large;\"><b>W ten spos\u00f3b zosta\u0142y uko\u0144czone niebo i ziemia oraz wszystkie zast\u0119py stworze\u0144. A gdy B\u00f3g uko\u0144czy\u0142 w dniu sz\u00f3stym swe dzie\u0142o, nad kt\u00f3rym pracowa\u0142, odpocz\u0105\u0142 dnia si\u00f3dmego po ca\u0142ym swym trudzie, jaki podj\u0105\u0142.<\/b><\/span><\/span><\/span><\/p>\n<p align=\"justify\">\n<p align=\"justify\">\n<p align=\"justify\">\n<p align=\"justify\">\n<p align=\"justify\">\n<p align=\"center\"><span style=\"color: #000000;\"><span style=\"font-family: Book Antiqua, serif;\"><span style=\"font-size: large;\"><u><b>DRUGIE CZYTANIE: Rdz 22,1\u201318<\/b><\/u><\/span><\/span><\/span><\/p>\n<p align=\"justify\"><span style=\"color: #000000;\"><span style=\"font-family: Book Antiqua, serif;\"><span style=\"font-size: large;\"><b>CZYTANIE Z KSI\u0118GI RODZAJU:<\/b><\/span><\/span><\/span><\/p>\n<p align=\"justify\"><span style=\"color: #000000;\"><span style=\"font-family: Book Antiqua, serif;\"><span style=\"font-size: large;\"><b>B\u00f3g wystawi\u0142 Abrahama na pr\u00f3b\u0119 i rzek\u0142 do niego: \u201eAbrahamie!\u201d A gdy on odpowiedzia\u0142: \u201eOto jestem\u201d, powiedzia\u0142: \u201eWe\u017a twego syna jedynego, kt\u00f3rego mi\u0142ujesz, Izaaka, id\u017a do kraju Moria i tam z\u0142\u00f3\u017c go w ofierze na jednym z pag\u00f3rk\u00f3w, jaki ci wska\u017c\u0119\u201d.<\/b><\/span><\/span><\/span><\/p>\n<p align=\"justify\"><span style=\"color: #000000;\"><span style=\"font-family: Book Antiqua, serif;\"><span style=\"font-size: large;\"><b>Nazajutrz rano Abraham osiod\u0142a\u0142 swego osio\u0142ka, zabra\u0142 ze sob\u0105 dw\u00f3ch swych ludzi i syna Izaaka, nar\u0105ba\u0142 drzewa do spalenia ofiary i ruszy\u0142 w drog\u0119 do miejscowo\u015bci, o kt\u00f3rej mu B\u00f3g powiedzia\u0142. Na trzeci dzie\u0144 Abraham spojrzawszy, dostrzeg\u0142 z daleka ow\u0105 miejscowo\u015b\u0107. I wtedy rzek\u0142 do swych s\u0142ug: \u201eZosta\u0144cie tu z osio\u0142kiem, ja za\u015b i ch\u0142opiec p\u00f3jdziemy tam, aby odda\u0107 pok\u0142on Bogu, a potem wr\u00f3cimy do was\u201d.<\/b><\/span><\/span><\/span><\/p>\n<p align=\"justify\"><span style=\"color: #000000;\"><span style=\"font-family: Book Antiqua, serif;\"><span style=\"font-size: large;\"><b>Abraham zabrawszy drwa do spalenia ofiary w\u0142o\u017cy\u0142 je na syna swego Izaaka, wzi\u0105\u0142 do r\u0119ki ogie\u0144 i n\u00f3\u017c, po czym obaj si\u0119 oddalili. Izaak odezwa\u0142 si\u0119 do swego ojca: \u201eOjcze m\u00f3j!\u201d. A gdy ten rzek\u0142: \u201eOto jestem, m\u00f3j synu\u201d, zapyta\u0142: \u201eOto ogie\u0144 i drwa; gdzie\u017c jest jagni\u0119 na ca\u0142opalenie?\u201d. Abraham odpowiedzia\u0142: \u201eB\u00f3g upatrzy sobie jagni\u0119 na ca\u0142opalenie, synu m\u00f3j\u201d. I szli obydwaj dalej.<\/b><\/span><\/span><\/span><\/p>\n<p align=\"justify\"><span style=\"color: #000000;\"><span style=\"font-family: Book Antiqua, serif;\"><span style=\"font-size: large;\"><b>A gdy przyszli na to miejsce, kt\u00f3re B\u00f3g wskaza\u0142, Abraham zbudowa\u0142 tam o\u0142tarz, u\u0142o\u017cy\u0142 na nim drwa i zwi\u0105zawszy syna swego Izaaka po\u0142o\u017cy\u0142 go na tych drwach na o\u0142tarzu. Potem si\u0119gn\u0105\u0142 r\u0119k\u0105 po n\u00f3\u017c, aby zabi\u0107 syna swego. <\/b><\/span><\/span><\/span><\/p>\n<p align=\"justify\"><span style=\"color: #000000;\"><span style=\"font-family: Book Antiqua, serif;\"><span style=\"font-size: large;\"><b>Ale wtedy anio\u0142 Pana zawo\u0142a\u0142 na niego z nieba: \u201eAbrahamie, Abrahamie!\u201d. A on rzek\u0142: \u201eOto jestem\u201d. Powiedzia\u0142 mu: \u201eNie podno\u015b r\u0119ki na ch\u0142opca i nie czy\u0144 mu nic z\u0142ego! Teraz pozna\u0142em, \u017ce boisz si\u0119 Boga, bo nie odm\u00f3wi\u0142e\u015b Mi nawet twego jedynego syna\u201d. Abraham, obejrzawszy si\u0119 poza siebie, spostrzeg\u0142 barana uwik\u0142anego rogami w zaro\u015blach. Poszed\u0142 wi\u0119c, wzi\u0105\u0142 barana i z\u0142o\u017cy\u0142 go w ofierze ca\u0142opalnej zamiast swego syna. I da\u0142 Abraham miejscu temu nazw\u0119 \u201ePan widzi\u201d. St\u0105d to m\u00f3wi si\u0119 dzisiaj: \u201eNa wzg\u00f3rzu Pan si\u0119 ukazuje\u201d.<\/b><\/span><\/span><\/span><\/p>\n<p align=\"justify\"><span style=\"color: #000000;\"><span style=\"font-family: Book Antiqua, serif;\"><span style=\"font-size: large;\"><b>Po czym anio\u0142 Pana przem\u00f3wi\u0142 g\u0142o\u015bno z nieba do Abrahama po raz drugi: \u201ePrzysi\u0119gam na siebie, m\u00f3wi Pan, \u017ce poniewa\u017c uczyni\u0142e\u015b to, i\u017c nie oszcz\u0119dzi\u0142e\u015b syna swego jedynego, b\u0119d\u0119 ci b\u0142ogos\u0142awi\u0142 i dam ci potomstwo tak liczne jak gwiazdy na niebie i jak ziarnka piasku na wybrze\u017cu morza; potomkowie twoi zdob\u0119d\u0105 warownie swych nieprzyjaci\u00f3\u0142. Wszystkie ludy ziemi b\u0119d\u0105 sobie \u017cyczy\u0107 szcz\u0119\u015bcia na wz\u00f3r twego potomstwa, dlatego \u017ce us\u0142ucha\u0142e\u015b mego rozkazu\u201d.<\/b><\/span><\/span><\/span><\/p>\n<p align=\"justify\">\n<p align=\"justify\">\n<p align=\"justify\">\n<p align=\"justify\">\n<p align=\"justify\">\n<p align=\"center\"><span style=\"color: #000000;\"><span style=\"font-family: Book Antiqua, serif;\"><span style=\"font-size: large;\"><u><b>TRZECIE CZYTANIE: Wj 14,15\u201315,1<\/b><\/u><\/span><\/span><\/span><\/p>\n<p align=\"justify\"><span style=\"color: #000000;\"><span style=\"font-family: Book Antiqua, serif;\"><span style=\"font-size: large;\"><b>CZYTANIE Z KSI\u0118GI WYJ\u015aCIA:<\/b><\/span><\/span><\/span><\/p>\n<p align=\"justify\"><span style=\"color: #000000;\"><span style=\"font-family: Book Antiqua, serif;\"><span style=\"font-size: large;\"><b>Pan rzek\u0142 do Moj\u017cesza: \u201eCzemu g\u0142o\u015bno wo\u0142asz do Mnie? Powiedz synom Izraela, niech ruszaj\u0105 w drog\u0119. Ty za\u015b podnie\u015b sw\u0105 lask\u0119 i wyci\u0105gnij r\u0119k\u0119 nad morze i rozdziel je na dwoje, a wejd\u0105 synowie Izraela w \u015brodek na such\u0105 ziemi\u0119. Ja natomiast uczyni\u0119 upartymi serca Egipcjan, \u017ce p\u00f3jd\u0105 za nimi. Wtedy oka\u017c\u0119 moj\u0105 pot\u0119g\u0119 wobec faraona, ca\u0142ego wojska jego, rydwan\u00f3w i wszystkich jego je\u017ad\u017ac\u00f3w. A gdy oka\u017c\u0119 moj\u0105 pot\u0119g\u0119 wobec faraona, jego rydwan\u00f3w i je\u017ad\u017ac\u00f3w, wtedy poznaj\u0105 Egipcjanie, \u017ce Ja jestem Pan\u201d.<\/b><\/span><\/span><\/span><\/p>\n<p align=\"justify\"><span style=\"color: #000000;\"><span style=\"font-family: Book Antiqua, serif;\"><span style=\"font-size: large;\"><b>Anio\u0142 Bo\u017cy, kt\u00f3ry szed\u0142 na przedzie wojsk izraelskich, zmieni\u0142 miejsce i szed\u0142 na ich ty\u0142ach. S\u0142up ob\u0142oku r\u00f3wnie\u017c przeszed\u0142 z przodu i zaj\u0105\u0142 ich ty\u0142y, staj\u0105c mi\u0119dzy wojskiem egipskim a wojskiem izraelskim. I tam by\u0142 ob\u0142ok ciemno\u015bci\u0105, tu za\u015b o\u015bwieca\u0142 noc. I nie zbli\u017cyli si\u0119 jedni do drugich przez ca\u0142\u0105 noc.<\/b><\/span><\/span><\/span><\/p>\n<p align=\"justify\"><span style=\"color: #000000;\"><span style=\"font-family: Book Antiqua, serif;\"><span style=\"font-size: large;\"><b>Moj\u017cesz wyci\u0105gn\u0105\u0142 r\u0119k\u0119 nad morze, a Pan cofn\u0105\u0142 wody gwa\u0142townym wiatrem wschodnim, kt\u00f3ry wia\u0142 przez ca\u0142\u0105 noc, i uczyni\u0142 morze such\u0105 ziemi\u0105. Wody si\u0119 rozst\u0105pi\u0142y, a synowie Izraela szli przez \u015brodek morza po suchej ziemi, maj\u0105c mur z w\u00f3d po prawej i po lewej stronie. Egipcjanie \u015bcigali ich. Wszystkie konie faraona, jego rydwany i je\u017ad\u017acy ci\u0105gn\u0119li za nimi w \u015brodek morza. <\/b><\/span><\/span><\/span><\/p>\n<p align=\"justify\"><span style=\"color: #000000;\"><span style=\"font-family: Book Antiqua, serif;\"><span style=\"font-size: large;\"><b>O \u015bwicie spojrza\u0142 Pan ze s\u0142upa ognia i ze s\u0142upa ob\u0142oku na wojsko egipskie i zmusi\u0142 je do ucieczki. I zatrzyma\u0142 ko\u0142a ich rydwan\u00f3w, tak \u017ce z wielk\u0105 trudno\u015bci\u0105 mogli si\u0119 naprz\u00f3d posuwa\u0107. Egipcjanie krzykn\u0119li: \u201eUciekajmy przed Izraelem, bo w jego obronie Pan walczy z Egipcjanami\u201d.<\/b><\/span><\/span><\/span><\/p>\n<p align=\"justify\"><span style=\"color: #000000;\"><span style=\"font-family: Book Antiqua, serif;\"><span style=\"font-size: large;\"><b>A Pan rzek\u0142 do Moj\u017cesza: \u201eWyci\u0105gnij r\u0119k\u0119 nad morze, aby wody zala\u0142y Egipcjan, ich rydwany i je\u017ad\u017ac\u00f3w\u201d. Wyci\u0105gn\u0105\u0142 Moj\u017cesz r\u0119k\u0119 nad morze, kt\u00f3re o brzasku dnia wr\u00f3ci\u0142o na swoje miejsce. Egipcjanie uciekaj\u0105c biegli naprzeciw falom, i pogr\u0105\u017cy\u0142 ich Pan w po\u015brodku morza. Powracaj\u0105ce fale zatopi\u0142y rydwany i je\u017ad\u017ac\u00f3w ca\u0142ego wojska faraona, kt\u00f3re wesz\u0142o w morze \u015bcigaj\u0105c syn\u00f3w Izraela. Nie ocala\u0142 z nich ani jeden. Synowie za\u015b Izraela szli po suchym dnie morskim, maj\u0105c mur z w\u00f3d po prawej i po lewej stronie.<\/b><\/span><\/span><\/span><\/p>\n<p align=\"justify\"><span style=\"color: #000000;\"><span style=\"font-family: Book Antiqua, serif;\"><span style=\"font-size: large;\"><b>W tym to dniu wybawi\u0142 Pan Izraela z r\u0105k Egipcjan. I widzieli Izraelici martwych Egipcjan na brzegu morza. Gdy Izraelici widzieli wielkie dzie\u0142o, kt\u00f3rego dokona\u0142 Pan wobec Egipcjan, ul\u0119kli si\u0119 Pana i uwierzyli Jemu oraz Jego s\u0142udze Moj\u017ceszowi. Wtedy Moj\u017cesz i synowie Izraela razem z nim \u015bpiewali tak\u0105 pie\u015b\u0144 ku czci Pana:<\/b><\/span><\/span><\/span><\/p>\n<p align=\"justify\"><span style=\"color: #000000;\"><span style=\"font-size: large;\"><span style=\"font-family: Book Antiqua, serif;\"><u><b>\u015aPIEW PSALMU:<\/b><\/u><\/span><b> <\/b><span style=\"font-family: Book Antiqua, serif;\"><b>\u015apiewajmy Panu, kt\u00f3ry moc okaza\u0142.<\/b><\/span> <\/span><\/span><\/p>\n<p align=\"justify\">\n<p align=\"justify\">\n<p align=\"justify\">\n<p align=\"justify\">\n<p align=\"justify\">\n<p align=\"center\"><span style=\"color: #000000;\"><span style=\"font-family: Book Antiqua, serif;\"><span style=\"font-size: large;\"><u><b>CZWARTE CZYTANIE: Iz 54,4a.5\u201314<\/b><\/u><\/span><\/span><\/span><\/p>\n<p align=\"justify\"><span style=\"color: #000000;\"><span style=\"font-family: Book Antiqua, serif;\"><span style=\"font-size: large;\"><b>CZYTANIE Z KSI\u0118GI PROROKA IZAJASZA:<\/b><\/span><\/span><\/span><\/p>\n<p align=\"justify\"><span style=\"color: #000000;\"><span style=\"font-family: Book Antiqua, serif;\"><span style=\"font-size: large;\"><b>Nie l\u0119kaj si\u0119, Jerozolimo, bo ma\u0142\u017conkiem ci jest tw\u00f3j Stworzyciel, kt\u00f3remu na imi\u0119: Pan Zast\u0119p\u00f3w; Odkupicielem twoim \u015awi\u0119ty Izraela, nazywaj\u0105 Go Bogiem ca\u0142ej ziemi. <\/b><\/span><\/span><\/span><\/p>\n<p align=\"justify\"><span style=\"color: #000000;\"><span style=\"font-family: Book Antiqua, serif;\"><span style=\"font-size: large;\"><b>Zaiste, jak niewiast\u0119 porzucon\u0105 i zgn\u0119bion\u0105 na duchu wezwa\u0142 ci\u0119 Pan. I jakby do porzuconej \u017cony m\u0142odo\u015bci tw\u00f3j B\u00f3g m\u00f3wi: Na kr\u00f3tk\u0105 chwil\u0119 porzuci\u0142em ciebie, ale z ogromn\u0105 mi\u0142o\u015bci\u0105 ci\u0119 przygarn\u0119. W przyst\u0119pie gniewu ukry\u0142em przed tob\u0105 na kr\u00f3tko swe oblicze, ale w mi\u0142o\u015bci wieczystej nad tob\u0105 si\u0119 ulitowa\u0142em, m\u00f3wi Pan, tw\u00f3j Odkupiciel.<\/b><\/span><\/span><\/span><\/p>\n<p align=\"justify\"><span style=\"color: #000000;\"><span style=\"font-family: Book Antiqua, serif;\"><span style=\"font-size: large;\"><b>Dzieje si\u0119 ze Mn\u0105 tak, jak za dni Noego, kiedy przysi\u0105g\u0142em, \u017ce wody Noego nie spadn\u0105 ju\u017c nigdy na ziemi\u0119; tak teraz przysi\u0119gam, \u017ce si\u0119 nie rozj\u0105trz\u0119 na ciebie ani ci\u0119 gromi\u0107 nie b\u0119d\u0119. Bo g\u00f3ry mog\u0105 ust\u0105pi\u0107 i pag\u00f3rki si\u0119 zachwia\u0107, ale mi\u0142o\u015b\u0107 moja nie odst\u0105pi od ciebie i nie zachwieje si\u0119 moje przymierze pokoju, m\u00f3wi Pan, kt\u00f3ry ma lito\u015b\u0107 nad tob\u0105.<\/b><\/span><\/span><\/span><\/p>\n<p align=\"justify\"><span style=\"color: #000000;\"><span style=\"font-family: Book Antiqua, serif;\"><span style=\"font-size: large;\"><b>O nieszcz\u0119\u015bliwa, wichrami smagana, niepocieszona! Oto Ja osadz\u0119 twoje kamienie na malachicie i fundamenty twoje na szafirach. Uczyni\u0119 blanki twych mur\u00f3w z rubin\u00f3w, bramy twoje z g\u00f3rskiego kryszta\u0142u, a z drogich kamieni ca\u0142y obw\u00f3d twych mur\u00f3w. Wszyscy twoi synowie b\u0119d\u0105 uczniami Pana. Wielka b\u0119dzie szcz\u0119\u015bliwo\u015b\u0107 twych dzieci. B\u0119dziesz mocno osadzona na sprawiedliwo\u015bci. Daleka b\u0105d\u017a od trwogi, bo nie masz si\u0119 czego obawia\u0107, i od przestrachu, bo nie ma on przyst\u0119pu do ciebie.<\/b><\/span><\/span><\/span><\/p>\n<p align=\"justify\">\n<p align=\"justify\">\n<p align=\"justify\">\n<p align=\"justify\">\n<p align=\"justify\">\n<p align=\"center\"><span style=\"color: #000000;\"><span style=\"font-family: Book Antiqua, serif;\"><span style=\"font-size: large;\"><u><b>PI\u0104TE CZYTANIE: Iz 55,1\u201311<\/b><\/u><\/span><\/span><\/span><\/p>\n<p align=\"justify\"><span style=\"color: #000000;\"><span style=\"font-family: Book Antiqua, serif;\"><span style=\"font-size: large;\"><b>CZYTANIE Z KSI\u0118GI PROROKA IZAJASZA:<\/b><\/span><\/span><\/span><\/p>\n<p align=\"justify\"><span style=\"color: #000000;\"><span style=\"font-family: Book Antiqua, serif;\"><span style=\"font-size: large;\"><b>To m\u00f3wi Pan: \u201eWszyscy spragnieni, przyjd\u017acie do wody, przyjd\u017acie, cho\u0107 nie macie pieni\u0119dzy. Kupujcie i spo\u017cywajcie bez pieni\u0119dzy i bez p\u0142acenia za wino i mleko. Czemu wydajecie pieni\u0105dze na to, co nie jest chlebem? I wasz\u0105 prac\u0119 na to, co nie nasyci? S\u0142uchajcie Mnie, a b\u0119dziecie je\u015b\u0107 przysmaki, i dusza wasza zakosztuje t\u0142ustych potraw. <\/b><\/span><\/span><\/span><\/p>\n<p align=\"justify\"><span style=\"color: #000000;\"><span style=\"font-family: Book Antiqua, serif;\"><span style=\"font-size: large;\"><b>Nak\u0142o\u0144cie wasze ucho i przyjd\u017acie do Mnie, pos\u0142uchajcie Mnie, a dusza wasza \u017cy\u0107 b\u0119dzie. Zawr\u0119 z wami wieczyste przymierze: s\u0105 to niezawodne \u0142aski dla Dawida. Oto ustanowi\u0142em ci\u0119 \u015bwiadkiem dla lud\u00f3w, dla lud\u00f3w wodzem i rozkazodawc\u0105. Oto zawezwiesz nar\u00f3d, kt\u00f3rego nie znasz, i ci, kt\u00f3rzy ci\u0119 nie znaj\u0105, przybiegn\u0105 do ciebie ze wzgl\u0119du na Pana, twojego Boga, przez wzgl\u0105d na \u015awi\u0119tego Izraela, bo On ci\u0119 przyozdobi. <\/b><\/span><\/span><\/span><\/p>\n<p align=\"justify\"><span style=\"color: #000000;\"><span style=\"font-family: Book Antiqua, serif;\"><span style=\"font-size: large;\"><b>Szukajcie Pana, gdy si\u0119 pozwala znale\u017a\u0107, wzywajcie Go, dop\u00f3ki jest blisko. Niechaj bezbo\u017cny porzuci sw\u0105 drog\u0119 i cz\u0142owiek nieprawy swoje knowania. Niech si\u0119 nawr\u00f3ci do Pana, a Pan si\u0119 nad nim zmi\u0142uje, i do Boga naszego, gdy\u017c hojny jest w przebaczaniu. Bo my\u015bli moje nie s\u0105 my\u015blami waszymi ani wasze drogi moimi drogami. Bo jak niebiosa g\u00f3ruj\u0105 nad ziemi\u0105, tak drogi moje nad waszymi drogami i my\u015bli moje nad my\u015blami waszymi.<\/b><\/span><\/span><\/span><\/p>\n<p align=\"justify\"><span style=\"color: #000000;\"><span style=\"font-family: Book Antiqua, serif;\"><span style=\"font-size: large;\"><b>Zaiste, podobnie jak ulewa i \u015bnieg spadaj\u0105 z nieba i tam nie powracaj\u0105, dop\u00f3ki nie nawodni\u0105 ziemi, nie u\u017cy\u017ani\u0105 jej i nie zapewni\u0105 urodzaju, tak i\u017c wydaje nasienie dla siewcy i chleb dla jedz\u0105cego, tak s\u0142owo, kt\u00f3re wychodzi z ust moich: nie wraca do Mnie bezowocne, zanim wpierw nie dokona tego, co chcia\u0142em, i nie spe\u0142ni pomy\u015blnie swego pos\u0142annictwa\u201d.<\/b><\/span><\/span><\/span><\/p>\n<p align=\"justify\">\n<p align=\"justify\">\n<p align=\"justify\">\n<p align=\"justify\">\n<p align=\"justify\">\n<p align=\"center\"><span style=\"color: #000000;\"><span style=\"font-family: Book Antiqua, serif;\"><span style=\"font-size: large;\"><u><b>SZ\u00d3STE CZYTANIE: Ba 3,9\u201315.32\u20134,4<\/b><\/u><\/span><\/span><\/span><\/p>\n<p align=\"justify\"><span style=\"color: #000000;\"><span style=\"font-family: Book Antiqua, serif;\"><span style=\"font-size: large;\"><b>CZYTANIE Z KSI\u0118GI PROROKA BARUCHA:<\/b><\/span><\/span><\/span><\/p>\n<p align=\"justify\"><span style=\"color: #000000;\"><span style=\"font-family: Book Antiqua, serif;\"><span style=\"font-size: large;\"><b>B\u0105d\u017a pos\u0142uszny, Izraelu, przykazaniom \u017cyciodajnym, nak\u0142o\u0144 ucha, by pozna\u0107 m\u0105dro\u015b\u0107. C\u00f3\u017c si\u0119 to sta\u0142o, Izraelu, \u017ce jeste\u015b w kraju nieprzyjaci\u00f3\u0142, wyn\u0119dznia\u0142y w ziemi obcej, uwa\u017cany za nieczystego na r\u00f3wni z umar\u0142ymi, zaliczony do tych, co schodz\u0105 do Szeolu? Opu\u015bci\u0142e\u015b \u017ar\u00f3d\u0142o m\u0105dro\u015bci. Gdyby\u015b chodzi\u0142 po drodze Bo\u017cej, mieszka\u0142by\u015b w pokoju na wieki. Naucz si\u0119, gdzie jest m\u0105dro\u015b\u0107, gdzie jest si\u0142a i rozum, a poznasz r\u00f3wnocze\u015bnie, gdzie jest d\u0142ugie i szcz\u0119\u015bliwe \u017cycie, gdzie jest \u015bwiat\u0142o\u015b\u0107 dla oczu i pok\u00f3j. Lecz kt\u00f3\u017c znalaz\u0142 jej miejsce lub kto wszed\u0142 do jej skarbc\u00f3w? <\/b><\/span><\/span><\/span><\/p>\n<p align=\"justify\"><span style=\"color: #000000;\"><span style=\"font-family: Book Antiqua, serif;\"><span style=\"font-size: large;\"><b>Lecz zna j\u0105 Wszechwiedz\u0105cy i wynajdzie j\u0105 swoj\u0105 m\u0105dro\u015bci\u0105. Ten, kt\u00f3ry przygotowa\u0142 ziemi\u0119 na wieczysty czas i nape\u0142ni\u0142 j\u0105 stworzeniami czworono\u017cnymi, wys\u0142a\u0142 \u015bwiat\u0142o i posz\u0142o, wezwa\u0142 je, a ono pos\u0142ucha\u0142o Go ze dr\u017ceniem. Gwiazdy rado\u015bnie \u015bwiec\u0105 na swoich stra\u017cnicach. Wezwa\u0142 je. Odpowiedzia\u0142y: \u201eJeste\u015bmy\u201d. Z rado\u015bci\u0105 \u015bwiec\u0105 swemu Stw\u00f3rcy. <\/b><\/span><\/span><\/span><\/p>\n<p align=\"justify\"><span style=\"color: #000000;\"><span style=\"font-family: Book Antiqua, serif;\"><span style=\"font-size: large;\"><b>On jest Bogiem naszym. I \u017caden inny nie mo\u017ce si\u0119 z Nim r\u00f3wna\u0107. Zbada\u0142 wszystkie drogi m\u0105dro\u015bci i da\u0142 j\u0105 s\u0142udze swemu, Jakubowi, i Izraelowi, umi\u0142owanemu swojemu. Potem na ziemi by\u0142a widziana i zacz\u0119\u0142a przebywa\u0107 w\u015br\u00f3d ludzi. T\u0105 m\u0105dro\u015bci\u0105 jest ksi\u0119ga przykaza\u0144 Boga i Prawo trwaj\u0105ce na wieki. Wszyscy, kt\u00f3rzy si\u0119 go trzymaj\u0105, \u017cy\u0107 b\u0119d\u0105. Kt\u00f3rzy go zaniedbuj\u0105, pomr\u0105.<\/b><\/span><\/span><\/span><\/p>\n<p align=\"justify\"><span style=\"color: #000000;\"><span style=\"font-family: Book Antiqua, serif;\"><span style=\"font-size: large;\"><b>Nawr\u00f3\u0107 si\u0119, Jakubie, trzymaj si\u0119 go, chod\u017a w blasku jego \u015bwiat\u0142a. Nie dawaj chwa\u0142y swojej obcemu ani innemu narodowi twych przywilej\u00f3w. Szcz\u0119\u015bliwi jeste\u015bmy, o Izraelu, \u017ce znamy to, co si\u0119 Bogu podoba.<\/b><\/span><\/span><\/span><\/p>\n<p align=\"justify\">\n<p align=\"justify\">\n<p align=\"justify\">\n<p align=\"justify\">\n<p align=\"justify\">\n<p align=\"center\"><span style=\"color: #000000;\"><span style=\"font-family: Book Antiqua, serif;\"><span style=\"font-size: large;\"><u><b>SI\u00d3DME CZYTANIE: Ez 36,16\u201317a.18\u201328<\/b><\/u><\/span><\/span><\/span><\/p>\n<p align=\"justify\"><span style=\"color: #000000;\"><span style=\"font-family: Book Antiqua, serif;\"><span style=\"font-size: large;\"><b>CZYTANIE Z KSI\u0118GI PROROKA EZECHIELA:<\/b><\/span><\/span><\/span><\/p>\n<p align=\"justify\"><span style=\"color: #000000;\"><span style=\"font-family: Book Antiqua, serif;\"><span style=\"font-size: large;\"><b>Pan skierowa\u0142 do mnie te s\u0142owa: \u201eSynu cz\u0142owieczy, kiedy dom Izraela mieszka\u0142 na swojej ziemi, w\u00f3wczas splugawili j\u0105 swym post\u0119powaniem i swymi czynami. Wtedy wyla\u0142em na nich swe oburzenie z powodu krwi, kt\u00f3r\u0105 w kraju przelali, i z powodu bo\u017ck\u00f3w, kt\u00f3rymi go splugawili. I rozproszy\u0142em ich pomi\u0119dzy poga\u0144skie ludy, i rozsypali si\u0119 po krajach, os\u0105dzi\u0142em ich wed\u0142ug post\u0119powania i czyn\u00f3w. W ten spos\u00f3b przyszli do lud\u00f3w poga\u0144skich i dok\u0105d przybyli, bezcze\u015bcili \u015bwi\u0119te imi\u0119 moje, podczas gdy m\u00f3wiono o nich: \u00abTo jest lud Pana, musieli si\u0119 oni wyprowadzi\u0107 ze swego kraju\u00bb. Wtedy zatroszczy\u0142em si\u0119 o \u015bwi\u0119te me imi\u0119, kt\u00f3re oni, Izraelici, zbezcze\u015bcili w\u015br\u00f3d lud\u00f3w poga\u0144skich, do kt\u00f3rych przybyli. <\/b><\/span><\/span><\/span><\/p>\n<p align=\"justify\"><span style=\"color: #000000;\"><span style=\"font-family: Book Antiqua, serif;\"><span style=\"font-size: large;\"><b>Dlatego m\u00f3w do domu Izraela: Tak m\u00f3wi Pan B\u00f3g: \u00abNie z waszego powodu to czyni\u0119, domu Izraela, ale dla \u015bwi\u0119tego imienia mojego, kt\u00f3re zbezcze\u015bcili\u015bcie w\u015br\u00f3d lud\u00f3w poga\u0144skich, do kt\u00f3rych przyszli\u015bcie. Chc\u0119 u\u015bwi\u0119ci\u0107 wielkie imi\u0119 moje, kt\u00f3re zbezczeszczone jest po\u015br\u00f3d lud\u00f3w, zbezczeszczone przez was po\u015br\u00f3d nich, i poznaj\u0105 ludy, \u017ce Ja jestem Pan, m\u00f3wi Pan B\u00f3g, gdy oka\u017c\u0119 si\u0119 \u015awi\u0119tym wzgl\u0119dem was przed ich oczami.<\/b><\/span><\/span><\/span><\/p>\n<p align=\"justify\"><span style=\"color: #000000;\"><span style=\"font-family: Book Antiqua, serif;\"><span style=\"font-size: large;\"><b>Zabior\u0119 was spo\u015br\u00f3d lud\u00f3w, zbior\u0119 was ze wszystkich kraj\u00f3w i przyprowadz\u0119 was z powrotem do waszego kraju, pokropi\u0119 was czyst\u0105 wod\u0105, aby\u015bcie si\u0119 stali czystymi, i oczyszcz\u0119 was od wszelkiej zmazy i od wszystkich waszych bo\u017ck\u00f3w. <\/b><\/span><\/span><\/span><\/p>\n<p align=\"justify\"><span style=\"color: #000000;\"><span style=\"font-family: Book Antiqua, serif;\"><span style=\"font-size: large;\"><b>I dam wam serce nowe i ducha nowego tchn\u0119 do waszego wn\u0119trza, odbior\u0119 wam serce kamienne, a dam wam serce z cia\u0142a. Ducha mojego chc\u0119 tchn\u0105\u0107 w was i sprawi\u0107, by\u015bcie \u017cyli wed\u0142ug mych nakaz\u00f3w i przestrzegali przykaza\u0144, i wed\u0142ug nich post\u0119powali: Wtedy b\u0119dziecie mieszka\u0107 w kraju, kt\u00f3ry da\u0142em waszym przodkom, i b\u0119dziecie moim ludem, a Ja b\u0119d\u0119 waszym Bogiem\u00bb\u201d.<\/b><\/span><\/span><\/span><\/p>\n<p align=\"justify\">\n<p align=\"justify\">\n<p align=\"justify\">\n<p align=\"justify\">\n<p align=\"justify\">\n<p align=\"center\"><span style=\"color: #000000;\"><span style=\"font-family: Book Antiqua, serif;\"><span style=\"font-size: large;\"><u><b>UROCZYSTY \u015aPIEW HYMNU CHWA\u0141Y<\/b><\/u><\/span><\/span><\/span><\/p>\n<p align=\"justify\"><span style=\"color: #000000;\"><span style=\"font-family: Book Antiqua, serif;\"><span style=\"font-size: large;\">Zaczynaj\u0105 gra\u0107 organy, bij\u0105 dzwony!<\/span><\/span><\/span><\/p>\n<p align=\"justify\"><span style=\"color: #000000;\"><span style=\"font-family: Book Antiqua, serif;\"><span style=\"font-size: large;\"><b>Chwa\u0142a na wysoko\u015bci Bogu, a na ziemi pok\u00f3j ludziom dobrej woli. Chwalimy Ci\u0119, b\u0142ogos\u0142awimy Ci\u0119, wielbimy Ci\u0119, wys\u0142awiamy Ci\u0119. Dzi\u0119ki Ci sk\u0142adamy, bo wielka jest chwa\u0142a Twoja, Panie Bo\u017ce, Kr\u00f3lu nieba, Bo\u017ce Ojcze wszechmog\u0105cy. Panie, Synu Jednorodzony, Jezu Chryste. Panie Bo\u017ce, Baranku Bo\u017cy, Synu Ojca. Kt\u00f3ry g\u0142adzisz grzechy \u015bwiata, zmi\u0142uj si\u0119 nad nami. Kt\u00f3ry g\u0142adzisz grzechy \u015bwiata, przyjm b\u0142aganie nasze. Kt\u00f3ry siedzisz po prawicy Ojca, zmi\u0142uj si\u0119 nad nami. Albowiem tylko Ty\u015b jest \u015bwi\u0119ty, Tylko Ty\u015b jest Panem, Tylko Ty\u015b Najwy\u017cszy, Jezu Chryste, z Duchem \u015awi\u0119tym w chwale Boga Ojca. Amen.<\/b><\/span><\/span><\/span><\/p>\n<p align=\"justify\">\n<p align=\"justify\">\n<p align=\"justify\">\n<p align=\"justify\">\n<p align=\"justify\">\n<p align=\"center\"><span style=\"color: #000000;\"><span style=\"font-family: Book Antiqua, serif;\"><span style=\"font-size: large;\"><u><b>\u00d3SME CZYTANIE \u2013 EPISTO\u0141A: Rz 6,3\u201311<\/b><\/u><\/span><\/span><\/span><\/p>\n<p align=\"justify\"><span style=\"color: #000000;\"><span style=\"font-family: Book Antiqua, serif;\"><span style=\"font-size: large;\"><b>CZYTANIE Z LISTU \u015aWI\u0118TEGO PAW\u0141A APOSTO\u0141A DO RZYMIAN:<\/b><\/span><\/span><\/span><\/p>\n<p align=\"justify\"><span style=\"color: #000000;\"><span style=\"font-family: Book Antiqua, serif;\"><span style=\"font-size: large;\"><b>Bracia: My wszyscy, kt\u00f3rzy otrzymali\u015bmy chrzest zanurzaj\u0105cy w Chrystusa Jezusa, zostali\u015bmy zanurzeni w Jego \u015bmier\u0107. Zatem przez chrzest zanurzaj\u0105cy nas w \u015bmier\u0107 zostali\u015bmy razem z Nim pogrzebani po to, aby\u015bmy i my wkroczyli w nowe \u017cycie, jak Chrystus powsta\u0142 z martwych dzi\u0119ki chwale Ojca.<\/b><\/span><\/span><\/span><\/p>\n<p align=\"justify\"><span style=\"color: #000000;\"><span style=\"font-family: Book Antiqua, serif;\"><span style=\"font-size: large;\"><b>Je\u017celi bowiem przez \u015bmier\u0107, podobn\u0105 do Jego \u015bmierci, zostali\u015bmy z Nim z\u0142\u0105czeni w jedno, to tak samo b\u0119dziemy z Nim z\u0142\u0105czeni w jedno przez podobne zmartwychwstanie. To wiedzcie, \u017ce dla zniszczenia grzesznego cia\u0142a dawny nasz cz\u0142owiek zosta\u0142 razem z Nim ukrzy\u017cowany po to, by\u015bmy ju\u017c wi\u0119cej nie byli w niewoli grzechu. Kto bowiem umar\u0142, sta\u0142 si\u0119 wolny od grzechu.<\/b><\/span><\/span><\/span><\/p>\n<p align=\"justify\"><span style=\"color: #000000;\"><span style=\"font-family: Book Antiqua, serif;\"><span style=\"font-size: large;\"><b>Ot\u00f3\u017c je\u017celi umarli\u015bmy razem z Chrystusem, wierzymy, \u017ce z Nim r\u00f3wnie\u017c \u017cy\u0107 b\u0119dziemy, wiedz\u0105c, \u017ce Chrystus powstawszy z martwych ju\u017c wi\u0119cej nie umiera, \u015bmier\u0107 nad Nim nie ma ju\u017c w\u0142adzy. Bo to, \u017ce umar\u0142, umar\u0142 dla grzechu tylko raz, a \u017ce \u017cyje, \u017cyje dla Boga. Tak i wy rozumiejcie, \u017ce umarli\u015bcie dla grzechu, \u017cyjecie za\u015b dla Boga w Chrystusie Jezusie.<\/b><\/span><\/span><\/span><\/p>\n<p align=\"justify\">\n<p align=\"justify\">\n<p align=\"justify\">\n<p align=\"justify\">\n<p align=\"justify\">\n<p align=\"center\"><span style=\"color: #000000;\"><span style=\"font-family: Book Antiqua, serif;\"><span style=\"font-size: large;\"><u><b>WIELKI \u015aPIEW: ALLELUJA!<\/b><\/u><\/span><\/span><\/span><\/p>\n<p align=\"justify\"><span style=\"color: #000000;\"><span style=\"font-family: Book Antiqua, serif;\"><span style=\"font-size: large;\"><b>ALLELUJA! ALLELUJA! ALLELUJA!<\/b><\/span><\/span><\/span><\/p>\n<p align=\"justify\"><span style=\"color: #000000;\"><span style=\"font-family: Book Antiqua, serif;\"><span style=\"font-size: large;\"><b>Dzi\u0119kujcie Panu, bo jest dobry, <\/b><\/span><\/span><\/span><\/p>\n<p><span style=\"color: #000000;\"><span style=\"font-family: Book Antiqua, serif;\"><span style=\"font-size: large;\"><b>bo Jego \u0142aska trwa na wieki.<\/b><\/span><\/span><\/span><\/p>\n<p><span style=\"color: #000000;\"><span style=\"font-family: Book Antiqua, serif;\"><span style=\"font-size: large;\"><b>Niech dom Izraela g\u0142osi:<\/b><\/span><\/span><\/span><\/p>\n<p><span style=\"color: #000000;\">\u201e<span style=\"font-family: Book Antiqua, serif;\"><span style=\"font-size: large;\"><b>Jego \u0142aska na wieki\u201d.<\/b><\/span><\/span><\/span><\/p>\n<p align=\"justify\"><span style=\"color: #000000;\"><span style=\"font-family: Book Antiqua, serif;\"><span style=\"font-size: large;\"><b>ALLELUJA! ALLELUJA! ALLELUJA!<\/b><\/span><\/span><\/span><\/p>\n<p align=\"justify\"><span style=\"color: #000000;\"><span style=\"font-family: Book Antiqua, serif;\"><span style=\"font-size: large;\"><b>Prawica Pana wzniesiona wysoko,<\/b><\/span><\/span><\/span><\/p>\n<p><span style=\"color: #000000;\"><span style=\"font-family: Book Antiqua, serif;\"><span style=\"font-size: large;\"><b>prawica Pa\u0144ska moc okaza\u0142a.<\/b><\/span><\/span><\/span><\/p>\n<p><span style=\"color: #000000;\"><span style=\"font-family: Book Antiqua, serif;\"><span style=\"font-size: large;\"><b>Nie umr\u0119, ale \u017cy\u0142 b\u0119d\u0119 <\/b><\/span><\/span><\/span><\/p>\n<p><span style=\"color: #000000;\"><span style=\"font-family: Book Antiqua, serif;\"><span style=\"font-size: large;\"><b>i g\u0142osi\u0142 dzie\u0142a Pana.<\/b><\/span><\/span><\/span><\/p>\n<p align=\"justify\"><span style=\"color: #000000;\"><span style=\"font-family: Book Antiqua, serif;\"><span style=\"font-size: large;\"><b>ALLELUJA! ALLELUJA! ALLELUJA!<\/b><\/span><\/span><\/span><\/p>\n<p align=\"justify\"><span style=\"color: #000000;\"><span style=\"font-family: Book Antiqua, serif;\"><span style=\"font-size: large;\"><b>Kamie\u0144 odrzucony przez buduj\u0105cych<\/b><\/span><\/span><\/span><\/p>\n<p><span style=\"color: #000000;\"><span style=\"font-family: Book Antiqua, serif;\"><span style=\"font-size: large;\"><b>sta\u0142 si\u0119 kamieniem w\u0119gielnym.<\/b><\/span><\/span><\/span><\/p>\n<p><span style=\"color: #000000;\"><span style=\"font-family: Book Antiqua, serif;\"><span style=\"font-size: large;\"><b>Sta\u0142o si\u0119 to przez Pana<\/b><\/span><\/span><\/span><\/p>\n<p><span style=\"color: #000000;\"><span style=\"font-family: Book Antiqua, serif;\"><span style=\"font-size: large;\"><b>i cudem jest w naszych oczach.<\/b><\/span><\/span><\/span><\/p>\n<p align=\"justify\"><span style=\"color: #000000;\"><span style=\"font-family: Book Antiqua, serif;\"><span style=\"font-size: large;\"><b>ALLELUJA! ALLELUJA! ALLELUJA!<\/b><\/span><\/span><\/span><\/p>\n<p align=\"justify\">\n<p align=\"justify\">\n<p align=\"justify\">\n<p align=\"justify\">\n<p align=\"justify\">\n<p align=\"center\"><span style=\"color: #000000;\"><span style=\"font-family: Book Antiqua, serif;\"><span style=\"font-size: large;\"><u><b>EWANGELIA: Mt 28,1\u201310<\/b><\/u><\/span><\/span><\/span><\/p>\n<p align=\"justify\"><span style=\"color: #000000;\"><span style=\"font-family: Book Antiqua, serif;\"><span style=\"font-size: large;\"><b>S\u0141OWA EWANGELII WED\u0141UG \u015aWI\u0118TEGO MATEUSZA:<\/b><\/span><\/span><\/span><\/p>\n<p align=\"justify\"><span style=\"color: #000000;\"><span style=\"font-family: Book Antiqua, serif;\"><span style=\"font-size: large;\"><b>Po up\u0142ywie szabatu, o \u015bwicie pierwszego dnia tygodnia przysz\u0142a Maria Magdalena i druga Maria obejrze\u0107 gr\u00f3b. A oto nast\u0105pi\u0142o wielkie trz\u0119sienie ziemi. Albowiem anio\u0142 Pa\u0144ski zst\u0105pi\u0142 z nieba, podszed\u0142, odsun\u0105\u0142 kamie\u0144 i usiad\u0142 na nim. Posta\u0107 jego ja\u015bnia\u0142a jak b\u0142yskawica, a szaty jego by\u0142y bia\u0142e jak \u015bnieg. Ze strachu przed nim zadr\u017celi stra\u017cnicy i stali si\u0119 jakby martwi.<\/b><\/span><\/span><\/span><\/p>\n<p align=\"justify\"><span style=\"color: #000000;\"><span style=\"font-family: Book Antiqua, serif;\"><span style=\"font-size: large;\"><b>Anio\u0142 za\u015b przem\u00f3wi\u0142 do niewiast: \u201eWy si\u0119 nie b\u00f3jcie! Gdy\u017c wiem, \u017ce szukacie Jezusa Ukrzy\u017cowanego. Nie ma Go tu, bo zmartwychwsta\u0142, jak zapowiedzia\u0142. Przyjd\u017acie, zobaczcie miejsce, gdzie le\u017ca\u0142. A id\u017acie szybko i powiedzcie Jego uczniom: \u201ePowsta\u0142 z martwych i oto udaje si\u0119 przed wami do Galilei. Tam Go ujrzycie\u201d. Oto, co wam powiedzia\u0142em\u201d.<\/b><\/span><\/span><\/span><\/p>\n<p align=\"justify\"><span style=\"color: #000000;\"><span style=\"font-family: Book Antiqua, serif;\"><span style=\"font-size: large;\"><b>Po\u015bpiesznie wi\u0119c oddali\u0142y si\u0119 od grobu, z boja\u017ani\u0105 i wielk\u0105 rado\u015bci\u0105, i pobieg\u0142y oznajmi\u0107 to Jego uczniom.<\/b><\/span><\/span><\/span><\/p>\n<p align=\"justify\"><span style=\"color: #000000;\"><span style=\"font-family: Book Antiqua, serif;\"><span style=\"font-size: large;\"><b>A oto Jezus stan\u0105\u0142 przed nimi, m\u00f3wi\u0105c: \u201eWitajcie!\u201d One podesz\u0142y do Niego, obj\u0119\u0142y Go za nogi i odda\u0142y Mu pok\u0142on. A Jezus rzek\u0142 do nich: \u201eNie b\u00f3jcie si\u0119! Id\u017acie i oznajmijcie moim braciom: niech udadz\u0105 si\u0119 do Galilei, tam Mnie zobacz\u0105\u201d.<\/b><\/span><\/span><\/span><\/p>\n<p align=\"justify\"><span style=\"color: #000000;\">\u201e<span style=\"font-family: Book Antiqua, serif;\"><span style=\"font-size: large;\"><b>O, jak przedziwna \u0142askawo\u015b\u0107 Twej dobroci dla nas! O, jak niepoj\u0119ta jest Twoja mi\u0142o\u015b\u0107: aby wykupi\u0107 niewolnika, wyda\u0142e\u015b swego Syna. O, zaiste konieczny by\u0142 grzech Adama, kt\u00f3ry zosta\u0142 zg\u0142adzony \u015bmierci\u0105 Chrystusa! O, szcz\u0119\u015bliwa wina, skoro j\u0105 zg\u0142adzi\u0142 tak wielki Odkupiciel! O, zaiste b\u0142ogos\u0142awiona noc, jedyna, kt\u00f3ra by\u0142a godna pozna\u0107 czas i godzin\u0119 zmartwychwstania Chrystusa.\u201d<\/b><\/span><\/span><\/span><\/p>\n<p align=\"justify\">\n<p align=\"justify\">\n<p align=\"justify\">\n<p align=\"justify\">\n<p align=\"justify\">\n<p align=\"justify\"><span style=\"color: #000000;\"><span style=\"font-family: Book Antiqua, serif;\"><span style=\"font-size: large;\">Tej w\u0142a\u015bnie nocy \u2013 czyli dzisiaj \u2013 my wszyscy, kt\u00f3rzy jeste\u015bmy Jego uczniami, wyznawcami, na\u015bladowcami, ale nade wszystko: przyjaci\u00f3\u0142mi, <b>czujemy tak <\/b><b>najwy\u017csz\u0105<\/b><b> dum\u0119 i rado\u015b\u0107, <\/b>\u017ce nasz Pan, Jezus Chrystus, dokona\u0142 tak wielkiego zwyci\u0119stwa! Jego moc\u0105 <b>my tak\u017ce mo\u017cemy zwyci\u0119\u017ca\u0107<\/b> \u2013 zwyci\u0119\u017ca\u0107 siebie i to wszystko, co w nas ma\u0142e i s\u0142abe.<\/span><\/span><\/span><\/p>\n<p align=\"justify\"><span style=\"color: #000000;\"><span style=\"font-family: Book Antiqua, serif;\"><span style=\"font-size: large;\">Albowiem <b>Zmartwychwstanie Jezusa, cho\u0107 wielkie i niezwyk\u0142e, to jednak za ma\u0142o i niewiele znaczy \u2013 je\u017celi nie stanie si\u0119 naszym osobistym, codziennym zmartwychwstawaniem z grzechu, marazmu, przeci\u0119tno\u015bci i przygn\u0119bienia. Moim i Twoim zmartwychwstawaniem! <\/b><\/span><\/span><\/span><\/p>\n<p align=\"justify\"><span style=\"color: #000000;\"><span style=\"font-family: Book Antiqua, serif;\"><span style=\"font-size: large;\">Niech nam nigdy nie zabraknie zapa\u0142u, ale i odwagi, by\u015bmy ten trud podejmowali! Oby\u015bmy nigdy <b>nie przestali pragn\u0105\u0107 zmartwychwstania! <\/b>Tego Jezusowego \u2013 tego naszego! Tu i teraz!<\/span><\/span><\/span><\/p>\n<p align=\"justify\"><span style=\"color: #000000;\">\u201e<span style=\"font-family: Book Antiqua, serif;\"><span style=\"font-size: large;\"><b>O, zaiste b\u0142ogos\u0142awiona noc, w kt\u00f3rej si\u0119 \u0142\u0105czy niebo z ziemi\u0105, sprawy boskie ze sprawami ludzkimi.<\/b><\/span><\/span><\/span><\/p>\n<p align=\"justify\"><span style=\"color: #000000;\"><span style=\"font-family: Book Antiqua, serif;\"><span style=\"font-size: large;\"><b>U\u015bwi\u0119caj\u0105ca si\u0142a tej nocy oddala zbrodnie, z przewin obmywa, przywraca niewinno\u015b\u0107 upad\u0142ym, a rado\u015b\u0107 smutnym, rozprasza nienawi\u015b\u0107, usposabia do zgody i ugina pot\u0119gi.\u201d<\/b><\/span><\/span><\/span><\/p>\n<p align=\"justify\"><span style=\"color: #000000;\"><span style=\"font-family: Book Antiqua, serif;\"><span style=\"font-size: large;\">Niech blask tej najja\u015bniejszej ze wszystkich nocy w historii ludzko\u015bci \u2013 rozja\u015bni ka\u017cdy dzie\u0144 naszego \u017cycia! <b>\u201eNiech \u015bwiat\u0142o Chrystusa, chwalebnie zmartwychwsta\u0142ego, rozproszy ciemno\u015bci naszych serc i umys\u0142\u00f3w!\u201d<\/b><\/span><\/span><\/span><\/p>\n<p align=\"justify\"><span style=\"color: #000000;\"><span style=\"font-family: Book Antiqua, serif;\"><span style=\"font-size: large;\">Niech tego dokona ju\u017c dzisiaj \u2013 ju\u017c teraz \u2013 <b>Jezus Chrystus, Pocz\u0105tek i koniec, Alfa i Omega! Ten, do kt\u00f3rego nale\u017cy czas i wieczno\u015b\u0107; kt\u00f3remu chwa\u0142a i panowanie przez wszystkie wieki wiek\u00f3w!<\/b><\/span><\/span><\/span><\/p>\n<p align=\"justify\"><span style=\"color: #000000;\"><span style=\"font-family: Book Antiqua, serif;\"><span style=\"font-size: large;\">Amen! Alleluja!<\/span><\/span><\/span><\/p>\n","protected":false},"excerpt":{"rendered":"<p>Niech b\u0119dzie pochwalony Jezus Chrystus! Drodzy moi, zapraszam do pochylenia si\u0119 nad s\u0142owami liturgii Wigilii Paschalnej. Zamieszczam tu teksty liturgii S\u0142owa. Tak\u017ce tekst Or\u0119dzia Wielkanocnego, kt\u00f3re zostanie dzi\u015b uroczy\u015bcie od\u015bpiewane, a kt\u00f3re polecam Waszej uwadze na dzisiejsz\u0105 Noc i na jutrzejszy Poranek. Na g\u0142\u0119bokie i religijne prze\u017cywanie tej dzisiejszej naprawd\u0119 Wielkiej Nocy \u2013 niech Was [&hellip;]<\/p>\n","protected":false},"author":1,"featured_media":0,"comment_status":"open","ping_status":"open","sticky":false,"template":"","format":"standard","meta":{"jetpack_post_was_ever_published":false,"_jetpack_newsletter_access":"","_jetpack_dont_email_post_to_subs":false,"_jetpack_newsletter_tier_id":0,"_jetpack_memberships_contains_paywalled_content":false,"_jetpack_memberships_contains_paid_content":false,"footnotes":""},"categories":[1],"tags":[],"class_list":["post-21472","post","type-post","status-publish","format-standard","hentry","category-bez-kategorii"],"yoast_head":"<!-- This site is optimized with the Yoast SEO plugin v25.1 - https:\/\/yoast.com\/wordpress\/plugins\/seo\/ -->\n<title>U\u015bwi\u0119caj\u0105ca si\u0142a tej Nocy... - Gaudium Et Spes<\/title>\n<meta name=\"robots\" content=\"index, follow, max-snippet:-1, max-image-preview:large, max-video-preview:-1\" \/>\n<link rel=\"canonical\" href=\"https:\/\/gaudiumetspes-blog.pl\/index.php\/2023\/04\/08\/uswiecajaca-sila-tej-nocy\/\" \/>\n<meta property=\"og:locale\" content=\"pl_PL\" \/>\n<meta property=\"og:type\" content=\"article\" \/>\n<meta property=\"og:title\" content=\"U\u015bwi\u0119caj\u0105ca si\u0142a tej Nocy... - Gaudium Et Spes\" \/>\n<meta property=\"og:description\" content=\"Niech b\u0119dzie pochwalony Jezus Chrystus! Drodzy moi, zapraszam do pochylenia si\u0119 nad s\u0142owami liturgii Wigilii Paschalnej. Zamieszczam tu teksty liturgii S\u0142owa. Tak\u017ce tekst Or\u0119dzia Wielkanocnego, kt\u00f3re zostanie dzi\u015b uroczy\u015bcie od\u015bpiewane, a kt\u00f3re polecam Waszej uwadze na dzisiejsz\u0105 Noc i na jutrzejszy Poranek. Na g\u0142\u0119bokie i religijne prze\u017cywanie tej dzisiejszej naprawd\u0119 Wielkiej Nocy \u2013 niech Was [&hellip;]\" \/>\n<meta property=\"og:url\" content=\"https:\/\/gaudiumetspes-blog.pl\/index.php\/2023\/04\/08\/uswiecajaca-sila-tej-nocy\/\" \/>\n<meta property=\"og:site_name\" content=\"Gaudium Et Spes\" \/>\n<meta property=\"article:published_time\" content=\"2023-04-08T18:00:37+00:00\" \/>\n<meta name=\"author\" content=\"Ks. Jacek\" \/>\n<meta name=\"twitter:card\" content=\"summary_large_image\" \/>\n<meta name=\"twitter:label1\" content=\"Napisane przez\" \/>\n\t<meta name=\"twitter:data1\" content=\"Ks. Jacek\" \/>\n\t<meta name=\"twitter:label2\" content=\"Szacowany czas czytania\" \/>\n\t<meta name=\"twitter:data2\" content=\"23 minuty\" \/>\n<script type=\"application\/ld+json\" class=\"yoast-schema-graph\">{\"@context\":\"https:\/\/schema.org\",\"@graph\":[{\"@type\":\"WebPage\",\"@id\":\"https:\/\/gaudiumetspes-blog.pl\/index.php\/2023\/04\/08\/uswiecajaca-sila-tej-nocy\/\",\"url\":\"https:\/\/gaudiumetspes-blog.pl\/index.php\/2023\/04\/08\/uswiecajaca-sila-tej-nocy\/\",\"name\":\"U\u015bwi\u0119caj\u0105ca si\u0142a tej Nocy... - Gaudium Et Spes\",\"isPartOf\":{\"@id\":\"https:\/\/gaudiumetspes-blog.pl\/#website\"},\"datePublished\":\"2023-04-08T18:00:37+00:00\",\"author\":{\"@id\":\"https:\/\/gaudiumetspes-blog.pl\/#\/schema\/person\/1661982992b752dea8dff0d4ed845a65\"},\"breadcrumb\":{\"@id\":\"https:\/\/gaudiumetspes-blog.pl\/index.php\/2023\/04\/08\/uswiecajaca-sila-tej-nocy\/#breadcrumb\"},\"inLanguage\":\"pl-PL\",\"potentialAction\":[{\"@type\":\"ReadAction\",\"target\":[\"https:\/\/gaudiumetspes-blog.pl\/index.php\/2023\/04\/08\/uswiecajaca-sila-tej-nocy\/\"]}]},{\"@type\":\"BreadcrumbList\",\"@id\":\"https:\/\/gaudiumetspes-blog.pl\/index.php\/2023\/04\/08\/uswiecajaca-sila-tej-nocy\/#breadcrumb\",\"itemListElement\":[{\"@type\":\"ListItem\",\"position\":1,\"name\":\"Strona g\u0142\u00f3wna\",\"item\":\"https:\/\/gaudiumetspes-blog.pl\/\"},{\"@type\":\"ListItem\",\"position\":2,\"name\":\"U\u015bwi\u0119caj\u0105ca si\u0142a tej&nbsp;Nocy&#8230;\"}]},{\"@type\":\"WebSite\",\"@id\":\"https:\/\/gaudiumetspes-blog.pl\/#website\",\"url\":\"https:\/\/gaudiumetspes-blog.pl\/\",\"name\":\"Gaudium Et Spes\",\"description\":\"Blog Ks. Jacka Ja\u015bkowskiego\",\"potentialAction\":[{\"@type\":\"SearchAction\",\"target\":{\"@type\":\"EntryPoint\",\"urlTemplate\":\"https:\/\/gaudiumetspes-blog.pl\/?s={search_term_string}\"},\"query-input\":{\"@type\":\"PropertyValueSpecification\",\"valueRequired\":true,\"valueName\":\"search_term_string\"}}],\"inLanguage\":\"pl-PL\"},{\"@type\":\"Person\",\"@id\":\"https:\/\/gaudiumetspes-blog.pl\/#\/schema\/person\/1661982992b752dea8dff0d4ed845a65\",\"name\":\"Ks. Jacek\",\"image\":{\"@type\":\"ImageObject\",\"inLanguage\":\"pl-PL\",\"@id\":\"https:\/\/gaudiumetspes-blog.pl\/#\/schema\/person\/image\/\",\"url\":\"https:\/\/gaudiumetspes-blog.pl\/wp-content\/uploads\/2019\/07\/avatar-JJ-150x150.jpg\",\"contentUrl\":\"https:\/\/gaudiumetspes-blog.pl\/wp-content\/uploads\/2019\/07\/avatar-JJ-150x150.jpg\",\"caption\":\"Ks. Jacek\"},\"description\":\"Witam serdecznie! K\u0142ania si\u0119 Ks. Jacek Ja\u015bkowski. Nie jestem ani kim\u015b wa\u017cnym, ani kim\u015b znanym. Jestem ksi\u0119dzem, kt\u00f3ry po prostu chce rozmawia\u0107. Codzienna kap\u0142a\u0144ska pos\u0142uga pokazuje mi, \u017ce temat\u00f3w do rozm\u00f3w z ksi\u0119dzem jest coraz wi\u0119cej i dzisiaj \u017caden ksi\u0105dz nie mo\u017ce od nich ucieka\u0107, ale - wprost przeciwnie - podejmowa\u0107 nowe wyzwania. To przekonanie sk\u0142oni\u0142o mnie do pr\u00f3by otwarcia tego\u017c bloga, chocia\u017c okazji do rozm\u00f3w na co dzie\u0144 - w konfesjonale i poza nim - na szcz\u0119\u015bcie nie brakuje. My\u015bl\u0119 jednak, \u017ce ten blog b\u0119dzie jeszcze jednym sposobem i przestrzeni\u0105 nawi\u0105zania kontaktu z lud\u017ami dobrej woli, otwartymi na dialog.\",\"url\":\"https:\/\/gaudiumetspes-blog.pl\/index.php\/author\/ks-jacek\/\"}]}<\/script>\n<!-- \/ Yoast SEO plugin. -->","yoast_head_json":{"title":"U\u015bwi\u0119caj\u0105ca si\u0142a tej Nocy... - Gaudium Et Spes","robots":{"index":"index","follow":"follow","max-snippet":"max-snippet:-1","max-image-preview":"max-image-preview:large","max-video-preview":"max-video-preview:-1"},"canonical":"https:\/\/gaudiumetspes-blog.pl\/index.php\/2023\/04\/08\/uswiecajaca-sila-tej-nocy\/","og_locale":"pl_PL","og_type":"article","og_title":"U\u015bwi\u0119caj\u0105ca si\u0142a tej Nocy... - Gaudium Et Spes","og_description":"Niech b\u0119dzie pochwalony Jezus Chrystus! Drodzy moi, zapraszam do pochylenia si\u0119 nad s\u0142owami liturgii Wigilii Paschalnej. Zamieszczam tu teksty liturgii S\u0142owa. Tak\u017ce tekst Or\u0119dzia Wielkanocnego, kt\u00f3re zostanie dzi\u015b uroczy\u015bcie od\u015bpiewane, a kt\u00f3re polecam Waszej uwadze na dzisiejsz\u0105 Noc i na jutrzejszy Poranek. Na g\u0142\u0119bokie i religijne prze\u017cywanie tej dzisiejszej naprawd\u0119 Wielkiej Nocy \u2013 niech Was [&hellip;]","og_url":"https:\/\/gaudiumetspes-blog.pl\/index.php\/2023\/04\/08\/uswiecajaca-sila-tej-nocy\/","og_site_name":"Gaudium Et Spes","article_published_time":"2023-04-08T18:00:37+00:00","author":"Ks. Jacek","twitter_card":"summary_large_image","twitter_misc":{"Napisane przez":"Ks. Jacek","Szacowany czas czytania":"23 minuty"},"schema":{"@context":"https:\/\/schema.org","@graph":[{"@type":"WebPage","@id":"https:\/\/gaudiumetspes-blog.pl\/index.php\/2023\/04\/08\/uswiecajaca-sila-tej-nocy\/","url":"https:\/\/gaudiumetspes-blog.pl\/index.php\/2023\/04\/08\/uswiecajaca-sila-tej-nocy\/","name":"U\u015bwi\u0119caj\u0105ca si\u0142a tej Nocy... - Gaudium Et Spes","isPartOf":{"@id":"https:\/\/gaudiumetspes-blog.pl\/#website"},"datePublished":"2023-04-08T18:00:37+00:00","author":{"@id":"https:\/\/gaudiumetspes-blog.pl\/#\/schema\/person\/1661982992b752dea8dff0d4ed845a65"},"breadcrumb":{"@id":"https:\/\/gaudiumetspes-blog.pl\/index.php\/2023\/04\/08\/uswiecajaca-sila-tej-nocy\/#breadcrumb"},"inLanguage":"pl-PL","potentialAction":[{"@type":"ReadAction","target":["https:\/\/gaudiumetspes-blog.pl\/index.php\/2023\/04\/08\/uswiecajaca-sila-tej-nocy\/"]}]},{"@type":"BreadcrumbList","@id":"https:\/\/gaudiumetspes-blog.pl\/index.php\/2023\/04\/08\/uswiecajaca-sila-tej-nocy\/#breadcrumb","itemListElement":[{"@type":"ListItem","position":1,"name":"Strona g\u0142\u00f3wna","item":"https:\/\/gaudiumetspes-blog.pl\/"},{"@type":"ListItem","position":2,"name":"U\u015bwi\u0119caj\u0105ca si\u0142a tej&nbsp;Nocy&#8230;"}]},{"@type":"WebSite","@id":"https:\/\/gaudiumetspes-blog.pl\/#website","url":"https:\/\/gaudiumetspes-blog.pl\/","name":"Gaudium Et Spes","description":"Blog Ks. Jacka Ja\u015bkowskiego","potentialAction":[{"@type":"SearchAction","target":{"@type":"EntryPoint","urlTemplate":"https:\/\/gaudiumetspes-blog.pl\/?s={search_term_string}"},"query-input":{"@type":"PropertyValueSpecification","valueRequired":true,"valueName":"search_term_string"}}],"inLanguage":"pl-PL"},{"@type":"Person","@id":"https:\/\/gaudiumetspes-blog.pl\/#\/schema\/person\/1661982992b752dea8dff0d4ed845a65","name":"Ks. Jacek","image":{"@type":"ImageObject","inLanguage":"pl-PL","@id":"https:\/\/gaudiumetspes-blog.pl\/#\/schema\/person\/image\/","url":"https:\/\/gaudiumetspes-blog.pl\/wp-content\/uploads\/2019\/07\/avatar-JJ-150x150.jpg","contentUrl":"https:\/\/gaudiumetspes-blog.pl\/wp-content\/uploads\/2019\/07\/avatar-JJ-150x150.jpg","caption":"Ks. Jacek"},"description":"Witam serdecznie! K\u0142ania si\u0119 Ks. Jacek Ja\u015bkowski. Nie jestem ani kim\u015b wa\u017cnym, ani kim\u015b znanym. Jestem ksi\u0119dzem, kt\u00f3ry po prostu chce rozmawia\u0107. Codzienna kap\u0142a\u0144ska pos\u0142uga pokazuje mi, \u017ce temat\u00f3w do rozm\u00f3w z ksi\u0119dzem jest coraz wi\u0119cej i dzisiaj \u017caden ksi\u0105dz nie mo\u017ce od nich ucieka\u0107, ale - wprost przeciwnie - podejmowa\u0107 nowe wyzwania. To przekonanie sk\u0142oni\u0142o mnie do pr\u00f3by otwarcia tego\u017c bloga, chocia\u017c okazji do rozm\u00f3w na co dzie\u0144 - w konfesjonale i poza nim - na szcz\u0119\u015bcie nie brakuje. My\u015bl\u0119 jednak, \u017ce ten blog b\u0119dzie jeszcze jednym sposobem i przestrzeni\u0105 nawi\u0105zania kontaktu z lud\u017ami dobrej woli, otwartymi na dialog.","url":"https:\/\/gaudiumetspes-blog.pl\/index.php\/author\/ks-jacek\/"}]}},"jetpack_featured_media_url":"","jetpack_sharing_enabled":true,"_links":{"self":[{"href":"https:\/\/gaudiumetspes-blog.pl\/index.php\/wp-json\/wp\/v2\/posts\/21472","targetHints":{"allow":["GET"]}}],"collection":[{"href":"https:\/\/gaudiumetspes-blog.pl\/index.php\/wp-json\/wp\/v2\/posts"}],"about":[{"href":"https:\/\/gaudiumetspes-blog.pl\/index.php\/wp-json\/wp\/v2\/types\/post"}],"author":[{"embeddable":true,"href":"https:\/\/gaudiumetspes-blog.pl\/index.php\/wp-json\/wp\/v2\/users\/1"}],"replies":[{"embeddable":true,"href":"https:\/\/gaudiumetspes-blog.pl\/index.php\/wp-json\/wp\/v2\/comments?post=21472"}],"version-history":[{"count":1,"href":"https:\/\/gaudiumetspes-blog.pl\/index.php\/wp-json\/wp\/v2\/posts\/21472\/revisions"}],"predecessor-version":[{"id":21473,"href":"https:\/\/gaudiumetspes-blog.pl\/index.php\/wp-json\/wp\/v2\/posts\/21472\/revisions\/21473"}],"wp:attachment":[{"href":"https:\/\/gaudiumetspes-blog.pl\/index.php\/wp-json\/wp\/v2\/media?parent=21472"}],"wp:term":[{"taxonomy":"category","embeddable":true,"href":"https:\/\/gaudiumetspes-blog.pl\/index.php\/wp-json\/wp\/v2\/categories?post=21472"},{"taxonomy":"post_tag","embeddable":true,"href":"https:\/\/gaudiumetspes-blog.pl\/index.php\/wp-json\/wp\/v2\/tags?post=21472"}],"curies":[{"name":"wp","href":"https:\/\/api.w.org\/{rel}","templated":true}]}}