{"id":21575,"date":"2023-05-23T00:27:50","date_gmt":"2023-05-22T22:27:50","guid":{"rendered":"https:\/\/gaudiumetspes-blog.pl\/?p=21575"},"modified":"2023-05-22T18:32:27","modified_gmt":"2023-05-22T16:32:27","slug":"ty-mi-ich-dales","status":"publish","type":"post","link":"https:\/\/gaudiumetspes-blog.pl\/index.php\/2023\/05\/23\/ty-mi-ich-dales\/","title":{"rendered":"Ty Mi ich da\u0142e\u015b&#8230;"},"content":{"rendered":"<p align=\"justify\"><span style=\"color: #000000;\"><span style=\"font-family: Book Antiqua, serif;\"><span style=\"font-size: large;\">Szcz\u0119\u015b\u0107 Bo\u017ce! Moi Drodzy, w dniu dzisiejszym <b>imieniny prze\u017cywa Iwona Zagubie\u0144, moja dobra Znajoma z czas\u00f3w mojej pos\u0142ugi w Parafii w Celestynowie.<\/b><\/span><\/span><\/span><\/p>\n<p align=\"justify\"><span style=\"color: #000000;\"><span style=\"font-family: Book Antiqua, serif;\"><span style=\"font-size: large;\"><b>Urodziny natomiast prze\u017cywa Ksi\u0105dz Dariusz Osta\u0142owski, m\u00f3j Kolega kursowy, Proboszcz Parafii \u015awi\u0119tych Piotra i Paw\u0142a w Mi\u0119dzyrzecu Podlaskim.<\/b><\/span><\/span><\/span><\/p>\n<p align=\"justify\"><span style=\"color: #000000;\"><span style=\"font-family: Book Antiqua, serif;\"><span style=\"font-size: large;\"><b>Obojgu \u015bwi\u0119tuj\u0105cym \u017cycz\u0119 ogromu \u0142ask Bo\u017cych i wszelkiego dobra! O to b\u0119d\u0119 si\u0119 dla Nich modli\u0142!<\/b><\/span><\/span><\/span><\/p>\n<p align=\"justify\"><span style=\"color: #000000;\"><span style=\"font-family: Book Antiqua, serif;\"><span style=\"font-size: large;\">A u mnie dzisiaj \u2013 zwyczajny wtorek. Czyli dy\u017cur na Wydzia\u0142ach przy ulicy Prusa, a o 19:00 \u2013 Msza \u015awi\u0119ta i nabo\u017ce\u0144stwo majowe. <\/span><\/span><\/span><\/p>\n<p align=\"justify\"><span style=\"color: #000000;\"><span style=\"font-family: Book Antiqua, serif;\"><span style=\"font-size: large;\">Zapraszam teraz do pochylenia si\u0119 nad Bo\u017cym s\u0142owem dzisiejszej liturgii. <b>Co dzi\u015b m\u00f3wi do mnie Pan? Co konkretnie chce mi wskaza\u0107? Czego ode mnie oczekuje?<\/b> Duchu \u015awi\u0119ty, b\u0105d\u017a \u015bwiat\u0142em, natchnieniem i m\u0105dro\u015bci\u0105!<\/span><\/span><\/span><\/p>\n<p align=\"justify\"><span style=\"color: #000000;\"><span style=\"font-family: Book Antiqua, serif;\"><span style=\"font-size: large;\"><b>Niech Was b\u0142ogos\u0142awi B\u00f3g<\/b> <b>Wszechmog\u0105cy: Ojciec + i Syn, i Duch \u015awi\u0119ty. Amen<\/b><\/span><\/span><\/span><\/p>\n<p align=\"center\"><span style=\"color: #000000;\"><span style=\"font-family: Book Antiqua, serif;\"><span style=\"font-size: large;\">Gaudium et spes! Ks. Jacek<\/span><\/span><\/span><\/p>\n<p align=\"center\">\n<p align=\"center\">\n<p align=\"center\">\n<p align=\"center\">\n<p align=\"center\">\n<p align=\"justify\"><span style=\"color: #000000;\"><span style=\"font-family: Book Antiqua, serif;\"><span style=\"font-size: large;\"><b>Wtorek 7 Tygodnia Wielkanocnego,<\/b><\/span><\/span><\/span><\/p>\n<p align=\"justify\"><span style=\"color: #000000;\"><span style=\"font-family: Book Antiqua, serif;\"><span style=\"font-size: large;\"><b>23 maja 2023.,\u00a0<\/b><\/span><\/span><\/span><\/p>\n<p align=\"justify\"><span style=\"color: #000000;\"><span style=\"font-family: Book Antiqua, serif;\"><span style=\"font-size: large;\"><b>do czyta\u0144: Dz 20,17\u201327; J 17,1\u201311a<\/b><\/span><\/span><\/span><\/p>\n<p align=\"justify\">\n<p align=\"justify\">\n<p align=\"justify\">\n<p align=\"justify\">\n<p align=\"justify\">\n<p align=\"justify\"><span style=\"color: #000000;\"><span style=\"font-family: Book Antiqua, serif;\"><span style=\"font-size: large;\"><b>CZYTANIE Z DZIEJ\u00d3W APOSTOLSKICH:<\/b><\/span><\/span><\/span><\/p>\n<p align=\"justify\"><span style=\"color: #000000;\"><span style=\"font-family: Book Antiqua, serif;\"><span style=\"font-size: large;\"><b>Pawe\u0142 z Miletu pos\u0142a\u0142 do Efezu i wezwa\u0142 starszych Ko\u015bcio\u0142a. A gdy do niego przybyli, przem\u00f3wi\u0142 do nich: <\/b><\/span><\/span><\/span><\/p>\n<p align=\"justify\"><span style=\"color: #000000;\">\u201e<span style=\"font-family: Book Antiqua, serif;\"><span style=\"font-size: large;\"><b>Wiecie, jakim by\u0142em w\u015br\u00f3d was od pierwszej chwili, w kt\u00f3rej stan\u0105\u0142em w Azji. Jak s\u0142u\u017cy\u0142em Panu z ca\u0142\u0105 pokor\u0105 w\u015br\u00f3d \u0142ez i do\u015bwiadcze\u0144, kt\u00f3re mnie spotka\u0142y z powodu zasadzek \u017cydowskich. Jak nie uchyla\u0142em si\u0119 tch\u00f3rzliwie od niczego, co po\u017cyteczne, tak \u017ce przemawia\u0142em i naucza\u0142em was publicznie i po domach, nawo\u0142uj\u0105c zar\u00f3wno \u017byd\u00f3w, jak i Grek\u00f3w do nawr\u00f3cenia si\u0119 do Boga i do wiary w Pana naszego Jezusa.<\/b><\/span><\/span><\/span><\/p>\n<p align=\"justify\"><span style=\"color: #000000;\"><span style=\"font-family: Book Antiqua, serif;\"><span style=\"font-size: large;\"><b>A teraz, naglony Duchem, udaj\u0119 si\u0119 do Jerozolimy; nie wiem, co mnie tam spotka opr\u00f3cz tego, \u017ce czekaj\u0105 mnie wi\u0119zy i utrapienia, o czym zapewnia mnie Duch \u015awi\u0119ty w ka\u017cdym mie\u015bcie. Lecz ja zgo\u0142a nie ceni\u0119 sobie \u017cycia, bylebym tylko doko\u0144czy\u0142 biegu i pos\u0142ugiwania, kt\u00f3re otrzyma\u0142em od Pana Jezusa: bylebym da\u0142 \u015bwiadectwo o Ewangelii \u0142aski Bo\u017cej.<\/b><\/span><\/span><\/span><\/p>\n<p align=\"justify\"><span style=\"color: #000000;\"><span style=\"font-family: Book Antiqua, serif;\"><span style=\"font-size: large;\"><b>Wiem teraz, \u017ce wy wszyscy, w\u015br\u00f3d kt\u00f3rych przeszed\u0142em g\u0142osz\u0105c kr\u00f3lestwo, ju\u017c mnie nie ujrzycie. Dlatego o\u015bwiadczam wam dzisiaj: Nie jestem winien niczyjej krwi, bo nie uchyla\u0142em si\u0119 tch\u00f3rzliwie od g\u0142oszenia wam ca\u0142ej woli Bo\u017cej\u201d.<\/b><\/span><\/span><\/span><\/p>\n<p align=\"justify\">\n<p align=\"justify\">\n<p align=\"justify\">\n<p align=\"justify\">\n<p align=\"justify\">\n<p align=\"justify\"><span style=\"color: #000000;\"><span style=\"font-family: Book Antiqua, serif;\"><span style=\"font-size: large;\"><b>S\u0141OWA EWANGELII WED\u0141UG \u015aWI\u0118TEGO JANA:<\/b><\/span><\/span><\/span><\/p>\n<p align=\"justify\"><span style=\"color: #000000;\"><span style=\"font-family: Book Antiqua, serif;\"><span style=\"font-size: large;\"><b>W czasie ostatniej wieczerzy Jezus podni\u00f3s\u0142szy oczy ku niebu, rzek\u0142: <\/b><\/span><\/span><\/span><\/p>\n<p align=\"justify\"><span style=\"color: #000000;\">\u201e<span style=\"font-family: Book Antiqua, serif;\"><span style=\"font-size: large;\"><b>Ojcze, nadesz\u0142a godzina! Otocz swego Syna chwa\u0142\u0105, aby Syn Ciebie ni\u0105 otoczy\u0142 i aby moc\u0105 w\u0142adzy udzielonej Mu przez Ciebie nad ka\u017cdym cz\u0142owiekiem da\u0142 \u017cycie wieczne wszystkim tym, kt\u00f3rych Mu da\u0142e\u015b. A to jest \u017cycie wieczne: aby znali Ciebie, jedynego prawdziwego Boga, oraz Tego, kt\u00f3rego pos\u0142a\u0142e\u015b, Jezusa Chrystusa. <\/b><\/span><\/span><\/span><\/p>\n<p align=\"justify\"><span style=\"color: #000000;\"><span style=\"font-family: Book Antiqua, serif;\"><span style=\"font-size: large;\"><b>Ja Ciebie otoczy\u0142em chwa\u0142\u0105 na ziemi przez to, \u017ce wype\u0142ni\u0142em dzie\u0142o, kt\u00f3re Mi da\u0142e\u015b do wykonania. A teraz Ty, Ojcze, otocz Mnie u siebie t\u0105 chwa\u0142\u0105, kt\u00f3r\u0105 mia\u0142em u Ciebie pierwej, zanim \u015bwiat powsta\u0142.<\/b><\/span><\/span><\/span><\/p>\n<p align=\"justify\"><span style=\"color: #000000;\"><span style=\"font-family: Book Antiqua, serif;\"><span style=\"font-size: large;\"><b>Objawi\u0142em imi\u0119 Twoje ludziom, kt\u00f3rych Mi da\u0142e\u015b ze \u015bwiata. Twoimi byli i Ty Mi ich da\u0142e\u015b, a oni zachowali s\u0142owo Twoje. Teraz poznali, \u017ce wszystko, cokolwiek Mi da\u0142e\u015b, pochodzi od Ciebie. S\u0142owa bowiem, kt\u00f3re Mi powierzy\u0142e\u015b, im przekaza\u0142em, a oni je przyj\u0119li i prawdziwie poznali, \u017ce od Ciebie wyszed\u0142em, oraz uwierzyli, \u017ce\u015b Ty Mnie pos\u0142a\u0142.<\/b><\/span><\/span><\/span><\/p>\n<p align=\"justify\"><span style=\"color: #000000;\"><span style=\"font-family: Book Antiqua, serif;\"><span style=\"font-size: large;\"><b>Ja za nimi prosz\u0119, nie prosz\u0119 za \u015bwiatem, ale za tymi, kt\u00f3rych Mi da\u0142e\u015b, poniewa\u017c s\u0105 Twoimi. Wszystko bowiem moje jest Twoje, a Twoje jest moje, i w nich zosta\u0142em otoczony chwa\u0142\u0105. Ju\u017c nie jestem na \u015bwiecie, ale oni s\u0105 jeszcze na \u015bwiecie, a Ja id\u0119 do Ciebie\u201d.<\/b><\/span><\/span><\/span><\/p>\n<p align=\"justify\">\n<p align=\"justify\">\n<p align=\"justify\">\n<p align=\"justify\">\n<p align=\"justify\">\n<p align=\"justify\"><span style=\"color: #000000;\"><span style=\"font-family: Book Antiqua, serif;\"><span style=\"font-size: large;\">Z tego, co Pawe\u0142 dzisiaj m\u00f3wi, dowiadujemy si\u0119, \u017ce jego pos\u0142uga przez ca\u0142y czas dokonywa\u0142a si\u0119 \u2013 by tak rzec \u2013 <b>w cieniu prze\u015bladowa\u0144 i przeciwno\u015bci,<\/b> kt\u00f3re mu fundowali zazdro\u015bni przeciwnicy. On sam o tym dzisiaj m\u00f3wi do \u00abstarszych Ko\u015bcio\u0142a\u00bb, czyli pasterzy Wsp\u00f3lnoty z Efezu: <i><b>Wiecie, jakim by\u0142em w\u015br\u00f3d was od pierwszej chwili, w kt\u00f3rej stan\u0105\u0142em w Azji. Jak s\u0142u\u017cy\u0142em Panu z ca\u0142\u0105 pokor\u0105 w\u015br\u00f3d \u0142ez i do\u015bwiadcze\u0144, kt\u00f3re mnie spotka\u0142y z powodu zasadzek \u017cydowskich. Jak nie uchyla\u0142em si\u0119 tch\u00f3rzliwie od niczego, co po\u017cyteczne, tak \u017ce przemawia\u0142em i naucza\u0142em was publicznie i po domach, nawo\u0142uj\u0105c zar\u00f3wno \u017byd\u00f3w, jak i Grek\u00f3w do nawr\u00f3cenia si\u0119 do Boga i do wiary w Pana naszego Jezusa. <\/b><\/i><\/span><\/span><\/span><\/p>\n<p align=\"justify\"><span style=\"color: #000000;\"><span style=\"font-family: Book Antiqua, serif;\"><span style=\"font-size: large;\">Co wi\u0119cej, jest on pewien, \u017ce te zasadzki \u017cydowskie i inne przeciwno\u015bci b\u0119d\u0105 trwa\u0142y nadal. Stwierdza bowiem wyra\u017anie: <i><b>A teraz, naglony Duchem, udaj\u0119 si\u0119 do Jerozolimy; nie wiem, co mnie tam spotka opr\u00f3cz tego, \u017ce czekaj\u0105 mnie wi\u0119zy i utrapienia, o czym zapewnia mnie Duch \u015awi\u0119ty w ka\u017cdym mie\u015bcie. Lecz ja zgo\u0142a nie ceni\u0119 sobie \u017cycia, bylebym tylko doko\u0144czy\u0142 biegu i pos\u0142ugiwania, kt\u00f3re otrzyma\u0142em od Pana Jezusa: bylebym da\u0142 \u015bwiadectwo o Ewangelii \u0142aski Bo\u017cej. <\/b><\/i><\/span><\/span><\/span><\/p>\n<p align=\"justify\"><span style=\"color: #000000;\"><span style=\"font-family: Book Antiqua, serif;\"><span style=\"font-size: large;\">Zatem, te przeciwno\u015bci, te k\u0142ody, rzucane mu pod nogi, to taki <b>chleb powszedni <\/b><b>w <\/b><b>misji aposto\u0142a <\/b>\u2013 ka\u017cdego aposto\u0142a, nie tylko Paw\u0142a. I nie tylko kt\u00f3rego\u015b z grona Dwunastu, ale te\u017c <b>ka\u017cdego z grona chrze\u015bcijan<\/b> \u2013 b\u0119d\u0105cych ju\u017c z tego tytu\u0142u aposto\u0142ami \u2013 i to na przestrzeni wszystkich wiek\u00f3w. Wyznawanie wiary, przyznawanie si\u0119 do wiary, przyznawanie si\u0119 do Jezusa Chrystusa, \u017cycie zgodne z Jego wol\u0105 \u2013 to wszystko <b>zawsze spotyka\u0142o si\u0119 z zaci\u0119tym oporem<\/b> ze strony wielu przeciwnik\u00f3w. <\/span><\/span><\/span><\/p>\n<p align=\"justify\"><span style=\"color: #000000;\"><span style=\"font-family: Book Antiqua, serif;\"><span style=\"font-size: large;\">Owszem, na przestrzeni wiek\u00f3w istnienia Ko\u015bcio\u0142a <b>r\u00f3\u017cne by\u0142o nat\u0119\u017cenie<\/b> dzia\u0142ania owych przeciwnik\u00f3w i r\u00f3\u017cna si\u0142a prze\u015bladowa\u0144, jakimi dr\u0119czyli wyznawc\u00f3w Chrystusa. I by\u0142y takie okresy w historii, <b>kiedy Ko\u015bci\u00f3\u0142 by\u0142 pot\u0119g\u0105<\/b> \u2013 tak\u017ce polityczn\u0105 \u2013 wi\u0119c jego przeciwnicy mo\u017ce nie a\u017c tak bardzo uzewn\u0119trzniali swoje ataki. Ale \u2013 powiedzmy to sobie szczerze \u2013<b> sprzeciwy i trudno\u015bci by\u0142y zawsze!<\/b> Nie by\u0142o takiego okresu w historii Ko\u015bcio\u0142a \u2013 na przestrzeni dw\u00f3ch tysi\u0119cy lat jego istnienia \u2013<b> \u017ceby Ko\u015bci\u00f3\u0142 by\u0142 od nich zupe\u0142nie wolny. <\/b>Bo nigdy nie by\u0142. <\/span><\/span><\/span><\/p>\n<p align=\"justify\"><span style=\"color: #000000;\"><span style=\"font-family: Book Antiqua, serif;\"><span style=\"font-size: large;\">I dzisiaj tak\u017ce nie jest. I to nie tylko w tych miejscach, w kt\u00f3rych jest on <b>prze\u015bladowany w spos\u00f3b krwawy.<\/b> U nas \u2013 na szcz\u0119\u015bcie \u2013 takich atak\u00f3w nie ma. Zasadniczo nie ma, bo <b>pojedyncze akty <\/b><b>fizycznej <\/b><b>agresji<\/b> co i raz si\u0119 zdarzaj\u0105. Ale zasadniczo mo\u017cemy swobodnie chodzi\u0107 do ko\u015bcio\u0142a, mo\u017cemy publicznie przyznawa\u0107 si\u0119 do wiary \u2013 bez obawy utraty \u017cycia.<b> I oby tak zawsze by\u0142o! <\/b><\/span><\/span><\/span><\/p>\n<p align=\"justify\"><span style=\"color: #000000;\"><span style=\"font-family: Book Antiqua, serif;\"><span style=\"font-size: large;\">Natomiast i u nas <b>nie brakuje atak\u00f3w medialnych,<\/b> czy takiego codziennego uprzykrzania \u017cycia ludziom wierz\u0105cym \u2013 w miejscu pracy, czy na uczelni, czy w szkole\u2026 Albo <b>ze strony pracodawc\u00f3w lub prze\u0142o\u017conych, <\/b>albo ze strony koleg\u00f3w i kole\u017canek \u2013 <b>ca\u0142ego \u015brodowiska, <\/b>kt\u00f3re teraz naprawd\u0119 jest niejednokrotnie nastawione do wiary i do spraw z ni\u0105 zwi\u0105zanych <b>z du\u017cym dystansem<\/b> (\u017ceby si\u0119 tak dyplomatycznie wyrazi\u0107\u2026). <\/span><\/span><\/span><\/p>\n<p align=\"justify\"><span style=\"color: #000000;\"><span style=\"font-family: Book Antiqua, serif;\"><span style=\"font-size: large;\">Dlatego chyba trzeba nam to sobie jasno u\u015bwiadomi\u0107, zda\u0107 sobie z tego dobrze spraw\u0119<b> i nie robi\u0107 z tego problemu, <\/b>\u017ce tak by\u0142o, tak jest i tak ju\u017c zawsze b\u0119dzie: za g\u0142osicielami Ewangelia, za \u015bwiadkami Chrystusa i wiary w Niego \u2013<b> niczym cie\u0144 b\u0119d\u0105 sz\u0142y prze\u015bladowania,<\/b> realizowane w r\u00f3\u017cnej formie. Cz\u0119\u015bciej pewnie na p\u0142aszczy\u017anie psychologicznej, moralnej, s\u0142ownej, ale <b>nie mo\u017cna te\u017c wykluczy\u0107 fizycznej, <\/b>brutalnej agresji. Z tym si\u0119 musimy liczy\u0107. <\/span><\/span><\/span><\/p>\n<p align=\"justify\"><span style=\"color: #000000;\"><span style=\"font-family: Book Antiqua, serif;\"><span style=\"font-size: large;\">I z tym <b>musimy si\u0119 nauczy\u0107 \u017cy\u0107! <\/b>I nie oczekiwa\u0107 chrze\u015bcija\u0144stwa \u0142atwego i przez ca\u0142y \u015bwiat oklaskiwanego, noszonego na r\u0119kach, bo <b>takiego chrze\u015bcija\u0144stwa nie ma. Bo nigdy nie by\u0142o.<\/b> I na pewno \u2013 niestety \u2013 nie b\u0119dzie. M\u00f3wimy: \u201eniestety\u201d, bo chcieliby\u015bmy, \u017ceby by\u0142o. Bo co by to komu\u015b przeszkadza\u0142o, \u017ceby chrze\u015bcijanie wsz\u0119dzie i zawsze <b>swobodnie i bez przeszk\u00f3d swoj\u0105 wiar\u0119 wyznawali,<\/b> nie wadz\u0105c nikomu, ale przy za\u0142o\u017ceniu, \u017ce <b>i im nikt wadzi\u0107 nie b\u0119dzie. <\/b>No, niestety, tego raczej \u2013 na tym \u015bwiecie \u2013 nie doczekamy\u2026 <\/span><\/span><\/span><\/p>\n<p align=\"justify\"><span style=\"color: #000000;\"><span style=\"font-family: Book Antiqua, serif;\"><span style=\"font-size: large;\">Dlatego <b>musimy uzna\u0107 przeciwno\u015bci, trudno\u015bci i krzy\u017ce,<\/b> jakie nas na drodze wiary spotykaj\u0105, <b>za co\u015b normalnego, <\/b>z czym trzeba po prostu \u2013 jakby to dziwnie nie zabrzmia\u0142o \u2013 <b>oswoi\u0107 si\u0119<\/b><b>.<\/b> I za co\u015b, co chocia\u017c <b>nieraz nam krwi <\/b><b>nam<\/b><b> napsuje<\/b> i niejedn\u0105 \u0142z\u0119 wyci\u015bnie, to jednak na pewno <b>nie mo\u017ce nas zniech\u0119ci\u0107 do wiary <\/b><b>i do Ko\u015bcio\u0142a. <\/b>Wr\u0119cz przeciwnie, te krzy\u017ce i trudno\u015bci, je\u017celi znoszone s\u0105 <b>z godno\u015bci\u0105, w jedno\u015bci z Jezusem i z Jego pomoc\u0105,<\/b> a do tego s\u0105 ofiarowane <b>w jakiej\u015b konkretnej intencji,<\/b> mog\u0105 nas tylko do Boga zbli\u017cy\u0107, a nasz\u0105 wiar\u0119 wynie\u015b\u0107 na bardzo wysoki poziom! <\/span><\/span><\/span><\/p>\n<p align=\"justify\"><span style=\"color: #000000;\"><span style=\"font-family: Book Antiqua, serif;\"><span style=\"font-size: large;\">\u015awi\u0119ty Pawe\u0142, m\u00f3wi\u0105c dzisiaj o prze\u015bladowaniach, kt\u00f3re jego spotyka\u0142y, wyra\u017anie zaznacza, \u017ce i tak, pomimo ich wszystkich, <b>zamierza dope\u0142ni\u0107 swego dzie\u0142a. <\/b>W tym kontek\u015bcie m\u00f3wi nawet, \u017ce <b>\u00ab<\/b><b>nie ceni sobie \u017cycia<\/b><b>\u00bb<\/b><b> \u2013<\/b> oczywi\u015bcie, tego ziemskiego \u017cycia, <b>[byleby] <\/b><i><b>tylko doko\u0144czy\u0142 biegu i pos\u0142ugiwania, kt\u00f3re<\/b><\/i><b> [otrzyma\u0142] <\/b><i><b>od Pana Jezusa:<\/b><\/i><b> [byleby] <\/b><i><b>da\u0142 \u015bwiadectwo o Ewangelii \u0142aski Bo\u017cej.<\/b><\/i> Bo to jest najwa\u017cniejsze! Bo to jest \u017cycie wieczne \u2013 a ono jest w\u0142a\u015bnie najwa\u017cniejsze!<\/span><\/span><\/span><\/p>\n<p align=\"justify\"><span style=\"color: #000000;\"><span style=\"font-family: Book Antiqua, serif;\"><span style=\"font-size: large;\">M\u00f3g\u0142 tak jednak powiedzie\u0107 dlatego, \u017ce by\u0142 naprawd\u0119 bardzo, ale to bardzo mocno <b>zjednoczony z Jezusem Chrystusem.<\/b> Czyli, \u017ce spe\u0142ni\u0142y si\u0119 na nim s\u0142owa Jezusa, wypowiedziane w dzisiejszej Ewangelii: <i><b>Ojcze, nadesz\u0142a godzina! Otocz swego Syna chwa\u0142\u0105, aby Syn Ciebie ni\u0105 otoczy\u0142 i aby moc\u0105 w\u0142adzy udzielonej Mu przez Ciebie nad ka\u017cdym cz\u0142owiekiem da\u0142 \u017cycie wieczne wszystkim tym, kt\u00f3rych Mu da\u0142e\u015b. <\/b><\/i><b>[\u2026] <\/b><i><b>Objawi\u0142em imi\u0119 Twoje ludziom, kt\u00f3rych Mi da\u0142e\u015b ze \u015bwiata. Twoimi byli i Ty Mi ich da\u0142e\u015b, a oni zachowali s\u0142owo Twoje. Teraz poznali, \u017ce wszystko, cokolwiek Mi da\u0142e\u015b, pochodzi od Ciebie. S\u0142owa bowiem, kt\u00f3re Mi powierzy\u0142e\u015b, im przekaza\u0142em, a oni je przyj\u0119li i prawdziwie poznali, \u017ce od Ciebie wyszed\u0142em, oraz uwierzyli, \u017ce\u015b Ty Mnie pos\u0142a\u0142. <\/b><\/i><i><b>Ja za nimi prosz\u0119, nie prosz\u0119 za \u015bwiatem, ale za tymi, kt\u00f3rych Mi da\u0142e\u015b, poniewa\u017c s\u0105 Twoimi. <\/b><\/i><\/span><\/span><\/span><\/p>\n<p align=\"justify\"><span style=\"color: #000000;\"><span style=\"font-family: Book Antiqua, serif;\"><span style=\"font-size: large;\">\u015awi\u0119ty Pawe\u0142 nale\u017ca\u0142 \u2013 z ca\u0142\u0105 pewno\u015bci\u0105 \u2013 do tych, o kt\u00f3rych Jezus m\u00f3wi dzi\u015b do swego Ojca: <i><b>Ty mi ich da\u0142e\u015b. <\/b><\/i>A wi\u0119c \u2013 do <b>wybranych i umi\u0142owanych, <\/b>na kt\u00f3rych Jezus <b>szczeg\u00f3lnie liczy.<\/b> Tacy ludzie s\u0105 <b>cali dla Jezusa! We wszystkim.<\/b> Tak\u017ce wtedy, gdy m\u00f3wi\u0105 \u2013 tak, jak dzisiaj Pawe\u0142 powiedzia\u0142 \u2013 o sobie i swojej pos\u0142udze: <i><b>Wiecie, jakim by\u0142em w\u015br\u00f3d was od pierwszej chwili, w kt\u00f3rej stan\u0105\u0142em w Azji. Jak s\u0142u\u017cy\u0142em Panu z ca\u0142\u0105 pokor\u0105 w\u015br\u00f3d \u0142ez i do\u015bwiadcze\u0144, kt\u00f3re mnie spotka\u0142y\u2026<\/b><\/i><b> <\/b><\/span><\/span><\/span><\/p>\n<p align=\"justify\"><span style=\"color: #000000;\"><span style=\"font-family: Book Antiqua, serif;\"><span style=\"font-size: large;\">Pierwsze skojarzenie, jakie nam si\u0119 zapewne nasuwa, jest takie, \u017ce <b>cz\u0142owiek ten si\u0119 przechwala.<\/b> Albo \u017ce robi z siebie m\u0119czennika. Jednak ludzie Bo\u017cy, ludzie Chrystusowi \u2013<b> w ten spos\u00f3b daj\u0105 \u015bwiadectwo prawdzie.<\/b> Oni tak \u017cyj\u0105 i tak post\u0119puj\u0105 \u2013 nie dla ludzkich pochwa\u0142, ale <b>dla swego Mistrza i Przyjaciela, Jezusa Chrystusa!<\/b> Bo s\u0105 z Nim w pe\u0142ni zjednoczeni, s\u0105 <b>cali dla Niego. <\/b><\/span><\/span><\/span><\/p>\n<p align=\"justify\"><span style=\"color: #000000;\"><span style=\"font-family: Book Antiqua, serif;\"><span style=\"font-size: large;\">Dlatego tak\u017ce nie odstrasz\u0105 ich od Niego <b>\u017cadne przeciwno\u015bci, cierpienia i k\u0142ody,<\/b> rzucane pod nogi przez przeciwnik\u00f3w. One wszystkie <b>jeszcze bardziej ich do Jezusa zbli\u017c\u0105 i <\/b><b>z Nim z<\/b><b>jednocz\u0105,<\/b> bo przecie\u017c On tak\u017ce to wszystko przeszed\u0142 i na sobie odczu\u0142. <\/span><\/span><\/span><\/p>\n<p align=\"justify\"><span style=\"color: #000000;\"><span style=\"font-family: Book Antiqua, serif;\"><span style=\"font-size: large;\">Zatem i my tak\u017ce \u2013 <b>nie szukajmy \u0142atwego chrze\u015bcija\u0144stwa,<\/b> wolnego od krzy\u017cy i przeciwno\u015bci, bo takiego chrze\u015bcija\u0144stwa po prostu nie ma. Raczej starajmy si\u0119 to wszystko, co trudne, prze\u017cywa\u0107 <b>razem z Jezusem \u2013 <\/b>z wiar\u0105 i godno\u015bci\u0105 \u2013 aby <b>w ten spos\u00f3b osi\u0105ga\u0107 szczyty \u015bwi\u0119to\u015bci!<\/b><\/span><\/span><\/span><\/p>\n","protected":false},"excerpt":{"rendered":"<p>Szcz\u0119\u015b\u0107 Bo\u017ce! Moi Drodzy, w dniu dzisiejszym imieniny prze\u017cywa Iwona Zagubie\u0144, moja dobra Znajoma z czas\u00f3w mojej pos\u0142ugi w Parafii w Celestynowie. Urodziny natomiast prze\u017cywa Ksi\u0105dz Dariusz Osta\u0142owski, m\u00f3j Kolega kursowy, Proboszcz Parafii \u015awi\u0119tych Piotra i Paw\u0142a w Mi\u0119dzyrzecu Podlaskim. Obojgu \u015bwi\u0119tuj\u0105cym \u017cycz\u0119 ogromu \u0142ask Bo\u017cych i wszelkiego dobra! O to b\u0119d\u0119 si\u0119 dla Nich [&hellip;]<\/p>\n","protected":false},"author":1,"featured_media":0,"comment_status":"open","ping_status":"open","sticky":false,"template":"","format":"standard","meta":{"jetpack_post_was_ever_published":false,"_jetpack_newsletter_access":"","_jetpack_dont_email_post_to_subs":false,"_jetpack_newsletter_tier_id":0,"_jetpack_memberships_contains_paywalled_content":false,"_jetpack_memberships_contains_paid_content":false,"footnotes":""},"categories":[1],"tags":[],"class_list":["post-21575","post","type-post","status-publish","format-standard","hentry","category-bez-kategorii"],"yoast_head":"<!-- This site is optimized with the Yoast SEO plugin v25.1 - https:\/\/yoast.com\/wordpress\/plugins\/seo\/ -->\n<title>Ty Mi ich da\u0142e\u015b... - Gaudium Et Spes<\/title>\n<meta name=\"robots\" content=\"index, follow, max-snippet:-1, max-image-preview:large, max-video-preview:-1\" \/>\n<link rel=\"canonical\" href=\"https:\/\/gaudiumetspes-blog.pl\/index.php\/2023\/05\/23\/ty-mi-ich-dales\/\" \/>\n<meta property=\"og:locale\" content=\"pl_PL\" \/>\n<meta property=\"og:type\" content=\"article\" \/>\n<meta property=\"og:title\" content=\"Ty Mi ich da\u0142e\u015b... - Gaudium Et Spes\" \/>\n<meta property=\"og:description\" content=\"Szcz\u0119\u015b\u0107 Bo\u017ce! Moi Drodzy, w dniu dzisiejszym imieniny prze\u017cywa Iwona Zagubie\u0144, moja dobra Znajoma z czas\u00f3w mojej pos\u0142ugi w Parafii w Celestynowie. Urodziny natomiast prze\u017cywa Ksi\u0105dz Dariusz Osta\u0142owski, m\u00f3j Kolega kursowy, Proboszcz Parafii \u015awi\u0119tych Piotra i Paw\u0142a w Mi\u0119dzyrzecu Podlaskim. Obojgu \u015bwi\u0119tuj\u0105cym \u017cycz\u0119 ogromu \u0142ask Bo\u017cych i wszelkiego dobra! O to b\u0119d\u0119 si\u0119 dla Nich [&hellip;]\" \/>\n<meta property=\"og:url\" content=\"https:\/\/gaudiumetspes-blog.pl\/index.php\/2023\/05\/23\/ty-mi-ich-dales\/\" \/>\n<meta property=\"og:site_name\" content=\"Gaudium Et Spes\" \/>\n<meta property=\"article:published_time\" content=\"2023-05-22T22:27:50+00:00\" \/>\n<meta name=\"author\" content=\"Ks. Jacek\" \/>\n<meta name=\"twitter:card\" content=\"summary_large_image\" \/>\n<meta name=\"twitter:label1\" content=\"Napisane przez\" \/>\n\t<meta name=\"twitter:data1\" content=\"Ks. Jacek\" \/>\n\t<meta name=\"twitter:label2\" content=\"Szacowany czas czytania\" \/>\n\t<meta name=\"twitter:data2\" content=\"10 minut\" \/>\n<script type=\"application\/ld+json\" class=\"yoast-schema-graph\">{\"@context\":\"https:\/\/schema.org\",\"@graph\":[{\"@type\":\"WebPage\",\"@id\":\"https:\/\/gaudiumetspes-blog.pl\/index.php\/2023\/05\/23\/ty-mi-ich-dales\/\",\"url\":\"https:\/\/gaudiumetspes-blog.pl\/index.php\/2023\/05\/23\/ty-mi-ich-dales\/\",\"name\":\"Ty Mi ich da\u0142e\u015b... - Gaudium Et Spes\",\"isPartOf\":{\"@id\":\"https:\/\/gaudiumetspes-blog.pl\/#website\"},\"datePublished\":\"2023-05-22T22:27:50+00:00\",\"author\":{\"@id\":\"https:\/\/gaudiumetspes-blog.pl\/#\/schema\/person\/1661982992b752dea8dff0d4ed845a65\"},\"breadcrumb\":{\"@id\":\"https:\/\/gaudiumetspes-blog.pl\/index.php\/2023\/05\/23\/ty-mi-ich-dales\/#breadcrumb\"},\"inLanguage\":\"pl-PL\",\"potentialAction\":[{\"@type\":\"ReadAction\",\"target\":[\"https:\/\/gaudiumetspes-blog.pl\/index.php\/2023\/05\/23\/ty-mi-ich-dales\/\"]}]},{\"@type\":\"BreadcrumbList\",\"@id\":\"https:\/\/gaudiumetspes-blog.pl\/index.php\/2023\/05\/23\/ty-mi-ich-dales\/#breadcrumb\",\"itemListElement\":[{\"@type\":\"ListItem\",\"position\":1,\"name\":\"Strona g\u0142\u00f3wna\",\"item\":\"https:\/\/gaudiumetspes-blog.pl\/\"},{\"@type\":\"ListItem\",\"position\":2,\"name\":\"Ty Mi ich da\u0142e\u015b&#8230;\"}]},{\"@type\":\"WebSite\",\"@id\":\"https:\/\/gaudiumetspes-blog.pl\/#website\",\"url\":\"https:\/\/gaudiumetspes-blog.pl\/\",\"name\":\"Gaudium Et Spes\",\"description\":\"Blog Ks. Jacka Ja\u015bkowskiego\",\"potentialAction\":[{\"@type\":\"SearchAction\",\"target\":{\"@type\":\"EntryPoint\",\"urlTemplate\":\"https:\/\/gaudiumetspes-blog.pl\/?s={search_term_string}\"},\"query-input\":{\"@type\":\"PropertyValueSpecification\",\"valueRequired\":true,\"valueName\":\"search_term_string\"}}],\"inLanguage\":\"pl-PL\"},{\"@type\":\"Person\",\"@id\":\"https:\/\/gaudiumetspes-blog.pl\/#\/schema\/person\/1661982992b752dea8dff0d4ed845a65\",\"name\":\"Ks. Jacek\",\"image\":{\"@type\":\"ImageObject\",\"inLanguage\":\"pl-PL\",\"@id\":\"https:\/\/gaudiumetspes-blog.pl\/#\/schema\/person\/image\/\",\"url\":\"https:\/\/gaudiumetspes-blog.pl\/wp-content\/uploads\/2019\/07\/avatar-JJ-150x150.jpg\",\"contentUrl\":\"https:\/\/gaudiumetspes-blog.pl\/wp-content\/uploads\/2019\/07\/avatar-JJ-150x150.jpg\",\"caption\":\"Ks. Jacek\"},\"description\":\"Witam serdecznie! K\u0142ania si\u0119 Ks. Jacek Ja\u015bkowski. Nie jestem ani kim\u015b wa\u017cnym, ani kim\u015b znanym. Jestem ksi\u0119dzem, kt\u00f3ry po prostu chce rozmawia\u0107. Codzienna kap\u0142a\u0144ska pos\u0142uga pokazuje mi, \u017ce temat\u00f3w do rozm\u00f3w z ksi\u0119dzem jest coraz wi\u0119cej i dzisiaj \u017caden ksi\u0105dz nie mo\u017ce od nich ucieka\u0107, ale - wprost przeciwnie - podejmowa\u0107 nowe wyzwania. To przekonanie sk\u0142oni\u0142o mnie do pr\u00f3by otwarcia tego\u017c bloga, chocia\u017c okazji do rozm\u00f3w na co dzie\u0144 - w konfesjonale i poza nim - na szcz\u0119\u015bcie nie brakuje. My\u015bl\u0119 jednak, \u017ce ten blog b\u0119dzie jeszcze jednym sposobem i przestrzeni\u0105 nawi\u0105zania kontaktu z lud\u017ami dobrej woli, otwartymi na dialog.\",\"url\":\"https:\/\/gaudiumetspes-blog.pl\/index.php\/author\/ks-jacek\/\"}]}<\/script>\n<!-- \/ Yoast SEO plugin. -->","yoast_head_json":{"title":"Ty Mi ich da\u0142e\u015b... - Gaudium Et Spes","robots":{"index":"index","follow":"follow","max-snippet":"max-snippet:-1","max-image-preview":"max-image-preview:large","max-video-preview":"max-video-preview:-1"},"canonical":"https:\/\/gaudiumetspes-blog.pl\/index.php\/2023\/05\/23\/ty-mi-ich-dales\/","og_locale":"pl_PL","og_type":"article","og_title":"Ty Mi ich da\u0142e\u015b... - Gaudium Et Spes","og_description":"Szcz\u0119\u015b\u0107 Bo\u017ce! Moi Drodzy, w dniu dzisiejszym imieniny prze\u017cywa Iwona Zagubie\u0144, moja dobra Znajoma z czas\u00f3w mojej pos\u0142ugi w Parafii w Celestynowie. Urodziny natomiast prze\u017cywa Ksi\u0105dz Dariusz Osta\u0142owski, m\u00f3j Kolega kursowy, Proboszcz Parafii \u015awi\u0119tych Piotra i Paw\u0142a w Mi\u0119dzyrzecu Podlaskim. Obojgu \u015bwi\u0119tuj\u0105cym \u017cycz\u0119 ogromu \u0142ask Bo\u017cych i wszelkiego dobra! O to b\u0119d\u0119 si\u0119 dla Nich [&hellip;]","og_url":"https:\/\/gaudiumetspes-blog.pl\/index.php\/2023\/05\/23\/ty-mi-ich-dales\/","og_site_name":"Gaudium Et Spes","article_published_time":"2023-05-22T22:27:50+00:00","author":"Ks. Jacek","twitter_card":"summary_large_image","twitter_misc":{"Napisane przez":"Ks. Jacek","Szacowany czas czytania":"10 minut"},"schema":{"@context":"https:\/\/schema.org","@graph":[{"@type":"WebPage","@id":"https:\/\/gaudiumetspes-blog.pl\/index.php\/2023\/05\/23\/ty-mi-ich-dales\/","url":"https:\/\/gaudiumetspes-blog.pl\/index.php\/2023\/05\/23\/ty-mi-ich-dales\/","name":"Ty Mi ich da\u0142e\u015b... - Gaudium Et Spes","isPartOf":{"@id":"https:\/\/gaudiumetspes-blog.pl\/#website"},"datePublished":"2023-05-22T22:27:50+00:00","author":{"@id":"https:\/\/gaudiumetspes-blog.pl\/#\/schema\/person\/1661982992b752dea8dff0d4ed845a65"},"breadcrumb":{"@id":"https:\/\/gaudiumetspes-blog.pl\/index.php\/2023\/05\/23\/ty-mi-ich-dales\/#breadcrumb"},"inLanguage":"pl-PL","potentialAction":[{"@type":"ReadAction","target":["https:\/\/gaudiumetspes-blog.pl\/index.php\/2023\/05\/23\/ty-mi-ich-dales\/"]}]},{"@type":"BreadcrumbList","@id":"https:\/\/gaudiumetspes-blog.pl\/index.php\/2023\/05\/23\/ty-mi-ich-dales\/#breadcrumb","itemListElement":[{"@type":"ListItem","position":1,"name":"Strona g\u0142\u00f3wna","item":"https:\/\/gaudiumetspes-blog.pl\/"},{"@type":"ListItem","position":2,"name":"Ty Mi ich da\u0142e\u015b&#8230;"}]},{"@type":"WebSite","@id":"https:\/\/gaudiumetspes-blog.pl\/#website","url":"https:\/\/gaudiumetspes-blog.pl\/","name":"Gaudium Et Spes","description":"Blog Ks. Jacka Ja\u015bkowskiego","potentialAction":[{"@type":"SearchAction","target":{"@type":"EntryPoint","urlTemplate":"https:\/\/gaudiumetspes-blog.pl\/?s={search_term_string}"},"query-input":{"@type":"PropertyValueSpecification","valueRequired":true,"valueName":"search_term_string"}}],"inLanguage":"pl-PL"},{"@type":"Person","@id":"https:\/\/gaudiumetspes-blog.pl\/#\/schema\/person\/1661982992b752dea8dff0d4ed845a65","name":"Ks. Jacek","image":{"@type":"ImageObject","inLanguage":"pl-PL","@id":"https:\/\/gaudiumetspes-blog.pl\/#\/schema\/person\/image\/","url":"https:\/\/gaudiumetspes-blog.pl\/wp-content\/uploads\/2019\/07\/avatar-JJ-150x150.jpg","contentUrl":"https:\/\/gaudiumetspes-blog.pl\/wp-content\/uploads\/2019\/07\/avatar-JJ-150x150.jpg","caption":"Ks. Jacek"},"description":"Witam serdecznie! K\u0142ania si\u0119 Ks. Jacek Ja\u015bkowski. Nie jestem ani kim\u015b wa\u017cnym, ani kim\u015b znanym. Jestem ksi\u0119dzem, kt\u00f3ry po prostu chce rozmawia\u0107. Codzienna kap\u0142a\u0144ska pos\u0142uga pokazuje mi, \u017ce temat\u00f3w do rozm\u00f3w z ksi\u0119dzem jest coraz wi\u0119cej i dzisiaj \u017caden ksi\u0105dz nie mo\u017ce od nich ucieka\u0107, ale - wprost przeciwnie - podejmowa\u0107 nowe wyzwania. To przekonanie sk\u0142oni\u0142o mnie do pr\u00f3by otwarcia tego\u017c bloga, chocia\u017c okazji do rozm\u00f3w na co dzie\u0144 - w konfesjonale i poza nim - na szcz\u0119\u015bcie nie brakuje. My\u015bl\u0119 jednak, \u017ce ten blog b\u0119dzie jeszcze jednym sposobem i przestrzeni\u0105 nawi\u0105zania kontaktu z lud\u017ami dobrej woli, otwartymi na dialog.","url":"https:\/\/gaudiumetspes-blog.pl\/index.php\/author\/ks-jacek\/"}]}},"jetpack_featured_media_url":"","jetpack_sharing_enabled":true,"_links":{"self":[{"href":"https:\/\/gaudiumetspes-blog.pl\/index.php\/wp-json\/wp\/v2\/posts\/21575","targetHints":{"allow":["GET"]}}],"collection":[{"href":"https:\/\/gaudiumetspes-blog.pl\/index.php\/wp-json\/wp\/v2\/posts"}],"about":[{"href":"https:\/\/gaudiumetspes-blog.pl\/index.php\/wp-json\/wp\/v2\/types\/post"}],"author":[{"embeddable":true,"href":"https:\/\/gaudiumetspes-blog.pl\/index.php\/wp-json\/wp\/v2\/users\/1"}],"replies":[{"embeddable":true,"href":"https:\/\/gaudiumetspes-blog.pl\/index.php\/wp-json\/wp\/v2\/comments?post=21575"}],"version-history":[{"count":1,"href":"https:\/\/gaudiumetspes-blog.pl\/index.php\/wp-json\/wp\/v2\/posts\/21575\/revisions"}],"predecessor-version":[{"id":21576,"href":"https:\/\/gaudiumetspes-blog.pl\/index.php\/wp-json\/wp\/v2\/posts\/21575\/revisions\/21576"}],"wp:attachment":[{"href":"https:\/\/gaudiumetspes-blog.pl\/index.php\/wp-json\/wp\/v2\/media?parent=21575"}],"wp:term":[{"taxonomy":"category","embeddable":true,"href":"https:\/\/gaudiumetspes-blog.pl\/index.php\/wp-json\/wp\/v2\/categories?post=21575"},{"taxonomy":"post_tag","embeddable":true,"href":"https:\/\/gaudiumetspes-blog.pl\/index.php\/wp-json\/wp\/v2\/tags?post=21575"}],"curies":[{"name":"wp","href":"https:\/\/api.w.org\/{rel}","templated":true}]}}