{"id":21582,"date":"2023-05-26T09:03:51","date_gmt":"2023-05-26T07:03:51","guid":{"rendered":"https:\/\/gaudiumetspes-blog.pl\/?p=21582"},"modified":"2023-05-26T09:03:51","modified_gmt":"2023-05-26T07:03:51","slug":"czy-milujesz-mnie-wiecej","status":"publish","type":"post","link":"https:\/\/gaudiumetspes-blog.pl\/index.php\/2023\/05\/26\/czy-milujesz-mnie-wiecej\/","title":{"rendered":"Czy mi\u0142ujesz Mnie wi\u0119cej?&#8230;"},"content":{"rendered":"<p align=\"justify\"><span style=\"color: #000000;\"><span style=\"font-family: Book Antiqua, serif;\"><span style=\"font-size: large;\">Szcz\u0119\u015b\u0107 Bo\u017ce! Moi Drodzy, w dniu dzisiejszym <b>obchodzimy Dzie\u0144 Matki. Z tej okazji ogarniam modlitw\u0105 moj\u0105 Mam\u0119, Danut\u0119 Ja\u015bkowsk\u0105. Dzi\u0119kuj\u0105c za codzienn\u0105 trosk\u0119 i mi\u0142o\u015b\u0107, jak\u0105 otacza nasz\u0105 Rodzin\u0119, <\/b><b>oraz za sta\u0142y kontakt z ka\u017cdym z nas \u2013 bez wzgl\u0119du na to, gdzie kto przebywa: w Polsce, czy daleko poza ni\u0105 \u2013 <\/b><b>ca\u0142ym Rodze\u0144stwem \u017cyczymy wszelkich dobrych natchnie\u0144 z Nieba, rado\u015bci i nadziei, zapa\u0142u do niesienia dobra wszystkim wok\u00f3\u0142, a tak w og\u00f3le \u2013 <\/b><b>powrotu do pe\u0142ni<\/b><b> zdrowia i si\u0142 fizycznych\u2026 Bo t<\/b><b>ych<\/b><b> duchow<\/b><b>ych<\/b><b> nigdy Jej nie brak\u0142o. I oby nigdy nie zabrak\u0142o! O to si\u0119 dzisiaj \u2013 i nie tylko dzisiaj \u2013 modlimy!<\/b><\/span><\/span><\/span><\/p>\n<p align=\"justify\"><span style=\"color: #000000;\"><span style=\"font-family: Book Antiqua, serif;\"><span style=\"font-size: large;\"><b>A imieniny prze\u017cywa dzisiaj Ewelina Lisiewicz, nale\u017c\u0105ca w swoim czasie do Wsp\u00f3lnoty m\u0142odzie\u017cowej w Tr\u0105bkach. \u017bycz\u0119 Bo\u017cego b\u0142ogos\u0142awie\u0144stwa i wszelkiego dobra, o co te\u017c b\u0119d\u0119 si\u0119 modli\u0142!<\/b><\/span><\/span><\/span><\/p>\n<p align=\"justify\"><span style=\"color: #000000;\"><span style=\"font-family: Book Antiqua, serif;\"><span style=\"font-size: large;\">A ja dzisiaj jestem w Lublinie. Zamierzam spokojnie, chocia\u017c intensywnie popracowa\u0107, a wieczorem \u2013 Msza \u015awi\u0119ta w lubelskiej Parafii \u015awi\u0119tego Jana Kantego, z kt\u00f3r\u0105 to Parafi\u0105 od jakiego\u015b czasu do\u015b\u0107 owocnie wsp\u00f3\u0142pracuj\u0119.<\/span><\/span><\/span><\/p>\n<p align=\"justify\"><span style=\"color: #000000;\"><span style=\"font-family: Book Antiqua, serif;\"><span style=\"font-size: large;\">Moi Drodzy, skupmy si\u0119 ju\u017c teraz nad Bo\u017cym s\u0142owem. Pomoc\u0105 pos\u0142u\u017cy nam s\u0142\u00f3wko Janka, przygotowane dzisiaj \u2013 zamiast ostatniego poniedzia\u0142ku, kiedy to mia\u0142 On inne, wa\u017cne sprawy na g\u0142owie. Serdecznie dzi\u0119kuj\u0119 Mu za to dzisiejsze rozwa\u017canie \u2013 i za to, \u017ce zawsze mo\u017cna na Niego liczy\u0107!<\/span><\/span><\/span><\/p>\n<p align=\"justify\"><span style=\"color: #000000;\"><span style=\"font-family: Book Antiqua, serif;\"><span style=\"font-size: large;\">Zatem, postarajmy si\u0119 odkry\u0107 przes\u0142anie, <b>z jakim Pan dzisiaj do ka\u017cdej i ka\u017cdego z nas indywidualnie si\u0119 zwraca. <\/b>Niech Duch \u015awi\u0119ty b\u0119dzie nam w tym \u015bwiat\u0142em i natchnieniem!<\/span><\/span><\/span><\/p>\n<p align=\"justify\"><span style=\"color: #000000;\"><span style=\"font-family: Book Antiqua, serif;\"><span style=\"font-size: large;\"><b>Niech Was b\u0142ogos\u0142awi B\u00f3g Wszechmog\u0105cy: Ojciec + i Syn, i Duch \u015awi\u0119ty. Amen<\/b><\/span><\/span><\/span><\/p>\n<p align=\"center\"><span style=\"color: #000000;\"><span style=\"font-family: Book Antiqua, serif;\"><span style=\"font-size: large;\">Gaudium et spes! Ks. Jacek<\/span><\/span><\/span><\/p>\n<p align=\"center\">\n<p align=\"center\">\n<p align=\"center\">\n<p align=\"center\">\n<p align=\"center\">\n<p align=\"justify\"><span style=\"color: #000000;\"><span style=\"font-family: Book Antiqua, serif;\"><span style=\"font-size: large;\"><b>Pi\u0105tek 7 Tygodnia Wielkanocy,<\/b><\/span><\/span><\/span><\/p>\n<p align=\"justify\"><span style=\"color: #000000;\"><span style=\"font-family: Book Antiqua, serif;\"><span style=\"font-size: large;\"><b>Wspomnienie \u015aw. Filipa Nereusza, Kap\u0142ana,<\/b><\/span><\/span><\/span><\/p>\n<p align=\"justify\"><span style=\"color: #000000;\"><span style=\"font-family: Book Antiqua, serif;\"><span style=\"font-size: large;\"><b>26 maja 2023.,\u00a0<\/b><\/span><\/span><\/span><\/p>\n<p align=\"justify\"><span style=\"color: #000000;\"><span style=\"font-family: Book Antiqua, serif;\"><span style=\"font-size: large;\"><b>do czyta\u0144: Dz 25,13\u201321; J 21,15\u201319<\/b><\/span><\/span><\/span><\/p>\n<p align=\"justify\">\n<p align=\"justify\">\n<p align=\"justify\">\n<p align=\"justify\">\n<p align=\"justify\">\n<p align=\"justify\"><span style=\"color: #000000;\"><span style=\"font-family: Book Antiqua, serif;\"><span style=\"font-size: large;\"><b>CZYTANIE Z DZIEJ\u00d3W APOSTOLSKICH: <\/b><\/span><\/span><\/span><\/p>\n<p align=\"justify\"><span style=\"color: #000000;\"><span style=\"font-family: Book Antiqua, serif;\"><span style=\"font-size: large;\"><b>Kr\u00f3l Agryppa i Berenike przybyli do Cezarei powita\u0107 Festusa. Gdy przebywali tam d\u0142u\u017cszy czas, Festus przedstawi\u0142 kr\u00f3lowi spraw\u0119 Paw\u0142a. Powiedzia\u0142: \u201eFeliks pozostawi\u0142 w wi\u0119zieniu pewnego cz\u0142owieka. Gdy by\u0142em w Jerozolimie, arcykap\u0142ani i starsi \u017cydowscy wnie\u015bli przeciw niemu skarg\u0119, \u017c\u0105daj\u0105c dla niego wyroku skazuj\u0105cego. Odpowiedzia\u0142em im: \u00abRzymianie nie maj\u0105 zwyczaju skazywania kogokolwiek na \u015bmier\u0107, zanim oskar\u017cony nie stanie wobec oskar\u017cycieli i nie b\u0119dzie mia\u0142 mo\u017cno\u015bci bronienia si\u0119 przed zarzutami\u00bb. <\/b><\/span><\/span><\/span><\/p>\n<p align=\"justify\"><span style=\"color: #000000;\"><span style=\"font-family: Book Antiqua, serif;\"><span style=\"font-size: large;\"><b>A kiedy przybyli tutaj bez \u017cadnej zw\u0142oki, sprawuj\u0105c nast\u0119pnego dnia s\u0105dy, kaza\u0142em przyprowadzi\u0107 tego cz\u0142owieka. Oskar\u017cyciele nie wnie\u015bli przeciwko niemu \u017cadnej skargi o przest\u0119pstwa, kt\u00f3re podejrzewa\u0142em. Mieli z nim tylko spory o ich wierzenia i o jakiego\u015b zmar\u0142ego Jezusa, o kt\u00f3rym Pawe\u0142 twierdzi, \u017ce \u017cyje. <\/b><\/span><\/span><\/span><\/p>\n<p align=\"justify\"><span style=\"color: #000000;\"><span style=\"font-family: Book Antiqua, serif;\"><span style=\"font-size: large;\"><b>Nie znaj\u0105c si\u0119 na tych rzeczach, zapyta\u0142em, czy nie zechcia\u0142by uda\u0107 si\u0119 do Jerozolimy i tam odpowiada\u0107 przed s\u0105dem w tych sprawach. Poniewa\u017c Pawe\u0142 za\u017c\u0105da\u0142, aby go zatrzyma\u0107 do wyroku Cezara, kaza\u0142em go strzec, dop\u00f3ki go nie ode\u015bl\u0119 do Najdostojniejszego\u201d.<\/b><\/span><\/span><\/span><\/p>\n<p align=\"justify\">\n<p align=\"justify\">\n<p align=\"justify\">\n<p align=\"justify\">\n<p align=\"justify\">\n<p align=\"justify\"><span style=\"color: #000000;\"><span style=\"font-family: Book Antiqua, serif;\"><span style=\"font-size: large;\"><b>S\u0141OWA EWANGELII WED\u0141UG \u015aWI\u0118TEGO JANA: <\/b><\/span><\/span><\/span><\/p>\n<p align=\"justify\"><span style=\"color: #000000;\"><span style=\"font-family: Book Antiqua, serif;\"><span style=\"font-size: large;\"><b>Gdy Jezus ukaza\u0142 si\u0119 swoim uczniom i spo\u017cywa\u0142 z nimi \u015bniadanie, rzek\u0142 do Szymona Piotra: \u201eSzymonie, synu Jana, czy mi\u0142ujesz Mnie wi\u0119cej ani\u017celi ci?\u201d <\/b><\/span><\/span><\/span><\/p>\n<p align=\"justify\"><span style=\"color: #000000;\"><span style=\"font-family: Book Antiqua, serif;\"><span style=\"font-size: large;\"><b>Odpowiedzia\u0142 Mu: \u201eTak, Panie, Ty wiesz, \u017ce Ci\u0119 kocham\u201d.<\/b><\/span><\/span><\/span><\/p>\n<p align=\"justify\"><span style=\"color: #000000;\"><span style=\"font-family: Book Antiqua, serif;\"><span style=\"font-size: large;\"><b>Rzek\u0142 do niego: \u201ePa\u015b baranki moje\u201d. <\/b><\/span><\/span><\/span><\/p>\n<p align=\"justify\"><span style=\"color: #000000;\"><span style=\"font-family: Book Antiqua, serif;\"><span style=\"font-size: large;\"><b>I powt\u00f3rnie powiedzia\u0142 do niego: \u201eSzymonie, synu Jana, czy mi\u0142ujesz Mnie?\u201d <\/b><\/span><\/span><\/span><\/p>\n<p align=\"justify\"><span style=\"color: #000000;\"><span style=\"font-family: Book Antiqua, serif;\"><span style=\"font-size: large;\"><b>Odpar\u0142 Mu: \u201eTak, Panie, Ty wiesz, \u017ce Ci\u0119 kocham\u201d. <\/b><\/span><\/span><\/span><\/p>\n<p align=\"justify\"><span style=\"color: #000000;\"><span style=\"font-family: Book Antiqua, serif;\"><span style=\"font-size: large;\"><b>Rzek\u0142 do niego: \u201ePa\u015b owce moje\u201d. <\/b><\/span><\/span><\/span><\/p>\n<p align=\"justify\"><span style=\"color: #000000;\"><span style=\"font-family: Book Antiqua, serif;\"><span style=\"font-size: large;\"><b>Powiedzia\u0142 mu po raz trzeci: \u201eSzymonie, synu Jana, czy kochasz Mnie?\u201d <\/b><\/span><\/span><\/span><\/p>\n<p align=\"justify\"><span style=\"color: #000000;\"><span style=\"font-family: Book Antiqua, serif;\"><span style=\"font-size: large;\"><b>Zasmuci\u0142 si\u0119 Piotr, \u017ce mu po raz trzeci powiedzia\u0142: \u201eCzy kochasz Mnie?\u201d I rzek\u0142 do Niego: \u201ePanie, Ty wszystko wiesz, Ty wiesz, \u017ce Ci\u0119 kocham\u201d. <\/b><\/span><\/span><\/span><\/p>\n<p align=\"justify\"><span style=\"color: #000000;\"><span style=\"font-family: Book Antiqua, serif;\"><span style=\"font-size: large;\"><b>Rzek\u0142 do niego Jezus: \u201ePa\u015b owce moje. <\/b><\/span><\/span><\/span><\/p>\n<p align=\"justify\"><span style=\"color: #000000;\"><span style=\"font-family: Book Antiqua, serif;\"><span style=\"font-size: large;\"><b>Zaprawd\u0119, zaprawd\u0119 powiadam ci: Gdy by\u0142e\u015b m\u0142odszy, opasywa\u0142e\u015b si\u0119 sam i chodzi\u0142e\u015b, gdzie chcia\u0142e\u015b. Ale gdy si\u0119 zestarzejesz, wyci\u0105gniesz r\u0119ce swoje, a inny ci\u0119 opasze i poprowadzi, dok\u0105d nie chcesz\u201d. <\/b><\/span><\/span><\/span><\/p>\n<p align=\"justify\"><span style=\"color: #000000;\"><span style=\"font-family: Book Antiqua, serif;\"><span style=\"font-size: large;\"><b>To powiedzia\u0142, aby zaznaczy\u0107, jak\u0105 \u015bmierci\u0105 uwielbi Boga. A wypowiedziawszy to, rzek\u0142 do niego: \u201eP\u00f3jd\u017a za Mn\u0105!\u201d<\/b><\/span><\/span><\/span><\/p>\n<p align=\"justify\">\n<p align=\"justify\">\n<p align=\"justify\">\n<p align=\"justify\">\n<p align=\"justify\">\n<p align=\"center\"><span style=\"color: #000000;\"><span style=\"font-family: Book Antiqua, serif;\"><span style=\"font-size: large;\"><b>A OTO S\u0141\u00d3WKO JANKA:<\/b><\/span><\/span><\/span><\/p>\n<p align=\"center\">\n<p align=\"center\">\n<p align=\"center\">\n<p align=\"center\">\n<p align=\"center\">\n<p align=\"justify\"><span style=\"color: #000000;\"><span style=\"font-family: Book Antiqua, serif;\"><span style=\"font-size: large;\">Dzisiejsze s\u0142\u00f3wko, chcia\u0142bym oprze\u0107 na dzisiejszej Ewangelii. A w tej dzisiejszej Ewangelii s\u0142yszymy bardzo mocne i poruszaj\u0105ce zdanie: <i><b>Gdy Jezus ukaza\u0142 si\u0119 swoim uczniom i spo\u017cy\u0142 z nimi \u015bniadanie, rzek\u0142 do Szymona Piotra: \u201eSzymonie, synu Jana, czy mi\u0142ujesz Mnie wi\u0119cej ani\u017celi ci?\u201d<\/b><\/i><\/span><\/span><\/span><\/p>\n<p align=\"justify\"><span style=\"color: #000000;\"><span style=\"font-family: Book Antiqua, serif;\"><span style=\"font-size: large;\">Nie bez powodu Jezus zada\u0142 Piotrowi to pytanie. Pami\u0119ta\u0142 doskonale sytuacj\u0119 przed swoj\u0105 m\u0119k\u0105, kiedy to w\u0142a\u015bnie ten cz\u0142owiek, \u015awi\u0119ty Piotr, powiedzia\u0142 wprost Jezusowi, \u017ce b\u0119dzie Mu wierny i si\u0119 Go nie zaprze. Jak wiemy, niestety, \u015awi\u0119ty Piotr nie dotrzyma\u0142 s\u0142owa. Tamtej pami\u0119tnej nocy, nim kogut zapia\u0142, trzy razy Piotr si\u0119 Go wypar\u0142. Lecz co wtedy zrobi\u0142?<\/span><\/span><\/span><\/p>\n<p align=\"justify\"><span style=\"color: #000000;\"><span style=\"font-family: Book Antiqua, serif;\"><span style=\"font-size: large;\">Wtedy wyszed\u0142 i gorzko zap\u0142aka\u0142. Zadajmy sobie pytanie, kiedy my zap\u0142akali\u015bmy nad pope\u0142nionymi przez siebie grzechami i swoimi winami? Przecie\u017c te\u017c cz\u0119sto nie dotrzymujemy s\u0142owa, danego Panu! Na spowiedzi przecie\u017c m\u00f3wimy: OBIECUJ\u0118 POPRAW\u0118! A jak cz\u0119sto z tym jest? Niestety, cz\u0119sto upadamy zaraz po spowiedzi. <\/span><\/span><\/span><\/p>\n<p align=\"justify\"><span style=\"color: #000000;\"><span style=\"font-family: Book Antiqua, serif;\"><span style=\"font-size: large;\">Mo\u017cesz upa\u015b\u0107 dziesi\u0105ty, dwudziesty, a nawet tysi\u0119czny raz. I mimo, \u017ce nam si\u0119 wydaje, i\u017c Boga zawiedli\u015bmy. I mo\u017ce wtedy przychodzi taka my\u015bl, \u017ce On nas za to ju\u017c nie kocha\u2026 Lecz zobaczmy, moi Drodzy, co Jezus m\u00f3wi Piotrowi? Jezus pyta go wprost: <i><b>Szymonie, synu Jana, czy mi\u0142ujesz Mnie wi\u0119cej, ani\u017celi ci? <\/b><\/i><\/span><\/span><\/span><\/p>\n<p align=\"justify\"><span style=\"color: #000000;\"><span style=\"font-family: Book Antiqua, serif;\"><span style=\"font-size: large;\">Jezus nie m\u00f3wi do Piotra: \u201ePiotrze, Ja ciebie kocham!\u201d Nie m\u00f3wi tak. Tylko pyta Piotra, czy to w\u0142a\u015bnie on Go mi\u0142uje! Bo to, \u017ce Jezus go kocha, to udowodni\u0142 na Krzy\u017cu. Dlatego teraz pyta Piotra o jego mi\u0142o\u015b\u0107. Czy jemu \u2013 Piotrowi \u2013 zale\u017cy na tej mi\u0142o\u015bci do Niego! <\/span><\/span><\/span><\/p>\n<p align=\"justify\"><span style=\"color: #000000;\"><span style=\"font-family: Book Antiqua, serif;\"><span style=\"font-size: large;\">I nie tylko Piotra Jezus o to pyta. On pyta o to tak\u017ce i Ciebie: Czy mi\u0142ujesz Go bardzie od siebie? Czy jeste\u015b wstanie si\u0119 odda\u0107 Jemu do ca\u0142kowitej dyspozycji? <\/span><\/span><\/span><\/p>\n<p align=\"justify\"><span style=\"color: #000000;\"><span style=\"font-family: Book Antiqua, serif;\"><span style=\"font-size: large;\">Gdy czyta\u0142em w\u0142a\u015bnie ten fragment Ewangelii, to skojarzy\u0142 mi si\u0119 on z powo\u0142aniem do kap\u0142a\u0144stwa czy do \u017cycia zakonnego. Jezus, gdy powo\u0142uje ludzi na te w\u0142a\u015bnie drogi \u017cyciowe, czyli do kap\u0142a\u0144stwa czy \u017cycia konsekrowanego, zwraca si\u0119 do tego konkretnego cz\u0142owieka tak, jak do Piotra: \u201eCzy kochasz mnie tak bardzo, aby ca\u0142kowicie odda\u0107 si\u0119 Bogu?\u201d <\/span><\/span><\/span><\/p>\n<p align=\"justify\"><span style=\"color: #000000;\"><span style=\"font-family: Book Antiqua, serif;\"><span style=\"font-size: large;\">Jak wiemy, przed kap\u0142a\u0144stwem czy przed \u015blubami wieczystymi, osoba powo\u0142ana ma pewien czas, aby rozezna\u0107 swoje powo\u0142anie dobrze. By rozezna\u0107 ten Bo\u017cy plan na swoje \u017cycie. Jezus takiej osobie m\u00f3wi par\u0119 razy: <i><b>Czy mi\u0142ujesz Mnie wi\u0119cej, ani\u017celi ci?<\/b><\/i> Jedni odpowiedz\u0105 tak, a drudzy powiedz\u0105, \u017ce to jednak nie ta droga. I po wielu takich pytaniach, skierowanych do kleryk\u00f3w, czy przysz\u0142ych zakonnik\u00f3w, Jezus wreszcie odpowie tak, jak Piotrowi<i><b>: Pa\u015b owce moje.<\/b><\/i> I powie r\u00f3wnie\u017c: <i><b>P\u00f3jd\u017a za mn\u0105!<\/b><\/i><\/span><\/span><\/span><\/p>\n<p align=\"justify\"><span style=\"color: #000000;\"><span style=\"font-family: Book Antiqua, serif;\"><span style=\"font-size: large;\">I to jest pi\u0119kne! W\u0142a\u015bnie to, \u017ce s\u0105 ludzie, kt\u00f3rzy id\u0105 za Chrystusem! Dlatego tym bardziej \u2013 i tym bardziej serdecznie i gor\u0105co \u2013 m\u00f3dlmy si\u0119, za kap\u0142an\u00f3w, za kleryk\u00f3w oraz o nowe powo\u0142ania. By ci, do kt\u00f3rych Pan si\u0119 zwr\u00f3ci, mieli odwag\u0119 i\u015b\u0107 za Chrystusem. Mimo, \u017ce ta droga wcale nie b\u0119dzie prosta i \u0142atwa\u2026 <\/span><\/span><\/span><\/p>\n","protected":false},"excerpt":{"rendered":"<p>Szcz\u0119\u015b\u0107 Bo\u017ce! Moi Drodzy, w dniu dzisiejszym obchodzimy Dzie\u0144 Matki. Z tej okazji ogarniam modlitw\u0105 moj\u0105 Mam\u0119, Danut\u0119 Ja\u015bkowsk\u0105. Dzi\u0119kuj\u0105c za codzienn\u0105 trosk\u0119 i mi\u0142o\u015b\u0107, jak\u0105 otacza nasz\u0105 Rodzin\u0119, oraz za sta\u0142y kontakt z ka\u017cdym z nas \u2013 bez wzgl\u0119du na to, gdzie kto przebywa: w Polsce, czy daleko poza ni\u0105 \u2013 ca\u0142ym Rodze\u0144stwem \u017cyczymy [&hellip;]<\/p>\n","protected":false},"author":1,"featured_media":0,"comment_status":"open","ping_status":"open","sticky":false,"template":"","format":"standard","meta":{"jetpack_post_was_ever_published":false,"_jetpack_newsletter_access":"","_jetpack_dont_email_post_to_subs":false,"_jetpack_newsletter_tier_id":0,"_jetpack_memberships_contains_paywalled_content":false,"_jetpack_memberships_contains_paid_content":false,"footnotes":""},"categories":[1],"tags":[],"class_list":["post-21582","post","type-post","status-publish","format-standard","hentry","category-bez-kategorii"],"yoast_head":"<!-- This site is optimized with the Yoast SEO plugin v25.1 - https:\/\/yoast.com\/wordpress\/plugins\/seo\/ -->\n<title>Czy mi\u0142ujesz Mnie wi\u0119cej?... - Gaudium Et Spes<\/title>\n<meta name=\"robots\" content=\"index, follow, max-snippet:-1, max-image-preview:large, max-video-preview:-1\" \/>\n<link rel=\"canonical\" href=\"https:\/\/gaudiumetspes-blog.pl\/index.php\/2023\/05\/26\/czy-milujesz-mnie-wiecej\/\" \/>\n<meta property=\"og:locale\" content=\"pl_PL\" \/>\n<meta property=\"og:type\" content=\"article\" \/>\n<meta property=\"og:title\" content=\"Czy mi\u0142ujesz Mnie wi\u0119cej?... - Gaudium Et Spes\" \/>\n<meta property=\"og:description\" content=\"Szcz\u0119\u015b\u0107 Bo\u017ce! Moi Drodzy, w dniu dzisiejszym obchodzimy Dzie\u0144 Matki. Z tej okazji ogarniam modlitw\u0105 moj\u0105 Mam\u0119, Danut\u0119 Ja\u015bkowsk\u0105. Dzi\u0119kuj\u0105c za codzienn\u0105 trosk\u0119 i mi\u0142o\u015b\u0107, jak\u0105 otacza nasz\u0105 Rodzin\u0119, oraz za sta\u0142y kontakt z ka\u017cdym z nas \u2013 bez wzgl\u0119du na to, gdzie kto przebywa: w Polsce, czy daleko poza ni\u0105 \u2013 ca\u0142ym Rodze\u0144stwem \u017cyczymy [&hellip;]\" \/>\n<meta property=\"og:url\" content=\"https:\/\/gaudiumetspes-blog.pl\/index.php\/2023\/05\/26\/czy-milujesz-mnie-wiecej\/\" \/>\n<meta property=\"og:site_name\" content=\"Gaudium Et Spes\" \/>\n<meta property=\"article:published_time\" content=\"2023-05-26T07:03:51+00:00\" \/>\n<meta name=\"author\" content=\"Ks. Jacek\" \/>\n<meta name=\"twitter:card\" content=\"summary_large_image\" \/>\n<meta name=\"twitter:label1\" content=\"Napisane przez\" \/>\n\t<meta name=\"twitter:data1\" content=\"Ks. Jacek\" \/>\n\t<meta name=\"twitter:label2\" content=\"Szacowany czas czytania\" \/>\n\t<meta name=\"twitter:data2\" content=\"6 minut\" \/>\n<script type=\"application\/ld+json\" class=\"yoast-schema-graph\">{\"@context\":\"https:\/\/schema.org\",\"@graph\":[{\"@type\":\"WebPage\",\"@id\":\"https:\/\/gaudiumetspes-blog.pl\/index.php\/2023\/05\/26\/czy-milujesz-mnie-wiecej\/\",\"url\":\"https:\/\/gaudiumetspes-blog.pl\/index.php\/2023\/05\/26\/czy-milujesz-mnie-wiecej\/\",\"name\":\"Czy mi\u0142ujesz Mnie wi\u0119cej?... - Gaudium Et Spes\",\"isPartOf\":{\"@id\":\"https:\/\/gaudiumetspes-blog.pl\/#website\"},\"datePublished\":\"2023-05-26T07:03:51+00:00\",\"author\":{\"@id\":\"https:\/\/gaudiumetspes-blog.pl\/#\/schema\/person\/1661982992b752dea8dff0d4ed845a65\"},\"breadcrumb\":{\"@id\":\"https:\/\/gaudiumetspes-blog.pl\/index.php\/2023\/05\/26\/czy-milujesz-mnie-wiecej\/#breadcrumb\"},\"inLanguage\":\"pl-PL\",\"potentialAction\":[{\"@type\":\"ReadAction\",\"target\":[\"https:\/\/gaudiumetspes-blog.pl\/index.php\/2023\/05\/26\/czy-milujesz-mnie-wiecej\/\"]}]},{\"@type\":\"BreadcrumbList\",\"@id\":\"https:\/\/gaudiumetspes-blog.pl\/index.php\/2023\/05\/26\/czy-milujesz-mnie-wiecej\/#breadcrumb\",\"itemListElement\":[{\"@type\":\"ListItem\",\"position\":1,\"name\":\"Strona g\u0142\u00f3wna\",\"item\":\"https:\/\/gaudiumetspes-blog.pl\/\"},{\"@type\":\"ListItem\",\"position\":2,\"name\":\"Czy&nbsp;mi\u0142ujesz Mnie wi\u0119cej?&#8230;\"}]},{\"@type\":\"WebSite\",\"@id\":\"https:\/\/gaudiumetspes-blog.pl\/#website\",\"url\":\"https:\/\/gaudiumetspes-blog.pl\/\",\"name\":\"Gaudium Et Spes\",\"description\":\"Blog Ks. Jacka Ja\u015bkowskiego\",\"potentialAction\":[{\"@type\":\"SearchAction\",\"target\":{\"@type\":\"EntryPoint\",\"urlTemplate\":\"https:\/\/gaudiumetspes-blog.pl\/?s={search_term_string}\"},\"query-input\":{\"@type\":\"PropertyValueSpecification\",\"valueRequired\":true,\"valueName\":\"search_term_string\"}}],\"inLanguage\":\"pl-PL\"},{\"@type\":\"Person\",\"@id\":\"https:\/\/gaudiumetspes-blog.pl\/#\/schema\/person\/1661982992b752dea8dff0d4ed845a65\",\"name\":\"Ks. Jacek\",\"image\":{\"@type\":\"ImageObject\",\"inLanguage\":\"pl-PL\",\"@id\":\"https:\/\/gaudiumetspes-blog.pl\/#\/schema\/person\/image\/\",\"url\":\"https:\/\/gaudiumetspes-blog.pl\/wp-content\/uploads\/2019\/07\/avatar-JJ-150x150.jpg\",\"contentUrl\":\"https:\/\/gaudiumetspes-blog.pl\/wp-content\/uploads\/2019\/07\/avatar-JJ-150x150.jpg\",\"caption\":\"Ks. Jacek\"},\"description\":\"Witam serdecznie! K\u0142ania si\u0119 Ks. Jacek Ja\u015bkowski. Nie jestem ani kim\u015b wa\u017cnym, ani kim\u015b znanym. Jestem ksi\u0119dzem, kt\u00f3ry po prostu chce rozmawia\u0107. Codzienna kap\u0142a\u0144ska pos\u0142uga pokazuje mi, \u017ce temat\u00f3w do rozm\u00f3w z ksi\u0119dzem jest coraz wi\u0119cej i dzisiaj \u017caden ksi\u0105dz nie mo\u017ce od nich ucieka\u0107, ale - wprost przeciwnie - podejmowa\u0107 nowe wyzwania. To przekonanie sk\u0142oni\u0142o mnie do pr\u00f3by otwarcia tego\u017c bloga, chocia\u017c okazji do rozm\u00f3w na co dzie\u0144 - w konfesjonale i poza nim - na szcz\u0119\u015bcie nie brakuje. My\u015bl\u0119 jednak, \u017ce ten blog b\u0119dzie jeszcze jednym sposobem i przestrzeni\u0105 nawi\u0105zania kontaktu z lud\u017ami dobrej woli, otwartymi na dialog.\",\"url\":\"https:\/\/gaudiumetspes-blog.pl\/index.php\/author\/ks-jacek\/\"}]}<\/script>\n<!-- \/ Yoast SEO plugin. -->","yoast_head_json":{"title":"Czy mi\u0142ujesz Mnie wi\u0119cej?... - Gaudium Et Spes","robots":{"index":"index","follow":"follow","max-snippet":"max-snippet:-1","max-image-preview":"max-image-preview:large","max-video-preview":"max-video-preview:-1"},"canonical":"https:\/\/gaudiumetspes-blog.pl\/index.php\/2023\/05\/26\/czy-milujesz-mnie-wiecej\/","og_locale":"pl_PL","og_type":"article","og_title":"Czy mi\u0142ujesz Mnie wi\u0119cej?... - Gaudium Et Spes","og_description":"Szcz\u0119\u015b\u0107 Bo\u017ce! Moi Drodzy, w dniu dzisiejszym obchodzimy Dzie\u0144 Matki. Z tej okazji ogarniam modlitw\u0105 moj\u0105 Mam\u0119, Danut\u0119 Ja\u015bkowsk\u0105. Dzi\u0119kuj\u0105c za codzienn\u0105 trosk\u0119 i mi\u0142o\u015b\u0107, jak\u0105 otacza nasz\u0105 Rodzin\u0119, oraz za sta\u0142y kontakt z ka\u017cdym z nas \u2013 bez wzgl\u0119du na to, gdzie kto przebywa: w Polsce, czy daleko poza ni\u0105 \u2013 ca\u0142ym Rodze\u0144stwem \u017cyczymy [&hellip;]","og_url":"https:\/\/gaudiumetspes-blog.pl\/index.php\/2023\/05\/26\/czy-milujesz-mnie-wiecej\/","og_site_name":"Gaudium Et Spes","article_published_time":"2023-05-26T07:03:51+00:00","author":"Ks. Jacek","twitter_card":"summary_large_image","twitter_misc":{"Napisane przez":"Ks. Jacek","Szacowany czas czytania":"6 minut"},"schema":{"@context":"https:\/\/schema.org","@graph":[{"@type":"WebPage","@id":"https:\/\/gaudiumetspes-blog.pl\/index.php\/2023\/05\/26\/czy-milujesz-mnie-wiecej\/","url":"https:\/\/gaudiumetspes-blog.pl\/index.php\/2023\/05\/26\/czy-milujesz-mnie-wiecej\/","name":"Czy mi\u0142ujesz Mnie wi\u0119cej?... - Gaudium Et Spes","isPartOf":{"@id":"https:\/\/gaudiumetspes-blog.pl\/#website"},"datePublished":"2023-05-26T07:03:51+00:00","author":{"@id":"https:\/\/gaudiumetspes-blog.pl\/#\/schema\/person\/1661982992b752dea8dff0d4ed845a65"},"breadcrumb":{"@id":"https:\/\/gaudiumetspes-blog.pl\/index.php\/2023\/05\/26\/czy-milujesz-mnie-wiecej\/#breadcrumb"},"inLanguage":"pl-PL","potentialAction":[{"@type":"ReadAction","target":["https:\/\/gaudiumetspes-blog.pl\/index.php\/2023\/05\/26\/czy-milujesz-mnie-wiecej\/"]}]},{"@type":"BreadcrumbList","@id":"https:\/\/gaudiumetspes-blog.pl\/index.php\/2023\/05\/26\/czy-milujesz-mnie-wiecej\/#breadcrumb","itemListElement":[{"@type":"ListItem","position":1,"name":"Strona g\u0142\u00f3wna","item":"https:\/\/gaudiumetspes-blog.pl\/"},{"@type":"ListItem","position":2,"name":"Czy&nbsp;mi\u0142ujesz Mnie wi\u0119cej?&#8230;"}]},{"@type":"WebSite","@id":"https:\/\/gaudiumetspes-blog.pl\/#website","url":"https:\/\/gaudiumetspes-blog.pl\/","name":"Gaudium Et Spes","description":"Blog Ks. Jacka Ja\u015bkowskiego","potentialAction":[{"@type":"SearchAction","target":{"@type":"EntryPoint","urlTemplate":"https:\/\/gaudiumetspes-blog.pl\/?s={search_term_string}"},"query-input":{"@type":"PropertyValueSpecification","valueRequired":true,"valueName":"search_term_string"}}],"inLanguage":"pl-PL"},{"@type":"Person","@id":"https:\/\/gaudiumetspes-blog.pl\/#\/schema\/person\/1661982992b752dea8dff0d4ed845a65","name":"Ks. Jacek","image":{"@type":"ImageObject","inLanguage":"pl-PL","@id":"https:\/\/gaudiumetspes-blog.pl\/#\/schema\/person\/image\/","url":"https:\/\/gaudiumetspes-blog.pl\/wp-content\/uploads\/2019\/07\/avatar-JJ-150x150.jpg","contentUrl":"https:\/\/gaudiumetspes-blog.pl\/wp-content\/uploads\/2019\/07\/avatar-JJ-150x150.jpg","caption":"Ks. Jacek"},"description":"Witam serdecznie! K\u0142ania si\u0119 Ks. Jacek Ja\u015bkowski. Nie jestem ani kim\u015b wa\u017cnym, ani kim\u015b znanym. Jestem ksi\u0119dzem, kt\u00f3ry po prostu chce rozmawia\u0107. Codzienna kap\u0142a\u0144ska pos\u0142uga pokazuje mi, \u017ce temat\u00f3w do rozm\u00f3w z ksi\u0119dzem jest coraz wi\u0119cej i dzisiaj \u017caden ksi\u0105dz nie mo\u017ce od nich ucieka\u0107, ale - wprost przeciwnie - podejmowa\u0107 nowe wyzwania. To przekonanie sk\u0142oni\u0142o mnie do pr\u00f3by otwarcia tego\u017c bloga, chocia\u017c okazji do rozm\u00f3w na co dzie\u0144 - w konfesjonale i poza nim - na szcz\u0119\u015bcie nie brakuje. My\u015bl\u0119 jednak, \u017ce ten blog b\u0119dzie jeszcze jednym sposobem i przestrzeni\u0105 nawi\u0105zania kontaktu z lud\u017ami dobrej woli, otwartymi na dialog.","url":"https:\/\/gaudiumetspes-blog.pl\/index.php\/author\/ks-jacek\/"}]}},"jetpack_featured_media_url":"","jetpack_sharing_enabled":true,"_links":{"self":[{"href":"https:\/\/gaudiumetspes-blog.pl\/index.php\/wp-json\/wp\/v2\/posts\/21582","targetHints":{"allow":["GET"]}}],"collection":[{"href":"https:\/\/gaudiumetspes-blog.pl\/index.php\/wp-json\/wp\/v2\/posts"}],"about":[{"href":"https:\/\/gaudiumetspes-blog.pl\/index.php\/wp-json\/wp\/v2\/types\/post"}],"author":[{"embeddable":true,"href":"https:\/\/gaudiumetspes-blog.pl\/index.php\/wp-json\/wp\/v2\/users\/1"}],"replies":[{"embeddable":true,"href":"https:\/\/gaudiumetspes-blog.pl\/index.php\/wp-json\/wp\/v2\/comments?post=21582"}],"version-history":[{"count":1,"href":"https:\/\/gaudiumetspes-blog.pl\/index.php\/wp-json\/wp\/v2\/posts\/21582\/revisions"}],"predecessor-version":[{"id":21583,"href":"https:\/\/gaudiumetspes-blog.pl\/index.php\/wp-json\/wp\/v2\/posts\/21582\/revisions\/21583"}],"wp:attachment":[{"href":"https:\/\/gaudiumetspes-blog.pl\/index.php\/wp-json\/wp\/v2\/media?parent=21582"}],"wp:term":[{"taxonomy":"category","embeddable":true,"href":"https:\/\/gaudiumetspes-blog.pl\/index.php\/wp-json\/wp\/v2\/categories?post=21582"},{"taxonomy":"post_tag","embeddable":true,"href":"https:\/\/gaudiumetspes-blog.pl\/index.php\/wp-json\/wp\/v2\/tags?post=21582"}],"curies":[{"name":"wp","href":"https:\/\/api.w.org\/{rel}","templated":true}]}}