{"id":21590,"date":"2023-05-30T08:52:39","date_gmt":"2023-05-30T06:52:39","guid":{"rendered":"https:\/\/gaudiumetspes-blog.pl\/?p=21590"},"modified":"2023-05-30T08:52:39","modified_gmt":"2023-05-30T06:52:39","slug":"chwal-pana-hojnym-darem","status":"publish","type":"post","link":"https:\/\/gaudiumetspes-blog.pl\/index.php\/2023\/05\/30\/chwal-pana-hojnym-darem\/","title":{"rendered":"Chwal Pana hojnym darem!"},"content":{"rendered":"<p align=\"justify\"><span style=\"color: #000000;\"><span style=\"font-family: Book Antiqua, serif;\"><span style=\"font-size: large;\">Szcz\u0119\u015b\u0107 Bo\u017ce! Moi Drodzy, w dniu dzisiejszym <b>imieniny prze\u017cywa <\/b><b>Siostra Joanna Andruszczyszyna, wsp\u00f3\u0142pracuj\u0105c<\/b><b>a z Ksi\u0119dzem Markiem w Parafii Surgut, na Syberii.<\/b><\/span><\/span><\/span><\/p>\n<p align=\"justify\"><span style=\"color: #000000;\"><span style=\"font-family: Book Antiqua, serif;\"><span style=\"font-size: large;\"><b>Rocznic\u0119 \u015bwi\u0119ce\u0144 kap\u0142a\u0144skich natomiast prze\u017cywaj\u0105:<\/b><\/span><\/span><\/span><\/p>\n<p align=\"justify\"><span style=\"color: #000000;\">\u25ba<span style=\"font-family: Book Antiqua, serif;\"><span style=\"font-size: large;\"><b>Ojciec Mateusz Fleiszerowicz \u2013 Franciszkanin, Kolega ze studi\u00f3w na KUL, Prze\u0142o\u017cony Wsp\u00f3lnoty zakonnej i Proboszcz Parafii \u015awi\u0119tej El\u017cbiety W\u0119gierskiej w Nysie,<\/b><\/span><\/span><\/span><\/p>\n<p align=\"justify\"><span style=\"color: #000000;\">\u25ba<span style=\"font-family: Book Antiqua, serif;\"><span style=\"font-size: large;\"><b>Ksi\u0105dz \u0141ukasz Tarasiuk, pochodz\u0105cy z mojej rodzinnej Parafii, a pos\u0142uguj\u0105cy w Diecezji warszawsko \u2013 praskiej,<\/b><\/span><\/span><\/span><\/p>\n<p align=\"justify\"><span style=\"color: #000000;\">\u25ba<span style=\"font-family: Book Antiqua, serif;\"><span style=\"font-size: large;\"><b>Ojciec Krzysztof Wrzos \u2013 Oblat, w swoim czasie pos\u0142uguj\u0105cy w Kodniu,<\/b><\/span><\/span><\/span><\/p>\n<p align=\"justify\"><span style=\"color: #000000;\">\u25ba<span style=\"font-family: Book Antiqua, serif;\"><span style=\"font-size: large;\"><b>Ojciec B\u0142a\u017cej Mielcarek \u2013 Oblat, w swoim czasie pos\u0142uguj\u0105cy w Siedlcach.<\/b><\/span><\/span><\/span><\/p>\n<p align=\"justify\"><span style=\"color: #000000;\"><span style=\"font-family: Book Antiqua, serif;\"><span style=\"font-size: large;\"><b>Wszystkim \u015bwi\u0119tuj\u0105cym \u017cycz\u0119 <\/b><b>trwania \u2013 w powo\u0142aniu i wierno\u015bci Jezusowi we wszystkim! Zapewniam o modlitwie!<\/b><\/span><\/span><\/span><\/p>\n<p align=\"justify\"><span style=\"color: #000000;\"><span style=\"font-family: Book Antiqua, serif;\"><span style=\"font-size: large;\">A teraz ju\u017c zapraszam do pochylenia si\u0119 nad Bo\u017cym s\u0142owem dzisiejszej liturgii. Spr\u00f3bujmy odnale\u017a\u0107 to <b>jedno, konkretne przes\u0142anie, z jakim Pan osobi\u015bcie do mnie si\u0119 zwraca.<\/b> Niech Duch \u015awi\u0119ty natchnie nas i poprowadzi!<\/span><\/span><\/span><\/p>\n<p align=\"justify\"><span style=\"color: #000000;\"><span style=\"font-family: Book Antiqua, serif;\"><span style=\"font-size: large;\"><b>Niech Was b\u0142ogos\u0142awi B\u00f3g Wszechmog\u0105cy: Ojciec + i Syn, i Duch \u015awi\u0119ty. Amen<\/b><\/span><\/span><\/span><\/p>\n<p align=\"center\"><span style=\"color: #000000;\"><span style=\"font-family: Book Antiqua, serif;\"><span style=\"font-size: large;\">Gaudium et spes! Ks. Jacek<\/span><\/span><\/span><\/p>\n<p align=\"center\">\n<p align=\"center\">\n<p align=\"center\">\n<p align=\"center\">\n<p align=\"center\">\n<p align=\"justify\"><span style=\"color: #000000;\"><span style=\"font-family: Book Antiqua, serif;\"><span style=\"font-size: large;\"><b>Wtorek 8 Tygodnia zwyk\u0142ego, rok I,<\/b><\/span><\/span><\/span><\/p>\n<p align=\"justify\"><span style=\"color: #000000;\"><span style=\"font-family: Book Antiqua, serif;\"><span style=\"font-size: large;\"><b>30 maja 2023.,\u00a0<\/b><\/span><\/span><\/span><\/p>\n<p align=\"justify\"><span style=\"color: #000000;\"><span style=\"font-family: Book Antiqua, serif;\"><span style=\"font-size: large;\"><b>do czyta\u0144: Syr 35,1\u201312; Mk 10,28\u201331<\/b><\/span><\/span><\/span><\/p>\n<p align=\"justify\">\n<p align=\"justify\">\n<p align=\"justify\">\n<p align=\"justify\">\n<p align=\"justify\">\n<p align=\"justify\"><span style=\"color: #000000;\"><span style=\"font-family: Book Antiqua, serif;\"><span style=\"font-size: large;\"><b>CZYTANIE Z KSI\u0118GI SYRACYDESA: <\/b><\/span><\/span><\/span><\/p>\n<p align=\"justify\"><span style=\"color: #000000;\"><span style=\"font-family: Book Antiqua, serif;\"><span style=\"font-size: large;\"><b>Kto zachowuje Prawo, mno\u017cy ofiary, a kto zwa\u017ca na przykazania, sk\u0142ada ofiary dzi\u0119kczynne. <\/b><\/span><\/span><\/span><\/p>\n<p align=\"justify\"><span style=\"color: #000000;\"><span style=\"font-family: Book Antiqua, serif;\"><span style=\"font-size: large;\"><b>Kto \u015bwiadczy dobrodziejstwa, przynosi ofiary z najczystszej m\u0105ki, a kto daje ja\u0142mu\u017cn\u0119, sk\u0142ada ofiar\u0119 uwielbienia. Oddalenie si\u0119 od z\u0142a jest upodobaniem Pana, a unikanie niesprawiedliwo\u015bci jest Jego przeb\u0142aganiem. <\/b><\/span><\/span><\/span><\/p>\n<p align=\"justify\"><span style=\"color: #000000;\"><span style=\"font-family: Book Antiqua, serif;\"><span style=\"font-size: large;\"><b>Nie ukazuj si\u0119 przed Panem z pr\u00f3\u017cnymi r\u0119kami, wszystko to bowiem dzieje si\u0119 wed\u0142ug przykazania. Dar ofiarny sprawiedliwego namaszcza o\u0142tarz t\u0142usto\u015bci\u0105, a przyjemny jej zapach unosi si\u0119 przed Najwy\u017cszego. Ofiara m\u0119\u017ca sprawiedliwego jest przyjemna, a pami\u0119\u0107 o niej nie p\u00f3jdzie w zapomnienie. <\/b><\/span><\/span><\/span><\/p>\n<p align=\"justify\"><span style=\"color: #000000;\"><span style=\"font-family: Book Antiqua, serif;\"><span style=\"font-size: large;\"><b>Chwal Pana hojnym darem i nie zmniejszaj ofiary z pierwocin r\u0105k twoich. Przy ka\u017cdym darze twarz twoj\u0105 rozpog\u00f3d\u017a i z weselem po\u015bwi\u0119\u0107 dziesi\u0119cin\u0119. <\/b><\/span><\/span><\/span><\/p>\n<p align=\"justify\"><span style=\"color: #000000;\"><span style=\"font-family: Book Antiqua, serif;\"><span style=\"font-size: large;\"><b>Dawaj Najwy\u017cszemu tak, jak On ci daje, hojny dar wed\u0142ug swej mo\u017cno\u015bci, poniewa\u017c Pan jest tym, kt\u00f3ry odp\u0142aca, i siedemkro\u0107 razy wi\u0119cej odda tobie. <\/b><\/span><\/span><\/span><\/p>\n<p align=\"justify\"><span style=\"color: #000000;\"><span style=\"font-family: Book Antiqua, serif;\"><span style=\"font-size: large;\"><b>Nie staraj si\u0119 przekupi\u0107 Go darem, bo nie b\u0119dzie przyj\u0119ty, ani nie pok\u0142adaj nadziei w ofierze niesprawiedliwej, poniewa\u017c Pan jest S\u0119dzi\u0105, kt\u00f3ry nie ma wzgl\u0119du na osoby.<\/b><\/span><\/span><\/span><\/p>\n<p align=\"justify\">\n<p align=\"justify\">\n<p align=\"justify\">\n<p align=\"justify\">\n<p align=\"justify\">\n<p align=\"justify\"><span style=\"color: #000000;\"><span style=\"font-family: Book Antiqua, serif;\"><span style=\"font-size: large;\"><b>S\u0141OWA EWANGELII WED\u0141UG \u015aWI\u0118TEGO MARKA: <\/b><\/span><\/span><\/span><\/p>\n<p align=\"justify\"><span style=\"color: #000000;\"><span style=\"font-family: Book Antiqua, serif;\"><span style=\"font-size: large;\"><b>Piotr powiedzia\u0142 do Jezusa: \u201eOto my opu\u015bcili\u015bmy wszystko i poszli\u015bmy za Tob\u0105\u201d. <\/b><\/span><\/span><\/span><\/p>\n<p align=\"justify\"><span style=\"color: #000000;\"><span style=\"font-family: Book Antiqua, serif;\"><span style=\"font-size: large;\"><b>Jezus odpowiedzia\u0142: \u201eZaprawd\u0119 powiadam wam: Nikt nie opuszcza domu, braci, si\u00f3str, matki, ojca, dzieci i p\u00f3l z powodu Mnie i z powodu Ewangelii, \u017ceby nie otrzyma\u0142 stokro\u0107 wi\u0119cej teraz, w tym czasie, dom\u00f3w, braci, si\u00f3str, matek, dzieci i p\u00f3l w\u015br\u00f3d prze\u015bladowa\u0144, a \u017cycia wiecznego w czasie przysz\u0142ym. <\/b><\/span><\/span><\/span><\/p>\n<p align=\"justify\"><span style=\"color: #000000;\"><span style=\"font-family: Book Antiqua, serif;\"><span style=\"font-size: large;\"><b>Lecz wielu pierwszych b\u0119dzie ostatnimi, a ostatnich pierwszymi\u201d.<\/b><\/span><\/span><\/span><\/p>\n<p align=\"justify\">\n<p align=\"justify\">\n<p align=\"justify\">\n<p align=\"justify\">\n<p align=\"justify\">\n<p align=\"justify\"><span style=\"color: #000000;\"><span style=\"font-family: Book Antiqua, serif;\"><span style=\"font-size: large;\">Dzisiejsze Bo\u017ce s\u0142owo porusza temat bardzo wa\u017cny, gdy idzie o <b>kszta\u0142towanie relacji cz\u0142owieka z Bogiem<\/b> oraz o wyra\u017canie i praktykowanie przez cz\u0142owieka swojej pobo\u017cno\u015bci. Chodzi mianowicie <b>o sk\u0142adanie ofiar Bogu.<\/b> Wszak zapewne przypominamy sobie do\u015b\u0107 mocne s\u0142owa samego Boga, pojawiaj\u0105ce si\u0119 na kartach Pisma \u015awi\u0119tego, i\u017c <b>chce On raczej mi\u0142osierdzia, ni\u017c ofiary. <\/b><\/span><\/span><\/span><\/p>\n<p align=\"justify\"><span style=\"color: #000000;\"><span style=\"font-family: Book Antiqua, serif;\"><span style=\"font-size: large;\">A znowu \u2013 na kartach Starego Testamentu \u2013 znajdziemy i takie ostre s\u0142owa, wypowiadane przez Boga, za po\u015brednictwem Prorok\u00f3w, i\u017c ma On \u2013 to znaczy B\u00f3g \u2013 <b>serdecznie dosy\u0107 wszystkich ofiar,<\/b> sk\u0142adanych przez jego lud: <b>ma dosy\u0107 dymu spalanych zwierz\u0105t<\/b> i t\u0142uszczu baran\u00f3w. Padaj\u0105 nawet i takie dramatyczne stwierdzenia, i\u017c <b>ca\u0142ym sercem nienawidzi <\/b><b>On <\/b><b>wszelkich praktyk,<\/b> spe\u0142nianych przez ludzi. <\/span><\/span><\/span><\/p>\n<p align=\"justify\"><span style=\"color: #000000;\"><span style=\"font-family: Book Antiqua, serif;\"><span style=\"font-size: large;\">Tak\u017ce i Jezus \u2013 to ju\u017c w Nowym Testamencie \u2013 <b>ostro gromi\u0142 faryzeusz\u00f3w,<\/b> uczonych w Pi\u015bmie i ca\u0142\u0105 \u017cydowsk\u0105 elit\u0119 religijn\u0105 i tym samym spo\u0142eczn\u0105, \u017ce ofiary przez nich sk\u0142adane tak naprawd\u0119 s\u0105 <b>kamufla\u017cem bardzo marnego \u017cycia. <\/b>I \u017ce w ten spos\u00f3b staraj\u0105 si\u0119 oni <b>przes\u0142oni\u0107 nieprawo\u015b\u0107 swoich uczynk\u00f3w.<\/b> <\/span><\/span><\/span><\/p>\n<p align=\"justify\"><span style=\"color: #000000;\"><span style=\"font-family: Book Antiqua, serif;\"><span style=\"font-size: large;\">Dlatego dzisiejsze pouczenie M\u0119drca Syracydesa zdaje si\u0119 porz\u0105dkowa\u0107 ten problem i wskazywa\u0107 na jego istot\u0119. I to od pierwszego zdania, w kt\u00f3rym s\u0142yszymy: <i><b>Kto zachowuje Prawo, mno\u017cy ofiary, a kto zwa\u017ca na przykazania, sk\u0142ada ofiary dzi\u0119kczynne.<\/b><\/i><b> <\/b>Zauwa\u017cmy: <b>w jednym zdaniu<\/b> mamy mow\u0119 o zachowywaniu Prawa, mno\u017ceniu ofiar i zachowywaniu przykaza\u0144. Jakby <b>znak r\u00f3wno\u015bci<\/b> postawiony pomi\u0119dzy tymi elementami \u2013 <b>jedno r\u00f3wna si\u0119 drugiemu, <\/b>jedno zgadza si\u0119 z drugim, jedno wynika z drugiego,<b> jedno oznacza drugie: <\/b>sk\u0142adanie ofiar oznacza zachowywanie przykaza\u0144. <\/span><\/span><\/span><\/p>\n<p align=\"justify\"><span style=\"color: #000000;\"><span style=\"font-family: Book Antiqua, serif;\"><span style=\"font-size: large;\">Podobnie i drugi akapit czytanego przez nas tekstu: <i><b>Kto \u015bwiadczy dobrodziejstwa, przynosi ofiary z najczystszej m\u0105ki, a kto daje ja\u0142mu\u017cn\u0119, sk\u0142ada ofiar\u0119 uwielbienia. Oddalenie si\u0119 od z\u0142a jest upodobaniem Pana, a unikanie niesprawiedliwo\u015bci jest Jego przeb\u0142aganiem. <\/b><\/i>Znowu zatem widzimy postawienie w jednej linii sk\u0142adania ofiar <b>ze \u015bwiadczeniem dobra,<\/b> dawaniem ja\u0142mu\u017cny, ale tak\u017ce \u2013 i to jest ogromnie wa\u017cne \u2013 <b>z oddalenie<\/b><b>m<\/b><b> si\u0119 <\/b><b>od z\u0142a<\/b> i unikaniem niesprawiedliwo\u015bci. Czyli z nawr\u00f3ceniem. <\/span><\/span><\/span><\/p>\n<p align=\"justify\"><span style=\"color: #000000;\"><span style=\"font-family: Book Antiqua, serif;\"><span style=\"font-size: large;\">Nast\u0119pny za\u015b akapit wskazuje na jeszcze jeden aspekt. Jak s\u0142yszymy: <i><b>Nie ukazuj si\u0119 przed Panem z pr\u00f3\u017cnymi r\u0119kami, wszystko to bowiem dzieje si\u0119 wed\u0142ug przykazania. Dar ofiarny sprawiedliwego namaszcza o\u0142tarz t\u0142usto\u015bci\u0105, a przyjemny jej zapach unosi si\u0119 przed Najwy\u017cszego. Ofiara m\u0119\u017ca sprawiedliwego jest przyjemna, a pami\u0119\u0107 o niej nie p\u00f3jdzie w zapomnienie. <\/b><\/i><i><b>Chwal Pana hojnym darem i nie zmniejszaj ofiary z pierwocin r\u0105k twoich. Przy ka\u017cdym darze twarz twoj\u0105 rozpog\u00f3d\u017a i z weselem po\u015bwi\u0119\u0107 dziesi\u0119cin\u0119. <\/b><\/i><\/span><\/span><\/span><\/p>\n<p align=\"justify\"><span style=\"color: #000000;\"><span style=\"font-family: Book Antiqua, serif;\"><span style=\"font-size: large;\">A zatem, ma to by\u0107 dar hojny, <b>ze szczerego serca,<\/b> ale te\u017c: <b>z radosnego serca.<\/b> Wtedy zapach tej\u017ce sk\u0142adanej ofiary b\u0119dzie dla Boga przyjemny \u2013 w przeciwie\u0144stwie do tego, <b>sk\u0142adanego ze z\u0142ego serca, <\/b>o kt\u00f3rym tu ju\u017c wspomnieli\u015bmy, a kt\u00f3ry nape\u0142nia Boga wstr\u0119tem! <\/span><\/span><\/span><\/p>\n<p align=\"justify\"><span style=\"color: #000000;\"><span style=\"font-family: Book Antiqua, serif;\"><span style=\"font-size: large;\">Z kolei podkre\u015blenie <b>aspektu rado\u015bci, wyra\u017caj\u0105cej si\u0119 w pogodnym obliczu, <\/b>nasuwa nam na pewno skojarzenie z ostrymi s\u0142owami Jezusa, gromi\u0105cymi <b>zachowywanie na pokaz post\u00f3w, <\/b>co wi\u0105za\u0142o si\u0119 z utrzymywaniem ponurego, smutnego wyrazu twarzy, dla podkre\u015blenia, <b>jak to si\u0119 dany poszcz\u0105cy po\u015bwi\u0119ca<\/b> i jak wielk\u0105 ofiar\u0119 z siebie sk\u0142ada. Ju\u017c sam Jezus, kiedy o tym m\u00f3wi\u0142, <b>nakazywa\u0142 zerwanie z takimi praktykami,<\/b> a my i dzisiaj \u2013 w\u0142a\u015bnie w s\u0142owach Syracydesa \u2013 znajdujemy podobne pouczenie. <\/span><\/span><\/span><\/p>\n<p align=\"justify\"><span style=\"color: #000000;\"><span style=\"font-family: Book Antiqua, serif;\"><span style=\"font-size: large;\">I wreszcie, ostatni aspekt \u2013 w ostatnich s\u0142owach tego\u017c czytania: <i><b>Dawaj Najwy\u017cszemu tak, jak On ci daje, hojny dar wed\u0142ug swej mo\u017cno\u015bci, poniewa\u017c Pan jest tym, kt\u00f3ry odp\u0142aca, i siedemkro\u0107 razy wi\u0119cej odda tobie.<\/b><\/i><b> <\/b>Ale te\u017c \u2013 jak s\u0142yszymy dalej: <i><b>Nie staraj si\u0119 przekupi\u0107 Go darem, bo nie b\u0119dzie przyj\u0119ty, ani nie pok\u0142adaj nadziei w ofierze niesprawiedliwej, poniewa\u017c Pan jest S\u0119dzi\u0105, kt\u00f3ry nie ma wzgl\u0119du na osoby.<\/b><\/i> <\/span><\/span><\/span><\/p>\n<p align=\"justify\"><span style=\"color: #000000;\"><span style=\"font-family: Book Antiqua, serif;\"><span style=\"font-size: large;\">Szczeg\u00f3lnie te s\u0142owa<b> o siedmiokrotnym odp\u0142aceniu si\u0119 <\/b>przez Boga za z\u0142o\u017cony Mu hojny dar wydaj\u0105 si\u0119 by\u0107 odpowiedzi\u0105 na zmartwienie Piotra, wyra\u017cone w dzisiejszej Ewangelii w s\u0142owach: <i><b>Oto my opu\u015bcili\u015bmy wszystko i poszli\u015bmy za Tob\u0105.<\/b><\/i><b> <\/b>W dzisiejszej Ewangelii s\u0142yszymy tylko tyle, u innego Ewangelisty natomiast ta my\u015bl jest wyra\u017cona w ca\u0142ej pe\u0142ni, bo zako\u0144czona jest pytaniem, <b>co za to otrzymaj\u0105? <\/b><\/span><\/span><\/span><\/p>\n<p align=\"justify\"><span style=\"color: #000000;\"><span style=\"font-family: Book Antiqua, serif;\"><span style=\"font-size: large;\">Dzisiaj tego pytania wprost nie s\u0142yszymy, ale dok\u0142adnie wyczuwamy intencj\u0119 Piotra. Jezus na pewno dobrze j\u0105 wyczu\u0142, dlatego odpowiedzia\u0142: <i><b>Nikt nie opuszcza domu, braci, si\u00f3str, matki, ojca, dzieci i p\u00f3l z powodu Mnie i z powodu Ewangelii, \u017ceby nie otrzyma\u0142 stokro\u0107 wi\u0119cej teraz, w tym czasie, dom\u00f3w, braci, si\u00f3str, matek, dzieci i p\u00f3l w\u015br\u00f3d prze\u015bladowa\u0144, a \u017cycia wiecznego w czasie przysz\u0142ym.<\/b><\/i><b> <\/b>Mo\u017cna powiedzie\u0107, \u017ce obietnica Jezusa jest <b>znacznie hojniejsza<\/b> od tej, kt\u00f3r\u0105 wyrazi\u0142 Syracydes, bo Jezus obieca\u0142 odp\u0142at\u0119 stokrotn\u0105, a M\u0119drzec starotestamentalny \u2013 <b>\u201etylko\u201d siedmiokrotn\u0105\u2026<\/b> Ale tak naprawd\u0119 mamy \u015bwiadomo\u015b\u0107, \u017ce <b>B\u00f3g odp\u0142aci bez miary<\/b> tym, kt\u00f3rzy Mu oddaj\u0105 swe serce. <\/span><\/span><\/span><\/p>\n<p align=\"justify\"><span style=\"color: #000000;\"><span style=\"font-family: Book Antiqua, serif;\"><span style=\"font-size: large;\">Tylko w\u0142a\u015bnie \u2013 w tym jest ca\u0142y problem. Dok\u0142adnie w tym, czy nasz dar <b>jest rzeczywi\u015bcie darem serca,<\/b> czy jedynie <b>wyrazem przyzwyczajenia, zachowaniem tradycji,<\/b> albo <b>przykrym obowi\u0105zkiem,<\/b> nakazanym przez przepisy Ko\u015bcio\u0142a i przypominanym w domu przez pobo\u017cne nasze babcie lub mamy. <\/span><\/span><\/span><\/p>\n<p align=\"justify\"><span style=\"color: #000000;\"><span style=\"font-family: Book Antiqua, serif;\"><span style=\"font-size: large;\">Warto w tym momencie przypomnie\u0107 sobie te wszystkie<b> ludzkie \u201ewypominki\u201d, <\/b>kierowane do Boga, \u017ce tak du\u017co wymaga, \u017ce te <b>Jego<\/b> <b>normy moralne s\u0105 takie surowe<\/b> i nie na dzisiejsze czasy\u2026 A znowu \u2013 czemu to <b>trzeba tak ci\u0105gle do tego ko\u015bcio\u0142a chodzi\u0107,<\/b> czemu to si\u0119 trzeba ci\u0105gle spowiada\u0107, a czemu to te posty w pi\u0105tki i jakie\u015b zakazy i ograniczenia na czas Adwentu i Wielkiego Postu?\u2026 A czemu to trzeba <b>na tyle spotka\u0144 przed Bierzmowaniem chodzi\u0107,<\/b> czy przed Pierwsz\u0105 Komuni\u0105? A czemu trzeba to, a czemu nie wolno tamtego; a czemu tak, a czemu owak?\u2026 <\/span><\/span><\/span><\/p>\n<p align=\"justify\"><span style=\"color: #000000;\"><span style=\"font-family: Book Antiqua, serif;\"><span style=\"font-size: large;\">I tak ci\u0105gle ci <b>biedni, um\u0119czeni ludzie narzekaj\u0105<\/b> przed tym swoim surowym Bogiem, dlatego kiedy ju\u017c wreszcie spe\u0142ni\u0105 te Jego oczekiwania, to jest to<b> tak <\/b><b>bardzo<\/b><b> odarte ze wspania\u0142omy\u015blno\u015bci i takie wymuszone,<\/b> \u017ce praktycznie ju\u017c nie ma \u017cadnej wi\u0119kszej warto\u015bci w oczach Bo\u017cych. <\/span><\/span><\/span><\/p>\n<p align=\"justify\"><span style=\"color: #000000;\"><span style=\"font-family: Book Antiqua, serif;\"><span style=\"font-size: large;\">Albo te <b>Spowiedzi, odbywane nawet co miesi\u0105c <\/b>\u2013 tak\u017ce przy okazji pierwszych pi\u0105tk\u00f3w miesi\u0105ca \u2013 ale zupe\u0142nie nie przygotowane, nie poprzedzone solidnym rachunkiem sumienia, a rozpoczynane stwierdzeniem: <b>\u201eJa to w\u0142a\u015bciwie \u017cadnych grzech\u00f3w nie mam,<\/b> ale id\u0119 do Spowiedzi, bo pierwszy pierwszy pi\u0105tek\u2026\u201d. <b>Mo\u017cna sobie darowa\u0107 tak\u0105 pobo\u017cno\u015b\u0107,<\/b> mo\u017cna sobie darowa\u0107 tak\u0105 Spowied\u017a, mo\u017cna darowa\u0107 takie nasze ofiary, Bogu sk\u0142adane. Bo one s\u0105 <b>raczej obraz\u0105 Boga, a nie uwielbieniem Jego chwa\u0142y!<\/b><\/span><\/span><\/span><\/p>\n<p align=\"justify\"><span style=\"color: #000000;\"><span style=\"font-family: Book Antiqua, serif;\"><span style=\"font-size: large;\">Dlatego trzeba, aby\u015bmy wszyscy \u2013 pocz\u0105wszy ode mnie! \u2013 <b>przemy\u015bleli nasze ofiarowani<\/b><b>a<\/b><b> Bogu <\/b>kiedykolwiek czegokolwiek i odpowiedzieli sobie na pytanie, czy za sk\u0142adaniem poszczeg\u00f3lnych dar\u00f3w, ofiar i post\u00f3w, <b>nad\u0105\u017ca nasze serce? <\/b>A mo\u017ce inaczej: czy nasze serce<b> poprzedza owe ofiary, <\/b>czyli czy one p\u0142yn\u0105 z naszego szczerego serca, czy s\u0105 darem serca? I czy s\u0105 sk\u0142adane <b>ch\u0119tnie, hojnie \u2013 i z rado\u015bci\u0105?<\/b><\/span><\/span><\/span><\/p>\n","protected":false},"excerpt":{"rendered":"<p>Szcz\u0119\u015b\u0107 Bo\u017ce! Moi Drodzy, w dniu dzisiejszym imieniny prze\u017cywa Siostra Joanna Andruszczyszyna, wsp\u00f3\u0142pracuj\u0105ca z Ksi\u0119dzem Markiem w Parafii Surgut, na Syberii. Rocznic\u0119 \u015bwi\u0119ce\u0144 kap\u0142a\u0144skich natomiast prze\u017cywaj\u0105: \u25baOjciec Mateusz Fleiszerowicz \u2013 Franciszkanin, Kolega ze studi\u00f3w na KUL, Prze\u0142o\u017cony Wsp\u00f3lnoty zakonnej i Proboszcz Parafii \u015awi\u0119tej El\u017cbiety W\u0119gierskiej w Nysie, \u25baKsi\u0105dz \u0141ukasz Tarasiuk, pochodz\u0105cy z mojej rodzinnej Parafii, [&hellip;]<\/p>\n","protected":false},"author":1,"featured_media":0,"comment_status":"open","ping_status":"open","sticky":false,"template":"","format":"standard","meta":{"jetpack_post_was_ever_published":false,"_jetpack_newsletter_access":"","_jetpack_dont_email_post_to_subs":false,"_jetpack_newsletter_tier_id":0,"_jetpack_memberships_contains_paywalled_content":false,"_jetpack_memberships_contains_paid_content":false,"footnotes":""},"categories":[1],"tags":[],"class_list":["post-21590","post","type-post","status-publish","format-standard","hentry","category-bez-kategorii"],"yoast_head":"<!-- This site is optimized with the Yoast SEO plugin v25.1 - https:\/\/yoast.com\/wordpress\/plugins\/seo\/ -->\n<title>Chwal Pana hojnym darem! - Gaudium Et Spes<\/title>\n<meta name=\"robots\" content=\"index, follow, max-snippet:-1, max-image-preview:large, max-video-preview:-1\" \/>\n<link rel=\"canonical\" href=\"https:\/\/gaudiumetspes-blog.pl\/index.php\/2023\/05\/30\/chwal-pana-hojnym-darem\/\" \/>\n<meta property=\"og:locale\" content=\"pl_PL\" \/>\n<meta property=\"og:type\" content=\"article\" \/>\n<meta property=\"og:title\" content=\"Chwal Pana hojnym darem! - Gaudium Et Spes\" \/>\n<meta property=\"og:description\" content=\"Szcz\u0119\u015b\u0107 Bo\u017ce! Moi Drodzy, w dniu dzisiejszym imieniny prze\u017cywa Siostra Joanna Andruszczyszyna, wsp\u00f3\u0142pracuj\u0105ca z Ksi\u0119dzem Markiem w Parafii Surgut, na Syberii. Rocznic\u0119 \u015bwi\u0119ce\u0144 kap\u0142a\u0144skich natomiast prze\u017cywaj\u0105: \u25baOjciec Mateusz Fleiszerowicz \u2013 Franciszkanin, Kolega ze studi\u00f3w na KUL, Prze\u0142o\u017cony Wsp\u00f3lnoty zakonnej i Proboszcz Parafii \u015awi\u0119tej El\u017cbiety W\u0119gierskiej w Nysie, \u25baKsi\u0105dz \u0141ukasz Tarasiuk, pochodz\u0105cy z mojej rodzinnej Parafii, [&hellip;]\" \/>\n<meta property=\"og:url\" content=\"https:\/\/gaudiumetspes-blog.pl\/index.php\/2023\/05\/30\/chwal-pana-hojnym-darem\/\" \/>\n<meta property=\"og:site_name\" content=\"Gaudium Et Spes\" \/>\n<meta property=\"article:published_time\" content=\"2023-05-30T06:52:39+00:00\" \/>\n<meta name=\"author\" content=\"Ks. Jacek\" \/>\n<meta name=\"twitter:card\" content=\"summary_large_image\" \/>\n<meta name=\"twitter:label1\" content=\"Napisane przez\" \/>\n\t<meta name=\"twitter:data1\" content=\"Ks. Jacek\" \/>\n\t<meta name=\"twitter:label2\" content=\"Szacowany czas czytania\" \/>\n\t<meta name=\"twitter:data2\" content=\"9 minut\" \/>\n<script type=\"application\/ld+json\" class=\"yoast-schema-graph\">{\"@context\":\"https:\/\/schema.org\",\"@graph\":[{\"@type\":\"WebPage\",\"@id\":\"https:\/\/gaudiumetspes-blog.pl\/index.php\/2023\/05\/30\/chwal-pana-hojnym-darem\/\",\"url\":\"https:\/\/gaudiumetspes-blog.pl\/index.php\/2023\/05\/30\/chwal-pana-hojnym-darem\/\",\"name\":\"Chwal Pana hojnym darem! - Gaudium Et Spes\",\"isPartOf\":{\"@id\":\"https:\/\/gaudiumetspes-blog.pl\/#website\"},\"datePublished\":\"2023-05-30T06:52:39+00:00\",\"author\":{\"@id\":\"https:\/\/gaudiumetspes-blog.pl\/#\/schema\/person\/1661982992b752dea8dff0d4ed845a65\"},\"breadcrumb\":{\"@id\":\"https:\/\/gaudiumetspes-blog.pl\/index.php\/2023\/05\/30\/chwal-pana-hojnym-darem\/#breadcrumb\"},\"inLanguage\":\"pl-PL\",\"potentialAction\":[{\"@type\":\"ReadAction\",\"target\":[\"https:\/\/gaudiumetspes-blog.pl\/index.php\/2023\/05\/30\/chwal-pana-hojnym-darem\/\"]}]},{\"@type\":\"BreadcrumbList\",\"@id\":\"https:\/\/gaudiumetspes-blog.pl\/index.php\/2023\/05\/30\/chwal-pana-hojnym-darem\/#breadcrumb\",\"itemListElement\":[{\"@type\":\"ListItem\",\"position\":1,\"name\":\"Strona g\u0142\u00f3wna\",\"item\":\"https:\/\/gaudiumetspes-blog.pl\/\"},{\"@type\":\"ListItem\",\"position\":2,\"name\":\"Chwal Pana hojnym darem!\"}]},{\"@type\":\"WebSite\",\"@id\":\"https:\/\/gaudiumetspes-blog.pl\/#website\",\"url\":\"https:\/\/gaudiumetspes-blog.pl\/\",\"name\":\"Gaudium Et Spes\",\"description\":\"Blog Ks. Jacka Ja\u015bkowskiego\",\"potentialAction\":[{\"@type\":\"SearchAction\",\"target\":{\"@type\":\"EntryPoint\",\"urlTemplate\":\"https:\/\/gaudiumetspes-blog.pl\/?s={search_term_string}\"},\"query-input\":{\"@type\":\"PropertyValueSpecification\",\"valueRequired\":true,\"valueName\":\"search_term_string\"}}],\"inLanguage\":\"pl-PL\"},{\"@type\":\"Person\",\"@id\":\"https:\/\/gaudiumetspes-blog.pl\/#\/schema\/person\/1661982992b752dea8dff0d4ed845a65\",\"name\":\"Ks. Jacek\",\"image\":{\"@type\":\"ImageObject\",\"inLanguage\":\"pl-PL\",\"@id\":\"https:\/\/gaudiumetspes-blog.pl\/#\/schema\/person\/image\/\",\"url\":\"https:\/\/gaudiumetspes-blog.pl\/wp-content\/uploads\/2019\/07\/avatar-JJ-150x150.jpg\",\"contentUrl\":\"https:\/\/gaudiumetspes-blog.pl\/wp-content\/uploads\/2019\/07\/avatar-JJ-150x150.jpg\",\"caption\":\"Ks. Jacek\"},\"description\":\"Witam serdecznie! K\u0142ania si\u0119 Ks. Jacek Ja\u015bkowski. Nie jestem ani kim\u015b wa\u017cnym, ani kim\u015b znanym. Jestem ksi\u0119dzem, kt\u00f3ry po prostu chce rozmawia\u0107. Codzienna kap\u0142a\u0144ska pos\u0142uga pokazuje mi, \u017ce temat\u00f3w do rozm\u00f3w z ksi\u0119dzem jest coraz wi\u0119cej i dzisiaj \u017caden ksi\u0105dz nie mo\u017ce od nich ucieka\u0107, ale - wprost przeciwnie - podejmowa\u0107 nowe wyzwania. To przekonanie sk\u0142oni\u0142o mnie do pr\u00f3by otwarcia tego\u017c bloga, chocia\u017c okazji do rozm\u00f3w na co dzie\u0144 - w konfesjonale i poza nim - na szcz\u0119\u015bcie nie brakuje. My\u015bl\u0119 jednak, \u017ce ten blog b\u0119dzie jeszcze jednym sposobem i przestrzeni\u0105 nawi\u0105zania kontaktu z lud\u017ami dobrej woli, otwartymi na dialog.\",\"url\":\"https:\/\/gaudiumetspes-blog.pl\/index.php\/author\/ks-jacek\/\"}]}<\/script>\n<!-- \/ Yoast SEO plugin. -->","yoast_head_json":{"title":"Chwal Pana hojnym darem! - Gaudium Et Spes","robots":{"index":"index","follow":"follow","max-snippet":"max-snippet:-1","max-image-preview":"max-image-preview:large","max-video-preview":"max-video-preview:-1"},"canonical":"https:\/\/gaudiumetspes-blog.pl\/index.php\/2023\/05\/30\/chwal-pana-hojnym-darem\/","og_locale":"pl_PL","og_type":"article","og_title":"Chwal Pana hojnym darem! - Gaudium Et Spes","og_description":"Szcz\u0119\u015b\u0107 Bo\u017ce! Moi Drodzy, w dniu dzisiejszym imieniny prze\u017cywa Siostra Joanna Andruszczyszyna, wsp\u00f3\u0142pracuj\u0105ca z Ksi\u0119dzem Markiem w Parafii Surgut, na Syberii. Rocznic\u0119 \u015bwi\u0119ce\u0144 kap\u0142a\u0144skich natomiast prze\u017cywaj\u0105: \u25baOjciec Mateusz Fleiszerowicz \u2013 Franciszkanin, Kolega ze studi\u00f3w na KUL, Prze\u0142o\u017cony Wsp\u00f3lnoty zakonnej i Proboszcz Parafii \u015awi\u0119tej El\u017cbiety W\u0119gierskiej w Nysie, \u25baKsi\u0105dz \u0141ukasz Tarasiuk, pochodz\u0105cy z mojej rodzinnej Parafii, [&hellip;]","og_url":"https:\/\/gaudiumetspes-blog.pl\/index.php\/2023\/05\/30\/chwal-pana-hojnym-darem\/","og_site_name":"Gaudium Et Spes","article_published_time":"2023-05-30T06:52:39+00:00","author":"Ks. Jacek","twitter_card":"summary_large_image","twitter_misc":{"Napisane przez":"Ks. Jacek","Szacowany czas czytania":"9 minut"},"schema":{"@context":"https:\/\/schema.org","@graph":[{"@type":"WebPage","@id":"https:\/\/gaudiumetspes-blog.pl\/index.php\/2023\/05\/30\/chwal-pana-hojnym-darem\/","url":"https:\/\/gaudiumetspes-blog.pl\/index.php\/2023\/05\/30\/chwal-pana-hojnym-darem\/","name":"Chwal Pana hojnym darem! - Gaudium Et Spes","isPartOf":{"@id":"https:\/\/gaudiumetspes-blog.pl\/#website"},"datePublished":"2023-05-30T06:52:39+00:00","author":{"@id":"https:\/\/gaudiumetspes-blog.pl\/#\/schema\/person\/1661982992b752dea8dff0d4ed845a65"},"breadcrumb":{"@id":"https:\/\/gaudiumetspes-blog.pl\/index.php\/2023\/05\/30\/chwal-pana-hojnym-darem\/#breadcrumb"},"inLanguage":"pl-PL","potentialAction":[{"@type":"ReadAction","target":["https:\/\/gaudiumetspes-blog.pl\/index.php\/2023\/05\/30\/chwal-pana-hojnym-darem\/"]}]},{"@type":"BreadcrumbList","@id":"https:\/\/gaudiumetspes-blog.pl\/index.php\/2023\/05\/30\/chwal-pana-hojnym-darem\/#breadcrumb","itemListElement":[{"@type":"ListItem","position":1,"name":"Strona g\u0142\u00f3wna","item":"https:\/\/gaudiumetspes-blog.pl\/"},{"@type":"ListItem","position":2,"name":"Chwal Pana hojnym darem!"}]},{"@type":"WebSite","@id":"https:\/\/gaudiumetspes-blog.pl\/#website","url":"https:\/\/gaudiumetspes-blog.pl\/","name":"Gaudium Et Spes","description":"Blog Ks. Jacka Ja\u015bkowskiego","potentialAction":[{"@type":"SearchAction","target":{"@type":"EntryPoint","urlTemplate":"https:\/\/gaudiumetspes-blog.pl\/?s={search_term_string}"},"query-input":{"@type":"PropertyValueSpecification","valueRequired":true,"valueName":"search_term_string"}}],"inLanguage":"pl-PL"},{"@type":"Person","@id":"https:\/\/gaudiumetspes-blog.pl\/#\/schema\/person\/1661982992b752dea8dff0d4ed845a65","name":"Ks. Jacek","image":{"@type":"ImageObject","inLanguage":"pl-PL","@id":"https:\/\/gaudiumetspes-blog.pl\/#\/schema\/person\/image\/","url":"https:\/\/gaudiumetspes-blog.pl\/wp-content\/uploads\/2019\/07\/avatar-JJ-150x150.jpg","contentUrl":"https:\/\/gaudiumetspes-blog.pl\/wp-content\/uploads\/2019\/07\/avatar-JJ-150x150.jpg","caption":"Ks. Jacek"},"description":"Witam serdecznie! K\u0142ania si\u0119 Ks. Jacek Ja\u015bkowski. Nie jestem ani kim\u015b wa\u017cnym, ani kim\u015b znanym. Jestem ksi\u0119dzem, kt\u00f3ry po prostu chce rozmawia\u0107. Codzienna kap\u0142a\u0144ska pos\u0142uga pokazuje mi, \u017ce temat\u00f3w do rozm\u00f3w z ksi\u0119dzem jest coraz wi\u0119cej i dzisiaj \u017caden ksi\u0105dz nie mo\u017ce od nich ucieka\u0107, ale - wprost przeciwnie - podejmowa\u0107 nowe wyzwania. To przekonanie sk\u0142oni\u0142o mnie do pr\u00f3by otwarcia tego\u017c bloga, chocia\u017c okazji do rozm\u00f3w na co dzie\u0144 - w konfesjonale i poza nim - na szcz\u0119\u015bcie nie brakuje. My\u015bl\u0119 jednak, \u017ce ten blog b\u0119dzie jeszcze jednym sposobem i przestrzeni\u0105 nawi\u0105zania kontaktu z lud\u017ami dobrej woli, otwartymi na dialog.","url":"https:\/\/gaudiumetspes-blog.pl\/index.php\/author\/ks-jacek\/"}]}},"jetpack_featured_media_url":"","jetpack_sharing_enabled":true,"_links":{"self":[{"href":"https:\/\/gaudiumetspes-blog.pl\/index.php\/wp-json\/wp\/v2\/posts\/21590","targetHints":{"allow":["GET"]}}],"collection":[{"href":"https:\/\/gaudiumetspes-blog.pl\/index.php\/wp-json\/wp\/v2\/posts"}],"about":[{"href":"https:\/\/gaudiumetspes-blog.pl\/index.php\/wp-json\/wp\/v2\/types\/post"}],"author":[{"embeddable":true,"href":"https:\/\/gaudiumetspes-blog.pl\/index.php\/wp-json\/wp\/v2\/users\/1"}],"replies":[{"embeddable":true,"href":"https:\/\/gaudiumetspes-blog.pl\/index.php\/wp-json\/wp\/v2\/comments?post=21590"}],"version-history":[{"count":1,"href":"https:\/\/gaudiumetspes-blog.pl\/index.php\/wp-json\/wp\/v2\/posts\/21590\/revisions"}],"predecessor-version":[{"id":21591,"href":"https:\/\/gaudiumetspes-blog.pl\/index.php\/wp-json\/wp\/v2\/posts\/21590\/revisions\/21591"}],"wp:attachment":[{"href":"https:\/\/gaudiumetspes-blog.pl\/index.php\/wp-json\/wp\/v2\/media?parent=21590"}],"wp:term":[{"taxonomy":"category","embeddable":true,"href":"https:\/\/gaudiumetspes-blog.pl\/index.php\/wp-json\/wp\/v2\/categories?post=21590"},{"taxonomy":"post_tag","embeddable":true,"href":"https:\/\/gaudiumetspes-blog.pl\/index.php\/wp-json\/wp\/v2\/tags?post=21590"}],"curies":[{"name":"wp","href":"https:\/\/api.w.org\/{rel}","templated":true}]}}