{"id":21618,"date":"2023-06-08T00:16:15","date_gmt":"2023-06-07T22:16:15","guid":{"rendered":"https:\/\/gaudiumetspes-blog.pl\/?p=21618"},"modified":"2023-06-07T23:51:31","modified_gmt":"2023-06-07T21:51:31","slug":"bierzemy-z-tego-samego-chleba","status":"publish","type":"post","link":"https:\/\/gaudiumetspes-blog.pl\/index.php\/2023\/06\/08\/bierzemy-z-tego-samego-chleba\/","title":{"rendered":"Z tego samego Chleba&#8230;"},"content":{"rendered":"<p align=\"justify\"><span style=\"color: #000000;\"><span style=\"font-family: Book Antiqua, serif;\"><span style=\"font-size: large;\">Niech b\u0119dzie pochwalony Jezus Chrystus! Moi Drodzy, w dniu dzisiejszym <b>rocznic\u0119 \u015bwi\u0119ce\u0144 kap\u0142a\u0144skich prze\u017cywa Ksi\u0105dz <\/b><b>Pra\u0142at<\/b><b> Adam Turemka, <\/b><b>emerytowany <\/b><b>Proboszcz Parafii w Miastkowie Ko\u015bcielnym. Dzi\u0119kuj\u0105c za nasz\u0105 wsp\u00f3\u0142prac\u0119 \u2013 na Pielgrzymce Podlaskiej, a potem w trakcie mojego wikariatu \u2013 \u017cycz\u0119 nieustaj\u0105cej m\u0142odo\u015bci ducha i apostolskiego zapa\u0142u, z kt\u00f3rych Jubilat jest znany.<\/b><\/span><\/span><\/span><\/p>\n<p align=\"justify\"><span style=\"color: #000000;\"><span style=\"font-family: Book Antiqua, serif;\"><span style=\"font-size: large;\"><b>Urodziny natomiast prze\u017cywaj\u0105 dzi\u015b: <\/b><\/span><\/span><\/span><\/p>\n<p align=\"justify\"><span style=\"color: #000000;\">\u25ba<span style=\"font-family: Book Antiqua, serif;\"><span style=\"font-size: large;\"><b>Monika Szostakiewicz \u2013 nale\u017c\u0105ca w swoim czasie do jednej z m\u0142odzie\u017cowych Wsp\u00f3lnot. <\/b><\/span><\/span><\/span><\/p>\n<p align=\"justify\"><span style=\"color: #000000;\">\u25ba<span style=\"font-family: Book Antiqua, serif;\"><span style=\"font-size: large;\"><b>Weronika Pogoda \u2013 Osoba zaanga\u017cowana w \u017cycie Parafii w Samogoszczy.<\/b><\/span><\/span><\/span><\/p>\n<p align=\"justify\"><span style=\"color: #000000;\"><span style=\"font-family: Book Antiqua, serif;\"><span style=\"font-size: large;\"><b>Wszystkim \u015bwi\u0119tuj\u0105cym \u017cycz\u0119 wszelkiego dobra i \u015bwiate\u0142 z Nieba, zapewniaj\u0105c o serdecznej modlitwie!<\/b><\/span><\/span><\/span><\/p>\n<p align=\"justify\"><span style=\"color: #000000;\"><span style=\"font-family: Book Antiqua, serif;\"><span style=\"font-size: large;\">A oto ja dzisiaj wyruszam do Parafii Ma\u0142aszewicze, gdzie na zaproszenie Proboszcza, Ksi\u0119dza Andrzeja Wolanina, b\u0119d\u0119 pomaga\u0142 duszpastersko i prze\u017cywa\u0142 \u2013 wraz z t\u0105 Wsp\u00f3lnot\u0105 parafialn\u0105 \u2013 tajemnic\u0119 Eucharystii. W naszym Duszpasterstwie natomiast dzisiaj nie ma Mszy \u015awi\u0119tej.<\/span><\/span><\/span><\/p>\n<p align=\"justify\"><span style=\"color: #000000;\"><span style=\"font-family: Book Antiqua, serif;\"><span style=\"font-size: large;\">Zapraszam do pochylenia si\u0119 nad Bo\u017cym s\u0142owem dzisiejszej liturgii. <b>Co dzisiaj \u2013 bardzo osobi\u015bcie i konkretnie \u2013 m\u00f3wi do mnie Pan?<\/b> Duchu \u015awi\u0119ty, podpowiedz\u2026<\/span><\/span><\/span><\/p>\n<p align=\"justify\"><span style=\"color: #000000;\"><span style=\"font-family: Book Antiqua, serif;\"><span style=\"font-size: large;\">Na g\u0142\u0119bokie i podnios\u0142e prze\u017cywanie dzisiejszej Uroczysto\u015bci <b>\u2013 niech Was b\u0142ogos\u0142awi B\u00f3g Wszechmog\u0105cy: Ojciec + i Syn, i Duch \u015awi\u0119ty. Amen<\/b><\/span><\/span><\/span><\/p>\n<p align=\"center\"><span style=\"color: #000000;\"><span style=\"font-family: Book Antiqua, serif;\"><span style=\"font-size: large;\">Gaudium et spes! Ks. Jacek<\/span><\/span><\/span><\/p>\n<p align=\"center\">\n<p align=\"center\">\n<p align=\"center\">\n<p align=\"center\">\n<p align=\"center\">\n<p align=\"justify\"><span style=\"color: #000000;\"><span style=\"font-family: Book Antiqua, serif;\"><span style=\"font-size: large;\"><b>Uroczysto\u015b\u0107 Naj\u015bwi\u0119tszego Cia\u0142a i Krwi Chrystusa, A,<\/b><\/span><\/span><\/span><\/p>\n<p align=\"justify\"><span style=\"color: #000000;\"><span style=\"font-family: Book Antiqua, serif;\"><span style=\"font-size: large;\"><b>8 czerwca 2023.,\u00a0<\/b><\/span><\/span><\/span><\/p>\n<p align=\"justify\"><span style=\"color: #000000;\"><span style=\"font-family: Book Antiqua, serif;\"><span style=\"font-size: large;\"><b>do czyta\u0144: Pwt 8,2\u20133.14b\u201316a; 1 Kor 10,16\u201317; J 6,51\u201358<\/b><\/span><\/span><\/span><\/p>\n<p align=\"justify\">\n<p align=\"justify\">\n<p align=\"justify\">\n<p align=\"justify\">\n<p align=\"justify\">\n<p align=\"justify\"><span style=\"color: #000000;\"><span style=\"font-family: Book Antiqua, serif;\"><span style=\"font-size: large;\"><b>CZYTANIE Z KSI\u0118GI POWT\u00d3RZONEGO PRAWA: <\/b><\/span><\/span><\/span><\/p>\n<p align=\"justify\"><span style=\"color: #000000;\"><span style=\"font-family: Book Antiqua, serif;\"><span style=\"font-size: large;\"><b>Moj\u017cesz powiedzia\u0142 do ludu: \u201ePami\u0119taj na wszystkie drogi, kt\u00f3rymi Ci\u0119 prowadzi\u0142 tw\u00f3j Pan B\u00f3g przez te czterdzie\u015bci lat na pustyni, aby ci\u0119 utrapi\u0107, wypr\u00f3bowa\u0107 i pozna\u0107, co jest w twym sercu; czy strze\u017cesz Jego polecenia, czy te\u017c nie. <\/b><\/span><\/span><\/span><\/p>\n<p align=\"justify\"><span style=\"color: #000000;\"><span style=\"font-family: Book Antiqua, serif;\"><span style=\"font-size: large;\"><b>Utrapi\u0142 ci\u0119, da\u0142 ci odczu\u0107 g\u0142\u00f3d, \u017cywi\u0142 ci\u0119 mann\u0105, kt\u00f3rej nie zna\u0142e\u015b ani ty, ani twoi przodkowie, bo chcia\u0142 ci da\u0107 pozna\u0107, \u017ce nie samym tylko chlebem \u017cyje cz\u0142owiek, ale wszystkim, co pochodzi z ust Pana. <\/b><\/span><\/span><\/span><\/p>\n<p align=\"justify\"><span style=\"color: #000000;\"><span style=\"font-family: Book Antiqua, serif;\"><span style=\"font-size: large;\"><b>Nie zapominaj twego Pana Boga, kt\u00f3ry ci\u0119 wywi\u00f3d\u0142 z ziemi egipskiej, z domu niewoli. On ci\u0119 prowadzi\u0142 przez pustyni\u0119 wielk\u0105 i straszn\u0105, pe\u0142n\u0105 w\u0119\u017c\u00f3w jadowitych i skorpion\u00f3w, przez ziemi\u0119 such\u0105, bez wody, On ci wyprowadzi\u0142 wod\u0119 ze ska\u0142y najtwardszej. On \u017cywi\u0142 ci\u0119 na pustyni mann\u0105, kt\u00f3rej nie znali twoi przodkowie\u201d.<\/b><\/span><\/span><\/span><\/p>\n<p align=\"justify\">\n<p align=\"justify\">\n<p align=\"justify\">\n<p align=\"justify\">\n<p align=\"justify\">\n<p align=\"justify\"><span style=\"color: #000000;\"><span style=\"font-family: Book Antiqua, serif;\"><span style=\"font-size: large;\"><b>CZYTANIE Z PIERWSZEGO LISTU \u015aWI\u0118TEGO PAW\u0141A APOSTO\u0141A DO KORYNTIAN:<\/b><\/span><\/span><\/span><\/p>\n<p align=\"justify\"><span style=\"color: #000000;\"><span style=\"font-family: Book Antiqua, serif;\"><span style=\"font-size: large;\"><b>Bracia: Kielich b\u0142ogos\u0142awie\u0144stwa, kt\u00f3ry b\u0142ogos\u0142awimy, czy nie jest udzia\u0142em we Krwi Chrystusa? Chleb, kt\u00f3ry \u0142amiemy, czy\u017c nie jest udzia\u0142em w Ciele Chrystusa? Poniewa\u017c jeden jest chleb, przeto my, liczni, tworzymy jedno cia\u0142o. Wszyscy bowiem bierzemy z tego samego chleba.<\/b><\/span><\/span><\/span><\/p>\n<p align=\"justify\">\n<p align=\"justify\">\n<p align=\"justify\">\n<p align=\"justify\">\n<p align=\"justify\">\n<p align=\"justify\"><span style=\"color: #000000;\"><span style=\"font-family: Book Antiqua, serif;\"><span style=\"font-size: large;\"><b>S\u0141OWA EWANGELII WED\u0141UG \u015aWI\u0118TEGO JANA: <\/b><\/span><\/span><\/span><\/p>\n<p align=\"justify\"><span style=\"color: #000000;\"><span style=\"font-family: Book Antiqua, serif;\"><span style=\"font-size: large;\"><b>Jezus powiedzia\u0142 do \u017byd\u00f3w: \u201eJa jestem chlebem \u017cywym, kt\u00f3ry zst\u0105pi\u0142 z nieba. Je\u015bli kto spo\u017cywa ten chleb, b\u0119dzie \u017cy\u0142 na wieki. Chlebem, kt\u00f3ry Ja dam, jest moje Cia\u0142o za \u017cycie \u015bwiata\u201d. <\/b><\/span><\/span><\/span><\/p>\n<p align=\"justify\"><span style=\"color: #000000;\"><span style=\"font-family: Book Antiqua, serif;\"><span style=\"font-size: large;\"><b>Sprzeczali si\u0119 wi\u0119c mi\u0119dzy sob\u0105 \u017bydzi m\u00f3wi\u0105c: \u201eJak On mo\u017ce nam da\u0107 swoje Cia\u0142o na po\u017cywienie?\u201d <\/b><\/span><\/span><\/span><\/p>\n<p align=\"justify\"><span style=\"color: #000000;\"><span style=\"font-family: Book Antiqua, serif;\"><span style=\"font-size: large;\"><b>Rzek\u0142 do nich Jezus: \u201eZaprawd\u0119, zaprawd\u0119 powiadam wam: Je\u017celi nie b\u0119dziecie spo\u017cywa\u0107 Cia\u0142a Syna Cz\u0142owieczego i nie b\u0119dziecie pili Krwi Jego, nie b\u0119dziecie mieli \u017cycia w sobie. Kto spo\u017cywa moje Cia\u0142o i pije moj\u0105 Krew, ma \u017cycie wieczne, a Ja go wskrzesz\u0119 w dniu ostatecznym. Cia\u0142o moje jest prawdziwym pokarmem, a Krew moja jest prawdziwym napojem. Kto spo\u017cywa moje Cia\u0142o i Krew moj\u0105 pije, trwa we Mnie, a Ja w nim. Jak Mnie pos\u0142a\u0142 \u017cyj\u0105cy Ojciec, a Ja \u017cyj\u0119 przez Ojca, tak i ten, kto Mnie spo\u017cywa, b\u0119dzie \u017cy\u0142 przeze Mnie. To jest chleb, kt\u00f3ry z nieba zst\u0105pi\u0142, nie jest on taki jak ten, kt\u00f3ry jedli wasi przodkowie, a pomarli. Kto spo\u017cywa ten chleb, b\u0119dzie \u017cy\u0142 na wieki\u201d.<\/b><\/span><\/span><\/span><\/p>\n<p align=\"justify\">\n<p align=\"justify\">\n<p align=\"justify\">\n<p align=\"justify\">\n<p align=\"justify\">\n<p align=\"justify\"><span style=\"color: #000000;\"><span style=\"font-family: Book Antiqua, serif;\"><span style=\"font-size: large;\">Kiedy Moj\u017cesz kierowa\u0142 do swego ludu te s\u0142owa: <i><b>Nie zapominaj twego Pana Boga, kt\u00f3ry ci\u0119 wywi\u00f3d\u0142 z ziemi egipskiej, z domu niewoli. On ci\u0119 prowadzi\u0142 przez pustyni\u0119 wielk\u0105 i straszn\u0105, pe\u0142n\u0105 w\u0119\u017c\u00f3w jadowitych i skorpion\u00f3w, przez ziemi\u0119 such\u0105, bez wody, On ci wyprowadzi\u0142 wod\u0119 ze ska\u0142y najtwardszej. On \u017cywi\u0142 ci\u0119 na pustyni mann\u0105, kt\u00f3rej nie znali twoi przodkowie<\/b><\/i><b> \u2013 <\/b>to wszystko by\u0142o jasne. Ka\u017cdy, kto chocia\u017c odrobin\u0119 wdzi\u0119czno\u015bci mia\u0142 w swoim sercu i komu pami\u0119\u0107 nie szwankowa\u0142a, a serce jego nie by\u0142o zablokowane i zawzi\u0119te \u2013 <b>musia\u0142 dobrze pami\u0119ta\u0107<\/b> to, o czym w\u0142a\u015bnie Moj\u017cesz przypomnia\u0142.<\/span><\/span><\/span><\/p>\n<p align=\"justify\"><span style=\"color: #000000;\"><span style=\"font-family: Book Antiqua, serif;\"><span style=\"font-size: large;\">I wszystko by\u0142o w miar\u0119 zrozumia\u0142e, bo <b>B\u00f3g rzeczywi\u015bcie da\u0142 i chleb, i wod\u0119<\/b> \u2013 chocia\u017c i jedno, i drugie,<b> da\u0142 w spos\u00f3b cudowny. <\/b>Ale po pewnym czasie Izraelici ju\u017c wiedzieli, \u017ce co rano b\u0119d\u0105 na nich czeka\u0142y <b>ca\u0142e pok\u0142ady manny, <\/b>le\u017c\u0105cej na ziemi, przeto mog\u0105 sobie wzi\u0105\u0107 tyle, ile b\u0119d\u0105 w stanie zje\u015b\u0107,<b> aby <\/b><b>ca\u0142kowicie zaspokoi\u0107 g\u0142\u00f3d. <\/b>Woda tak\u017ce<b> wyprowadzona zosta\u0142a w spos\u00f3b cudowny,<\/b> prosto ze ska\u0142y, po uderzeniu przez Moj\u017cesza drewnian\u0105 lask\u0105. Ale z czasem <b>i do tego lud si\u0119 przyzwyczai\u0142, <\/b>wi\u0119c nie by\u0142o to niczym nadzwyczajnym. <\/span><\/span><\/span><\/p>\n<p align=\"justify\"><span style=\"color: #000000;\"><span style=\"font-family: Book Antiqua, serif;\"><span style=\"font-size: large;\">Kiedy jednak Jezus dzisiaj w Ewangelii powiedzia\u0142 <b>o innym <\/b><b>C<\/b><b>hlebie,<\/b> kt\u00f3ry maj\u0105 spo\u017cywa\u0107 Jego uczniowie, <b>oraz o innym <\/b><b>N<\/b><b>apoju,<\/b> kt\u00f3ry maj\u0105 pi\u0107 \u2013 w\u00f3wczas zrobi\u0142o si\u0119 naprawd\u0119 <b>bardzo tajemniczo.<\/b> A nawet <b>bardzo nieprzyjemnie,<\/b> bo wielu odesz\u0142o, nie mog\u0105c s\u0142ucha\u0107 tego, co ten ich Nauczyciel wygaduje. Co prawda, <b>dzisiaj nie s\u0142yszymy o reakcji s\u0142uchaczy,<\/b> ale wiemy o niej dobrze z uwa\u017cnej lektury ca\u0142ego sz\u00f3stego rozdzia\u0142u Ewangelii Jana, z kt\u00f3rego mamy dzisiejszy fragment. A c\u00f3\u017c takiego us\u0142yszeli Aposto\u0142owie, uczniowie i wszyscy zebrani? <\/span><\/span><\/span><\/p>\n<p align=\"justify\"><span style=\"color: #000000;\"><span style=\"font-family: Book Antiqua, serif;\"><span style=\"font-size: large;\">Te oto s\u0142owa: <i><b>Ja jestem chlebem \u017cywym, kt\u00f3ry zst\u0105pi\u0142 z nieba. Je\u015bli kto spo\u017cywa ten chleb, b\u0119dzie \u017cy\u0142 na wieki. Chlebem, kt\u00f3ry Ja dam, jest moje Cia\u0142o za \u017cycie \u015bwiata.<\/b><\/i><b> <\/b>I kiedy pojawi\u0142y si\u0119 g\u0142osy niejakiego pow\u0105tpiewania: <i><b>Jak On mo\u017ce nam da\u0107 swoje Cia\u0142o na po\u017cywienie?<\/b><\/i><b> \u2013 <\/b>Jezus ju\u017c ca\u0142kiem otwarcie powiedzia\u0142: <i><b>Je\u017celi<\/b><\/i><b> <\/b><i><b>nie<\/b><\/i><b> <\/b><i><b>b\u0119dziecie<\/b><\/i><b> <\/b><i><b>spo\u017cywa\u0107 Cia\u0142a Syna Cz\u0142owieczego i nie b\u0119dziecie pili Krwi Jego, nie b\u0119dziecie mieli \u017cycia w sobie. Kto spo\u017cywa moje Cia\u0142o i pije moj\u0105 Krew, ma \u017cycie wieczne, a Ja go wskrzesz\u0119 w dniu ostatecznym. Cia\u0142o moje jest prawdziwym pokarmem, a Krew moja jest prawdziwym napojem. Kto spo\u017cywa moje Cia\u0142o i Krew moj\u0105 pije, trwa we Mnie, a Ja w nim. Jak Mnie pos\u0142a\u0142 \u017cyj\u0105cy Ojciec, a Ja \u017cyj\u0119 przez Ojca, tak i ten, kto Mnie spo\u017cywa, b\u0119dzie \u017cy\u0142 przeze Mnie.<\/b><\/i><\/span><\/span><\/span><\/p>\n<p align=\"justify\"><span style=\"color: #000000;\"><span style=\"font-family: Book Antiqua, serif;\"><span style=\"font-size: large;\">W odniesieniu za\u015b do tego,<b> co dzisiaj tak\u017ce powiedzia\u0142 Moj\u017cesz <\/b>o chlebie, kt\u00f3ry Izraelici otrzymywali na pustyni \u2013 przecie\u017c tak\u017ce od Boga, bo od kog\u00f3\u017c innego! \u2013 Jezus tak charakteryzowa\u0142 \u00f3w nowy Pokarm, kt\u00f3ry zapowiada\u0142: <i><b>To jest chleb, kt\u00f3ry z nieba zst\u0105pi\u0142, nie jest on taki jak ten, kt\u00f3ry jedli wasi przodkowie, a pomarli. Kto spo\u017cywa ten chleb, b\u0119dzie \u017cy\u0142 na wieki.<\/b><\/i><b> <\/b><\/span><\/span><\/span><\/p>\n<p align=\"justify\"><span style=\"color: #000000;\"><span style=\"font-family: Book Antiqua, serif;\"><span style=\"font-size: large;\">My dzisiaj, s\u0142uchaj\u0105c tych s\u0142\u00f3w, ju\u017c wiemy, o co chodzi. To znaczy, <b>wiemy o Eucharystii, wiemy o Wielkim Czwartku<\/b> i o Ostatniej Wieczerzy; wiemy te\u017c, co konkretnie mia\u0142 na my\u015bli Jezus \u2013 <b>o jakim <\/b><b>C<\/b><b>hlebie m\u00f3wi\u0142: <\/b>o chlebie, kt\u00f3ry poprzez s\u0142owa konsekracji <b>staje si\u0119 Jego Cia\u0142em, <\/b>a wino<b> staje si\u0119 Jego Krwi\u0105.<\/b> Miejmy jednak w \u015bwiadomo\u015bci, \u017ce dzisiejsi s\u0142uchacze Jezusa <b>us\u0142yszeli t\u0119 zapowied\u017a po raz pierwszy,<\/b> nie maj\u0105c tej wiedzy, kt\u00f3r\u0105 my ju\u017c mamy. Oni us\u0142yszeli po prostu, <b>\u017ce maj\u0105 je\u015b\u0107 cia\u0142o cz\u0142owieka i pi\u0107 jego krew.<\/b> Jakie mogli mie\u0107 skojarzenia? Czy mogli to przyj\u0105\u0107 tak po prostu i zwyczajnie? <\/span><\/span><\/span><\/p>\n<p align=\"justify\"><span style=\"color: #000000;\"><span style=\"font-family: Book Antiqua, serif;\"><span style=\"font-size: large;\">A Jezus \u2013 w tamtym momencie \u2013 niczego nie wyja\u015bnia\u0142, <b>niczego nie t\u0142umaczy\u0142<\/b> i nie odsy\u0142a\u0142 do Wieczernika, kiedy to w Wielki Czwartek wszystko ludziom wyt\u0142umaczy i wy\u0142o\u017cy \u2013 <b>nic z tych rzeczy!<\/b> Po prostu, powiedzia\u0142 to, co powiedzia\u0142 i tak, jak powiedzia\u0142. Tak, jak s\u0142yszeli\u015bmy. I w \u017caden spos\u00f3b <b>nie reagowa\u0142 na to, \u017ce tylu wtedy od Niego odesz\u0142o<\/b> i ju\u017c z Nim nie chodzi\u0142o, zra\u017conych Jego s\u0142owami. Sami <b>Aposto\u0142owie mieli te\u017c niema\u0142e w\u0105tpliwo\u015bci, <\/b>ale oni akurat zostali. Jezus jednak nie zatrzymywa\u0142 nikogo i gdyby tak\u017ce oni chcieli odej\u015b\u0107 \u2013 pozwoli\u0142by na to. Ciekawe, prawda?\u2026<\/span><\/span><\/span><\/p>\n<p align=\"justify\"><span style=\"color: #000000;\"><span style=\"font-family: Book Antiqua, serif;\"><span style=\"font-size: large;\"><b>Dlaczego tak post\u0105pi\u0142? <\/b>Co chcia\u0142 nam i ca\u0142emu \u015bwiatu przez to powiedzie\u0107? <b>Co chcia\u0142 pokaza\u0107 swemu Ko\u015bcio\u0142owi?<\/b> <\/span><\/span><\/span><\/p>\n<p align=\"justify\"><span style=\"color: #000000;\"><span style=\"font-family: Book Antiqua, serif;\"><span style=\"font-size: large;\">A mo\u017ce to w\u0142a\u015bnie, \u017ce mamy do czynienia<b> <\/b><b>z<\/b> <b>naprawd\u0119 wyj\u0105tkow\u0105 tajemnic\u0105<\/b> i \u017ce nigdy tu, na ziemi, <b>nie ogarniemy tego, co<\/b> <b>si\u0119 <\/b><b>faktycznie<\/b><b> dzieje w chwili Przeistoczenia.<\/b> Bo my \u2013 co prawda \u2013 mamy wi\u0119ksz\u0105 wiedz\u0119, ni\u017c dzisiejsi s\u0142uchacze Jezusa i wiemy, \u017ce tu <b>nie chodzi o dos\u0142owne zjedzenie Jezusowej r\u0119ki, czy nogi,<\/b> ale \u017ce to zwyczajny chleb staje si\u0119 Jego Cia\u0142em w spos\u00f3b mistyczny. My to wiemy. <b>Ale czy wiemy, jak to si\u0119 staje?<\/b> Czy to ju\u017c nie jest dla nas \u017cadn\u0105 tajemnic\u0105? Oczywi\u015bcie, \u017ce jest! I do ko\u0144ca \u017cycia b\u0119dzie. Podobnie, jak i to, \u017ce \u2013 i w jaki spos\u00f3b \u2013 <b>wino staje si\u0119 Jego Krwi\u0105. <\/b><\/span><\/span><\/span><\/p>\n<p align=\"justify\"><span style=\"color: #000000;\"><span style=\"font-family: Book Antiqua, serif;\"><span style=\"font-size: large;\">Moi Drodzy, my ca\u0142y czas stoimy <b>w obliczu gigantycznej tajemnicy, <\/b>kt\u00f3rej w \u017caden ludzki spos\u00f3b nie b\u0119dziemy w stanie ogarn\u0105\u0107 i wyt\u0142umaczy\u0107. Mamy w ni\u0105 <b>ca\u0142ym sercem uwierzy\u0107! <\/b>A skoro uwierzy\u0107, to nie tylko na zasadzie, \u017ce: \u201eDobrze, niech ju\u017c tak b\u0119dzie, skoro tak w Ko\u015bciele m\u00f3wi\u0105, to niech im b\u0119dzie \u2013 jako\u015b tam wierz\u0119, \u017ce w tym chlebie ten Jezus podobno jest\u2026\u201d. <b>To nie tak! <\/b><\/span><\/span><\/span><\/p>\n<p align=\"justify\"><span style=\"color: #000000;\"><span style=\"font-family: Book Antiqua, serif;\"><span style=\"font-size: large;\">Aposto\u0142 Pawe\u0142 \u2013 w dzisiejszym drugim czytaniu \u2013 kr\u00f3tko, ale bardzo dosadnie uczy nas, \u017ce uwierzy\u0107 w t\u0119 tajemnic\u0119, <b>to tak naprawd\u0119 prze\u0142o\u017cy\u0107 j\u0105 na \u017cycie,<\/b> na konkretn\u0105 postaw\u0119 cz\u0142owieka. Stawiaj\u0105c najpierw retoryczne pytania: <i><b>Kielich b\u0142ogos\u0142awie\u0144stwa, kt\u00f3ry b\u0142ogos\u0142awimy, czy nie jest udzia\u0142em we Krwi Chrystusa? Chleb, kt\u00f3ry \u0142amiemy, czy\u017c nie jest udzia\u0142em w Ciele Chrystusa?<\/b><\/i><b> \u2013 <\/b>w ich kontek\u015bcie wyja\u015bnia: <i><b>Poniewa\u017c jeden jest chleb, przeto my, liczni, tworzymy jedno cia\u0142o. Wszyscy bowiem bierzemy z tego samego chleba.<\/b><\/i><b> <\/b><\/span><\/span><\/span><\/p>\n<p align=\"justify\"><span style=\"color: #000000;\"><span style=\"font-family: Book Antiqua, serif;\"><span style=\"font-size: large;\">I to jest chyba najwa\u017cniejsza my\u015bl i g\u0142\u00f3wne przes\u0142anie tej pi\u0119knej i wielkiej Uroczysto\u015bci, kt\u00f3r\u0105 dzi\u015b prze\u017cywamy: <b>jedno\u015b\u0107 mi\u0119dzy nami \u2013<\/b> chrze\u015bcijanami, uczniami Chrystusa, Jego wyznawcami i przyjaci\u00f3\u0142mi \u2013 tworzona dzi\u0119ki temu, \u017ce <i><b>wszyscy bierzemy z tego samego Chleba;<\/b><\/i> \u017ce wszyscy spo\u017cywamy ten sam duchowy Pokarm. <\/span><\/span><\/span><\/p>\n<p align=\"justify\"><span style=\"color: #000000;\"><span style=\"font-family: Book Antiqua, serif;\"><span style=\"font-size: large;\">Zreszt\u0105, ju\u017c Moj\u017cesz \u2013 tam, na pustyni \u2013 m\u00f3wi\u0105c o tamtym, zwyczajnym chlebie, przestrzega\u0142 sw\u00f3j nar\u00f3d: <i><b>Pami\u0119taj na wszystkie drogi, kt\u00f3rymi Ci\u0119 prowadzi\u0142 tw\u00f3j Pan B\u00f3g przez te czterdzie\u015bci lat na pustyni, aby ci\u0119 utrapi\u0107, wypr\u00f3bowa\u0107 i pozna\u0107, co jest w twym sercu; czy strze\u017cesz Jego polecenia, czy te\u017c nie. <\/b><\/i><i><b>Utrapi\u0142 ci\u0119, da\u0142 ci odczu\u0107 g\u0142\u00f3d, \u017cywi\u0142 ci\u0119 mann\u0105, kt\u00f3rej nie zna\u0142e\u015b ani ty, ani twoi przodkowie, bo chcia\u0142 ci da\u0107 pozna\u0107, \u017ce nie samym tylko chlebem \u017cyje cz\u0142owiek, ale wszystkim, co pochodzi z ust Pana.<\/b><\/i><b> <\/b><\/span><\/span><\/span><\/p>\n<p align=\"justify\"><span style=\"color: #000000;\"><span style=\"font-family: Book Antiqua, serif;\"><span style=\"font-size: large;\">A zatem, ju\u017c tamten pokarm \u2013 przecie\u017c zes\u0142any z Nieba, chocia\u017c b\u0119d\u0105cy zwyk\u0142ym pokarmem \u2013 <b>ju\u017c by\u0142 dla ludzi <\/b><b>jakim\u015b<\/b><b> znakiem,<\/b> jakim\u015b mocnym i czytelnym sygna\u0142em, <b>\u017ce B\u00f3g nie zapomnia\u0142,<\/b> \u017ce si\u0119 opiekuje i troszczy, bo bardzo kocha swoje dzieci. Ju\u017c tamten chleb i tamta woda, ze ska\u0142y wyprowadzona \u2013 chocia\u017c by\u0142 to pokarm tylko doczesny, ziemski \u2013<b> powinny skierowa\u0107 uwag\u0119 Izraelit\u00f3w ku Niebu, ku Bogu,<\/b> ku Jego opiece. C\u00f3\u017c dopiero ten Pokarm, ten chleb, kt\u00f3ry <i><b>jest<\/b><\/i> <i><b>udzia\u0142em w Ciele Chrystusa<\/b><\/i> i ten kielich, kt\u00f3ry <i><b>jest udzia\u0142em we Krwi Chrystusa\u2026<\/b><\/i> <\/span><\/span><\/span><\/p>\n<p align=\"justify\"><span style=\"color: #000000;\"><span style=\"font-family: Book Antiqua, serif;\"><span style=\"font-size: large;\">O ile\u017c bardziej ten Pokarm i ten Nap\u00f3j powinien nas wewn\u0119trznie poruszy\u0107,<b> powinien nas przemieni\u0107,<\/b> powinien nas otworzy\u0107 na Boga i na drugiego cz\u0142owieka; powinien nas <b>zjednoczy\u0107 z Bogiem <\/b>i z drugim cz\u0142owiekiem. <b>Czy tak jest w rzeczywisto\u015bci?\u2026<\/b><\/span><\/span><\/span><\/p>\n<p align=\"justify\"><span style=\"color: #000000;\"><span style=\"font-family: Book Antiqua, serif;\"><span style=\"font-size: large;\">Moi Drodzy, raz jeszcze przypomnijmy sobie to zdanie \u015awi\u0119tego Paw\u0142a, kt\u00f3re wydaje si\u0119 by\u0107 g\u0142\u00f3wnym przes\u0142aniem dzisiejszej Uroczysto\u015bci: <i><b>Poniewa\u017c jeden jest chleb, przeto my, liczni, tworzymy jedno cia\u0142o. Wszyscy bowiem bierzemy z tego samego chleba. <\/b><\/i>Niech mocno i wyra\u017anie wybrzmi\u0105 te s\u0142owa: <i><b>M<\/b><\/i><i><b>y, liczni, tworzymy jedno cia\u0142o. <\/b><\/i>Czy tak jest w istocie, czy to dopiero cel, do kt\u00f3rego d\u0105\u017cymy? A mo\u017ce wcale nie d\u0105\u017cymy?\u2026<\/span><\/span><\/span><\/p>\n<p align=\"justify\"><span style=\"color: #000000;\"><span style=\"font-family: Book Antiqua, serif;\"><span style=\"font-size: large;\">Mo\u017ce dobrze jest nam z tym, \u017ce <b>prze\u0142ykamy \u2013 jak \u015bwie\u017ce bu\u0142eczki \u2013 \u015bwi\u0119te Hostie<\/b> co niedziel\u0119, albo i cz\u0119\u015bciej, a w naszym sercu <b>ba\u0142agan, <\/b>a w naszym domu <b>piek\u0142o,<\/b> a w naszym otoczeniu <b>k\u0142\u00f3tnie i awantury?<\/b> Mo\u017ce ju\u017c si\u0119 do tego przyzwyczaili\u015bmy i nie zamierzamy niczego w tej materii zmienia\u0107? Bo sobie m\u00f3wimy, \u017ce przecie\u017c <b>\u201etacy ju\u017c jeste\u015bmy\u201d! <\/b><\/span><\/span><\/span><\/p>\n<p align=\"justify\"><span style=\"color: #000000;\"><span style=\"font-family: Book Antiqua, serif;\"><span style=\"font-size: large;\">A tak w og\u00f3le, to <b>racja jest po naszej stronie,<\/b> a nie po stronie tego drugiego. To on wywo\u0142uje konflikty, <b>to on jest przyczyn\u0105 wsz<\/b><b>elkiego z\u0142a<\/b><b>,<\/b> to ona ci\u0105gle si\u0119 czepia i gada do ludzi o tym i o tamtym! <b>To on, to ona, to oni\u2026 <\/b><b>Ale n<\/b><b>a pewno \u2013 nie my! <\/b>A sk\u0105d\u017ce znowu! Dlatego mo\u017cemy \u015bmia\u0142o i\u015b\u0107 do Komunii \u015awi\u0119tej i poczeka\u0107, <b>a\u017c oni wszyscy dooko\u0142a si\u0119 zmieni\u0105.<\/b> I a\u017c si\u0119 \u015bwiat zmieni, a\u017c si\u0119 Ko\u015bci\u00f3\u0142 zmieni, <b>a\u017c si\u0119 Papie\u017c zmieni i biskup si\u0119 nawr\u00f3ci,<\/b> i proboszcz wreszcie albo si\u0119 odczepi, albo mo\u017ce odejdzie z parafii\u2026 A i w pracy, do kt\u00f3rej codziennie chodzimy \u2013 to sami plotkarze i z\u0142o\u015bliwcy, cz\u0142owiek \u017cyje tam, <b>jak w jakim\u015b <\/b><b>gnie\u017adzie os <\/b><b>lub<\/b><b> szerszeni! <\/b><\/span><\/span><\/span><\/p>\n<p align=\"justify\"><span style=\"color: #000000;\"><span style=\"font-family: Book Antiqua, serif;\"><span style=\"font-size: large;\">I w taki to mniej wi\u0119cej spos\u00f3b, moi Drodzy, wyt\u0142umaczymy sobie konieczno\u015b\u0107 przemiany i nawr\u00f3cenia <b>w \u017cyciu wszystkich<\/b> <b>dooko\u0142a,<\/b> <b>tylko nie nas samych. <\/b>A jak si\u0119 ju\u017c wszyscy wreszcie ponawracaj\u0105, to b\u0119dziemy tak\u0105 jedno\u015bci\u0105, jak\u0105 sobie tylko mo\u017cna wymarzy\u0107. P\u00f3ki co, to<b> jak oni wszyscy mog\u0105 w og\u00f3le przyst\u0119powa\u0107 do Komunii \u015awi\u0119tej?<\/b> Tak, do Komunii to id\u0105 wszyscy po kolei, a przecie\u017c <b>oni tacy, owacy, a<\/b><b>lbo i<\/b><b> jeszcze inni\u2026<\/b> <\/span><\/span><\/span><\/p>\n<p align=\"justify\"><span style=\"color: #000000;\"><span style=\"font-family: Book Antiqua, serif;\"><span style=\"font-size: large;\">Moi Drodzy, ja wiem, \u017ce mo\u017ce troch\u0119 teraz przerysowuj\u0119, ale czy nie ma w nas takiego <b>os\u0105dzania innych, \u017ce oto przyst\u0119puj\u0105 do Komunii \u015awi\u0119tej, a jak oni \u017cyj\u0105?!<\/b> Dla wielu os\u00f3b takie stwierdzenie jest wystarczaj\u0105cym wyt\u0142umaczeniem tego, \u017ce <b>sami nie przyst\u0119puj\u0105 do Komunii \u015awi\u0119tej \u2013<\/b> i to mo\u017ce ju\u017c od wielu lat! Oczywi\u015bcie, nie przyst\u0119puj\u0105 <b>z czystego lenistwa i pychy,<\/b> bo trzeba by si\u0119 ukorzy\u0107 przed Bogiem, <b>p\u00f3j\u015b\u0107 do Spowiedzi,<\/b> przyzna\u0107 si\u0119 do swoich grzech\u00f3w i z\u0142a, kt\u00f3re si\u0119 samemu pope\u0142nia \u2013 i zrobi\u0107 wreszcie <b>porz\u0105dek we w\u0142asnym sercu i we w\u0142asnym \u017cyciu. <\/b><\/span><\/span><\/span><\/p>\n<p align=\"justify\"><span style=\"color: #000000;\"><span style=\"font-family: Book Antiqua, serif;\"><span style=\"font-size: large;\">Tak by trzeba by\u0142o, ale po co, skoro takie proste i \u0142atwe wyt\u0142umaczenie samo wr\u0119cz ci\u015bnie si\u0119 do g\u0142owy i na usta: <b>to z\u0142y przyk\u0142ad innych <\/b>zniech\u0119ca mnie do Komunii \u015awi\u0119tej. Trudno sobie wyobrazi\u0107 <b>g\u0142upsze i bardziej bezsensowne t\u0142umaczenie!<\/b><\/span><\/span><\/span><\/p>\n<p align=\"justify\"><span style=\"color: #000000;\"><span style=\"font-family: Book Antiqua, serif;\"><span style=\"font-size: large;\">Dlatego w\u0142a\u015bnie mamy tak\u0105 Uroczysto\u015b\u0107, jak ta dzisiejsza, aby\u015bmy <b>raz jeszcze uwa\u017cnie ws\u0142uchali si\u0119 <\/b>w s\u0142owa Jezusa i w s\u0142owa Jego Aposto\u0142a, i s\u0142owa Moj\u017cesza \u2013 i g\u0142\u0119boko przemy\u015bleli, <b>czym dla mnie osobi\u015bcie jest przyst\u0119powanie do Komunii \u015awi\u0119tej?<\/b> Czy jest to spotkanie z \u017cywym i prawdziwym Jezusem, <b>realnie obecnym tu i teraz,<\/b> czy mo\u017ce ci\u0105gle jeszcze takim bezmy\u015blnym i bezrefleksyjnym, schematycznym i rutynowym, a nawet <b>cynicznym prze\u0142ykaniem op\u0142atka<\/b>, kt\u00f3ry ksi\u0105dz podaje? A mo\u017ce to tylko tradycja, przyzwyczajenie, jakie\u015b poczucie przyzwoito\u015bci, albo spos\u00f3b na to, \u017ceby si\u0119 nikt w rodzinie nie czepia\u0142 i \u017ceby ludzie nie gadali?\u2026<\/span><\/span><\/span><\/p>\n<p align=\"justify\"><span style=\"color: #000000;\"><span style=\"font-family: Book Antiqua, serif;\"><span style=\"font-size: large;\">Moi Drodzy, je\u017celi Jezus dzisiaj obiecuje, \u017ce spo\u017cywanie Jego Cia\u0142a i picie Jego Krwi <b>daje \u017cycie wieczne,<\/b> to jednocze\u015bnie oznacza,<b> <\/b>\u017ce ono ma przemienia\u0107 <b>ju\u017c to \u017cycie doczesne. <\/b>I ma sprawi\u0107, \u017ce ten, kto spo\u017cywa \u00f3w niezwyk\u0142y Pokarm \u2013 jakby to dziwnie nie brzmia\u0142o \u2013 <b>po prostu da \u017cy\u0107 innym! <\/b>Nie b\u0119dzie innym <b>uprzykrza\u0142 \u017cycia<\/b> \u2013 tak, tego doczesnego \u017cycia, zanim jeszcze przyjdzie to wieczne. <\/span><\/span><\/span><\/p>\n<p align=\"justify\"><span style=\"color: #000000;\"><span style=\"font-family: Book Antiqua, serif;\"><span style=\"font-size: large;\">Je\u017celi zatem dzisiaj <b>wychodzimy z Jezusem Eucharystycznym <\/b>w pi\u0119knej i uroczystej, barwnej i podnios\u0142ej Procesji, i prowadzamy Go po ulicach naszej Parafii, <b>pokazuj\u0105c Mu nasze domostwa,<\/b> nasze obej\u015bcia \u2013 po prostu: <b>nasze sprawy,<\/b> nasz\u0105 zwyczajn\u0105 codzienno\u015b\u0107 \u2013 <b>i prosz\u0105c o Jego b\u0142ogos\u0142awie\u0144stwo,<\/b> to jest to r\u00f3wnoznaczne z tym, \u017ce chcemy i wszystko zrobimy w tym kierunku, aby On <b>w <\/b><b>tej naszej codzienno\u015bci mia\u0142 swoje miejsce.<\/b> I aby w naszych domach, w naszych rodzinach \u2013 powiedzmy wprost: <b>w naszych sercach!<\/b> \u2013 by\u0142 ju\u017c nie tylko Go\u015bciem, <b>ale Domownikiem!<\/b> <\/span><\/span><\/span><\/p>\n<p align=\"justify\"><span style=\"color: #000000;\"><span style=\"font-family: Book Antiqua, serif;\"><span style=\"font-size: large;\">Skoro On dzisiaj wyrusza ze \u015bwi\u0105tyni, skoro <b>\u201ezagrody nasze widzie\u0107 przychodzi i jak si\u0119 Jego dzieciom powodzi\u201d<\/b> \u2013 jak \u015bpiewamy w pie\u015bni \u2013 to na pewno nie po to, aby odby\u0107 tak\u0105 <b>typow\u0105 wizytacj\u0119 dyrektorsk\u0105 lub biskupi\u0105,<\/b> w czasie kt\u00f3rej wszystko jest wyg\u0142askane, wypachnione i wypi\u0119knione, \u017ceby przed szefem wypa\u015b\u0107 jak najlepiej. <b>A jak szef sobie pojedzie<\/b> \u2013 oby jak najszybciej! \u2013 to i tak wszystko wr\u00f3ci do normy. Czyli \u2013 do poprzedniego ba\u0142aganu. <\/span><\/span><\/span><\/p>\n<p align=\"justify\"><span style=\"color: #000000;\"><span style=\"font-family: Book Antiqua, serif;\"><span style=\"font-size: large;\">Wyj\u015bcie Jezusa do nas jest zupe\u0142nie inne. Bo On <b>ju\u017c teraz dobrze wie, \u201ejak si\u0119 Jego dzieciom powodzi\u201d.<\/b> I jak Jego dzieci na co dzie\u0144 \u017cyj\u0105. On to a\u017c nadto dok\u0142adnie wie i zna ca\u0142\u0105 prawd\u0119. <b>Je\u017celi jednak dzisiaj zapraszamy Go <\/b>\u2013 w ten symboliczny spos\u00f3b \u2013 do naszych domostw, do naszej Parafii, <b>do naszej <\/b><b>rzeczywisto\u015bci<\/b><b>,<\/b> to bardziej po to, aby <b>zamanifestowa\u0107 przed ca\u0142ym \u015bwiatem,<\/b> \u017ce chcemy t\u0119 nasz\u0105 parafialn\u0105, spo\u0142eczn\u0105 i rodzinn\u0105 codzienno\u015b\u0107 \u2013 <b>czyni\u0107 Jego kr\u00f3lestwem! <\/b><\/span><\/span><\/span><\/p>\n<p align=\"justify\"><span style=\"color: #000000;\"><span style=\"font-family: Book Antiqua, serif;\"><span style=\"font-size: large;\">I \u017ce chcemy \u2013 szczerze tego chcemy! \u2013 aby On <b>naprawd\u0119 mia\u0142 u nas swoje miejsce,<\/b> by z nami na co dzie\u0144 mieszka\u0142! <b>I \u017ceby Mu z nami by\u0142o dobrze! <\/b>Bo my w naszych rodzinach, w naszych s\u0105siedztwach, w naszych miejscach pracy, w naszych szko\u0142ach i na studiach \u2013 <b>b\u0119dziemy budowa\u0107 prawdziw\u0105 jedno\u015b\u0107!<\/b> <b>Z Nim \u2013 i pomi\u0119dzy sob\u0105!<\/b> I nie b\u0119dziemy doszukiwa\u0107 si\u0119 u innych b\u0142\u0119du i podst\u0119pu, ale <b>sami od siebie zaczniemy przemian\u0119 \u015bwiata!<\/b> A przyjmuj\u0105c chleb \u017cycia \u2013 damy \u017cy\u0107 innym! Ju\u017c tutaj, na ziemi, aby potem razem z nimi \u017cy\u0107 wiecznie! <\/span><\/span><\/span><\/p>\n<p align=\"justify\"><span style=\"color: #000000;\"><span style=\"font-family: Book Antiqua, serif;\"><span style=\"font-size: large;\">Wyrazem takich naszych pragnie\u0144 <b>jest \u2013 to znacz<\/b><b>y<\/b><b>: oby by\u0142a!<\/b> \u2013 dzisiejsza Uroczysto\u015b\u0107 i dzisiejsza Procesja. A je\u017celi nie jest, to w og\u00f3le <b>nie ma sensu<\/b> i mo\u017cna j\u0105 sobie odpu\u015bci\u0107. I tylko <b>szkoda energii i pracy<\/b> nad jej przygotowaniem. Bo ca\u0142e jej zewn\u0119trzne pi\u0119kno ma si\u0119 wyrazi\u0107 <b>w <\/b><b>wewn\u0119trzn<\/b><b>ym<\/b><b> pi\u0119kn<\/b><b>ie<\/b><b> naszych serc! <\/b>To wyj\u015bcie Jezusa w Eucharystii na zewn\u0105trz \u2013 ma by\u0107 w\u0142a\u015bnie <b>wej\u015bciem do wewn\u0105trz:<\/b> do naszych serc i do ca\u0142ej g\u0142\u0119bi naszego \u017cycia! <\/span><\/span><\/span><\/p>\n<p align=\"justify\"><span style=\"color: #000000;\"><span style=\"font-family: Book Antiqua, serif;\"><span style=\"font-size: large;\">A tak b\u0119dzie si\u0119 dzia\u0142o w\u00f3wczas, kiedy nie tylko raz w roku, w Uroczysto\u015b\u0107 Bo\u017cego Cia\u0142a, ale za ka\u017cdym razem, kiedy to <b>my sami, jako \u017cywe monstrancje, w naszych sercach \u2013 <\/b>po przyj\u0119ciu Go w Komunii \u015awi\u0119tej, oby jak najcz\u0119stszym! \u2013 b\u0119dziemy Go zanosili do naszej codzienno\u015bci i z Jego pomoc\u0105 <b>t\u0119 codzienno\u015b\u0107 b\u0119dziemy przemieniali.<\/b> <\/span><\/span><\/span><\/p>\n<p align=\"justify\"><span style=\"color: #000000;\"><span style=\"font-family: Book Antiqua, serif;\"><span style=\"font-size: large;\">W ten spos\u00f3b Procesja eucharystyczna b\u0119dzie si\u0119 odbywa\u0142a nie raz w roku, a o wiele cz\u0119\u015bciej. <b>Mo\u017ce nawet codziennie\u2026<\/b><\/span><\/span><\/span><\/p>\n","protected":false},"excerpt":{"rendered":"<p>Niech b\u0119dzie pochwalony Jezus Chrystus! Moi Drodzy, w dniu dzisiejszym rocznic\u0119 \u015bwi\u0119ce\u0144 kap\u0142a\u0144skich prze\u017cywa Ksi\u0105dz Pra\u0142at Adam Turemka, emerytowany Proboszcz Parafii w Miastkowie Ko\u015bcielnym. Dzi\u0119kuj\u0105c za nasz\u0105 wsp\u00f3\u0142prac\u0119 \u2013 na Pielgrzymce Podlaskiej, a potem w trakcie mojego wikariatu \u2013 \u017cycz\u0119 nieustaj\u0105cej m\u0142odo\u015bci ducha i apostolskiego zapa\u0142u, z kt\u00f3rych Jubilat jest znany. Urodziny natomiast prze\u017cywaj\u0105 dzi\u015b: [&hellip;]<\/p>\n","protected":false},"author":1,"featured_media":0,"comment_status":"open","ping_status":"open","sticky":false,"template":"","format":"standard","meta":{"jetpack_post_was_ever_published":false,"_jetpack_newsletter_access":"","_jetpack_dont_email_post_to_subs":false,"_jetpack_newsletter_tier_id":0,"_jetpack_memberships_contains_paywalled_content":false,"_jetpack_memberships_contains_paid_content":false,"footnotes":""},"categories":[1],"tags":[],"class_list":["post-21618","post","type-post","status-publish","format-standard","hentry","category-bez-kategorii"],"yoast_head":"<!-- This site is optimized with the Yoast SEO plugin v25.1 - https:\/\/yoast.com\/wordpress\/plugins\/seo\/ -->\n<title>Z tego samego Chleba... - Gaudium Et Spes<\/title>\n<meta name=\"robots\" content=\"index, follow, max-snippet:-1, max-image-preview:large, max-video-preview:-1\" \/>\n<link rel=\"canonical\" href=\"https:\/\/gaudiumetspes-blog.pl\/index.php\/2023\/06\/08\/bierzemy-z-tego-samego-chleba\/\" \/>\n<meta property=\"og:locale\" content=\"pl_PL\" \/>\n<meta property=\"og:type\" content=\"article\" \/>\n<meta property=\"og:title\" content=\"Z tego samego Chleba... - Gaudium Et Spes\" \/>\n<meta property=\"og:description\" content=\"Niech b\u0119dzie pochwalony Jezus Chrystus! Moi Drodzy, w dniu dzisiejszym rocznic\u0119 \u015bwi\u0119ce\u0144 kap\u0142a\u0144skich prze\u017cywa Ksi\u0105dz Pra\u0142at Adam Turemka, emerytowany Proboszcz Parafii w Miastkowie Ko\u015bcielnym. Dzi\u0119kuj\u0105c za nasz\u0105 wsp\u00f3\u0142prac\u0119 \u2013 na Pielgrzymce Podlaskiej, a potem w trakcie mojego wikariatu \u2013 \u017cycz\u0119 nieustaj\u0105cej m\u0142odo\u015bci ducha i apostolskiego zapa\u0142u, z kt\u00f3rych Jubilat jest znany. Urodziny natomiast prze\u017cywaj\u0105 dzi\u015b: [&hellip;]\" \/>\n<meta property=\"og:url\" content=\"https:\/\/gaudiumetspes-blog.pl\/index.php\/2023\/06\/08\/bierzemy-z-tego-samego-chleba\/\" \/>\n<meta property=\"og:site_name\" content=\"Gaudium Et Spes\" \/>\n<meta property=\"article:published_time\" content=\"2023-06-07T22:16:15+00:00\" \/>\n<meta name=\"author\" content=\"Ks. Jacek\" \/>\n<meta name=\"twitter:card\" content=\"summary_large_image\" \/>\n<meta name=\"twitter:label1\" content=\"Napisane przez\" \/>\n\t<meta name=\"twitter:data1\" content=\"Ks. Jacek\" \/>\n\t<meta name=\"twitter:label2\" content=\"Szacowany czas czytania\" \/>\n\t<meta name=\"twitter:data2\" content=\"16 minut\" \/>\n<script type=\"application\/ld+json\" class=\"yoast-schema-graph\">{\"@context\":\"https:\/\/schema.org\",\"@graph\":[{\"@type\":\"WebPage\",\"@id\":\"https:\/\/gaudiumetspes-blog.pl\/index.php\/2023\/06\/08\/bierzemy-z-tego-samego-chleba\/\",\"url\":\"https:\/\/gaudiumetspes-blog.pl\/index.php\/2023\/06\/08\/bierzemy-z-tego-samego-chleba\/\",\"name\":\"Z tego samego Chleba... - Gaudium Et Spes\",\"isPartOf\":{\"@id\":\"https:\/\/gaudiumetspes-blog.pl\/#website\"},\"datePublished\":\"2023-06-07T22:16:15+00:00\",\"author\":{\"@id\":\"https:\/\/gaudiumetspes-blog.pl\/#\/schema\/person\/1661982992b752dea8dff0d4ed845a65\"},\"breadcrumb\":{\"@id\":\"https:\/\/gaudiumetspes-blog.pl\/index.php\/2023\/06\/08\/bierzemy-z-tego-samego-chleba\/#breadcrumb\"},\"inLanguage\":\"pl-PL\",\"potentialAction\":[{\"@type\":\"ReadAction\",\"target\":[\"https:\/\/gaudiumetspes-blog.pl\/index.php\/2023\/06\/08\/bierzemy-z-tego-samego-chleba\/\"]}]},{\"@type\":\"BreadcrumbList\",\"@id\":\"https:\/\/gaudiumetspes-blog.pl\/index.php\/2023\/06\/08\/bierzemy-z-tego-samego-chleba\/#breadcrumb\",\"itemListElement\":[{\"@type\":\"ListItem\",\"position\":1,\"name\":\"Strona g\u0142\u00f3wna\",\"item\":\"https:\/\/gaudiumetspes-blog.pl\/\"},{\"@type\":\"ListItem\",\"position\":2,\"name\":\"Z&nbsp;tego samego Chleba&#8230;\"}]},{\"@type\":\"WebSite\",\"@id\":\"https:\/\/gaudiumetspes-blog.pl\/#website\",\"url\":\"https:\/\/gaudiumetspes-blog.pl\/\",\"name\":\"Gaudium Et Spes\",\"description\":\"Blog Ks. Jacka Ja\u015bkowskiego\",\"potentialAction\":[{\"@type\":\"SearchAction\",\"target\":{\"@type\":\"EntryPoint\",\"urlTemplate\":\"https:\/\/gaudiumetspes-blog.pl\/?s={search_term_string}\"},\"query-input\":{\"@type\":\"PropertyValueSpecification\",\"valueRequired\":true,\"valueName\":\"search_term_string\"}}],\"inLanguage\":\"pl-PL\"},{\"@type\":\"Person\",\"@id\":\"https:\/\/gaudiumetspes-blog.pl\/#\/schema\/person\/1661982992b752dea8dff0d4ed845a65\",\"name\":\"Ks. Jacek\",\"image\":{\"@type\":\"ImageObject\",\"inLanguage\":\"pl-PL\",\"@id\":\"https:\/\/gaudiumetspes-blog.pl\/#\/schema\/person\/image\/\",\"url\":\"https:\/\/gaudiumetspes-blog.pl\/wp-content\/uploads\/2019\/07\/avatar-JJ-150x150.jpg\",\"contentUrl\":\"https:\/\/gaudiumetspes-blog.pl\/wp-content\/uploads\/2019\/07\/avatar-JJ-150x150.jpg\",\"caption\":\"Ks. Jacek\"},\"description\":\"Witam serdecznie! K\u0142ania si\u0119 Ks. Jacek Ja\u015bkowski. Nie jestem ani kim\u015b wa\u017cnym, ani kim\u015b znanym. Jestem ksi\u0119dzem, kt\u00f3ry po prostu chce rozmawia\u0107. Codzienna kap\u0142a\u0144ska pos\u0142uga pokazuje mi, \u017ce temat\u00f3w do rozm\u00f3w z ksi\u0119dzem jest coraz wi\u0119cej i dzisiaj \u017caden ksi\u0105dz nie mo\u017ce od nich ucieka\u0107, ale - wprost przeciwnie - podejmowa\u0107 nowe wyzwania. To przekonanie sk\u0142oni\u0142o mnie do pr\u00f3by otwarcia tego\u017c bloga, chocia\u017c okazji do rozm\u00f3w na co dzie\u0144 - w konfesjonale i poza nim - na szcz\u0119\u015bcie nie brakuje. My\u015bl\u0119 jednak, \u017ce ten blog b\u0119dzie jeszcze jednym sposobem i przestrzeni\u0105 nawi\u0105zania kontaktu z lud\u017ami dobrej woli, otwartymi na dialog.\",\"url\":\"https:\/\/gaudiumetspes-blog.pl\/index.php\/author\/ks-jacek\/\"}]}<\/script>\n<!-- \/ Yoast SEO plugin. -->","yoast_head_json":{"title":"Z tego samego Chleba... - Gaudium Et Spes","robots":{"index":"index","follow":"follow","max-snippet":"max-snippet:-1","max-image-preview":"max-image-preview:large","max-video-preview":"max-video-preview:-1"},"canonical":"https:\/\/gaudiumetspes-blog.pl\/index.php\/2023\/06\/08\/bierzemy-z-tego-samego-chleba\/","og_locale":"pl_PL","og_type":"article","og_title":"Z tego samego Chleba... - Gaudium Et Spes","og_description":"Niech b\u0119dzie pochwalony Jezus Chrystus! Moi Drodzy, w dniu dzisiejszym rocznic\u0119 \u015bwi\u0119ce\u0144 kap\u0142a\u0144skich prze\u017cywa Ksi\u0105dz Pra\u0142at Adam Turemka, emerytowany Proboszcz Parafii w Miastkowie Ko\u015bcielnym. Dzi\u0119kuj\u0105c za nasz\u0105 wsp\u00f3\u0142prac\u0119 \u2013 na Pielgrzymce Podlaskiej, a potem w trakcie mojego wikariatu \u2013 \u017cycz\u0119 nieustaj\u0105cej m\u0142odo\u015bci ducha i apostolskiego zapa\u0142u, z kt\u00f3rych Jubilat jest znany. Urodziny natomiast prze\u017cywaj\u0105 dzi\u015b: [&hellip;]","og_url":"https:\/\/gaudiumetspes-blog.pl\/index.php\/2023\/06\/08\/bierzemy-z-tego-samego-chleba\/","og_site_name":"Gaudium Et Spes","article_published_time":"2023-06-07T22:16:15+00:00","author":"Ks. Jacek","twitter_card":"summary_large_image","twitter_misc":{"Napisane przez":"Ks. Jacek","Szacowany czas czytania":"16 minut"},"schema":{"@context":"https:\/\/schema.org","@graph":[{"@type":"WebPage","@id":"https:\/\/gaudiumetspes-blog.pl\/index.php\/2023\/06\/08\/bierzemy-z-tego-samego-chleba\/","url":"https:\/\/gaudiumetspes-blog.pl\/index.php\/2023\/06\/08\/bierzemy-z-tego-samego-chleba\/","name":"Z tego samego Chleba... - Gaudium Et Spes","isPartOf":{"@id":"https:\/\/gaudiumetspes-blog.pl\/#website"},"datePublished":"2023-06-07T22:16:15+00:00","author":{"@id":"https:\/\/gaudiumetspes-blog.pl\/#\/schema\/person\/1661982992b752dea8dff0d4ed845a65"},"breadcrumb":{"@id":"https:\/\/gaudiumetspes-blog.pl\/index.php\/2023\/06\/08\/bierzemy-z-tego-samego-chleba\/#breadcrumb"},"inLanguage":"pl-PL","potentialAction":[{"@type":"ReadAction","target":["https:\/\/gaudiumetspes-blog.pl\/index.php\/2023\/06\/08\/bierzemy-z-tego-samego-chleba\/"]}]},{"@type":"BreadcrumbList","@id":"https:\/\/gaudiumetspes-blog.pl\/index.php\/2023\/06\/08\/bierzemy-z-tego-samego-chleba\/#breadcrumb","itemListElement":[{"@type":"ListItem","position":1,"name":"Strona g\u0142\u00f3wna","item":"https:\/\/gaudiumetspes-blog.pl\/"},{"@type":"ListItem","position":2,"name":"Z&nbsp;tego samego Chleba&#8230;"}]},{"@type":"WebSite","@id":"https:\/\/gaudiumetspes-blog.pl\/#website","url":"https:\/\/gaudiumetspes-blog.pl\/","name":"Gaudium Et Spes","description":"Blog Ks. Jacka Ja\u015bkowskiego","potentialAction":[{"@type":"SearchAction","target":{"@type":"EntryPoint","urlTemplate":"https:\/\/gaudiumetspes-blog.pl\/?s={search_term_string}"},"query-input":{"@type":"PropertyValueSpecification","valueRequired":true,"valueName":"search_term_string"}}],"inLanguage":"pl-PL"},{"@type":"Person","@id":"https:\/\/gaudiumetspes-blog.pl\/#\/schema\/person\/1661982992b752dea8dff0d4ed845a65","name":"Ks. Jacek","image":{"@type":"ImageObject","inLanguage":"pl-PL","@id":"https:\/\/gaudiumetspes-blog.pl\/#\/schema\/person\/image\/","url":"https:\/\/gaudiumetspes-blog.pl\/wp-content\/uploads\/2019\/07\/avatar-JJ-150x150.jpg","contentUrl":"https:\/\/gaudiumetspes-blog.pl\/wp-content\/uploads\/2019\/07\/avatar-JJ-150x150.jpg","caption":"Ks. Jacek"},"description":"Witam serdecznie! K\u0142ania si\u0119 Ks. Jacek Ja\u015bkowski. Nie jestem ani kim\u015b wa\u017cnym, ani kim\u015b znanym. Jestem ksi\u0119dzem, kt\u00f3ry po prostu chce rozmawia\u0107. Codzienna kap\u0142a\u0144ska pos\u0142uga pokazuje mi, \u017ce temat\u00f3w do rozm\u00f3w z ksi\u0119dzem jest coraz wi\u0119cej i dzisiaj \u017caden ksi\u0105dz nie mo\u017ce od nich ucieka\u0107, ale - wprost przeciwnie - podejmowa\u0107 nowe wyzwania. To przekonanie sk\u0142oni\u0142o mnie do pr\u00f3by otwarcia tego\u017c bloga, chocia\u017c okazji do rozm\u00f3w na co dzie\u0144 - w konfesjonale i poza nim - na szcz\u0119\u015bcie nie brakuje. My\u015bl\u0119 jednak, \u017ce ten blog b\u0119dzie jeszcze jednym sposobem i przestrzeni\u0105 nawi\u0105zania kontaktu z lud\u017ami dobrej woli, otwartymi na dialog.","url":"https:\/\/gaudiumetspes-blog.pl\/index.php\/author\/ks-jacek\/"}]}},"jetpack_featured_media_url":"","jetpack_sharing_enabled":true,"_links":{"self":[{"href":"https:\/\/gaudiumetspes-blog.pl\/index.php\/wp-json\/wp\/v2\/posts\/21618","targetHints":{"allow":["GET"]}}],"collection":[{"href":"https:\/\/gaudiumetspes-blog.pl\/index.php\/wp-json\/wp\/v2\/posts"}],"about":[{"href":"https:\/\/gaudiumetspes-blog.pl\/index.php\/wp-json\/wp\/v2\/types\/post"}],"author":[{"embeddable":true,"href":"https:\/\/gaudiumetspes-blog.pl\/index.php\/wp-json\/wp\/v2\/users\/1"}],"replies":[{"embeddable":true,"href":"https:\/\/gaudiumetspes-blog.pl\/index.php\/wp-json\/wp\/v2\/comments?post=21618"}],"version-history":[{"count":5,"href":"https:\/\/gaudiumetspes-blog.pl\/index.php\/wp-json\/wp\/v2\/posts\/21618\/revisions"}],"predecessor-version":[{"id":21623,"href":"https:\/\/gaudiumetspes-blog.pl\/index.php\/wp-json\/wp\/v2\/posts\/21618\/revisions\/21623"}],"wp:attachment":[{"href":"https:\/\/gaudiumetspes-blog.pl\/index.php\/wp-json\/wp\/v2\/media?parent=21618"}],"wp:term":[{"taxonomy":"category","embeddable":true,"href":"https:\/\/gaudiumetspes-blog.pl\/index.php\/wp-json\/wp\/v2\/categories?post=21618"},{"taxonomy":"post_tag","embeddable":true,"href":"https:\/\/gaudiumetspes-blog.pl\/index.php\/wp-json\/wp\/v2\/tags?post=21618"}],"curies":[{"name":"wp","href":"https:\/\/api.w.org\/{rel}","templated":true}]}}