{"id":21627,"date":"2023-06-10T00:17:09","date_gmt":"2023-06-09T22:17:09","guid":{"rendered":"https:\/\/gaudiumetspes-blog.pl\/?p=21627"},"modified":"2023-06-09T22:59:23","modified_gmt":"2023-06-09T20:59:23","slug":"dzisiaj-o-pieniadzach","status":"publish","type":"post","link":"https:\/\/gaudiumetspes-blog.pl\/index.php\/2023\/06\/10\/dzisiaj-o-pieniadzach\/","title":{"rendered":"Dzisiaj &#8211; o pieni\u0105dzach&#8230;"},"content":{"rendered":"<p align=\"justify\"><span style=\"color: #000000;\"><span style=\"font-family: Book Antiqua, serif;\"><span style=\"font-size: large;\">Szcz\u0119\u015b\u0107 Bo\u017ce! Moi Drodzy, w dniu dzisiejszym <b>urodziny prze\u017cywa Monika Ochnik \u2013 <\/b><b>Osoba mi bardzo bliska i \u017cyczliwa, z kt\u00f3r\u0105 znamy si\u0119 ju\u017c od pierwszych dni mojego kap\u0142a\u0144stwa, <\/b><b>ki<\/b><b>edy to anga\u017cowa\u0142a si\u0119 Ona w dzia\u0142alno\u015b\u0107 KSM w Parafii mojego pierwszego wikariatu \u2013 w Radory\u017cu Ko\u015bcielnym. Dzisiaj natomiast jest dyplomowan\u0105 Piel\u0119gniark\u0105 w Warszawie, ale przede wszystkim \u2013 jest Osob\u0105 \u017cyj\u0105c\u0105 m\u0105drze, pobo\u017cnie i aktywnie; otwart<\/b><b>\u0105<\/b><b> na ludzi; ch\u0119tn<\/b><b>\u0105<\/b><b>, by zawsze wys\u0142ucha\u0107 i pom\u00f3c, ale te\u017c do\u015bwiadczon<\/b><b>\u0105<\/b><b> niejednym trudnym \u017cyciowym <\/b><b>krzy\u017cem\u2026<\/b><b> Dzi\u0119kuj\u0105c za to pi\u0119kne \u015bwiadectwo wiary, \u017cycz\u0119 Bo\u017cego prowadzenia i Bo\u017cej opieki we wszystkich okoliczno\u015bciach \u017cycia: zar\u00f3wno tych radosnych, jak i tych\u2026 drugich.<\/b><b> Zapewniam o modlitwie!<\/b><\/span><\/span><\/span><\/p>\n<p align=\"justify\"><span style=\"color: #000000;\"><span style=\"font-family: Book Antiqua, serif;\"><span style=\"font-size: large;\"><b>Imieniny natomiast prze\u017cywa Ma\u0142gorzata Osypiuk, nale\u017c\u0105ca w swoim czasie do jednej z m\u0142odzie\u017cowych Wsp\u00f3lnot. <\/b><\/span><\/span><\/span><\/p>\n<p align=\"justify\"><span style=\"color: #000000;\"><span style=\"font-family: Book Antiqua, serif;\"><span style=\"font-size: large;\"><b>Z kolei rocznic\u0119 \u015bwi\u0119ce\u0144 kap\u0142a\u0144skich prze\u017cywaj\u0105:<\/b><\/span><\/span><\/span><\/p>\n<p align=\"justify\"><span style=\"color: #000000;\">\u25ba<span style=\"font-family: Book Antiqua, serif;\"><span style=\"font-size: large;\"><b>Ksi\u0105dz Andrzej Polak, m\u00f3j pierwszy Superior, czyli starszy Kolega w pokoju seminaryjnym, wprowadzaj\u0105cy mnie bardzo m\u0105drze i spokojnie w realia seminaryjnego \u017cycia;<\/b><\/span><\/span><\/span><\/p>\n<p align=\"justify\"><span style=\"color: #000000;\">\u25ba<span style=\"font-family: Book Antiqua, serif;\"><span style=\"font-size: large;\"><b>Ksi\u0105dz S\u0142awomir Zaczek, w kt\u00f3rego Parafii pomaga\u0142em <\/b><b>w swoim czasie<\/b><b>;<\/b><\/span><\/span><\/span><\/p>\n<p align=\"justify\"><span style=\"color: #000000;\">\u25ba<span style=\"font-family: Book Antiqua, serif;\"><span style=\"font-size: large;\"><b>Ksi\u0105dz Jaros\u0142aw Oponowicz, Proboszcz Parafii \u015awi\u0119tego Jana Paw\u0142a II w Siedlcach;<\/b><\/span><\/span><\/span><\/p>\n<p align=\"justify\"><span style=\"color: #000000;\">\u25ba<span style=\"font-family: Book Antiqua, serif;\"><span style=\"font-size: large;\"><b>Ksi\u0105dz Pawe\u0142 Siedlanowski, Dyrektor Siedleckiego Hospicjum Domowego dla Dzieci;<\/b><\/span><\/span><\/span><\/p>\n<p align=\"justify\"><span style=\"color: #000000;\">\u25ba<span style=\"font-family: Book Antiqua, serif;\"><span style=\"font-size: large;\"><b>Ksi\u0105dz Jacek \u015awi\u0105tek, Dyrektor Liceum Katolickiego w Siedlcach.<\/b><\/span><\/span><\/span><\/p>\n<p align=\"justify\"><span style=\"color: #000000;\"><span style=\"font-family: Book Antiqua, serif;\"><span style=\"font-size: large;\"><b>Wszystkim \u015bwi\u0119tuj\u0105cym \u017cycz\u0119 obfito\u015bci Bo\u017cych dar\u00f3w, o kt\u00f3re te\u017c obiecuj\u0119 si\u0119 modli\u0107.<\/b><\/span><\/span><\/span><\/p>\n<p align=\"justify\"><span style=\"color: #000000;\"><span style=\"font-family: Book Antiqua, serif;\"><span style=\"font-size: large;\">A oto dzisiaj, w Katedrze Siedleckiej, odb\u0119d\u0105 si\u0119 \u015awi\u0119cenia diako\u0144skie sze\u015bciu Alumn\u00f3w naszego siedleckiego Seminarium, kt\u00f3rzy przez ostatni tydzie\u0144 przygotowywali si\u0119 do nich w Sanktuarium kode\u0144skim, w trakcie tygodniowych Rekolekcji, prowadzonych przez Ojca Duchownego Seminarium \u2013 Ksi\u0119dza Macieja Majka. W\u015br\u00f3d wy\u015bwi\u0119conych dzisiaj Alumn\u00f3w jest tak\u017ce \u0141ukasz B\u0105k, kt\u00f3rego znam ju\u017c od wielu lat. I to On w\u0142a\u015bnie zaprosi\u0142 mnie na dzisiejsz\u0105 Uroczysto\u015b\u0107. Polecam Waszej pami\u0119ci i modlitwie nowych Diakon\u00f3w Diecezji siedleckiej.<\/span><\/span><\/span><\/p>\n<p align=\"justify\"><span style=\"color: #000000;\"><span style=\"font-family: Book Antiqua, serif;\"><span style=\"font-size: large;\">A ja potem wracam do Lublina, gdzie o 18:00 b\u0119d\u0119 sprawowa\u0142 Msz\u0119 \u015awi\u0119t\u0105 w Parafii \u015awi\u0119tego Jana Kantego.<\/span><\/span><\/span><\/p>\n<p align=\"justify\"><span style=\"color: #000000;\"><span style=\"font-family: Book Antiqua, serif;\"><span style=\"font-size: large;\">Ws\u0142uchajmy si\u0119 teraz w Bo\u017ce przes\u0142anie! Pomoc\u0105 niech nam pos\u0142u\u017cy s\u0142\u00f3wko Kacpra, kt\u00f3re zechcia\u0142 przygotowa\u0107, jak w ka\u017cd\u0105 sobot\u0119. Dzisiaj troch\u0119 o pieni\u0105dzach\u2026 Ale przede wszystkim \u2013 to znowu \u015bwiadectwo radykalnej, mocnej i codziennie tak szczerze i tak \u201epo prostu\u201d prze\u017cywanej wiary Kacpra. Wielkie dzi\u0119ki za to \u015bwiadectwo \u2013 i za tak ch\u0119tne przygotowywanie co tydzie\u0144 prostego w formie, ale bardzo przekonuj\u0105cego i buduj\u0105cego rozwa\u017cania!<\/span><\/span><\/span><\/p>\n<p align=\"justify\"><span style=\"color: #000000;\"><span style=\"font-family: Book Antiqua, serif;\"><span style=\"font-size: large;\">Zatem, <b>c<\/b><b>o Pan do mnie konkretnie m\u00f3wi? Z jakim osobistym przes\u0142aniem zwraca <\/b><b>si\u0119 do mnie osobi\u015bcie<\/b><b>?<\/b> Duchu \u015awi\u0119ty, przyjd\u017a i pom\u00f3\u017c!<\/span><\/span><\/span><\/p>\n<p align=\"justify\"><span style=\"color: #000000;\"><span style=\"font-family: Book Antiqua, serif;\"><span style=\"font-size: large;\"><b>Niech Was b\u0142ogos\u0142awi B\u00f3g Wszechmog\u0105cy: Ojciec + i Syn, i Duch \u015awi\u0119ty. Amen<\/b><\/span><\/span><\/span><\/p>\n<p align=\"center\"><span style=\"color: #000000;\"><span style=\"font-family: Book Antiqua, serif;\"><span style=\"font-size: large;\">Gaudium et spes! Ks. Jacek<\/span><\/span><\/span><\/p>\n<p align=\"center\">\n<p align=\"center\">\n<p align=\"center\">\n<p align=\"center\">\n<p align=\"center\">\n<p align=\"justify\"><span style=\"color: #000000;\"><span style=\"font-family: Book Antiqua, serif;\"><span style=\"font-size: large;\"><b>Sobota 9 Tygodnia zwyk\u0142ego, rok I,<\/b><\/span><\/span><\/span><\/p>\n<p align=\"justify\"><span style=\"color: #000000;\"><span style=\"font-family: Book Antiqua, serif;\"><span style=\"font-size: large;\"><b>10 czerwca 2023.,<\/b><\/span><\/span><\/span><\/p>\n<p align=\"justify\"><span style=\"color: #000000;\"><span style=\"font-family: Book Antiqua, serif;\"><span style=\"font-size: large;\"><b>do czyta\u0144: Tb 12,1.5\u201315.20 Wlg; Mk 12,38\u201344<\/b><\/span><\/span><\/span><\/p>\n<p align=\"justify\">\n<p align=\"justify\">\n<p align=\"justify\">\n<p align=\"justify\">\n<p align=\"justify\">\n<p align=\"justify\"><span style=\"color: #000000;\"><span style=\"font-family: Book Antiqua, serif;\"><span style=\"font-size: large;\"><b>CZYTANIE Z KSI\u0118GI TOBIASZA:<\/b><\/span><\/span><\/span><\/p>\n<p align=\"justify\"><span style=\"color: #000000;\"><span style=\"font-family: Book Antiqua, serif;\"><span style=\"font-size: large;\"><b>Tobiasz zawo\u0142a\u0142 do siebie swego syna i rzek\u0142 do niego: \u201eCo damy temu \u015bwi\u0119temu cz\u0142owiekowi, kt\u00f3ry ci towarzyszy\u0142 w twojej podr\u00f3\u017cy?\u201d<\/b><\/span><\/span><\/span><\/p>\n<p align=\"justify\"><span style=\"color: #000000;\"><span style=\"font-family: Book Antiqua, serif;\"><span style=\"font-size: large;\"><b>Przywo\u0142awszy go tedy, ojciec wraz z synem wzi\u0119li go na stron\u0119 i zacz\u0119li go prosi\u0107, aby si\u0119 zgodzi\u0142 na przyj\u0119cie po\u0142owy wszystkiego, co sprowadzili.<\/b><\/span><\/span><\/span><\/p>\n<p align=\"justify\"><span style=\"color: #000000;\"><span style=\"font-family: Book Antiqua, serif;\"><span style=\"font-size: large;\"><b>Wtedy anio\u0142, b\u0119d\u0105c sam z nimi, rzek\u0142: \u201eB\u0142ogos\u0142awcie Bogu niebios i wyznawajcie wobec wszystkich \u017cyj\u0105cych, \u017ce wielkie mi\u0142osierdzie wam wy\u015bwiadczy\u0142. Dobr\u0105 jest rzecz\u0105 zachowywa\u0107 tajemnic\u0119 kr\u00f3lewsk\u0105, godzi si\u0119 jednak ujawnia\u0107 i og\u0142asza\u0107 o dzie\u0142ach Bo\u017cych.<\/b><\/span><\/span><\/span><\/p>\n<p align=\"justify\"><span style=\"color: #000000;\"><span style=\"font-family: Book Antiqua, serif;\"><span style=\"font-size: large;\"><b>Dobra jest modlitwa z postem, a ja\u0142mu\u017cna znaczy wi\u0119cej ani\u017celi z\u0142oto i skarby; ja\u0142mu\u017cna bowiem od \u015bmierci uwalnia, ona to z grzech\u00f3w oczyszcza i przyczynia si\u0119 do znalezienia mi\u0142osierdzia i \u017cycia wiecznego.<\/b><\/span><\/span><\/span><\/p>\n<p align=\"justify\"><span style=\"color: #000000;\"><span style=\"font-family: Book Antiqua, serif;\"><span style=\"font-size: large;\"><b>Ci bowiem, co dopuszczaj\u0105 si\u0119 grzechu i nieprawo\u015bci, s\u0105 sami dla siebie wrogami.<\/b><\/span><\/span><\/span><\/p>\n<p align=\"justify\"><span style=\"color: #000000;\"><span style=\"font-family: Book Antiqua, serif;\"><span style=\"font-size: large;\"><b>Chc\u0119 wi\u0119c odkry\u0107 wam prawd\u0119 i nic nie chc\u0119 ukry\u0107 przed wami. Gdy\u015b modli\u0142 si\u0119 ze \u0142zami i zmar\u0142ych grzeba\u0142e\u015b; gdy\u015b opuszcza\u0142 posi\u0142ek i zmar\u0142ych podczas dnia ukrywa\u0142e\u015b w domu swoim, ja przedstawia\u0142em twoj\u0105 modlitw\u0119 przed Panem. A poniewa\u017c by\u0142e\u015b mi\u0142ym Bogu, przypad\u0142o na ci\u0119 to do\u015bwiadczenie. A teraz pos\u0142a\u0142 mnie Pan, aby ci\u0119 uleczy\u0107 i aby Sar\u0119, \u017con\u0119 syna twego, od czarta uwolni\u0107.<\/b><\/span><\/span><\/span><\/p>\n<p align=\"justify\"><span style=\"color: #000000;\"><span style=\"font-family: Book Antiqua, serif;\"><span style=\"font-size: large;\"><b>Jam jest anio\u0142 Rafa\u0142, jeden z siedmiu, kt\u00f3rzy stoimy przed Panem.<\/b><\/span><\/span><\/span><\/p>\n<p align=\"justify\"><span style=\"color: #000000;\"><span style=\"font-family: Book Antiqua, serif;\"><span style=\"font-size: large;\"><b>Jest wi\u0119c czas, abym powr\u00f3ci\u0142 do Tego, kt\u00f3ry mnie pos\u0142a\u0142; wy za\u015b b\u0142ogos\u0142awcie Bogu i opowiadajcie o wszystkich cudach Jego\u201d.<\/b><\/span><\/span><\/span><\/p>\n<p align=\"justify\">\n<p align=\"justify\">\n<p align=\"justify\">\n<p align=\"justify\">\n<p align=\"justify\">\n<p align=\"justify\"><span style=\"color: #000000;\"><span style=\"font-family: Book Antiqua, serif;\"><span style=\"font-size: large;\"><b>S\u0141OWA EWANGELII WED\u0141UG \u015aWI\u0118TEGO MARKA:<\/b><\/span><\/span><\/span><\/p>\n<p align=\"justify\"><span style=\"color: #000000;\"><span style=\"font-family: Book Antiqua, serif;\"><span style=\"font-size: large;\"><b>Jezus nauczaj\u0105c rzesze m\u00f3wi\u0142: \u201eStrze\u017ccie si\u0119 uczonych w Pi\u015bmie. Z upodobaniem chodz\u0105 oni w pow\u0142\u00f3czystych szatach, lubi\u0105 pozdrowienia na rynku, pierwsze krzes\u0142a w synagogach i zaszczytne miejsca na ucztach. Objadaj\u0105 domy wd\u00f3w i dla pozoru odprawiaj\u0105 d\u0142ugie modlitwy. Ci tym surowszy dostan\u0105 wyrok\u201d.<\/b><\/span><\/span><\/span><\/p>\n<p align=\"justify\"><span style=\"color: #000000;\"><span style=\"font-family: Book Antiqua, serif;\"><span style=\"font-size: large;\"><b>Potem usiad\u0142 naprzeciw skarbony i przypatrywa\u0142 si\u0119, jak t\u0142um wrzuca\u0142 drobne pieni\u0105dze do skarbony. Wielu bogatych wrzuca\u0142o wiele. Przysz\u0142a te\u017c jedna uboga wdowa i wrzuci\u0142a dwa pieni\u0105\u017cki, czyli jeden grosz.<\/b><\/span><\/span><\/span><\/p>\n<p align=\"justify\"><span style=\"color: #000000;\"><span style=\"font-family: Book Antiqua, serif;\"><span style=\"font-size: large;\"><b>Wtedy przywo\u0142a\u0142 swoich uczni\u00f3w i rzek\u0142 do nich: \u201eZaprawd\u0119 powiadam wam: Ta uboga wdowa wrzuci\u0142a najwi\u0119cej ze wszystkich, kt\u00f3rzy k\u0142adli do skarbony. Wszyscy bowiem wrzucali z tego, co im zbywa\u0142o; ona za\u015b ze swego niedostatku wrzuci\u0142a wszystko, co mia\u0142a, ca\u0142e swe utrzymanie\u201d.<\/b><\/span><\/span><\/span><\/p>\n<p align=\"justify\">\n<p align=\"justify\">\n<p align=\"justify\">\n<p align=\"justify\">\n<p align=\"justify\">\n<p align=\"center\"><span style=\"color: #000000;\"><span style=\"font-family: Book Antiqua, serif;\"><span style=\"font-size: large;\"><b>A OTO S\u0141\u00d3WKO KACPRA:<\/b><\/span><\/span><\/span><\/p>\n<p align=\"center\">\n<p align=\"center\">\n<p align=\"center\">\n<p align=\"center\">\n<p align=\"center\">\n<p lang=\"en-US\" align=\"justify\"><span style=\"color: #000000;\"><span style=\"font-family: Book Antiqua, serif;\"><span style=\"font-size: large;\"><span lang=\"pl-PL\">Dzisiejsze czytanie oraz Ewangelia nawi\u0105zuj\u0105 do finans\u00f3w. Motywem przewodnim jest dawanie ja\u0142mu\u017cny potrzebuj\u0105cym. Oto Tobiasz zawo\u0142a\u0142 syna i powiedzia\u0142 mu, aby zap\u0142aci\u0142 swojemu towarzyszowi za okazan\u0105 pomoc oraz towarzystwo w drodze. Cz\u0119sto przecie\u017c my sami \u2013 nie wiedz\u0105c, jak mo\u017cemy komu\u015b si\u0119 zrewan\u017cowa\u0107 \u2013 proponujemy zap\u0142at\u0119, bo przecie\u017c ka\u017cdy b\u0119dzie m\u00f3g\u0142 j\u0105 wyda\u0107 wed\u0142ug w\u0142asnych potrzeb. <\/span><\/span><\/span><\/span><\/p>\n<p lang=\"en-US\" align=\"justify\"><span style=\"color: #000000;\"><span style=\"font-family: Book Antiqua, serif;\"><span style=\"font-size: large;\"><span lang=\"pl-PL\">Z do\u015bwiadczenia \u017cyciowego wiemy, \u017ce najcz\u0119\u015bciej <\/span><span lang=\"pl-PL\">c<\/span><span lang=\"pl-PL\">i, co maj\u0105 najmniej, potrafi\u0105 si\u0119 najhojniej dzieli\u0107 z innymi. Dlatego te\u017c Jezus w swoim nauczaniu m\u00f3wi\u0142, \u017ce \u0142atwiej wielb\u0142\u0105dowi przej\u015b\u0107 przez ucho igielne, ni\u017c bogatemu wej\u015b\u0107 do Kr\u00f3lestwa Bo\u017cego. Czy to znaczy, \u017ce bogactwo i pieni\u0105dze s\u0105 z\u0142e? <\/span><\/span><\/span><\/span><\/p>\n<p lang=\"en-US\" align=\"justify\"><span style=\"color: #000000;\"><span style=\"font-family: Book Antiqua, serif;\"><span style=\"font-size: large;\"><span lang=\"pl-PL\">Oczywi\u015bcie, \u017ce nie. Jest tu jednak pewne \u201eale\u201d. W centrum naszego \u017cycia ma by\u0107 B\u00f3g, a nie dobr<\/span><span lang=\"pl-PL\">a<\/span><span lang=\"pl-PL\"> tego \u015bwiata. O ile nie uczynimy z pieni\u0119dzy pewnego <\/span><span lang=\"pl-PL\">rodzaju<\/span><span lang=\"pl-PL\"> bo\u017cka, o tyle posiadanie pieni\u0119dzy czy bogactwa nie <\/span><span lang=\"pl-PL\">b\u0119dzie niczym samym w sobie z\u0142ym.<\/span> \u00a0<\/span><\/span><\/span><\/p>\n<p lang=\"en-US\" align=\"justify\"><span style=\"color: #000000;\"><span style=\"font-family: Book Antiqua, serif;\"><span style=\"font-size: large;\"><span lang=\"pl-PL\">Nasz Pan nie chce, by\u015bmy byli lud\u017ami biednymi, kt\u00f3rym ca\u0142y czas brakuje i nie starcza do ko\u0144ca miesi\u0105ca. Natomiast naszym powo\u0142aniem jest to, aby dzieli\u0107 si\u0119 tym, co mamy, z innymi. Dlatego tak mocno podkre\u015blona jest waga ja\u0142mu\u017cny, kt\u00f3ra \u2013 jak m\u00f3wi Archanio\u0142 Rafa\u0142 <\/span><span lang=\"pl-PL\">\u00ab<\/span><span lang=\"pl-PL\">uwalnia od \u015bmierci i oczyszcza z wszelkiego grzechu. Ci, kt\u00f3rzy daj\u0105 ja\u0142mu\u017cn\u0119, nasyc\u0105 si\u0119 \u017cyciem<\/span><span lang=\"pl-PL\">\u00bb.<\/span><\/span><\/span><\/span><\/p>\n<p lang=\"en-US\" align=\"justify\"><span style=\"color: #000000;\"><span style=\"font-family: Book Antiqua, serif;\"><span style=\"font-size: large;\"><span lang=\"pl-PL\">Dzieje si\u0119 tak, poniewa\u017c <\/span><span lang=\"pl-PL\">kiedy dzielimy<\/span><span lang=\"pl-PL\"> si\u0119 z innymi swoimi dobrami \u2013 wzrasta w nas i umacnia si\u0119 mi\u0142o\u015b\u0107 do bli\u017aniego. Sam B\u00f3g m\u00f3wi do nas, \u017ce okazana <\/span><span lang=\"pl-PL\">innym <\/span><span lang=\"pl-PL\">dobro\u0107 zostanie przez Niego wynagrodzona po stokro\u0107. Oczywi\u015bcie, nie mo\u017cemy odda\u0107 ca\u0142ej naszej wyp\u0142aty i nie mie\u0107 na rachunki, bo to by by\u0142o niepowa\u017cne. Zastan\u00f3wmy si\u0119 jednak, czy nie jest tak, \u017ce wydajemy nasze pieni\u0105dze na zachcianki, na przyjemno\u015bci i mo\u017cna by <\/span><span lang=\"pl-PL\">nawet wprost powiedzie\u0107<\/span><span lang=\"pl-PL\">, \u017ce trwonimy nasze pieni\u0105dze bez g\u0142\u0119bszego sensu? <\/span><\/span><\/span><\/span><\/p>\n<p lang=\"en-US\" align=\"justify\"><span style=\"color: #000000;\"><span style=\"font-family: Book Antiqua, serif;\"><span style=\"font-size: large;\"><span lang=\"pl-PL\">Owszem, <\/span><span lang=\"pl-PL\">Kto\u015b mo\u017ce <\/span><span lang=\"pl-PL\">na to od<\/span><span lang=\"pl-PL\">powiedzie\u0107: \u201e<\/span><span lang=\"pl-PL\">N<\/span><span lang=\"pl-PL\">o dobrze, ale <\/span><span lang=\"pl-PL\">skoro sam <\/span><span lang=\"pl-PL\">zarobi\u0142em<\/span><span lang=\"pl-PL\">,<\/span><span lang=\"pl-PL\"> to wydaj<\/span><span lang=\"pl-PL\">\u0119,<\/span><span lang=\"pl-PL\"> na co mi si\u0119 podoba\u201d. I to jest prawda. Ka\u017cdy z nas ma woln\u0105 wol\u0119 i mo\u017ce wydawa\u0107 swoje pieni\u0105dze na co chce. Tylko potem nie <\/span><span lang=\"pl-PL\">pytajmy zdziwieni<\/span><span lang=\"pl-PL\">: \u201eDlaczego B\u00f3g, skoro jest taki dobry, pozwala na g\u0142\u00f3d na \u015bwiecie?\u201d Zwr\u00f3\u0107my uwag\u0119, \u017ce <\/span><span lang=\"pl-PL\">jeden<\/span><span lang=\"pl-PL\"> proc<\/span><span lang=\"pl-PL\">ent<\/span><span lang=\"pl-PL\"> najbogatszych ludzi \u015bwiata ma dwa razy tyle, ile <\/span><span lang=\"pl-PL\">ca\u0142a <\/span><span lang=\"pl-PL\">reszta ludzko\u015bci. Ja nawet nie jestem w stanie sobie tego wyobrazi\u0107! Gdyby ka\u017cdy cz\u0142owiek potrafi\u0142 hojnie dzieli\u0107 si\u0119 z innymi \u2013 g\u0142odu i innych problem\u00f3w mog\u0142oby nie by\u0107.<\/span><\/span><\/span><\/span><\/p>\n<p lang=\"en-US\" align=\"justify\"><span style=\"color: #000000;\"><span style=\"font-family: Book Antiqua, serif;\"><span style=\"font-size: large;\"><span lang=\"pl-PL\">Kolejn\u0105 kwesti\u0105, poruszon\u0105 w tej <\/span><span lang=\"pl-PL\">K<\/span><span lang=\"pl-PL\">si\u0119dze, jest zagadnienie dzi\u0119kczynienia Bogu za to, co posiadamy. Przecie\u017c to, \u017ce mamy prac\u0119 oraz finanse, r\u00f3wnie\u017c jest \u0142ask\u0105 Boga. Tak naprawd\u0119 to wszystko do Niego nale\u017cy, a my tylko otrzymujemy to dzi\u0119ki Jego \u0142asce. Chwalmy Boga za Jego \u0142askawo\u015b\u0107! Dzi\u0119kujmy mu za to wszystko, co posiadamy i kim jeste\u015bmy.<\/span><\/span><\/span><\/span><\/p>\n<p lang=\"en-US\" align=\"justify\"><span style=\"color: #000000;\"><span style=\"font-family: Book Antiqua, serif;\"><span style=\"font-size: large;\"><span lang=\"pl-PL\">Wielokrotnie w Pi\u015bmie \u015awi\u0119tym pojawia si\u0119 zagadnienie dzi\u0119kczynienia i uwielbienia Boga. Jest to najpi\u0119kniejsza modlitwa! Nie skupiajmy si\u0119 na tym czego nam brakuje, co by\u015bmy chcieli kupi\u0107, osi\u0105gn\u0105\u0107 czy otrzyma\u0107. Doce\u0144my tak naprawd\u0119 to, co ju\u017c otrzymali\u015bmy. Archanio\u0142 m\u00f3wi: <\/span><span lang=\"pl-PL\">\u00ab<\/span><span lang=\"pl-PL\">Rozg\u0142aszajcie wobec wszystkich ludzi s\u0142owa Bo\u017ce, jak na to zas\u0142uguj\u0105 i nie oci\u0105gajcie si\u0119 z wyra\u017caniem Mu wdzi\u0119czno\u015bci.<\/span><span lang=\"pl-PL\">\u00bb<\/span><span lang=\"pl-PL\"> Naszym zadaniem jest \u2013 poprzez <\/span><span lang=\"pl-PL\">wiar\u0119 \u2013<\/span><span lang=\"pl-PL\"> pok\u0142ada\u0107 ufno\u015b\u0107 w Bogu i by\u0107 przekonanym o tym, \u017ce otrzymamy wszystko, co b\u0119dzie nam potrzebne w \u017cyciu. Ju\u017c sama <\/span><span lang=\"pl-PL\">ta <\/span><span lang=\"pl-PL\">wiara jest uwielbieniem Boga i Jego dzia\u0142ania.<\/span><\/span><\/span><\/span><\/p>\n<p lang=\"en-US\" align=\"justify\"><span style=\"color: #000000;\"><span style=\"font-family: Book Antiqua, serif;\"><span style=\"font-size: large;\"><span lang=\"pl-PL\">Dzisiejsza Ewangelia jest <\/span><span lang=\"pl-PL\">tak\u017ce<\/span><span lang=\"pl-PL\"> bardzo intryguj\u0105ca. Oto Jezus siedzi i obserwuje, jak ludzie wrzucaj\u0105 pieni\u0105dze. Jak jest napisane, wielu bogatych wrzuca\u0142o wiele. Musimy zada\u0107 sobie pytanie czy wiele \u2013 <\/span><span lang=\"pl-PL\">to <\/span><span lang=\"pl-PL\">znaczy hojnie? To, co napisa\u0142em na pocz\u0105tku o tym, \u017ce cz\u0119sto biedni dziel\u0105 si\u0119 wszystkim tym, co maj\u0105, ma potwierdzenie w dzisiejszej Ewangelii. Jezus przyzywa swoich uczni\u00f3w i pokazuje im, na czym polega tak naprawd\u0119 hojne dzielenie si\u0119 z innymi. Wdowa odda\u0142a Bogu najwi\u0119cej, poniewa\u017c odda\u0142a wszystko, co mia\u0142a. I po raz kolejny nie chodzi o to, \u017ceby teraz oddawa\u0107 wszystkie zarobione pieni\u0105dze, ale <\/span><span lang=\"pl-PL\">ta historia<\/span><span lang=\"pl-PL\"> ma nam pokaza\u0107, \u017ce mamy ofiarowa\u0107 Bogu wszystko, co mamy <\/span><span lang=\"pl-PL\">i kim jeste\u015bmy,<\/span><span lang=\"pl-PL\"> poniewa\u017c to wszystko dostali\u015bmy dzi\u0119ki Jego \u0142asce.<\/span><\/span><\/span><\/span><\/p>\n<p lang=\"en-US\" align=\"justify\"><span style=\"color: #000000;\"><span style=\"font-family: Book Antiqua, serif;\"><span style=\"font-size: large;\"><span lang=\"pl-PL\">W pierwszej cz\u0119\u015bci Ewangelii za\u015b Jezus pokazuje ob\u0142ud\u0119 uczonych w Pi\u015bmie, kt\u00f3rzy modl\u0105 si\u0119 i robi\u0105 wszystko na pokaz. Zachowuj\u0105 si\u0119, jak ob\u0142udnicy, a m\u00f3wi\u0105c <\/span><span lang=\"pl-PL\">dzisiejszym j\u0119zykiem:<\/span><span lang=\"pl-PL\"> jak hipokryci i k\u0142amcy. Na pierwszy rzut oka \u2013 mo\u017cna by rzec \u2013 religijni ludzie. Tylko zawsze trzeba patrze\u0107 przez pryzmat intencji. S\u0105 ludzie, kt\u00f3rzy modl\u0105 si\u0119, daj\u0105 ja\u0142mu\u017cn\u0119, czy post\u0119puj\u0105 bardzo religijnie, ale jest to tylko na pokaz. <\/span><\/span><\/span><\/span><\/p>\n<p lang=\"en-US\" align=\"justify\"><span style=\"color: #000000;\"><span style=\"font-family: Book Antiqua, serif;\"><span style=\"font-size: large;\"><span lang=\"pl-PL\">To nasze codzienne \u017cycie, nasze codzienne zadania oraz to, jak do nich podchodzimy, ma by\u0107 zgodne z nasz\u0105 wiar\u0105 i wol\u0105 Boga. Mamy by\u0107 pokorni, skromni oraz pe\u0142ni mi\u0142o\u015bci do bli\u017aniego. Tylko taka postawa oraz <\/span><span lang=\"pl-PL\">stawianie<\/span><span lang=\"pl-PL\"> Jezusa w centrum naszego \u017cycia \u2013 pozwoli post\u0119powa\u0107 uczciwie, dobrze i zgodnie z przykazaniami. <\/span><\/span><\/span><\/span><\/p>\n<p lang=\"en-US\" align=\"justify\"><span style=\"color: #000000;\"><span style=\"font-family: Book Antiqua, serif;\"><span style=\"font-size: large;\"><span lang=\"pl-PL\">Odk\u0105d zacz\u0105\u0142em \u017cy\u0107 wed\u0142ug tych zasad, zobaczy\u0142em jak bardzo B\u00f3g b\u0142ogos\u0142awi mi w \u017cyciu. To nie s\u0105 tylko puste slogany. To jest prawda, kt\u00f3rej do\u015bwiadczam codziennie. Im bardziej komu\u015b po<\/span><span lang=\"pl-PL\">mog\u0119<\/span><span lang=\"pl-PL\"> finansowo, materialnie czy modlitewnie, <\/span><span lang=\"pl-PL\">to<\/span> <span lang=\"pl-PL\">n<\/span><span lang=\"pl-PL\">asz Pan za chwil\u0119 mi daje od <\/span><span lang=\"pl-PL\">s<\/span><span lang=\"pl-PL\">iebie o wiele, wiele wi\u0119cej, ni\u017c bym <\/span><span lang=\"pl-PL\">nawet <\/span><span lang=\"pl-PL\">tego pragn\u0105\u0142. Nasz kochany B\u00f3g ma dla nas niesko\u0144czony zas\u00f3b \u0142aski i prezent\u00f3w, tylko cz\u0119sto my sami tego nie potrafimy przyj\u0105\u0107, albo po prostu nie ufamy <\/span><span lang=\"pl-PL\">M<\/span><span lang=\"pl-PL\">u i nie wierzymy, \u017ce to otrzymamy. Ten brak zaufania i brak wiary \u2013 <\/span><span lang=\"pl-PL\">to<\/span> <span lang=\"pl-PL\">jednoczesny <\/span><span lang=\"pl-PL\">brak uwielbienia Boga i zarazem blokad<\/span><span lang=\"pl-PL\">a<\/span><span lang=\"pl-PL\"> przed otrzymaniem od Niego stukrotnego b\u0142ogos\u0142awie\u0144stwa.<\/span><\/span><\/span><\/span><\/p>\n<p align=\"justify\"><span style=\"color: #000000;\"><span style=\"font-size: large;\"><span style=\"font-family: Book Antiqua, serif;\"><span lang=\"pl-PL\">Jezus powiedzia\u0142: <\/span><\/span><span style=\"font-family: Book Antiqua, serif;\"><span lang=\"pl-PL\">\u00ab<\/span><\/span><span style=\"font-family: Book Antiqua, serif;\"><span lang=\"pl-PL\">Czy\u017c nie sprzedaj\u0105 pi\u0119ciu wr\u00f3bli za dwa asy? A przecie\u017c \u017caden z nich nie jest zapomniany w oczach Bo\u017cych. U was za\u015b nawet w\u0142osy na g\u0142owie wszystkie s\u0105 policzone. Nie b\u00f3jcie si\u0119: jeste\u015bcie wa\u017cniejsi ni\u017c wiele wr\u00f3bli<\/span><\/span><span style=\"font-family: Book Antiqua, serif;\"><span lang=\"en-US\">\u00bb<\/span><\/span><span style=\"font-family: Book Antiqua, serif;\"><span lang=\"pl-PL\">. Ufajmy wi\u0119c, \u017ce <\/span><\/span><span style=\"font-family: Book Antiqua, serif;\"><span lang=\"pl-PL\">n<\/span><\/span><span style=\"font-family: Book Antiqua, serif;\"><span lang=\"pl-PL\">asz Pan wie, c<\/span><\/span><span style=\"font-family: Book Antiqua, serif;\"><span lang=\"pl-PL\">zeg<\/span><\/span><span style=\"font-family: Book Antiqua, serif;\"><span lang=\"pl-PL\">o potrzebujemy i zatroszczy si\u0119 o nasz byt. Sami z siebie nic nie mo\u017cemy, dlatego nie starajmy si\u0119 ogarnia\u0107 \u017cycia \u201epo swojemu\u201d, bo wtedy w centrum stawiamy siebie, a nie Boga. A to ju\u017c jest ba\u0142wochwalstwo! <\/span><\/span><\/span><\/span><\/p>\n<p align=\"justify\"><span style=\"color: #000000;\"><span style=\"font-size: large;\"><span style=\"font-family: Book Antiqua, serif;\"><span lang=\"pl-PL\">Oddajmy wszystko Bogu, dzi\u0119kujmy za to, co posiadamy, a sami si\u0119 przekonamy, jak wspania\u0142e rzeczy s\u0105 dla nas przygotowane.<\/span><\/span><\/span><\/span><\/p>\n","protected":false},"excerpt":{"rendered":"<p>Szcz\u0119\u015b\u0107 Bo\u017ce! Moi Drodzy, w dniu dzisiejszym urodziny prze\u017cywa Monika Ochnik \u2013 Osoba mi bardzo bliska i \u017cyczliwa, z kt\u00f3r\u0105 znamy si\u0119 ju\u017c od pierwszych dni mojego kap\u0142a\u0144stwa, kiedy to anga\u017cowa\u0142a si\u0119 Ona w dzia\u0142alno\u015b\u0107 KSM w Parafii mojego pierwszego wikariatu \u2013 w Radory\u017cu Ko\u015bcielnym. Dzisiaj natomiast jest dyplomowan\u0105 Piel\u0119gniark\u0105 w Warszawie, ale przede wszystkim [&hellip;]<\/p>\n","protected":false},"author":1,"featured_media":0,"comment_status":"open","ping_status":"open","sticky":false,"template":"","format":"standard","meta":{"jetpack_post_was_ever_published":false,"_jetpack_newsletter_access":"","_jetpack_dont_email_post_to_subs":false,"_jetpack_newsletter_tier_id":0,"_jetpack_memberships_contains_paywalled_content":false,"_jetpack_memberships_contains_paid_content":false,"footnotes":""},"categories":[1],"tags":[],"class_list":["post-21627","post","type-post","status-publish","format-standard","hentry","category-bez-kategorii"],"yoast_head":"<!-- This site is optimized with the Yoast SEO plugin v25.1 - https:\/\/yoast.com\/wordpress\/plugins\/seo\/ -->\n<title>Dzisiaj - o pieni\u0105dzach... - Gaudium Et Spes<\/title>\n<meta name=\"robots\" content=\"index, follow, max-snippet:-1, max-image-preview:large, max-video-preview:-1\" \/>\n<link rel=\"canonical\" href=\"https:\/\/gaudiumetspes-blog.pl\/index.php\/2023\/06\/10\/dzisiaj-o-pieniadzach\/\" \/>\n<meta property=\"og:locale\" content=\"pl_PL\" \/>\n<meta property=\"og:type\" content=\"article\" \/>\n<meta property=\"og:title\" content=\"Dzisiaj - o pieni\u0105dzach... - Gaudium Et Spes\" \/>\n<meta property=\"og:description\" content=\"Szcz\u0119\u015b\u0107 Bo\u017ce! Moi Drodzy, w dniu dzisiejszym urodziny prze\u017cywa Monika Ochnik \u2013 Osoba mi bardzo bliska i \u017cyczliwa, z kt\u00f3r\u0105 znamy si\u0119 ju\u017c od pierwszych dni mojego kap\u0142a\u0144stwa, kiedy to anga\u017cowa\u0142a si\u0119 Ona w dzia\u0142alno\u015b\u0107 KSM w Parafii mojego pierwszego wikariatu \u2013 w Radory\u017cu Ko\u015bcielnym. Dzisiaj natomiast jest dyplomowan\u0105 Piel\u0119gniark\u0105 w Warszawie, ale przede wszystkim [&hellip;]\" \/>\n<meta property=\"og:url\" content=\"https:\/\/gaudiumetspes-blog.pl\/index.php\/2023\/06\/10\/dzisiaj-o-pieniadzach\/\" \/>\n<meta property=\"og:site_name\" content=\"Gaudium Et Spes\" \/>\n<meta property=\"article:published_time\" content=\"2023-06-09T22:17:09+00:00\" \/>\n<meta name=\"author\" content=\"Ks. Jacek\" \/>\n<meta name=\"twitter:card\" content=\"summary_large_image\" \/>\n<meta name=\"twitter:label1\" content=\"Napisane przez\" \/>\n\t<meta name=\"twitter:data1\" content=\"Ks. Jacek\" \/>\n\t<meta name=\"twitter:label2\" content=\"Szacowany czas czytania\" \/>\n\t<meta name=\"twitter:data2\" content=\"10 minut\" \/>\n<script type=\"application\/ld+json\" class=\"yoast-schema-graph\">{\"@context\":\"https:\/\/schema.org\",\"@graph\":[{\"@type\":\"WebPage\",\"@id\":\"https:\/\/gaudiumetspes-blog.pl\/index.php\/2023\/06\/10\/dzisiaj-o-pieniadzach\/\",\"url\":\"https:\/\/gaudiumetspes-blog.pl\/index.php\/2023\/06\/10\/dzisiaj-o-pieniadzach\/\",\"name\":\"Dzisiaj - o pieni\u0105dzach... - Gaudium Et Spes\",\"isPartOf\":{\"@id\":\"https:\/\/gaudiumetspes-blog.pl\/#website\"},\"datePublished\":\"2023-06-09T22:17:09+00:00\",\"author\":{\"@id\":\"https:\/\/gaudiumetspes-blog.pl\/#\/schema\/person\/1661982992b752dea8dff0d4ed845a65\"},\"breadcrumb\":{\"@id\":\"https:\/\/gaudiumetspes-blog.pl\/index.php\/2023\/06\/10\/dzisiaj-o-pieniadzach\/#breadcrumb\"},\"inLanguage\":\"pl-PL\",\"potentialAction\":[{\"@type\":\"ReadAction\",\"target\":[\"https:\/\/gaudiumetspes-blog.pl\/index.php\/2023\/06\/10\/dzisiaj-o-pieniadzach\/\"]}]},{\"@type\":\"BreadcrumbList\",\"@id\":\"https:\/\/gaudiumetspes-blog.pl\/index.php\/2023\/06\/10\/dzisiaj-o-pieniadzach\/#breadcrumb\",\"itemListElement\":[{\"@type\":\"ListItem\",\"position\":1,\"name\":\"Strona g\u0142\u00f3wna\",\"item\":\"https:\/\/gaudiumetspes-blog.pl\/\"},{\"@type\":\"ListItem\",\"position\":2,\"name\":\"Dzisiaj &#8211; o&nbsp;pieni\u0105dzach&#8230;\"}]},{\"@type\":\"WebSite\",\"@id\":\"https:\/\/gaudiumetspes-blog.pl\/#website\",\"url\":\"https:\/\/gaudiumetspes-blog.pl\/\",\"name\":\"Gaudium Et Spes\",\"description\":\"Blog Ks. Jacka Ja\u015bkowskiego\",\"potentialAction\":[{\"@type\":\"SearchAction\",\"target\":{\"@type\":\"EntryPoint\",\"urlTemplate\":\"https:\/\/gaudiumetspes-blog.pl\/?s={search_term_string}\"},\"query-input\":{\"@type\":\"PropertyValueSpecification\",\"valueRequired\":true,\"valueName\":\"search_term_string\"}}],\"inLanguage\":\"pl-PL\"},{\"@type\":\"Person\",\"@id\":\"https:\/\/gaudiumetspes-blog.pl\/#\/schema\/person\/1661982992b752dea8dff0d4ed845a65\",\"name\":\"Ks. Jacek\",\"image\":{\"@type\":\"ImageObject\",\"inLanguage\":\"pl-PL\",\"@id\":\"https:\/\/gaudiumetspes-blog.pl\/#\/schema\/person\/image\/\",\"url\":\"https:\/\/gaudiumetspes-blog.pl\/wp-content\/uploads\/2019\/07\/avatar-JJ-150x150.jpg\",\"contentUrl\":\"https:\/\/gaudiumetspes-blog.pl\/wp-content\/uploads\/2019\/07\/avatar-JJ-150x150.jpg\",\"caption\":\"Ks. Jacek\"},\"description\":\"Witam serdecznie! K\u0142ania si\u0119 Ks. Jacek Ja\u015bkowski. Nie jestem ani kim\u015b wa\u017cnym, ani kim\u015b znanym. Jestem ksi\u0119dzem, kt\u00f3ry po prostu chce rozmawia\u0107. Codzienna kap\u0142a\u0144ska pos\u0142uga pokazuje mi, \u017ce temat\u00f3w do rozm\u00f3w z ksi\u0119dzem jest coraz wi\u0119cej i dzisiaj \u017caden ksi\u0105dz nie mo\u017ce od nich ucieka\u0107, ale - wprost przeciwnie - podejmowa\u0107 nowe wyzwania. To przekonanie sk\u0142oni\u0142o mnie do pr\u00f3by otwarcia tego\u017c bloga, chocia\u017c okazji do rozm\u00f3w na co dzie\u0144 - w konfesjonale i poza nim - na szcz\u0119\u015bcie nie brakuje. My\u015bl\u0119 jednak, \u017ce ten blog b\u0119dzie jeszcze jednym sposobem i przestrzeni\u0105 nawi\u0105zania kontaktu z lud\u017ami dobrej woli, otwartymi na dialog.\",\"url\":\"https:\/\/gaudiumetspes-blog.pl\/index.php\/author\/ks-jacek\/\"}]}<\/script>\n<!-- \/ Yoast SEO plugin. -->","yoast_head_json":{"title":"Dzisiaj - o pieni\u0105dzach... - Gaudium Et Spes","robots":{"index":"index","follow":"follow","max-snippet":"max-snippet:-1","max-image-preview":"max-image-preview:large","max-video-preview":"max-video-preview:-1"},"canonical":"https:\/\/gaudiumetspes-blog.pl\/index.php\/2023\/06\/10\/dzisiaj-o-pieniadzach\/","og_locale":"pl_PL","og_type":"article","og_title":"Dzisiaj - o pieni\u0105dzach... - Gaudium Et Spes","og_description":"Szcz\u0119\u015b\u0107 Bo\u017ce! Moi Drodzy, w dniu dzisiejszym urodziny prze\u017cywa Monika Ochnik \u2013 Osoba mi bardzo bliska i \u017cyczliwa, z kt\u00f3r\u0105 znamy si\u0119 ju\u017c od pierwszych dni mojego kap\u0142a\u0144stwa, kiedy to anga\u017cowa\u0142a si\u0119 Ona w dzia\u0142alno\u015b\u0107 KSM w Parafii mojego pierwszego wikariatu \u2013 w Radory\u017cu Ko\u015bcielnym. Dzisiaj natomiast jest dyplomowan\u0105 Piel\u0119gniark\u0105 w Warszawie, ale przede wszystkim [&hellip;]","og_url":"https:\/\/gaudiumetspes-blog.pl\/index.php\/2023\/06\/10\/dzisiaj-o-pieniadzach\/","og_site_name":"Gaudium Et Spes","article_published_time":"2023-06-09T22:17:09+00:00","author":"Ks. Jacek","twitter_card":"summary_large_image","twitter_misc":{"Napisane przez":"Ks. Jacek","Szacowany czas czytania":"10 minut"},"schema":{"@context":"https:\/\/schema.org","@graph":[{"@type":"WebPage","@id":"https:\/\/gaudiumetspes-blog.pl\/index.php\/2023\/06\/10\/dzisiaj-o-pieniadzach\/","url":"https:\/\/gaudiumetspes-blog.pl\/index.php\/2023\/06\/10\/dzisiaj-o-pieniadzach\/","name":"Dzisiaj - o pieni\u0105dzach... - Gaudium Et Spes","isPartOf":{"@id":"https:\/\/gaudiumetspes-blog.pl\/#website"},"datePublished":"2023-06-09T22:17:09+00:00","author":{"@id":"https:\/\/gaudiumetspes-blog.pl\/#\/schema\/person\/1661982992b752dea8dff0d4ed845a65"},"breadcrumb":{"@id":"https:\/\/gaudiumetspes-blog.pl\/index.php\/2023\/06\/10\/dzisiaj-o-pieniadzach\/#breadcrumb"},"inLanguage":"pl-PL","potentialAction":[{"@type":"ReadAction","target":["https:\/\/gaudiumetspes-blog.pl\/index.php\/2023\/06\/10\/dzisiaj-o-pieniadzach\/"]}]},{"@type":"BreadcrumbList","@id":"https:\/\/gaudiumetspes-blog.pl\/index.php\/2023\/06\/10\/dzisiaj-o-pieniadzach\/#breadcrumb","itemListElement":[{"@type":"ListItem","position":1,"name":"Strona g\u0142\u00f3wna","item":"https:\/\/gaudiumetspes-blog.pl\/"},{"@type":"ListItem","position":2,"name":"Dzisiaj &#8211; o&nbsp;pieni\u0105dzach&#8230;"}]},{"@type":"WebSite","@id":"https:\/\/gaudiumetspes-blog.pl\/#website","url":"https:\/\/gaudiumetspes-blog.pl\/","name":"Gaudium Et Spes","description":"Blog Ks. Jacka Ja\u015bkowskiego","potentialAction":[{"@type":"SearchAction","target":{"@type":"EntryPoint","urlTemplate":"https:\/\/gaudiumetspes-blog.pl\/?s={search_term_string}"},"query-input":{"@type":"PropertyValueSpecification","valueRequired":true,"valueName":"search_term_string"}}],"inLanguage":"pl-PL"},{"@type":"Person","@id":"https:\/\/gaudiumetspes-blog.pl\/#\/schema\/person\/1661982992b752dea8dff0d4ed845a65","name":"Ks. Jacek","image":{"@type":"ImageObject","inLanguage":"pl-PL","@id":"https:\/\/gaudiumetspes-blog.pl\/#\/schema\/person\/image\/","url":"https:\/\/gaudiumetspes-blog.pl\/wp-content\/uploads\/2019\/07\/avatar-JJ-150x150.jpg","contentUrl":"https:\/\/gaudiumetspes-blog.pl\/wp-content\/uploads\/2019\/07\/avatar-JJ-150x150.jpg","caption":"Ks. Jacek"},"description":"Witam serdecznie! K\u0142ania si\u0119 Ks. Jacek Ja\u015bkowski. Nie jestem ani kim\u015b wa\u017cnym, ani kim\u015b znanym. Jestem ksi\u0119dzem, kt\u00f3ry po prostu chce rozmawia\u0107. Codzienna kap\u0142a\u0144ska pos\u0142uga pokazuje mi, \u017ce temat\u00f3w do rozm\u00f3w z ksi\u0119dzem jest coraz wi\u0119cej i dzisiaj \u017caden ksi\u0105dz nie mo\u017ce od nich ucieka\u0107, ale - wprost przeciwnie - podejmowa\u0107 nowe wyzwania. To przekonanie sk\u0142oni\u0142o mnie do pr\u00f3by otwarcia tego\u017c bloga, chocia\u017c okazji do rozm\u00f3w na co dzie\u0144 - w konfesjonale i poza nim - na szcz\u0119\u015bcie nie brakuje. My\u015bl\u0119 jednak, \u017ce ten blog b\u0119dzie jeszcze jednym sposobem i przestrzeni\u0105 nawi\u0105zania kontaktu z lud\u017ami dobrej woli, otwartymi na dialog.","url":"https:\/\/gaudiumetspes-blog.pl\/index.php\/author\/ks-jacek\/"}]}},"jetpack_featured_media_url":"","jetpack_sharing_enabled":true,"_links":{"self":[{"href":"https:\/\/gaudiumetspes-blog.pl\/index.php\/wp-json\/wp\/v2\/posts\/21627","targetHints":{"allow":["GET"]}}],"collection":[{"href":"https:\/\/gaudiumetspes-blog.pl\/index.php\/wp-json\/wp\/v2\/posts"}],"about":[{"href":"https:\/\/gaudiumetspes-blog.pl\/index.php\/wp-json\/wp\/v2\/types\/post"}],"author":[{"embeddable":true,"href":"https:\/\/gaudiumetspes-blog.pl\/index.php\/wp-json\/wp\/v2\/users\/1"}],"replies":[{"embeddable":true,"href":"https:\/\/gaudiumetspes-blog.pl\/index.php\/wp-json\/wp\/v2\/comments?post=21627"}],"version-history":[{"count":1,"href":"https:\/\/gaudiumetspes-blog.pl\/index.php\/wp-json\/wp\/v2\/posts\/21627\/revisions"}],"predecessor-version":[{"id":21628,"href":"https:\/\/gaudiumetspes-blog.pl\/index.php\/wp-json\/wp\/v2\/posts\/21627\/revisions\/21628"}],"wp:attachment":[{"href":"https:\/\/gaudiumetspes-blog.pl\/index.php\/wp-json\/wp\/v2\/media?parent=21627"}],"wp:term":[{"taxonomy":"category","embeddable":true,"href":"https:\/\/gaudiumetspes-blog.pl\/index.php\/wp-json\/wp\/v2\/categories?post=21627"},{"taxonomy":"post_tag","embeddable":true,"href":"https:\/\/gaudiumetspes-blog.pl\/index.php\/wp-json\/wp\/v2\/tags?post=21627"}],"curies":[{"name":"wp","href":"https:\/\/api.w.org\/{rel}","templated":true}]}}