{"id":21629,"date":"2023-06-11T00:21:30","date_gmt":"2023-06-10T22:21:30","guid":{"rendered":"https:\/\/gaudiumetspes-blog.pl\/?p=21629"},"modified":"2023-06-10T22:03:07","modified_gmt":"2023-06-10T20:03:07","slug":"aby-poznac-pana","status":"publish","type":"post","link":"https:\/\/gaudiumetspes-blog.pl\/index.php\/2023\/06\/11\/aby-poznac-pana\/","title":{"rendered":"Aby pozna\u0107 Pana&#8230;"},"content":{"rendered":"<p align=\"justify\"><span style=\"color: #000000;\"><span style=\"font-family: Book Antiqua, serif;\"><span style=\"font-size: large;\">Niech b\u0119dzie pochwalony Jezus Chrystus! Moi Drodzy, w dniu dzisiejszym<b> <\/b><b>rocznic\u0119 <\/b><b>\u015b<\/b><b>wi\u0119ce\u0144 kap\u0142a\u0144skich prze\u017cywaj\u0105: <\/b><\/span><\/span><\/span><\/p>\n<p align=\"justify\"><span style=\"color: #000000;\">\u25ba<span style=\"font-family: Book Antiqua, serif;\"><span style=\"font-size: large;\"><b>Ks. Pawe\u0142 Bro\u0144<\/b><b>ski, <\/b><b>Kap\u0142an z naszej Diecezji, na Prymicji kt\u00f3rego mia\u0142em zaszczyt g\u0142osi\u0107 homili\u0119 \u2013 <\/b><b>Dyrektor Diecezjalnej Telewizji Internetowej FARO TV, Redaktor Katolickiego Radia Podlasie;<\/b><\/span><\/span><\/span><\/p>\n<p align=\"justify\"><span style=\"color: #000000;\">\u25ba<span style=\"font-family: Book Antiqua, serif;\"><span style=\"font-size: large;\"><b>Ksi\u0105dz Kamil Prus z Diecezji warszawsko \u2013 praskiej, <\/b><b>z kt\u00f3rym spotka\u0142em si\u0119 w Parafii Ojca Pio w Warszawie, gdzie by\u0142 On na praktykach.<\/b><b> <\/b><\/span><\/span><\/span><\/p>\n<p align=\"justify\"><span style=\"color: #000000;\"><span style=\"font-family: Book Antiqua, serif;\"><span style=\"font-size: large;\"><b>Urodziny natomiast prze\u017cywa<\/b><b>j\u0105:<\/b><\/span><\/span><\/span><\/p>\n<p align=\"justify\"><span style=\"color: #000000;\">\u25ba<span style=\"font-family: Book Antiqua, serif;\"><span style=\"font-size: large;\"><b>Mariusz Niedzia\u0142kowski, Cz\u0142owiek bardzo <\/b><b>mi <\/b><b>\u017cyczliwy, M\u0105\u017c Agnieszki, z kt\u00f3r\u0105 tworz\u0105 naprawd\u0119 <\/b><b>pi\u0119kne<\/b><b> ma\u0142\u017ce\u0144stwo. \u017bycz\u0119 Jubilatowi \u2013 a <\/b><b>w\u0142a\u015bciwie <\/b><b>Obojgu \u2013 <\/b><b>aby Pan udzieli\u0142 Im <\/b><b>wszystkich mo\u017cliwych \u0142ask i natchnie\u0144<\/b><b>.<\/b><b> <\/b><b>Wspieram Ich modlitw\u0105!<\/b><\/span><\/span><\/span><\/p>\n<p align=\"justify\"><span style=\"color: #000000;\">\u25ba<span style=\"font-family: Book Antiqua, serif;\"><span style=\"font-size: large;\"><b>Jakub Pa\u0142ysa \u2013 za moich czas\u00f3w: Prezes S\u0142u\u017cby liturgicznej w Miastkowie. <\/b><\/span><\/span><\/span><\/p>\n<p align=\"justify\"><span style=\"color: #000000;\"><span style=\"font-family: Book Antiqua, serif;\"><span style=\"font-size: large;\"><b>Z kolei, rocznic\u0119 zawarcia sakramentalnego Ma\u0142\u017ce\u0144stwa obchodz\u0105 Magdalena i Szymon Olender. Dzi\u0119kuj\u0105c za nasz\u0105 wieloletni\u0105 blisko\u015b\u0107 i dobry kontakt, \u017cycz\u0119 nieustannego odkrywania pi\u0119kna ma\u0142\u017ce\u0144skiego \u017cycia, oraz powo\u0142ania do rodzicielstwa. Niech Pan b\u0142ogos\u0142awi Jubilatom, Ich C\u00f3rce, Ich wspania\u0142ym Rodzicom \u2013 jednym i drugim \u2013 i wszystkim Bliskim. Zapewniam o modlitwie!<\/b><\/span><\/span><\/span><\/p>\n<p align=\"justify\"><span style=\"color: #000000;\"><span style=\"font-family: Book Antiqua, serif;\"><span style=\"font-size: large;\"><b>Niech Pan udzieli <\/b><b>Dostojnym Jubilatom <\/b><b>swoich dar\u00f3w i apostolskiego zapa\u0142u! Zapewniam o modlitwie!<\/b><\/span><\/span><\/span><\/p>\n<p align=\"justify\"><span style=\"color: #000000;\"><span style=\"font-family: Book Antiqua, serif;\"><span style=\"font-size: large;\">A oto ja dzisiaj pomagam duszpastersko w Parafii w Poizdowie, potem za\u015b \u2013 o 20:00 \u2013 Msza \u015awi\u0119ta w naszym Duszpasterstwie, po kt\u00f3rej odb\u0119dzie si\u0119 nabo\u017ce\u0144stwo czerwcowe. <\/span><\/span><\/span><\/p>\n<p align=\"justify\"><span style=\"color: #000000;\"><span style=\"font-family: Book Antiqua, serif;\"><span style=\"font-size: large;\">Teraz za\u015b ju\u017c zapraszam do rozwa\u017cenia dzisiejszego Bo\u017cego s\u0142owa. <b>Co dzi\u015b m\u00f3wi do mnie Pan? Z jakim konkretnym przes\u0142aniem zwraca si\u0119 do mnie osobi\u015bcie? <\/b>Duchu \u015awi\u0119ty, poprowad\u017a\u2026<\/span><\/span><\/span><\/p>\n<p align=\"justify\"><span style=\"color: #000000;\"><span style=\"font-family: Book Antiqua, serif;\"><span style=\"font-size: large;\"><b>Niech Was b\u0142ogos\u0142awi B\u00f3g Wszechmog\u0105cy: Ojciec + i Syn, i Duch \u015awi\u0119ty. Amen<\/b><\/span><\/span><\/span><\/p>\n<p align=\"center\"><span style=\"color: #000000;\"><span style=\"font-family: Book Antiqua, serif;\"><span style=\"font-size: large;\">Gaudium et spes! Ks. Jacek<\/span><\/span><\/span><\/p>\n<p align=\"center\">\n<p align=\"center\">\n<p align=\"center\">\n<p align=\"center\">\n<p align=\"center\">\n<p align=\"justify\"><span style=\"color: #000000;\"><span style=\"font-family: Book Antiqua, serif;\"><span style=\"font-size: large;\"><b>10 Niedziela Zwyk\u0142a, A,<\/b><\/span><\/span><\/span><\/p>\n<p align=\"justify\"><span style=\"color: #000000;\"><span style=\"font-family: Book Antiqua, serif;\"><span style=\"font-size: large;\"><b>11 czerwca 2023.,\u00a0<\/b><\/span><\/span><\/span><\/p>\n<p align=\"justify\"><span style=\"color: #000000;\"><span style=\"font-family: Book Antiqua, serif;\"><span style=\"font-size: large;\"><b>do czyta\u0144: Oz 6,3\u20136; Rz 4,18\u201325 Mt 9,9\u201313<\/b><\/span><\/span><\/span><\/p>\n<p align=\"justify\">\n<p align=\"justify\">\n<p align=\"justify\">\n<p align=\"justify\">\n<p align=\"justify\">\n<p align=\"justify\"><span style=\"font-family: Book Antiqua, serif;\"><strong><span style=\"color: #000000;\"><span style=\"font-size: large;\"><b>CZYTANIE Z KSI\u0118GI PROROKA OZEASZA: <\/b><\/span><\/span><\/strong><\/span><\/p>\n<p align=\"justify\"><span style=\"color: #000000;\"><span style=\"font-family: Book Antiqua, serif;\"><span style=\"font-size: large;\"><b>Do\u0142\u00f3\u017cmy stara\u0144, aby pozna\u0107 Pana; Jego przyj\u015bcie jest pewne jak \u015bwit poranka, jak wczesny deszcz przychodzi On do nas, i jak deszcz p\u00f3\u017any, co nasyca ziemi\u0119.<\/b><\/span><\/span><\/span><\/p>\n<p align=\"justify\"><span style=\"color: #000000;\"><span style=\"font-family: Book Antiqua, serif;\"><span style=\"font-size: large;\"><b>C\u00f3\u017c ci mog\u0119 uczyni\u0107, Efraimie, co poczn\u0119 z tob\u0105 Judo? Mi\u0142o\u015b\u0107 wasza podobna do chmur na \u015bwitaniu albo do rosy, kt\u00f3ra pr\u0119dko znika. Dlatego ciosa\u0142em ich przez prorok\u00f3w, s\u0142owami ust mych zabija\u0142em, a Prawo moje zab\u0142ys\u0142o jak \u015bwiat\u0142o. Mi\u0142o\u015bci pragn\u0119, nie krwawej ofiary, poznania Boga bardziej ni\u017c ca\u0142opale\u0144.<\/b><\/span><\/span><\/span><\/p>\n<p align=\"justify\">\n<p align=\"justify\">\n<p align=\"justify\">\n<p align=\"justify\">\n<p align=\"justify\">\n<p align=\"justify\"><span style=\"font-family: Book Antiqua, serif;\"><strong><span style=\"color: #000000;\"><span style=\"font-size: large;\"><b>CZYTANIE Z LISTU \u015aWI\u0118TEGO PAW\u0141A APOSTO\u0141A DO RZYMIAN:<\/b><\/span><\/span><\/strong><\/span><\/p>\n<p align=\"justify\"><span style=\"color: #000000;\"><span style=\"font-family: Book Antiqua, serif;\"><span style=\"font-size: large;\"><b>Bracia: Abraham wbrew nadziei uwierzy\u0142 nadziei, \u017ce stanie si\u0119 ojcem wielu narod\u00f3w zgodnie z tym, co by\u0142o powiedziane: \u00abTakie b\u0119dzie twoje potomstwo\u00bb.<\/b><\/span><\/span><\/span><\/p>\n<p align=\"justify\"><span style=\"color: #000000;\"><span style=\"font-family: Book Antiqua, serif;\"><span style=\"font-size: large;\"><b>I nie zachwia\u0142 si\u0119 w wierze, cho\u0107 stwierdzi\u0142, \u017ce cia\u0142o jego jest ju\u017c obumar\u0142e \u2013 mia\u0142 ju\u017c prawie sto lat \u2013 i \u017ce obumar\u0142e jest \u0142ono Sary. I nie okaza\u0142 wahania ani niedowierzania co do obietnicy Bo\u017cej, ale si\u0119 wzmocni\u0142 w wierze. Odda\u0142 przez to chwa\u0142\u0119 Bogu i by\u0142 przekonany, \u017ce mocen jest On r\u00f3wnie\u017c wype\u0142ni\u0107, co obieca\u0142. Dlatego te\u017c poczytano mu to za sprawiedliwo\u015b\u0107.<\/b><\/span><\/span><\/span><\/p>\n<p align=\"justify\"><span style=\"color: #000000;\"><span style=\"font-family: Book Antiqua, serif;\"><span style=\"font-size: large;\"><b>A to, \u017ce poczytano mu, zosta\u0142o napisane nie ze wzgl\u0119du na niego samego, ale i ze wzgl\u0119du na nas, jako \u017ce b\u0119dzie poczytane i nam, kt\u00f3rzy wierzymy w Tego, co wskrzesi\u0142 z martwych Jezusa, Pana naszego. On to zosta\u0142 wydany za nasze grzechy i wskrzeszony z martwych dla naszego usprawiedliwienia.<\/b><\/span><\/span><\/span><\/p>\n<p align=\"justify\">\n<p align=\"justify\">\n<p align=\"justify\">\n<p align=\"justify\">\n<p align=\"justify\">\n<p align=\"justify\"><span style=\"font-family: Book Antiqua, serif;\"><strong><span style=\"color: #000000;\"><span style=\"font-size: large;\"><b>S\u0141OWA EWANGELII WED\u0141UG \u015aWI\u0118TEGO MATEUSZA:<\/b><\/span><\/span><\/strong><\/span><\/p>\n<p align=\"justify\"><span style=\"color: #000000;\"><span style=\"font-family: Book Antiqua, serif;\"><span style=\"font-size: large;\"><b>Odchodz\u0105c z Kafarnaum Jezus ujrza\u0142 cz\u0142owieka siedz\u0105cego w komorze celnej, imieniem Mateusz, i rzek\u0142 do niego: \u201eP\u00f3jd\u017a za Mn\u0105\u201d. On wsta\u0142 i poszed\u0142 za Nim.<\/b><\/span><\/span><\/span><\/p>\n<p align=\"justify\"><span style=\"color: #000000;\"><span style=\"font-family: Book Antiqua, serif;\"><span style=\"font-size: large;\"><b>Gdy Jezus siedzia\u0142 w domu za sto\u0142em, przysz\u0142o wielu celnik\u00f3w i grzesznik\u00f3w i siedzieli wraz z Jezusem i Jego uczniami. Widz\u0105c to faryzeusze, m\u00f3wili do Jego uczni\u00f3w: \u201eDlaczego wasz Nauczyciel jada wsp\u00f3lnie z celnikami i grzesznikami?\u201d<\/b><\/span><\/span><\/span><\/p>\n<p align=\"justify\"><span style=\"color: #000000;\"><span style=\"font-family: Book Antiqua, serif;\"><span style=\"font-size: large;\"><b>On, us\u0142yszawszy to, rzek\u0142: \u201eNie potrzebuj\u0105 lekarza zdrowi, lecz ci, kt\u00f3rzy si\u0119 \u017ale maj\u0105. Id\u017acie i starajcie si\u0119 zrozumie\u0107, co znaczy: \u00abChc\u0119 raczej mi\u0142osierdzia ni\u017c ofiary\u00bb. Bo nie przyszed\u0142em powo\u0142a\u0107 sprawiedliwych, ale grzesznik\u00f3w\u201d.<\/b><\/span><\/span><\/span><\/p>\n<p align=\"justify\">\n<p align=\"justify\">\n<p align=\"justify\">\n<p align=\"justify\">\n<p align=\"justify\">\n<p align=\"justify\"><span style=\"color: #000000;\"><span style=\"font-family: Book Antiqua, serif;\"><span style=\"font-size: large;\"><i><b>Mi\u0142o\u015bci pragn\u0119, nie krwawej ofiary, poznania Boga bardziej, ni\u017c ca\u0142opale\u0144.<\/b><\/i> Oraz: <i><b>Id\u017acie i starajcie si\u0119 zrozumie\u0107, co znaczy: \u201eChc\u0119 raczej mi\u0142osierdzia, ni\u017c ofiary\u201d. Bo nie przyszed\u0142em powo\u0142a\u0107 sprawiedliwych, ale grzesznik\u00f3w. <\/b><\/i>Oto dwa stwierdzenia Boga, zapisane kolejno: w pierwszym czytaniu, z Ksi\u0119gi Ozeasza, oraz we fragmencie Ewangelii wed\u0142ug \u015awi\u0119tego Mateusza. <\/span><\/span><\/span><\/p>\n<p align=\"justify\"><span style=\"color: #000000;\"><span style=\"font-family: Book Antiqua, serif;\"><span style=\"font-size: large;\">A <b>przes\u0142anie<\/b> jednego i drugiego zdania jest bardzo podobne: o wiele bardziej od zewn\u0119trznych znak\u00f3w, o wiele bardziej nawet, ani\u017celi praktyki religijne, <b>Bogu podoba si\u0119 przemiana serca ludzkiego, <\/b>czyli<b> <\/b>dar duchowy, kt\u00f3ry sk\u0142ada Mu szczerze. <\/span><\/span><\/span><\/p>\n<p align=\"justify\"><span style=\"color: #000000;\"><span style=\"font-family: Book Antiqua, serif;\"><span style=\"font-size: large;\">Oto w pierwszym czytaniu s\u0142yszymy: <i><b>Do\u0142\u00f3\u017cmy stara\u0144, aby pozna\u0107 Pana.<\/b><\/i> W terminologii biblijnej, s\u0142owo: <b>\u201e<\/b><b>pozna\u0107\u201d<\/b> oznacza nie tylko: dowiedzie\u0107 si\u0119, \u017ce kto\u015b taki jest i czego\u015b tam og\u00f3lnie dowiedzie\u0107 si\u0119 o nim, ale <b>\u201e<\/b><b>pozna\u0107\u201d<\/b> \u2013 w tym przypadku: <b>\u00ab<\/b><b>pozna\u0107 Boga<\/b><b>\u00bb<\/b><b> \u2013<\/b> oznacza: <b>zacz\u0105\u0107 \u017cy\u0107 wed\u0142ug Jego woli, wed\u0142ug Jego polece\u0144, wed\u0142ug Jego stylu. <\/b>Pozna\u0107 Boga \u2013 to si\u0119 do Niego zbli\u017cy\u0107 i upodobni\u0107, to Go jeszcze bardziej pokocha\u0107. <\/span><\/span><\/span><\/p>\n<p align=\"justify\"><span style=\"color: #000000;\"><span style=\"font-family: Book Antiqua, serif;\"><span style=\"font-size: large;\">Zreszt\u0105, w jakim\u015b stopniu to znaczenie bliskie jest tak\u017ce znajomo\u015bci pomi\u0119dzy lud\u017ami: <b>ten zna dobrze drugiego, kto jest z nim z\u017cyty, <\/b>kto widzia\u0142 go w r\u00f3\u017cnych sytuacjach, kto nie tylko s\u0142yszy, co ten drugi m\u00f3wi, ale i go rozumie, <b>wsp\u00f3\u0142odczuwa z nim,<\/b> wchodzi w jego sytuacj\u0119, czasami po prostu \u2013 <b>rozumie bez s\u0142\u00f3w.<\/b> Pobie\u017cna znajomo\u015b\u0107 to \u2013 mo\u017cna by rzec \u2013 \u017cadna znajomo\u015b\u0107. <\/span><\/span><\/span><\/p>\n<p align=\"justify\"><span style=\"color: #000000;\"><span style=\"font-family: Book Antiqua, serif;\"><span style=\"font-size: large;\">St\u0105d \u00abpoznanie Boga\u00bb to tak\u017ce \u2013 i przede wszystkim \u2013 <b>proces bardzo wewn\u0119trzny.<\/b> I dlatego B\u00f3g przez Proroka Ozeasza, m\u00f3wi dalej: <i><b>Co ci mog\u0119 uczyni\u0107, Efraimie, co poczn\u0119 z Tob\u0105, Judo? Mi\u0142o\u015b\u0107 wasza podobna do chmur na \u015bwitaniu albo do rosy, kt\u00f3ra pr\u0119dko znika. Dlatego ciosa\u0142em ich przez Prorok\u00f3w, s\u0142owami ust Mych zabija\u0142em, a Prawo moje zab\u0142ys\u0142o jak \u015bwiat\u0142o.<\/b><\/i><b> <\/b><\/span><\/span><\/span><\/p>\n<p align=\"justify\"><span style=\"color: #000000;\"><span style=\"font-family: Book Antiqua, serif;\"><span style=\"font-size: large;\">Nie ma w\u0105tpliwo\u015bci, \u017ce owo <b>\u00ab<\/b><b>poznanie Boga<\/b><b>\u00bb<\/b> w jaki\u015b niezwyk\u0142y i tajemniczy spos\u00f3b dokona\u0142o si\u0119<b> w sercu celnika Mateusza.<\/b> W momencie, w kt\u00f3rym spotka\u0142 go po raz pierwszy Jezus, cz\u0142owiek ten cieszy\u0142 si\u0119<b> \u2013 <\/b>m\u00f3wi\u0105c niezwykle ogl\u0119dnie i delikatnie<b> \u2013 <\/b><b>opini\u0105\u2026<\/b><b> niespecjaln\u0105.<\/b> Takich bowiem ludzi, kt\u00f3rzy zbierali c\u0142o \u2013 nie zapominajmy, \u017ce na rzecz Rzymian, a wi\u0119c okupanta! \u2013<b> <\/b>w Palestynie, za czas\u00f3w Jezusa,<b> stawiano na r\u00f3wni z grzesznikami.<\/b> Izraelita stroni\u0142 od celnik\u00f3w tak samo, jak od ludzi ska\u017conych nieczysto\u015bci\u0105. I oto Jezus wychodzi do <b>takiego<\/b><b> w\u0142a\u015bnie powszechnie pogardzanego cz\u0142owieka <\/b>i \u2013 co wi\u0119cej <b>\u2013 <\/b>nie tylko wychodzi mu na spotkanie, ale wr\u0119cz <b>wprasza si\u0119 do niego w go\u015bcin\u0119.<\/b> Akurat dzisiaj o tym nie s\u0142yszymy, ale zapisali to inni Ewangeli\u015bci. <\/span><\/span><\/span><\/p>\n<p align=\"justify\"><span style=\"color: #000000;\"><span style=\"font-family: Book Antiqua, serif;\"><span style=\"font-size: large;\">My natomiast s\u0142yszeli\u015bmy w Ewangelii, \u017ce Jezus siedzia\u0142 za sto\u0142em <b>z celnikami i grzesznikami.<\/b> Oczywi\u015bcie, musimy to w\u0142a\u015bciwie rozumie\u0107. To nie oznacza \u2013 bynajmniej \u2013 takiej sytuacji, \u017ce ci ludzie, kt\u00f3rzy z Jezusem za tym sto\u0142em usiedli, <b>akurat w tym momencie robili co\u015b z\u0142ego<\/b> i dla uczczenia jakiej\u015b kradzie\u017cy czy dla tak zwanego \u201eopicia\u201d jakiego\u015b zab\u00f3jstwa, albo dla podzielenia si\u0119 zrabowanym \u0142upem, <b>zasiedli z Jezusem do weso\u0142ej uczty.<\/b> Nie, to nie w tym rzecz! Bo gdyby rzeczywi\u015bcie tak by\u0142o, to by <b>oznacza\u0142o akceptacj\u0119 ze strony Jezusa<\/b> pope\u0142nianego przez nich grzechu. <\/span><\/span><\/span><\/p>\n<p align=\"justify\"><span style=\"color: #000000;\"><span style=\"font-family: Book Antiqua, serif;\"><span style=\"font-size: large;\">Tymczasem, tu chodzi\u0142o o tak\u0105 sytuacj\u0119, w kt\u00f3rej ludzie ci \u2013 <b>owszem: grzeszni i z niejednym ciemnym czynem na koncie<\/b> \u2013 ale s\u0105 \u015bwiadomi swojego stanu i chc\u0105 co\u015b z nim zrobi\u0107. To ludzie, kt\u00f3rzy<b> nie tylko poznali Boga, <\/b>ale dla kt\u00f3rych poznanie Boga, poznanie Jezusa, oznacza tak\u017ce<b> poznanie samych siebie. <\/b>A to poznanie siebie oznacza dla nich z kolei zobaczenie ca\u0142ej masy pod\u0142o\u015bci i grzechu, kt\u00f3ry w nich tkwi. I to w\u0142a\u015bnie<b> takich odwa\u017cnych ludzi, kt\u00f3rzy nie boj\u0105 si\u0119 prawdy o sobie \u2013 <\/b>Jezus zaprasza do sto\u0142u. <\/span><\/span><\/span><\/p>\n<p align=\"justify\"><span style=\"color: #000000;\"><span style=\"font-family: Book Antiqua, serif;\"><span style=\"font-size: large;\">I nawet nie ma w tym momencie znaczenia, jaka ta prawda jest. Bo nawet, <b>je\u017celi jest ona najczarniejsza, <\/b>to najwa\u017cniejsze, \u017ce oni sami si\u0119 jej nie boj\u0105. Jezus takich zaprasza do siebie <b>i chce im pom\u00f3c.<\/b> <\/span><\/span><\/span><\/p>\n<p align=\"justify\"><span style=\"color: #000000;\"><span style=\"font-family: Book Antiqua, serif;\"><span style=\"font-size: large;\">Ich przeciwie\u0144stwem s\u0105 <b>faryzeusze, kt\u00f3rzy sami <\/b><b>byli<\/b><b> mo\u017ce jeszcze wi\u0119kszymi grzesznikami<\/b> od tych, kt\u00f3rzy z Jezusem zasiedli do sto\u0142u, ale kt\u00f3rzy mniemanie mieli o sobie ogromne i kt\u00f3rzy <b>nawet nie dopuszcza<\/b><b>li<\/b><b> do siebie takiej mo\u017cliwo\u015bci,<\/b> \u017ce mogliby co\u015b robi\u0107 \u017ale. Sk\u0105d\u017ce! Oni w\u0142a\u015bnie <b>z pogard\u0105 patrzyli<\/b> na tych, kt\u00f3rzy z Jezusem zasiedli do sto\u0142u, patrzyli na nich <b>w\u0142a\u015bnie jako na grzesznik\u00f3w, <\/b>a na Jezusa \u2013 jako na tego, kt\u00f3ry z nimi paktuje i utrzymuje jakie\u015b ciemne konszachty. <\/span><\/span><\/span><\/p>\n<p align=\"justify\"><span style=\"color: #000000;\"><span style=\"font-family: Book Antiqua, serif;\"><span style=\"font-size: large;\">Wida\u0107 z tego, \u017ce<b> nie poznali zupe\u0142nie Jezusa.<\/b> Wida\u0107 z tego, \u017ce zupe\u0142nie nie maj\u0105 poj\u0119cia o tym, kim jest B\u00f3g \u2013 nie m\u00f3wi\u0105c ju\u017c o tym, \u017ce w og\u00f3le si\u0119 z Nim nie z\u017cyli, nie \u017cyj\u0105 wed\u0142ug Jego woli. Chocia\u017c, oczywi\u015bcie, <b>w swoim mniemaniu byli <\/b><b>wr\u0119cz <\/b><b>specjalistami od Pana Boga!<\/b> Oni wiedzieli, co nale\u017cy czyni\u0107, jak post\u0119powa\u0107, jak zachowywa\u0107 Prawo, a przy okazji \u2013 <b>jak je obchodzi\u0107.<\/b> Mateusz i jemu podobni, pomimo \u015bwiadomo\u015bci licznych grzech\u00f3w \u2013 <b>a mo\u017ce w\u0142a\u015bnie dlatego \u2013 od razu poszli za Jezusem!<\/b><\/span><\/span><\/span><\/p>\n<p align=\"justify\"><span style=\"color: #000000;\"><span style=\"font-family: Book Antiqua, serif;\"><span style=\"font-size: large;\">Faryzeusze za\u015b i uczeni w Pi\u015bmie, chocia\u017c zachowywali ca\u0142\u0105 mas\u0119 rozlicznych przepis\u00f3w, <b>chocia\u017c zachowywali ca\u0142y zewn\u0119trzny, przepisany prawem rytua\u0142,<\/b> to jednak do Jezusa mieli zawsze najwi\u0119cej zastrze\u017ce\u0144. I c\u00f3\u017c w\u00f3wczas z tego, \u017ce zewn\u0119trznie byli poprawni \u2013 <b>mo\u017ce a\u017c zbyt poprawni?<\/b> <\/span><\/span><\/span><\/p>\n<p align=\"justify\"><span style=\"color: #000000;\"><span style=\"font-family: Book Antiqua, serif;\"><span style=\"font-size: large;\">W tym kontek\u015bcie, wielkim wzorem staje si\u0119 dla nas <b>wiara Mateusza,<\/b> jakim\u015b wielkim wzorem staje si\u0119 dla nas <b>wiara Abrahama,<\/b> kt\u00f3ry uwierzy\u0142 w nowin\u0119, po ludzku mog\u0105c\u0105 si\u0119 wydawa\u0107 wr\u0119cz absurdaln\u0105: oto dwoje starych ludzi ma si\u0119 sta\u0107 rodzicami, ma by\u0107 im podarowane nowe \u017cycie. <b>A jednak, Abraham bezgranicznie uwierzy\u0142 \u2013 i wygra\u0142!<\/b> Wspomina dzi\u015b o tym \u015awi\u0119ty Pawe\u0142, w drugim czytaniu\u2026<\/span><\/span><\/span><\/p>\n<p align=\"justify\"><span style=\"color: #000000;\"><span style=\"font-family: Book Antiqua, serif;\"><span style=\"font-size: large;\">Moi Drodzy, z tego S\u0142owa p\u0142ynie dla nas bardzo jasne i konkretne pouczenie i wskazanie: <b>n<\/b><b>ie<\/b><b> wystarczy by\u0107 chrze\u015bcijaninem \u2013 <\/b>tylko<b> <\/b>z metryki.<b> <\/b><b>Nie wystarczy by\u0107 katolikiem<\/b><b> \u2013 <\/b>tylko z kancelaryjnego za\u015bwiadczenia. Nie wystarczy by\u0107 <b>tak zwanym \u201eporz\u0105dnym cz\u0142owiekiem\u201d<\/b> \u2013 tylko z w\u0142asnego o sobie mniemania. Nie wystarczy nawet <b>codziennie chodzi\u0107 do ko\u015bcio\u0142a<\/b><b> \u2013 <\/b>dla samego tylko chodzenia. Nie wystarczy <b>ksi\u0119dza po kol\u0119dzie przyjmowa<\/b><b>\u0107<\/b> \u2013 tylko dla ludzkiego oka. Nie wystarczy zawrze\u0107 <b>ma\u0142\u017ce\u0144stwa w ko\u015bciele, <\/b>nie wystarczy ochrzci\u0107 dzieci, doprowadzi\u0107 do Pierwszej Komunii czy do Bierzmowania \u2013 dla tak zwanego \u015bwi\u0119tego spokoju. <\/span><\/span><\/span><\/p>\n<p align=\"justify\"><span style=\"color: #000000;\"><span style=\"font-family: Book Antiqua, serif;\"><span style=\"font-size: large;\">Nie wystarczy nawet <b>by\u0107 znajomym <\/b><b>p<\/b><b>roboszcza,<\/b> czy mie\u0107 ksi\u0119dza w rodzinie. <b>Wi\u0119cej: nawet ksi\u0119dzem by\u0107 nie wystarczy \u2013 <\/b>tylko po to, \u017ceby nim by\u0107. Moi Drodzy, to wszystko naprawd\u0119 nie wystarczy! Bo <b>mo\u017cna tego wszystkiego dopilnowa\u0107, <\/b>mo\u017cna to wszystko na ostatni guzik dopi\u0105\u0107, mo\u017cna w zewn\u0119trznym wymiarze wszystkiego tego przestrzega\u0107 <b>\u2013 a wcale nie pozna\u0107 Jezusa,<\/b> nie pokocha\u0107 Go, nie odkry\u0107\u2026 Mo\u017cna pozosta\u0107 gdzie\u015b daleko od Niego. <b>Niesamowite \u2013 ale tak mo\u017ce by\u0107!<\/b><\/span><\/span><\/span><\/p>\n<p align=\"justify\"><span style=\"color: #000000;\"><span style=\"font-family: Book Antiqua, serif;\"><span style=\"font-size: large;\">Ja oczywi\u015bcie <b>nie zamierzam powiedzie\u0107 w tym momencie, i\u017c nie jest wa\u017cna modlitwa, <\/b>przyjmowanie Sakrament\u00f3w; \u017ce nie jest wa\u017cne przybywanie na Msz\u0119 \u015awi\u0119t\u0105 w ka\u017cd\u0105 niedziel\u0119, a nawet w tygodniu. To wszystko jest <b>ogromnie wa\u017cne!<\/b> Ale to wszystko musi nas prowadzi\u0107 do czego\u015b wi\u0119cej. Do czego? <b>W\u0142a\u015bnie \u2013 do poznania Jezusa!<\/b><\/span><\/span><\/span><\/p>\n<p align=\"justify\"><span style=\"color: #000000;\"><span style=\"font-family: Book Antiqua, serif;\"><span style=\"font-size: large;\">Bo s\u0105 tacy ludzie, kt\u00f3rych przekonanie <b>o w\u0142asnej doskona\u0142o\u015bci jest <\/b><b>ju\u017c <\/b><b>tak wielkie, \u017ce a\u017c niezno\u015bne! <\/b>I w\u0142a\u015bnie ci ludzie na innych patrz\u0105 z g\u00f3ry, innymi pogardzaj\u0105, a przyst\u0119puj\u0105c po p\u00f3\u0142 roku do Spowiedzi, praktycznie<b> nie maj\u0105 si\u0119 z czego spowiada\u0107. Bo nie maj\u0105 grzechu!<\/b> Prawdziwy cud! <\/span><\/span><\/span><\/p>\n<p align=\"justify\"><span style=\"color: #000000;\"><span style=\"font-family: Book Antiqua, serif;\"><span style=\"font-size: large;\">A znowu inni maj\u0105 jakie\u015b wewn\u0119trzne niepokoje, bo oto tyle si\u0119 staraj\u0105, spowiadaj\u0105 si\u0119, pr\u00f3buj\u0105 \u2013 <b>i ci\u0105gle im nie za bardzo wychodzi,<\/b> i ci\u0105gle powtarzaj\u0105 si\u0119 te same grzechy, i ci\u0105gle mogliby da\u0107 z siebie wi\u0119cej, i jako\u015b lepiej post\u0105pi\u0107 w takiej czy innej sytuacji<b>. I w\u0142a\u015bnie tym osobom chcia\u0142oby si\u0119 powiedzie\u0107 \u2013 i bardzo cz\u0119sto tak si\u0119 m\u00f3wi \u2013 aby si\u0119 nie niepokoi\u0142y, <\/b>aby nie czyni\u0142y sobie wyrzut\u00f3w, aby naprawd\u0119 nie my\u015bla\u0142y zbyt krytycznie o sobie i o swojej wierze. <\/span><\/span><\/span><\/p>\n<p align=\"justify\"><span style=\"color: #000000;\"><span style=\"font-family: Book Antiqua, serif;\"><span style=\"font-size: large;\">Bo chocia\u017c maj\u0105 poczucie swoich grzech\u00f3w i swojej niedoskona\u0142o\u015bci, chocia\u017c ci\u0105gle widz\u0105, jak wiele maj\u0105 jeszcze do zrobienia, to <b>o takie osoby spowiednik b\u0119dzie zawsze spokojny,<\/b> bo widzi, \u017ce bardzo si\u0119 staraj\u0105, \u017ce maj\u0105 trze\u017awy os\u0105d swojej sytuacji. I chocia\u017c rzeczywi\u015bcie \u2013 <b>nie wszystko im wychodzi, to jednak <\/b><b>oni <\/b><b>wiedz\u0105 o tym <\/b>i<b> <\/b>wiedz\u0105, w jakim kierunku ma i\u015b\u0107 ich praca nad sob\u0105. <\/span><\/span><\/span><\/p>\n<p align=\"justify\"><span style=\"color: #000000;\"><span style=\"font-family: Book Antiqua, serif;\"><span style=\"font-size: large;\">Takim osobom pozostaje tylko <b>\u017cyczy\u0107 spokoju i cierpliwo\u015bci d<\/b><b>o<\/b><b> samych siebie,<\/b> aby nie chcieli naraz i szybko wszystkiego osi\u0105gn\u0105\u0107, ale aby si\u0119 nastawili na <b>prac\u0119 spokojn\u0105 i wytrwa\u0142\u0105,<\/b> kt\u00f3ra b\u0119dzie przynosi\u0142a widoczne efekty. Znacznie powa\u017cniejszy problem jest w\u00f3wczas, kiedy \u2013 jak ju\u017c wspomnieli\u015bmy sobie \u2013 <b>cz\u0142owiek w swoich oczach jest doskona\u0142y i nie dostrzega potrzeby \u017cadnej pracy nad sob\u0105,<\/b> nie dostrzega w sobie \u017cadnych grzech\u00f3w, <b>za to dostrzega je <\/b><b>u<\/b><b> wszystkich wok\u00f3\u0142.<\/b> Bez w\u0105tpienia, taki stan rzeczy jest niepokoj\u0105cy i musi dawa\u0107 do zastanowienia. <\/span><\/span><\/span><\/p>\n<p align=\"justify\"><span style=\"color: #000000;\"><span style=\"font-family: Book Antiqua, serif;\"><span style=\"font-size: large;\">Bo nawet, je\u017celi ten cz\u0142owiek dokonuje <b>bardzo spektakularnych dzia\u0142a\u0144 w <\/b><b>p<\/b><b>arafii,<\/b> co\u015b zasponsoruje, gdzie\u015b co\u015b dobrego zrobi \u2013 bardzo cz\u0119sto: najlepiej, je\u015bli b\u0119dzie przy tym kilka kamer, albo kto\u015b, kto to opisze \u2013 <b>jest on daleko od Boga i na Boga zamkni\u0119ty.<\/b> Taki cz\u0142owiek nie p\u00f3jdzie za Bogiem, nie zaufa Mu do ko\u0144ca, nie spe\u0142ni Jego woli, bo <b>zawsze b\u0119dzie mia\u0142 jakie\u015b zastrze\u017cenia, <\/b>zawsze b\u0119dzie mia\u0142 jakie\u015b swoje \u201elepsze rozwi\u0105zania\u201d. <\/span><\/span><\/span><\/p>\n<p align=\"justify\"><span style=\"color: #000000;\"><span style=\"font-family: Book Antiqua, serif;\"><span style=\"font-size: large;\">Nie pozostaje nam zatem nic innego, moi Drodzy, jak prosi\u0107 Boga, aby<b> w naszych sercach rozpali\u0142 wiar\u0119 Abrahama, wiar\u0119 Mateusza;<\/b> a jednocze\u015bnie \u2013 pom\u00f3g\u0142 nam wybroni\u0107 si\u0119 przed postaw\u0105 uczonych w Pi\u015bmie i faryzeuszy, kt\u00f3rzy przegrywali ka\u017cde spotkanie z Jezusem. I to <b>nie dlatego, \u017ce Jezus si\u0119 na nich uwzi\u0105\u0142 <\/b>i chcia\u0142 ich pokona\u0107, chcia\u0142 ich przekre\u015bli\u0107.<b> Nie, wprost przeciwnie!<\/b> To mo\u017ce w\u0142a\u015bnie dlatego byli\u015bmy \u015bwiadkami nieraz bardzo ostrych reakcji Jezusa na nich, \u017ce <b>chcia\u0142 On jako\u015b do nich dotrze\u0107, jako\u015b przekona\u0107,<\/b> i\u017c tak naprawd\u0119 \u2013 <b>musz\u0105 co\u015b zrobi\u0107 ze swoim \u017cyciem, <\/b>ze swoim sumieniem\u2026 A je\u017celi si\u0119 to nie udawa\u0142o, to nie z winy Jezusa, ale dlatego, \u017ce <b>ich serca by\u0142y tak bardzo szczelnie zamkni\u0119te.<\/b> <\/span><\/span><\/span><\/p>\n<p align=\"justify\"><span style=\"color: #000000;\"><span style=\"font-family: Book Antiqua, serif;\"><span style=\"font-size: large;\">I my tak\u017ce, moi Drodzy, im wi\u0119cej b\u0119dziemy Bogu ufali, im bardziej b\u0119dziemy si\u0119 starali od Niego zale\u017ce\u0107, im cz\u0119\u015bciej b\u0119dziemy chcieli si\u0119 z Nim spotyka\u0107, <b>im cz\u0119\u015bciej i ch\u0119tniej b\u0119dziemy Go pyta\u0107 o zdanie w r\u00f3\u017cnych naszych sprawach,<\/b> im bardziej b\u0119dziemy si\u0119 z tym zdaniem liczy\u0107, im intensywniej b\u0119dziemy <b>nauk\u0119 Bo\u017c\u0105 wprowadza\u0107 w swoj\u0105 codzienno\u015b\u0107 \u2013 tym bardziej b\u0119dziemy na tym zyskiwa\u0107,<\/b> tym bardziej b\u0119dziemy zwyci\u0119zcami, tym bli\u017cej b\u0119dziemy Jezusa. <\/span><\/span><\/span><\/p>\n<p align=\"justify\"><span style=\"color: #000000;\"><span style=\"font-family: Book Antiqua, serif;\"><span style=\"font-size: large;\">Problem wielu ludzkich dramat\u00f3w i dylemat\u00f3w, problem wielu ludzkich rozdartych serc i pyta\u0144 bez odpowiedzi \u2013 <b>to nie zawsze <\/b><b>temat<\/b><b> dla psychologa czy dla jakiej\u015b magicznej terapii, <\/b>kt\u00f3ra, nie wiadomo jak, mia\u0142aby cz\u0142owieka uzdrowi\u0107, niczym czarodziejska r\u00f3\u017cd\u017cka. Problem wewn\u0119trznych niepokoj\u00f3w cz\u0142owieka \u2013 <b>to bardzo cz\u0119sto temat na konfesjona\u0142 i na porz\u0105dn\u0105 Spowied\u017a,<\/b> i na solidne uporz\u0105dkowanie swego wn\u0119trza. Wtedy si\u0119 oka\u017ce, \u017ce <b>i spok\u00f3j wr\u00f3ci, i \u0142atwiej b\u0119dzie okre\u015bli\u0107 kierunek swego \u017cycia.<\/b> <\/span><\/span><\/span><\/p>\n<p align=\"justify\"><span style=\"color: #000000;\"><span style=\"font-family: Book Antiqua, serif;\"><span style=\"font-size: large;\">Nie b\u0119dzie to jednak mo\u017cliwe, je\u017celi ja b\u0119d\u0119 \u2013 je\u015bli tak mo\u017cna powiedzie\u0107 \u2013 jedynie <b>znajomym Jezusa, <\/b><b>J<\/b><b>ego \u201ekumplem\u201d, a tak naprawd\u0119 nie poznam Go szczerze.<\/b> <\/span><\/span><\/span><\/p>\n<p align=\"justify\"><span style=\"color: #000000;\"><span style=\"font-family: Book Antiqua, serif;\"><span style=\"font-size: large;\">Dlatego Jezus m\u00f3wi dzisiaj tak\u017ce do mnie: <i><b>Chc\u0119 raczej mi\u0142osierdzia, ni\u017c ofiary<\/b><\/i><b>!<\/b> Dlatego Jezus m\u00f3wi dzisiaj tak\u017ce do mnie: <i><b>Mi\u0142o\u015bci pragn\u0119, nie krwawej ofiary, poznania Boga bardziej, ni\u017c ca\u0142opale\u0144!<\/b><\/i><\/span><\/span><\/span><\/p>\n<p align=\"justify\"><span style=\"color: #000000;\"><span style=\"font-family: Book Antiqua, serif;\"><span style=\"font-size: large;\"><i><b>Mi\u0142o\u015bci pragn\u0119\u2026 Poznania Boga\u2026 <\/b><\/i><\/span><\/span><\/span><\/p>\n","protected":false},"excerpt":{"rendered":"<p>Niech b\u0119dzie pochwalony Jezus Chrystus! Moi Drodzy, w dniu dzisiejszym rocznic\u0119 \u015bwi\u0119ce\u0144 kap\u0142a\u0144skich prze\u017cywaj\u0105: \u25baKs. Pawe\u0142 Bro\u0144ski, Kap\u0142an z naszej Diecezji, na Prymicji kt\u00f3rego mia\u0142em zaszczyt g\u0142osi\u0107 homili\u0119 \u2013 Dyrektor Diecezjalnej Telewizji Internetowej FARO TV, Redaktor Katolickiego Radia Podlasie; \u25baKsi\u0105dz Kamil Prus z Diecezji warszawsko \u2013 praskiej, z kt\u00f3rym spotka\u0142em si\u0119 w Parafii Ojca Pio [&hellip;]<\/p>\n","protected":false},"author":1,"featured_media":0,"comment_status":"open","ping_status":"open","sticky":false,"template":"","format":"standard","meta":{"jetpack_post_was_ever_published":false,"_jetpack_newsletter_access":"","_jetpack_dont_email_post_to_subs":false,"_jetpack_newsletter_tier_id":0,"_jetpack_memberships_contains_paywalled_content":false,"_jetpack_memberships_contains_paid_content":false,"footnotes":""},"categories":[1],"tags":[],"class_list":["post-21629","post","type-post","status-publish","format-standard","hentry","category-bez-kategorii"],"yoast_head":"<!-- This site is optimized with the Yoast SEO plugin v25.1 - https:\/\/yoast.com\/wordpress\/plugins\/seo\/ -->\n<title>Aby pozna\u0107 Pana... - Gaudium Et Spes<\/title>\n<meta name=\"robots\" content=\"index, follow, max-snippet:-1, max-image-preview:large, max-video-preview:-1\" \/>\n<link rel=\"canonical\" href=\"https:\/\/gaudiumetspes-blog.pl\/index.php\/2023\/06\/11\/aby-poznac-pana\/\" \/>\n<meta property=\"og:locale\" content=\"pl_PL\" \/>\n<meta property=\"og:type\" content=\"article\" \/>\n<meta property=\"og:title\" content=\"Aby pozna\u0107 Pana... - Gaudium Et Spes\" \/>\n<meta property=\"og:description\" content=\"Niech b\u0119dzie pochwalony Jezus Chrystus! Moi Drodzy, w dniu dzisiejszym rocznic\u0119 \u015bwi\u0119ce\u0144 kap\u0142a\u0144skich prze\u017cywaj\u0105: \u25baKs. Pawe\u0142 Bro\u0144ski, Kap\u0142an z naszej Diecezji, na Prymicji kt\u00f3rego mia\u0142em zaszczyt g\u0142osi\u0107 homili\u0119 \u2013 Dyrektor Diecezjalnej Telewizji Internetowej FARO TV, Redaktor Katolickiego Radia Podlasie; \u25baKsi\u0105dz Kamil Prus z Diecezji warszawsko \u2013 praskiej, z kt\u00f3rym spotka\u0142em si\u0119 w Parafii Ojca Pio [&hellip;]\" \/>\n<meta property=\"og:url\" content=\"https:\/\/gaudiumetspes-blog.pl\/index.php\/2023\/06\/11\/aby-poznac-pana\/\" \/>\n<meta property=\"og:site_name\" content=\"Gaudium Et Spes\" \/>\n<meta property=\"article:published_time\" content=\"2023-06-10T22:21:30+00:00\" \/>\n<meta name=\"author\" content=\"Ks. Jacek\" \/>\n<meta name=\"twitter:card\" content=\"summary_large_image\" \/>\n<meta name=\"twitter:label1\" content=\"Napisane przez\" \/>\n\t<meta name=\"twitter:data1\" content=\"Ks. Jacek\" \/>\n\t<meta name=\"twitter:label2\" content=\"Szacowany czas czytania\" \/>\n\t<meta name=\"twitter:data2\" content=\"14 minut\" \/>\n<script type=\"application\/ld+json\" class=\"yoast-schema-graph\">{\"@context\":\"https:\/\/schema.org\",\"@graph\":[{\"@type\":\"WebPage\",\"@id\":\"https:\/\/gaudiumetspes-blog.pl\/index.php\/2023\/06\/11\/aby-poznac-pana\/\",\"url\":\"https:\/\/gaudiumetspes-blog.pl\/index.php\/2023\/06\/11\/aby-poznac-pana\/\",\"name\":\"Aby pozna\u0107 Pana... - Gaudium Et Spes\",\"isPartOf\":{\"@id\":\"https:\/\/gaudiumetspes-blog.pl\/#website\"},\"datePublished\":\"2023-06-10T22:21:30+00:00\",\"author\":{\"@id\":\"https:\/\/gaudiumetspes-blog.pl\/#\/schema\/person\/1661982992b752dea8dff0d4ed845a65\"},\"breadcrumb\":{\"@id\":\"https:\/\/gaudiumetspes-blog.pl\/index.php\/2023\/06\/11\/aby-poznac-pana\/#breadcrumb\"},\"inLanguage\":\"pl-PL\",\"potentialAction\":[{\"@type\":\"ReadAction\",\"target\":[\"https:\/\/gaudiumetspes-blog.pl\/index.php\/2023\/06\/11\/aby-poznac-pana\/\"]}]},{\"@type\":\"BreadcrumbList\",\"@id\":\"https:\/\/gaudiumetspes-blog.pl\/index.php\/2023\/06\/11\/aby-poznac-pana\/#breadcrumb\",\"itemListElement\":[{\"@type\":\"ListItem\",\"position\":1,\"name\":\"Strona g\u0142\u00f3wna\",\"item\":\"https:\/\/gaudiumetspes-blog.pl\/\"},{\"@type\":\"ListItem\",\"position\":2,\"name\":\"Aby pozna\u0107 Pana&#8230;\"}]},{\"@type\":\"WebSite\",\"@id\":\"https:\/\/gaudiumetspes-blog.pl\/#website\",\"url\":\"https:\/\/gaudiumetspes-blog.pl\/\",\"name\":\"Gaudium Et Spes\",\"description\":\"Blog Ks. Jacka Ja\u015bkowskiego\",\"potentialAction\":[{\"@type\":\"SearchAction\",\"target\":{\"@type\":\"EntryPoint\",\"urlTemplate\":\"https:\/\/gaudiumetspes-blog.pl\/?s={search_term_string}\"},\"query-input\":{\"@type\":\"PropertyValueSpecification\",\"valueRequired\":true,\"valueName\":\"search_term_string\"}}],\"inLanguage\":\"pl-PL\"},{\"@type\":\"Person\",\"@id\":\"https:\/\/gaudiumetspes-blog.pl\/#\/schema\/person\/1661982992b752dea8dff0d4ed845a65\",\"name\":\"Ks. Jacek\",\"image\":{\"@type\":\"ImageObject\",\"inLanguage\":\"pl-PL\",\"@id\":\"https:\/\/gaudiumetspes-blog.pl\/#\/schema\/person\/image\/\",\"url\":\"https:\/\/gaudiumetspes-blog.pl\/wp-content\/uploads\/2019\/07\/avatar-JJ-150x150.jpg\",\"contentUrl\":\"https:\/\/gaudiumetspes-blog.pl\/wp-content\/uploads\/2019\/07\/avatar-JJ-150x150.jpg\",\"caption\":\"Ks. Jacek\"},\"description\":\"Witam serdecznie! K\u0142ania si\u0119 Ks. Jacek Ja\u015bkowski. Nie jestem ani kim\u015b wa\u017cnym, ani kim\u015b znanym. Jestem ksi\u0119dzem, kt\u00f3ry po prostu chce rozmawia\u0107. Codzienna kap\u0142a\u0144ska pos\u0142uga pokazuje mi, \u017ce temat\u00f3w do rozm\u00f3w z ksi\u0119dzem jest coraz wi\u0119cej i dzisiaj \u017caden ksi\u0105dz nie mo\u017ce od nich ucieka\u0107, ale - wprost przeciwnie - podejmowa\u0107 nowe wyzwania. To przekonanie sk\u0142oni\u0142o mnie do pr\u00f3by otwarcia tego\u017c bloga, chocia\u017c okazji do rozm\u00f3w na co dzie\u0144 - w konfesjonale i poza nim - na szcz\u0119\u015bcie nie brakuje. My\u015bl\u0119 jednak, \u017ce ten blog b\u0119dzie jeszcze jednym sposobem i przestrzeni\u0105 nawi\u0105zania kontaktu z lud\u017ami dobrej woli, otwartymi na dialog.\",\"url\":\"https:\/\/gaudiumetspes-blog.pl\/index.php\/author\/ks-jacek\/\"}]}<\/script>\n<!-- \/ Yoast SEO plugin. -->","yoast_head_json":{"title":"Aby pozna\u0107 Pana... - Gaudium Et Spes","robots":{"index":"index","follow":"follow","max-snippet":"max-snippet:-1","max-image-preview":"max-image-preview:large","max-video-preview":"max-video-preview:-1"},"canonical":"https:\/\/gaudiumetspes-blog.pl\/index.php\/2023\/06\/11\/aby-poznac-pana\/","og_locale":"pl_PL","og_type":"article","og_title":"Aby pozna\u0107 Pana... - Gaudium Et Spes","og_description":"Niech b\u0119dzie pochwalony Jezus Chrystus! Moi Drodzy, w dniu dzisiejszym rocznic\u0119 \u015bwi\u0119ce\u0144 kap\u0142a\u0144skich prze\u017cywaj\u0105: \u25baKs. Pawe\u0142 Bro\u0144ski, Kap\u0142an z naszej Diecezji, na Prymicji kt\u00f3rego mia\u0142em zaszczyt g\u0142osi\u0107 homili\u0119 \u2013 Dyrektor Diecezjalnej Telewizji Internetowej FARO TV, Redaktor Katolickiego Radia Podlasie; \u25baKsi\u0105dz Kamil Prus z Diecezji warszawsko \u2013 praskiej, z kt\u00f3rym spotka\u0142em si\u0119 w Parafii Ojca Pio [&hellip;]","og_url":"https:\/\/gaudiumetspes-blog.pl\/index.php\/2023\/06\/11\/aby-poznac-pana\/","og_site_name":"Gaudium Et Spes","article_published_time":"2023-06-10T22:21:30+00:00","author":"Ks. Jacek","twitter_card":"summary_large_image","twitter_misc":{"Napisane przez":"Ks. Jacek","Szacowany czas czytania":"14 minut"},"schema":{"@context":"https:\/\/schema.org","@graph":[{"@type":"WebPage","@id":"https:\/\/gaudiumetspes-blog.pl\/index.php\/2023\/06\/11\/aby-poznac-pana\/","url":"https:\/\/gaudiumetspes-blog.pl\/index.php\/2023\/06\/11\/aby-poznac-pana\/","name":"Aby pozna\u0107 Pana... - Gaudium Et Spes","isPartOf":{"@id":"https:\/\/gaudiumetspes-blog.pl\/#website"},"datePublished":"2023-06-10T22:21:30+00:00","author":{"@id":"https:\/\/gaudiumetspes-blog.pl\/#\/schema\/person\/1661982992b752dea8dff0d4ed845a65"},"breadcrumb":{"@id":"https:\/\/gaudiumetspes-blog.pl\/index.php\/2023\/06\/11\/aby-poznac-pana\/#breadcrumb"},"inLanguage":"pl-PL","potentialAction":[{"@type":"ReadAction","target":["https:\/\/gaudiumetspes-blog.pl\/index.php\/2023\/06\/11\/aby-poznac-pana\/"]}]},{"@type":"BreadcrumbList","@id":"https:\/\/gaudiumetspes-blog.pl\/index.php\/2023\/06\/11\/aby-poznac-pana\/#breadcrumb","itemListElement":[{"@type":"ListItem","position":1,"name":"Strona g\u0142\u00f3wna","item":"https:\/\/gaudiumetspes-blog.pl\/"},{"@type":"ListItem","position":2,"name":"Aby pozna\u0107 Pana&#8230;"}]},{"@type":"WebSite","@id":"https:\/\/gaudiumetspes-blog.pl\/#website","url":"https:\/\/gaudiumetspes-blog.pl\/","name":"Gaudium Et Spes","description":"Blog Ks. Jacka Ja\u015bkowskiego","potentialAction":[{"@type":"SearchAction","target":{"@type":"EntryPoint","urlTemplate":"https:\/\/gaudiumetspes-blog.pl\/?s={search_term_string}"},"query-input":{"@type":"PropertyValueSpecification","valueRequired":true,"valueName":"search_term_string"}}],"inLanguage":"pl-PL"},{"@type":"Person","@id":"https:\/\/gaudiumetspes-blog.pl\/#\/schema\/person\/1661982992b752dea8dff0d4ed845a65","name":"Ks. Jacek","image":{"@type":"ImageObject","inLanguage":"pl-PL","@id":"https:\/\/gaudiumetspes-blog.pl\/#\/schema\/person\/image\/","url":"https:\/\/gaudiumetspes-blog.pl\/wp-content\/uploads\/2019\/07\/avatar-JJ-150x150.jpg","contentUrl":"https:\/\/gaudiumetspes-blog.pl\/wp-content\/uploads\/2019\/07\/avatar-JJ-150x150.jpg","caption":"Ks. Jacek"},"description":"Witam serdecznie! K\u0142ania si\u0119 Ks. Jacek Ja\u015bkowski. Nie jestem ani kim\u015b wa\u017cnym, ani kim\u015b znanym. Jestem ksi\u0119dzem, kt\u00f3ry po prostu chce rozmawia\u0107. Codzienna kap\u0142a\u0144ska pos\u0142uga pokazuje mi, \u017ce temat\u00f3w do rozm\u00f3w z ksi\u0119dzem jest coraz wi\u0119cej i dzisiaj \u017caden ksi\u0105dz nie mo\u017ce od nich ucieka\u0107, ale - wprost przeciwnie - podejmowa\u0107 nowe wyzwania. To przekonanie sk\u0142oni\u0142o mnie do pr\u00f3by otwarcia tego\u017c bloga, chocia\u017c okazji do rozm\u00f3w na co dzie\u0144 - w konfesjonale i poza nim - na szcz\u0119\u015bcie nie brakuje. My\u015bl\u0119 jednak, \u017ce ten blog b\u0119dzie jeszcze jednym sposobem i przestrzeni\u0105 nawi\u0105zania kontaktu z lud\u017ami dobrej woli, otwartymi na dialog.","url":"https:\/\/gaudiumetspes-blog.pl\/index.php\/author\/ks-jacek\/"}]}},"jetpack_featured_media_url":"","jetpack_sharing_enabled":true,"_links":{"self":[{"href":"https:\/\/gaudiumetspes-blog.pl\/index.php\/wp-json\/wp\/v2\/posts\/21629","targetHints":{"allow":["GET"]}}],"collection":[{"href":"https:\/\/gaudiumetspes-blog.pl\/index.php\/wp-json\/wp\/v2\/posts"}],"about":[{"href":"https:\/\/gaudiumetspes-blog.pl\/index.php\/wp-json\/wp\/v2\/types\/post"}],"author":[{"embeddable":true,"href":"https:\/\/gaudiumetspes-blog.pl\/index.php\/wp-json\/wp\/v2\/users\/1"}],"replies":[{"embeddable":true,"href":"https:\/\/gaudiumetspes-blog.pl\/index.php\/wp-json\/wp\/v2\/comments?post=21629"}],"version-history":[{"count":1,"href":"https:\/\/gaudiumetspes-blog.pl\/index.php\/wp-json\/wp\/v2\/posts\/21629\/revisions"}],"predecessor-version":[{"id":21630,"href":"https:\/\/gaudiumetspes-blog.pl\/index.php\/wp-json\/wp\/v2\/posts\/21629\/revisions\/21630"}],"wp:attachment":[{"href":"https:\/\/gaudiumetspes-blog.pl\/index.php\/wp-json\/wp\/v2\/media?parent=21629"}],"wp:term":[{"taxonomy":"category","embeddable":true,"href":"https:\/\/gaudiumetspes-blog.pl\/index.php\/wp-json\/wp\/v2\/categories?post=21629"},{"taxonomy":"post_tag","embeddable":true,"href":"https:\/\/gaudiumetspes-blog.pl\/index.php\/wp-json\/wp\/v2\/tags?post=21629"}],"curies":[{"name":"wp","href":"https:\/\/api.w.org\/{rel}","templated":true}]}}