{"id":21637,"date":"2023-06-15T08:21:23","date_gmt":"2023-06-15T06:21:23","guid":{"rendered":"https:\/\/gaudiumetspes-blog.pl\/?p=21637"},"modified":"2023-06-15T08:21:23","modified_gmt":"2023-06-15T06:21:23","slug":"bez-zaslony","status":"publish","type":"post","link":"https:\/\/gaudiumetspes-blog.pl\/index.php\/2023\/06\/15\/bez-zaslony\/","title":{"rendered":"Bez zas\u0142ony&#8230;"},"content":{"rendered":"<p align=\"justify\"><span style=\"color: #000000;\"><span style=\"font-family: Book Antiqua, serif;\"><span style=\"font-size: large;\">Szcz\u0119\u015b\u0107 Bo\u017ce! Moi Drodzy, w dniu dzisiejszym <b>rocznic\u0119 \u015bwi\u0119ce\u0144 kap\u0142a\u0144skich prze\u017cywa Ksi\u0105dz Rafa\u0142 Jarosiewicz \u2013 Kolega z rodzinnej Parafii i z jednego Grona Lektorskiego, a tak w og\u00f3le, to Cz\u0142owiek, kt\u00f3rego zna chyba ca\u0142y \u015bwiat, z Jego niezmordowanej dzia\u0142alno\u015bci ewangelizacyjnej. <\/b><\/span><\/span><\/span><\/p>\n<p align=\"justify\"><span style=\"color: #000000;\"><span style=\"font-family: Book Antiqua, serif;\"><span style=\"font-size: large;\"><b>W<\/b><b>raz z Nim rocznic\u0119 t\u0119 prze\u017cywaj\u0105 dzi\u015b Jego Koledzy kursowi:<\/b><\/span><\/span><\/span><\/p>\n<p align=\"justify\"><span style=\"color: #000000;\">\u25ba<span style=\"font-family: Book Antiqua, serif;\"><span style=\"font-size: large;\"><b>Ksi\u0105dz Jan Babik,<\/b><\/span><\/span><\/span><\/p>\n<p align=\"justify\"><span style=\"color: #000000;\">\u25ba<span style=\"font-family: Book Antiqua, serif;\"><span style=\"font-size: large;\"><b>Ksi\u0105dz Jaros\u0142aw Ruci\u0144ski,<\/b><\/span><\/span><\/span><\/p>\n<p align=\"justify\"><span style=\"color: #000000;\">\u25ba<span style=\"font-family: Book Antiqua, serif;\"><span style=\"font-size: large;\"><b>Ksi\u0105dz Mateusz Czubak,<\/b><\/span><\/span><\/span><\/p>\n<p align=\"justify\"><span style=\"color: #000000;\">\u25ba<span style=\"font-family: Book Antiqua, serif;\"><span style=\"font-size: large;\"><b>Ksi\u0105dz S\u0142awomir P\u0119ka\u0142a.<\/b><\/span><\/span><\/span><\/p>\n<p align=\"justify\"><span style=\"color: #000000;\"><span style=\"font-family: Book Antiqua, serif;\"><span style=\"font-size: large;\">I jeszcze dwa uzupe\u0142nienia. <\/span><\/span><\/span><\/p>\n<p align=\"justify\"><span style=\"color: #000000;\"><span style=\"font-family: Book Antiqua, serif;\"><span style=\"font-size: large;\">Ot\u00f3\u017c, <b>w poniedzia\u0142ek, 12 czerwca, trzydziest\u0105 rocznic\u0119 \u015awi\u0119ce\u0144 prze\u017cywali Ksi\u0119\u017ca, kt\u00f3rzy przyj\u0119li je w Katedrze siedleckiej jako pierwsi Koledzy, z kt\u00f3rymi byli\u015bmy razem w Seminarium. Oni byli diakonami, kiedy my byli\u015bmy na pierwszym roku. S\u0105 to \u2013 mi\u0119dzy innymi:<\/b><\/span><\/span><\/span><\/p>\n<p align=\"justify\"><span style=\"color: #000000;\">\u25ba<span style=\"font-family: Book Antiqua, serif;\"><span style=\"font-size: large;\"><b>Ksi\u0105dz Krzysztof Buczy\u0144ski,<\/b><\/span><\/span><\/span><\/p>\n<p align=\"justify\"><span style=\"color: #000000;\">\u25ba<span style=\"font-family: Book Antiqua, serif;\"><span style=\"font-size: large;\"><b>Ksi\u0105dz Marek Chomiuk,<\/b><\/span><\/span><\/span><\/p>\n<p align=\"justify\"><span style=\"color: #000000;\">\u25ba<span style=\"font-family: Book Antiqua, serif;\"><span style=\"font-size: large;\"><b>Ksi\u0105dz Piotr Doma\u0144ski,<\/b><\/span><\/span><\/span><\/p>\n<p align=\"justify\"><span style=\"color: #000000;\">\u25ba<span style=\"font-family: Book Antiqua, serif;\"><span style=\"font-size: large;\"><b>Ksi\u0105dz Jerzy Kalinka,<\/b><\/span><\/span><\/span><\/p>\n<p align=\"justify\"><span style=\"color: #000000;\">\u25ba<span style=\"font-family: Book Antiqua, serif;\"><span style=\"font-size: large;\"><b>Ksi\u0105dz Dariusz Karbowiak,<\/b><\/span><\/span><\/span><\/p>\n<p align=\"justify\"><span style=\"color: #000000;\">\u25ba<span style=\"font-family: Book Antiqua, serif;\"><span style=\"font-size: large;\"><b>Ksi\u0105dz Jaros\u0142aw Kisieli\u0144ski,<\/b><\/span><\/span><\/span><\/p>\n<p align=\"justify\"><span style=\"color: #000000;\">\u25ba<span style=\"font-family: Book Antiqua, serif;\"><span style=\"font-size: large;\"><b>Ksi\u0105dz Tadeusz Kowalski,<\/b><\/span><\/span><\/span><\/p>\n<p align=\"justify\"><span style=\"color: #000000;\">\u25ba<span style=\"font-family: Book Antiqua, serif;\"><span style=\"font-size: large;\"><b>Ksi\u0105dz Jacek Lusztyk,<\/b><\/span><\/span><\/span><\/p>\n<p align=\"justify\"><span style=\"color: #000000;\">\u25ba<span style=\"font-family: Book Antiqua, serif;\"><span style=\"font-size: large;\"><b>Ksi\u0105dz Robert Miro\u0144czuk,<\/b><\/span><\/span><\/span><\/p>\n<p align=\"justify\"><span style=\"color: #000000;\">\u25ba<span style=\"font-family: Book Antiqua, serif;\"><span style=\"font-size: large;\"><b>Ksi\u0105dz Jacek Mucha,<\/b><\/span><\/span><\/span><\/p>\n<p align=\"justify\"><span style=\"color: #000000;\">\u25ba<span style=\"font-family: Book Antiqua, serif;\"><span style=\"font-size: large;\"><b>Ksi\u0105dz Piotr Pielak,<\/b><\/span><\/span><\/span><\/p>\n<p align=\"justify\"><span style=\"color: #000000;\">\u25ba<span style=\"font-family: Book Antiqua, serif;\"><span style=\"font-size: large;\"><b>Ksi\u0105dz Stanis\u0142aw Szymu\u015b,<\/b><\/span><\/span><\/span><\/p>\n<p align=\"justify\"><span style=\"color: #000000;\">\u25ba<span style=\"font-family: Book Antiqua, serif;\"><span style=\"font-size: large;\"><b>Ksi\u0105dz W\u0142odzimierz W\u0105sowski,<\/b><\/span><\/span><\/span><\/p>\n<p align=\"justify\"><span style=\"color: #000000;\">\u25ba<span style=\"font-family: Book Antiqua, serif;\"><span style=\"font-size: large;\"><b>Ksi\u0105dz Tomasz Zadro\u017cny,<\/b><\/span><\/span><\/span><\/p>\n<p align=\"justify\"><span style=\"color: #000000;\">\u25ba<span style=\"font-family: Book Antiqua, serif;\"><span style=\"font-size: large;\"><b>Ksi\u0105dz Andrzej Zozula.<\/b><\/span><\/span><\/span><\/p>\n<p align=\"justify\"><span style=\"color: #000000;\"><span style=\"font-family: Book Antiqua, serif;\"><span style=\"font-size: large;\">A to zaledwie po\u0142owa tego Kursu!<\/span><\/span><\/span><\/p>\n<p align=\"justify\"><span style=\"color: #000000;\"><span style=\"font-family: Book Antiqua, serif;\"><span style=\"font-size: large;\"><b>Natomiast we wtorek, 13 czerwca, trzydziest\u0105 pierwsz\u0105 rocznic\u0119 \u015awi\u0119ce\u0144 prze\u017cywali:<\/b><\/span><\/span><\/span><\/p>\n<p align=\"justify\"><span style=\"color: #000000;\">\u25ba<span style=\"font-family: Book Antiqua, serif;\"><span style=\"font-size: large;\"><b>Ksi\u0105dz Adam Dybek,<\/b><\/span><\/span><\/span><\/p>\n<p align=\"justify\"><span style=\"color: #000000;\">\u25ba<span style=\"font-family: Book Antiqua, serif;\"><span style=\"font-size: large;\"><b>Ksi\u0105dz Andrzej Kici\u0144ski,<\/b><\/span><\/span><\/span><\/p>\n<p align=\"justify\"><span style=\"color: #000000;\">\u25ba<span style=\"font-family: Book Antiqua, serif;\"><span style=\"font-size: large;\"><b>Ksi\u0105dz Dariusz Lipiec,<\/b><\/span><\/span><\/span><\/p>\n<p align=\"justify\"><span style=\"color: #000000;\">\u25ba<span style=\"font-family: Book Antiqua, serif;\"><span style=\"font-size: large;\"><b>Ksi\u0105dz Wojciech Matuszewski,<\/b><\/span><\/span><\/span><\/p>\n<p align=\"justify\"><span style=\"color: #000000;\">\u25ba<span style=\"font-family: Book Antiqua, serif;\"><span style=\"font-size: large;\"><b>Ksi\u0105dz Jaros\u0142aw Mitrzak,<\/b><\/span><\/span><\/span><\/p>\n<p align=\"justify\"><span style=\"color: #000000;\">\u25ba<span style=\"font-family: Book Antiqua, serif;\"><span style=\"font-size: large;\"><b>Ksi\u0105dz Jacek Nazaruk,<\/b><\/span><\/span><\/span><\/p>\n<p align=\"justify\"><span style=\"color: #000000;\">\u25ba<span style=\"font-family: Book Antiqua, serif;\"><span style=\"font-size: large;\"><b>Ksi\u0105dz Zygmunt Pena,<\/b><\/span><\/span><\/span><\/p>\n<p align=\"justify\"><span style=\"color: #000000;\">\u25ba<span style=\"font-family: Book Antiqua, serif;\"><span style=\"font-size: large;\"><b>Ksi\u0105dz Leszek Przyby\u0142owicz.<\/b><\/span><\/span><\/span><\/p>\n<p align=\"justify\"><span style=\"color: #000000;\"><span style=\"font-family: Book Antiqua, serif;\"><span style=\"font-size: large;\"><b>Z ca\u0142ego serca \u017cycz\u0119 wszystkim Kap\u0142anom nieustaj\u0105cej gorliwo\u015bci, mi\u0142o\u015bci i zapa\u0142u w pe\u0142nieniu kap\u0142a\u0144skiej pos\u0142ugi. Zapewniam o modlitwie!<\/b><\/span><\/span><\/span><\/p>\n<p align=\"justify\"><span style=\"color: #000000;\"><span style=\"font-family: Book Antiqua, serif;\"><span style=\"font-size: large;\">A u mnie dzisiaj \u2013 jak w ka\u017cdy czwartek: o 9:00 dy\u017cur w gmachu przy ulicy \u017bytniej, a o 19:00 \u2013 Msza \u015awi\u0119ta i nabo\u017ce\u0144stwo czerwcowe. <\/span><\/span><\/span><\/p>\n<p align=\"justify\"><span style=\"color: #000000;\"><span style=\"font-family: Book Antiqua, serif;\"><span style=\"font-size: large;\">Teraz za\u015b ju\u017c zapraszam do pochylenia si\u0119 nad Bo\u017cym s\u0142owem dzisiejszej liturgii. <b>Jakie przes\u0142anie kieruje do mnie osobi\u015bcie Pan?<\/b> Duchu \u015awi\u0119ty, przyjd\u017a i o\u015bwie\u0107 nasze umys\u0142y i serca!<\/span><\/span><\/span><\/p>\n<p align=\"justify\"><span style=\"color: #000000;\"><span style=\"font-family: Book Antiqua, serif;\"><span style=\"font-size: large;\"><b>Niech Was b\u0142ogos\u0142awi B\u00f3g Wszechmog\u0105cy: Ojciec + i Syn, i Duch \u015awi\u0119ty. Amen<\/b><\/span><\/span><\/span><\/p>\n<p align=\"center\"><span style=\"color: #000000;\"><span style=\"font-family: Book Antiqua, serif;\"><span style=\"font-size: large;\">Gaudium et spes! Ks. Jacek<\/span><\/span><\/span><\/p>\n<p align=\"center\">\n<p align=\"center\">\n<p align=\"center\">\n<p align=\"center\">\n<p align=\"center\">\n<p align=\"justify\"><span style=\"color: #000000;\"><span style=\"font-family: Book Antiqua, serif;\"><span style=\"font-size: large;\"><b>Czwartek 10 Tygodnia zwyk\u0142ego, rok I,<\/b><\/span><\/span><\/span><\/p>\n<p align=\"justify\"><span style=\"color: #000000;\"><span style=\"font-family: Book Antiqua, serif;\"><span style=\"font-size: large;\"><b>15 czerwca 2023.,\u00a0<\/b><\/span><\/span><\/span><\/p>\n<p align=\"justify\"><span style=\"color: #000000;\"><span style=\"font-family: Book Antiqua, serif;\"><span style=\"font-size: large;\"><b>do czyta\u0144: 2 Kor 3,15\u20134,1.3\u20136; Mt 5,20\u201326<\/b><\/span><\/span><\/span><\/p>\n<p align=\"justify\">\n<p align=\"justify\">\n<p align=\"justify\">\n<p align=\"justify\">\n<p align=\"justify\">\n<p align=\"justify\"><span style=\"font-family: Book Antiqua, serif;\"><strong><span style=\"color: #000000;\"><span style=\"font-size: large;\"><b>CZYTANIE Z DRUGIEGO LISTU \u015aWI\u0118TEGO PAW\u0141A APOSTO\u0141A DO KORYNTIAN:<\/b><\/span><\/span><\/strong><\/span><\/p>\n<p align=\"justify\"><span style=\"color: #000000;\"><span style=\"font-family: Book Antiqua, serif;\"><span style=\"font-size: large;\"><b>Bracia: A\u017c po dzie\u0144 dzisiejszy, gdy czytaj\u0105 Moj\u017cesza, zas\u0142ona spoczywa na sercach syn\u00f3w Izraela. A kiedy kto\u015b si\u0119 zwraca do Pana, zas\u0142ona opada. Pan za\u015b jest Duchem, a gdzie jest Duch Pa\u0144ski, tam wolno\u015b\u0107. <\/b><\/span><\/span><\/span><\/p>\n<p align=\"justify\"><span style=\"color: #000000;\"><span style=\"font-family: Book Antiqua, serif;\"><span style=\"font-size: large;\"><b>My wszyscy z ods\u0142oni\u0119t\u0105 twarz\u0105 wpatrujemy si\u0119 w jasno\u015b\u0107 Pa\u0144sk\u0105 jakby w zwierciadle; za spraw\u0105 Ducha Pa\u0144skiego, coraz bardziej ja\u015bniej\u0105c, upodabniamy si\u0119 do Jego obrazu.<\/b><\/span><\/span><\/span><\/p>\n<p align=\"justify\"><span style=\"color: #000000;\"><span style=\"font-family: Book Antiqua, serif;\"><span style=\"font-size: large;\"><b>Przeto oddani pos\u0142ugiwaniu zleconemu nam przez mi\u0142osierdzie, nie upadamy na duchu. A je\u015bli nawet Ewangelia nasza jest ukryta, to tylko dla tych, kt\u00f3rzy id\u0105 na zatracenie, dla niewiernych, kt\u00f3rych umys\u0142y za\u015blepi\u0142 b\u00f3g tego \u015bwiata, aby nie ol\u015bni\u0142 ich blask Ewangelii chwa\u0142y Chrystusa, kt\u00f3ry jest obrazem Boga.<\/b><\/span><\/span><\/span><\/p>\n<p align=\"justify\"><span style=\"color: #000000;\"><span style=\"font-family: Book Antiqua, serif;\"><span style=\"font-size: large;\"><b>Nie g\u0142osimy bowiem siebie samych, lecz Chrystusa Jezusa jako Pana, a nas jako s\u0142ugi wasze przez Jezusa. Albowiem B\u00f3g, Ten, kt\u00f3ry rozkaza\u0142 ciemno\u015bciom, by zaja\u015bnia\u0142y \u015bwiat\u0142em, zab\u0142ysn\u0105\u0142 w naszych sercach, by ol\u015bni\u0107 nas jasno\u015bci\u0105 poznania chwa\u0142y Bo\u017cej na obliczu Chrystusa.<\/b><\/span><\/span><\/span><\/p>\n<p align=\"justify\">\n<p align=\"justify\">\n<p align=\"justify\">\n<p align=\"justify\">\n<p align=\"justify\">\n<p align=\"justify\"><span style=\"font-family: Book Antiqua, serif;\"><strong><span style=\"color: #000000;\"><span style=\"font-size: large;\"><b>S\u0141OWA EWANGELII WED\u0141UG \u015aWI\u0118TEGO MATEUSZA:<\/b><\/span><\/span><\/strong><\/span><\/p>\n<p align=\"justify\"><span style=\"color: #000000;\"><span style=\"font-family: Book Antiqua, serif;\"><span style=\"font-size: large;\"><b>Jezus powiedzia\u0142 do swoich uczni\u00f3w: \u201eJe\u015bli wasza sprawiedliwo\u015b\u0107 nie b\u0119dzie wi\u0119ksza ni\u017c uczonych w Pi\u015bmie i faryzeusz\u00f3w, nie wejdziecie do kr\u00f3lestwa niebieskiego.<\/b><\/span><\/span><\/span><\/p>\n<p align=\"justify\"><span style=\"color: #000000;\"><span style=\"font-family: Book Antiqua, serif;\"><span style=\"font-size: large;\"><b>S\u0142yszeli\u015bcie, \u017ce powiedziano przodkom: \u00abNie zabijaj\u00bb; a kto by si\u0119 dopu\u015bci\u0142 zab\u00f3jstwa, podlega s\u0105dowi. A Ja wam powiadam: Ka\u017cdy, kto si\u0119 gniewa na swego brata, podlega s\u0105dowi. A kto by rzek\u0142 swemu bratu \u00abRaka\u00bb, podlega Wysokiej Radzie. A kto by mu rzek\u0142 \u00abBezbo\u017cniku\u00bb, podlega karze piek\u0142a ognistego.<\/b><\/span><\/span><\/span><\/p>\n<p align=\"justify\"><span style=\"color: #000000;\"><span style=\"font-family: Book Antiqua, serif;\"><span style=\"font-size: large;\"><b>Je\u015bli wi\u0119c przyniesiesz dar sw\u00f3j przed o\u0142tarz i tam wspomnisz, \u017ce brat tw\u00f3j ma co\u015b przeciw tobie, zostaw tam dar sw\u00f3j przed o\u0142tarzem, a najpierw id\u017a i pojednaj si\u0119 z bratem swoim. Potem przyjd\u017a i dar sw\u00f3j ofiaruj.<\/b><\/span><\/span><\/span><\/p>\n<p align=\"justify\"><span style=\"color: #000000;\"><span style=\"font-family: Book Antiqua, serif;\"><span style=\"font-size: large;\"><b>Pog\u00f3d\u017a si\u0119 ze swoim przeciwnikiem szybko, dop\u00f3ki jeste\u015b z nim w drodze, by ci\u0119 przeciwnik nie poda\u0142 s\u0119dziemu, a s\u0119dzia dozorcy, i aby nie wtr\u0105cono ci\u0119 do wi\u0119zienia. Zaprawd\u0119 powiadam ci: nie wyjdziesz stamt\u0105d, a\u017c zwr\u00f3cisz ostatni grosz\u201d.<\/b><\/span><\/span><\/span><\/p>\n<p align=\"justify\">\n<p align=\"justify\">\n<p align=\"justify\">\n<p align=\"justify\">\n<p align=\"justify\">\n<p align=\"justify\"><span style=\"color: #000000;\"><span style=\"font-family: Book Antiqua, serif;\"><span style=\"font-size: large;\">W czasach, w kt\u00f3rych Aposto\u0142 Pawe\u0142 pisa\u0142 sw\u00f3j Drugi List do Koryntian, <b>\u00ab<\/b><b>czytanie Moj\u017cesza<\/b><b>\u00bb<\/b><b> odbywa\u0142o si\u0119 na bie\u017c\u0105co<\/b> i to w\u0142a\u015bnie w takim kontek\u015bcie, w takiej atmosferze, rozwija\u0142o si\u0119 chrze\u015bcija\u0144stwo. <b>\u00ab<\/b><b>Czytanie Moj\u017cesza<\/b><b>\u00bb<\/b> \u2013 to szeroko rozumiane <b>odniesienie do Prawa Starego Testamentu.<\/b> Nie tylko dos\u0142owne jego czytanie, ale <b>\u017cycie tym Prawem,<\/b> stosowanie si\u0119 do niego, kierowanie si\u0119 nim w codziennym post\u0119powaniu. <\/span><\/span><\/span><\/p>\n<p align=\"justify\"><span style=\"color: #000000;\"><span style=\"font-family: Book Antiqua, serif;\"><span style=\"font-size: large;\">A id\u0105c jeszcze dalej: kontaktowanie si\u0119 z Bogiem, docieranie do Boga <b>za po\u015brednictwem praktyk, wynikaj\u0105cych z tego Prawa<\/b> i wskazanych przez to Prawo. Jak wynika ze s\u0142\u00f3w \u015awi\u0119tego Paw\u0142a, taki kontakt z Bogiem by\u0142 <b>w jaki\u015b spos\u00f3b utrudniony,<\/b> wyd\u0142u\u017cony, obarczony jak\u0105\u015b przeszkod\u0105\u2026 W\u0142a\u015bnie \u2013 <b>jakby przez zas\u0142on\u0119\u2026<\/b> Dlatego ci, kt\u00f3rzy <i><b>czytaj\u0105 Moj\u017cesza,<\/b><\/i> a wi\u0119c pozostaj\u0105 pod wp\u0142ywem Prawa Starego Testamentu, maj\u0105 <b>niejako serca przys\u0142oni\u0119te, <\/b>co oznacza, \u017ce B\u00f3g jest dla nich kim\u015b odleg\u0142ym, z kim nie maj\u0105 osobistego i bezpo\u015bredniego kontaktu. <\/span><\/span><\/span><\/p>\n<p align=\"justify\"><span style=\"color: #000000;\"><span style=\"font-family: Book Antiqua, serif;\"><span style=\"font-size: large;\">Jak jednak s\u0142yszymy dalej \u2013 <i><b>kiedy kto\u015b si\u0119 zwraca do Pana, zas\u0142ona opada. Pan za\u015b jest Duchem, a gdzie jest Duch Pa\u0144ski, tam wolno\u015b\u0107. <\/b><\/i>Z tego za\u015b \u2013 w \u017cyciu chrze\u015bcijan \u2013 mo\u017ce wynika\u0107 tylko jedna konsekwencja, o kt\u00f3rej Aposto\u0142 tak pisze: <i><b>My wszyscy z ods\u0142oni\u0119t\u0105 twarz\u0105 wpatrujemy si\u0119 w jasno\u015b\u0107 Pa\u0144sk\u0105 jakby w zwierciadle; za spraw\u0105 Ducha Pa\u0144skiego, coraz bardziej ja\u015bniej\u0105c, upodabniamy si\u0119 do Jego obrazu.<\/b><\/i><b> <\/b><\/span><\/span><\/span><\/p>\n<p align=\"justify\"><span style=\"color: #000000;\"><span style=\"font-family: Book Antiqua, serif;\"><span style=\"font-size: large;\">Zatem, chrze\u015bcija\u0144stwo \u2013 wiara w Jezusa Chrystusa, przyja\u017a\u0144 z Nim, pe\u0142ne z Nim zjednoczenie \u2013 daje <b>bezpo\u015bredni i bardzo osobisty kontakt z Bogiem.<\/b> Ju\u017c bez \u017cadnych duchowych zas\u0142on. O tym m\u00f3wi w\u0142a\u015bciwie ca\u0142e dzisiejsze pierwsze czytanie, w kt\u00f3rym najpierw jest mowa o <b>kontakcie cz\u0142owieka z Bogiem przez zas\u0142on\u0119<\/b> oraz <b>o kontakcie bezpo\u015brednim,<\/b> a potem przeplata si\u0119 przez ca\u0142y ten tekst <b>w\u0105tek jasno\u015bci i ciemno\u015bci,<\/b> a konkretnie s\u0142yszymy o \u00abol\u015bniewaj\u0105cym blasku <i><b>Ewangelii chwa\u0142y <\/b><\/i><i><b>Chrystusa<\/b><\/i><i><b>,<\/b><\/i> a po przeciwnej stronie: o za\u015blepieniu przez boga tego \u015bwiata. <\/span><\/span><\/span><\/p>\n<p align=\"justify\"><span style=\"color: #000000;\"><span style=\"font-family: Book Antiqua, serif;\"><span style=\"font-size: large;\">I tak\u017ce w ostatnim zdaniu s\u0142yszymy: <i><b>Albowiem B\u00f3g, Ten, kt\u00f3ry rozkaza\u0142 ciemno\u015bciom, by zaja\u015bnia\u0142y \u015bwiat\u0142em, zab\u0142ysn\u0105\u0142 w naszych sercach, by ol\u015bni\u0107 nas jasno\u015bci\u0105 poznania chwa\u0142y Bo\u017cej na obliczu Chrystusa.<\/b><\/i><b> <\/b><\/span><\/span><\/span><\/p>\n<p align=\"justify\"><span style=\"color: #000000;\"><span style=\"font-family: Book Antiqua, serif;\"><span style=\"font-size: large;\">Moi Drodzy, jakimi my jeste\u015bmy szcz\u0119\u015bliwcami, <b>\u017ce mo\u017cemy by\u0107 wyznawcami i uczniami Jezusa Chrystusa, <\/b>\u017cyj\u0105c w tych czasach, kt\u00f3re s\u0105 Jego czasami, kt\u00f3re On ju\u017c zaszczyci\u0142 swoj\u0105 obecno\u015bci\u0105 na tym \u015bwiecie. S\u0105 to <b>prawdziwie jasne dni,<\/b> to czas pe\u0142en blasku, to <b>okres wielkiej \u015bwiat\u0142o\u015bci.<\/b> Jak bardzo tej jasno\u015bci brakowa\u0142o \u015bwiatu i ludziom, <b>zanim Jezus Chrystus przyszed\u0142 na \u015bwiat<\/b> i sta\u0142 si\u0119 jednym z nas! Owszem, tamci ludzie<b> tak\u017ce mieli jaki\u015b kontakt z Bogiem,<\/b> ale to nie to samo, co nasz kontakt. To nie by\u0142 tak bliski i bezpo\u015bredni kontakt, jaki my mamy. To by\u0142 kontakt \u2013 no, w\u0142a\u015bnie! \u2013 jakby przez zas\u0142on\u0119. <\/span><\/span><\/span><\/p>\n<p align=\"justify\"><span style=\"color: #000000;\"><span style=\"font-family: Book Antiqua, serif;\"><span style=\"font-size: large;\">My mamy inny kontakt \u2013 <b>bliski, bezpo\u015bredni, bardzo osobisty, serdeczny\u2026<\/b> Oczywi\u015bcie, chcemy, aby taki w\u0142a\u015bnie zawsze by\u0142, bo w codziennej praktyce r\u00f3\u017cnie si\u0119 zdarza i <b>r\u00f3\u017cne zas\u0142ony<\/b> \u2013 szczeg\u00f3lnie <b>zas\u0142ony grzechu<\/b> \u2013 ten bezpo\u015bredni kontakt tak naprawd\u0119 utrudniaj\u0105. Ale na pewno <b>mamy szans\u0119 na taki kontakt,<\/b> mamy zaproszenie do takiego kontaktu.<\/span><\/span><\/span><\/p>\n<p align=\"justify\"><span style=\"color: #000000;\"><span style=\"font-family: Book Antiqua, serif;\"><span style=\"font-size: large;\">Jednak \u2013 co jest bardzo wa\u017cne i o czym nigdy nie mo\u017cemy zapomnie\u0107 \u2013 ten bezpo\u015bredni i bliski, bardzo osobisty kontakt <b>domaga si\u0119 z naszej strony okre\u015blonej postawy.<\/b> Jasno m\u00f3wi o tym Jezus w dzisiejszej Ewangelii do swoich uczni\u00f3w, a wi\u0119c tak\u017ce i do nas: <i><b>Je\u015bli wasza sprawiedliwo\u015b\u0107 nie b\u0119dzie wi\u0119ksza ni\u017c uczonych<\/b><\/i><b> <\/b><i><b>w Pi\u015bmie i faryzeusz\u00f3w, nie wejdziecie do kr\u00f3lestwa niebieskiego. <\/b><\/i><\/span><\/span><\/span><\/p>\n<p align=\"justify\"><span style=\"color: #000000;\"><span style=\"font-family: Book Antiqua, serif;\"><span style=\"font-size: large;\">A potem ju\u017c bardzo konkretne wskazanie, na czym ma polega\u0107 owa wi\u0119ksza sprawiedliwo\u015b\u0107: <i><b>S\u0142yszeli\u015bcie, \u017ce powiedziano przodkom: \u00abNie zabijaj\u00bb; a kto by si\u0119 dopu\u015bci\u0142 zab\u00f3jstwa, podlega s\u0105dowi. A Ja wam powiadam: Ka\u017cdy, kto si\u0119 gniewa na swego brata, podlega s\u0105dowi. A kto by rzek\u0142 swemu bratu \u00abRaka\u00bb, podlega Wysokiej Radzie. A kto by mu rzek\u0142 \u00abBezbo\u017cniku\u00bb, podlega karze piek\u0142a ognistego. <\/b><\/i><\/span><\/span><\/span><\/p>\n<p align=\"justify\"><span style=\"color: #000000;\"><span style=\"font-family: Book Antiqua, serif;\"><span style=\"font-size: large;\">Zatem, <b>Pan zerwa\u0142 wszelkie zas\u0142ony,<\/b> jakie mog\u0142yby utrudnia\u0107 nasz kontakt z Nim. Trzeba, aby\u015bmy i my tak\u017ce \u2013 <b>codziennie je zrywali.<\/b> Przede wszystkim \u2013 wspomniane ju\u017c \u2013 <b>zas\u0142ony grzechu.<\/b> Ale tak\u017ce wszelkie <b>zas\u0142ony naszej ludzkiej ma\u0142o\u015bci, <\/b>naszych ogranicze\u0144, naszego aptekarskiego wyliczania \u201eodt\u0105d \u2013 dot\u0105d\u201d, naszej miernoty, mo\u017ce zal\u0119knienia, a mo\u017ce te\u017c <b>duchowego lenistwa, przeci\u0119tno\u015bci, marazmu\u2026<\/b> <\/span><\/span><\/span><\/p>\n<p align=\"justify\"><span style=\"color: #000000;\"><span style=\"font-family: Book Antiqua, serif;\"><span style=\"font-size: large;\">To s\u0105 te zas\u0142ony, kt\u00f3re <b>skutecznie ograniczaj\u0105 nasz kontakt z Panem. <\/b>Nie zrywaj\u0105 go definitywnie, ale w\u0142a\u015bnie ograniczaj\u0105, os\u0142abiaj\u0105. I to nie jest \u2013 podkre\u015blmy to jasno \u2013 wina Jezusa. To nie On te zas\u0142ony zaci\u0105ga \u2013 nie! <b>On wychodzi do nas z otwartym sercem<\/b> i ods\u0142ania przed nami blask swojej chwa\u0142y, wychodzi do nas z ca\u0142\u0105 swoj\u0105 mi\u0142o\u015bci\u0105. <\/span><\/span><\/span><\/p>\n<p align=\"justify\"><span style=\"color: #000000;\"><span style=\"font-family: Book Antiqua, serif;\"><span style=\"font-size: large;\">A teraz trzeba tylko \u2013 a mo\u017ce: a\u017c! \u2013 aby\u015bmy nasz\u0105 postaw\u0105 potwierdzili s\u0142owa Aposto\u0142a Paw\u0142a z dzisiejszego pierwszego czytania: <i><b>My wszyscy z ods\u0142oni\u0119t\u0105 twarz\u0105 wpatrujemy si\u0119 w jasno\u015b\u0107 Pa\u0144sk\u0105 jakby w zwierciadle; za spraw\u0105 Ducha Pa\u0144skiego, coraz bardziej ja\u015bniej\u0105c, upodabniamy si\u0119 do Jego obrazu. <\/b><\/i><\/span><\/span><\/span><\/p>\n<p align=\"justify\"><span style=\"color: #000000;\"><span style=\"font-family: Book Antiqua, serif;\"><span style=\"font-size: large;\">Oby tak si\u0119 sta\u0142o! Oby\u015bmy wpatruj\u0105c si\u0119 w Jezusa i id\u0105c za Nim, zwi\u0105zuj\u0105c si\u0119 z Nim bardzo osobi\u015bcie i serdecznie, wr\u0119cz intymnie \u2013 <b>coraz bardziej upodabniali si\u0119 do Niego! <\/b><\/span><\/span><\/span><\/p>\n","protected":false},"excerpt":{"rendered":"<p>Szcz\u0119\u015b\u0107 Bo\u017ce! Moi Drodzy, w dniu dzisiejszym rocznic\u0119 \u015bwi\u0119ce\u0144 kap\u0142a\u0144skich prze\u017cywa Ksi\u0105dz Rafa\u0142 Jarosiewicz \u2013 Kolega z rodzinnej Parafii i z jednego Grona Lektorskiego, a tak w og\u00f3le, to Cz\u0142owiek, kt\u00f3rego zna chyba ca\u0142y \u015bwiat, z Jego niezmordowanej dzia\u0142alno\u015bci ewangelizacyjnej. Wraz z Nim rocznic\u0119 t\u0119 prze\u017cywaj\u0105 dzi\u015b Jego Koledzy kursowi: \u25baKsi\u0105dz Jan Babik, \u25baKsi\u0105dz Jaros\u0142aw [&hellip;]<\/p>\n","protected":false},"author":1,"featured_media":0,"comment_status":"open","ping_status":"open","sticky":false,"template":"","format":"standard","meta":{"jetpack_post_was_ever_published":false,"_jetpack_newsletter_access":"","_jetpack_dont_email_post_to_subs":false,"_jetpack_newsletter_tier_id":0,"_jetpack_memberships_contains_paywalled_content":false,"_jetpack_memberships_contains_paid_content":false,"footnotes":""},"categories":[1],"tags":[],"class_list":["post-21637","post","type-post","status-publish","format-standard","hentry","category-bez-kategorii"],"yoast_head":"<!-- This site is optimized with the Yoast SEO plugin v25.1 - https:\/\/yoast.com\/wordpress\/plugins\/seo\/ -->\n<title>Bez zas\u0142ony... - Gaudium Et Spes<\/title>\n<meta name=\"robots\" content=\"index, follow, max-snippet:-1, max-image-preview:large, max-video-preview:-1\" \/>\n<link rel=\"canonical\" href=\"https:\/\/gaudiumetspes-blog.pl\/index.php\/2023\/06\/15\/bez-zaslony\/\" \/>\n<meta property=\"og:locale\" content=\"pl_PL\" \/>\n<meta property=\"og:type\" content=\"article\" \/>\n<meta property=\"og:title\" content=\"Bez zas\u0142ony... - Gaudium Et Spes\" \/>\n<meta property=\"og:description\" content=\"Szcz\u0119\u015b\u0107 Bo\u017ce! Moi Drodzy, w dniu dzisiejszym rocznic\u0119 \u015bwi\u0119ce\u0144 kap\u0142a\u0144skich prze\u017cywa Ksi\u0105dz Rafa\u0142 Jarosiewicz \u2013 Kolega z rodzinnej Parafii i z jednego Grona Lektorskiego, a tak w og\u00f3le, to Cz\u0142owiek, kt\u00f3rego zna chyba ca\u0142y \u015bwiat, z Jego niezmordowanej dzia\u0142alno\u015bci ewangelizacyjnej. Wraz z Nim rocznic\u0119 t\u0119 prze\u017cywaj\u0105 dzi\u015b Jego Koledzy kursowi: \u25baKsi\u0105dz Jan Babik, \u25baKsi\u0105dz Jaros\u0142aw [&hellip;]\" \/>\n<meta property=\"og:url\" content=\"https:\/\/gaudiumetspes-blog.pl\/index.php\/2023\/06\/15\/bez-zaslony\/\" \/>\n<meta property=\"og:site_name\" content=\"Gaudium Et Spes\" \/>\n<meta property=\"article:published_time\" content=\"2023-06-15T06:21:23+00:00\" \/>\n<meta name=\"author\" content=\"Ks. Jacek\" \/>\n<meta name=\"twitter:card\" content=\"summary_large_image\" \/>\n<meta name=\"twitter:label1\" content=\"Napisane przez\" \/>\n\t<meta name=\"twitter:data1\" content=\"Ks. Jacek\" \/>\n\t<meta name=\"twitter:label2\" content=\"Szacowany czas czytania\" \/>\n\t<meta name=\"twitter:data2\" content=\"8 minut\" \/>\n<script type=\"application\/ld+json\" class=\"yoast-schema-graph\">{\"@context\":\"https:\/\/schema.org\",\"@graph\":[{\"@type\":\"WebPage\",\"@id\":\"https:\/\/gaudiumetspes-blog.pl\/index.php\/2023\/06\/15\/bez-zaslony\/\",\"url\":\"https:\/\/gaudiumetspes-blog.pl\/index.php\/2023\/06\/15\/bez-zaslony\/\",\"name\":\"Bez zas\u0142ony... - Gaudium Et Spes\",\"isPartOf\":{\"@id\":\"https:\/\/gaudiumetspes-blog.pl\/#website\"},\"datePublished\":\"2023-06-15T06:21:23+00:00\",\"author\":{\"@id\":\"https:\/\/gaudiumetspes-blog.pl\/#\/schema\/person\/1661982992b752dea8dff0d4ed845a65\"},\"breadcrumb\":{\"@id\":\"https:\/\/gaudiumetspes-blog.pl\/index.php\/2023\/06\/15\/bez-zaslony\/#breadcrumb\"},\"inLanguage\":\"pl-PL\",\"potentialAction\":[{\"@type\":\"ReadAction\",\"target\":[\"https:\/\/gaudiumetspes-blog.pl\/index.php\/2023\/06\/15\/bez-zaslony\/\"]}]},{\"@type\":\"BreadcrumbList\",\"@id\":\"https:\/\/gaudiumetspes-blog.pl\/index.php\/2023\/06\/15\/bez-zaslony\/#breadcrumb\",\"itemListElement\":[{\"@type\":\"ListItem\",\"position\":1,\"name\":\"Strona g\u0142\u00f3wna\",\"item\":\"https:\/\/gaudiumetspes-blog.pl\/\"},{\"@type\":\"ListItem\",\"position\":2,\"name\":\"Bez&nbsp;zas\u0142ony&#8230;\"}]},{\"@type\":\"WebSite\",\"@id\":\"https:\/\/gaudiumetspes-blog.pl\/#website\",\"url\":\"https:\/\/gaudiumetspes-blog.pl\/\",\"name\":\"Gaudium Et Spes\",\"description\":\"Blog Ks. Jacka Ja\u015bkowskiego\",\"potentialAction\":[{\"@type\":\"SearchAction\",\"target\":{\"@type\":\"EntryPoint\",\"urlTemplate\":\"https:\/\/gaudiumetspes-blog.pl\/?s={search_term_string}\"},\"query-input\":{\"@type\":\"PropertyValueSpecification\",\"valueRequired\":true,\"valueName\":\"search_term_string\"}}],\"inLanguage\":\"pl-PL\"},{\"@type\":\"Person\",\"@id\":\"https:\/\/gaudiumetspes-blog.pl\/#\/schema\/person\/1661982992b752dea8dff0d4ed845a65\",\"name\":\"Ks. Jacek\",\"image\":{\"@type\":\"ImageObject\",\"inLanguage\":\"pl-PL\",\"@id\":\"https:\/\/gaudiumetspes-blog.pl\/#\/schema\/person\/image\/\",\"url\":\"https:\/\/gaudiumetspes-blog.pl\/wp-content\/uploads\/2019\/07\/avatar-JJ-150x150.jpg\",\"contentUrl\":\"https:\/\/gaudiumetspes-blog.pl\/wp-content\/uploads\/2019\/07\/avatar-JJ-150x150.jpg\",\"caption\":\"Ks. Jacek\"},\"description\":\"Witam serdecznie! K\u0142ania si\u0119 Ks. Jacek Ja\u015bkowski. Nie jestem ani kim\u015b wa\u017cnym, ani kim\u015b znanym. Jestem ksi\u0119dzem, kt\u00f3ry po prostu chce rozmawia\u0107. Codzienna kap\u0142a\u0144ska pos\u0142uga pokazuje mi, \u017ce temat\u00f3w do rozm\u00f3w z ksi\u0119dzem jest coraz wi\u0119cej i dzisiaj \u017caden ksi\u0105dz nie mo\u017ce od nich ucieka\u0107, ale - wprost przeciwnie - podejmowa\u0107 nowe wyzwania. To przekonanie sk\u0142oni\u0142o mnie do pr\u00f3by otwarcia tego\u017c bloga, chocia\u017c okazji do rozm\u00f3w na co dzie\u0144 - w konfesjonale i poza nim - na szcz\u0119\u015bcie nie brakuje. My\u015bl\u0119 jednak, \u017ce ten blog b\u0119dzie jeszcze jednym sposobem i przestrzeni\u0105 nawi\u0105zania kontaktu z lud\u017ami dobrej woli, otwartymi na dialog.\",\"url\":\"https:\/\/gaudiumetspes-blog.pl\/index.php\/author\/ks-jacek\/\"}]}<\/script>\n<!-- \/ Yoast SEO plugin. -->","yoast_head_json":{"title":"Bez zas\u0142ony... - Gaudium Et Spes","robots":{"index":"index","follow":"follow","max-snippet":"max-snippet:-1","max-image-preview":"max-image-preview:large","max-video-preview":"max-video-preview:-1"},"canonical":"https:\/\/gaudiumetspes-blog.pl\/index.php\/2023\/06\/15\/bez-zaslony\/","og_locale":"pl_PL","og_type":"article","og_title":"Bez zas\u0142ony... - Gaudium Et Spes","og_description":"Szcz\u0119\u015b\u0107 Bo\u017ce! Moi Drodzy, w dniu dzisiejszym rocznic\u0119 \u015bwi\u0119ce\u0144 kap\u0142a\u0144skich prze\u017cywa Ksi\u0105dz Rafa\u0142 Jarosiewicz \u2013 Kolega z rodzinnej Parafii i z jednego Grona Lektorskiego, a tak w og\u00f3le, to Cz\u0142owiek, kt\u00f3rego zna chyba ca\u0142y \u015bwiat, z Jego niezmordowanej dzia\u0142alno\u015bci ewangelizacyjnej. Wraz z Nim rocznic\u0119 t\u0119 prze\u017cywaj\u0105 dzi\u015b Jego Koledzy kursowi: \u25baKsi\u0105dz Jan Babik, \u25baKsi\u0105dz Jaros\u0142aw [&hellip;]","og_url":"https:\/\/gaudiumetspes-blog.pl\/index.php\/2023\/06\/15\/bez-zaslony\/","og_site_name":"Gaudium Et Spes","article_published_time":"2023-06-15T06:21:23+00:00","author":"Ks. Jacek","twitter_card":"summary_large_image","twitter_misc":{"Napisane przez":"Ks. Jacek","Szacowany czas czytania":"8 minut"},"schema":{"@context":"https:\/\/schema.org","@graph":[{"@type":"WebPage","@id":"https:\/\/gaudiumetspes-blog.pl\/index.php\/2023\/06\/15\/bez-zaslony\/","url":"https:\/\/gaudiumetspes-blog.pl\/index.php\/2023\/06\/15\/bez-zaslony\/","name":"Bez zas\u0142ony... - Gaudium Et Spes","isPartOf":{"@id":"https:\/\/gaudiumetspes-blog.pl\/#website"},"datePublished":"2023-06-15T06:21:23+00:00","author":{"@id":"https:\/\/gaudiumetspes-blog.pl\/#\/schema\/person\/1661982992b752dea8dff0d4ed845a65"},"breadcrumb":{"@id":"https:\/\/gaudiumetspes-blog.pl\/index.php\/2023\/06\/15\/bez-zaslony\/#breadcrumb"},"inLanguage":"pl-PL","potentialAction":[{"@type":"ReadAction","target":["https:\/\/gaudiumetspes-blog.pl\/index.php\/2023\/06\/15\/bez-zaslony\/"]}]},{"@type":"BreadcrumbList","@id":"https:\/\/gaudiumetspes-blog.pl\/index.php\/2023\/06\/15\/bez-zaslony\/#breadcrumb","itemListElement":[{"@type":"ListItem","position":1,"name":"Strona g\u0142\u00f3wna","item":"https:\/\/gaudiumetspes-blog.pl\/"},{"@type":"ListItem","position":2,"name":"Bez&nbsp;zas\u0142ony&#8230;"}]},{"@type":"WebSite","@id":"https:\/\/gaudiumetspes-blog.pl\/#website","url":"https:\/\/gaudiumetspes-blog.pl\/","name":"Gaudium Et Spes","description":"Blog Ks. Jacka Ja\u015bkowskiego","potentialAction":[{"@type":"SearchAction","target":{"@type":"EntryPoint","urlTemplate":"https:\/\/gaudiumetspes-blog.pl\/?s={search_term_string}"},"query-input":{"@type":"PropertyValueSpecification","valueRequired":true,"valueName":"search_term_string"}}],"inLanguage":"pl-PL"},{"@type":"Person","@id":"https:\/\/gaudiumetspes-blog.pl\/#\/schema\/person\/1661982992b752dea8dff0d4ed845a65","name":"Ks. Jacek","image":{"@type":"ImageObject","inLanguage":"pl-PL","@id":"https:\/\/gaudiumetspes-blog.pl\/#\/schema\/person\/image\/","url":"https:\/\/gaudiumetspes-blog.pl\/wp-content\/uploads\/2019\/07\/avatar-JJ-150x150.jpg","contentUrl":"https:\/\/gaudiumetspes-blog.pl\/wp-content\/uploads\/2019\/07\/avatar-JJ-150x150.jpg","caption":"Ks. Jacek"},"description":"Witam serdecznie! K\u0142ania si\u0119 Ks. Jacek Ja\u015bkowski. Nie jestem ani kim\u015b wa\u017cnym, ani kim\u015b znanym. Jestem ksi\u0119dzem, kt\u00f3ry po prostu chce rozmawia\u0107. Codzienna kap\u0142a\u0144ska pos\u0142uga pokazuje mi, \u017ce temat\u00f3w do rozm\u00f3w z ksi\u0119dzem jest coraz wi\u0119cej i dzisiaj \u017caden ksi\u0105dz nie mo\u017ce od nich ucieka\u0107, ale - wprost przeciwnie - podejmowa\u0107 nowe wyzwania. To przekonanie sk\u0142oni\u0142o mnie do pr\u00f3by otwarcia tego\u017c bloga, chocia\u017c okazji do rozm\u00f3w na co dzie\u0144 - w konfesjonale i poza nim - na szcz\u0119\u015bcie nie brakuje. My\u015bl\u0119 jednak, \u017ce ten blog b\u0119dzie jeszcze jednym sposobem i przestrzeni\u0105 nawi\u0105zania kontaktu z lud\u017ami dobrej woli, otwartymi na dialog.","url":"https:\/\/gaudiumetspes-blog.pl\/index.php\/author\/ks-jacek\/"}]}},"jetpack_featured_media_url":"","jetpack_sharing_enabled":true,"_links":{"self":[{"href":"https:\/\/gaudiumetspes-blog.pl\/index.php\/wp-json\/wp\/v2\/posts\/21637","targetHints":{"allow":["GET"]}}],"collection":[{"href":"https:\/\/gaudiumetspes-blog.pl\/index.php\/wp-json\/wp\/v2\/posts"}],"about":[{"href":"https:\/\/gaudiumetspes-blog.pl\/index.php\/wp-json\/wp\/v2\/types\/post"}],"author":[{"embeddable":true,"href":"https:\/\/gaudiumetspes-blog.pl\/index.php\/wp-json\/wp\/v2\/users\/1"}],"replies":[{"embeddable":true,"href":"https:\/\/gaudiumetspes-blog.pl\/index.php\/wp-json\/wp\/v2\/comments?post=21637"}],"version-history":[{"count":1,"href":"https:\/\/gaudiumetspes-blog.pl\/index.php\/wp-json\/wp\/v2\/posts\/21637\/revisions"}],"predecessor-version":[{"id":21638,"href":"https:\/\/gaudiumetspes-blog.pl\/index.php\/wp-json\/wp\/v2\/posts\/21637\/revisions\/21638"}],"wp:attachment":[{"href":"https:\/\/gaudiumetspes-blog.pl\/index.php\/wp-json\/wp\/v2\/media?parent=21637"}],"wp:term":[{"taxonomy":"category","embeddable":true,"href":"https:\/\/gaudiumetspes-blog.pl\/index.php\/wp-json\/wp\/v2\/categories?post=21637"},{"taxonomy":"post_tag","embeddable":true,"href":"https:\/\/gaudiumetspes-blog.pl\/index.php\/wp-json\/wp\/v2\/tags?post=21637"}],"curies":[{"name":"wp","href":"https:\/\/api.w.org\/{rel}","templated":true}]}}