{"id":21643,"date":"2023-06-17T08:13:36","date_gmt":"2023-06-17T06:13:36","guid":{"rendered":"https:\/\/gaudiumetspes-blog.pl\/?p=21643"},"modified":"2023-06-17T08:17:10","modified_gmt":"2023-06-17T06:17:10","slug":"szczep-blogoslawiony-pana","status":"publish","type":"post","link":"https:\/\/gaudiumetspes-blog.pl\/index.php\/2023\/06\/17\/szczep-blogoslawiony-pana\/","title":{"rendered":"Szczep b\u0142ogos\u0142awiony Pana!"},"content":{"rendered":"<p align=\"justify\"><span style=\"color: #000000;\"><span style=\"font-family: Book Antiqua, serif;\"><span style=\"font-size: large;\">Szcz\u0119\u015b\u0107 Bo\u017ce! Moi Drodzy, w dniu dzisiejszym, w dniu dzisiejszym <b>imieniny prze\u017cywa Albert Kajka, Organista w Miastkowie.<\/b><\/span><\/span><\/span><\/p>\n<p align=\"justify\"><span style=\"color: #000000;\"><span style=\"font-family: Book Antiqua, serif;\"><span style=\"font-size: large;\"><b>Urodziny natomiast prze\u017cywa Cezary Kryczka, za moich czas\u00f3w \u2013 Lektor w Radory\u017cu Ko\u015bcielnym, w mojej pierwszej Parafii.<\/b><\/span><\/span><\/span><\/p>\n<p align=\"justify\"><span style=\"color: #000000;\"><span style=\"font-family: Book Antiqua, serif;\"><span style=\"font-size: large;\"><b>Obu \u015bwi\u0119tuj\u0105cym \u017cycz\u0119, by tak, jak Maryja, \u017cyli g\u0142\u0119bi\u0105 ducha! Zapewniam o modlitwie!<\/b><\/span><\/span><\/span><\/p>\n<p align=\"justify\"><span style=\"color: #000000;\"><span style=\"font-family: Book Antiqua, serif;\"><span style=\"font-size: large;\">A oto w Katedrze siedleckiej, przez pos\u0142ug\u0119 Biskupa Siedleckiego czterech Diakon\u00f3w naszego Seminarium przyjmie \u015bwi\u0119cenia kap\u0142a\u0144skie. Do wczoraj, przez tydzie\u0144, przygotowywali si\u0119 do tego wydarzenia w Sanktuarium Matki Bo\u017cej Kode\u0144skiej.<\/span><\/span><\/span><\/p>\n<p align=\"justify\"><span style=\"color: #000000;\"><span style=\"font-family: Book Antiqua, serif;\"><span style=\"font-size: large;\">Niech Najwy\u017cszy Kap\u0142an udzieli im wszystkich \u0142ask i dobrych natchnie\u0144, by byli kap\u0142anami wed\u0142ug Jego Serca. By tak\u017ce ws\u0142uchiwali si\u0119 w rytm serca Matki Kap\u0142an\u00f3w, w kt\u00f3rej to liturgiczne wspomnienie \u2013 Niepokalanego Serca Naj\u015bwi\u0119tszej Maryi Panny \u2013 przyjmuj\u0105 swoje \u015bwi\u0119cenia. <\/span><\/span><\/span><\/p>\n<p align=\"justify\"><span style=\"color: #000000;\"><span style=\"font-family: Book Antiqua, serif;\"><span style=\"font-size: large;\">Moi Drodzy, m\u00f3dlmy si\u0119 za wszystkich wy\u015bwi\u0119conych w tym roku, Pracownik\u00f3w Bo\u017cej Winnicy.<\/span><\/span><\/span><\/p>\n<p align=\"justify\"><span style=\"color: #000000;\"><span style=\"font-family: Book Antiqua, serif;\"><span style=\"font-size: large;\">A wieczorem, w Bia\u0142ej Podlaskiej, w Parafii \u015awi\u0119tej Anny \u2013 Msza \u015awi\u0119ta z okazji czterdziestych urodzin mojej Siostry Ani, po czym spotkanie rodzinne. Raz jeszcze przesy\u0142am mojej Siostrze serdeczne \u017cyczenia Bo\u017cego b\u0142ogos\u0142awie\u0144stwa.<\/span><\/span><\/span><\/p>\n<p align=\"justify\"><span style=\"color: #000000;\"><span style=\"font-family: Book Antiqua, serif;\"><span style=\"font-size: large;\">A teraz ju\u017c zapraszam do pochylenia si\u0119 nad Bo\u017cym s\u0142owem, do kt\u00f3rego rozwa\u017canie napisa\u0142 Kacper. Jak zawsze \u2013 ciekawe, intryguj\u0105ce, radykalne i podparte mocnym \u015bwiadectwem. Chocia\u017cby, bardzo intryguj\u0105ce stwierdzenie, \u017ce na tej naszej \u017cyciowej mapie duchowej nie jeste\u015bmy Szwajcari\u0105\u2026 Ciekawe! I bardzo prawdziwe!<\/span><\/span><\/span><\/p>\n<p align=\"justify\"><span style=\"color: #000000;\"><span style=\"font-family: Book Antiqua, serif;\"><span style=\"font-size: large;\">Wielkie dzi\u0119ki za to rozwa\u017canie! Niech Bo\u017ca \u0142aska i b\u0142ogos\u0142awie\u0144stwo b\u0119d\u0105 nagrod\u0105 za t\u0119 systematyczn\u0105 aktywno\u015b\u0107 na naszym blogu!<\/span><\/span><\/span><\/p>\n<p align=\"justify\"><span style=\"color: #000000;\"><span style=\"font-family: Book Antiqua, serif;\"><span style=\"font-size: large;\">Zatem \u2013 <b>co Pan do mnie konkretnie dzi\u015b m\u00f3wi? <\/b>Duchu \u015awi\u0119ty, pom\u00f3\u017c to odkry\u0107 i wzi\u0105\u0107 sobie g\u0142\u0119boko do serca, jak to czyni\u0142a Maryja\u2026 <\/span><\/span><\/span><\/p>\n<p align=\"justify\"><span style=\"color: #000000;\"><span style=\"font-family: Book Antiqua, serif;\"><span style=\"font-size: large;\"><b>Niech Was b\u0142ogos\u0142awi B\u00f3g Wszechmog\u0105cy: Ojciec + i Syn, i Duch \u015awi\u0119ty. Amen<\/b><\/span><\/span><\/span><\/p>\n<p align=\"center\"><span style=\"color: #000000;\"><span style=\"font-family: Book Antiqua, serif;\"><span style=\"font-size: large;\">Gaudium et spes! Ks. Jacek<\/span><\/span><\/span><\/p>\n<p align=\"center\">\n<p align=\"center\">\n<p align=\"center\">\n<p align=\"center\">\n<p align=\"center\">\n<p align=\"justify\"><span style=\"color: #000000;\"><span style=\"font-family: Book Antiqua, serif;\"><span style=\"font-size: large;\"><b>Wspomnienie Niepokalanego Serca Naj\u015bwi\u0119tszej Maryi Panny,<\/b><\/span><\/span><\/span><\/p>\n<p align=\"justify\"><span style=\"color: #000000;\"><span style=\"font-family: Book Antiqua, serif;\"><span style=\"font-size: large;\"><b>17 czerwca 2023.,\u00a0<\/b><\/span><\/span><\/span><\/p>\n<p align=\"justify\"><span style=\"color: #000000;\"><span style=\"font-family: Book Antiqua, serif;\"><span style=\"font-size: large;\"><b>do czyta\u0144 z t. VI Lekcjonarza: Iz 61,9\u201311; \u0141k 2,41\u201351<\/b><\/span><\/span><\/span><\/p>\n<p align=\"justify\">\n<p align=\"justify\">\n<p align=\"justify\">\n<p align=\"justify\">\n<p align=\"justify\">\n<p align=\"justify\"><span style=\"color: #000000;\"><span style=\"font-family: Book Antiqua, serif;\"><span style=\"font-size: large;\"><b>CZYTANIE Z KSI\u0118GI PROROKA IZAJASZA: <\/b><\/span><\/span><\/span><\/p>\n<p align=\"justify\"><span style=\"color: #000000;\"><span style=\"font-family: Book Antiqua, serif;\"><span style=\"font-size: large;\"><b>Plemi\u0119 narodu mego b\u0119dzie znane w\u015br\u00f3d narod\u00f3w i mi\u0119dzy ludami ich potomstwo. Wszyscy, co ich zobacz\u0105, uznaj\u0105, \u017ce oni s\u0105 szczepem b\u0142ogos\u0142awionym Pana. <\/b><\/span><\/span><\/span><\/p>\n<p align=\"justify\"><span style=\"color: #000000;\"><span style=\"font-family: Book Antiqua, serif;\"><span style=\"font-size: large;\"><b>Ogromnie si\u0119 wesel\u0119 w Panu, dusza moja raduje si\u0119 w Bogu moim, bo mnie przyodzia\u0142 w szaty zbawienia, okry\u0142 mnie p\u0142aszczem sprawiedliwo\u015bci, jak oblubie\u0144ca, kt\u00f3ry wk\u0142ada zaw\u00f3j, jak oblubienic\u0119 strojn\u0105 w swe klejnoty. Zaiste, jak ziemia wydaje swe plony, jak ogr\u00f3d rozplenia swe zasiewy, tak Pan B\u00f3g sprawi, \u017ce si\u0119 rozpleni sprawiedliwo\u015b\u0107 i chwa\u0142a wobec wszystkich narod\u00f3w.<\/b><\/span><\/span><\/span><\/p>\n<p align=\"justify\">\n<p align=\"justify\">\n<p align=\"justify\">\n<p align=\"justify\">\n<p align=\"justify\">\n<p align=\"justify\"><span style=\"color: #000000;\"><span style=\"font-family: Book Antiqua, serif;\"><span style=\"font-size: large;\"><b>S\u0141OWA EWANGELII WED\u0141UG \u015aWI\u0118TEGO \u0141UKASZA: <\/b><\/span><\/span><\/span><\/p>\n<p align=\"justify\"><span style=\"color: #000000;\"><span style=\"font-family: Book Antiqua, serif;\"><span style=\"font-size: large;\"><b>Rodzice Jezusa chodzili co roku do Jerozolimy na \u015awi\u0119to Paschy. Gdy mia\u0142 On lat dwana\u015bcie, udali si\u0119 tam zwyczajem \u015bwi\u0105tecznym. Kiedy wracali po sko\u0144czonych uroczysto\u015bciach, zosta\u0142 Jezus w Jerozolimie, a tego nie zauwa\u017cyli Jego rodzice. Przypuszczaj\u0105c, \u017ce jest w towarzystwie p\u0105tnik\u00f3w, uszli dzie\u0144 drogi i szukali Go w\u015br\u00f3d krewnych i znajomych. Gdy Go nie znale\u017ali, wr\u00f3cili do Jerozolimy szukaj\u0105c Go. <\/b><\/span><\/span><\/span><\/p>\n<p align=\"justify\"><span style=\"color: #000000;\"><span style=\"font-family: Book Antiqua, serif;\"><span style=\"font-size: large;\"><b>Dopiero po trzech dniach odnale\u017ali Go w \u015bwi\u0105tyni, gdzie siedzia\u0142 mi\u0119dzy nauczycielami, przys\u0142uchiwa\u0142 si\u0119 im i zadawa\u0142 pytania. Wszyscy za\u015b, kt\u00f3rzy Go s\u0142uchali, byli zdumieni bystro\u015bci\u0105 Jego umys\u0142u i odpowiedziami. <\/b><\/span><\/span><\/span><\/p>\n<p align=\"justify\"><span style=\"color: #000000;\"><span style=\"font-family: Book Antiqua, serif;\"><span style=\"font-size: large;\"><b>Na ten widok zdziwili si\u0119 bardzo, a Jego Matka rzek\u0142a do Niego: \u201eSynu, czemu\u015b nam to uczyni\u0142? Oto ojciec Tw\u00f3j i ja z b\u00f3lem serca szukali\u015bmy Ciebie\u201d. <\/b><\/span><\/span><\/span><\/p>\n<p align=\"justify\"><span style=\"color: #000000;\"><span style=\"font-family: Book Antiqua, serif;\"><span style=\"font-size: large;\"><b>Lecz On im odpowiedzia\u0142: \u201eCzemu\u015bcie Mnie szukali? Czy nie wiedzieli\u015bcie, \u017ce powinienem by\u0107 w tym, co nale\u017cy do mego Ojca?\u201d Oni jednak nie zrozumieli tego, co im powiedzia\u0142. <\/b><\/span><\/span><\/span><\/p>\n<p align=\"justify\"><span style=\"color: #000000;\"><span style=\"font-family: Book Antiqua, serif;\"><span style=\"font-size: large;\"><b>Potem poszed\u0142 z nimi i wr\u00f3ci\u0142 do Nazaretu; i by\u0142 im poddany. <\/b><\/span><\/span><\/span><\/p>\n<p align=\"justify\"><span style=\"color: #000000;\"><span style=\"font-family: Book Antiqua, serif;\"><span style=\"font-size: large;\"><b>A Matka Jego chowa\u0142a wiernie te wspomnienia w swym sercu.<\/b><\/span><\/span><\/span><\/p>\n<p align=\"justify\">\n<p align=\"justify\">\n<p align=\"justify\">\n<p align=\"justify\">\n<p align=\"justify\">\n<p align=\"center\"><span style=\"color: #000000;\"><span style=\"font-family: Book Antiqua, serif;\"><span style=\"font-size: large;\"><b>A <\/b><b>OTO S\u0141\u00d3WKO KA<\/b><b>CPRA<\/b><b>:<\/b><\/span><\/span><\/span><\/p>\n<p align=\"center\">\n<p align=\"center\">\n<p align=\"center\">\n<p align=\"center\">\n<p align=\"center\">\n<p lang=\"en-US\" align=\"justify\"><span style=\"font-family: Book Antiqua, serif;\"><span style=\"font-size: large;\"><span style=\"color: #000000;\"><span lang=\"pl-PL\">W dzisiejszym czytaniu mamy obraz tego, jak B\u00f3g b\u0142ogos\u0142awi tym, kt\u00f3rzy s\u0105 <\/span><span lang=\"pl-PL\">M<\/span><span lang=\"pl-PL\">u wierni i oddani. Przez proroka Izajasza B\u00f3g m\u00f3wi do nas: <\/span><span lang=\"pl-PL\"><i><b>Plemi\u0119 narodu mego b\u0119dzie znane w\u015br\u00f3d narod\u00f3w i mi\u0119dzy ludami ich potomstwo. Wszyscy, co ich zobacz\u0105, uznaj\u0105, \u017ce oni s\u0105 szczepem b\u0142ogos\u0142awionym Pana.<\/b><\/i><\/span><i> <\/i><span lang=\"pl-PL\">Mo\u017cemy teraz zada\u0107 pytanie, co to znaczy, \u017ce <\/span><span lang=\"pl-PL\">c<\/span><span lang=\"pl-PL\">i, kt\u00f3rzy zobacz\u0105 ten lud, b\u0119d\u0105 wiedzie\u0107, \u017ce jest b\u0142ogos\u0142awiony przez Boga. My\u015bl\u0119, \u017ce chodzi tu przede wszystkim o nasze dobre uczynki, g\u0142oszenie Ewangelii innym ludziom i nasz<\/span><span lang=\"pl-PL\">\u0105<\/span><span lang=\"pl-PL\"> postaw<\/span><span lang=\"pl-PL\">\u0119,<\/span><span lang=\"pl-PL\"> pe\u0142n<\/span><span lang=\"pl-PL\">\u0105<\/span><span lang=\"pl-PL\"> mi\u0142o\u015bci do Boga, jak r\u00f3wnie\u017c do bli\u017aniego. <\/span><\/span><\/span><\/span><\/p>\n<p lang=\"en-US\" align=\"justify\"><span style=\"font-family: Book Antiqua, serif;\"><span style=\"font-size: large;\"><span style=\"color: #000000;\"><span lang=\"pl-PL\">Je\u015bli \u017cyjemy zgodnie z tym, do czego powo\u0142a\u0142 nas B\u00f3g, to panuje w naszym \u017cyciu atmosfera, kt\u00f3ra wr\u0119cz zdumiewa i przyci\u0105ga inne osoby. Sam nieraz dosta\u0142em sugesti<\/span><span lang=\"pl-PL\">e<\/span><span lang=\"pl-PL\">, \u017ce jako\u015b tak po moim nawr\u00f3ceniu jestem spokojniejszy, bardziej \u017cyczliwy, mniej konfliktowy. Odpowiadam zawsze: \u201e<\/span><span lang=\"pl-PL\">To B\u00f3g mnie tak przemieni\u0142. To post\u0119powanie zgodnie z Jego przykazaniami daje mi si\u0142\u0119 do pokonywania kolejnych wyzwa\u0144 czy trudno\u015bci\u201d.<\/span><\/span><\/span><\/span><\/p>\n<p lang=\"en-US\" align=\"justify\"><span style=\"font-family: Book Antiqua, serif;\"><span style=\"font-size: large;\"><span style=\"color: #000000;\"><span lang=\"pl-PL\">B\u00f3g jest czyst\u0105 mi\u0142o\u015bci\u0105, a my jeste\u015bmy stworzeni na Jego obraz i podobie\u0144stwo. Bycie dobrym, kochaj\u0105cym i pe\u0142nym wyrozumia\u0142o\u015bci dla bli\u017aniego \u2013 wpisane jest w nasze cz\u0142owiecze\u0144stwo. Do tego jeste\u015bmy powo\u0142ani, a nie do wrogo\u015bci, nienawi\u015bci, z\u0142o\u015bci, czy innych negatywnych rzeczy, kt\u00f3re znalaz\u0142y si\u0119 na tym \u015bwiecie przez szatana. <\/span><\/span><\/span><\/span><\/p>\n<p lang=\"en-US\" align=\"justify\"><span style=\"font-family: Book Antiqua, serif;\"><span style=\"font-size: large;\"><span style=\"color: #000000;\"><span lang=\"pl-PL\">Ostatnio s\u0142ucha\u0142em w drodze wywiad<\/span><span lang=\"pl-PL\">u<\/span><span lang=\"pl-PL\"> z jednym z <\/span><span lang=\"pl-PL\">p<\/span><span lang=\"pl-PL\">olskich egzorcyst\u00f3w. Pad\u0142o pytanie: \u201eCzy nie da\u0142oby si\u0119 tego ca\u0142ego z\u0142a i z\u0142ych duch\u00f3w zamkn\u0105\u0107 w piekle tak na sta\u0142e?\u201d Odpowied\u017a mnie zaskoczy\u0142a. Ksi\u0105dz egzorcysta odpowiedzia\u0142: \u201e<\/span><span lang=\"pl-PL\">Prosz\u0119 Pani, my\u015bl\u0119, \u017ce by\u0142aby taka mo\u017cliwo\u015b\u0107, ale tylko pod warunkiem, \u017ce wszyscy ludzie przestaliby grzeszy\u0107. Wtedy z\u0142e duchy nie mia\u0142yby dost\u0119pu do ludzi, a tak to ludzie w swoim \u017cyciu zapraszaj\u0105 demony i z\u0142e duchy.\u201d<\/span><\/span><\/span><\/span><\/p>\n<p lang=\"en-US\" align=\"justify\"><span style=\"font-family: Book Antiqua, serif;\"><span style=\"font-size: large;\"><span style=\"color: #000000;\"><span lang=\"pl-PL\">Najwi\u0119kszym k\u0142amstwem szatana jest wm\u00f3wienie ludziom, \u017ce go nie ma. Niestety, rozmawiaj\u0105c ze znajomymi, rodzin\u0105 czy bliskimi, s\u0142ysz\u0119 opinie, jakoby muzyka wykonywana przez zespo\u0142y satanistyczne by\u0142a \u201etylko muzyk\u0105\u201d. Ksi\u0105\u017cki zawieraj\u0105ce wprost przepisy na okultyzm i magi\u0119 by\u0142y \u201etylko fantastyk\u0105\u201d. Wszystko mo\u017cemy wyja\u015bni\u0107 sobie tym, \u017ce to \u201etylko co\u015b\u201d, bez zwi\u0105zku ze z\u0142em. <\/span><\/span><\/span><\/span><\/p>\n<p align=\"justify\"><span style=\"font-family: Book Antiqua, serif;\"><span style=\"font-size: large;\"><span style=\"color: #000000;\"><span lang=\"pl-PL\">Pami\u0119tajmy <\/span><span lang=\"pl-PL\">jednak<\/span><span lang=\"pl-PL\">, \u017ce w \u015bwiecie duchowym nie mamy strefy wolnoc\u0142owej tak, jak na lotnisku. Nie ma miejsca, gdzie sobie staniemy z boku i powiemy: \u201e<\/span><span lang=\"pl-PL\">D<\/span><span lang=\"pl-PL\">obra, to ja ani do Boga, ani do szatana. Jestem <\/span><span lang=\"pl-PL\">\u00ab<\/span><span lang=\"pl-PL\">Szwajcari\u0105<\/span><span lang=\"pl-PL\">\u00bb<\/span><span lang=\"pl-PL\"> na tej mapie\u201d. W \u015bwiecie duchowym walcz\u0105 o nas dwie si\u0142y \u2013 B\u00f3g i szatan. Nie ma innej mo\u017cliwo\u015bci. <\/span><\/span><\/span><\/span><\/p>\n<p align=\"justify\"><span style=\"font-family: Book Antiqua, serif;\"><span style=\"font-size: large;\"><span style=\"color: #000000;\"><span lang=\"pl-PL\">Je\u015bli wyznajemy, \u017ce naszym Panem jest Jezus, przyst\u0119pujemy do sakrament\u00f3w i \u017cyjemy zgodnie z nasz\u0105 wiar\u0105, jeste\u015bmy blisko Boga i nic nam z\u0142e duchy nie s\u0105 w stanie zrobi\u0107. Natomiast, je\u015bli nie jeste\u015bmy blisko Boga, to ca\u0142ym sob\u0105 zapraszamy te duchy do swojego \u017cycia, nie b\u0119d\u0105c nawet \u015bwiadomym<\/span><span lang=\"pl-PL\">i,<\/span><span lang=\"pl-PL\"> jak bardzo jeste\u015bmy zwodzeni. Dlatego tym bardziej zach\u0119cam do gorliwej modlitwy, przyst\u0119powania do sakrament\u00f3w, czytania codziennie S\u0142owa Bo\u017cego, bo tak jak pisze \u015aw. Pawe\u0142:<\/span><\/span><\/span><\/span><\/p>\n<p align=\"justify\"><span style=\"font-family: Book Antiqua, serif;\"><span style=\"font-size: large;\"><span style=\"color: #000000;\"><span lang=\"pl-PL\"><i><b>Przyobleczcie pe\u0142n\u0105 zbroj\u0119 Bo\u017c\u0105, by\u015bcie mogli si\u0119 osta\u0107 wobec podst\u0119pnych zakus\u00f3w diab\u0142a. Nie toczymy bowiem walki przeciw krwi i cia\u0142u, lecz przeciw Zwierzchno\u015bciom, przeciw W\u0142adzom, przeciw rz\u0105dcom \u015bwiata tych ciemno\u015bci, przeciw duchowym pierwiastkom z\u0142a na wy\u017cynach niebieskich. Dlatego przywdziejcie pe\u0142n\u0105 zbroj\u0119 Bo\u017c\u0105, aby\u015bcie si\u0119 zdo\u0142ali przeciwstawi\u0107 w dzie\u0144 z\u0142y i osta\u0107, zwalczywszy wszystko. Sta\u0144cie wi\u0119c [do walki], przepasawszy biodra wasze prawd\u0105 i <\/b><\/i><\/span><span lang=\"pl-PL\"><i><b>przyobl\u00f3k\u0142szy<\/b><\/i><\/span><span lang=\"pl-PL\"><i><b> pancerz, kt\u00f3rym jest sprawiedliwo\u015b\u0107, a obuwszy nogi w gotowo\u015b\u0107 [g\u0142oszenia] dobrej nowiny o pokoju. W ka\u017cdym po\u0142o\u017ceniu bierzcie wiar\u0119 jako tarcz\u0119, dzi\u0119ki kt\u00f3rej zdo\u0142acie zgasi\u0107 wszystkie roz\u017carzone pociski Z\u0142ego. We\u017acie te\u017c he\u0142m zbawienia i miecz Ducha, to jest s\u0142owo Bo\u017ce \u2013 w\u015br\u00f3d wszelakiej modlitwy i b\u0142agania. Przy ka\u017cdej sposobno\u015bci m\u00f3dlcie si\u0119 w Duchu.<\/b><\/i><\/span><\/span><\/span><\/span><\/p>\n<p align=\"justify\"><span style=\"font-family: Book Antiqua, serif;\"><span style=\"font-size: large;\"><span style=\"color: #000000;\"><span lang=\"pl-PL\">Tylko wtedy, gdy b\u0119dziemy pe\u0142ni wiary, mi\u0142o\u015bci i nape\u0142nieni Bo\u017cym S\u0142owem, b\u0119dziemy w stanie by\u0107 dla bli\u017anich wsparciem, pomoc\u0105, bratem i siostr\u0105. Do tego jeste\u015bmy powo\u0142ani przez naszego Boga. Je\u015bli b\u0119dziemy potrafili przeciwstawi\u0107 si\u0119 z\u0142u i wybierzemy dobro, to na tym \u015bwiecie b\u0119dzie nam si\u0119 \u017cy\u0142o o wiele lepiej. Nauczmy si\u0119 kocha\u0107 bli\u017aniego, nauczmy si\u0119 mu przebacza\u0107, nauczmy si\u0119 przeciwstawia\u0107 z\u0142emu.<\/span><\/span><\/span><\/span><\/p>\n<p align=\"justify\"><span style=\"font-family: Book Antiqua, serif;\"><span style=\"font-size: large;\"><span style=\"color: #000000;\"><span lang=\"pl-PL\">Bior\u0105c jednak pod uwag\u0119 nasz\u0105 ludzk\u0105 natur\u0119, kt\u00f3ra jest u\u0142omna i nie jest doskona\u0142a, nieraz upadniemy. Nieraz odwr\u00f3cimy si\u0119 od Boga, czy po prostu nie zrobimy tego, co do nas nale\u017cy. B\u00f3g nas za to nie pot\u0119pia, On nas kocha bezwarunkowo i czeka, a\u017c oddamy <\/span><span lang=\"pl-PL\">M<\/span><span lang=\"pl-PL\">u ca\u0142y ten nasz baga\u017c, kt\u00f3rym to On b\u0119dzie m\u00f3g\u0142 si\u0119 zaj\u0105\u0107. <\/span><\/span><\/span><\/span><\/p>\n<p align=\"justify\"><span style=\"font-family: Book Antiqua, serif;\"><span style=\"font-size: large;\"><span style=\"color: #000000;\"><span lang=\"pl-PL\">Dzisiejsza Ewangelia daje nam obraz tego, jak <\/span><span lang=\"pl-PL\">R<\/span><span lang=\"pl-PL\">odzice Jezusa zgubili <\/span><span lang=\"pl-PL\">G<\/span><span lang=\"pl-PL\">o po wizycie w \u015bwi\u0105tyni. Maryja straci\u0142a z oczu swoje <\/span><span lang=\"pl-PL\">D<\/span><span lang=\"pl-PL\">ziecko i tak po ludzku \u2013 jako matka \u2013 szuka\u0142a Jezusa z b\u00f3lem serca. My\u015bl\u0119, \u017ce mia\u0142a r\u00f3wnie\u017c \u015bwiadomo\u015b\u0107 powierzonej <\/span><span lang=\"pl-PL\">J<\/span><span lang=\"pl-PL\">ej misji jako <\/span><span lang=\"pl-PL\">M<\/span><span lang=\"pl-PL\">atki Boga. Ten fragment mo\u017ce da\u0107 nam do my\u015blenia, \u017ce ka\u017cdy z nas, w jakim\u015b momencie naszego \u017cycia, mo\u017ce straci\u0107 Boga z pola widzenia. Co jest najpi\u0119kniejsze jednak w tym wszystkim, <\/span><span lang=\"pl-PL\">to fakt,<\/span><span lang=\"pl-PL\"> \u017ce on tam jest \u2013 wystarczy odnale\u017a\u0107 do Niego drog\u0119. Je\u015bli otworzymy swoje serce na znalezienie Boga, to znajdziemy <\/span><span lang=\"pl-PL\">G<\/span><span lang=\"pl-PL\">o bez problemu. <\/span><\/span><\/span><\/span><\/p>\n<p align=\"justify\"><span style=\"font-family: Book Antiqua, serif;\"><span style=\"font-size: large;\"><span style=\"color: #000000;\"><span lang=\"pl-PL\">Mamy codzienne obowi\u0105zki, troski, problemy, kt\u00f3re staramy si\u0119 ud\u017awign\u0105\u0107. Nikt tego za nas nie zrobi \u2013 to jest jasne! \u2013 musimy w to w\u0142o\u017cy\u0107 trud. Czy jednak to wszystko mamy opiera\u0107 TYLKO na naszych si\u0142ach? <\/span><\/span><\/span><\/span><\/p>\n<p align=\"justify\"><span style=\"font-family: Book Antiqua, serif;\"><span style=\"font-size: large;\"><span style=\"color: #000000;\"><span lang=\"pl-PL\">Nie, poniewa\u017c d\u0142ugo tak nie damy rady wytrwa\u0107. Pojawi si\u0119 stres, zm\u0119czenie, z\u0142o\u015b\u0107, a mo\u017ce i pretensja do Boga i ludzi. Je\u015bli jednak wszystkie nasze sprawy oddamy Bogu i przez Niego b\u0119dziemy to robi\u0107, to On ju\u017c ma wszystkie niezb\u0119dne si\u0142y i \u015brodki, \u017ceby z tego wyprowadzi\u0107 samo dobro. O co prosi\u0142 nas tyle razy Jezus? O wiar\u0119 i ufno\u015b\u0107. Je\u015bli wierzymy i ufamy, \u017ce <\/span><span lang=\"pl-PL\">kiedy oddamy<\/span><span lang=\"pl-PL\"> nasze sprawy Jemu, <\/span><span lang=\"pl-PL\">to<\/span><span lang=\"pl-PL\"> wyniknie z tego dobro \u2013 to tak b\u0119dzie, poniewa\u017c <\/span><span lang=\"pl-PL\">O<\/span><span lang=\"pl-PL\">n nas o tym zapewnia\u0142. <\/span><\/span><\/span><\/span><\/p>\n<p align=\"justify\"><span style=\"font-family: Book Antiqua, serif;\"><span style=\"font-size: large;\"><span style=\"color: #000000;\"><span lang=\"pl-PL\">C<\/span><span lang=\"pl-PL\">hocia\u017cby we wczorajszej Ewangelii, gdzie m\u00f3wi\u0142: <\/span><span lang=\"pl-PL\"><i><b>Przyjd\u017acie d<\/b><\/i><\/span><span lang=\"pl-PL\"><i><b>o <\/b><\/i><\/span><span lang=\"pl-PL\"><i><b>Mnie wszyscy, kt\u00f3rzy utrudzeni i obci\u0105\u017ceni jeste\u015bcie, a Ja was pokrzepi\u0119. We\u017ami<\/b><\/i><\/span><span lang=\"pl-PL\"><i><b>j<\/b><\/i><\/span><span lang=\"pl-PL\"><i><b>cie moje jarzmo na siebie i uczcie si\u0119 ode Mnie, bo jestem cichy i pokorny sercem, a znajdziecie ukojenie dla dusz waszych. Albowiem jarzmo moje jest s\u0142odkie, a moje brzemi\u0119 lekkie.<\/b><\/i><\/span><\/span><\/span><\/span><\/p>\n<p align=\"justify\"><span style=\"font-family: Book Antiqua, serif;\"><span style=\"font-size: large;\"><span style=\"color: #000000;\"><span lang=\"pl-PL\">Kto\u015b powie: \u201e<\/span><span lang=\"pl-PL\">N<\/span><span lang=\"pl-PL\">o dobra, tylko ja m\u00f3wi\u0119: <\/span><span lang=\"pl-PL\">\u00ab<\/span><span lang=\"pl-PL\">Jezu, <\/span><span lang=\"pl-PL\">u<\/span><span lang=\"pl-PL\">fam Tobie!<\/span><span lang=\"pl-PL\">\u00bb<\/span><span lang=\"pl-PL\">, oddaje Ci moje sprawy, <\/span><span lang=\"pl-PL\">a<\/span><span lang=\"pl-PL\"> nic si\u0119 nie dzieje dobrego\u2026\u201d. Pierwsze pytanie \u2013 czy naprawd\u0119 <\/span><span lang=\"pl-PL\">u<\/span><span lang=\"pl-PL\">fasz? Czy tylko troch\u0119? Czy <\/span><span lang=\"pl-PL\">nie <\/span><span lang=\"pl-PL\">jest <\/span><span lang=\"pl-PL\">przypadkiem <\/span><span lang=\"pl-PL\">tak, \u017ce trzymasz sprawy kurczowo w r\u0119ku i boisz si\u0119 je naprawd\u0119 odda\u0107, bo mo\u017ce jednak Ci Jezus nie pomo\u017ce? Czy przy pierwszej okazji, gdy co\u015b zaczyna i\u015b\u0107 nie tak, chcesz bra\u0107 sprawy w swoje r\u0119ce, odsuwaj\u0105c Boga?\u2026 <\/span><\/span><\/span><\/span><\/p>\n<p align=\"justify\"><span style=\"font-family: Book Antiqua, serif;\"><span style=\"font-size: large;\"><span style=\"color: #000000;\"><span lang=\"pl-PL\">Wiara, to nie nasze uczucia. Nie staraj si\u0119 kierowa\u0107 uczuciami, tylko wiar\u0105. Je\u015bli b\u0119dziesz patrzy\u0142 na swoje uczucia, to stawiasz siebie w centrum. <\/span><span lang=\"pl-PL\">Siebie, a<\/span><span lang=\"pl-PL\"> nie Boga. Jezus m\u00f3wi\u0142 o wierze, nie o poczuciu, \u017ce B\u00f3g jest przy Tobie.<\/span><\/span><\/span><\/span><\/p>\n<p align=\"justify\"><span style=\"font-family: Book Antiqua, serif;\"><span style=\"font-size: large;\"><span lang=\"pl-PL\"><span style=\"color: #000000;\">Temat jest g\u0142\u0119boki i rozleg\u0142y, ale zale\u017cy mi na tym, aby\u015bmy mieli \u015bwiadomo\u015b\u0107 <\/span><\/span><span lang=\"pl-PL\">tego, o czym<\/span><span lang=\"pl-PL\"> pisa\u0142 \u015aw<\/span><span lang=\"pl-PL\">i\u0119ty<\/span><span lang=\"pl-PL\"> Piotr: <\/span><span lang=\"pl-PL\"><i><b>Przeciwnik wasz, diabe\u0142, jak lew rycz\u0105cy kr\u0105\u017cy szukaj\u0105c kogo po\u017cre\u0107. Mocni w wierze \u2013 przeciwstawcie si\u0119 jemu!<\/b><\/i><\/span><i> <\/i><span lang=\"pl-PL\">Jak umocni\u0107 swoj\u0105 wiar\u0119? Poprzez czytanie Bo\u017cego S\u0142owa, modlitw\u0119 i trwanie blisko Boga. <\/span><\/span><\/span><\/p>\n<p align=\"justify\"><span style=\"font-family: Book Antiqua, serif;\"><span style=\"font-size: large;\"><span lang=\"pl-PL\"><span style=\"color: #000000;\">Zach\u0119cam do regularnej spowiedzi, <\/span><\/span><span lang=\"pl-PL\">do <\/span><span lang=\"pl-PL\">regularnego przyst\u0119powania do Komunii \u015awi\u0119tej, <\/span><span lang=\"pl-PL\">do <\/span><span lang=\"pl-PL\">codziennego czytania Bo\u017cego S\u0142owa. Wystarczy zainstalowa\u0107 aplikacj\u0119: \u201ePismo \u015awi\u0119te\u201d i codziennie rano \u2013 zamiast medi\u00f3w spo\u0142eczno\u015bciowych \u2013 przeczyta\u0107 czytanie i Ewangeli\u0119 na dany dzie\u0144. Kiedy\u015b us\u0142ysza\u0142em o tej praktyce i sam zacz\u0105\u0142em j\u0105 stosowa\u0107. Na pytanie, czy odczuwam Bo\u017c\u0105 obecno\u015b\u0107 i Bo\u017c\u0105 mi\u0142o\u015b\u0107, odpowiadam \u2013 TAK! Ka\u017cdego dnia. <\/span><\/span><\/span><\/p>\n<p align=\"justify\"><span style=\"font-family: Book Antiqua, serif;\"><span style=\"font-size: large;\"><span lang=\"pl-PL\"><span style=\"color: #000000;\">Czy to <\/span><\/span><span lang=\"pl-PL\">jednak <\/span><span lang=\"pl-PL\">znaczy, \u017ce czuj\u0119 <\/span><span lang=\"pl-PL\">fizyczn\u0105 <\/span><span lang=\"pl-PL\">obecno\u015b\u0107 osoby Jezusa w pomieszczeniu, w kt\u00f3rym si\u0119 znajduj\u0119? Nie, ale poprzez WIAR\u0118 przyjmuj\u0119, \u017ce jest ze mn\u0105 w ka\u017cdym momencie mojego \u017cycia. <\/span><\/span><\/span><\/p>\n<p align=\"justify\"><span style=\"font-family: Book Antiqua, serif;\"><span style=\"font-size: large;\"><span lang=\"pl-PL\"><span style=\"color: #000000;\">Zapraszajmy Jezusa do ka\u017cdej czynno\u015bci, oddajmy <\/span><\/span><span lang=\"pl-PL\">M<\/span><span lang=\"pl-PL\">u nasze sprawy, <\/span><span lang=\"pl-PL\">nasz\u0105 <\/span><span lang=\"pl-PL\">codzienno\u015b\u0107 i kochajmy bli\u017aniego! <\/span><span lang=\"pl-PL\">A<\/span><span lang=\"pl-PL\"> je\u015bli co\u015b znam <\/span><span lang=\"pl-PL\">uczyni<\/span><span lang=\"pl-PL\">, <\/span><span lang=\"pl-PL\">czy pod<\/span><span lang=\"pl-PL\">powie w my\u015blach \u2013 b\u0142ogos\u0142awmy <\/span><span lang=\"pl-PL\">M<\/span><span lang=\"pl-PL\">u, bo tylko tak\u0105 postaw\u0105 wprowadzimy wi\u0119cej Kr\u00f3lestwa <\/span><span lang=\"pl-PL\">n<\/span><span lang=\"pl-PL\">iebieskiego na ziemi\u0119. I po tym poznaj\u0105, \u017ce jeste\u015bmy <\/span><span lang=\"pl-PL\"><i><b>szczepem b\u0142ogos\u0142awionym Pana.<\/b><\/i><\/span><\/span><\/span><\/p>\n","protected":false},"excerpt":{"rendered":"<p>Szcz\u0119\u015b\u0107 Bo\u017ce! Moi Drodzy, w dniu dzisiejszym, w dniu dzisiejszym imieniny prze\u017cywa Albert Kajka, Organista w Miastkowie. Urodziny natomiast prze\u017cywa Cezary Kryczka, za moich czas\u00f3w \u2013 Lektor w Radory\u017cu Ko\u015bcielnym, w mojej pierwszej Parafii. Obu \u015bwi\u0119tuj\u0105cym \u017cycz\u0119, by tak, jak Maryja, \u017cyli g\u0142\u0119bi\u0105 ducha! Zapewniam o modlitwie! A oto w Katedrze siedleckiej, przez pos\u0142ug\u0119 Biskupa [&hellip;]<\/p>\n","protected":false},"author":1,"featured_media":0,"comment_status":"open","ping_status":"open","sticky":false,"template":"","format":"standard","meta":{"jetpack_post_was_ever_published":false,"_jetpack_newsletter_access":"","_jetpack_dont_email_post_to_subs":false,"_jetpack_newsletter_tier_id":0,"_jetpack_memberships_contains_paywalled_content":false,"_jetpack_memberships_contains_paid_content":false,"footnotes":""},"categories":[1],"tags":[],"class_list":["post-21643","post","type-post","status-publish","format-standard","hentry","category-bez-kategorii"],"yoast_head":"<!-- This site is optimized with the Yoast SEO plugin v25.1 - https:\/\/yoast.com\/wordpress\/plugins\/seo\/ -->\n<title>Szczep b\u0142ogos\u0142awiony Pana! - Gaudium Et Spes<\/title>\n<meta name=\"robots\" content=\"index, follow, max-snippet:-1, max-image-preview:large, max-video-preview:-1\" \/>\n<link rel=\"canonical\" href=\"https:\/\/gaudiumetspes-blog.pl\/index.php\/2023\/06\/17\/szczep-blogoslawiony-pana\/\" \/>\n<meta property=\"og:locale\" content=\"pl_PL\" \/>\n<meta property=\"og:type\" content=\"article\" \/>\n<meta property=\"og:title\" content=\"Szczep b\u0142ogos\u0142awiony Pana! - Gaudium Et Spes\" \/>\n<meta property=\"og:description\" content=\"Szcz\u0119\u015b\u0107 Bo\u017ce! Moi Drodzy, w dniu dzisiejszym, w dniu dzisiejszym imieniny prze\u017cywa Albert Kajka, Organista w Miastkowie. Urodziny natomiast prze\u017cywa Cezary Kryczka, za moich czas\u00f3w \u2013 Lektor w Radory\u017cu Ko\u015bcielnym, w mojej pierwszej Parafii. Obu \u015bwi\u0119tuj\u0105cym \u017cycz\u0119, by tak, jak Maryja, \u017cyli g\u0142\u0119bi\u0105 ducha! Zapewniam o modlitwie! A oto w Katedrze siedleckiej, przez pos\u0142ug\u0119 Biskupa [&hellip;]\" \/>\n<meta property=\"og:url\" content=\"https:\/\/gaudiumetspes-blog.pl\/index.php\/2023\/06\/17\/szczep-blogoslawiony-pana\/\" \/>\n<meta property=\"og:site_name\" content=\"Gaudium Et Spes\" \/>\n<meta property=\"article:published_time\" content=\"2023-06-17T06:13:36+00:00\" \/>\n<meta property=\"article:modified_time\" content=\"2023-06-17T06:17:10+00:00\" \/>\n<meta name=\"author\" content=\"Ks. Jacek\" \/>\n<meta name=\"twitter:card\" content=\"summary_large_image\" \/>\n<meta name=\"twitter:label1\" content=\"Napisane przez\" \/>\n\t<meta name=\"twitter:data1\" content=\"Ks. Jacek\" \/>\n\t<meta name=\"twitter:label2\" content=\"Szacowany czas czytania\" \/>\n\t<meta name=\"twitter:data2\" content=\"11 minut\" \/>\n<script type=\"application\/ld+json\" class=\"yoast-schema-graph\">{\"@context\":\"https:\/\/schema.org\",\"@graph\":[{\"@type\":\"WebPage\",\"@id\":\"https:\/\/gaudiumetspes-blog.pl\/index.php\/2023\/06\/17\/szczep-blogoslawiony-pana\/\",\"url\":\"https:\/\/gaudiumetspes-blog.pl\/index.php\/2023\/06\/17\/szczep-blogoslawiony-pana\/\",\"name\":\"Szczep b\u0142ogos\u0142awiony Pana! - Gaudium Et Spes\",\"isPartOf\":{\"@id\":\"https:\/\/gaudiumetspes-blog.pl\/#website\"},\"datePublished\":\"2023-06-17T06:13:36+00:00\",\"dateModified\":\"2023-06-17T06:17:10+00:00\",\"author\":{\"@id\":\"https:\/\/gaudiumetspes-blog.pl\/#\/schema\/person\/1661982992b752dea8dff0d4ed845a65\"},\"breadcrumb\":{\"@id\":\"https:\/\/gaudiumetspes-blog.pl\/index.php\/2023\/06\/17\/szczep-blogoslawiony-pana\/#breadcrumb\"},\"inLanguage\":\"pl-PL\",\"potentialAction\":[{\"@type\":\"ReadAction\",\"target\":[\"https:\/\/gaudiumetspes-blog.pl\/index.php\/2023\/06\/17\/szczep-blogoslawiony-pana\/\"]}]},{\"@type\":\"BreadcrumbList\",\"@id\":\"https:\/\/gaudiumetspes-blog.pl\/index.php\/2023\/06\/17\/szczep-blogoslawiony-pana\/#breadcrumb\",\"itemListElement\":[{\"@type\":\"ListItem\",\"position\":1,\"name\":\"Strona g\u0142\u00f3wna\",\"item\":\"https:\/\/gaudiumetspes-blog.pl\/\"},{\"@type\":\"ListItem\",\"position\":2,\"name\":\"Szczep b\u0142ogos\u0142awiony Pana!\"}]},{\"@type\":\"WebSite\",\"@id\":\"https:\/\/gaudiumetspes-blog.pl\/#website\",\"url\":\"https:\/\/gaudiumetspes-blog.pl\/\",\"name\":\"Gaudium Et Spes\",\"description\":\"Blog Ks. Jacka Ja\u015bkowskiego\",\"potentialAction\":[{\"@type\":\"SearchAction\",\"target\":{\"@type\":\"EntryPoint\",\"urlTemplate\":\"https:\/\/gaudiumetspes-blog.pl\/?s={search_term_string}\"},\"query-input\":{\"@type\":\"PropertyValueSpecification\",\"valueRequired\":true,\"valueName\":\"search_term_string\"}}],\"inLanguage\":\"pl-PL\"},{\"@type\":\"Person\",\"@id\":\"https:\/\/gaudiumetspes-blog.pl\/#\/schema\/person\/1661982992b752dea8dff0d4ed845a65\",\"name\":\"Ks. Jacek\",\"image\":{\"@type\":\"ImageObject\",\"inLanguage\":\"pl-PL\",\"@id\":\"https:\/\/gaudiumetspes-blog.pl\/#\/schema\/person\/image\/\",\"url\":\"https:\/\/gaudiumetspes-blog.pl\/wp-content\/uploads\/2019\/07\/avatar-JJ-150x150.jpg\",\"contentUrl\":\"https:\/\/gaudiumetspes-blog.pl\/wp-content\/uploads\/2019\/07\/avatar-JJ-150x150.jpg\",\"caption\":\"Ks. Jacek\"},\"description\":\"Witam serdecznie! K\u0142ania si\u0119 Ks. Jacek Ja\u015bkowski. Nie jestem ani kim\u015b wa\u017cnym, ani kim\u015b znanym. Jestem ksi\u0119dzem, kt\u00f3ry po prostu chce rozmawia\u0107. Codzienna kap\u0142a\u0144ska pos\u0142uga pokazuje mi, \u017ce temat\u00f3w do rozm\u00f3w z ksi\u0119dzem jest coraz wi\u0119cej i dzisiaj \u017caden ksi\u0105dz nie mo\u017ce od nich ucieka\u0107, ale - wprost przeciwnie - podejmowa\u0107 nowe wyzwania. To przekonanie sk\u0142oni\u0142o mnie do pr\u00f3by otwarcia tego\u017c bloga, chocia\u017c okazji do rozm\u00f3w na co dzie\u0144 - w konfesjonale i poza nim - na szcz\u0119\u015bcie nie brakuje. My\u015bl\u0119 jednak, \u017ce ten blog b\u0119dzie jeszcze jednym sposobem i przestrzeni\u0105 nawi\u0105zania kontaktu z lud\u017ami dobrej woli, otwartymi na dialog.\",\"url\":\"https:\/\/gaudiumetspes-blog.pl\/index.php\/author\/ks-jacek\/\"}]}<\/script>\n<!-- \/ Yoast SEO plugin. -->","yoast_head_json":{"title":"Szczep b\u0142ogos\u0142awiony Pana! - Gaudium Et Spes","robots":{"index":"index","follow":"follow","max-snippet":"max-snippet:-1","max-image-preview":"max-image-preview:large","max-video-preview":"max-video-preview:-1"},"canonical":"https:\/\/gaudiumetspes-blog.pl\/index.php\/2023\/06\/17\/szczep-blogoslawiony-pana\/","og_locale":"pl_PL","og_type":"article","og_title":"Szczep b\u0142ogos\u0142awiony Pana! - Gaudium Et Spes","og_description":"Szcz\u0119\u015b\u0107 Bo\u017ce! Moi Drodzy, w dniu dzisiejszym, w dniu dzisiejszym imieniny prze\u017cywa Albert Kajka, Organista w Miastkowie. Urodziny natomiast prze\u017cywa Cezary Kryczka, za moich czas\u00f3w \u2013 Lektor w Radory\u017cu Ko\u015bcielnym, w mojej pierwszej Parafii. Obu \u015bwi\u0119tuj\u0105cym \u017cycz\u0119, by tak, jak Maryja, \u017cyli g\u0142\u0119bi\u0105 ducha! Zapewniam o modlitwie! A oto w Katedrze siedleckiej, przez pos\u0142ug\u0119 Biskupa [&hellip;]","og_url":"https:\/\/gaudiumetspes-blog.pl\/index.php\/2023\/06\/17\/szczep-blogoslawiony-pana\/","og_site_name":"Gaudium Et Spes","article_published_time":"2023-06-17T06:13:36+00:00","article_modified_time":"2023-06-17T06:17:10+00:00","author":"Ks. Jacek","twitter_card":"summary_large_image","twitter_misc":{"Napisane przez":"Ks. Jacek","Szacowany czas czytania":"11 minut"},"schema":{"@context":"https:\/\/schema.org","@graph":[{"@type":"WebPage","@id":"https:\/\/gaudiumetspes-blog.pl\/index.php\/2023\/06\/17\/szczep-blogoslawiony-pana\/","url":"https:\/\/gaudiumetspes-blog.pl\/index.php\/2023\/06\/17\/szczep-blogoslawiony-pana\/","name":"Szczep b\u0142ogos\u0142awiony Pana! - Gaudium Et Spes","isPartOf":{"@id":"https:\/\/gaudiumetspes-blog.pl\/#website"},"datePublished":"2023-06-17T06:13:36+00:00","dateModified":"2023-06-17T06:17:10+00:00","author":{"@id":"https:\/\/gaudiumetspes-blog.pl\/#\/schema\/person\/1661982992b752dea8dff0d4ed845a65"},"breadcrumb":{"@id":"https:\/\/gaudiumetspes-blog.pl\/index.php\/2023\/06\/17\/szczep-blogoslawiony-pana\/#breadcrumb"},"inLanguage":"pl-PL","potentialAction":[{"@type":"ReadAction","target":["https:\/\/gaudiumetspes-blog.pl\/index.php\/2023\/06\/17\/szczep-blogoslawiony-pana\/"]}]},{"@type":"BreadcrumbList","@id":"https:\/\/gaudiumetspes-blog.pl\/index.php\/2023\/06\/17\/szczep-blogoslawiony-pana\/#breadcrumb","itemListElement":[{"@type":"ListItem","position":1,"name":"Strona g\u0142\u00f3wna","item":"https:\/\/gaudiumetspes-blog.pl\/"},{"@type":"ListItem","position":2,"name":"Szczep b\u0142ogos\u0142awiony Pana!"}]},{"@type":"WebSite","@id":"https:\/\/gaudiumetspes-blog.pl\/#website","url":"https:\/\/gaudiumetspes-blog.pl\/","name":"Gaudium Et Spes","description":"Blog Ks. Jacka Ja\u015bkowskiego","potentialAction":[{"@type":"SearchAction","target":{"@type":"EntryPoint","urlTemplate":"https:\/\/gaudiumetspes-blog.pl\/?s={search_term_string}"},"query-input":{"@type":"PropertyValueSpecification","valueRequired":true,"valueName":"search_term_string"}}],"inLanguage":"pl-PL"},{"@type":"Person","@id":"https:\/\/gaudiumetspes-blog.pl\/#\/schema\/person\/1661982992b752dea8dff0d4ed845a65","name":"Ks. Jacek","image":{"@type":"ImageObject","inLanguage":"pl-PL","@id":"https:\/\/gaudiumetspes-blog.pl\/#\/schema\/person\/image\/","url":"https:\/\/gaudiumetspes-blog.pl\/wp-content\/uploads\/2019\/07\/avatar-JJ-150x150.jpg","contentUrl":"https:\/\/gaudiumetspes-blog.pl\/wp-content\/uploads\/2019\/07\/avatar-JJ-150x150.jpg","caption":"Ks. Jacek"},"description":"Witam serdecznie! K\u0142ania si\u0119 Ks. Jacek Ja\u015bkowski. Nie jestem ani kim\u015b wa\u017cnym, ani kim\u015b znanym. Jestem ksi\u0119dzem, kt\u00f3ry po prostu chce rozmawia\u0107. Codzienna kap\u0142a\u0144ska pos\u0142uga pokazuje mi, \u017ce temat\u00f3w do rozm\u00f3w z ksi\u0119dzem jest coraz wi\u0119cej i dzisiaj \u017caden ksi\u0105dz nie mo\u017ce od nich ucieka\u0107, ale - wprost przeciwnie - podejmowa\u0107 nowe wyzwania. To przekonanie sk\u0142oni\u0142o mnie do pr\u00f3by otwarcia tego\u017c bloga, chocia\u017c okazji do rozm\u00f3w na co dzie\u0144 - w konfesjonale i poza nim - na szcz\u0119\u015bcie nie brakuje. My\u015bl\u0119 jednak, \u017ce ten blog b\u0119dzie jeszcze jednym sposobem i przestrzeni\u0105 nawi\u0105zania kontaktu z lud\u017ami dobrej woli, otwartymi na dialog.","url":"https:\/\/gaudiumetspes-blog.pl\/index.php\/author\/ks-jacek\/"}]}},"jetpack_featured_media_url":"","jetpack_sharing_enabled":true,"_links":{"self":[{"href":"https:\/\/gaudiumetspes-blog.pl\/index.php\/wp-json\/wp\/v2\/posts\/21643","targetHints":{"allow":["GET"]}}],"collection":[{"href":"https:\/\/gaudiumetspes-blog.pl\/index.php\/wp-json\/wp\/v2\/posts"}],"about":[{"href":"https:\/\/gaudiumetspes-blog.pl\/index.php\/wp-json\/wp\/v2\/types\/post"}],"author":[{"embeddable":true,"href":"https:\/\/gaudiumetspes-blog.pl\/index.php\/wp-json\/wp\/v2\/users\/1"}],"replies":[{"embeddable":true,"href":"https:\/\/gaudiumetspes-blog.pl\/index.php\/wp-json\/wp\/v2\/comments?post=21643"}],"version-history":[{"count":4,"href":"https:\/\/gaudiumetspes-blog.pl\/index.php\/wp-json\/wp\/v2\/posts\/21643\/revisions"}],"predecessor-version":[{"id":21647,"href":"https:\/\/gaudiumetspes-blog.pl\/index.php\/wp-json\/wp\/v2\/posts\/21643\/revisions\/21647"}],"wp:attachment":[{"href":"https:\/\/gaudiumetspes-blog.pl\/index.php\/wp-json\/wp\/v2\/media?parent=21643"}],"wp:term":[{"taxonomy":"category","embeddable":true,"href":"https:\/\/gaudiumetspes-blog.pl\/index.php\/wp-json\/wp\/v2\/categories?post=21643"},{"taxonomy":"post_tag","embeddable":true,"href":"https:\/\/gaudiumetspes-blog.pl\/index.php\/wp-json\/wp\/v2\/tags?post=21643"}],"curies":[{"name":"wp","href":"https:\/\/api.w.org\/{rel}","templated":true}]}}