{"id":21683,"date":"2023-07-03T00:13:05","date_gmt":"2023-07-02T22:13:05","guid":{"rendered":"https:\/\/gaudiumetspes-blog.pl\/?p=21683"},"modified":"2023-07-04T05:02:14","modified_gmt":"2023-07-04T03:02:14","slug":"mimo-drzwi-zamknietych","status":"publish","type":"post","link":"https:\/\/gaudiumetspes-blog.pl\/index.php\/2023\/07\/03\/mimo-drzwi-zamknietych\/","title":{"rendered":"Mimo drzwi zamkni\u0119tych!"},"content":{"rendered":"<p align=\"justify\"><span style=\"color: #000000;\"><span style=\"font-family: Book Antiqua, serif;\"><span style=\"font-size: large;\">Szcz\u0119\u015b\u0107 Bo\u017ce! Moi Drodzy, Moi Drodzy w dniu dzisiejszym <b>imieniny prze\u017cywa m\u00f3j Siostrzeniec, Tomasz Nied\u017awiedzki, kt\u00f3rego energia \u017cyciowa nas wszystkich zadziwia i nape\u0142nia rado\u015bci\u0105, chocia\u017c trudno nam wszystkim za Nim nad\u0105\u017cy\u0107. Ca\u0142\u0105 Rodzin\u0105 modlimy si\u0119 za Solenizanta, aby przez ca\u0142e swoje \u017cycie szed\u0142 przebojem, wsparty \u0142ask\u0105 Bo\u017c\u0105 i \u017cyczliwo\u015bci\u0105 ludzi. Aby nigdy <\/b><b>nie zabrak\u0142o Mu rado\u015bci, zapa\u0142u i entuzjazmu!<\/b><\/span><\/span><\/span><\/p>\n<p align=\"justify\"><span style=\"color: #000000;\"><span style=\"font-family: Book Antiqua, serif;\"><span style=\"font-size: large;\"><b>Imieniny prze\u017cywaj\u0105 tak\u017ce:<\/b><\/span><\/span><\/span><\/p>\n<p align=\"justify\"><span style=\"color: #000000;\">\u25ba<span style=\"font-family: Book Antiqua, serif;\"><span style=\"font-size: large;\"><b>Ksi\u0105dz Tomasz Tarasiuk \u2013 pochodz\u0105cy z mojej rodzinnej Parafii, pos\u0142uguj\u0105cy w Diecezji warszawsko \u2013 praskiej;<\/b><\/span><\/span><\/span><\/p>\n<p align=\"justify\"><span style=\"color: #000000;\">\u25ba<span style=\"font-family: Book Antiqua, serif;\"><span style=\"font-size: large;\"><b>Ksi\u0105dz Tomasz Jarz\u0119bski \u2013 Kap\u0142an Diecezji warszawsko \u2013 praskiej, m\u00f3j Poprzednik na wikariacie w Celestynowie;<\/b><\/span><\/span><\/span><\/p>\n<p align=\"justify\"><span style=\"color: #000000;\">\u25ba<span style=\"font-family: Book Antiqua, serif;\"><span style=\"font-size: large;\"><b>Ksi\u0105dz Tomasz Waku\u0142a \u2013 starszy Kolega z czas\u00f3w seminaryjnych, a obecnie Kapelan Szpitala w Siedlcach, na kt\u00f3rego zawsze mog\u0119 liczy\u0107, je\u015bli idzie o zast\u0119pstwo na dy\u017curze spowiedniczym w Katedrze;<\/b><\/span><\/span><\/span><\/p>\n<p align=\"justify\"><span style=\"color: #000000;\">\u25ba<span style=\"font-family: Book Antiqua, serif;\"><span style=\"font-size: large;\"><b>Ksi\u0105dz Tomasz Cabaj \u2013 Duszpasterz Akademicki w Bia\u0142ej Podlaskiej;<\/b><\/span><\/span><\/span><\/p>\n<p align=\"justify\"><span style=\"color: #000000;\">\u25ba<span style=\"font-family: Book Antiqua, serif;\"><span style=\"font-size: large;\"><b>Tomasz Doma\u0144ski \u2013 m\u0142ody Lekarz z Siedlec, w\u0142\u0105czaj\u0105cy si\u0119 niegdy\u015b aktywnie w dzia\u0142alno\u015b\u0107 naszego Duszpasterstwa.<\/b><\/span><\/span><\/span><\/p>\n<p align=\"justify\"><span style=\"color: #000000;\"><span style=\"font-family: Book Antiqua, serif;\"><span style=\"font-size: large;\"><b>Urodziny natomiast prze\u017cywa Ksi\u0105dz Przemys\u0142aw Radomyski, m\u00f3j Poprzednik w Duszpasterstwie Akademickim, a obecnie \u2013 Prefekt Seminarium Siedleckiego.<\/b><\/span><\/span><\/span><\/p>\n<p align=\"justify\"><span style=\"color: #000000;\"><span style=\"font-family: Book Antiqua, serif;\"><span style=\"font-size: large;\"><b>Drogim Solenizantom \u017cycz\u0119 pod\u0105\u017cania \u2013 przez ca\u0142e \u017cycie \u2013 drogami Bo\u017cymi! O to b\u0119d\u0119 si\u0119 dla Nich modli\u0142!<\/b><\/span><\/span><\/span><\/p>\n<p align=\"justify\"><span style=\"color: #000000;\"><span style=\"font-family: Book Antiqua, serif;\"><span style=\"font-size: large;\">A oto dzisiaj wyruszam \u2013 wraz z Grup\u0105 Duszpasterstwa Niewidomych i Niedowidz\u0105cych z naszej Diecezji \u2013 na doroczn\u0105 Pielgrzymk\u0119, organizowan\u0105 zwykle w lipcu do r\u00f3\u017cnych miejsc \u015bwi\u0119tych. Co ciekawe, te Pielgrzymki organizowane s\u0105 przez samych Cz\u0142onk\u00f3w tego\u017c Duszpasterstwa, a ja id\u0119 \u201ena gotowe\u201d. Po prostu \u2013 wsiadam do autokaru i jad\u0119 z Nimi. Oczywi\u015bcie, w trakcie wyjazdu podejmuj\u0119 zadania opiekuna i duszpasterza, ale ca\u0142y trud organizacji bior\u0105 Cz\u0142onkinie poszczeg\u00f3lnym K\u00f3\u0142. <\/span><\/span><\/span><\/p>\n<p align=\"justify\"><span style=\"color: #000000;\"><span style=\"font-family: Book Antiqua, serif;\"><span style=\"font-size: large;\">Dzisiejszy wyjazd zorganizowa\u0142o Ko\u0142o z Garwolina, do kt\u00f3rego do\u0142\u0105czy Ko\u0142o z Siedlec. G\u0142\u00f3wny ci\u0119\u017car organizacji ca\u0142o\u015bci wzi\u0119\u0142a na siebie Pani Krystyna Chru\u015bciel \u2013 z Ko\u0142a garwoli\u0144skiego. Wielkie dzi\u0119ki za t\u0119 energi\u0119 \u017cyciow\u0105 i operatywno\u015b\u0107! <\/span><\/span><\/span><\/p>\n<p align=\"justify\"><span style=\"color: #000000;\"><span style=\"font-family: Book Antiqua, serif;\"><span style=\"font-size: large;\">I tak oto dzisiaj jedziemy w kierunku Cz\u0119stochowy, zatrzymuj\u0105c si\u0119 w Gidlach, a potem Jasna G\u00f3ra i Apel o godzinie 21:00, w kt\u00f3rym zamierzamy uczestniczy\u0107. \u0141\u0105czcie si\u0119 z nami \u2013 my b\u0119dziemy pami\u0119ta\u0107 o Was przed Obliczem Pani Jasnog\u00f3rskiej. Je\u015bli czas Wam pozwoli, to ogl\u0105dajcie transmisj\u0119 Apelu w Telewizji TRWAM. <\/span><\/span><\/span><\/p>\n<p align=\"justify\"><span style=\"color: #000000;\"><span style=\"font-family: Book Antiqua, serif;\"><span style=\"font-size: large;\">Jutro \u0141agiewniki i Kalwaria Zebrzydowska, a w \u015brod\u0119 \u2013 Kalwaria Zebrzydowska i Wadowice. Ale o szczeg\u00f3\u0142ach wspomn\u0119 jutro i pojutrze.<\/span><\/span><\/span><\/p>\n<p align=\"justify\"><span style=\"color: #000000;\"><span style=\"font-family: Book Antiqua, serif;\"><span style=\"font-size: large;\">Tymczasem, ws\u0142uchajmy si\u0119 w Bo\u017ce s\u0142owo dzisiejszej liturgii, do kt\u00f3rego rozwa\u017canie przygotowa\u0142 Janek. Serdecznie dzi\u0119kuj\u0119 Mu za wierno\u015b\u0107 podj\u0119temu zobowi\u0105zaniu i solidno\u015b\u0107! <\/span><\/span><\/span><\/p>\n<p align=\"justify\"><span style=\"color: #000000;\"><span style=\"font-family: Book Antiqua, serif;\"><span style=\"font-size: large;\">Zatem, <b>co dzi\u015b m\u00f3wi do mnie osobi\u015bcie Pan? Z jakim bardzo konkretnym przes\u0142aniem zwraca si\u0119 w\u0142a\u015bnie do mnie?<\/b> Duchu \u015awi\u0119ty, podpowiedz\u2026<\/span><\/span><\/span><\/p>\n<p align=\"justify\"><span style=\"color: #000000;\"><span style=\"font-family: Book Antiqua, serif;\"><span style=\"font-size: large;\"><b>Niech Was b\u0142ogos\u0142awi B\u00f3g Wszechmog\u0105cy: Ojciec + i Syn, i Duch \u015awi\u0119ty. Amen<\/b><\/span><\/span><\/span><\/p>\n<p align=\"center\"><span style=\"color: #000000;\"><span style=\"font-family: Book Antiqua, serif;\"><span style=\"font-size: large;\">Gaudium et spes! Ks. Jacek<\/span><\/span><\/span><\/p>\n<p align=\"center\">\n<p align=\"center\">\n<p align=\"center\">\n<p align=\"center\">\n<p align=\"center\">\n<p align=\"justify\"><span style=\"color: #000000;\"><span style=\"font-family: Book Antiqua, serif;\"><span style=\"font-size: large;\"><b>\u015awi\u0119to \u015aw. Tomasza Aposto\u0142a,<\/b><\/span><\/span><\/span><\/p>\n<p align=\"justify\"><span style=\"color: #000000;\"><span style=\"font-family: Book Antiqua, serif;\"><span style=\"font-size: large;\"><b>3 lipca 2023.,\u00a0<\/b><\/span><\/span><\/span><\/p>\n<p align=\"justify\"><span style=\"color: #000000;\"><span style=\"font-family: Book Antiqua, serif;\"><span style=\"font-size: large;\"><b>do czyta\u0144 z t. VI Lekcjonarza: Ef 2,19\u201322; J 20,24\u201329<\/b><\/span><\/span><\/span><\/p>\n<p align=\"justify\">\n<p align=\"justify\">\n<p align=\"justify\">\n<p align=\"justify\">\n<p align=\"justify\">\n<p align=\"justify\"><span style=\"color: #000000;\"><span style=\"font-family: Book Antiqua, serif;\"><span style=\"font-size: large;\"><b>CZYTANIE Z LISTU \u015aWI\u0118TEGO PAW\u0141A APOSTO\u0141A DO EFEZJAN: <\/b><\/span><\/span><\/span><\/p>\n<p align=\"justify\"><span style=\"color: #000000;\"><span style=\"font-family: Book Antiqua, serif;\"><span style=\"font-size: large;\"><b>Bracia: Nie jeste\u015bcie ju\u017c obcymi i przychodniami, ale jeste\u015bcie wsp\u00f3\u0142obywatelami \u015bwi\u0119tych i domownikami Boga, zbudowani na fundamencie aposto\u0142\u00f3w i prorok\u00f3w, gdzie kamieniem w\u0119gielnym jest sam Chrystus Jezus. W Nim zespalana ca\u0142a budowla ro\u015bnie na \u015bwi\u0119t\u0105 w Panu \u015bwi\u0105tyni\u0119, w Nim i wy tak\u017ce wznosicie si\u0119 we wsp\u00f3lnym budowaniu, by stanowi\u0107 mieszkanie Boga przez Ducha.<\/b><\/span><\/span><\/span><\/p>\n<p align=\"justify\">\n<p align=\"justify\">\n<p align=\"justify\">\n<p align=\"justify\">\n<p align=\"justify\">\n<p align=\"justify\"><span style=\"color: #000000;\"><span style=\"font-family: Book Antiqua, serif;\"><span style=\"font-size: large;\"><b>S\u0141OWA EWANGELII WED\u0141UG \u015aWI\u0118TEGO JANA: <\/b><\/span><\/span><\/span><\/p>\n<p align=\"justify\"><span style=\"color: #000000;\"><span style=\"font-family: Book Antiqua, serif;\"><span style=\"font-size: large;\"><b>Tomasz, jeden z Dwunastu, zwany Didymos, nie by\u0142 razem z nimi, kiedy przyszed\u0142 Jezus. Inni wi\u0119c uczniowie m\u00f3wili do niego: \u201eWidzieli\u015bmy Pana\u201d. <\/b><\/span><\/span><\/span><\/p>\n<p align=\"justify\"><span style=\"color: #000000;\"><span style=\"font-family: Book Antiqua, serif;\"><span style=\"font-size: large;\"><b>Ale on rzek\u0142 do nich: \u201eJe\u017celi na r\u0119kach Jego nie zobacz\u0119 \u015bladu gwo\u017adzi i nie w\u0142o\u017c\u0119 palca mego w miejsce gwo\u017adzi, i nie w\u0142o\u017c\u0119 r\u0119ki mojej do boku Jego, nie uwierz\u0119\u201d. <\/b><\/span><\/span><\/span><\/p>\n<p align=\"justify\"><span style=\"color: #000000;\"><span style=\"font-family: Book Antiqua, serif;\"><span style=\"font-size: large;\"><b>A po o\u015bmiu dniach, kiedy uczniowie Jego byli znowu wewn\u0105trz domu i Tomasz z nimi, Jezus przyszed\u0142 mimo drzwi zamkni\u0119tych, stan\u0105\u0142 po\u015brodku i rzek\u0142: \u201ePok\u00f3j wam!\u201d <\/b><\/span><\/span><\/span><\/p>\n<p align=\"justify\"><span style=\"color: #000000;\"><span style=\"font-family: Book Antiqua, serif;\"><span style=\"font-size: large;\"><b>Nast\u0119pnie rzek\u0142 do Tomasza: \u201ePodnie\u015b tutaj sw\u00f3j palec i zobacz moje r\u0119ce. Podnie\u015b r\u0119k\u0119 i w\u0142\u00f3\u017c j\u0105 do mego boku, i nie b\u0105d\u017a niedowiarkiem, lecz wierz\u0105cym\u201d. <\/b><\/span><\/span><\/span><\/p>\n<p align=\"justify\"><span style=\"color: #000000;\"><span style=\"font-family: Book Antiqua, serif;\"><span style=\"font-size: large;\"><b>Tomasz Mu odpowiedzia\u0142: \u201ePan m\u00f3j i B\u00f3g m\u00f3j!\u201d <\/b><\/span><\/span><\/span><\/p>\n<p align=\"justify\"><span style=\"color: #000000;\"><span style=\"font-family: Book Antiqua, serif;\"><span style=\"font-size: large;\"><b>Powiedzia\u0142 mu Jezus: \u201eUwierzy\u0142e\u015b dlatego, poniewa\u017c Mnie ujrza\u0142e\u015b. B\u0142ogos\u0142awieni, kt\u00f3rzy nie widzieli, a uwierzyli\u201d.<\/b><\/span><\/span><\/span><\/p>\n<p align=\"justify\">\n<p align=\"justify\">\n<p align=\"justify\">\n<p align=\"justify\">\n<p align=\"justify\">\n<p align=\"center\"><span style=\"color: #000000;\"><span style=\"font-family: Book Antiqua, serif;\"><span style=\"font-size: large;\"><b>A OTO S\u0141\u00d3WKO JANKA:<\/b><\/span><\/span><\/span><\/p>\n<p align=\"center\">\n<p align=\"center\">\n<p align=\"center\">\n<p align=\"center\">\n<p align=\"center\">\n<p align=\"justify\"><span style=\"color: #000000;\"><span style=\"font-family: Book Antiqua, serif;\"><span style=\"font-size: large;\">W dniu dzisiejszym prze\u017cywamy w Ko\u015bciele \u015bwi\u0119to \u015bw. Tomasza Aposto\u0142a. Przez ludzi nazywany jest cz\u0119sto niewiernym Tomaszem, poniewa\u017c musia\u0142 zobaczy\u0107, \u017ceby uwierzy\u0107, \u017ce Jezus prawdziwie zmartwychwsta\u0142!<\/span><\/span><\/span><\/p>\n<p align=\"justify\"><span style=\"color: #000000;\"><span style=\"font-family: Book Antiqua, serif;\"><span style=\"font-size: large;\">W\u0142a\u015bnie dzisiejsza Ewangelia m\u00f3wi o tym, jak Aposto\u0142 Tomasz stopniowo przekonywa\u0142 si\u0119 do tej prawdy. Dok\u0142adnie wypowiedzia\u0142 takie zdanie: <i><b>Je\u017celi na r\u0119kach Jego nie zobacz\u0119 \u015bladu gwo\u017adzi i nie w\u0142o\u017c\u0119 palca mego w miejsce gwo\u017adzi, i nie w\u0142o\u017c\u0119 r\u0119ki mojej do boku Jego, nie uwierz\u0119<\/b><\/i>. <\/span><\/span><\/span><\/p>\n<p align=\"justify\"><span style=\"color: #000000;\"><span style=\"font-family: Book Antiqua, serif;\"><span style=\"font-size: large;\">Lecz gdy min\u0119\u0142o osiem dni i byli wszyscy razem, wtedy przyszed\u0142 do nich Jezus. Lecz nie przyszed\u0142 tak po prostu. Jezus przyszed\u0142 dp swoich uczni\u00f3w <i><b>mimo drzwi zamkni\u0119tyc<\/b><\/i><i><b>h!<\/b><\/i><i><b> <\/b><\/i>I wtedy to skierowa\u0142 do Tomasza pami\u0119tne zdanie: <i><b>Podnie\u015b tutaj sw\u00f3j palec i zobacz moje r\u0119ce. Podnie\u015b r\u0119k\u0119 i w\u0142\u00f3\u017c j\u0105 do mego boku, i nie b\u0105d\u017a niedowiarkiem, lecz wierz\u0105cym.<\/b><\/i><\/span><\/span><\/span><\/p>\n<p align=\"justify\"><span style=\"color: #000000;\"><span style=\"font-family: Book Antiqua, serif;\"><span style=\"font-size: large;\">Gdy kiedy\u015b czyta\u0142em i rozwa\u017ca\u0142em ten fragment Ewangelii, to zrozumia\u0142em, \u017ce Jezus jest zdolny do wszystkiego! Naprawd\u0119! Zobaczmy, \u017ce przecie\u017c JEZUS PRZESZED\u0141 PRZEZ ZAMKNI\u0118TE DRZWI! On ich sobie nie otworzy\u0142, lecz przenikn\u0105\u0142 przez nie i wszed\u0142 do \u015brodka. To pokazuje, jak\u0105 On ma tak naprawd\u0119 moc! <\/span><\/span><\/span><\/p>\n<p align=\"justify\"><span style=\"color: #000000;\"><span style=\"font-family: Book Antiqua, serif;\"><span style=\"font-size: large;\">I kiedy tak o tym my\u015bla\u0142em, to r\u00f3wnie\u017c dotar\u0142o do mnie, \u017ce nie ma takiego grzechu w naszym \u017cyciu, nie ma takiego bagna w naszym post\u0119powaniu, z kt\u00f3rego Jezus nie by\u0142by w stanie nas wyprowadzi\u0107! Lecz trzeba tego chcie\u0107, \u017ceby Jezus zmieni\u0142 Twoje i moje \u017cycie! <\/span><\/span><\/span><\/p>\n<p align=\"justify\"><span style=\"color: #000000;\"><span style=\"font-family: Book Antiqua, serif;\"><span style=\"font-size: large;\">Patron dnia dzisiejszego chcia\u0142 spotka\u0107 Jezusa i w\u0142o\u017cy\u0107 palec w miejsce gwo\u017adzi i r\u0119k\u0119 w bok Jego \u2013 \u017ceby uwierzy\u0107, \u017ce to, co uczniowie m\u00f3wili, to by\u0142a prawda. I co zaskakuj\u0105ce, to fakt, \u017ce Jezus dobrze wiedzia\u0142, \u017ce Tomasz taki w\u0142a\u015bnie warunek postawi\u0142, aby uwierzy\u0107 w Niego. Tak samo i o nas \u2013 wie wszystko! Wie, co czynimy i co m\u00f3wimy.<\/span><\/span><\/span><\/p>\n<p align=\"justify\"><span style=\"color: #000000;\"><span style=\"font-family: Book Antiqua, serif;\"><span style=\"font-size: large;\">I zobaczmy, moi Drodzy: Tomasz chcia\u0142 tylko w\u0142o\u017cy\u0107 palec w rany po gwo\u017adziach i r\u0119k\u0119 w ran\u0119 w boku Jezusa. A Jezus \u2013 nie do\u015b\u0107, \u017ce na to pozwoli\u0142, to jeszcze \u201edoda\u0142\u201d mu dwa cuda, aby Tomasz uwierzy\u0142 jeszcze bardziej: przeszed\u0142 przez zamkni\u0119te drzwi i przytoczy\u0142 mu jego zdanie, kt\u00f3re powiedzia\u0142 osiem dni wcze\u015bniej. <\/span><\/span><\/span><\/p>\n<p align=\"justify\"><span style=\"color: #000000;\"><span style=\"font-family: Book Antiqua, serif;\"><span style=\"font-size: large;\">Podsumowuj\u0105c to dzisiejsze moje s\u0142\u00f3wko, chc\u0119 przede wszystkim powiedzie\u0107, \u017ce mamy ufa\u0107 Jezusowi zawsze! Mo\u017ce si\u0119 nam nieraz wydawa\u0107, \u017ce to, co Jezus robi w naszym \u017cyciu, jest bez sensu i jest niepotrzebne. A tymczasem \u2013 wszystko ma sw\u00f3j sens i cel.<\/span><\/span><\/span><\/p>\n<p align=\"justify\"><span style=\"color: #000000;\"><span style=\"font-family: Book Antiqua, serif;\"><span style=\"font-size: large;\">Podobnie by\u0142o ze \u015bw. Tomaszem: chcia\u0142 \u201etylko\u201d zobaczy\u0107 i dotkn\u0105\u0107 Jezusa, a dosta\u0142 jeszcze inne \u0142aski, kt\u00f3re na pewno jeszcze bardziej umocni\u0142y jego wiar\u0119 w Niego. Tak i nasze r\u00f3\u017cne problemy, z kt\u00f3rymi si\u0119 zmagamy, nie s\u0105 z tego powodu, \u017ce B\u00f3g nas ukara\u0142, ale s\u0105 po to, \u017ceby\u015bmy umocnili swoj\u0105 wiar\u0119 w Niego! Ba, \u017ceby inni umocnili swoja wiar\u0119 \u2013 nasz\u0105 wiar\u0105 w Boga podczas zmagania si\u0119 z przeciwno\u015bciami. <\/span><\/span><\/span><\/p>\n<p align=\"justify\"><span style=\"color: #000000;\"><span style=\"font-family: Book Antiqua, serif;\"><span style=\"font-size: large;\">I tak na przyk\u0142ad: kiedy widz\u0119 w moim parafialnym ko\u015bciele, jak przyje\u017cd\u017ca na Msz\u0119 \u015awi\u0119t\u0105 starsze schorowane ma\u0142\u017ce\u0144stwo, kt\u00f3re ledwo si\u0119 porusza, ale jednak jest w tym ko\u015bciele i chce swoje sprawy Jezusowi ofiarowa\u0107, to naprawd\u0119 jestem pod wra\u017ceniem, jak\u0105 ci ludzie maj\u0105 wiar\u0119, \u017ce w\u0142a\u015bnie \u2013 pomimo wszystko \u2013 chc\u0105 przychodzi\u0107 do ko\u015bcio\u0142a, by prze\u017cy\u0107 Msz\u0119 \u015awi\u0119t\u0105, by w ten spos\u00f3b otrzyma\u0107 pomoc w znoszeniu krzy\u017ca choroby.<\/span><\/span><\/span><\/p>\n<p align=\"justify\"><span style=\"color: #000000;\"><span style=\"font-family: Book Antiqua, serif;\"><span style=\"font-size: large;\">Bo wszystko, co prze\u017cywamy z Jezusem, ma sw\u00f3j g\u0142\u0119boki sens\u2026 <\/span><\/span><\/span><\/p>\n","protected":false},"excerpt":{"rendered":"<p>Szcz\u0119\u015b\u0107 Bo\u017ce! Moi Drodzy, Moi Drodzy w dniu dzisiejszym imieniny prze\u017cywa m\u00f3j Siostrzeniec, Tomasz Nied\u017awiedzki, kt\u00f3rego energia \u017cyciowa nas wszystkich zadziwia i nape\u0142nia rado\u015bci\u0105, chocia\u017c trudno nam wszystkim za Nim nad\u0105\u017cy\u0107. Ca\u0142\u0105 Rodzin\u0105 modlimy si\u0119 za Solenizanta, aby przez ca\u0142e swoje \u017cycie szed\u0142 przebojem, wsparty \u0142ask\u0105 Bo\u017c\u0105 i \u017cyczliwo\u015bci\u0105 ludzi. Aby nigdy nie zabrak\u0142o Mu [&hellip;]<\/p>\n","protected":false},"author":1,"featured_media":0,"comment_status":"open","ping_status":"open","sticky":false,"template":"","format":"standard","meta":{"jetpack_post_was_ever_published":false,"_jetpack_newsletter_access":"","_jetpack_dont_email_post_to_subs":false,"_jetpack_newsletter_tier_id":0,"_jetpack_memberships_contains_paywalled_content":false,"_jetpack_memberships_contains_paid_content":false,"footnotes":""},"categories":[1],"tags":[],"class_list":["post-21683","post","type-post","status-publish","format-standard","hentry","category-bez-kategorii"],"yoast_head":"<!-- This site is optimized with the Yoast SEO plugin v25.1 - https:\/\/yoast.com\/wordpress\/plugins\/seo\/ -->\n<title>Mimo drzwi zamkni\u0119tych! - Gaudium Et Spes<\/title>\n<meta name=\"robots\" content=\"index, follow, max-snippet:-1, max-image-preview:large, max-video-preview:-1\" \/>\n<link rel=\"canonical\" href=\"https:\/\/gaudiumetspes-blog.pl\/index.php\/2023\/07\/03\/mimo-drzwi-zamknietych\/\" \/>\n<meta property=\"og:locale\" content=\"pl_PL\" \/>\n<meta property=\"og:type\" content=\"article\" \/>\n<meta property=\"og:title\" content=\"Mimo drzwi zamkni\u0119tych! - Gaudium Et Spes\" \/>\n<meta property=\"og:description\" content=\"Szcz\u0119\u015b\u0107 Bo\u017ce! Moi Drodzy, Moi Drodzy w dniu dzisiejszym imieniny prze\u017cywa m\u00f3j Siostrzeniec, Tomasz Nied\u017awiedzki, kt\u00f3rego energia \u017cyciowa nas wszystkich zadziwia i nape\u0142nia rado\u015bci\u0105, chocia\u017c trudno nam wszystkim za Nim nad\u0105\u017cy\u0107. Ca\u0142\u0105 Rodzin\u0105 modlimy si\u0119 za Solenizanta, aby przez ca\u0142e swoje \u017cycie szed\u0142 przebojem, wsparty \u0142ask\u0105 Bo\u017c\u0105 i \u017cyczliwo\u015bci\u0105 ludzi. Aby nigdy nie zabrak\u0142o Mu [&hellip;]\" \/>\n<meta property=\"og:url\" content=\"https:\/\/gaudiumetspes-blog.pl\/index.php\/2023\/07\/03\/mimo-drzwi-zamknietych\/\" \/>\n<meta property=\"og:site_name\" content=\"Gaudium Et Spes\" \/>\n<meta property=\"article:published_time\" content=\"2023-07-02T22:13:05+00:00\" \/>\n<meta property=\"article:modified_time\" content=\"2023-07-04T03:02:14+00:00\" \/>\n<meta name=\"author\" content=\"Ks. Jacek\" \/>\n<meta name=\"twitter:card\" content=\"summary_large_image\" \/>\n<meta name=\"twitter:label1\" content=\"Napisane przez\" \/>\n\t<meta name=\"twitter:data1\" content=\"Ks. Jacek\" \/>\n\t<meta name=\"twitter:label2\" content=\"Szacowany czas czytania\" \/>\n\t<meta name=\"twitter:data2\" content=\"7 minut\" \/>\n<script type=\"application\/ld+json\" class=\"yoast-schema-graph\">{\"@context\":\"https:\/\/schema.org\",\"@graph\":[{\"@type\":\"WebPage\",\"@id\":\"https:\/\/gaudiumetspes-blog.pl\/index.php\/2023\/07\/03\/mimo-drzwi-zamknietych\/\",\"url\":\"https:\/\/gaudiumetspes-blog.pl\/index.php\/2023\/07\/03\/mimo-drzwi-zamknietych\/\",\"name\":\"Mimo drzwi zamkni\u0119tych! - Gaudium Et Spes\",\"isPartOf\":{\"@id\":\"https:\/\/gaudiumetspes-blog.pl\/#website\"},\"datePublished\":\"2023-07-02T22:13:05+00:00\",\"dateModified\":\"2023-07-04T03:02:14+00:00\",\"author\":{\"@id\":\"https:\/\/gaudiumetspes-blog.pl\/#\/schema\/person\/1661982992b752dea8dff0d4ed845a65\"},\"breadcrumb\":{\"@id\":\"https:\/\/gaudiumetspes-blog.pl\/index.php\/2023\/07\/03\/mimo-drzwi-zamknietych\/#breadcrumb\"},\"inLanguage\":\"pl-PL\",\"potentialAction\":[{\"@type\":\"ReadAction\",\"target\":[\"https:\/\/gaudiumetspes-blog.pl\/index.php\/2023\/07\/03\/mimo-drzwi-zamknietych\/\"]}]},{\"@type\":\"BreadcrumbList\",\"@id\":\"https:\/\/gaudiumetspes-blog.pl\/index.php\/2023\/07\/03\/mimo-drzwi-zamknietych\/#breadcrumb\",\"itemListElement\":[{\"@type\":\"ListItem\",\"position\":1,\"name\":\"Strona g\u0142\u00f3wna\",\"item\":\"https:\/\/gaudiumetspes-blog.pl\/\"},{\"@type\":\"ListItem\",\"position\":2,\"name\":\"Mimo drzwi zamkni\u0119tych!\"}]},{\"@type\":\"WebSite\",\"@id\":\"https:\/\/gaudiumetspes-blog.pl\/#website\",\"url\":\"https:\/\/gaudiumetspes-blog.pl\/\",\"name\":\"Gaudium Et Spes\",\"description\":\"Blog Ks. Jacka Ja\u015bkowskiego\",\"potentialAction\":[{\"@type\":\"SearchAction\",\"target\":{\"@type\":\"EntryPoint\",\"urlTemplate\":\"https:\/\/gaudiumetspes-blog.pl\/?s={search_term_string}\"},\"query-input\":{\"@type\":\"PropertyValueSpecification\",\"valueRequired\":true,\"valueName\":\"search_term_string\"}}],\"inLanguage\":\"pl-PL\"},{\"@type\":\"Person\",\"@id\":\"https:\/\/gaudiumetspes-blog.pl\/#\/schema\/person\/1661982992b752dea8dff0d4ed845a65\",\"name\":\"Ks. Jacek\",\"image\":{\"@type\":\"ImageObject\",\"inLanguage\":\"pl-PL\",\"@id\":\"https:\/\/gaudiumetspes-blog.pl\/#\/schema\/person\/image\/\",\"url\":\"https:\/\/gaudiumetspes-blog.pl\/wp-content\/uploads\/2019\/07\/avatar-JJ-150x150.jpg\",\"contentUrl\":\"https:\/\/gaudiumetspes-blog.pl\/wp-content\/uploads\/2019\/07\/avatar-JJ-150x150.jpg\",\"caption\":\"Ks. Jacek\"},\"description\":\"Witam serdecznie! K\u0142ania si\u0119 Ks. Jacek Ja\u015bkowski. Nie jestem ani kim\u015b wa\u017cnym, ani kim\u015b znanym. Jestem ksi\u0119dzem, kt\u00f3ry po prostu chce rozmawia\u0107. Codzienna kap\u0142a\u0144ska pos\u0142uga pokazuje mi, \u017ce temat\u00f3w do rozm\u00f3w z ksi\u0119dzem jest coraz wi\u0119cej i dzisiaj \u017caden ksi\u0105dz nie mo\u017ce od nich ucieka\u0107, ale - wprost przeciwnie - podejmowa\u0107 nowe wyzwania. To przekonanie sk\u0142oni\u0142o mnie do pr\u00f3by otwarcia tego\u017c bloga, chocia\u017c okazji do rozm\u00f3w na co dzie\u0144 - w konfesjonale i poza nim - na szcz\u0119\u015bcie nie brakuje. My\u015bl\u0119 jednak, \u017ce ten blog b\u0119dzie jeszcze jednym sposobem i przestrzeni\u0105 nawi\u0105zania kontaktu z lud\u017ami dobrej woli, otwartymi na dialog.\",\"url\":\"https:\/\/gaudiumetspes-blog.pl\/index.php\/author\/ks-jacek\/\"}]}<\/script>\n<!-- \/ Yoast SEO plugin. -->","yoast_head_json":{"title":"Mimo drzwi zamkni\u0119tych! - Gaudium Et Spes","robots":{"index":"index","follow":"follow","max-snippet":"max-snippet:-1","max-image-preview":"max-image-preview:large","max-video-preview":"max-video-preview:-1"},"canonical":"https:\/\/gaudiumetspes-blog.pl\/index.php\/2023\/07\/03\/mimo-drzwi-zamknietych\/","og_locale":"pl_PL","og_type":"article","og_title":"Mimo drzwi zamkni\u0119tych! - Gaudium Et Spes","og_description":"Szcz\u0119\u015b\u0107 Bo\u017ce! Moi Drodzy, Moi Drodzy w dniu dzisiejszym imieniny prze\u017cywa m\u00f3j Siostrzeniec, Tomasz Nied\u017awiedzki, kt\u00f3rego energia \u017cyciowa nas wszystkich zadziwia i nape\u0142nia rado\u015bci\u0105, chocia\u017c trudno nam wszystkim za Nim nad\u0105\u017cy\u0107. Ca\u0142\u0105 Rodzin\u0105 modlimy si\u0119 za Solenizanta, aby przez ca\u0142e swoje \u017cycie szed\u0142 przebojem, wsparty \u0142ask\u0105 Bo\u017c\u0105 i \u017cyczliwo\u015bci\u0105 ludzi. Aby nigdy nie zabrak\u0142o Mu [&hellip;]","og_url":"https:\/\/gaudiumetspes-blog.pl\/index.php\/2023\/07\/03\/mimo-drzwi-zamknietych\/","og_site_name":"Gaudium Et Spes","article_published_time":"2023-07-02T22:13:05+00:00","article_modified_time":"2023-07-04T03:02:14+00:00","author":"Ks. Jacek","twitter_card":"summary_large_image","twitter_misc":{"Napisane przez":"Ks. Jacek","Szacowany czas czytania":"7 minut"},"schema":{"@context":"https:\/\/schema.org","@graph":[{"@type":"WebPage","@id":"https:\/\/gaudiumetspes-blog.pl\/index.php\/2023\/07\/03\/mimo-drzwi-zamknietych\/","url":"https:\/\/gaudiumetspes-blog.pl\/index.php\/2023\/07\/03\/mimo-drzwi-zamknietych\/","name":"Mimo drzwi zamkni\u0119tych! - Gaudium Et Spes","isPartOf":{"@id":"https:\/\/gaudiumetspes-blog.pl\/#website"},"datePublished":"2023-07-02T22:13:05+00:00","dateModified":"2023-07-04T03:02:14+00:00","author":{"@id":"https:\/\/gaudiumetspes-blog.pl\/#\/schema\/person\/1661982992b752dea8dff0d4ed845a65"},"breadcrumb":{"@id":"https:\/\/gaudiumetspes-blog.pl\/index.php\/2023\/07\/03\/mimo-drzwi-zamknietych\/#breadcrumb"},"inLanguage":"pl-PL","potentialAction":[{"@type":"ReadAction","target":["https:\/\/gaudiumetspes-blog.pl\/index.php\/2023\/07\/03\/mimo-drzwi-zamknietych\/"]}]},{"@type":"BreadcrumbList","@id":"https:\/\/gaudiumetspes-blog.pl\/index.php\/2023\/07\/03\/mimo-drzwi-zamknietych\/#breadcrumb","itemListElement":[{"@type":"ListItem","position":1,"name":"Strona g\u0142\u00f3wna","item":"https:\/\/gaudiumetspes-blog.pl\/"},{"@type":"ListItem","position":2,"name":"Mimo drzwi zamkni\u0119tych!"}]},{"@type":"WebSite","@id":"https:\/\/gaudiumetspes-blog.pl\/#website","url":"https:\/\/gaudiumetspes-blog.pl\/","name":"Gaudium Et Spes","description":"Blog Ks. Jacka Ja\u015bkowskiego","potentialAction":[{"@type":"SearchAction","target":{"@type":"EntryPoint","urlTemplate":"https:\/\/gaudiumetspes-blog.pl\/?s={search_term_string}"},"query-input":{"@type":"PropertyValueSpecification","valueRequired":true,"valueName":"search_term_string"}}],"inLanguage":"pl-PL"},{"@type":"Person","@id":"https:\/\/gaudiumetspes-blog.pl\/#\/schema\/person\/1661982992b752dea8dff0d4ed845a65","name":"Ks. Jacek","image":{"@type":"ImageObject","inLanguage":"pl-PL","@id":"https:\/\/gaudiumetspes-blog.pl\/#\/schema\/person\/image\/","url":"https:\/\/gaudiumetspes-blog.pl\/wp-content\/uploads\/2019\/07\/avatar-JJ-150x150.jpg","contentUrl":"https:\/\/gaudiumetspes-blog.pl\/wp-content\/uploads\/2019\/07\/avatar-JJ-150x150.jpg","caption":"Ks. Jacek"},"description":"Witam serdecznie! K\u0142ania si\u0119 Ks. Jacek Ja\u015bkowski. Nie jestem ani kim\u015b wa\u017cnym, ani kim\u015b znanym. Jestem ksi\u0119dzem, kt\u00f3ry po prostu chce rozmawia\u0107. Codzienna kap\u0142a\u0144ska pos\u0142uga pokazuje mi, \u017ce temat\u00f3w do rozm\u00f3w z ksi\u0119dzem jest coraz wi\u0119cej i dzisiaj \u017caden ksi\u0105dz nie mo\u017ce od nich ucieka\u0107, ale - wprost przeciwnie - podejmowa\u0107 nowe wyzwania. To przekonanie sk\u0142oni\u0142o mnie do pr\u00f3by otwarcia tego\u017c bloga, chocia\u017c okazji do rozm\u00f3w na co dzie\u0144 - w konfesjonale i poza nim - na szcz\u0119\u015bcie nie brakuje. My\u015bl\u0119 jednak, \u017ce ten blog b\u0119dzie jeszcze jednym sposobem i przestrzeni\u0105 nawi\u0105zania kontaktu z lud\u017ami dobrej woli, otwartymi na dialog.","url":"https:\/\/gaudiumetspes-blog.pl\/index.php\/author\/ks-jacek\/"}]}},"jetpack_featured_media_url":"","jetpack_sharing_enabled":true,"_links":{"self":[{"href":"https:\/\/gaudiumetspes-blog.pl\/index.php\/wp-json\/wp\/v2\/posts\/21683","targetHints":{"allow":["GET"]}}],"collection":[{"href":"https:\/\/gaudiumetspes-blog.pl\/index.php\/wp-json\/wp\/v2\/posts"}],"about":[{"href":"https:\/\/gaudiumetspes-blog.pl\/index.php\/wp-json\/wp\/v2\/types\/post"}],"author":[{"embeddable":true,"href":"https:\/\/gaudiumetspes-blog.pl\/index.php\/wp-json\/wp\/v2\/users\/1"}],"replies":[{"embeddable":true,"href":"https:\/\/gaudiumetspes-blog.pl\/index.php\/wp-json\/wp\/v2\/comments?post=21683"}],"version-history":[{"count":3,"href":"https:\/\/gaudiumetspes-blog.pl\/index.php\/wp-json\/wp\/v2\/posts\/21683\/revisions"}],"predecessor-version":[{"id":21690,"href":"https:\/\/gaudiumetspes-blog.pl\/index.php\/wp-json\/wp\/v2\/posts\/21683\/revisions\/21690"}],"wp:attachment":[{"href":"https:\/\/gaudiumetspes-blog.pl\/index.php\/wp-json\/wp\/v2\/media?parent=21683"}],"wp:term":[{"taxonomy":"category","embeddable":true,"href":"https:\/\/gaudiumetspes-blog.pl\/index.php\/wp-json\/wp\/v2\/categories?post=21683"},{"taxonomy":"post_tag","embeddable":true,"href":"https:\/\/gaudiumetspes-blog.pl\/index.php\/wp-json\/wp\/v2\/tags?post=21683"}],"curies":[{"name":"wp","href":"https:\/\/api.w.org\/{rel}","templated":true}]}}