{"id":21767,"date":"2023-08-07T01:39:14","date_gmt":"2023-08-06T23:39:14","guid":{"rendered":"https:\/\/gaudiumetspes-blog.pl\/?p=21767"},"modified":"2023-08-07T23:58:05","modified_gmt":"2023-08-07T21:58:05","slug":"nie-narzekajmy-2","status":"publish","type":"post","link":"https:\/\/gaudiumetspes-blog.pl\/index.php\/2023\/08\/07\/nie-narzekajmy-2\/","title":{"rendered":"Nie narzekajmy!"},"content":{"rendered":"<p align=\"justify\"><span style=\"color: #000000;\"><span style=\"font-family: Book Antiqua, serif;\"><span style=\"font-size: large;\">Szcz\u0119\u015b\u0107 Bo\u017ce! Moi Drodzy, w dniu dzisiejszym <b>urodziny prze\u017cywa Ksi\u0105dz Arkadiusz Bylinka \u2013 <\/b><b>zaanga\u017cowany w swoim czasie, jeszcze przed Seminarium, w dzia\u0142alno\u015b\u0107 m\u0142odzie\u017cowych Wsp\u00f3lnot. \u017bycz\u0119 wszelkiego dobra duchowego i doczesnego. I zdrowia\u2026 Zapewniam o modlitwie!<\/b><\/span><\/span><\/span><\/p>\n<p align=\"justify\"><span style=\"color: #000000;\"><span style=\"font-family: Book Antiqua, serif;\"><span style=\"font-size: large;\">A ja dzisiaj \u2013 jak wspomnia\u0142em wczoraj \u2013 jad\u0119 do Kodnia i zamieszkam tam do Uroczysto\u015bci koronacyjnych. B\u0119d\u0119 o Was pami\u0119ta\u0142 w modlitwie!<\/span><\/span><\/span><\/p>\n<p align=\"justify\"><span style=\"color: #000000;\"><span style=\"font-family: Book Antiqua, serif;\"><span style=\"font-size: large;\">Dzisiaj s\u0142\u00f3wko moje, nie Janka, bo Janek jest na Pielgrzymce. A skoro o tym mowa, to i o Pielgrzymach wspomnijmy w naszych modlitwach \u2013 wesprzyjmy Ich w ten spos\u00f3b w prze\u017cywaniu rekolekcji w drodze. Niech Pan sam czuwa nad ich w\u0119drowaniem\u2026 <\/span><\/span><\/span><\/p>\n<p align=\"justify\"><span style=\"color: #000000;\"><span style=\"font-family: Book Antiqua, serif;\"><span style=\"font-size: large;\">A oto s\u0142\u00f3wko Ksi\u0119dza Marka na dzi\u015b:<\/span><\/span><\/span><\/p>\n<p align=\"justify\"><span style=\"color: #000000;\"><span style=\"font-family: Book Antiqua, serif;\"><span style=\"font-size: medium;\"><a href=\"https:\/\/www.youtube.com\/c\/CatholicSurgut\"><span style=\"font-size: large;\"><b>https:\/\/www.youtube.com\/c\/CatholicSurgut<\/b><\/span><\/a><\/span><\/span><\/span><\/p>\n<p align=\"justify\"><span style=\"color: #000000;\"><span style=\"font-family: Book Antiqua, serif;\"><span style=\"font-size: large;\">Pochylmy si\u0119 zatem nad Bo\u017cym s\u0142owem dzisiejszej liturgii. <b>Co Pan m\u00f3wi do mnie osobi\u015bcie \u2013 w\u0142a\u015bnie do mnie, w\u0142a\u015bnie dzisiaj?<\/b> Duchu \u015awi\u0119ty, podpowiedz\u2026 <\/span><\/span><\/span><\/p>\n<p align=\"justify\"><span style=\"color: #000000;\"><span style=\"font-family: Book Antiqua, serif;\"><span style=\"font-size: large;\"><b>Niech Was b\u0142ogos\u0142awi B\u00f3g Wszechmog\u0105cy: Ojciec + i Syn, i Duch \u015awi\u0119ty. Amen<\/b><\/span><\/span><\/span><\/p>\n<p align=\"center\"><span style=\"color: #000000;\"><span style=\"font-family: Book Antiqua, serif;\"><span style=\"font-size: large;\">Gaudium et spes! Ks. Jacek<\/span><\/span><\/span><\/p>\n<p align=\"center\">\n<p align=\"center\">\n<p align=\"center\">\n<p align=\"center\">\n<p align=\"center\">\n<p align=\"justify\"><span style=\"color: #000000;\"><span style=\"font-family: Book Antiqua, serif;\"><span style=\"font-size: large;\"><b>Poniedzia\u0142ek 18 Tygodnia zwyk\u0142ego, rok I,<\/b><\/span><\/span><\/span><\/p>\n<p align=\"justify\"><span style=\"color: #000000;\"><span style=\"font-family: Book Antiqua, serif;\"><span style=\"font-size: large;\"><b>7 sierpnia 2023.,\u00a0<\/b><\/span><\/span><\/span><\/p>\n<p align=\"justify\"><span style=\"color: #000000;\"><span style=\"font-family: Book Antiqua, serif;\"><span style=\"font-size: large;\"><b>do czyta\u0144: Lb 11,4b\u201315; Mt 14,13\u201321<\/b><\/span><\/span><\/span><\/p>\n<p align=\"justify\">\n<p align=\"justify\">\n<p align=\"justify\">\n<p align=\"justify\">\n<p align=\"justify\">\n<p align=\"justify\"><span style=\"color: #000000;\"><span style=\"font-family: Book Antiqua, serif;\"><span style=\"font-size: large;\"><b>CZYTANIE Z KSI\u0118GI LICZB: <\/b><\/span><\/span><\/span><\/p>\n<p align=\"justify\"><span style=\"color: #000000;\"><span style=\"font-family: Book Antiqua, serif;\"><span style=\"font-size: large;\"><b>Na pustyni synowie Izraela m\u00f3wili: \u201eKt\u00f3\u017c nam da mi\u0119sa, aby\u015bmy jedli? Wspominamy ryby, kt\u00f3re\u015bmy darmo jedli w Egipcie, og\u00f3rki, melony, pory, cebul\u0119 i czosnek. Tymczasem tu giniemy pozbawieni tego wszystkiego. Oczy nasze nie widz\u0105 nic poza mann\u0105\u201d. <\/b><\/span><\/span><\/span><\/p>\n<p align=\"justify\"><span style=\"color: #000000;\"><span style=\"font-family: Book Antiqua, serif;\"><span style=\"font-size: large;\"><b>Manna za\u015b by\u0142a podobna do nasion kolendra i mia\u0142a wygl\u0105d bdelium. Ludzie wychodzili i zbierali j\u0105, potem me\u0142li w r\u0119cznych m\u0142ynkach albo t\u0142ukli w mo\u017adzierzach. Gotowali j\u0105 w garnkach lub robili z niej podp\u0142omyki; smak mia\u0142a taki jak ciastko na oleju. Gdy noc\u0105 opada\u0142a rosa na ob\u00f3z, opada\u0142a r\u00f3wnocze\u015bnie i manna. <\/b><\/span><\/span><\/span><\/p>\n<p align=\"justify\"><span style=\"color: #000000;\"><span style=\"font-family: Book Antiqua, serif;\"><span style=\"font-size: large;\"><b>Gdy Moj\u017cesz us\u0142ysza\u0142, \u017ce lud narzeka rodzinami, ka\u017cda u wej\u015bcia do swego namiotu, wtedy rozpali\u0142 si\u0119 pot\u0119\u017cny gniew Pana. To wyda\u0142o si\u0119 z\u0142e Moj\u017ceszowi. Rzek\u0142 wi\u0119c do Pana: <\/b><\/span><\/span><\/span><\/p>\n<p align=\"justify\"><span style=\"color: #000000;\">\u201e<span style=\"font-family: Book Antiqua, serif;\"><span style=\"font-size: large;\"><b>Czemu tak \u017ale si\u0119 obchodzisz ze s\u0142ug\u0105 swoim, czemu nie jeste\u015b dla mnie \u0142askawy i z\u0142o\u017cy\u0142e\u015b na mnie ca\u0142y ci\u0119\u017car tego ludu? Czy to ja pocz\u0105\u0142em ten lud w \u0142onie albo ja go zrodzi\u0142em, \u017ce\u015b mi powiedzia\u0142: \u00abNo\u015b go na \u0142onie swoim, jak nosi piastunka dzieci\u0119, i zanie\u015b go do ziemi, kt\u00f3r\u0105 poprzysi\u0105g\u0142em da\u0107 ich przodkom\u00bb? Sk\u0105d\u017ce wezm\u0119 mi\u0119sa, aby da\u0107 temu ca\u0142emu ludowi? A przecie\u017c przeciw mnie podnosz\u0105 skarg\u0119 i wo\u0142aj\u0105: \u00abDaj nam mi\u0119sa do jedzenia\u00bb. Nie mog\u0119 ju\u017c sam d\u0142u\u017cej ud\u017awign\u0105\u0107 troski o ten lud, ju\u017c mi nazbyt ci\u0105\u017cy. Je\u015bli chcesz tak ze mn\u0105 post\u0119powa\u0107, to raczej mnie zabij, je\u015bli jeste\u015b dla mnie \u0142askawy, bym ju\u017c nie patrzy\u0142 na swoje nieszcz\u0119\u015bcie\u201d.<\/b><\/span><\/span><\/span><\/p>\n<p align=\"justify\">\n<p align=\"justify\">\n<p align=\"justify\">\n<p align=\"justify\">\n<p align=\"justify\">\n<p align=\"justify\"><span style=\"color: #000000;\"><span style=\"font-family: Book Antiqua, serif;\"><span style=\"font-size: large;\"><b>S\u0141OWA EWANGELII WED\u0141UG \u015aWI\u0118TEGO MATEUSZA:<\/b><\/span><\/span><\/span><\/p>\n<p align=\"justify\"><span style=\"color: #000000;\"><span style=\"font-family: Book Antiqua, serif;\"><span style=\"font-size: large;\"><b>Gdy Jezus us\u0142ysza\u0142 o \u015bmierci Jana Chrzciciela, oddali\u0142 si\u0119 stamt\u0105d w \u0142odzi na miejsce pustynne, osobno. Lecz t\u0142umy zwiedzia\u0142y si\u0119 o tym i z miast posz\u0142y za Nim pieszo. Gdy wysiad\u0142, ujrza\u0142 wielki t\u0142um. Zlitowa\u0142 si\u0119 nad nimi i uzdrowi\u0142 ich chorych. <\/b><\/span><\/span><\/span><\/p>\n<p align=\"justify\"><span style=\"color: #000000;\"><span style=\"font-family: Book Antiqua, serif;\"><span style=\"font-size: large;\"><b>A gdy nasta\u0142 wiecz\u00f3r, przyst\u0105pili do Niego uczniowie i rzekli: \u201eMiejsce to jest puste i pora ju\u017c sp\u00f3\u017aniona. Ka\u017c wi\u0119c rozej\u015b\u0107 si\u0119 t\u0142umom: niech id\u0105 do wsi i zakupi\u0105 sobie \u017cywno\u015bci\u201d. <\/b><\/span><\/span><\/span><\/p>\n<p align=\"justify\"><span style=\"color: #000000;\"><span style=\"font-family: Book Antiqua, serif;\"><span style=\"font-size: large;\"><b>Lecz Jezus im odpowiedzia\u0142: \u201eNie potrzebuj\u0105 odchodzi\u0107; wy dajcie im je\u015b\u0107\u201d. <\/b><\/span><\/span><\/span><\/p>\n<p align=\"justify\"><span style=\"color: #000000;\"><span style=\"font-family: Book Antiqua, serif;\"><span style=\"font-size: large;\"><b>Odpowiedzieli Mu: \u201eNie mamy tu nic pr\u00f3cz pi\u0119ciu chleb\u00f3w i dw\u00f3ch ryb\u201d. <\/b><\/span><\/span><\/span><\/p>\n<p align=\"justify\"><span style=\"color: #000000;\"><span style=\"font-family: Book Antiqua, serif;\"><span style=\"font-size: large;\"><b>On rzek\u0142: \u201ePrzynie\u015bcie mi je tutaj\u201d. <\/b><\/span><\/span><\/span><\/p>\n<p align=\"justify\"><span style=\"color: #000000;\"><span style=\"font-family: Book Antiqua, serif;\"><span style=\"font-size: large;\"><b>Kaza\u0142 t\u0142umom usi\u0105\u015b\u0107 na trawie, nast\u0119pnie wzi\u0105\u0142 te pi\u0119\u0107 chleb\u00f3w i dwie ryby, spojrza\u0142 w niebo, odm\u00f3wi\u0142 b\u0142ogos\u0142awie\u0144stwo i po\u0142amawszy chleby, da\u0142 je uczniom, uczniowie za\u015b t\u0142umom. Jedli wszyscy do syto\u015bci i zebrano z tego, co pozosta\u0142o, dwana\u015bcie pe\u0142nych koszy u\u0142omk\u00f3w. Tych za\u015b, kt\u00f3rzy jedli, by\u0142o oko\u0142o pi\u0119ciu tysi\u0119cy m\u0119\u017cczyzn, nie licz\u0105c kobiet i dzieci<\/b><\/span><\/span><\/span><span style=\"color: #000000;\"><span style=\"font-family: Book Antiqua, serif;\"><span style=\"font-size: large;\"><b>.<\/b><\/span><\/span><\/span><\/p>\n<p align=\"justify\">\n<p align=\"justify\">\n<p align=\"justify\">\n<p align=\"justify\">\n<p align=\"justify\">\n<p align=\"justify\"><span style=\"color: #000000;\"><span style=\"font-family: Book Antiqua, serif;\"><span style=\"font-size: large;\">Dwa ciekawe teksty biblijne otrzymujemy w dzisiejszej liturgii. Oba \u2013 by tak to uj\u0105\u0107 \u2013 <b>m\u00f3wi\u0105 o\u2026 jedzeniu\u2026 <\/b>Bo w pierwszym czytaniu, z Ksi\u0119gi Liczb, s\u0142yszymy szemranie Izraelit\u00f3w: <i><b>Kt\u00f3\u017c nam da mi\u0119sa, aby\u015bmy jedli? Wspominamy ryby, kt\u00f3re\u015bmy darmo jedli w Egipcie, og\u00f3rki, melony, pory, cebul\u0119 i czosnek. Tymczasem tu giniemy pozbawieni tego wszystkiego. Oczy nasze nie widz\u0105 nic poza mann\u0105\u2026<\/b><\/i><b> <\/b>Po czym otrzymujemy <b>informacj\u0119 o samej mannie<\/b> \u2013 czym by\u0142a, jak wygl\u0105da\u0142a, jak smakowa\u0142a\u2026 Nade wszystko za\u015b \u2013 informacj\u0119 o tym, \u017ce jednak zawsze by\u0142a, codziennie wr\u0119cz \u201eczeka\u0142a\u201d na Izraelit\u00f3w, kiedy tylko rano wstawali i wychodzili z namiot\u00f3w. <\/span><\/span><\/span><\/p>\n<p align=\"justify\"><span style=\"color: #000000;\"><span style=\"font-family: Book Antiqua, serif;\"><span style=\"font-size: large;\">A z kolei w Ewangelii s\u0142yszymy takie oto s\u0142owa szczerej troski uczni\u00f3w Jezusa: <i><b>Miejsce to jest puste i pora ju\u017c sp\u00f3\u017aniona. Ka\u017c wi\u0119c rozej\u015b\u0107 si\u0119 t\u0142umom: niech id\u0105 do wsi i zakupi\u0105 sobie<\/b><\/i><b> <\/b><i><b>\u017cywno\u015bci<\/b><\/i><b>. <\/b>Chyba mo\u017cemy im na konto <b>wpisa\u0107 du\u017cego plusa<\/b> za takie serdeczne i ludzkie podej\u015bcie do potrzeb ludzi, kt\u00f3rzy na tyle wytrwale s\u0142uchali Jezusa,<b> \u017ce wr\u0119cz zapomnieli o tym, \u017ce s\u0105 g\u0142odni<\/b> i jednak powinni co\u015b zje\u015b\u0107. To oczywi\u015bcie brzmi <b>bardzo dziwnie i mo\u017ce nawet niewiarygodnie,<\/b> bo jak mo\u017cna zapomnie\u0107 o tym, \u017ce si\u0119 jest g\u0142odnym, a jednak\u2026 <\/span><\/span><\/span><\/p>\n<p align=\"justify\"><span style=\"color: #000000;\"><span style=\"font-family: Book Antiqua, serif;\"><span style=\"font-size: large;\">Wydaje si\u0119, \u017ce taka sytuacja nie jest tak zupe\u0142nie niemo\u017cliwa \u2013 mo\u017ce si\u0119 wydarzy\u0107 wtedy, kiedy cz\u0142owiek <b>tak intensywnie <\/b><b>czym\u015b si\u0119<\/b><b> zajmie,<\/b> tak si\u0119 czym\u015b zaaferuje, \u017ce o ca\u0142ym \u015bwiecie zapomni. I wtedy ca\u0142y dzie\u0144 b\u0119dzie<b> co\u015b takiego interesuj\u0105cego i intryguj\u0105cego go robi\u0142,<\/b> \u017ce nawet czasu nie b\u0119dzie mia\u0142 na to, by co\u015b zje\u015b\u0107, ani nawet na to, <b>by pomy\u015ble\u0107 o tym, \u017ce warto by co\u015b zje\u015b\u0107,<\/b> bo tak jego umys\u0142 b\u0119dzie zaj\u0119ty ow\u0105 interesuj\u0105c\u0105 go spraw\u0105, \u017ce ju\u017c nie starczy tam miejsca na inne refleksje i potrzeby. <\/span><\/span><\/span><\/p>\n<p align=\"justify\"><span style=\"color: #000000;\"><span style=\"font-family: Book Antiqua, serif;\"><span style=\"font-size: large;\">Taka sytuacja jest mo\u017cliwa \u2013 i mo\u017ce nawet w takiej si\u0119 raz czy drugi znale\u017ali\u015bmy \u2013 mo\u017ce <b>co\u015b nas tak mocno \u201ewci\u0105gn\u0119\u0142o\u201d,<\/b> \u017ce ani o jedzeniu nie my\u015bleli\u015bmy, ani o spaniu, ani o czymkolwiek innym, bo dana sprawa okaza\u0142a si\u0119 <b>tak absorbuj\u0105ca ca\u0142\u0105 uwag\u0119\u2026<\/b> Mo\u017ce i my mamy takie do\u015bwiadczenie. Je\u017celi tak, to przypomnijmy sobie, <b>jaka to sprawa w\u00f3wczas tak nas zaintrygowa\u0142a,<\/b> tak nas \u201ewci\u0105gn\u0119\u0142a\u201d?\u2026 <\/span><\/span><\/span><\/p>\n<p align=\"justify\"><span style=\"color: #000000;\"><span style=\"font-family: Book Antiqua, serif;\"><span style=\"font-size: large;\">Zapewne, by\u0142a to <b>jaka\u015b kwestia bardzo wa\u017cna, <\/b>albo mo\u017ce <b>bardzo ciekawa, nowatorska, <\/b>a mo\u017ce jeszcze jako\u015b oddzia\u0142uj\u0105ca na nasz\u0105 wyobra\u017ani\u0119 i na nasze nastawienie, \u017ce nic poza ni\u0105 wtedy nie istnia\u0142o. To musia\u0142a by\u0107 jaka\u015b <b>kwestia naprawd\u0119 wyj\u0105tkowa<\/b> \u2013 \u017ceby tak bardzo mog\u0142a cz\u0142owieka zaabsorbowa\u0107. <\/span><\/span><\/span><\/p>\n<p align=\"justify\"><span style=\"color: #000000;\"><span style=\"font-family: Book Antiqua, serif;\"><span style=\"font-size: large;\">Jak\u017ce si\u0119 trzeba <b>cieszy\u0107 i jak mocno doceni\u0107 fakt,<\/b> \u017ce dla tych ludzi, o kt\u00f3rych dowiadujemy si\u0119 dzi\u015b z Ewangelii, i\u017c najpierw Jezusa szukali, chodzili za Nim, a potem trwali przy Nim, zas\u0142uchani w Jego s\u0142owo \u2013 w\u0142a\u015bnie ta <b>blisko\u015b\u0107 Jezusa i Jego s\u0142owo by\u0142y takimi warto\u015bciami,<\/b> o jakich tu sobie m\u00f3wimy. Czyli \u2013 tak bardzo absorbuj\u0105cymi, <b>\u017ce nawet si\u0119 o jedzeniu nie my\u015bleli,<\/b> o spaniu, o jakimkolwiek dogadzaniu sobie. <\/span><\/span><\/span><\/p>\n<p align=\"justify\"><span style=\"color: #000000;\"><span style=\"font-family: Book Antiqua, serif;\"><span style=\"font-size: large;\">Dla tych ludzi spotkanie z Jezusem, us\u0142yszenie Jego s\u0142owa i do\u015bwiadczenie Jego mocy \u2013 co jak si\u0119 dowiadujemy, dokona\u0142o si\u0119 poprzez liczne uzdrowienia \u2013 by\u0142o <b>ogromn\u0105 warto\u015bci\u0105, wielk\u0105 szans\u0105, wielkim bogactwem.<\/b> Potrafili to doceni\u0107! I dla wej\u015bcia w t\u0119 jedno\u015b\u0107 z Bo\u017cym Synem \u2013 <b>potrafili si\u0119 tak po\u015bwi\u0119ci\u0107! <\/b><\/span><\/span><\/span><\/p>\n<p align=\"justify\"><span style=\"color: #000000;\"><span style=\"font-family: Book Antiqua, serif;\"><span style=\"font-size: large;\">Jak\u017ce to r\u00f3\u017cna postawa od tej, jak\u0105 pokazali Izraelici w pierwszym czytaniu. Oni <b>te\u017c do\u015bwiadczyli wielkiej Bo\u017cej mocy<\/b> ju\u017c tyle razy: prowadzeni przez Niego, <b>w<\/b><b>yszli z Egiptu <\/b>po czterystu pi\u0119\u0107dziesi\u0119ciu latach, przeszli cudownie przez Morze Czerwone, nie do zliczenia tak\u017ce by\u0142y drobne znaki, kt\u00f3rych B\u00f3g co i raz w\u015br\u00f3d swego ludu dokonywa\u0142. <\/span><\/span><\/span><\/p>\n<p align=\"justify\"><span style=\"color: #000000;\"><span style=\"font-family: Book Antiqua, serif;\"><span style=\"font-size: large;\">A jednak, w odpowiedzi us\u0142ysza\u0142 dzi\u015b te haniebne s\u0142owa: <i><b>Kt\u00f3\u017c nam da mi\u0119sa, aby\u015bmy jedli? Wspominamy ryby, kt\u00f3re\u015bmy darmo jedli w Egipcie, og\u00f3rki, melony, pory, cebul\u0119 i czosnek. Tymczasem tu giniemy pozbawieni tego wszystkiego. Oczy nasze nie widz\u0105 nic poza mann\u0105\u2026<\/b><\/i><b> <\/b><\/span><\/span><\/span><\/p>\n<p align=\"justify\"><span style=\"color: #000000;\"><span style=\"font-family: Book Antiqua, serif;\"><span style=\"font-size: large;\">Ju\u017c nawet nie m\u00f3wi\u0105c o braku wdzi\u0119czno\u015bci wobec Boga, to by\u0142o to zupe\u0142ne, ale to piramidalne k\u0142amstwo, bo oni tam, w Egipcie, <b>g\u0142odem przymierali, a nie zasiadali przed garami mi\u0119sa! <\/b>Oni tam jedli jakie\u015b resztki, jakie\u015b naprawd\u0119 \u201ebyle co\u201d. Tu mieli pokarm mo\u017ce \u2013 owszem \u2013 codziennie taki sam. <b>Ale go mieli! Codziennie go mieli! <\/b>I w og\u00f3le nie musieli si\u0119 stara\u0107, uprawia\u0107 ziemi, chodzi\u0107 ko\u0142o tego, sta\u0107 godzinami w kolejkach \u2013 <b>mieli wszystko \u201ena teraz\u201d!<\/b> I pomimo tego \u2013 takie s\u0142owa?\u2026 <\/span><\/span><\/span><\/p>\n<p align=\"justify\"><span style=\"color: #000000;\"><span style=\"font-family: Book Antiqua, serif;\"><span style=\"font-size: large;\">Zobaczmy, jak <b>skrajnie r\u00f3\u017cne nastawienie<\/b> do Boga i do Jego blisko\u015bci, do Jego \u0142askawo\u015bci i Jego dzia\u0142ania \u2013 mog\u0105 prezentowa\u0107 ludzie. I to <b>z jednego narodu \u2013<\/b> chocia\u017c, faktycznie, na przestrzeni wielu wiek\u00f3w. Aczkolwiek, w tym przypadku, <b>odleg\u0142o\u015b\u0107<\/b> <b>czasowa<\/b> pomi\u0119dzy wydarzeniem z pierwszego czytania, a tym z Ewangelii \u2013 <b>nie ma tak naprawd\u0119 znaczenia.<\/b> Znaczenie ma to, <b>co w swoim sercu ukrywa cz\u0142owiek<\/b> \u2013 jakie nastawienie do Boga, do drugiego cz\u0142owieka, do ca\u0142ego \u015bwiata i wreszcie: do samego siebie. <\/span><\/span><\/span><\/p>\n<p align=\"justify\"><span style=\"color: #000000;\"><span style=\"font-family: Book Antiqua, serif;\"><span style=\"font-size: large;\">Je\u017celi to serce <b>jest otwarte na Boga i pragnie Boga <\/b>\u2013 nawet do tego stopnia, \u017ce o w\u0142asnych, doczesnych potrzebach zapomina \u2013 <b>to B\u00f3g sam zadba <\/b>i o te potrzeby wieczne, i tak\u017ce o te doczesne! Tak si\u0119 sta\u0142o dzisiaj w Ewangelii: <b>Jezus zaradzi\u0142 pro\u015bbie Aposto\u0142\u00f3w<\/b> w spos\u00f3b dla nich samych absolutnie zaskakuj\u0105cy. Okaza\u0142o si\u0119, \u017ce zdobycie pokarmu dla tak wielkiej rzeszy ludzi <b>to \u017caden problem <\/b>\u2013 skoro ci ludzie tak bardzo otworzyli si\u0119 <b>najpierw na duchowe dary,<\/b> kt\u00f3rymi obdarza\u0142 ich Jezus. W\u00f3wczas zdobycie pokarmu doczesnego \u2013 to ju\u017c by\u0142 dla Jezusa po prostu drobiazg. <\/span><\/span><\/span><\/p>\n<p align=\"justify\"><span style=\"color: #000000;\"><span style=\"font-family: Book Antiqua, serif;\"><span style=\"font-size: large;\">Natomiast kiedy cz\u0142owiek jest tak zapatrzony w siebie i tak rozkapryszony w kwestii swoich w\u0142asnych zachcianek, <b>\u017ce tylko uskar\u017ca si\u0119 i narzeka,<\/b> to naprawd\u0119 mo\u017ce straci\u0107 wszystko! Powiedzmy sobie bowiem szczerze, \u017ce <b>niezwykle dramatycznie<\/b> i \u2013 dodajmy odwa\u017cnie \u2013 <b>wyj\u0105tkowo denerwuj\u0105co<\/b> brzmi\u0105 te oto s\u0142owa z dzisiejszego pierwszego czytania: <i><b>Gdy Moj\u017cesz us\u0142ysza\u0142, \u017ce lud narzeka rodzinami, ka\u017cda u wej\u015bcia do swego namiotu, wtedy rozpali\u0142 si\u0119 pot\u0119\u017cny gniew Pana. To wyda\u0142o si\u0119 z\u0142e Moj\u017ceszowi.<\/b><\/i><b> <\/b><\/span><\/span><\/span><\/p>\n<p align=\"justify\"><span style=\"color: #000000;\"><span style=\"font-family: Book Antiqua, serif;\"><span style=\"font-size: large;\">Czy wyobra\u017camy sobie t\u0119 sytuacj\u0119? Oto wielkie pole namiotowe i przy poszczeg\u00f3lnych namiotach gromadki ludzi \u2013 rodziny, zamieszkuj\u0105ce dane namioty \u2013 <b>i jedno wielkie szemranie, jedno wielkie narzekanie,<\/b> jedno wielkie biadolenie i uskar\u017canie si\u0119 na sw\u00f3j los. Wydaje si\u0119, \u017ce z ca\u0142ej dzisiejszej liturgii S\u0142owa w\u0142a\u015bnie ten obraz i te s\u0142owa jako\u015b tak <b>najmocniej \u201euderzaj\u0105\u201d w wyobra\u017ani<\/b><b>\u0119<\/b><b> i wra\u017cliwo\u015b\u0107 czytelnika<\/b> \u2013 nawet bardziej, ni\u017c opis cudownego rozmno\u017cenia pokarmu przez Jezusa. <\/span><\/span><\/span><\/p>\n<p align=\"justify\"><span style=\"color: #000000;\"><span style=\"font-family: Book Antiqua, serif;\"><span style=\"font-size: large;\">Oczywi\u015bcie, to s\u0105 dwie skrajnie r\u00f3\u017cne sytuacje, zupe\u0142nie inna atmosfera, charakteryzuj\u0105ca jeden i drugi opis. Ale w\u0142a\u015bnie to narzekanie wydaje si\u0119 <b>czym\u015b tak niesamowitym,<\/b> a jednocze\u015bnie \u2013 jak wspomnieli\u015bmy \u2013<b> tak denerwuj\u0105cym, <\/b>\u017ce wcale nas raczej <b>nie dziwi reakcja Moj\u017cesza,<\/b> kt\u00f3ry w tym momencie mia\u0142 serdecznie do\u015b\u0107 ca\u0142ego tego towarzystwa! Chyba ka\u017cdy z nas zareagowa\u0142by podobnie. <\/span><\/span><\/span><\/p>\n<p align=\"justify\"><span style=\"color: #000000;\"><span style=\"font-family: Book Antiqua, serif;\"><span style=\"font-size: large;\">Mo\u017ce wi\u0119c warto tak na spokojnie dzisiaj \u2013 skoro takie w\u0142a\u015bnie S\u0142owo otrzymujemy \u2013 zastanowi\u0107 si\u0119, <b>jak my reagujemy na tyle dar\u00f3w<\/b> Jezusowej mi\u0142o\u015bci do nas? Czy w og\u00f3le <b>te dary widzimy,<\/b> czy je <b>doceniamy,<\/b> czy potrafimy<b> za nie podzi\u0119kowa\u0107?<\/b> I zrobi\u0107 z nich dobry u\u017cytek? <\/span><\/span><\/span><\/p>\n<p align=\"justify\"><span style=\"color: #000000;\"><span style=\"font-family: Book Antiqua, serif;\"><span style=\"font-size: large;\">Czy mo\u017ce jedynie narzekamy, narzekamy, narzekamy\u2026<b> \u201eJak to Polacy\u2026\u201d <\/b>\u2013 pewnie kto\u015b doda. Mo\u017ce i tak, ale chyba nie do ko\u0144ca. Bo nie wszyscy Polacy narzekaj\u0105. A znowu \u2013 nie tylko Polacy narzekaj\u0105. Izraelici te\u017c narzekali. <\/span><\/span><\/span><\/p>\n<p align=\"justify\"><span style=\"color: #000000;\"><span style=\"font-family: Book Antiqua, serif;\"><span style=\"font-size: large;\"><b>Obym ja nie narzeka\u0142\u2026<\/b> A je\u015bli mam tak\u0105 sk\u0142onno\u015b\u0107 \u2013 to \u017cebym<b> jeszcze dzi\u015b przesta\u0142! <\/b>A zacz\u0105\u0142 dzi\u0119kowa\u0107! I cieszy\u0142 si\u0119 tym, co Pan daje. Na pewno \u2013 b\u0119dzie si\u0119 z czego cieszy\u0107 i b\u0119dzie za co dzi\u0119kowa\u0107\u2026 <b>\u017bycia na to nie starczy!<\/b><\/span><\/span><\/span><\/p>\n<p align=\"justify\"><span style=\"color: #000000;\"><span style=\"font-family: Book Antiqua, serif;\"><span style=\"font-size: large;\">A zatem \u2013 jak widzimy \u2013 dzisiaj mowa nie tylko o jedzeniu\u2026 Wprost przeciwnie, w dzisiejszym Bo\u017cym s\u0142owie mowa<b> o sprawach du\u017co powa\u017cniejszych\u2026<\/b><\/span><\/span><\/span><\/p>\n","protected":false},"excerpt":{"rendered":"<p>Szcz\u0119\u015b\u0107 Bo\u017ce! Moi Drodzy, w dniu dzisiejszym urodziny prze\u017cywa Ksi\u0105dz Arkadiusz Bylinka \u2013 zaanga\u017cowany w swoim czasie, jeszcze przed Seminarium, w dzia\u0142alno\u015b\u0107 m\u0142odzie\u017cowych Wsp\u00f3lnot. \u017bycz\u0119 wszelkiego dobra duchowego i doczesnego. I zdrowia\u2026 Zapewniam o modlitwie! A ja dzisiaj \u2013 jak wspomnia\u0142em wczoraj \u2013 jad\u0119 do Kodnia i zamieszkam tam do Uroczysto\u015bci koronacyjnych. B\u0119d\u0119 o Was [&hellip;]<\/p>\n","protected":false},"author":1,"featured_media":0,"comment_status":"open","ping_status":"open","sticky":false,"template":"","format":"standard","meta":{"jetpack_post_was_ever_published":false,"_jetpack_newsletter_access":"","_jetpack_dont_email_post_to_subs":false,"_jetpack_newsletter_tier_id":0,"_jetpack_memberships_contains_paywalled_content":false,"_jetpack_memberships_contains_paid_content":false,"footnotes":""},"categories":[1],"tags":[],"class_list":["post-21767","post","type-post","status-publish","format-standard","hentry","category-bez-kategorii"],"yoast_head":"<!-- This site is optimized with the Yoast SEO plugin v25.1 - https:\/\/yoast.com\/wordpress\/plugins\/seo\/ -->\n<title>Nie narzekajmy! - Gaudium Et Spes<\/title>\n<meta name=\"robots\" content=\"index, follow, max-snippet:-1, max-image-preview:large, max-video-preview:-1\" \/>\n<link rel=\"canonical\" href=\"https:\/\/gaudiumetspes-blog.pl\/index.php\/2023\/08\/07\/nie-narzekajmy-2\/\" \/>\n<meta property=\"og:locale\" content=\"pl_PL\" \/>\n<meta property=\"og:type\" content=\"article\" \/>\n<meta property=\"og:title\" content=\"Nie narzekajmy! - Gaudium Et Spes\" \/>\n<meta property=\"og:description\" content=\"Szcz\u0119\u015b\u0107 Bo\u017ce! Moi Drodzy, w dniu dzisiejszym urodziny prze\u017cywa Ksi\u0105dz Arkadiusz Bylinka \u2013 zaanga\u017cowany w swoim czasie, jeszcze przed Seminarium, w dzia\u0142alno\u015b\u0107 m\u0142odzie\u017cowych Wsp\u00f3lnot. \u017bycz\u0119 wszelkiego dobra duchowego i doczesnego. I zdrowia\u2026 Zapewniam o modlitwie! A ja dzisiaj \u2013 jak wspomnia\u0142em wczoraj \u2013 jad\u0119 do Kodnia i zamieszkam tam do Uroczysto\u015bci koronacyjnych. B\u0119d\u0119 o Was [&hellip;]\" \/>\n<meta property=\"og:url\" content=\"https:\/\/gaudiumetspes-blog.pl\/index.php\/2023\/08\/07\/nie-narzekajmy-2\/\" \/>\n<meta property=\"og:site_name\" content=\"Gaudium Et Spes\" \/>\n<meta property=\"article:published_time\" content=\"2023-08-06T23:39:14+00:00\" \/>\n<meta property=\"article:modified_time\" content=\"2023-08-07T21:58:05+00:00\" \/>\n<meta name=\"author\" content=\"Ks. Jacek\" \/>\n<meta name=\"twitter:card\" content=\"summary_large_image\" \/>\n<meta name=\"twitter:label1\" content=\"Napisane przez\" \/>\n\t<meta name=\"twitter:data1\" content=\"Ks. Jacek\" \/>\n\t<meta name=\"twitter:label2\" content=\"Szacowany czas czytania\" \/>\n\t<meta name=\"twitter:data2\" content=\"10 minut\" \/>\n<script type=\"application\/ld+json\" class=\"yoast-schema-graph\">{\"@context\":\"https:\/\/schema.org\",\"@graph\":[{\"@type\":\"WebPage\",\"@id\":\"https:\/\/gaudiumetspes-blog.pl\/index.php\/2023\/08\/07\/nie-narzekajmy-2\/\",\"url\":\"https:\/\/gaudiumetspes-blog.pl\/index.php\/2023\/08\/07\/nie-narzekajmy-2\/\",\"name\":\"Nie narzekajmy! - Gaudium Et Spes\",\"isPartOf\":{\"@id\":\"https:\/\/gaudiumetspes-blog.pl\/#website\"},\"datePublished\":\"2023-08-06T23:39:14+00:00\",\"dateModified\":\"2023-08-07T21:58:05+00:00\",\"author\":{\"@id\":\"https:\/\/gaudiumetspes-blog.pl\/#\/schema\/person\/1661982992b752dea8dff0d4ed845a65\"},\"breadcrumb\":{\"@id\":\"https:\/\/gaudiumetspes-blog.pl\/index.php\/2023\/08\/07\/nie-narzekajmy-2\/#breadcrumb\"},\"inLanguage\":\"pl-PL\",\"potentialAction\":[{\"@type\":\"ReadAction\",\"target\":[\"https:\/\/gaudiumetspes-blog.pl\/index.php\/2023\/08\/07\/nie-narzekajmy-2\/\"]}]},{\"@type\":\"BreadcrumbList\",\"@id\":\"https:\/\/gaudiumetspes-blog.pl\/index.php\/2023\/08\/07\/nie-narzekajmy-2\/#breadcrumb\",\"itemListElement\":[{\"@type\":\"ListItem\",\"position\":1,\"name\":\"Strona g\u0142\u00f3wna\",\"item\":\"https:\/\/gaudiumetspes-blog.pl\/\"},{\"@type\":\"ListItem\",\"position\":2,\"name\":\"Nie&nbsp;narzekajmy!\"}]},{\"@type\":\"WebSite\",\"@id\":\"https:\/\/gaudiumetspes-blog.pl\/#website\",\"url\":\"https:\/\/gaudiumetspes-blog.pl\/\",\"name\":\"Gaudium Et Spes\",\"description\":\"Blog Ks. Jacka Ja\u015bkowskiego\",\"potentialAction\":[{\"@type\":\"SearchAction\",\"target\":{\"@type\":\"EntryPoint\",\"urlTemplate\":\"https:\/\/gaudiumetspes-blog.pl\/?s={search_term_string}\"},\"query-input\":{\"@type\":\"PropertyValueSpecification\",\"valueRequired\":true,\"valueName\":\"search_term_string\"}}],\"inLanguage\":\"pl-PL\"},{\"@type\":\"Person\",\"@id\":\"https:\/\/gaudiumetspes-blog.pl\/#\/schema\/person\/1661982992b752dea8dff0d4ed845a65\",\"name\":\"Ks. Jacek\",\"image\":{\"@type\":\"ImageObject\",\"inLanguage\":\"pl-PL\",\"@id\":\"https:\/\/gaudiumetspes-blog.pl\/#\/schema\/person\/image\/\",\"url\":\"https:\/\/gaudiumetspes-blog.pl\/wp-content\/uploads\/2019\/07\/avatar-JJ-150x150.jpg\",\"contentUrl\":\"https:\/\/gaudiumetspes-blog.pl\/wp-content\/uploads\/2019\/07\/avatar-JJ-150x150.jpg\",\"caption\":\"Ks. Jacek\"},\"description\":\"Witam serdecznie! K\u0142ania si\u0119 Ks. Jacek Ja\u015bkowski. Nie jestem ani kim\u015b wa\u017cnym, ani kim\u015b znanym. Jestem ksi\u0119dzem, kt\u00f3ry po prostu chce rozmawia\u0107. Codzienna kap\u0142a\u0144ska pos\u0142uga pokazuje mi, \u017ce temat\u00f3w do rozm\u00f3w z ksi\u0119dzem jest coraz wi\u0119cej i dzisiaj \u017caden ksi\u0105dz nie mo\u017ce od nich ucieka\u0107, ale - wprost przeciwnie - podejmowa\u0107 nowe wyzwania. To przekonanie sk\u0142oni\u0142o mnie do pr\u00f3by otwarcia tego\u017c bloga, chocia\u017c okazji do rozm\u00f3w na co dzie\u0144 - w konfesjonale i poza nim - na szcz\u0119\u015bcie nie brakuje. My\u015bl\u0119 jednak, \u017ce ten blog b\u0119dzie jeszcze jednym sposobem i przestrzeni\u0105 nawi\u0105zania kontaktu z lud\u017ami dobrej woli, otwartymi na dialog.\",\"url\":\"https:\/\/gaudiumetspes-blog.pl\/index.php\/author\/ks-jacek\/\"}]}<\/script>\n<!-- \/ Yoast SEO plugin. -->","yoast_head_json":{"title":"Nie narzekajmy! - Gaudium Et Spes","robots":{"index":"index","follow":"follow","max-snippet":"max-snippet:-1","max-image-preview":"max-image-preview:large","max-video-preview":"max-video-preview:-1"},"canonical":"https:\/\/gaudiumetspes-blog.pl\/index.php\/2023\/08\/07\/nie-narzekajmy-2\/","og_locale":"pl_PL","og_type":"article","og_title":"Nie narzekajmy! - Gaudium Et Spes","og_description":"Szcz\u0119\u015b\u0107 Bo\u017ce! Moi Drodzy, w dniu dzisiejszym urodziny prze\u017cywa Ksi\u0105dz Arkadiusz Bylinka \u2013 zaanga\u017cowany w swoim czasie, jeszcze przed Seminarium, w dzia\u0142alno\u015b\u0107 m\u0142odzie\u017cowych Wsp\u00f3lnot. \u017bycz\u0119 wszelkiego dobra duchowego i doczesnego. I zdrowia\u2026 Zapewniam o modlitwie! A ja dzisiaj \u2013 jak wspomnia\u0142em wczoraj \u2013 jad\u0119 do Kodnia i zamieszkam tam do Uroczysto\u015bci koronacyjnych. B\u0119d\u0119 o Was [&hellip;]","og_url":"https:\/\/gaudiumetspes-blog.pl\/index.php\/2023\/08\/07\/nie-narzekajmy-2\/","og_site_name":"Gaudium Et Spes","article_published_time":"2023-08-06T23:39:14+00:00","article_modified_time":"2023-08-07T21:58:05+00:00","author":"Ks. Jacek","twitter_card":"summary_large_image","twitter_misc":{"Napisane przez":"Ks. Jacek","Szacowany czas czytania":"10 minut"},"schema":{"@context":"https:\/\/schema.org","@graph":[{"@type":"WebPage","@id":"https:\/\/gaudiumetspes-blog.pl\/index.php\/2023\/08\/07\/nie-narzekajmy-2\/","url":"https:\/\/gaudiumetspes-blog.pl\/index.php\/2023\/08\/07\/nie-narzekajmy-2\/","name":"Nie narzekajmy! - Gaudium Et Spes","isPartOf":{"@id":"https:\/\/gaudiumetspes-blog.pl\/#website"},"datePublished":"2023-08-06T23:39:14+00:00","dateModified":"2023-08-07T21:58:05+00:00","author":{"@id":"https:\/\/gaudiumetspes-blog.pl\/#\/schema\/person\/1661982992b752dea8dff0d4ed845a65"},"breadcrumb":{"@id":"https:\/\/gaudiumetspes-blog.pl\/index.php\/2023\/08\/07\/nie-narzekajmy-2\/#breadcrumb"},"inLanguage":"pl-PL","potentialAction":[{"@type":"ReadAction","target":["https:\/\/gaudiumetspes-blog.pl\/index.php\/2023\/08\/07\/nie-narzekajmy-2\/"]}]},{"@type":"BreadcrumbList","@id":"https:\/\/gaudiumetspes-blog.pl\/index.php\/2023\/08\/07\/nie-narzekajmy-2\/#breadcrumb","itemListElement":[{"@type":"ListItem","position":1,"name":"Strona g\u0142\u00f3wna","item":"https:\/\/gaudiumetspes-blog.pl\/"},{"@type":"ListItem","position":2,"name":"Nie&nbsp;narzekajmy!"}]},{"@type":"WebSite","@id":"https:\/\/gaudiumetspes-blog.pl\/#website","url":"https:\/\/gaudiumetspes-blog.pl\/","name":"Gaudium Et Spes","description":"Blog Ks. Jacka Ja\u015bkowskiego","potentialAction":[{"@type":"SearchAction","target":{"@type":"EntryPoint","urlTemplate":"https:\/\/gaudiumetspes-blog.pl\/?s={search_term_string}"},"query-input":{"@type":"PropertyValueSpecification","valueRequired":true,"valueName":"search_term_string"}}],"inLanguage":"pl-PL"},{"@type":"Person","@id":"https:\/\/gaudiumetspes-blog.pl\/#\/schema\/person\/1661982992b752dea8dff0d4ed845a65","name":"Ks. Jacek","image":{"@type":"ImageObject","inLanguage":"pl-PL","@id":"https:\/\/gaudiumetspes-blog.pl\/#\/schema\/person\/image\/","url":"https:\/\/gaudiumetspes-blog.pl\/wp-content\/uploads\/2019\/07\/avatar-JJ-150x150.jpg","contentUrl":"https:\/\/gaudiumetspes-blog.pl\/wp-content\/uploads\/2019\/07\/avatar-JJ-150x150.jpg","caption":"Ks. Jacek"},"description":"Witam serdecznie! K\u0142ania si\u0119 Ks. Jacek Ja\u015bkowski. Nie jestem ani kim\u015b wa\u017cnym, ani kim\u015b znanym. Jestem ksi\u0119dzem, kt\u00f3ry po prostu chce rozmawia\u0107. Codzienna kap\u0142a\u0144ska pos\u0142uga pokazuje mi, \u017ce temat\u00f3w do rozm\u00f3w z ksi\u0119dzem jest coraz wi\u0119cej i dzisiaj \u017caden ksi\u0105dz nie mo\u017ce od nich ucieka\u0107, ale - wprost przeciwnie - podejmowa\u0107 nowe wyzwania. To przekonanie sk\u0142oni\u0142o mnie do pr\u00f3by otwarcia tego\u017c bloga, chocia\u017c okazji do rozm\u00f3w na co dzie\u0144 - w konfesjonale i poza nim - na szcz\u0119\u015bcie nie brakuje. My\u015bl\u0119 jednak, \u017ce ten blog b\u0119dzie jeszcze jednym sposobem i przestrzeni\u0105 nawi\u0105zania kontaktu z lud\u017ami dobrej woli, otwartymi na dialog.","url":"https:\/\/gaudiumetspes-blog.pl\/index.php\/author\/ks-jacek\/"}]}},"jetpack_featured_media_url":"","jetpack_sharing_enabled":true,"_links":{"self":[{"href":"https:\/\/gaudiumetspes-blog.pl\/index.php\/wp-json\/wp\/v2\/posts\/21767","targetHints":{"allow":["GET"]}}],"collection":[{"href":"https:\/\/gaudiumetspes-blog.pl\/index.php\/wp-json\/wp\/v2\/posts"}],"about":[{"href":"https:\/\/gaudiumetspes-blog.pl\/index.php\/wp-json\/wp\/v2\/types\/post"}],"author":[{"embeddable":true,"href":"https:\/\/gaudiumetspes-blog.pl\/index.php\/wp-json\/wp\/v2\/users\/1"}],"replies":[{"embeddable":true,"href":"https:\/\/gaudiumetspes-blog.pl\/index.php\/wp-json\/wp\/v2\/comments?post=21767"}],"version-history":[{"count":3,"href":"https:\/\/gaudiumetspes-blog.pl\/index.php\/wp-json\/wp\/v2\/posts\/21767\/revisions"}],"predecessor-version":[{"id":21770,"href":"https:\/\/gaudiumetspes-blog.pl\/index.php\/wp-json\/wp\/v2\/posts\/21767\/revisions\/21770"}],"wp:attachment":[{"href":"https:\/\/gaudiumetspes-blog.pl\/index.php\/wp-json\/wp\/v2\/media?parent=21767"}],"wp:term":[{"taxonomy":"category","embeddable":true,"href":"https:\/\/gaudiumetspes-blog.pl\/index.php\/wp-json\/wp\/v2\/categories?post=21767"},{"taxonomy":"post_tag","embeddable":true,"href":"https:\/\/gaudiumetspes-blog.pl\/index.php\/wp-json\/wp\/v2\/tags?post=21767"}],"curies":[{"name":"wp","href":"https:\/\/api.w.org\/{rel}","templated":true}]}}