{"id":21788,"date":"2023-08-13T00:18:06","date_gmt":"2023-08-12T22:18:06","guid":{"rendered":"https:\/\/gaudiumetspes-blog.pl\/?p=21788"},"modified":"2023-08-12T11:19:09","modified_gmt":"2023-08-12T09:19:09","slug":"odwagi-ja-jestem","status":"publish","type":"post","link":"https:\/\/gaudiumetspes-blog.pl\/index.php\/2023\/08\/13\/odwagi-ja-jestem\/","title":{"rendered":"Odwagi! JA JESTEM!"},"content":{"rendered":"<p align=\"justify\"><span style=\"color: #000000;\"><span style=\"font-family: Book Antiqua, serif;\"><span style=\"font-size: large;\">Niech b\u0119dzie pochwalony Jezus Chrystus! Moi Drodzy, dzisiaj w Kodniu rozpoczynaj\u0105 si\u0119 Uroczysto\u015bci koronacyjne. Pod rozwa\u017caniem zamieszcz\u0119 ponownie planowany ich przebieg w ci\u0105gu najbli\u017cszych trzech dni \u2013 tak dla przypomnienia. Zapraszam serdecznie do przyjazdu tutaj \u2013 kto tylko mo\u017ce. A kto nie mo\u017ce, niech si\u0119 \u0142\u0105czy duchem i przez transmisj\u0119 telewizyjn\u0105 lub internetow\u0105.<\/span><\/span><\/span><\/p>\n<p align=\"justify\"><span style=\"color: #000000;\"><span style=\"font-family: Book Antiqua, serif;\"><span style=\"font-size: large;\">Nie zapominajmy o Pielgrzymach! P\u0105tnicy z Podlasia dzisiaj docieraj\u0105 do Mirowa pod Cz\u0119stochow\u0105, aby jutro bardzo rano wyruszy\u0107 ju\u017c na Jasn\u0105 G\u00f3r\u0119. A w\u0142a\u015bnie 13 sierpnia, w Mirowie \u2013 tradycyjna Msza \u015awi\u0119ta dla ca\u0142ej Pielgrzymki, z udzia\u0142em Biskup\u00f3w i Kap\u0142an\u00f3w z Diecezji. Nieraz s\u0105 te\u017c w jej trakcie zawierane ma\u0142\u017ce\u0144stwa! To takie pierwsze podsumowanie tegorocznego pielgrzymowania. A dopiero co wyruszali ze swoich Parafii. Jak ten czas szybko up\u0142yn\u0105\u0142\u2026 <\/span><\/span><\/span><\/p>\n<p align=\"justify\"><span style=\"color: #000000;\"><span style=\"font-family: Book Antiqua, serif;\"><span style=\"font-size: large;\">Moi Drodzy, w wielu naszych Parafiach dzisiaj odb\u0119d\u0105 si\u0119 nabo\u017ce\u0144stwa fatimskie. We\u017amy w nich udzia\u0142 \u2013 o ile to tylko mo\u017cliwe.<\/span><\/span><\/span><\/p>\n<p align=\"justify\"><span style=\"color: #000000;\"><span style=\"font-size: large;\"><span style=\"font-family: Book Antiqua, serif;\">A teraz ju\u017c zapraszam do pochylenia si\u0119 nad Bo\u017cym s\u0142owem dzisiejszej liturgii. <\/span><span style=\"font-family: Book Antiqua, serif;\">Oto s\u0142\u00f3wko Ksi\u0119dza Marka na dzi\u015b:<\/span><\/span><\/span><\/p>\n<p align=\"justify\"><span style=\"color: #000000;\"><span style=\"font-family: Book Antiqua, serif;\"><span style=\"font-size: medium;\"><a href=\"https:\/\/www.youtube.com\/c\/CatholicSurgut\"><span style=\"font-size: large;\"><span lang=\"zxx\"><u><b>https:\/\/www.youtube.com\/c\/CatholicSurgut<\/b><\/u><\/span><\/span><\/a><\/span><\/span><\/span><\/p>\n<p align=\"justify\"><span style=\"color: #000000;\"><span style=\"font-family: Book Antiqua, serif;\"><span style=\"font-size: large;\"><span lang=\"zxx\">Zatem, <\/span><span lang=\"zxx\"><b>co dzi\u015b m\u00f3wi do mnie Pan? Z jakim bardzo konkretnym i osobistym przes\u0142aniem zwraca si\u0119 w\u0142a\u015bnie do mnie?<\/b><\/span><span lang=\"zxx\"> Duchu \u015awi\u0119ty, podpowiedz&#8230; <\/span><\/span><\/span><\/span><\/p>\n<p align=\"justify\"><span style=\"color: #000000;\"><span style=\"font-family: Book Antiqua, serif;\"><span style=\"font-size: large;\"><b>Niech Was b\u0142ogos\u0142awi B\u00f3g Wszechmog\u0105cy: Ojciec + i Syn, i Duch \u015awi\u0119ty. Amen<\/b><\/span><\/span><\/span><\/p>\n<p align=\"center\"><span style=\"color: #000000;\"><span style=\"font-family: Book Antiqua, serif;\"><span style=\"font-size: large;\">Gaudium et spes! Ks. Jacek<\/span><\/span><\/span><\/p>\n<p align=\"center\">\n<p align=\"center\">\n<p align=\"center\">\n<p align=\"center\">\n<p align=\"center\">\n<p align=\"justify\"><span style=\"color: #000000;\"><span style=\"font-family: Book Antiqua, serif;\"><span style=\"font-size: large;\"><b>19 Niedziela zwyk\u0142a, A,<\/b><\/span><\/span><\/span><\/p>\n<p align=\"justify\"><span style=\"color: #000000;\"><span style=\"font-family: Book Antiqua, serif;\"><span style=\"font-size: large;\"><b>Uroczysto\u015bci Koronacyjne Obrazu Matki Bo\u017cej,<\/b><\/span><\/span><\/span><\/p>\n<p align=\"justify\"><span style=\"color: #000000;\"><span style=\"font-family: Book Antiqua, serif;\"><span style=\"font-size: large;\"><b>13 sierpnia 2023.,<\/b><\/span><\/span><\/span><\/p>\n<p align=\"justify\"><span style=\"color: #000000;\"><span style=\"font-family: Book Antiqua, serif;\"><span style=\"font-size: large;\"><b>do czyta\u0144: 1 Krl 19,9a.11\u201313; Rz 9,1\u20135; Mt 14,22\u201333<\/b><\/span><\/span><\/span><\/p>\n<p align=\"justify\">\n<p align=\"justify\">\n<p align=\"justify\">\n<p align=\"justify\">\n<p align=\"justify\">\n<p align=\"justify\"><span style=\"color: #000000;\"><span style=\"font-family: Book Antiqua, serif;\"><span style=\"font-size: large;\"><b>CZYTANIE Z PIERWSZEJ KSI\u0118GI KR\u00d3LEWSKIEJ: <\/b><\/span><\/span><\/span><\/p>\n<p align=\"justify\"><span style=\"color: #000000;\"><span style=\"font-family: Book Antiqua, serif;\"><span style=\"font-size: large;\"><b>Gdy Eliasz przyby\u0142 do Bo\u017cej g\u00f3ry Horeb, wszed\u0142 do pewnej groty, gdzie przenocowa\u0142. Wtedy Pan zwr\u00f3ci\u0142 si\u0119 do niego i przem\u00f3wi\u0142 s\u0142owami: \u201eWyjd\u017a, aby stan\u0105\u0107 na g\u00f3rze wobec Pana\u201d. <\/b><\/span><\/span><\/span><\/p>\n<p align=\"justify\"><span style=\"color: #000000;\"><span style=\"font-family: Book Antiqua, serif;\"><span style=\"font-size: large;\"><b>A oto Pan przechodzi\u0142. Gwa\u0142towna wichura rozwalaj\u0105ca g\u00f3ry i druzgoc\u0105ca ska\u0142y sz\u0142a przed Panem. Ale Pan nie by\u0142 w wichurze. A po wichurze trz\u0119sienie ziemi: Pan nie by\u0142 w trz\u0119sieniu ziemi. Po trz\u0119sieniu ziemi powsta\u0142 ogie\u0144: Pan nie by\u0142 w ogniu. A po tym ogniu szmer \u0142agodnego powiewu. Kiedy tylko Eliasz go us\u0142ysza\u0142, zas\u0142oniwszy twarz p\u0142aszczem, wyszed\u0142 i stan\u0105\u0142 przy wej\u015bciu do groty.<\/b><\/span><\/span><\/span><\/p>\n<p align=\"justify\">\n<p align=\"justify\">\n<p align=\"justify\">\n<p align=\"justify\">\n<p align=\"justify\">\n<p align=\"justify\"><span style=\"color: #000000;\"><span style=\"font-family: Book Antiqua, serif;\"><span style=\"font-size: large;\"><b>CZYTANIE Z LISTU \u015aWI\u0118TEGO PAW\u0141A APOSTO\u0141A DO RZYMIAN: <\/b><\/span><\/span><\/span><\/p>\n<p align=\"justify\"><span style=\"color: #000000;\"><span style=\"font-family: Book Antiqua, serif;\"><span style=\"font-size: large;\"><b>Bracia: Prawd\u0119 m\u00f3wi\u0119 w Chrystusie, nie k\u0142ami\u0119, potwierdza mi to moje sumienie w Duchu \u015awi\u0119tym, \u017ce w sercu swoim odczuwam wielki smutek i nieprzerwany b\u00f3l. <\/b><\/span><\/span><\/span><\/p>\n<p align=\"justify\"><span style=\"color: #000000;\"><span style=\"font-family: Book Antiqua, serif;\"><span style=\"font-size: large;\"><b>Wola\u0142bym bowiem sam by\u0107 pod kl\u0105tw\u0105 i od\u0142\u0105czonym od Chrystusa dla zbawienia braci moich, kt\u00f3rzy wed\u0142ug cia\u0142a s\u0105 moimi rodakami. S\u0105 to Izraelici, do kt\u00f3rych nale\u017c\u0105 przybrane synostwo i chwa\u0142a, przymierza i nadanie Prawa, pe\u0142nienie s\u0142u\u017cby Bo\u017cej i obietnice. Do nich nale\u017c\u0105 praojcowie, z nich r\u00f3wnie\u017c jest Chrystus wed\u0142ug cia\u0142a, kt\u00f3ry jest ponad wszystkim, B\u00f3g b\u0142ogos\u0142awiony na wieki. Amen.<\/b><\/span><\/span><\/span><\/p>\n<p align=\"justify\">\n<p align=\"justify\">\n<p align=\"justify\">\n<p align=\"justify\">\n<p align=\"justify\">\n<p align=\"justify\"><span style=\"color: #000000;\"><span style=\"font-family: Book Antiqua, serif;\"><span style=\"font-size: large;\"><b>S\u0141OWA EWANGELII WED\u0141UG \u015aWI\u0118TEGO MATEUSZA:<\/b><\/span><\/span><\/span><\/p>\n<p align=\"justify\"><span style=\"color: #000000;\"><span style=\"font-family: Book Antiqua, serif;\"><span style=\"font-size: large;\"><b>Gdy t\u0142um zosta\u0142 nasycony, zaraz Jezus przynagli\u0142 uczni\u00f3w, \u017ceby wsiedli do \u0142odzi i wyprzedzili Go na drugi brzeg, zanim odprawi t\u0142umy. Gdy to uczyni\u0142, wyszed\u0142 sam jeden na g\u00f3r\u0119, aby si\u0119 modli\u0107. Wiecz\u00f3r zapad\u0142, a On sam tam przebywa\u0142. <\/b><\/span><\/span><\/span><\/p>\n<p align=\"justify\"><span style=\"color: #000000;\"><span style=\"font-family: Book Antiqua, serif;\"><span style=\"font-size: large;\"><b>\u0141\u00f3d\u017a za\u015b by\u0142a ju\u017c sporo stadi\u00f3w oddalona od brzegu, miotana falami, bo wiatr by\u0142 przeciwny. Lecz o czwartej stra\u017cy nocnej przyszed\u0142 do nich, krocz\u0105c po jeziorze. Uczniowie, zobaczywszy Go krocz\u0105cego po jeziorze, zl\u0119kli si\u0119, my\u015bl\u0105c, \u017ce to zjawa, i ze strachu krzykn\u0119li. <\/b><\/span><\/span><\/span><\/p>\n<p align=\"justify\"><span style=\"color: #000000;\"><span style=\"font-family: Book Antiqua, serif;\"><span style=\"font-size: large;\"><b>Jezus zaraz przem\u00f3wi\u0142 do nich: \u201eOdwagi, Ja jestem, nie b\u00f3jcie si\u0119\u201d. <\/b><\/span><\/span><\/span><\/p>\n<p align=\"justify\"><span style=\"color: #000000;\"><span style=\"font-family: Book Antiqua, serif;\"><span style=\"font-size: large;\"><b>Na to odezwa\u0142 si\u0119 Piotr: \u201ePanie, je\u015bli to Ty jeste\u015b, ka\u017c mi przyj\u015b\u0107 do siebie po wodzie\u201d. <\/b><\/span><\/span><\/span><\/p>\n<p align=\"justify\"><span style=\"color: #000000;\"><span style=\"font-family: Book Antiqua, serif;\"><span style=\"font-size: large;\"><b>A On rzek\u0142: \u201ePrzyjd\u017a\u201d. <\/b><\/span><\/span><\/span><\/p>\n<p align=\"justify\"><span style=\"color: #000000;\"><span style=\"font-family: Book Antiqua, serif;\"><span style=\"font-size: large;\"><b>Piotr wyszed\u0142 z \u0142odzi i krocz\u0105c po wodzie przyszed\u0142 do Jezusa. Lecz na widok silnego wiatru ul\u0105k\u0142 si\u0119 i gdy zacz\u0105\u0142 ton\u0105\u0107, krzykn\u0105\u0142: \u201ePanie, ratuj mnie\u201d. <\/b><\/span><\/span><\/span><\/p>\n<p align=\"justify\"><span style=\"color: #000000;\"><span style=\"font-family: Book Antiqua, serif;\"><span style=\"font-size: large;\"><b>Jezus natychmiast wyci\u0105gn\u0105\u0142 r\u0119k\u0119 i chwyci\u0142 go m\u00f3wi\u0105c: \u201eCzemu zw\u0105tpi\u0142e\u015b, ma\u0142ej wiary?\u201d Gdy wsiedli do \u0142odzi, wiatr si\u0119 uciszy\u0142. <\/b><\/span><\/span><\/span><\/p>\n<p align=\"justify\"><span style=\"color: #000000;\"><span style=\"font-family: Book Antiqua, serif;\"><span style=\"font-size: large;\"><b>Ci za\u015b, kt\u00f3rzy byli w \u0142odzi, upadli przed Nim, m\u00f3wi\u0105c: \u201ePrawdziwie jeste\u015b Synem Bo\u017cym\u201d.<\/b><\/span><\/span><\/span><\/p>\n<p align=\"justify\">\n<p align=\"justify\">\n<p align=\"justify\">\n<p align=\"justify\">\n<p align=\"justify\">\n<p align=\"justify\"><span style=\"color: #000000;\"><span style=\"font-family: Book Antiqua, serif;\"><span style=\"font-size: large;\">B\u00f3g m\u00f3wi dzi\u015b do Eliasza: <i><b>Wyjd\u017a, aby stan\u0105\u0107 na g\u00f3rze wobec Pana. <\/b><\/i>Pi\u0119kne zdanie \u2013 samo jedno mo\u017ce by\u0107 tematem ca\u0142ej homilii i to nawet niekoniecznie kr\u00f3tkiej, bo tu <b>ka\u017cde s\u0142owo co\u015b znaczy,<\/b> ka\u017cde niesie jak\u0105\u015b tre\u015b\u0107, a wszystkie razem<b> uk\u0142adaj\u0105 si\u0119 w mocne przes\u0142anie: <\/b>Cz\u0142owieku, wyjd\u017a ze swojej cha\u0142upki, wyjd\u017a ze swojej skorupki, ze swoich ciasnych czterech \u015bcian, a wi\u0119c porzu\u0107 sw\u00f3j komfort, jaki sobie stworzy\u0142e\u015b, porzu\u0107 to wszystko, czym do tej pory \u017cy\u0142e\u015b \u2013 <b>i wyjd\u017a na spotkanie Pana!<\/b> <\/span><\/span><\/span><\/p>\n<p align=\"justify\"><span style=\"color: #000000;\"><span style=\"font-family: Book Antiqua, serif;\"><span style=\"font-size: large;\">Wyjd\u017a, aby wobec Niego stan\u0105\u0107, a je\u017celi przed Nim stan\u0105\u0107, to znaczy \u2013 <b>okaza\u0107 Mu swoj\u0105 gotowo\u015b\u0107, <\/b>by\u0107 do Jego dyspozycji, odda\u0107 si\u0119 Mu na s\u0142u\u017cb\u0119. W tym celu cz\u0142owiek ma <b>wej\u015b\u0107 na g\u00f3r\u0119,<\/b> bo to tam w\u0142a\u015bnie wzywa go B\u00f3g. I Eliasz tak w\u0142a\u015bnie uczyni\u0142, <b>spodziewaj\u0105c si\u0119 mo\u017ce trz\u0119sienia ziemi, <\/b>mo\u017ce ognistych wybuch\u00f3w lub grom\u00f3w, a mo\u017ce pot\u0119\u017cnych wichur\u2026 To wszystko zreszt\u0105 mia\u0142o miejsce \u2013 jedno po drugim \u2013 a wi\u0119c: <i><b>g<\/b><\/i><i><b>wa\u0142towna wichura rozwalaj\u0105ca g\u00f3ry i druzgoc\u0105ca ska\u0142y;<\/b><\/i><b> <\/b>a po niej <i><b>trz\u0119sienie ziemi;<\/b><\/i><b> <\/b>a po nim <i><b>ogie\u0144<\/b><\/i><b> \u2013 <\/b>ale \u017cadne z tych zjawisk nie oznacza\u0142o obecno\u015bci Pana. <\/span><\/span><\/span><\/p>\n<p align=\"justify\"><span style=\"color: #000000;\"><span style=\"font-family: Book Antiqua, serif;\"><span style=\"font-size: large;\">Dopiero kiedy pojawi\u0142 si\u0119 <i><b>szmer \u0142agodnego powiewu<\/b><\/i><b> \u2013 <\/b>wtedy <b>do Eliasza przyszed\u0142 Pan\u2026<\/b> W szmerze \u0142agodnego powiewu\u2026 Pan kaza\u0142 Eliaszowi wsta\u0107, ruszy\u0107 si\u0119 z miejsca, wyj\u015b\u0107 Mu na spotkanie \u2013 <b>i <\/b><b>sam <\/b><b>przyszed\u0142 do niego<\/b> w szmerze \u0142agodnego powiewu. <\/span><\/span><\/span><\/p>\n<p align=\"justify\"><span style=\"color: #000000;\"><span style=\"font-family: Book Antiqua, serif;\"><span style=\"font-size: large;\">Piotrowi Jezus <b>kaza\u0142 przyj\u015b\u0107 do siebie<\/b> po wzburzonym jeziorze. Zreszt\u0105, na pro\u015bb\u0119 samego Piotra, kt\u00f3ry zapragn\u0105\u0142 zrobi\u0107 to samo, co robi\u0142 jego Mistrz. A Mistrz \u2013 ni mniej, ni wi\u0119cej \u2013 w\u0142a\u015bnie po tym jeziorze sobie szed\u0142\u2026 Zatem, Piotr \u2013 jak to Piotr \u2013 spontanicznie i prosto z serca: <i><b>Panie, je\u015bli to Ty jeste\u015b, ka\u017c mi przyj\u015b\u0107 do siebie po wodzie.<\/b><\/i><b> <\/b>Bo w pierwszej chwili wcale nie by\u0142o pewne, kto to idzie po tej wodzie\u2026 <i><b>Uczniowie, zobaczywszy Go krocz\u0105cego po jeziorze, zl\u0119kli si\u0119, my\u015bl\u0105c, \u017ce to zjawa, i ze strachu krzykn\u0119li.<\/b><\/i> Na co Jezus powiedzia\u0142 wprost: <i><b>Odwagi, Ja jestem, nie b\u00f3jcie si\u0119! <\/b><\/i><\/span><\/span><\/span><\/p>\n<p align=\"justify\"><span style=\"color: #000000;\"><span style=\"font-family: Book Antiqua, serif;\"><span style=\"font-size: large;\">Ale Piotr wola\u0142 si\u0119 osobi\u015bcie przekona\u0107 \u2013 tak na wszelki wypadek. I przekona\u0142 si\u0119. Bo najpierw<b> <\/b><b>ca\u0142kiem nie\u017ale szed\u0142 po tej<\/b> <b>wodzie.<\/b> Dop\u00f3ki nie zw\u0105tpi\u0142. A wtedy <b>zacz\u0105\u0142 ton\u0105\u0107<\/b> \u2013 tak dos\u0142ownie, bo ca\u0142y zanurzy\u0142 si\u0119 w wodzie, ale i tak moralnie, bo po prostu<b> straci\u0142 zaufanie do Mistrza, <\/b>przestraszy\u0142 si\u0119 fali, zanurzy\u0142 si\u0119 w swoim strachu! Na szcz\u0119\u015bcie, <b>Mistrz by\u0142 blisko i poda\u0142 mu r\u0119k\u0119,<\/b> i wydoby\u0142 go na powierzchni\u0119\u2026 <\/span><\/span><\/span><\/p>\n<p align=\"justify\"><span style=\"color: #000000;\"><span style=\"font-family: Book Antiqua, serif;\"><span style=\"font-size: large;\"><b>I d<\/b><b>osz\u0142o do spotkania. <\/b>Tym razem nie na g\u00f3rze, a na wodzie \u2013 jakby ju\u017c innych, nieco pewniejszych i stabilniejszych miejsc nie by\u0142o\u2026 Natomiast \u2013 podobnie, jak w przypadku Eliasza \u2013 Piotr tak\u017ce <b>musia\u0142 podj\u0105\u0107 pewien wysi\u0142ek, <\/b>aby swego Mistrza spotka\u0107, musia\u0142 wyj\u015b\u0107 z \u0142odzi i ruszy\u0107 <b>w zupe\u0142ne nieznane! <\/b>Chcia\u0142oby si\u0119 powiedzie\u0107, \u017ce po bardzo niepewnym gruncie, gdyby nie to, \u017ce tam <b>\u017cadnego gruntu nie by\u0142o,<\/b> bo by\u0142a woda! <\/span><\/span><\/span><\/p>\n<p align=\"justify\"><span style=\"color: #000000;\"><span style=\"font-family: Book Antiqua, serif;\"><span style=\"font-size: large;\">Natomiast zaraz po tym, jak Piotr spotka\u0142 si\u0119 z Jezusem \u2013 obaj znale\u017ali si\u0119 w \u0142odzi <b>i wiatr si\u0119 natychmiast uciszy\u0142. <\/b>Podobnie, jak w pierwszym czytaniu, w historii spotkania z Bogiem Proroka Eliasza: silna wichura nie by\u0142a znakiem Bo\u017cej obecno\u015bci. <b>Pan nie chcia\u0142 wichury.<\/b> Wola\u0142 cichy<i><b> szmer \u0142agodnego powiewu.<\/b><\/i> I Jezus uciszy\u0142 jezioro \u2013 <b>bo nie chcia\u0142 wichury. <\/b>Chcia\u0142 dla Piotra i pozosta\u0142ych swoich uczni\u00f3w prawdziwego <b>pokoju w sercu<\/b> \u2013 \u017ceby ju\u017c si\u0119 nie bali. \u017beby si\u0119 <b>w og\u00f3le nie bali,<\/b> skoro On jest z nimi. I oby tak\u017ce Eliasz <b>nie czu\u0142 si\u0119 zagro\u017cony<\/b> wichur\u0105, ogniem czy trz\u0119sieniem ziemi, skoro Pan przychodzi do niego w szmerze \u0142agodnego powiewu\u2026 <\/span><\/span><\/span><\/p>\n<p align=\"justify\"><span style=\"color: #000000;\"><span style=\"font-family: Book Antiqua, serif;\"><span style=\"font-size: large;\">Moi Drodzy, jak\u017ce bardzo to dzisiejsze <b>S\u0142owo jest do nas \u2013 i o nas!<\/b> Jak ka\u017cde zreszt\u0105, ale to dzisiejsze dotyka wprost tak wielu sytuacji, kiedy to najr\u00f3\u017cniejsze wichury, trz\u0119sienia ziemi, r\u00f3\u017cne po\u017cary i gromy \u2013 <b>niszcz\u0105 nam pok\u00f3j w sercu,<\/b> niszcz\u0105 wr\u0119cz nas samych: naszego ducha, nasz zapa\u0142 do czynienia dobra i w og\u00f3le ca\u0142e dobro, jakie jest w nas. <b>Niszcz\u0105 to wszystko <\/b>\u2013 a tak naprawd\u0119, to <b>usi\u0142uj\u0105 zniszczy\u0107,<\/b> bo Pan nie pozwala na to. <\/span><\/span><\/span><\/p>\n<p align=\"justify\"><span style=\"color: #000000;\"><span style=\"font-family: Book Antiqua, serif;\"><span style=\"font-size: large;\">On m\u00f3wi do ka\u017cdej i ka\u017cdego z nas tak, jak do Eliasza: <i><b>Wyjd\u017a, aby stan\u0105\u0107 na g\u00f3rze wobec Pana!<\/b><\/i> On m\u00f3wi tak, jak do Piotra: <i><b>Przyjd\u017a! \u201e<\/b><\/i>Tak, przyjd\u017a po tym wzburzonym jeziorze, Ja na Ciebie czekam, Ja Ci pomog\u0119, w razie potrzeby podam r\u0119k\u0119. <b>Ale Ty przyjd\u017a! <\/b>Podobnie, jak Prorok Eliasz \u2013 tak i Ty <i><b>w<\/b><\/i><i><b>yjd\u017a, aby stan\u0105\u0107 na g\u00f3rze wobec Pana.<\/b><\/i> Czyli nie zwa\u017caj na wicher, na ogie\u0144, na trz\u0119sienie ziemi, bo Ja \u2013 Pan \u2013 <b>jestem ponad tym wszystkim!<\/b> Mi to nie przeszkadza w dotarciu do Ciebie, do Twojego serca! I Ty te\u017c si\u0119 nie b\u00f3j i nie daj si\u0119 zastraszy\u0107, <b>nie daj sobie wm\u00f3wi\u0107, <\/b>\u017ce te wszystkie \u017cyciowe wichry i burze s\u0105 nie do pokonania. Ja sam, swoj\u0105 Bosk\u0105 moc\u0105, <b>mog\u0119 je uciszy\u0107!\u201d<\/b><\/span><\/span><\/span><\/p>\n<p align=\"justify\"><span style=\"color: #000000;\"><span style=\"font-family: Book Antiqua, serif;\"><span style=\"font-size: large;\">Tak dzisiaj m\u00f3wi do nas Pan przez te czytania, do kt\u00f3rych si\u0119 odwo\u0142ujemy. I tak m\u00f3wi w drugim dzisiejszym czytaniu tak\u017ce \u015awi\u0119ty Pawe\u0142, <b>kt\u00f3ry nie mo\u017ce zrozumie\u0107,<\/b> <b>ani zaakceptowa\u0107, \u017ce <\/b><b>j<\/b><b>ego nar\u00f3d nie uwierzy\u0142 w Jezusa,<\/b> nie chce uzna\u0107 w Nim zapowiedzianego i oczekiwanego Mesjasza. Tak bardzo Aposto\u0142 pragn\u0105\u0142by, aby jego nar\u00f3d <b>wyszed\u0142 na spotkanie z Panem,<\/b> <b>aby si\u0119 wzni\u00f3s\u0142<\/b> ponad wszystkie fale uprzedze\u0144 i w\u0105tpliwo\u015bci, a niekiedy wr\u0119cz wrogo\u015bci do Jezusa \u2013 i przyj\u0105\u0142 Go, uwierzy\u0142 w Niego. <\/span><\/span><\/span><\/p>\n<p align=\"justify\"><span style=\"color: #000000;\"><span style=\"font-family: Book Antiqua, serif;\"><span style=\"font-size: large;\">Aby us\u0142ysza\u0142 te s\u0142owa, kt\u00f3re Jezus dzi\u015b wypowiedzia\u0142 do Aposto\u0142\u00f3w: <i><b>Odwagi, Ja jestem, nie b\u00f3jcie si\u0119!<\/b><\/i><b> <\/b>Zauwa\u017cmy, \u017ce ten zwrot: <i><b>Ja jestem<\/b><\/i> \u2013 nie jest jedynie wskazaniem, <b>\u017ce On, Jezus, <\/b><b>fizycznie <\/b><b>tu jest i im pomo\u017ce.<\/b> To jest starotestamentalne imi\u0119 Boga <b>JAHWE<\/b> \u2013<b> JA JESTEM KT\u00d3RY JESTEM!<\/b> I zauwa\u017cmy, \u017ce Jezus wypowiada je w\u0142a\u015bnie w tym momencie \u2013 w momencie zagro\u017cenia dla \u017cycia Aposto\u0142\u00f3w, zagro\u017cenia fizycznego, w postaci wichury. W\u0142a\u015bnie w tej sytuacji Jezus m\u00f3wi im, <b>\u017ce fizycznie przy nich jest,<\/b> ale te\u017c \u2013 o wiele bardziej i przede wszystkim \u2013 m\u00f3wi im, <b>\u017ce jest ich Bogiem. <\/b>Czyli, \u017ce <b>jest z nimi \u2013 jako ich B\u00f3g!<\/b><\/span><\/span><\/span><\/p>\n<p align=\"justify\"><span style=\"color: #000000;\"><span style=\"font-family: Book Antiqua, serif;\"><span style=\"font-size: large;\">I chyba ten przekaz do nich dotar\u0142, skoro ostatnie zdanie dzisiejszej Ewangelii informuje nas, \u017ce <i><b>ci<\/b><\/i><b> [\u2026], <\/b><i><b>kt\u00f3rzy byli w \u0142odzi, upadli przed Nim, m\u00f3wi\u0105c: \u201ePrawdziwie jeste\u015b Synem Bo\u017cym\u201d.<\/b><\/i><b> <\/b>Do ich serc dotar\u0142o owo: <b>JA JESTEM.<\/b> Do serc ich rodak\u00f3w \u2013 w\u0142a\u015bciwie, to a\u017c po dzisiejsze czasy \u2013 <b>niestety, nie dotar\u0142o. <\/b>Nie rozpoznali w Jezusie Syna Bo\u017cego i zapowiedzianego Mesjasza. <\/span><\/span><\/span><\/p>\n<p align=\"justify\"><span style=\"color: #000000;\"><span style=\"font-family: Book Antiqua, serif;\"><span style=\"font-size: large;\">Nad tym bardzo boleje \u015awi\u0119ty Pawe\u0142, wyra\u017caj\u0105c ten b\u00f3l w s\u0142owach niezwykle dramatycznych \u2013 \u017ceby nie powiedzie\u0107: <b>absurdalnych! <\/b>M\u00f3wi bowiem: <i><b>Wola\u0142bym bowiem sam by\u0107 pod kl\u0105tw\u0105 i od\u0142\u0105czonym od Chrystusa dla zbawienia braci moich, kt\u00f3rzy wed\u0142ug cia\u0142a s\u0105 moimi rodakami.<\/b><\/i><b> <\/b>Oczywi\u015bcie, rozumiemy, \u017ce \u015awi\u0119ty Pawe\u0142 wcale tego nie chce i wcale tak naprawd\u0119 nie my\u015bli. Bo o ile mo\u017cna <i><b>dla zbawienia <\/b><\/i><i><b>braci<\/b><\/i> po\u015bwi\u0119ci\u0107 swoje \u017cycie doczesne w akcie dobrowolnego m\u0119cze\u0144stwa, o tyle <b>nie mo\u017cna po\u015bwi\u0119ca\u0107 swego \u017cycia wiecznego!<\/b> Jak\u017ce to zreszt\u0105 mia\u0142oby wygl\u0105da\u0107: rodacy Paw\u0142a znajduj\u0105 si\u0119 ostatecznie w Niebie, a on \u2013 w piekle? Przecie\u017c to zupe\u0142nie bez sensu! <b>I Jezus wcale tego nie chce!<\/b> Od nikogo z nas! <\/span><\/span><\/span><\/p>\n<p align=\"justify\"><span style=\"color: #000000;\"><span style=\"font-family: Book Antiqua, serif;\"><span style=\"font-size: large;\">Wprost przeciwnie, ka\u017cdy z nas ma ca\u0142ym sercem i ca\u0142ym swoim wysi\u0142kiem <b>zabiega\u0107 o swoje zbawienie. <\/b>Natomiast Pawe\u0142 w ten spos\u00f3b \u2013 w ten dramatyczny spos\u00f3b \u2013 pokaza\u0142, <b>jak bardzo mu zale\u017cy na dobru swoich rodak\u00f3w. <\/b>Musz\u0105 oni jedynie wzi\u0105\u0107 sobie do serca Jezusowe: <b>JA JESTEM! <\/b>Podobnie, jak i my wszyscy \u2013 oby\u015bmy tak\u017ce te Jezusowe s\u0142owa mocno zapisali w sercu i rozumieli je w \u00f3w podw\u00f3jny spos\u00f3b: \u017ce <b>Jezus jest tutaj,<\/b> jest z nami, jest w ka\u017cdej chwili naszego \u017cycia, na krok od nas nie odst\u0119puje \u2013 <b>i \u017ce jest Bogiem. JA JESTEM \u2013 JESTEM, KT\u00d3RY JESTEM.<\/b> <\/span><\/span><\/span><\/p>\n<p align=\"justify\"><span style=\"color: #000000;\"><span style=\"font-family: Book Antiqua, serif;\"><span style=\"font-size: large;\">O tym nigdy nie mo\u017cemy zapomina\u0107 \u2013 szczeg\u00f3lnie wtedy, kiedy r\u00f3\u017cne \u017cyciowe zawirowania b\u0119d\u0105 nas n\u0119ka\u0107, a wzburzone \u017cyciowe fale b\u0119d\u0105 w nas uderza\u0107. Pami\u0119tajmy: <b>Jezus jest ponad tym wszystkim!<\/b> Jemu nie s\u0105 straszne \u017cadne burze i wichury! On je wszystkie potrafi uciszy\u0107! Bo <b>On nie chce dla nas \u017cadnych burz i zawirowa\u0144<\/b> \u2013 wprost przeciwnie: On chce obdarza\u0107 nasze serca pokojem. <b>Trwa\u0142ym i mocnym pokojem,<\/b> a wi\u0119c czym\u015b wi\u0119cej, ni\u017c chwilowy tak zwany \u201e\u015bwi\u0119ty spok\u00f3j\u201d\u2026 <\/span><\/span><\/span><\/p>\n<p align=\"justify\"><span style=\"color: #000000;\"><span style=\"font-family: Book Antiqua, serif;\"><span style=\"font-size: large;\">On chce prawdziwej r\u00f3wnowagi naszego serca. Tylko <b>odwa\u017cmy si\u0119 zaufa\u0107 Mu bez zastrze\u017ce\u0144! <\/b>Odwa\u017cmy si\u0119 \u2013 jak Prorok Eliasz \u2013 <b>[<\/b><b>wyj\u015b\u0107<\/b><b>]<\/b><b>,<\/b> <i><b>aby stan\u0105\u0107 na g\u00f3rze <\/b><\/i><i><b>wobec<\/b><\/i><i><b> Pan<\/b><\/i><i><b>a<\/b><\/i><i><b>.<\/b><\/i> Odwa\u017cmy si\u0119 \u2013 jak Piotr \u2013 <b>p\u00f3j\u015b\u0107 do Niego, nawet po wzburzonych falach<\/b> naszego \u017cycia. Tylko <b>patrzmy na Jezusa, a nie na fale,<\/b> bo wtedy \u0142atwo ulegniemy przera\u017ceniu, albo zniech\u0119ceniu. <\/span><\/span><\/span><\/p>\n<p align=\"justify\"><span style=\"color: #000000;\"><span style=\"font-family: Book Antiqua, serif;\"><span style=\"font-size: large;\">Patrzmy na Jezusa i bierzmy sobie g\u0142\u0119boko do serca te Jego niezwyk\u0142e i jak\u017ce pocieszaj\u0105ce, jak\u017ce stawiaj\u0105ce do pionu s\u0142owa: <i><b>Odwagi, Ja jestem, nie b\u00f3jcie si\u0119!<\/b><\/i><b> <\/b>Jak\u017ce nam dzisiaj tych s\u0142\u00f3w potrzeba \u2013 jak\u017ce s\u0105 one aktualne, na nasze czasy! <\/span><\/span><\/span><\/p>\n<p align=\"justify\"><span style=\"color: #000000;\"><span style=\"font-family: Book Antiqua, serif;\"><span style=\"font-size: large;\">Po to, by je us\u0142ysze\u0107, udajemy si\u0119 \u2013 oby jak najcz\u0119\u015bciej, a w tych dniach szczeg\u00f3lnie \u2013 do <b>Sanktuarium Matki Bo\u017cej Kode\u0144skiej.<\/b> To taka nasza duchowa G\u00f3ra, na kt\u00f3rej spotykamy Jezusa. Tutaj te s\u0142owa Jezusa: <i><b>Odwagi, Ja jestem, nie b\u00f3jcie si\u0119!<\/b><\/i><b> \u2013 <\/b>zdaj\u0105 si\u0119 brzmie\u0107 jeszcze mocniej i jeszcze wyra\u017aniej, kiedy <b>wraz z Jezusem wypowiada je Jego Matka. <\/b>I to Ona nam m\u00f3wi: \u201eOdwagi, <b>tu jest Jezus, <\/b>m\u00f3j Syn \u2013 nie b\u00f3jcie si\u0119! <b>Odwagi, bo i ja tu jestem \u2013 ja, Wasza Matka <\/b>\u2013 aby Wasze problemy, dylematy i sprawy zanosi\u0107 przed Jego Tron. Nie b\u00f3jcie si\u0119, tylko przychod\u017acie tutaj \u2013 do mnie i do mojego Syna!\u201d <\/span><\/span><\/span><\/p>\n<p align=\"justify\"><span style=\"color: #000000;\"><span style=\"font-family: Book Antiqua, serif;\"><span style=\"font-size: large;\">I tak w\u0142a\u015bnie robimy \u2013 przychodzimy tutaj. A dok\u0142adniej, to <b>przyp\u0142ywamy \u2013 na wzburzonych falach naszego \u017cycia,<\/b> gnani wichurami i wiatrami, paleni ogniem codziennych problem\u00f3w, kt\u00f3re nas gn\u0119bi\u0105 i m\u0119cz\u0105, kt\u00f3re nam <b>spa\u0107 spokojnie nie daj\u0105,<\/b> kt\u00f3re nam <b>\u017cy\u0107 <\/b><b>normalnie <\/b><b>nie daj\u0105; <\/b>kt\u00f3re sprawiaj\u0105, \u017ce nam w\u0142a\u015bciwie to ju\u017c nieraz nie chce si\u0119 \u017cy\u0107\u2026 Przychodzimy, przyp\u0142ywamy \u2013 po prostu: przybywamy tutaj, w poszukiwaniu nadziei, wsparcia, \u015bwiat\u0142a na drog\u0119\u2026 <\/span><\/span><\/span><\/p>\n<p align=\"justify\"><span style=\"color: #000000;\"><span style=\"font-family: Book Antiqua, serif;\"><span style=\"font-size: large;\">A Ona \u2013 wraz ze swym Synem \u2013 <b>przywdziewa nowe Korony,<\/b> aby ich blask ja\u015bnia\u0142 mocno, <b>niczym blask latarni w g\u0119stych mrokach nocy<\/b> i by\u0142 dla nas przypomnieniem, i\u017c to tutaj w\u0142a\u015bnie, w Domu Matki i Jej Syna, na tej \u015bwi\u0119tej duchowej G\u00f3rze, znajdziemy to wszystko, czego tak bardzo potrzebujemy, na drogach naszego \u017cycia doczesnego, prowadz\u0105cych do \u017cycia wiecznego. <\/span><\/span><\/span><\/p>\n<p align=\"justify\"><span style=\"color: #000000;\"><span style=\"font-family: Book Antiqua, serif;\"><span style=\"font-size: large;\">I w\u0142a\u015bnie ja\u015bniej\u0105cy z daleka <b>mocny blask <\/b><b>n<\/b><b>owych <\/b><b>K<\/b><b>oron \u2013<\/b> nie ze wzgl\u0119du na ich zewn\u0119trzne pi\u0119kno, chocia\u017c faktyczne, ale ze wzgl\u0119du <b>na ich duchowe znaczenie <\/b>\u2013 staje si\u0119 dla nas rzeczywistym, mocnym <b>znakiem i drogowskazem, <\/b>dok\u0105d mamy pod\u0105\u017ca\u0107. Dok\u0105d? <\/span><\/span><\/span><\/p>\n<p align=\"justify\"><span style=\"color: #000000;\"><span style=\"font-family: Book Antiqua, serif;\"><span style=\"font-size: large;\"><b>Do Jezusa! I tylko do Niego!<\/b> Nawet po najbardziej wzburzonych falach naszego \u017cycia \u2013 ale do Jezusa i tylko w Niego wpatrzeni! Bez obaw, \u017ce fale za wielkie, czy wiatr za silny. To wszystko niewa\u017cne, je\u017celi sam Jezus m\u00f3wi: <i><b>Przyjd\u017a! <\/b><\/i>\u2013 i podaje r\u0119k\u0119, a w razie problem\u00f3w z utrzymaniem si\u0119 na powierzchni sam wyci\u0105ga z topieli. On m\u00f3wi: <i><b>P<\/b><\/i><i><b>rzyjd\u017a! <\/b><\/i>I On tak\u017ce m\u00f3wi zawsze, a w Sanktuarium Kode\u0144skim m\u00f3wi to przez swoj\u0105 Matk\u0119: <i><b>Odwagi, Ja jestem, nie b\u00f3jcie si\u0119!<\/b><\/i><\/span><\/span><\/span><\/p>\n<p align=\"justify\">\n<p align=\"justify\">\n<p align=\"justify\">\n<p align=\"justify\">\n<p align=\"justify\">\n<p align=\"center\"><span style=\"color: #000000;\"><span style=\"font-size: large;\"><span style=\"font-family: Book Antiqua, serif;\"><b>PROGRAM UROCZYSTO\u015aCI <\/b><\/span><span style=\"font-family: Book Antiqua, serif;\"><b>KORONACYJNYCH<\/b><\/span><b> <\/b><span style=\"font-family: Book Antiqua, serif;\"><b>W KODNIU<\/b><\/span><\/span><\/span><\/p>\n<p align=\"center\">\n<p align=\"center\">\n<p align=\"center\">\n<p align=\"center\">\n<p align=\"center\">\n<p align=\"center\"><span style=\"font-family: Book Antiqua, serif;\"><strong><span style=\"color: #000000;\"><span style=\"font-size: large;\"><u><b>13 <\/b><\/u><\/span><\/span><\/strong><strong><span style=\"color: #000000;\"><span style=\"font-size: large;\"><u><b>sierpni<\/b><\/u><\/span><\/span><\/strong><strong><span style=\"color: #000000;\"><span style=\"font-size: large;\"><u>a <\/u><\/span><\/span><\/strong><strong><span style=\"color: #000000;\"><span style=\"font-size: large;\"><u><b>2023. \u2013 niedziela<\/b><\/u><\/span><\/span><\/strong><\/span><\/p>\n<p align=\"justify\"><span style=\"color: #000000;\"><span style=\"font-family: Book Antiqua, serif;\"><span style=\"font-size: large;\"><b>8:00 \u2013 <\/b>Msza \u015awi\u0119ta w Bazylice<\/span><\/span><\/span><\/p>\n<p align=\"justify\"><span style=\"color: #000000;\"><span style=\"font-family: Book Antiqua, serif;\"><span style=\"font-size: large;\"><b>10:00<\/b> \u2013 Msza \u015awi\u0119ta w Bazylice \u2013 transmitowana przez TVP Lublin<\/span><\/span><\/span><\/p>\n<p align=\"justify\"><span style=\"color: #000000;\"><span style=\"font-family: Book Antiqua, serif;\"><span style=\"font-size: large;\"><b>10:30 <\/b>\u2013 Msza \u015awi\u0119ta w Ko\u015bciele Ducha \u015awi\u0119tego<\/span><\/span><\/span><\/p>\n<p align=\"justify\"><span style=\"color: #000000;\"><span style=\"font-family: Book Antiqua, serif;\"><span style=\"font-size: large;\"><b>11:00 \u2013 <\/b>Powitanie przed Bazylik\u0105 Konnej Pielgrzymki w ho\u0142dzie Kawalerii Rzeczpospolitej<\/span><\/span><\/span><\/p>\n<p align=\"justify\"><span style=\"color: #000000;\"><span style=\"font-family: Book Antiqua, serif;\"><span style=\"font-size: large;\"><b>11:30<\/b> \u2013 Powitanie Legata Papieskiego<\/span><\/span><\/span><\/p>\n<p align=\"justify\"><span style=\"color: #000000;\"><span style=\"font-family: Book Antiqua, serif;\"><span style=\"font-size: large;\"><b>12:00<\/b> \u2013 Msza \u015awi\u0119ta pod przewodnictwem Legata w Bazylice<\/span><\/span><\/span><\/p>\n<p align=\"justify\"><span style=\"color: #000000;\"><span style=\"font-family: Book Antiqua, serif;\"><span style=\"font-size: large;\"><b>16:00 <\/b>\u2013 Ods\u0142oni\u0119cie pomnika Powsta\u0144c\u00f3w Styczniowych na pami\u0105tk\u0119 zwyci\u0119skiej bitwy w Kodniu<\/span><\/span><\/span><\/p>\n<p align=\"justify\"><span style=\"color: #000000;\"><span style=\"font-family: Book Antiqua, serif;\"><span style=\"font-size: large;\"><b>17:00 <\/b>\u2013 Oratorium ku czci Matki Bo\u017cej Kode\u0144skiej w Bazylice w wykonaniu Filharmonii Lubelskiej<\/span><\/span><\/span><\/p>\n<p align=\"justify\"><span style=\"color: #000000;\"><span style=\"font-family: Book Antiqua, serif;\"><span style=\"font-size: large;\"><b>18:30 <\/b>\u2013 Msza \u015awi\u0119ta w Ko\u015bciele Ducha \u015awi\u0119tego<\/span><\/span><\/span><\/p>\n<p align=\"justify\">\n<p align=\"justify\">\n<p align=\"justify\">\n<p align=\"justify\">\n<p align=\"justify\">\n<p align=\"center\"><strong><span style=\"color: #000000;\"><span style=\"font-family: Book Antiqua, serif;\"><span style=\"font-size: large;\"><u><b>14 <\/b><\/u><\/span><\/span><\/span><\/strong><strong><span style=\"color: #000000;\"><span style=\"font-family: Book Antiqua, serif;\"><span style=\"font-size: large;\"><u><b>sierpnia <\/b><\/u><\/span><\/span><\/span><\/strong><strong><span style=\"color: #000000;\"><span style=\"font-family: Book Antiqua, serif;\"><span style=\"font-size: large;\"><u><b>2023. \u2013 poniedzia\u0142ek<\/b><\/u><\/span><\/span><\/span><\/strong><\/p>\n<p align=\"justify\"><span style=\"color: #000000;\"><span style=\"font-family: Book Antiqua, serif;\"><span style=\"font-size: large;\"><b>12:00<\/b> \u2013 Msza \u015awi\u0119ta na rozpocz\u0119cie Uroczysto\u015bci (Bazylika) \u2013 Bp Kazimierz Gurda<\/span><\/span><\/span><\/p>\n<p align=\"justify\"><span style=\"color: #000000;\"><span style=\"font-family: Book Antiqua, serif;\"><span style=\"font-size: large;\"><b>16:00<\/b> \u2013 Droga krzy\u017cowa (Kalwaria)<\/span><\/span><\/span><\/p>\n<p align=\"justify\"><span style=\"color: #000000;\"><span style=\"font-family: Book Antiqua, serif;\"><span style=\"font-size: large;\"><b>16:30<\/b> \u2013 I Nieszpory z Uroczysto\u015bci Wniebowzi\u0119cia (Bazylika)<\/span><\/span><\/span><\/p>\n<p align=\"justify\"><span style=\"color: #000000;\"><span style=\"font-family: Book Antiqua, serif;\"><span style=\"font-size: large;\"><b>17:<\/b><b>30<\/b><b> <\/b>\u2013 Procesja Maryjna z Bazyliki na Kalwari\u0119<\/span><\/span><\/span><\/p>\n<p align=\"justify\"><span style=\"color: #000000;\"><span style=\"font-family: Book Antiqua, serif;\"><span style=\"font-size: large;\"><b>18:00<\/b> \u2013 Msza \u015awi\u0119ta (Kalwaria) \u2013 Abp Mieczys\u0142aw Mokrzycki; oprawa muzyczna \u2013 Ch\u00f3r ch\u0142opi\u0119cy \u201ePozna\u0144skie S\u0142owiki\u201d<\/span><\/span><\/span><\/p>\n<p align=\"justify\"><span style=\"color: #000000;\"><span style=\"font-family: Book Antiqua, serif;\"><span style=\"font-size: large;\"><b>20:00<\/b> \u2013 Procesja r\u00f3\u017ca\u0144cowa ze \u015bwiecami (Kalwaria)<\/span><\/span><\/span><\/p>\n<p align=\"justify\"><span style=\"color: #000000;\"><span style=\"font-family: Book Antiqua, serif;\"><span style=\"font-size: large;\"><b>21:00 <\/b>\u2013 Apel Maryjny Podlasia (Kalwaria)<\/span><\/span><\/span><\/p>\n<p align=\"justify\"><span style=\"color: #000000;\"><span style=\"font-family: Book Antiqua, serif;\"><span style=\"font-size: large;\"><b>21:<\/b><b>30<\/b> \u2013 Modlitwa i koncert \u201eSiewcy Lednicy\u201d (Kalwaria)<\/span><\/span><\/span><\/p>\n<p align=\"justify\">\n<p align=\"justify\">\n<p align=\"justify\">\n<p align=\"justify\">\n<p align=\"justify\">\n<p align=\"center\"><strong><span style=\"color: #000000;\"><span style=\"font-family: Book Antiqua, serif;\"><span style=\"font-size: large;\"><u><b>15 <\/b><\/u><\/span><\/span><\/span><\/strong><strong><span style=\"color: #000000;\"><span style=\"font-family: Book Antiqua, serif;\"><span style=\"font-size: large;\"><u><b>sierpnia <\/b><\/u><\/span><\/span><\/span><\/strong><strong><span style=\"color: #000000;\"><span style=\"font-family: Book Antiqua, serif;\"><span style=\"font-size: large;\"><u><b>2023 \u2013 wtorek<\/b><\/u><\/span><\/span><\/span><\/strong><\/p>\n<p align=\"justify\"><span style=\"color: #000000;\"><span style=\"font-family: Book Antiqua, serif;\"><span style=\"font-size: large;\"><b>0:00 <\/b>\u2013 Msza \u015awi\u0119ta (Kalwaria) \u2013 Prowincja\u0142 Polskiej Prowincji, o. Marek Ochlak OMI \u2013 nast\u0119pnie nocne czuwanie u st\u00f3p Pani Podlasia<\/span><\/span><\/span><\/p>\n<p align=\"justify\"><span style=\"color: #000000;\"><span style=\"font-family: Book Antiqua, serif;\"><span style=\"font-size: large;\"><b>5:30<\/b> \u2013 Godzinki o Niepokalanym Pocz\u0119ciu Naj\u015bwi\u0119tszej Maryi Panny (Bazylika)<\/span><\/span><\/span><\/p>\n<p align=\"justify\"><span style=\"color: #000000;\"><span style=\"font-family: Book Antiqua, serif;\"><span style=\"font-size: large;\"><b>6:00 <\/b>\u2013 Msza \u015awi\u0119ta z homili\u0105 (Bazylika)<\/span><\/span><\/span><\/p>\n<p align=\"justify\"><span style=\"color: #000000;\"><span style=\"font-family: Book Antiqua, serif;\"><span style=\"font-size: large;\"><b>8:00 <\/b>\u2013 Msza \u015awi\u0119ta z homili\u0105 (Bazylika)<\/span><\/span><\/span><\/p>\n<p align=\"justify\"><span style=\"color: #000000;\"><span style=\"font-family: Book Antiqua, serif;\"><span style=\"font-size: large;\"><b>9:00 <\/b>\u2013 Koronka do Bo\u017cego Mi\u0142osierdzia (Kalwaria)<\/span><\/span><\/span><\/p>\n<p align=\"justify\"><span style=\"color: #000000;\"><span style=\"font-family: Book Antiqua, serif;\"><span style=\"font-size: large;\"><b>9:30<\/b> \u2013 Msza \u015awi\u0119ta z udzia\u0142em Przyjaci\u00f3\u0142 Misji Oblackich (Kalwaria) \u2013Bp Rados\u0142aw Zmitrowicz <b>OMI<\/b><\/span><\/span><\/span><\/p>\n<p align=\"justify\"><span style=\"color: #000000;\"><span style=\"font-family: Book Antiqua, serif;\"><span style=\"font-size: large;\"><b>11:30<\/b> \u2013 Procesja z Bazyliki na Kalwari\u0119 <u><b>z <\/b><\/u><u><b>C<\/b><\/u><u><b>udownym <\/b><\/u><u><b>O<\/b><\/u><u><b>brazem Matki B. Kode\u0144skiej<\/b><\/u><\/span><\/span><\/span><\/p>\n<p align=\"justify\"><span style=\"color: #000000;\"><span style=\"font-family: Book Antiqua, serif;\"><span style=\"font-size: large;\"><b>12:00<\/b> \u2013 Na\u0142o\u017cenie Koron i Suma odpustowa (Legat Papieski), z udzia\u0142em Episkopatu Polski (Kalwaria). Po\u015bwi\u0119cenie zi\u00f3\u0142 i procesja Maryjna z Kalwarii do Bazyliki<\/span><\/span><\/span><\/p>\n<p align=\"justify\"><span style=\"color: #000000;\"><span style=\"font-family: Book Antiqua, serif;\"><span style=\"font-size: large;\"><b>16:<\/b><b>0<\/b><b>0 <\/b>\u2013 Nieszpory Maryjne (Bazylika) pod przewodnictwem Legata i po\u017cegnanie Legata<\/span><\/span><\/span><\/p>\n<p align=\"justify\"><span style=\"color: #000000;\"><span style=\"font-family: Book Antiqua, serif;\"><span style=\"font-size: large;\"><b>17:00<\/b> \u2013 Msza \u015awi\u0119ta z homili\u0105 (Bazylika)<\/span><\/span><\/span><\/p>\n<p align=\"justify\"><span style=\"color: #000000;\"><span style=\"font-family: Book Antiqua, serif;\"><span style=\"font-size: large;\"><b>20:30 <\/b>\u2013 R\u00f3\u017caniec (Bazylika)<\/span><\/span><\/span><\/p>\n<p align=\"justify\"><span style=\"color: #000000;\"><span style=\"font-family: Book Antiqua, serif;\"><span style=\"font-size: large;\"><b>21:00 <\/b>\u2013 Apel Maryjny Podlasia i zas\u0142oni\u0119cie cudownego Obrazu<\/span><\/span><\/span><\/p>\n<p align=\"center\"><strong><span style=\"color: #000000;\"><span style=\"font-family: Book Antiqua, serif;\"><span style=\"font-size: large;\"><u><b>Sakrament <\/b><\/u><\/span><\/span><\/span><\/strong><strong><span style=\"color: #000000;\"><span style=\"font-family: Book Antiqua, serif;\"><span style=\"font-size: large;\"><u><b>P<\/b><\/u><\/span><\/span><\/span><\/strong><strong><span style=\"color: #000000;\"><span style=\"font-family: Book Antiqua, serif;\"><span style=\"font-size: large;\"><u><b>okuty i <\/b><\/u><\/span><\/span><\/span><\/strong><strong><span style=\"color: #000000;\"><span style=\"font-family: Book Antiqua, serif;\"><span style=\"font-size: large;\"><u><b>P<\/b><\/u><\/span><\/span><\/span><\/strong><strong><span style=\"color: #000000;\"><span style=\"font-family: Book Antiqua, serif;\"><span style=\"font-size: large;\"><u><b>ojednania:<\/b><\/u><\/span><\/span><\/span><\/strong><\/p>\n<p align=\"justify\"><span style=\"color: #000000;\"><span style=\"font-family: Book Antiqua, serif;\"><span style=\"font-size: large;\"><u><b>14 sierpnia 2023. \u2013 poniedzia\u0142ek:<\/b><\/u> <\/span><\/span><\/span><\/p>\n<p align=\"justify\"><span style=\"color: #000000;\"><span style=\"font-family: Book Antiqua, serif;\"><span style=\"font-size: large;\">14:00-16:00 w Ogrodzie Rajskim k. Bazyliki, 16:30\u201323:45 na Kalwarii<\/span><\/span><\/span><\/p>\n<p align=\"justify\"><span style=\"color: #000000;\"><span style=\"font-family: Book Antiqua, serif;\"><span style=\"font-size: large;\"><b><u>15 sierpnia 2023. \u2013 wtorek:<\/u> <\/b><\/span><\/span><\/span><\/p>\n<p align=\"justify\"><span style=\"color: #000000;\"><span style=\"font-family: Book Antiqua, serif;\"><span style=\"font-size: large;\">6:00 i 8:00 w Bazylice, 9:00-13:00 na Kalwarii, 17:00 w Bazylice<\/span><\/span><\/span><\/p>\n","protected":false},"excerpt":{"rendered":"<p>Niech b\u0119dzie pochwalony Jezus Chrystus! Moi Drodzy, dzisiaj w Kodniu rozpoczynaj\u0105 si\u0119 Uroczysto\u015bci koronacyjne. Pod rozwa\u017caniem zamieszcz\u0119 ponownie planowany ich przebieg w ci\u0105gu najbli\u017cszych trzech dni \u2013 tak dla przypomnienia. Zapraszam serdecznie do przyjazdu tutaj \u2013 kto tylko mo\u017ce. A kto nie mo\u017ce, niech si\u0119 \u0142\u0105czy duchem i przez transmisj\u0119 telewizyjn\u0105 lub internetow\u0105. Nie zapominajmy [&hellip;]<\/p>\n","protected":false},"author":1,"featured_media":0,"comment_status":"open","ping_status":"open","sticky":false,"template":"","format":"standard","meta":{"jetpack_post_was_ever_published":false,"_jetpack_newsletter_access":"","_jetpack_dont_email_post_to_subs":false,"_jetpack_newsletter_tier_id":0,"_jetpack_memberships_contains_paywalled_content":false,"_jetpack_memberships_contains_paid_content":false,"footnotes":""},"categories":[1],"tags":[],"class_list":["post-21788","post","type-post","status-publish","format-standard","hentry","category-bez-kategorii"],"yoast_head":"<!-- This site is optimized with the Yoast SEO plugin v25.1 - https:\/\/yoast.com\/wordpress\/plugins\/seo\/ -->\n<title>Odwagi! JA JESTEM! - Gaudium Et Spes<\/title>\n<meta name=\"robots\" content=\"index, follow, max-snippet:-1, max-image-preview:large, max-video-preview:-1\" \/>\n<link rel=\"canonical\" href=\"https:\/\/gaudiumetspes-blog.pl\/index.php\/2023\/08\/13\/odwagi-ja-jestem\/\" \/>\n<meta property=\"og:locale\" content=\"pl_PL\" \/>\n<meta property=\"og:type\" content=\"article\" \/>\n<meta property=\"og:title\" content=\"Odwagi! JA JESTEM! - Gaudium Et Spes\" \/>\n<meta property=\"og:description\" content=\"Niech b\u0119dzie pochwalony Jezus Chrystus! Moi Drodzy, dzisiaj w Kodniu rozpoczynaj\u0105 si\u0119 Uroczysto\u015bci koronacyjne. Pod rozwa\u017caniem zamieszcz\u0119 ponownie planowany ich przebieg w ci\u0105gu najbli\u017cszych trzech dni \u2013 tak dla przypomnienia. Zapraszam serdecznie do przyjazdu tutaj \u2013 kto tylko mo\u017ce. A kto nie mo\u017ce, niech si\u0119 \u0142\u0105czy duchem i przez transmisj\u0119 telewizyjn\u0105 lub internetow\u0105. Nie zapominajmy [&hellip;]\" \/>\n<meta property=\"og:url\" content=\"https:\/\/gaudiumetspes-blog.pl\/index.php\/2023\/08\/13\/odwagi-ja-jestem\/\" \/>\n<meta property=\"og:site_name\" content=\"Gaudium Et Spes\" \/>\n<meta property=\"article:published_time\" content=\"2023-08-12T22:18:06+00:00\" \/>\n<meta name=\"author\" content=\"Ks. Jacek\" \/>\n<meta name=\"twitter:card\" content=\"summary_large_image\" \/>\n<meta name=\"twitter:label1\" content=\"Napisane przez\" \/>\n\t<meta name=\"twitter:data1\" content=\"Ks. Jacek\" \/>\n\t<meta name=\"twitter:label2\" content=\"Szacowany czas czytania\" \/>\n\t<meta name=\"twitter:data2\" content=\"15 minut\" \/>\n<script type=\"application\/ld+json\" class=\"yoast-schema-graph\">{\"@context\":\"https:\/\/schema.org\",\"@graph\":[{\"@type\":\"WebPage\",\"@id\":\"https:\/\/gaudiumetspes-blog.pl\/index.php\/2023\/08\/13\/odwagi-ja-jestem\/\",\"url\":\"https:\/\/gaudiumetspes-blog.pl\/index.php\/2023\/08\/13\/odwagi-ja-jestem\/\",\"name\":\"Odwagi! JA JESTEM! - Gaudium Et Spes\",\"isPartOf\":{\"@id\":\"https:\/\/gaudiumetspes-blog.pl\/#website\"},\"datePublished\":\"2023-08-12T22:18:06+00:00\",\"author\":{\"@id\":\"https:\/\/gaudiumetspes-blog.pl\/#\/schema\/person\/1661982992b752dea8dff0d4ed845a65\"},\"breadcrumb\":{\"@id\":\"https:\/\/gaudiumetspes-blog.pl\/index.php\/2023\/08\/13\/odwagi-ja-jestem\/#breadcrumb\"},\"inLanguage\":\"pl-PL\",\"potentialAction\":[{\"@type\":\"ReadAction\",\"target\":[\"https:\/\/gaudiumetspes-blog.pl\/index.php\/2023\/08\/13\/odwagi-ja-jestem\/\"]}]},{\"@type\":\"BreadcrumbList\",\"@id\":\"https:\/\/gaudiumetspes-blog.pl\/index.php\/2023\/08\/13\/odwagi-ja-jestem\/#breadcrumb\",\"itemListElement\":[{\"@type\":\"ListItem\",\"position\":1,\"name\":\"Strona g\u0142\u00f3wna\",\"item\":\"https:\/\/gaudiumetspes-blog.pl\/\"},{\"@type\":\"ListItem\",\"position\":2,\"name\":\"Odwagi! JA JESTEM!\"}]},{\"@type\":\"WebSite\",\"@id\":\"https:\/\/gaudiumetspes-blog.pl\/#website\",\"url\":\"https:\/\/gaudiumetspes-blog.pl\/\",\"name\":\"Gaudium Et Spes\",\"description\":\"Blog Ks. Jacka Ja\u015bkowskiego\",\"potentialAction\":[{\"@type\":\"SearchAction\",\"target\":{\"@type\":\"EntryPoint\",\"urlTemplate\":\"https:\/\/gaudiumetspes-blog.pl\/?s={search_term_string}\"},\"query-input\":{\"@type\":\"PropertyValueSpecification\",\"valueRequired\":true,\"valueName\":\"search_term_string\"}}],\"inLanguage\":\"pl-PL\"},{\"@type\":\"Person\",\"@id\":\"https:\/\/gaudiumetspes-blog.pl\/#\/schema\/person\/1661982992b752dea8dff0d4ed845a65\",\"name\":\"Ks. Jacek\",\"image\":{\"@type\":\"ImageObject\",\"inLanguage\":\"pl-PL\",\"@id\":\"https:\/\/gaudiumetspes-blog.pl\/#\/schema\/person\/image\/\",\"url\":\"https:\/\/gaudiumetspes-blog.pl\/wp-content\/uploads\/2019\/07\/avatar-JJ-150x150.jpg\",\"contentUrl\":\"https:\/\/gaudiumetspes-blog.pl\/wp-content\/uploads\/2019\/07\/avatar-JJ-150x150.jpg\",\"caption\":\"Ks. Jacek\"},\"description\":\"Witam serdecznie! K\u0142ania si\u0119 Ks. Jacek Ja\u015bkowski. Nie jestem ani kim\u015b wa\u017cnym, ani kim\u015b znanym. Jestem ksi\u0119dzem, kt\u00f3ry po prostu chce rozmawia\u0107. Codzienna kap\u0142a\u0144ska pos\u0142uga pokazuje mi, \u017ce temat\u00f3w do rozm\u00f3w z ksi\u0119dzem jest coraz wi\u0119cej i dzisiaj \u017caden ksi\u0105dz nie mo\u017ce od nich ucieka\u0107, ale - wprost przeciwnie - podejmowa\u0107 nowe wyzwania. To przekonanie sk\u0142oni\u0142o mnie do pr\u00f3by otwarcia tego\u017c bloga, chocia\u017c okazji do rozm\u00f3w na co dzie\u0144 - w konfesjonale i poza nim - na szcz\u0119\u015bcie nie brakuje. My\u015bl\u0119 jednak, \u017ce ten blog b\u0119dzie jeszcze jednym sposobem i przestrzeni\u0105 nawi\u0105zania kontaktu z lud\u017ami dobrej woli, otwartymi na dialog.\",\"url\":\"https:\/\/gaudiumetspes-blog.pl\/index.php\/author\/ks-jacek\/\"}]}<\/script>\n<!-- \/ Yoast SEO plugin. -->","yoast_head_json":{"title":"Odwagi! JA JESTEM! - Gaudium Et Spes","robots":{"index":"index","follow":"follow","max-snippet":"max-snippet:-1","max-image-preview":"max-image-preview:large","max-video-preview":"max-video-preview:-1"},"canonical":"https:\/\/gaudiumetspes-blog.pl\/index.php\/2023\/08\/13\/odwagi-ja-jestem\/","og_locale":"pl_PL","og_type":"article","og_title":"Odwagi! JA JESTEM! - Gaudium Et Spes","og_description":"Niech b\u0119dzie pochwalony Jezus Chrystus! Moi Drodzy, dzisiaj w Kodniu rozpoczynaj\u0105 si\u0119 Uroczysto\u015bci koronacyjne. Pod rozwa\u017caniem zamieszcz\u0119 ponownie planowany ich przebieg w ci\u0105gu najbli\u017cszych trzech dni \u2013 tak dla przypomnienia. Zapraszam serdecznie do przyjazdu tutaj \u2013 kto tylko mo\u017ce. A kto nie mo\u017ce, niech si\u0119 \u0142\u0105czy duchem i przez transmisj\u0119 telewizyjn\u0105 lub internetow\u0105. Nie zapominajmy [&hellip;]","og_url":"https:\/\/gaudiumetspes-blog.pl\/index.php\/2023\/08\/13\/odwagi-ja-jestem\/","og_site_name":"Gaudium Et Spes","article_published_time":"2023-08-12T22:18:06+00:00","author":"Ks. Jacek","twitter_card":"summary_large_image","twitter_misc":{"Napisane przez":"Ks. Jacek","Szacowany czas czytania":"15 minut"},"schema":{"@context":"https:\/\/schema.org","@graph":[{"@type":"WebPage","@id":"https:\/\/gaudiumetspes-blog.pl\/index.php\/2023\/08\/13\/odwagi-ja-jestem\/","url":"https:\/\/gaudiumetspes-blog.pl\/index.php\/2023\/08\/13\/odwagi-ja-jestem\/","name":"Odwagi! JA JESTEM! - Gaudium Et Spes","isPartOf":{"@id":"https:\/\/gaudiumetspes-blog.pl\/#website"},"datePublished":"2023-08-12T22:18:06+00:00","author":{"@id":"https:\/\/gaudiumetspes-blog.pl\/#\/schema\/person\/1661982992b752dea8dff0d4ed845a65"},"breadcrumb":{"@id":"https:\/\/gaudiumetspes-blog.pl\/index.php\/2023\/08\/13\/odwagi-ja-jestem\/#breadcrumb"},"inLanguage":"pl-PL","potentialAction":[{"@type":"ReadAction","target":["https:\/\/gaudiumetspes-blog.pl\/index.php\/2023\/08\/13\/odwagi-ja-jestem\/"]}]},{"@type":"BreadcrumbList","@id":"https:\/\/gaudiumetspes-blog.pl\/index.php\/2023\/08\/13\/odwagi-ja-jestem\/#breadcrumb","itemListElement":[{"@type":"ListItem","position":1,"name":"Strona g\u0142\u00f3wna","item":"https:\/\/gaudiumetspes-blog.pl\/"},{"@type":"ListItem","position":2,"name":"Odwagi! JA JESTEM!"}]},{"@type":"WebSite","@id":"https:\/\/gaudiumetspes-blog.pl\/#website","url":"https:\/\/gaudiumetspes-blog.pl\/","name":"Gaudium Et Spes","description":"Blog Ks. Jacka Ja\u015bkowskiego","potentialAction":[{"@type":"SearchAction","target":{"@type":"EntryPoint","urlTemplate":"https:\/\/gaudiumetspes-blog.pl\/?s={search_term_string}"},"query-input":{"@type":"PropertyValueSpecification","valueRequired":true,"valueName":"search_term_string"}}],"inLanguage":"pl-PL"},{"@type":"Person","@id":"https:\/\/gaudiumetspes-blog.pl\/#\/schema\/person\/1661982992b752dea8dff0d4ed845a65","name":"Ks. Jacek","image":{"@type":"ImageObject","inLanguage":"pl-PL","@id":"https:\/\/gaudiumetspes-blog.pl\/#\/schema\/person\/image\/","url":"https:\/\/gaudiumetspes-blog.pl\/wp-content\/uploads\/2019\/07\/avatar-JJ-150x150.jpg","contentUrl":"https:\/\/gaudiumetspes-blog.pl\/wp-content\/uploads\/2019\/07\/avatar-JJ-150x150.jpg","caption":"Ks. Jacek"},"description":"Witam serdecznie! K\u0142ania si\u0119 Ks. Jacek Ja\u015bkowski. Nie jestem ani kim\u015b wa\u017cnym, ani kim\u015b znanym. Jestem ksi\u0119dzem, kt\u00f3ry po prostu chce rozmawia\u0107. Codzienna kap\u0142a\u0144ska pos\u0142uga pokazuje mi, \u017ce temat\u00f3w do rozm\u00f3w z ksi\u0119dzem jest coraz wi\u0119cej i dzisiaj \u017caden ksi\u0105dz nie mo\u017ce od nich ucieka\u0107, ale - wprost przeciwnie - podejmowa\u0107 nowe wyzwania. To przekonanie sk\u0142oni\u0142o mnie do pr\u00f3by otwarcia tego\u017c bloga, chocia\u017c okazji do rozm\u00f3w na co dzie\u0144 - w konfesjonale i poza nim - na szcz\u0119\u015bcie nie brakuje. My\u015bl\u0119 jednak, \u017ce ten blog b\u0119dzie jeszcze jednym sposobem i przestrzeni\u0105 nawi\u0105zania kontaktu z lud\u017ami dobrej woli, otwartymi na dialog.","url":"https:\/\/gaudiumetspes-blog.pl\/index.php\/author\/ks-jacek\/"}]}},"jetpack_featured_media_url":"","jetpack_sharing_enabled":true,"_links":{"self":[{"href":"https:\/\/gaudiumetspes-blog.pl\/index.php\/wp-json\/wp\/v2\/posts\/21788","targetHints":{"allow":["GET"]}}],"collection":[{"href":"https:\/\/gaudiumetspes-blog.pl\/index.php\/wp-json\/wp\/v2\/posts"}],"about":[{"href":"https:\/\/gaudiumetspes-blog.pl\/index.php\/wp-json\/wp\/v2\/types\/post"}],"author":[{"embeddable":true,"href":"https:\/\/gaudiumetspes-blog.pl\/index.php\/wp-json\/wp\/v2\/users\/1"}],"replies":[{"embeddable":true,"href":"https:\/\/gaudiumetspes-blog.pl\/index.php\/wp-json\/wp\/v2\/comments?post=21788"}],"version-history":[{"count":3,"href":"https:\/\/gaudiumetspes-blog.pl\/index.php\/wp-json\/wp\/v2\/posts\/21788\/revisions"}],"predecessor-version":[{"id":21791,"href":"https:\/\/gaudiumetspes-blog.pl\/index.php\/wp-json\/wp\/v2\/posts\/21788\/revisions\/21791"}],"wp:attachment":[{"href":"https:\/\/gaudiumetspes-blog.pl\/index.php\/wp-json\/wp\/v2\/media?parent=21788"}],"wp:term":[{"taxonomy":"category","embeddable":true,"href":"https:\/\/gaudiumetspes-blog.pl\/index.php\/wp-json\/wp\/v2\/categories?post=21788"},{"taxonomy":"post_tag","embeddable":true,"href":"https:\/\/gaudiumetspes-blog.pl\/index.php\/wp-json\/wp\/v2\/tags?post=21788"}],"curies":[{"name":"wp","href":"https:\/\/api.w.org\/{rel}","templated":true}]}}