{"id":21818,"date":"2023-08-24T07:29:45","date_gmt":"2023-08-24T05:29:45","guid":{"rendered":"https:\/\/gaudiumetspes-blog.pl\/?p=21818"},"modified":"2023-08-24T07:29:45","modified_gmt":"2023-08-24T05:29:45","slug":"o-dylematach-bartlomieja","status":"publish","type":"post","link":"https:\/\/gaudiumetspes-blog.pl\/index.php\/2023\/08\/24\/o-dylematach-bartlomieja\/","title":{"rendered":"O dylematach Bart\u0142omieja&#8230;"},"content":{"rendered":"<p align=\"justify\"><span style=\"color: #000000;\"><span style=\"font-family: Book Antiqua, serif;\"><span style=\"font-size: large;\">Szcz\u0119\u015b\u0107 Bo\u017ce! Moi Drodzy, w dniu dzisiejszym <b>imieniny prze\u017cywaj\u0105: <\/b><\/span><\/span><\/span><\/p>\n<p align=\"justify\"><span style=\"color: #000000;\">\u25ba<span style=\"font-family: Book Antiqua, serif;\"><span style=\"font-size: large;\"><b>Bart\u0142omiej Przybysz &#8211; zaanga\u017cowan<\/b><b>y<\/b><b> w swoim czasie w dzia\u0142alno\u015b\u0107 m\u0142odzie\u017cow\u0105 Wsp\u00f3lnoty w Tr\u0105bkach;<\/b><\/span><\/span><\/span><\/p>\n<p align=\"justify\"><span style=\"color: #000000;\">\u25ba<span style=\"font-family: Book Antiqua, serif;\"><span style=\"font-size: large;\"><b>Bart\u0142omiej G\u00f3rski \u2013 <\/b><b>jak wy\u017cej;<\/b><\/span><\/span><\/span><\/p>\n<p align=\"justify\"><span style=\"color: #000000;\">\u25ba<span style=\"font-family: Book Antiqua, serif;\"><span style=\"font-size: large;\"><b>Bart\u0142omiej Szmit \u2013 Lektor w Parafii w Ciepielowie.<\/b><\/span><\/span><\/span><\/p>\n<p align=\"justify\"><span style=\"color: #000000;\"><span style=\"font-family: Book Antiqua, serif;\"><span style=\"font-size: large;\"><b>\u017bycz\u0119 Solenizantom, aby tak, jak Ich Patron, byli zawsze blisko Jezusa \u2013 i aby <\/b><b>byli odwa\u017cni w dawaniu \u015bwiadectwa o Nim!<\/b><b> Zapewniam o modlitwie!<\/b><\/span><\/span><\/span><\/p>\n<p align=\"justify\"><span style=\"color: #000000;\"><span style=\"font-family: Book Antiqua, serif;\"><span style=\"font-size: large;\">Moi Drodzy, pozdrawiamy Was z Mikasz\u00f3wki, gdzie przybywamy ju\u017c od lat, ale po raz pierwszy nocujemy nie u Ksi\u0119dza Proboszcza, ale\u2026 u Mamy\u2026 Tak, bo w\u0142a\u015bnie tak nazywa si\u0119 to miejsce \u2013 \u201eU Mamy \u2013 w kt\u00f3rym bardzo serdecznie i go\u015bcinnie przyj\u0119\u0142a nas Pani Beata Korni\u0142owicz. Oczywi\u015bcie, jest w tym r\u0119ka Ksi\u0119dza Proboszcza Andrzeja Borkowskiego, kt\u00f3ry nam to miejsce zorganizowa\u0142 \u2013 by\u015b mo\u017ce, tak\u017ce na nast\u0119pne lata. Dzi\u0119kuj\u0119 Ksi\u0119dzu Proboszczowi za sta\u0142\u0105 trosk\u0119 o nas i za \u017cyczliwo\u015b\u0107, a Pani Beacie \u2013 za \u017cyczliwe przyj\u0119cie.<\/span><\/span><\/span><\/p>\n<p align=\"justify\"><span style=\"color: #000000;\"><span style=\"font-family: Book Antiqua, serif;\"><span style=\"font-size: large;\">Dzisiaj planujemy doko\u0144czy\u0107 sp\u0142yw, ale \u2013 p\u00f3ki co \u2013 pada\u2026 Zobaczymy, jak b\u0119dzie za godzin\u0119 lub dwie, ale je\u015bli b\u0119dzie pada\u0142o nadal, to ju\u017c dzisiaj z tego ostatniego etapu p\u0142yni\u0119cia zrezygnujemy i zostaniemy troch\u0119 w Mikasz\u00f3wce, a potem \u2013 powr\u00f3t do domu.<\/span><\/span><\/span><\/p>\n<p align=\"justify\"><span style=\"color: #000000;\"><span style=\"font-family: Book Antiqua, serif;\"><span style=\"font-size: large;\">Wi\u0119cej o samym sp\u0142ywie i jego podsumowaniu wspomn\u0119 jutro, teraz za\u015b ju\u017c zapraszam do pochylenia si\u0119 nad Bo\u017cym s\u0142owem dzisiejszego \u015awi\u0119ta. Oto s\u0142\u00f3wko Ksi\u0119dza Marka na dzi\u015b:<\/span><\/span><\/span><\/p>\n<p align=\"justify\"><span style=\"color: #000000;\"><span style=\"font-family: Book Antiqua, serif;\"><span style=\"font-size: medium;\"><a href=\"https:\/\/www.youtube.com\/c\/CatholicSurgut\"><span style=\"font-size: large;\"><b>https:\/\/www.youtube.com\/c\/CatholicSurgut<\/b><\/span><\/a><\/span><\/span><\/span><\/p>\n<p align=\"justify\"><span style=\"color: #000000;\"><span style=\"font-family: Book Antiqua, serif;\"><span style=\"font-size: large;\">Zatem,<b> c<\/b><b>o m\u00f3wi do mnie Pan? Co szczeg\u00f3lnie chce mi wskaza\u0107, poradzi\u0107, podpowiedzie\u0107 \u2013 mi osobi\u015bcie?<\/b> Duchu \u015awi\u0119ty, pom\u00f3\u017c odczyta\u0107!<\/span><\/span><\/span><\/p>\n<p align=\"justify\"><span style=\"color: #000000;\"><span style=\"font-family: Book Antiqua, serif;\"><span style=\"font-size: large;\"><b>Niech Was b\u0142ogos\u0142awi B\u00f3g Wszechmog\u0105cy: Ojciec + i Syn, i Duch \u015awi\u0119ty. Amen<\/b><\/span><\/span><\/span><\/p>\n<p align=\"center\"><span style=\"color: #000000;\"><span style=\"font-family: Book Antiqua, serif;\"><span style=\"font-size: large;\">Gaudium et spes! Ks. Jacek<\/span><\/span><\/span><\/p>\n<p align=\"center\">\n<p align=\"center\">\n<p align=\"center\">\n<p align=\"center\">\n<p align=\"center\">\n<p align=\"justify\"><span style=\"color: #000000;\"><span style=\"font-family: Book Antiqua, serif;\"><span style=\"font-size: large;\"><b>\u015awi\u0119to \u015aw. Bart\u0142omieja, Aposto\u0142a,<\/b><\/span><\/span><\/span><\/p>\n<p align=\"justify\"><span style=\"color: #000000;\"><span style=\"font-family: Book Antiqua, serif;\"><span style=\"font-size: large;\"><b>24 sierpnia 2023.,\u00a0<\/b><\/span><\/span><\/span><\/p>\n<p align=\"justify\"><span style=\"color: #000000;\"><span style=\"font-family: Book Antiqua, serif;\"><span style=\"font-size: large;\"><b>do czyta\u0144 z t. VI Lekcjonarza: Ap 21,9b\u201314; J 1,45\u201351<\/b><\/span><\/span><\/span><\/p>\n<p align=\"justify\">\n<p align=\"justify\">\n<p align=\"justify\">\n<p align=\"justify\">\n<p align=\"justify\">\n<p align=\"justify\"><span style=\"color: #000000;\"><span style=\"font-family: Book Antiqua, serif;\"><span style=\"font-size: large;\"><b>CZYTANIE Z KSI\u0118GI APOKALIPSY \u015aWI\u0118TEGO JANA APOSTO\u0141A:<\/b><\/span><\/span><\/span><\/p>\n<p align=\"justify\"><span style=\"color: #000000;\"><span style=\"font-family: Book Antiqua, serif;\"><span style=\"font-size: large;\"><b>Anio\u0142 tak si\u0119 do mnie odezwa\u0142: \u201eChod\u017a, uka\u017c\u0119 ci Oblubienic\u0119, Ma\u0142\u017conk\u0119 Baranka\u201d.<\/b><\/span><\/span><\/span><\/p>\n<p align=\"justify\"><span style=\"color: #000000;\"><span style=\"font-family: Book Antiqua, serif;\"><span style=\"font-size: large;\"><b>I uni\u00f3s\u0142 mnie w zachwyceniu na g\u00f3r\u0119 wielk\u0105 i wynios\u0142\u0105, i ukaza\u0142 mi Miasto \u015bwi\u0119te, Jeruzalem, zst\u0119puj\u0105ce z nieba od Boga, maj\u0105ce chwa\u0142\u0119 Boga. \u0179r\u00f3d\u0142o jego \u015bwiat\u0142a podobne do kamienia drogocennego, jakby do jaspisu o przejrzysto\u015bci kryszta\u0142u.<\/b><\/span><\/span><\/span><\/p>\n<p align=\"justify\"><span style=\"color: #000000;\"><span style=\"font-family: Book Antiqua, serif;\"><span style=\"font-size: large;\"><b>Mia\u0142o ono mur wielki a wysoki, mia\u0142o dwana\u015bcie bram, a na bramach dwunastu anio\u0142\u00f3w i wypisane imiona, kt\u00f3re s\u0105 imionami dwunastu pokole\u0144 syn\u00f3w Izraela.<\/b><\/span><\/span><\/span><\/p>\n<p align=\"justify\"><span style=\"color: #000000;\"><span style=\"font-family: Book Antiqua, serif;\"><span style=\"font-size: large;\"><b>Od wschodu trzy bramy i od p\u00f3\u0142nocy trzy bramy, i od po\u0142udnia trzy bramy, i od zachodu trzy bramy. A mur Miasta ma dwana\u015bcie warstw fundamentu, a na nich dwana\u015bcie imion dwunastu aposto\u0142\u00f3w Baranka.<\/b><\/span><\/span><\/span><\/p>\n<p align=\"justify\">\n<p align=\"justify\">\n<p align=\"justify\">\n<p align=\"justify\">\n<p align=\"justify\">\n<p align=\"justify\"><span style=\"color: #000000;\"><span style=\"font-family: Book Antiqua, serif;\"><span style=\"font-size: large;\"><b>S\u0141OWA EWANGELII WED\u0141UG \u015aWI\u0118TEGO JANA:<\/b><\/span><\/span><\/span><\/p>\n<p align=\"justify\"><span style=\"color: #000000;\"><span style=\"font-family: Book Antiqua, serif;\"><span style=\"font-size: large;\"><b>Filip spotka\u0142 Natanaela i powiedzia\u0142 do niego: \u201eZnale\u017ali\u015bmy Tego, o kt\u00f3rym pisa\u0142 Moj\u017cesz w Prawie i Prorocy, Jezusa, syna J\u00f3zefa, z Nazaretu\u201d.<\/b><\/span><\/span><\/span><\/p>\n<p align=\"justify\"><span style=\"color: #000000;\"><span style=\"font-family: Book Antiqua, serif;\"><span style=\"font-size: large;\"><b>Rzek\u0142 do niego Natanael: \u201eCzy\u017c mo\u017ce by\u0107 co dobrego z Nazaretu?\u201d<\/b><\/span><\/span><\/span><\/p>\n<p align=\"justify\"><span style=\"color: #000000;\"><span style=\"font-family: Book Antiqua, serif;\"><span style=\"font-size: large;\"><b>Odpowiedzia\u0142 mu Filip: \u201eChod\u017a i zobacz\u201d.<\/b><\/span><\/span><\/span><\/p>\n<p align=\"justify\"><span style=\"color: #000000;\"><span style=\"font-family: Book Antiqua, serif;\"><span style=\"font-size: large;\"><b>Jezus ujrza\u0142, jak Natanael zbli\u017ca\u0142 si\u0119 do Niego, i powiedzia\u0142 o nim: \u201ePatrz, to prawdziwy Izraelita, w kt\u00f3rym nie ma podst\u0119pu\u201d.<\/b><\/span><\/span><\/span><\/p>\n<p align=\"justify\"><span style=\"color: #000000;\"><span style=\"font-family: Book Antiqua, serif;\"><span style=\"font-size: large;\"><b>Powiedzia\u0142 do Niego Natanael: \u201eSk\u0105d mnie znasz?\u201d<\/b><\/span><\/span><\/span><\/p>\n<p align=\"justify\"><span style=\"color: #000000;\"><span style=\"font-family: Book Antiqua, serif;\"><span style=\"font-size: large;\"><b>Odrzek\u0142 mu Jezus: \u201eWidzia\u0142em ci\u0119, zanim ci\u0119 zawo\u0142a\u0142 Filip, gdy by\u0142e\u015b pod drzewem figowym\u201d.<\/b><\/span><\/span><\/span><\/p>\n<p align=\"justify\"><span style=\"color: #000000;\"><span style=\"font-family: Book Antiqua, serif;\"><span style=\"font-size: large;\"><b>Odpowiedzia\u0142 Mu Natanael: \u201eRabbi, Ty jeste\u015b Synem Bo\u017cym, Ty jeste\u015b kr\u00f3lem Izraela!\u201d<\/b><\/span><\/span><\/span><\/p>\n<p align=\"justify\"><span style=\"color: #000000;\"><span style=\"font-family: Book Antiqua, serif;\"><span style=\"font-size: large;\"><b>Odpar\u0142 mu Jezus: \u201eCzy dlatego wierzysz, \u017ce powiedzia\u0142em ci: \u00abWidzia\u0142em ci\u0119 pod drzewem figowym?\u00bb Zobaczysz jeszcze wi\u0119cej ni\u017c to\u201d.<\/b><\/span><\/span><\/span><\/p>\n<p align=\"justify\"><span style=\"color: #000000;\"><span style=\"font-family: Book Antiqua, serif;\"><span style=\"font-size: large;\"><b>Potem powiedzia\u0142 do niego: \u201eZaprawd\u0119, zaprawd\u0119, powiadam wam: Ujrzycie niebiosa otwarte i anio\u0142\u00f3w Bo\u017cych wst\u0119puj\u0105cych i zst\u0119puj\u0105cych na Syna Cz\u0142owieczego\u201d.<\/b><\/span><\/span><\/span><\/p>\n<p align=\"justify\">\n<p align=\"justify\">\n<p align=\"justify\">\n<p align=\"justify\">\n<p align=\"justify\">\n<p align=\"justify\"><span style=\"color: #000000;\"><span style=\"font-family: Book Antiqua, serif;\"><span style=\"font-size: large;\">Patron dnia dzisiejszego, <b>\u015awi\u0119ty Bart\u0142omiej,<\/b> jest jednym z dwunastu Aposto\u0142\u00f3w, kt\u00f3rych wybra\u0142 sobie Jezus spo\u015br\u00f3d kilkudziesi\u0119ciu uczni\u00f3w. W Ewangeliach spotykamy dwa imiona: <b>Bart\u0142omiej i Natanael,<\/b> przy czym Ewangeli\u015bci: Mateusz, \u0141ukasz i Marek u\u017cywaj\u0105 tego pierwszego, natomiast Jan pos\u0142uguje si\u0119 imieniem drugim. Chodzi jednak o t\u0119 sam\u0105 osob\u0119.<\/span><\/span><\/span><\/p>\n<p align=\"justify\"><span style=\"color: #000000;\"><span style=\"font-family: Book Antiqua, serif;\"><span style=\"font-size: large;\">Jan pisze o Natanaelu jako o Apostole. Ponadto akcentuje wyra\u017anie, \u017ce <b>Natanaela \u0142\u0105czy\u0142a przyja\u017a\u0144 z Filipem Aposto\u0142em, <\/b>a inni Ewangeli\u015bci umieszczaj\u0105 Bart\u0142omieja zawsze w\u0142a\u015bnie przy Filipie w katalogach Aposto\u0142\u00f3w. Co wi\u0119cej, <b>s\u0105 oni nawet wymienieni ze sp\u00f3jnikiem \u201ei\u201d: \u201eFilip i Bart\u0142omiej\u201d.<\/b><\/span><\/span><\/span><\/p>\n<p align=\"justify\"><span style=\"color: #000000;\"><span style=\"font-family: Book Antiqua, serif;\"><span style=\"font-size: large;\">Aramejskie s\u0142owo \u201e<b>Bartolmaj\u201d znaczy tyle, co \u201esyn Tolmaja\u201d, <\/b>a z tym imieniem spotykamy si\u0119 w Biblii kilka razy. Z kolei, wyraz <b>\u201e<\/b><b>Natanael\u201d jest imieniem hebrajskim i znaczy tyle, co \u201eB\u00f3g da\u0142\u201d. <\/b>Je\u015bli Bart\u0142omiej jest uto\u017csamiany z Natanaelem, to dlatego, \u017ce jego imi\u0119 w ca\u0142o\u015bci brzmi:<b> \u201eNatanael, bar Tholmai\u201d<\/b> \u2013 \u201eNatanael, syn Tolmaja\u201d.<\/span><\/span><\/span><\/p>\n<p align=\"justify\"><span style=\"color: #000000;\"><span style=\"font-family: Book Antiqua, serif;\"><span style=\"font-size: large;\">Ewangeli\u015bci wymieniaj\u0105 imi\u0119 Bart\u0142omieja zasadniczo jedynie w katalogach Aposto\u0142\u00f3w, a \u015awi\u0119ty Jan dodatkowo podaje, \u017ce pochodzi\u0142 z Kany Galilejskiej <b>i opisuje szczeg\u00f3\u0142owo pierwsze jego spotkanie z Chrystusem. <\/b>Ewangelista by\u0142 naocznym \u015bwiadkiem tego\u017c spotkania, a jego przebieg us\u0142yszeli\u015bmy w dzisiejszej Ewangelii. To <b>Filip, ucze\u0144 Pana Jezusa, p\u00f3\u017aniejszy Aposto\u0142, przyprowadzi\u0142 Natanaela do Chrystusa <\/b>i dlatego zawsze w wykazie Aposto\u0142\u00f3w Natanael znajduje si\u0119 tu\u017c za Filipem. Niekt\u00f3rzy uwa\u017caj\u0105, \u017ce to w\u0142a\u015bnie na weselu Natanaela w Kanie by\u0142 Chrystus z uczniami i Matk\u0105, i na Jej pro\u015bb\u0119 dokona\u0142 pierwszego cudu.<\/span><\/span><\/span><\/p>\n<p align=\"justify\"><span style=\"color: #000000;\"><span style=\"font-family: Book Antiqua, serif;\"><span style=\"font-size: large;\">Z us\u0142yszanego dzi\u015b przez nas opisu pierwszego spotkania wynika, \u017ce <b>Natanael nie by\u0142 zbyt pozytywnie nastawiony do mieszka\u0144c\u00f3w Nazaretu. <\/b>Kiedy jednak us\u0142ysza\u0142 s\u0142owa Jezusa i pozna\u0142, \u017ce Ten przenikn\u0105\u0142 g\u0142\u0119bi\u0119 jego serca i duszy, <b>od razu zdecydowanie w Niego i Jemu uwierzy\u0142. <\/b>\u015awiadczy to o wielkiej jego prawo\u015bci i otwarciu na dzia\u0142anie \u0142aski Bo\u017cej. <b>Odt\u0105d ju\u017c na zawsze pozosta\u0142 przy <\/b><b>Jezusie <\/b><b>Chrystusie. <\/b>\u015awi\u0119ty Jan Ewangelista wspomina jeszcze, \u017ce Natanael bra\u0142 udzia\u0142 w cudownym po\u0142owie ryb na jeziorze Genezaret po Zmartwychwstaniu Pana.<\/span><\/span><\/span><\/p>\n<p align=\"justify\"><span style=\"color: #000000;\"><span style=\"font-family: Book Antiqua, serif;\"><span style=\"font-size: large;\"><b>Tradycja chrze\u015bcija\u0144ska <\/b>ma niewiele do powiedzenia o naszym dzisiejszym Patronie.<b> <\/b>Zainteresowanie innymi Aposto\u0142ami jest znacznie wi\u0119ksze, za\u015b <b>posta\u0107 Bart\u0142omieja pozostaje raczej w cieniu. <\/b>W niekt\u00f3rych przekazach mo\u017cna znale\u017a\u0107 informacj\u0119, i\u017c g\u0142osi\u0142 nauk\u0119 Jezusa w Etiopii, w innych \u2013 \u017ce w Arabii Saudyjskiej. Jeszcze inni s\u0105 zdania, \u017ce \u015awi\u0119ty Bart\u0142omiej pracowa\u0142 w\u015br\u00f3d Part\u00f3w i w Mezopotamii. Ta rozbie\u017cno\u015b\u0107 pokazuje, jak <b>ma\u0142o wiemy o losach Aposto\u0142a<\/b> po Wniebowst\u0105pieniu Pa\u0144skim.<\/span><\/span><\/span><\/p>\n<p align=\"justify\"><span style=\"color: #000000;\"><span style=\"font-family: Book Antiqua, serif;\"><span style=\"font-size: large;\">Jako <b>przypuszczaln\u0105 dat\u0119 <\/b><b>jego m\u0119cze\u0144skiej <\/b><b>\u015bmierci podaje si\u0119 rok 70. <\/b>Zaraz po \u015bmierci zacz\u0119to czci\u0107 go jako m\u0119czennika za wiar\u0119 Chrystusow\u0105. Jego za\u015b kult datuje si\u0119 od V wieku.<\/span><\/span><\/span><\/p>\n<p align=\"justify\"><span style=\"color: #000000;\"><span style=\"font-family: Book Antiqua, serif;\"><span style=\"font-size: large;\">Ws\u0142uchani w Bo\u017ce s\u0142owo dzisiejszej liturgii, mo\u017cemy je odnie\u015b\u0107 bardzo bezpo\u015brednio do dzisiejszego Patrona. A w\u0142a\u015bciwie, to <b>jego samego i jego \u017cycie \u2013 odnie\u015b\u0107 do tego\u017c S\u0142owa. <\/b>Zw\u0142aszcza, je\u015bli ono \u2013 w przypadku Ewangelii \u2013 <b>m\u00f3wi o Bart\u0142omieju wprost. <\/b>I pokazuj\u0119 t\u0119 jego \u2013 wspomnian\u0105 ju\u017c \u2013 do\u015b\u0107 <b>du\u017c\u0105 rezerw\u0119, <\/b>z jak\u0105 odnosi\u0142 si\u0119 do mieszka\u0144c\u00f3w Nazaretu, ale kt\u00f3ra nie okaza\u0142a si\u0119 \u017cadn\u0105 przeszkod\u0105 do tego, by <b>naprawd\u0119 i od razu uwierzy\u0142<\/b> w Jezusa Chrystusa, kiedy tylko Ten przekona\u0142 go do siebie. <\/span><\/span><\/span><\/p>\n<p align=\"justify\"><span style=\"color: #000000;\"><span style=\"font-family: Book Antiqua, serif;\"><span style=\"font-size: large;\">A przekona\u0142 w spos\u00f3b sobie w\u0142a\u015bciwy, czyli <b>g\u0142\u0119boki i wewn\u0119trzny, <\/b>objawiaj\u0105c Bart\u0142omiejowi, \u017ce tak naprawd\u0119 <b>wszystko o nim wie,<\/b> \u017ce go dobrze zna, \u017ce zna r\u00f3\u017cne fakty z jego \u017cycia, kt\u00f3rych inni nie znaj\u0105, a dzisiaj zosta\u0142o to zasygnalizowane poprzez wspomnienie czego\u015b, co \u201ekiedy\u015b tam\u201d wydarzy\u0142o si\u0119 <i><b>pod drzewem figowym\u2026<\/b><\/i> <\/span><\/span><\/span><\/p>\n<p align=\"justify\"><span style=\"color: #000000;\"><span style=\"font-family: Book Antiqua, serif;\"><span style=\"font-size: large;\">Ale te\u017c chyba bardzo wa\u017cnym by\u0142o to, \u017ce Jezus dostrzeg\u0142 w Bart\u0142omieju <b>dobrego cz\u0142owieka. <\/b>Jak\u017ce buduj\u0105co brzmi\u0105 te s\u0142owa: <i><b>Patrz, to prawdziwy Izraelita, w kt\u00f3rym nie ma podst\u0119pu.<\/b><\/i><b> <\/b>Jezus wypowiedzia\u0142 je w momencie, kiedy Bart\u0142omiej \u2013 Natanael zbli\u017ca\u0142 si\u0119 do Niego jeszcze pe\u0142en <b>waha\u0144, opor\u00f3w i wspomnianego dystansu<\/b> (\u017ceby nie powiedzie\u0107: niech\u0119ci), a Jezus tak od razu do niego z tymi<b> pi\u0119knymi i podnosz\u0105cymi na duchu<\/b> s\u0142owami! Bo chyba ka\u017cdy z nas jest na duchu mocno podniesiony i doceniony, kiedy kto\u015b powie o nim tak dobre s\u0142owo. Kiedy kto\u015b go doceni. Kiedy kto\u015b <b>dostrze\u017ce w nim dobro. <\/b><\/span><\/span><\/span><\/p>\n<p align=\"justify\"><span style=\"color: #000000;\"><span style=\"font-family: Book Antiqua, serif;\"><span style=\"font-size: large;\">Jezus to w\u0142a\u015bnie uczyni\u0142. I na pewno \u2013 <b>nie na pokaz, <\/b>nie dla sprawienia jedynie przyjemno\u015bci Bart\u0142omiejowi. Z ca\u0142\u0105 pewno\u015bci\u0105 \u2013 mia\u0142 ku temu podstawy. A skoro tak, to <b>czemu\u017c by tego nie wyrazi\u0107 publicznie?<\/b> Czemu\u017c by to ukrywa\u0107? Gorzej, gdyby si\u0119 nie mia\u0142o nic dobrego do powiedzenia i <b>trzeba by naci\u0105ga\u0107 fakty, <\/b>albo fa\u0142szywie \u201ekadzi\u0107\u201d\u2026 Skoro jednak mo\u017cna co\u015b dobrego powiedzie\u0107, to zdecydowanie trzeba to uczyni\u0107. <b>Ka\u017cd\u0105 tak\u0105 okazj\u0119 wykorzysta\u0107 \u2013 ku dobremu, <\/b>ku budowaniu wzajemnych wi\u0119zi. <\/span><\/span><\/span><\/p>\n<p align=\"justify\"><span style=\"color: #000000;\"><span style=\"font-family: Book Antiqua, serif;\"><span style=\"font-size: large;\">I oto widzimy, \u017ce ta wi\u0119\u017a powsta\u0142a \u2013 i to w\u0142a\u015bciwie od razu. Bo <b>po s\u0142owach Jezusa<\/b> \u2013 jednych i drugich, a wi\u0119c tych, <b>chwal\u0105cych<\/b> postaw\u0119 Bart\u0142omieja, jak i tych, <b>wyjawiaj\u0105cych fakty<\/b> z jego przesz\u0142o\u015bci \u2013 jego odpowiedzi\u0105, dan\u0105 Jezusowi, by\u0142y te s\u0142owa: <i><b>Rabbi, Ty jeste\u015b Synem Bo\u017cym, Ty jeste\u015b kr\u00f3lem Izraela!<\/b><\/i><b> <\/b>Potem, przez ca\u0142e swe \u017cycie, s\u0142owa te potwierdza\u0142 swoj\u0105 postaw\u0105, swoj\u0105 prac\u0105 i zaanga\u017cowaniem w dzie\u0142o apostolskie. <\/span><\/span><\/span><\/p>\n<p align=\"justify\"><span style=\"color: #000000;\"><span style=\"font-family: Book Antiqua, serif;\"><span style=\"font-size: large;\">Dlatego \u015awi\u0119ty Jan, w swojej apokaliptycznej wizji, o kt\u00f3rej m\u00f3wi w pierwszym dzisiejszym czytaniu, ujrza\u0142 <i><b>Miasto <\/b><\/i><i><b>\u015b<\/b><\/i><i><b>wi\u0119te, Jeruzalem, zst\u0119puj\u0105ce z nieba od Boga, maj\u0105ce chwa\u0142\u0119 Boga. \u0179r\u00f3d\u0142o jego \u015bwiat\u0142a podobne do kamienia drogocennego, jakby do jaspisu o przejrzysto\u015bci kryszta\u0142u. Mia\u0142o ono mur wielki a wysoki, mia\u0142o dwana\u015bcie bram, a na bramach dwunastu anio\u0142\u00f3w i wypisane imiona, kt\u00f3re s\u0105 imionami dwunastu pokole\u0144 syn\u00f3w Izraela. Od wschodu trzy bramy i od p\u00f3\u0142nocy trzy bramy, i od po\u0142udnia trzy bramy, i od zachodu trzy bramy. A mur Miasta ma dwana\u015bcie warstw fundamentu, a na nich dwana\u015bcie imion dwunastu aposto\u0142\u00f3w Baranka.<\/b><\/i><b> <\/b><\/span><\/span><\/span><\/p>\n<p align=\"justify\"><span style=\"color: #000000;\"><span style=\"font-family: Book Antiqua, serif;\"><span style=\"font-size: large;\">Jednym z tych imion jest <b>Natanael, bar Tolmai. <\/b>Widzimy zatem blask chwa\u0142y Nieba, a w nim <b>ja\u015bniej\u0105ce imiona Aposto\u0142\u00f3w,<\/b> tworz\u0105cych <b>fundamenty i filary <\/b>duchowej budowli Ko\u015bcio\u0142a. Jest to zatem wizja <b>wielka i chwalebna.<\/b> Aposto\u0142owie w chwale Nieba zajmuj\u0105 owo <b>szczeg\u00f3lne miejsce, <\/b>o jakim Autor Apokalipsy stara si\u0119 \u2013 jak umie \u2013 opowiedzie\u0107. I na pewno odczuwamy jako\u015b wewn\u0119trznie <b>wielko\u015b\u0107 tej wizji, jej <\/b><b>majestatyczno\u015b\u0107, <\/b><b>tajemniczo\u015b\u0107 <\/b><b>i niezwyk\u0142o\u015b\u0107; <\/b>w taki r\u00f3wnie\u017c spos\u00f3b postrzegamy obecno\u015b\u0107 w tej wizji i w tym miejscu naszego dzisiejszego Patrona. <\/span><\/span><\/span><\/p>\n<p align=\"justify\"><span style=\"color: #000000;\"><span style=\"font-family: Book Antiqua, serif;\"><span style=\"font-size: large;\">Dlatego <b>a\u017c trudno uwierzy\u0107, \u017ce na pocz\u0105tku jego drogi<\/b> do zaj\u0119cia tego miejsca i otrzymania tej chwa\u0142y i tego blasku by\u0142o zimne i nacechowane niech\u0119ci\u0105 pytanie, dotycz\u0105ce Jezusa: <i><b>Czy\u017c mo\u017ce by\u0107 co dobrego z Nazaretu? <\/b><\/i>Okaza\u0142o si\u0119, \u017ce mo\u017ce! I \u017ce ten, kt\u00f3ry to pytanie zada\u0142, tak\u017ce <b>du\u017co dobra ma w sobie.<\/b> I \u017ce ju\u017c potem \u2013 pomi\u0119dzy nim, jako tym, <i><b>w kt\u00f3rym nie ma podst\u0119pu,<\/b><\/i> a pomi\u0119dzy <b>Tym, kt\u00f3ry jest z Nazaretu<\/b> i kt\u00f3ry jednak okaza\u0142 si\u0119 dobrym \u2013 powsta\u0142a tak wielka wi\u0119\u017a, si\u0119gaj\u0105ca chwa\u0142y Nieba! <\/span><\/span><\/span><\/p>\n<p align=\"justify\"><span style=\"color: #000000;\"><span style=\"font-family: Book Antiqua, serif;\"><span style=\"font-size: large;\">Zatem, moi Drodzy, my te\u017c <b>nie musimy si\u0119 obawia\u0107 swoich pyta\u0144<\/b> i swoich w\u0105tpliwo\u015bci, tylko zawsze i w szczero\u015bci serca i\u015b\u0107 z nimi do Jezusa. One <b>w niczym nie musz\u0105 przeszkodzi\u0107,<\/b> gdy idzie o budowanie wi\u0119zi z Jezusem. A cz\u0119sto \u2013 paradoksalnie \u2013 <b>bardzo<\/b> <b>pomog\u0105.<\/b> Bo z takich pyta\u0144 i w\u0105tpliwo\u015bci zwykle rodzi si\u0119<b> dociekliwo\u015b\u0107 i pragnienie dowiedzenia si\u0119<\/b> <b>wi\u0119cej,<\/b> pragnienie bli\u017cszego poznania. Oczywi\u015bcie \u2013 to mocno podkre\u015blmy \u2013 m\u00f3wimy <b>o prawdziwych w\u0105tpliwo\u015bciach i dylematach,<\/b> kt\u00f3re rodz\u0105 si\u0119 w naszych sercach i kt\u00f3re <b>chcemy z pomoc\u0105 Bo\u017c\u0105 wyja\u015bnia\u0107, a nie o z\u0142o\u015bliwym i wrogim czepianiu si\u0119,<\/b> negowaniu wszystkiego dla samej zasady i ch\u0119ci postawienia na swoim za wszelk\u0105 cen\u0119. <\/span><\/span><\/span><\/p>\n<p align=\"justify\"><span style=\"color: #000000;\"><span style=\"font-family: Book Antiqua, serif;\"><span style=\"font-size: large;\">Je\u017celi mamy do czynienia z prawdziwymi dylematami \u2013 cho\u0107by nie wiadomo, jak du\u017cymi \u2013 kt\u00f3re <b>n<\/b><b>aprawd\u0119 chcemy wyja\u015bni\u0107 <\/b>z pomoc\u0105 i udzia\u0142em Jezusa, to wyjdzie nam to tylko na dobre. I jeszcze mo\u017ce bardziej zbli\u017cymy si\u0119 do Niego, <b>ani\u017celi ci, kt\u00f3rym si\u0119 wydaje, \u017ce wszystko wiedz\u0105, <\/b>wszystko rozumiej\u0105, \u017cadnych pyta\u0144 nie maj\u0105, a w\u0142a\u015bciwie to ju\u017c s\u0105 niemal\u017ce \u015bwi\u0119ci za \u017cycia. <\/span><\/span><\/span><\/p>\n<p align=\"justify\"><span style=\"color: #000000;\"><span style=\"font-family: Book Antiqua, serif;\"><span style=\"font-size: large;\">Nie b\u00f3jmy si\u0119 naszych pyta\u0144 \u2013 i naszej dociekliwo\u015bci! Niech jej <b>towarzyszy szczero\u015b\u0107 naszego serca<\/b> \u2013 \u00f3w <b>brak podst\u0119pu,<\/b> kt\u00f3ry Jezus doceni\u0142 u dzisiejszego naszego Patrona. Oby i o nas m\u00f3g\u0142 to powiedzie\u0107. I oby zawsze znalaz\u0142 w nas s\u0142uchaczy, kt\u00f3rzy Jego s\u0142owo i Jego odpowiedzi na nasze pytania \u2013 <b>b\u0119d\u0105 przyjmowa\u0107 z otwartymi i szczerymi sercami. <\/b><\/span><\/span><\/span><\/p>\n<p align=\"justify\"><span style=\"color: #000000;\"><span style=\"font-family: Book Antiqua, serif;\"><span style=\"font-size: large;\">To jest w\u0142a\u015bnie <b>prosta droga do Jezusa:<\/b> tu, na ziemi \u2013 i na ca\u0142\u0105 wieczno\u015b\u0107! <\/span><\/span><\/span><\/p>\n","protected":false},"excerpt":{"rendered":"<p>Szcz\u0119\u015b\u0107 Bo\u017ce! Moi Drodzy, w dniu dzisiejszym imieniny prze\u017cywaj\u0105: \u25baBart\u0142omiej Przybysz &#8211; zaanga\u017cowany w swoim czasie w dzia\u0142alno\u015b\u0107 m\u0142odzie\u017cow\u0105 Wsp\u00f3lnoty w Tr\u0105bkach; \u25baBart\u0142omiej G\u00f3rski \u2013 jak wy\u017cej; \u25baBart\u0142omiej Szmit \u2013 Lektor w Parafii w Ciepielowie. \u017bycz\u0119 Solenizantom, aby tak, jak Ich Patron, byli zawsze blisko Jezusa \u2013 i aby byli odwa\u017cni w dawaniu \u015bwiadectwa o [&hellip;]<\/p>\n","protected":false},"author":1,"featured_media":0,"comment_status":"open","ping_status":"open","sticky":false,"template":"","format":"standard","meta":{"jetpack_post_was_ever_published":false,"_jetpack_newsletter_access":"","_jetpack_dont_email_post_to_subs":false,"_jetpack_newsletter_tier_id":0,"_jetpack_memberships_contains_paywalled_content":false,"_jetpack_memberships_contains_paid_content":false,"footnotes":""},"categories":[1],"tags":[],"class_list":["post-21818","post","type-post","status-publish","format-standard","hentry","category-bez-kategorii"],"yoast_head":"<!-- This site is optimized with the Yoast SEO plugin v25.1 - https:\/\/yoast.com\/wordpress\/plugins\/seo\/ -->\n<title>O dylematach Bart\u0142omieja... - Gaudium Et Spes<\/title>\n<meta name=\"robots\" content=\"index, follow, max-snippet:-1, max-image-preview:large, max-video-preview:-1\" \/>\n<link rel=\"canonical\" href=\"https:\/\/gaudiumetspes-blog.pl\/index.php\/2023\/08\/24\/o-dylematach-bartlomieja\/\" \/>\n<meta property=\"og:locale\" content=\"pl_PL\" \/>\n<meta property=\"og:type\" content=\"article\" \/>\n<meta property=\"og:title\" content=\"O dylematach Bart\u0142omieja... - Gaudium Et Spes\" \/>\n<meta property=\"og:description\" content=\"Szcz\u0119\u015b\u0107 Bo\u017ce! Moi Drodzy, w dniu dzisiejszym imieniny prze\u017cywaj\u0105: \u25baBart\u0142omiej Przybysz &#8211; zaanga\u017cowany w swoim czasie w dzia\u0142alno\u015b\u0107 m\u0142odzie\u017cow\u0105 Wsp\u00f3lnoty w Tr\u0105bkach; \u25baBart\u0142omiej G\u00f3rski \u2013 jak wy\u017cej; \u25baBart\u0142omiej Szmit \u2013 Lektor w Parafii w Ciepielowie. \u017bycz\u0119 Solenizantom, aby tak, jak Ich Patron, byli zawsze blisko Jezusa \u2013 i aby byli odwa\u017cni w dawaniu \u015bwiadectwa o [&hellip;]\" \/>\n<meta property=\"og:url\" content=\"https:\/\/gaudiumetspes-blog.pl\/index.php\/2023\/08\/24\/o-dylematach-bartlomieja\/\" \/>\n<meta property=\"og:site_name\" content=\"Gaudium Et Spes\" \/>\n<meta property=\"article:published_time\" content=\"2023-08-24T05:29:45+00:00\" \/>\n<meta name=\"author\" content=\"Ks. Jacek\" \/>\n<meta name=\"twitter:card\" content=\"summary_large_image\" \/>\n<meta name=\"twitter:label1\" content=\"Napisane przez\" \/>\n\t<meta name=\"twitter:data1\" content=\"Ks. Jacek\" \/>\n\t<meta name=\"twitter:label2\" content=\"Szacowany czas czytania\" \/>\n\t<meta name=\"twitter:data2\" content=\"11 minut\" \/>\n<script type=\"application\/ld+json\" class=\"yoast-schema-graph\">{\"@context\":\"https:\/\/schema.org\",\"@graph\":[{\"@type\":\"WebPage\",\"@id\":\"https:\/\/gaudiumetspes-blog.pl\/index.php\/2023\/08\/24\/o-dylematach-bartlomieja\/\",\"url\":\"https:\/\/gaudiumetspes-blog.pl\/index.php\/2023\/08\/24\/o-dylematach-bartlomieja\/\",\"name\":\"O dylematach Bart\u0142omieja... - Gaudium Et Spes\",\"isPartOf\":{\"@id\":\"https:\/\/gaudiumetspes-blog.pl\/#website\"},\"datePublished\":\"2023-08-24T05:29:45+00:00\",\"author\":{\"@id\":\"https:\/\/gaudiumetspes-blog.pl\/#\/schema\/person\/1661982992b752dea8dff0d4ed845a65\"},\"breadcrumb\":{\"@id\":\"https:\/\/gaudiumetspes-blog.pl\/index.php\/2023\/08\/24\/o-dylematach-bartlomieja\/#breadcrumb\"},\"inLanguage\":\"pl-PL\",\"potentialAction\":[{\"@type\":\"ReadAction\",\"target\":[\"https:\/\/gaudiumetspes-blog.pl\/index.php\/2023\/08\/24\/o-dylematach-bartlomieja\/\"]}]},{\"@type\":\"BreadcrumbList\",\"@id\":\"https:\/\/gaudiumetspes-blog.pl\/index.php\/2023\/08\/24\/o-dylematach-bartlomieja\/#breadcrumb\",\"itemListElement\":[{\"@type\":\"ListItem\",\"position\":1,\"name\":\"Strona g\u0142\u00f3wna\",\"item\":\"https:\/\/gaudiumetspes-blog.pl\/\"},{\"@type\":\"ListItem\",\"position\":2,\"name\":\"O&nbsp;dylematach Bart\u0142omieja&#8230;\"}]},{\"@type\":\"WebSite\",\"@id\":\"https:\/\/gaudiumetspes-blog.pl\/#website\",\"url\":\"https:\/\/gaudiumetspes-blog.pl\/\",\"name\":\"Gaudium Et Spes\",\"description\":\"Blog Ks. Jacka Ja\u015bkowskiego\",\"potentialAction\":[{\"@type\":\"SearchAction\",\"target\":{\"@type\":\"EntryPoint\",\"urlTemplate\":\"https:\/\/gaudiumetspes-blog.pl\/?s={search_term_string}\"},\"query-input\":{\"@type\":\"PropertyValueSpecification\",\"valueRequired\":true,\"valueName\":\"search_term_string\"}}],\"inLanguage\":\"pl-PL\"},{\"@type\":\"Person\",\"@id\":\"https:\/\/gaudiumetspes-blog.pl\/#\/schema\/person\/1661982992b752dea8dff0d4ed845a65\",\"name\":\"Ks. Jacek\",\"image\":{\"@type\":\"ImageObject\",\"inLanguage\":\"pl-PL\",\"@id\":\"https:\/\/gaudiumetspes-blog.pl\/#\/schema\/person\/image\/\",\"url\":\"https:\/\/gaudiumetspes-blog.pl\/wp-content\/uploads\/2019\/07\/avatar-JJ-150x150.jpg\",\"contentUrl\":\"https:\/\/gaudiumetspes-blog.pl\/wp-content\/uploads\/2019\/07\/avatar-JJ-150x150.jpg\",\"caption\":\"Ks. Jacek\"},\"description\":\"Witam serdecznie! K\u0142ania si\u0119 Ks. Jacek Ja\u015bkowski. Nie jestem ani kim\u015b wa\u017cnym, ani kim\u015b znanym. Jestem ksi\u0119dzem, kt\u00f3ry po prostu chce rozmawia\u0107. Codzienna kap\u0142a\u0144ska pos\u0142uga pokazuje mi, \u017ce temat\u00f3w do rozm\u00f3w z ksi\u0119dzem jest coraz wi\u0119cej i dzisiaj \u017caden ksi\u0105dz nie mo\u017ce od nich ucieka\u0107, ale - wprost przeciwnie - podejmowa\u0107 nowe wyzwania. To przekonanie sk\u0142oni\u0142o mnie do pr\u00f3by otwarcia tego\u017c bloga, chocia\u017c okazji do rozm\u00f3w na co dzie\u0144 - w konfesjonale i poza nim - na szcz\u0119\u015bcie nie brakuje. My\u015bl\u0119 jednak, \u017ce ten blog b\u0119dzie jeszcze jednym sposobem i przestrzeni\u0105 nawi\u0105zania kontaktu z lud\u017ami dobrej woli, otwartymi na dialog.\",\"url\":\"https:\/\/gaudiumetspes-blog.pl\/index.php\/author\/ks-jacek\/\"}]}<\/script>\n<!-- \/ Yoast SEO plugin. -->","yoast_head_json":{"title":"O dylematach Bart\u0142omieja... - Gaudium Et Spes","robots":{"index":"index","follow":"follow","max-snippet":"max-snippet:-1","max-image-preview":"max-image-preview:large","max-video-preview":"max-video-preview:-1"},"canonical":"https:\/\/gaudiumetspes-blog.pl\/index.php\/2023\/08\/24\/o-dylematach-bartlomieja\/","og_locale":"pl_PL","og_type":"article","og_title":"O dylematach Bart\u0142omieja... - Gaudium Et Spes","og_description":"Szcz\u0119\u015b\u0107 Bo\u017ce! Moi Drodzy, w dniu dzisiejszym imieniny prze\u017cywaj\u0105: \u25baBart\u0142omiej Przybysz &#8211; zaanga\u017cowany w swoim czasie w dzia\u0142alno\u015b\u0107 m\u0142odzie\u017cow\u0105 Wsp\u00f3lnoty w Tr\u0105bkach; \u25baBart\u0142omiej G\u00f3rski \u2013 jak wy\u017cej; \u25baBart\u0142omiej Szmit \u2013 Lektor w Parafii w Ciepielowie. \u017bycz\u0119 Solenizantom, aby tak, jak Ich Patron, byli zawsze blisko Jezusa \u2013 i aby byli odwa\u017cni w dawaniu \u015bwiadectwa o [&hellip;]","og_url":"https:\/\/gaudiumetspes-blog.pl\/index.php\/2023\/08\/24\/o-dylematach-bartlomieja\/","og_site_name":"Gaudium Et Spes","article_published_time":"2023-08-24T05:29:45+00:00","author":"Ks. Jacek","twitter_card":"summary_large_image","twitter_misc":{"Napisane przez":"Ks. Jacek","Szacowany czas czytania":"11 minut"},"schema":{"@context":"https:\/\/schema.org","@graph":[{"@type":"WebPage","@id":"https:\/\/gaudiumetspes-blog.pl\/index.php\/2023\/08\/24\/o-dylematach-bartlomieja\/","url":"https:\/\/gaudiumetspes-blog.pl\/index.php\/2023\/08\/24\/o-dylematach-bartlomieja\/","name":"O dylematach Bart\u0142omieja... - Gaudium Et Spes","isPartOf":{"@id":"https:\/\/gaudiumetspes-blog.pl\/#website"},"datePublished":"2023-08-24T05:29:45+00:00","author":{"@id":"https:\/\/gaudiumetspes-blog.pl\/#\/schema\/person\/1661982992b752dea8dff0d4ed845a65"},"breadcrumb":{"@id":"https:\/\/gaudiumetspes-blog.pl\/index.php\/2023\/08\/24\/o-dylematach-bartlomieja\/#breadcrumb"},"inLanguage":"pl-PL","potentialAction":[{"@type":"ReadAction","target":["https:\/\/gaudiumetspes-blog.pl\/index.php\/2023\/08\/24\/o-dylematach-bartlomieja\/"]}]},{"@type":"BreadcrumbList","@id":"https:\/\/gaudiumetspes-blog.pl\/index.php\/2023\/08\/24\/o-dylematach-bartlomieja\/#breadcrumb","itemListElement":[{"@type":"ListItem","position":1,"name":"Strona g\u0142\u00f3wna","item":"https:\/\/gaudiumetspes-blog.pl\/"},{"@type":"ListItem","position":2,"name":"O&nbsp;dylematach Bart\u0142omieja&#8230;"}]},{"@type":"WebSite","@id":"https:\/\/gaudiumetspes-blog.pl\/#website","url":"https:\/\/gaudiumetspes-blog.pl\/","name":"Gaudium Et Spes","description":"Blog Ks. Jacka Ja\u015bkowskiego","potentialAction":[{"@type":"SearchAction","target":{"@type":"EntryPoint","urlTemplate":"https:\/\/gaudiumetspes-blog.pl\/?s={search_term_string}"},"query-input":{"@type":"PropertyValueSpecification","valueRequired":true,"valueName":"search_term_string"}}],"inLanguage":"pl-PL"},{"@type":"Person","@id":"https:\/\/gaudiumetspes-blog.pl\/#\/schema\/person\/1661982992b752dea8dff0d4ed845a65","name":"Ks. Jacek","image":{"@type":"ImageObject","inLanguage":"pl-PL","@id":"https:\/\/gaudiumetspes-blog.pl\/#\/schema\/person\/image\/","url":"https:\/\/gaudiumetspes-blog.pl\/wp-content\/uploads\/2019\/07\/avatar-JJ-150x150.jpg","contentUrl":"https:\/\/gaudiumetspes-blog.pl\/wp-content\/uploads\/2019\/07\/avatar-JJ-150x150.jpg","caption":"Ks. Jacek"},"description":"Witam serdecznie! K\u0142ania si\u0119 Ks. Jacek Ja\u015bkowski. Nie jestem ani kim\u015b wa\u017cnym, ani kim\u015b znanym. Jestem ksi\u0119dzem, kt\u00f3ry po prostu chce rozmawia\u0107. Codzienna kap\u0142a\u0144ska pos\u0142uga pokazuje mi, \u017ce temat\u00f3w do rozm\u00f3w z ksi\u0119dzem jest coraz wi\u0119cej i dzisiaj \u017caden ksi\u0105dz nie mo\u017ce od nich ucieka\u0107, ale - wprost przeciwnie - podejmowa\u0107 nowe wyzwania. To przekonanie sk\u0142oni\u0142o mnie do pr\u00f3by otwarcia tego\u017c bloga, chocia\u017c okazji do rozm\u00f3w na co dzie\u0144 - w konfesjonale i poza nim - na szcz\u0119\u015bcie nie brakuje. My\u015bl\u0119 jednak, \u017ce ten blog b\u0119dzie jeszcze jednym sposobem i przestrzeni\u0105 nawi\u0105zania kontaktu z lud\u017ami dobrej woli, otwartymi na dialog.","url":"https:\/\/gaudiumetspes-blog.pl\/index.php\/author\/ks-jacek\/"}]}},"jetpack_featured_media_url":"","jetpack_sharing_enabled":true,"_links":{"self":[{"href":"https:\/\/gaudiumetspes-blog.pl\/index.php\/wp-json\/wp\/v2\/posts\/21818","targetHints":{"allow":["GET"]}}],"collection":[{"href":"https:\/\/gaudiumetspes-blog.pl\/index.php\/wp-json\/wp\/v2\/posts"}],"about":[{"href":"https:\/\/gaudiumetspes-blog.pl\/index.php\/wp-json\/wp\/v2\/types\/post"}],"author":[{"embeddable":true,"href":"https:\/\/gaudiumetspes-blog.pl\/index.php\/wp-json\/wp\/v2\/users\/1"}],"replies":[{"embeddable":true,"href":"https:\/\/gaudiumetspes-blog.pl\/index.php\/wp-json\/wp\/v2\/comments?post=21818"}],"version-history":[{"count":1,"href":"https:\/\/gaudiumetspes-blog.pl\/index.php\/wp-json\/wp\/v2\/posts\/21818\/revisions"}],"predecessor-version":[{"id":21819,"href":"https:\/\/gaudiumetspes-blog.pl\/index.php\/wp-json\/wp\/v2\/posts\/21818\/revisions\/21819"}],"wp:attachment":[{"href":"https:\/\/gaudiumetspes-blog.pl\/index.php\/wp-json\/wp\/v2\/media?parent=21818"}],"wp:term":[{"taxonomy":"category","embeddable":true,"href":"https:\/\/gaudiumetspes-blog.pl\/index.php\/wp-json\/wp\/v2\/categories?post=21818"},{"taxonomy":"post_tag","embeddable":true,"href":"https:\/\/gaudiumetspes-blog.pl\/index.php\/wp-json\/wp\/v2\/tags?post=21818"}],"curies":[{"name":"wp","href":"https:\/\/api.w.org\/{rel}","templated":true}]}}