{"id":21883,"date":"2023-09-20T00:18:02","date_gmt":"2023-09-19T22:18:02","guid":{"rendered":"https:\/\/gaudiumetspes-blog.pl\/?p=21883"},"modified":"2023-09-19T21:35:23","modified_gmt":"2023-09-19T19:35:23","slug":"umysl-jasny-i-serce-otwarte","status":"publish","type":"post","link":"https:\/\/gaudiumetspes-blog.pl\/index.php\/2023\/09\/20\/umysl-jasny-i-serce-otwarte\/","title":{"rendered":"Umys\u0142 jasny i serce otwarte&#8230;"},"content":{"rendered":"<p align=\"justify\"><span style=\"color: #000000;\"><span style=\"font-family: Book Antiqua, serif;\"><span style=\"font-size: large;\">Szcz\u0119\u015b\u0107 Bo\u017ce! Moi Drodzy, w dniu dzisiejszym <strong>urodziny prze\u017cywa Sebastian Gruszczy\u0144ski, w swoim czasie: Wiceprezes S\u0142u\u017cby liturgicznej w Miastkowie Ko\u015bcielnym. \u017bycz\u0119 serca otwartego i jasnego umys\u0142u, otwartego na Jezusa \u2013 o czym wi\u0119cej w rozwa\u017caniu. Zapewniam o modlitwie!<\/strong><\/span><\/span><\/span><\/p>\n<p align=\"justify\"><span style=\"color: #000000;\"><span style=\"font-family: Book Antiqua, serif;\"><span style=\"font-size: large;\">I Was wszystkich tak\u017ce zapewniam o modlitwie \u2013 tu, w Kodniu, gdzie prze\u017cywam swoje osobiste rekolekcje kap\u0142a\u0144skie. Polecam si\u0119 tak\u017ce Waszym modlitwom. Pami\u0119tajcie r\u00f3wnie\u017c o przygotowywanym Kode\u0144skim Wieczerniku Akademickim:<\/span><\/span><\/span><\/p>\n<p align=\"justify\"><span style=\"color: #000000;\"><span style=\"font-family: Book Antiqua, serif;\"><span style=\"font-size: medium;\"><a href=\"https:\/\/podlasie24.pl\/kosciol\/kodenski-wieczernik-akademicki-20230919094706\"><span style=\"font-size: large;\"><b>https:\/\/podlasie24.pl\/kosciol\/kodenski-wieczernik-akademicki-20230919094706<\/b><\/span><\/a><\/span><\/span><\/span><\/p>\n<p align=\"justify\"><span style=\"color: #000000;\"><span style=\"font-family: Book Antiqua, serif;\"><span style=\"font-size: large;\">A teraz ju\u017c zapraszam do pochylenia si\u0119 nad Bo\u017cym s\u0142owem dzisiejszej liturgii. Oto s\u0142\u00f3wko Ksi\u0119dza Marka na dzi\u015b:<\/span><\/span><\/span><\/p>\n<p align=\"justify\"><span style=\"color: #000000;\"><span style=\"font-family: Book Antiqua, serif;\"><span style=\"font-size: medium;\"><a href=\"https:\/\/www.youtube.com\/c\/CatholicSurgut\"><span style=\"font-size: large;\"><span lang=\"zxx\"><u><b>https:\/\/www.youtube.com\/c\/CatholicSurgut<\/b><\/u><\/span><\/span><\/a><\/span><\/span><\/span><\/p>\n<p align=\"justify\"><span style=\"color: #000000;\"><span style=\"font-family: Book Antiqua, serif;\"><span style=\"font-size: large;\"><span lang=\"zxx\">Zatem, <\/span><span lang=\"zxx\"><b>co dzi\u015b m\u00f3wi do mnie \u2013 w\u0142a\u015bnie do mnie, konkretnie i po imieniu \u2013 Pan w swoim s\u0142owie?<\/b><\/span><span lang=\"zxx\"> Duchu \u015awi\u0119ty, daj mi jasny umys\u0142 i otwarte serce!<\/span><\/span><\/span><\/span><\/p>\n<p align=\"justify\"><span style=\"color: #000000;\"><span style=\"font-family: Book Antiqua, serif;\"><span style=\"font-size: large;\"><b><span lang=\"zxx\">Niech Was b\u0142ogos\u0142awi B\u00f3g Wszechmog\u0105cy: Ojciec + i Syn, i Duch \u015awi\u0119ty. Amen<\/span><\/b><\/span><\/span><\/span><\/p>\n<p align=\"center\"><span style=\"color: #000000;\"><span style=\"font-family: Book Antiqua, serif;\"><span style=\"font-size: large;\"><span lang=\"zxx\">Gaudium et spes! Ks. Jacek<\/span><\/span><\/span><\/span><\/p>\n<p align=\"center\">\n<p align=\"center\">\n<p align=\"center\">\n<p align=\"center\">\n<p align=\"center\">\n<p align=\"justify\"><span style=\"color: #000000;\"><span style=\"font-family: Book Antiqua, serif;\"><span style=\"font-size: large;\"><b>\u015aroda 24 Tygodnia zwyk\u0142ego, rok I,<\/b><\/span><\/span><\/span><\/p>\n<p align=\"justify\"><span style=\"color: #000000;\"><span style=\"font-family: Book Antiqua, serif;\"><span style=\"font-size: large;\"><b>Wspomnienie \u015aw. M\u0119czennik\u00f3w: <\/b><\/span><\/span><\/span><\/p>\n<p align=\"justify\"><span style=\"color: #000000;\"><span style=\"font-family: Book Antiqua, serif;\"><span style=\"font-size: large;\"><b>Andrzeja Kim Taegon, Kap\u0142ana, <\/b><\/span><\/span><\/span><\/p>\n<p align=\"justify\"><span style=\"color: #000000;\"><span style=\"font-family: Book Antiqua, serif;\"><span style=\"font-size: large;\"><b>Paw\u0142a Chong Hasang i Towarzyszy,<\/b><\/span><\/span><\/span><\/p>\n<p align=\"justify\"><span style=\"color: #000000;\"><span style=\"font-family: Book Antiqua, serif;\"><span style=\"font-size: large;\"><b>20 wrze\u015bnia 2023.,<\/b><\/span><\/span><\/span><\/p>\n<p align=\"justify\"><span style=\"color: #000000;\"><span style=\"font-family: Book Antiqua, serif;\"><span style=\"font-size: large;\"><b>do czyta\u0144: 1 Tm 3,14\u201316; \u0141k 7,31\u201335<\/b><\/span><\/span><\/span><\/p>\n<p align=\"justify\">\n<p align=\"justify\">\n<p align=\"justify\">\n<p align=\"justify\">\n<p align=\"justify\">\n<p align=\"justify\"><span style=\"color: #000000;\"><span style=\"font-family: Book Antiqua, serif;\"><span style=\"font-size: large;\"><b>CZYTANIE Z PIERWSZEGO LISTU \u015aWI\u0118TEGO PAW\u0141A APOSTO\u0141A DO TYMOTEUSZA:<\/b><\/span><\/span><\/span><\/p>\n<p align=\"justify\"><span style=\"color: #000000;\"><span style=\"font-family: Book Antiqua, serif;\"><span style=\"font-size: large;\"><b>Najdro\u017cszy: Pisz\u0119 ci to wszystko spodziewaj\u0105c si\u0119 przyby\u0107 do ciebie mo\u017cliwie szybko. Gdybym za\u015b si\u0119 op\u00f3\u017ania\u0142, pisz\u0119, by\u015b wiedzia\u0142, jak nale\u017cy post\u0119powa\u0107 w domu Bo\u017cym, kt\u00f3ry jest Ko\u015bcio\u0142em Boga \u017cywego, filarem i podpor\u0105 prawdy.<\/b><\/span><\/span><\/span><\/p>\n<p align=\"justify\"><span style=\"color: #000000;\"><span style=\"font-family: Book Antiqua, serif;\"><span style=\"font-size: large;\"><b>A bez w\u0105tpienia wielka jest tajemnica pobo\u017cno\u015bci. Ten, kt\u00f3ry objawi\u0142 si\u0119 w ciele, usprawiedliwiony zosta\u0142 w Duchu, ukaza\u0142 si\u0119 anio\u0142om, og\u0142oszony zosta\u0142 poganom, znalaz\u0142 wiar\u0119 w \u015bwiecie, wzi\u0119ty zosta\u0142 w chwale.<\/b><\/span><\/span><\/span><\/p>\n<p align=\"justify\">\n<p align=\"justify\">\n<p align=\"justify\">\n<p align=\"justify\">\n<p align=\"justify\">\n<p align=\"justify\"><span style=\"color: #000000;\"><span style=\"font-family: Book Antiqua, serif;\"><span style=\"font-size: large;\"><b>S\u0141OWA EWANGELII WED\u0141UG \u015aWI\u0118TEGO \u0141UKASZA:<\/b><\/span><\/span><\/span><\/p>\n<p align=\"justify\"><span style=\"color: #000000;\"><span style=\"font-family: Book Antiqua, serif;\"><span style=\"font-size: large;\"><b>Po odej\u015bciu wys\u0142annik\u00f3w Jana Chrzciciela Jezus powiedzia\u0142 do t\u0142um\u00f3w: <\/b><\/span><\/span><\/span><\/p>\n<p align=\"justify\"><span style=\"color: #000000;\">\u201e<span style=\"font-family: Book Antiqua, serif;\"><span style=\"font-size: large;\"><b>Z kim wi\u0119c mam por\u00f3wna\u0107 ludzi tego pokolenia? Do kogo s\u0105 podobni? Podobni s\u0105 do dzieci, kt\u00f3re przebywaj\u0105 na rynku i g\u0142o\u015bno przymawiaj\u0105 jedne drugim: \u00abPrzygrywali\u015bmy wam, a nie ta\u0144czyli\u015bcie; biadali\u015bmy, a wy\u015bcie nie p\u0142akali\u00bb.<\/b><\/span><\/span><\/span><\/p>\n<p align=\"justify\"><span style=\"color: #000000;\"><span style=\"font-family: Book Antiqua, serif;\"><span style=\"font-size: large;\"><b>Przyszed\u0142 bowiem Jan Chrzciciel: nie jad\u0142 chleba i nie pi\u0142 wina; a wy m\u00f3wicie: \u00abZ\u0142y duch go op\u0119ta\u0142\u00bb. <\/b><\/span><\/span><\/span><\/p>\n<p align=\"justify\"><span style=\"color: #000000;\"><span style=\"font-family: Book Antiqua, serif;\"><span style=\"font-size: large;\"><b>Przyszed\u0142 Syn Cz\u0142owieczy: je i pije; a wy m\u00f3wicie: \u00abOto \u017car\u0142ok i pijak, przyjaciel celnik\u00f3w i grzesznik\u00f3w\u00bb. A jednak wszystkie dzieci m\u0105dro\u015bci przyzna\u0142y jej s\u0142uszno\u015b\u0107\u201d.<\/b><\/span><\/span><\/span><\/p>\n<p align=\"justify\">\n<p align=\"justify\">\n<p align=\"justify\">\n<p align=\"justify\">\n<p align=\"justify\">\n<p align=\"justify\"><span style=\"color: #000000;\"><span style=\"font-family: Book Antiqua, serif;\"><span style=\"font-size: large;\">Tymoteusz to bez w\u0105tpienia <b>jeden z najbli\u017cszych i najbardziej oddanych wsp\u00f3\u0142pracownik\u00f3w<\/b> Paw\u0142a Aposto\u0142a w dziele ewangelizacji. Pomimo m\u0142odego wieku i w\u0105t\u0142ego zdrowia, <b>przyj\u0105\u0142 on od swego duchowego mistrza <\/b><b>misj\u0119<\/b> kierowania gmin\u0105 chrze\u015bcija\u0144sk\u0105 w Efezie. A poniewa\u017c w tej Gminie \u2013 jak i w ka\u017cdej innej \u2013 co i raz pojawia\u0142y si\u0119 <b>r\u00f3\u017cnorakie trudno\u015bci i przeszkody<\/b> na drodze rozwoju Ko\u015bcio\u0142a i dzie\u0142a Bo\u017cego, przeto Pawe\u0142 stara\u0142 si\u0119 im na bie\u017c\u0105co zaradza\u0107. <\/span><\/span><\/span><\/p>\n<p align=\"justify\"><span style=\"color: #000000;\"><span style=\"font-family: Book Antiqua, serif;\"><span style=\"font-size: large;\">Niestety, nie by\u0142 w stanie <b>wsz\u0119dzie i w miar\u0119 sprawnie dotrze\u0107,<\/b> aby problemem owym zaradzi\u0107 osobi\u015bcie. Dlatego pisa\u0142 swoje Listy, w kt\u00f3rych dawa\u0142 wiele konkretnych wskaza\u0144. Tak o tym dzisiaj pisze do Tymoteusza: <i><b>Pisz\u0119 ci to wszystko spodziewaj\u0105c si\u0119 przyby\u0107 do ciebie mo\u017cliwie szybko. Gdybym za\u015b si\u0119 op\u00f3\u017ania\u0142, pisz\u0119, by\u015b wiedzia\u0142, jak nale\u017cy post\u0119powa\u0107 w domu Bo\u017cym, kt\u00f3ry jest Ko\u015bcio\u0142em Boga \u017cywego, filarem i podpor\u0105 prawdy.<\/b><\/i><b> <\/b><\/span><\/span><\/span><\/p>\n<p align=\"justify\"><span style=\"color: #000000;\"><span style=\"font-family: Book Antiqua, serif;\"><span style=\"font-size: large;\">Tak, bo dzie\u0142o jest na tyle wa\u017cne i na tyle wymaga troski, \u017ce <b>nie mo\u017cna pozwoli\u0107 sobie na poczekanie,<\/b> a\u017c Pawe\u0142 dojedzie na miejsce. <b>A co, je\u015bli nie dojedzie, <\/b>bo jakie\u015b przeszkody po drodze mu to uniemo\u017cliwi\u0105, albo problemy innej Gminy zatrzymaj\u0105 go tam na d\u0142u\u017cej? I co w\u00f3wczas? <b>Zawiesi\u0107 dzia\u0142alno\u015b\u0107 tej Wsp\u00f3lnoty, <\/b>kt\u00f3r\u0105 kieruje Tymoteusz, a\u017c do rozstrzygni\u0119cia, kt\u00f3re nast\u0105pi dopiero po przybyciu Paw\u0142a? <\/span><\/span><\/span><\/p>\n<p align=\"justify\"><span style=\"color: #000000;\"><span style=\"font-family: Book Antiqua, serif;\"><span style=\"font-size: large;\">Zdajemy sobie spraw\u0119, \u017ce takie rozwi\u0105zanie zupe\u0142nie<b> by\u0142oby pozbawione sensu<\/b> i jednocze\u015bnie \u2013 <b>bardzo szkodliwe.<\/b> Dlatego Pawe\u0142 daje wiele cennych, bardzo konkretnych i praktycznych wskaza\u0144, licz\u0105c jednak <b>na trze\u017awe my\u015blenie Tymoteusza, <\/b>kt\u00f3ry w obliczu r\u00f3\u017cnych trudno\u015bci b\u0119dzie umia\u0142<b> zadzia\u0142a\u0107 m\u0105drze i roztropnie. <\/b><\/span><\/span><\/span><\/p>\n<p align=\"justify\"><span style=\"color: #000000;\"><span style=\"font-family: Book Antiqua, serif;\"><span style=\"font-size: large;\">Bo przecie\u017c Pawe\u0142 <b>nie jest w stanie przewidzie\u0107<\/b> wszystkich mo\u017cliwych wariant\u00f3w zdarze\u0144, nie jest w stanie tego przewidzie\u0107 Tymoteusz, ani nikt inny. Dlatego wa\u017cnym jest, aby Tymoteusz otrzyma\u0142 kilka konkretnych wskaza\u0144, ale \u2013 nade wszystko \u2013 aby pami\u0119ta\u0142, \u017ce <i><b>bez w\u0105tpienia wielka jest tajemnica pobo\u017cno\u015bci. Ten, kt\u00f3ry objawi\u0142 si\u0119 w ciele, usprawiedliwiony zosta\u0142 w Duchu, ukaza\u0142 si\u0119 anio\u0142om, og\u0142oszony zosta\u0142 poganom, znalaz\u0142 wiar\u0119 w \u015bwiecie, wzi\u0119ty zosta\u0142 w chwale. <\/b><\/i><\/span><\/span><\/span><\/p>\n<p align=\"justify\"><span style=\"color: #000000;\"><span style=\"font-family: Book Antiqua, serif;\"><span style=\"font-size: large;\">A zatem, ma si\u0119 <b>stale wpatrywa\u0107 w Jezusa,<\/b> ma by\u0107 z Nim <b>w pe\u0142nej jedno\u015bci \u2013 z ca\u0142\u0105 pobo\u017cno\u015bci\u0105. <\/b>Ma wierzy\u0107 i innym pom\u00f3c uwierzy\u0107 w Jezusa \u2013 takiego, jakiego mu g\u0142osi\u0142 Pawe\u0142. W tej swoistej wyliczance, kt\u00f3r\u0105 tu sobie przed chwil\u0105 przywo\u0142ali\u015bmy, Pawe\u0142 zawar\u0142 <b>kolejne etapy \u017cycia i pos\u0142annictwa Jezusa.<\/b> I Tymoteusz w takiego w\u0142a\u015bnie Jezusa ma wierzy\u0107 i takiego g\u0142osi\u0107, takiego Jezusa ma si\u0119 trzyma\u0107 i <b>takiemu Jezusowi ma si\u0119 da\u0107 poprowadzi\u0107.<\/b> <\/span><\/span><\/span><\/p>\n<p align=\"justify\"><span style=\"color: #000000;\"><span style=\"font-family: Book Antiqua, serif;\"><span style=\"font-size: large;\">Dok\u0142adnie tak <i><b>nale\u017cy post\u0119powa\u0107 w domu Bo\u017cym, kt\u00f3ry jest Ko\u015bcio\u0142em Boga \u017cywego, filarem i podpor\u0105 prawdy. <\/b><\/i>W tym zdaniu \u2013 jak si\u0119 wydaje \u2013 zosta\u0142y po\u0142\u0105czone te <b>dwa wymiary s\u0142owa \u201eko\u015bci\u00f3\u0142\u201d, <\/b>jakie my dzi\u015b znamy, a wi\u0119c <b>Wsp\u00f3lnota ludzi wierz\u0105cych,<\/b> ale i <b>dom Bo\u017cy, <\/b>miejsce modlitwy i sprawowania kultu Bo\u017cego. Tutaj s\u0142yszymy o<b> \u00abdomu Bo\u017cym, kt\u00f3ry jest Ko\u015bcio\u0142em\u00bb.<\/b> Na pewno zatem chodzi o t\u0119 Wsp\u00f3lnot\u0119, o t\u0119 Gmin\u0119 chrze\u015bcija\u0144sk\u0105, kt\u00f3r\u0105 kierowa\u0142 Tymoteusz. Ma on ni\u0105 kierowa\u0107 tak, jak mu poleci\u0142 Pawe\u0142 \u2013 czyli tak, jak poleci\u0142 sam Jezus Chrystus. Wiemy, \u017ce Tymoteusz<b> dobrze wywi\u0105zywa\u0142 si\u0119<\/b> z tego zadania. <\/span><\/span><\/span><\/p>\n<p align=\"justify\"><span style=\"color: #000000;\"><span style=\"font-family: Book Antiqua, serif;\"><span style=\"font-size: large;\">Zupe\u0142nie inaczej, ni\u017c \u2013 jak ich dzisiaj w Ewangelii okre\u015bli\u0142 Jezus \u2013 <b>\u00abludzie tego pokolenia\u00bb.<\/b> Mo\u017cemy si\u0119 zastanawia\u0107, o jakich dok\u0142adnie ludzi chodzi\u0142o, bo wyra\u017cenie jest do\u015b\u0107 og\u00f3lne. Zapewne, Jezus mia\u0142 tu na my\u015bli postawy, kt\u00f3re <b>widzia\u0142 u wielu, sobie wsp\u00f3\u0142czesnych. <\/b>Dlatego zwr\u00f3ci\u0142 na nie uwag\u0119. A jakie\u017c to by\u0142y postawy, jakie zachowania? <\/span><\/span><\/span><\/p>\n<p align=\"justify\"><span style=\"color: #000000;\"><span style=\"font-family: Book Antiqua, serif;\"><span style=\"font-size: large;\">S\u0142yszymy to bardzo wyra\u017anie, i\u017c ludzie tego pokolenia <i><b>p<\/b><\/i><i><b>odobni s\u0105 do dzieci, kt\u00f3re przebywaj\u0105 na rynku i g\u0142o\u015bno przymawiaj\u0105 jedne drugim: \u00abPrzygrywali\u015bmy wam, a nie ta\u0144czyli\u015bcie; biadali\u015bmy, a wy\u015bcie nie p\u0142akali\u00bb. <\/b><\/i><i><b>Przyszed\u0142 bowiem Jan Chrzciciel: nie jad\u0142 chleba i nie pi\u0142 wina; a<\/b><\/i><b> <\/b><b>[oni m\u00f3wi\u0105]<\/b><b>: <\/b><i><b>\u00abZ\u0142y duch go op\u0119ta\u0142\u00bb. <\/b><\/i><i><b>Przyszed\u0142 Syn Cz\u0142owieczy: je i pije; a<\/b><\/i><b> <\/b><b>[oni m\u00f3wi\u0105]<\/b><b>: <\/b><i><b>\u00abOto \u017car\u0142ok i pijak, przyjaciel celnik\u00f3w i grzesznik\u00f3w\u00bb. <\/b><\/i><\/span><\/span><\/span><\/p>\n<p align=\"justify\"><span style=\"color: #000000;\"><span style=\"font-family: Book Antiqua, serif;\"><span style=\"font-size: large;\">Czyli \u2013 i tak \u017ale, i tak niedobrze. <b>Nie spos\u00f3b dogodzi\u0107 tym ludziom <\/b>\u2013 zawsze widz\u0105 jakie\u015b \u201eale\u201d. Bo\u017cy wys\u0142annik, jakim by\u0142 Jan Chrzciciel, nie podoba\u0142 si\u0119 im,<b> bo by\u0142 surowym ascet\u0105, <\/b>twardo wzywaj\u0105cym do nawr\u00f3cenia i bezkompromisowo pi\u0119tnuj\u0105cym z\u0142e postawy. Bo\u017cy Syn, Jezus Chrystus, te\u017c im si\u0119 nie podoba\u0142, <b>bo\u2026 w sumie, to nie wiadomo, czemu. <\/b>Ale si\u0119 nie podoba\u0142. <\/span><\/span><\/span><\/p>\n<p align=\"justify\"><span style=\"color: #000000;\"><span style=\"font-family: Book Antiqua, serif;\"><span style=\"font-size: large;\">Chocia\u017c \u017cy\u0142 normalnie \u2013 w tym sensie, \u017ce nie tak surowo, jak Jan, a bardziej <b>jak wi\u0119kszo\u015b\u0107 \u00abludzi tego pokolenia\u00bb,<\/b> bo funkcjonowa\u0142 w\u015br\u00f3d ludzi, spotyka\u0142 si\u0119 z nimi, dawa\u0142 si\u0119 zaprasza\u0107 na uczty i wesela\u2026 To jednak <b>tak\u017ce sta\u0142o si\u0119 powodem oskar\u017ce\u0144,<\/b> bo o ile <b>Jan Chrzciciel to jaki\u015b dziwak,<\/b> op\u0119tany przez z\u0142ego ducha, to znowu Jezus okazuje si\u0119 <b>\u00ab\u017car\u0142okiem i pijakiem\u00bb,<\/b> \u201ekumpluj\u0105cym si\u0119\u201d dodatkowo z celnikami i grzesznikami! <\/span><\/span><\/span><\/p>\n<p align=\"justify\"><span style=\"color: #000000;\"><span style=\"font-family: Book Antiqua, serif;\"><span style=\"font-size: large;\">Widzimy zatem, \u017ce w tych ludziach nie ma ani krzty dyspozycyjno\u015bci i otwarto\u015bci, kt\u00f3rej wspania\u0142y przyk\u0142ad dawa\u0142 swoj\u0105 postaw\u0105 m\u0142ody Biskup Tymoteusz. On by\u0142 <b>otwarty na wszelkie sugestie<\/b> swego duchowego mistrza, Paw\u0142a, ale nade wszystko \u2013 <b>by\u0142 otwarty na Jezusa! <\/b>Z Nim budowa\u0142 wsp\u00f3lnot\u0119. W\u0142a\u015bnie dlatego, \u017ce serce mia\u0142 otwarte, ch\u0119tne i gotowe. <\/span><\/span><\/span><\/p>\n<p align=\"justify\"><span style=\"color: #000000;\"><span style=\"font-family: Book Antiqua, serif;\"><span style=\"font-size: large;\">\u00abLudzie tego pokolenia\u00bb, o kt\u00f3rych mowa w Ewangelii, w\u0142a\u015bnie na tym wszystko przegrywali, \u017ce <b>serca mieli zamkni\u0119te.<\/b> Dlatego nie w tym tkwi\u0142a przyczyna ich problem\u00f3w i trudno\u015bci, \u017ce ci, kt\u00f3rzy im g\u0142osili s\u0142owo Bo\u017ce \u017ale wywi\u0105zywali si\u0119 ze swego zadania. Nie! <b>Przyczyna wszelkich problem\u00f3w tkwi\u0142a w nich samych! <\/b><\/span><\/span><\/span><\/p>\n<p align=\"justify\"><span style=\"color: #000000;\"><span style=\"font-family: Book Antiqua, serif;\"><span style=\"font-size: large;\">Przyczyn\u0105 ich problem\u00f3w by\u0142y <b>ich serca totalnie zablokowane,<\/b> nastawione z g\u00f3ry jedynie na sprzeciw, op\u00f3r i narzekanie. A na takie problemy\u2026 trudno jakkolwiek zaradzi\u0107. Na pewno, musi to uczyni\u0107 \u2013 i jako jedyny jest w stanie to uczyni\u0107 \u2013 <b>w\u0142a\u015bciciel takiego zablokowanego serca. <\/b>Poprzez to, \u017ce je sam, w wolny spos\u00f3b, odblokuje. Inaczej si\u0119 nie da. <\/span><\/span><\/span><\/p>\n<p align=\"justify\"><span style=\"color: #000000;\"><span style=\"font-family: Book Antiqua, serif;\"><span style=\"font-size: large;\">Niech Pan nam zawsze daje <b>serc<\/b><b>a<\/b><b> tak szczere i otwarte \u2013 i umys\u0142<\/b><b>y<\/b><b> tak jasn<\/b><b>e<\/b><b> i trze\u017aw<\/b><b>e<\/b><b> <\/b>\u2013 jakie da\u0142 Paw\u0142owi i Tymoteuszowi. I jak najwi\u0119cej tego <b>m\u0142odzie\u0144czego entuzjazmu, <\/b>kt\u00f3rym obydwaj promieniowali!<\/span><\/span><\/span><\/p>\n<p align=\"justify\"><span style=\"color: #000000;\"><span style=\"font-size: large;\"><span style=\"font-family: Book Antiqua, serif;\">Z <\/span><span style=\"font-family: Book Antiqua, serif;\">pewno\u015bci\u0105, nie brak\u0142o go r\u00f3wnie\u017c Patronom dnia dzisiejszego \u2013 przez ca\u0142e \u017cycie, ale szczeg\u00f3lnie w chwili najwi\u0119kszej pr\u00f3by. A Patronami tymi s\u0105<\/span> <span style=\"font-family: Book Antiqua, serif;\"><b>\u015aw<\/b><\/span><span style=\"font-family: Book Antiqua, serif;\"><b>i\u0119ci<\/b><\/span><span style=\"font-family: Book Antiqua, serif;\"><b> M\u0119czenni<\/b><\/span><span style=\"font-family: Book Antiqua, serif;\"><b>cy<\/b><\/span><span style=\"font-family: Book Antiqua, serif;\"><b>: <\/b><\/span><span style=\"font-family: Book Antiqua, serif;\"><b>Andrzej Kim Taegon, Kap\u0142an, Paw<\/b><\/span><span style=\"font-family: Book Antiqua, serif;\"><b>e<\/b><\/span><span style=\"font-family: Book Antiqua, serif;\"><b>\u0142 Chong Hasang i <\/b><\/span><span style=\"font-family: Book Antiqua, serif;\"><b>ich <\/b><\/span><span style=\"font-family: Book Antiqua, serif;\"><b>Towarzysz<\/b><\/span><span style=\"font-family: Book Antiqua, serif;\"><b>e.<\/b><\/span><\/span><\/span><\/p>\n<p align=\"justify\"><span style=\"color: #000000;\"><span style=\"font-size: large;\"><span style=\"font-family: Book Antiqua, serif;\">Jeden z nich<\/span><span style=\"font-family: Book Antiqua, serif;\">,<\/span><span style=\"font-family: Book Antiqua, serif;\"><b> Andrzej Kim Taegon,<\/b><\/span><span style=\"font-family: Book Antiqua, serif;\"> by\u0142 pierwszym kap\u0142anem korea\u0144skim. <\/span><span style=\"font-family: Book Antiqua, serif;\"><b>Urodzi\u0142 si\u0119 w 1821 roku,<\/b><\/span><span style=\"font-family: Book Antiqua, serif;\"> w korea\u0144skiej prowincji Tcziong\u2013Czu. Jego ojciec, Ignacy, zgin\u0105\u0142 w czasie prze\u015bladowa\u0144 w roku 1839 <\/span><span style=\"font-family: Book Antiqua, serif;\"><b>i zosta\u0142 beatyfikowany w roku 1925.<\/b><\/span><span style=\"font-family: Book Antiqua, serif;\"> Po chrzcie, kt\u00f3ry Andrzej przyj\u0105\u0142 maj\u0105c lat pi\u0119tna\u015bcie, przeby\u0142 kilkaset kilometr\u00f3w do seminarium w Makao w Chinach. Po sze\u015bciu latach zdo\u0142a\u0142 wr\u00f3ci\u0107 do swojego kraju poprzez Mand\u017curi\u0119. <\/span><\/span><\/span><\/p>\n<p align=\"justify\"><span style=\"color: #000000;\"><span style=\"font-size: large;\"><span style=\"font-family: Book Antiqua, serif;\">W tym samym roku przeby\u0142 Morze \u017b\u00f3\u0142te i <\/span><span style=\"font-family: Book Antiqua, serif;\"><b>w Szanghaju, w roku 1845, przyj\u0105\u0142 \u015bwi\u0119cenia kap\u0142a\u0144skie.<\/b><\/span><span style=\"font-family: Book Antiqua, serif;\"> Zosta\u0142 skierowany do przygotowania <\/span><span style=\"font-family: Book Antiqua, serif;\">bezpiecznej przeprawy wodnej dla misjonarzy chrze\u015bcija\u0144skich,<\/span><span style=\"font-family: Book Antiqua, serif;\"> tak aby uda\u0142o im si\u0119 uj\u015b\u0107 stra\u017cy granicznej. Zosta\u0142 jednak aresztowany <\/span><span style=\"font-family: Book Antiqua, serif;\"><b>i po torturach \u015bci\u0119ty<\/b><\/span><span style=\"font-family: Book Antiqua, serif;\"> niedaleko stolicy swojego kraju, Seulu, <\/span><span style=\"font-family: Book Antiqua, serif;\">w dniu<\/span><span style=\"font-family: Book Antiqua, serif;\"><b> 16 wrze\u015bnia 1846 roku. <\/b><\/span><\/span><\/span><\/p>\n<p align=\"justify\"><span style=\"color: #000000;\"><span style=\"font-size: large;\"><span style=\"font-family: Book Antiqua, serif;\">Z kolei <\/span><span style=\"font-family: Book Antiqua, serif;\">inny<\/span><span style=\"font-family: Book Antiqua, serif;\"> dzisiejszy Patron,<\/span><span style=\"font-family: Book Antiqua, serif;\"><b> Pawe\u0142 Chong Hasang,<\/b><\/span><span style=\"font-family: Book Antiqua, serif;\"> by\u0142 wsp\u00f3\u0142pracownikiem i t\u0142umaczem kap\u0142an\u00f3w. Przez dwadzie\u015bcia lat przewodzi\u0142 wsp\u00f3lnocie chrze\u015bcija\u0144skiej w Korei. Kiedy by\u0142 klerykiem, poni\u00f3s\u0142 \u015bmier\u0107 w wieku czterdziestu czterech lat \u2013 <\/span><span style=\"font-family: Book Antiqua, serif;\"><b>\u015bci\u0119ty mieczem w dniu 22 kwietnia 1839 roku. <\/b><\/span><\/span><\/span><\/p>\n<p align=\"justify\"><span style=\"color: #000000;\"><span style=\"font-size: large;\"><span style=\"font-family: Book Antiqua, serif;\">A trzeba tu jeszcze wspomnie\u0107,<\/span><span style=\"font-family: Book Antiqua, serif;\"> i\u017c <\/span><span style=\"font-family: Book Antiqua, serif;\"><b>chrze\u015bcija\u0144stwo dotar\u0142o do Korei <\/b><\/span><span style=\"font-family: Book Antiqua, serif;\">podczas japo\u0144skiej inwazji w 1592 roku,<\/span><span style=\"font-family: Book Antiqua, serif;\"> kiedy to ochrzczono zaledwie kilku Korea\u0144czyk\u00f3w, czego prawdopodobnie dokonali katoliccy \u017co\u0142nierze japo\u0144scy. <\/span><span style=\"font-family: Book Antiqua, serif;\"><b>Ewangelizacja by\u0142a utrudniona,<\/b><\/span><span style=\"font-family: Book Antiqua, serif;\"> poniewa\u017c Korea przez wiele dziesi\u0105tk\u00f3w lat ca\u0142kowicie izolowa\u0142a si\u0119 od innych pa\u0144stw, pozwalaj\u0105c swoim mieszka\u0144com jedynie na coroczn\u0105 wypraw\u0119 do Pekinu w celu zap\u0142acenia podatk\u00f3w. Przy okazji jednej z takich wypraw, <\/span><span style=\"font-family: Book Antiqua, serif;\"><b>w 1777 roku, uda\u0142o si\u0119 przewie\u017a\u0107 do Korei ksi\u0105\u017cki chrze\u015bcija\u0144skie,<\/b><\/span><span style=\"font-family: Book Antiqua, serif;\"> otrzymane od jezuit\u00f3w w Chinach. W ten spos\u00f3b zacz\u0105\u0142 si\u0119 powolny rozw\u00f3j Ko\u015bcio\u0142a w Korei.<\/span><\/span><\/span><\/p>\n<p align=\"justify\"><span style=\"color: #000000;\"><span style=\"font-size: large;\"><span style=\"font-family: Book Antiqua, serif;\">Kiedy dwana\u015bcie lat p\u00f3\u017aniej uda\u0142o si\u0119 na teren Korei przedosta\u0107 chi\u0144skiemu ksi\u0119dzu, <\/span><span style=\"font-family: Book Antiqua, serif;\"><b>zasta\u0142 on tam ju\u017c oko\u0142o czterech tysi\u0119cy chrze\u015bcijan,<\/b><\/span><span style=\"font-family: Book Antiqua, serif;\"> spo\u015br\u00f3d kt\u00f3rych \u017caden dot\u0105d jeszcze nigdy nie widzia\u0142 kap\u0142ana. Siedem lat p\u00f3\u017aniej chrze\u015bcijan w Korei by\u0142o ju\u017c prawie <\/span><span style=\"font-family: Book Antiqua, serif;\">dziesi\u0119\u0107 tysi\u0119cy. <\/span><span style=\"font-family: Book Antiqua, serif;\"><b>Wolno\u015b\u0107 religijn\u0105 wprowadzono dopiero w 1887 roku,<\/b><\/span><span style=\"font-family: Book Antiqua, serif;\"> po podpisaniu traktatu z Francj\u0105. W XIX wieku ponios\u0142o \u015bmier\u0107 m\u0119cze\u0144sk\u0105 trzech biskup\u00f3w katolickich, dziesi\u0119ciu kap\u0142an\u00f3w i ponad dziesi\u0119\u0107 tysi\u0119cy wiernych. Z nich tylko cz\u0119\u015b\u0107 dost\u0105pi\u0142a chwa\u0142y o\u0142tarzy. <\/span><\/span><\/span><\/p>\n<p align=\"justify\"><span style=\"color: #000000;\"><span style=\"font-size: large;\"><span style=\"font-family: Book Antiqua, serif;\"><b>Papie\u017c Jan Pawe\u0142 II, podczas swojej wizyty apostolskiej w Korei w 1984 roku, kanonizowa\u0142<\/b><\/span><span style=\"font-family: Book Antiqua, serif;\"> \u2013 opr\u00f3cz Andrzeja Kim Taegon i Paw\u0142a Chong Hasang \u2013 tak\u017ce dziewi\u0119\u0107dziesi\u0119ciu o\u015bmiu Korea\u0144czyk\u00f3w i trzech misjonarzy francuskich. W ca\u0142ej tej grupie byli biskupi i ksi\u0119\u017ca, jednak <\/span><span style=\"font-family: Book Antiqua, serif;\"><b>wi\u0119kszo\u015b\u0107 stanowili ludzie \u015bwieccy.<\/b><\/span><\/span><\/span><\/p>\n<p align=\"justify\"><span style=\"color: #000000;\"><span style=\"font-size: large;\"><span style=\"font-family: Book Antiqua, serif;\">W swojej <\/span><span style=\"font-family: Book Antiqua, serif;\"><b>ostatniej zach\u0119cie,<\/b><\/span><span style=\"font-family: Book Antiqua, serif;\"> skierowanej do wiernych, \u015awi\u0119ty Andrzeja Kim Taegon tak pisa\u0142 z wi\u0119zienia: <\/span><\/span><\/span><\/p>\n<p align=\"justify\"><span style=\"color: #000000;\">\u201e<span style=\"font-size: large;\"><span style=\"font-family: Book Antiqua, serif;\">Umi\u0142owani bracia i przyjaciele! [\u2026] <\/span><span style=\"font-family: Book Antiqua, serif;\"><b>U Pana \u015bwiat jest rol\u0105; my, ludzie \u2013 jakby ry\u017cem, a \u0142aska wilgoci\u0105.<\/b><\/span><span style=\"font-family: Book Antiqua, serif;\"> On to dzi\u0119ki Wcieleniu i Odkupieniu nawadnia nas krwi\u0105 swoj\u0105, aby\u015bmy mogli wzrasta\u0107 i dojrzewa\u0107. W dniu s\u0105du, gdy przyjdzie czas zbior\u00f3w, ten, kto dzi\u0119ki \u0142asce oka\u017ce si\u0119 <\/span><span style=\"font-family: Book Antiqua, serif;\"><b>dojrza\u0142y \u2013 jako przybrane dziecko Bo\u017ce \u2013 radowa\u0107 si\u0119 b\u0119dzie <\/b><\/span><span style=\"font-family: Book Antiqua, serif;\"><b>K<\/b><\/span><span style=\"font-family: Book Antiqua, serif;\"><b>r\u00f3lestwem niebieskim;<\/b><\/span><span style=\"font-family: Book Antiqua, serif;\"> kto za\u015b nie b\u0119dzie dojrza\u0142y, stanie si\u0119 jako nieprzyjaciel, i cho\u0107 sam by\u0142 ju\u017c przybranym dzieckiem, otrzyma sprawiedliw\u0105 kar\u0119 na wieki. <\/span><\/span><\/span><\/p>\n<p align=\"justify\"><span style=\"color: #000000;\"><span style=\"font-size: large;\"><span style=\"font-family: Book Antiqua, serif;\">Bracia najmilsi, to wiedzcie, \u017ce Pan nasz, Jezus, przyszed\u0142szy na \u015bwiat, przecierpia\u0142 niezliczone udr\u0119ki. Przez swoj\u0105 m\u0119k\u0119 <\/span><span style=\"font-family: Book Antiqua, serif;\"><b>za\u0142o\u017cy\u0142 <\/b><\/span><span style=\"font-family: Book Antiqua, serif;\"><b>\u015a<\/b><\/span><span style=\"font-family: Book Antiqua, serif;\"><b>wi\u0119ty Ko\u015bci\u00f3\u0142 i pomna\u017ca go cierpieniem wiernych.<\/b><\/span><span style=\"font-family: Book Antiqua, serif;\"> Cho\u0107 moce tego \u015bwiata uciskaj\u0105 Ko\u015bci\u00f3\u0142 i zwalczaj\u0105, to jednak <\/span><span style=\"font-family: Book Antiqua, serif;\"><b>nigdy nie zdo\u0142aj\u0105 go pokona\u0107!<\/b><\/span><span style=\"font-family: Book Antiqua, serif;\"> Po Wniebowst\u0105pieniu, od czas\u00f3w apostolskich a\u017c po dni obecne, Ko\u015bci\u00f3\u0142 \u015awi\u0119ty wsz\u0119dzie wzrasta po\u015br\u00f3d ucisk\u00f3w. <\/span><\/span><\/span><\/p>\n<p align=\"justify\"><span style=\"color: #000000;\"><span style=\"font-size: large;\"><span style=\"font-family: Book Antiqua, serif;\">Teraz za\u015b od pi\u0119\u0107dziesi\u0119ciu lub sze\u015b\u0107dziesi\u0119ciu ju\u017c lat, <\/span><span style=\"font-family: Book Antiqua, serif;\">odk\u0105d \u015bwi\u0119ty Ko\u015bci\u00f3\u0142 zacz\u0105\u0142 istnie\u0107 w naszej Korei, <\/span><span style=\"font-family: Book Antiqua, serif;\"><b>wierni raz po raz znosz\u0105 ucisk,<\/b><\/span><span style=\"font-family: Book Antiqua, serif;\"> a i dzisiaj r\u00f3wnie\u017c szaleje prze\u015bladowanie. Wielu braci w tej samej wierze, po\u015br\u00f3d nich i ja, zostali\u015bmy wtr\u0105ceni do wi\u0119zienia. Tak\u017ce i wy \u017cyjecie po\u015brodku prze\u015bladowa\u0144. Poniewa\u017c wsp\u00f3lnie jedno cia\u0142o stanowimy, jak\u017ce si\u0119 nie smuci\u0107 tym szczerze? <\/span><span style=\"font-family: Book Antiqua, serif;\"><b>Jak\u017ce nie odczuwa\u0107 po ludzku b\u00f3lu z powodu rozdzielenia? <\/b><\/span><\/span><\/span><\/p>\n<p align=\"justify\"><span style=\"color: #000000;\"><span style=\"font-size: large;\"><span style=\"font-family: Book Antiqua, serif;\">Jednak\u017ce, jak m\u00f3wi Pismo, B\u00f3g troszczy si\u0119 o najmniejszy w\u0142os na g\u0142owie, i to ca\u0142\u0105 swoj\u0105 wszechwiedz\u0105. Tote\u017c czy mo\u017cna widzie\u0107 w tym prze\u015bladowaniu co\u015b innego, jak rozkaz Pana, Jego nagrod\u0119 lub wreszcie Jego kar\u0119? <\/span><span style=\"font-family: Book Antiqua, serif;\"><b>Post\u0119pujcie zatem zgodnie z Bo\u017c\u0105 wol\u0105, z ca\u0142ego serca walczcie pod wodz\u0105 Jezusa, niebia\u0144skiego <\/b><\/span><span style=\"font-family: Book Antiqua, serif;\"><b>P<\/b><\/span><span style=\"font-family: Book Antiqua, serif;\"><b>rzewodnika, pokonujcie moce tego \u015bwiata, zwyci\u0119\u017cone ju\u017c przez Chrystusa!<\/b><\/span><span style=\"font-family: Book Antiqua, serif;\"> Prosz\u0119 was, nie zaniedbujcie mi\u0142o\u015bci braterskiej, ale pomagajcie sobie wzajemnie. Wytrwajcie, dop\u00f3ki Pan nie zmi\u0142uje si\u0119 nad nami i nie oddali utrapie\u0144. <\/span><\/span><\/span><\/p>\n<p align=\"justify\"><span style=\"color: #000000;\"><span style=\"font-size: large;\"><span style=\"font-family: Book Antiqua, serif;\">Jest nas tutaj dwudziestu, i wszyscy dzi\u0119ki Bogu trzymaj\u0105 si\u0119 dobrze. Je\u015bli kto\u015b zostanie zabity, <\/span><span style=\"font-family: Book Antiqua, serif;\"><b>pami\u0119tajcie, prosz\u0119 was, o jego rodzinie.<\/b><\/span><span style=\"font-family: Book Antiqua, serif;\"> Wiele mam jeszcze do powiedzenia, ale jak\u017ce to wyrazi\u0107 na pi\u015bmie? Ko\u0144cz\u0119 wi\u0119c list. Poniewa\u017c bliscy jeste\u015bmy ostatecznej walki, dlatego prosz\u0119 was, aby\u015bcie <\/span><span style=\"font-family: Book Antiqua, serif;\"><b>post\u0119powali zgodnie z zasadami wiary,<\/b><\/span><span style=\"font-family: Book Antiqua, serif;\"> tak aby\u015bmy dostawszy si\u0119 do nieba, wsp\u00f3lnie mogli sobie nawzajem powinszowa\u0107. Pozostawiam wam poca\u0142unek mi\u0142o\u015bci.\u201d Tyle z listu \u015awi\u0119tego Andrzeja Kim Taegon.<\/span><\/span><\/span><\/p>\n<p align=\"justify\"><span style=\"color: #000000;\"><span style=\"font-size: large;\"><span style=\"font-family: Book Antiqua, serif;\">W<\/span><span style=\"font-family: Book Antiqua, serif;\">patrzeni w heroiczne \u015bwiadectwo M\u0119czennik\u00f3w korea\u0144skich, oraz zas\u0142uchani w Bo\u017ce s\u0142owo dzisiejszej liturgii, zastan\u00f3wmy si\u0119, <\/span><span style=\"font-family: Book Antiqua, serif;\"><b>na ile otwartego <\/b><\/span><span style=\"font-family: Book Antiqua, serif;\"><b>serca i trze\u017awego umys\u0142u \u2013 <\/b><\/span><span style=\"font-family: Book Antiqua, serif;\"><b>i <\/b><\/span><span style=\"font-family: Book Antiqua, serif;\"><b>na ile odwagi<\/b><\/span><span style=\"font-family: Book Antiqua, serif;\"> \u2013 z mojej strony mo\u017ce liczy\u0107 Jezus, mo\u017ce liczy\u0107 Ko\u015bci\u00f3\u0142?\u2026<\/span><\/span><\/span><\/p>\n","protected":false},"excerpt":{"rendered":"<p>Szcz\u0119\u015b\u0107 Bo\u017ce! Moi Drodzy, w dniu dzisiejszym urodziny prze\u017cywa Sebastian Gruszczy\u0144ski, w swoim czasie: Wiceprezes S\u0142u\u017cby liturgicznej w Miastkowie Ko\u015bcielnym. \u017bycz\u0119 serca otwartego i jasnego umys\u0142u, otwartego na Jezusa \u2013 o czym wi\u0119cej w rozwa\u017caniu. Zapewniam o modlitwie! I Was wszystkich tak\u017ce zapewniam o modlitwie \u2013 tu, w Kodniu, gdzie prze\u017cywam swoje osobiste rekolekcje kap\u0142a\u0144skie. [&hellip;]<\/p>\n","protected":false},"author":1,"featured_media":0,"comment_status":"open","ping_status":"open","sticky":false,"template":"","format":"standard","meta":{"jetpack_post_was_ever_published":false,"_jetpack_newsletter_access":"","_jetpack_dont_email_post_to_subs":false,"_jetpack_newsletter_tier_id":0,"_jetpack_memberships_contains_paywalled_content":false,"_jetpack_memberships_contains_paid_content":false,"footnotes":""},"categories":[1],"tags":[],"class_list":["post-21883","post","type-post","status-publish","format-standard","hentry","category-bez-kategorii"],"yoast_head":"<!-- This site is optimized with the Yoast SEO plugin v25.1 - https:\/\/yoast.com\/wordpress\/plugins\/seo\/ -->\n<title>Umys\u0142 jasny i serce otwarte... - Gaudium Et Spes<\/title>\n<meta name=\"robots\" content=\"index, follow, max-snippet:-1, max-image-preview:large, max-video-preview:-1\" \/>\n<link rel=\"canonical\" href=\"https:\/\/gaudiumetspes-blog.pl\/index.php\/2023\/09\/20\/umysl-jasny-i-serce-otwarte\/\" \/>\n<meta property=\"og:locale\" content=\"pl_PL\" \/>\n<meta property=\"og:type\" content=\"article\" \/>\n<meta property=\"og:title\" content=\"Umys\u0142 jasny i serce otwarte... - Gaudium Et Spes\" \/>\n<meta property=\"og:description\" content=\"Szcz\u0119\u015b\u0107 Bo\u017ce! Moi Drodzy, w dniu dzisiejszym urodziny prze\u017cywa Sebastian Gruszczy\u0144ski, w swoim czasie: Wiceprezes S\u0142u\u017cby liturgicznej w Miastkowie Ko\u015bcielnym. \u017bycz\u0119 serca otwartego i jasnego umys\u0142u, otwartego na Jezusa \u2013 o czym wi\u0119cej w rozwa\u017caniu. Zapewniam o modlitwie! I Was wszystkich tak\u017ce zapewniam o modlitwie \u2013 tu, w Kodniu, gdzie prze\u017cywam swoje osobiste rekolekcje kap\u0142a\u0144skie. [&hellip;]\" \/>\n<meta property=\"og:url\" content=\"https:\/\/gaudiumetspes-blog.pl\/index.php\/2023\/09\/20\/umysl-jasny-i-serce-otwarte\/\" \/>\n<meta property=\"og:site_name\" content=\"Gaudium Et Spes\" \/>\n<meta property=\"article:published_time\" content=\"2023-09-19T22:18:02+00:00\" \/>\n<meta name=\"author\" content=\"Ks. Jacek\" \/>\n<meta name=\"twitter:card\" content=\"summary_large_image\" \/>\n<meta name=\"twitter:label1\" content=\"Napisane przez\" \/>\n\t<meta name=\"twitter:data1\" content=\"Ks. Jacek\" \/>\n\t<meta name=\"twitter:label2\" content=\"Szacowany czas czytania\" \/>\n\t<meta name=\"twitter:data2\" content=\"13 minut\" \/>\n<script type=\"application\/ld+json\" class=\"yoast-schema-graph\">{\"@context\":\"https:\/\/schema.org\",\"@graph\":[{\"@type\":\"WebPage\",\"@id\":\"https:\/\/gaudiumetspes-blog.pl\/index.php\/2023\/09\/20\/umysl-jasny-i-serce-otwarte\/\",\"url\":\"https:\/\/gaudiumetspes-blog.pl\/index.php\/2023\/09\/20\/umysl-jasny-i-serce-otwarte\/\",\"name\":\"Umys\u0142 jasny i serce otwarte... - Gaudium Et Spes\",\"isPartOf\":{\"@id\":\"https:\/\/gaudiumetspes-blog.pl\/#website\"},\"datePublished\":\"2023-09-19T22:18:02+00:00\",\"author\":{\"@id\":\"https:\/\/gaudiumetspes-blog.pl\/#\/schema\/person\/1661982992b752dea8dff0d4ed845a65\"},\"breadcrumb\":{\"@id\":\"https:\/\/gaudiumetspes-blog.pl\/index.php\/2023\/09\/20\/umysl-jasny-i-serce-otwarte\/#breadcrumb\"},\"inLanguage\":\"pl-PL\",\"potentialAction\":[{\"@type\":\"ReadAction\",\"target\":[\"https:\/\/gaudiumetspes-blog.pl\/index.php\/2023\/09\/20\/umysl-jasny-i-serce-otwarte\/\"]}]},{\"@type\":\"BreadcrumbList\",\"@id\":\"https:\/\/gaudiumetspes-blog.pl\/index.php\/2023\/09\/20\/umysl-jasny-i-serce-otwarte\/#breadcrumb\",\"itemListElement\":[{\"@type\":\"ListItem\",\"position\":1,\"name\":\"Strona g\u0142\u00f3wna\",\"item\":\"https:\/\/gaudiumetspes-blog.pl\/\"},{\"@type\":\"ListItem\",\"position\":2,\"name\":\"Umys\u0142 jasny i&nbsp;serce otwarte&#8230;\"}]},{\"@type\":\"WebSite\",\"@id\":\"https:\/\/gaudiumetspes-blog.pl\/#website\",\"url\":\"https:\/\/gaudiumetspes-blog.pl\/\",\"name\":\"Gaudium Et Spes\",\"description\":\"Blog Ks. Jacka Ja\u015bkowskiego\",\"potentialAction\":[{\"@type\":\"SearchAction\",\"target\":{\"@type\":\"EntryPoint\",\"urlTemplate\":\"https:\/\/gaudiumetspes-blog.pl\/?s={search_term_string}\"},\"query-input\":{\"@type\":\"PropertyValueSpecification\",\"valueRequired\":true,\"valueName\":\"search_term_string\"}}],\"inLanguage\":\"pl-PL\"},{\"@type\":\"Person\",\"@id\":\"https:\/\/gaudiumetspes-blog.pl\/#\/schema\/person\/1661982992b752dea8dff0d4ed845a65\",\"name\":\"Ks. Jacek\",\"image\":{\"@type\":\"ImageObject\",\"inLanguage\":\"pl-PL\",\"@id\":\"https:\/\/gaudiumetspes-blog.pl\/#\/schema\/person\/image\/\",\"url\":\"https:\/\/gaudiumetspes-blog.pl\/wp-content\/uploads\/2019\/07\/avatar-JJ-150x150.jpg\",\"contentUrl\":\"https:\/\/gaudiumetspes-blog.pl\/wp-content\/uploads\/2019\/07\/avatar-JJ-150x150.jpg\",\"caption\":\"Ks. Jacek\"},\"description\":\"Witam serdecznie! K\u0142ania si\u0119 Ks. Jacek Ja\u015bkowski. Nie jestem ani kim\u015b wa\u017cnym, ani kim\u015b znanym. Jestem ksi\u0119dzem, kt\u00f3ry po prostu chce rozmawia\u0107. Codzienna kap\u0142a\u0144ska pos\u0142uga pokazuje mi, \u017ce temat\u00f3w do rozm\u00f3w z ksi\u0119dzem jest coraz wi\u0119cej i dzisiaj \u017caden ksi\u0105dz nie mo\u017ce od nich ucieka\u0107, ale - wprost przeciwnie - podejmowa\u0107 nowe wyzwania. To przekonanie sk\u0142oni\u0142o mnie do pr\u00f3by otwarcia tego\u017c bloga, chocia\u017c okazji do rozm\u00f3w na co dzie\u0144 - w konfesjonale i poza nim - na szcz\u0119\u015bcie nie brakuje. My\u015bl\u0119 jednak, \u017ce ten blog b\u0119dzie jeszcze jednym sposobem i przestrzeni\u0105 nawi\u0105zania kontaktu z lud\u017ami dobrej woli, otwartymi na dialog.\",\"url\":\"https:\/\/gaudiumetspes-blog.pl\/index.php\/author\/ks-jacek\/\"}]}<\/script>\n<!-- \/ Yoast SEO plugin. -->","yoast_head_json":{"title":"Umys\u0142 jasny i serce otwarte... - Gaudium Et Spes","robots":{"index":"index","follow":"follow","max-snippet":"max-snippet:-1","max-image-preview":"max-image-preview:large","max-video-preview":"max-video-preview:-1"},"canonical":"https:\/\/gaudiumetspes-blog.pl\/index.php\/2023\/09\/20\/umysl-jasny-i-serce-otwarte\/","og_locale":"pl_PL","og_type":"article","og_title":"Umys\u0142 jasny i serce otwarte... - Gaudium Et Spes","og_description":"Szcz\u0119\u015b\u0107 Bo\u017ce! Moi Drodzy, w dniu dzisiejszym urodziny prze\u017cywa Sebastian Gruszczy\u0144ski, w swoim czasie: Wiceprezes S\u0142u\u017cby liturgicznej w Miastkowie Ko\u015bcielnym. \u017bycz\u0119 serca otwartego i jasnego umys\u0142u, otwartego na Jezusa \u2013 o czym wi\u0119cej w rozwa\u017caniu. Zapewniam o modlitwie! I Was wszystkich tak\u017ce zapewniam o modlitwie \u2013 tu, w Kodniu, gdzie prze\u017cywam swoje osobiste rekolekcje kap\u0142a\u0144skie. [&hellip;]","og_url":"https:\/\/gaudiumetspes-blog.pl\/index.php\/2023\/09\/20\/umysl-jasny-i-serce-otwarte\/","og_site_name":"Gaudium Et Spes","article_published_time":"2023-09-19T22:18:02+00:00","author":"Ks. Jacek","twitter_card":"summary_large_image","twitter_misc":{"Napisane przez":"Ks. Jacek","Szacowany czas czytania":"13 minut"},"schema":{"@context":"https:\/\/schema.org","@graph":[{"@type":"WebPage","@id":"https:\/\/gaudiumetspes-blog.pl\/index.php\/2023\/09\/20\/umysl-jasny-i-serce-otwarte\/","url":"https:\/\/gaudiumetspes-blog.pl\/index.php\/2023\/09\/20\/umysl-jasny-i-serce-otwarte\/","name":"Umys\u0142 jasny i serce otwarte... - Gaudium Et Spes","isPartOf":{"@id":"https:\/\/gaudiumetspes-blog.pl\/#website"},"datePublished":"2023-09-19T22:18:02+00:00","author":{"@id":"https:\/\/gaudiumetspes-blog.pl\/#\/schema\/person\/1661982992b752dea8dff0d4ed845a65"},"breadcrumb":{"@id":"https:\/\/gaudiumetspes-blog.pl\/index.php\/2023\/09\/20\/umysl-jasny-i-serce-otwarte\/#breadcrumb"},"inLanguage":"pl-PL","potentialAction":[{"@type":"ReadAction","target":["https:\/\/gaudiumetspes-blog.pl\/index.php\/2023\/09\/20\/umysl-jasny-i-serce-otwarte\/"]}]},{"@type":"BreadcrumbList","@id":"https:\/\/gaudiumetspes-blog.pl\/index.php\/2023\/09\/20\/umysl-jasny-i-serce-otwarte\/#breadcrumb","itemListElement":[{"@type":"ListItem","position":1,"name":"Strona g\u0142\u00f3wna","item":"https:\/\/gaudiumetspes-blog.pl\/"},{"@type":"ListItem","position":2,"name":"Umys\u0142 jasny i&nbsp;serce otwarte&#8230;"}]},{"@type":"WebSite","@id":"https:\/\/gaudiumetspes-blog.pl\/#website","url":"https:\/\/gaudiumetspes-blog.pl\/","name":"Gaudium Et Spes","description":"Blog Ks. Jacka Ja\u015bkowskiego","potentialAction":[{"@type":"SearchAction","target":{"@type":"EntryPoint","urlTemplate":"https:\/\/gaudiumetspes-blog.pl\/?s={search_term_string}"},"query-input":{"@type":"PropertyValueSpecification","valueRequired":true,"valueName":"search_term_string"}}],"inLanguage":"pl-PL"},{"@type":"Person","@id":"https:\/\/gaudiumetspes-blog.pl\/#\/schema\/person\/1661982992b752dea8dff0d4ed845a65","name":"Ks. Jacek","image":{"@type":"ImageObject","inLanguage":"pl-PL","@id":"https:\/\/gaudiumetspes-blog.pl\/#\/schema\/person\/image\/","url":"https:\/\/gaudiumetspes-blog.pl\/wp-content\/uploads\/2019\/07\/avatar-JJ-150x150.jpg","contentUrl":"https:\/\/gaudiumetspes-blog.pl\/wp-content\/uploads\/2019\/07\/avatar-JJ-150x150.jpg","caption":"Ks. Jacek"},"description":"Witam serdecznie! K\u0142ania si\u0119 Ks. Jacek Ja\u015bkowski. Nie jestem ani kim\u015b wa\u017cnym, ani kim\u015b znanym. Jestem ksi\u0119dzem, kt\u00f3ry po prostu chce rozmawia\u0107. Codzienna kap\u0142a\u0144ska pos\u0142uga pokazuje mi, \u017ce temat\u00f3w do rozm\u00f3w z ksi\u0119dzem jest coraz wi\u0119cej i dzisiaj \u017caden ksi\u0105dz nie mo\u017ce od nich ucieka\u0107, ale - wprost przeciwnie - podejmowa\u0107 nowe wyzwania. To przekonanie sk\u0142oni\u0142o mnie do pr\u00f3by otwarcia tego\u017c bloga, chocia\u017c okazji do rozm\u00f3w na co dzie\u0144 - w konfesjonale i poza nim - na szcz\u0119\u015bcie nie brakuje. My\u015bl\u0119 jednak, \u017ce ten blog b\u0119dzie jeszcze jednym sposobem i przestrzeni\u0105 nawi\u0105zania kontaktu z lud\u017ami dobrej woli, otwartymi na dialog.","url":"https:\/\/gaudiumetspes-blog.pl\/index.php\/author\/ks-jacek\/"}]}},"jetpack_featured_media_url":"","jetpack_sharing_enabled":true,"_links":{"self":[{"href":"https:\/\/gaudiumetspes-blog.pl\/index.php\/wp-json\/wp\/v2\/posts\/21883","targetHints":{"allow":["GET"]}}],"collection":[{"href":"https:\/\/gaudiumetspes-blog.pl\/index.php\/wp-json\/wp\/v2\/posts"}],"about":[{"href":"https:\/\/gaudiumetspes-blog.pl\/index.php\/wp-json\/wp\/v2\/types\/post"}],"author":[{"embeddable":true,"href":"https:\/\/gaudiumetspes-blog.pl\/index.php\/wp-json\/wp\/v2\/users\/1"}],"replies":[{"embeddable":true,"href":"https:\/\/gaudiumetspes-blog.pl\/index.php\/wp-json\/wp\/v2\/comments?post=21883"}],"version-history":[{"count":2,"href":"https:\/\/gaudiumetspes-blog.pl\/index.php\/wp-json\/wp\/v2\/posts\/21883\/revisions"}],"predecessor-version":[{"id":21885,"href":"https:\/\/gaudiumetspes-blog.pl\/index.php\/wp-json\/wp\/v2\/posts\/21883\/revisions\/21885"}],"wp:attachment":[{"href":"https:\/\/gaudiumetspes-blog.pl\/index.php\/wp-json\/wp\/v2\/media?parent=21883"}],"wp:term":[{"taxonomy":"category","embeddable":true,"href":"https:\/\/gaudiumetspes-blog.pl\/index.php\/wp-json\/wp\/v2\/categories?post=21883"},{"taxonomy":"post_tag","embeddable":true,"href":"https:\/\/gaudiumetspes-blog.pl\/index.php\/wp-json\/wp\/v2\/tags?post=21883"}],"curies":[{"name":"wp","href":"https:\/\/api.w.org\/{rel}","templated":true}]}}