{"id":21916,"date":"2023-10-03T09:02:05","date_gmt":"2023-10-03T07:02:05","guid":{"rendered":"https:\/\/gaudiumetspes-blog.pl\/?p=21916"},"modified":"2023-10-03T09:04:06","modified_gmt":"2023-10-03T07:04:06","slug":"drogi-jezusa-i-nasze-drogi","status":"publish","type":"post","link":"https:\/\/gaudiumetspes-blog.pl\/index.php\/2023\/10\/03\/drogi-jezusa-i-nasze-drogi\/","title":{"rendered":"Drogi Jezusa &#8211; i nasze drogi&#8230;"},"content":{"rendered":"<p align=\"justify\"><span style=\"color: #000000;\"><span style=\"font-family: Book Antiqua, serif;\"><span style=\"font-size: large;\">Szcz\u0119\u015b\u0107 Bo\u017ce! Moi Drodzy, w dniu dzisiejszym<b> imieniny prze\u017cywaj\u0105:<\/b><\/span><\/span><\/span><\/p>\n<p align=\"justify\"><span style=\"color: #000000;\">\u25ba<span style=\"font-family: Book Antiqua, serif;\"><span style=\"font-size: large;\"><b>Teresa Nowicka \u2013 moja Ciocia, <\/b><b>mieszkaj\u0105ca w Dzia\u0142dowie<\/b><b>;<\/b><\/span><\/span><\/span><\/p>\n<p align=\"justify\"><span style=\"color: #000000;\">\u25ba<span style=\"font-family: Book Antiqua, serif;\"><span style=\"font-size: large;\"><b>Teresa Wo\u017aniak \u2013 moja Wychowawczyni ze <\/b><b>S<\/b><b>zko\u0142y podstawowej; <\/b><\/span><\/span><\/span><\/p>\n<p align=\"justify\"><span style=\"color: #000000;\">\u25ba<span style=\"font-family: Book Antiqua, serif;\"><span style=\"font-size: large;\"><b>Teresa Derlicka \u2013 Siostra Ksi\u0119dza <\/b><b>Adama Turemki, za moich czas\u00f3w: <\/b><b>Proboszcza z Miastkowa, pomagaj\u0105ca co i raz w organizacji r\u00f3\u017cnych spotka\u0144 na plebanii, <\/b><b>r\u00f3wnie\u017c \u2013 bardzo \u017cyczliwa, dobra i pogodna Osoba<\/b><b>;<\/b><\/span><\/span><\/span><\/p>\n<p align=\"justify\"><span style=\"color: #000000;\">\u25ba<span style=\"font-family: Book Antiqua, serif;\"><span style=\"font-size: large;\"><b>Teresa Stobi\u0144ska \u2013 w kt\u00f3rej domu zaczyna\u0142em wraz z M\u0142odzie\u017c\u0105 swoj\u0105 przygod\u0119 ze Szklarsk\u0105 Por\u0119b\u0105;<\/b><\/span><\/span><\/span><\/p>\n<p align=\"justify\"><span style=\"color: #000000;\">\u25ba<span style=\"font-family: Book Antiqua, serif;\"><span style=\"font-size: large;\"><b>Teresa Winiarczyk \u2013 bardzo \u017cyczliwa Osoba z Parafii Ojca Pio w Warszawie, \u017bona nie\u017cyj\u0105cego ju\u017c Ko\u015bcielnego tej Parafii, Pana Miros\u0142awa;<\/b><\/span><\/span><\/span><\/p>\n<p align=\"justify\"><span style=\"color: #000000;\"><span style=\"font-family: Book Antiqua, serif;\"><span style=\"font-size: large;\"><b>Urodziny <\/b><b>za\u015b<\/b><b> obchodzi <\/b><b>dzisiaj <\/b><b>Iza Izdebska, nale\u017c\u0105ca w swoim czasie do jednej ze Wsp\u00f3lnot m\u0142odzie\u017cowych.<\/b><\/span><\/span><\/span><\/p>\n<p align=\"justify\"><span style=\"color: #000000;\"><span style=\"font-family: Book Antiqua, serif;\"><span style=\"font-size: large;\"><b>Natomiast rocznic\u0119 zawarcia sakramentalnego Ma\u0142\u017ce\u0144stwa prze\u017cywaj\u0105 Aleksandra i Piotr Strze\u017cyszowie. Piotra pozna\u0142em, kiedy by\u0142 jeszcze uczniem w gimnazjum, potem przez jaki\u015b czas pisa\u0142 rozwa\u017cania na naszym blogu. \u017bycz\u0119, aby Oboje z dzisiejszego s\u0142owa Bo\u017cego czerpali \u015bwiat\u0142o i moc do uk\u0142adania swej ma\u0142\u017ce\u0144skiej codzienno\u015bci zgodnie z zamys\u0142em Boga.<\/b><\/span><\/span><\/span><\/p>\n<p align=\"justify\"><span style=\"color: #000000;\"><span style=\"font-family: Book Antiqua, serif;\"><span style=\"font-size: large;\"><b>Wszystkim \u015bwi\u0119tuj\u0105cym \u017cycz\u0119 <\/b><b>wielkiej rado\u015bci <\/b><b>i pokoju w sercu!<\/b><b> Zapewniam o modlitwie!<\/b><\/span><\/span><\/span><\/p>\n<p align=\"justify\"><span style=\"color: #000000;\"><span style=\"font-family: Book Antiqua, serif;\"><span style=\"font-size: large;\"><b>W <\/b><b>serdecznej <\/b><b>modlitwie wspominam tak\u017ce <\/b><b>Teres<\/b><b>\u0119<\/b><b> Mu\u0107k<\/b><b>\u0119,<\/b><b> Osob<\/b><b>\u0119<\/b><b> niezwykle dobr<\/b><b>\u0105<\/b><b> i \u017cyczliw<\/b><b>\u0105<\/b><b>, zaprzyja\u017aniona z nasz\u0105 Rodzin\u0105, Mam<\/b><b>\u0119<\/b><b> Ksi\u0119dza Leszka. <\/b><b>Ju\u017c ponad trzy<\/b><b>\u00a0lata<\/b><b> temu Pan odwo\u0142a\u0142 J\u0105 do siebie. A w\u0142a\u015bnie dzisiaj obchodzi\u0142aby imieniny. Niech tam, w Domu Ojca, \u015bwi\u0119tuj\u0119 sw\u00f3j uroczysty dzie\u0144!<\/b><\/span><\/span><\/span><\/p>\n<p align=\"justify\"><span style=\"color: #000000;\"><span style=\"font-family: Book Antiqua, serif;\"><span style=\"font-size: large;\">Moi Drodzy, dzisiaj na naszej Uczelni \u2013 inauguracja roku akademickiego w gmachu przy ulicy \u017bytniej. O 19:00 za\u015b \u2013 Msza \u015awi\u0119ta w naszym Duszpasterstwie.<\/span><\/span><\/span><\/p>\n<p align=\"justify\"><span style=\"color: #000000;\"><span style=\"font-family: Book Antiqua, serif;\"><span style=\"font-size: large;\">Teraz za\u015b ju\u017c zapraszam do refleksji nad Bo\u017cym s\u0142owem, Oto s\u0142\u00f3wko Ksi\u0119dza Marka na dzi\u015b:<\/span><\/span><\/span><\/p>\n<p align=\"justify\"><span style=\"color: #000000;\"><span style=\"font-family: Book Antiqua, serif;\"><span style=\"font-size: medium;\"><a href=\"https:\/\/www.youtube.com\/c\/CatholicSurgut\"><span style=\"font-size: large;\"><span lang=\"zxx\"><u><b>https:\/\/www.youtube.com\/c\/CatholicSurgut<\/b><\/u><\/span><\/span><\/a><\/span><\/span><\/span><\/p>\n<p align=\"justify\"><span style=\"color: #000000;\"><span style=\"font-family: Book Antiqua, serif;\"><span style=\"font-size: large;\">Zatem,<b> c<\/b><b>o Pan konkretnie m\u00f3wi do mnie przez to dzisiejsze swoje S\u0142owo \u2013 tak konkretnie do mnie dzisiaj? <\/b>Duchu \u015awi\u0119ty \u2013 przyjd\u017a, prosimy!<\/span><\/span><\/span><\/p>\n<p align=\"justify\"><span style=\"color: #000000;\"><span style=\"font-family: Book Antiqua, serif;\"><span style=\"font-size: large;\"><b>Niech Was b\u0142ogos\u0142awi B\u00f3g Wszechmog\u0105cy: Ojciec + i Syn, i Duch \u015awi\u0119ty. Amen<\/b><\/span><\/span><\/span><\/p>\n<p align=\"center\"><span style=\"color: #000000;\"><span style=\"font-family: Book Antiqua, serif;\"><span style=\"font-size: large;\">Gaudium et spes! Ks. Jacek<\/span><\/span><\/span><\/p>\n<p align=\"center\">\n<p align=\"center\">\n<p align=\"center\">\n<p align=\"center\">\n<p align=\"center\">\n<p align=\"justify\"><span style=\"color: #000000;\"><span style=\"font-family: Book Antiqua, serif;\"><span style=\"font-size: large;\"><b>Wtorek 26 Tygodnia zwyk\u0142ego, rok I,<\/b><\/span><\/span><\/span><\/p>\n<p align=\"justify\"><span style=\"color: #000000;\"><span style=\"font-family: Book Antiqua, serif;\"><span style=\"font-size: large;\"><b>3 pa\u017adziernika 2023.,\u00a0<\/b><\/span><\/span><\/span><\/p>\n<p align=\"justify\"><span style=\"color: #000000;\"><span style=\"font-family: Book Antiqua, serif;\"><span style=\"font-size: large;\"><b>do czyta\u0144: Za 8,20\u201323; \u0141k 9,51\u201356<\/b><\/span><\/span><\/span><\/p>\n<p align=\"justify\">\n<p align=\"justify\">\n<p align=\"justify\">\n<p align=\"justify\">\n<p align=\"justify\">\n<p align=\"justify\"><span style=\"font-family: Book Antiqua, serif;\"><strong><span style=\"color: #000000;\"><span style=\"font-size: large;\"><b>CZYTANIE Z KSI\u0118GI PROROKA ZACHARIASZA:<\/b><\/span><\/span><\/strong><\/span><\/p>\n<p align=\"justify\"><span style=\"color: #000000;\"><span style=\"font-family: Book Antiqua, serif;\"><span style=\"font-size: large;\"><b>To m\u00f3wi Pan Zast\u0119p\u00f3w: \u201eW przysz\u0142o\u015bci przyjd\u0105 ludy i mieszka\u0144cy wielu miast. Mieszka\u0144cy jednego miasta id\u0105c do drugiego b\u0119d\u0105 m\u00f3wili: \u00abP\u00f3jd\u017amy zjedna\u0107 przychylno\u015b\u0107 Pana i szuka\u0107 Pana Zast\u0119p\u00f3w; i ja id\u0119 tak\u017ce\u00bb. I tak liczne ludy i mnogie narody przychodzi\u0107 b\u0119d\u0105, aby szuka\u0107 Pana Zast\u0119p\u00f3w w Jeruzalem i zjedna\u0107 sobie przychylno\u015b\u0107 Pana\u201d.<\/b><\/span><\/span><\/span><\/p>\n<p align=\"justify\"><span style=\"color: #000000;\"><span style=\"font-family: Book Antiqua, serif;\"><span style=\"font-size: large;\"><b>To m\u00f3wi Pan Zast\u0119p\u00f3w: \u201eW owych dniach dziesi\u0119ciu m\u0119\u017c\u00f3w ze wszystkich narod\u00f3w i j\u0119zyk\u00f3w uchwyci si\u0119 skraju p\u0142aszcza cz\u0142owieka z Judy, m\u00f3wi\u0105c: \u00abChcemy i\u015b\u0107 z wami, albowiem zrozumieli\u015bmy, \u017ce z wami jest B\u00f3g\u00bb\u201d.<\/b><\/span><\/span><\/span><\/p>\n<p align=\"justify\">\n<p align=\"justify\">\n<p align=\"justify\">\n<p align=\"justify\">\n<p align=\"justify\">\n<p align=\"justify\"><span style=\"font-family: Book Antiqua, serif;\"><strong><span style=\"color: #000000;\"><span style=\"font-size: large;\"><b>S\u0141OWA EWANGELII WED\u0141UG \u015aWI\u0118TEGO \u0141UKASZA:<\/b><\/span><\/span><\/strong><\/span><\/p>\n<p align=\"justify\"><span style=\"color: #000000;\"><span style=\"font-family: Book Antiqua, serif;\"><span style=\"font-size: large;\"><b>Gdy dope\u0142nia\u0142 si\u0119 czas wzi\u0119cia Jezusa z tego \u015bwiata, postanowi\u0142 uda\u0107 si\u0119 do Jerozolimy i wys\u0142a\u0142 przed sob\u0105 pos\u0142a\u0144c\u00f3w. Ci wybrali si\u0119 w drog\u0119 i przyszli do pewnego miasteczka samaryta\u0144skiego, by Mu przygotowa\u0107 pobyt. Nie przyj\u0119to Go jednak, poniewa\u017c zmierza\u0142 do Jerozolimy.<\/b><\/span><\/span><\/span><\/p>\n<p align=\"justify\"><span style=\"color: #000000;\"><span style=\"font-family: Book Antiqua, serif;\"><span style=\"font-size: large;\"><b>Widz\u0105c to uczniowie Jakub i Jan rzekli: \u201ePanie, czy chcesz, a powiemy, \u017ceby ogie\u0144 spad\u0142 z nieba i zniszczy\u0142 ich?\u201d<\/b><\/span><\/span><\/span><\/p>\n<p align=\"justify\"><span style=\"color: #000000;\"><span style=\"font-family: Book Antiqua, serif;\"><span style=\"font-size: large;\"><b>Lecz On odwr\u00f3ciwszy si\u0119 zabroni\u0142 im. I udali si\u0119 do innego miasteczka.<\/b><\/span><\/span><\/span><\/p>\n<p align=\"justify\">\n<p align=\"justify\">\n<p align=\"justify\">\n<p align=\"justify\">\n<p align=\"justify\">\n<p align=\"justify\"><span style=\"font-family: Book Antiqua, serif;\"><span style=\"font-size: large;\"><span style=\"color: #000000;\">W pierwszym czytaniu s\u0142yszymy: <i><b>To m\u00f3wi Pan Zast\u0119p\u00f3w: \u201eW owych dniach dziesi\u0119ciu m\u0119\u017c\u00f3w ze wszystkich narod\u00f3w i j\u0119zyk\u00f3w uchwyci si\u0119 skraju p\u0142aszcza cz\u0142owieka z Judy, m\u00f3wi\u0105c: \u00abChcemy i\u015b\u0107 z wami, albowiem zrozumieli\u015bmy, \u017ce z wami jest B\u00f3g\u00bb\u201d.<\/b><\/i><b> <\/b>Oczywi\u015bcie, wiemy, o jakiego to cz\u0142owieka z Judy chodzi\u2026 Tak, to <b>Jezus Chrystus, Bo\u017cy Syn,<\/b> pochodzi\u0142 z tego pokolenia\u2026 <\/span><\/span><\/span><\/p>\n<p align=\"justify\"><span style=\"font-family: Book Antiqua, serif;\"><span style=\"font-size: large;\"><span style=\"color: #000000;\">W Ewangelii natomiast s\u0142yszymy: <i><b>Gdy dope\u0142nia\u0142 si\u0119 czas wzi\u0119cia Jezusa z tego \u015bwiata, postanowi\u0142 uda\u0107 si\u0119 do Jerozolimy i wys\u0142a\u0142 przed sob\u0105 pos\u0142a\u0144c\u00f3w. Ci wybrali si\u0119 w drog\u0119 i przyszli do pewnego miasteczka samaryta\u0144skiego, by Mu przygotowa\u0107 pobyt. Nie przyj\u0119to Go jednak, poniewa\u017c zmierza\u0142 do Jerozolimy.<\/b><\/i><b> <\/b>No, pewnie! Jak mogli Samarytanie, odwieczni nieprzyjaciele Izraelit\u00f3w, przyj\u0105\u0107 Izraelit\u0119, kt\u00f3ry dodatkowo jeszcze zmierza\u0142 do Jerozolimy! <\/span><\/span><\/span><\/p>\n<p align=\"justify\"><span style=\"font-family: Book Antiqua, serif;\"><span style=\"font-size: large;\"><span style=\"color: #000000;\">Z kolei, w pierwszym czytaniu s\u0142yszymy: <i><b>To m\u00f3wi Pan Zast\u0119p\u00f3w: <\/b><\/i><i><b>\u201eW przysz\u0142o\u015bci przyjd\u0105 ludy i mieszka\u0144cy wielu miast. Mieszka\u0144cy jednego miasta id\u0105c do drugiego b\u0119d\u0105 m\u00f3wili: \u00abP\u00f3jd\u017amy zjedna\u0107 przychylno\u015b\u0107 Pana i szuka\u0107 Pana Zast\u0119p\u00f3w; i ja id\u0119 tak\u017ce\u00bb. I tak liczne ludy i mnogie narody przychodzi\u0107 b\u0119d\u0105, aby szuka\u0107 Pana Zast\u0119p\u00f3w w Jeruzalem i zjedna\u0107 sobie przychylno\u015b\u0107 Pana\u201d.<\/b><\/i><\/span><\/span><\/span><\/p>\n<p align=\"justify\"><span style=\"font-family: Book Antiqua, serif;\"><span style=\"font-size: large;\"><span style=\"color: #000000;\">Natomiast w Ewangelii \u2013 zaraz po tym, jak dowiedzieli\u015bmy si\u0119, \u017ce mieszka\u0144cy wspomnianego tam miasteczka nie przyj\u0119li Jezusa, s\u0142yszymy, i\u017c <i><b>widz\u0105c to uczniowie Jakub i Jan rzekli: \u201ePanie, czy chcesz, a powiemy, \u017ceby ogie\u0144 spad\u0142 z nieba i zniszczy\u0142 ich?\u201d Lecz On odwr\u00f3ciwszy si\u0119 zabroni\u0142 im. I udali si\u0119 do innego miasteczka.<\/b><\/i><b> <\/b>Inny Ewangelista dodaje, \u017ce w\u0142a\u015bnie z powodu takich reakcji, jakie mia\u0142y miejsce w wielu innych sytuacjach, tych\u017ce dw\u00f3ch Aposto\u0142\u00f3w nazywano <b>\u00abboanerges\u00bb<\/b><i><b>, <\/b><\/i>czyli <b>\u00absynami gromu\u00bb. <\/b><\/span><\/span><\/span><\/p>\n<p align=\"justify\"><span style=\"font-family: Book Antiqua, serif;\"><span style=\"font-size: large;\"><span style=\"color: #000000;\">Jak s\u0142yszymy, Jezus <b>nie pozwoli\u0142 im \u201erozwin\u0105\u0107 skrzyde\u0142\u201d<\/b> i popu\u015bci\u0107 wodz\u00f3w fantazji, dlatego miasteczko nie zosta\u0142o spalone, ale nie zmienia to faktu, \u017ce tamtego dnia musia\u0142 On <b>poszuka\u0107 innej drogi do Jerozolimy\u2026 <\/b>Bo ta akurat zosta\u0142a przed Nim zamkni\u0119ta! <\/span><\/span><\/span><\/p>\n<p align=\"justify\"><span style=\"font-family: Book Antiqua, serif;\"><span style=\"font-size: large;\"><span style=\"color: #000000;\">I to w\u0142a\u015bnie pokazuje nam dzisiejsza liturgia S\u0142owa: w\u0142a\u015bnie \u00f3w <b>kontrast, jaki wyra\u017anie rysuje si\u0119<\/b> pomi\u0119dzy pierwszym czytaniem, a Ewangeli\u0105. W pierwszym czytaniu s\u0142yszymy o tym, \u017ce <b>ludzie szukaj\u0105 dr\u00f3g do Boga,<\/b> szukaj\u0105 spos\u00f3b na to, by zyska\u0107 przychylno\u015b\u0107 Pana Zast\u0119p\u00f3w, wr\u0119cz s\u0142yszymy o jakiej\u015b <b>wielkiej w\u0119dr\u00f3wce lud\u00f3w i nard\u00f3w<\/b> \u2013 padaj\u0105 przecie\u017c takie s\u0142owa, jak: <i><b>P\u00f3jd\u017amy zjedna\u0107 przychylno\u015b\u0107 Pana i szuka\u0107 Pana Zast\u0119p\u00f3w;<\/b><\/i><b> <\/b>czy te\u017c:<i> <\/i><i><b>I tak liczne ludy i mnogie narody przychodzi\u0107 b\u0119d\u0105, aby szuka\u0107 Pana Zast\u0119p\u00f3w w Jeruzalem.<\/b><\/i><b> <\/b>A zatem, jaki\u015b wielki ruch, jakie\u015b ogromne poruszenie! By tak to uj\u0105\u0107: <b>wszystkie drogi prowadz\u0105 do Jerozolimy! <\/b><\/span><\/span><\/span><\/p>\n<p align=\"justify\"><span style=\"font-family: Book Antiqua, serif;\"><span style=\"font-size: large;\"><span style=\"color: #000000;\">Wszystkie drogi Jezusa Chrystusa, jakie przemierza\u0142 w czasie ca\u0142ej swojej ziemskiej dzia\u0142alno\u015bci \u2013 tak\u017ce ostatecznie<b> prowadzi\u0142y do Jerozolimy.<\/b> Tak, Jezus ca\u0142y czas \u2013 oczywi\u015bcie, stopniowo, etapami, dzie\u0144 po dniu i przemierzaj\u0105c r\u00f3\u017cne drogi i w r\u00f3\u017cnych kierunkach, dokonuj\u0105c wielu znak\u00f3w Bo\u017cej mocy i nauczaj\u0105c o Kr\u00f3lestwie niebieskim \u2013 <b>ostatecznie zmierza\u0142 do Jerozolimy,<\/b> aby tam dokona\u0142a si\u0119 <b>kulminacja Je<\/b><b>go<\/b><b> misji,<\/b> a wi\u0119c z\u0142o\u017cenie Ofiary Krzy\u017ca za zbawienie \u015bwiata. <\/span><\/span><\/span><\/p>\n<p align=\"justify\"><span style=\"font-family: Book Antiqua, serif;\"><span style=\"font-size: large;\"><span style=\"color: #000000;\">Jezus zatem zmierza do Jerozolimy, ale oto dzisiaj s\u0142yszymy, \u017ce <b>ludzie\u2026 zamykaj\u0105 Mu drog\u0119. <\/b>Musi wybra\u0107 inn\u0105. I o tym dzisiaj m\u00f3wi Bo\u017ce s\u0142owo, moi Drodzy \u2013 w\u0142a\u015bnie o tych<b> naszych drogach do Boga i drogach Boga do naszego serca.<\/b> Czy wszystkie drogi, kt\u00f3rymi poruszamy si\u0119 w codzienno\u015bci, przy wype\u0142nianiu zada\u0144 naszego \u017cyciowego powo\u0142ania, <b>prowadz\u0105 nas do <\/b><b>Jezusa<\/b> \u2013 tak, jak wszystkie drogi Jezusa <b>prowadzi\u0142y Go do Jerozolimy,<\/b> gdzie mia\u0142 dokona\u0107 naszego zbawienia? <\/span><\/span><\/span><\/p>\n<p align=\"justify\"><span style=\"font-family: Book Antiqua, serif;\"><span style=\"font-size: large;\"><span style=\"color: #000000;\">Czy zbyt cz\u0119sto <b>nie schodzimy na drogi kr\u0119te,<\/b> drogi grzechu, buntu i zamieszania? A znowu: czy wszystkie drogi, prowadz\u0105ce do naszego serca, <b>s\u0105 dla Jezusa otwarte, <\/b>czy musi szuka\u0107 ci\u0105gle nowych, czyli ci\u0105gle <b>innych i nowych sposob\u00f3w dotarcia do nas,<\/b> bo my pewne sfery naszego \u017cycia, pewne sprawy \u2013 <b>rezerwujemy tylko dla siebie,<\/b> zamykamy przed Jezusem i nie chcemy, \u017ceby On <b>widzia\u0142<\/b> niekt\u00f3re nasze sprawki, \u017ceby <b>wiedzia\u0142<\/b> o niekt\u00f3rych naszych zachowaniach, \u017ceby <b>s\u0142ysza\u0142<\/b> niekt\u00f3re nasze s\u0142owa, albo <b>wiedzia\u0142<\/b> o niekt\u00f3rych naszych my\u015blach\u2026 <\/span><\/span><\/span><\/p>\n<p align=\"justify\"><span style=\"font-family: Book Antiqua, serif;\"><span style=\"font-size: large;\"><span style=\"color: #000000;\">Ch\u0119tnie i \u0142atwo \u2013 niestety \u2013 <b>zamykamy przed Jezusem drogi<\/b> do naszego serca, sk\u0142onni bardziej do tego, \u017ceby si\u0119<b> tam w nim okopa\u0107 i samemu poradzi\u0107 sobie<\/b> ze wszystkimi problemami i sprawami. I tak sami sobie <b>utrudniamy \u017cycie \u2013<\/b> na w\u0142asne \u017cyczenie! \u2013 i to zar\u00f3wno to <b>\u017cycie doczesne,<\/b> jak te\u017c komplikujemy sobie w ten spos\u00f3b <b>drog\u0119 do \u017cycia wiecznego.<\/b> <\/span><\/span><\/span><\/p>\n<p align=\"justify\"><span style=\"font-family: Book Antiqua, serif;\"><span style=\"font-size: large;\"><span style=\"color: #000000;\">Pomy\u015blmy zatem, co trzeba nam zrobi\u0107, jakie postanowienia podj\u0105\u0107, jakie kierunki naszego dzia\u0142ania wybra\u0107, aby ju\u017c <b>wszystkie nasze drogi prowadzi\u0142y nas do Jezusa,<\/b> a nie na jakie\u015b bezdro\u017ca?\u2026 Co w tym celu musimy w swoim \u017cyciu zmieni\u0107 \u2013 najlepiej ju\u017c od dzisiaj? I kt\u00f3re zakamarki swego serca <b>otworzy\u0107, rozja\u015bni\u0107 i przewietrzy\u0107, <\/b>aby ju\u017c nie by\u0142o takich stref zamkni\u0119tych, do kt\u00f3rych Jezus nie ma wst\u0119pu, bo\u2026 zwyczajnie jest nam wstyd?\u2026 <\/span><\/span><\/span><\/p>\n<p align=\"justify\"><span style=\"font-family: Book Antiqua, serif;\"><span style=\"font-size: large;\"><span style=\"color: #000000;\">Moi Drodzy, niech wszystkie nasze \u017cyciowe drogi <b>prowadz\u0105 nas do Jezusa!<\/b> I niech wszystkie drogi do naszego serca <b>b\u0119d\u0105 dla Jezusa otwarte\u2026<\/b><\/span><\/span><\/span><\/p>\n","protected":false},"excerpt":{"rendered":"<p>Szcz\u0119\u015b\u0107 Bo\u017ce! Moi Drodzy, w dniu dzisiejszym imieniny prze\u017cywaj\u0105: \u25baTeresa Nowicka \u2013 moja Ciocia, mieszkaj\u0105ca w Dzia\u0142dowie; \u25baTeresa Wo\u017aniak \u2013 moja Wychowawczyni ze Szko\u0142y podstawowej; \u25baTeresa Derlicka \u2013 Siostra Ksi\u0119dza Adama Turemki, za moich czas\u00f3w: Proboszcza z Miastkowa, pomagaj\u0105ca co i raz w organizacji r\u00f3\u017cnych spotka\u0144 na plebanii, r\u00f3wnie\u017c \u2013 bardzo \u017cyczliwa, dobra i pogodna [&hellip;]<\/p>\n","protected":false},"author":1,"featured_media":0,"comment_status":"open","ping_status":"open","sticky":false,"template":"","format":"standard","meta":{"jetpack_post_was_ever_published":false,"_jetpack_newsletter_access":"","_jetpack_dont_email_post_to_subs":false,"_jetpack_newsletter_tier_id":0,"_jetpack_memberships_contains_paywalled_content":false,"_jetpack_memberships_contains_paid_content":false,"footnotes":""},"categories":[1],"tags":[],"class_list":["post-21916","post","type-post","status-publish","format-standard","hentry","category-bez-kategorii"],"yoast_head":"<!-- This site is optimized with the Yoast SEO plugin v25.1 - https:\/\/yoast.com\/wordpress\/plugins\/seo\/ -->\n<title>Drogi Jezusa - i nasze drogi... - Gaudium Et Spes<\/title>\n<meta name=\"robots\" content=\"index, follow, max-snippet:-1, max-image-preview:large, max-video-preview:-1\" \/>\n<link rel=\"canonical\" href=\"https:\/\/gaudiumetspes-blog.pl\/index.php\/2023\/10\/03\/drogi-jezusa-i-nasze-drogi\/\" \/>\n<meta property=\"og:locale\" content=\"pl_PL\" \/>\n<meta property=\"og:type\" content=\"article\" \/>\n<meta property=\"og:title\" content=\"Drogi Jezusa - i nasze drogi... - Gaudium Et Spes\" \/>\n<meta property=\"og:description\" content=\"Szcz\u0119\u015b\u0107 Bo\u017ce! Moi Drodzy, w dniu dzisiejszym imieniny prze\u017cywaj\u0105: \u25baTeresa Nowicka \u2013 moja Ciocia, mieszkaj\u0105ca w Dzia\u0142dowie; \u25baTeresa Wo\u017aniak \u2013 moja Wychowawczyni ze Szko\u0142y podstawowej; \u25baTeresa Derlicka \u2013 Siostra Ksi\u0119dza Adama Turemki, za moich czas\u00f3w: Proboszcza z Miastkowa, pomagaj\u0105ca co i raz w organizacji r\u00f3\u017cnych spotka\u0144 na plebanii, r\u00f3wnie\u017c \u2013 bardzo \u017cyczliwa, dobra i pogodna [&hellip;]\" \/>\n<meta property=\"og:url\" content=\"https:\/\/gaudiumetspes-blog.pl\/index.php\/2023\/10\/03\/drogi-jezusa-i-nasze-drogi\/\" \/>\n<meta property=\"og:site_name\" content=\"Gaudium Et Spes\" \/>\n<meta property=\"article:published_time\" content=\"2023-10-03T07:02:05+00:00\" \/>\n<meta property=\"article:modified_time\" content=\"2023-10-03T07:04:06+00:00\" \/>\n<meta name=\"author\" content=\"Ks. Jacek\" \/>\n<meta name=\"twitter:card\" content=\"summary_large_image\" \/>\n<meta name=\"twitter:label1\" content=\"Napisane przez\" \/>\n\t<meta name=\"twitter:data1\" content=\"Ks. Jacek\" \/>\n\t<meta name=\"twitter:label2\" content=\"Szacowany czas czytania\" \/>\n\t<meta name=\"twitter:data2\" content=\"7 minut\" \/>\n<script type=\"application\/ld+json\" class=\"yoast-schema-graph\">{\"@context\":\"https:\/\/schema.org\",\"@graph\":[{\"@type\":\"WebPage\",\"@id\":\"https:\/\/gaudiumetspes-blog.pl\/index.php\/2023\/10\/03\/drogi-jezusa-i-nasze-drogi\/\",\"url\":\"https:\/\/gaudiumetspes-blog.pl\/index.php\/2023\/10\/03\/drogi-jezusa-i-nasze-drogi\/\",\"name\":\"Drogi Jezusa - i nasze drogi... - Gaudium Et Spes\",\"isPartOf\":{\"@id\":\"https:\/\/gaudiumetspes-blog.pl\/#website\"},\"datePublished\":\"2023-10-03T07:02:05+00:00\",\"dateModified\":\"2023-10-03T07:04:06+00:00\",\"author\":{\"@id\":\"https:\/\/gaudiumetspes-blog.pl\/#\/schema\/person\/1661982992b752dea8dff0d4ed845a65\"},\"breadcrumb\":{\"@id\":\"https:\/\/gaudiumetspes-blog.pl\/index.php\/2023\/10\/03\/drogi-jezusa-i-nasze-drogi\/#breadcrumb\"},\"inLanguage\":\"pl-PL\",\"potentialAction\":[{\"@type\":\"ReadAction\",\"target\":[\"https:\/\/gaudiumetspes-blog.pl\/index.php\/2023\/10\/03\/drogi-jezusa-i-nasze-drogi\/\"]}]},{\"@type\":\"BreadcrumbList\",\"@id\":\"https:\/\/gaudiumetspes-blog.pl\/index.php\/2023\/10\/03\/drogi-jezusa-i-nasze-drogi\/#breadcrumb\",\"itemListElement\":[{\"@type\":\"ListItem\",\"position\":1,\"name\":\"Strona g\u0142\u00f3wna\",\"item\":\"https:\/\/gaudiumetspes-blog.pl\/\"},{\"@type\":\"ListItem\",\"position\":2,\"name\":\"Drogi Jezusa &#8211; i nasze drogi&#8230;\"}]},{\"@type\":\"WebSite\",\"@id\":\"https:\/\/gaudiumetspes-blog.pl\/#website\",\"url\":\"https:\/\/gaudiumetspes-blog.pl\/\",\"name\":\"Gaudium Et Spes\",\"description\":\"Blog Ks. Jacka Ja\u015bkowskiego\",\"potentialAction\":[{\"@type\":\"SearchAction\",\"target\":{\"@type\":\"EntryPoint\",\"urlTemplate\":\"https:\/\/gaudiumetspes-blog.pl\/?s={search_term_string}\"},\"query-input\":{\"@type\":\"PropertyValueSpecification\",\"valueRequired\":true,\"valueName\":\"search_term_string\"}}],\"inLanguage\":\"pl-PL\"},{\"@type\":\"Person\",\"@id\":\"https:\/\/gaudiumetspes-blog.pl\/#\/schema\/person\/1661982992b752dea8dff0d4ed845a65\",\"name\":\"Ks. Jacek\",\"image\":{\"@type\":\"ImageObject\",\"inLanguage\":\"pl-PL\",\"@id\":\"https:\/\/gaudiumetspes-blog.pl\/#\/schema\/person\/image\/\",\"url\":\"https:\/\/gaudiumetspes-blog.pl\/wp-content\/uploads\/2019\/07\/avatar-JJ-150x150.jpg\",\"contentUrl\":\"https:\/\/gaudiumetspes-blog.pl\/wp-content\/uploads\/2019\/07\/avatar-JJ-150x150.jpg\",\"caption\":\"Ks. Jacek\"},\"description\":\"Witam serdecznie! K\u0142ania si\u0119 Ks. Jacek Ja\u015bkowski. Nie jestem ani kim\u015b wa\u017cnym, ani kim\u015b znanym. Jestem ksi\u0119dzem, kt\u00f3ry po prostu chce rozmawia\u0107. Codzienna kap\u0142a\u0144ska pos\u0142uga pokazuje mi, \u017ce temat\u00f3w do rozm\u00f3w z ksi\u0119dzem jest coraz wi\u0119cej i dzisiaj \u017caden ksi\u0105dz nie mo\u017ce od nich ucieka\u0107, ale - wprost przeciwnie - podejmowa\u0107 nowe wyzwania. To przekonanie sk\u0142oni\u0142o mnie do pr\u00f3by otwarcia tego\u017c bloga, chocia\u017c okazji do rozm\u00f3w na co dzie\u0144 - w konfesjonale i poza nim - na szcz\u0119\u015bcie nie brakuje. My\u015bl\u0119 jednak, \u017ce ten blog b\u0119dzie jeszcze jednym sposobem i przestrzeni\u0105 nawi\u0105zania kontaktu z lud\u017ami dobrej woli, otwartymi na dialog.\",\"url\":\"https:\/\/gaudiumetspes-blog.pl\/index.php\/author\/ks-jacek\/\"}]}<\/script>\n<!-- \/ Yoast SEO plugin. -->","yoast_head_json":{"title":"Drogi Jezusa - i nasze drogi... - Gaudium Et Spes","robots":{"index":"index","follow":"follow","max-snippet":"max-snippet:-1","max-image-preview":"max-image-preview:large","max-video-preview":"max-video-preview:-1"},"canonical":"https:\/\/gaudiumetspes-blog.pl\/index.php\/2023\/10\/03\/drogi-jezusa-i-nasze-drogi\/","og_locale":"pl_PL","og_type":"article","og_title":"Drogi Jezusa - i nasze drogi... - Gaudium Et Spes","og_description":"Szcz\u0119\u015b\u0107 Bo\u017ce! Moi Drodzy, w dniu dzisiejszym imieniny prze\u017cywaj\u0105: \u25baTeresa Nowicka \u2013 moja Ciocia, mieszkaj\u0105ca w Dzia\u0142dowie; \u25baTeresa Wo\u017aniak \u2013 moja Wychowawczyni ze Szko\u0142y podstawowej; \u25baTeresa Derlicka \u2013 Siostra Ksi\u0119dza Adama Turemki, za moich czas\u00f3w: Proboszcza z Miastkowa, pomagaj\u0105ca co i raz w organizacji r\u00f3\u017cnych spotka\u0144 na plebanii, r\u00f3wnie\u017c \u2013 bardzo \u017cyczliwa, dobra i pogodna [&hellip;]","og_url":"https:\/\/gaudiumetspes-blog.pl\/index.php\/2023\/10\/03\/drogi-jezusa-i-nasze-drogi\/","og_site_name":"Gaudium Et Spes","article_published_time":"2023-10-03T07:02:05+00:00","article_modified_time":"2023-10-03T07:04:06+00:00","author":"Ks. Jacek","twitter_card":"summary_large_image","twitter_misc":{"Napisane przez":"Ks. Jacek","Szacowany czas czytania":"7 minut"},"schema":{"@context":"https:\/\/schema.org","@graph":[{"@type":"WebPage","@id":"https:\/\/gaudiumetspes-blog.pl\/index.php\/2023\/10\/03\/drogi-jezusa-i-nasze-drogi\/","url":"https:\/\/gaudiumetspes-blog.pl\/index.php\/2023\/10\/03\/drogi-jezusa-i-nasze-drogi\/","name":"Drogi Jezusa - i nasze drogi... - Gaudium Et Spes","isPartOf":{"@id":"https:\/\/gaudiumetspes-blog.pl\/#website"},"datePublished":"2023-10-03T07:02:05+00:00","dateModified":"2023-10-03T07:04:06+00:00","author":{"@id":"https:\/\/gaudiumetspes-blog.pl\/#\/schema\/person\/1661982992b752dea8dff0d4ed845a65"},"breadcrumb":{"@id":"https:\/\/gaudiumetspes-blog.pl\/index.php\/2023\/10\/03\/drogi-jezusa-i-nasze-drogi\/#breadcrumb"},"inLanguage":"pl-PL","potentialAction":[{"@type":"ReadAction","target":["https:\/\/gaudiumetspes-blog.pl\/index.php\/2023\/10\/03\/drogi-jezusa-i-nasze-drogi\/"]}]},{"@type":"BreadcrumbList","@id":"https:\/\/gaudiumetspes-blog.pl\/index.php\/2023\/10\/03\/drogi-jezusa-i-nasze-drogi\/#breadcrumb","itemListElement":[{"@type":"ListItem","position":1,"name":"Strona g\u0142\u00f3wna","item":"https:\/\/gaudiumetspes-blog.pl\/"},{"@type":"ListItem","position":2,"name":"Drogi Jezusa &#8211; i nasze drogi&#8230;"}]},{"@type":"WebSite","@id":"https:\/\/gaudiumetspes-blog.pl\/#website","url":"https:\/\/gaudiumetspes-blog.pl\/","name":"Gaudium Et Spes","description":"Blog Ks. Jacka Ja\u015bkowskiego","potentialAction":[{"@type":"SearchAction","target":{"@type":"EntryPoint","urlTemplate":"https:\/\/gaudiumetspes-blog.pl\/?s={search_term_string}"},"query-input":{"@type":"PropertyValueSpecification","valueRequired":true,"valueName":"search_term_string"}}],"inLanguage":"pl-PL"},{"@type":"Person","@id":"https:\/\/gaudiumetspes-blog.pl\/#\/schema\/person\/1661982992b752dea8dff0d4ed845a65","name":"Ks. Jacek","image":{"@type":"ImageObject","inLanguage":"pl-PL","@id":"https:\/\/gaudiumetspes-blog.pl\/#\/schema\/person\/image\/","url":"https:\/\/gaudiumetspes-blog.pl\/wp-content\/uploads\/2019\/07\/avatar-JJ-150x150.jpg","contentUrl":"https:\/\/gaudiumetspes-blog.pl\/wp-content\/uploads\/2019\/07\/avatar-JJ-150x150.jpg","caption":"Ks. Jacek"},"description":"Witam serdecznie! K\u0142ania si\u0119 Ks. Jacek Ja\u015bkowski. Nie jestem ani kim\u015b wa\u017cnym, ani kim\u015b znanym. Jestem ksi\u0119dzem, kt\u00f3ry po prostu chce rozmawia\u0107. Codzienna kap\u0142a\u0144ska pos\u0142uga pokazuje mi, \u017ce temat\u00f3w do rozm\u00f3w z ksi\u0119dzem jest coraz wi\u0119cej i dzisiaj \u017caden ksi\u0105dz nie mo\u017ce od nich ucieka\u0107, ale - wprost przeciwnie - podejmowa\u0107 nowe wyzwania. To przekonanie sk\u0142oni\u0142o mnie do pr\u00f3by otwarcia tego\u017c bloga, chocia\u017c okazji do rozm\u00f3w na co dzie\u0144 - w konfesjonale i poza nim - na szcz\u0119\u015bcie nie brakuje. My\u015bl\u0119 jednak, \u017ce ten blog b\u0119dzie jeszcze jednym sposobem i przestrzeni\u0105 nawi\u0105zania kontaktu z lud\u017ami dobrej woli, otwartymi na dialog.","url":"https:\/\/gaudiumetspes-blog.pl\/index.php\/author\/ks-jacek\/"}]}},"jetpack_featured_media_url":"","jetpack_sharing_enabled":true,"_links":{"self":[{"href":"https:\/\/gaudiumetspes-blog.pl\/index.php\/wp-json\/wp\/v2\/posts\/21916","targetHints":{"allow":["GET"]}}],"collection":[{"href":"https:\/\/gaudiumetspes-blog.pl\/index.php\/wp-json\/wp\/v2\/posts"}],"about":[{"href":"https:\/\/gaudiumetspes-blog.pl\/index.php\/wp-json\/wp\/v2\/types\/post"}],"author":[{"embeddable":true,"href":"https:\/\/gaudiumetspes-blog.pl\/index.php\/wp-json\/wp\/v2\/users\/1"}],"replies":[{"embeddable":true,"href":"https:\/\/gaudiumetspes-blog.pl\/index.php\/wp-json\/wp\/v2\/comments?post=21916"}],"version-history":[{"count":2,"href":"https:\/\/gaudiumetspes-blog.pl\/index.php\/wp-json\/wp\/v2\/posts\/21916\/revisions"}],"predecessor-version":[{"id":21918,"href":"https:\/\/gaudiumetspes-blog.pl\/index.php\/wp-json\/wp\/v2\/posts\/21916\/revisions\/21918"}],"wp:attachment":[{"href":"https:\/\/gaudiumetspes-blog.pl\/index.php\/wp-json\/wp\/v2\/media?parent=21916"}],"wp:term":[{"taxonomy":"category","embeddable":true,"href":"https:\/\/gaudiumetspes-blog.pl\/index.php\/wp-json\/wp\/v2\/categories?post=21916"},{"taxonomy":"post_tag","embeddable":true,"href":"https:\/\/gaudiumetspes-blog.pl\/index.php\/wp-json\/wp\/v2\/tags?post=21916"}],"curies":[{"name":"wp","href":"https:\/\/api.w.org\/{rel}","templated":true}]}}