{"id":21991,"date":"2023-11-03T08:41:40","date_gmt":"2023-11-03T07:41:40","guid":{"rendered":"https:\/\/gaudiumetspes-blog.pl\/?p=21991"},"modified":"2023-11-03T08:42:35","modified_gmt":"2023-11-03T07:42:35","slug":"ile-poswiece-dla-wiary","status":"publish","type":"post","link":"https:\/\/gaudiumetspes-blog.pl\/index.php\/2023\/11\/03\/ile-poswiece-dla-wiary\/","title":{"rendered":"Ile po\u015bwi\u0119c\u0119 dla wiary?&#8230;"},"content":{"rendered":"<p align=\"justify\"><span style=\"color: #000000;\"><span style=\"font-family: Book Antiqua, serif;\"><span style=\"font-size: large;\">Szcz\u0119\u015b\u0107 Bo\u017ce! Moi Drodzy, w dniu dzisiejszym <b>imieniny \u015bwi\u0119tuj\u0105:<\/b><\/span><\/span><\/span><\/p>\n<p align=\"justify\"><span style=\"color: #000000;\">\u25ba<span style=\"font-family: Book Antiqua, serif;\"><span style=\"font-size: large;\"><b>Sylwia Tomaszek \u2013 Dyrektor Liceum im. Lelewela w \u017belechowie, w kt\u00f3rym mia\u0142em przyjemno\u015b\u0107 przed laty pracowa\u0107 i wsp\u00f3\u0142pracowa\u0107 z Solenizantk\u0105;<\/b><\/span><\/span><\/span><\/p>\n<p align=\"justify\"><span style=\"color: #000000;\">\u25ba<span style=\"font-family: Book Antiqua, serif;\"><span style=\"font-size: large;\"><b>Hubert Maksymiuk \u2013 anga\u017cuj\u0105cy si\u0119 przed laty w dzia\u0142alno\u015b\u0107 m\u0142odzie\u017cowych Wsp\u00f3lnot.<\/b><\/span><\/span><\/span><\/p>\n<p align=\"justify\"><span style=\"color: #000000;\"><span style=\"font-family: Book Antiqua, serif;\"><span style=\"font-size: large;\"><b>Obojgu \u015bwi\u0119tuj\u0105cym \u017cycz\u0119 Bo\u017cych \u015bwiate\u0142 i natchnie\u0144, o co te\u017c b\u0119d\u0119 si\u0119 dla Nich modli\u0142.<\/b><\/span><\/span><\/span><\/p>\n<p align=\"justify\"><span style=\"color: #000000;\"><span style=\"font-family: Book Antiqua, serif;\"><span style=\"font-size: large;\">A oto dzisiaj \u2013 pierwszy pi\u0105tek miesi\u0105ca. Pami\u0119tajmy o przyj\u0119ciu Komunii \u015awi\u0119tej wynagradzaj\u0105cej. Spowied\u017a nie jest konieczna, je\u017celi by\u0142a niedawno. Chodzi o stan \u0142aski u\u015bwi\u0119caj\u0105cej i przyj\u0119cie Komunii \u015awi\u0119tej. Zach\u0119cam do obej\u015bcia dziewi\u0119ciu pierwszych pi\u0105tk\u00f3w miesi\u0105ca.<\/span><\/span><\/span><\/p>\n<p align=\"justify\"><span style=\"color: #000000;\"><span style=\"font-family: Book Antiqua, serif;\"><span style=\"font-size: large;\">Wczoraj by\u0142 pierwszy czwartek miesi\u0105ca, chocia\u017c by\u0142 to Dzie\u0144 Zaduszny. Jak\u017ce wielkim zaskoczeniem by\u0142o dla mnie, kiedy by\u0142em wieczorem w Parafii \u015awi\u0119tego Jana Kantego w Lublinie, gdzie koncelebrowa\u0142em Msz\u0119 \u015awi\u0119t\u0105 \u2013 i w\u015br\u00f3d intencji, kt\u00f3re jako koncelebransi odprawiali\u015bmy (w tym tak\u017ce intencji za kap\u0142an\u00f3w i o nowe powo\u0142ania), us\u0142ysza\u0142em intencj\u0119 o Bo\u017ce b\u0142ogos\u0142awie\u0144stwo dla mnie, z okazji pi\u0119\u0107dziesi\u0105tych urodzin! Tak wielk\u0105 niespodziank\u0119 sprawi\u0142 mi Proboszcz Parafii, Ksi\u0105dz Bogdan Zag\u00f3rski, kt\u00f3ry zreszt\u0105 t\u0119 Msz\u0119 \u015awi\u0119t\u0105 celebrowa\u0142. <\/span><\/span><\/span><\/p>\n<p align=\"justify\"><span style=\"color: #000000;\"><span style=\"font-family: Book Antiqua, serif;\"><span style=\"font-size: large;\">Wielkie dzi\u0119ki za t\u0119 \u017cyczliwo\u015b\u0107 \u2013 podobnie, jak i za pi\u0119kne \u017cyczenia, kt\u00f3re otrzyma\u0142em od Ksi\u0119dza Andrzeja Bubicza, pos\u0142uguj\u0105cego w tej Parafii go\u015bcinnie, a pe\u0142ni\u0105cego wa\u017cne funkcje w Archidiecezji Lubelskiej. Bardzo dzi\u0119kuj\u0119 raz jeszcze Braciom Kap\u0142anom i Wam wszystkim \u2013 za \u017cyczliwo\u015b\u0107 i pami\u0119\u0107! W najbli\u017cszych dniach odprawi\u0119 Msz\u0119 \u015awi\u0119t\u0105 w intencji Wszystkich \u017cyczliwych!<\/span><\/span><\/span><\/p>\n<p align=\"justify\"><span style=\"color: #000000;\"><span style=\"font-family: Book Antiqua, serif;\"><span style=\"font-size: medium;\"><span style=\"font-size: large;\">A oto dzisiaj &#8211; <\/span><span style=\"font-size: large;\"><b>w Katolickim Radiu Podlasie<\/b><\/span><span style=\"font-size: large;\"> odb\u0119dzie si\u0119 kolejna audycja, w ramach cyklu: <\/span><span style=\"font-size: large;\"><b>AKADEMICKIE GAUDEAMUS. <\/b><\/span><span style=\"font-size: large;\">Jej tematem b\u0119dzie: <\/span><strong><span style=\"font-size: large;\"><b>CZY ALBA MO\u017bE NIE \u201ePARZY\u0106\u201d STUDENTA?\u2026 <\/b><\/span><\/strong><strong><span style=\"font-size: large;\">Uczestnikami b\u0119d\u0105 Lektorzy \u2013 Studenci (i nie tylko Studenci) z Parafii w Samogoszczy, Parafii Chrystusa Mi\u0142osiernego w Bia\u0142ej Podlaskiej oraz Parafii w Krzesku. <\/span><\/strong><\/span><\/span><\/span><\/p>\n<p align=\"justify\"><span style=\"color: #000000;\"><span style=\"font-family: Book Antiqua, serif;\"><span style=\"font-size: medium;\"><span style=\"font-size: large;\">Audycja rozpocznie si\u0119 <\/span><span style=\"font-size: large;\"><b>o godz. 21:40 <\/b><\/span><span style=\"font-size: large;\">i potrwa <\/span><span style=\"font-size: large;\"><b>do 23:00.<\/b><\/span><span style=\"font-size: large;\"> Zach\u0119cam do s\u0142uchania, oraz do \u0142\u0105czno\u015bci z nami \u2013 telefonicznej, mailowej, smsowej. Telefon do radia \u2013 do wej\u015bcia na \u017cywo: <\/span><strong><span style=\"font-size: large;\"><b>25 \/ 644 65 55; <\/b><\/span><\/strong><strong><span style=\"font-size: large;\">sms<\/span><\/strong><b> <\/b><strong><span style=\"font-size: large;\">do Radia:<\/span><\/strong><b> <\/b><strong><span style=\"font-size: large;\"><b>509 056 590;<\/b><\/span><\/strong> <strong><span style=\"font-size: large;\">sms do mnie:<\/span><\/strong> <strong><span style=\"font-size: large;\"><b>604 736 981. <\/b><\/span><\/strong><strong><span style=\"font-size: large;\">Mo\u017cna<\/span><\/strong><strong><span style=\"font-size: large;\"> nas s\u0142ucha\u0107 tak\u017ce w internecie, na stron<\/span><\/strong><strong><span style=\"font-size: large;\">ie: <\/span><\/strong><strong><a href=\"http:\/\/www.radiopodlasie.pl\/\"><span style=\"font-size: large;\"><u>radiopodlasie.pl<\/u><\/span><\/a><\/strong><strong><span style=\"font-size: large;\">, <\/span><\/strong><strong><span style=\"font-size: large;\">lub<\/span><\/strong><strong><span style=\"font-size: large;\"> ods\u0142ucha\u0107 audycji p\u00f3\u017aniej, w \u00abArchiwum d\u017awi\u0119k\u00f3w\u00bb.<\/span><\/strong><\/span><\/span><\/span><\/p>\n<p align=\"justify\"><span style=\"color: #000000;\"><span style=\"font-family: Book Antiqua, serif;\"><span style=\"font-size: large;\">Teraz za\u015b ju\u017c zapraszam do pochylenia si\u0119 nad Bo\u017cym s\u0142owem dzisiejszej liturgii. Oto s\u0142\u00f3wko Ksi\u0119dza Marka na dzi\u015b:<\/span><\/span><\/span><\/p>\n<p align=\"justify\"><span style=\"color: #000000;\"><span style=\"font-family: Book Antiqua, serif;\"><span style=\"font-size: medium;\"><a href=\"https:\/\/www.youtube.com\/c\/CatholicSurgut\"><span style=\"font-size: large;\"><span lang=\"zxx\"><u><b>https:\/\/www.youtube.com\/c\/CatholicSurgut<\/b><\/u><\/span><\/span><\/a><\/span><\/span><\/span><\/p>\n<p align=\"justify\"><span style=\"color: #000000;\"><span style=\"font-family: Book Antiqua, serif;\"><span style=\"font-size: large;\"><span lang=\"zxx\">Zatem, <\/span><b>co dzi\u015b m\u00f3wi do mnie Pan? Z jakim bardzo konkretnym przes\u0142aniem zwraca si\u0119 do mnie osobi\u015bcie?<\/b> Duchu \u015awi\u0119ty, b\u0105d\u017a Przewodnikiem w tej refleksji\u2026 <\/span><\/span><\/span><\/p>\n<p align=\"justify\"><span style=\"color: #000000;\"><span style=\"font-family: Book Antiqua, serif;\"><span style=\"font-size: large;\"><b>Niech Was b\u0142ogos\u0142awi B\u00f3g Wszechmog\u0105cy: Ojciec + i Syn, i Duch \u015awi\u0119ty. Amen<\/b><\/span><\/span><\/span><\/p>\n<p align=\"center\"><span style=\"color: #000000;\"><span style=\"font-family: Book Antiqua, serif;\"><span style=\"font-size: large;\">Gaudium et spes! Ks. Jacek<\/span><\/span><\/span><\/p>\n<p align=\"center\">\n<p align=\"center\">\n<p align=\"center\">\n<p align=\"center\">\n<p align=\"center\">\n<p align=\"justify\"><span style=\"color: #000000;\"><span style=\"font-family: Book Antiqua, serif;\"><span style=\"font-size: large;\"><b>Pi\u0105tek 30 Tygodnia zwyk\u0142ego, rok I,<\/b><\/span><\/span><\/span><\/p>\n<p align=\"justify\"><span style=\"color: #000000;\"><span style=\"font-family: Book Antiqua, serif;\"><span style=\"font-size: large;\"><b>3 listopada 2023.,\u00a0<\/b><\/span><\/span><\/span><\/p>\n<p align=\"justify\"><span style=\"color: #000000;\"><span style=\"font-family: Book Antiqua, serif;\"><span style=\"font-size: large;\"><b>do czyta\u0144: Rz 9,1\u20135; \u0141k 14,1\u20136<\/b><\/span><\/span><\/span><\/p>\n<p align=\"justify\">\n<p align=\"justify\">\n<p align=\"justify\">\n<p align=\"justify\">\n<p align=\"justify\">\n<p align=\"justify\">\n<p align=\"justify\"><span style=\"color: #000000;\"><span style=\"font-family: Book Antiqua, serif;\"><span style=\"font-size: large;\"><b>CZYTANIE Z LISTU \u015aWI\u0118TEGO PAW\u0141A APOSTO\u0141A DO RZYMIAN:<\/b><\/span><\/span><\/span><\/p>\n<p align=\"justify\"><span style=\"color: #000000;\"><span style=\"font-family: Book Antiqua, serif;\"><span style=\"font-size: large;\"><b>Bracia: Prawd\u0119 m\u00f3wi\u0119 w Chrystusie, nie k\u0142ami\u0119, potwierdza mi to moje sumienie w Duchu \u015awi\u0119tym, \u017ce w sercu swoim odczuwam wielki smutek i nieprzerwany b\u00f3l.<\/b><\/span><\/span><\/span><\/p>\n<p align=\"justify\"><span style=\"color: #000000;\"><span style=\"font-family: Book Antiqua, serif;\"><span style=\"font-size: large;\"><b>Wola\u0142bym bowiem sam by\u0107 pod kl\u0105tw\u0105 i od\u0142\u0105czonym od Chrystusa dla zbawienia braci moich, kt\u00f3rzy wed\u0142ug cia\u0142a s\u0105 moimi rodakami. S\u0105 to Izraelici, do kt\u00f3rych nale\u017c\u0105 przybrane synostwo i chwa\u0142a, przymierze i nadanie Prawa, pe\u0142nienie s\u0142u\u017cby Bo\u017cej i obietnice. Do nich nale\u017c\u0105 praojcowie, z nich r\u00f3wnie\u017c jest Chrystus wed\u0142ug cia\u0142a, kt\u00f3ry jest ponad wszystkim. B\u00f3g b\u0142ogos\u0142awiony na wieki. Amen.<\/b><\/span><\/span><\/span><\/p>\n<p align=\"justify\">\n<p align=\"justify\">\n<p align=\"justify\">\n<p align=\"justify\">\n<p align=\"justify\">\n<p align=\"justify\"><span style=\"color: #000000;\"><span style=\"font-family: Book Antiqua, serif;\"><span style=\"font-size: large;\"><b>S\u0141OWA EWANGELII WED\u0141UG \u015aWI\u0118TEGO \u0141UKASZA:<\/b><\/span><\/span><\/span><\/p>\n<p align=\"justify\"><span style=\"color: #000000;\"><span style=\"font-family: Book Antiqua, serif;\"><span style=\"font-size: large;\"><b>Gdy Jezus przyszed\u0142 do domu pewnego przyw\u00f3dcy faryzeusz\u00f3w, aby w szabat spo\u017cy\u0107 posi\u0142ek, oni Go \u015bledzili. A oto zjawi\u0142 si\u0119 przed Nim pewien cz\u0142owiek chory na wodn\u0105 puchlin\u0119.<\/b><\/span><\/span><\/span><\/p>\n<p align=\"justify\"><span style=\"color: #000000;\"><span style=\"font-family: Book Antiqua, serif;\"><span style=\"font-size: large;\"><b>Wtedy Jezus zapyta\u0142 uczonych w Prawie i faryzeusz\u00f3w: \u201eCzy wolno w szabat uzdrawia\u0107, czy te\u017c nie?\u201d Lecz oni milczeli. On za\u015b dotkn\u0105\u0142 go, uzdrowi\u0142 i odprawi\u0142.<\/b><\/span><\/span><\/span><\/p>\n<p align=\"justify\"><span style=\"color: #000000;\"><span style=\"font-family: Book Antiqua, serif;\"><span style=\"font-size: large;\"><b>A do nich rzek\u0142: \u201eKt\u00f3\u017c z was, je\u015bli jego syn albo w\u00f3\u0142 wpadnie do studni, nie wyci\u0105gnie go zaraz nawet w dzie\u0144 szabatu?\u201d I nie mogli Mu na to odpowiedzie\u0107.<\/b><\/span><\/span><\/span><\/p>\n<p align=\"justify\">\n<p align=\"justify\">\n<p align=\"justify\">\n<p align=\"justify\">\n<p align=\"justify\">\n<p align=\"justify\"><span style=\"color: #000000;\"><span style=\"font-family: Book Antiqua, serif;\"><span style=\"font-size: large;\">Oto ca\u0142y Pawe\u0142! \u2013 chcia\u0142oby si\u0119 powiedzie\u0107 po us\u0142yszeniu pierwszego czytania! <b>Oto ca\u0142y Pawe\u0142! <\/b>\u2013 \u017cywio\u0142owy, radykalny, bezpo\u015bredni, szczery do b\u00f3lu! Ale te\u017c \u2013 <b>bezgranicznie ofiarny!<\/b> I bardzo zatroskany o sw\u00f3j nar\u00f3d, dla kt\u00f3rego got\u00f3w jest <b>po\u015bwi\u0119ci\u0107 nawet swoje w\u0142asne zbawienie <\/b>\u2013 oby tylko oni, jego rodacy, uwierzyli w Chrystusa. S\u0142yszymy te w\u0142a\u015bnie szokuj\u0105ce wr\u0119cz s\u0142owa: <i><b>Wola\u0142bym bowiem sam by\u0107 pod kl\u0105tw\u0105 i od\u0142\u0105czonym od Chrystusa dla zbawienia braci moich, kt\u00f3rzy wed\u0142ug cia\u0142a s\u0105 moimi rodakami.<\/b><\/i><b> <\/b><\/span><\/span><\/span><\/p>\n<p align=\"justify\"><span style=\"color: #000000;\"><span style=\"font-family: Book Antiqua, serif;\"><span style=\"font-size: large;\">I chocia\u017c na samym pocz\u0105tku czytania pojawia si\u0119 jednoznaczna deklaracja Aposto\u0142a: <i><b>Prawd\u0119 m\u00f3wi\u0119 w Chrystusie, nie k\u0142ami\u0119, potwierdza mi to moje sumienie w Duchu \u015awi\u0119tym, \u017ce w sercu swoim odczuwam wielki smutek i nieprzerwany b\u00f3l,<\/b><\/i><b> <\/b>to prawdziwe jest z pewno\u015bci\u0105 jedynie to, \u017ce <b>odczuwa \u00f3w wielki b\u00f3l i smutek,<\/b> z tego powodu, \u017ce jego rodacy w Chrystusie nie zobaczyli Mesjasza. <\/span><\/span><\/span><\/p>\n<p align=\"justify\"><span style=\"color: #000000;\"><span style=\"font-family: Book Antiqua, serif;\"><span style=\"font-size: large;\">Ale <b>trudno uzna\u0107 za prawdziwe<\/b> to, \u017ce dla zmiany przez nich nastawienia i uznania w Jezusie zapowiedzianego Mesjasza \u2013 <b>on sam jest got\u00f3w po\u015bwi\u0119ci\u0107 swoje \u017cycie wieczne<\/b> i swoje zjednoczenie z Jezusem. W to naprawd\u0119 trudno uwierzy\u0107! Dlatego pewnie chcieliby\u015bmy powiedzie\u0107: \u201eOj, szanowny Pawle! <b>Chyba si\u0119 troch\u0119 zap\u0119dzi\u0142e\u015b! <\/b>Takie stwierdzenie, ani takie pragnienie \u2013 nie mo\u017ce by\u0107 prawd\u0105!\u201d I na pewno nie jest. <\/span><\/span><\/span><\/p>\n<p align=\"justify\"><span style=\"color: #000000;\"><span style=\"font-family: Book Antiqua, serif;\"><span style=\"font-size: large;\">Bo kto, jak kto, ale Pawe\u0142, kt\u00f3ry uczy wszystkich zasad wiary i swoim nauczaniem k\u0142adzie podwaliny pod ca\u0142e nauczanie Ko\u015bcio\u0142a Katolickiego \u2013 teraz mia\u0142by <b>pope\u0142ni\u0107 taki podstawowy, teologiczny b\u0142\u0105d,<\/b> i\u017c dla zbawienia innych on ma po\u015bwi\u0119ci\u0107 w\u0142asne? Przecie\u017c to jest zupe\u0142na niedorzeczno\u015b\u0107! <b>I Jezus wcale tego od nikogo nie oczekuje!<\/b> <\/span><\/span><\/span><\/p>\n<p align=\"justify\"><span style=\"color: #000000;\"><span style=\"font-family: Book Antiqua, serif;\"><span style=\"font-size: large;\">Owszem, \u017cycie doczesne, <b>\u017cycie ziemskie, mo\u017cna po\u015bwi\u0119ci\u0107.<\/b> Czasami nawet trzeba. Zreszt\u0105, <b>Pawe\u0142 je w\u0142a\u015bnie po\u015bwi\u0119ci\u0142.<\/b> Ale to po to, aby tam, w wieczno\u015bci, spotka\u0107 tych, dla kt\u00f3rych je po\u015bwi\u0119ci\u0142, aby pom\u00f3c im wszystkim tam si\u0119 dosta\u0107 \u2013 aby razem ze swoim i ich Panem, Jezusem Chrystusem, <b>cieszy\u0107 si\u0119 niezmierzonym szcz\u0119\u015bciem<\/b> przez ca\u0142\u0105 wieczno\u015b\u0107! Dlatego nawet taka my\u015bl, \u017ce m\u00f3g\u0142by z tego w\u0142a\u015bnie zrezygnowa\u0107 i sma\u017cy\u0107 si\u0119 w piekle po to, aby oni mogli si\u0119 na wieki cieszy\u0107 \u2013 <b>jest zupe\u0142nie bez sensu!<\/b> <\/span><\/span><\/span><\/p>\n<p align=\"justify\"><span style=\"color: #000000;\"><span style=\"font-family: Book Antiqua, serif;\"><span style=\"font-size: large;\">Wszak Jezus m\u00f3wi\u0142, \u017ce \u00abw domu Jego Ojca mieszka\u0144 jest wiele\u00bb i te mieszkania <b>czekaj\u0105 na wszystkich mieszka\u0144c\u00f3w ziemi!<\/b> A poniewa\u017c ka\u017cdy z mieszka\u0144c\u00f3w ziemi <b>ma swoj\u0105 osobist\u0105 relacj\u0119 z Bogiem <\/b>i idzie swoj\u0105 w\u0142asn\u0105 drog\u0105 do Nieba, przeto nauka Ko\u015bcio\u0142a stoi na stanowisku, \u017ce w Niebie ka\u017cdy ma swoje w\u0142asne, indywidualne <b>i sobie tylko przypisane miejsce.<\/b> Je\u017celi sam go nie zajmie, to nikt inny go nie zajmie. Przeto <b>nie trzeba po\u015bwi\u0119ca\u0107 swego miejsca,<\/b> ani swego udzia\u0142u w szcz\u0119\u015bciu wiecznym, dla osi\u0105gni\u0119cia tego\u017c szcz\u0119\u015bcia przez innych. Jezus tego nie oczekuje \u2013 <b>i Pawe\u0142 to dobrze wie. <\/b><\/span><\/span><\/span><\/p>\n<p align=\"justify\"><span style=\"color: #000000;\"><span style=\"font-family: Book Antiqua, serif;\"><span style=\"font-size: large;\">Dlaczego zatem tak pisze, jak pisze \u2013 jeszcze zaznaczaj\u0105c, \u017ce \u00abprawd\u0119 m\u00f3wi, nie k\u0142amie\u00bb? Dlatego, \u017ce chce w ten spos\u00f3b <b>pokaza\u0107, jak bardzo zale\u017cy mu<\/b> na tym, aby jego nar\u00f3d uwierzy\u0142 w Jezusa Chrystusa. Dla osi\u0105gni\u0119cia tego celu on jest w stanie po\u015bwi\u0119ci\u0107 wszystko \u2013 oczywi\u015bcie, <b>to wszystko, co mo\u017cna po\u015bwi\u0119ci\u0107.<\/b> Dlatego pos\u0142uguje si\u0119 takim przerysowanym, przesadnym wr\u0119cz stwierdzeniem \u2013 kt\u00f3re w tamtym czasie i w tamtej kulturze <b>wcale nie by\u0142o czym\u015b niespotykanym<\/b> \u2013 aby podkre\u015bli\u0107, <b>jak wielk\u0105 wag\u0119 przyk\u0142ada<\/b> do tego, o czym pisze. Ale na pewno<b> nie my\u015bla\u0142 ani przez moment <\/b>o tym, \u017ce m\u00f3g\u0142by po\u015bwi\u0119ci\u0107 swoje \u017cycie wieczne i odda\u0107 mo\u017cliwo\u015b\u0107 \u017cycia przez ca\u0142\u0105 wieczno\u015b\u0107 z Jezusem. <\/span><\/span><\/span><\/p>\n<p align=\"justify\"><span style=\"color: #000000;\"><span style=\"font-family: Book Antiqua, serif;\"><span style=\"font-size: large;\">A z tego i dla nas, moi Drodzy, p\u0142yn\u0105 <b>przynajmniej dwa, bardzo konkretne wnioski.<\/b> Pierwszy to taki, \u017ce <b>nie mo\u017cemy po\u015bwi\u0119ca\u0107 swego \u017cycia wiecznego,<\/b> swojej przyja\u017ani z Jezusem \u2013 po prostu: swojej wiary \u2013 dla budowania dobrej relacji z lud\u017ami. A chodzi tu o takie bardzo zwyczajne, codzienne, wr\u0119cz prozaiczne sytuacje, jak chocia\u017cby ta, \u017ce kto\u015b <b>rezygnuj<\/b><b>e<\/b><b> z udzia\u0142u we Mszy \u015awi\u0119tej niedzielnej, bo akurat przyjechali go\u015bcie<\/b> (zwykle to przecie\u017c najbli\u017csza rodzina), wi\u0119c nie wypada ich zostawi\u0107 samych. Chocia\u017c oczywi\u015bcie mogliby sobie zrobi\u0107 herbat\u0119 i poczeka\u0107, a\u017c mama wr\u00f3ci z ko\u015bcio\u0142a. <b>A mo\u017ce kt\u00f3re\u015b z nich te\u017c nie by\u0142o<\/b> \u2013 i posz\u0142oby tak\u017ce na Msz\u0119 \u015awi\u0119t\u0105? Ile\u017c to razy tak w\u0142a\u015bnie kapitulujemy? <\/span><\/span><\/span><\/p>\n<p align=\"justify\"><span style=\"color: #000000;\"><span style=\"font-family: Book Antiqua, serif;\"><span style=\"font-size: large;\">Albo ile\u017c to razy wierz\u0105cy ch\u0142opak, chc\u0105c si\u0119 przypodoba\u0107 s\u0142abo wierz\u0105cej dziewczynie,<b> rezygnuje dla niej chocia\u017cby ze s\u0142u\u017cby liturgicznej,<\/b> albo nawet z systematycznego udzia\u0142u we Mszy \u015awi\u0119tej?\u2026 Rzekomo po to, by jej <b>nie zrazi\u0107 od razu do Boga i do Ko\u015bcio\u0142a<\/b> swoim zbyt gorliwym praktykowaniem. To jest oczywisty bezsens, bo je\u017celi taka dziewczyna ma rzuci\u0107 takiego ch\u0142opaka dlatego, \u017ce jest wierz\u0105cy, <b>to niech to zrobi od razu, <\/b>a nie po \u015blubie. Niedobrze jest natomiast, kiedy ch\u0142opak <b>dla niej stanie si\u0119 niewierz\u0105cym.<\/b> <\/span><\/span><\/span><\/p>\n<p align=\"justify\"><span style=\"color: #000000;\"><span style=\"font-family: Book Antiqua, serif;\"><span style=\"font-size: large;\">I jeszcze wiele innych, podobnych sytuacji mogliby\u015bmy tu przywo\u0142a\u0107, w kt\u00f3rych to <b>zbyt \u0142atwo po\u015bwi\u0119camy sprawy Bo\u017ce i sprawy wiary <\/b>dla jakich\u015b innych spraw i warto\u015bci. Powiedzmy jasno: \u017cadna ze spraw i \u017cadna z warto\u015bci <b>nie jest godna takiego po\u015bwi\u0119cenia! <\/b>To pierwszy wniosek z Paw\u0142owego dzisiejszego pouczenia. <\/span><\/span><\/span><\/p>\n<p align=\"justify\"><span style=\"color: #000000;\"><span style=\"font-family: Book Antiqua, serif;\"><span style=\"font-size: large;\">A drugi \u2013 to pytanie: <b>Ile jestem w stanie po\u015bwi\u0119ci\u0107<\/b> dla pog\u0142\u0119bienia wiary swojej i wiary innych? I jak jestem w tym po\u015bwi\u0119ceniu <b>zdecydowany, radykalny i konsekwentny?<\/b> Czy tak, jak Jezus, kt\u00f3ry bezwzgl\u0119dnie <b>prze\u0142amywa\u0142 schematyczne my\u015blenie faryzeusz\u00f3w<\/b> i dokonywa\u0142 uzdrowie\u0144 tak\u017ce w szabat \u2013 kieruj\u0105c si\u0119 dobrem cz\u0142owieka? <\/span><\/span><\/span><\/p>\n<p align=\"justify\"><span style=\"color: #000000;\"><span style=\"font-family: Book Antiqua, serif;\"><span style=\"font-size: large;\">Zobaczmy, Jezus dzisiaj na ka\u017cdym kroku w\u0142a\u015bciwie te schematy prze\u0142amuje. Pierwszym tego dowodem jest <b>fakt p\u00f3j\u015bcia na obiad do przyw\u00f3dcy faryzeusz\u00f3w. <\/b>Przecie\u017c wiedzia\u0142, jak \u00f3w przyw\u00f3dca i ca\u0142a jego ekipa patrzyli na Niego i na wszystko, co robi. Zapewne <b>i to zaproszenie <\/b><b>tak\u017ce<\/b><b> nie by\u0142o szczere,<\/b> tylko podyktowane ch\u0119ci\u0105 przy\u0142apania Go na jakim\u015b s\u0142owie, czy ge\u015bcie\u2026 Jezus dobrze o tym wiedzia\u0142, <b>a jednak z zaproszenia skorzysta\u0142.<\/b> Czemu nie? Zatem, ju\u017c samo to by\u0142o prze\u0142amaniem takiego prostego schematu, \u017ce \u201ejak oni mi tak, to ja im tak samo\u201d. Nie, Jezus poszed\u0142. <b>Skoro Go zapraszaj\u0105, to idzie.<\/b> <\/span><\/span><\/span><\/p>\n<p align=\"justify\"><span style=\"color: #000000;\"><span style=\"font-family: Book Antiqua, serif;\"><span style=\"font-size: large;\">Co jednak nie przeszkodzi\u0142o Mu w dokonaniu <b>gestu, kt\u00f3ry absolutnie nie m\u00f3g\u0142 si\u0119 im podoba\u0107,<\/b> a do tego jeszcze \u2013 w zawstydzeniu swoich adwersarzy, co <b>jeszcze bardziej nie mog\u0142o si\u0119 im podoba\u0107.<\/b> Jezus jednak nie zwa\u017ca\u0142 na to, dlatego i te schematy prze\u0142amywa\u0142, wedle kt\u00f3rych <b>nie wypada, b\u0119d\u0105c go\u015bciem, czyni\u0107 uwag gospodarzowi.<\/b> Tu jednak nie chodzi\u0142o o zachowanie zasad jakie\u015b obyczajowej etykiety, ale <b>o nauk\u0119 Bo\u017c\u0105,<\/b> kt\u00f3r\u0105 Jezus g\u0142osi\u0142 na ka\u017cdym kroku, <b>ka\u017cdym swoim s\u0142owem i gestem! <\/b><\/span><\/span><\/span><\/p>\n<p align=\"justify\"><span style=\"color: #000000;\"><span style=\"font-family: Book Antiqua, serif;\"><span style=\"font-size: large;\">I w\u0142a\u015bnie dla tego dzie\u0142a <b>po\u015bwi\u0119ca\u0142 <\/b><b>poprawne<\/b><b> relacje z lud\u017ami<\/b> \u2013 z tymi lud\u017ami, kt\u00f3rzy nie chcieli zaakceptowa\u0107 takiego Jego stylu. Bo wielu jednak akceptowa\u0142o. <\/span><\/span><\/span><\/p>\n<p align=\"justify\"><span style=\"color: #000000;\"><span style=\"font-family: Book Antiqua, serif;\"><span style=\"font-size: large;\">Dlatego i my, moi Drodzy, <b>nie mo\u017cemy si\u0119 obawia\u0107 jednoznaczno\u015bci i zdecydowania<\/b> w swojej postawie. Musimy si\u0119 nieraz odwa\u017cy\u0107 <b>po\u0142o\u017cy\u0107 wszystko na jedn\u0105 <\/b><b>szal\u0119<\/b><b>,<\/b> a nie gra\u0107 na dwa fronty, staraj\u0105c si\u0119 i Jezusowi przypodoba\u0107, i ludziom, za cen\u0119 os\u0142abienia wiary i wi\u0119zi z Jezusem. <b>Tak si\u0119 nie da! <\/b><b>Trzeba si\u0119 zdecydowa\u0107!<\/b> I by\u0107 w tym konsekwentnym i stanowczym! <\/span><\/span><\/span><\/p>\n<p align=\"justify\"><span style=\"color: #000000;\"><span style=\"font-family: Book Antiqua, serif;\"><span style=\"font-size: large;\">Oczywi\u015bcie, nawet takie zwyk\u0142e, ludzkie, logiczne my\u015blenie podpowiada, \u017ce to <b>Jezusowi powinno si\u0119 bardziej zaufa\u0107, ni\u017c ludziom. <\/b>Z wielu powod\u00f3w, kt\u00f3re dobrze znamy. Wiemy jednak, jak to jest w praktyce. Kiedy zaistnieje <b>jaka\u015b sytuacja, zw\u0142aszcza niespodziewana,<\/b> okazuje si\u0119, \u017ce \u0142atwo opowiadamy si\u0119 po stronie ludzi, a nie Jezusa. <\/span><\/span><\/span><\/p>\n<p align=\"justify\"><span style=\"color: #000000;\"><span style=\"font-family: Book Antiqua, serif;\"><span style=\"font-size: large;\">Co wi\u0119c zrobi\u0119 jeszcze dzisiaj i co b\u0119d\u0119 stara\u0142 si\u0119 robi\u0107 zawsze, <b>aby dobrze zdawa\u0107 ten egzamin<\/b> \u2013 i w ka\u017cdej sytuacji i okoliczno\u015bci, <b>stawa\u0107 po stronie Jezusa,<\/b> po stronie Jego zasad; aby zawsze <b>\u015bwiadczy\u0107 o swojej wierze: <\/b>czytelnie, zdecydowanie, konsekwentnie i radykalnie?\u2026 <\/span><\/span><\/span><\/p>\n","protected":false},"excerpt":{"rendered":"<p>Szcz\u0119\u015b\u0107 Bo\u017ce! Moi Drodzy, w dniu dzisiejszym imieniny \u015bwi\u0119tuj\u0105: \u25baSylwia Tomaszek \u2013 Dyrektor Liceum im. Lelewela w \u017belechowie, w kt\u00f3rym mia\u0142em przyjemno\u015b\u0107 przed laty pracowa\u0107 i wsp\u00f3\u0142pracowa\u0107 z Solenizantk\u0105; \u25baHubert Maksymiuk \u2013 anga\u017cuj\u0105cy si\u0119 przed laty w dzia\u0142alno\u015b\u0107 m\u0142odzie\u017cowych Wsp\u00f3lnot. Obojgu \u015bwi\u0119tuj\u0105cym \u017cycz\u0119 Bo\u017cych \u015bwiate\u0142 i natchnie\u0144, o co te\u017c b\u0119d\u0119 si\u0119 dla Nich modli\u0142. [&hellip;]<\/p>\n","protected":false},"author":1,"featured_media":0,"comment_status":"open","ping_status":"open","sticky":false,"template":"","format":"standard","meta":{"jetpack_post_was_ever_published":false,"_jetpack_newsletter_access":"","_jetpack_dont_email_post_to_subs":false,"_jetpack_newsletter_tier_id":0,"_jetpack_memberships_contains_paywalled_content":false,"_jetpack_memberships_contains_paid_content":false,"footnotes":""},"categories":[1],"tags":[],"class_list":["post-21991","post","type-post","status-publish","format-standard","hentry","category-bez-kategorii"],"yoast_head":"<!-- This site is optimized with the Yoast SEO plugin v25.1 - https:\/\/yoast.com\/wordpress\/plugins\/seo\/ -->\n<title>Ile po\u015bwi\u0119c\u0119 dla wiary?... - Gaudium Et Spes<\/title>\n<meta name=\"robots\" content=\"index, follow, max-snippet:-1, max-image-preview:large, max-video-preview:-1\" \/>\n<link rel=\"canonical\" href=\"https:\/\/gaudiumetspes-blog.pl\/index.php\/2023\/11\/03\/ile-poswiece-dla-wiary\/\" \/>\n<meta property=\"og:locale\" content=\"pl_PL\" \/>\n<meta property=\"og:type\" content=\"article\" \/>\n<meta property=\"og:title\" content=\"Ile po\u015bwi\u0119c\u0119 dla wiary?... - Gaudium Et Spes\" \/>\n<meta property=\"og:description\" content=\"Szcz\u0119\u015b\u0107 Bo\u017ce! Moi Drodzy, w dniu dzisiejszym imieniny \u015bwi\u0119tuj\u0105: \u25baSylwia Tomaszek \u2013 Dyrektor Liceum im. Lelewela w \u017belechowie, w kt\u00f3rym mia\u0142em przyjemno\u015b\u0107 przed laty pracowa\u0107 i wsp\u00f3\u0142pracowa\u0107 z Solenizantk\u0105; \u25baHubert Maksymiuk \u2013 anga\u017cuj\u0105cy si\u0119 przed laty w dzia\u0142alno\u015b\u0107 m\u0142odzie\u017cowych Wsp\u00f3lnot. Obojgu \u015bwi\u0119tuj\u0105cym \u017cycz\u0119 Bo\u017cych \u015bwiate\u0142 i natchnie\u0144, o co te\u017c b\u0119d\u0119 si\u0119 dla Nich modli\u0142. [&hellip;]\" \/>\n<meta property=\"og:url\" content=\"https:\/\/gaudiumetspes-blog.pl\/index.php\/2023\/11\/03\/ile-poswiece-dla-wiary\/\" \/>\n<meta property=\"og:site_name\" content=\"Gaudium Et Spes\" \/>\n<meta property=\"article:published_time\" content=\"2023-11-03T07:41:40+00:00\" \/>\n<meta property=\"article:modified_time\" content=\"2023-11-03T07:42:35+00:00\" \/>\n<meta name=\"author\" content=\"Ks. Jacek\" \/>\n<meta name=\"twitter:card\" content=\"summary_large_image\" \/>\n<meta name=\"twitter:label1\" content=\"Napisane przez\" \/>\n\t<meta name=\"twitter:data1\" content=\"Ks. Jacek\" \/>\n\t<meta name=\"twitter:label2\" content=\"Szacowany czas czytania\" \/>\n\t<meta name=\"twitter:data2\" content=\"11 minut\" \/>\n<script type=\"application\/ld+json\" class=\"yoast-schema-graph\">{\"@context\":\"https:\/\/schema.org\",\"@graph\":[{\"@type\":\"WebPage\",\"@id\":\"https:\/\/gaudiumetspes-blog.pl\/index.php\/2023\/11\/03\/ile-poswiece-dla-wiary\/\",\"url\":\"https:\/\/gaudiumetspes-blog.pl\/index.php\/2023\/11\/03\/ile-poswiece-dla-wiary\/\",\"name\":\"Ile po\u015bwi\u0119c\u0119 dla wiary?... - Gaudium Et Spes\",\"isPartOf\":{\"@id\":\"https:\/\/gaudiumetspes-blog.pl\/#website\"},\"datePublished\":\"2023-11-03T07:41:40+00:00\",\"dateModified\":\"2023-11-03T07:42:35+00:00\",\"author\":{\"@id\":\"https:\/\/gaudiumetspes-blog.pl\/#\/schema\/person\/1661982992b752dea8dff0d4ed845a65\"},\"breadcrumb\":{\"@id\":\"https:\/\/gaudiumetspes-blog.pl\/index.php\/2023\/11\/03\/ile-poswiece-dla-wiary\/#breadcrumb\"},\"inLanguage\":\"pl-PL\",\"potentialAction\":[{\"@type\":\"ReadAction\",\"target\":[\"https:\/\/gaudiumetspes-blog.pl\/index.php\/2023\/11\/03\/ile-poswiece-dla-wiary\/\"]}]},{\"@type\":\"BreadcrumbList\",\"@id\":\"https:\/\/gaudiumetspes-blog.pl\/index.php\/2023\/11\/03\/ile-poswiece-dla-wiary\/#breadcrumb\",\"itemListElement\":[{\"@type\":\"ListItem\",\"position\":1,\"name\":\"Strona g\u0142\u00f3wna\",\"item\":\"https:\/\/gaudiumetspes-blog.pl\/\"},{\"@type\":\"ListItem\",\"position\":2,\"name\":\"Ile po\u015bwi\u0119c\u0119 dla wiary?&#8230;\"}]},{\"@type\":\"WebSite\",\"@id\":\"https:\/\/gaudiumetspes-blog.pl\/#website\",\"url\":\"https:\/\/gaudiumetspes-blog.pl\/\",\"name\":\"Gaudium Et Spes\",\"description\":\"Blog Ks. Jacka Ja\u015bkowskiego\",\"potentialAction\":[{\"@type\":\"SearchAction\",\"target\":{\"@type\":\"EntryPoint\",\"urlTemplate\":\"https:\/\/gaudiumetspes-blog.pl\/?s={search_term_string}\"},\"query-input\":{\"@type\":\"PropertyValueSpecification\",\"valueRequired\":true,\"valueName\":\"search_term_string\"}}],\"inLanguage\":\"pl-PL\"},{\"@type\":\"Person\",\"@id\":\"https:\/\/gaudiumetspes-blog.pl\/#\/schema\/person\/1661982992b752dea8dff0d4ed845a65\",\"name\":\"Ks. Jacek\",\"image\":{\"@type\":\"ImageObject\",\"inLanguage\":\"pl-PL\",\"@id\":\"https:\/\/gaudiumetspes-blog.pl\/#\/schema\/person\/image\/\",\"url\":\"https:\/\/gaudiumetspes-blog.pl\/wp-content\/uploads\/2019\/07\/avatar-JJ-150x150.jpg\",\"contentUrl\":\"https:\/\/gaudiumetspes-blog.pl\/wp-content\/uploads\/2019\/07\/avatar-JJ-150x150.jpg\",\"caption\":\"Ks. Jacek\"},\"description\":\"Witam serdecznie! K\u0142ania si\u0119 Ks. Jacek Ja\u015bkowski. Nie jestem ani kim\u015b wa\u017cnym, ani kim\u015b znanym. Jestem ksi\u0119dzem, kt\u00f3ry po prostu chce rozmawia\u0107. Codzienna kap\u0142a\u0144ska pos\u0142uga pokazuje mi, \u017ce temat\u00f3w do rozm\u00f3w z ksi\u0119dzem jest coraz wi\u0119cej i dzisiaj \u017caden ksi\u0105dz nie mo\u017ce od nich ucieka\u0107, ale - wprost przeciwnie - podejmowa\u0107 nowe wyzwania. To przekonanie sk\u0142oni\u0142o mnie do pr\u00f3by otwarcia tego\u017c bloga, chocia\u017c okazji do rozm\u00f3w na co dzie\u0144 - w konfesjonale i poza nim - na szcz\u0119\u015bcie nie brakuje. My\u015bl\u0119 jednak, \u017ce ten blog b\u0119dzie jeszcze jednym sposobem i przestrzeni\u0105 nawi\u0105zania kontaktu z lud\u017ami dobrej woli, otwartymi na dialog.\",\"url\":\"https:\/\/gaudiumetspes-blog.pl\/index.php\/author\/ks-jacek\/\"}]}<\/script>\n<!-- \/ Yoast SEO plugin. -->","yoast_head_json":{"title":"Ile po\u015bwi\u0119c\u0119 dla wiary?... - Gaudium Et Spes","robots":{"index":"index","follow":"follow","max-snippet":"max-snippet:-1","max-image-preview":"max-image-preview:large","max-video-preview":"max-video-preview:-1"},"canonical":"https:\/\/gaudiumetspes-blog.pl\/index.php\/2023\/11\/03\/ile-poswiece-dla-wiary\/","og_locale":"pl_PL","og_type":"article","og_title":"Ile po\u015bwi\u0119c\u0119 dla wiary?... - Gaudium Et Spes","og_description":"Szcz\u0119\u015b\u0107 Bo\u017ce! Moi Drodzy, w dniu dzisiejszym imieniny \u015bwi\u0119tuj\u0105: \u25baSylwia Tomaszek \u2013 Dyrektor Liceum im. Lelewela w \u017belechowie, w kt\u00f3rym mia\u0142em przyjemno\u015b\u0107 przed laty pracowa\u0107 i wsp\u00f3\u0142pracowa\u0107 z Solenizantk\u0105; \u25baHubert Maksymiuk \u2013 anga\u017cuj\u0105cy si\u0119 przed laty w dzia\u0142alno\u015b\u0107 m\u0142odzie\u017cowych Wsp\u00f3lnot. Obojgu \u015bwi\u0119tuj\u0105cym \u017cycz\u0119 Bo\u017cych \u015bwiate\u0142 i natchnie\u0144, o co te\u017c b\u0119d\u0119 si\u0119 dla Nich modli\u0142. [&hellip;]","og_url":"https:\/\/gaudiumetspes-blog.pl\/index.php\/2023\/11\/03\/ile-poswiece-dla-wiary\/","og_site_name":"Gaudium Et Spes","article_published_time":"2023-11-03T07:41:40+00:00","article_modified_time":"2023-11-03T07:42:35+00:00","author":"Ks. Jacek","twitter_card":"summary_large_image","twitter_misc":{"Napisane przez":"Ks. Jacek","Szacowany czas czytania":"11 minut"},"schema":{"@context":"https:\/\/schema.org","@graph":[{"@type":"WebPage","@id":"https:\/\/gaudiumetspes-blog.pl\/index.php\/2023\/11\/03\/ile-poswiece-dla-wiary\/","url":"https:\/\/gaudiumetspes-blog.pl\/index.php\/2023\/11\/03\/ile-poswiece-dla-wiary\/","name":"Ile po\u015bwi\u0119c\u0119 dla wiary?... - Gaudium Et Spes","isPartOf":{"@id":"https:\/\/gaudiumetspes-blog.pl\/#website"},"datePublished":"2023-11-03T07:41:40+00:00","dateModified":"2023-11-03T07:42:35+00:00","author":{"@id":"https:\/\/gaudiumetspes-blog.pl\/#\/schema\/person\/1661982992b752dea8dff0d4ed845a65"},"breadcrumb":{"@id":"https:\/\/gaudiumetspes-blog.pl\/index.php\/2023\/11\/03\/ile-poswiece-dla-wiary\/#breadcrumb"},"inLanguage":"pl-PL","potentialAction":[{"@type":"ReadAction","target":["https:\/\/gaudiumetspes-blog.pl\/index.php\/2023\/11\/03\/ile-poswiece-dla-wiary\/"]}]},{"@type":"BreadcrumbList","@id":"https:\/\/gaudiumetspes-blog.pl\/index.php\/2023\/11\/03\/ile-poswiece-dla-wiary\/#breadcrumb","itemListElement":[{"@type":"ListItem","position":1,"name":"Strona g\u0142\u00f3wna","item":"https:\/\/gaudiumetspes-blog.pl\/"},{"@type":"ListItem","position":2,"name":"Ile po\u015bwi\u0119c\u0119 dla wiary?&#8230;"}]},{"@type":"WebSite","@id":"https:\/\/gaudiumetspes-blog.pl\/#website","url":"https:\/\/gaudiumetspes-blog.pl\/","name":"Gaudium Et Spes","description":"Blog Ks. Jacka Ja\u015bkowskiego","potentialAction":[{"@type":"SearchAction","target":{"@type":"EntryPoint","urlTemplate":"https:\/\/gaudiumetspes-blog.pl\/?s={search_term_string}"},"query-input":{"@type":"PropertyValueSpecification","valueRequired":true,"valueName":"search_term_string"}}],"inLanguage":"pl-PL"},{"@type":"Person","@id":"https:\/\/gaudiumetspes-blog.pl\/#\/schema\/person\/1661982992b752dea8dff0d4ed845a65","name":"Ks. Jacek","image":{"@type":"ImageObject","inLanguage":"pl-PL","@id":"https:\/\/gaudiumetspes-blog.pl\/#\/schema\/person\/image\/","url":"https:\/\/gaudiumetspes-blog.pl\/wp-content\/uploads\/2019\/07\/avatar-JJ-150x150.jpg","contentUrl":"https:\/\/gaudiumetspes-blog.pl\/wp-content\/uploads\/2019\/07\/avatar-JJ-150x150.jpg","caption":"Ks. Jacek"},"description":"Witam serdecznie! K\u0142ania si\u0119 Ks. Jacek Ja\u015bkowski. Nie jestem ani kim\u015b wa\u017cnym, ani kim\u015b znanym. Jestem ksi\u0119dzem, kt\u00f3ry po prostu chce rozmawia\u0107. Codzienna kap\u0142a\u0144ska pos\u0142uga pokazuje mi, \u017ce temat\u00f3w do rozm\u00f3w z ksi\u0119dzem jest coraz wi\u0119cej i dzisiaj \u017caden ksi\u0105dz nie mo\u017ce od nich ucieka\u0107, ale - wprost przeciwnie - podejmowa\u0107 nowe wyzwania. To przekonanie sk\u0142oni\u0142o mnie do pr\u00f3by otwarcia tego\u017c bloga, chocia\u017c okazji do rozm\u00f3w na co dzie\u0144 - w konfesjonale i poza nim - na szcz\u0119\u015bcie nie brakuje. My\u015bl\u0119 jednak, \u017ce ten blog b\u0119dzie jeszcze jednym sposobem i przestrzeni\u0105 nawi\u0105zania kontaktu z lud\u017ami dobrej woli, otwartymi na dialog.","url":"https:\/\/gaudiumetspes-blog.pl\/index.php\/author\/ks-jacek\/"}]}},"jetpack_featured_media_url":"","jetpack_sharing_enabled":true,"_links":{"self":[{"href":"https:\/\/gaudiumetspes-blog.pl\/index.php\/wp-json\/wp\/v2\/posts\/21991","targetHints":{"allow":["GET"]}}],"collection":[{"href":"https:\/\/gaudiumetspes-blog.pl\/index.php\/wp-json\/wp\/v2\/posts"}],"about":[{"href":"https:\/\/gaudiumetspes-blog.pl\/index.php\/wp-json\/wp\/v2\/types\/post"}],"author":[{"embeddable":true,"href":"https:\/\/gaudiumetspes-blog.pl\/index.php\/wp-json\/wp\/v2\/users\/1"}],"replies":[{"embeddable":true,"href":"https:\/\/gaudiumetspes-blog.pl\/index.php\/wp-json\/wp\/v2\/comments?post=21991"}],"version-history":[{"count":2,"href":"https:\/\/gaudiumetspes-blog.pl\/index.php\/wp-json\/wp\/v2\/posts\/21991\/revisions"}],"predecessor-version":[{"id":21993,"href":"https:\/\/gaudiumetspes-blog.pl\/index.php\/wp-json\/wp\/v2\/posts\/21991\/revisions\/21993"}],"wp:attachment":[{"href":"https:\/\/gaudiumetspes-blog.pl\/index.php\/wp-json\/wp\/v2\/media?parent=21991"}],"wp:term":[{"taxonomy":"category","embeddable":true,"href":"https:\/\/gaudiumetspes-blog.pl\/index.php\/wp-json\/wp\/v2\/categories?post=21991"},{"taxonomy":"post_tag","embeddable":true,"href":"https:\/\/gaudiumetspes-blog.pl\/index.php\/wp-json\/wp\/v2\/tags?post=21991"}],"curies":[{"name":"wp","href":"https:\/\/api.w.org\/{rel}","templated":true}]}}