{"id":22302,"date":"2024-03-05T09:30:34","date_gmt":"2024-03-05T08:30:34","guid":{"rendered":"https:\/\/gaudiumetspes-blog.pl\/?p=22302"},"modified":"2024-03-05T09:30:34","modified_gmt":"2024-03-05T08:30:34","slug":"ile-razy-mam-przebaczac","status":"publish","type":"post","link":"https:\/\/gaudiumetspes-blog.pl\/index.php\/2024\/03\/05\/ile-razy-mam-przebaczac\/","title":{"rendered":"Ile razy mam przebacza\u0107?&#8230;"},"content":{"rendered":"<p align=\"justify\"><span style=\"color: #000000;\"><span style=\"font-family: Book Antiqua, serif;\"><span style=\"font-size: large;\">Szcz\u0119\u015b\u0107 Bo\u017ce! W dniu dzisiejszym <b>urodziny prze\u017cywa Agnieszka Szel\u0105g, bardzo \u017cyczliwa Osoba z Parafii w Celestynowie, \u017bona i Matka, bardzo oddana swojej Rodzinie.<\/b><\/span><\/span><\/span><\/p>\n<p align=\"justify\"><span style=\"color: #000000;\"><span style=\"font-family: Book Antiqua, serif;\"><span style=\"font-size: large;\"><b>Imieniny prze\u017cywa natomiast Ksi\u0105dz Adrian Komar, z kt\u00f3rym w swoim czasie wsp\u00f3\u0142pracowa\u0142em na jednym wikariacie w \u017belechowie.<\/b><\/span><\/span><\/span><\/p>\n<p align=\"justify\"><span style=\"color: #000000;\"><span style=\"font-family: Book Antiqua, serif;\"><span style=\"font-size: large;\"><b>\u017bycz\u0119 \u015awi\u0119tuj\u0105cym odwagi w codziennym pokonywaniu siebie i zmierzaniu ku wy\u017cynom chrze\u015bcija\u0144skiej postawy! Wi\u0119cej o tym w rozwa\u017caniu. Zapewniam o modlitwie!<\/b><\/span><\/span><\/span><\/p>\n<p align=\"justify\"><span style=\"color: #000000;\"><span style=\"font-family: Book Antiqua, serif;\"><span style=\"font-size: large;\">Moi Drodzy, chcia\u0142bym zwr\u00f3ci\u0107 Wasz\u0105 uwag\u0119 na dwie wypowiedzi Doktora Stanis\u0142awa Krajskiego:<\/span><\/span><\/span><\/p>\n<p align=\"justify\"><span style=\"color: #000000;\"><span style=\"font-family: Book Antiqua, serif;\"><span style=\"font-size: medium;\"><a href=\"https:\/\/www.youtube.com\/watch?v=gIZ7crdXrpg&amp;ab_channel=Stanis%C5%82awKrajskiTV\"><span style=\"font-size: large;\"><b>https:\/\/www.youtube.com\/watch?v=gIZ7crdXrpg&amp;ab_channel=Stanis%C5%82awKrajskiTV<\/b><\/span><\/a><\/span><\/span><\/span><\/p>\n<p align=\"justify\"><span style=\"color: #000000;\"><span style=\"font-family: Book Antiqua, serif;\"><span style=\"font-size: large;\">oraz:<\/span><\/span><\/span><\/p>\n<p align=\"justify\"><span style=\"color: #000000;\"><span style=\"font-family: Book Antiqua, serif;\"><span style=\"font-size: medium;\"><a href=\"https:\/\/www.youtube.com\/watch?v=HFM4UA2DZNA&amp;ab_channel=Stanis%C5%82awKrajskiPL\"><span style=\"font-size: large;\"><b>https:\/\/www.youtube.com\/watch?v=HFM4UA2DZNA&amp;ab_channel=Stanis%C5%82awKrajskiPL<\/b><\/span><\/a><\/span><\/span><\/span><\/p>\n<p align=\"justify\"><span style=\"color: #000000;\"><span style=\"font-family: Book Antiqua, serif;\"><span style=\"font-size: large;\">To w sprawie Arcybiskupa Andrzeja Dzi\u0119gi. W tym momencie nie odnios\u0119 si\u0119 szerzej do problemu, wspomn\u0119 tylko, \u017ce <b>ca\u0142ym sercem podpisuj\u0119 si\u0119 pod s\u0142owami Doktora Krajskiego, dzi\u0119kuj\u0105c Mu za odwag\u0119 i jasno\u015b\u0107 przekazu! <\/b>Mo\u017ce z niekt\u00f3rymi, pojedynczymi stwierdzeniami, bym si\u0119 nie identyfikowa\u0142, ale to stwierdzenia poboczne. Jednak\u017ce odno\u015bnie do ca\u0142ego stanowiska w tej sprawie \u2013 podpisuj\u0119 si\u0119! Wi\u0119cej o ca\u0142ym problemie \u2013 tak ca\u0142o\u015bciowo \u2013 zamierzam wypowiedzie\u0107 si\u0119 w rozwa\u017caniu na Wielki Czwartek. Je\u017celi jednak zechcecie si\u0119 wypowiedzie\u0107 o tym wcze\u015bniej, rzecz jasna \u2013 w\u0142\u0105cz\u0119 si\u0119 w dyskusj\u0119!<\/span><\/span><\/span><\/p>\n<p align=\"justify\"><span style=\"color: #000000;\"><span style=\"font-family: Book Antiqua, serif;\"><span style=\"font-size: large;\">A ja dzisiaj udaj\u0119 si\u0119 na Wydzia\u0142 Nauk Rolniczych, przy ulicy Prusa, gdzie mam dy\u017cur od 10:00 do 15:00. O 19:00 za\u015b \u2013 Msza \u015awi\u0119ta w naszym Duszpasterstwie, a nast\u0119pnie: Droga Krzy\u017cowa. Zamiast pi\u0105tku, kiedy zasadniczo u nas nie odprawia si\u0119 Mszy \u015awi\u0119tej.<\/span><\/span><\/span><\/p>\n<p align=\"justify\"><span style=\"color: #000000;\"><span style=\"font-family: Book Antiqua, serif;\"><span style=\"font-size: large;\">Teraz ju\u017c ws\u0142uchajmy si\u0119 w S\u0142owo, kt\u00f3re dzisiaj kieruje do nas Pan. Oto s\u0142\u00f3wko Ksi\u0119dza Marka na dzi\u015b:<\/span><\/span><\/span><\/p>\n<p align=\"justify\"><span style=\"color: #000000;\"><span style=\"font-family: Book Antiqua, serif;\"><span style=\"font-size: medium;\"><a href=\"https:\/\/www.youtube.com\/c\/CatholicSurgut\"><span style=\"font-size: large;\"><b>https:\/\/www.youtube.com\/c\/CatholicSurgut<\/b><\/span><\/a> <\/span><\/span><\/span><\/p>\n<p align=\"justify\"><span style=\"color: #000000;\"><span style=\"font-family: Book Antiqua, serif;\"><span style=\"font-size: large;\">Jakie jest to <b>przes\u0142ani<\/b><b>e<\/b><b>, z <\/b><b>kt\u00f3rym<\/b><b> Pan dzisiaj <\/b><b>osobi\u015bcie do mnie<\/b><b> si\u0119 zwraca.<\/b> Duchu \u015awi\u0119ty, tchnij i o\u015bwiecaj!<\/span><\/span><\/span><\/p>\n<p align=\"justify\"><span style=\"color: #000000;\"><span style=\"font-family: Book Antiqua, serif;\"><span style=\"font-size: large;\"><b>Niech Was b\u0142ogos\u0142awi B\u00f3g Wszechmog\u0105cy: Ojciec + i Syn, i Duch \u015awi\u0119ty. Amen<\/b><\/span><\/span><\/span><\/p>\n<p align=\"center\"><span style=\"color: #000000;\"><span style=\"font-family: Book Antiqua, serif;\"><span style=\"font-size: large;\">Gaudium et spes! Ks. Jacek<\/span><\/span><\/span><\/p>\n<p align=\"center\">\n<p align=\"center\">\n<p align=\"center\">\n<p align=\"center\">\n<p align=\"center\">\n<p align=\"justify\"><span style=\"color: #000000;\"><span style=\"font-family: Book Antiqua, serif;\"><span style=\"font-size: large;\"><b>Wtorek 3 Tygodnia Wielkiego Postu,<\/b><\/span><\/span><\/span><\/p>\n<p align=\"justify\"><span style=\"color: #000000;\"><span style=\"font-family: Book Antiqua, serif;\"><span style=\"font-size: large;\"><b>5 marca 2024.,<\/b><\/span><\/span><\/span><\/p>\n<p align=\"justify\"><span style=\"color: #000000;\"><span style=\"font-family: Book Antiqua, serif;\"><span style=\"font-size: large;\"><b>do czyta\u0144: Dn 3,25.34\u201343; Mt 18,21\u201335<\/b><\/span><\/span><\/span><\/p>\n<p align=\"justify\">\n<p align=\"justify\">\n<p align=\"justify\">\n<p align=\"justify\">\n<p align=\"justify\">\n<p align=\"justify\"><span style=\"color: #000000;\"><span style=\"font-family: Book Antiqua, serif;\"><span style=\"font-size: large;\"><b>CZYTANIE Z KSI\u0118GI PROROKA DANIELA:<\/b><\/span><\/span><\/span><\/p>\n<p align=\"justify\"><span style=\"color: #000000;\"><span style=\"font-family: Book Antiqua, serif;\"><span style=\"font-size: large;\"><b>Powstawszy Azariasz tak si\u0119 modli\u0142, a otwar\u0142szy swe usta, m\u00f3wi\u0142 w \u015brodku ognia: <\/b><\/span><\/span><\/span><\/p>\n<p align=\"justify\"><span style=\"color: #000000;\">\u201e<span style=\"font-family: Book Antiqua, serif;\"><span style=\"font-size: large;\"><b>Nie opuszczaj nas na zawsze, przez wzgl\u0105d na \u015bwi\u0119te Twe imi\u0119 nie zrywaj Twego przymierza. Nie odwracaj od nas swego mi\u0142osierdzia, przez wzgl\u0105d na Twego przyjaciela, Abrahama, s\u0142ug\u0119 Twojego, Izaaka i Twego \u015bwi\u0119tego Izraela. Im to przyrzek\u0142e\u015b rozmno\u017cy\u0107 potomstwo jak gwiazdy na niebie i jak piasek nad brzegiem morza.<\/b><\/span><\/span><\/span><\/p>\n<p align=\"justify\"><span style=\"color: #000000;\"><span style=\"font-family: Book Antiqua, serif;\"><span style=\"font-size: large;\"><b>Panie, oto jeste\u015bmy najmniejsi spo\u015br\u00f3d wszystkich narod\u00f3w. Oto jeste\u015bmy dzi\u015b poni\u017ceni na ca\u0142ej ziemi z powodu naszych grzech\u00f3w. Nie ma obecnie w\u0142adcy, proroka ani wodza, ani ca\u0142opalenia, ani ofiar, ani dar\u00f3w pokarmowych, ani kadzielnych. Nie ma gdzie ofiarowa\u0107 Tobie pierwocin i dozna\u0107 Twego mi\u0142osierdzia.<\/b><\/span><\/span><\/span><\/p>\n<p align=\"justify\"><span style=\"color: #000000;\"><span style=\"font-family: Book Antiqua, serif;\"><span style=\"font-size: large;\"><b>Niech jednak dusza strapiona i duch uni\u017cony znajd\u0105 u Ciebie upodobanie. Tak jak ca\u0142opalenia z baran\u00f3w i cielc\u00f3w i jak z tysi\u0119cy t\u0142ustych owiec, niech si\u0119 stanie dzi\u015b nasza ofiara wobec Ciebie i podoba si\u0119 Tobie. Bo ci, co pok\u0142adaj\u0105 ufno\u015b\u0107 w Tobie, nie zaznaj\u0105 wstydu. Teraz za\u015b post\u0119pujemy za Tob\u0105 z ca\u0142ego serca, odczuwamy l\u0119k przed Tob\u0105 i szukamy Twego oblicza. Nie zawstydzaj nas, lecz post\u0119puj z nami wed\u0142ug swej \u0142agodno\u015bci i wed\u0142ug wielkiego swego mi\u0142osierdzia. Wybaw nas przez swe cuda i uczy\u0144 swe imi\u0119 s\u0142awne, Panie\u201d.<\/b><\/span><\/span><\/span><\/p>\n<p align=\"justify\">\n<p align=\"justify\">\n<p align=\"justify\">\n<p align=\"justify\">\n<p align=\"justify\">\n<p align=\"justify\"><span style=\"color: #000000;\"><span style=\"font-family: Book Antiqua, serif;\"><span style=\"font-size: large;\"><b>S\u0141OWA EWANGELII WED\u0141UG \u015aWI\u0118TEGO MATEUSZA: <\/b><\/span><\/span><\/span><\/p>\n<p align=\"justify\"><span style=\"color: #000000;\"><span style=\"font-family: Book Antiqua, serif;\"><span style=\"font-size: large;\"><b>Piotr zbli\u017cy\u0142 si\u0119 do Jezusa i zapyta\u0142: \u201ePanie, ile razy mam przebaczy\u0107, je\u015bli m\u00f3j brat wykroczy przeciwko mnie? Czy a\u017c siedem razy?\u201d<\/b><\/span><\/span><\/span><\/p>\n<p align=\"justify\"><span style=\"color: #000000;\"><span style=\"font-family: Book Antiqua, serif;\"><span style=\"font-size: large;\"><b>Jezus mu odrzek\u0142: \u201eNie m\u00f3wi\u0119 ci, \u017ce a\u017c siedem razy, lecz a\u017c siedemdziesi\u0105t siedem razy.<\/b><\/span><\/span><\/span><\/p>\n<p align=\"justify\"><span style=\"color: #000000;\"><span style=\"font-family: Book Antiqua, serif;\"><span style=\"font-size: large;\"><b>Dlatego podobne jest Kr\u00f3lestwo niebieskie do kr\u00f3la, kt\u00f3ry chcia\u0142 si\u0119 rozliczy\u0107 ze swymi s\u0142ugami. Gdy zacz\u0105\u0142 si\u0119 rozlicza\u0107, przyprowadzono mu jednego, kt\u00f3ry mu by\u0142 winien dziesi\u0119\u0107 tysi\u0119cy talent\u00f3w. Poniewa\u017c nie mia\u0142 z czego ich odda\u0107, pan kaza\u0142 sprzeda\u0107 go razem z \u017con\u0105, dzie\u0107mi i ca\u0142ym jego mieniem, i tak d\u0142ug odda\u0107.<\/b><\/span><\/span><\/span><\/p>\n<p align=\"justify\"><span style=\"color: #000000;\"><span style=\"font-family: Book Antiqua, serif;\"><span style=\"font-size: large;\"><b>Wtedy s\u0142uga upad\u0142 przed nim i prosi\u0142 go: \u00abPanie, miej cierpliwo\u015b\u0107 nade mn\u0105, a wszystko ci oddam\u00bb. Pan ulitowa\u0142 si\u0119 nad tym s\u0142ug\u0105, uwolni\u0142 go i d\u0142ug mu darowa\u0142.<\/b><\/span><\/span><\/span><\/p>\n<p align=\"justify\"><span style=\"color: #000000;\"><span style=\"font-family: Book Antiqua, serif;\"><span style=\"font-size: large;\"><b>Lecz gdy s\u0142uga \u00f3w wyszed\u0142, spotka\u0142 jednego ze wsp\u00f3\u0142s\u0142ug, kt\u00f3ry mu by\u0142 winien sto denar\u00f3w. Chwyci\u0142 go i zacz\u0105\u0142 dusi\u0107, m\u00f3wi\u0105c: \u00abOddaj, co\u015b winien!\u00bb Jego wsp\u00f3\u0142s\u0142uga upad\u0142 przed nim i prosi\u0142 go: \u00abMiej cierpliwo\u015b\u0107 nade mn\u0105, a oddam tobie\u00bb. On jednak nie chcia\u0142, lecz odszed\u0142 i wtr\u0105ci\u0142 go do wi\u0119zienia, dop\u00f3ki nie odda d\u0142ugu.<\/b><\/span><\/span><\/span><\/p>\n<p align=\"justify\"><span style=\"color: #000000;\"><span style=\"font-family: Book Antiqua, serif;\"><span style=\"font-size: large;\"><b>Wsp\u00f3\u0142s\u0142udzy jego widz\u0105c, co si\u0119 dzia\u0142o, bardzo si\u0119 zasmucili. Poszli i opowiedzieli swemu panu wszystko, co zasz\u0142o. <\/b><\/span><\/span><\/span><\/p>\n<p align=\"justify\"><span style=\"color: #000000;\"><span style=\"font-family: Book Antiqua, serif;\"><span style=\"font-size: large;\"><b>Wtedy pan jego wezwa\u0142 go przed siebie i rzek\u0142 mu: \u00abS\u0142ugo niegodziwy, darowa\u0142em ci ca\u0142y ten d\u0142ug, poniewa\u017c mnie prosi\u0142e\u015b. Czy\u017c wi\u0119c i ty nie powiniene\u015b by\u0142 ulitowa\u0107 si\u0119 nad swym wsp\u00f3\u0142s\u0142ug\u0105, jak ja ulitowa\u0142em si\u0119 nad tob\u0105?\u00bb I uniesiony gniewem pan jego kaza\u0142 wyda\u0107 go katom, dop\u00f3ki mu ca\u0142ego d\u0142ugu nie odda.<\/b><\/span><\/span><\/span><\/p>\n<p align=\"justify\"><span style=\"color: #000000;\"><span style=\"font-family: Book Antiqua, serif;\"><span style=\"font-size: large;\"><b>Podobnie uczyni wam Ojciec m\u00f3j niebieski, je\u017celi ka\u017cdy z was nie przebaczy z serca swemu bratu\u201d.<\/b><\/span><\/span><\/span><\/p>\n<p align=\"justify\">\n<p align=\"justify\">\n<p align=\"justify\">\n<p align=\"justify\">\n<p align=\"justify\">\n<p align=\"justify\"><span style=\"color: #000000;\"><span style=\"font-family: Book Antiqua, serif;\"><span style=\"font-size: large;\">To ju\u017c <b>nie pierwsze<\/b> takie wyznanie grzech\u00f3w i pro\u015bba o przebaczenie, takie <b>pokajanie si\u0119 przed Bogiem,<\/b> jakiego przyk\u0142ad mamy dzi\u015b w pierwszym czytaniu. Pami\u0119tamy, \u017ce zaledwie kilka dni temu <b>s\u0142yszeli\u015bmy co\u015b podobnego<\/b> \u2013 tylko z innej Ksi\u0119gi i w ustach innego M\u0119\u017ca Bo\u017cego. Dzisiaj s\u0142yszymy je od Azariasza, ale tak naprawd\u0119 <b>nie ma wi\u0119kszego znaczenia, <\/b>kto te s\u0142owa osobi\u015bcie wypowiedzia\u0142, je\u017celi wyrazi\u0142y one <b>nastawienie ca\u0142ego narodu.<\/b> <\/span><\/span><\/span><\/p>\n<p align=\"justify\"><span style=\"color: #000000;\"><span style=\"font-family: Book Antiqua, serif;\"><span style=\"font-size: large;\">Chocia\u017c pewnie trzeba przyzna\u0107, \u017ce nie do ko\u0144ca, bo mo\u017cna przypuszcza\u0107, \u017ce raczej ca\u0142y nar\u00f3d \u2013 co do jednej osoby \u2013 <b>to jednak <\/b><b>tak nie my\u015bla\u0142, <\/b>gdy\u017c nigdy nie brakowa\u0142o tych, kt\u00f3rzy \u017cadnych \u201ejakich\u015b tam\u201d grzech\u00f3w sobie nie przypominaj\u0105, bo ich po prostu \u201enie maj\u0105\u201d! To znaczy, <b>tak w\u0142a\u015bnie uwa\u017caj\u0105. <\/b>Kiedy\u015b takich \u201e\u015bwi\u0105tobliwych\u201d nie brak\u0142o \u2013 i dzisiaj nie braknie. Dobrze o tym wiemy wszyscy, <b>widz\u0105c wok\u00f3\u0142 siebie takich w\u0142a\u015bnie, <\/b>dla kt\u00f3rych poj\u0119cie grzechu to jaka\u015b zupe\u0142na abstrakcja. <\/span><\/span><\/span><\/p>\n<p align=\"justify\"><span style=\"color: #000000;\"><span style=\"font-family: Book Antiqua, serif;\"><span style=\"font-size: large;\">Niestety, dobrze o tym wiedz\u0105 <b>tak\u017ce spowiednicy, <\/b>kt\u00f3rzy co i raz musz\u0105 dyskutowa\u0107 z owymi \u201emega pobo\u017cnymi\u201d osobami, kt\u00f3re <b>nawet co miesi\u0105c si\u0119 spowiadaj\u0105<\/b> \u2013 na przyk\u0142ad, w pierwsze pi\u0105tki miesi\u0105ca \u2013 ale zawsze maj\u0105 ten sam problem: <b>A z czego si\u0119 one maj\u0105 spowiada\u0107?<\/b> Przecie\u017c one do ko\u015bcio\u0142a zawsze chodz\u0105, wszystkie pacierze i R\u00f3\u017ca\u0144ce odmawiaj\u0105, Radia Maryja s\u0142uchaj\u0105, ka\u017cdemu pomagaj\u0105, ze wszystkimi dobrze \u017cyj\u0105\u2026 Naprawd\u0119, <b>przera\u017cenie ogarnia,<\/b> jak si\u0119 tak\u0105 jedn\u0105 czy drug\u0105 osob\u0119 s\u0142yszy! <\/span><\/span><\/span><\/p>\n<p align=\"justify\"><span style=\"color: #000000;\"><span style=\"font-family: Book Antiqua, serif;\"><span style=\"font-size: large;\">Najgorsze za\u015b w tym wszystkim jest to, i\u017c s\u0105 to w\u0142a\u015bnie owe osoby \u201epobo\u017cne\u201d, kt\u00f3re <b>godzinami w ko\u015bciele przesiaduj\u0105,<\/b> a ze swoim \u017cyciem nic nie robi\u0105! No, ale <b>po co maj\u0105 co\u015b robi\u0107,<\/b> skoro \u201e\u017cadnych grzech\u00f3w nie maj\u0105\u201d! I tylko mo\u017cna si\u0119 w tej chwili zastanawia\u0107: <b>kt\u00f3ry stan jest tak naprawd\u0119 gorszy<\/b> i bardziej szkodliwy? Czy ten, w kt\u00f3rym cz\u0142owiek <b>otwarcie sprzeciwia si\u0119 Bogu,<\/b> buntuje si\u0119 i demonstruje swoj\u0105 niewiar\u0119, czy ten, kiedy cz\u0142owiek <b>jest przekonany o swojej wielkiej wierze<\/b> \u2013 i jeszcze innych przekonuje \u2013 a tak naprawd\u0119 jest od Boga bardzo daleko swoim sercem?\u2026 <b>Kt\u00f3ry stan jest gorszy? <\/b><\/span><\/span><\/span><\/p>\n<p align=\"justify\"><span style=\"color: #000000;\"><span style=\"font-family: Book Antiqua, serif;\"><span style=\"font-size: large;\">Wydaje si\u0119, \u017ce r\u00f3\u017cnie mo\u017cna na to odpowiedzie\u0107, ale mo\u017ce nawet nie tyle powinni\u015bmy szuka\u0107 odpowiedzi na tak postawione pytanie, co bardziej <b>uczyni\u0107 w\u0142asnymi te s\u0142owa, <\/b>kt\u00f3re dzi\u015b wypowiedzia\u0142 Azariasz. Oczywi\u015bcie, z pomini\u0119ciem tych, kt\u00f3re stanowi\u0105 rys charakterystyczny tamtej kultury i tamtego czasu, natomiast wiele stwierdze\u0144 jest tu <b>ponadczasowych,<\/b> jak chocia\u017cby: <i><b>Nie opuszczaj nas na zawsze, przez wzgl\u0105d na \u015bwi\u0119te Twe imi\u0119 nie zrywaj Twego przymierza. Nie odwracaj od nas swego mi\u0142osierdzia\u2026<\/b><\/i><b> <\/b><b>[\u2026] <\/b><i><b>Panie, oto jeste\u015bmy najmniejsi <\/b><\/i><b>[\u2026].<\/b><b> <\/b><i><b>Oto jeste\u015bmy dzi\u015b poni\u017ceni <\/b><\/i><b>[\u2026]<\/b><b> <\/b><i><b>z powodu naszych grzech\u00f3w.<\/b><\/i><b> <\/b><b>[\u2026] <\/b><i><b>Niech jednak dusza strapiona i duch uni\u017cony znajd\u0105 u Ciebie upodobanie.<\/b><\/i><b> <\/b><b>[\u2026]<\/b><b> <\/b><i><b>Bo ci, co pok\u0142adaj\u0105 ufno\u015b\u0107 w Tobie, nie zaznaj\u0105 wstydu. Teraz za\u015b post\u0119pujemy za Tob\u0105 z ca\u0142ego serca, odczuwamy l\u0119k przed Tob\u0105 i szukamy Twego oblicza. Nie zawstydzaj nas, lecz post\u0119puj z nami wed\u0142ug swej \u0142agodno\u015bci i wed\u0142ug wielkiego swego<\/b><\/i><b> <\/b><i><b>mi\u0142osierdzia<\/b><\/i><b>. <\/b><i><b>Wybaw nas przez swe cuda i uczy\u0144 swe imi\u0119 s\u0142awne, Panie!<\/b><\/i><b> <\/b>Czy ka\u017cda i ka\u017cdy z nas jest w stanie podpisa\u0107 si\u0119 pod tymi s\u0142owami?\u2026 <\/span><\/span><\/span><\/p>\n<p align=\"justify\"><span style=\"color: #000000;\"><span style=\"font-family: Book Antiqua, serif;\"><span style=\"font-size: large;\">A czy podpisa\u0142by si\u0119 pod nimi \u015awi\u0119ty Piotr, kt\u00f3ry dzisiaj postawi\u0142 Jezusowi pytanie: <i><b>Panie, ile razy mam przebaczy\u0107, je\u015bli m\u00f3j brat wykroczy przeciwko mnie? Czy a\u017c siedem razy? <\/b><\/i>Owo: <i><b>a\u017c siedem razy<\/b><\/i> \u2013 oznacza\u0142o jak\u0105\u015b pe\u0142ni\u0119, jak\u0105\u015b kompletno\u015b\u0107 i ca\u0142o\u015b\u0107, a do tego: jak\u0105\u015b mnogo\u015b\u0107. Tyle tylko, \u017ce Jezus odpowiedzia\u0142: <i><b>Nie m\u00f3wi\u0119 ci, \u017ce a\u017c siedem razy, lecz a\u017c siedemdziesi\u0105t siedem razy.<\/b><\/i><b> <\/b>Czyli \u2013 zawsze! Dlaczego tak? <\/span><\/span><\/span><\/p>\n<p align=\"justify\"><span style=\"color: #000000;\"><span style=\"font-family: Book Antiqua, serif;\"><span style=\"font-size: large;\">Dlatego, \u017ce B\u00f3g ka\u017cdemu z nas wybacza <b>du\u017co wi\u0119cej, ni\u017c siedem razy!<\/b> Czy nawet siedemdziesi\u0105t siedem razy! Dobrze obrazuje to przypowie\u015b\u0107 Jezusa, w kt\u00f3rej to nielito\u015bciwy d\u0142u\u017cnik winien by\u0142 swemu panu <b>dziesi\u0119\u0107 tysi\u0119cy talent\u00f3w,<\/b> gdzie jeden talent to <b>r\u00f3wnowa\u017cno\u015b\u0107 trzydziestu czterech kilogram\u00f3w z\u0142ota lub srebra<\/b> (pytanie, co ten cz\u0142owiek robi\u0142, \u017ce taki d\u0142ug wygenerowa\u0142 \u2013 ale to ju\u017c inna historia), natomiast on sam nie by\u0142 w stanie podarowa\u0107 d\u0142ugu wysoko\u015bci <b>stu denar\u00f3w, <\/b>czyli stu dni\u00f3wek s\u0142abo wykwalifikowanego robotnika. Dysproporcja jest wr\u0119cz niewyobra\u017calna, prawda? <\/span><\/span><\/span><\/p>\n<p align=\"justify\"><span style=\"color: #000000;\"><span style=\"font-family: Book Antiqua, serif;\"><span style=\"font-size: large;\"><b>Nieprawda! Jest wyobra\u017calna, <\/b>bo mo\u017cna j\u0105 jednak wyliczy\u0107. Owszem, jest ogromna, ale <b>jest do policzenia.<\/b> Natomiast Bo\u017ce mi\u0142osierdzie wobec nas <b>nie jest mo\u017cliwe do przeliczenia <\/b>\u2013 jest bezmierne, bezgraniczne, gigantyczne! A pomimo tego \u2013 <b>my<\/b><b> mo\u017cemy o nie prosi\u0107!<\/b> Nawet sprawimy tym wielk\u0105 rado\u015b\u0107 Bogu, je\u017celi b\u0119dziemy o nie prosi\u0107! Bo On bardzo chce nam je okazywa\u0107. <\/span><\/span><\/span><\/p>\n<p align=\"justify\"><span style=\"color: #000000;\"><span style=\"font-family: Book Antiqua, serif;\"><span style=\"font-size: large;\">Dlatego <b>sam daje nam to prawo,<\/b> by\u015bmy \u2013 tak, jak dzi\u015b Azariasz \u2013 o to mi\u0142osierdzie i przebaczenie prosili. Mamy takie prawo \u2013 dane nam przez Niego. Jedynymi, kt\u00f3rzy <b>to prawo mog\u0105 odebra\u0107, jeste\u015bmy my sami <\/b>wobec siebie samych. Zgodnie ze s\u0142owami Jezusa z dzisiejszej Ewangelii: na mi\u0142osierdzie Bo\u017ce liczy\u0107 nie mo\u017ce, ani o nie prosi\u0107 ten, kto <i><b>nie przebaczy z serca<\/b><\/i> swemu bli\u017aniemu. Cho\u0107by te siedem razy. <\/span><\/span><\/span><\/p>\n<p align=\"justify\"><span style=\"color: #000000;\"><span style=\"font-family: Book Antiqua, serif;\"><span style=\"font-size: large;\">A najlepiej \u2013 siedemdziesi\u0105t siedem razy! <b>Czyli \u2013 zawsze! <\/b><\/span><\/span><\/span><\/p>\n","protected":false},"excerpt":{"rendered":"<p>Szcz\u0119\u015b\u0107 Bo\u017ce! W dniu dzisiejszym urodziny prze\u017cywa Agnieszka Szel\u0105g, bardzo \u017cyczliwa Osoba z Parafii w Celestynowie, \u017bona i Matka, bardzo oddana swojej Rodzinie. Imieniny prze\u017cywa natomiast Ksi\u0105dz Adrian Komar, z kt\u00f3rym w swoim czasie wsp\u00f3\u0142pracowa\u0142em na jednym wikariacie w \u017belechowie. \u017bycz\u0119 \u015awi\u0119tuj\u0105cym odwagi w codziennym pokonywaniu siebie i zmierzaniu ku wy\u017cynom chrze\u015bcija\u0144skiej postawy! Wi\u0119cej o [&hellip;]<\/p>\n","protected":false},"author":1,"featured_media":0,"comment_status":"open","ping_status":"open","sticky":false,"template":"","format":"standard","meta":{"jetpack_post_was_ever_published":false,"_jetpack_newsletter_access":"","_jetpack_dont_email_post_to_subs":false,"_jetpack_newsletter_tier_id":0,"_jetpack_memberships_contains_paywalled_content":false,"_jetpack_memberships_contains_paid_content":false,"footnotes":""},"categories":[1],"tags":[],"class_list":["post-22302","post","type-post","status-publish","format-standard","hentry","category-bez-kategorii"],"yoast_head":"<!-- This site is optimized with the Yoast SEO plugin v25.1 - https:\/\/yoast.com\/wordpress\/plugins\/seo\/ -->\n<title>Ile razy mam przebacza\u0107?... - Gaudium Et Spes<\/title>\n<meta name=\"robots\" content=\"index, follow, max-snippet:-1, max-image-preview:large, max-video-preview:-1\" \/>\n<link rel=\"canonical\" href=\"https:\/\/gaudiumetspes-blog.pl\/index.php\/2024\/03\/05\/ile-razy-mam-przebaczac\/\" \/>\n<meta property=\"og:locale\" content=\"pl_PL\" \/>\n<meta property=\"og:type\" content=\"article\" \/>\n<meta property=\"og:title\" content=\"Ile razy mam przebacza\u0107?... - Gaudium Et Spes\" \/>\n<meta property=\"og:description\" content=\"Szcz\u0119\u015b\u0107 Bo\u017ce! W dniu dzisiejszym urodziny prze\u017cywa Agnieszka Szel\u0105g, bardzo \u017cyczliwa Osoba z Parafii w Celestynowie, \u017bona i Matka, bardzo oddana swojej Rodzinie. Imieniny prze\u017cywa natomiast Ksi\u0105dz Adrian Komar, z kt\u00f3rym w swoim czasie wsp\u00f3\u0142pracowa\u0142em na jednym wikariacie w \u017belechowie. \u017bycz\u0119 \u015awi\u0119tuj\u0105cym odwagi w codziennym pokonywaniu siebie i zmierzaniu ku wy\u017cynom chrze\u015bcija\u0144skiej postawy! Wi\u0119cej o [&hellip;]\" \/>\n<meta property=\"og:url\" content=\"https:\/\/gaudiumetspes-blog.pl\/index.php\/2024\/03\/05\/ile-razy-mam-przebaczac\/\" \/>\n<meta property=\"og:site_name\" content=\"Gaudium Et Spes\" \/>\n<meta property=\"article:published_time\" content=\"2024-03-05T08:30:34+00:00\" \/>\n<meta name=\"author\" content=\"Ks. Jacek\" \/>\n<meta name=\"twitter:card\" content=\"summary_large_image\" \/>\n<meta name=\"twitter:label1\" content=\"Napisane przez\" \/>\n\t<meta name=\"twitter:data1\" content=\"Ks. Jacek\" \/>\n\t<meta name=\"twitter:label2\" content=\"Szacowany czas czytania\" \/>\n\t<meta name=\"twitter:data2\" content=\"9 minut\" \/>\n<script type=\"application\/ld+json\" class=\"yoast-schema-graph\">{\"@context\":\"https:\/\/schema.org\",\"@graph\":[{\"@type\":\"WebPage\",\"@id\":\"https:\/\/gaudiumetspes-blog.pl\/index.php\/2024\/03\/05\/ile-razy-mam-przebaczac\/\",\"url\":\"https:\/\/gaudiumetspes-blog.pl\/index.php\/2024\/03\/05\/ile-razy-mam-przebaczac\/\",\"name\":\"Ile razy mam przebacza\u0107?... - Gaudium Et Spes\",\"isPartOf\":{\"@id\":\"https:\/\/gaudiumetspes-blog.pl\/#website\"},\"datePublished\":\"2024-03-05T08:30:34+00:00\",\"author\":{\"@id\":\"https:\/\/gaudiumetspes-blog.pl\/#\/schema\/person\/1661982992b752dea8dff0d4ed845a65\"},\"breadcrumb\":{\"@id\":\"https:\/\/gaudiumetspes-blog.pl\/index.php\/2024\/03\/05\/ile-razy-mam-przebaczac\/#breadcrumb\"},\"inLanguage\":\"pl-PL\",\"potentialAction\":[{\"@type\":\"ReadAction\",\"target\":[\"https:\/\/gaudiumetspes-blog.pl\/index.php\/2024\/03\/05\/ile-razy-mam-przebaczac\/\"]}]},{\"@type\":\"BreadcrumbList\",\"@id\":\"https:\/\/gaudiumetspes-blog.pl\/index.php\/2024\/03\/05\/ile-razy-mam-przebaczac\/#breadcrumb\",\"itemListElement\":[{\"@type\":\"ListItem\",\"position\":1,\"name\":\"Strona g\u0142\u00f3wna\",\"item\":\"https:\/\/gaudiumetspes-blog.pl\/\"},{\"@type\":\"ListItem\",\"position\":2,\"name\":\"Ile razy mam przebacza\u0107?&#8230;\"}]},{\"@type\":\"WebSite\",\"@id\":\"https:\/\/gaudiumetspes-blog.pl\/#website\",\"url\":\"https:\/\/gaudiumetspes-blog.pl\/\",\"name\":\"Gaudium Et Spes\",\"description\":\"Blog Ks. Jacka Ja\u015bkowskiego\",\"potentialAction\":[{\"@type\":\"SearchAction\",\"target\":{\"@type\":\"EntryPoint\",\"urlTemplate\":\"https:\/\/gaudiumetspes-blog.pl\/?s={search_term_string}\"},\"query-input\":{\"@type\":\"PropertyValueSpecification\",\"valueRequired\":true,\"valueName\":\"search_term_string\"}}],\"inLanguage\":\"pl-PL\"},{\"@type\":\"Person\",\"@id\":\"https:\/\/gaudiumetspes-blog.pl\/#\/schema\/person\/1661982992b752dea8dff0d4ed845a65\",\"name\":\"Ks. Jacek\",\"image\":{\"@type\":\"ImageObject\",\"inLanguage\":\"pl-PL\",\"@id\":\"https:\/\/gaudiumetspes-blog.pl\/#\/schema\/person\/image\/\",\"url\":\"https:\/\/gaudiumetspes-blog.pl\/wp-content\/uploads\/2019\/07\/avatar-JJ-150x150.jpg\",\"contentUrl\":\"https:\/\/gaudiumetspes-blog.pl\/wp-content\/uploads\/2019\/07\/avatar-JJ-150x150.jpg\",\"caption\":\"Ks. Jacek\"},\"description\":\"Witam serdecznie! K\u0142ania si\u0119 Ks. Jacek Ja\u015bkowski. Nie jestem ani kim\u015b wa\u017cnym, ani kim\u015b znanym. Jestem ksi\u0119dzem, kt\u00f3ry po prostu chce rozmawia\u0107. Codzienna kap\u0142a\u0144ska pos\u0142uga pokazuje mi, \u017ce temat\u00f3w do rozm\u00f3w z ksi\u0119dzem jest coraz wi\u0119cej i dzisiaj \u017caden ksi\u0105dz nie mo\u017ce od nich ucieka\u0107, ale - wprost przeciwnie - podejmowa\u0107 nowe wyzwania. To przekonanie sk\u0142oni\u0142o mnie do pr\u00f3by otwarcia tego\u017c bloga, chocia\u017c okazji do rozm\u00f3w na co dzie\u0144 - w konfesjonale i poza nim - na szcz\u0119\u015bcie nie brakuje. My\u015bl\u0119 jednak, \u017ce ten blog b\u0119dzie jeszcze jednym sposobem i przestrzeni\u0105 nawi\u0105zania kontaktu z lud\u017ami dobrej woli, otwartymi na dialog.\",\"url\":\"https:\/\/gaudiumetspes-blog.pl\/index.php\/author\/ks-jacek\/\"}]}<\/script>\n<!-- \/ Yoast SEO plugin. -->","yoast_head_json":{"title":"Ile razy mam przebacza\u0107?... - Gaudium Et Spes","robots":{"index":"index","follow":"follow","max-snippet":"max-snippet:-1","max-image-preview":"max-image-preview:large","max-video-preview":"max-video-preview:-1"},"canonical":"https:\/\/gaudiumetspes-blog.pl\/index.php\/2024\/03\/05\/ile-razy-mam-przebaczac\/","og_locale":"pl_PL","og_type":"article","og_title":"Ile razy mam przebacza\u0107?... - Gaudium Et Spes","og_description":"Szcz\u0119\u015b\u0107 Bo\u017ce! W dniu dzisiejszym urodziny prze\u017cywa Agnieszka Szel\u0105g, bardzo \u017cyczliwa Osoba z Parafii w Celestynowie, \u017bona i Matka, bardzo oddana swojej Rodzinie. Imieniny prze\u017cywa natomiast Ksi\u0105dz Adrian Komar, z kt\u00f3rym w swoim czasie wsp\u00f3\u0142pracowa\u0142em na jednym wikariacie w \u017belechowie. \u017bycz\u0119 \u015awi\u0119tuj\u0105cym odwagi w codziennym pokonywaniu siebie i zmierzaniu ku wy\u017cynom chrze\u015bcija\u0144skiej postawy! Wi\u0119cej o [&hellip;]","og_url":"https:\/\/gaudiumetspes-blog.pl\/index.php\/2024\/03\/05\/ile-razy-mam-przebaczac\/","og_site_name":"Gaudium Et Spes","article_published_time":"2024-03-05T08:30:34+00:00","author":"Ks. Jacek","twitter_card":"summary_large_image","twitter_misc":{"Napisane przez":"Ks. Jacek","Szacowany czas czytania":"9 minut"},"schema":{"@context":"https:\/\/schema.org","@graph":[{"@type":"WebPage","@id":"https:\/\/gaudiumetspes-blog.pl\/index.php\/2024\/03\/05\/ile-razy-mam-przebaczac\/","url":"https:\/\/gaudiumetspes-blog.pl\/index.php\/2024\/03\/05\/ile-razy-mam-przebaczac\/","name":"Ile razy mam przebacza\u0107?... - Gaudium Et Spes","isPartOf":{"@id":"https:\/\/gaudiumetspes-blog.pl\/#website"},"datePublished":"2024-03-05T08:30:34+00:00","author":{"@id":"https:\/\/gaudiumetspes-blog.pl\/#\/schema\/person\/1661982992b752dea8dff0d4ed845a65"},"breadcrumb":{"@id":"https:\/\/gaudiumetspes-blog.pl\/index.php\/2024\/03\/05\/ile-razy-mam-przebaczac\/#breadcrumb"},"inLanguage":"pl-PL","potentialAction":[{"@type":"ReadAction","target":["https:\/\/gaudiumetspes-blog.pl\/index.php\/2024\/03\/05\/ile-razy-mam-przebaczac\/"]}]},{"@type":"BreadcrumbList","@id":"https:\/\/gaudiumetspes-blog.pl\/index.php\/2024\/03\/05\/ile-razy-mam-przebaczac\/#breadcrumb","itemListElement":[{"@type":"ListItem","position":1,"name":"Strona g\u0142\u00f3wna","item":"https:\/\/gaudiumetspes-blog.pl\/"},{"@type":"ListItem","position":2,"name":"Ile razy mam przebacza\u0107?&#8230;"}]},{"@type":"WebSite","@id":"https:\/\/gaudiumetspes-blog.pl\/#website","url":"https:\/\/gaudiumetspes-blog.pl\/","name":"Gaudium Et Spes","description":"Blog Ks. Jacka Ja\u015bkowskiego","potentialAction":[{"@type":"SearchAction","target":{"@type":"EntryPoint","urlTemplate":"https:\/\/gaudiumetspes-blog.pl\/?s={search_term_string}"},"query-input":{"@type":"PropertyValueSpecification","valueRequired":true,"valueName":"search_term_string"}}],"inLanguage":"pl-PL"},{"@type":"Person","@id":"https:\/\/gaudiumetspes-blog.pl\/#\/schema\/person\/1661982992b752dea8dff0d4ed845a65","name":"Ks. Jacek","image":{"@type":"ImageObject","inLanguage":"pl-PL","@id":"https:\/\/gaudiumetspes-blog.pl\/#\/schema\/person\/image\/","url":"https:\/\/gaudiumetspes-blog.pl\/wp-content\/uploads\/2019\/07\/avatar-JJ-150x150.jpg","contentUrl":"https:\/\/gaudiumetspes-blog.pl\/wp-content\/uploads\/2019\/07\/avatar-JJ-150x150.jpg","caption":"Ks. Jacek"},"description":"Witam serdecznie! K\u0142ania si\u0119 Ks. Jacek Ja\u015bkowski. Nie jestem ani kim\u015b wa\u017cnym, ani kim\u015b znanym. Jestem ksi\u0119dzem, kt\u00f3ry po prostu chce rozmawia\u0107. Codzienna kap\u0142a\u0144ska pos\u0142uga pokazuje mi, \u017ce temat\u00f3w do rozm\u00f3w z ksi\u0119dzem jest coraz wi\u0119cej i dzisiaj \u017caden ksi\u0105dz nie mo\u017ce od nich ucieka\u0107, ale - wprost przeciwnie - podejmowa\u0107 nowe wyzwania. To przekonanie sk\u0142oni\u0142o mnie do pr\u00f3by otwarcia tego\u017c bloga, chocia\u017c okazji do rozm\u00f3w na co dzie\u0144 - w konfesjonale i poza nim - na szcz\u0119\u015bcie nie brakuje. My\u015bl\u0119 jednak, \u017ce ten blog b\u0119dzie jeszcze jednym sposobem i przestrzeni\u0105 nawi\u0105zania kontaktu z lud\u017ami dobrej woli, otwartymi na dialog.","url":"https:\/\/gaudiumetspes-blog.pl\/index.php\/author\/ks-jacek\/"}]}},"jetpack_featured_media_url":"","jetpack_sharing_enabled":true,"_links":{"self":[{"href":"https:\/\/gaudiumetspes-blog.pl\/index.php\/wp-json\/wp\/v2\/posts\/22302","targetHints":{"allow":["GET"]}}],"collection":[{"href":"https:\/\/gaudiumetspes-blog.pl\/index.php\/wp-json\/wp\/v2\/posts"}],"about":[{"href":"https:\/\/gaudiumetspes-blog.pl\/index.php\/wp-json\/wp\/v2\/types\/post"}],"author":[{"embeddable":true,"href":"https:\/\/gaudiumetspes-blog.pl\/index.php\/wp-json\/wp\/v2\/users\/1"}],"replies":[{"embeddable":true,"href":"https:\/\/gaudiumetspes-blog.pl\/index.php\/wp-json\/wp\/v2\/comments?post=22302"}],"version-history":[{"count":1,"href":"https:\/\/gaudiumetspes-blog.pl\/index.php\/wp-json\/wp\/v2\/posts\/22302\/revisions"}],"predecessor-version":[{"id":22303,"href":"https:\/\/gaudiumetspes-blog.pl\/index.php\/wp-json\/wp\/v2\/posts\/22302\/revisions\/22303"}],"wp:attachment":[{"href":"https:\/\/gaudiumetspes-blog.pl\/index.php\/wp-json\/wp\/v2\/media?parent=22302"}],"wp:term":[{"taxonomy":"category","embeddable":true,"href":"https:\/\/gaudiumetspes-blog.pl\/index.php\/wp-json\/wp\/v2\/categories?post=22302"},{"taxonomy":"post_tag","embeddable":true,"href":"https:\/\/gaudiumetspes-blog.pl\/index.php\/wp-json\/wp\/v2\/tags?post=22302"}],"curies":[{"name":"wp","href":"https:\/\/api.w.org\/{rel}","templated":true}]}}